{"id":35192,"date":"2024-03-15T17:55:25","date_gmt":"2024-03-15T16:55:25","guid":{"rendered":"https:\/\/www.jojoenherbe.com\/?p=35192"},"modified":"2024-06-27T20:29:32","modified_gmt":"2024-06-27T18:29:32","slug":"rat-indien-gourmand-des-15-au-17-mars-2024","status":"publish","type":"post","link":"https:\/\/www.jojoenherbe.com\/index.php\/2024\/03\/15\/rat-indien-gourmand-des-15-au-17-mars-2024\/","title":{"rendered":"RAT indien gourmand des 15 au 17 mars 2024"},"content":{"rendered":"<p style=\"text-align: justify;\"><em>Comme d\u00e9sormais depuis quelques ann\u00e9es, \u00e0 l&rsquo;approche du printemps et de la f\u00eate hindoue Holi qui a lieu cette ann\u00e9e le 25 mars prochain, Hilde, Bidib et Fondant coorganisent \u00e0 partir de ce 15 mars jusqu&rsquo;\u00e0 dimanche minuit, un read-a-thon gourmand avec une escale en Inde en lien avec leurs challenges respectifs Les \u00c9tapes Indiennes, Des livres (et des \u00e9crans en cuisine) et Le tour du monde en 80 livres.<\/em><\/p>\n<p style=\"text-align: justify;\"><em> <img data-recalc-dims=\"1\" loading=\"lazy\" decoding=\"async\" data-attachment-id=\"35200\" data-permalink=\"https:\/\/www.jojoenherbe.com\/index.php\/2024\/03\/15\/rat-indien-gourmand-des-15-au-17-mars-2024\/les-gourmandises-en-inde-024-logo\/\" data-orig-file=\"https:\/\/i0.wp.com\/www.jojoenherbe.com\/wp-content\/uploads\/2024\/03\/Les-gourmandises-en-Inde-024-logo.jpg?fit=1080%2C1080&amp;ssl=1\" data-orig-size=\"1080,1080\" data-comments-opened=\"1\" data-image-meta=\"{&quot;aperture&quot;:&quot;0&quot;,&quot;credit&quot;:&quot;&quot;,&quot;camera&quot;:&quot;&quot;,&quot;caption&quot;:&quot;&quot;,&quot;created_timestamp&quot;:&quot;0&quot;,&quot;copyright&quot;:&quot;&quot;,&quot;focal_length&quot;:&quot;0&quot;,&quot;iso&quot;:&quot;0&quot;,&quot;shutter_speed&quot;:&quot;0&quot;,&quot;title&quot;:&quot;&quot;,&quot;orientation&quot;:&quot;0&quot;}\" data-image-title=\"Les gourmandises en Inde 024 &amp;#8211; logo\" data-image-description=\"\" data-image-caption=\"\" data-large-file=\"https:\/\/i0.wp.com\/www.jojoenherbe.com\/wp-content\/uploads\/2024\/03\/Les-gourmandises-en-Inde-024-logo.jpg?fit=676%2C676&amp;ssl=1\" class=\"alignleft  wp-image-35200\" src=\"https:\/\/i0.wp.com\/www.jojoenherbe.com\/wp-content\/uploads\/2024\/03\/Les-gourmandises-en-Inde-024-logo.jpg?resize=141%2C141\" alt=\"\" width=\"141\" height=\"141\" srcset=\"https:\/\/i0.wp.com\/www.jojoenherbe.com\/wp-content\/uploads\/2024\/03\/Les-gourmandises-en-Inde-024-logo.jpg?w=1080&amp;ssl=1 1080w, https:\/\/i0.wp.com\/www.jojoenherbe.com\/wp-content\/uploads\/2024\/03\/Les-gourmandises-en-Inde-024-logo.jpg?resize=300%2C300&amp;ssl=1 300w, https:\/\/i0.wp.com\/www.jojoenherbe.com\/wp-content\/uploads\/2024\/03\/Les-gourmandises-en-Inde-024-logo.jpg?resize=1024%2C1024&amp;ssl=1 1024w, https:\/\/i0.wp.com\/www.jojoenherbe.com\/wp-content\/uploads\/2024\/03\/Les-gourmandises-en-Inde-024-logo.jpg?resize=150%2C150&amp;ssl=1 150w, https:\/\/i0.wp.com\/www.jojoenherbe.com\/wp-content\/uploads\/2024\/03\/Les-gourmandises-en-Inde-024-logo.jpg?resize=768%2C768&amp;ssl=1 768w, https:\/\/i0.wp.com\/www.jojoenherbe.com\/wp-content\/uploads\/2024\/03\/Les-gourmandises-en-Inde-024-logo.jpg?resize=676%2C676&amp;ssl=1 676w\" sizes=\"auto, (max-width: 141px) 100vw, 141px\" \/>Ce sera l&rsquo;occasion de relever des passages gourmands dans nos lectures, de s&rsquo;\u00e9vader livresquement en Inde et de cuisiner avec la Brigade des Marmitonnes d&rsquo;<a href=\"https:\/\/ribambelledhistoires.over-blog.com\/\">Isabelle<\/a>. Dimanche dernier, c&rsquo;\u00e9tait le Tandoori \u00e0 l&rsquo;honneur. Avec un peu de retard, j&rsquo;en ferai ce week-end.<br \/><\/em><\/p>\n<p style=\"text-align: justify;\"><em>Pour d\u2019autres id\u00e9es gourmandes et indiennes, les autres participantes: <a href=\"https:\/\/lelivroblog.fr\/2024\/03\/15\/read-a-thon\/\">Hilde<\/a>, <a href=\"https:\/\/mapetitemediatheque.fr\/2024\/03\/read-a-thon-etapes-indiennes-contes-et-legendes\/\">Bidib<\/a>, <a href=\"http:\/\/croquerlespages.canalblog.com\/2024\/03\/micro-rat-voyageur-et-gourmand.html\">Fondant<\/a> (malgr\u00e9 son week-end charg\u00e9), <a href=\"https:\/\/lorouge.wordpress.com\/2024\/03\/15\/read-a-thon-du-15-au-17-mars-journal-de-bord\/\">L&rsquo;Orouge<\/a>, Marielle, Nathalie (IG), <a href=\"https:\/\/www.laplanquealibellules.fr\/2024\/03\/week-end-marathon-de-lecture.html\/\">Chicky Poo<\/a>, <a href=\"https:\/\/souriresouslapluie.wordpress.com\/2024\/03\/16\/read-a-thon-du-15-au-17-mars\/\">Touloulou<\/a>&#8230;<\/em><\/p>\n<p><em><span style=\"text-decoration: underline;\"><span style=\"color: #ff6600; text-decoration: underline;\">Vendredi 15 mars 2024<\/span><\/span><\/em><\/p>\n<p style=\"text-align: justify;\"><em>Alors que vais-je lire pendant ce RAT? Comme Bidib, il est temps de pr\u00e9parer une petite PAL sp\u00e9cial pour cette escale gourmande en Inde. Passage express en m\u00e9diath\u00e8que ce d\u00e9but d&rsquo;apr\u00e8s-midi pour emprunter des livres que j&rsquo;avais not\u00e9s pour l&rsquo;occasion! Finalement, je suis revenue avec d&rsquo;autres livres, le seul empruntable de ma liste \u00e9tant <span style=\"text-decoration: underline;\">La Col\u00e8re des aubergines<\/span> de Bulbul Sharma.<\/em><\/p>\n<p style=\"text-align: justify;\"><em><a href=\"https:\/\/i0.wp.com\/www.jojoenherbe.com\/wp-content\/uploads\/2024\/03\/RAT-indien-et-gourmand-2024-PAL-scaled.jpg\"><img data-recalc-dims=\"1\" loading=\"lazy\" decoding=\"async\" data-attachment-id=\"35198\" data-permalink=\"https:\/\/www.jojoenherbe.com\/index.php\/2024\/03\/15\/rat-indien-gourmand-des-15-au-17-mars-2024\/rat-indien-et-gourmand-2024-pal\/\" data-orig-file=\"https:\/\/i0.wp.com\/www.jojoenherbe.com\/wp-content\/uploads\/2024\/03\/RAT-indien-et-gourmand-2024-PAL-scaled.jpg?fit=2560%2C1952&amp;ssl=1\" data-orig-size=\"2560,1952\" data-comments-opened=\"1\" data-image-meta=\"{&quot;aperture&quot;:&quot;1.8&quot;,&quot;credit&quot;:&quot;&quot;,&quot;camera&quot;:&quot;iPhone 7&quot;,&quot;caption&quot;:&quot;&quot;,&quot;created_timestamp&quot;:&quot;1710518173&quot;,&quot;copyright&quot;:&quot;&quot;,&quot;focal_length&quot;:&quot;3.99&quot;,&quot;iso&quot;:&quot;100&quot;,&quot;shutter_speed&quot;:&quot;0.25&quot;,&quot;title&quot;:&quot;&quot;,&quot;orientation&quot;:&quot;1&quot;}\" data-image-title=\"RAT indien et gourmand 2024 &amp;#8211; PAL\" data-image-description=\"\" data-image-caption=\"\" data-large-file=\"https:\/\/i0.wp.com\/www.jojoenherbe.com\/wp-content\/uploads\/2024\/03\/RAT-indien-et-gourmand-2024-PAL-scaled.jpg?fit=676%2C516&amp;ssl=1\" class=\"wp-image-35198 size-medium alignright\" src=\"https:\/\/i0.wp.com\/www.jojoenherbe.com\/wp-content\/uploads\/2024\/03\/RAT-indien-et-gourmand-2024-PAL.jpg?resize=300%2C229\" alt=\"\" width=\"300\" height=\"229\" srcset=\"https:\/\/i0.wp.com\/www.jojoenherbe.com\/wp-content\/uploads\/2024\/03\/RAT-indien-et-gourmand-2024-PAL-scaled.jpg?resize=300%2C229&amp;ssl=1 300w, https:\/\/i0.wp.com\/www.jojoenherbe.com\/wp-content\/uploads\/2024\/03\/RAT-indien-et-gourmand-2024-PAL-scaled.jpg?resize=1024%2C781&amp;ssl=1 1024w, https:\/\/i0.wp.com\/www.jojoenherbe.com\/wp-content\/uploads\/2024\/03\/RAT-indien-et-gourmand-2024-PAL-scaled.jpg?resize=768%2C586&amp;ssl=1 768w, https:\/\/i0.wp.com\/www.jojoenherbe.com\/wp-content\/uploads\/2024\/03\/RAT-indien-et-gourmand-2024-PAL-scaled.jpg?resize=1536%2C1171&amp;ssl=1 1536w, https:\/\/i0.wp.com\/www.jojoenherbe.com\/wp-content\/uploads\/2024\/03\/RAT-indien-et-gourmand-2024-PAL-scaled.jpg?resize=2048%2C1562&amp;ssl=1 2048w, https:\/\/i0.wp.com\/www.jojoenherbe.com\/wp-content\/uploads\/2024\/03\/RAT-indien-et-gourmand-2024-PAL-scaled.jpg?resize=676%2C516&amp;ssl=1 676w, https:\/\/i0.wp.com\/www.jojoenherbe.com\/wp-content\/uploads\/2024\/03\/RAT-indien-et-gourmand-2024-PAL-scaled.jpg?w=1352 1352w\" sizes=\"auto, (max-width: 300px) 100vw, 300px\" \/><\/a>J&rsquo;ai \u00e9galement emprunt\u00e9 deux albums jeunesse: <span style=\"text-decoration: underline;\">La poup\u00e9e de bois tendre<\/span> de Claude Cl\u00e9ment et Isabelle Forestier (l&rsquo;illustration de couverture me faisant penser \u00e0 une inspiration hindoue) et <span style=\"text-decoration: underline;\">Siddhima, L&rsquo;enfant-d\u00e9esse<\/span> d&rsquo;Am\u00e9lie Sarn et Carole Gourrat. C\u00f4t\u00e9 adulte, j&rsquo;ai emprunt\u00e9 <span style=\"text-decoration: underline;\">Balades indiennes<\/span>, un recueil de 4 nouvelles de Chitra Benerjee Divakaruni, Anita Nair et Bulbul Sharma. <\/em><\/p>\n<p style=\"text-align: justify;\"><em>Je pensais pouvoir trouver un des livres <img data-recalc-dims=\"1\" loading=\"lazy\" decoding=\"async\" data-attachment-id=\"35199\" data-permalink=\"https:\/\/www.jojoenherbe.com\/index.php\/2024\/03\/15\/rat-indien-gourmand-des-15-au-17-mars-2024\/lc-mars-2024-logo\/\" data-orig-file=\"https:\/\/i0.wp.com\/www.jojoenherbe.com\/wp-content\/uploads\/2024\/03\/LC-mars-2024-logo.jpg?fit=960%2C960&amp;ssl=1\" data-orig-size=\"960,960\" data-comments-opened=\"1\" data-image-meta=\"{&quot;aperture&quot;:&quot;0&quot;,&quot;credit&quot;:&quot;&quot;,&quot;camera&quot;:&quot;&quot;,&quot;caption&quot;:&quot;&quot;,&quot;created_timestamp&quot;:&quot;1708028678&quot;,&quot;copyright&quot;:&quot;&quot;,&quot;focal_length&quot;:&quot;0&quot;,&quot;iso&quot;:&quot;0&quot;,&quot;shutter_speed&quot;:&quot;0&quot;,&quot;title&quot;:&quot;&quot;,&quot;orientation&quot;:&quot;1&quot;}\" data-image-title=\"LC mars 2024 &amp;#8211; logo\" data-image-description=\"\" data-image-caption=\"\" data-large-file=\"https:\/\/i0.wp.com\/www.jojoenherbe.com\/wp-content\/uploads\/2024\/03\/LC-mars-2024-logo.jpg?fit=676%2C676&amp;ssl=1\" class=\"alignleft wp-image-35199\" src=\"https:\/\/i0.wp.com\/www.jojoenherbe.com\/wp-content\/uploads\/2024\/03\/LC-mars-2024-logo.jpg?resize=152%2C152\" alt=\"\" width=\"152\" height=\"152\" srcset=\"https:\/\/i0.wp.com\/www.jojoenherbe.com\/wp-content\/uploads\/2024\/03\/LC-mars-2024-logo.jpg?resize=150%2C150&amp;ssl=1 150w, https:\/\/i0.wp.com\/www.jojoenherbe.com\/wp-content\/uploads\/2024\/03\/LC-mars-2024-logo.jpg?resize=300%2C300&amp;ssl=1 300w, https:\/\/i0.wp.com\/www.jojoenherbe.com\/wp-content\/uploads\/2024\/03\/LC-mars-2024-logo.jpg?resize=768%2C768&amp;ssl=1 768w, https:\/\/i0.wp.com\/www.jojoenherbe.com\/wp-content\/uploads\/2024\/03\/LC-mars-2024-logo.jpg?resize=676%2C676&amp;ssl=1 676w, https:\/\/i0.wp.com\/www.jojoenherbe.com\/wp-content\/uploads\/2024\/03\/LC-mars-2024-logo.jpg?w=960&amp;ssl=1 960w\" sizes=\"auto, (max-width: 152px) 100vw, 152px\" \/>de Rabrindranath Ragore pour la lecture commune de mars 2024 d&rsquo;un classique indien, <span style=\"text-decoration: underline;\">T\u00e9moin de la nuit<\/span> de Kishwar Desai (rep\u00e9r\u00e9 chez <a href=\"https:\/\/lelivroblog.fr\/2024\/03\/08\/kishwar-desai-temoin-de-la-nuit\/\">Hilde<\/a>) ou emprunter \u00e0 nouveau <span style=\"text-decoration: underline;\">La panth\u00e8re de minuit<\/span> de Poonam Mistry&#8230; <br \/><\/em><\/p>\n<p style=\"text-align: justify;\"><em>De retour de m\u00e9diath\u00e8que, je pensais avoir le temps d&rsquo;\u00e9crire ce billet de suivi avant d&rsquo;aller r\u00e9cup\u00e9rer mon mini lutin mais finalement je le reprends apr\u00e8s et avant la pause go\u00fbter. Accompagn\u00e9e d&rsquo;un caf\u00e9, je fais un tour chez les copinautes, L&rsquo;Orouge ayant une soir\u00e9e resto en amoureux, Hilde se pr\u00e9parant pour une chouette animation jeunesse sur le th\u00e8me de la jungle \u00e0 sa m\u00e9diath\u00e8que et Bidib qui ne s&rsquo;est pas encore sur un choix de lecture pr\u00e9cis. <\/em><\/p>\n<p style=\"text-align: justify;\"><em><a href=\"https:\/\/i0.wp.com\/www.jojoenherbe.com\/wp-content\/uploads\/2024\/03\/Balades-indiennes-scaled.jpg\"><img data-recalc-dims=\"1\" loading=\"lazy\" decoding=\"async\" data-attachment-id=\"35197\" data-permalink=\"https:\/\/www.jojoenherbe.com\/index.php\/2024\/03\/15\/rat-indien-gourmand-des-15-au-17-mars-2024\/balades-indiennes\/\" data-orig-file=\"https:\/\/i0.wp.com\/www.jojoenherbe.com\/wp-content\/uploads\/2024\/03\/Balades-indiennes-scaled.jpg?fit=2560%2C2468&amp;ssl=1\" data-orig-size=\"2560,2468\" data-comments-opened=\"1\" data-image-meta=\"{&quot;aperture&quot;:&quot;1.8&quot;,&quot;credit&quot;:&quot;&quot;,&quot;camera&quot;:&quot;iPhone 7&quot;,&quot;caption&quot;:&quot;&quot;,&quot;created_timestamp&quot;:&quot;1710521953&quot;,&quot;copyright&quot;:&quot;&quot;,&quot;focal_length&quot;:&quot;3.99&quot;,&quot;iso&quot;:&quot;100&quot;,&quot;shutter_speed&quot;:&quot;0.25&quot;,&quot;title&quot;:&quot;&quot;,&quot;orientation&quot;:&quot;1&quot;}\" data-image-title=\"Balades indiennes\" data-image-description=\"\" data-image-caption=\"\" data-large-file=\"https:\/\/i0.wp.com\/www.jojoenherbe.com\/wp-content\/uploads\/2024\/03\/Balades-indiennes-scaled.jpg?fit=676%2C652&amp;ssl=1\" class=\"size-thumbnail wp-image-35197 alignright\" src=\"https:\/\/i0.wp.com\/www.jojoenherbe.com\/wp-content\/uploads\/2024\/03\/Balades-indiennes.jpg?resize=150%2C150\" alt=\"\" width=\"150\" height=\"150\" srcset=\"https:\/\/i0.wp.com\/www.jojoenherbe.com\/wp-content\/uploads\/2024\/03\/Balades-indiennes-scaled.jpg?resize=150%2C150&amp;ssl=1 150w, https:\/\/i0.wp.com\/www.jojoenherbe.com\/wp-content\/uploads\/2024\/03\/Balades-indiennes-scaled.jpg?zoom=2&amp;resize=150%2C150 300w, https:\/\/i0.wp.com\/www.jojoenherbe.com\/wp-content\/uploads\/2024\/03\/Balades-indiennes-scaled.jpg?zoom=3&amp;resize=150%2C150 450w\" sizes=\"auto, (max-width: 150px) 100vw, 150px\" \/><\/a>De mon c\u00f4t\u00e9, je pense commencer par <span style=\"text-decoration: underline; color: #008000;\">Balades indiennes<\/span> (\u00e9d. France Loisirs, ao\u00fbt 2004, 173 pages), un recueil de 4 nouvelles <span style=\"text-decoration: underline;\">L&rsquo;\u00e9chographie<\/span> et <span style=\"text-decoration: underline;\">Une liaison<\/span> de Chitra Benerjee Divakaruni, <span style=\"text-decoration: underline;\">\u00c0 flot<\/span> d&rsquo;Anita Nair et <span style=\"text-decoration: underline;\">En sandwich!<\/span> de Bulbul Sharma.<\/em><\/p>\n<p style=\"text-align: justify;\"><em>Pour le repas, ce sera indien demain mais ce soir je pr\u00e9pare des hamburgers frites.<\/em><\/p>\n<p style=\"text-align: justify;\"><em>Pour la lecture du soir, mon mini lutin a une nouvelle fois jet\u00e9 son d\u00e9volu, sans surprise, sur des pages de <span style=\"text-decoration: underline; color: #0000ff;\">Mortelle Ad\u00e8le<\/span>. Je lui avais d&rsquo;ailleurs achet\u00e9 cet apr\u00e8s-midi non une BD mais un roman (le 4e paru) dont le titre est \u00e9ponyme \u00e0 l&rsquo;une des 4 chansons qui viennent de para\u00eetre et qu&rsquo;il \u00e9coute en boucle: <span style=\"text-decoration: underline; color: #0000ff;\">V.I.B., Very Important Bizarres<\/span> de Mr Tan et Diane Le Freyer (\u00e9d. Mr Tan &amp; Co, juin 2023, 96 pages).<\/em><\/p>\n<p style=\"text-align: justify;\"><em>Puis en soir\u00e9e, j&rsquo;ai lu les deux premi\u00e8res nouvelles de <span style=\"text-decoration: underline; color: #008000;\">Balades Indiennes<\/span>, toutes deux \u00e9crites par Chitra Benerjee Divakaruni: <span style=\"text-decoration: underline; color: #008000;\">L&rsquo;\u00e9chographie<\/span> o\u00f9 il est question de la grossesse de deux cousines, l&rsquo;une vivant aux \u00c9tats-Unis et l&rsquo;autre en Inde, l&rsquo;\u00e9chographie permettant de conna\u00eetre le sexe de l&rsquo;enfant \u00e0 na\u00eetre ayant des r\u00e9percussions bien diff\u00e9rentes puis <span style=\"text-decoration: underline; color: #008000;\">Une liaison<\/span> o\u00f9 il est \u00e9galement question de mariage arrang\u00e9,\u00a0 de la condition de la femme mari\u00e9e, du droit au bonheur ou bien encore d&rsquo;\u00e9mancipation f\u00e9minine&#8230; J&rsquo;ai bien appr\u00e9ci\u00e9 ces deux nouvelles avec l&rsquo;histoire de ces femmes qui sont \u00e0 un tournant de leur vie.<\/em><\/p>\n<p><span style=\"text-decoration: underline; color: #ff6600;\"><em>Samedi 16 mars 2024<\/em><\/span><\/p>\n<p style=\"text-align: justify;\"><em>Apr\u00e8s le petit d\u00e9jeuner, je fais un tour sur les r\u00e9seaux sociaux, en particulier Instagram ainsi que chez les autres participantes, <a href=\"https:\/\/www.laplanquealibellules.fr\/2024\/03\/week-end-marathon-de-lecture.html\/\">Chicky Poo<\/a> et <a href=\"https:\/\/souriresouslapluie.wordpress.com\/2024\/03\/16\/read-a-thon-du-15-au-17-mars\/\">Touloulou<\/a> nous ayant rejointes. Puis je lis les deux derni\u00e8res nouvelles de <span style=\"text-decoration: underline; color: #008000;\">Balades Indiennes<\/span>. Dans <span style=\"text-decoration: underline; color: #008000;\">\u00c0 flot<\/span> d&rsquo;Anita Nair, une jeune quadrag\u00e9naire souhaite reprendre sa vie en main en apprenant \u00e0 nager, cet apprentissage faisant \u00e9cho \u00e0 sa soif d&rsquo;\u00e9mancipation. Il y est une nouvelle fois question de la condition de la femme indienne, de ses d\u00e9sirs et droit au bonheur, entre modernit\u00e9 et traditions familiales suite \u00e0 un mariage arrang\u00e9. J&rsquo;ai \u00e9galement bien appr\u00e9ci\u00e9 cette nouvelle. Puis j&rsquo;ai fini sur une note rigolote mais pas si l\u00e9g\u00e8re que cela, avec <span style=\"text-decoration: underline; color: #008000;\">En sandwich!<\/span> de Bulbul Sharma, une tr\u00e8s courte nouvelle (11 pages):\u00a0 du point de vue du mari, tiraill\u00e9 entre sa femme et sa m\u00e8re qui se dispute son amour.<\/em><\/p>\n<p style=\"text-align: justify;\"><em>Dans ce recueil de nouvelles, j&rsquo;ai relev\u00e9 de nombreux passages gourmands comme les plats pr\u00e9par\u00e9s par Abha, journaliste de recettes de cuisine mais moins ceux rat\u00e9s de Nirmala et de sa belle-m\u00e8re. Il est temps de passer en cuisine pour pr\u00e9parer un plat indien \u00e0 mon tour.<\/em><\/p>\n<p style=\"text-align: justify;\"><em><a href=\"https:\/\/i0.wp.com\/www.jojoenherbe.com\/wp-content\/uploads\/2024\/03\/Poulet-Tandoori-RAT-scaled.jpg\"><img data-recalc-dims=\"1\" loading=\"lazy\" decoding=\"async\" data-attachment-id=\"35223\" data-permalink=\"https:\/\/www.jojoenherbe.com\/index.php\/2024\/03\/15\/rat-indien-gourmand-des-15-au-17-mars-2024\/poulet-tandoori-rat\/\" data-orig-file=\"https:\/\/i0.wp.com\/www.jojoenherbe.com\/wp-content\/uploads\/2024\/03\/Poulet-Tandoori-RAT-scaled.jpg?fit=1920%2C2560&amp;ssl=1\" data-orig-size=\"1920,2560\" data-comments-opened=\"1\" data-image-meta=\"{&quot;aperture&quot;:&quot;1.8&quot;,&quot;credit&quot;:&quot;&quot;,&quot;camera&quot;:&quot;iPhone 7&quot;,&quot;caption&quot;:&quot;&quot;,&quot;created_timestamp&quot;:&quot;1710600905&quot;,&quot;copyright&quot;:&quot;&quot;,&quot;focal_length&quot;:&quot;3.99&quot;,&quot;iso&quot;:&quot;40&quot;,&quot;shutter_speed&quot;:&quot;0.058823529411765&quot;,&quot;title&quot;:&quot;&quot;,&quot;orientation&quot;:&quot;1&quot;}\" data-image-title=\"Poulet Tandoori &amp;#8211; RAT\" data-image-description=\"\" data-image-caption=\"\" data-large-file=\"https:\/\/i0.wp.com\/www.jojoenherbe.com\/wp-content\/uploads\/2024\/03\/Poulet-Tandoori-RAT-scaled.jpg?fit=676%2C901&amp;ssl=1\" class=\"alignleft size-thumbnail wp-image-35223\" src=\"https:\/\/i0.wp.com\/www.jojoenherbe.com\/wp-content\/uploads\/2024\/03\/Poulet-Tandoori-RAT.jpg?resize=150%2C150\" alt=\"\" width=\"150\" height=\"150\" srcset=\"https:\/\/i0.wp.com\/www.jojoenherbe.com\/wp-content\/uploads\/2024\/03\/Poulet-Tandoori-RAT-scaled.jpg?resize=150%2C150&amp;ssl=1 150w, https:\/\/i0.wp.com\/www.jojoenherbe.com\/wp-content\/uploads\/2024\/03\/Poulet-Tandoori-RAT-scaled.jpg?zoom=2&amp;resize=150%2C150 300w, https:\/\/i0.wp.com\/www.jojoenherbe.com\/wp-content\/uploads\/2024\/03\/Poulet-Tandoori-RAT-scaled.jpg?zoom=3&amp;resize=150%2C150 450w\" sizes=\"auto, (max-width: 150px) 100vw, 150px\" \/><\/a>J&rsquo;ai suivi la recette toute simple que je suis depuis quelques ann\u00e9es: du poulet coup\u00e9 en morceaux que je fais revenir et dorer avec des oignons. Puis je rajoute du lait de coco avec un sachet d&rsquo;\u00e9pices Tandoori. Puis au cours de la cuisson, je rajoute des noix de cajou non sal\u00e9es et commence \u00e0 faire chauffer l&rsquo;eau pour du riz basmati. Une fois le riz cuit, je rajoute des noix de cajou et des raisins blancs pour apporter une touche sucr\u00e9e sal\u00e9e. Puis il est temps de passer \u00e0 table!<\/em><\/p>\n<p style=\"text-align: justify;\"><em><a href=\"https:\/\/i0.wp.com\/www.jojoenherbe.com\/wp-content\/uploads\/2024\/03\/La-colere-des-aubergines-scaled.jpg\"><img data-recalc-dims=\"1\" loading=\"lazy\" decoding=\"async\" data-attachment-id=\"35234\" data-permalink=\"https:\/\/www.jojoenherbe.com\/index.php\/2024\/03\/15\/rat-indien-gourmand-des-15-au-17-mars-2024\/la-colere-des-aubergines\/\" data-orig-file=\"https:\/\/i0.wp.com\/www.jojoenherbe.com\/wp-content\/uploads\/2024\/03\/La-colere-des-aubergines-scaled.jpg?fit=2560%2C2046&amp;ssl=1\" data-orig-size=\"2560,2046\" data-comments-opened=\"1\" data-image-meta=\"{&quot;aperture&quot;:&quot;1.8&quot;,&quot;credit&quot;:&quot;&quot;,&quot;camera&quot;:&quot;iPhone 7&quot;,&quot;caption&quot;:&quot;&quot;,&quot;created_timestamp&quot;:&quot;1710696000&quot;,&quot;copyright&quot;:&quot;&quot;,&quot;focal_length&quot;:&quot;3.99&quot;,&quot;iso&quot;:&quot;100&quot;,&quot;shutter_speed&quot;:&quot;0.2&quot;,&quot;title&quot;:&quot;&quot;,&quot;orientation&quot;:&quot;1&quot;}\" data-image-title=\"La col\u00e8re des aubergines\" data-image-description=\"\" data-image-caption=\"\" data-large-file=\"https:\/\/i0.wp.com\/www.jojoenherbe.com\/wp-content\/uploads\/2024\/03\/La-colere-des-aubergines-scaled.jpg?fit=676%2C540&amp;ssl=1\" class=\"size-thumbnail wp-image-35234 alignright\" src=\"https:\/\/i0.wp.com\/www.jojoenherbe.com\/wp-content\/uploads\/2024\/03\/La-colere-des-aubergines.jpg?resize=150%2C150\" alt=\"\" width=\"150\" height=\"150\" srcset=\"https:\/\/i0.wp.com\/www.jojoenherbe.com\/wp-content\/uploads\/2024\/03\/La-colere-des-aubergines-scaled.jpg?resize=150%2C150&amp;ssl=1 150w, https:\/\/i0.wp.com\/www.jojoenherbe.com\/wp-content\/uploads\/2024\/03\/La-colere-des-aubergines-scaled.jpg?zoom=2&amp;resize=150%2C150 300w, https:\/\/i0.wp.com\/www.jojoenherbe.com\/wp-content\/uploads\/2024\/03\/La-colere-des-aubergines-scaled.jpg?zoom=3&amp;resize=150%2C150 450w\" sizes=\"auto, (max-width: 150px) 100vw, 150px\" \/><\/a>Apr\u00e8s un d\u00e9jeuner tardif et des courses alimentaires, j&rsquo;ai commenc\u00e9 une nouvelle lecture. Il s&rsquo;agit d&rsquo;un autre recueil de nouvelles de Bulbul Sharma, <span style=\"text-decoration: underline; color: #008000;\">La col\u00e8re des aubergines<\/span> et qui contient de nombreuses recettes indiennes, entre les nouvelles. J&rsquo;y retrouve une nouvelle d\u00e9j\u00e0 lue ce matin: <span style=\"text-decoration: underline;\">En sandwich<\/span>. Cela donne bien faim. Il y est question de tranches de vie, de condition de la femme, de gourmandises et de questionnement sur le mariage (arrang\u00e9 ou non), la maternit\u00e9, sur la soci\u00e9t\u00e9 indienne&#8230;<br \/><\/em><\/p>\n<p style=\"text-align: justify;\"><em><a href=\"https:\/\/i0.wp.com\/www.jojoenherbe.com\/wp-content\/uploads\/2024\/03\/RAT-indien-et-gourmand-2024-PAL-2.jpg\"><img data-recalc-dims=\"1\" loading=\"lazy\" decoding=\"async\" data-attachment-id=\"35230\" data-permalink=\"https:\/\/www.jojoenherbe.com\/index.php\/2024\/03\/15\/rat-indien-gourmand-des-15-au-17-mars-2024\/rat-indien-et-gourmand-2024-pal-2\/\" data-orig-file=\"https:\/\/i0.wp.com\/www.jojoenherbe.com\/wp-content\/uploads\/2024\/03\/RAT-indien-et-gourmand-2024-PAL-2.jpg?fit=2000%2C1600&amp;ssl=1\" data-orig-size=\"2000,1600\" data-comments-opened=\"1\" data-image-meta=\"{&quot;aperture&quot;:&quot;0&quot;,&quot;credit&quot;:&quot;&quot;,&quot;camera&quot;:&quot;&quot;,&quot;caption&quot;:&quot;&quot;,&quot;created_timestamp&quot;:&quot;0&quot;,&quot;copyright&quot;:&quot;&quot;,&quot;focal_length&quot;:&quot;0&quot;,&quot;iso&quot;:&quot;0&quot;,&quot;shutter_speed&quot;:&quot;0&quot;,&quot;title&quot;:&quot;&quot;,&quot;orientation&quot;:&quot;0&quot;}\" data-image-title=\"RAT indien et gourmand 2024 &amp;#8211; PAL (2)\" data-image-description=\"\" data-image-caption=\"\" data-large-file=\"https:\/\/i0.wp.com\/www.jojoenherbe.com\/wp-content\/uploads\/2024\/03\/RAT-indien-et-gourmand-2024-PAL-2.jpg?fit=676%2C541&amp;ssl=1\" class=\"size-thumbnail wp-image-35230 alignleft\" src=\"https:\/\/i0.wp.com\/www.jojoenherbe.com\/wp-content\/uploads\/2024\/03\/RAT-indien-et-gourmand-2024-PAL-2.jpg?resize=150%2C150\" alt=\"\" width=\"150\" height=\"150\" srcset=\"https:\/\/i0.wp.com\/www.jojoenherbe.com\/wp-content\/uploads\/2024\/03\/RAT-indien-et-gourmand-2024-PAL-2.jpg?resize=150%2C150&amp;ssl=1 150w, https:\/\/i0.wp.com\/www.jojoenherbe.com\/wp-content\/uploads\/2024\/03\/RAT-indien-et-gourmand-2024-PAL-2.jpg?zoom=2&amp;resize=150%2C150 300w, https:\/\/i0.wp.com\/www.jojoenherbe.com\/wp-content\/uploads\/2024\/03\/RAT-indien-et-gourmand-2024-PAL-2.jpg?zoom=3&amp;resize=150%2C150 450w\" sizes=\"auto, (max-width: 150px) 100vw, 150px\" \/><\/a>Puis avant le repas du soir, je fais un tour chez les autres participantes, n&rsquo;ayant pas eu le temps avant: Fondant avec sa lecture du jour m&rsquo;a rappel\u00e9e que j&rsquo;avais aussi dans ma PAL <span style=\"text-decoration: underline;\">L&rsquo;\u00e9toile du soir<\/span> de Si\u00e8cle Va\u00eblban avec <span style=\"text-decoration: underline;\">Jyothi<\/span> d&rsquo;Elsa Simone tandis que L&rsquo;Orouge a lu un recueil de po\u00e9sie, <span style=\"text-decoration: underline;\">Lait et miel<\/span> de Rupi Kaur. Chacune a eu un samedi bien remplie, avec une petite pens\u00e9e pour le marathon, m\u00eame si leur occupation n&rsquo;\u00e9tait pas forc\u00e9ment pile dans le th\u00e8me indien. Peut-\u00eatre que leur soir\u00e9e le sera?\u00a0<\/em><\/p>\n<p><em>Apr\u00e8s les histoires du soir (<span style=\"text-decoration: underline;\">Mortelle Ad\u00e8le<\/span>), mon mini lutin, au lieu de s&rsquo;endormir, a d\u00e9cid\u00e9 qu&rsquo;il \u00e9tait l&rsquo;heure de r\u00e9citer sa po\u00e9sie dont il a seulement le d\u00e9but \u00e0 apprendre pour lundi. Il m&rsquo;a donc r\u00e9cit\u00e9 le po\u00e8me entier: <span style=\"text-decoration: underline; color: #0000ff;\">Le p\u00e9lican<\/span> de Robert Desnos, un po\u00e8me surr\u00e9aliste sur les p\u00e9licans de Jonathan.<\/em><\/p>\n<p style=\"text-align: justify;\"><em>En soir\u00e9e, je commence \u00e0 lire un roman policier historique se d\u00e9roulant \u00e0 Calcutta, en avril 1919, \u00e0 l&rsquo;\u00e9poque des Indes Britanniques: <span style=\"text-decoration: underline; color: #008000;\">L&rsquo;attaque du Calcutta-Darjeeling<\/span> d&rsquo;Abir Mukherjee (\u00e9d. Liana Levi, 2019, pages), la premi\u00e8re enqu\u00eate du capitaine Sam Wyndham, fra\u00eechement d\u00e9barqu\u00e9 de Londres \u00e0 Calcutta, apr\u00e8s avoir perdu sa femme de la grippe espagnole et \u00e9t\u00e9 traumatis\u00e9 par la Grande Guerre, ancien inspecteur de Scotland Yard. D\u00e9sormais capitaine dans la police imp\u00e9riale et d\u00e9pendant des drogues (morphine et opium), il se voit confier sa premi\u00e8re enqu\u00eate, assist\u00e9 par le sergent indien Banerjee. Cela fait un moment que je voulais le lire, n&rsquo;ayant pu l&#8217;emprunter \u00e0 temps pour la lecture commune de f\u00e9vrier 2022, une lecture se d\u00e9roulant dans l&rsquo;apr\u00e8s-guerre et qui rentre \u00e9galement dans le cadre du challenge Pages de la Grande Guerre. <br \/><\/em><\/p>\n<p><span style=\"text-decoration: underline; color: #ff6600;\"><em>Dimanche 17 mars 2024<\/em><\/span><\/p>\n<p style=\"text-align: justify;\"><em><a href=\"https:\/\/i0.wp.com\/www.jojoenherbe.com\/wp-content\/uploads\/2024\/03\/Lattaque-du-Calcutta-Darjeeling-T1.jpg\"><img data-recalc-dims=\"1\" loading=\"lazy\" decoding=\"async\" data-attachment-id=\"35231\" data-permalink=\"https:\/\/www.jojoenherbe.com\/index.php\/2024\/03\/15\/rat-indien-gourmand-des-15-au-17-mars-2024\/lattaque-du-calcutta-darjeeling-t1\/\" data-orig-file=\"https:\/\/i0.wp.com\/www.jojoenherbe.com\/wp-content\/uploads\/2024\/03\/Lattaque-du-Calcutta-Darjeeling-T1.jpg?fit=750%2C1334&amp;ssl=1\" data-orig-size=\"750,1334\" data-comments-opened=\"1\" data-image-meta=\"{&quot;aperture&quot;:&quot;0&quot;,&quot;credit&quot;:&quot;&quot;,&quot;camera&quot;:&quot;&quot;,&quot;caption&quot;:&quot;&quot;,&quot;created_timestamp&quot;:&quot;0&quot;,&quot;copyright&quot;:&quot;&quot;,&quot;focal_length&quot;:&quot;0&quot;,&quot;iso&quot;:&quot;0&quot;,&quot;shutter_speed&quot;:&quot;0&quot;,&quot;title&quot;:&quot;&quot;,&quot;orientation&quot;:&quot;1&quot;}\" data-image-title=\"L&amp;rsquo;attaque du Calcutta-Darjeeling T1\" data-image-description=\"\" data-image-caption=\"\" data-large-file=\"https:\/\/i0.wp.com\/www.jojoenherbe.com\/wp-content\/uploads\/2024\/03\/Lattaque-du-Calcutta-Darjeeling-T1.jpg?fit=576%2C1024&amp;ssl=1\" class=\"size-thumbnail wp-image-35231 alignright\" src=\"https:\/\/i0.wp.com\/www.jojoenherbe.com\/wp-content\/uploads\/2024\/03\/Lattaque-du-Calcutta-Darjeeling-T1.jpg?resize=150%2C150\" alt=\"\" width=\"150\" height=\"150\" srcset=\"https:\/\/i0.wp.com\/www.jojoenherbe.com\/wp-content\/uploads\/2024\/03\/Lattaque-du-Calcutta-Darjeeling-T1.jpg?resize=150%2C150&amp;ssl=1 150w, https:\/\/i0.wp.com\/www.jojoenherbe.com\/wp-content\/uploads\/2024\/03\/Lattaque-du-Calcutta-Darjeeling-T1.jpg?zoom=2&amp;resize=150%2C150 300w, https:\/\/i0.wp.com\/www.jojoenherbe.com\/wp-content\/uploads\/2024\/03\/Lattaque-du-Calcutta-Darjeeling-T1.jpg?zoom=3&amp;resize=150%2C150 450w\" sizes=\"auto, (max-width: 150px) 100vw, 150px\" \/><\/a>Ce matin, apr\u00e8s le petit d\u00e9jeuner, je reprends ma lecture de <span style=\"text-decoration: underline; color: #008000;\">L&rsquo;attaque du Calcutta-Darjeeling<\/span> d&rsquo;Abir Mukherjee. Le capitaine Wyndham doit d\u00e9sormais enqu\u00eater sur une autre affaire, un meurtre commis dans le train Calcutta-Darjeeling alors m\u00eame que sa premi\u00e8re enqu\u00eate, politiquement sensible, n&rsquo;avance gu\u00e8re. Je me doute bien que les deux enqu\u00eates sont li\u00e9es, sous fond de protestation \u00e0 l&rsquo;encontre des lois Rowlatt de mars 1919 et du mouvement ind\u00e9pendantiste men\u00e9 par Gandhi. Les courts chapitres s&rsquo;encha\u00eenent, le lecteur d\u00e9couvrant en m\u00eame temps que le capitaine Calcutta \u00e0 l&rsquo;\u00e9poque du Raj britannique. J&rsquo;ai relev\u00e9 quelques plats anglo-indiens (riz pilaf aux poissons, tourte \u00e0 la viande et du whisky) m\u00eame si ce sont ceux rat\u00e9s de la logeuse du capitaine. <br \/><\/em><\/p>\n<p style=\"text-align: justify;\"><em>Il est d&rsquo;ailleurs temps d&rsquo;aller pr\u00e9parer le d\u00e9jeuner, le coup de canon venant de sonner. Ce sera un plat rapide: de la pur\u00e9e et de la viande (steak \u00e0 la sauce au poivre pour l&rsquo;un de nous 3 et c\u00f4tes d&rsquo;agneau pour les autres).<\/em><\/p>\n<p style=\"text-align: justify;\"><em><a href=\"https:\/\/i0.wp.com\/www.jojoenherbe.com\/wp-content\/uploads\/2024\/03\/Gaufres-au-sucre-glace-scaled.jpg\"><img data-recalc-dims=\"1\" loading=\"lazy\" decoding=\"async\" data-attachment-id=\"35248\" data-permalink=\"https:\/\/www.jojoenherbe.com\/index.php\/2024\/03\/15\/rat-indien-gourmand-des-15-au-17-mars-2024\/gaufres-au-sucre-glace\/\" data-orig-file=\"https:\/\/i0.wp.com\/www.jojoenherbe.com\/wp-content\/uploads\/2024\/03\/Gaufres-au-sucre-glace-scaled.jpg?fit=2560%2C2134&amp;ssl=1\" data-orig-size=\"2560,2134\" data-comments-opened=\"1\" data-image-meta=\"{&quot;aperture&quot;:&quot;1.8&quot;,&quot;credit&quot;:&quot;&quot;,&quot;camera&quot;:&quot;iPhone 7&quot;,&quot;caption&quot;:&quot;&quot;,&quot;created_timestamp&quot;:&quot;1710780887&quot;,&quot;copyright&quot;:&quot;&quot;,&quot;focal_length&quot;:&quot;3.99&quot;,&quot;iso&quot;:&quot;64&quot;,&quot;shutter_speed&quot;:&quot;0.058823529411765&quot;,&quot;title&quot;:&quot;&quot;,&quot;orientation&quot;:&quot;1&quot;}\" data-image-title=\"Gaufres au sucre glace\" data-image-description=\"\" data-image-caption=\"\" data-large-file=\"https:\/\/i0.wp.com\/www.jojoenherbe.com\/wp-content\/uploads\/2024\/03\/Gaufres-au-sucre-glace-scaled.jpg?fit=676%2C564&amp;ssl=1\" class=\"alignleft size-thumbnail wp-image-35248\" src=\"https:\/\/i0.wp.com\/www.jojoenherbe.com\/wp-content\/uploads\/2024\/03\/Gaufres-au-sucre-glace.jpg?resize=150%2C150\" alt=\"\" width=\"150\" height=\"150\" srcset=\"https:\/\/i0.wp.com\/www.jojoenherbe.com\/wp-content\/uploads\/2024\/03\/Gaufres-au-sucre-glace-scaled.jpg?resize=150%2C150&amp;ssl=1 150w, https:\/\/i0.wp.com\/www.jojoenherbe.com\/wp-content\/uploads\/2024\/03\/Gaufres-au-sucre-glace-scaled.jpg?zoom=2&amp;resize=150%2C150 300w, https:\/\/i0.wp.com\/www.jojoenherbe.com\/wp-content\/uploads\/2024\/03\/Gaufres-au-sucre-glace-scaled.jpg?zoom=3&amp;resize=150%2C150 450w\" sizes=\"auto, (max-width: 150px) 100vw, 150px\" \/><\/a>Je retourne \u00e0 ma lecture apr\u00e8s le d\u00e9jeuner, apr\u00e8s un petit tour par les r\u00e9seaux sociaux et blogs des autres participantes. Puis l&rsquo;appel du go\u00fbter se fait ressentir et je vais pr\u00e9parer de la p\u00e2te \u00e0 grosses gaufres. J&rsquo;avais pourtant not\u00e9 pour ce week-end une recette de sabl\u00e9s indiens \u00e0 la cardamone mais j&rsquo;ai oubli\u00e9 d&rsquo;acheter l&rsquo;\u00e9pice dans mes courses hier.<\/em><\/p>\n<p style=\"text-align: justify;\"><em> Pendant que la p\u00e2te monte, je profite de mettre \u00e0 jour mon billet et de passer, avec l&rsquo;ordinateur, sur les blogs des autres participantes: Hilde, bien qu&rsquo;enrhum\u00e9e est pass\u00e9e en cuisine faire une nouvelle fourn\u00e9e de ladoos, Bidib en train de poursuivre sa lecture du tome 6 des <span style=\"text-decoration: underline;\">D\u00e9tectives du Yorkshire<\/span>, apr\u00e8s une journ\u00e9e potager\/jardin hier, Chicky Poo ayant fini <span style=\"text-decoration: underline;\">Mythes &amp; Meufs<\/span> de Blanche Sabbah (avec un passage indien puisqu&rsquo;on y parle de Sh\u00e9h\u00e9razade dans les <span style=\"text-decoration: underline;\">Mille et une Nuits<\/span>), Nathalie toujours plong\u00e9e dans son mois \u00ab\u00a0BD historique\u00a0\u00bb, Touloulou avec <span style=\"text-decoration: underline;\">For Tibet, with love : a beginner\u2019s guide to changing the world<\/span> d\u2019Isabel Losada&#8230; <\/em><em>Et du c\u00f4t\u00e9 des Marmitonnes? Tout un tas de saveurs gourmandes et vari\u00e9es que vous pouvez retrouver chez <a href=\"https:\/\/ribambelledhistoires.over-blog.com\/2024\/03\/poisson-moutarde-aux-lentilles-et-betteraves.html\">Isabelle<\/a>.<\/em><\/p>\n<p style=\"text-align: justify;\"><em>Puis je retournerai finir <span style=\"color: #008000;\"><span style=\"text-decoration: underline;\">L<\/span><span style=\"text-decoration: underline;\">&lsquo;attaque du Calcutta-Darjeeling<\/span><\/span> d&rsquo;Abir Mukherjee avant de pr\u00e9parer le repas de ce soir, des spaghettis aux pilons de poulet \u00e0 la sauce tomate. <\/em><\/p>\n<p style=\"text-align: justify;\"><em><a href=\"https:\/\/i0.wp.com\/www.jojoenherbe.com\/wp-content\/uploads\/2024\/03\/Siddhima-Lenfant-deesse-2.jpg\"><img data-recalc-dims=\"1\" loading=\"lazy\" decoding=\"async\" data-attachment-id=\"35246\" data-permalink=\"https:\/\/www.jojoenherbe.com\/index.php\/2024\/03\/15\/rat-indien-gourmand-des-15-au-17-mars-2024\/siddhima-lenfant-deesse-2\/\" data-orig-file=\"https:\/\/i0.wp.com\/www.jojoenherbe.com\/wp-content\/uploads\/2024\/03\/Siddhima-Lenfant-deesse-2.jpg?fit=1080%2C1080&amp;ssl=1\" data-orig-size=\"1080,1080\" data-comments-opened=\"1\" data-image-meta=\"{&quot;aperture&quot;:&quot;0&quot;,&quot;credit&quot;:&quot;&quot;,&quot;camera&quot;:&quot;&quot;,&quot;caption&quot;:&quot;&quot;,&quot;created_timestamp&quot;:&quot;0&quot;,&quot;copyright&quot;:&quot;&quot;,&quot;focal_length&quot;:&quot;0&quot;,&quot;iso&quot;:&quot;0&quot;,&quot;shutter_speed&quot;:&quot;0&quot;,&quot;title&quot;:&quot;&quot;,&quot;orientation&quot;:&quot;0&quot;}\" data-image-title=\"Siddhima, L&amp;rsquo;enfant-d\u00e9esse (2)\" data-image-description=\"\" data-image-caption=\"\" data-large-file=\"https:\/\/i0.wp.com\/www.jojoenherbe.com\/wp-content\/uploads\/2024\/03\/Siddhima-Lenfant-deesse-2.jpg?fit=676%2C676&amp;ssl=1\" class=\"wp-image-35246 size-thumbnail alignright\" src=\"https:\/\/i0.wp.com\/www.jojoenherbe.com\/wp-content\/uploads\/2024\/03\/Siddhima-Lenfant-deesse-2.jpg?resize=150%2C150\" alt=\"\" width=\"150\" height=\"150\" srcset=\"https:\/\/i0.wp.com\/www.jojoenherbe.com\/wp-content\/uploads\/2024\/03\/Siddhima-Lenfant-deesse-2.jpg?resize=150%2C150&amp;ssl=1 150w, https:\/\/i0.wp.com\/www.jojoenherbe.com\/wp-content\/uploads\/2024\/03\/Siddhima-Lenfant-deesse-2.jpg?resize=300%2C300&amp;ssl=1 300w, https:\/\/i0.wp.com\/www.jojoenherbe.com\/wp-content\/uploads\/2024\/03\/Siddhima-Lenfant-deesse-2.jpg?resize=1024%2C1024&amp;ssl=1 1024w, https:\/\/i0.wp.com\/www.jojoenherbe.com\/wp-content\/uploads\/2024\/03\/Siddhima-Lenfant-deesse-2.jpg?resize=768%2C768&amp;ssl=1 768w, https:\/\/i0.wp.com\/www.jojoenherbe.com\/wp-content\/uploads\/2024\/03\/Siddhima-Lenfant-deesse-2.jpg?resize=676%2C676&amp;ssl=1 676w, https:\/\/i0.wp.com\/www.jojoenherbe.com\/wp-content\/uploads\/2024\/03\/Siddhima-Lenfant-deesse-2.jpg?w=1080&amp;ssl=1 1080w\" sizes=\"auto, (max-width: 150px) 100vw, 150px\" \/><\/a>Finalement, \u00e0 la pause go\u00fbter, j&rsquo;ai lu un conte indien: <span style=\"text-decoration: underline; color: #008000;\">Siddhima, L&rsquo;enfant-d\u00e9esse<\/span> d&rsquo;Am\u00e9lie Sarn et Carole Gourrat (\u00e9d. Milan Jeunesse, octobre 2007, 43 pages), un album jeunesse \u00e0 partir de 7\/8 ans. Alors qu&rsquo;il est sur le point de mourir, le p\u00e8re de Siddhima, une princesse indienne \u00e2g\u00e9e de 13 ans lui r\u00e9v\u00e8le que son dieu protecteur est Shiva, dieu de la guerre et de la destruction. Mais est-ce une mal\u00e9diction comme le pense Sidhhima? Son ami lui permettra-t-il de faire ouvrir les yeux \u00e0 la jeune adolescente qui a laiss\u00e9 le royaume aux mains de son cupide oncle? Un conte dont j&rsquo;ai bien appr\u00e9ci\u00e9 les illustrations, l&rsquo;histoire \u00e9tant assez classique! J&rsquo;ai not\u00e9 un passage gourmand, m\u00eame si endeuill\u00e9e, Siddhima n&rsquo;y touche pas: \u00ab\u00a0un verre de lait parfum\u00e9 \u00e0 la cardamone, un bol de riz \u00e0 la noix de coco et quelques galettes de pain naan\u00a0\u00bb. <\/em><\/p>\n<p>Je reviendrai demain pour un petit bilan. Bonne fin de week-end!<\/p>\n<div id=\"attachment_34011\" style=\"width: 113px\" class=\"wp-caption alignleft\"><img data-recalc-dims=\"1\" loading=\"lazy\" decoding=\"async\" aria-describedby=\"caption-attachment-34011\" data-attachment-id=\"34011\" data-permalink=\"https:\/\/www.jojoenherbe.com\/index.php\/2024\/01\/02\/mes-challenges-livresques-2024\/les-etapes-indiennes-2024-logo\/\" data-orig-file=\"https:\/\/i0.wp.com\/www.jojoenherbe.com\/wp-content\/uploads\/2024\/01\/Les-Etapes-Indiennes-2024-logo.jpg?fit=900%2C900&amp;ssl=1\" data-orig-size=\"900,900\" data-comments-opened=\"1\" data-image-meta=\"{&quot;aperture&quot;:&quot;0&quot;,&quot;credit&quot;:&quot;&quot;,&quot;camera&quot;:&quot;&quot;,&quot;caption&quot;:&quot;&quot;,&quot;created_timestamp&quot;:&quot;0&quot;,&quot;copyright&quot;:&quot;&quot;,&quot;focal_length&quot;:&quot;0&quot;,&quot;iso&quot;:&quot;0&quot;,&quot;shutter_speed&quot;:&quot;0&quot;,&quot;title&quot;:&quot;&quot;,&quot;orientation&quot;:&quot;0&quot;}\" data-image-title=\"Les Etapes Indiennes 2024 &amp;#8211; logo\" data-image-description=\"\" data-image-caption=\"\" data-large-file=\"https:\/\/i0.wp.com\/www.jojoenherbe.com\/wp-content\/uploads\/2024\/01\/Les-Etapes-Indiennes-2024-logo.jpg?fit=676%2C676&amp;ssl=1\" class=\"wp-image-34011\" src=\"https:\/\/i0.wp.com\/www.jojoenherbe.com\/wp-content\/uploads\/2024\/01\/Les-Etapes-Indiennes-2024-logo.jpg?resize=103%2C103\" alt=\"\" width=\"103\" height=\"103\" srcset=\"https:\/\/i0.wp.com\/www.jojoenherbe.com\/wp-content\/uploads\/2024\/01\/Les-Etapes-Indiennes-2024-logo.jpg?w=900&amp;ssl=1 900w, https:\/\/i0.wp.com\/www.jojoenherbe.com\/wp-content\/uploads\/2024\/01\/Les-Etapes-Indiennes-2024-logo.jpg?resize=300%2C300&amp;ssl=1 300w, https:\/\/i0.wp.com\/www.jojoenherbe.com\/wp-content\/uploads\/2024\/01\/Les-Etapes-Indiennes-2024-logo.jpg?resize=150%2C150&amp;ssl=1 150w, https:\/\/i0.wp.com\/www.jojoenherbe.com\/wp-content\/uploads\/2024\/01\/Les-Etapes-Indiennes-2024-logo.jpg?resize=768%2C768&amp;ssl=1 768w, https:\/\/i0.wp.com\/www.jojoenherbe.com\/wp-content\/uploads\/2024\/01\/Les-Etapes-Indiennes-2024-logo.jpg?resize=676%2C676&amp;ssl=1 676w\" sizes=\"auto, (max-width: 103px) 100vw, 103px\" \/><p id=\"caption-attachment-34011\" class=\"wp-caption-text\">Participation # Les \u00c9tapes Indiennes 2024 de <em><a href=\"https:\/\/lelivroblog.fr\/2024\/01\/08\/les-etapes-indiennes-2024\/\">Hilde<\/a><\/em> #RAT<\/p><\/div>\n<div id=\"attachment_34172\" style=\"width: 138px\" class=\"wp-caption alignleft\"><img data-recalc-dims=\"1\" loading=\"lazy\" decoding=\"async\" aria-describedby=\"caption-attachment-34172\" data-attachment-id=\"34172\" data-permalink=\"https:\/\/www.jojoenherbe.com\/index.php\/2024\/01\/02\/mes-challenges-livresques-2024\/challenge-des-livres-et-des-ecrans-en-cuisine-2024-logo\/\" data-orig-file=\"https:\/\/i0.wp.com\/www.jojoenherbe.com\/wp-content\/uploads\/2024\/01\/Challenge-Des-livres-et-des-ecrans-en-cuisine-2024-logo.png?fit=1004%2C641&amp;ssl=1\" data-orig-size=\"1004,641\" data-comments-opened=\"1\" data-image-meta=\"{&quot;aperture&quot;:&quot;0&quot;,&quot;credit&quot;:&quot;&quot;,&quot;camera&quot;:&quot;&quot;,&quot;caption&quot;:&quot;&quot;,&quot;created_timestamp&quot;:&quot;0&quot;,&quot;copyright&quot;:&quot;&quot;,&quot;focal_length&quot;:&quot;0&quot;,&quot;iso&quot;:&quot;0&quot;,&quot;shutter_speed&quot;:&quot;0&quot;,&quot;title&quot;:&quot;&quot;,&quot;orientation&quot;:&quot;0&quot;}\" data-image-title=\"Challenge Des livres (et des \u00e9crans) en cuisine 2024 &amp;#8211; logo\" data-image-description=\"\" data-image-caption=\"\" data-large-file=\"https:\/\/i0.wp.com\/www.jojoenherbe.com\/wp-content\/uploads\/2024\/01\/Challenge-Des-livres-et-des-ecrans-en-cuisine-2024-logo.png?fit=676%2C432&amp;ssl=1\" class=\"wp-image-34172\" src=\"https:\/\/i0.wp.com\/www.jojoenherbe.com\/wp-content\/uploads\/2024\/01\/Challenge-Des-livres-et-des-ecrans-en-cuisine-2024-logo.png?resize=128%2C82\" alt=\"\" width=\"128\" height=\"82\" srcset=\"https:\/\/i0.wp.com\/www.jojoenherbe.com\/wp-content\/uploads\/2024\/01\/Challenge-Des-livres-et-des-ecrans-en-cuisine-2024-logo.png?w=1004&amp;ssl=1 1004w, https:\/\/i0.wp.com\/www.jojoenherbe.com\/wp-content\/uploads\/2024\/01\/Challenge-Des-livres-et-des-ecrans-en-cuisine-2024-logo.png?resize=300%2C192&amp;ssl=1 300w, https:\/\/i0.wp.com\/www.jojoenherbe.com\/wp-content\/uploads\/2024\/01\/Challenge-Des-livres-et-des-ecrans-en-cuisine-2024-logo.png?resize=768%2C490&amp;ssl=1 768w, https:\/\/i0.wp.com\/www.jojoenherbe.com\/wp-content\/uploads\/2024\/01\/Challenge-Des-livres-et-des-ecrans-en-cuisine-2024-logo.png?resize=676%2C432&amp;ssl=1 676w\" sizes=\"auto, (max-width: 128px) 100vw, 128px\" \/><p id=\"caption-attachment-34172\" class=\"wp-caption-text\">Participation #4 Challenge Des livres (et des \u00e9crans) en cuisine 2024 de <em><a href=\"https:\/\/mapetitemediatheque.fr\/2024\/01\/des-livres-et-des-ecrans-en-cuisine-2024\/\">Bidib<\/a> et <a href=\"http:\/\/croquerlespages.canalblog.com\/archives\/2024\/01\/08\/40165644.html\">Fondant<\/a><\/em> #Cuisine indienne<\/p><\/div>\n\n\n<p><\/p>\n","protected":false},"excerpt":{"rendered":"<p>Comme d\u00e9sormais depuis quelques ann\u00e9es, \u00e0 l&rsquo;approche du printemps et de la f\u00eate hindoue Holi qui a lieu cette ann\u00e9e le 25 mars prochain, Hilde, Bidib et Fondant coorganisent \u00e0 partir de ce 15 mars jusqu&rsquo;\u00e0 dimanche minuit, un read-a-thon gourmand avec une escale en Inde en lien avec leurs challenges respectifs Les \u00c9tapes Indiennes, [&hellip;]<\/p>\n","protected":false},"author":1,"featured_media":35195,"comment_status":"open","ping_status":"open","sticky":false,"template":"","format":"standard","meta":{"jetpack_post_was_ever_published":false,"_jetpack_newsletter_access":"","_jetpack_dont_email_post_to_subs":false,"_jetpack_newsletter_tier_id":0,"_jetpack_memberships_contains_paywalled_content":false,"_jetpack_memberships_contains_paid_content":false,"footnotes":""},"categories":[873,363,7],"tags":[2016,4027,4014,4024,2549,2310],"class_list":["post-35192","post","type-post","status-publish","format-standard","has-post-thumbnail","hentry","category-mini-challenger","category-mini-lecteur","category-mini-toque","tag-challenge-livresque","tag-des-livres-et-des-ecrans-en-cuisine-2024","tag-le-tour-du-monde-en-80-livres-2024","tag-les-etapes-indiennes-2024","tag-litterature-indienne","tag-read-a-thon","post-preview"],"jetpack_featured_media_url":"https:\/\/i0.wp.com\/www.jojoenherbe.com\/wp-content\/uploads\/2024\/03\/RAT-indien-gourmand-2024-logo.jpg?fit=600%2C600&ssl=1","jetpack_sharing_enabled":true,"jetpack_shortlink":"https:\/\/wp.me\/p9zhGx-99C","jetpack_likes_enabled":true,"jetpack-related-posts":[{"id":36522,"url":"https:\/\/www.jojoenherbe.com\/index.php\/2024\/06\/28\/rat-gourmand-des-contes-et-legendes-dinde-2024\/","url_meta":{"origin":35192,"position":0},"title":"RAT gourmand des Contes et l\u00e9gendes d&rsquo;Inde 2024","author":"Jojo","date":"28 juin 2024","format":false,"excerpt":"Comme les ann\u00e9es pr\u00e9c\u00e9dentes avec l'arriv\u00e9e de l'\u00e9t\u00e9, Hilde, Bidib et Fondant coorganisent \u00e0 partir de ce vendredi 28 juin matin jusqu\u2019\u00e0 dimanche 30 juin minuit, un read-a-thon gourmand avec une escale gourmande de contes et l\u00e9gendes en Inde en lien avec leurs challenges respectifs Les \u00c9tapes Indiennes, Des livres\u2026","rel":"","context":"Dans &quot;Mini challenger&quot;","block_context":{"text":"Mini challenger","link":"https:\/\/www.jojoenherbe.com\/index.php\/category\/mini-challenger\/"},"img":{"alt_text":"","src":"https:\/\/i0.wp.com\/www.jojoenherbe.com\/wp-content\/uploads\/2024\/06\/RAT-indien-juin-2024-logo.png?fit=600%2C600&ssl=1&resize=350%2C200","width":350,"height":200,"srcset":"https:\/\/i0.wp.com\/www.jojoenherbe.com\/wp-content\/uploads\/2024\/06\/RAT-indien-juin-2024-logo.png?fit=600%2C600&ssl=1&resize=350%2C200 1x, https:\/\/i0.wp.com\/www.jojoenherbe.com\/wp-content\/uploads\/2024\/06\/RAT-indien-juin-2024-logo.png?fit=600%2C600&ssl=1&resize=525%2C300 1.5x"},"classes":[]},{"id":35376,"url":"https:\/\/www.jojoenherbe.com\/index.php\/2024\/04\/01\/bilan-de-lecture-mars-2024\/","url_meta":{"origin":35192,"position":1},"title":"Bilan de lecture: mars 2024","author":"Jojo","date":"1 avril 2024","format":false,"excerpt":"En ce 1er avril 2024, il est temps de faire le bilan de lecture du mois de mars 2024 qui a \u00e9t\u00e9 aussi pluvieux que f\u00e9vrier avec des lectures toujours aussi vari\u00e9es comme par exemple des auteurs am\u00e9ricains, ayant jou\u00e9 les prolongations avec l\u2019AAHM Challenge, des autrices fran\u00e7aises de romances\u2026","rel":"","context":"Dans &quot;Mini blogueur&quot;","block_context":{"text":"Mini blogueur","link":"https:\/\/www.jojoenherbe.com\/index.php\/category\/mini-blogueur\/"},"img":{"alt_text":"","src":"https:\/\/i0.wp.com\/www.jojoenherbe.com\/wp-content\/uploads\/2024\/03\/Selection-mars-2024-scaled.jpg?fit=1200%2C938&ssl=1&resize=350%2C200","width":350,"height":200,"srcset":"https:\/\/i0.wp.com\/www.jojoenherbe.com\/wp-content\/uploads\/2024\/03\/Selection-mars-2024-scaled.jpg?fit=1200%2C938&ssl=1&resize=350%2C200 1x, https:\/\/i0.wp.com\/www.jojoenherbe.com\/wp-content\/uploads\/2024\/03\/Selection-mars-2024-scaled.jpg?fit=1200%2C938&ssl=1&resize=525%2C300 1.5x, https:\/\/i0.wp.com\/www.jojoenherbe.com\/wp-content\/uploads\/2024\/03\/Selection-mars-2024-scaled.jpg?fit=1200%2C938&ssl=1&resize=700%2C400 2x, https:\/\/i0.wp.com\/www.jojoenherbe.com\/wp-content\/uploads\/2024\/03\/Selection-mars-2024-scaled.jpg?fit=1200%2C938&ssl=1&resize=1050%2C600 3x"},"classes":[]},{"id":35305,"url":"https:\/\/www.jojoenherbe.com\/index.php\/2024\/03\/27\/au-fil-des-pages-avec-balades-indiennes\/","url_meta":{"origin":35192,"position":2},"title":"Au fil des pages avec Balades Indiennes","author":"Jojo","date":"27 mars 2024","format":false,"excerpt":"Pendant le RAT indien et gourmand, j'ai lu Balades indiennes de Chitra Benerjee Divakaruni, Anita Nair et Bulbul Sharma (\u00e9d. France Loisirs, ao\u00fbt 2004, 173 pages), un recueil de 4 nouvelles avec l'histoire de femmes qui sont \u00e0 un tournant de leur vie. Chitra Benerjee Divakaruni a \u00e9crit les deux\u2026","rel":"","context":"Dans &quot;Mini lecteur&quot;","block_context":{"text":"Mini lecteur","link":"https:\/\/www.jojoenherbe.com\/index.php\/category\/mini-lecteur\/"},"img":{"alt_text":"","src":"https:\/\/i0.wp.com\/www.jojoenherbe.com\/wp-content\/uploads\/2024\/03\/Balades-indiennes-3-scaled.jpg?fit=1200%2C886&ssl=1&resize=350%2C200","width":350,"height":200,"srcset":"https:\/\/i0.wp.com\/www.jojoenherbe.com\/wp-content\/uploads\/2024\/03\/Balades-indiennes-3-scaled.jpg?fit=1200%2C886&ssl=1&resize=350%2C200 1x, https:\/\/i0.wp.com\/www.jojoenherbe.com\/wp-content\/uploads\/2024\/03\/Balades-indiennes-3-scaled.jpg?fit=1200%2C886&ssl=1&resize=525%2C300 1.5x, https:\/\/i0.wp.com\/www.jojoenherbe.com\/wp-content\/uploads\/2024\/03\/Balades-indiennes-3-scaled.jpg?fit=1200%2C886&ssl=1&resize=700%2C400 2x, https:\/\/i0.wp.com\/www.jojoenherbe.com\/wp-content\/uploads\/2024\/03\/Balades-indiennes-3-scaled.jpg?fit=1200%2C886&ssl=1&resize=1050%2C600 3x"},"classes":[]},{"id":24026,"url":"https:\/\/www.jojoenherbe.com\/index.php\/2022\/02\/25\/rat-gourmand-aux-epices-indiennes-2022\/","url_meta":{"origin":35192,"position":3},"title":"RAT gourmand aux \u00e9pices indiennes 2022","author":"Jojo","date":"25 f\u00e9vrier 2022","format":false,"excerpt":"Du 25 au 27 f\u00e9vrier 2022, les coorganisatrices de deux challenges auxquels je participe (Hilde et Blandine pour les \u00c9tapes Indiennes et Bidib et Fondant pour Des livres (et des \u00e9crans) en cuisine)\u00a0 proposent un RAT gourmand aux \u00e9pices indiennes. Elles ont \u00e9galement pr\u00e9vu des d\u00e9fis pour pimenter nos lectures:\u2026","rel":"","context":"Dans &quot;Mini challenger&quot;","block_context":{"text":"Mini challenger","link":"https:\/\/www.jojoenherbe.com\/index.php\/category\/mini-challenger\/"},"img":{"alt_text":"","src":"https:\/\/i0.wp.com\/www.jojoenherbe.com\/wp-content\/uploads\/2022\/02\/Selection-contes-hindous-indiens-scaled.jpg?resize=350%2C200","width":350,"height":200,"srcset":"https:\/\/i0.wp.com\/www.jojoenherbe.com\/wp-content\/uploads\/2022\/02\/Selection-contes-hindous-indiens-scaled.jpg?resize=350%2C200 1x, https:\/\/i0.wp.com\/www.jojoenherbe.com\/wp-content\/uploads\/2022\/02\/Selection-contes-hindous-indiens-scaled.jpg?resize=525%2C300 1.5x, https:\/\/i0.wp.com\/www.jojoenherbe.com\/wp-content\/uploads\/2022\/02\/Selection-contes-hindous-indiens-scaled.jpg?resize=700%2C400 2x, https:\/\/i0.wp.com\/www.jojoenherbe.com\/wp-content\/uploads\/2022\/02\/Selection-contes-hindous-indiens-scaled.jpg?resize=1050%2C600 3x, https:\/\/i0.wp.com\/www.jojoenherbe.com\/wp-content\/uploads\/2022\/02\/Selection-contes-hindous-indiens-scaled.jpg?resize=1400%2C800 4x"},"classes":[]},{"id":24139,"url":"https:\/\/www.jojoenherbe.com\/index.php\/2022\/03\/01\/notre-mois-bloguesque-de-fevrier-2022\/","url_meta":{"origin":35192,"position":4},"title":"Notre mois bloguesque de f\u00e9vrier 2022","author":"Jojo","date":"1 mars 2022","format":false,"excerpt":"J'avais pr\u00e9vu en f\u00e9vrier d'\u00eatre un peu plus pr\u00e9sente sur le blog mais finalement ce sera comme pour janvier, j'ai beaucoup lu mais peu pris le temps de chroniquer toutes nos lectures. Pendant les vacances d'hiver, nous avons fait quelques sorties comme une exposition sur les dinosaures o\u00f9 un parc\u2026","rel":"","context":"Dans &quot;Mini blogueur&quot;","block_context":{"text":"Mini blogueur","link":"https:\/\/www.jojoenherbe.com\/index.php\/category\/mini-blogueur\/"},"img":{"alt_text":"","src":"https:\/\/i0.wp.com\/www.jojoenherbe.com\/wp-content\/uploads\/2022\/02\/Selection-fevrier-2022-scaled.jpg?fit=1200%2C900&ssl=1&resize=350%2C200","width":350,"height":200,"srcset":"https:\/\/i0.wp.com\/www.jojoenherbe.com\/wp-content\/uploads\/2022\/02\/Selection-fevrier-2022-scaled.jpg?fit=1200%2C900&ssl=1&resize=350%2C200 1x, https:\/\/i0.wp.com\/www.jojoenherbe.com\/wp-content\/uploads\/2022\/02\/Selection-fevrier-2022-scaled.jpg?fit=1200%2C900&ssl=1&resize=525%2C300 1.5x, https:\/\/i0.wp.com\/www.jojoenherbe.com\/wp-content\/uploads\/2022\/02\/Selection-fevrier-2022-scaled.jpg?fit=1200%2C900&ssl=1&resize=700%2C400 2x, https:\/\/i0.wp.com\/www.jojoenherbe.com\/wp-content\/uploads\/2022\/02\/Selection-fevrier-2022-scaled.jpg?fit=1200%2C900&ssl=1&resize=1050%2C600 3x"},"classes":[]},{"id":36584,"url":"https:\/\/www.jojoenherbe.com\/index.php\/2024\/07\/17\/bilan-de-lecture-juin-2024\/","url_meta":{"origin":35192,"position":5},"title":"Bilan de lecture: juin 2024","author":"Jojo","date":"17 juillet 2024","format":false,"excerpt":"Avec retard, voici le bilan de lecture du mois de juin 2024. Cette ann\u00e9e, le printemps \u00e9tait bien pluvieux et les sorties se sont faites encore rares le mois dernier. Le temps \u00e9tait donc propice \u00e0 la lecture encore une fois. En juin, c\u2019\u00e9tait le retour du Mois Anglais 2024\u2026","rel":"","context":"Dans &quot;Mini blogueur&quot;","block_context":{"text":"Mini blogueur","link":"https:\/\/www.jojoenherbe.com\/index.php\/category\/mini-blogueur\/"},"img":{"alt_text":"","src":"https:\/\/i0.wp.com\/www.jojoenherbe.com\/wp-content\/uploads\/2024\/06\/Selection-juin-2024-scaled.jpg?fit=1200%2C857&ssl=1&resize=350%2C200","width":350,"height":200,"srcset":"https:\/\/i0.wp.com\/www.jojoenherbe.com\/wp-content\/uploads\/2024\/06\/Selection-juin-2024-scaled.jpg?fit=1200%2C857&ssl=1&resize=350%2C200 1x, https:\/\/i0.wp.com\/www.jojoenherbe.com\/wp-content\/uploads\/2024\/06\/Selection-juin-2024-scaled.jpg?fit=1200%2C857&ssl=1&resize=525%2C300 1.5x, https:\/\/i0.wp.com\/www.jojoenherbe.com\/wp-content\/uploads\/2024\/06\/Selection-juin-2024-scaled.jpg?fit=1200%2C857&ssl=1&resize=700%2C400 2x, https:\/\/i0.wp.com\/www.jojoenherbe.com\/wp-content\/uploads\/2024\/06\/Selection-juin-2024-scaled.jpg?fit=1200%2C857&ssl=1&resize=1050%2C600 3x"},"classes":[]}],"_links":{"self":[{"href":"https:\/\/www.jojoenherbe.com\/index.php\/wp-json\/wp\/v2\/posts\/35192","targetHints":{"allow":["GET"]}}],"collection":[{"href":"https:\/\/www.jojoenherbe.com\/index.php\/wp-json\/wp\/v2\/posts"}],"about":[{"href":"https:\/\/www.jojoenherbe.com\/index.php\/wp-json\/wp\/v2\/types\/post"}],"author":[{"embeddable":true,"href":"https:\/\/www.jojoenherbe.com\/index.php\/wp-json\/wp\/v2\/users\/1"}],"replies":[{"embeddable":true,"href":"https:\/\/www.jojoenherbe.com\/index.php\/wp-json\/wp\/v2\/comments?post=35192"}],"version-history":[{"count":23,"href":"https:\/\/www.jojoenherbe.com\/index.php\/wp-json\/wp\/v2\/posts\/35192\/revisions"}],"predecessor-version":[{"id":35402,"href":"https:\/\/www.jojoenherbe.com\/index.php\/wp-json\/wp\/v2\/posts\/35192\/revisions\/35402"}],"wp:featuredmedia":[{"embeddable":true,"href":"https:\/\/www.jojoenherbe.com\/index.php\/wp-json\/wp\/v2\/media\/35195"}],"wp:attachment":[{"href":"https:\/\/www.jojoenherbe.com\/index.php\/wp-json\/wp\/v2\/media?parent=35192"}],"wp:term":[{"taxonomy":"category","embeddable":true,"href":"https:\/\/www.jojoenherbe.com\/index.php\/wp-json\/wp\/v2\/categories?post=35192"},{"taxonomy":"post_tag","embeddable":true,"href":"https:\/\/www.jojoenherbe.com\/index.php\/wp-json\/wp\/v2\/tags?post=35192"}],"curies":[{"name":"wp","href":"https:\/\/api.w.org\/{rel}","templated":true}]}}