{"id":35040,"date":"2024-03-04T17:17:52","date_gmt":"2024-03-04T16:17:52","guid":{"rendered":"https:\/\/www.jojoenherbe.com\/?p=35040"},"modified":"2024-03-05T16:39:08","modified_gmt":"2024-03-05T15:39:08","slug":"point-lecture-hebdomadaire-2024-9","status":"publish","type":"post","link":"https:\/\/www.jojoenherbe.com\/index.php\/2024\/03\/04\/point-lecture-hebdomadaire-2024-9\/","title":{"rendered":"Point lecture hebdomadaire 2024 #9"},"content":{"rendered":"<p style=\"text-align: justify;\"><em>En ce d\u00e9but de semaine, voici mon point lecture hebdomadaire avec un retour sur nos lectures de la semaine derni\u00e8re (mais pas nos relectures).<\/em><\/p>\n<p><strong><span style=\"text-decoration: underline;\">Nos lectures du 26 f\u00e9vrier au 3 mars 2024<\/span>:<\/strong><\/p>\n<p><em><span style=\"text-decoration: underline;\">Des lectures jeunesse<\/span>:<\/em><\/p>\n<p style=\"text-align: justify;\"><em>Mon mini lecteur a encore relu cette semaine plusieurs tomes de <span style=\"text-decoration: underline;\">Mortelle Ad\u00e8le<\/span> et d&rsquo;<span style=\"text-decoration: underline;\">Ajax<\/span>.<\/em><\/p>\n<ul>\n<li style=\"text-align: justify;\"><em>(Album jeunesse) <strong><span style=\"text-decoration: underline;\">Promesses<\/span><\/strong> de Christine Naumann-Villemin et Marianne Barcilon<\/em><\/li>\n<\/ul>\n<p style=\"text-align: justify;\"><em><a href=\"https:\/\/i0.wp.com\/www.jojoenherbe.com\/wp-content\/uploads\/2024\/03\/Promesses-scaled.jpg\"><img data-recalc-dims=\"1\" loading=\"lazy\" decoding=\"async\" data-attachment-id=\"35056\" data-permalink=\"https:\/\/www.jojoenherbe.com\/index.php\/2024\/03\/04\/point-lecture-hebdomadaire-2024-9\/promesses\/\" data-orig-file=\"https:\/\/i0.wp.com\/www.jojoenherbe.com\/wp-content\/uploads\/2024\/03\/Promesses-scaled.jpg?fit=2560%2C1650&amp;ssl=1\" data-orig-size=\"2560,1650\" data-comments-opened=\"1\" data-image-meta=\"{&quot;aperture&quot;:&quot;1.8&quot;,&quot;credit&quot;:&quot;&quot;,&quot;camera&quot;:&quot;iPhone 7&quot;,&quot;caption&quot;:&quot;&quot;,&quot;created_timestamp&quot;:&quot;1709571709&quot;,&quot;copyright&quot;:&quot;&quot;,&quot;focal_length&quot;:&quot;3.99&quot;,&quot;iso&quot;:&quot;80&quot;,&quot;shutter_speed&quot;:&quot;0.16666666666667&quot;,&quot;title&quot;:&quot;&quot;,&quot;orientation&quot;:&quot;1&quot;}\" data-image-title=\"Promesses\" data-image-description=\"\" data-image-caption=\"\" data-large-file=\"https:\/\/i0.wp.com\/www.jojoenherbe.com\/wp-content\/uploads\/2024\/03\/Promesses-scaled.jpg?fit=676%2C436&amp;ssl=1\" class=\"alignleft size-thumbnail wp-image-35056\" src=\"https:\/\/i0.wp.com\/www.jojoenherbe.com\/wp-content\/uploads\/2024\/03\/Promesses.jpg?resize=150%2C150\" alt=\"\" width=\"150\" height=\"150\" srcset=\"https:\/\/i0.wp.com\/www.jojoenherbe.com\/wp-content\/uploads\/2024\/03\/Promesses-scaled.jpg?resize=150%2C150&amp;ssl=1 150w, https:\/\/i0.wp.com\/www.jojoenherbe.com\/wp-content\/uploads\/2024\/03\/Promesses-scaled.jpg?zoom=2&amp;resize=150%2C150 300w, https:\/\/i0.wp.com\/www.jojoenherbe.com\/wp-content\/uploads\/2024\/03\/Promesses-scaled.jpg?zoom=3&amp;resize=150%2C150 450w\" sizes=\"auto, (max-width: 150px) 100vw, 150px\" \/><\/a>Nous avons lu <span style=\"text-decoration: underline;\">Promesses<\/span> de Christine Naumann-Villemin et Marianne Barcilon (\u00e9d. Kal\u00e9idoscope, diff. L&rsquo;\u00e9cole des loisirs, septembre 2018), un album jeunesse \u00e0 partir de 3\/4 ans. Dans la for\u00eat, plus personne n&rsquo;ose aller dans le restaurant dont un loup f\u00e9roce a fait sa cantine. Et si Bouldini, un petit lapin magicien faisait changer les choses? Le duo autrice\/illustratrice a concoct\u00e9 une histoire dr\u00f4le et gourmande, sous fond de magie et de promesses tenues ou non. Un bon moment de lecture joliment illustr\u00e9!<\/em><\/p>\n<ul>\n<li style=\"text-align: justify;\"><em>(Album jeunesse) <strong><span style=\"text-decoration: underline;\">La f\u00eate des cr\u00eapes<\/span><\/strong> d\u2019Eva Lindell et Cecilia Heikkil\u00e4 <\/em><\/li>\n<\/ul>\n<p style=\"text-align: justify;\"><em><a href=\"https:\/\/i0.wp.com\/www.jojoenherbe.com\/wp-content\/uploads\/2024\/03\/La-fete-des-crepes-scaled.jpg\"><img data-recalc-dims=\"1\" loading=\"lazy\" decoding=\"async\" data-attachment-id=\"35055\" data-permalink=\"https:\/\/www.jojoenherbe.com\/index.php\/2024\/03\/04\/point-lecture-hebdomadaire-2024-9\/la-fete-des-crepes\/\" data-orig-file=\"https:\/\/i0.wp.com\/www.jojoenherbe.com\/wp-content\/uploads\/2024\/03\/La-fete-des-crepes-scaled.jpg?fit=2560%2C1634&amp;ssl=1\" data-orig-size=\"2560,1634\" data-comments-opened=\"1\" data-image-meta=\"{&quot;aperture&quot;:&quot;1.8&quot;,&quot;credit&quot;:&quot;&quot;,&quot;camera&quot;:&quot;iPhone 7&quot;,&quot;caption&quot;:&quot;&quot;,&quot;created_timestamp&quot;:&quot;1709571717&quot;,&quot;copyright&quot;:&quot;&quot;,&quot;focal_length&quot;:&quot;3.99&quot;,&quot;iso&quot;:&quot;80&quot;,&quot;shutter_speed&quot;:&quot;0.14285714285714&quot;,&quot;title&quot;:&quot;&quot;,&quot;orientation&quot;:&quot;1&quot;}\" data-image-title=\"La f\u00eate des cr\u00eapes\" data-image-description=\"\" data-image-caption=\"\" data-large-file=\"https:\/\/i0.wp.com\/www.jojoenherbe.com\/wp-content\/uploads\/2024\/03\/La-fete-des-crepes-scaled.jpg?fit=676%2C432&amp;ssl=1\" class=\"size-thumbnail wp-image-35055 alignright\" src=\"https:\/\/i0.wp.com\/www.jojoenherbe.com\/wp-content\/uploads\/2024\/03\/La-fete-des-crepes.jpg?resize=150%2C150\" alt=\"\" width=\"150\" height=\"150\" srcset=\"https:\/\/i0.wp.com\/www.jojoenherbe.com\/wp-content\/uploads\/2024\/03\/La-fete-des-crepes-scaled.jpg?resize=150%2C150&amp;ssl=1 150w, https:\/\/i0.wp.com\/www.jojoenherbe.com\/wp-content\/uploads\/2024\/03\/La-fete-des-crepes-scaled.jpg?zoom=2&amp;resize=150%2C150 300w, https:\/\/i0.wp.com\/www.jojoenherbe.com\/wp-content\/uploads\/2024\/03\/La-fete-des-crepes-scaled.jpg?zoom=3&amp;resize=150%2C150 450w\" sizes=\"auto, (max-width: 150px) 100vw, 150px\" \/><\/a>Nous avons lu <span style=\"text-decoration: underline;\">La f\u00eate des cr\u00eapes<\/span> d\u2019Eva Lindell et Cecilia Heikkil\u00e4 (\u00e9d. Cambourakis, janvier 2021, 32 pages), un album jeunesse \u00e0 partir de 3 ans. Se sentant seul, Momba d\u00e9cide d&rsquo;organiser une f\u00eate de l&rsquo;amiti\u00e9. Mais il est vite d\u00e9pass\u00e9 par les pr\u00e9paratifs, ayant envoy\u00e9 pas moins de 134 invitations. Aura-t-il pr\u00e9vu assez de nourriture pour les recevoir? Un bon moment de lecture tendre et gourmand! J&rsquo;en reparle tr\u00e8s vite.<\/em><\/p>\n<ul>\n<li style=\"text-align: justify;\"><em>(Album jeunesse) <strong><span style=\"text-decoration: underline;\">L\u2019\u00e9pouvantail au c\u0153ur de paille<\/span><\/strong> de Beth Ferry et The Fan Brothers<\/em><\/li>\n<\/ul>\n<p style=\"text-align: justify;\"><em><a href=\"https:\/\/i0.wp.com\/www.jojoenherbe.com\/wp-content\/uploads\/2024\/03\/Lepouvantail-au-coeur-de-paille-scaled.jpg\"><img data-recalc-dims=\"1\" loading=\"lazy\" decoding=\"async\" data-attachment-id=\"35054\" data-permalink=\"https:\/\/www.jojoenherbe.com\/index.php\/2024\/03\/04\/point-lecture-hebdomadaire-2024-9\/lepouvantail-au-coeur-de-paille\/\" data-orig-file=\"https:\/\/i0.wp.com\/www.jojoenherbe.com\/wp-content\/uploads\/2024\/03\/Lepouvantail-au-coeur-de-paille-scaled.jpg?fit=2560%2C1788&amp;ssl=1\" data-orig-size=\"2560,1788\" data-comments-opened=\"1\" data-image-meta=\"{&quot;aperture&quot;:&quot;1.8&quot;,&quot;credit&quot;:&quot;&quot;,&quot;camera&quot;:&quot;iPhone 7&quot;,&quot;caption&quot;:&quot;&quot;,&quot;created_timestamp&quot;:&quot;1709571734&quot;,&quot;copyright&quot;:&quot;&quot;,&quot;focal_length&quot;:&quot;3.99&quot;,&quot;iso&quot;:&quot;80&quot;,&quot;shutter_speed&quot;:&quot;0.14285714285714&quot;,&quot;title&quot;:&quot;&quot;,&quot;orientation&quot;:&quot;1&quot;}\" data-image-title=\"L\u2019\u00e9pouvantail au c\u0153ur de paille\" data-image-description=\"\" data-image-caption=\"\" data-large-file=\"https:\/\/i0.wp.com\/www.jojoenherbe.com\/wp-content\/uploads\/2024\/03\/Lepouvantail-au-coeur-de-paille-scaled.jpg?fit=676%2C472&amp;ssl=1\" class=\"alignleft size-thumbnail wp-image-35054\" src=\"https:\/\/i0.wp.com\/www.jojoenherbe.com\/wp-content\/uploads\/2024\/03\/Lepouvantail-au-coeur-de-paille.jpg?resize=150%2C150\" alt=\"\" width=\"150\" height=\"150\" srcset=\"https:\/\/i0.wp.com\/www.jojoenherbe.com\/wp-content\/uploads\/2024\/03\/Lepouvantail-au-coeur-de-paille-scaled.jpg?resize=150%2C150&amp;ssl=1 150w, https:\/\/i0.wp.com\/www.jojoenherbe.com\/wp-content\/uploads\/2024\/03\/Lepouvantail-au-coeur-de-paille-scaled.jpg?zoom=2&amp;resize=150%2C150 300w, https:\/\/i0.wp.com\/www.jojoenherbe.com\/wp-content\/uploads\/2024\/03\/Lepouvantail-au-coeur-de-paille-scaled.jpg?zoom=3&amp;resize=150%2C150 450w\" sizes=\"auto, (max-width: 150px) 100vw, 150px\" \/><\/a>Nous avons lu <span style=\"text-decoration: underline;\">L\u2019\u00e9pouvantail au c\u0153ur de paille<\/span> de Beth Ferry et The Fan Brothers (\u00e9d. Little Urban, avril 2020, 40 pages), un album jeunesse au format \u00e0 l\u2019italienne et \u00e0 partir de 3\/4 ans, joliment illustr\u00e9, avec un texte en rimes et dont l\u2019histoire rappelle celle de <a href=\"https:\/\/www.jojoenherbe.com\/index.php\/2021\/02\/11\/au-fil-des-pages-avec-lemouvantail\/\"><span style=\"text-decoration: underline;\">L\u2019\u00e9mouvantail<\/span><\/a> de Renaud Dillies, une BD jeunesse \u00e0 partir de 5 ans puisqu\u2019il s\u2019agit, ici, d\u2019un \u00e9pouvantail solitaire qui se lit d\u2019amiti\u00e9 avec un corbeau, au fil des saisons. Un bon moment de lecture bien que d\u00e9j\u00e0 vue!<\/em><\/p>\n<ul>\n<li><em>(Album jeunesse) <strong><span style=\"text-decoration: underline;\">Chercher le bonheur<\/span><\/strong> de Peggy Nille<\/em><\/li>\n<\/ul>\n<p style=\"text-align: justify;\"><em><a href=\"https:\/\/i0.wp.com\/www.jojoenherbe.com\/wp-content\/uploads\/2024\/03\/Chercher-le-bonheur-scaled.jpg\"><img data-recalc-dims=\"1\" loading=\"lazy\" decoding=\"async\" data-attachment-id=\"35057\" data-permalink=\"https:\/\/www.jojoenherbe.com\/index.php\/2024\/03\/04\/point-lecture-hebdomadaire-2024-9\/chercher-le-bonheur\/\" data-orig-file=\"https:\/\/i0.wp.com\/www.jojoenherbe.com\/wp-content\/uploads\/2024\/03\/Chercher-le-bonheur-scaled.jpg?fit=2560%2C1627&amp;ssl=1\" data-orig-size=\"2560,1627\" data-comments-opened=\"1\" data-image-meta=\"{&quot;aperture&quot;:&quot;1.8&quot;,&quot;credit&quot;:&quot;&quot;,&quot;camera&quot;:&quot;iPhone 7&quot;,&quot;caption&quot;:&quot;&quot;,&quot;created_timestamp&quot;:&quot;1709571727&quot;,&quot;copyright&quot;:&quot;&quot;,&quot;focal_length&quot;:&quot;3.99&quot;,&quot;iso&quot;:&quot;100&quot;,&quot;shutter_speed&quot;:&quot;0.16666666666667&quot;,&quot;title&quot;:&quot;&quot;,&quot;orientation&quot;:&quot;1&quot;}\" data-image-title=\"Chercher le bonheur\" data-image-description=\"\" data-image-caption=\"\" data-large-file=\"https:\/\/i0.wp.com\/www.jojoenherbe.com\/wp-content\/uploads\/2024\/03\/Chercher-le-bonheur-scaled.jpg?fit=676%2C430&amp;ssl=1\" class=\"size-thumbnail wp-image-35057 alignright\" src=\"https:\/\/i0.wp.com\/www.jojoenherbe.com\/wp-content\/uploads\/2024\/03\/Chercher-le-bonheur.jpg?resize=150%2C150\" alt=\"\" width=\"150\" height=\"150\" srcset=\"https:\/\/i0.wp.com\/www.jojoenherbe.com\/wp-content\/uploads\/2024\/03\/Chercher-le-bonheur-scaled.jpg?resize=150%2C150&amp;ssl=1 150w, https:\/\/i0.wp.com\/www.jojoenherbe.com\/wp-content\/uploads\/2024\/03\/Chercher-le-bonheur-scaled.jpg?zoom=2&amp;resize=150%2C150 300w, https:\/\/i0.wp.com\/www.jojoenherbe.com\/wp-content\/uploads\/2024\/03\/Chercher-le-bonheur-scaled.jpg?zoom=3&amp;resize=150%2C150 450w\" sizes=\"auto, (max-width: 150px) 100vw, 150px\" \/><\/a>Nous avons \u00e9galement lu <span style=\"text-decoration: underline;\">Chercher le bonheur<\/span> de Peggy Nille (\u00e9d. Actes Sud Junior, septembre 2022, 32 pages), un album jeunesse au format \u00e0 l\u2019italienne \u00e0 partir de 4\/5 ans avec les questionnements po\u00e9tiques et philosophiques d\u2019un pingouin (en r\u00e9alit\u00e9 un manchot empereur) sur le bonheur et qui peut \u00eatre \u00e9galement au plus jeune, sous forme d\u2019un cherche et trouve. Un bon voire tr\u00e8s bon moment de lecture joliment illustr\u00e9e!<br \/>\n<\/em><\/p>\n<p><em><span style=\"text-decoration: underline;\">Des lectures adulte<\/span>:<\/em><\/p>\n<p style=\"text-align: justify;\"><em>Parmi les romans adultes que j\u2019ai lus cette semaine, je ne parlerai dans ce billet que de certains<\/em>.<\/p>\n<ul>\n<li style=\"text-align: justify;\"><em>(Romance d\u2019urban fantasy) <span style=\"text-decoration: underline;\"><strong>Faerendell, La reine captive<\/strong><\/span> de Jocabel C. Caballero <strong>(T2)<\/strong><\/em><\/li>\n<\/ul>\n<p style=\"text-align: justify;\"><em><a href=\"https:\/\/i0.wp.com\/www.jojoenherbe.com\/wp-content\/uploads\/2024\/03\/Faerendell-La-reine-captive-T2.jpg\"><img data-recalc-dims=\"1\" loading=\"lazy\" decoding=\"async\" data-attachment-id=\"35044\" data-permalink=\"https:\/\/www.jojoenherbe.com\/index.php\/2024\/03\/04\/point-lecture-hebdomadaire-2024-9\/faerendell-la-reine-captive-t2\/\" data-orig-file=\"https:\/\/i0.wp.com\/www.jojoenherbe.com\/wp-content\/uploads\/2024\/03\/Faerendell-La-reine-captive-T2.jpg?fit=750%2C1334&amp;ssl=1\" data-orig-size=\"750,1334\" data-comments-opened=\"1\" data-image-meta=\"{&quot;aperture&quot;:&quot;0&quot;,&quot;credit&quot;:&quot;&quot;,&quot;camera&quot;:&quot;&quot;,&quot;caption&quot;:&quot;&quot;,&quot;created_timestamp&quot;:&quot;0&quot;,&quot;copyright&quot;:&quot;&quot;,&quot;focal_length&quot;:&quot;0&quot;,&quot;iso&quot;:&quot;0&quot;,&quot;shutter_speed&quot;:&quot;0&quot;,&quot;title&quot;:&quot;&quot;,&quot;orientation&quot;:&quot;1&quot;}\" data-image-title=\"Faerendell, La reine captive T2\" data-image-description=\"\" data-image-caption=\"\" data-large-file=\"https:\/\/i0.wp.com\/www.jojoenherbe.com\/wp-content\/uploads\/2024\/03\/Faerendell-La-reine-captive-T2.jpg?fit=576%2C1024&amp;ssl=1\" class=\"alignleft size-thumbnail wp-image-35044\" src=\"https:\/\/i0.wp.com\/www.jojoenherbe.com\/wp-content\/uploads\/2024\/03\/Faerendell-La-reine-captive-T2.jpg?resize=150%2C150\" alt=\"\" width=\"150\" height=\"150\" srcset=\"https:\/\/i0.wp.com\/www.jojoenherbe.com\/wp-content\/uploads\/2024\/03\/Faerendell-La-reine-captive-T2.jpg?resize=150%2C150&amp;ssl=1 150w, https:\/\/i0.wp.com\/www.jojoenherbe.com\/wp-content\/uploads\/2024\/03\/Faerendell-La-reine-captive-T2.jpg?zoom=2&amp;resize=150%2C150 300w, https:\/\/i0.wp.com\/www.jojoenherbe.com\/wp-content\/uploads\/2024\/03\/Faerendell-La-reine-captive-T2.jpg?zoom=3&amp;resize=150%2C150 450w\" sizes=\"auto, (max-width: 150px) 100vw, 150px\" \/><\/a>J&rsquo;ai lu, en e-book, le tome 2 de la trilogie <span style=\"text-decoration: underline;\"><strong>Faerendell, La reine captive<\/strong><\/span> de Jocabel C. Caballero (\u00e9d. Auto\u00e9dition, octobre 2023, 446 pages), une romance paranormale\/d\u2019urban fantasy chez les Fa\u00ebs qui reprend l\u00e0 o\u00f9 le tome pr\u00e9c\u00e9dent s&rsquo;\u00e9tait arr\u00eat\u00e9, Val\u00e9rian Brywraek, roi de la Cour des Lumi\u00e8res ayant emprisonn\u00e9 sa nouvelle femme et Reine des Sombres, Meredith Olafir qui, en rompant le trait\u00e9 de paix pour sauver son peuple a permis aux T\u00e9n\u00e8bres d&rsquo;attaquer. Le royaume de Faerendell peut-il encore \u00eatre sauv\u00e9 et la paix restaur\u00e9? Le pouvoir de Meredith n&rsquo;est-il pas plus puissant que sa condition de Fa\u00eb mi-humaine ne le laisse supposer? Ce tome permet d&rsquo;en savoir plus sur les alliances et trahisons du pass\u00e9 qui ont permis aux T\u00e9n\u00e8bres d&rsquo;exister. <\/em><\/p>\n<ul>\n<li style=\"text-align: justify;\"><em>(Romance d\u2019urban fantasy) <span style=\"text-decoration: underline;\"><strong>Faerendell, La derni\u00e8re couronne<\/strong><\/span> de Jocabel C. Caballero <strong>(T3)<\/strong><\/em><\/li>\n<\/ul>\n<p style=\"text-align: justify;\"><em><a href=\"https:\/\/i0.wp.com\/www.jojoenherbe.com\/wp-content\/uploads\/2024\/03\/Faerendell-La-derniere-couronne-T3.jpg\"><img data-recalc-dims=\"1\" loading=\"lazy\" decoding=\"async\" data-attachment-id=\"35043\" data-permalink=\"https:\/\/www.jojoenherbe.com\/index.php\/2024\/03\/04\/point-lecture-hebdomadaire-2024-9\/faerendell-la-derniere-couronne-t3\/\" data-orig-file=\"https:\/\/i0.wp.com\/www.jojoenherbe.com\/wp-content\/uploads\/2024\/03\/Faerendell-La-derniere-couronne-T3.jpg?fit=750%2C1334&amp;ssl=1\" data-orig-size=\"750,1334\" data-comments-opened=\"1\" data-image-meta=\"{&quot;aperture&quot;:&quot;0&quot;,&quot;credit&quot;:&quot;&quot;,&quot;camera&quot;:&quot;&quot;,&quot;caption&quot;:&quot;&quot;,&quot;created_timestamp&quot;:&quot;0&quot;,&quot;copyright&quot;:&quot;&quot;,&quot;focal_length&quot;:&quot;0&quot;,&quot;iso&quot;:&quot;0&quot;,&quot;shutter_speed&quot;:&quot;0&quot;,&quot;title&quot;:&quot;&quot;,&quot;orientation&quot;:&quot;1&quot;}\" data-image-title=\"Faerendell, La derni\u00e8re couronne T3\" data-image-description=\"\" data-image-caption=\"\" data-large-file=\"https:\/\/i0.wp.com\/www.jojoenherbe.com\/wp-content\/uploads\/2024\/03\/Faerendell-La-derniere-couronne-T3.jpg?fit=576%2C1024&amp;ssl=1\" class=\"size-thumbnail wp-image-35043 alignright\" src=\"https:\/\/i0.wp.com\/www.jojoenherbe.com\/wp-content\/uploads\/2024\/03\/Faerendell-La-derniere-couronne-T3.jpg?resize=150%2C150\" alt=\"\" width=\"150\" height=\"150\" srcset=\"https:\/\/i0.wp.com\/www.jojoenherbe.com\/wp-content\/uploads\/2024\/03\/Faerendell-La-derniere-couronne-T3.jpg?resize=150%2C150&amp;ssl=1 150w, https:\/\/i0.wp.com\/www.jojoenherbe.com\/wp-content\/uploads\/2024\/03\/Faerendell-La-derniere-couronne-T3.jpg?zoom=2&amp;resize=150%2C150 300w, https:\/\/i0.wp.com\/www.jojoenherbe.com\/wp-content\/uploads\/2024\/03\/Faerendell-La-derniere-couronne-T3.jpg?zoom=3&amp;resize=150%2C150 450w\" sizes=\"auto, (max-width: 150px) 100vw, 150px\" \/><\/a>J\u2019ai encha\u00een\u00e9, le lendemain, avec le 3e et dernier tome, en e-book, de Faerendell, La derni\u00e8re couronne de Jocabel C. Caballero (\u00e9d. Auto\u00e9dition, d\u00e9cembre 2023, 516 pages), une romance paranormale\/d\u2019urban fantasy chez les Fa\u00ebs, Meredith ayant \u00e9t\u00e9 enlev\u00e9 par les T\u00e9n\u00e8bres obligeant Valerian \u00e0 s&rsquo;allier au Roi de la Cour des Mers. Mais cela permettra-t-il de mettre fin \u00e0 la noirceur? L&rsquo;Amour entre Fa\u00ebs est-il vraiment une mal\u00e9diction? Encore un bon moment de lecture!<\/em><\/p>\n<ul>\n<li style=\"text-align: justify;\"><em>(Romance historique gaslamp fantasy) <strong><span style=\"text-decoration: underline;\">Les Cousins Garland, Insaisissable Violet<\/span><\/strong> d\u2019Emily Larkin <strong>(T2)<\/strong><\/em><\/li>\n<\/ul>\n<p style=\"text-align: justify;\"><em><a href=\"https:\/\/i0.wp.com\/www.jojoenherbe.com\/wp-content\/uploads\/2024\/03\/Les-Cousins-Garland-T2.jpg\"><img data-recalc-dims=\"1\" loading=\"lazy\" decoding=\"async\" data-attachment-id=\"34985\" data-permalink=\"https:\/\/www.jojoenherbe.com\/index.php\/2024\/03\/01\/rat-british-mysteries-2024\/les-cousins-garland-t2\/\" data-orig-file=\"https:\/\/i0.wp.com\/www.jojoenherbe.com\/wp-content\/uploads\/2024\/03\/Les-Cousins-Garland-T2.jpg?fit=750%2C1334&amp;ssl=1\" data-orig-size=\"750,1334\" data-comments-opened=\"1\" data-image-meta=\"{&quot;aperture&quot;:&quot;0&quot;,&quot;credit&quot;:&quot;&quot;,&quot;camera&quot;:&quot;&quot;,&quot;caption&quot;:&quot;&quot;,&quot;created_timestamp&quot;:&quot;0&quot;,&quot;copyright&quot;:&quot;&quot;,&quot;focal_length&quot;:&quot;0&quot;,&quot;iso&quot;:&quot;0&quot;,&quot;shutter_speed&quot;:&quot;0&quot;,&quot;title&quot;:&quot;&quot;,&quot;orientation&quot;:&quot;1&quot;}\" data-image-title=\"Les Cousins Garland T2\" data-image-description=\"\" data-image-caption=\"\" data-large-file=\"https:\/\/i0.wp.com\/www.jojoenherbe.com\/wp-content\/uploads\/2024\/03\/Les-Cousins-Garland-T2.jpg?fit=576%2C1024&amp;ssl=1\" class=\"alignleft size-thumbnail wp-image-34985\" src=\"https:\/\/i0.wp.com\/www.jojoenherbe.com\/wp-content\/uploads\/2024\/03\/Les-Cousins-Garland-T2.jpg?resize=150%2C150\" alt=\"\" width=\"150\" height=\"150\" srcset=\"https:\/\/i0.wp.com\/www.jojoenherbe.com\/wp-content\/uploads\/2024\/03\/Les-Cousins-Garland-T2.jpg?resize=150%2C150&amp;ssl=1 150w, https:\/\/i0.wp.com\/www.jojoenherbe.com\/wp-content\/uploads\/2024\/03\/Les-Cousins-Garland-T2.jpg?zoom=2&amp;resize=150%2C150 300w, https:\/\/i0.wp.com\/www.jojoenherbe.com\/wp-content\/uploads\/2024\/03\/Les-Cousins-Garland-T2.jpg?zoom=3&amp;resize=150%2C150 450w\" sizes=\"auto, (max-width: 150px) 100vw, 150px\" \/><\/a>J&rsquo;ai lu le tome 2 des <span style=\"text-decoration: underline;\">Cousins Garland, Insaisissable Violet<\/span> d\u2019Emily Larkin (\u00e9d. J\u2019ai lu pour elle, coll. Aventures &amp; Passions, n\u00b013974, d\u00e9cembre 2023, 448 pages), une romance historique se d\u00e9roulant \u00e0 Londres, en 1802, sous fond d\u2019enqu\u00eate et avec un soup\u00e7on de gaslamp fantasy. <\/em><span class=\"actual-text\"><em> Lady Violet Garland, fille de duc \u00e2g\u00e9e de 25 ans a le pouvoir de voler et apporte son aide, bien malgr\u00e9 lui, \u00e0 Perry Wintersmith, un officier de Bow Street, \u00e2g\u00e9 de 26 ans et qui enqu\u00eate discr\u00e8tement parmi l\u2019aristocratie sur des vols de pendules.<\/em> <\/span><em>Une lecture plaisante, que j\u2019ai d\u2019ailleurs pr\u00e9f\u00e9r\u00e9 au tome 1, ayant appr\u00e9ci\u00e9 la relation qui se noue entre Lady Violet et Perry, les deux apprenant \u00e0 se conna\u00eetre et se faire mutuellement confiance et \u00e0 s\u2019appr\u00e9cier, et m\u00eame plus que cela, le temps d\u2019une enqu\u00eate. J\u2019ai trouv\u00e9 que le dosage entre romance et enqu\u00eate \u00e9tait bien dos\u00e9e, m\u00eame si \u00e7a reste l\u00e9ger et la r\u00e9solution de l\u2019enqu\u00eate assez simple, l\u2019enqu\u00eate \u00e9tant plus un pr\u00e9texte \u00e0 faire avancer la romance.<\/em><\/p>\n<p><strong><span style=\"text-decoration: underline;\">Ma lecture en cours<\/span>:<\/strong><\/p>\n<p><em>(Roman policier historique) <span style=\"text-decoration: underline;\"><strong>Un deuil dangereux<\/strong><\/span> d\u2019Anne Perry <strong>(T2)<\/strong><\/em><\/p>\n<p style=\"text-align: justify;\"><em><a href=\"https:\/\/i0.wp.com\/www.jojoenherbe.com\/wp-content\/uploads\/2024\/03\/Monk-Un-deuil-dangereux-T2.png\"><img data-recalc-dims=\"1\" loading=\"lazy\" decoding=\"async\" data-attachment-id=\"35028\" data-permalink=\"https:\/\/www.jojoenherbe.com\/index.php\/2024\/03\/01\/rat-british-mysteries-2024\/monk-un-deuil-dangereux-t2\/\" data-orig-file=\"https:\/\/i0.wp.com\/www.jojoenherbe.com\/wp-content\/uploads\/2024\/03\/Monk-Un-deuil-dangereux-T2.png?fit=750%2C1334&amp;ssl=1\" data-orig-size=\"750,1334\" data-comments-opened=\"1\" data-image-meta=\"{&quot;aperture&quot;:&quot;0&quot;,&quot;credit&quot;:&quot;&quot;,&quot;camera&quot;:&quot;&quot;,&quot;caption&quot;:&quot;&quot;,&quot;created_timestamp&quot;:&quot;0&quot;,&quot;copyright&quot;:&quot;&quot;,&quot;focal_length&quot;:&quot;0&quot;,&quot;iso&quot;:&quot;0&quot;,&quot;shutter_speed&quot;:&quot;0&quot;,&quot;title&quot;:&quot;&quot;,&quot;orientation&quot;:&quot;0&quot;}\" data-image-title=\"Monk, Un deuil dangereux T2\" data-image-description=\"\" data-image-caption=\"\" data-large-file=\"https:\/\/i0.wp.com\/www.jojoenherbe.com\/wp-content\/uploads\/2024\/03\/Monk-Un-deuil-dangereux-T2.png?fit=576%2C1024&amp;ssl=1\" class=\"size-thumbnail wp-image-35028 alignright\" src=\"https:\/\/i0.wp.com\/www.jojoenherbe.com\/wp-content\/uploads\/2024\/03\/Monk-Un-deuil-dangereux-T2.png?resize=150%2C150\" alt=\"\" width=\"150\" height=\"150\" srcset=\"https:\/\/i0.wp.com\/www.jojoenherbe.com\/wp-content\/uploads\/2024\/03\/Monk-Un-deuil-dangereux-T2.png?resize=150%2C150&amp;ssl=1 150w, https:\/\/i0.wp.com\/www.jojoenherbe.com\/wp-content\/uploads\/2024\/03\/Monk-Un-deuil-dangereux-T2.png?zoom=2&amp;resize=150%2C150 300w, https:\/\/i0.wp.com\/www.jojoenherbe.com\/wp-content\/uploads\/2024\/03\/Monk-Un-deuil-dangereux-T2.png?zoom=3&amp;resize=150%2C150 450w\" sizes=\"auto, (max-width: 150px) 100vw, 150px\" \/><\/a>Pendant le <a href=\"https:\/\/www.jojoenherbe.com\/index.php\/2024\/03\/01\/rat-british-mysteries-2024\/\">RAT British Mysteries 2024<\/a>, j&rsquo;ai lu jusqu&rsquo;au chapitre IX (333 pages lues) le tome 2 de <span style=\"text-decoration: underline;\">Monk, Un deuil dangereux<\/span> d&rsquo;Anne Perry (\u00e9d. 10\/18, coll. Grands D\u00e9tectives, 1999, 476 pages), un roman policier se d\u00e9roulant \u00e0 Londres, dans les ann\u00e9es 1850. Ce deuxi\u00e8me tome (sur 24) reprend quelques semaines apr\u00e8s l\u2019enqu\u00eate du premier tome, les premiers chapitres faisant mention du proc\u00e8s du coupable (me permettant de faire la connaissance avec un nouveau personnage r\u00e9current, l\u2019avocat Oliver Rathbone). Cette fois, l\u2019inspecteur Monk, toujours assist\u00e9 du sergent Evan, est charg\u00e9 d\u2019enqu\u00eater sur le meurtre de la fille de Lord Moidore, qui a \u00e9t\u00e9 poignard\u00e9e, en pleine nuit, dans sa chambre, le coupable ne pouvant \u00eatre qu\u2019un des r\u00e9sidents dans la demeure de Queen Anne Street (membres de la famille ou domestiques) et non le fait d\u2019un cambrioleur. Pour le moment, j&rsquo;appr\u00e9cie ma lecture et en reparlerai tr\u00e8s vite, une fois ce tome fini.<\/em><\/p>\n","protected":false},"excerpt":{"rendered":"<p>En ce d\u00e9but de semaine, voici mon point lecture hebdomadaire avec un retour sur nos lectures de la semaine derni\u00e8re (mais pas nos relectures). Nos lectures du 26 f\u00e9vrier au 3 mars 2024: Des lectures jeunesse: Mon mini lecteur a encore relu cette semaine plusieurs tomes de Mortelle Ad\u00e8le et d&rsquo;Ajax. (Album jeunesse) Promesses de [&hellip;]<\/p>\n","protected":false},"author":1,"featured_media":35053,"comment_status":"open","ping_status":"open","sticky":false,"template":"","format":"standard","meta":{"jetpack_post_was_ever_published":false,"_jetpack_newsletter_access":"","_jetpack_dont_email_post_to_subs":false,"_jetpack_newsletter_tier_id":0,"_jetpack_memberships_contains_paywalled_content":false,"_jetpack_memberships_contains_paid_content":false,"footnotes":""},"categories":[2140,363],"tags":[409,2348,4156,4154,1701,4153,3846,3184,1085,367,1476,4147,4155,2767,1818,1329,844,3798,905,3570,1545],"class_list":["post-35040","post","type-post","status-publish","format-standard","has-post-thumbnail","hentry","category-mini-blogueur","category-mini-lecteur","tag-albums-jeunesse","tag-anne-perry","tag-beth-ferry","tag-cecilia-heikkila","tag-christine-naumann-villemin","tag-eva-lindell","tag-faerendell","tag-jocabel-c-caballero","tag-lecture-adulte","tag-lecture-jeunesse","tag-marianne-barcilon","tag-monk","tag-peggy-nille","tag-point-lecture-hebdo","tag-roman-historique","tag-roman-policier","tag-romance","tag-romance-paranormale","tag-romans-adulte","tag-romantasy","tag-the-fan-brothers","post-preview"],"jetpack_featured_media_url":"https:\/\/i0.wp.com\/www.jojoenherbe.com\/wp-content\/uploads\/2024\/03\/Point-lecture-hebdo-2024-9-scaled.jpg?fit=2560%2C1590&ssl=1","jetpack_sharing_enabled":true,"jetpack_shortlink":"https:\/\/wp.me\/p9zhGx-97a","jetpack_likes_enabled":true,"jetpack-related-posts":[{"id":37057,"url":"https:\/\/www.jojoenherbe.com\/index.php\/2024\/09\/30\/point-lecture-hebdomadaire-2024-39\/","url_meta":{"origin":35040,"position":0},"title":"Point lecture hebdomadaire 2024 #39","author":"Jojo","date":"30 septembre 2024","format":false,"excerpt":"En ce d\u00e9but de semaine, voici mon point lecture hebdomadaire avec un retour sur nos lectures (mais pas nos relectures) de la semaine derni\u00e8re. Nos lectures du 23 au 29 septembre 2024: Des lectures jeunesse: Nous avons continu\u00e9 chaque soir et presque fini de lire Le jardin secret de Frances\u2026","rel":"","context":"Dans &quot;Mini blogueur&quot;","block_context":{"text":"Mini blogueur","link":"https:\/\/www.jojoenherbe.com\/index.php\/category\/mini-blogueur\/"},"img":{"alt_text":"","src":"https:\/\/i0.wp.com\/www.jojoenherbe.com\/wp-content\/uploads\/2020\/04\/Le-jardin-secret-150x150.jpg?resize=350%2C200","width":350,"height":200},"classes":[]},{"id":10011,"url":"https:\/\/www.jojoenherbe.com\/index.php\/2020\/02\/14\/au-fil-des-pages-avec-la-tetine-de-nina\/","url_meta":{"origin":35040,"position":1},"title":"Au fil des pages avec La t\u00e9tine de Nina","author":"Jojo","date":"14 f\u00e9vrier 2020","format":false,"excerpt":"Nous lisons La t\u00e9tine de Nina de Christine Naumann-Villemin et Marianne Barcilon (\u00e9d. L'\u00e9cole des loisirs, 2019), un album jeunesse \u00e0 partir de 3 ans. Qu'il est bien difficile pour Nina de se d\u00e9barrasser de sa t\u00e9tine. Elle ne peut envisager son futur qu'avec elle, au grand dam de sa\u2026","rel":"","context":"Dans &quot;Mini lecteur&quot;","block_context":{"text":"Mini lecteur","link":"https:\/\/www.jojoenherbe.com\/index.php\/category\/mini-lecteur\/"},"img":{"alt_text":"","src":"https:\/\/i0.wp.com\/www.jojoenherbe.com\/wp-content\/uploads\/2020\/02\/La-t%C3%A9tine-de-Nina-scaled.jpg?fit=1200%2C861&ssl=1&resize=350%2C200","width":350,"height":200,"srcset":"https:\/\/i0.wp.com\/www.jojoenherbe.com\/wp-content\/uploads\/2020\/02\/La-t%C3%A9tine-de-Nina-scaled.jpg?fit=1200%2C861&ssl=1&resize=350%2C200 1x, https:\/\/i0.wp.com\/www.jojoenherbe.com\/wp-content\/uploads\/2020\/02\/La-t%C3%A9tine-de-Nina-scaled.jpg?fit=1200%2C861&ssl=1&resize=525%2C300 1.5x, https:\/\/i0.wp.com\/www.jojoenherbe.com\/wp-content\/uploads\/2020\/02\/La-t%C3%A9tine-de-Nina-scaled.jpg?fit=1200%2C861&ssl=1&resize=700%2C400 2x, https:\/\/i0.wp.com\/www.jojoenherbe.com\/wp-content\/uploads\/2020\/02\/La-t%C3%A9tine-de-Nina-scaled.jpg?fit=1200%2C861&ssl=1&resize=1050%2C600 3x"},"classes":[]},{"id":16061,"url":"https:\/\/www.jojoenherbe.com\/index.php\/2021\/02\/25\/au-fil-des-pages-avec-le-lit-des-parents\/","url_meta":{"origin":35040,"position":2},"title":"Au fil des pages avec Le lit des parents","author":"Jojo","date":"25 f\u00e9vrier 2021","format":false,"excerpt":"Nous empruntons \u00e0 la m\u00e9diath\u00e8que Le lit des parents de Christine Naumann-Villemin et Marianne Barcilon (\u00e9d. Kal\u00e9idoscope, 2007), un album jeunesse \u00e0 partir de 3 ans. L\u00e9o est un petit ourson qui a bien du mal \u00e0 rester dans son lit pendant la nuit. Tout un tas de raisons le\u2026","rel":"","context":"Dans &quot;Mini lecteur&quot;","block_context":{"text":"Mini lecteur","link":"https:\/\/www.jojoenherbe.com\/index.php\/category\/mini-lecteur\/"},"img":{"alt_text":"","src":"https:\/\/i0.wp.com\/www.jojoenherbe.com\/wp-content\/uploads\/2021\/02\/Le-lit-des-parents-scaled.jpg?fit=1200%2C912&ssl=1&resize=350%2C200","width":350,"height":200,"srcset":"https:\/\/i0.wp.com\/www.jojoenherbe.com\/wp-content\/uploads\/2021\/02\/Le-lit-des-parents-scaled.jpg?fit=1200%2C912&ssl=1&resize=350%2C200 1x, https:\/\/i0.wp.com\/www.jojoenherbe.com\/wp-content\/uploads\/2021\/02\/Le-lit-des-parents-scaled.jpg?fit=1200%2C912&ssl=1&resize=525%2C300 1.5x, https:\/\/i0.wp.com\/www.jojoenherbe.com\/wp-content\/uploads\/2021\/02\/Le-lit-des-parents-scaled.jpg?fit=1200%2C912&ssl=1&resize=700%2C400 2x, https:\/\/i0.wp.com\/www.jojoenherbe.com\/wp-content\/uploads\/2021\/02\/Le-lit-des-parents-scaled.jpg?fit=1200%2C912&ssl=1&resize=1050%2C600 3x"},"classes":[]},{"id":31501,"url":"https:\/\/www.jojoenherbe.com\/index.php\/2023\/08\/21\/point-lecture-hebdomadaire-2023-33\/","url_meta":{"origin":35040,"position":3},"title":"Point lecture hebdomadaire 2023 #33","author":"Jojo","date":"21 ao\u00fbt 2023","format":false,"excerpt":"En ce d\u00e9but de semaine, voici notre point lecture hebdomadaire avec un retour sur nos lectures de la semaine derni\u00e8re (mais pas nos relectures). Nos lectures du 14 au 20 ao\u00fbt 2023: Des lectures jeunesse: (Roman jeunesse) Vol d\u2019\u00e9t\u00e9 de Marie-Anne Abesdris Nous avons lu Vol d\u2019\u00e9t\u00e9 de Marie-Anne Abesdris\u2026","rel":"","context":"Dans &quot;Mini blogueur&quot;","block_context":{"text":"Mini blogueur","link":"https:\/\/www.jojoenherbe.com\/index.php\/category\/mini-blogueur\/"},"img":{"alt_text":"","src":"https:\/\/i0.wp.com\/www.jojoenherbe.com\/wp-content\/uploads\/2023\/08\/Vol-dete-150x150.jpg?resize=350%2C200","width":350,"height":200},"classes":[]},{"id":25915,"url":"https:\/\/www.jojoenherbe.com\/index.php\/2022\/06\/20\/point-lecture-hebdomadaire-46\/","url_meta":{"origin":35040,"position":4},"title":"Point lecture hebdomadaire #46","author":"Jojo","date":"20 juin 2022","format":false,"excerpt":"En ce d\u00e9but de semaine, voici notre point lecture hebdomadaire avec un retour sur nos lectures de la semaine derni\u00e8re (mais pas nos relectures) et ma lecture en cours. j'ai surtout pioch\u00e9 dans ma PAL anglo-saxonne puisqu'en juin, c'est le Mois Anglais 2022 coorganis\u00e9e par Lou et Titine. Nos lectures\u2026","rel":"","context":"Dans &quot;Mini blogueur&quot;","block_context":{"text":"Mini blogueur","link":"https:\/\/www.jojoenherbe.com\/index.php\/category\/mini-blogueur\/"},"img":{"alt_text":"","src":"https:\/\/i0.wp.com\/www.jojoenherbe.com\/wp-content\/uploads\/2022\/07\/Point-lecture-hebdo-46-scaled.jpg?fit=1200%2C795&ssl=1&resize=350%2C200","width":350,"height":200,"srcset":"https:\/\/i0.wp.com\/www.jojoenherbe.com\/wp-content\/uploads\/2022\/07\/Point-lecture-hebdo-46-scaled.jpg?fit=1200%2C795&ssl=1&resize=350%2C200 1x, https:\/\/i0.wp.com\/www.jojoenherbe.com\/wp-content\/uploads\/2022\/07\/Point-lecture-hebdo-46-scaled.jpg?fit=1200%2C795&ssl=1&resize=525%2C300 1.5x, https:\/\/i0.wp.com\/www.jojoenherbe.com\/wp-content\/uploads\/2022\/07\/Point-lecture-hebdo-46-scaled.jpg?fit=1200%2C795&ssl=1&resize=700%2C400 2x, https:\/\/i0.wp.com\/www.jojoenherbe.com\/wp-content\/uploads\/2022\/07\/Point-lecture-hebdo-46-scaled.jpg?fit=1200%2C795&ssl=1&resize=1050%2C600 3x"},"classes":[]},{"id":36648,"url":"https:\/\/www.jojoenherbe.com\/index.php\/2024\/07\/15\/point-lecture-hebdomadaire-2024-28\/","url_meta":{"origin":35040,"position":5},"title":"Point lecture hebdomadaire 2024 #28","author":"Jojo","date":"15 juillet 2024","format":false,"excerpt":"En ce d\u00e9but de semaine, voici mon point lecture hebdomadaire avec un retour sur nos lectures (mais pas nos relectures) de la semaine derni\u00e8re. Nos lectures du 8 au 14 juillet 2024: Des lectures jeunesse: C\u00f4t\u00e9 jeunesse, nous n'avons eu que des relectures avec mon mini lutin. Des lectures adulte:\u2026","rel":"","context":"Dans &quot;Mini blogueur&quot;","block_context":{"text":"Mini blogueur","link":"https:\/\/www.jojoenherbe.com\/index.php\/category\/mini-blogueur\/"},"img":{"alt_text":"","src":"https:\/\/i0.wp.com\/www.jojoenherbe.com\/wp-content\/uploads\/2024\/07\/Point-lecture-hebdo-2024-28.jpg?fit=1200%2C960&ssl=1&resize=350%2C200","width":350,"height":200,"srcset":"https:\/\/i0.wp.com\/www.jojoenherbe.com\/wp-content\/uploads\/2024\/07\/Point-lecture-hebdo-2024-28.jpg?fit=1200%2C960&ssl=1&resize=350%2C200 1x, https:\/\/i0.wp.com\/www.jojoenherbe.com\/wp-content\/uploads\/2024\/07\/Point-lecture-hebdo-2024-28.jpg?fit=1200%2C960&ssl=1&resize=525%2C300 1.5x, https:\/\/i0.wp.com\/www.jojoenherbe.com\/wp-content\/uploads\/2024\/07\/Point-lecture-hebdo-2024-28.jpg?fit=1200%2C960&ssl=1&resize=700%2C400 2x, https:\/\/i0.wp.com\/www.jojoenherbe.com\/wp-content\/uploads\/2024\/07\/Point-lecture-hebdo-2024-28.jpg?fit=1200%2C960&ssl=1&resize=1050%2C600 3x"},"classes":[]}],"_links":{"self":[{"href":"https:\/\/www.jojoenherbe.com\/index.php\/wp-json\/wp\/v2\/posts\/35040","targetHints":{"allow":["GET"]}}],"collection":[{"href":"https:\/\/www.jojoenherbe.com\/index.php\/wp-json\/wp\/v2\/posts"}],"about":[{"href":"https:\/\/www.jojoenherbe.com\/index.php\/wp-json\/wp\/v2\/types\/post"}],"author":[{"embeddable":true,"href":"https:\/\/www.jojoenherbe.com\/index.php\/wp-json\/wp\/v2\/users\/1"}],"replies":[{"embeddable":true,"href":"https:\/\/www.jojoenherbe.com\/index.php\/wp-json\/wp\/v2\/comments?post=35040"}],"version-history":[{"count":12,"href":"https:\/\/www.jojoenherbe.com\/index.php\/wp-json\/wp\/v2\/posts\/35040\/revisions"}],"predecessor-version":[{"id":35090,"href":"https:\/\/www.jojoenherbe.com\/index.php\/wp-json\/wp\/v2\/posts\/35040\/revisions\/35090"}],"wp:featuredmedia":[{"embeddable":true,"href":"https:\/\/www.jojoenherbe.com\/index.php\/wp-json\/wp\/v2\/media\/35053"}],"wp:attachment":[{"href":"https:\/\/www.jojoenherbe.com\/index.php\/wp-json\/wp\/v2\/media?parent=35040"}],"wp:term":[{"taxonomy":"category","embeddable":true,"href":"https:\/\/www.jojoenherbe.com\/index.php\/wp-json\/wp\/v2\/categories?post=35040"},{"taxonomy":"post_tag","embeddable":true,"href":"https:\/\/www.jojoenherbe.com\/index.php\/wp-json\/wp\/v2\/tags?post=35040"}],"curies":[{"name":"wp","href":"https:\/\/api.w.org\/{rel}","templated":true}]}}