{"id":34954,"date":"2024-02-28T18:36:44","date_gmt":"2024-02-28T17:36:44","guid":{"rendered":"https:\/\/www.jojoenherbe.com\/?p=34954"},"modified":"2024-02-28T18:36:44","modified_gmt":"2024-02-28T17:36:44","slug":"des-romances-medievales-en-fevrier-2024","status":"publish","type":"post","link":"https:\/\/www.jojoenherbe.com\/index.php\/2024\/02\/28\/des-romances-medievales-en-fevrier-2024\/","title":{"rendered":"Des romances m\u00e9di\u00e9vales en f\u00e9vrier 2024"},"content":{"rendered":"<p style=\"text-align: justify;\"><a href=\"https:\/\/i0.wp.com\/www.jojoenherbe.com\/wp-content\/uploads\/2024\/01\/Challenge-Romances-Historiques-2024-2.jpg\"><img data-recalc-dims=\"1\" loading=\"lazy\" decoding=\"async\" data-attachment-id=\"34570\" data-permalink=\"https:\/\/www.jojoenherbe.com\/index.php\/2024\/01\/31\/des-romances-historiques-amour-interdit-difference-de-classe-sociale-en-janvier-2024\/challenge-romances-historiques-2024-2\/\" data-orig-file=\"https:\/\/i0.wp.com\/www.jojoenherbe.com\/wp-content\/uploads\/2024\/01\/Challenge-Romances-Historiques-2024-2.jpg?fit=1414%2C2000&amp;ssl=1\" data-orig-size=\"1414,2000\" data-comments-opened=\"1\" data-image-meta=\"{&quot;aperture&quot;:&quot;0&quot;,&quot;credit&quot;:&quot;&quot;,&quot;camera&quot;:&quot;&quot;,&quot;caption&quot;:&quot;&quot;,&quot;created_timestamp&quot;:&quot;1705331207&quot;,&quot;copyright&quot;:&quot;&quot;,&quot;focal_length&quot;:&quot;0&quot;,&quot;iso&quot;:&quot;0&quot;,&quot;shutter_speed&quot;:&quot;0&quot;,&quot;title&quot;:&quot;&quot;,&quot;orientation&quot;:&quot;1&quot;}\" data-image-title=\"Challenge Romances Historiques 2024 (2)\" data-image-description=\"\" data-image-caption=\"\" data-large-file=\"https:\/\/i0.wp.com\/www.jojoenherbe.com\/wp-content\/uploads\/2024\/01\/Challenge-Romances-Historiques-2024-2.jpg?fit=676%2C956&amp;ssl=1\" class=\"alignleft size-thumbnail wp-image-34570\" src=\"https:\/\/i0.wp.com\/www.jojoenherbe.com\/wp-content\/uploads\/2024\/01\/Challenge-Romances-Historiques-2024-2.jpg?resize=150%2C150\" alt=\"\" width=\"150\" height=\"150\" srcset=\"https:\/\/i0.wp.com\/www.jojoenherbe.com\/wp-content\/uploads\/2024\/01\/Challenge-Romances-Historiques-2024-2.jpg?resize=150%2C150&amp;ssl=1 150w, https:\/\/i0.wp.com\/www.jojoenherbe.com\/wp-content\/uploads\/2024\/01\/Challenge-Romances-Historiques-2024-2.jpg?zoom=2&amp;resize=150%2C150 300w, https:\/\/i0.wp.com\/www.jojoenherbe.com\/wp-content\/uploads\/2024\/01\/Challenge-Romances-Historiques-2024-2.jpg?zoom=3&amp;resize=150%2C150 450w\" sizes=\"auto, (max-width: 150px) 100vw, 150px\" \/><\/a> <img data-recalc-dims=\"1\" loading=\"lazy\" decoding=\"async\" data-attachment-id=\"34571\" data-permalink=\"https:\/\/www.jojoenherbe.com\/index.php\/2024\/01\/31\/des-romances-historiques-amour-interdit-difference-de-classe-sociale-en-janvier-2024\/la-guilde-des-histo\/\" data-orig-file=\"https:\/\/i0.wp.com\/www.jojoenherbe.com\/wp-content\/uploads\/2024\/01\/La-Guilde-des-Histo.jpg?fit=768%2C960&amp;ssl=1\" data-orig-size=\"768,960\" data-comments-opened=\"1\" data-image-meta=\"{&quot;aperture&quot;:&quot;0&quot;,&quot;credit&quot;:&quot;&quot;,&quot;camera&quot;:&quot;&quot;,&quot;caption&quot;:&quot;&quot;,&quot;created_timestamp&quot;:&quot;0&quot;,&quot;copyright&quot;:&quot;&quot;,&quot;focal_length&quot;:&quot;0&quot;,&quot;iso&quot;:&quot;0&quot;,&quot;shutter_speed&quot;:&quot;0&quot;,&quot;title&quot;:&quot;&quot;,&quot;orientation&quot;:&quot;0&quot;}\" data-image-title=\"La Guilde des Histo\" data-image-description=\"\" data-image-caption=\"\" data-large-file=\"https:\/\/i0.wp.com\/www.jojoenherbe.com\/wp-content\/uploads\/2024\/01\/La-Guilde-des-Histo.jpg?fit=676%2C845&amp;ssl=1\" class=\"alignleft wp-image-34571 size-thumbnail\" src=\"https:\/\/i0.wp.com\/www.jojoenherbe.com\/wp-content\/uploads\/2024\/01\/La-Guilde-des-Histo.jpg?resize=150%2C150\" alt=\"\" width=\"150\" height=\"150\" srcset=\"https:\/\/i0.wp.com\/www.jojoenherbe.com\/wp-content\/uploads\/2024\/01\/La-Guilde-des-Histo.jpg?resize=150%2C150&amp;ssl=1 150w, https:\/\/i0.wp.com\/www.jojoenherbe.com\/wp-content\/uploads\/2024\/01\/La-Guilde-des-Histo.jpg?zoom=2&amp;resize=150%2C150 300w, https:\/\/i0.wp.com\/www.jojoenherbe.com\/wp-content\/uploads\/2024\/01\/La-Guilde-des-Histo.jpg?zoom=3&amp;resize=150%2C150 450w\" sizes=\"auto, (max-width: 150px) 100vw, 150px\" \/><em>Apr\u00e8s un mois de janvier 2024 d\u00e9di\u00e9 au trope \u00ab\u00a0<a href=\"https:\/\/www.jojoenherbe.com\/index.php\/2024\/01\/31\/des-romances-historiques-amour-interdit-difference-de-classe-sociale-en-janvier-2024\/\">Amour interdit<\/a>\u00ab\u00a0, le th\u00e8me de f\u00e9vrier 2024 propos\u00e9 par l\u2019autrice, Sarah M. Carr, dans le cadre de son challenge Romance Historique 2024 est celui des \u00ab\u00a0<span style=\"color: #ff99cc;\">Romances m\u00e9di\u00e9vales<\/span>\u00ab\u00a0. Un collectif d\u2019autrices avec sa t\u00eate Thallie Perrot s\u2019est \u00e9galement joint au challenge, La Guilde des Histos. Pour plus d\u2019infos, n\u2019h\u00e9sitez pas \u00e0 y participer \u00e0 votre tour et \u00e0 rejoindre le groupe FB d\u00e9di\u00e9 \u00ab\u00a0Romances historiques et autres futilit\u00e9s\u00a0\u00bb: <a href=\"https:\/\/www.facebook.com\/groups\/1415647755194538\">ici<\/a> et\/ou La Guilde des Histos sur Instagram: <a href=\"https:\/\/www.instagram.com\/la_guilde_des_histo\/\">ici<\/a>. On peut y retrouver de nombreuses id\u00e9es lecture.\u00a0<\/em><\/p>\n<p style=\"text-align: justify;\"><em>Comme le mois dernier, certaines romances peuvent avec d&rsquo;autres th\u00e8mes retenus pour les autres mois, surtout le th\u00e8me \u00ab\u00a0\u00c9cosse, Irlande\u00a0\u00bb de juillet prochain. Je ne les mentionne donc pas dans ce r\u00e9capitulatif.<\/em><\/p>\n<p><em>J&rsquo;ai ainsi lu les romances suivantes et qui ont fait l&rsquo;objet d&rsquo;un rapide avis dans mes points lecture hebdo de cette ann\u00e9e:<\/em><\/p>\n<ul>\n<li style=\"text-align: justify;\"><em><span style=\"text-decoration: underline; color: #ff99cc;\"><a href=\"https:\/\/i0.wp.com\/www.jojoenherbe.com\/wp-content\/uploads\/2024\/01\/Prophetie-dautomne.jpg\"><img data-recalc-dims=\"1\" loading=\"lazy\" decoding=\"async\" data-attachment-id=\"34456\" data-permalink=\"https:\/\/www.jojoenherbe.com\/index.php\/2024\/01\/22\/point-lecture-hebdomadaire-2024-3\/prophetie-dautomne\/\" data-orig-file=\"https:\/\/i0.wp.com\/www.jojoenherbe.com\/wp-content\/uploads\/2024\/01\/Prophetie-dautomne.jpg?fit=750%2C1263&amp;ssl=1\" data-orig-size=\"750,1263\" data-comments-opened=\"1\" data-image-meta=\"{&quot;aperture&quot;:&quot;0&quot;,&quot;credit&quot;:&quot;&quot;,&quot;camera&quot;:&quot;&quot;,&quot;caption&quot;:&quot;&quot;,&quot;created_timestamp&quot;:&quot;0&quot;,&quot;copyright&quot;:&quot;&quot;,&quot;focal_length&quot;:&quot;0&quot;,&quot;iso&quot;:&quot;0&quot;,&quot;shutter_speed&quot;:&quot;0&quot;,&quot;title&quot;:&quot;&quot;,&quot;orientation&quot;:&quot;1&quot;}\" data-image-title=\"Proph\u00e9tie d&amp;rsquo;automne\" data-image-description=\"\" data-image-caption=\"\" data-large-file=\"https:\/\/i0.wp.com\/www.jojoenherbe.com\/wp-content\/uploads\/2024\/01\/Prophetie-dautomne.jpg?fit=608%2C1024&amp;ssl=1\" class=\"alignleft size-thumbnail wp-image-34456\" src=\"https:\/\/i0.wp.com\/www.jojoenherbe.com\/wp-content\/uploads\/2024\/01\/Prophetie-dautomne.jpg?resize=150%2C150\" alt=\"\" width=\"150\" height=\"150\" srcset=\"https:\/\/i0.wp.com\/www.jojoenherbe.com\/wp-content\/uploads\/2024\/01\/Prophetie-dautomne.jpg?resize=150%2C150&amp;ssl=1 150w, https:\/\/i0.wp.com\/www.jojoenherbe.com\/wp-content\/uploads\/2024\/01\/Prophetie-dautomne.jpg?zoom=2&amp;resize=150%2C150 300w, https:\/\/i0.wp.com\/www.jojoenherbe.com\/wp-content\/uploads\/2024\/01\/Prophetie-dautomne.jpg?zoom=3&amp;resize=150%2C150 450w\" sizes=\"auto, (max-width: 150px) 100vw, 150px\" \/><\/a>Proph\u00e9tie d\u2019automne<\/span> de Sarah M. Carr (\u00e9d. BookMark, Collection Infinity, avril 2019, 330 pages), une romance historique se d\u00e9roulant dans les Highlands, en 1313 entre Ailsa, la fille cadette du chef de clan Cameron et Duncan Maclean, venant d\u2019h\u00e9riter du titre de son p\u00e8re r\u00e9cemment d\u00e9c\u00e9d\u00e9 et qui ne l\u2019a jamais accept\u00e9 comme fils a\u00een\u00e9 pensant qu\u2019il \u00e9tait le fruit d\u2019un adult\u00e8re. <\/em><\/li>\n<li style=\"text-align: justify;\"><em><span style=\"text-decoration: underline; color: #ff99cc;\"><a href=\"https:\/\/i0.wp.com\/www.jojoenherbe.com\/wp-content\/uploads\/2024\/02\/La-passion-du-lys.jpg\"><img data-recalc-dims=\"1\" loading=\"lazy\" decoding=\"async\" data-attachment-id=\"34740\" data-permalink=\"https:\/\/www.jojoenherbe.com\/index.php\/2024\/02\/12\/point-lecture-hebdomadaire-2024-6\/la-passion-du-lys\/\" data-orig-file=\"https:\/\/i0.wp.com\/www.jojoenherbe.com\/wp-content\/uploads\/2024\/02\/La-passion-du-lys.jpg?fit=750%2C1334&amp;ssl=1\" data-orig-size=\"750,1334\" data-comments-opened=\"1\" data-image-meta=\"{&quot;aperture&quot;:&quot;0&quot;,&quot;credit&quot;:&quot;&quot;,&quot;camera&quot;:&quot;&quot;,&quot;caption&quot;:&quot;&quot;,&quot;created_timestamp&quot;:&quot;0&quot;,&quot;copyright&quot;:&quot;&quot;,&quot;focal_length&quot;:&quot;0&quot;,&quot;iso&quot;:&quot;0&quot;,&quot;shutter_speed&quot;:&quot;0&quot;,&quot;title&quot;:&quot;&quot;,&quot;orientation&quot;:&quot;1&quot;}\" data-image-title=\"La passion du lys\" data-image-description=\"\" data-image-caption=\"\" data-large-file=\"https:\/\/i0.wp.com\/www.jojoenherbe.com\/wp-content\/uploads\/2024\/02\/La-passion-du-lys.jpg?fit=576%2C1024&amp;ssl=1\" class=\"size-thumbnail wp-image-34740 alignright\" src=\"https:\/\/i0.wp.com\/www.jojoenherbe.com\/wp-content\/uploads\/2024\/02\/La-passion-du-lys.jpg?resize=150%2C150\" alt=\"\" width=\"150\" height=\"150\" srcset=\"https:\/\/i0.wp.com\/www.jojoenherbe.com\/wp-content\/uploads\/2024\/02\/La-passion-du-lys.jpg?resize=150%2C150&amp;ssl=1 150w, https:\/\/i0.wp.com\/www.jojoenherbe.com\/wp-content\/uploads\/2024\/02\/La-passion-du-lys.jpg?zoom=2&amp;resize=150%2C150 300w, https:\/\/i0.wp.com\/www.jojoenherbe.com\/wp-content\/uploads\/2024\/02\/La-passion-du-lys.jpg?zoom=3&amp;resize=150%2C150 450w\" sizes=\"auto, (max-width: 150px) 100vw, 150px\" \/><\/a>La passion du lys<\/span> de Milena Ribault (\u00e9d. Auto\u00e9dition, septembre 2023, 387 pages), une romance historique m\u00e9di\u00e9vale se d\u00e9roulant en 1307, sous le r\u00e8gne de Philippe Le Bel entre <span class=\"actual-text\">Isabeau de Briault, filleule du couple royal qui l\u2019ont recueillie au d\u00e9c\u00e8s de ses parents, avec des dons de gu\u00e9risseuse<\/span> et <span class=\"actual-text\">Enguerrand de Rumercourt<\/span>, turcopolier au sein de l\u2019Ordre des Templiers qu\u2019a pris sous son aile <span class=\"actual-text\">Jacques de Molay<\/span>, chef des Templiers et qui se fond dans la Grande Histoire, cristallisant les diff\u00e9rends religieux et complots politiques entre le Roi de France et l\u2019Ordre des Templiers qui ne peut gu\u00e8re compter sur le soutien du nouveau pape \u00e9lu, Cl\u00e9ment V. <\/em><\/li>\n<li style=\"text-align: justify;\"><em><span style=\"text-decoration: underline; color: #ff99cc;\"><a href=\"https:\/\/i0.wp.com\/www.jojoenherbe.com\/wp-content\/uploads\/2024\/02\/La-damoiselle-des-bois.jpg\"><img data-recalc-dims=\"1\" loading=\"lazy\" decoding=\"async\" data-attachment-id=\"34849\" data-permalink=\"https:\/\/www.jojoenherbe.com\/index.php\/2024\/02\/22\/point-lecture-hebdomadaire-2024-7\/la-damoiselle-des-bois\/\" data-orig-file=\"https:\/\/i0.wp.com\/www.jojoenherbe.com\/wp-content\/uploads\/2024\/02\/La-damoiselle-des-bois.jpg?fit=750%2C1334&amp;ssl=1\" data-orig-size=\"750,1334\" data-comments-opened=\"1\" data-image-meta=\"{&quot;aperture&quot;:&quot;0&quot;,&quot;credit&quot;:&quot;&quot;,&quot;camera&quot;:&quot;&quot;,&quot;caption&quot;:&quot;&quot;,&quot;created_timestamp&quot;:&quot;0&quot;,&quot;copyright&quot;:&quot;&quot;,&quot;focal_length&quot;:&quot;0&quot;,&quot;iso&quot;:&quot;0&quot;,&quot;shutter_speed&quot;:&quot;0&quot;,&quot;title&quot;:&quot;&quot;,&quot;orientation&quot;:&quot;1&quot;}\" data-image-title=\"La damoiselle des bois\" data-image-description=\"\" data-image-caption=\"\" data-large-file=\"https:\/\/i0.wp.com\/www.jojoenherbe.com\/wp-content\/uploads\/2024\/02\/La-damoiselle-des-bois.jpg?fit=576%2C1024&amp;ssl=1\" class=\"size-thumbnail wp-image-34849 alignleft\" src=\"https:\/\/i0.wp.com\/www.jojoenherbe.com\/wp-content\/uploads\/2024\/02\/La-damoiselle-des-bois.jpg?resize=150%2C150\" alt=\"\" width=\"150\" height=\"150\" srcset=\"https:\/\/i0.wp.com\/www.jojoenherbe.com\/wp-content\/uploads\/2024\/02\/La-damoiselle-des-bois.jpg?resize=150%2C150&amp;ssl=1 150w, https:\/\/i0.wp.com\/www.jojoenherbe.com\/wp-content\/uploads\/2024\/02\/La-damoiselle-des-bois.jpg?zoom=2&amp;resize=150%2C150 300w, https:\/\/i0.wp.com\/www.jojoenherbe.com\/wp-content\/uploads\/2024\/02\/La-damoiselle-des-bois.jpg?zoom=3&amp;resize=150%2C150 450w\" sizes=\"auto, (max-width: 150px) 100vw, 150px\" \/><\/a>La Damoiselle des bois<\/span> de Marie Dewitte (\u00e9d. Harlequin, coll. Victoria, n\u00b0162, octobre 2022, 320 pages), une romance m\u00e9di\u00e9vale entre Edelmire, fille b\u00e2tarde du seigneur de Monts\u00e9gur et Amauri, un chevalier du camp ennemi lors du si\u00e8ge de Monts\u00e9gur de 1243, l\u2019arm\u00e9e du Roi de France assi\u00e9geant ce fief cathare qui semblait pourtant imprenable, la forteresse accueillant de nombreux r\u00e9fugi\u00e9s cathares, consid\u00e9r\u00e9s comme h\u00e9r\u00e9tiques par le Vatican, ayant fui l\u2019Inquisition lors de la croisade des Albigeois.<\/em><\/li>\n<\/ul>\n<p style=\"text-align: justify;\"><em>Cette liste n\u2019est pas exhaustive et ne refl\u00e8te pas toutes les romances historiques que j\u2019ai pu lire ces derni\u00e8res ann\u00e9es sur ce th\u00e8me ou lorsque j\u2019\u00e9tais bien plus jeune. Si d\u2019autres titres me reviennent, je les rajouterai.<\/em><\/p>\n","protected":false},"excerpt":{"rendered":"<p>Apr\u00e8s un mois de janvier 2024 d\u00e9di\u00e9 au trope \u00ab\u00a0Amour interdit\u00ab\u00a0, le th\u00e8me de f\u00e9vrier 2024 propos\u00e9 par l\u2019autrice, Sarah M. Carr, dans le cadre de son challenge Romance Historique 2024 est celui des \u00ab\u00a0Romances m\u00e9di\u00e9vales\u00ab\u00a0. Un collectif d\u2019autrices avec sa t\u00eate Thallie Perrot s\u2019est \u00e9galement joint au challenge, La Guilde des Histos. Pour plus [&hellip;]<\/p>\n","protected":false},"author":1,"featured_media":34958,"comment_status":"open","ping_status":"open","sticky":false,"template":"","format":"standard","meta":{"jetpack_post_was_ever_published":false,"_jetpack_newsletter_access":"","_jetpack_dont_email_post_to_subs":false,"_jetpack_newsletter_tier_id":0,"_jetpack_memberships_contains_paywalled_content":false,"_jetpack_memberships_contains_paid_content":false,"footnotes":""},"categories":[873,363],"tags":[1347,4093,1085,4136,4120,844,3209,4094,905,4077],"class_list":["post-34954","post","type-post","status-publish","format-standard","has-post-thumbnail","hentry","category-mini-challenger","category-mini-lecteur","tag-18-ans-et-plus","tag-challenge-romance-historique-2024","tag-lecture-adulte","tag-marie-dewitte","tag-milena-ribault","tag-romance","tag-romance-historique","tag-romance-medievale","tag-romans-adulte","tag-sarah-m-carr","post-preview"],"jetpack_featured_media_url":"https:\/\/i0.wp.com\/www.jojoenherbe.com\/wp-content\/uploads\/2024\/02\/Romances-medievales-fevrier-2024.jpg?fit=768%2C960&ssl=1","jetpack_sharing_enabled":true,"jetpack_shortlink":"https:\/\/wp.me\/p9zhGx-95M","jetpack_likes_enabled":true,"jetpack-related-posts":[{"id":38664,"url":"https:\/\/www.jojoenherbe.com\/index.php\/2025\/03\/20\/throwback-thursday-livresque-une-romance-basee-sur-un-pari-challenge\/","url_meta":{"origin":34954,"position":0},"title":"Throwback Thursday Livresque: Une romance bas\u00e9e sur un pari\/challenge","author":"Jojo","date":"20 mars 2025","format":false,"excerpt":"Ce jeudi 20 mars 2025, je participe au Throwback Thursday Livresque, un rendez-vous livresque initialement chez Bettie Rose Books et repris depuis par Carole, les liens \u00e9tant \u00e0 d\u00e9poser chez My-Bo0ks. Le principe est de partager chaque jeudi un livre en fonction d\u2019un th\u00e8me donn\u00e9. Cette semaine, le th\u00e8me est\u2026","rel":"","context":"Dans &quot;Mini blogueur&quot;","block_context":{"text":"Mini blogueur","link":"https:\/\/www.jojoenherbe.com\/index.php\/category\/mini-blogueur\/"},"img":{"alt_text":"","src":"https:\/\/i0.wp.com\/www.jojoenherbe.com\/wp-content\/uploads\/2023\/10\/TTL-logo.jpg?resize=350%2C200","width":350,"height":200},"classes":[]},{"id":36177,"url":"https:\/\/www.jojoenherbe.com\/index.php\/2024\/05\/16\/au-fil-des-pagesthrowback-thursday-livresque-personnage-a-lunettes\/","url_meta":{"origin":34954,"position":1},"title":"Throwback Thursday Livresque: Personnage \u00e0 lunettes","author":"Jojo","date":"16 mai 2024","format":false,"excerpt":"Ce jeudi 16 mai 2024, je participe au Throwback Thursday Livresque, un rendez-vous livresque initialement chez Bettie Rose Books et repris depuis par Carole, les liens \u00e9tant \u00e0 d\u00e9poser chez My-Bo0ks. Le principe est de partager chaque jeudi un livre en fonction d\u2019un th\u00e8me donn\u00e9. Cette semaine, le th\u00e8me est\u2026","rel":"","context":"Dans &quot;Mini challenger&quot;","block_context":{"text":"Mini challenger","link":"https:\/\/www.jojoenherbe.com\/index.php\/category\/mini-challenger\/"},"img":{"alt_text":"","src":"https:\/\/i0.wp.com\/www.jojoenherbe.com\/wp-content\/uploads\/2023\/10\/TTL-logo.jpg?resize=350%2C200","width":350,"height":200},"classes":[]},{"id":34569,"url":"https:\/\/www.jojoenherbe.com\/index.php\/2024\/01\/31\/des-romances-historiques-amour-interdit-difference-de-classe-sociale-en-janvier-2024\/","url_meta":{"origin":34954,"position":2},"title":"Des romances historiques \u00ab\u00a0Amour Interdit\/Diff\u00e9rence de classe sociale\u00a0\u00bb en janvier 2024","author":"Jojo","date":"31 janvier 2024","format":false,"excerpt":"Courant janvier 2024, je me suis inscrite pour le challenge Romance Historique 2024 propos\u00e9 par l'autrice, Sarah M. Carr avec chaque mois un th\u00e8me d\u00e9di\u00e9. Un collectif d'autrices avec sa t\u00eate Thallie Perrot s'est \u00e9galement joint au challenge, La Guilde des Histos. Pour plus d\u2019infos, n\u2019h\u00e9sitez pas \u00e0 y participer\u2026","rel":"","context":"Dans &quot;Mini challenger&quot;","block_context":{"text":"Mini challenger","link":"https:\/\/www.jojoenherbe.com\/index.php\/category\/mini-challenger\/"},"img":{"alt_text":"","src":"https:\/\/i0.wp.com\/www.jojoenherbe.com\/wp-content\/uploads\/2024\/01\/Challenge-Romances-Historiques-2024-2.jpg?resize=350%2C200","width":350,"height":200},"classes":[]},{"id":39619,"url":"https:\/\/www.jojoenherbe.com\/index.php\/2025\/06\/05\/throwback-thursday-livresque-friends-to-lovers\/","url_meta":{"origin":34954,"position":3},"title":"Throwback Thursday Livresque: Friends-to-lovers","author":"Jojo","date":"5 juin 2025","format":false,"excerpt":"Ce jeudi 5 juin 2025, je participe au Throwback Thursday Livresque, un rendez-vous livresque initialement chez Bettie Rose Books et repris depuis par Carole, les liens \u00e9tant \u00e0 d\u00e9poser chez My-Bo0ks. Le principe est de partager chaque jeudi un livre en fonction d\u2019un th\u00e8me donn\u00e9. Cette semaine, le th\u00e8me est\u2026","rel":"","context":"Dans &quot;Mini blogueur&quot;","block_context":{"text":"Mini blogueur","link":"https:\/\/www.jojoenherbe.com\/index.php\/category\/mini-blogueur\/"},"img":{"alt_text":"","src":"https:\/\/i0.wp.com\/www.jojoenherbe.com\/wp-content\/uploads\/2023\/10\/TTL-logo.jpg?resize=350%2C200","width":350,"height":200},"classes":[]},{"id":34424,"url":"https:\/\/www.jojoenherbe.com\/index.php\/2024\/01\/22\/point-lecture-hebdomadaire-2024-3\/","url_meta":{"origin":34954,"position":4},"title":"Point lecture hebdomadaire 2024 #3","author":"Jojo","date":"22 janvier 2024","format":false,"excerpt":"En ce d\u00e9but de semaine, voici notre point lecture hebdomadaire avec un retour sur nos lectures de la semaine derni\u00e8re (mais pas nos relectures). Nos lectures du 15 au 21 janvier 2024: Des lectures jeunesse: (BD jeunesse) Mortelle Ad\u00e8le et la galaxie des bizarres, Mortelle Ad\u00e8le, La rentr\u00e9e des claques\u2026","rel":"","context":"Dans &quot;Mini blogueur&quot;","block_context":{"text":"Mini blogueur","link":"https:\/\/www.jojoenherbe.com\/index.php\/category\/mini-blogueur\/"},"img":{"alt_text":"","src":"https:\/\/i0.wp.com\/www.jojoenherbe.com\/wp-content\/uploads\/2024\/01\/Mortelle-Adele-et-Ajax-BD-150x150.jpg?resize=350%2C200","width":350,"height":200},"classes":[]},{"id":34964,"url":"https:\/\/www.jojoenherbe.com\/index.php\/2024\/03\/04\/bilan-de-lecture-fevrier-2024\/","url_meta":{"origin":34954,"position":5},"title":"Bilan de lecture: f\u00e9vrier 2024","author":"Jojo","date":"4 mars 2024","format":false,"excerpt":"En ce d\u00e9but du mois de mars 2024, voici un petit retour livresque sur f\u00e9vrier 2024 qui a rim\u00e9 avec cr\u00eapes, mimosas, Nouvel An Chinois le 10 f\u00e9vrier 2024 (Dragon de bois) et vers la fin du mois, carnavals et vacances de f\u00e9vrier pour le mini lutin ou bien encore\u2026","rel":"","context":"Dans &quot;Mini blogueur&quot;","block_context":{"text":"Mini blogueur","link":"https:\/\/www.jojoenherbe.com\/index.php\/category\/mini-blogueur\/"},"img":{"alt_text":"","src":"https:\/\/i0.wp.com\/www.jojoenherbe.com\/wp-content\/uploads\/2024\/02\/Selection-fevrier-2024-scaled.jpg?fit=1200%2C761&ssl=1&resize=350%2C200","width":350,"height":200,"srcset":"https:\/\/i0.wp.com\/www.jojoenherbe.com\/wp-content\/uploads\/2024\/02\/Selection-fevrier-2024-scaled.jpg?fit=1200%2C761&ssl=1&resize=350%2C200 1x, https:\/\/i0.wp.com\/www.jojoenherbe.com\/wp-content\/uploads\/2024\/02\/Selection-fevrier-2024-scaled.jpg?fit=1200%2C761&ssl=1&resize=525%2C300 1.5x, https:\/\/i0.wp.com\/www.jojoenherbe.com\/wp-content\/uploads\/2024\/02\/Selection-fevrier-2024-scaled.jpg?fit=1200%2C761&ssl=1&resize=700%2C400 2x, https:\/\/i0.wp.com\/www.jojoenherbe.com\/wp-content\/uploads\/2024\/02\/Selection-fevrier-2024-scaled.jpg?fit=1200%2C761&ssl=1&resize=1050%2C600 3x"},"classes":[]}],"_links":{"self":[{"href":"https:\/\/www.jojoenherbe.com\/index.php\/wp-json\/wp\/v2\/posts\/34954","targetHints":{"allow":["GET"]}}],"collection":[{"href":"https:\/\/www.jojoenherbe.com\/index.php\/wp-json\/wp\/v2\/posts"}],"about":[{"href":"https:\/\/www.jojoenherbe.com\/index.php\/wp-json\/wp\/v2\/types\/post"}],"author":[{"embeddable":true,"href":"https:\/\/www.jojoenherbe.com\/index.php\/wp-json\/wp\/v2\/users\/1"}],"replies":[{"embeddable":true,"href":"https:\/\/www.jojoenherbe.com\/index.php\/wp-json\/wp\/v2\/comments?post=34954"}],"version-history":[{"count":7,"href":"https:\/\/www.jojoenherbe.com\/index.php\/wp-json\/wp\/v2\/posts\/34954\/revisions"}],"predecessor-version":[{"id":34962,"href":"https:\/\/www.jojoenherbe.com\/index.php\/wp-json\/wp\/v2\/posts\/34954\/revisions\/34962"}],"wp:featuredmedia":[{"embeddable":true,"href":"https:\/\/www.jojoenherbe.com\/index.php\/wp-json\/wp\/v2\/media\/34958"}],"wp:attachment":[{"href":"https:\/\/www.jojoenherbe.com\/index.php\/wp-json\/wp\/v2\/media?parent=34954"}],"wp:term":[{"taxonomy":"category","embeddable":true,"href":"https:\/\/www.jojoenherbe.com\/index.php\/wp-json\/wp\/v2\/categories?post=34954"},{"taxonomy":"post_tag","embeddable":true,"href":"https:\/\/www.jojoenherbe.com\/index.php\/wp-json\/wp\/v2\/tags?post=34954"}],"curies":[{"name":"wp","href":"https:\/\/api.w.org\/{rel}","templated":true}]}}