{"id":34916,"date":"2024-02-27T18:58:59","date_gmt":"2024-02-27T17:58:59","guid":{"rendered":"https:\/\/www.jojoenherbe.com\/?p=34916"},"modified":"2024-11-14T18:54:53","modified_gmt":"2024-11-14T17:54:53","slug":"point-lecture-hebdomadaire-2024-8","status":"publish","type":"post","link":"https:\/\/www.jojoenherbe.com\/index.php\/2024\/02\/27\/point-lecture-hebdomadaire-2024-8\/","title":{"rendered":"Point lecture hebdomadaire 2024 #8"},"content":{"rendered":"<p style=\"text-align: justify;\"><em>En ce d\u00e9but de semaine, voici mon point lecture hebdomadaire avec un retour sur nos lectures de la semaine derni\u00e8re (mais pas nos relectures).<\/em><\/p>\n<p><strong><span style=\"text-decoration: underline;\">Nos lectures du 19 au 25 f\u00e9vrier 2024<\/span>:<\/strong><\/p>\n<p><em><span style=\"text-decoration: underline;\">Des lectures jeunesse<\/span>:<\/em><\/p>\n<ul>\n<li style=\"text-align: justify;\"><em>(BD Jeunesse) <strong><span style=\"text-decoration: underline;\">Mortelle Ad\u00e8le<\/span><\/strong> (<strong>T2<\/strong> et <strong>T13<\/strong>), <strong><span style=\"text-decoration: underline;\">Ajax<\/span><\/strong> (<strong>T1<\/strong>) et <strong><span style=\"text-decoration: underline;\">Le journal des Bizarres<\/span><\/strong> de Mr Tan et Miss Prickly ou Diane Le Feyer selon les tomes<br \/><\/em><\/li>\n<\/ul>\n<p style=\"text-align: justify;\"><em><a href=\"https:\/\/i0.wp.com\/www.jojoenherbe.com\/wp-content\/uploads\/2024\/02\/Mortelle-Adele-Ajax-T1-et-Le-Journal-des-Bizarres-scaled.jpg\"><img data-recalc-dims=\"1\" loading=\"lazy\" decoding=\"async\" data-attachment-id=\"34939\" data-permalink=\"https:\/\/www.jojoenherbe.com\/index.php\/2024\/02\/27\/point-lecture-hebdomadaire-2024-8\/mortelle-adele-ajax-t1-et-le-journal-des-bizarres\/\" data-orig-file=\"https:\/\/i0.wp.com\/www.jojoenherbe.com\/wp-content\/uploads\/2024\/02\/Mortelle-Adele-Ajax-T1-et-Le-Journal-des-Bizarres-scaled.jpg?fit=2560%2C2240&amp;ssl=1\" data-orig-size=\"2560,2240\" data-comments-opened=\"1\" data-image-meta=\"{&quot;aperture&quot;:&quot;1.8&quot;,&quot;credit&quot;:&quot;&quot;,&quot;camera&quot;:&quot;iPhone 7&quot;,&quot;caption&quot;:&quot;&quot;,&quot;created_timestamp&quot;:&quot;1708972215&quot;,&quot;copyright&quot;:&quot;&quot;,&quot;focal_length&quot;:&quot;3.99&quot;,&quot;iso&quot;:&quot;100&quot;,&quot;shutter_speed&quot;:&quot;0.25&quot;,&quot;title&quot;:&quot;&quot;,&quot;orientation&quot;:&quot;1&quot;}\" data-image-title=\"Mortelle Ad\u00e8le &amp;#8211; Ajax T1 et Le Journal des Bizarres\" data-image-description=\"\" data-image-caption=\"\" data-large-file=\"https:\/\/i0.wp.com\/www.jojoenherbe.com\/wp-content\/uploads\/2024\/02\/Mortelle-Adele-Ajax-T1-et-Le-Journal-des-Bizarres-scaled.jpg?fit=676%2C592&amp;ssl=1\" class=\"alignleft size-thumbnail wp-image-34939\" src=\"https:\/\/i0.wp.com\/www.jojoenherbe.com\/wp-content\/uploads\/2024\/02\/Mortelle-Adele-Ajax-T1-et-Le-Journal-des-Bizarres.jpg?resize=150%2C150\" alt=\"\" width=\"150\" height=\"150\" srcset=\"https:\/\/i0.wp.com\/www.jojoenherbe.com\/wp-content\/uploads\/2024\/02\/Mortelle-Adele-Ajax-T1-et-Le-Journal-des-Bizarres-scaled.jpg?resize=150%2C150&amp;ssl=1 150w, https:\/\/i0.wp.com\/www.jojoenherbe.com\/wp-content\/uploads\/2024\/02\/Mortelle-Adele-Ajax-T1-et-Le-Journal-des-Bizarres-scaled.jpg?zoom=2&amp;resize=150%2C150 300w, https:\/\/i0.wp.com\/www.jojoenherbe.com\/wp-content\/uploads\/2024\/02\/Mortelle-Adele-Ajax-T1-et-Le-Journal-des-Bizarres-scaled.jpg?zoom=3&amp;resize=150%2C150 450w\" sizes=\"auto, (max-width: 150px) 100vw, 150px\" \/><\/a>Mon mini lecteur a encore d\u00e9couvert\u00a0 2 nouveaux tomes de Mortelle Ad\u00e8le: le tome 2, <span style=\"text-decoration: underline;\">L&rsquo;enfer c&rsquo;est les autres<\/span> de Mr Tan et Miss Prickly (\u00e9d. Bayard Jeunesse, f\u00e9vrier 2012, 64 pages)\u00a0 et le tome\u00a0 13, <span style=\"text-decoration: underline;\">Big Bisous Baveux!<\/span> de Mr Tan et Diane Le Feyer (\u00e9d. Bayard Jeunesse, octobre 2017, 80 pages), le tome 1 d&rsquo;<span style=\"text-decoration: underline;\">Ajax, Chat va bien!<\/span> (\u00e9d. Bayard Jeunesse, mars 2017, 64 pages) ainsi que le <span style=\"text-decoration: underline;\">Journal des Bizarres<\/span> (\u00e9d. Mr Tan &amp; Co, avril 2023, 168 pages) que mon mini bizarre a commenc\u00e9 \u00e0 remplir.<br \/><\/em><\/p>\n<ul>\n<li style=\"text-align: justify;\"><em>(Documentaire jeunesse) <strong><span style=\"text-decoration: underline;\">Professeur Astrocat, Les lois de la science<\/span><\/strong> de Dominic Walliman et Ben Newman<\/em><\/li>\n<\/ul>\n<p style=\"text-align: justify;\"><a href=\"https:\/\/i0.wp.com\/www.jojoenherbe.com\/wp-content\/uploads\/2024\/02\/Professeur-Astrocat-Les-lois-de-la-science-scaled.jpg\"><img data-recalc-dims=\"1\" loading=\"lazy\" decoding=\"async\" data-attachment-id=\"34940\" data-permalink=\"https:\/\/www.jojoenherbe.com\/index.php\/2024\/02\/27\/point-lecture-hebdomadaire-2024-8\/professeur-astrocat-les-lois-de-la-science\/\" data-orig-file=\"https:\/\/i0.wp.com\/www.jojoenherbe.com\/wp-content\/uploads\/2024\/02\/Professeur-Astrocat-Les-lois-de-la-science-scaled.jpg?fit=2560%2C1687&amp;ssl=1\" data-orig-size=\"2560,1687\" data-comments-opened=\"1\" data-image-meta=\"{&quot;aperture&quot;:&quot;1.8&quot;,&quot;credit&quot;:&quot;&quot;,&quot;camera&quot;:&quot;iPhone 7&quot;,&quot;caption&quot;:&quot;&quot;,&quot;created_timestamp&quot;:&quot;1708972076&quot;,&quot;copyright&quot;:&quot;&quot;,&quot;focal_length&quot;:&quot;3.99&quot;,&quot;iso&quot;:&quot;100&quot;,&quot;shutter_speed&quot;:&quot;0.2&quot;,&quot;title&quot;:&quot;&quot;,&quot;orientation&quot;:&quot;1&quot;}\" data-image-title=\"Professeur Astrocat, Les lois de la science\" data-image-description=\"\" data-image-caption=\"\" data-large-file=\"https:\/\/i0.wp.com\/www.jojoenherbe.com\/wp-content\/uploads\/2024\/02\/Professeur-Astrocat-Les-lois-de-la-science-scaled.jpg?fit=676%2C446&amp;ssl=1\" class=\"size-thumbnail wp-image-34940 alignright\" src=\"https:\/\/i0.wp.com\/www.jojoenherbe.com\/wp-content\/uploads\/2024\/02\/Professeur-Astrocat-Les-lois-de-la-science.jpg?resize=150%2C150\" alt=\"\" width=\"150\" height=\"150\" srcset=\"https:\/\/i0.wp.com\/www.jojoenherbe.com\/wp-content\/uploads\/2024\/02\/Professeur-Astrocat-Les-lois-de-la-science-scaled.jpg?resize=150%2C150&amp;ssl=1 150w, https:\/\/i0.wp.com\/www.jojoenherbe.com\/wp-content\/uploads\/2024\/02\/Professeur-Astrocat-Les-lois-de-la-science-scaled.jpg?zoom=2&amp;resize=150%2C150 300w, https:\/\/i0.wp.com\/www.jojoenherbe.com\/wp-content\/uploads\/2024\/02\/Professeur-Astrocat-Les-lois-de-la-science-scaled.jpg?zoom=3&amp;resize=150%2C150 450w\" sizes=\"auto, (max-width: 150px) 100vw, 150px\" \/><\/a><em>Mon mini lutin a lu avec son p\u00e8re une grande partie de <span style=\"text-decoration: underline;\">Professeur Astrocat, Les lois de la science<\/span> de Dominic Walliman et de Dominic Walliman et Ben Newman (\u00e9d. Gallimard Jeunesse, septembre 2016, 68 pages), un documentaire jeunesse magnifiquement illustr\u00e9 et \u00e0 partir de 7 ans. Une tr\u00e8s bonne s\u00e9rie documentaire que je vous recommande si vous ne connaissez pas! Dans cet opus, avec un graphisme toujours aussi color\u00e9 et \u00e9pur\u00e9, il est question de physique avec des explications accessibles aux jeunes lecteurs sur la mati\u00e8re, les atomes, les lois de Newton ou bien encore par exemple les ondes sonores.<\/em><\/p>\n<ul>\n<li><em>(Album jeunesse) <strong><span style=\"text-decoration: underline;\">Petit Bonheur<\/span><\/strong> de Yue Zhang<\/em><\/li>\n<\/ul>\n<p class=\"_ap3a _aaco _aacu _aacx _aad7 _aade\" dir=\"auto\" style=\"text-align: justify;\"><em><a href=\"https:\/\/i0.wp.com\/www.jojoenherbe.com\/wp-content\/uploads\/2024\/02\/Petit-bonheur-scaled.jpg\"><img data-recalc-dims=\"1\" loading=\"lazy\" decoding=\"async\" data-attachment-id=\"34938\" data-permalink=\"https:\/\/www.jojoenherbe.com\/index.php\/2024\/02\/27\/point-lecture-hebdomadaire-2024-8\/petit-bonheur\/\" data-orig-file=\"https:\/\/i0.wp.com\/www.jojoenherbe.com\/wp-content\/uploads\/2024\/02\/Petit-bonheur-scaled.jpg?fit=2560%2C1907&amp;ssl=1\" data-orig-size=\"2560,1907\" data-comments-opened=\"1\" data-image-meta=\"{&quot;aperture&quot;:&quot;1.8&quot;,&quot;credit&quot;:&quot;&quot;,&quot;camera&quot;:&quot;iPhone 7&quot;,&quot;caption&quot;:&quot;&quot;,&quot;created_timestamp&quot;:&quot;1708972068&quot;,&quot;copyright&quot;:&quot;&quot;,&quot;focal_length&quot;:&quot;3.99&quot;,&quot;iso&quot;:&quot;100&quot;,&quot;shutter_speed&quot;:&quot;0.2&quot;,&quot;title&quot;:&quot;&quot;,&quot;orientation&quot;:&quot;1&quot;}\" data-image-title=\"Petit bonheur\" data-image-description=\"\" data-image-caption=\"\" data-large-file=\"https:\/\/i0.wp.com\/www.jojoenherbe.com\/wp-content\/uploads\/2024\/02\/Petit-bonheur-scaled.jpg?fit=676%2C504&amp;ssl=1\" class=\"alignleft size-thumbnail wp-image-34938\" src=\"https:\/\/i0.wp.com\/www.jojoenherbe.com\/wp-content\/uploads\/2024\/02\/Petit-bonheur.jpg?resize=150%2C150\" alt=\"\" width=\"150\" height=\"150\" srcset=\"https:\/\/i0.wp.com\/www.jojoenherbe.com\/wp-content\/uploads\/2024\/02\/Petit-bonheur-scaled.jpg?resize=150%2C150&amp;ssl=1 150w, https:\/\/i0.wp.com\/www.jojoenherbe.com\/wp-content\/uploads\/2024\/02\/Petit-bonheur-scaled.jpg?zoom=2&amp;resize=150%2C150 300w, https:\/\/i0.wp.com\/www.jojoenherbe.com\/wp-content\/uploads\/2024\/02\/Petit-bonheur-scaled.jpg?zoom=3&amp;resize=150%2C150 450w\" sizes=\"auto, (max-width: 150px) 100vw, 150px\" \/><\/a>Nous avons lu Petit Bonheur de Yue Zhang (\u00e9d. L&rsquo;\u00e9cole des Loisirs, janvier 2024, 52 pages), un album jeunesse \u00e0 partir de 3\/4 ans. Chaque ann\u00e9e, la veille du Nouvel An chinois, la F\u00e9e de la Lune donne \u00e0 tous les petits bonheurs un pouvoir magique de porter chance. Mais l&rsquo;un de ces petits bonheurs, endormi, se retrouve d\u00e9pourvu de magie. Il d\u00e9cide pourtant de descendre sur Terre. Parviendra-t-il \u00e0 r\u00e9pandre quand m\u00eame le bonheur, comme par exemple aupr\u00e8s d&rsquo;un renard restaurateur et son fils? Il y est question de solidarit\u00e9, d&rsquo;amiti\u00e9 et de confiance en soi. Un tr\u00e8s bon moment de lecture toute mignonne et gourmande et magnifiquement illustr\u00e9e!<\/em><\/p>\n<ul>\n<li dir=\"auto\" style=\"text-align: justify;\"><em>(BD jeunesse\/Roman graphique) <strong><span style=\"text-decoration: underline;\">Toutes les princesses meurent apr\u00e8s minuit<\/span><\/strong> de Quentin Zuttion<\/em><\/li>\n<\/ul>\n<p style=\"text-align: justify;\"><em><a href=\"https:\/\/i0.wp.com\/www.jojoenherbe.com\/wp-content\/uploads\/2024\/02\/Toutes-les-princesses-meurent-apres-minuit.jpg\"><img data-recalc-dims=\"1\" loading=\"lazy\" decoding=\"async\" data-attachment-id=\"34919\" data-permalink=\"https:\/\/www.jojoenherbe.com\/index.php\/2024\/02\/27\/point-lecture-hebdomadaire-2024-8\/toutes-les-princesses-meurent-apres-minuit\/\" data-orig-file=\"https:\/\/i0.wp.com\/www.jojoenherbe.com\/wp-content\/uploads\/2024\/02\/Toutes-les-princesses-meurent-apres-minuit.jpg?fit=750%2C1135&amp;ssl=1\" data-orig-size=\"750,1135\" data-comments-opened=\"1\" data-image-meta=\"{&quot;aperture&quot;:&quot;0&quot;,&quot;credit&quot;:&quot;&quot;,&quot;camera&quot;:&quot;&quot;,&quot;caption&quot;:&quot;&quot;,&quot;created_timestamp&quot;:&quot;0&quot;,&quot;copyright&quot;:&quot;&quot;,&quot;focal_length&quot;:&quot;0&quot;,&quot;iso&quot;:&quot;0&quot;,&quot;shutter_speed&quot;:&quot;0&quot;,&quot;title&quot;:&quot;&quot;,&quot;orientation&quot;:&quot;1&quot;}\" data-image-title=\"Toutes les princesses meurent apr\u00e8s minuit\" data-image-description=\"\" data-image-caption=\"\" data-large-file=\"https:\/\/i0.wp.com\/www.jojoenherbe.com\/wp-content\/uploads\/2024\/02\/Toutes-les-princesses-meurent-apres-minuit.jpg?fit=676%2C1022&amp;ssl=1\" class=\"size-thumbnail wp-image-34919 alignright\" src=\"https:\/\/i0.wp.com\/www.jojoenherbe.com\/wp-content\/uploads\/2024\/02\/Toutes-les-princesses-meurent-apres-minuit.jpg?resize=150%2C150\" alt=\"\" width=\"150\" height=\"150\" srcset=\"https:\/\/i0.wp.com\/www.jojoenherbe.com\/wp-content\/uploads\/2024\/02\/Toutes-les-princesses-meurent-apres-minuit.jpg?resize=150%2C150&amp;ssl=1 150w, https:\/\/i0.wp.com\/www.jojoenherbe.com\/wp-content\/uploads\/2024\/02\/Toutes-les-princesses-meurent-apres-minuit.jpg?zoom=2&amp;resize=150%2C150 300w, https:\/\/i0.wp.com\/www.jojoenherbe.com\/wp-content\/uploads\/2024\/02\/Toutes-les-princesses-meurent-apres-minuit.jpg?zoom=3&amp;resize=150%2C150 450w\" sizes=\"auto, (max-width: 150px) 100vw, 150px\" \/><\/a>J&rsquo;ai lu <span style=\"text-decoration: underline;\">Toutes les princesses meurent apr\u00e8s minuit<\/span> de Quentin Zuttion (\u00e9d. Le Lombard, ao\u00fbt 2022, 152 pages), une BD jeunesse \u00e0 partir de 15 ans, dont a parl\u00e9 <a href=\"https:\/\/lelivroblog.fr\/2024\/02\/14\/toutes-les-princesses-meurent-apres-minuit\/\">Hilde<\/a> la semaine derni\u00e8re mais que j&rsquo;avais d\u00e9j\u00e0 not\u00e9e l&rsquo;ann\u00e9e derni\u00e8re, que j&rsquo;ai pu consulter en ligne gr\u00e2ce \u00e0 ma m\u00e9diath\u00e8que et qui a remport\u00e9 le Prix Fauve Sp\u00e9cial du Grand Jury Jeunesse d&rsquo;Angoul\u00eame en 2023. Il s&rsquo;agit d&rsquo;une tranche de vie nostalgique au sein d\u2019une famille dont l\u2019\u00e9quilibre va se briser le temps d&rsquo;une chaude journ\u00e9e estivale, en \u00e9cho au d\u00e9c\u00e8s de la princesse Diana repris en boucle par les m\u00e9dias le 31 ao\u00fbt 1997. Il y est ainsi question de la fin de l\u2019enfance et de l\u2019insouciance pour Lulu, le fils de 8 ans et amoureux de son ami d&rsquo;enfance, les premiers \u00e9mois amoureux de sa grande s\u0153ur adolescente, Cam et la fin du mariage de ses parents. Un bon moment de lecture avec ce portrait amoureux d&rsquo;une famille et qui m&rsquo;a fait replonger dans cet \u00e9t\u00e9 1997, avec des hits de l&rsquo;\u00e9poque comme \u00ab\u00a0Freed from desire\u00a0\u00bb de Gala que j&rsquo;ai eu envie de r\u00e9\u00e9couter!<br \/><\/em><\/p>\n<p><em><span style=\"text-decoration: underline;\">Des lectures adulte<\/span>:<\/em><\/p>\n<ul>\n<li style=\"text-align: justify;\"><em>(Court roman noir contemporain) <strong><span style=\"text-decoration: underline;\">Dolor\u00e8s ou le ventre des chiens<\/span><\/strong> d\u2019Alexandre Civico<\/em><\/li>\n<\/ul>\n<p class=\"_ap3a _aaco _aacu _aacx _aad7 _aade\" dir=\"auto\" style=\"text-align: justify;\"><em><a href=\"https:\/\/i0.wp.com\/www.jojoenherbe.com\/wp-content\/uploads\/2024\/02\/Dolores-ou-le-ventre-des-chiens.jpg\"><img data-recalc-dims=\"1\" loading=\"lazy\" decoding=\"async\" data-attachment-id=\"34900\" data-permalink=\"https:\/\/www.jojoenherbe.com\/index.php\/2024\/02\/02\/billet-de-suivi-african-american-history-month-challenge-2024\/dolores-ou-le-ventre-des-chiens\/\" data-orig-file=\"https:\/\/i0.wp.com\/www.jojoenherbe.com\/wp-content\/uploads\/2024\/02\/Dolores-ou-le-ventre-des-chiens.jpg?fit=750%2C1334&amp;ssl=1\" data-orig-size=\"750,1334\" data-comments-opened=\"1\" data-image-meta=\"{&quot;aperture&quot;:&quot;0&quot;,&quot;credit&quot;:&quot;&quot;,&quot;camera&quot;:&quot;&quot;,&quot;caption&quot;:&quot;&quot;,&quot;created_timestamp&quot;:&quot;0&quot;,&quot;copyright&quot;:&quot;&quot;,&quot;focal_length&quot;:&quot;0&quot;,&quot;iso&quot;:&quot;0&quot;,&quot;shutter_speed&quot;:&quot;0&quot;,&quot;title&quot;:&quot;&quot;,&quot;orientation&quot;:&quot;1&quot;}\" data-image-title=\"Dolor\u00e8s ou le ventre des chiens\" data-image-description=\"\" data-image-caption=\"\" data-large-file=\"https:\/\/i0.wp.com\/www.jojoenherbe.com\/wp-content\/uploads\/2024\/02\/Dolores-ou-le-ventre-des-chiens.jpg?fit=576%2C1024&amp;ssl=1\" class=\"alignleft size-thumbnail wp-image-34900\" src=\"https:\/\/i0.wp.com\/www.jojoenherbe.com\/wp-content\/uploads\/2024\/02\/Dolores-ou-le-ventre-des-chiens.jpg?resize=150%2C150\" alt=\"\" width=\"150\" height=\"150\" srcset=\"https:\/\/i0.wp.com\/www.jojoenherbe.com\/wp-content\/uploads\/2024\/02\/Dolores-ou-le-ventre-des-chiens.jpg?resize=150%2C150&amp;ssl=1 150w, https:\/\/i0.wp.com\/www.jojoenherbe.com\/wp-content\/uploads\/2024\/02\/Dolores-ou-le-ventre-des-chiens.jpg?zoom=2&amp;resize=150%2C150 300w, https:\/\/i0.wp.com\/www.jojoenherbe.com\/wp-content\/uploads\/2024\/02\/Dolores-ou-le-ventre-des-chiens.jpg?zoom=3&amp;resize=150%2C150 450w\" sizes=\"auto, (max-width: 150px) 100vw, 150px\" \/><\/a>J&rsquo;ai lu <span style=\"text-decoration: underline;\">Dolor\u00e8s ou le ventre des chiens<\/span> d\u2019Alexandre Civico (\u00e9d. Actes Sud, janvier 2024, 192 pages), un court roman policier avec le face-\u00e0-face entre une tueuse en s\u00e9rie pr\u00e9sum\u00e9e d&rsquo;une dizaine d&rsquo;hommes riches, \u00e2g\u00e9e d&rsquo;une quarantaine d&rsquo;ann\u00e9e, Dolor\u00e8s Leal Mayor et Antoine Petit, le psychiatre charg\u00e9 de l\u2019expertise psychiatrique, tout juste dipl\u00f4m\u00e9 sur lequel un juge d&rsquo;instruction a ait pression pour qu&rsquo;il rende une expertise concluant \u00e0 la folie de Dolor\u00e8s.\u00a0 <\/em><em>J&rsquo;ai \u00e9t\u00e9 d\u00e9\u00e7ue par ma lecture avec deux personnages bien trop caricaturaux et un propos qui va \u00e0 contre-sens de la politique p\u00e9nale actuelle qui retient tr\u00e8s rarement les cas d&rsquo;irresponsabilit\u00e9s p\u00e9nales, m\u00eame en cas de mise sous tutelle de la personne poursuivie m\u00eame si l&rsquo;id\u00e9e de ce face-\u00e0-face \u00e9tait s\u00e9duisante, chacun renvoyant \u00e0 l&rsquo;autre son mal-\u00eatre et sa col\u00e8re face aux \u00ab\u00a0puissants\u00a0\u00bb. J&rsquo;ai relev\u00e9 bien trop d\u2019incoh\u00e9rences et inepties judiciaires \u00e0 mon go\u00fbt comme par exemple, le fait que Dolor\u00e8s aille directement en maison d&rsquo;arr\u00eat sans passer par la case \u00ab\u00a0garde \u00e0 vue puisqu&rsquo;elle a \u00e9t\u00e9 menott\u00e9e lors de son interpellation, d\u00e9ferrement, mise en examen et d\u00e9bat contradictoire en vue de son placement en d\u00e9tention provisoire\u00a0\u00bb ou bien encore l&rsquo;improbable \u00e9vasion finale compl\u00e8tement grotesque&#8230; Je n&rsquo;ai pas ressenti \u00ab\u00a0cet ode \u00e0 l&#8217;embrasement, \u00e0 l&rsquo;incandescence des r\u00e9voltes\u00a0\u00bb ni vu \u00ab\u00a0une fable contemporaine sur la violence induite par le poids de l\u2019oppression\u00a0\u00bb, comme annonc\u00e9 par l&rsquo;\u00e9diteur. <\/em><\/p>\n<ul>\n<li dir=\"auto\"><em>(Roman historique soci\u00e9tal) <strong><span style=\"text-decoration: underline;\">Du m\u00eame sang<\/span><\/strong> de Denene Millner<\/em><\/li>\n<\/ul>\n<p class=\"_ap3a _aaco _aacu _aacx _aad7 _aade\" dir=\"auto\" style=\"text-align: justify;\"><em><a href=\"https:\/\/i0.wp.com\/www.jojoenherbe.com\/wp-content\/uploads\/2024\/02\/Du-meme-sang.jpg\"><img data-recalc-dims=\"1\" loading=\"lazy\" decoding=\"async\" data-attachment-id=\"34901\" data-permalink=\"https:\/\/www.jojoenherbe.com\/index.php\/2024\/02\/02\/billet-de-suivi-african-american-history-month-challenge-2024\/du-meme-sang\/\" data-orig-file=\"https:\/\/i0.wp.com\/www.jojoenherbe.com\/wp-content\/uploads\/2024\/02\/Du-meme-sang.jpg?fit=750%2C1334&amp;ssl=1\" data-orig-size=\"750,1334\" data-comments-opened=\"1\" data-image-meta=\"{&quot;aperture&quot;:&quot;0&quot;,&quot;credit&quot;:&quot;&quot;,&quot;camera&quot;:&quot;&quot;,&quot;caption&quot;:&quot;&quot;,&quot;created_timestamp&quot;:&quot;0&quot;,&quot;copyright&quot;:&quot;&quot;,&quot;focal_length&quot;:&quot;0&quot;,&quot;iso&quot;:&quot;0&quot;,&quot;shutter_speed&quot;:&quot;0&quot;,&quot;title&quot;:&quot;&quot;,&quot;orientation&quot;:&quot;1&quot;}\" data-image-title=\"Du m\u00eame sang\" data-image-description=\"\" data-image-caption=\"\" data-large-file=\"https:\/\/i0.wp.com\/www.jojoenherbe.com\/wp-content\/uploads\/2024\/02\/Du-meme-sang.jpg?fit=576%2C1024&amp;ssl=1\" class=\"size-thumbnail wp-image-34901 alignright\" src=\"https:\/\/i0.wp.com\/www.jojoenherbe.com\/wp-content\/uploads\/2024\/02\/Du-meme-sang.jpg?resize=150%2C150\" alt=\"\" width=\"150\" height=\"150\" srcset=\"https:\/\/i0.wp.com\/www.jojoenherbe.com\/wp-content\/uploads\/2024\/02\/Du-meme-sang.jpg?resize=150%2C150&amp;ssl=1 150w, https:\/\/i0.wp.com\/www.jojoenherbe.com\/wp-content\/uploads\/2024\/02\/Du-meme-sang.jpg?zoom=2&amp;resize=150%2C150 300w, https:\/\/i0.wp.com\/www.jojoenherbe.com\/wp-content\/uploads\/2024\/02\/Du-meme-sang.jpg?zoom=3&amp;resize=150%2C150 450w\" sizes=\"auto, (max-width: 150px) 100vw, 150px\" \/><\/a>Conseill\u00e9 par une des biblioth\u00e9caires de ma m\u00e9diath\u00e8que, j&rsquo;ai lu <span style=\"text-decoration: underline;\">Du m\u00eame sang<\/span> de Denene Millner (\u00e9d. Le Cherche Midi, coll. Litt\u00e9rature \u00e9trang\u00e8re, ao\u00fbt 2023, 624 pages), un roman se d\u00e9roulant de 1965 \u00e0 2004 autour de 3 g\u00e9n\u00e9rations de femme noire, aux \u00c9tats-Unis (Grace, Dolores puis Rae), lu pour l&rsquo;AAHM Challenge. Il y est ainsi question de la condition f\u00e9minine en particulier de la femme afro-am\u00e9ricaine, du mariage, de la maternit\u00e9, des violences conjugales et intrafamiliales, de l\u2019adoption, de transmission, de r\u00e9silience\u2026 Un bon moment de lecture \u00e9mouvant avec ce premier roman de l&rsquo;autrice mais qui aurait pu se limiter \u00e0 la seule histoire de Dolores! J&rsquo;en reparle tr\u00e8s vite.<\/em><\/p>\n<ul>\n<li dir=\"auto\"><em>(Romance contemporaine) <strong><span style=\"text-decoration: underline;\">Histoire d&rsquo;@<\/span><\/strong> de Laure Manel<\/em><\/li>\n<\/ul>\n<p style=\"text-align: justify;\"><em><a href=\"https:\/\/i0.wp.com\/www.jojoenherbe.com\/wp-content\/uploads\/2024\/02\/Histoire-d%40.jpg\"><img data-recalc-dims=\"1\" loading=\"lazy\" decoding=\"async\" data-attachment-id=\"34924\" data-permalink=\"https:\/\/www.jojoenherbe.com\/index.php\/2024\/02\/27\/point-lecture-hebdomadaire-2024-8\/histoire-d\/\" data-orig-file=\"https:\/\/i0.wp.com\/www.jojoenherbe.com\/wp-content\/uploads\/2024\/02\/Histoire-d%40.jpg?fit=750%2C1334&amp;ssl=1\" data-orig-size=\"750,1334\" data-comments-opened=\"1\" data-image-meta=\"{&quot;aperture&quot;:&quot;0&quot;,&quot;credit&quot;:&quot;&quot;,&quot;camera&quot;:&quot;&quot;,&quot;caption&quot;:&quot;&quot;,&quot;created_timestamp&quot;:&quot;0&quot;,&quot;copyright&quot;:&quot;&quot;,&quot;focal_length&quot;:&quot;0&quot;,&quot;iso&quot;:&quot;0&quot;,&quot;shutter_speed&quot;:&quot;0&quot;,&quot;title&quot;:&quot;&quot;,&quot;orientation&quot;:&quot;1&quot;}\" data-image-title=\"Histoire d&amp;rsquo;@\" data-image-description=\"\" data-image-caption=\"\" data-large-file=\"https:\/\/i0.wp.com\/www.jojoenherbe.com\/wp-content\/uploads\/2024\/02\/Histoire-d%40.jpg?fit=576%2C1024&amp;ssl=1\" class=\"alignleft size-thumbnail wp-image-34924\" src=\"https:\/\/i0.wp.com\/www.jojoenherbe.com\/wp-content\/uploads\/2024\/02\/Histoire-d%40.jpg?resize=150%2C150\" alt=\"\" width=\"150\" height=\"150\" srcset=\"https:\/\/i0.wp.com\/www.jojoenherbe.com\/wp-content\/uploads\/2024\/02\/Histoire-d%40.jpg?resize=150%2C150&amp;ssl=1 150w, https:\/\/i0.wp.com\/www.jojoenherbe.com\/wp-content\/uploads\/2024\/02\/Histoire-d%40.jpg?zoom=2&amp;resize=150%2C150 300w, https:\/\/i0.wp.com\/www.jojoenherbe.com\/wp-content\/uploads\/2024\/02\/Histoire-d%40.jpg?zoom=3&amp;resize=150%2C150 450w\" sizes=\"auto, (max-width: 150px) 100vw, 150px\" \/><\/a>J&rsquo;ai lu, en e-book, <span style=\"text-decoration: underline;\">Histoire d&rsquo;@<\/span> de Laure Manel (\u00e9d. Le Livre de Poche, janvier 2020, 360 pages), une romance contemporaine sous forme \u00ab\u00a0\u00e9pistolaire\u00a0\u00bb, par mails, entre Mathilde, mari\u00e9e \u00e0 Guillaume et Cyril, qui un soir de r\u00e9veillon, 12 ans apr\u00e8s l&rsquo;avoir quitt\u00e9e, r\u00e9appara\u00eet dans la vie de la jeune femme via un mail anonyme. C&rsquo;est le d\u00e9but d&rsquo;un \u00e9change de mails pendant plusieurs mois entre ces deux anciens amis d&rsquo;enfance. Peuvent-ils reprendre l\u00e0 o\u00f9 tout s&rsquo;\u00e9tait arr\u00eat\u00e9 12 ans auparavant en renouant amicalement ou s&rsquo;offrir une seconde chance de s&rsquo;aimer?<\/em> <em>Une lecture plaisante, les mails \u00e9chang\u00e9s provoquant divers sentiments et \u00e9motions ressentis jusqu&rsquo;au point de non-retour!<\/em><\/p>\n<ul>\n<li dir=\"auto\"><em>(Roman policier historique) <strong><span style=\"text-decoration: underline;\">Un \u00e9tranger dans le miroir<\/span><\/strong> d\u2019Anne Perry <strong>(T1)<\/strong><\/em><\/li>\n<\/ul>\n<p class=\"_ap3a _aaco _aacu _aacx _aad7 _aade\" dir=\"auto\" style=\"text-align: justify;\"><a href=\"https:\/\/i0.wp.com\/www.jojoenherbe.com\/wp-content\/uploads\/2024\/02\/Un-etranger-dans-le-miroir-T1.jpg\"><img data-recalc-dims=\"1\" loading=\"lazy\" decoding=\"async\" data-attachment-id=\"34927\" data-permalink=\"https:\/\/www.jojoenherbe.com\/index.php\/2024\/02\/27\/point-lecture-hebdomadaire-2024-8\/un-etranger-dans-le-miroir-t1\/\" data-orig-file=\"https:\/\/i0.wp.com\/www.jojoenherbe.com\/wp-content\/uploads\/2024\/02\/Un-etranger-dans-le-miroir-T1.jpg?fit=750%2C1334&amp;ssl=1\" data-orig-size=\"750,1334\" data-comments-opened=\"1\" data-image-meta=\"{&quot;aperture&quot;:&quot;0&quot;,&quot;credit&quot;:&quot;&quot;,&quot;camera&quot;:&quot;&quot;,&quot;caption&quot;:&quot;&quot;,&quot;created_timestamp&quot;:&quot;0&quot;,&quot;copyright&quot;:&quot;&quot;,&quot;focal_length&quot;:&quot;0&quot;,&quot;iso&quot;:&quot;0&quot;,&quot;shutter_speed&quot;:&quot;0&quot;,&quot;title&quot;:&quot;&quot;,&quot;orientation&quot;:&quot;1&quot;}\" data-image-title=\"Un \u00e9tranger dans le miroir T1\" data-image-description=\"\" data-image-caption=\"\" data-large-file=\"https:\/\/i0.wp.com\/www.jojoenherbe.com\/wp-content\/uploads\/2024\/02\/Un-etranger-dans-le-miroir-T1.jpg?fit=576%2C1024&amp;ssl=1\" class=\"size-thumbnail wp-image-34927 alignright\" src=\"https:\/\/i0.wp.com\/www.jojoenherbe.com\/wp-content\/uploads\/2024\/02\/Un-etranger-dans-le-miroir-T1.jpg?resize=150%2C150\" alt=\"\" width=\"150\" height=\"150\" srcset=\"https:\/\/i0.wp.com\/www.jojoenherbe.com\/wp-content\/uploads\/2024\/02\/Un-etranger-dans-le-miroir-T1.jpg?resize=150%2C150&amp;ssl=1 150w, https:\/\/i0.wp.com\/www.jojoenherbe.com\/wp-content\/uploads\/2024\/02\/Un-etranger-dans-le-miroir-T1.jpg?zoom=2&amp;resize=150%2C150 300w, https:\/\/i0.wp.com\/www.jojoenherbe.com\/wp-content\/uploads\/2024\/02\/Un-etranger-dans-le-miroir-T1.jpg?zoom=3&amp;resize=150%2C150 450w\" sizes=\"auto, (max-width: 150px) 100vw, 150px\" \/><\/a><em>J&rsquo;ai lu le tome 1 sur 24 de la s\u00e9rie livresque polici\u00e8re \u00ab\u00a0Monk\u00a0\u00bb: <span style=\"text-decoration: underline;\">Un \u00e9tranger dans le miroir<\/span> d\u2019Anne Perry (\u00e9d. 10\/18, coll. Grands D\u00e9tectives, juillet 1998, 415 pages), un roman policier paru pour la premi\u00e8re fois en 1990 et se d\u00e9roulant dans le Londres des ann\u00e9es 1850, \u00e0 l&rsquo;\u00e9poque de la Guerre de Crim\u00e9e. William Monk, un inspecteur de police devenu amn\u00e9sique apr\u00e8s un grave accident de cab est charg\u00e9 d&rsquo;enqu\u00eater sur le meurtre du Major Joscelin Grey, le plus jeune fr\u00e8re de Lord Shelburne, frapp\u00e9 \u00e0 mort \u00e0 son domicile. Qui a pu commettre un tel crime? Monk est aid\u00e9 dans son enqu\u00eate d&rsquo;un jeune policier Evan et va faire la connaissance d&rsquo;Esther Latterly, infirmi\u00e8re en Crim\u00e9e et revenue apr\u00e8s le r\u00e9cent d\u00e9c\u00e8s de ses parents aupr\u00e8s de son fr\u00e8re Charles et de sa belle-s\u0153ur.<\/em><\/p>\n<p class=\"_ap3a _aaco _aacu _aacx _aad7 _aade\" dir=\"auto\" style=\"text-align: justify;\"><em>J&rsquo;ai appr\u00e9ci\u00e9 l\u2019id\u00e9e de cette amn\u00e9sie amenant Monk \u00e0 enqu\u00eater sur lui-m\u00eame et n\u2019appr\u00e9ciant pas ce qu\u2019il d\u00e9couvre sur lui, comme sa vanit\u00e9, son ambition et sa solitude ainsi que le personnage d&rsquo;Esther Latterly. Un tr\u00e8s bon moment de lecture avec cette premi\u00e8re enqu\u00eate, m\u00eame si mes premiers soup\u00e7ons sur le coupable ont \u00e9t\u00e9 confirm\u00e9s! J&rsquo;\u00e9tais frustr\u00e9e de ne pas avoir le tome 2, <span style=\"text-decoration: underline;\">Un deuil dangereux<\/span>, tome par lequel a commenc\u00e9 <a href=\"https:\/\/ribambelledhistoires.over-blog.com\/2024\/01\/un-deuil-dangereux-anne-perry-3.html\">Isabelle<\/a> et qui poursuit cette enqu\u00eate, une fois le coupable d\u00e9masqu\u00e9 et interpell\u00e9. J&rsquo;en reparle tr\u00e8s vite car il s&rsquo;agit d&rsquo;une lecture commune avec Isabelle pour le 6 mars prochain! Et poke \u00e0 <a href=\"https:\/\/sylectures.wordpress.com\/\">Syl<\/a>, grande fan d\u2019Anne Perry!<\/em><\/p>\n<p dir=\"auto\"><strong><span style=\"text-decoration: underline;\">Ma prochaine lecture<\/span>:<\/strong><\/p>\n<p><em>(Romance historique) <strong><span style=\"text-decoration: underline;\">Les Sept Soeurs: Maia<\/span><\/strong> de Lucinda Riley <strong>(T1)<\/strong><\/em><\/p>\n<p dir=\"auto\" style=\"text-align: justify;\"><em><a href=\"https:\/\/i0.wp.com\/www.jojoenherbe.com\/wp-content\/uploads\/2024\/02\/Les-Sept-Soeurs-Maia-T1.jpg\"><img data-recalc-dims=\"1\" loading=\"lazy\" decoding=\"async\" data-attachment-id=\"34929\" data-permalink=\"https:\/\/www.jojoenherbe.com\/index.php\/2024\/02\/27\/point-lecture-hebdomadaire-2024-8\/les-sept-soeurs-maia-t1\/\" data-orig-file=\"https:\/\/i0.wp.com\/www.jojoenherbe.com\/wp-content\/uploads\/2024\/02\/Les-Sept-Soeurs-Maia-T1.jpg?fit=1200%2C1200&amp;ssl=1\" data-orig-size=\"1200,1200\" data-comments-opened=\"1\" data-image-meta=\"{&quot;aperture&quot;:&quot;0&quot;,&quot;credit&quot;:&quot;&quot;,&quot;camera&quot;:&quot;&quot;,&quot;caption&quot;:&quot;&quot;,&quot;created_timestamp&quot;:&quot;1708857718&quot;,&quot;copyright&quot;:&quot;&quot;,&quot;focal_length&quot;:&quot;0&quot;,&quot;iso&quot;:&quot;0&quot;,&quot;shutter_speed&quot;:&quot;0&quot;,&quot;title&quot;:&quot;&quot;,&quot;orientation&quot;:&quot;0&quot;}\" data-image-title=\"Les Sept Soeurs Maia T1\" data-image-description=\"\" data-image-caption=\"\" data-large-file=\"https:\/\/i0.wp.com\/www.jojoenherbe.com\/wp-content\/uploads\/2024\/02\/Les-Sept-Soeurs-Maia-T1.jpg?fit=676%2C676&amp;ssl=1\" class=\"alignleft wp-image-34929 size-thumbnail\" src=\"https:\/\/i0.wp.com\/www.jojoenherbe.com\/wp-content\/uploads\/2024\/02\/Les-Sept-Soeurs-Maia-T1.jpg?resize=150%2C150\" alt=\"\" width=\"150\" height=\"150\" srcset=\"https:\/\/i0.wp.com\/www.jojoenherbe.com\/wp-content\/uploads\/2024\/02\/Les-Sept-Soeurs-Maia-T1.jpg?resize=150%2C150&amp;ssl=1 150w, https:\/\/i0.wp.com\/www.jojoenherbe.com\/wp-content\/uploads\/2024\/02\/Les-Sept-Soeurs-Maia-T1.jpg?resize=300%2C300&amp;ssl=1 300w, https:\/\/i0.wp.com\/www.jojoenherbe.com\/wp-content\/uploads\/2024\/02\/Les-Sept-Soeurs-Maia-T1.jpg?resize=1024%2C1024&amp;ssl=1 1024w, https:\/\/i0.wp.com\/www.jojoenherbe.com\/wp-content\/uploads\/2024\/02\/Les-Sept-Soeurs-Maia-T1.jpg?resize=768%2C768&amp;ssl=1 768w, https:\/\/i0.wp.com\/www.jojoenherbe.com\/wp-content\/uploads\/2024\/02\/Les-Sept-Soeurs-Maia-T1.jpg?resize=676%2C676&amp;ssl=1 676w, https:\/\/i0.wp.com\/www.jojoenherbe.com\/wp-content\/uploads\/2024\/02\/Les-Sept-Soeurs-Maia-T1.jpg?w=1200&amp;ssl=1 1200w\" sizes=\"auto, (max-width: 150px) 100vw, 150px\" \/><\/a>Cette semaine, j&rsquo;avais \u00e9galement pr\u00e9vu de lire la lecture commune facultative choisie sur le groupe FB \u00ab\u00a0Week-end \u00e0 1000\u00a0\u00bb: le tome 1 des <span style=\"text-decoration: underline;\">Sept S\u0153urs, Maia<\/span> de Lucinda Riley (\u00e9d. Le Livre de poche, juin 2020, 672 pages), une romance historique, dans les ann\u00e9es 20, sur la premi\u00e8re des 7 s\u0153urs dont le p\u00e8re adoptif vient de d\u00e9c\u00e9der. Je pensais le commencer dimanche mais le temps m&rsquo;a manqu\u00e9. Peut-\u00eatre \u00e0 l&rsquo;occasion d&rsquo;une prochaine semaine \u00e0 lire ou week-end \u00e0 mille?<br \/><\/em><\/p>\n<p dir=\"auto\" style=\"text-align: justify;\"><a href=\"https:\/\/i0.wp.com\/www.jojoenherbe.com\/wp-content\/uploads\/2024\/01\/Week-end-a-1000-programme-2024.jpg\"><img data-recalc-dims=\"1\" loading=\"lazy\" decoding=\"async\" data-attachment-id=\"34364\" data-permalink=\"https:\/\/www.jojoenherbe.com\/index.php\/2024\/01\/21\/week-end-a-mille-janvier-2024\/week-end-a-1000-programme-2024\/\" data-orig-file=\"https:\/\/i0.wp.com\/www.jojoenherbe.com\/wp-content\/uploads\/2024\/01\/Week-end-a-1000-programme-2024.jpg?fit=1286%2C1712&amp;ssl=1\" data-orig-size=\"1286,1712\" data-comments-opened=\"1\" data-image-meta=\"{&quot;aperture&quot;:&quot;0&quot;,&quot;credit&quot;:&quot;&quot;,&quot;camera&quot;:&quot;&quot;,&quot;caption&quot;:&quot;&quot;,&quot;created_timestamp&quot;:&quot;1705744080&quot;,&quot;copyright&quot;:&quot;&quot;,&quot;focal_length&quot;:&quot;0&quot;,&quot;iso&quot;:&quot;0&quot;,&quot;shutter_speed&quot;:&quot;0&quot;,&quot;title&quot;:&quot;&quot;,&quot;orientation&quot;:&quot;1&quot;}\" data-image-title=\"\" data-image-description=\"\" data-image-caption=\"\" data-large-file=\"https:\/\/i0.wp.com\/www.jojoenherbe.com\/wp-content\/uploads\/2024\/01\/Week-end-a-1000-programme-2024.jpg?fit=676%2C900&amp;ssl=1\" class=\"size-thumbnail wp-image-34364 alignright\" src=\"https:\/\/i0.wp.com\/www.jojoenherbe.com\/wp-content\/uploads\/2024\/01\/Week-end-a-1000-programme-2024.jpg?resize=150%2C150\" alt=\"\" width=\"150\" height=\"150\" srcset=\"https:\/\/i0.wp.com\/www.jojoenherbe.com\/wp-content\/uploads\/2024\/01\/Week-end-a-1000-programme-2024.jpg?resize=150%2C150&amp;ssl=1 150w, https:\/\/i0.wp.com\/www.jojoenherbe.com\/wp-content\/uploads\/2024\/01\/Week-end-a-1000-programme-2024.jpg?zoom=2&amp;resize=150%2C150 300w, https:\/\/i0.wp.com\/www.jojoenherbe.com\/wp-content\/uploads\/2024\/01\/Week-end-a-1000-programme-2024.jpg?zoom=3&amp;resize=150%2C150 450w\" sizes=\"auto, (max-width: 150px) 100vw, 150px\" \/><\/a><em>Cette semaine c&rsquo;\u00e9tait une Semaine \u00e0 lire organis\u00e9 sur le le <a href=\"https:\/\/www.facebook.com\/groups\/548425825168377\/\">groupe FB<\/a> \u00ab\u00a0Week-end \u00e0 1000\u00a0\u00bb. Je ne me suis pas vraiment fix\u00e9 d&rsquo;objectif de pages \u00e0 lire, seulement le plaisir de lire. Alors combien ai-je lu de pages cette semaine? 1.743 pages lues sans compter les livres jeunesse lus avec mon mini lutin.<\/em><\/p>\n<p dir=\"auto\">\u00a0<\/p>\n\n\n<p><\/p>\n","protected":false},"excerpt":{"rendered":"<p>En ce d\u00e9but de semaine, voici mon point lecture hebdomadaire avec un retour sur nos lectures de la semaine derni\u00e8re (mais pas nos relectures). Nos lectures du 19 au 25 f\u00e9vrier 2024: Des lectures jeunesse: (BD Jeunesse) Mortelle Ad\u00e8le (T2 et T13), Ajax (T1) et Le journal des Bizarres de Mr Tan et Miss Prickly [&hellip;]<\/p>\n","protected":false},"author":1,"featured_media":34921,"comment_status":"open","ping_status":"open","sticky":false,"template":"","format":"standard","meta":{"jetpack_post_was_ever_published":false,"_jetpack_newsletter_access":"","_jetpack_dont_email_post_to_subs":false,"_jetpack_newsletter_tier_id":0,"_jetpack_memberships_contains_paywalled_content":false,"_jetpack_memberships_contains_paid_content":false,"footnotes":""},"categories":[2140,363],"tags":[4143,2348,596,1226,3604,4145,4033,4058,2211,3603,4149,1085,367,4148,4032,4147,4031,2767,3602,4146,4144,4118,3777,1643,2088,1818,4115,1329,905],"class_list":["post-34916","post","type-post","status-publish","format-standard","has-post-thumbnail","hentry","category-mini-blogueur","category-mini-lecteur","tag-alexandre-civico","tag-anne-perry","tag-bandes-dessinees","tag-bd-jeunesse","tag-ben-newman","tag-denene-millner","tag-diane-le-feyer","tag-documentaire","tag-documentaires-jeunesse","tag-dominic-walliman","tag-laure-manel","tag-lecture-adulte","tag-lecture-jeunesse","tag-lucinda-riley","tag-miss-prickly","tag-monk","tag-mr-tan-2","tag-point-lecture-hebdo","tag-professeur-astrocat","tag-quentin-zuttion","tag-rentree-litteraire-automne-2023","tag-rentree-litteraire-hiver-2024","tag-roman-contemporain","tag-roman-court","tag-roman-graphique","tag-roman-historique","tag-roman-noir","tag-roman-policier","tag-romans-adulte","post-preview"],"jetpack_featured_media_url":"https:\/\/i0.wp.com\/www.jojoenherbe.com\/wp-content\/uploads\/2024\/02\/Point-lecture-hebdo-2024-8-scaled.jpg?fit=2560%2C1684&ssl=1","jetpack_sharing_enabled":true,"jetpack_shortlink":"https:\/\/wp.me\/p9zhGx-95a","jetpack_likes_enabled":true,"jetpack-related-posts":[{"id":34189,"url":"https:\/\/www.jojoenherbe.com\/index.php\/2024\/01\/08\/point-lecture-hebdomadaire-2024-1\/","url_meta":{"origin":34916,"position":0},"title":"Point lecture hebdomadaire 2024 #1","author":"Jojo","date":"8 janvier 2024","format":false,"excerpt":"En ce d\u00e9but de semaine, voici notre point lecture hebdomadaire avec un retour sur nos lectures de la semaine derni\u00e8re (mais pas nos relectures), la plupart encore de No\u00ebl puisque le week-end dernier s'est fini le challenge Il \u00e9tait 11 fois No\u00ebl avec un read-a-thon. Nos lectures du 1er au\u2026","rel":"","context":"Dans &quot;Mini blogueur&quot;","block_context":{"text":"Mini blogueur","link":"https:\/\/www.jojoenherbe.com\/index.php\/category\/mini-blogueur\/"},"img":{"alt_text":"","src":"https:\/\/i0.wp.com\/www.jojoenherbe.com\/wp-content\/uploads\/2024\/01\/Point-lecture-hebdo-2024-1-scaled.jpg?fit=1200%2C684&ssl=1&resize=350%2C200","width":350,"height":200,"srcset":"https:\/\/i0.wp.com\/www.jojoenherbe.com\/wp-content\/uploads\/2024\/01\/Point-lecture-hebdo-2024-1-scaled.jpg?fit=1200%2C684&ssl=1&resize=350%2C200 1x, https:\/\/i0.wp.com\/www.jojoenherbe.com\/wp-content\/uploads\/2024\/01\/Point-lecture-hebdo-2024-1-scaled.jpg?fit=1200%2C684&ssl=1&resize=525%2C300 1.5x, https:\/\/i0.wp.com\/www.jojoenherbe.com\/wp-content\/uploads\/2024\/01\/Point-lecture-hebdo-2024-1-scaled.jpg?fit=1200%2C684&ssl=1&resize=700%2C400 2x, https:\/\/i0.wp.com\/www.jojoenherbe.com\/wp-content\/uploads\/2024\/01\/Point-lecture-hebdo-2024-1-scaled.jpg?fit=1200%2C684&ssl=1&resize=1050%2C600 3x"},"classes":[]},{"id":34296,"url":"https:\/\/www.jojoenherbe.com\/index.php\/2024\/01\/15\/point-lecture-hebdomadaire-2024-2\/","url_meta":{"origin":34916,"position":1},"title":"Point lecture hebdomadaire 2024 #2","author":"Jojo","date":"15 janvier 2024","format":false,"excerpt":"En ce d\u00e9but de semaine, voici notre point lecture hebdomadaire avec un retour sur nos lectures de la semaine derni\u00e8re (mais pas nos relectures). Nos lectures du 8 au 14 janvier 2024: Des lectures jeunesse: (BD jeunesse) Mortelle Ad\u00e8le, Parents \u00e0 vendre et Toi, je te zut! de Mr Tan\u2026","rel":"","context":"Dans &quot;Mini blogueur&quot;","block_context":{"text":"Mini blogueur","link":"https:\/\/www.jojoenherbe.com\/index.php\/category\/mini-blogueur\/"},"img":{"alt_text":"","src":"https:\/\/i0.wp.com\/www.jojoenherbe.com\/wp-content\/uploads\/2024\/01\/Point-lecture-hebdo-2024-2-scaled.jpg?fit=1200%2C1146&ssl=1&resize=350%2C200","width":350,"height":200,"srcset":"https:\/\/i0.wp.com\/www.jojoenherbe.com\/wp-content\/uploads\/2024\/01\/Point-lecture-hebdo-2024-2-scaled.jpg?fit=1200%2C1146&ssl=1&resize=350%2C200 1x, https:\/\/i0.wp.com\/www.jojoenherbe.com\/wp-content\/uploads\/2024\/01\/Point-lecture-hebdo-2024-2-scaled.jpg?fit=1200%2C1146&ssl=1&resize=525%2C300 1.5x, https:\/\/i0.wp.com\/www.jojoenherbe.com\/wp-content\/uploads\/2024\/01\/Point-lecture-hebdo-2024-2-scaled.jpg?fit=1200%2C1146&ssl=1&resize=700%2C400 2x, https:\/\/i0.wp.com\/www.jojoenherbe.com\/wp-content\/uploads\/2024\/01\/Point-lecture-hebdo-2024-2-scaled.jpg?fit=1200%2C1146&ssl=1&resize=1050%2C600 3x"},"classes":[]},{"id":35130,"url":"https:\/\/www.jojoenherbe.com\/index.php\/2024\/03\/11\/point-lecture-hebdomadaire-2024-10\/","url_meta":{"origin":34916,"position":2},"title":"Point lecture hebdomadaire 2024 #10","author":"Jojo","date":"11 mars 2024","format":false,"excerpt":"En ce d\u00e9but de semaine, voici mon point lecture hebdomadaire avec un retour sur nos lectures de la semaine derni\u00e8re (mais pas nos relectures). J'ai moins lu cette semaine ayant profit\u00e9 d'\u00eatre en famille. Nos lectures du 4 au 10 mars 2024: Des lectures jeunesse: (Album jeunesse) Mon voyage \u00e0\u2026","rel":"","context":"Dans &quot;Mini blogueur&quot;","block_context":{"text":"Mini blogueur","link":"https:\/\/www.jojoenherbe.com\/index.php\/category\/mini-blogueur\/"},"img":{"alt_text":"","src":"https:\/\/i0.wp.com\/www.jojoenherbe.com\/wp-content\/uploads\/2024\/03\/Point-lecture-hebdo-2024-10-scaled.jpg?fit=1200%2C669&ssl=1&resize=350%2C200","width":350,"height":200,"srcset":"https:\/\/i0.wp.com\/www.jojoenherbe.com\/wp-content\/uploads\/2024\/03\/Point-lecture-hebdo-2024-10-scaled.jpg?fit=1200%2C669&ssl=1&resize=350%2C200 1x, https:\/\/i0.wp.com\/www.jojoenherbe.com\/wp-content\/uploads\/2024\/03\/Point-lecture-hebdo-2024-10-scaled.jpg?fit=1200%2C669&ssl=1&resize=525%2C300 1.5x, https:\/\/i0.wp.com\/www.jojoenherbe.com\/wp-content\/uploads\/2024\/03\/Point-lecture-hebdo-2024-10-scaled.jpg?fit=1200%2C669&ssl=1&resize=700%2C400 2x, https:\/\/i0.wp.com\/www.jojoenherbe.com\/wp-content\/uploads\/2024\/03\/Point-lecture-hebdo-2024-10-scaled.jpg?fit=1200%2C669&ssl=1&resize=1050%2C600 3x"},"classes":[]},{"id":34536,"url":"https:\/\/www.jojoenherbe.com\/index.php\/2024\/01\/29\/point-lecture-hebdomadaire-2024-4\/","url_meta":{"origin":34916,"position":3},"title":"Point lecture hebdomadaire 2024 #4","author":"Jojo","date":"29 janvier 2024","format":false,"excerpt":"En ce d\u00e9but de semaine, voici notre point lecture hebdomadaire avec un retour sur nos lectures de la semaine derni\u00e8re (mais pas nos relectures). Nos lectures du 22 au 28 janvier 2024: Des lectures jeunesse: (BD jeunesse) Mortelle Ad\u00e8le au pays des Contes d\u00e9faits, Mortelle Ad\u00e8le, Choupidoulove (T10) et Extra\u2026","rel":"","context":"Dans &quot;Mini blogueur&quot;","block_context":{"text":"Mini blogueur","link":"https:\/\/www.jojoenherbe.com\/index.php\/category\/mini-blogueur\/"},"img":{"alt_text":"","src":"https:\/\/i0.wp.com\/www.jojoenherbe.com\/wp-content\/uploads\/2024\/01\/Mortelle-Adele-BD-4-150x150.jpg?resize=350%2C200","width":350,"height":200},"classes":[]},{"id":36513,"url":"https:\/\/www.jojoenherbe.com\/index.php\/2024\/06\/24\/point-lecture-hebdomadaire-2024-25\/","url_meta":{"origin":34916,"position":4},"title":"Point lecture hebdomadaire 2024 #25","author":"Jojo","date":"24 juin 2024","format":false,"excerpt":"En ce d\u00e9but de semaine, voici mon point lecture hebdomadaire avec un retour sur nos lectures (mais pas nos relectures) de la semaine derni\u00e8re avec moins de lecture que d'habitude en raison d'\u00e9v\u00e9nements festifs comme la f\u00eate de la musique ou de visionnage de s\u00e9ries. Nos lectures du 17 au\u2026","rel":"","context":"Dans &quot;Mini blogueur&quot;","block_context":{"text":"Mini blogueur","link":"https:\/\/www.jojoenherbe.com\/index.php\/category\/mini-blogueur\/"},"img":{"alt_text":"","src":"https:\/\/i0.wp.com\/www.jojoenherbe.com\/wp-content\/uploads\/2024\/06\/Charlock-T7-et-Mortelle-Adele-T21-150x150.jpg?resize=350%2C200","width":350,"height":200},"classes":[]},{"id":34424,"url":"https:\/\/www.jojoenherbe.com\/index.php\/2024\/01\/22\/point-lecture-hebdomadaire-2024-3\/","url_meta":{"origin":34916,"position":5},"title":"Point lecture hebdomadaire 2024 #3","author":"Jojo","date":"22 janvier 2024","format":false,"excerpt":"En ce d\u00e9but de semaine, voici notre point lecture hebdomadaire avec un retour sur nos lectures de la semaine derni\u00e8re (mais pas nos relectures). Nos lectures du 15 au 21 janvier 2024: Des lectures jeunesse: (BD jeunesse) Mortelle Ad\u00e8le et la galaxie des bizarres, Mortelle Ad\u00e8le, La rentr\u00e9e des claques\u2026","rel":"","context":"Dans &quot;Mini blogueur&quot;","block_context":{"text":"Mini blogueur","link":"https:\/\/www.jojoenherbe.com\/index.php\/category\/mini-blogueur\/"},"img":{"alt_text":"","src":"https:\/\/i0.wp.com\/www.jojoenherbe.com\/wp-content\/uploads\/2024\/01\/Mortelle-Adele-et-Ajax-BD-150x150.jpg?resize=350%2C200","width":350,"height":200},"classes":[]}],"_links":{"self":[{"href":"https:\/\/www.jojoenherbe.com\/index.php\/wp-json\/wp\/v2\/posts\/34916","targetHints":{"allow":["GET"]}}],"collection":[{"href":"https:\/\/www.jojoenherbe.com\/index.php\/wp-json\/wp\/v2\/posts"}],"about":[{"href":"https:\/\/www.jojoenherbe.com\/index.php\/wp-json\/wp\/v2\/types\/post"}],"author":[{"embeddable":true,"href":"https:\/\/www.jojoenherbe.com\/index.php\/wp-json\/wp\/v2\/users\/1"}],"replies":[{"embeddable":true,"href":"https:\/\/www.jojoenherbe.com\/index.php\/wp-json\/wp\/v2\/comments?post=34916"}],"version-history":[{"count":27,"href":"https:\/\/www.jojoenherbe.com\/index.php\/wp-json\/wp\/v2\/posts\/34916\/revisions"}],"predecessor-version":[{"id":37249,"href":"https:\/\/www.jojoenherbe.com\/index.php\/wp-json\/wp\/v2\/posts\/34916\/revisions\/37249"}],"wp:featuredmedia":[{"embeddable":true,"href":"https:\/\/www.jojoenherbe.com\/index.php\/wp-json\/wp\/v2\/media\/34921"}],"wp:attachment":[{"href":"https:\/\/www.jojoenherbe.com\/index.php\/wp-json\/wp\/v2\/media?parent=34916"}],"wp:term":[{"taxonomy":"category","embeddable":true,"href":"https:\/\/www.jojoenherbe.com\/index.php\/wp-json\/wp\/v2\/categories?post=34916"},{"taxonomy":"post_tag","embeddable":true,"href":"https:\/\/www.jojoenherbe.com\/index.php\/wp-json\/wp\/v2\/tags?post=34916"}],"curies":[{"name":"wp","href":"https:\/\/api.w.org\/{rel}","templated":true}]}}