{"id":34655,"date":"2024-02-05T15:43:36","date_gmt":"2024-02-05T14:43:36","guid":{"rendered":"https:\/\/www.jojoenherbe.com\/?p=34655"},"modified":"2024-02-06T15:43:49","modified_gmt":"2024-02-06T14:43:49","slug":"point-lecture-hebdomadaire-2024-5","status":"publish","type":"post","link":"https:\/\/www.jojoenherbe.com\/index.php\/2024\/02\/05\/point-lecture-hebdomadaire-2024-5\/","title":{"rendered":"Point lecture hebdomadaire 2024 #5"},"content":{"rendered":"<p style=\"text-align: justify;\"><em>En ce d\u00e9but de semaine, voici notre point lecture hebdomadaire avec un retour sur nos lectures de la semaine derni\u00e8re (mais pas nos relectures).<\/em><\/p>\n<p><strong><span style=\"text-decoration: underline;\">Nos lectures du 29 janvier au 4 f\u00e9vrier 2024<\/span>:<\/strong><\/p>\n<p><em><span style=\"text-decoration: underline;\">Des lectures jeunesse<\/span>:<\/em><\/p>\n<p style=\"text-align: justify;\"><em>Mon mini lutin a continu\u00e9 \u00e0 relire les tomes de <span style=\"text-decoration: underline;\">Mortelle Ad\u00e8le<\/span>.<\/em><\/p>\n<p><em>(Album jeunesse) <strong><span style=\"text-decoration: underline;\">Le chien qui couve<\/span><\/strong> de Myriam Picard et J\u00e9r\u00f4me Peyrat<\/em><\/p>\n<p style=\"text-align: justify;\"><em><a href=\"https:\/\/i0.wp.com\/www.jojoenherbe.com\/wp-content\/uploads\/2024\/02\/Le-chien-qui-couve-scaled.jpg\"><img data-recalc-dims=\"1\" loading=\"lazy\" decoding=\"async\" data-attachment-id=\"34678\" data-permalink=\"https:\/\/www.jojoenherbe.com\/index.php\/2024\/02\/05\/point-lecture-hebdomadaire-2024-5\/le-chien-qui-couve\/\" data-orig-file=\"https:\/\/i0.wp.com\/www.jojoenherbe.com\/wp-content\/uploads\/2024\/02\/Le-chien-qui-couve-scaled.jpg?fit=2560%2C1932&amp;ssl=1\" data-orig-size=\"2560,1932\" data-comments-opened=\"1\" data-image-meta=\"{&quot;aperture&quot;:&quot;1.8&quot;,&quot;credit&quot;:&quot;&quot;,&quot;camera&quot;:&quot;iPhone 7&quot;,&quot;caption&quot;:&quot;&quot;,&quot;created_timestamp&quot;:&quot;1707233556&quot;,&quot;copyright&quot;:&quot;&quot;,&quot;focal_length&quot;:&quot;3.99&quot;,&quot;iso&quot;:&quot;100&quot;,&quot;shutter_speed&quot;:&quot;0.1&quot;,&quot;title&quot;:&quot;&quot;,&quot;orientation&quot;:&quot;1&quot;}\" data-image-title=\"Le chien qui couve\" data-image-description=\"\" data-image-caption=\"\" data-large-file=\"https:\/\/i0.wp.com\/www.jojoenherbe.com\/wp-content\/uploads\/2024\/02\/Le-chien-qui-couve-scaled.jpg?fit=676%2C510&amp;ssl=1\" class=\"alignleft size-thumbnail wp-image-34678\" src=\"https:\/\/i0.wp.com\/www.jojoenherbe.com\/wp-content\/uploads\/2024\/02\/Le-chien-qui-couve.jpg?resize=150%2C150\" alt=\"\" width=\"150\" height=\"150\" srcset=\"https:\/\/i0.wp.com\/www.jojoenherbe.com\/wp-content\/uploads\/2024\/02\/Le-chien-qui-couve-scaled.jpg?resize=150%2C150&amp;ssl=1 150w, https:\/\/i0.wp.com\/www.jojoenherbe.com\/wp-content\/uploads\/2024\/02\/Le-chien-qui-couve-scaled.jpg?zoom=2&amp;resize=150%2C150 300w, https:\/\/i0.wp.com\/www.jojoenherbe.com\/wp-content\/uploads\/2024\/02\/Le-chien-qui-couve-scaled.jpg?zoom=3&amp;resize=150%2C150 450w\" sizes=\"auto, (max-width: 150px) 100vw, 150px\" \/><\/a>Nous avons lu <span style=\"text-decoration: underline;\">Le chien qui couve<\/span> de Myriam Picard et J\u00e9r\u00f4me Peyrat (\u00e9d. L&rsquo;\u00e9lan vert, juin 2022, 32 pages), un album jeunesse pour les 3\/6 ans. Sh\u00e9rif, le chien d&rsquo;une ferme veille sur tous les animaux du matin au soir. Mais un matin, il surprend les autres animaux de la ferme en restant couch\u00e9 dans le verger sans bouger. Que se passe-t-il? Que couve-t-il? Il y est question d&rsquo;entraide et de solidarit\u00e9 entre les animaux, de vivre ensemble. Une lecture rigolote avec une fin \u00e0 laquelle on ne s&rsquo;attendait pas sur l&rsquo;identit\u00e9 de l&rsquo;animal qui na\u00eet! Je vous laisse le plaisir de le d\u00e9couvrir.<\/em><\/p>\n<p><em><span style=\"text-decoration: underline;\">Des lectures adulte<\/span>:<\/em><\/p>\n<p style=\"text-align: justify;\"><em>Parmi les romans adultes que j\u2019ai lus cette semaine, je ne parlerai dans ce billet que de certains<\/em>.<\/p>\n<ul>\n<li style=\"text-align: justify;\"><em>(Roman fantasy) <span style=\"text-decoration: underline;\"><strong>Les Chroniques oubli\u00e9es d\u2019Hyp\u00e9rion, La derni\u00e8re grande invocatrice<\/strong><\/span> de Lina D\u00e9ranor <strong>(T4)<\/strong><\/em><\/li>\n<\/ul>\n<p style=\"text-align: justify;\"><a href=\"https:\/\/i0.wp.com\/www.jojoenherbe.com\/wp-content\/uploads\/2024\/01\/Les-Chroniques-oubliees-dHyperion-T4.jpg\"><img data-recalc-dims=\"1\" loading=\"lazy\" decoding=\"async\" data-attachment-id=\"34546\" data-permalink=\"https:\/\/www.jojoenherbe.com\/index.php\/2024\/01\/29\/point-lecture-hebdomadaire-2024-4\/les-chroniques-oubliees-dhyperion-t4\/\" data-orig-file=\"https:\/\/i0.wp.com\/www.jojoenherbe.com\/wp-content\/uploads\/2024\/01\/Les-Chroniques-oubliees-dHyperion-T4.jpg?fit=750%2C1334&amp;ssl=1\" data-orig-size=\"750,1334\" data-comments-opened=\"1\" data-image-meta=\"{&quot;aperture&quot;:&quot;0&quot;,&quot;credit&quot;:&quot;&quot;,&quot;camera&quot;:&quot;&quot;,&quot;caption&quot;:&quot;&quot;,&quot;created_timestamp&quot;:&quot;0&quot;,&quot;copyright&quot;:&quot;&quot;,&quot;focal_length&quot;:&quot;0&quot;,&quot;iso&quot;:&quot;0&quot;,&quot;shutter_speed&quot;:&quot;0&quot;,&quot;title&quot;:&quot;&quot;,&quot;orientation&quot;:&quot;1&quot;}\" data-image-title=\"Les Chroniques oubli\u00e9es d&amp;rsquo;Hyp\u00e9rion T4\" data-image-description=\"\" data-image-caption=\"\" data-large-file=\"https:\/\/i0.wp.com\/www.jojoenherbe.com\/wp-content\/uploads\/2024\/01\/Les-Chroniques-oubliees-dHyperion-T4.jpg?fit=576%2C1024&amp;ssl=1\" class=\"size-thumbnail wp-image-34546 alignright\" src=\"https:\/\/i0.wp.com\/www.jojoenherbe.com\/wp-content\/uploads\/2024\/01\/Les-Chroniques-oubliees-dHyperion-T4.jpg?resize=150%2C150\" alt=\"\" width=\"150\" height=\"150\" srcset=\"https:\/\/i0.wp.com\/www.jojoenherbe.com\/wp-content\/uploads\/2024\/01\/Les-Chroniques-oubliees-dHyperion-T4.jpg?resize=150%2C150&amp;ssl=1 150w, https:\/\/i0.wp.com\/www.jojoenherbe.com\/wp-content\/uploads\/2024\/01\/Les-Chroniques-oubliees-dHyperion-T4.jpg?zoom=2&amp;resize=150%2C150 300w, https:\/\/i0.wp.com\/www.jojoenherbe.com\/wp-content\/uploads\/2024\/01\/Les-Chroniques-oubliees-dHyperion-T4.jpg?zoom=3&amp;resize=150%2C150 450w\" sizes=\"auto, (max-width: 150px) 100vw, 150px\" \/><\/a><em>J&rsquo;ai fini de lire, en e-book, le tome 4 des <span style=\"text-decoration: underline;\">Chroniques oubli\u00e9es d\u2019Hyp\u00e9rion, La derni\u00e8re grande invocatrice<\/span> de Lina D\u00e9ranor (\u00e9d. Inceptio, d\u00e9cembre 2023, 660 pages), le dernier tome d&rsquo;une saga fantasy que j&rsquo;ai bien appr\u00e9ci\u00e9, l&rsquo;intrigue avan\u00e7ant en passant d&rsquo;un point de vue \u00e0 un autre des diff\u00e9rents protagonistes, chacun ayant son r\u00f4le \u00e0 jouer pour lib\u00e9rer Hyp\u00e9rion jusqu&rsquo;\u00e0 une jolie conclusion \u00e0 ces aventures fantasy \u00e9piques. Un tr\u00e8s bon moment de lecture avec ce tome 4!<\/em><\/p>\n<ul>\n<li style=\"text-align: justify;\"><em>(Romance cosy mystery historique) <strong><span style=\"text-decoration: underline;\">La demoiselle et le mousquetaire, Meurtre sur mesure<\/span><\/strong> de SD Fischer <strong>(T2)<\/strong><\/em><\/li>\n<\/ul>\n<p style=\"text-align: justify;\"><em><a href=\"https:\/\/i0.wp.com\/www.jojoenherbe.com\/wp-content\/uploads\/2024\/02\/La-demoiselle-et-le-mousquetaire-T2.jpg\"><img data-recalc-dims=\"1\" loading=\"lazy\" decoding=\"async\" data-attachment-id=\"34607\" data-permalink=\"https:\/\/www.jojoenherbe.com\/index.php\/2024\/01\/31\/des-romances-historiques-amour-interdit-difference-de-classe-sociale-en-janvier-2024\/la-demoiselle-et-le-mousquetaire-t2\/\" data-orig-file=\"https:\/\/i0.wp.com\/www.jojoenherbe.com\/wp-content\/uploads\/2024\/02\/La-demoiselle-et-le-mousquetaire-T2.jpg?fit=746%2C1198&amp;ssl=1\" data-orig-size=\"746,1198\" data-comments-opened=\"1\" data-image-meta=\"{&quot;aperture&quot;:&quot;0&quot;,&quot;credit&quot;:&quot;&quot;,&quot;camera&quot;:&quot;&quot;,&quot;caption&quot;:&quot;&quot;,&quot;created_timestamp&quot;:&quot;0&quot;,&quot;copyright&quot;:&quot;&quot;,&quot;focal_length&quot;:&quot;0&quot;,&quot;iso&quot;:&quot;0&quot;,&quot;shutter_speed&quot;:&quot;0&quot;,&quot;title&quot;:&quot;&quot;,&quot;orientation&quot;:&quot;1&quot;}\" data-image-title=\"La demoiselle et le mousquetaire T2\" data-image-description=\"\" data-image-caption=\"\" data-large-file=\"https:\/\/i0.wp.com\/www.jojoenherbe.com\/wp-content\/uploads\/2024\/02\/La-demoiselle-et-le-mousquetaire-T2.jpg?fit=638%2C1024&amp;ssl=1\" class=\"size-thumbnail wp-image-34607 alignleft\" src=\"https:\/\/i0.wp.com\/www.jojoenherbe.com\/wp-content\/uploads\/2024\/02\/La-demoiselle-et-le-mousquetaire-T2.jpg?resize=150%2C150\" alt=\"\" width=\"150\" height=\"150\" srcset=\"https:\/\/i0.wp.com\/www.jojoenherbe.com\/wp-content\/uploads\/2024\/02\/La-demoiselle-et-le-mousquetaire-T2.jpg?resize=150%2C150&amp;ssl=1 150w, https:\/\/i0.wp.com\/www.jojoenherbe.com\/wp-content\/uploads\/2024\/02\/La-demoiselle-et-le-mousquetaire-T2.jpg?zoom=2&amp;resize=150%2C150 300w, https:\/\/i0.wp.com\/www.jojoenherbe.com\/wp-content\/uploads\/2024\/02\/La-demoiselle-et-le-mousquetaire-T2.jpg?zoom=3&amp;resize=150%2C150 450w\" sizes=\"auto, (max-width: 150px) 100vw, 150px\" \/><\/a>J&rsquo;ai lu, en e-book, le tome 2 de <span style=\"text-decoration: underline;\">La demoiselle et du mousquetaire, Meurtre sur mesure<\/span> de SD Fischer (\u00e9d. Auto\u00e9dition, d\u00e9cembre 2023, 296 pages), une romance historique se d\u00e9roulant \u00e0 Paris sous le r\u00e8gne de Louis XIV entre Jos\u00e9phine Galtier, fille d\u2019un riche m\u00e9decin et J\u00e9r\u00f4me de Faulcon de Montessand, comte et mousquetaire du Roi, les deux \u00e9tant une nouvelle fois amen\u00e9s \u00e0 enqu\u00eater ensemble sur le meurtre d\u2019un tailleur. Un bon moment de lecture avec cette nouvelle enqu\u00eate cosy mystery qui rentre dans le th\u00e8me de janvier \u00ab Amour interdit\/diff\u00e9rence de classes sociales \u00bb du challenge Romance Historique 2024 et m\u00eame si l&rsquo;h\u00e9ro\u00efne est quand m\u00eame bien libre et moderne pour l&rsquo;\u00e9poque! Je trouve que le duo entre la jeune femme de 20 ans(et non \u00ab\u00a0la jeune fille\u00a0\u00bb comme pourtant sans cesse indiqu\u00e9 dans le texte) et le comte fonctionne tr\u00e8s bien, l&rsquo;alchimie entre les deux \u00e9tant bien pr\u00e9sente m\u00eame si c&rsquo;est bien l&rsquo;enqu\u00eate qui pr\u00e9domine, le duo me rappelant le couple Beatrice Hyde-Clare\/Damien Matloc, Duc de Kesgrave. <br \/><\/em><\/p>\n<ul>\n<li style=\"text-align: justify;\"><em>(Nouvelle\/pr\u00e9quel historique) <strong><span style=\"text-decoration: underline;\">La de<\/span><span style=\"text-decoration: underline;\"><strong>moiselle et le le mousquetaire,<\/strong> Navrant No\u00ebl<\/span><\/strong> de SD Fischer <strong>(T0,5)<\/strong><\/em><\/li>\n<\/ul>\n<p style=\"text-align: justify;\"><a href=\"https:\/\/i0.wp.com\/www.jojoenherbe.com\/wp-content\/uploads\/2024\/02\/Navrant-Noel.jpg\"><img data-recalc-dims=\"1\" loading=\"lazy\" decoding=\"async\" data-attachment-id=\"34656\" data-permalink=\"https:\/\/www.jojoenherbe.com\/index.php\/2024\/02\/05\/point-lecture-hebdomadaire-2024-5\/navrant-noel\/\" data-orig-file=\"https:\/\/i0.wp.com\/www.jojoenherbe.com\/wp-content\/uploads\/2024\/02\/Navrant-Noel.jpg?fit=750%2C1079&amp;ssl=1\" data-orig-size=\"750,1079\" data-comments-opened=\"1\" data-image-meta=\"{&quot;aperture&quot;:&quot;0&quot;,&quot;credit&quot;:&quot;&quot;,&quot;camera&quot;:&quot;&quot;,&quot;caption&quot;:&quot;&quot;,&quot;created_timestamp&quot;:&quot;0&quot;,&quot;copyright&quot;:&quot;&quot;,&quot;focal_length&quot;:&quot;0&quot;,&quot;iso&quot;:&quot;0&quot;,&quot;shutter_speed&quot;:&quot;0&quot;,&quot;title&quot;:&quot;&quot;,&quot;orientation&quot;:&quot;1&quot;}\" data-image-title=\"Navrant No\u00ebl\" data-image-description=\"\" data-image-caption=\"\" data-large-file=\"https:\/\/i0.wp.com\/www.jojoenherbe.com\/wp-content\/uploads\/2024\/02\/Navrant-Noel.jpg?fit=676%2C972&amp;ssl=1\" class=\"size-thumbnail wp-image-34656 alignright\" src=\"https:\/\/i0.wp.com\/www.jojoenherbe.com\/wp-content\/uploads\/2024\/02\/Navrant-Noel.jpg?resize=150%2C150\" alt=\"\" width=\"150\" height=\"150\" srcset=\"https:\/\/i0.wp.com\/www.jojoenherbe.com\/wp-content\/uploads\/2024\/02\/Navrant-Noel.jpg?resize=150%2C150&amp;ssl=1 150w, https:\/\/i0.wp.com\/www.jojoenherbe.com\/wp-content\/uploads\/2024\/02\/Navrant-Noel.jpg?zoom=2&amp;resize=150%2C150 300w, https:\/\/i0.wp.com\/www.jojoenherbe.com\/wp-content\/uploads\/2024\/02\/Navrant-Noel.jpg?zoom=3&amp;resize=150%2C150 450w\" sizes=\"auto, (max-width: 150px) 100vw, 150px\" \/><\/a><em>A la fin de ma lecture du tome 2 de <span style=\"text-decoration: underline;\">La demoiselle et du mousquetaire<\/span>, l&rsquo;autrice a mentionn\u00e9 qu&rsquo;elle avait \u00e9crit un pr\u00e9quel (gratuit sur le site de l&rsquo;autrice: <a href=\"https:\/\/sdfischer.com\/\">ici<\/a>) \u00e0 ces 2 enqu\u00eates et je me suis empress\u00e9e dans la foul\u00e9e de le lire: <span style=\"text-decoration: underline;\">Navrant No\u00ebl<\/span> (\u00e9d. Auto\u00e9dition, d\u00e9cembre 2023, 40 pages), une nouvelle qui se d\u00e9roule le 24 d\u00e9cembre 1670, du point de vue du comte J\u00e9r\u00f4me de Faulcon de Montessand, alors fianc\u00e9 \u00e0 C\u00e9cile de de Porquery et ce bien avant sa rencontre avec Jos\u00e9phine Galtier. Gr\u00e2ce \u00e0 cette courte enqu\u00eate, j&rsquo;ai appr\u00e9ci\u00e9 en savoir un peu plus sur le comte, les 2 romans se d\u00e9roulant uniquement du point de vue de la jeune femme. Cela confirme d&rsquo;ailleurs l&rsquo;id\u00e9e que je mettais fait de lui, entre honneur de son titre et raison du c\u0153ur.<\/em><\/p>\n<ul>\n<li style=\"text-align: justify;\"><em>(BD jeunesse) <span style=\"text-decoration: underline;\">Orgueil &amp; Pr\u00e9jug\u00e9s, Les cinq filles de Mrs Bennet<\/span> d&rsquo;Aurore, d&rsquo;apr\u00e8s Jane Austen (T1)<\/em><\/li>\n<\/ul>\n<p style=\"text-align: justify;\"><a href=\"https:\/\/i0.wp.com\/www.jojoenherbe.com\/wp-content\/uploads\/2024\/02\/Orgueil-prejuges-BD-T1.jpg\"><img data-recalc-dims=\"1\" loading=\"lazy\" decoding=\"async\" data-attachment-id=\"34662\" data-permalink=\"https:\/\/www.jojoenherbe.com\/index.php\/2024\/02\/05\/point-lecture-hebdomadaire-2024-5\/orgueil-prejuges-bd-t1\/\" data-orig-file=\"https:\/\/i0.wp.com\/www.jojoenherbe.com\/wp-content\/uploads\/2024\/02\/Orgueil-prejuges-BD-T1.jpg?fit=749%2C1192&amp;ssl=1\" data-orig-size=\"749,1192\" data-comments-opened=\"1\" data-image-meta=\"{&quot;aperture&quot;:&quot;0&quot;,&quot;credit&quot;:&quot;&quot;,&quot;camera&quot;:&quot;&quot;,&quot;caption&quot;:&quot;&quot;,&quot;created_timestamp&quot;:&quot;0&quot;,&quot;copyright&quot;:&quot;&quot;,&quot;focal_length&quot;:&quot;0&quot;,&quot;iso&quot;:&quot;0&quot;,&quot;shutter_speed&quot;:&quot;0&quot;,&quot;title&quot;:&quot;&quot;,&quot;orientation&quot;:&quot;1&quot;}\" data-image-title=\"Orgueil &amp;#038; pr\u00e9jug\u00e9s BD T1\" data-image-description=\"\" data-image-caption=\"\" data-large-file=\"https:\/\/i0.wp.com\/www.jojoenherbe.com\/wp-content\/uploads\/2024\/02\/Orgueil-prejuges-BD-T1.jpg?fit=643%2C1024&amp;ssl=1\" class=\"size-thumbnail wp-image-34662 alignleft\" src=\"https:\/\/i0.wp.com\/www.jojoenherbe.com\/wp-content\/uploads\/2024\/02\/Orgueil-prejuges-BD-T1.jpg?resize=150%2C150\" alt=\"\" width=\"150\" height=\"150\" srcset=\"https:\/\/i0.wp.com\/www.jojoenherbe.com\/wp-content\/uploads\/2024\/02\/Orgueil-prejuges-BD-T1.jpg?resize=150%2C150&amp;ssl=1 150w, https:\/\/i0.wp.com\/www.jojoenherbe.com\/wp-content\/uploads\/2024\/02\/Orgueil-prejuges-BD-T1.jpg?zoom=2&amp;resize=150%2C150 300w, https:\/\/i0.wp.com\/www.jojoenherbe.com\/wp-content\/uploads\/2024\/02\/Orgueil-prejuges-BD-T1.jpg?zoom=3&amp;resize=150%2C150 450w\" sizes=\"auto, (max-width: 150px) 100vw, 150px\" \/><\/a><em>J&rsquo;ai lu, en e-book, le tome 1 de la trilogie <span style=\"text-decoration: underline;\">Orgueil &amp; Pr\u00e9jug\u00e9s, Les cinq filles de Mrs Bennet<\/span> d&rsquo;Aurore, d&rsquo;apr\u00e8s Jane Austen (\u00e9d. Soleil, septembre 2019, 48 pages), une BD jeunesse pour les adolescents et adaptant le roman \u00e9ponyme. J&rsquo;\u00e9tais curieuse de d\u00e9couvrir cette adaptation mais ne lirai pas les 2 tomes suivants, ceux-ci n&rsquo;\u00e9tant pas disponibles \u00e0 ma m\u00e9diath\u00e8que, sauf si je vois qu&rsquo;un jour ils y sont, et m\u00eame si j&rsquo;ai appr\u00e9ci\u00e9 me replonger dans cette histoire. Mais je ne sais pas, il me manquait sans doute la plume ironique de Jane Austen. Je relirai plut\u00f4t, une \u00e9ni\u00e8me fois, le roman \u00e0 la place. Je conseille de lire avant le roman, cette BD reprenant en dialogues les passages les plus importants de l&rsquo;histoire avec des illustrations \u00e0 l&rsquo;aquarelle et dans un style manga. <br \/><\/em><\/p>\n<ul>\n<li style=\"text-align: justify;\"><em>(BD adulte) <span style=\"text-decoration: underline;\">L&rsquo;Amour est une haine comme les autres<\/span> de St\u00e9phane Louis et Lionel Marty<\/em><\/li>\n<\/ul>\n<p style=\"text-align: justify;\"><em><a href=\"https:\/\/i0.wp.com\/www.jojoenherbe.com\/wp-content\/uploads\/2024\/02\/LAmour-est-une-haine-comme-les-autres.jpg\"><img data-recalc-dims=\"1\" loading=\"lazy\" decoding=\"async\" data-attachment-id=\"34659\" data-permalink=\"https:\/\/www.jojoenherbe.com\/index.php\/2024\/02\/05\/point-lecture-hebdomadaire-2024-5\/lamour-est-une-haine-comme-les-autres\/\" data-orig-file=\"https:\/\/i0.wp.com\/www.jojoenherbe.com\/wp-content\/uploads\/2024\/02\/LAmour-est-une-haine-comme-les-autres.jpg?fit=750%2C1153&amp;ssl=1\" data-orig-size=\"750,1153\" data-comments-opened=\"1\" data-image-meta=\"{&quot;aperture&quot;:&quot;0&quot;,&quot;credit&quot;:&quot;&quot;,&quot;camera&quot;:&quot;&quot;,&quot;caption&quot;:&quot;&quot;,&quot;created_timestamp&quot;:&quot;0&quot;,&quot;copyright&quot;:&quot;&quot;,&quot;focal_length&quot;:&quot;0&quot;,&quot;iso&quot;:&quot;0&quot;,&quot;shutter_speed&quot;:&quot;0&quot;,&quot;title&quot;:&quot;&quot;,&quot;orientation&quot;:&quot;1&quot;}\" data-image-title=\"L&amp;rsquo;Amour est une haine comme les autres\" data-image-description=\"\" data-image-caption=\"\" data-large-file=\"https:\/\/i0.wp.com\/www.jojoenherbe.com\/wp-content\/uploads\/2024\/02\/LAmour-est-une-haine-comme-les-autres.jpg?fit=666%2C1024&amp;ssl=1\" class=\"size-thumbnail wp-image-34659 alignright\" src=\"https:\/\/i0.wp.com\/www.jojoenherbe.com\/wp-content\/uploads\/2024\/02\/LAmour-est-une-haine-comme-les-autres.jpg?resize=150%2C150\" alt=\"\" width=\"150\" height=\"150\" srcset=\"https:\/\/i0.wp.com\/www.jojoenherbe.com\/wp-content\/uploads\/2024\/02\/LAmour-est-une-haine-comme-les-autres.jpg?resize=150%2C150&amp;ssl=1 150w, https:\/\/i0.wp.com\/www.jojoenherbe.com\/wp-content\/uploads\/2024\/02\/LAmour-est-une-haine-comme-les-autres.jpg?zoom=2&amp;resize=150%2C150 300w, https:\/\/i0.wp.com\/www.jojoenherbe.com\/wp-content\/uploads\/2024\/02\/LAmour-est-une-haine-comme-les-autres.jpg?zoom=3&amp;resize=150%2C150 450w\" sizes=\"auto, (max-width: 150px) 100vw, 150px\" \/><\/a>Dans le cadre de l&rsquo;AAHM Challenge 2024, j&rsquo;ai lu <span style=\"text-decoration: underline;\">L&rsquo;Amour est une haine comme les autres<\/span> de St\u00e9phane Louis et Lionel Marty (\u00e9d. Bamboo, f\u00e9vrier 2017, 72 pages), une BD adulte consultable en ligne gr\u00e2ce \u00e0 ma m\u00e9diath\u00e8que et\u00a0 dont j&rsquo;ai appr\u00e9ci\u00e9 l&rsquo;histoire d&rsquo;amiti\u00e9, toute en nuances dans son propos (la haine de l&rsquo;autre venant tant d&rsquo;un c\u00f4t\u00e9 que de l&rsquo;autre) mais pas du tout le graphisme trop grossier et vulgaire \u00e0 mon go\u00fbt (les visages des personnages \u00e9tant trop changeants d&rsquo;une bulle \u00e0 l&rsquo;autre) malgr\u00e9 la jolie illustration de couverture, m\u00eame si cela participe \u00e0 la noirceur et la duret\u00e9 de cette soci\u00e9t\u00e9 raciste et s\u00e9gr\u00e9gationniste des ann\u00e9es 30\/50 aux \u00c9tats-Unis, en Louisiane. Il y est ainsi question d&rsquo;une amiti\u00e9 interdite entre 2 enfants devenus adultes, Will, riche h\u00e9ritier blanc, tout en muscles et \u00e0 l&rsquo;intelligence limit\u00e9e dont le p\u00e8re fait partie du Ku Klux Klan et Ab\u00e9lard, un Afro-am\u00e9ricain bien plus intelligent que son ami et qui g\u00e8re, en secret, l&rsquo;entreprise familiale de Will. J&rsquo;en reparle tr\u00e8s vite.<\/em><\/p>\n<ul>\n<li style=\"text-align: justify;\"><em>(Romance contemporaine) <strong><span style=\"text-decoration: underline;\">Les Rivaux, Que le meilleur gagne!<\/span><\/strong> d&rsquo;Emily Jurius<\/em><\/li>\n<\/ul>\n<p style=\"text-align: justify;\"><em><a href=\"https:\/\/i0.wp.com\/www.jojoenherbe.com\/wp-content\/uploads\/2024\/02\/Les-rivaux.jpg\"><img data-recalc-dims=\"1\" loading=\"lazy\" decoding=\"async\" data-attachment-id=\"34666\" data-permalink=\"https:\/\/www.jojoenherbe.com\/index.php\/2024\/02\/05\/point-lecture-hebdomadaire-2024-5\/les-rivaux\/\" data-orig-file=\"https:\/\/i0.wp.com\/www.jojoenherbe.com\/wp-content\/uploads\/2024\/02\/Les-rivaux.jpg?fit=750%2C1334&amp;ssl=1\" data-orig-size=\"750,1334\" data-comments-opened=\"1\" data-image-meta=\"{&quot;aperture&quot;:&quot;0&quot;,&quot;credit&quot;:&quot;&quot;,&quot;camera&quot;:&quot;&quot;,&quot;caption&quot;:&quot;&quot;,&quot;created_timestamp&quot;:&quot;0&quot;,&quot;copyright&quot;:&quot;&quot;,&quot;focal_length&quot;:&quot;0&quot;,&quot;iso&quot;:&quot;0&quot;,&quot;shutter_speed&quot;:&quot;0&quot;,&quot;title&quot;:&quot;&quot;,&quot;orientation&quot;:&quot;1&quot;}\" data-image-title=\"Les rivaux\" data-image-description=\"\" data-image-caption=\"\" data-large-file=\"https:\/\/i0.wp.com\/www.jojoenherbe.com\/wp-content\/uploads\/2024\/02\/Les-rivaux.jpg?fit=576%2C1024&amp;ssl=1\" class=\"size-thumbnail wp-image-34666 alignleft\" src=\"https:\/\/i0.wp.com\/www.jojoenherbe.com\/wp-content\/uploads\/2024\/02\/Les-rivaux.jpg?resize=150%2C150\" alt=\"\" width=\"150\" height=\"150\" srcset=\"https:\/\/i0.wp.com\/www.jojoenherbe.com\/wp-content\/uploads\/2024\/02\/Les-rivaux.jpg?resize=150%2C150&amp;ssl=1 150w, https:\/\/i0.wp.com\/www.jojoenherbe.com\/wp-content\/uploads\/2024\/02\/Les-rivaux.jpg?zoom=2&amp;resize=150%2C150 300w, https:\/\/i0.wp.com\/www.jojoenherbe.com\/wp-content\/uploads\/2024\/02\/Les-rivaux.jpg?zoom=3&amp;resize=150%2C150 450w\" sizes=\"auto, (max-width: 150px) 100vw, 150px\" \/><\/a>J&rsquo;ai lu, en e-book, <span style=\"text-decoration: underline;\">Les Rivaux, Que le meilleur gagne!<\/span> d&rsquo;Emily Jurius (\u00e9d. Auto\u00e9dition, janvier 2024, 298 pages), une romance contemporaine l\u00e9g\u00e8re et p\u00e9tillante entre deux salari\u00e9s de Need Wool, une soci\u00e9t\u00e9 am\u00e9ricaine de vente de laines \u00e0 tricoter, qui convoitent tous les deux le m\u00eame poste de chef, et Blaine Turner. Entre frustration, d\u00e9sir et comp\u00e9tition, et si des sentiments naissants venaient parasiter leur m\u00e9sentente? Une lecture plaisante avec le trope \u00ab\u00a0enemies to lovers\u00a0\u00bb et qui m&rsquo;a souvent fait sourire en lisant leurs piques verbales et leurs chamailleries!<\/em><\/p>\n\n\n<p><\/p>\n","protected":false},"excerpt":{"rendered":"<p>En ce d\u00e9but de semaine, voici notre point lecture hebdomadaire avec un retour sur nos lectures de la semaine derni\u00e8re (mais pas nos relectures). Nos lectures du 29 janvier au 4 f\u00e9vrier 2024: Des lectures jeunesse: Mon mini lutin a continu\u00e9 \u00e0 relire les tomes de Mortelle Ad\u00e8le. (Album jeunesse) Le chien qui couve de [&hellip;]<\/p>\n","protected":false},"author":1,"featured_media":0,"comment_status":"open","ping_status":"open","sticky":false,"template":"","format":"standard","meta":{"jetpack_post_was_ever_published":false,"_jetpack_newsletter_access":"","_jetpack_dont_email_post_to_subs":false,"_jetpack_newsletter_tier_id":0,"_jetpack_memberships_contains_paywalled_content":false,"_jetpack_memberships_contains_paid_content":false,"footnotes":""},"categories":[2140,363],"tags":[409,4109,596,2087,1226,1334,4110,870,3734,4106,3928,1085,367,4090,4108,4105,2767,844,3236,3209,3570,4101,4107],"class_list":["post-34655","post","type-post","status-publish","format-standard","hentry","category-mini-blogueur","category-mini-lecteur","tag-albums-jeunesse","tag-aurore","tag-bandes-dessinees","tag-bd-adulte","tag-bd-jeunesse","tag-cosy-mystery","tag-emily-jurius","tag-fantasy","tag-jane-austen","tag-jerome-peyrat","tag-lecture-ado","tag-lecture-adulte","tag-lecture-jeunesse","tag-lina-deranor","tag-lionel-marty","tag-myriam-picard","tag-point-lecture-hebdo","tag-romance","tag-romance-contemporaine","tag-romance-historique","tag-romantasy","tag-sd-fischer","tag-stephane-louis","post-preview"],"jetpack_featured_media_url":"","jetpack_sharing_enabled":true,"jetpack_shortlink":"https:\/\/wp.me\/p9zhGx-90X","jetpack_likes_enabled":true,"jetpack-related-posts":[{"id":37057,"url":"https:\/\/www.jojoenherbe.com\/index.php\/2024\/09\/30\/point-lecture-hebdomadaire-2024-39\/","url_meta":{"origin":34655,"position":0},"title":"Point lecture hebdomadaire 2024 #39","author":"Jojo","date":"30 septembre 2024","format":false,"excerpt":"En ce d\u00e9but de semaine, voici mon point lecture hebdomadaire avec un retour sur nos lectures (mais pas nos relectures) de la semaine derni\u00e8re. Nos lectures du 23 au 29 septembre 2024: Des lectures jeunesse: Nous avons continu\u00e9 chaque soir et presque fini de lire Le jardin secret de Frances\u2026","rel":"","context":"Dans &quot;Mini blogueur&quot;","block_context":{"text":"Mini blogueur","link":"https:\/\/www.jojoenherbe.com\/index.php\/category\/mini-blogueur\/"},"img":{"alt_text":"","src":"https:\/\/i0.wp.com\/www.jojoenherbe.com\/wp-content\/uploads\/2020\/04\/Le-jardin-secret-150x150.jpg?resize=350%2C200","width":350,"height":200},"classes":[]},{"id":34189,"url":"https:\/\/www.jojoenherbe.com\/index.php\/2024\/01\/08\/point-lecture-hebdomadaire-2024-1\/","url_meta":{"origin":34655,"position":1},"title":"Point lecture hebdomadaire 2024 #1","author":"Jojo","date":"8 janvier 2024","format":false,"excerpt":"En ce d\u00e9but de semaine, voici notre point lecture hebdomadaire avec un retour sur nos lectures de la semaine derni\u00e8re (mais pas nos relectures), la plupart encore de No\u00ebl puisque le week-end dernier s'est fini le challenge Il \u00e9tait 11 fois No\u00ebl avec un read-a-thon. Nos lectures du 1er au\u2026","rel":"","context":"Dans &quot;Mini blogueur&quot;","block_context":{"text":"Mini blogueur","link":"https:\/\/www.jojoenherbe.com\/index.php\/category\/mini-blogueur\/"},"img":{"alt_text":"","src":"https:\/\/i0.wp.com\/www.jojoenherbe.com\/wp-content\/uploads\/2024\/01\/Point-lecture-hebdo-2024-1-scaled.jpg?fit=1200%2C684&ssl=1&resize=350%2C200","width":350,"height":200,"srcset":"https:\/\/i0.wp.com\/www.jojoenherbe.com\/wp-content\/uploads\/2024\/01\/Point-lecture-hebdo-2024-1-scaled.jpg?fit=1200%2C684&ssl=1&resize=350%2C200 1x, https:\/\/i0.wp.com\/www.jojoenherbe.com\/wp-content\/uploads\/2024\/01\/Point-lecture-hebdo-2024-1-scaled.jpg?fit=1200%2C684&ssl=1&resize=525%2C300 1.5x, https:\/\/i0.wp.com\/www.jojoenherbe.com\/wp-content\/uploads\/2024\/01\/Point-lecture-hebdo-2024-1-scaled.jpg?fit=1200%2C684&ssl=1&resize=700%2C400 2x, https:\/\/i0.wp.com\/www.jojoenherbe.com\/wp-content\/uploads\/2024\/01\/Point-lecture-hebdo-2024-1-scaled.jpg?fit=1200%2C684&ssl=1&resize=1050%2C600 3x"},"classes":[]},{"id":37131,"url":"https:\/\/www.jojoenherbe.com\/index.php\/2024\/10\/28\/point-lecture-hebdomadaire-2024-43\/","url_meta":{"origin":34655,"position":2},"title":"Point lecture hebdomadaire 2024 #43","author":"Jojo","date":"28 octobre 2024","format":false,"excerpt":"En ce d\u00e9but de semaine, voici mon point lecture hebdomadaire avec un retour sur nos lectures (mais pas nos relectures) de la semaine derni\u00e8re. Nos lectures du 21 au 27 octobre 2024: Des lectures jeunesse: (Roman jeunesse) Am\u00e9lia Fang et le Tr\u00e9sor des Y\u00e9tis de Laura Ellen Anderson (T5) Apr\u00e8s\u2026","rel":"","context":"Dans &quot;Mini blogueur&quot;","block_context":{"text":"Mini blogueur","link":"https:\/\/www.jojoenherbe.com\/index.php\/category\/mini-blogueur\/"},"img":{"alt_text":"","src":"https:\/\/i0.wp.com\/www.jojoenherbe.com\/wp-content\/uploads\/2024\/10\/Point-lecture-hebdo-43.jpg?fit=1200%2C960&ssl=1&resize=350%2C200","width":350,"height":200,"srcset":"https:\/\/i0.wp.com\/www.jojoenherbe.com\/wp-content\/uploads\/2024\/10\/Point-lecture-hebdo-43.jpg?fit=1200%2C960&ssl=1&resize=350%2C200 1x, https:\/\/i0.wp.com\/www.jojoenherbe.com\/wp-content\/uploads\/2024\/10\/Point-lecture-hebdo-43.jpg?fit=1200%2C960&ssl=1&resize=525%2C300 1.5x, https:\/\/i0.wp.com\/www.jojoenherbe.com\/wp-content\/uploads\/2024\/10\/Point-lecture-hebdo-43.jpg?fit=1200%2C960&ssl=1&resize=700%2C400 2x, https:\/\/i0.wp.com\/www.jojoenherbe.com\/wp-content\/uploads\/2024\/10\/Point-lecture-hebdo-43.jpg?fit=1200%2C960&ssl=1&resize=1050%2C600 3x"},"classes":[]},{"id":25915,"url":"https:\/\/www.jojoenherbe.com\/index.php\/2022\/06\/20\/point-lecture-hebdomadaire-46\/","url_meta":{"origin":34655,"position":3},"title":"Point lecture hebdomadaire #46","author":"Jojo","date":"20 juin 2022","format":false,"excerpt":"En ce d\u00e9but de semaine, voici notre point lecture hebdomadaire avec un retour sur nos lectures de la semaine derni\u00e8re (mais pas nos relectures) et ma lecture en cours. j'ai surtout pioch\u00e9 dans ma PAL anglo-saxonne puisqu'en juin, c'est le Mois Anglais 2022 coorganis\u00e9e par Lou et Titine. Nos lectures\u2026","rel":"","context":"Dans &quot;Mini blogueur&quot;","block_context":{"text":"Mini blogueur","link":"https:\/\/www.jojoenherbe.com\/index.php\/category\/mini-blogueur\/"},"img":{"alt_text":"","src":"https:\/\/i0.wp.com\/www.jojoenherbe.com\/wp-content\/uploads\/2022\/07\/Point-lecture-hebdo-46-scaled.jpg?fit=1200%2C795&ssl=1&resize=350%2C200","width":350,"height":200,"srcset":"https:\/\/i0.wp.com\/www.jojoenherbe.com\/wp-content\/uploads\/2022\/07\/Point-lecture-hebdo-46-scaled.jpg?fit=1200%2C795&ssl=1&resize=350%2C200 1x, https:\/\/i0.wp.com\/www.jojoenherbe.com\/wp-content\/uploads\/2022\/07\/Point-lecture-hebdo-46-scaled.jpg?fit=1200%2C795&ssl=1&resize=525%2C300 1.5x, https:\/\/i0.wp.com\/www.jojoenherbe.com\/wp-content\/uploads\/2022\/07\/Point-lecture-hebdo-46-scaled.jpg?fit=1200%2C795&ssl=1&resize=700%2C400 2x, https:\/\/i0.wp.com\/www.jojoenherbe.com\/wp-content\/uploads\/2022\/07\/Point-lecture-hebdo-46-scaled.jpg?fit=1200%2C795&ssl=1&resize=1050%2C600 3x"},"classes":[]},{"id":31501,"url":"https:\/\/www.jojoenherbe.com\/index.php\/2023\/08\/21\/point-lecture-hebdomadaire-2023-33\/","url_meta":{"origin":34655,"position":4},"title":"Point lecture hebdomadaire 2023 #33","author":"Jojo","date":"21 ao\u00fbt 2023","format":false,"excerpt":"En ce d\u00e9but de semaine, voici notre point lecture hebdomadaire avec un retour sur nos lectures de la semaine derni\u00e8re (mais pas nos relectures). Nos lectures du 14 au 20 ao\u00fbt 2023: Des lectures jeunesse: (Roman jeunesse) Vol d\u2019\u00e9t\u00e9 de Marie-Anne Abesdris Nous avons lu Vol d\u2019\u00e9t\u00e9 de Marie-Anne Abesdris\u2026","rel":"","context":"Dans &quot;Mini blogueur&quot;","block_context":{"text":"Mini blogueur","link":"https:\/\/www.jojoenherbe.com\/index.php\/category\/mini-blogueur\/"},"img":{"alt_text":"","src":"https:\/\/i0.wp.com\/www.jojoenherbe.com\/wp-content\/uploads\/2023\/08\/Vol-dete-150x150.jpg?resize=350%2C200","width":350,"height":200},"classes":[]},{"id":36253,"url":"https:\/\/www.jojoenherbe.com\/index.php\/2024\/06\/03\/point-lecture-hebdomadaire-2024-22\/","url_meta":{"origin":34655,"position":5},"title":"Point lecture hebdomadaire 2024 #22","author":"Jojo","date":"3 juin 2024","format":false,"excerpt":"En ce d\u00e9but de semaine, voici mon point lecture hebdomadaire avec un retour sur nos lectures (mais pas nos relectures) de la semaine derni\u00e8re. Nos lectures du 27 mai au 2 juin 2024: Des lectures jeunesse: Avec mon mini lutin, il y a eu surtout des relectures d'albums jeunesse qu'il\u2026","rel":"","context":"Dans &quot;Mini blogueur&quot;","block_context":{"text":"Mini blogueur","link":"https:\/\/www.jojoenherbe.com\/index.php\/category\/mini-blogueur\/"},"img":{"alt_text":"","src":"https:\/\/i0.wp.com\/www.jojoenherbe.com\/wp-content\/uploads\/2024\/06\/Le-loup-en-slip-sarrache-T7-150x150.jpg?resize=350%2C200","width":350,"height":200},"classes":[]}],"_links":{"self":[{"href":"https:\/\/www.jojoenherbe.com\/index.php\/wp-json\/wp\/v2\/posts\/34655","targetHints":{"allow":["GET"]}}],"collection":[{"href":"https:\/\/www.jojoenherbe.com\/index.php\/wp-json\/wp\/v2\/posts"}],"about":[{"href":"https:\/\/www.jojoenherbe.com\/index.php\/wp-json\/wp\/v2\/types\/post"}],"author":[{"embeddable":true,"href":"https:\/\/www.jojoenherbe.com\/index.php\/wp-json\/wp\/v2\/users\/1"}],"replies":[{"embeddable":true,"href":"https:\/\/www.jojoenherbe.com\/index.php\/wp-json\/wp\/v2\/comments?post=34655"}],"version-history":[{"count":17,"href":"https:\/\/www.jojoenherbe.com\/index.php\/wp-json\/wp\/v2\/posts\/34655\/revisions"}],"predecessor-version":[{"id":34682,"href":"https:\/\/www.jojoenherbe.com\/index.php\/wp-json\/wp\/v2\/posts\/34655\/revisions\/34682"}],"wp:attachment":[{"href":"https:\/\/www.jojoenherbe.com\/index.php\/wp-json\/wp\/v2\/media?parent=34655"}],"wp:term":[{"taxonomy":"category","embeddable":true,"href":"https:\/\/www.jojoenherbe.com\/index.php\/wp-json\/wp\/v2\/categories?post=34655"},{"taxonomy":"post_tag","embeddable":true,"href":"https:\/\/www.jojoenherbe.com\/index.php\/wp-json\/wp\/v2\/tags?post=34655"}],"curies":[{"name":"wp","href":"https:\/\/api.w.org\/{rel}","templated":true}]}}