{"id":34403,"date":"2024-01-23T14:27:13","date_gmt":"2024-01-23T13:27:13","guid":{"rendered":"https:\/\/www.jojoenherbe.com\/?p=34403"},"modified":"2026-03-06T15:13:36","modified_gmt":"2026-03-06T14:13:36","slug":"au-fil-des-pages-avec-sambre-radioscopie-dun-fait-divers","status":"publish","type":"post","link":"https:\/\/www.jojoenherbe.com\/index.php\/2024\/01\/23\/au-fil-des-pages-avec-sambre-radioscopie-dun-fait-divers\/","title":{"rendered":"Au fil des pages avec Sambre, Radioscopie d&rsquo;un fait divers"},"content":{"rendered":"<p style=\"text-align: justify;\"><em> <a href=\"https:\/\/i0.wp.com\/www.jojoenherbe.com\/wp-content\/uploads\/2024\/01\/Sambre-Radioscopie-dun-fait-divers-1.jpg\"><img data-recalc-dims=\"1\" loading=\"lazy\" decoding=\"async\" data-attachment-id=\"43151\" data-permalink=\"https:\/\/www.jojoenherbe.com\/index.php\/2024\/01\/23\/au-fil-des-pages-avec-sambre-radioscopie-dun-fait-divers\/screenshot-423\/\" data-orig-file=\"https:\/\/i0.wp.com\/www.jojoenherbe.com\/wp-content\/uploads\/2024\/01\/Sambre-Radioscopie-dun-fait-divers-1.jpg?fit=750%2C1212&amp;ssl=1\" data-orig-size=\"750,1212\" data-comments-opened=\"1\" data-image-meta=\"{&quot;aperture&quot;:&quot;0&quot;,&quot;credit&quot;:&quot;&quot;,&quot;camera&quot;:&quot;&quot;,&quot;caption&quot;:&quot;Screenshot&quot;,&quot;created_timestamp&quot;:&quot;0&quot;,&quot;copyright&quot;:&quot;&quot;,&quot;focal_length&quot;:&quot;0&quot;,&quot;iso&quot;:&quot;0&quot;,&quot;shutter_speed&quot;:&quot;0&quot;,&quot;title&quot;:&quot;Screenshot&quot;,&quot;orientation&quot;:&quot;1&quot;}\" data-image-title=\"\" data-image-description=\"\" data-image-caption=\"\" data-large-file=\"https:\/\/i0.wp.com\/www.jojoenherbe.com\/wp-content\/uploads\/2024\/01\/Sambre-Radioscopie-dun-fait-divers-1.jpg?fit=634%2C1024&amp;ssl=1\" class=\"alignleft  wp-image-43151\" src=\"https:\/\/i0.wp.com\/www.jojoenherbe.com\/wp-content\/uploads\/2024\/01\/Sambre-Radioscopie-dun-fait-divers-1.jpg?resize=137%2C221\" alt=\"\" width=\"137\" height=\"221\" srcset=\"https:\/\/i0.wp.com\/www.jojoenherbe.com\/wp-content\/uploads\/2024\/01\/Sambre-Radioscopie-dun-fait-divers-1.jpg?w=750&amp;ssl=1 750w, https:\/\/i0.wp.com\/www.jojoenherbe.com\/wp-content\/uploads\/2024\/01\/Sambre-Radioscopie-dun-fait-divers-1.jpg?resize=186%2C300&amp;ssl=1 186w, https:\/\/i0.wp.com\/www.jojoenherbe.com\/wp-content\/uploads\/2024\/01\/Sambre-Radioscopie-dun-fait-divers-1.jpg?resize=634%2C1024&amp;ssl=1 634w, https:\/\/i0.wp.com\/www.jojoenherbe.com\/wp-content\/uploads\/2024\/01\/Sambre-Radioscopie-dun-fait-divers-1.jpg?resize=676%2C1092&amp;ssl=1 676w\" sizes=\"auto, (max-width: 137px) 100vw, 137px\" \/><\/a>Le week-end dernier, j\u2019ai lu <span style=\"text-decoration: underline;\">Sambre, Radioscopie d\u2019un fait divers<\/span> d\u2019Alice G\u00e9raud (\u00e9d. JC Latt\u00e8s, janvier 2023, 400 pages), un essai\/documentaire d\u2019une journaliste ayant suivi le proc\u00e8s d\u2019assises d\u2019un violeur en s\u00e9ries surnomm\u00e9 le \u00ab violeur de la Sambre \u00bb interpell\u00e9 en 2018 et condamn\u00e9 d\u00e9finitivement en 2022 (apr\u00e8s qu&rsquo;il a renonc\u00e9 \u00e0 son appel en octobre 2023) et ayant eu lieu 30 ans apr\u00e8s les premiers signalements et plaintes des victimes, les premi\u00e8res remontant \u00e0 1988 et m\u00eame 1986 (au moins au nombre de 56 c\u00f4t\u00e9 fran\u00e7ais et d\u2019autres c\u00f4t\u00e9 belge). Elle s\u2019interroge sur le sort des plaintes des victimes (la plupart \u00e9tant mineures au moment des faits!) et le dysfonctionnement institutionnel tant du c\u00f4t\u00e9 de la police\/gendarmerie que de la Justice, sous fond d\u2019\u00e9volutions l\u00e9gislatives, informatiques et scientifiques du traitement des affaires p\u00e9nales, en particulier celles de nature sexuelle, l&rsquo;accus\u00e9, poursuivant tranquillement sa vie sans \u00eatre inqui\u00e9t\u00e9 et ayant commis les faits avec quasiment le m\u00eame mode op\u00e9ratoire et dans une m\u00eame zone g\u00e9ographique, le long de la Sambre, dans une r\u00e9gion pauvre et industrielle du Nord de la France, \u00e0 la fronti\u00e8re avec la Belgique. <\/em><\/p>\n<p style=\"text-align: justify;\"><em>J\u2019ai trouv\u00e9 cette enqu\u00eate journalistique, qui se place du c\u00f4t\u00e9 des victimes, bien plus pertinente et int\u00e9ressante que le roman de Philippe Besson, <span style=\"text-decoration: underline;\">Ceci n\u2019est pas un fait divers<\/span>, m\u00eame si l\u2019autrice aurait pu plus insister sur l\u2019impact des politiques p\u00e9nales (red\u00e9coupage de la carte judiciaire, comp\u00e9tence des tribunaux, budget d\u2019\u00c9tat vot\u00e9 pour la Justice et les justiciables&#8230;) sur ces enqu\u00eates b\u00e2cl\u00e9es et du r\u00f4le du Parquet (plut\u00f4t que sur celui des Juges d\u2019instruction qui ne sont saisis d&rsquo;un dossier que sur r\u00e9quisition du Procureur de la R\u00e9publique) et m\u00eame si elle ne rel\u00e8ve rien de nouveau en la mati\u00e8re.<br \/><\/em><\/p>\n<p style=\"text-align: justify;\"><em><span style=\"text-decoration: underline;\">Pour poursuivre et aller plus loin que le d\u00e9bat soulev\u00e9 par la journaliste, je rajouterai les points suivants<\/span>:<\/em><\/p>\n<p style=\"text-align: justify;\"><em>La Justice est humaine et n&rsquo;est donc pas malheureusement infaillible, ce qui peut donner lieu comme ici \u00e0 des erreurs, n\u00e9gligences, pr\u00e9jug\u00e9s et id\u00e9es sexistes et\/ou racistes qui ont eu de graves r\u00e9percussions sur les victimes. Mais elle peut aussi compter sur des personnes consciencieuses, investies et professionnelles, qui font leur travail bien au-del\u00e0 de ce qu&rsquo;on leur a demand\u00e9, comme ici les archivistes de la PJ, certains policiers, magistrats et avocats&#8230; Comme dans toute profession, il y a des incomp\u00e9tents et des fumistes. Ce qui ressort d&rsquo;un proc\u00e8s n&rsquo;est qu&rsquo;une v\u00e9rit\u00e9 judiciaire et non la V\u00e9rit\u00e9. M\u00eame \u00e0 l&rsquo;\u00e8re du tout informatique, il arrive encore que des dossiers soient perdus dans les Tribunaux et qu&rsquo;aucun jugement ne puisse \u00eatre prononc\u00e9, le Tribunal n&rsquo;\u00e9tant pas valablement saisi ou bien qu&rsquo;une audition ne puisse l&rsquo;\u00eatre en raison d&rsquo;une panne du serveur informatique permettant sa saisie (et doit \u00eatre alors recommenc\u00e9e), d&rsquo;une webcam qui ne fonctionne pas ou que m\u00eame film\u00e9e, elle ne puisse pas \u00eatre grav\u00e9e sur CD-rom&#8230; Il serait int\u00e9ressant de conna\u00eetre le sort des plaintes des victimes en Belgique et des nouvelles plaintes d\u00e9pos\u00e9es en France, \u00e0 la suite de ce proc\u00e8s, ce qui aura alors une r\u00e9percussion sur la peine \u00e0 effectuer du condamn\u00e9.<br \/><\/em><\/p>\n<p style=\"text-align: justify;\"><em>Il est ind\u00e9niable que les avanc\u00e9es technologiques et choix politiques et \u00e9volutions soci\u00e9tales ont consid\u00e9rablement modifi\u00e9 la fa\u00e7on de traiter une affaire p\u00e9nale, que ce soit la cr\u00e9ation de certains fichiers, dans le respect de la CNIL et l&rsquo;utilisation g\u00e9n\u00e9ralis\u00e9e des ordinateurs et t\u00e9l\u00e9phones portables.<\/em><\/p>\n<p style=\"text-align: justify;\"><em>Je n&rsquo;ai pas compris l&rsquo;insistance de la journaliste \u00e0 relever que les juges d&rsquo;instruction en charge de ce dossier \u00e9taient des femmes en d\u00e9but de carri\u00e8re, sans s&rsquo;interroger sur les parquetiers de permanence qui ont coordonn\u00e9 l&rsquo;action des policiers et gendarmes, le turn over \u00e9tant encore plus important au Parquet. En tout \u00e9tat de cause, un magistrat peut demander, apr\u00e8s un premier poste, sa mutation au bout de 3 ans en moyenne.<\/em><\/p>\n<p style=\"text-align: justify;\"><em>Alice G\u00e9raud met en exergue, dans son analyse, des situations qui peuvent para\u00eetre troublantes ou \u00e9videntes alors que si on les remet dans leur contexte, ce n&rsquo;est pas aussi simple qu&rsquo;il y para\u00eet. Tout semble forc\u00e9ment s&#8217;embo\u00eeter ais\u00e9ment a posteriori, une fois en main l&rsquo;ordonnance de renvoi du Juge d&rsquo;Instruction devant la Cour d&rsquo;assises et les rapports de synth\u00e8se dans lesquels les r\u00e9dacteurs ont remont\u00e9 le fil du temps et reconstruit les actes perp\u00e9tr\u00e9s en les reliant, a posteriori, les uns aux autres.<\/em><\/p>\n<p style=\"text-align: justify;\"><em>Elle montre comme des erreurs ou n\u00e9gligences polici\u00e8res des caract\u00e9risations d&rsquo;infractions qui relevaient du droit transitoire, avec l&rsquo;entr\u00e9e en vigueur du Code de p\u00e9nal de 1994 par exemple, sans pour autant pr\u00e9ciser qu&rsquo;en mati\u00e8re p\u00e9nale, seule une loi plus douce est d&rsquo;application imm\u00e9diate et que certaines infractions ont perdur\u00e9 le temps du droit transitoire. \u00a0<\/em><\/p>\n<p style=\"text-align: justify;\"><em>De m\u00eame, par exemple, lorsque la journaliste pointe du doigt le conflit d&rsquo;int\u00e9r\u00eat de l&rsquo;un des Avocats. A l&rsquo;\u00e9poque, comme les archives des tribunaux et de la police\/gendarmerie, rien n&rsquo;\u00e9tait informatis\u00e9 dans les cabinets d&rsquo;Avocat. Et parfois, ce n&rsquo;est qu&rsquo;\u00e0 la lecture du dossier p\u00e9nal que l&rsquo;Avocat d\u00e9couvre, souvent plusieurs mois apr\u00e8s sa constitution, qu&rsquo;il a pu intervenir pour quelqu&rsquo;un d&rsquo;autre dans la proc\u00e9dure; ce qui a pu \u00eatre le cas ici puisque le dossier de la victime qu&rsquo;il avait assist\u00e9e ne semble pas avoir \u00e9t\u00e9 joint imm\u00e9diatement \u00e0 la proc\u00e9dure initiale.<\/em><\/p>\n<p style=\"text-align: justify;\"><em>Cette affaire ayant \u00e9t\u00e9 m\u00e9diatis\u00e9e, cela a permis \u00e0 la journaliste d&rsquo;entendre, \u00e0 l&rsquo;audience, les proc\u00e8s-verbaux. On voit bien, \u00e0 la fa\u00e7on dont elle \u00e9crit, qu&rsquo;elle les a pris en note, m\u00eame si certains t\u00e9moignages retranscrits tiennent compte de ses entretiens avec certaines des victimes des articles de presse de l&rsquo;\u00e9poque. Certes, sans cela, ce livre n&rsquo;aurait pu voir le jour. Mais rien n&rsquo;est dit sur l&rsquo;\u00e9ventualit\u00e9 d&rsquo;un huis-clos (demande qui est de droit et qui ne peut \u00eatre refus\u00e9e \u00e0 la partie civile qui le demande, sans formalisme particulier, \u00e0 l&rsquo;audience), certaines victimes ayant \u00e9t\u00e9 mineures au moment des faits (une m\u00eame \u00e2g\u00e9e de 13 ans).<\/em><\/p>\n<p style=\"text-align: justify;\"><em>De m\u00eame, je m&rsquo;interroge sur le fait que l&rsquo;une des victimes de viol (et non pas d&rsquo;agression sexuelle) qui s&rsquo;est pr\u00e9sent\u00e9e \u00e0 l&rsquo;audience pour \u00eatre partie civile n&rsquo;ait pas pu b\u00e9n\u00e9ficier d&rsquo;un Avocat commis d&rsquo;office, l&rsquo;aide juridictionnelle \u00e9tant de droit en cas de viol depuis 2002, et non soumis \u00e0 des conditions de ressources, le Pr\u00e9sident de la Cour d&rsquo;Assises ayant m\u00eame la possibilit\u00e9 d&rsquo;en d\u00e9signer un d&rsquo;office, au cours m\u00eame du proc\u00e8s.<\/em><\/p>\n<p style=\"text-align: justify;\"><em>M\u00eame si les droits des victimes ont bien progress\u00e9 depuis plus d&rsquo;une d\u00e9cennie, il reste encore bien \u00e0 faire pour leur permettre d&rsquo;\u00eatre mieux respect\u00e9es, accompagn\u00e9es et inform\u00e9es au cours de la proc\u00e9dure p\u00e9nale, que ce soit en cas de classement sans suite ou en rendant<\/em><em> possible pour une victime d&rsquo;\u00eatre assist\u00e9e, d\u00e8s le d\u00e9p\u00f4t de plainte ou en cas de nouvelle audition, par un Avocat, surtout quand elle est pouss\u00e9e \u00e0 ne faire qu&rsquo;une main courante, acte qui n&rsquo;entra\u00eene aucun suivi judiciaire et qu&rsquo;il n&rsquo;y a que le Procureur de la R\u00e9publique qui est seul d\u00e9tenteur de l&rsquo;opportunit\u00e9 des poursuites, et non pas seulement, depuis 2011, en cas de confrontation avec le mis en cause lors d&rsquo;une garde \u00e0 vue.<br \/><\/em><\/p>\n<p style=\"text-align: justify;\"><em>Que de fois ai-je entendu de la bouche m\u00eame de policiers que les victimes n&rsquo;avaient pas besoin d&rsquo;Avocat car ils \u00e9taient l\u00e0 pour garantir leurs droits! La preuve \u00e9vidente que non, m\u00eame encore aujourd&rsquo;hui, la parole de la victime n&rsquo;\u00e9tant pas rapport\u00e9e de la m\u00eame fa\u00e7on selon sa situation personnelle, socio-professionnelle ou m\u00eame par qui elle est entendue, suivant qui est de permanence au Parquet et le moment du d\u00e9p\u00f4t de plainte (week-end, soir, service d\u00e9di\u00e9 ou non aux crimes et d\u00e9lits \u00e0 caract\u00e8re sexuel&#8230;) et le r\u00f4le de l&rsquo;Avocat \u00e9tant bien plus large que celui relat\u00e9 par l&rsquo;autrice au sujet des travailleurs sociaux en Belgique qui viennent assister la victime lors de son d\u00e9p\u00f4t de plainte (informer, rassurer, conseiller et d\u00e9fendre ses droits).<\/em><\/p>\n<p style=\"text-align: justify;\"><em>Chaque victime r\u00e9agit diff\u00e9remment, que ce soit au moment des faits (la d\u00e9finition ayant \u00e9volu\u00e9 au fil des d\u00e9cennies pour retenir par exemple l&rsquo;\u00e9tat de sid\u00e9ration et la \u00ab\u00a0passivit\u00e9\u00a0\u00bb bien trop souvent reproch\u00e9e \u00e0 la victime comme ce qu&rsquo;elle aurait pu dire ou porter pour \u00ab\u00a0provoquer\u00a0\u00bb ou \u00ab\u00a0laisser croire\u00a0\u00bb \u00e0 son agresseur qu&rsquo;elle aurait pu \u00eatre consentante) ou bien encore au cours du proc\u00e8s. Cela ressort tr\u00e8s bien de cette enqu\u00eate journalistique, entre celle qui se sent responsable et coupable alors qu&rsquo;il n&rsquo;en est rien, celle qui est dans le d\u00e9ni, celle qui veut tout oublier, celle qui est r\u00e9siliente, celle qui vit dans la terreur et n&rsquo;arrivera pas \u00e0 se pr\u00e9senter \u00e0 l&rsquo;audience, ne pouvant se trouver dans la m\u00eame pi\u00e8ce que son agresseur, celle qui au contraire voudra lui faire face&#8230; De m\u00eame, le profil dress\u00e9 par la journaliste de l&rsquo;accus\u00e9 est malheureusement typique d&rsquo;un d\u00e9linquant sexuel (viol, p\u00e9dophilie, inceste&#8230;.).<\/em><\/p>\n<p style=\"text-align: justify;\"><em>Ce qui fait que je n&rsquo;adh\u00e8re toutefois pas \u00e0 l&rsquo;id\u00e9e finale de la journaliste qu&rsquo;on serait plus attentif ou concern\u00e9 par ce type de sujet lorsqu&rsquo;on a \u00e9t\u00e9 victime de faits similaires. Heureusement qu&rsquo;on peut \u00eatre concern\u00e9 et\/ou d\u00e9fendre les droits de victimes de d\u00e9linquant sexuel sans en avoir \u00e9t\u00e9 une!<br \/><\/em><\/p>\n<p style=\"text-align: justify;\"><em>Je noterai enfin une autre \u00ab\u00a0violence\u00a0\u00bb qui n&rsquo;est pas abord\u00e9e par la journaliste, celle des jur\u00e9s qui ont \u00e9t\u00e9 d\u00e9sign\u00e9s et retenus pour ce proc\u00e8s et dont leurs r\u00e9actions ont pu \u00eatre tr\u00e8s proches de celles que j&rsquo;ai pu lire dans des avis de lecteurs sur cet essai (choquant, sid\u00e9rant, col\u00e8re et peur face \u00e0 la possibilit\u00e9 qu&rsquo;un autre pr\u00e9dateur sexuel puisse \u00eatre dans leur entourage&#8230;).<\/em><\/p>\n<p style=\"text-align: justify;\"><em>Je pourrai encore \u00e9crire longtemps, comme par exemple sur l&rsquo;\u00e9volution de la proc\u00e9dure p\u00e9nale (prescription, possibilit\u00e9 de poursuivre quelqu&rsquo;un que si les faits sont p\u00e9nalement r\u00e9pr\u00e9hensible, droit d&rsquo;indemnisation des victimes qui comme ici font face \u00e0 un condamn\u00e9 insolvable et montant d\u00e9risoire accord\u00e9 par la CIVI\/Fonds de garantie quand on compare aux sommes per\u00e7ues aux \u00c9tats-Unis, accompagnement des victimes, surtout les mineures, secret de l&rsquo;enqu\u00eate et de l&rsquo;instruction face au droit \u00e0 l&rsquo;information du public et qui voit se multiplier les conf\u00e9rences de presse des Procureurs de la R\u00e9publique, ce que finalement on avait reproch\u00e9 dans cette affaire \u00e0 la Maire en 2002, suivi d&rsquo;un condamn\u00e9 sexuel \u00e0 sa lib\u00e9ration conditionnelle qui est bien plus encadr\u00e9 qu&rsquo;avant&#8230;).<\/em><\/p>\n<p style=\"text-align: justify;\"><em>Si cela vous int\u00e9resse et si vous souhaitez voir comment se d\u00e9roule un proc\u00e8s, n&rsquo;h\u00e9sitez pas \u00e0 aller assister \u00e0 une audience correctionnelle, un jour par exemple de comparutions imm\u00e9diates, les audiences \u00e9tant publiques. Peut-\u00eatre que vous y verrez aussi des affaires de viol qui ont \u00e9t\u00e9 correctionnalis\u00e9es.<\/em><\/p>\n<p style=\"text-align: justify;\"><em>De mon c\u00f4t\u00e9, j&rsquo;ai vu qu&rsquo;il existait une s\u00e9rie sur France T\u00e9l\u00e9visions et je pense la regarder dans les jours \u00e0 venir.<\/em><\/p>\n<p><em>Pour d&rsquo;autres avis:\u00a0<a href=\"https:\/\/ennalit.wordpress.com\/2024\/07\/06\/sambre-radioscopie-dun-fait-divers-alice-geraud-lu-par-christel-wallois\/\">Enna<\/a> (en version audio).<\/em><\/p>\n<div id=\"attachment_33586\" style=\"width: 119px\" class=\"wp-caption aligncenter\"><img data-recalc-dims=\"1\" loading=\"lazy\" decoding=\"async\" aria-describedby=\"caption-attachment-33586\" data-attachment-id=\"33586\" data-permalink=\"https:\/\/www.jojoenherbe.com\/index.php\/2024\/03\/12\/billet-de-suivi-challenge-petit-bac-2024\/challenge-petit-bac-2024\/\" data-orig-file=\"https:\/\/i0.wp.com\/www.jojoenherbe.com\/wp-content\/uploads\/2023\/12\/Challenge-Petit-Bac-2024.jpg?fit=285%2C217&amp;ssl=1\" data-orig-size=\"285,217\" data-comments-opened=\"1\" data-image-meta=\"{&quot;aperture&quot;:&quot;0&quot;,&quot;credit&quot;:&quot;&quot;,&quot;camera&quot;:&quot;&quot;,&quot;caption&quot;:&quot;&quot;,&quot;created_timestamp&quot;:&quot;1702656450&quot;,&quot;copyright&quot;:&quot;&quot;,&quot;focal_length&quot;:&quot;0&quot;,&quot;iso&quot;:&quot;0&quot;,&quot;shutter_speed&quot;:&quot;0&quot;,&quot;title&quot;:&quot;&quot;,&quot;orientation&quot;:&quot;0&quot;}\" data-image-title=\"Challenge Petit Bac 2024\" data-image-description=\"\" data-image-caption=\"\" data-large-file=\"https:\/\/i0.wp.com\/www.jojoenherbe.com\/wp-content\/uploads\/2023\/12\/Challenge-Petit-Bac-2024.jpg?fit=285%2C217&amp;ssl=1\" class=\"wp-image-33586\" src=\"https:\/\/i0.wp.com\/www.jojoenherbe.com\/wp-content\/uploads\/2023\/12\/Challenge-Petit-Bac-2024.jpg?resize=109%2C83\" alt=\"\" width=\"109\" height=\"83\" \/><p id=\"caption-attachment-33586\" class=\"wp-caption-text\">Challenge Petit Bac d\u2019<a href=\"https:\/\/ennalit.wordpress.com\/2023\/12\/01\/challenge-petit-bac-2024-qui-veut-jouer\/\">Enna<\/a> #1 Cat\u00e9gorie Lieu: \u00ab Sambre \u00bb<\/p><\/div>\n\n\n<p><\/p>\n","protected":false},"excerpt":{"rendered":"<p>Le week-end dernier, j\u2019ai lu Sambre, Radioscopie d\u2019un fait divers d\u2019Alice G\u00e9raud (\u00e9d. JC Latt\u00e8s, janvier 2023, 400 pages), un essai\/documentaire d\u2019une journaliste ayant suivi le proc\u00e8s d\u2019assises d\u2019un violeur en s\u00e9ries surnomm\u00e9 le \u00ab violeur de la Sambre \u00bb interpell\u00e9 en 2018 et condamn\u00e9 d\u00e9finitivement en 2022 (apr\u00e8s qu&rsquo;il a renonc\u00e9 \u00e0 son appel [&hellip;]<\/p>\n","protected":false},"author":1,"featured_media":43150,"comment_status":"open","ping_status":"open","sticky":false,"template":"","format":"standard","meta":{"jetpack_post_was_ever_published":false,"_jetpack_newsletter_access":"","_jetpack_dont_email_post_to_subs":false,"_jetpack_newsletter_tier_id":0,"_jetpack_memberships_contains_paywalled_content":false,"_jetpack_memberships_contains_paid_content":false,"footnotes":""},"categories":[363],"tags":[1347,4068,4065,3974,4060,1681,4058,4062,914,4067,4066,2718,169,1085,1182,4061,4069,2639,905,4059,4063,2640],"class_list":["post-34403","post","type-post","status-publish","format-standard","has-post-thumbnail","hentry","category-mini-lecteur","tag-18-ans-et-plus","tag-agression-sexuelle","tag-alice-geraud","tag-challenge-petit-bac-2024","tag-cour-dassises","tag-crime","tag-documentaire","tag-dysfonctionnement","tag-enquete","tag-enquete-journalistique","tag-essai","tag-journaliste","tag-justice","tag-lecture-adulte","tag-plainte","tag-police","tag-procedure-penale","tag-proces","tag-romans-adulte","tag-systeme-judiciaire","tag-victime","tag-viol","post-preview"],"jetpack_featured_media_url":"https:\/\/i0.wp.com\/www.jojoenherbe.com\/wp-content\/uploads\/2024\/01\/Sambre-scaled.jpeg?fit=2560%2C2141&ssl=1","jetpack_sharing_enabled":true,"jetpack_shortlink":"https:\/\/wp.me\/p9zhGx-8WT","jetpack_likes_enabled":true,"jetpack-related-posts":[{"id":42442,"url":"https:\/\/www.jojoenherbe.com\/index.php\/2026\/01\/22\/throwback-thursday-livresque-un-journaliste\/","url_meta":{"origin":34403,"position":0},"title":"Throwback Thursday Livresque: Un journaliste","author":"Jojo","date":"22 janvier 2026","format":false,"excerpt":"Ce jeudi 22 janvier 2026, je participe au Throwback Thursday Livresque, un rendez-vous livresque initialement chez Bettie Rose Books et repris depuis par Carole, les liens \u00e9tant \u00e0 d\u00e9poser chez My-Bo0ks. Le principe est de partager chaque jeudi un livre \"ancien\" de notre biblioth\u00e8que en fonction d\u2019un th\u00e8me donn\u00e9. Cette\u2026","rel":"","context":"Dans &quot;Mini blogueur&quot;","block_context":{"text":"Mini blogueur","link":"https:\/\/www.jojoenherbe.com\/index.php\/category\/mini-blogueur\/"},"img":{"alt_text":"","src":"https:\/\/i0.wp.com\/www.jojoenherbe.com\/wp-content\/uploads\/2023\/10\/TTL-logo.jpg?resize=350%2C200","width":350,"height":200},"classes":[]},{"id":34424,"url":"https:\/\/www.jojoenherbe.com\/index.php\/2024\/01\/22\/point-lecture-hebdomadaire-2024-3\/","url_meta":{"origin":34403,"position":1},"title":"Point lecture hebdomadaire 2024 #3","author":"Jojo","date":"22 janvier 2024","format":false,"excerpt":"En ce d\u00e9but de semaine, voici notre point lecture hebdomadaire avec un retour sur nos lectures de la semaine derni\u00e8re (mais pas nos relectures). Nos lectures du 15 au 21 janvier 2024: Des lectures jeunesse: (BD jeunesse) Mortelle Ad\u00e8le et la galaxie des bizarres, Mortelle Ad\u00e8le, La rentr\u00e9e des claques\u2026","rel":"","context":"Dans &quot;Mini blogueur&quot;","block_context":{"text":"Mini blogueur","link":"https:\/\/www.jojoenherbe.com\/index.php\/category\/mini-blogueur\/"},"img":{"alt_text":"","src":"https:\/\/i0.wp.com\/www.jojoenherbe.com\/wp-content\/uploads\/2024\/01\/Mortelle-Adele-et-Ajax-BD-150x150.jpg?resize=350%2C200","width":350,"height":200},"classes":[]},{"id":34362,"url":"https:\/\/www.jojoenherbe.com\/index.php\/2024\/01\/21\/week-end-a-mille-janvier-2024\/","url_meta":{"origin":34403,"position":2},"title":"Week-end \u00e0 1000 &#8211; janvier 2024","author":"Jojo","date":"21 janvier 2024","format":false,"excerpt":"Ce week-end, du vendredi 19 janvier 19h \u00e0 dimanche minuit se d\u00e9roule un week-end \u00e0 mille. Il s'agit d'un d\u00e9fi livresque o\u00f9 l'objectif est de lire au moins 1000 pages, quel que soit le support ou genre (romans, albums illustr\u00e9s, BD, romans graphiques, mangas, livres audio...). Mais ce nombre de\u2026","rel":"","context":"Dans &quot;Mini challenger&quot;","block_context":{"text":"Mini challenger","link":"https:\/\/www.jojoenherbe.com\/index.php\/category\/mini-challenger\/"},"img":{"alt_text":"","src":"https:\/\/i0.wp.com\/www.jojoenherbe.com\/wp-content\/uploads\/2024\/01\/Week-end-a-1000-logo-2024-01.jpg?fit=706%2C758&ssl=1&resize=350%2C200","width":350,"height":200,"srcset":"https:\/\/i0.wp.com\/www.jojoenherbe.com\/wp-content\/uploads\/2024\/01\/Week-end-a-1000-logo-2024-01.jpg?fit=706%2C758&ssl=1&resize=350%2C200 1x, https:\/\/i0.wp.com\/www.jojoenherbe.com\/wp-content\/uploads\/2024\/01\/Week-end-a-1000-logo-2024-01.jpg?fit=706%2C758&ssl=1&resize=525%2C300 1.5x, https:\/\/i0.wp.com\/www.jojoenherbe.com\/wp-content\/uploads\/2024\/01\/Week-end-a-1000-logo-2024-01.jpg?fit=706%2C758&ssl=1&resize=700%2C400 2x"},"classes":[]},{"id":39498,"url":"https:\/\/www.jojoenherbe.com\/index.php\/2025\/05\/21\/au-fil-des-pages-avec-les-disparues-de-nellie-bly\/","url_meta":{"origin":34403,"position":3},"title":"Au fil des pages avec Les Disparues de Nellie Bly","author":"Jojo","date":"21 mai 2025","format":false,"excerpt":"J'ai lu Les Disparues de Nellie Bly d'Isadora et Samuel Avril (\u00e9d. Prisma, mai 2024, 299 pages), un roman historique s'inspirant, de fa\u00e7on romanc\u00e9e, d'une partie de la vie d'Elizabeth Cochrane, de ses premiers pas de journaliste d'investigation au sein du Pittsburgh Dispatch jusqu'\u00e0 son d\u00e9part pour relever le pari\u2026","rel":"","context":"Dans &quot;Mini lecteur&quot;","block_context":{"text":"Mini lecteur","link":"https:\/\/www.jojoenherbe.com\/index.php\/category\/mini-lecteur\/"},"img":{"alt_text":"","src":"https:\/\/i0.wp.com\/www.jojoenherbe.com\/wp-content\/uploads\/2025\/05\/Les-Disparues-de-Nellie-Bly.jpg?fit=749%2C1109&ssl=1&resize=350%2C200","width":350,"height":200,"srcset":"https:\/\/i0.wp.com\/www.jojoenherbe.com\/wp-content\/uploads\/2025\/05\/Les-Disparues-de-Nellie-Bly.jpg?fit=749%2C1109&ssl=1&resize=350%2C200 1x, https:\/\/i0.wp.com\/www.jojoenherbe.com\/wp-content\/uploads\/2025\/05\/Les-Disparues-de-Nellie-Bly.jpg?fit=749%2C1109&ssl=1&resize=525%2C300 1.5x, https:\/\/i0.wp.com\/www.jojoenherbe.com\/wp-content\/uploads\/2025\/05\/Les-Disparues-de-Nellie-Bly.jpg?fit=749%2C1109&ssl=1&resize=700%2C400 2x"},"classes":[]},{"id":19451,"url":"https:\/\/www.jojoenherbe.com\/index.php\/2021\/06\/28\/au-fil-des-pages-avec-anatomie-dun-scandale\/","url_meta":{"origin":34403,"position":4},"title":"Au fil des pages avec Anatomie d&rsquo;un scandale","author":"Jojo","date":"28 juin 2021","format":false,"excerpt":"Pour la lecture commune du 26 juin 2021 dans le cadre du Mois Anglais, je lis Anatomie d\u2019un scandale de Sarah Vaughan (\u00e9d. Librairie g\u00e9n\u00e9rale fran\u00e7aise, Pr\u00e9ludes, 2019), un thriller psychologique se d\u00e9roulant dans les milieux politico-judiciaires en Angleterre. En 2016, Kate Woodcroft, une avocate p\u00e9naliste quadrag\u00e9naire d\u00e9fend une jeune\u2026","rel":"","context":"Dans &quot;Mini lecteur&quot;","block_context":{"text":"Mini lecteur","link":"https:\/\/www.jojoenherbe.com\/index.php\/category\/mini-lecteur\/"},"img":{"alt_text":"","src":"https:\/\/i0.wp.com\/www.jojoenherbe.com\/wp-content\/uploads\/2021\/06\/Anatomie-dun-scandale-scaled.jpg?fit=1200%2C949&ssl=1&resize=350%2C200","width":350,"height":200,"srcset":"https:\/\/i0.wp.com\/www.jojoenherbe.com\/wp-content\/uploads\/2021\/06\/Anatomie-dun-scandale-scaled.jpg?fit=1200%2C949&ssl=1&resize=350%2C200 1x, https:\/\/i0.wp.com\/www.jojoenherbe.com\/wp-content\/uploads\/2021\/06\/Anatomie-dun-scandale-scaled.jpg?fit=1200%2C949&ssl=1&resize=525%2C300 1.5x, https:\/\/i0.wp.com\/www.jojoenherbe.com\/wp-content\/uploads\/2021\/06\/Anatomie-dun-scandale-scaled.jpg?fit=1200%2C949&ssl=1&resize=700%2C400 2x, https:\/\/i0.wp.com\/www.jojoenherbe.com\/wp-content\/uploads\/2021\/06\/Anatomie-dun-scandale-scaled.jpg?fit=1200%2C949&ssl=1&resize=1050%2C600 3x"},"classes":[]},{"id":33584,"url":"https:\/\/www.jojoenherbe.com\/index.php\/2024\/03\/12\/billet-de-suivi-challenge-petit-bac-2024\/","url_meta":{"origin":34403,"position":5},"title":"Billet de suivi: Challenge Petit Bac 2024","author":"Jojo","date":"12 mars 2024","format":false,"excerpt":"Je participe pour la sixi\u00e8me ann\u00e9e cons\u00e9cutive au Challenge Petit Bac d\u2019Enna, les cinq premi\u00e8res cat\u00e9gories restant identiques aux ann\u00e9es pr\u00e9c\u00e9dentes. Tous les mois, je vais actualiser ce billet et faire un point sur mes participations au challenge. Pour le moment, j\u2019ai termin\u00e9 mes 4 premi\u00e8res lignes et entam\u00e9 la\u2026","rel":"","context":"Dans &quot;Mini challenger&quot;","block_context":{"text":"Mini challenger","link":"https:\/\/www.jojoenherbe.com\/index.php\/category\/mini-challenger\/"},"img":{"alt_text":"","src":"https:\/\/i0.wp.com\/www.jojoenherbe.com\/wp-content\/uploads\/2023\/12\/Challenge-Petit-Bac-2024.jpg?fit=285%2C217&ssl=1&resize=350%2C200","width":350,"height":200},"classes":[]}],"_links":{"self":[{"href":"https:\/\/www.jojoenherbe.com\/index.php\/wp-json\/wp\/v2\/posts\/34403","targetHints":{"allow":["GET"]}}],"collection":[{"href":"https:\/\/www.jojoenherbe.com\/index.php\/wp-json\/wp\/v2\/posts"}],"about":[{"href":"https:\/\/www.jojoenherbe.com\/index.php\/wp-json\/wp\/v2\/types\/post"}],"author":[{"embeddable":true,"href":"https:\/\/www.jojoenherbe.com\/index.php\/wp-json\/wp\/v2\/users\/1"}],"replies":[{"embeddable":true,"href":"https:\/\/www.jojoenherbe.com\/index.php\/wp-json\/wp\/v2\/comments?post=34403"}],"version-history":[{"count":34,"href":"https:\/\/www.jojoenherbe.com\/index.php\/wp-json\/wp\/v2\/posts\/34403\/revisions"}],"predecessor-version":[{"id":43152,"href":"https:\/\/www.jojoenherbe.com\/index.php\/wp-json\/wp\/v2\/posts\/34403\/revisions\/43152"}],"wp:featuredmedia":[{"embeddable":true,"href":"https:\/\/www.jojoenherbe.com\/index.php\/wp-json\/wp\/v2\/media\/43150"}],"wp:attachment":[{"href":"https:\/\/www.jojoenherbe.com\/index.php\/wp-json\/wp\/v2\/media?parent=34403"}],"wp:term":[{"taxonomy":"category","embeddable":true,"href":"https:\/\/www.jojoenherbe.com\/index.php\/wp-json\/wp\/v2\/categories?post=34403"},{"taxonomy":"post_tag","embeddable":true,"href":"https:\/\/www.jojoenherbe.com\/index.php\/wp-json\/wp\/v2\/tags?post=34403"}],"curies":[{"name":"wp","href":"https:\/\/api.w.org\/{rel}","templated":true}]}}