{"id":34296,"date":"2024-01-15T18:22:39","date_gmt":"2024-01-15T17:22:39","guid":{"rendered":"http:\/\/www.jojoenherbe.com\/?p=34296"},"modified":"2024-01-19T18:23:17","modified_gmt":"2024-01-19T17:23:17","slug":"point-lecture-hebdomadaire-2024-2","status":"publish","type":"post","link":"https:\/\/www.jojoenherbe.com\/index.php\/2024\/01\/15\/point-lecture-hebdomadaire-2024-2\/","title":{"rendered":"Point lecture hebdomadaire 2024 #2"},"content":{"rendered":"<p style=\"text-align: justify;\"><em>En ce d\u00e9but de semaine, voici notre point lecture hebdomadaire avec un retour sur nos lectures de la semaine derni\u00e8re (mais pas nos relectures).<\/em><\/p>\n<p><strong><span style=\"text-decoration: underline;\">Nos lectures du 8 au 14 janvier 2024<\/span>:<\/strong><\/p>\n<p><em><span style=\"text-decoration: underline;\">Des lectures jeunesse<\/span>:<\/em><\/p>\n<p><em>(BD jeunesse) <span style=\"text-decoration: underline;\"><strong>Mortelle Ad\u00e8le,<\/strong><\/span> <span style=\"text-decoration: underline;\"><strong>Parents \u00e0 vendre<\/strong><\/span> et <span style=\"text-decoration: underline;\"><strong>Toi, je te zut!<\/strong><\/span> de Mr Tan et Diane Le Feyer <strong>(T8 et T18)<\/strong><br \/><\/em><\/p>\n<p style=\"text-align: justify;\"><em><a href=\"https:\/\/i0.wp.com\/www.jojoenherbe.com\/wp-content\/uploads\/2024\/01\/Mortelle-Adele-BD-T8-et-T18-scaled.jpg\"><img data-recalc-dims=\"1\" loading=\"lazy\" decoding=\"async\" data-attachment-id=\"34349\" data-permalink=\"https:\/\/www.jojoenherbe.com\/index.php\/2024\/01\/15\/point-lecture-hebdomadaire-2024-2\/mortelle-adele-bd-t8-et-t18\/\" data-orig-file=\"https:\/\/i0.wp.com\/www.jojoenherbe.com\/wp-content\/uploads\/2024\/01\/Mortelle-Adele-BD-T8-et-T18-scaled.jpg?fit=2560%2C1721&amp;ssl=1\" data-orig-size=\"2560,1721\" data-comments-opened=\"1\" data-image-meta=\"{&quot;aperture&quot;:&quot;1.8&quot;,&quot;credit&quot;:&quot;&quot;,&quot;camera&quot;:&quot;iPhone 7&quot;,&quot;caption&quot;:&quot;&quot;,&quot;created_timestamp&quot;:&quot;1705687403&quot;,&quot;copyright&quot;:&quot;&quot;,&quot;focal_length&quot;:&quot;3.99&quot;,&quot;iso&quot;:&quot;80&quot;,&quot;shutter_speed&quot;:&quot;0.2&quot;,&quot;title&quot;:&quot;&quot;,&quot;orientation&quot;:&quot;1&quot;}\" data-image-title=\"Mortelle Ad\u00e8le BD T8 et T18\" data-image-description=\"\" data-image-caption=\"\" data-large-file=\"https:\/\/i0.wp.com\/www.jojoenherbe.com\/wp-content\/uploads\/2024\/01\/Mortelle-Adele-BD-T8-et-T18-scaled.jpg?fit=676%2C455&amp;ssl=1\" class=\"alignleft size-thumbnail wp-image-34349\" src=\"https:\/\/i0.wp.com\/www.jojoenherbe.com\/wp-content\/uploads\/2024\/01\/Mortelle-Adele-BD-T8-et-T18.jpg?resize=150%2C150\" alt=\"\" width=\"150\" height=\"150\" srcset=\"https:\/\/i0.wp.com\/www.jojoenherbe.com\/wp-content\/uploads\/2024\/01\/Mortelle-Adele-BD-T8-et-T18-scaled.jpg?resize=150%2C150&amp;ssl=1 150w, https:\/\/i0.wp.com\/www.jojoenherbe.com\/wp-content\/uploads\/2024\/01\/Mortelle-Adele-BD-T8-et-T18-scaled.jpg?zoom=2&amp;resize=150%2C150 300w, https:\/\/i0.wp.com\/www.jojoenherbe.com\/wp-content\/uploads\/2024\/01\/Mortelle-Adele-BD-T8-et-T18-scaled.jpg?zoom=3&amp;resize=150%2C150 450w\" sizes=\"auto, (max-width: 150px) 100vw, 150px\" \/><\/a>Mon mini lutin a continu\u00e9 cette semaine \u00e0 d\u00e9couvrir de nouveaux tomes de Mortelle Ad\u00e8le de Mr Tan et Diane Le Feyer (et auparavant Miss Prickly) : le tome 8, <span style=\"text-decoration: underline;\">Parents \u00e0 vendre<\/span> (\u00e9d. Bayard Jeunesse, d\u00e9cembre 2014, 80 pages) et le tome 18, <span style=\"text-decoration: underline;\">Toi, je te zut!<\/span> (\u00e9d. Bayard Jeunesse, mai 2021, 80 pages). Mortelle Ad\u00e8le encha\u00eene les b\u00eatises et les id\u00e9es et inventions loufoques, avec sa langue bien pendue, aupr\u00e8s de son entourage, que ce soit sa famille, son chat Ajax, son ami imaginaire Magnus ou ses camarades de classe (amis ou non) comme Geoffroy, amoureux d&rsquo;elle ou Jade et Miranda. Et bien s\u00fbr, on a continu\u00e9 \u00e0 \u00e9couter les musiques de Mortelle Ad\u00e8le, que ce soit celles sp\u00e9cial No\u00ebl ou celles du Show Bizarre!<\/em><\/p>\n<p><em><span style=\"text-decoration: underline;\">Des lectures adulte<\/span>:<\/em><\/p>\n<p style=\"text-align: justify;\"><em>Parmi les romans adultes que j\u2019ai lus cette semaine, je ne parlerai dans ce billet que de certains.<\/em><\/p>\n<ul>\n<li><em>(Roman fantasy YA) <span style=\"text-decoration: underline;\"><strong>L&rsquo;h\u00e9ritier trahi<\/strong><\/span> de Holly Black <strong>(T1)<\/strong><\/em><\/li>\n<\/ul>\n<p style=\"text-align: justify;\"><em><a href=\"https:\/\/i0.wp.com\/www.jojoenherbe.com\/wp-content\/uploads\/2024\/01\/Lheritier-trahi-T1.jpg\"><img data-recalc-dims=\"1\" loading=\"lazy\" decoding=\"async\" data-attachment-id=\"34149\" data-permalink=\"https:\/\/www.jojoenherbe.com\/index.php\/2024\/01\/05\/rat-post-noel-2023\/lheritier-trahi-t1\/\" data-orig-file=\"https:\/\/i0.wp.com\/www.jojoenherbe.com\/wp-content\/uploads\/2024\/01\/Lheritier-trahi-T1.jpg?fit=750%2C1334&amp;ssl=1\" data-orig-size=\"750,1334\" data-comments-opened=\"1\" data-image-meta=\"{&quot;aperture&quot;:&quot;0&quot;,&quot;credit&quot;:&quot;&quot;,&quot;camera&quot;:&quot;&quot;,&quot;caption&quot;:&quot;&quot;,&quot;created_timestamp&quot;:&quot;0&quot;,&quot;copyright&quot;:&quot;&quot;,&quot;focal_length&quot;:&quot;0&quot;,&quot;iso&quot;:&quot;0&quot;,&quot;shutter_speed&quot;:&quot;0&quot;,&quot;title&quot;:&quot;&quot;,&quot;orientation&quot;:&quot;1&quot;}\" data-image-title=\"L&amp;rsquo;h\u00e9ritier trahi T1\" data-image-description=\"\" data-image-caption=\"\" data-large-file=\"https:\/\/i0.wp.com\/www.jojoenherbe.com\/wp-content\/uploads\/2024\/01\/Lheritier-trahi-T1.jpg?fit=576%2C1024&amp;ssl=1\" class=\"size-thumbnail wp-image-34149 alignright\" src=\"https:\/\/i0.wp.com\/www.jojoenherbe.com\/wp-content\/uploads\/2024\/01\/Lheritier-trahi-T1.jpg?resize=150%2C150\" alt=\"\" width=\"150\" height=\"150\" srcset=\"https:\/\/i0.wp.com\/www.jojoenherbe.com\/wp-content\/uploads\/2024\/01\/Lheritier-trahi-T1.jpg?resize=150%2C150&amp;ssl=1 150w, https:\/\/i0.wp.com\/www.jojoenherbe.com\/wp-content\/uploads\/2024\/01\/Lheritier-trahi-T1.jpg?zoom=2&amp;resize=150%2C150 300w, https:\/\/i0.wp.com\/www.jojoenherbe.com\/wp-content\/uploads\/2024\/01\/Lheritier-trahi-T1.jpg?zoom=3&amp;resize=150%2C150 450w\" sizes=\"auto, (max-width: 150px) 100vw, 150px\" \/><\/a>J&rsquo;ai\u00a0 lu, en e-book, le <a href=\"http:\/\/www.jojoenherbe.com\/index.php\/2024\/01\/11\/au-fil-des-pages-avec-lheritier-trahi\/\">tome 1<\/a> du dyptique <span style=\"text-decoration: underline;\">L&rsquo;h\u00e9ritier trahi<\/span> de Holly Black (\u00e9d. Rageot, octobre 2023, 512 pages), un roman fantasy young adult se d\u00e9roulant dans le royaume de Terraf\u00e6, 8 ans apr\u00e8s les \u00e9v\u00e9nements qui ont secou\u00e9 la Haute Cour de Domelfe et en mettant en sc\u00e8ne le prince h\u00e9ritier de Terraf\u00e6 ,Ch\u00eane et Wren, la fille captive de Dame Nore de la Cour des Crocs, les deux ayant bien grandi, \u00e9tant d\u00e9sormais \u00e2g\u00e9s respectivement de 17 et 18 ans et devant s&rsquo;associe afin de lib\u00e9rer Madoc, le p\u00e8re adoptif de Ch\u00eane prisonnier de Dame Nore. Le rythme monte crescendo, surtout dans les derniers chapitres. Un bon moment de lecture, du seul point de vue de Wren, avec son lot d\u2019action et de rebondissements (assez pr\u00e9visibles) et d\u2019enjeux politiques o\u00f9 il est bien difficile d\u2019accorder sa confiance sans se faire pi\u00e9ger, la romance restant tr\u00e8s secondaire! Je suis curieuse de conna\u00eetre le d\u00e9nouement.<br \/><\/em><\/p>\n<ul>\n<li style=\"text-align: justify;\"><em>(Romance historique) <strong><span style=\"text-decoration: underline;\">Les Audacieuses, Une cavalcade tr\u00e9pidante<\/span><\/strong> d\u2019Emma V. Leech <strong>(T10)<\/strong><\/em><\/li>\n<\/ul>\n<p style=\"text-align: justify;\"><a href=\"https:\/\/i0.wp.com\/www.jojoenherbe.com\/wp-content\/uploads\/2024\/01\/Une-calvacade-trepidante-T10.jpg\"><img data-recalc-dims=\"1\" loading=\"lazy\" decoding=\"async\" data-attachment-id=\"34299\" data-permalink=\"https:\/\/www.jojoenherbe.com\/index.php\/2024\/01\/15\/point-lecture-hebdomadaire-2024-2\/une-calvacade-trepidante-t10\/\" data-orig-file=\"https:\/\/i0.wp.com\/www.jojoenherbe.com\/wp-content\/uploads\/2024\/01\/Une-calvacade-trepidante-T10.jpg?fit=750%2C1334&amp;ssl=1\" data-orig-size=\"750,1334\" data-comments-opened=\"1\" data-image-meta=\"{&quot;aperture&quot;:&quot;0&quot;,&quot;credit&quot;:&quot;&quot;,&quot;camera&quot;:&quot;&quot;,&quot;caption&quot;:&quot;&quot;,&quot;created_timestamp&quot;:&quot;0&quot;,&quot;copyright&quot;:&quot;&quot;,&quot;focal_length&quot;:&quot;0&quot;,&quot;iso&quot;:&quot;0&quot;,&quot;shutter_speed&quot;:&quot;0&quot;,&quot;title&quot;:&quot;&quot;,&quot;orientation&quot;:&quot;1&quot;}\" data-image-title=\"Une calvacade tr\u00e9pidante T10\" data-image-description=\"\" data-image-caption=\"\" data-large-file=\"https:\/\/i0.wp.com\/www.jojoenherbe.com\/wp-content\/uploads\/2024\/01\/Une-calvacade-trepidante-T10.jpg?fit=576%2C1024&amp;ssl=1\" class=\"alignleft size-thumbnail wp-image-34299\" src=\"https:\/\/i0.wp.com\/www.jojoenherbe.com\/wp-content\/uploads\/2024\/01\/Une-calvacade-trepidante-T10.jpg?resize=150%2C150\" alt=\"\" width=\"150\" height=\"150\" srcset=\"https:\/\/i0.wp.com\/www.jojoenherbe.com\/wp-content\/uploads\/2024\/01\/Une-calvacade-trepidante-T10.jpg?resize=150%2C150&amp;ssl=1 150w, https:\/\/i0.wp.com\/www.jojoenherbe.com\/wp-content\/uploads\/2024\/01\/Une-calvacade-trepidante-T10.jpg?zoom=2&amp;resize=150%2C150 300w, https:\/\/i0.wp.com\/www.jojoenherbe.com\/wp-content\/uploads\/2024\/01\/Une-calvacade-trepidante-T10.jpg?zoom=3&amp;resize=150%2C150 450w\" sizes=\"auto, (max-width: 150px) 100vw, 150px\" \/><\/a><em>J&rsquo;ai lu, en e-book, d\u00e8s le jour de sa parution, le tome 10 des <span style=\"text-decoration: underline;\">Audacieuses, Une cavalcade tr\u00e9pidante<\/span> d\u2019Emma V. Leech (\u00e9d. Auto\u00e9dition, janvier 2024,\u00a0 346 pages), une romance historique se d\u00e9roulant en Angleterre et qui suit cette fois la romance entre Lady H\u00e9l\u00e9na Aldophus, la s\u0153ur cadette du duc de Lorny et Gabriel Knight malgr\u00e9 leur diff\u00e9rence de classe sociale, les deux s&rsquo;enfuyant se marier \u00e0 Gretna Green, gr\u00e2ce \u00e0 la complicit\u00e9 de la femme de chambre Tilly. Un bon moment de lecture m\u00eame si je ne m&rsquo;attendais pas \u00e0 ce que Gabriel soit aussi vite \u00e9pris de la jeune femme! J&rsquo;ai h\u00e2te de pouvoir lire le prochain tome, <span style=\"text-decoration: underline;\">\u00c0 la poursuite du chasseur<\/span> qui sera sur la romance entre Matilda Hunt et le marquis de Montagu qui a \u00e9t\u00e9 un fil conducteur entre tous les tomes pr\u00e9c\u00e9dents.<\/em><\/p>\n<ul>\n<li style=\"text-align: justify;\"><em>(Roman historique) <strong><span style=\"text-decoration: underline;\">Les enfants du blizzard<\/span><\/strong> de Melanie Benjamin<\/em><\/li>\n<\/ul>\n<p style=\"text-align: justify;\"><a href=\"https:\/\/i0.wp.com\/www.jojoenherbe.com\/wp-content\/uploads\/2024\/01\/Les-enfants-du-blizzard.jpg\"><img data-recalc-dims=\"1\" loading=\"lazy\" decoding=\"async\" data-attachment-id=\"34300\" data-permalink=\"https:\/\/www.jojoenherbe.com\/index.php\/2024\/01\/15\/point-lecture-hebdomadaire-2024-2\/les-enfants-du-blizzard\/\" data-orig-file=\"https:\/\/i0.wp.com\/www.jojoenherbe.com\/wp-content\/uploads\/2024\/01\/Les-enfants-du-blizzard.jpg?fit=750%2C1334&amp;ssl=1\" data-orig-size=\"750,1334\" data-comments-opened=\"1\" data-image-meta=\"{&quot;aperture&quot;:&quot;0&quot;,&quot;credit&quot;:&quot;&quot;,&quot;camera&quot;:&quot;&quot;,&quot;caption&quot;:&quot;&quot;,&quot;created_timestamp&quot;:&quot;0&quot;,&quot;copyright&quot;:&quot;&quot;,&quot;focal_length&quot;:&quot;0&quot;,&quot;iso&quot;:&quot;0&quot;,&quot;shutter_speed&quot;:&quot;0&quot;,&quot;title&quot;:&quot;&quot;,&quot;orientation&quot;:&quot;1&quot;}\" data-image-title=\"Les enfants du blizzard\" data-image-description=\"\" data-image-caption=\"\" data-large-file=\"https:\/\/i0.wp.com\/www.jojoenherbe.com\/wp-content\/uploads\/2024\/01\/Les-enfants-du-blizzard.jpg?fit=576%2C1024&amp;ssl=1\" class=\"size-thumbnail wp-image-34300 alignright\" src=\"https:\/\/i0.wp.com\/www.jojoenherbe.com\/wp-content\/uploads\/2024\/01\/Les-enfants-du-blizzard.jpg?resize=150%2C150\" alt=\"\" width=\"150\" height=\"150\" srcset=\"https:\/\/i0.wp.com\/www.jojoenherbe.com\/wp-content\/uploads\/2024\/01\/Les-enfants-du-blizzard.jpg?resize=150%2C150&amp;ssl=1 150w, https:\/\/i0.wp.com\/www.jojoenherbe.com\/wp-content\/uploads\/2024\/01\/Les-enfants-du-blizzard.jpg?zoom=2&amp;resize=150%2C150 300w, https:\/\/i0.wp.com\/www.jojoenherbe.com\/wp-content\/uploads\/2024\/01\/Les-enfants-du-blizzard.jpg?zoom=3&amp;resize=150%2C150 450w\" sizes=\"auto, (max-width: 150px) 100vw, 150px\" \/><\/a><em>J&rsquo;ai lu <a href=\"https:\/\/www.jojoenherbe.com\/index.php\/2024\/01\/18\/au-fil-des-pages-avec-les-enfants-du-blizzard\/\"><span style=\"text-decoration: underline;\">Les enfants du blizzard<\/span><\/a> de Melanie Benjamin (\u00e9d. Albin Michel, novembre 2023, 400 pages), un roman historique retra\u00e7ant un terrible fait divers am\u00e9ricain et qui a co\u00fbt\u00e9 la vie \u00e0 de nombreux enfants, en suivant dans une premi\u00e8re partie haletante le sort de deux jeunes institutrices, Raina et Gerda Olsen, deux s\u0153urs d&rsquo;\u00e0 peine 16 et 18 ans et de leurs \u00e9l\u00e8ves, des enfants de fermiers immigr\u00e9s, alors qu&rsquo;un blizzard s&rsquo;abat sur la r\u00e9gion des plaines du Nebraska et Dakota, dans la journ\u00e9e du 12 janvier 1888, apr\u00e8s un redoux inattendu le matin puis dans une seconde partie les cons\u00e9quences de ce blizzard sur les survivants, un journaliste, Gavin Woodson recoupant pour son journal les t\u00e9moignages et lan\u00e7ant une cagnotte des h\u00e9ro\u00efnes. Un bon voire tr\u00e8s bon moment de lecture o\u00f9 il est notamment question des conditions de vie rudes et pr\u00e9caires des familles immigr\u00e9es dans l\u2019Ouest am\u00e9ricain, des politiques am\u00e9ricaines afin de peupler ces futurs \u00c9tats \u00e0 tout prix ou bien encore de la n\u00e9gligence et corruption dans le Service des transmissions m\u00e9t\u00e9orologiques!<\/em><\/p>\n<p><strong><span style=\"text-decoration: underline;\">Ma prochaine lecture<\/span>:<\/strong><\/p>\n<p style=\"text-align: justify;\"><em><a href=\"https:\/\/i0.wp.com\/www.jojoenherbe.com\/wp-content\/uploads\/2024\/01\/Les-4-filles-du-Dr.-March-scaled.jpg\"><img data-recalc-dims=\"1\" loading=\"lazy\" decoding=\"async\" data-attachment-id=\"34348\" data-permalink=\"https:\/\/www.jojoenherbe.com\/index.php\/2024\/01\/15\/point-lecture-hebdomadaire-2024-2\/les-4-filles-du-dr-march-7\/\" data-orig-file=\"https:\/\/i0.wp.com\/www.jojoenherbe.com\/wp-content\/uploads\/2024\/01\/Les-4-filles-du-Dr.-March-scaled.jpg?fit=2560%2C2219&amp;ssl=1\" data-orig-size=\"2560,2219\" data-comments-opened=\"1\" data-image-meta=\"{&quot;aperture&quot;:&quot;1.8&quot;,&quot;credit&quot;:&quot;&quot;,&quot;camera&quot;:&quot;iPhone 7&quot;,&quot;caption&quot;:&quot;&quot;,&quot;created_timestamp&quot;:&quot;1705687323&quot;,&quot;copyright&quot;:&quot;&quot;,&quot;focal_length&quot;:&quot;3.99&quot;,&quot;iso&quot;:&quot;80&quot;,&quot;shutter_speed&quot;:&quot;0.2&quot;,&quot;title&quot;:&quot;&quot;,&quot;orientation&quot;:&quot;1&quot;}\" data-image-title=\"Les 4 filles du Dr. March\" data-image-description=\"\" data-image-caption=\"\" data-large-file=\"https:\/\/i0.wp.com\/www.jojoenherbe.com\/wp-content\/uploads\/2024\/01\/Les-4-filles-du-Dr.-March-scaled.jpg?fit=676%2C586&amp;ssl=1\" class=\"alignleft size-thumbnail wp-image-34348\" src=\"https:\/\/i0.wp.com\/www.jojoenherbe.com\/wp-content\/uploads\/2024\/01\/Les-4-filles-du-Dr.-March.jpg?resize=150%2C150\" alt=\"\" width=\"150\" height=\"150\" srcset=\"https:\/\/i0.wp.com\/www.jojoenherbe.com\/wp-content\/uploads\/2024\/01\/Les-4-filles-du-Dr.-March-scaled.jpg?resize=150%2C150&amp;ssl=1 150w, https:\/\/i0.wp.com\/www.jojoenherbe.com\/wp-content\/uploads\/2024\/01\/Les-4-filles-du-Dr.-March-scaled.jpg?zoom=2&amp;resize=150%2C150 300w, https:\/\/i0.wp.com\/www.jojoenherbe.com\/wp-content\/uploads\/2024\/01\/Les-4-filles-du-Dr.-March-scaled.jpg?zoom=3&amp;resize=150%2C150 450w\" sizes=\"auto, (max-width: 150px) 100vw, 150px\" \/><\/a>Pour les challenges de No\u00ebl, j&rsquo;avais pr\u00e9vu de lire, en lecture commune avec <a href=\"https:\/\/ribambelledhistoires.over-blog.com\/\">Isabelle<\/a> apr\u00e8s avoir lu le <a href=\"https:\/\/www.jojoenherbe.com\/index.php\/2023\/09\/30\/au-fil-des-pages-avec-les-4-filles-du-docteur-march\/\">volume 1<\/a> en septembre dernier avec elle, le volume 2 (\u00e0 partir du chapitre des <span style=\"text-decoration: underline;\">Quatre filles du Docteur March<\/span> de Louisa May Alcott, ayant achet\u00e9 depuis la version int\u00e9grale regroupant les deux volumes et traduite par J<span class=\"cr-widget-FocalReviews\" data-hook=\"cr-widget-FocalReviews\"><span class=\"a-size-base review-text\" data-hook=\"review-body\">anique Jouin-de Laurens<\/span><\/span>\u00a0 (\u00e9d. Gallmeister, Totem n\u00b0166, septembre 2020, 640 pages), en reprenant l&rsquo;histoire \u00e0 la partie 2 (p. 315) et qui se d\u00e9roule 3 ans plus tard, au moment du mariage de l&rsquo;a\u00een\u00e9e des s\u0153urs, Meg. <br \/><\/em><\/p>\n\n\n<p><\/p>\n","protected":false},"excerpt":{"rendered":"<p>En ce d\u00e9but de semaine, voici notre point lecture hebdomadaire avec un retour sur nos lectures de la semaine derni\u00e8re (mais pas nos relectures). Nos lectures du 8 au 14 janvier 2024: Des lectures jeunesse: (BD jeunesse) Mortelle Ad\u00e8le, Parents \u00e0 vendre et Toi, je te zut! de Mr Tan et Diane Le Feyer (T8 [&hellip;]<\/p>\n","protected":false},"author":1,"featured_media":34353,"comment_status":"open","ping_status":"open","sticky":false,"template":"","format":"standard","meta":{"jetpack_post_was_ever_published":false,"_jetpack_newsletter_access":"","_jetpack_dont_email_post_to_subs":false,"_jetpack_newsletter_tier_id":0,"_jetpack_memberships_contains_paywalled_content":false,"_jetpack_memberships_contains_paid_content":false,"footnotes":""},"categories":[2140,363],"tags":[596,1226,4033,3581,914,870,1757,1085,367,3849,4046,4032,3976,2773,2767,1818,844,3209,905,3034],"class_list":["post-34296","post","type-post","status-publish","format-standard","has-post-thumbnail","hentry","category-mini-blogueur","category-mini-lecteur","tag-bandes-dessinees","tag-bd-jeunesse","tag-diane-le-feyer","tag-emma-v-leech","tag-enquete","tag-fantasy","tag-holly-black","tag-lecture-adulte","tag-lecture-jeunesse","tag-louisa-may-alcott","tag-melanie-benjamin","tag-miss-prickly","tag-mortelle-adele","tag-mr-tan","tag-point-lecture-hebdo","tag-roman-historique","tag-romance","tag-romance-historique","tag-romans-adulte","tag-romans-young-adult","post-preview"],"jetpack_featured_media_url":"https:\/\/i0.wp.com\/www.jojoenherbe.com\/wp-content\/uploads\/2024\/01\/Point-lecture-hebdo-2024-2-scaled.jpg?fit=2560%2C2445&ssl=1","jetpack_sharing_enabled":true,"jetpack_shortlink":"https:\/\/wp.me\/p9zhGx-8Va","jetpack_likes_enabled":true,"jetpack-related-posts":[{"id":34189,"url":"https:\/\/www.jojoenherbe.com\/index.php\/2024\/01\/08\/point-lecture-hebdomadaire-2024-1\/","url_meta":{"origin":34296,"position":0},"title":"Point lecture hebdomadaire 2024 #1","author":"Jojo","date":"8 janvier 2024","format":false,"excerpt":"En ce d\u00e9but de semaine, voici notre point lecture hebdomadaire avec un retour sur nos lectures de la semaine derni\u00e8re (mais pas nos relectures), la plupart encore de No\u00ebl puisque le week-end dernier s'est fini le challenge Il \u00e9tait 11 fois No\u00ebl avec un read-a-thon. Nos lectures du 1er au\u2026","rel":"","context":"Dans &quot;Mini blogueur&quot;","block_context":{"text":"Mini blogueur","link":"https:\/\/www.jojoenherbe.com\/index.php\/category\/mini-blogueur\/"},"img":{"alt_text":"","src":"https:\/\/i0.wp.com\/www.jojoenherbe.com\/wp-content\/uploads\/2024\/01\/Point-lecture-hebdo-2024-1-scaled.jpg?fit=1200%2C684&ssl=1&resize=350%2C200","width":350,"height":200,"srcset":"https:\/\/i0.wp.com\/www.jojoenherbe.com\/wp-content\/uploads\/2024\/01\/Point-lecture-hebdo-2024-1-scaled.jpg?fit=1200%2C684&ssl=1&resize=350%2C200 1x, https:\/\/i0.wp.com\/www.jojoenherbe.com\/wp-content\/uploads\/2024\/01\/Point-lecture-hebdo-2024-1-scaled.jpg?fit=1200%2C684&ssl=1&resize=525%2C300 1.5x, https:\/\/i0.wp.com\/www.jojoenherbe.com\/wp-content\/uploads\/2024\/01\/Point-lecture-hebdo-2024-1-scaled.jpg?fit=1200%2C684&ssl=1&resize=700%2C400 2x, https:\/\/i0.wp.com\/www.jojoenherbe.com\/wp-content\/uploads\/2024\/01\/Point-lecture-hebdo-2024-1-scaled.jpg?fit=1200%2C684&ssl=1&resize=1050%2C600 3x"},"classes":[]},{"id":34536,"url":"https:\/\/www.jojoenherbe.com\/index.php\/2024\/01\/29\/point-lecture-hebdomadaire-2024-4\/","url_meta":{"origin":34296,"position":1},"title":"Point lecture hebdomadaire 2024 #4","author":"Jojo","date":"29 janvier 2024","format":false,"excerpt":"En ce d\u00e9but de semaine, voici notre point lecture hebdomadaire avec un retour sur nos lectures de la semaine derni\u00e8re (mais pas nos relectures). Nos lectures du 22 au 28 janvier 2024: Des lectures jeunesse: (BD jeunesse) Mortelle Ad\u00e8le au pays des Contes d\u00e9faits, Mortelle Ad\u00e8le, Choupidoulove (T10) et Extra\u2026","rel":"","context":"Dans &quot;Mini blogueur&quot;","block_context":{"text":"Mini blogueur","link":"https:\/\/www.jojoenherbe.com\/index.php\/category\/mini-blogueur\/"},"img":{"alt_text":"","src":"https:\/\/i0.wp.com\/www.jojoenherbe.com\/wp-content\/uploads\/2024\/01\/Mortelle-Adele-BD-4-150x150.jpg?resize=350%2C200","width":350,"height":200},"classes":[]},{"id":34424,"url":"https:\/\/www.jojoenherbe.com\/index.php\/2024\/01\/22\/point-lecture-hebdomadaire-2024-3\/","url_meta":{"origin":34296,"position":2},"title":"Point lecture hebdomadaire 2024 #3","author":"Jojo","date":"22 janvier 2024","format":false,"excerpt":"En ce d\u00e9but de semaine, voici notre point lecture hebdomadaire avec un retour sur nos lectures de la semaine derni\u00e8re (mais pas nos relectures). Nos lectures du 15 au 21 janvier 2024: Des lectures jeunesse: (BD jeunesse) Mortelle Ad\u00e8le et la galaxie des bizarres, Mortelle Ad\u00e8le, La rentr\u00e9e des claques\u2026","rel":"","context":"Dans &quot;Mini blogueur&quot;","block_context":{"text":"Mini blogueur","link":"https:\/\/www.jojoenherbe.com\/index.php\/category\/mini-blogueur\/"},"img":{"alt_text":"","src":"https:\/\/i0.wp.com\/www.jojoenherbe.com\/wp-content\/uploads\/2024\/01\/Mortelle-Adele-et-Ajax-BD-150x150.jpg?resize=350%2C200","width":350,"height":200},"classes":[]},{"id":35130,"url":"https:\/\/www.jojoenherbe.com\/index.php\/2024\/03\/11\/point-lecture-hebdomadaire-2024-10\/","url_meta":{"origin":34296,"position":3},"title":"Point lecture hebdomadaire 2024 #10","author":"Jojo","date":"11 mars 2024","format":false,"excerpt":"En ce d\u00e9but de semaine, voici mon point lecture hebdomadaire avec un retour sur nos lectures de la semaine derni\u00e8re (mais pas nos relectures). J'ai moins lu cette semaine ayant profit\u00e9 d'\u00eatre en famille. Nos lectures du 4 au 10 mars 2024: Des lectures jeunesse: (Album jeunesse) Mon voyage \u00e0\u2026","rel":"","context":"Dans &quot;Mini blogueur&quot;","block_context":{"text":"Mini blogueur","link":"https:\/\/www.jojoenherbe.com\/index.php\/category\/mini-blogueur\/"},"img":{"alt_text":"","src":"https:\/\/i0.wp.com\/www.jojoenherbe.com\/wp-content\/uploads\/2024\/03\/Point-lecture-hebdo-2024-10-scaled.jpg?fit=1200%2C669&ssl=1&resize=350%2C200","width":350,"height":200,"srcset":"https:\/\/i0.wp.com\/www.jojoenherbe.com\/wp-content\/uploads\/2024\/03\/Point-lecture-hebdo-2024-10-scaled.jpg?fit=1200%2C669&ssl=1&resize=350%2C200 1x, https:\/\/i0.wp.com\/www.jojoenherbe.com\/wp-content\/uploads\/2024\/03\/Point-lecture-hebdo-2024-10-scaled.jpg?fit=1200%2C669&ssl=1&resize=525%2C300 1.5x, https:\/\/i0.wp.com\/www.jojoenherbe.com\/wp-content\/uploads\/2024\/03\/Point-lecture-hebdo-2024-10-scaled.jpg?fit=1200%2C669&ssl=1&resize=700%2C400 2x, https:\/\/i0.wp.com\/www.jojoenherbe.com\/wp-content\/uploads\/2024\/03\/Point-lecture-hebdo-2024-10-scaled.jpg?fit=1200%2C669&ssl=1&resize=1050%2C600 3x"},"classes":[]},{"id":33622,"url":"https:\/\/www.jojoenherbe.com\/index.php\/2023\/12\/18\/point-lecture-hebdomadaire-2023-50\/","url_meta":{"origin":34296,"position":4},"title":"Point lecture hebdomadaire 2023 #50","author":"Jojo","date":"18 d\u00e9cembre 2023","format":false,"excerpt":"En ce d\u00e9but de semaine, voici notre point lecture hebdomadaire avec un retour sur nos lectures de la semaine derni\u00e8re (mais pas nos relectures), la plupart de No\u00ebl. Nos lectures du 11 au 17 d\u00e9cembre 2023: Des lectures jeunesse: Nous avons lu les chapitres 11 \u00e0 17 de nos deux\u2026","rel":"","context":"Dans &quot;Mini blogueur&quot;","block_context":{"text":"Mini blogueur","link":"https:\/\/www.jojoenherbe.com\/index.php\/category\/mini-blogueur\/"},"img":{"alt_text":"","src":"https:\/\/i0.wp.com\/www.jojoenherbe.com\/wp-content\/uploads\/2023\/12\/Point-lecture-hebdomadaire-2023-50-scaled.jpg?fit=1200%2C1045&ssl=1&resize=350%2C200","width":350,"height":200,"srcset":"https:\/\/i0.wp.com\/www.jojoenherbe.com\/wp-content\/uploads\/2023\/12\/Point-lecture-hebdomadaire-2023-50-scaled.jpg?fit=1200%2C1045&ssl=1&resize=350%2C200 1x, https:\/\/i0.wp.com\/www.jojoenherbe.com\/wp-content\/uploads\/2023\/12\/Point-lecture-hebdomadaire-2023-50-scaled.jpg?fit=1200%2C1045&ssl=1&resize=525%2C300 1.5x, https:\/\/i0.wp.com\/www.jojoenherbe.com\/wp-content\/uploads\/2023\/12\/Point-lecture-hebdomadaire-2023-50-scaled.jpg?fit=1200%2C1045&ssl=1&resize=700%2C400 2x, https:\/\/i0.wp.com\/www.jojoenherbe.com\/wp-content\/uploads\/2023\/12\/Point-lecture-hebdomadaire-2023-50-scaled.jpg?fit=1200%2C1045&ssl=1&resize=1050%2C600 3x"},"classes":[]},{"id":36513,"url":"https:\/\/www.jojoenherbe.com\/index.php\/2024\/06\/24\/point-lecture-hebdomadaire-2024-25\/","url_meta":{"origin":34296,"position":5},"title":"Point lecture hebdomadaire 2024 #25","author":"Jojo","date":"24 juin 2024","format":false,"excerpt":"En ce d\u00e9but de semaine, voici mon point lecture hebdomadaire avec un retour sur nos lectures (mais pas nos relectures) de la semaine derni\u00e8re avec moins de lecture que d'habitude en raison d'\u00e9v\u00e9nements festifs comme la f\u00eate de la musique ou de visionnage de s\u00e9ries. Nos lectures du 17 au\u2026","rel":"","context":"Dans &quot;Mini blogueur&quot;","block_context":{"text":"Mini blogueur","link":"https:\/\/www.jojoenherbe.com\/index.php\/category\/mini-blogueur\/"},"img":{"alt_text":"","src":"https:\/\/i0.wp.com\/www.jojoenherbe.com\/wp-content\/uploads\/2024\/06\/Charlock-T7-et-Mortelle-Adele-T21-150x150.jpg?resize=350%2C200","width":350,"height":200},"classes":[]}],"_links":{"self":[{"href":"https:\/\/www.jojoenherbe.com\/index.php\/wp-json\/wp\/v2\/posts\/34296","targetHints":{"allow":["GET"]}}],"collection":[{"href":"https:\/\/www.jojoenherbe.com\/index.php\/wp-json\/wp\/v2\/posts"}],"about":[{"href":"https:\/\/www.jojoenherbe.com\/index.php\/wp-json\/wp\/v2\/types\/post"}],"author":[{"embeddable":true,"href":"https:\/\/www.jojoenherbe.com\/index.php\/wp-json\/wp\/v2\/users\/1"}],"replies":[{"embeddable":true,"href":"https:\/\/www.jojoenherbe.com\/index.php\/wp-json\/wp\/v2\/comments?post=34296"}],"version-history":[{"count":10,"href":"https:\/\/www.jojoenherbe.com\/index.php\/wp-json\/wp\/v2\/posts\/34296\/revisions"}],"predecessor-version":[{"id":34355,"href":"https:\/\/www.jojoenherbe.com\/index.php\/wp-json\/wp\/v2\/posts\/34296\/revisions\/34355"}],"wp:featuredmedia":[{"embeddable":true,"href":"https:\/\/www.jojoenherbe.com\/index.php\/wp-json\/wp\/v2\/media\/34353"}],"wp:attachment":[{"href":"https:\/\/www.jojoenherbe.com\/index.php\/wp-json\/wp\/v2\/media?parent=34296"}],"wp:term":[{"taxonomy":"category","embeddable":true,"href":"https:\/\/www.jojoenherbe.com\/index.php\/wp-json\/wp\/v2\/categories?post=34296"},{"taxonomy":"post_tag","embeddable":true,"href":"https:\/\/www.jojoenherbe.com\/index.php\/wp-json\/wp\/v2\/tags?post=34296"}],"curies":[{"name":"wp","href":"https:\/\/api.w.org\/{rel}","templated":true}]}}