{"id":34283,"date":"2024-01-14T18:10:06","date_gmt":"2024-01-14T17:10:06","guid":{"rendered":"http:\/\/www.jojoenherbe.com\/?p=34283"},"modified":"2024-01-15T18:10:04","modified_gmt":"2024-01-15T17:10:04","slug":"au-fil-des-pages-avec-le-tome-5-des-soeurs-gremillet","status":"publish","type":"post","link":"https:\/\/www.jojoenherbe.com\/index.php\/2024\/01\/14\/au-fil-des-pages-avec-le-tome-5-des-soeurs-gremillet\/","title":{"rendered":"Au fil des pages avec le tome 5 des S\u0153urs Gr\u00e9millet"},"content":{"rendered":"<p style=\"text-align: justify;\"><em><a href=\"https:\/\/i0.wp.com\/www.jojoenherbe.com\/wp-content\/uploads\/2024\/01\/Les-Soeurs-Gremillet-T5-2-scaled.jpg\"><img data-recalc-dims=\"1\" loading=\"lazy\" decoding=\"async\" data-attachment-id=\"34286\" data-permalink=\"https:\/\/www.jojoenherbe.com\/index.php\/2024\/01\/14\/au-fil-des-pages-avec-le-tome-5-des-soeurs-gremillet\/les-soeurs-gremillet-t5-2\/\" data-orig-file=\"https:\/\/i0.wp.com\/www.jojoenherbe.com\/wp-content\/uploads\/2024\/01\/Les-Soeurs-Gremillet-T5-2-scaled.jpg?fit=2560%2C1920&amp;ssl=1\" data-orig-size=\"2560,1920\" data-comments-opened=\"1\" data-image-meta=\"{&quot;aperture&quot;:&quot;1.8&quot;,&quot;credit&quot;:&quot;&quot;,&quot;camera&quot;:&quot;iPhone 7&quot;,&quot;caption&quot;:&quot;&quot;,&quot;created_timestamp&quot;:&quot;1705232289&quot;,&quot;copyright&quot;:&quot;&quot;,&quot;focal_length&quot;:&quot;3.99&quot;,&quot;iso&quot;:&quot;64&quot;,&quot;shutter_speed&quot;:&quot;0.058823529411765&quot;,&quot;title&quot;:&quot;&quot;,&quot;orientation&quot;:&quot;1&quot;}\" data-image-title=\"Les Soeurs Gr\u00e9millet T5 (2)\" data-image-description=\"\" data-image-caption=\"\" data-large-file=\"https:\/\/i0.wp.com\/www.jojoenherbe.com\/wp-content\/uploads\/2024\/01\/Les-Soeurs-Gremillet-T5-2-scaled.jpg?fit=676%2C507&amp;ssl=1\" class=\"alignleft size-thumbnail wp-image-34286\" src=\"https:\/\/i0.wp.com\/www.jojoenherbe.com\/wp-content\/uploads\/2024\/01\/Les-Soeurs-Gremillet-T5-2.jpg?resize=150%2C150\" alt=\"\" width=\"150\" height=\"150\" srcset=\"https:\/\/i0.wp.com\/www.jojoenherbe.com\/wp-content\/uploads\/2024\/01\/Les-Soeurs-Gremillet-T5-2-scaled.jpg?resize=150%2C150&amp;ssl=1 150w, https:\/\/i0.wp.com\/www.jojoenherbe.com\/wp-content\/uploads\/2024\/01\/Les-Soeurs-Gremillet-T5-2-scaled.jpg?zoom=2&amp;resize=150%2C150 300w, https:\/\/i0.wp.com\/www.jojoenherbe.com\/wp-content\/uploads\/2024\/01\/Les-Soeurs-Gremillet-T5-2-scaled.jpg?zoom=3&amp;resize=150%2C150 450w\" sizes=\"auto, (max-width: 150px) 100vw, 150px\" \/><\/a> <a href=\"https:\/\/i0.wp.com\/www.jojoenherbe.com\/wp-content\/uploads\/2024\/01\/Les-Soeurs-Gremillet-T5-5-scaled.jpg\"><img data-recalc-dims=\"1\" loading=\"lazy\" decoding=\"async\" data-attachment-id=\"34289\" data-permalink=\"https:\/\/www.jojoenherbe.com\/index.php\/2024\/01\/14\/au-fil-des-pages-avec-le-tome-5-des-soeurs-gremillet\/les-soeurs-gremillet-t5-5\/\" data-orig-file=\"https:\/\/i0.wp.com\/www.jojoenherbe.com\/wp-content\/uploads\/2024\/01\/Les-Soeurs-Gremillet-T5-5-scaled.jpg?fit=2560%2C1405&amp;ssl=1\" data-orig-size=\"2560,1405\" data-comments-opened=\"1\" data-image-meta=\"{&quot;aperture&quot;:&quot;1.8&quot;,&quot;credit&quot;:&quot;&quot;,&quot;camera&quot;:&quot;iPhone 7&quot;,&quot;caption&quot;:&quot;&quot;,&quot;created_timestamp&quot;:&quot;1705233069&quot;,&quot;copyright&quot;:&quot;&quot;,&quot;focal_length&quot;:&quot;3.99&quot;,&quot;iso&quot;:&quot;40&quot;,&quot;shutter_speed&quot;:&quot;0.04&quot;,&quot;title&quot;:&quot;&quot;,&quot;orientation&quot;:&quot;1&quot;}\" data-image-title=\"Les Soeurs Gr\u00e9millet T5 (5)\" data-image-description=\"\" data-image-caption=\"\" data-large-file=\"https:\/\/i0.wp.com\/www.jojoenherbe.com\/wp-content\/uploads\/2024\/01\/Les-Soeurs-Gremillet-T5-5-scaled.jpg?fit=676%2C371&amp;ssl=1\" class=\"alignleft size-thumbnail wp-image-34289\" src=\"https:\/\/i0.wp.com\/www.jojoenherbe.com\/wp-content\/uploads\/2024\/01\/Les-Soeurs-Gremillet-T5-5.jpg?resize=150%2C150\" alt=\"\" width=\"150\" height=\"150\" srcset=\"https:\/\/i0.wp.com\/www.jojoenherbe.com\/wp-content\/uploads\/2024\/01\/Les-Soeurs-Gremillet-T5-5-scaled.jpg?resize=150%2C150&amp;ssl=1 150w, https:\/\/i0.wp.com\/www.jojoenherbe.com\/wp-content\/uploads\/2024\/01\/Les-Soeurs-Gremillet-T5-5-scaled.jpg?zoom=2&amp;resize=150%2C150 300w, https:\/\/i0.wp.com\/www.jojoenherbe.com\/wp-content\/uploads\/2024\/01\/Les-Soeurs-Gremillet-T5-5-scaled.jpg?zoom=3&amp;resize=150%2C150 450w\" sizes=\"auto, (max-width: 150px) 100vw, 150px\" \/><\/a>Pendant le <a href=\"http:\/\/www.jojoenherbe.com\/index.php\/2024\/01\/05\/rat-post-noel-2023\/\">RAT post-No\u00ebl<\/a>, j&rsquo;ai lu le tome 5 des S\u0153urs Gr\u00e9millet, <span style=\"text-decoration: underline;\">Les trois souhaits<\/span> de Giovanni Di Gregorio et Alessandro Barbucci (\u00e9d. Dupuis, novembre 2023, 48 pages), une BD jeunesse \u00e0 partir de 9 ans. \u00c0 l&rsquo;approche de No\u00ebl, les trois s\u0153urs &#8211; Sarah, Cassiop\u00e9e et Lucille &#8211; pensent avoir tout bien pr\u00e9par\u00e9 pour le repas du r\u00e9veillon. Mais alors qu&rsquo;elles finissent les derniers pr\u00e9paratifs, elles se rendent compte qu&rsquo;elles ont oubli\u00e9 de s&rsquo;offrir des cadeaux entre elles. Un \u00e9trange P\u00e8re No\u00ebl leur offre alors \u00e0 chacune une allumette magique permettant d&rsquo;exaucer un v\u0153u. Que finiront-elles par choisir? Se faire plaisir ou faire plaisir aux autres?<\/em><\/p>\n<p style=\"text-align: justify;\"><em><a href=\"https:\/\/i0.wp.com\/www.jojoenherbe.com\/wp-content\/uploads\/2024\/01\/Les-Soeurs-Gremillet-T5-6-scaled.jpg\"><img data-recalc-dims=\"1\" loading=\"lazy\" decoding=\"async\" data-attachment-id=\"34290\" data-permalink=\"https:\/\/www.jojoenherbe.com\/index.php\/2024\/01\/14\/au-fil-des-pages-avec-le-tome-5-des-soeurs-gremillet\/les-soeurs-gremillet-t5-6\/\" data-orig-file=\"https:\/\/i0.wp.com\/www.jojoenherbe.com\/wp-content\/uploads\/2024\/01\/Les-Soeurs-Gremillet-T5-6-scaled.jpg?fit=2560%2C1351&amp;ssl=1\" data-orig-size=\"2560,1351\" data-comments-opened=\"1\" data-image-meta=\"{&quot;aperture&quot;:&quot;1.8&quot;,&quot;credit&quot;:&quot;&quot;,&quot;camera&quot;:&quot;iPhone 7&quot;,&quot;caption&quot;:&quot;&quot;,&quot;created_timestamp&quot;:&quot;1705233128&quot;,&quot;copyright&quot;:&quot;&quot;,&quot;focal_length&quot;:&quot;3.99&quot;,&quot;iso&quot;:&quot;40&quot;,&quot;shutter_speed&quot;:&quot;0.03030303030303&quot;,&quot;title&quot;:&quot;&quot;,&quot;orientation&quot;:&quot;1&quot;}\" data-image-title=\"Les Soeurs Gr\u00e9millet T5 (6)\" data-image-description=\"\" data-image-caption=\"\" data-large-file=\"https:\/\/i0.wp.com\/www.jojoenherbe.com\/wp-content\/uploads\/2024\/01\/Les-Soeurs-Gremillet-T5-6-scaled.jpg?fit=676%2C356&amp;ssl=1\" class=\"size-thumbnail wp-image-34290 alignright\" src=\"https:\/\/i0.wp.com\/www.jojoenherbe.com\/wp-content\/uploads\/2024\/01\/Les-Soeurs-Gremillet-T5-6.jpg?resize=150%2C150\" alt=\"\" width=\"150\" height=\"150\" srcset=\"https:\/\/i0.wp.com\/www.jojoenherbe.com\/wp-content\/uploads\/2024\/01\/Les-Soeurs-Gremillet-T5-6-scaled.jpg?resize=150%2C150&amp;ssl=1 150w, https:\/\/i0.wp.com\/www.jojoenherbe.com\/wp-content\/uploads\/2024\/01\/Les-Soeurs-Gremillet-T5-6-scaled.jpg?zoom=2&amp;resize=150%2C150 300w, https:\/\/i0.wp.com\/www.jojoenherbe.com\/wp-content\/uploads\/2024\/01\/Les-Soeurs-Gremillet-T5-6-scaled.jpg?zoom=3&amp;resize=150%2C150 450w\" sizes=\"auto, (max-width: 150px) 100vw, 150px\" \/><\/a> <a href=\"https:\/\/i0.wp.com\/www.jojoenherbe.com\/wp-content\/uploads\/2024\/01\/Les-Soeurs-Gremillet-T5-3-scaled.jpg\"><img data-recalc-dims=\"1\" loading=\"lazy\" decoding=\"async\" data-attachment-id=\"34287\" data-permalink=\"https:\/\/www.jojoenherbe.com\/index.php\/2024\/01\/14\/au-fil-des-pages-avec-le-tome-5-des-soeurs-gremillet\/les-soeurs-gremillet-t5-3\/\" data-orig-file=\"https:\/\/i0.wp.com\/www.jojoenherbe.com\/wp-content\/uploads\/2024\/01\/Les-Soeurs-Gremillet-T5-3-scaled.jpg?fit=2560%2C1804&amp;ssl=1\" data-orig-size=\"2560,1804\" data-comments-opened=\"1\" data-image-meta=\"{&quot;aperture&quot;:&quot;1.8&quot;,&quot;credit&quot;:&quot;&quot;,&quot;camera&quot;:&quot;iPhone 7&quot;,&quot;caption&quot;:&quot;&quot;,&quot;created_timestamp&quot;:&quot;1705232359&quot;,&quot;copyright&quot;:&quot;&quot;,&quot;focal_length&quot;:&quot;3.99&quot;,&quot;iso&quot;:&quot;64&quot;,&quot;shutter_speed&quot;:&quot;0.058823529411765&quot;,&quot;title&quot;:&quot;&quot;,&quot;orientation&quot;:&quot;1&quot;}\" data-image-title=\"Les Soeurs Gr\u00e9millet T5 (3)\" data-image-description=\"\" data-image-caption=\"\" data-large-file=\"https:\/\/i0.wp.com\/www.jojoenherbe.com\/wp-content\/uploads\/2024\/01\/Les-Soeurs-Gremillet-T5-3-scaled.jpg?fit=676%2C477&amp;ssl=1\" class=\"size-thumbnail wp-image-34287 alignright\" src=\"https:\/\/i0.wp.com\/www.jojoenherbe.com\/wp-content\/uploads\/2024\/01\/Les-Soeurs-Gremillet-T5-3.jpg?resize=150%2C150\" alt=\"\" width=\"150\" height=\"150\" srcset=\"https:\/\/i0.wp.com\/www.jojoenherbe.com\/wp-content\/uploads\/2024\/01\/Les-Soeurs-Gremillet-T5-3-scaled.jpg?resize=150%2C150&amp;ssl=1 150w, https:\/\/i0.wp.com\/www.jojoenherbe.com\/wp-content\/uploads\/2024\/01\/Les-Soeurs-Gremillet-T5-3-scaled.jpg?zoom=2&amp;resize=150%2C150 300w, https:\/\/i0.wp.com\/www.jojoenherbe.com\/wp-content\/uploads\/2024\/01\/Les-Soeurs-Gremillet-T5-3-scaled.jpg?zoom=3&amp;resize=150%2C150 450w\" sizes=\"auto, (max-width: 150px) 100vw, 150px\" \/><\/a>On retrouve le trio attachant de s\u0153urs avec leurs lots de chamailleries et de r\u00e9conciliations dans un esprit de No\u00ebl. Il est bien difficile pour chaque s\u0153ur aux caract\u00e8res et centres d\u2019int\u00e9r\u00eat si diff\u00e9rents de savoir ce qui pourrait plaire \u00e0 l&rsquo;autre. Sarah, en tant que grand s\u0153ur est toujours aussi rationnelle et directive tout en appr\u00e9ciant prendre des photos. Cassiop\u00e9e est toujours aussi r\u00eaveuse et amoureuse, son plus grand souhait \u00e9tant de voir une licorne. Lucille, quant \u00e0 elle, s&rsquo;inqui\u00e8te pour son chat malade. Il y est ainsi question de fratrie, de sororit\u00e9, d&rsquo;entraide et d&rsquo;esprit de No\u00ebl avec un soup\u00e7on de magie (du c\u0153ur)! <\/em><\/p>\n<p style=\"text-align: justify;\"><em><a href=\"https:\/\/i0.wp.com\/www.jojoenherbe.com\/wp-content\/uploads\/2024\/01\/Les-Soeurs-Gremillet-T5-4-scaled.jpg\"><img data-recalc-dims=\"1\" loading=\"lazy\" decoding=\"async\" data-attachment-id=\"34288\" data-permalink=\"https:\/\/www.jojoenherbe.com\/index.php\/2024\/01\/14\/au-fil-des-pages-avec-le-tome-5-des-soeurs-gremillet\/les-soeurs-gremillet-t5-4\/\" data-orig-file=\"https:\/\/i0.wp.com\/www.jojoenherbe.com\/wp-content\/uploads\/2024\/01\/Les-Soeurs-Gremillet-T5-4-scaled.jpg?fit=2560%2C1920&amp;ssl=1\" data-orig-size=\"2560,1920\" data-comments-opened=\"1\" data-image-meta=\"{&quot;aperture&quot;:&quot;1.8&quot;,&quot;credit&quot;:&quot;&quot;,&quot;camera&quot;:&quot;iPhone 7&quot;,&quot;caption&quot;:&quot;&quot;,&quot;created_timestamp&quot;:&quot;1705232401&quot;,&quot;copyright&quot;:&quot;&quot;,&quot;focal_length&quot;:&quot;3.99&quot;,&quot;iso&quot;:&quot;80&quot;,&quot;shutter_speed&quot;:&quot;0.058823529411765&quot;,&quot;title&quot;:&quot;&quot;,&quot;orientation&quot;:&quot;1&quot;}\" data-image-title=\"Les Soeurs Gr\u00e9millet T5 (4)\" data-image-description=\"\" data-image-caption=\"\" data-large-file=\"https:\/\/i0.wp.com\/www.jojoenherbe.com\/wp-content\/uploads\/2024\/01\/Les-Soeurs-Gremillet-T5-4-scaled.jpg?fit=676%2C507&amp;ssl=1\" class=\"alignleft size-thumbnail wp-image-34288\" src=\"https:\/\/i0.wp.com\/www.jojoenherbe.com\/wp-content\/uploads\/2024\/01\/Les-Soeurs-Gremillet-T5-4.jpg?resize=150%2C150\" alt=\"\" width=\"150\" height=\"150\" srcset=\"https:\/\/i0.wp.com\/www.jojoenherbe.com\/wp-content\/uploads\/2024\/01\/Les-Soeurs-Gremillet-T5-4-scaled.jpg?resize=150%2C150&amp;ssl=1 150w, https:\/\/i0.wp.com\/www.jojoenherbe.com\/wp-content\/uploads\/2024\/01\/Les-Soeurs-Gremillet-T5-4-scaled.jpg?zoom=2&amp;resize=150%2C150 300w, https:\/\/i0.wp.com\/www.jojoenherbe.com\/wp-content\/uploads\/2024\/01\/Les-Soeurs-Gremillet-T5-4-scaled.jpg?zoom=3&amp;resize=150%2C150 450w\" sizes=\"auto, (max-width: 150px) 100vw, 150px\" \/><\/a>\u00a0Graphiquement, l&rsquo;ambiance de No\u00ebl est tr\u00e8s bien retranscrite. On suit avec plaisir cette enqu\u00eate des trois s\u0153urs et leur recherche du cadeau parfait, ce qui entra\u00eene tout un tas de questionnements sur ce qu&rsquo;il doit \u00eatre. Un bon moment de lecture tout plein de bons sentiments et de bienveillance avec cette BD jeunesse toujours aussi joliment dessin\u00e9e. Sans oublier des passages gourmands avec cette fois, non plus le nougat de la grand-m\u00e8re mais les profiteroles de Cassiop\u00e9e ou bien encore des cookies avec un verre de lait.<\/em><\/p>\n<p style=\"text-align: justify;\"><em>Pour d&rsquo;autres avis sur ce tome 5: <a href=\"https:\/\/mapetitemediatheque.fr\/2024\/01\/petit-panier-de-lecture-de-noel\/\">Bidib<\/a> et Chicky Poo.<\/em><\/p>\n<div id=\"attachment_32978\" style=\"width: 97px\" class=\"wp-caption alignleft\"><img data-recalc-dims=\"1\" loading=\"lazy\" decoding=\"async\" aria-describedby=\"caption-attachment-32978\" data-attachment-id=\"32978\" data-permalink=\"https:\/\/www.jojoenherbe.com\/index.php\/2023\/11\/10\/billet-de-suivi-il-etait-11-fois-noel\/il-etait-11-fois-noel-logo-4\/\" data-orig-file=\"https:\/\/i0.wp.com\/www.jojoenherbe.com\/wp-content\/uploads\/2023\/11\/Il-etait-11-fois-Noel-logo-4.jpg?fit=768%2C768&amp;ssl=1\" data-orig-size=\"768,768\" data-comments-opened=\"1\" data-image-meta=\"{&quot;aperture&quot;:&quot;0&quot;,&quot;credit&quot;:&quot;&quot;,&quot;camera&quot;:&quot;&quot;,&quot;caption&quot;:&quot;&quot;,&quot;created_timestamp&quot;:&quot;1699026306&quot;,&quot;copyright&quot;:&quot;&quot;,&quot;focal_length&quot;:&quot;0&quot;,&quot;iso&quot;:&quot;0&quot;,&quot;shutter_speed&quot;:&quot;0&quot;,&quot;title&quot;:&quot;&quot;,&quot;orientation&quot;:&quot;0&quot;}\" data-image-title=\"Il \u00e9tait 11 fois No\u00ebl &amp;#8211; logo 4\" data-image-description=\"\" data-image-caption=\"\" data-large-file=\"https:\/\/i0.wp.com\/www.jojoenherbe.com\/wp-content\/uploads\/2023\/11\/Il-etait-11-fois-Noel-logo-4.jpg?fit=676%2C676&amp;ssl=1\" class=\"wp-image-32978\" src=\"https:\/\/i0.wp.com\/www.jojoenherbe.com\/wp-content\/uploads\/2023\/11\/Il-etait-11-fois-Noel-logo-4.jpg?resize=87%2C87\" alt=\"\" width=\"87\" height=\"87\" srcset=\"https:\/\/i0.wp.com\/www.jojoenherbe.com\/wp-content\/uploads\/2023\/11\/Il-etait-11-fois-Noel-logo-4.jpg?w=768&amp;ssl=1 768w, https:\/\/i0.wp.com\/www.jojoenherbe.com\/wp-content\/uploads\/2023\/11\/Il-etait-11-fois-Noel-logo-4.jpg?resize=300%2C300&amp;ssl=1 300w, https:\/\/i0.wp.com\/www.jojoenherbe.com\/wp-content\/uploads\/2023\/11\/Il-etait-11-fois-Noel-logo-4.jpg?resize=150%2C150&amp;ssl=1 150w, https:\/\/i0.wp.com\/www.jojoenherbe.com\/wp-content\/uploads\/2023\/11\/Il-etait-11-fois-Noel-logo-4.jpg?resize=676%2C676&amp;ssl=1 676w\" sizes=\"auto, (max-width: 87px) 100vw, 87px\" \/><p id=\"caption-attachment-32978\" class=\"wp-caption-text\">Participation #23 Challenge Il \u00e9tait 11 fois No\u00ebl de <em><a href=\"https:\/\/www.laplanquealibellules.fr\/2023\/11\/il-etait-onze-fois-noel.html\/\">Chicky Poo<\/a> et <a href=\"http:\/\/viedecontedefee.blogspot.com\/2023\/11\/1744-its-time-il-etait-onze-fois-noel.html\">Samarian<\/a><\/em> #BD de No\u00ebl<\/p><\/div>\n<div id=\"attachment_33087\" style=\"width: 114px\" class=\"wp-caption alignleft\"><img data-recalc-dims=\"1\" loading=\"lazy\" decoding=\"async\" aria-describedby=\"caption-attachment-33087\" data-attachment-id=\"33087\" data-permalink=\"https:\/\/www.jojoenherbe.com\/index.php\/2023\/01\/06\/mes-challenges-livresques-2023\/challenge-christmas-time-2023-logo-2\/\" data-orig-file=\"https:\/\/i0.wp.com\/www.jojoenherbe.com\/wp-content\/uploads\/2023\/01\/Challenge-Christmas-Time-2023-logo-2.jpg?fit=564%2C410&amp;ssl=1\" data-orig-size=\"564,410\" data-comments-opened=\"1\" data-image-meta=\"{&quot;aperture&quot;:&quot;0&quot;,&quot;credit&quot;:&quot;&quot;,&quot;camera&quot;:&quot;&quot;,&quot;caption&quot;:&quot;&quot;,&quot;created_timestamp&quot;:&quot;1700400496&quot;,&quot;copyright&quot;:&quot;&quot;,&quot;focal_length&quot;:&quot;0&quot;,&quot;iso&quot;:&quot;0&quot;,&quot;shutter_speed&quot;:&quot;0&quot;,&quot;title&quot;:&quot;&quot;,&quot;orientation&quot;:&quot;0&quot;}\" data-image-title=\"Challenge Christmas Time 2023 &amp;#8211; logo 2\" data-image-description=\"\" data-image-caption=\"&lt;p&gt;Participation # Challenge Christmas Time 2023 de MyaRosa #Illuminations&lt;\/p&gt;\n\" data-large-file=\"https:\/\/i0.wp.com\/www.jojoenherbe.com\/wp-content\/uploads\/2023\/01\/Challenge-Christmas-Time-2023-logo-2.jpg?fit=564%2C410&amp;ssl=1\" class=\"wp-image-33087\" src=\"https:\/\/i0.wp.com\/www.jojoenherbe.com\/wp-content\/uploads\/2023\/01\/Challenge-Christmas-Time-2023-logo-2.jpg?resize=104%2C76\" alt=\"\" width=\"104\" height=\"76\" srcset=\"https:\/\/i0.wp.com\/www.jojoenherbe.com\/wp-content\/uploads\/2023\/01\/Challenge-Christmas-Time-2023-logo-2.jpg?w=564&amp;ssl=1 564w, https:\/\/i0.wp.com\/www.jojoenherbe.com\/wp-content\/uploads\/2023\/01\/Challenge-Christmas-Time-2023-logo-2.jpg?resize=300%2C218&amp;ssl=1 300w\" sizes=\"auto, (max-width: 104px) 100vw, 104px\" \/><p id=\"caption-attachment-33087\" class=\"wp-caption-text\">Participation #21 Challenge Christmas Time 2023 de <em><a href=\"http:\/\/mya-books.over-blog.com\/2023\/11\/challenge-christmas-time-2023.html\">MyaRosa<\/a><\/em> #BD de No\u00ebl<\/p><\/div>\n<div id=\"attachment_33586\" style=\"width: 119px\" class=\"wp-caption alignleft\"><img data-recalc-dims=\"1\" loading=\"lazy\" decoding=\"async\" aria-describedby=\"caption-attachment-33586\" data-attachment-id=\"33586\" data-permalink=\"https:\/\/www.jojoenherbe.com\/index.php\/2024\/03\/12\/billet-de-suivi-challenge-petit-bac-2024\/challenge-petit-bac-2024\/\" data-orig-file=\"https:\/\/i0.wp.com\/www.jojoenherbe.com\/wp-content\/uploads\/2023\/12\/Challenge-Petit-Bac-2024.jpg?fit=285%2C217&amp;ssl=1\" data-orig-size=\"285,217\" data-comments-opened=\"1\" data-image-meta=\"{&quot;aperture&quot;:&quot;0&quot;,&quot;credit&quot;:&quot;&quot;,&quot;camera&quot;:&quot;&quot;,&quot;caption&quot;:&quot;&quot;,&quot;created_timestamp&quot;:&quot;1702656450&quot;,&quot;copyright&quot;:&quot;&quot;,&quot;focal_length&quot;:&quot;0&quot;,&quot;iso&quot;:&quot;0&quot;,&quot;shutter_speed&quot;:&quot;0&quot;,&quot;title&quot;:&quot;&quot;,&quot;orientation&quot;:&quot;0&quot;}\" data-image-title=\"Challenge Petit Bac 2024\" data-image-description=\"\" data-image-caption=\"\" data-large-file=\"https:\/\/i0.wp.com\/www.jojoenherbe.com\/wp-content\/uploads\/2023\/12\/Challenge-Petit-Bac-2024.jpg?fit=285%2C217&amp;ssl=1\" class=\"wp-image-33586\" src=\"https:\/\/i0.wp.com\/www.jojoenherbe.com\/wp-content\/uploads\/2023\/12\/Challenge-Petit-Bac-2024.jpg?resize=109%2C83\" alt=\"\" width=\"109\" height=\"83\" \/><p id=\"caption-attachment-33586\" class=\"wp-caption-text\">Challenge Petit Bac d\u2019<a href=\"https:\/\/ennalit.wordpress.com\/2023\/12\/01\/challenge-petit-bac-2024-qui-veut-jouer\/\">Enna<\/a> #1 Cat\u00e9gorie Chiffre\/Nombre: \u00ab Trois \u00bb<\/p><\/div>\n<div id=\"attachment_19954\" style=\"width: 104px\" class=\"wp-caption alignleft\"><img loading=\"lazy\" decoding=\"async\" aria-describedby=\"caption-attachment-19954\" class=\"wp-image-19954\" src=\"https:\/\/i0.wp.com\/mapetitemediatheque.fr\/wp-content\/uploads\/2021\/11\/Inkedle-tour-du-monde-en-80-livres-2_LI.jpg?resize=116%2C87&amp;ssl=1\" sizes=\"auto, (max-width: 500px) 100vw, 500px\" srcset=\"https:\/\/i0.wp.com\/mapetitemediatheque.fr\/wp-content\/uploads\/2021\/11\/Inkedle-tour-du-monde-en-80-livres-2_LI.jpg?resize=116%2C87&amp;ssl=1 500w, https:\/\/mapetitemediatheque.fr\/wp-content\/uploads\/2021\/11\/Inkedle-tour-du-monde-en-80-livres-2_LI-300x226.jpg 300w, https:\/\/mapetitemediatheque.fr\/wp-content\/uploads\/2021\/11\/Inkedle-tour-du-monde-en-80-livres-2_LI-120x90.jpg 120w\" alt=\"\" width=\"94\" height=\"70\" aria-describedby=\"caption-attachment-19954\" \/><p id=\"caption-attachment-19954\" class=\"wp-caption-text\">Participation #3 (Parcours illustr\u00e9) Challenge Le tour du monde en 80 livres 2024 de <em><a href=\"https:\/\/mapetitemediatheque.fr\/2023\/12\/le-tour-du-monde-en-80-livres-embarquez-pour-2024\/\">Bidib<\/a><\/em> #Italie<\/p><\/div>\n<div id=\"attachment_34172\" style=\"width: 116px\" class=\"wp-caption alignleft\"><img data-recalc-dims=\"1\" loading=\"lazy\" decoding=\"async\" aria-describedby=\"caption-attachment-34172\" data-attachment-id=\"34172\" data-permalink=\"https:\/\/www.jojoenherbe.com\/index.php\/2024\/01\/02\/mes-challenges-livresques-2024\/challenge-des-livres-et-des-ecrans-en-cuisine-2024-logo\/\" data-orig-file=\"https:\/\/i0.wp.com\/www.jojoenherbe.com\/wp-content\/uploads\/2024\/01\/Challenge-Des-livres-et-des-ecrans-en-cuisine-2024-logo.png?fit=1004%2C641&amp;ssl=1\" data-orig-size=\"1004,641\" data-comments-opened=\"1\" data-image-meta=\"{&quot;aperture&quot;:&quot;0&quot;,&quot;credit&quot;:&quot;&quot;,&quot;camera&quot;:&quot;&quot;,&quot;caption&quot;:&quot;&quot;,&quot;created_timestamp&quot;:&quot;0&quot;,&quot;copyright&quot;:&quot;&quot;,&quot;focal_length&quot;:&quot;0&quot;,&quot;iso&quot;:&quot;0&quot;,&quot;shutter_speed&quot;:&quot;0&quot;,&quot;title&quot;:&quot;&quot;,&quot;orientation&quot;:&quot;0&quot;}\" data-image-title=\"Challenge Des livres (et des \u00e9crans) en cuisine 2024 &amp;#8211; logo\" data-image-description=\"\" data-image-caption=\"\" data-large-file=\"https:\/\/i0.wp.com\/www.jojoenherbe.com\/wp-content\/uploads\/2024\/01\/Challenge-Des-livres-et-des-ecrans-en-cuisine-2024-logo.png?fit=676%2C432&amp;ssl=1\" class=\"wp-image-34172\" src=\"https:\/\/i0.wp.com\/www.jojoenherbe.com\/wp-content\/uploads\/2024\/01\/Challenge-Des-livres-et-des-ecrans-en-cuisine-2024-logo.png?resize=106%2C68\" alt=\"\" width=\"106\" height=\"68\" srcset=\"https:\/\/i0.wp.com\/www.jojoenherbe.com\/wp-content\/uploads\/2024\/01\/Challenge-Des-livres-et-des-ecrans-en-cuisine-2024-logo.png?w=1004&amp;ssl=1 1004w, https:\/\/i0.wp.com\/www.jojoenherbe.com\/wp-content\/uploads\/2024\/01\/Challenge-Des-livres-et-des-ecrans-en-cuisine-2024-logo.png?resize=300%2C192&amp;ssl=1 300w, https:\/\/i0.wp.com\/www.jojoenherbe.com\/wp-content\/uploads\/2024\/01\/Challenge-Des-livres-et-des-ecrans-en-cuisine-2024-logo.png?resize=768%2C490&amp;ssl=1 768w, https:\/\/i0.wp.com\/www.jojoenherbe.com\/wp-content\/uploads\/2024\/01\/Challenge-Des-livres-et-des-ecrans-en-cuisine-2024-logo.png?resize=676%2C432&amp;ssl=1 676w\" sizes=\"auto, (max-width: 106px) 100vw, 106px\" \/><p id=\"caption-attachment-34172\" class=\"wp-caption-text\">Participation #2 Challenge Des livres (et des \u00e9crans) en cuisine 2024 de <em><a href=\"https:\/\/mapetitemediatheque.fr\/2024\/01\/des-livres-et-des-ecrans-en-cuisine-2024\/\">Bidib<\/a> et <a href=\"http:\/\/croquerlespages.canalblog.com\/archives\/2024\/01\/08\/40165644.html\">Fondant<\/a><\/em> #Profiteroles et R\u00e9veillon de No\u00ebl<\/p><\/div>\n<p>\u00a0<\/p>\n\n\n<p><\/p>\n","protected":false},"excerpt":{"rendered":"<p>Pendant le RAT post-No\u00ebl, j&rsquo;ai lu le tome 5 des S\u0153urs Gr\u00e9millet, Les trois souhaits de Giovanni Di Gregorio et Alessandro Barbucci (\u00e9d. Dupuis, novembre 2023, 48 pages), une BD jeunesse \u00e0 partir de 9 ans. \u00c0 l&rsquo;approche de No\u00ebl, les trois s\u0153urs &#8211; Sarah, Cassiop\u00e9e et Lucille &#8211; pensent avoir tout bien pr\u00e9par\u00e9 pour [&hellip;]<\/p>\n","protected":false},"author":1,"featured_media":34199,"comment_status":"open","ping_status":"open","sticky":false,"template":"","format":"standard","meta":{"jetpack_post_was_ever_published":false,"_jetpack_newsletter_access":"","_jetpack_dont_email_post_to_subs":false,"_jetpack_newsletter_tier_id":0,"_jetpack_memberships_contains_paywalled_content":false,"_jetpack_memberships_contains_paid_content":false,"footnotes":""},"categories":[363],"tags":[852,3027,596,1226,4045,1065,3529,3974,4027,914,390,1132,459,24,3026,3528,4014,367,1056,4036,19,698,1066,3562,989,816,2649],"class_list":["post-34283","post","type-post","status-publish","format-standard","has-post-thumbnail","hentry","category-mini-lecteur","tag-9-12-ans","tag-alessandro-barbucci","tag-bandes-dessinees","tag-bd-jeunesse","tag-bonte","tag-cadeau","tag-challenge-christmas-time-2023","tag-challenge-petit-bac-2024","tag-des-livres-et-des-ecrans-en-cuisine-2024","tag-enquete","tag-entraide","tag-esprit-de-noel","tag-famille","tag-festivites","tag-giovanni-di-gregorio","tag-il-etait-11-fois-noel","tag-le-tour-du-monde-en-80-livres-2024","tag-lecture-jeunesse","tag-lectures-de-noel","tag-les-soeurs-gremillet","tag-noel","tag-pere-noel","tag-preparatifs","tag-relation-frere-soeur","tag-reveillon","tag-soeur","tag-sororite","post-preview"],"jetpack_featured_media_url":"https:\/\/i0.wp.com\/www.jojoenherbe.com\/wp-content\/uploads\/2024\/01\/Les-Soeurs-Gremillet-T5-scaled.jpg?fit=2560%2C2028&ssl=1","jetpack_sharing_enabled":true,"jetpack_shortlink":"https:\/\/wp.me\/p9zhGx-8UX","jetpack_likes_enabled":true,"jetpack-related-posts":[{"id":16821,"url":"https:\/\/www.jojoenherbe.com\/index.php\/2021\/03\/26\/au-fil-des-pages-avec-le-tome-1-des-soeurs-gremillet\/","url_meta":{"origin":34283,"position":0},"title":"Au fil des pages avec le tome 1 des S\u0153urs Gr\u00e9millet","author":"Jojo","date":"26 mars 2021","format":false,"excerpt":"Je lis le premier tome des S\u0153urs Gr\u00e9millet, Le r\u00eave de Sarah de Giovanni Di Gregorio et Alessandro Barbucci (\u00e9d.\u00a0 Dupuis, 2020), une BD jeunesse \u00e0 partir de 9\/10 ans. Sarah est l'a\u00een\u00e9e d'un trio de s\u0153urs qui vivent avec leur m\u00e8re. Chaque nuit, elle fait le m\u00eame r\u00eave \u00e9trange\u2026","rel":"","context":"Dans &quot;Mini lecteur&quot;","block_context":{"text":"Mini lecteur","link":"https:\/\/www.jojoenherbe.com\/index.php\/category\/mini-lecteur\/"},"img":{"alt_text":"","src":"https:\/\/i0.wp.com\/www.jojoenherbe.com\/wp-content\/uploads\/2021\/03\/Les-Soeurs-Gremillet-scaled.jpg?fit=1200%2C906&ssl=1&resize=350%2C200","width":350,"height":200,"srcset":"https:\/\/i0.wp.com\/www.jojoenherbe.com\/wp-content\/uploads\/2021\/03\/Les-Soeurs-Gremillet-scaled.jpg?fit=1200%2C906&ssl=1&resize=350%2C200 1x, https:\/\/i0.wp.com\/www.jojoenherbe.com\/wp-content\/uploads\/2021\/03\/Les-Soeurs-Gremillet-scaled.jpg?fit=1200%2C906&ssl=1&resize=525%2C300 1.5x, https:\/\/i0.wp.com\/www.jojoenherbe.com\/wp-content\/uploads\/2021\/03\/Les-Soeurs-Gremillet-scaled.jpg?fit=1200%2C906&ssl=1&resize=700%2C400 2x, https:\/\/i0.wp.com\/www.jojoenherbe.com\/wp-content\/uploads\/2021\/03\/Les-Soeurs-Gremillet-scaled.jpg?fit=1200%2C906&ssl=1&resize=1050%2C600 3x"},"classes":[]},{"id":34189,"url":"https:\/\/www.jojoenherbe.com\/index.php\/2024\/01\/08\/point-lecture-hebdomadaire-2024-1\/","url_meta":{"origin":34283,"position":1},"title":"Point lecture hebdomadaire 2024 #1","author":"Jojo","date":"8 janvier 2024","format":false,"excerpt":"En ce d\u00e9but de semaine, voici notre point lecture hebdomadaire avec un retour sur nos lectures de la semaine derni\u00e8re (mais pas nos relectures), la plupart encore de No\u00ebl puisque le week-end dernier s'est fini le challenge Il \u00e9tait 11 fois No\u00ebl avec un read-a-thon. Nos lectures du 1er au\u2026","rel":"","context":"Dans &quot;Mini blogueur&quot;","block_context":{"text":"Mini blogueur","link":"https:\/\/www.jojoenherbe.com\/index.php\/category\/mini-blogueur\/"},"img":{"alt_text":"","src":"https:\/\/i0.wp.com\/www.jojoenherbe.com\/wp-content\/uploads\/2024\/01\/Point-lecture-hebdo-2024-1-scaled.jpg?fit=1200%2C684&ssl=1&resize=350%2C200","width":350,"height":200,"srcset":"https:\/\/i0.wp.com\/www.jojoenherbe.com\/wp-content\/uploads\/2024\/01\/Point-lecture-hebdo-2024-1-scaled.jpg?fit=1200%2C684&ssl=1&resize=350%2C200 1x, https:\/\/i0.wp.com\/www.jojoenherbe.com\/wp-content\/uploads\/2024\/01\/Point-lecture-hebdo-2024-1-scaled.jpg?fit=1200%2C684&ssl=1&resize=525%2C300 1.5x, https:\/\/i0.wp.com\/www.jojoenherbe.com\/wp-content\/uploads\/2024\/01\/Point-lecture-hebdo-2024-1-scaled.jpg?fit=1200%2C684&ssl=1&resize=700%2C400 2x, https:\/\/i0.wp.com\/www.jojoenherbe.com\/wp-content\/uploads\/2024\/01\/Point-lecture-hebdo-2024-1-scaled.jpg?fit=1200%2C684&ssl=1&resize=1050%2C600 3x"},"classes":[]},{"id":34045,"url":"https:\/\/www.jojoenherbe.com\/index.php\/2024\/01\/05\/rat-post-noel-2023\/","url_meta":{"origin":34283,"position":2},"title":"RAT post-No\u00ebl 2023","author":"Jojo","date":"5 janvier 2024","format":false,"excerpt":"Pour ce premier week-end de l\u2019ann\u00e9e 2024, Chicky Poo et Samarian nous proposent de cl\u00f4turer leur challenge Il \u00e9tait 11 fois No\u00ebl par un RAT post-No\u00ebl 2023 comme les ann\u00e9es pr\u00e9c\u00e9dentes, avec au moins une lecture sur le th\u00e8me de l\u2019hiver et\/ou de No\u00ebl. Ce marathon de lectures se d\u00e9roule\u2026","rel":"","context":"Dans &quot;Mini challenger&quot;","block_context":{"text":"Mini challenger","link":"https:\/\/www.jojoenherbe.com\/index.php\/category\/mini-challenger\/"},"img":{"alt_text":"","src":"https:\/\/i0.wp.com\/www.jojoenherbe.com\/wp-content\/uploads\/2024\/01\/RAT-post-Noel-2023-scaled.jpg?fit=1200%2C870&ssl=1&resize=350%2C200","width":350,"height":200,"srcset":"https:\/\/i0.wp.com\/www.jojoenherbe.com\/wp-content\/uploads\/2024\/01\/RAT-post-Noel-2023-scaled.jpg?fit=1200%2C870&ssl=1&resize=350%2C200 1x, https:\/\/i0.wp.com\/www.jojoenherbe.com\/wp-content\/uploads\/2024\/01\/RAT-post-Noel-2023-scaled.jpg?fit=1200%2C870&ssl=1&resize=525%2C300 1.5x, https:\/\/i0.wp.com\/www.jojoenherbe.com\/wp-content\/uploads\/2024\/01\/RAT-post-Noel-2023-scaled.jpg?fit=1200%2C870&ssl=1&resize=700%2C400 2x, https:\/\/i0.wp.com\/www.jojoenherbe.com\/wp-content\/uploads\/2024\/01\/RAT-post-Noel-2023-scaled.jpg?fit=1200%2C870&ssl=1&resize=1050%2C600 3x"},"classes":[]},{"id":24010,"url":"https:\/\/www.jojoenherbe.com\/index.php\/2022\/03\/01\/point-lecture-hebdomadaire-30\/","url_meta":{"origin":34283,"position":3},"title":"Point lecture hebdomadaire #30","author":"Jojo","date":"1 mars 2022","format":false,"excerpt":"En ce d\u00e9but de semaine, voici notre point lecture hebdomadaire avec un retour sur nos lectures de la semaine derni\u00e8re et ma lecture en cours. Nos lectures du 21 au 27 f\u00e9vrier 2022: Des lectures jeunesse: (Album jeunesse) L'arbre-lit de Sil\u00e8ne Edgar et Gilles Freluche Nous avons lu L'arbre-lit de\u2026","rel":"","context":"Dans &quot;Mini blogueur&quot;","block_context":{"text":"Mini blogueur","link":"https:\/\/www.jojoenherbe.com\/index.php\/category\/mini-blogueur\/"},"img":{"alt_text":"","src":"https:\/\/i0.wp.com\/www.jojoenherbe.com\/wp-content\/uploads\/2022\/02\/Larbre-lit-150x150.jpg?resize=350%2C200","width":350,"height":200},"classes":[]},{"id":16583,"url":"https:\/\/www.jojoenherbe.com\/index.php\/2021\/04\/01\/notre-mois-bloguesque-de-mars-2021\/","url_meta":{"origin":34283,"position":4},"title":"Notre mois bloguesque de mars 2021","author":"Jojo","date":"1 avril 2021","format":false,"excerpt":"C'est le premier du mois alors voici un petit retour bloguesque sur mars 2021 avec encore une fois beaucoup de lectures, certaines qui suivent les saisons. Nous finissons au d\u00e9but du mois nos nos (re)lectures\/activit\u00e9s sur le th\u00e8me du carnaval et de l'hiver. Puis comme nous changeons de saison le\u2026","rel":"","context":"Dans &quot;Mini blogueur&quot;","block_context":{"text":"Mini blogueur","link":"https:\/\/www.jojoenherbe.com\/index.php\/category\/mini-blogueur\/"},"img":{"alt_text":"","src":"https:\/\/i0.wp.com\/www.jojoenherbe.com\/wp-content\/uploads\/2021\/04\/Mars-2021-scaled.jpg?fit=1200%2C902&ssl=1&resize=350%2C200","width":350,"height":200,"srcset":"https:\/\/i0.wp.com\/www.jojoenherbe.com\/wp-content\/uploads\/2021\/04\/Mars-2021-scaled.jpg?fit=1200%2C902&ssl=1&resize=350%2C200 1x, https:\/\/i0.wp.com\/www.jojoenherbe.com\/wp-content\/uploads\/2021\/04\/Mars-2021-scaled.jpg?fit=1200%2C902&ssl=1&resize=525%2C300 1.5x, https:\/\/i0.wp.com\/www.jojoenherbe.com\/wp-content\/uploads\/2021\/04\/Mars-2021-scaled.jpg?fit=1200%2C902&ssl=1&resize=700%2C400 2x, https:\/\/i0.wp.com\/www.jojoenherbe.com\/wp-content\/uploads\/2021\/04\/Mars-2021-scaled.jpg?fit=1200%2C902&ssl=1&resize=1050%2C600 3x"},"classes":[]},{"id":33584,"url":"https:\/\/www.jojoenherbe.com\/index.php\/2024\/03\/12\/billet-de-suivi-challenge-petit-bac-2024\/","url_meta":{"origin":34283,"position":5},"title":"Billet de suivi: Challenge Petit Bac 2024","author":"Jojo","date":"12 mars 2024","format":false,"excerpt":"Je participe pour la sixi\u00e8me ann\u00e9e cons\u00e9cutive au Challenge Petit Bac d\u2019Enna, les cinq premi\u00e8res cat\u00e9gories restant identiques aux ann\u00e9es pr\u00e9c\u00e9dentes. Tous les mois, je vais actualiser ce billet et faire un point sur mes participations au challenge. Pour le moment, j\u2019ai termin\u00e9 mes 4 premi\u00e8res lignes et entam\u00e9 la\u2026","rel":"","context":"Dans &quot;Mini challenger&quot;","block_context":{"text":"Mini challenger","link":"https:\/\/www.jojoenherbe.com\/index.php\/category\/mini-challenger\/"},"img":{"alt_text":"","src":"https:\/\/i0.wp.com\/www.jojoenherbe.com\/wp-content\/uploads\/2023\/12\/Challenge-Petit-Bac-2024.jpg?fit=285%2C217&ssl=1&resize=350%2C200","width":350,"height":200},"classes":[]}],"_links":{"self":[{"href":"https:\/\/www.jojoenherbe.com\/index.php\/wp-json\/wp\/v2\/posts\/34283","targetHints":{"allow":["GET"]}}],"collection":[{"href":"https:\/\/www.jojoenherbe.com\/index.php\/wp-json\/wp\/v2\/posts"}],"about":[{"href":"https:\/\/www.jojoenherbe.com\/index.php\/wp-json\/wp\/v2\/types\/post"}],"author":[{"embeddable":true,"href":"https:\/\/www.jojoenherbe.com\/index.php\/wp-json\/wp\/v2\/users\/1"}],"replies":[{"embeddable":true,"href":"https:\/\/www.jojoenherbe.com\/index.php\/wp-json\/wp\/v2\/comments?post=34283"}],"version-history":[{"count":6,"href":"https:\/\/www.jojoenherbe.com\/index.php\/wp-json\/wp\/v2\/posts\/34283\/revisions"}],"predecessor-version":[{"id":34305,"href":"https:\/\/www.jojoenherbe.com\/index.php\/wp-json\/wp\/v2\/posts\/34283\/revisions\/34305"}],"wp:featuredmedia":[{"embeddable":true,"href":"https:\/\/www.jojoenherbe.com\/index.php\/wp-json\/wp\/v2\/media\/34199"}],"wp:attachment":[{"href":"https:\/\/www.jojoenherbe.com\/index.php\/wp-json\/wp\/v2\/media?parent=34283"}],"wp:term":[{"taxonomy":"category","embeddable":true,"href":"https:\/\/www.jojoenherbe.com\/index.php\/wp-json\/wp\/v2\/categories?post=34283"},{"taxonomy":"post_tag","embeddable":true,"href":"https:\/\/www.jojoenherbe.com\/index.php\/wp-json\/wp\/v2\/tags?post=34283"}],"curies":[{"name":"wp","href":"https:\/\/api.w.org\/{rel}","templated":true}]}}