{"id":34262,"date":"2024-01-12T19:19:51","date_gmt":"2024-01-12T18:19:51","guid":{"rendered":"https:\/\/www.jojoenherbe.com\/?p=34262"},"modified":"2024-01-12T19:19:51","modified_gmt":"2024-01-12T18:19:51","slug":"tag-je-lis-donc-je-suis-2023","status":"publish","type":"post","link":"https:\/\/www.jojoenherbe.com\/index.php\/2024\/01\/12\/tag-je-lis-donc-je-suis-2023\/","title":{"rendered":"TAG: Je lis donc je suis \/ 2023"},"content":{"rendered":"<p style=\"text-align: justify;\"><em>Comme les ann\u00e9es pr\u00e9c\u00e9dentes, j&rsquo;ai vu passer un tag inspirant chez <a href=\"https:\/\/vivrelivre19.over-blog.com\/2024\/01\/tag-je-lis-donc-je-suis-2023.html\">Blandine<\/a> qui permet de revenir de fa\u00e7on d\u00e9cal\u00e9e et po\u00e9tique sur nos lectures (chroniqu\u00e9es ou non) de l&rsquo;ann\u00e9e \u00e9coul\u00e9e. Alors j&rsquo;ai d\u00e9cid\u00e9 cette ann\u00e9e de me pr\u00eater aussi au jeu.<\/em><\/p>\n<p style=\"text-align: center;\"><strong><em>*** Je lis donc je suis &#8211; Je suis donc je lis &#8211; Je suis ce que je lis ***<\/em> <\/strong><\/p>\n<ul>\n<li style=\"text-align: justify;\"><em>D\u00e9cris-toi \/ <a href=\"https:\/\/www.jojoenherbe.com\/index.php\/2023\/11\/20\/au-fil-des-pages-avec-je-suis-leur-silence\/\"><span style=\"text-decoration: underline;\">Je suis leur silence<\/span><\/a><\/em><\/li>\n<li style=\"text-align: justify;\"><em>Comment te sens-tu? \/ <span style=\"text-decoration: underline;\">Tout est sous contr\u00f4le (ou presque)<\/span><\/em><\/li>\n<li style=\"text-align: justify;\"><em>D\u00e9cris o\u00f9 tu vis actuellement \/ <span style=\"text-decoration: underline;\"><a href=\"https:\/\/www.jojoenherbe.com\/index.php\/2023\/07\/19\/au-fil-des-pages-avec-sous-les-etoiles-de-bloomstone-manor\/\">Sous les \u00e9toiles de Bloomstone Manor<\/a><br \/><\/span><\/em><\/li>\n<li style=\"text-align: justify;\"><em>Si tu pouvais aller o\u00f9 tu veux, o\u00f9 irais-tu? \/ <a href=\"https:\/\/www.jojoenherbe.com\/index.php\/2023\/11\/24\/au-fil-des-pages-avec-apres-locean\/\"><span style=\"text-decoration: underline;\">Apr\u00e8s l&rsquo;oc\u00e9an<\/span><\/a><\/em><\/li>\n<li style=\"text-align: justify;\"><em>Ton moyen de transport pr\u00e9f\u00e9r\u00e9 \/ <span style=\"text-decoration: underline;\">Ces chemins que l&rsquo;on prend<\/span><\/em><\/li>\n<li style=\"text-align: justify;\"><em>Ton\/ta meilleur(e) ami(e) est \/ <span style=\"text-decoration: underline;\">Ange ou D\u00e9mone, pourquoi choisir?<\/span><\/em><\/li>\n<li style=\"text-align: justify;\"><em>Toi et tes amis vous \u00eates \/ <a href=\"https:\/\/www.jojoenherbe.com\/index.php\/2023\/11\/28\/au-fil-des-pages-avec-les-dames-pirates\/\"><span style=\"text-decoration: underline;\">Les Dames pirates<\/span><\/a><\/em><\/li>\n<li style=\"text-align: justify;\"><em>Comment est le temps? \/ <span style=\"text-decoration: underline;\">Le pont des temp\u00eates <\/span><\/em><\/li>\n<li style=\"text-align: justify;\"><em>Quel est ton moment pr\u00e9f\u00e9r\u00e9 de la journ\u00e9e? \/ <span style=\"text-decoration: underline;\">A la lumi\u00e8re du petit matin<\/span><\/em><\/li>\n<li style=\"text-align: justify;\"><em>Qu&rsquo;est la vie pour toi? \/ <a href=\"https:\/\/www.jojoenherbe.com\/index.php\/2023\/01\/30\/au-fil-des-pages-avec-ce-genre-de-petites-choses\/\"><span style=\"text-decoration: underline;\">Ce genre de petites choses<\/span><\/a><span style=\"text-decoration: underline;\"><br \/><\/span><\/em><\/li>\n<li style=\"text-align: justify;\"><em>Ta peur \/ <a href=\"https:\/\/www.jojoenherbe.com\/index.php\/2023\/11\/30\/au-fil-des-pages-avec-comme-si-nous-etions-des-fantomes\/\"><span style=\"text-decoration: underline;\">Comme si nous \u00e9tions des fant\u00f4mes<\/span><\/a><\/em><\/li>\n<li style=\"text-align: justify;\"><em>Quel est le conseil que tu as \u00e0 donner? \/ <span style=\"text-decoration: underline;\">Et si on y croyait&#8230; un peu?<\/span><\/em><\/li>\n<li style=\"text-align: justify;\"><em>La pens\u00e9e du jour \/ <span style=\"text-decoration: underline;\">\u00c9couter la baleine chanter<\/span><\/em><\/li>\n<li style=\"text-align: justify;\"><em>Comment aimerais-tu mourir? \/ <span style=\"text-decoration: underline;\">Six pieds sous terre<\/span><\/em><\/li>\n<li style=\"text-align: justify;\"><em>Les conditions actuelles de ton \u00e2me? \/ <span style=\"text-decoration: underline;\">Les \u00e2mes fragment\u00e9es<\/span><\/em><\/li>\n<li style=\"text-align: justify;\"><em>Ton r\u00eave \/ <span style=\"text-decoration: underline;\">Ton r\u00eave \u00e0 toi<\/span><\/em><\/li>\n<\/ul>\n\n\n<p><\/p>\n","protected":false},"excerpt":{"rendered":"<p>Comme les ann\u00e9es pr\u00e9c\u00e9dentes, j&rsquo;ai vu passer un tag inspirant chez Blandine qui permet de revenir de fa\u00e7on d\u00e9cal\u00e9e et po\u00e9tique sur nos lectures (chroniqu\u00e9es ou non) de l&rsquo;ann\u00e9e \u00e9coul\u00e9e. Alors j&rsquo;ai d\u00e9cid\u00e9 cette ann\u00e9e de me pr\u00eater aussi au jeu. *** Je lis donc je suis &#8211; Je suis donc je lis &#8211; Je [&hellip;]<\/p>\n","protected":false},"author":1,"featured_media":34263,"comment_status":"open","ping_status":"open","sticky":false,"template":"","format":"standard","meta":{"jetpack_post_was_ever_published":false,"_jetpack_newsletter_access":"","_jetpack_dont_email_post_to_subs":false,"_jetpack_newsletter_tier_id":0,"_jetpack_memberships_contains_paywalled_content":false,"_jetpack_memberships_contains_paid_content":false,"footnotes":""},"categories":[2140,363],"tags":[4042,4041,4040],"class_list":["post-34262","post","type-post","status-publish","format-standard","has-post-thumbnail","hentry","category-mini-blogueur","category-mini-lecteur","tag-bilan-livresque","tag-je-lis-donc-je-suis-2023","tag-tags","post-preview"],"jetpack_featured_media_url":"https:\/\/i0.wp.com\/www.jojoenherbe.com\/wp-content\/uploads\/2024\/01\/Je-suis-donc-je-lis-2023.png?fit=512%2C512&ssl=1","jetpack_sharing_enabled":true,"jetpack_shortlink":"https:\/\/wp.me\/p9zhGx-8UC","jetpack_likes_enabled":true,"jetpack-related-posts":[{"id":37830,"url":"https:\/\/www.jojoenherbe.com\/index.php\/2025\/01\/04\/tag-je-lis-donc-je-suis-2024\/","url_meta":{"origin":34262,"position":0},"title":"TAG: Je lis donc je suis \/ 2024","author":"Jojo","date":"4 janvier 2025","format":false,"excerpt":"Comme les ann\u00e9es pr\u00e9c\u00e9dentes, j'ai vu passer un tag inspirant chez\u00a0Blandine qui permet de revenir de fa\u00e7on d\u00e9cal\u00e9e et po\u00e9tique sur nos lectures (chroniqu\u00e9es ou non) de l'ann\u00e9e \u00e9coul\u00e9e et qui a \u00e9t\u00e9 imagin\u00e9e par Noukette. Alors j'ai d\u00e9cid\u00e9 cette ann\u00e9e de me pr\u00eater \u00e0 nouveau au jeu comme l'ann\u00e9e\u2026","rel":"","context":"Dans &quot;Mini blogueur&quot;","block_context":{"text":"Mini blogueur","link":"https:\/\/www.jojoenherbe.com\/index.php\/category\/mini-blogueur\/"},"img":{"alt_text":"","src":"https:\/\/i0.wp.com\/www.jojoenherbe.com\/wp-content\/uploads\/2025\/01\/DALL-E-Macareux.png?fit=862%2C875&ssl=1&resize=350%2C200","width":350,"height":200,"srcset":"https:\/\/i0.wp.com\/www.jojoenherbe.com\/wp-content\/uploads\/2025\/01\/DALL-E-Macareux.png?fit=862%2C875&ssl=1&resize=350%2C200 1x, https:\/\/i0.wp.com\/www.jojoenherbe.com\/wp-content\/uploads\/2025\/01\/DALL-E-Macareux.png?fit=862%2C875&ssl=1&resize=525%2C300 1.5x, https:\/\/i0.wp.com\/www.jojoenherbe.com\/wp-content\/uploads\/2025\/01\/DALL-E-Macareux.png?fit=862%2C875&ssl=1&resize=700%2C400 2x"},"classes":[]},{"id":42027,"url":"https:\/\/www.jojoenherbe.com\/index.php\/2025\/12\/31\/tag-je-lis-donc-je-suis-2025\/","url_meta":{"origin":34262,"position":1},"title":"TAG: Je lis donc je suis \/ 2025","author":"Jojo","date":"31 d\u00e9cembre 2025","format":false,"excerpt":"En cette fin d\u00e9cembre, voil\u00e0 le moment du petit bilan livresque qui permet de revenir de fa\u00e7on d\u00e9cal\u00e9e et po\u00e9tique sur nos lectures (chroniqu\u00e9es ou non) de l'ann\u00e9e \u00e9coul\u00e9e et qui a \u00e9t\u00e9 imagin\u00e9e par Noukette. Alors j'ai d\u00e9cid\u00e9 cette ann\u00e9e de me pr\u00eater \u00e0 nouveau au jeu. *** Je\u2026","rel":"","context":"Dans &quot;Mini blogueur&quot;","block_context":{"text":"Mini blogueur","link":"https:\/\/www.jojoenherbe.com\/index.php\/category\/mini-blogueur\/"},"img":{"alt_text":"","src":"https:\/\/i0.wp.com\/www.jojoenherbe.com\/wp-content\/uploads\/2025\/12\/macareux-fleurs-et-livres-2.png?fit=1024%2C1024&ssl=1&resize=350%2C200","width":350,"height":200,"srcset":"https:\/\/i0.wp.com\/www.jojoenherbe.com\/wp-content\/uploads\/2025\/12\/macareux-fleurs-et-livres-2.png?fit=1024%2C1024&ssl=1&resize=350%2C200 1x, https:\/\/i0.wp.com\/www.jojoenherbe.com\/wp-content\/uploads\/2025\/12\/macareux-fleurs-et-livres-2.png?fit=1024%2C1024&ssl=1&resize=525%2C300 1.5x, https:\/\/i0.wp.com\/www.jojoenherbe.com\/wp-content\/uploads\/2025\/12\/macareux-fleurs-et-livres-2.png?fit=1024%2C1024&ssl=1&resize=700%2C400 2x"},"classes":[]},{"id":7093,"url":"https:\/\/www.jojoenherbe.com\/index.php\/2019\/08\/14\/au-fil-des-pages-avec-tortue-pingouin\/","url_meta":{"origin":34262,"position":2},"title":"Au fil des pages avec Tortue Pingouin","author":"Jojo","date":"14 ao\u00fbt 2019","format":false,"excerpt":"Forc\u00e9ment avec un tel titre et une tortue qui est d\u00e9guis\u00e9e en manchot empereur, je suis imm\u00e9diatement attir\u00e9e par la couverture de cet album jeunesse que nous empruntons \u00e0 la biblioth\u00e8que. Il s'agit de Tortue Pingouin de Valeri Gorbachev (\u00e9d. L'\u00e9cole des loisirs, 2009), album jeunesse \u00e0 partir de 3\u2026","rel":"","context":"Dans &quot;Mini lecteur&quot;","block_context":{"text":"Mini lecteur","link":"https:\/\/www.jojoenherbe.com\/index.php\/category\/mini-lecteur\/"},"img":{"alt_text":"","src":"https:\/\/i0.wp.com\/www.jojoenherbe.com\/wp-content\/uploads\/2019\/08\/Tortue-Pingouin.jpg?fit=1124%2C1200&ssl=1&resize=350%2C200","width":350,"height":200,"srcset":"https:\/\/i0.wp.com\/www.jojoenherbe.com\/wp-content\/uploads\/2019\/08\/Tortue-Pingouin.jpg?fit=1124%2C1200&ssl=1&resize=350%2C200 1x, https:\/\/i0.wp.com\/www.jojoenherbe.com\/wp-content\/uploads\/2019\/08\/Tortue-Pingouin.jpg?fit=1124%2C1200&ssl=1&resize=525%2C300 1.5x, https:\/\/i0.wp.com\/www.jojoenherbe.com\/wp-content\/uploads\/2019\/08\/Tortue-Pingouin.jpg?fit=1124%2C1200&ssl=1&resize=700%2C400 2x, https:\/\/i0.wp.com\/www.jojoenherbe.com\/wp-content\/uploads\/2019\/08\/Tortue-Pingouin.jpg?fit=1124%2C1200&ssl=1&resize=1050%2C600 3x"},"classes":[]},{"id":18070,"url":"https:\/\/www.jojoenherbe.com\/index.php\/2021\/05\/04\/billet-de-suivi-le-mois-italien-2021\/","url_meta":{"origin":34262,"position":3},"title":"Billet de suivi: le Mois italien 2021","author":"Jojo","date":"4 mai 2021","format":false,"excerpt":"Du 1er au 31 mai 2021, Martine organise le Mois italien - que j'ai d\u00e9couvert chez Bidib - en laissant libre cours nos lectures tout en partant \u00e0 la d\u00e9couverte des diff\u00e9rentes r\u00e9gions italiennes. Il est pr\u00e9vu quelques rendez-vous comme des nouvelles (ou recueils) les lundis, de la litt\u00e9rature jeunesse\u2026","rel":"","context":"Dans &quot;Mini challenger&quot;","block_context":{"text":"Mini challenger","link":"https:\/\/www.jojoenherbe.com\/index.php\/category\/mini-challenger\/"},"img":{"alt_text":"","src":"https:\/\/i0.wp.com\/www.jojoenherbe.com\/wp-content\/uploads\/2021\/05\/Le-Mois-italien-2021.jpg?fit=554%2C618&ssl=1&resize=350%2C200","width":350,"height":200,"srcset":"https:\/\/i0.wp.com\/www.jojoenherbe.com\/wp-content\/uploads\/2021\/05\/Le-Mois-italien-2021.jpg?fit=554%2C618&ssl=1&resize=350%2C200 1x, https:\/\/i0.wp.com\/www.jojoenherbe.com\/wp-content\/uploads\/2021\/05\/Le-Mois-italien-2021.jpg?fit=554%2C618&ssl=1&resize=525%2C300 1.5x"},"classes":[]},{"id":10802,"url":"https:\/\/www.jojoenherbe.com\/index.php\/2020\/04\/20\/au-fil-des-pages-avec-croque-bisous\/","url_meta":{"origin":34262,"position":4},"title":"Au fil des pages avec Croque-bisous","author":"Jojo","date":"20 avril 2020","format":false,"excerpt":"Nous avions emprunt\u00e9 \u00e0 la m\u00e9diath\u00e8que, fin ao\u00fbt 2019, Croque-bisous de Kimiko (\u00e9d. L'\u00e9cole des loisirs, r\u00e9\u00e9d. 2014), un album jeunesse cartonn\u00e9 pour les tout-petits. Mais je n'avais pas pris le temps de le chroniquer. Je le fais donc d\u00e9sormais pour le mois d'avril du Challenge Je lis aussi des\u2026","rel":"","context":"Dans &quot;Mini lecteur&quot;","block_context":{"text":"Mini lecteur","link":"https:\/\/www.jojoenherbe.com\/index.php\/category\/mini-lecteur\/"},"img":{"alt_text":"","src":"https:\/\/i0.wp.com\/www.jojoenherbe.com\/wp-content\/uploads\/2020\/04\/Croque-bisous.jpg?fit=1200%2C1156&ssl=1&resize=350%2C200","width":350,"height":200,"srcset":"https:\/\/i0.wp.com\/www.jojoenherbe.com\/wp-content\/uploads\/2020\/04\/Croque-bisous.jpg?fit=1200%2C1156&ssl=1&resize=350%2C200 1x, https:\/\/i0.wp.com\/www.jojoenherbe.com\/wp-content\/uploads\/2020\/04\/Croque-bisous.jpg?fit=1200%2C1156&ssl=1&resize=525%2C300 1.5x, https:\/\/i0.wp.com\/www.jojoenherbe.com\/wp-content\/uploads\/2020\/04\/Croque-bisous.jpg?fit=1200%2C1156&ssl=1&resize=700%2C400 2x, https:\/\/i0.wp.com\/www.jojoenherbe.com\/wp-content\/uploads\/2020\/04\/Croque-bisous.jpg?fit=1200%2C1156&ssl=1&resize=1050%2C600 3x"},"classes":[]},{"id":8064,"url":"https:\/\/www.jojoenherbe.com\/index.php\/2019\/10\/16\/au-fil-des-pages-avec-monsieur-madame-et-halloween\/","url_meta":{"origin":34262,"position":5},"title":"Au fil des pages avec Monsieur Madame et Halloween","author":"Jojo","date":"16 octobre 2019","format":false,"excerpt":"Dans le cadre du second Hallow RAT 2019, je lis quatre albums de la s\u00e9rie Monsieur Madame de Roger Hargreaves et que je r\u00e9serve comme cadeaux pour la f\u00eate \"myst\u00e8re\" d'Halloween. Mais pour savoir \u00e0 qui offrir chaque livre au bon enfant, il faut les lire avant - que ne\u2026","rel":"","context":"Dans &quot;Mini lecteur&quot;","block_context":{"text":"Mini lecteur","link":"https:\/\/www.jojoenherbe.com\/index.php\/category\/mini-lecteur\/"},"img":{"alt_text":"","src":"https:\/\/i0.wp.com\/www.jojoenherbe.com\/wp-content\/uploads\/2019\/10\/Monsieur-Madame-Halloween-1.jpg?fit=1200%2C847&ssl=1&resize=350%2C200","width":350,"height":200,"srcset":"https:\/\/i0.wp.com\/www.jojoenherbe.com\/wp-content\/uploads\/2019\/10\/Monsieur-Madame-Halloween-1.jpg?fit=1200%2C847&ssl=1&resize=350%2C200 1x, https:\/\/i0.wp.com\/www.jojoenherbe.com\/wp-content\/uploads\/2019\/10\/Monsieur-Madame-Halloween-1.jpg?fit=1200%2C847&ssl=1&resize=525%2C300 1.5x, https:\/\/i0.wp.com\/www.jojoenherbe.com\/wp-content\/uploads\/2019\/10\/Monsieur-Madame-Halloween-1.jpg?fit=1200%2C847&ssl=1&resize=700%2C400 2x, https:\/\/i0.wp.com\/www.jojoenherbe.com\/wp-content\/uploads\/2019\/10\/Monsieur-Madame-Halloween-1.jpg?fit=1200%2C847&ssl=1&resize=1050%2C600 3x"},"classes":[]}],"_links":{"self":[{"href":"https:\/\/www.jojoenherbe.com\/index.php\/wp-json\/wp\/v2\/posts\/34262","targetHints":{"allow":["GET"]}}],"collection":[{"href":"https:\/\/www.jojoenherbe.com\/index.php\/wp-json\/wp\/v2\/posts"}],"about":[{"href":"https:\/\/www.jojoenherbe.com\/index.php\/wp-json\/wp\/v2\/types\/post"}],"author":[{"embeddable":true,"href":"https:\/\/www.jojoenherbe.com\/index.php\/wp-json\/wp\/v2\/users\/1"}],"replies":[{"embeddable":true,"href":"https:\/\/www.jojoenherbe.com\/index.php\/wp-json\/wp\/v2\/comments?post=34262"}],"version-history":[{"count":7,"href":"https:\/\/www.jojoenherbe.com\/index.php\/wp-json\/wp\/v2\/posts\/34262\/revisions"}],"predecessor-version":[{"id":37831,"href":"https:\/\/www.jojoenherbe.com\/index.php\/wp-json\/wp\/v2\/posts\/34262\/revisions\/37831"}],"wp:featuredmedia":[{"embeddable":true,"href":"https:\/\/www.jojoenherbe.com\/index.php\/wp-json\/wp\/v2\/media\/34263"}],"wp:attachment":[{"href":"https:\/\/www.jojoenherbe.com\/index.php\/wp-json\/wp\/v2\/media?parent=34262"}],"wp:term":[{"taxonomy":"category","embeddable":true,"href":"https:\/\/www.jojoenherbe.com\/index.php\/wp-json\/wp\/v2\/categories?post=34262"},{"taxonomy":"post_tag","embeddable":true,"href":"https:\/\/www.jojoenherbe.com\/index.php\/wp-json\/wp\/v2\/tags?post=34262"}],"curies":[{"name":"wp","href":"https:\/\/api.w.org\/{rel}","templated":true}]}}