{"id":33943,"date":"2024-03-07T08:29:38","date_gmt":"2024-03-07T07:29:38","guid":{"rendered":"https:\/\/www.jojoenherbe.com\/?p=33943"},"modified":"2024-03-19T17:57:35","modified_gmt":"2024-03-19T16:57:35","slug":"au-fil-des-pages-avec-antigone","status":"publish","type":"post","link":"https:\/\/www.jojoenherbe.com\/index.php\/2024\/03\/07\/au-fil-des-pages-avec-antigone\/","title":{"rendered":"Au fil des pages avec Antigone"},"content":{"rendered":"<p style=\"text-align: justify;\"><em>J&rsquo;ai lu <span style=\"text-decoration: underline;\">Antigone<\/span> d&rsquo;Yann Liotard et Marie-Claire Redon (\u00e9d. La ville br\u00fble, octobre 2017, 52 pages), un album jeunesse \u00e0 partir de 8 ans selon l&rsquo;\u00e9diteur mais je dirai plut\u00f4t pour les adolescents, \u00e0 partir de 12\/13 ans.<\/em><\/p>\n<p style=\"text-align: justify;\"><em><a href=\"https:\/\/i0.wp.com\/www.jojoenherbe.com\/wp-content\/uploads\/2024\/02\/Antigone-4-scaled.jpg\"><img data-recalc-dims=\"1\" loading=\"lazy\" decoding=\"async\" data-attachment-id=\"34909\" data-permalink=\"https:\/\/www.jojoenherbe.com\/index.php\/2024\/03\/07\/au-fil-des-pages-avec-antigone\/antigone-4\/\" data-orig-file=\"https:\/\/i0.wp.com\/www.jojoenherbe.com\/wp-content\/uploads\/2024\/02\/Antigone-4-scaled.jpg?fit=2560%2C2055&amp;ssl=1\" data-orig-size=\"2560,2055\" data-comments-opened=\"1\" data-image-meta=\"{&quot;aperture&quot;:&quot;1.8&quot;,&quot;credit&quot;:&quot;&quot;,&quot;camera&quot;:&quot;iPhone 7&quot;,&quot;caption&quot;:&quot;&quot;,&quot;created_timestamp&quot;:&quot;1704292427&quot;,&quot;copyright&quot;:&quot;&quot;,&quot;focal_length&quot;:&quot;3.99&quot;,&quot;iso&quot;:&quot;100&quot;,&quot;shutter_speed&quot;:&quot;0.11111111111111&quot;,&quot;title&quot;:&quot;&quot;,&quot;orientation&quot;:&quot;1&quot;}\" data-image-title=\"Antigone 4\" data-image-description=\"\" data-image-caption=\"\" data-large-file=\"https:\/\/i0.wp.com\/www.jojoenherbe.com\/wp-content\/uploads\/2024\/02\/Antigone-4-scaled.jpg?fit=676%2C543&amp;ssl=1\" class=\"alignleft size-thumbnail wp-image-34909\" src=\"https:\/\/i0.wp.com\/www.jojoenherbe.com\/wp-content\/uploads\/2024\/02\/Antigone-4.jpg?resize=150%2C150\" alt=\"\" width=\"150\" height=\"150\" srcset=\"https:\/\/i0.wp.com\/www.jojoenherbe.com\/wp-content\/uploads\/2024\/02\/Antigone-4-scaled.jpg?resize=150%2C150&amp;ssl=1 150w, https:\/\/i0.wp.com\/www.jojoenherbe.com\/wp-content\/uploads\/2024\/02\/Antigone-4-scaled.jpg?zoom=2&amp;resize=150%2C150 300w, https:\/\/i0.wp.com\/www.jojoenherbe.com\/wp-content\/uploads\/2024\/02\/Antigone-4-scaled.jpg?zoom=3&amp;resize=150%2C150 450w\" sizes=\"auto, (max-width: 150px) 100vw, 150px\" \/><\/a> <a href=\"https:\/\/i0.wp.com\/www.jojoenherbe.com\/wp-content\/uploads\/2024\/02\/Antigone-2-scaled.jpg\"><img data-recalc-dims=\"1\" loading=\"lazy\" decoding=\"async\" data-attachment-id=\"34907\" data-permalink=\"https:\/\/www.jojoenherbe.com\/index.php\/2024\/03\/07\/au-fil-des-pages-avec-antigone\/antigone-2\/\" data-orig-file=\"https:\/\/i0.wp.com\/www.jojoenherbe.com\/wp-content\/uploads\/2024\/02\/Antigone-2-scaled.jpg?fit=1920%2C2560&amp;ssl=1\" data-orig-size=\"1920,2560\" data-comments-opened=\"1\" data-image-meta=\"{&quot;aperture&quot;:&quot;1.8&quot;,&quot;credit&quot;:&quot;&quot;,&quot;camera&quot;:&quot;iPhone 7&quot;,&quot;caption&quot;:&quot;&quot;,&quot;created_timestamp&quot;:&quot;1704292315&quot;,&quot;copyright&quot;:&quot;&quot;,&quot;focal_length&quot;:&quot;3.99&quot;,&quot;iso&quot;:&quot;100&quot;,&quot;shutter_speed&quot;:&quot;0.11111111111111&quot;,&quot;title&quot;:&quot;&quot;,&quot;orientation&quot;:&quot;1&quot;}\" data-image-title=\"Antigone 2\" data-image-description=\"\" data-image-caption=\"\" data-large-file=\"https:\/\/i0.wp.com\/www.jojoenherbe.com\/wp-content\/uploads\/2024\/02\/Antigone-2-scaled.jpg?fit=676%2C901&amp;ssl=1\" class=\"alignleft size-thumbnail wp-image-34907\" src=\"https:\/\/i0.wp.com\/www.jojoenherbe.com\/wp-content\/uploads\/2024\/02\/Antigone-2.jpg?resize=150%2C150\" alt=\"\" width=\"150\" height=\"150\" srcset=\"https:\/\/i0.wp.com\/www.jojoenherbe.com\/wp-content\/uploads\/2024\/02\/Antigone-2-scaled.jpg?resize=150%2C150&amp;ssl=1 150w, https:\/\/i0.wp.com\/www.jojoenherbe.com\/wp-content\/uploads\/2024\/02\/Antigone-2-scaled.jpg?zoom=2&amp;resize=150%2C150 300w, https:\/\/i0.wp.com\/www.jojoenherbe.com\/wp-content\/uploads\/2024\/02\/Antigone-2-scaled.jpg?zoom=3&amp;resize=150%2C150 450w\" sizes=\"auto, (max-width: 150px) 100vw, 150px\" \/><\/a>J&rsquo;ai appr\u00e9ci\u00e9 l&rsquo;id\u00e9e de rendre accessible aux plus jeunes <span style=\"text-decoration: underline;\">Antigone<\/span> de Sophocle, en racontant l&rsquo;acte h\u00e9ro\u00efque d&rsquo;Antigone qui face \u00e0 la tyrannie de son oncle, ne c\u00e9dera jamais afin d&rsquo;apporter les derniers rites fun\u00e9raires \u00e0 son fr\u00e8re, quoi qu&rsquo;il ait pu faire avant son d\u00e9c\u00e8s. Il peut \u00eatre, en effet, d\u00e9licat d&rsquo;aborder avec les plus jeunes la mythologie grecque qui fait appel \u00e0 des th\u00e8mes forts et graves et qui peut heurter leur sensibilit\u00e9, Antigone \u00e9tant n\u00e9e d&rsquo;un inceste par exemple, son p\u00e8re \u00e9tant \u0152dipe et sa m\u00e8re, sa grand-m\u00e8re maternel. La jeune femme fait preuve de beaucoup de courage et d&rsquo;abn\u00e9gation, sans jamais accepter le moindre compromis, jusqu&rsquo;\u00e0 la mort.<\/em><\/p>\n<p style=\"text-align: justify;\"><em><a href=\"https:\/\/i0.wp.com\/www.jojoenherbe.com\/wp-content\/uploads\/2024\/02\/Antigone-5-scaled.jpg\"><img data-recalc-dims=\"1\" loading=\"lazy\" decoding=\"async\" data-attachment-id=\"34910\" data-permalink=\"https:\/\/www.jojoenherbe.com\/index.php\/2024\/03\/07\/au-fil-des-pages-avec-antigone\/antigone-5\/\" data-orig-file=\"https:\/\/i0.wp.com\/www.jojoenherbe.com\/wp-content\/uploads\/2024\/02\/Antigone-5-scaled.jpg?fit=2560%2C2145&amp;ssl=1\" data-orig-size=\"2560,2145\" data-comments-opened=\"1\" data-image-meta=\"{&quot;aperture&quot;:&quot;1.8&quot;,&quot;credit&quot;:&quot;&quot;,&quot;camera&quot;:&quot;iPhone 7&quot;,&quot;caption&quot;:&quot;&quot;,&quot;created_timestamp&quot;:&quot;1704292466&quot;,&quot;copyright&quot;:&quot;&quot;,&quot;focal_length&quot;:&quot;3.99&quot;,&quot;iso&quot;:&quot;100&quot;,&quot;shutter_speed&quot;:&quot;0.11111111111111&quot;,&quot;title&quot;:&quot;&quot;,&quot;orientation&quot;:&quot;1&quot;}\" data-image-title=\"Antigone 5\" data-image-description=\"\" data-image-caption=\"\" data-large-file=\"https:\/\/i0.wp.com\/www.jojoenherbe.com\/wp-content\/uploads\/2024\/02\/Antigone-5-scaled.jpg?fit=676%2C566&amp;ssl=1\" class=\"size-thumbnail wp-image-34910 alignright\" src=\"https:\/\/i0.wp.com\/www.jojoenherbe.com\/wp-content\/uploads\/2024\/02\/Antigone-5.jpg?resize=150%2C150\" alt=\"\" width=\"150\" height=\"150\" srcset=\"https:\/\/i0.wp.com\/www.jojoenherbe.com\/wp-content\/uploads\/2024\/02\/Antigone-5-scaled.jpg?resize=150%2C150&amp;ssl=1 150w, https:\/\/i0.wp.com\/www.jojoenherbe.com\/wp-content\/uploads\/2024\/02\/Antigone-5-scaled.jpg?zoom=2&amp;resize=150%2C150 300w, https:\/\/i0.wp.com\/www.jojoenherbe.com\/wp-content\/uploads\/2024\/02\/Antigone-5-scaled.jpg?zoom=3&amp;resize=150%2C150 450w\" sizes=\"auto, (max-width: 150px) 100vw, 150px\" \/><\/a> <a href=\"https:\/\/i0.wp.com\/www.jojoenherbe.com\/wp-content\/uploads\/2024\/02\/Antigone-3-scaled.jpg\"><img data-recalc-dims=\"1\" loading=\"lazy\" decoding=\"async\" data-attachment-id=\"34908\" data-permalink=\"https:\/\/www.jojoenherbe.com\/index.php\/2024\/03\/07\/au-fil-des-pages-avec-antigone\/antigone-3\/\" data-orig-file=\"https:\/\/i0.wp.com\/www.jojoenherbe.com\/wp-content\/uploads\/2024\/02\/Antigone-3-scaled.jpg?fit=2560%2C2055&amp;ssl=1\" data-orig-size=\"2560,2055\" data-comments-opened=\"1\" data-image-meta=\"{&quot;aperture&quot;:&quot;1.8&quot;,&quot;credit&quot;:&quot;&quot;,&quot;camera&quot;:&quot;iPhone 7&quot;,&quot;caption&quot;:&quot;&quot;,&quot;created_timestamp&quot;:&quot;1704292382&quot;,&quot;copyright&quot;:&quot;&quot;,&quot;focal_length&quot;:&quot;3.99&quot;,&quot;iso&quot;:&quot;80&quot;,&quot;shutter_speed&quot;:&quot;0.14285714285714&quot;,&quot;title&quot;:&quot;&quot;,&quot;orientation&quot;:&quot;1&quot;}\" data-image-title=\"Antigone 3\" data-image-description=\"\" data-image-caption=\"\" data-large-file=\"https:\/\/i0.wp.com\/www.jojoenherbe.com\/wp-content\/uploads\/2024\/02\/Antigone-3-scaled.jpg?fit=676%2C543&amp;ssl=1\" class=\"size-thumbnail wp-image-34908 alignright\" src=\"https:\/\/i0.wp.com\/www.jojoenherbe.com\/wp-content\/uploads\/2024\/02\/Antigone-3.jpg?resize=150%2C150\" alt=\"\" width=\"150\" height=\"150\" srcset=\"https:\/\/i0.wp.com\/www.jojoenherbe.com\/wp-content\/uploads\/2024\/02\/Antigone-3-scaled.jpg?resize=150%2C150&amp;ssl=1 150w, https:\/\/i0.wp.com\/www.jojoenherbe.com\/wp-content\/uploads\/2024\/02\/Antigone-3-scaled.jpg?zoom=2&amp;resize=150%2C150 300w, https:\/\/i0.wp.com\/www.jojoenherbe.com\/wp-content\/uploads\/2024\/02\/Antigone-3-scaled.jpg?zoom=3&amp;resize=150%2C150 450w\" sizes=\"auto, (max-width: 150px) 100vw, 150px\" \/><\/a>Les illustrations sont magnifiques, riches en d\u00e9tails et en mise en sc\u00e8ne, entre des pages bleut\u00e9es toutes en finesse et des pages rouge vif plus \u00e9pur\u00e9es et se focalisant sur les ch\u0153urs de souris, faisant \u00e9cho \u00e0 la d\u00e9termination et \u00e0 la r\u00e9sistance de la jeune femme. J&rsquo;ai \u00e9galement appr\u00e9ci\u00e9 les chats anthropomorphes et les petites souris, tant\u00f4t en arri\u00e8re-plan tant\u00f4t dans les ch\u0153urs.<\/em><\/p>\n<p style=\"text-align: justify;\"><em>Un tr\u00e8s bon moment de lecture avec cet album jeunesse qui finit sur un petit dossier th\u00e9matique tr\u00e8s int\u00e9ressant sur <span style=\"text-decoration: underline;\">Antigone<\/span> dans la Gr\u00e8ce antique, en particulier la pi\u00e8ce de de th\u00e9\u00e2tre de Sophocle (datant sans doute de -421 avant JC) et qui permet d&rsquo;initier les jeunes lecteurs \u00e0 la trag\u00e9die grecque tout en pouvant \u00eatre le point de d\u00e9part d&rsquo;une r\u00e9flexion philosophique sur les th\u00e8mes de l&rsquo;injustice et de la r\u00e9sistance face \u00e0 l&rsquo;oppression, si bien personnifi\u00e9e dans la figure d&rsquo;Antigone! <\/em><\/p>\n<div id=\"attachment_32593\" style=\"width: 199px\" class=\"wp-caption alignleft\"><img data-recalc-dims=\"1\" loading=\"lazy\" decoding=\"async\" aria-describedby=\"caption-attachment-32593\" data-attachment-id=\"32593\" data-permalink=\"https:\/\/www.jojoenherbe.com\/index.php\/2023\/10\/12\/throwback-thursday-livresque-voyage-dans-le-temps\/ttl-logo\/\" data-orig-file=\"https:\/\/i0.wp.com\/www.jojoenherbe.com\/wp-content\/uploads\/2023\/10\/TTL-logo.jpg?fit=540%2C174&amp;ssl=1\" data-orig-size=\"540,174\" data-comments-opened=\"1\" data-image-meta=\"{&quot;aperture&quot;:&quot;0&quot;,&quot;credit&quot;:&quot;&quot;,&quot;camera&quot;:&quot;&quot;,&quot;caption&quot;:&quot;&quot;,&quot;created_timestamp&quot;:&quot;0&quot;,&quot;copyright&quot;:&quot;&quot;,&quot;focal_length&quot;:&quot;0&quot;,&quot;iso&quot;:&quot;0&quot;,&quot;shutter_speed&quot;:&quot;0&quot;,&quot;title&quot;:&quot;&quot;,&quot;orientation&quot;:&quot;0&quot;}\" data-image-title=\"TTL logo\" data-image-description=\"\" data-image-caption=\"\" data-large-file=\"https:\/\/i0.wp.com\/www.jojoenherbe.com\/wp-content\/uploads\/2023\/10\/TTL-logo.jpg?fit=540%2C174&amp;ssl=1\" class=\"wp-image-32593\" src=\"https:\/\/i0.wp.com\/www.jojoenherbe.com\/wp-content\/uploads\/2023\/10\/TTL-logo.jpg?resize=189%2C61\" alt=\"\" width=\"189\" height=\"61\" srcset=\"https:\/\/i0.wp.com\/www.jojoenherbe.com\/wp-content\/uploads\/2023\/10\/TTL-logo.jpg?w=540&amp;ssl=1 540w, https:\/\/i0.wp.com\/www.jojoenherbe.com\/wp-content\/uploads\/2023\/10\/TTL-logo.jpg?resize=300%2C97&amp;ssl=1 300w\" sizes=\"auto, (max-width: 189px) 100vw, 189px\" \/><p id=\"caption-attachment-32593\" class=\"wp-caption-text\">TTL n\u00b0253 chez <a href=\"https:\/\/my-bo0ks.over-blog.com\/2024\/03\/throwback-thursday-livresque-n-253.html\">Carole<\/a> #Une femme \u00e0 l&rsquo;honneur<\/p><\/div>\n<p style=\"text-align: justify;\"><em>C&rsquo;est aussi une participation au Throwback Thursday Livresque n\u00b0253, le th\u00e8me propos\u00e9 ce jeudi par Carole \u00e9tant \u00ab\u00a0Une femme \u00e0 l&rsquo;honneur\u00a0\u00bb, le 8 mars \u00e9tant la Journ\u00e9e internationale des droits des femmes. Il s&rsquo;agit d&rsquo;un rendez-vous livresque initialement chez Bettie Rose Books et repris depuis par Carole, les liens \u00e9tant \u00e0 d\u00e9poser chez <a href=\"https:\/\/my-bo0ks.over-blog.com\/\">My-Bo0ks<\/a>. Le principe est de partager chaque jeudi un livre en fonction d\u2019un th\u00e8me donn\u00e9. <\/em><\/p>\n<p style=\"text-align: justify;\"><em>Pour un autre avis sur cet album jeunesse: <a href=\"https:\/\/delivrer-des-livres.fr\/antigone-le-mythe-revisite-pour-les-enfants\/\">Nathalie<\/a>.<\/em><\/p>\n<div style=\"width: 91px\" class=\"wp-caption alignleft\"><img loading=\"lazy\" decoding=\"async\" class=\"\" src=\"https:\/\/i0.wp.com\/mapetitemediatheque.fr\/wp-content\/uploads\/2021\/07\/challenge-contes-et-legendes-239x300-1.jpg?resize=137%2C172\" alt=\"\" width=\"81\" height=\"101\" data-recalc-dims=\"1\" \/><p class=\"wp-caption-text\">Participation #5 Challenge Contes &amp; L\u00e9gendes 2024 de <em><a href=\"https:\/\/mapetitemediatheque.fr\/2024\/02\/challenge-contes-et-legendes-2024\/\">Bidib<\/a><\/em> #Mythologie grecque<\/p><\/div>\n<div id=\"attachment_34167\" style=\"width: 138px\" class=\"wp-caption alignleft\"><img data-recalc-dims=\"1\" loading=\"lazy\" decoding=\"async\" aria-describedby=\"caption-attachment-34167\" data-attachment-id=\"34167\" data-permalink=\"https:\/\/www.jojoenherbe.com\/index.php\/2024\/01\/02\/mes-challenges-livresques-2024\/2024-sera-classique-aussi-logo\/\" data-orig-file=\"https:\/\/i0.wp.com\/www.jojoenherbe.com\/wp-content\/uploads\/2024\/01\/2024-sera-classique-aussi-logo.png?fit=768%2C430&amp;ssl=1\" data-orig-size=\"768,430\" data-comments-opened=\"1\" data-image-meta=\"{&quot;aperture&quot;:&quot;0&quot;,&quot;credit&quot;:&quot;&quot;,&quot;camera&quot;:&quot;&quot;,&quot;caption&quot;:&quot;&quot;,&quot;created_timestamp&quot;:&quot;0&quot;,&quot;copyright&quot;:&quot;&quot;,&quot;focal_length&quot;:&quot;0&quot;,&quot;iso&quot;:&quot;0&quot;,&quot;shutter_speed&quot;:&quot;0&quot;,&quot;title&quot;:&quot;&quot;,&quot;orientation&quot;:&quot;0&quot;}\" data-image-title=\"2024 sera classique aussi &amp;#8211; logo\" data-image-description=\"\" data-image-caption=\"\" data-large-file=\"https:\/\/i0.wp.com\/www.jojoenherbe.com\/wp-content\/uploads\/2024\/01\/2024-sera-classique-aussi-logo.png?fit=676%2C378&amp;ssl=1\" class=\"wp-image-34167\" src=\"https:\/\/i0.wp.com\/www.jojoenherbe.com\/wp-content\/uploads\/2024\/01\/2024-sera-classique-aussi-logo.png?resize=128%2C71\" alt=\"\" width=\"128\" height=\"71\" srcset=\"https:\/\/i0.wp.com\/www.jojoenherbe.com\/wp-content\/uploads\/2024\/01\/2024-sera-classique-aussi-logo.png?w=768&amp;ssl=1 768w, https:\/\/i0.wp.com\/www.jojoenherbe.com\/wp-content\/uploads\/2024\/01\/2024-sera-classique-aussi-logo.png?resize=300%2C168&amp;ssl=1 300w, https:\/\/i0.wp.com\/www.jojoenherbe.com\/wp-content\/uploads\/2024\/01\/2024-sera-classique-aussi-logo.png?resize=676%2C378&amp;ssl=1 676w\" sizes=\"auto, (max-width: 128px) 100vw, 128px\" \/><p id=\"caption-attachment-34167\" class=\"wp-caption-text\">Participation#4 Challenge 2024 sera classique aussi! de <em><a href=\"https:\/\/delivrer-des-livres.fr\/2024-sera-classique-aussi\/\">Nathalie<\/a><\/em> #Adaptation d&rsquo;une trag\u00e9die grecque<\/p><\/div>\n<div id=\"attachment_33586\" style=\"width: 119px\" class=\"wp-caption alignleft\"><img data-recalc-dims=\"1\" loading=\"lazy\" decoding=\"async\" aria-describedby=\"caption-attachment-33586\" data-attachment-id=\"33586\" data-permalink=\"https:\/\/www.jojoenherbe.com\/index.php\/2024\/03\/12\/billet-de-suivi-challenge-petit-bac-2024\/challenge-petit-bac-2024\/\" data-orig-file=\"https:\/\/i0.wp.com\/www.jojoenherbe.com\/wp-content\/uploads\/2023\/12\/Challenge-Petit-Bac-2024.jpg?fit=285%2C217&amp;ssl=1\" data-orig-size=\"285,217\" data-comments-opened=\"1\" data-image-meta=\"{&quot;aperture&quot;:&quot;0&quot;,&quot;credit&quot;:&quot;&quot;,&quot;camera&quot;:&quot;&quot;,&quot;caption&quot;:&quot;&quot;,&quot;created_timestamp&quot;:&quot;1702656450&quot;,&quot;copyright&quot;:&quot;&quot;,&quot;focal_length&quot;:&quot;0&quot;,&quot;iso&quot;:&quot;0&quot;,&quot;shutter_speed&quot;:&quot;0&quot;,&quot;title&quot;:&quot;&quot;,&quot;orientation&quot;:&quot;0&quot;}\" data-image-title=\"Challenge Petit Bac 2024\" data-image-description=\"\" data-image-caption=\"\" data-large-file=\"https:\/\/i0.wp.com\/www.jojoenherbe.com\/wp-content\/uploads\/2023\/12\/Challenge-Petit-Bac-2024.jpg?fit=285%2C217&amp;ssl=1\" class=\"wp-image-33586\" src=\"https:\/\/i0.wp.com\/www.jojoenherbe.com\/wp-content\/uploads\/2023\/12\/Challenge-Petit-Bac-2024.jpg?resize=109%2C83\" alt=\"\" width=\"109\" height=\"83\" \/><p id=\"caption-attachment-33586\" class=\"wp-caption-text\">Challenge Petit Bac d\u2019<a href=\"https:\/\/ennalit.wordpress.com\/2023\/12\/01\/challenge-petit-bac-2024-qui-veut-jouer\/\">Enna<\/a> #3 Cat\u00e9gorie Pr\u00e9nom: \u00ab Antigone \u00bb<\/p><\/div>\n\n\n<p><\/p>\n","protected":false},"excerpt":{"rendered":"<p>J&rsquo;ai lu Antigone d&rsquo;Yann Liotard et Marie-Claire Redon (\u00e9d. La ville br\u00fble, octobre 2017, 52 pages), un album jeunesse \u00e0 partir de 8 ans selon l&rsquo;\u00e9diteur mais je dirai plut\u00f4t pour les adolescents, \u00e0 partir de 12\/13 ans. J&rsquo;ai appr\u00e9ci\u00e9 l&rsquo;id\u00e9e de rendre accessible aux plus jeunes Antigone de Sophocle, en racontant l&rsquo;acte h\u00e9ro\u00efque d&rsquo;Antigone [&hellip;]<\/p>\n","protected":false},"author":1,"featured_media":34903,"comment_status":"open","ping_status":"open","sticky":false,"template":"","format":"standard","meta":{"jetpack_post_was_ever_published":false,"_jetpack_newsletter_access":"","_jetpack_dont_email_post_to_subs":false,"_jetpack_newsletter_tier_id":0,"_jetpack_memberships_contains_paywalled_content":false,"_jetpack_memberships_contains_paid_content":false,"footnotes":""},"categories":[363],"tags":[1485,4013,1167,409,777,4137,4018,3974,459,811,784,169,367,4139,2532,2533,2561,4142,3868,4140,4141,4138],"class_list":["post-33943","post","type-post","status-publish","format-standard","has-post-thumbnail","hentry","category-mini-lecteur","tag-13-16-ans","tag-2024-sera-classique-aussi","tag-8-11-ans","tag-albums-jeunesse","tag-amour","tag-antigone","tag-challenge-contes-et-legendes-2024","tag-challenge-petit-bac-2024","tag-famille","tag-fratrie","tag-injustice","tag-justice","tag-lecture-jeunesse","tag-marie-claire-redon","tag-mythologie","tag-mythologie-grecque","tag-piece-de-theatre","tag-sophocle","tag-throwback-thursday-livresque","tag-tragedie","tag-tyrannie","tag-yann-liotard","post-preview"],"jetpack_featured_media_url":"https:\/\/i0.wp.com\/www.jojoenherbe.com\/wp-content\/uploads\/2024\/02\/Antigone-scaled.jpg?fit=2560%2C2182&ssl=1","jetpack_sharing_enabled":true,"jetpack_shortlink":"https:\/\/wp.me\/p9zhGx-8Pt","jetpack_likes_enabled":true,"jetpack-related-posts":[{"id":33584,"url":"https:\/\/www.jojoenherbe.com\/index.php\/2024\/03\/12\/billet-de-suivi-challenge-petit-bac-2024\/","url_meta":{"origin":33943,"position":0},"title":"Billet de suivi: Challenge Petit Bac 2024","author":"Jojo","date":"12 mars 2024","format":false,"excerpt":"Je participe pour la sixi\u00e8me ann\u00e9e cons\u00e9cutive au Challenge Petit Bac d\u2019Enna, les cinq premi\u00e8res cat\u00e9gories restant identiques aux ann\u00e9es pr\u00e9c\u00e9dentes. Tous les mois, je vais actualiser ce billet et faire un point sur mes participations au challenge. Pour le moment, j\u2019ai termin\u00e9 mes 4 premi\u00e8res lignes et entam\u00e9 la\u2026","rel":"","context":"Dans &quot;Mini challenger&quot;","block_context":{"text":"Mini challenger","link":"https:\/\/www.jojoenherbe.com\/index.php\/category\/mini-challenger\/"},"img":{"alt_text":"","src":"https:\/\/i0.wp.com\/www.jojoenherbe.com\/wp-content\/uploads\/2023\/12\/Challenge-Petit-Bac-2024.jpg?fit=285%2C217&ssl=1&resize=350%2C200","width":350,"height":200},"classes":[]},{"id":18539,"url":"https:\/\/www.jojoenherbe.com\/index.php\/2021\/05\/29\/nos-lectures-pour-le-mois-mythologie-grecque-et-perse-2021\/","url_meta":{"origin":33943,"position":1},"title":"Nos lectures pour le mois \u00ab\u00a0Mythologie grecque et perse\u00a0\u00bb 2021","author":"Jojo","date":"29 mai 2021","format":false,"excerpt":"En mai 2021, c'est aussi un mois d\u00e9di\u00e9 \u00e0 la mythologie grecque et perse avec le Challenge Contes et L\u00e9gendes de Bidib et 2021, cette ann\u00e9e sera classique de Blandine et Nathalie. Le temps filant \u00e0 toute vitesse, je n'aurai pas le temps de chroniquer toutes nos lectures et regroupe\u2026","rel":"","context":"Dans &quot;Mini lecteur&quot;","block_context":{"text":"Mini lecteur","link":"https:\/\/www.jojoenherbe.com\/index.php\/category\/mini-lecteur\/"},"img":{"alt_text":"","src":"https:\/\/i0.wp.com\/www.jojoenherbe.com\/wp-content\/uploads\/2021\/05\/Selection-Mythologie-grecque-scaled.jpg?fit=1200%2C859&ssl=1&resize=350%2C200","width":350,"height":200,"srcset":"https:\/\/i0.wp.com\/www.jojoenherbe.com\/wp-content\/uploads\/2021\/05\/Selection-Mythologie-grecque-scaled.jpg?fit=1200%2C859&ssl=1&resize=350%2C200 1x, https:\/\/i0.wp.com\/www.jojoenherbe.com\/wp-content\/uploads\/2021\/05\/Selection-Mythologie-grecque-scaled.jpg?fit=1200%2C859&ssl=1&resize=525%2C300 1.5x, https:\/\/i0.wp.com\/www.jojoenherbe.com\/wp-content\/uploads\/2021\/05\/Selection-Mythologie-grecque-scaled.jpg?fit=1200%2C859&ssl=1&resize=700%2C400 2x, https:\/\/i0.wp.com\/www.jojoenherbe.com\/wp-content\/uploads\/2021\/05\/Selection-Mythologie-grecque-scaled.jpg?fit=1200%2C859&ssl=1&resize=1050%2C600 3x"},"classes":[]},{"id":35528,"url":"https:\/\/www.jojoenherbe.com\/index.php\/2024\/04\/03\/au-fil-des-pages-avec-la-naissance-du-printemps\/","url_meta":{"origin":33943,"position":2},"title":"Au fil des pages avec La naissance du printemps","author":"Jojo","date":"3 avril 2024","format":false,"excerpt":"Nous avons lu hier soir La naissance du printemps de Roxane Marie Galliez et Eric Puybaret (\u00e9d. Balivernes, avril 2019,\u00a0 32 pages), un album jeunesse \u00e0 partir de 6 ans. Bien avant l'arriv\u00e9e des \u00eatres humains, vivaient Orithye la nymphe dont le pouvoir \u00e9tait de donner des couleurs \u00e0 la\u2026","rel":"","context":"Dans &quot;Mini lecteur&quot;","block_context":{"text":"Mini lecteur","link":"https:\/\/www.jojoenherbe.com\/index.php\/category\/mini-lecteur\/"},"img":{"alt_text":"","src":"https:\/\/i0.wp.com\/www.jojoenherbe.com\/wp-content\/uploads\/2024\/04\/La-naissance-du-printemps-scaled.jpg?fit=1200%2C910&ssl=1&resize=350%2C200","width":350,"height":200,"srcset":"https:\/\/i0.wp.com\/www.jojoenherbe.com\/wp-content\/uploads\/2024\/04\/La-naissance-du-printemps-scaled.jpg?fit=1200%2C910&ssl=1&resize=350%2C200 1x, https:\/\/i0.wp.com\/www.jojoenherbe.com\/wp-content\/uploads\/2024\/04\/La-naissance-du-printemps-scaled.jpg?fit=1200%2C910&ssl=1&resize=525%2C300 1.5x, https:\/\/i0.wp.com\/www.jojoenherbe.com\/wp-content\/uploads\/2024\/04\/La-naissance-du-printemps-scaled.jpg?fit=1200%2C910&ssl=1&resize=700%2C400 2x, https:\/\/i0.wp.com\/www.jojoenherbe.com\/wp-content\/uploads\/2024\/04\/La-naissance-du-printemps-scaled.jpg?fit=1200%2C910&ssl=1&resize=1050%2C600 3x"},"classes":[]},{"id":32894,"url":"https:\/\/www.jojoenherbe.com\/index.php\/2023\/10\/26\/au-fil-des-pages-avec-gromislav-le-geant-qui-couvait-la-terre\/","url_meta":{"origin":33943,"position":3},"title":"Au fil des pages avec Gromislav, le g\u00e9ant qui couvait la Terre","author":"Jojo","date":"26 octobre 2023","format":false,"excerpt":"Nous avons lu Gromislav, le g\u00e9ant qui couvait la Terre de Carole Tr\u00e9bor et Tristan Gion (\u00e9d. Aleph Editions, ao\u00fbt 2019, 48 pages), un album jeunesse \u00e0 partir de 6 ans selon l'\u00e9diteur mais je dirai pour les plus grands, \u00e0 partir de 9\/10 ans autour de la mythologie slave.\u2026","rel":"","context":"Dans &quot;Mini lecteur&quot;","block_context":{"text":"Mini lecteur","link":"https:\/\/www.jojoenherbe.com\/index.php\/category\/mini-lecteur\/"},"img":{"alt_text":"","src":"https:\/\/i0.wp.com\/www.jojoenherbe.com\/wp-content\/uploads\/2023\/10\/Gromislav-scaled.jpg?fit=1200%2C968&ssl=1&resize=350%2C200","width":350,"height":200,"srcset":"https:\/\/i0.wp.com\/www.jojoenherbe.com\/wp-content\/uploads\/2023\/10\/Gromislav-scaled.jpg?fit=1200%2C968&ssl=1&resize=350%2C200 1x, https:\/\/i0.wp.com\/www.jojoenherbe.com\/wp-content\/uploads\/2023\/10\/Gromislav-scaled.jpg?fit=1200%2C968&ssl=1&resize=525%2C300 1.5x, https:\/\/i0.wp.com\/www.jojoenherbe.com\/wp-content\/uploads\/2023\/10\/Gromislav-scaled.jpg?fit=1200%2C968&ssl=1&resize=700%2C400 2x, https:\/\/i0.wp.com\/www.jojoenherbe.com\/wp-content\/uploads\/2023\/10\/Gromislav-scaled.jpg?fit=1200%2C968&ssl=1&resize=1050%2C600 3x"},"classes":[]},{"id":18621,"url":"https:\/\/www.jojoenherbe.com\/index.php\/2021\/06\/01\/notre-mois-bloguesque-de-mai-2021\/","url_meta":{"origin":33943,"position":4},"title":"Notre mois bloguesque de mai 2021","author":"Jojo","date":"1 juin 2021","format":false,"excerpt":"C'est le premier du mois alors voici un petit retour bloguesque sur mai 2021 avec encore une fois beaucoup de lectures tr\u00e8s vari\u00e9es en raison des diff\u00e9rents challenges de mai: des escales livresques en Italie, au Japon, en Angleterre et en Inde notamment. Le Mois au Japon 2021 s'est en\u2026","rel":"","context":"Dans &quot;Mini blogueur&quot;","block_context":{"text":"Mini blogueur","link":"https:\/\/www.jojoenherbe.com\/index.php\/category\/mini-blogueur\/"},"img":{"alt_text":"","src":"https:\/\/i0.wp.com\/www.jojoenherbe.com\/wp-content\/uploads\/2021\/05\/Mai-2021-scaled.jpg?fit=1200%2C696&ssl=1&resize=350%2C200","width":350,"height":200,"srcset":"https:\/\/i0.wp.com\/www.jojoenherbe.com\/wp-content\/uploads\/2021\/05\/Mai-2021-scaled.jpg?fit=1200%2C696&ssl=1&resize=350%2C200 1x, https:\/\/i0.wp.com\/www.jojoenherbe.com\/wp-content\/uploads\/2021\/05\/Mai-2021-scaled.jpg?fit=1200%2C696&ssl=1&resize=525%2C300 1.5x, https:\/\/i0.wp.com\/www.jojoenherbe.com\/wp-content\/uploads\/2021\/05\/Mai-2021-scaled.jpg?fit=1200%2C696&ssl=1&resize=700%2C400 2x, https:\/\/i0.wp.com\/www.jojoenherbe.com\/wp-content\/uploads\/2021\/05\/Mai-2021-scaled.jpg?fit=1200%2C696&ssl=1&resize=1050%2C600 3x"},"classes":[]},{"id":13964,"url":"https:\/\/www.jojoenherbe.com\/index.php\/2020\/11\/18\/notre-pal-albums-jeunesse-de-noel-2020\/","url_meta":{"origin":33943,"position":5},"title":"Notre PAL Albums jeunesse de No\u00ebl 2020","author":"Jojo","date":"18 novembre 2020","format":false,"excerpt":"En ce 18 novembre 2020, MyaRosa nous propose dans le cadre du challenge Christmas Time de pr\u00e9senter notre PAL de No\u00ebl. Alors voici la premi\u00e8re partie de notre PAL avec les albums jeunesse de nos biblioth\u00e8ques et ceux que j'ai d\u00e9j\u00e0 pu emprunt\u00e9s \u00e0 la m\u00e9diath\u00e8que le mois dernier, juste\u2026","rel":"","context":"Dans &quot;Mini lecteur&quot;","block_context":{"text":"Mini lecteur","link":"https:\/\/www.jojoenherbe.com\/index.php\/category\/mini-lecteur\/"},"img":{"alt_text":"","src":"https:\/\/i0.wp.com\/www.jojoenherbe.com\/wp-content\/uploads\/2020\/11\/PAL-Noel-2020-scaled.jpg?fit=1200%2C952&ssl=1&resize=350%2C200","width":350,"height":200,"srcset":"https:\/\/i0.wp.com\/www.jojoenherbe.com\/wp-content\/uploads\/2020\/11\/PAL-Noel-2020-scaled.jpg?fit=1200%2C952&ssl=1&resize=350%2C200 1x, https:\/\/i0.wp.com\/www.jojoenherbe.com\/wp-content\/uploads\/2020\/11\/PAL-Noel-2020-scaled.jpg?fit=1200%2C952&ssl=1&resize=525%2C300 1.5x, https:\/\/i0.wp.com\/www.jojoenherbe.com\/wp-content\/uploads\/2020\/11\/PAL-Noel-2020-scaled.jpg?fit=1200%2C952&ssl=1&resize=700%2C400 2x, https:\/\/i0.wp.com\/www.jojoenherbe.com\/wp-content\/uploads\/2020\/11\/PAL-Noel-2020-scaled.jpg?fit=1200%2C952&ssl=1&resize=1050%2C600 3x"},"classes":[]}],"_links":{"self":[{"href":"https:\/\/www.jojoenherbe.com\/index.php\/wp-json\/wp\/v2\/posts\/33943","targetHints":{"allow":["GET"]}}],"collection":[{"href":"https:\/\/www.jojoenherbe.com\/index.php\/wp-json\/wp\/v2\/posts"}],"about":[{"href":"https:\/\/www.jojoenherbe.com\/index.php\/wp-json\/wp\/v2\/types\/post"}],"author":[{"embeddable":true,"href":"https:\/\/www.jojoenherbe.com\/index.php\/wp-json\/wp\/v2\/users\/1"}],"replies":[{"embeddable":true,"href":"https:\/\/www.jojoenherbe.com\/index.php\/wp-json\/wp\/v2\/comments?post=33943"}],"version-history":[{"count":11,"href":"https:\/\/www.jojoenherbe.com\/index.php\/wp-json\/wp\/v2\/posts\/33943\/revisions"}],"predecessor-version":[{"id":35126,"href":"https:\/\/www.jojoenherbe.com\/index.php\/wp-json\/wp\/v2\/posts\/33943\/revisions\/35126"}],"wp:featuredmedia":[{"embeddable":true,"href":"https:\/\/www.jojoenherbe.com\/index.php\/wp-json\/wp\/v2\/media\/34903"}],"wp:attachment":[{"href":"https:\/\/www.jojoenherbe.com\/index.php\/wp-json\/wp\/v2\/media?parent=33943"}],"wp:term":[{"taxonomy":"category","embeddable":true,"href":"https:\/\/www.jojoenherbe.com\/index.php\/wp-json\/wp\/v2\/categories?post=33943"},{"taxonomy":"post_tag","embeddable":true,"href":"https:\/\/www.jojoenherbe.com\/index.php\/wp-json\/wp\/v2\/tags?post=33943"}],"curies":[{"name":"wp","href":"https:\/\/api.w.org\/{rel}","templated":true}]}}