{"id":33297,"date":"2023-12-01T17:48:08","date_gmt":"2023-12-01T16:48:08","guid":{"rendered":"https:\/\/www.jojoenherbe.com\/?p=33297"},"modified":"2023-12-03T17:49:57","modified_gmt":"2023-12-03T16:49:57","slug":"bilan-de-lecture-novembre-2023","status":"publish","type":"post","link":"https:\/\/www.jojoenherbe.com\/index.php\/2023\/12\/01\/bilan-de-lecture-novembre-2023\/","title":{"rendered":"Bilan de lecture: novembre 2023"},"content":{"rendered":"<p style=\"text-align: justify;\"><em>C\u2019est le premier du mois de d\u00e9cembre alors voici un petit retour livresque sur novembre 2023. Ce mois-ci a ressembl\u00e9 \u00e0 celui d&rsquo;octobre avec des (re)lectures automnales et halloweenesques pour plonger doucement, dans les derniers jours, dans une ambiance douce, cosy et no\u00eblesque. D&rsquo;ailleurs, avec les copinautes Hilde, Lou, Chicky Poo et Samarian c&rsquo;\u00e9tait No\u00eblloween du 9 au 30 novembre.\u00a0 <\/em><\/p>\n<p style=\"text-align: justify;\"><em>J&rsquo;ai repris quelques albums jeunesse halloweenesques \u00e0 la fin du mois. Et d&rsquo;autres achats en librairie ont rejoint nos biblioth\u00e8ques sans attendre d&rsquo;\u00eatre mis dans une des cases du calendrier de No\u00ebl car sit\u00f4t achet\u00e9, sit\u00f4t lu: le dernier tome de 4 s\u00e9ries que mon mini lutin adore: Ana Ana, Les Chiens Pirates, Charlock ou bien encore No\u00e9 et la baleine.<\/em><\/p>\n<p><em><strong><span style=\"text-decoration: underline;\">Voici d\u2019ailleurs mon petit bilan de participations pour ce mois de novembre 2023<\/span>:<\/strong><\/em><\/p>\n<ul>\n<li style=\"text-align: justify;\"><em><strong>Challenge Petit Bac <\/strong>d\u2019Enna: 4 lignes termin\u00e9es et 5e et 6e lignes en cours<\/em><\/li>\n<li style=\"text-align: justify;\"><em><strong>Challenge Contes et L\u00e9gendes <\/strong>de Bidib: 2 participations<\/em><\/li>\n<li style=\"text-align: justify;\"><em><strong>Challenge Des livres (et des \u00e9crans) en cuisine<\/strong> de Bidib et Fondant: 4 participations gourmandes<\/em><\/li>\n<li style=\"text-align: justify;\"><em><strong>Challenge Le Tour du Monde en 80 livres<\/strong> de Bidib:\u00a0 2 participations avec 2 pays pour le parcours illustr\u00e9 (Russie et Espagne) et\u00a0 3 participations avec\u00a0 2 pays pour le parcours litt\u00e9raire (Angleterre et Allemagne)<\/em><\/li>\n<li style=\"text-align: justify;\"><em><strong>Challenge 2023 sera classique<\/strong> de Blandine et Nathalie: 1 participation<\/em><\/li>\n<li style=\"text-align: justify;\"><em><strong>Challenge Les \u00c9tapes Indiennes 2023<\/strong> de Hilde et Blandine<\/em><\/li>\n<li style=\"text-align: justify;\"><em><strong>Challenge British Mysteries 2023<\/strong> de Lou et Hilde: 1 participation<\/em><\/li>\n<li style=\"text-align: justify;\"><em><strong>Challenge Halloween 2023<\/strong> de Hilde et Lou: 6 participations <\/em><\/li>\n<li style=\"text-align: justify;\"><em><strong>Challenge Il \u00e9tait 11 fois No\u00ebl<\/strong> de Chicky Poo et Samaria: 2 participations dont le billet de suivi<\/em><\/li>\n<li style=\"text-align: justify;\"><em><strong>Challenge Christmas Time 2023<\/strong> de MyaRosa: 2 participations dont le billet de suivi<\/em><\/li>\n<\/ul>\n<p style=\"text-align: justify;\"><em>D\u00e9sormais, place \u00e0 la magie de No\u00ebl. Il est temps de d\u00e9baller les cartons de d\u00e9corations et d&rsquo;installer le sapin de No\u00ebl. Nous avons d\u2019ailleurs d\u00e9j\u00e0 pioch\u00e9 dans notre PAL que je continuerai d\u2019alimenter tout au long du mois pour les challenges de No\u00ebl: Il \u00e9tait 11 fois No\u00ebl de Chicky Poo et Samarian, les portes de leur Chalet ouvrant du 9 novembre 2023 au 7 janvier 2024 (mon billet de suivi: <a href=\"https:\/\/www.jojoenherbe.com\/index.php\/2023\/11\/10\/billet-de-suivi-il-etait-11-fois-noel\/\">ici<\/a>) et le challenge Christmas Time 2023 de MyaRosa\u00a0 du 15 novembre 2023 au 15 janvier 2024 (mon billet de suivi: <a href=\"https:\/\/www.jojoenherbe.com\/index.php\/2023\/11\/15\/billet-de-suivi-challenge-christmas-time-2023\/\">ici<\/a>).<br \/><\/em><\/p>\n<p><em>Bon mois de d\u00e9cembre et de f\u00eates de fin d\u2019ann\u00e9e!<\/em><\/p>\n\n\n<p><\/p>\n","protected":false},"excerpt":{"rendered":"<p>C\u2019est le premier du mois de d\u00e9cembre alors voici un petit retour livresque sur novembre 2023. Ce mois-ci a ressembl\u00e9 \u00e0 celui d&rsquo;octobre avec des (re)lectures automnales et halloweenesques pour plonger doucement, dans les derniers jours, dans une ambiance douce, cosy et no\u00eblesque. D&rsquo;ailleurs, avec les copinautes Hilde, Lou, Chicky Poo et Samarian c&rsquo;\u00e9tait No\u00eblloween [&hellip;]<\/p>\n","protected":false},"author":1,"featured_media":33220,"comment_status":"open","ping_status":"open","sticky":false,"template":"","format":"standard","meta":{"jetpack_post_was_ever_published":false,"_jetpack_newsletter_access":"","_jetpack_dont_email_post_to_subs":false,"_jetpack_newsletter_tier_id":0,"_jetpack_memberships_contains_paywalled_content":false,"_jetpack_memberships_contains_paid_content":false,"footnotes":""},"categories":[2140,363],"tags":[2016,1085,367,2843],"class_list":["post-33297","post","type-post","status-publish","format-standard","has-post-thumbnail","hentry","category-mini-blogueur","category-mini-lecteur","tag-challenge-livresque","tag-lecture-adulte","tag-lecture-jeunesse","tag-mois-bloguesque","post-preview"],"jetpack_featured_media_url":"https:\/\/i0.wp.com\/www.jojoenherbe.com\/wp-content\/uploads\/2023\/11\/Selection-Novembre-2023-scaled.jpg?fit=2560%2C1875&ssl=1","jetpack_sharing_enabled":true,"jetpack_shortlink":"https:\/\/wp.me\/p9zhGx-8F3","jetpack_likes_enabled":true,"jetpack-related-posts":[{"id":22073,"url":"https:\/\/www.jojoenherbe.com\/index.php\/2021\/11\/03\/notre-mois-bloguesque-doctobre-2021\/","url_meta":{"origin":33297,"position":0},"title":"Notre mois bloguesque d&rsquo;octobre 2021","author":"Jojo","date":"3 novembre 2021","format":false,"excerpt":"C\u2019est le d\u00e9but du mois de novembre alors voici un petit retour bloguesque sur octobre 2021. Tout en continuant nos (re)lectures automnales, nous avons surtout plong\u00e9 dans des (re)lectures halloweenesques puisque depuis je participe pour la troisi\u00e8me ann\u00e9e cons\u00e9cutive au challenge Halloween de Hilde et Lou avec cette ann\u00e9e une\u2026","rel":"","context":"Dans &quot;Mini blogueur&quot;","block_context":{"text":"Mini blogueur","link":"https:\/\/www.jojoenherbe.com\/index.php\/category\/mini-blogueur\/"},"img":{"alt_text":"","src":"https:\/\/i0.wp.com\/www.jojoenherbe.com\/wp-content\/uploads\/2021\/10\/Selection-octobre-2021-scaled.jpg?fit=1200%2C706&ssl=1&resize=350%2C200","width":350,"height":200,"srcset":"https:\/\/i0.wp.com\/www.jojoenherbe.com\/wp-content\/uploads\/2021\/10\/Selection-octobre-2021-scaled.jpg?fit=1200%2C706&ssl=1&resize=350%2C200 1x, https:\/\/i0.wp.com\/www.jojoenherbe.com\/wp-content\/uploads\/2021\/10\/Selection-octobre-2021-scaled.jpg?fit=1200%2C706&ssl=1&resize=525%2C300 1.5x, https:\/\/i0.wp.com\/www.jojoenherbe.com\/wp-content\/uploads\/2021\/10\/Selection-octobre-2021-scaled.jpg?fit=1200%2C706&ssl=1&resize=700%2C400 2x, https:\/\/i0.wp.com\/www.jojoenherbe.com\/wp-content\/uploads\/2021\/10\/Selection-octobre-2021-scaled.jpg?fit=1200%2C706&ssl=1&resize=1050%2C600 3x"},"classes":[]},{"id":32176,"url":"https:\/\/www.jojoenherbe.com\/index.php\/2023\/10\/01\/bilan-de-lecture-septembre-2023\/","url_meta":{"origin":33297,"position":1},"title":"Bilan de lecture: septembre 2023","author":"Jojo","date":"1 octobre 2023","format":false,"excerpt":"C\u2019est le premier du mois alors voici un petit retour bloguesque sur septembre 2023, un mois marqu\u00e9 par la fin des vacances estivales et la rentr\u00e9e des classes. Avec une derni\u00e8re semaine d\u2019ao\u00fbt gris\u00e2tre et pluvieuse et m\u00eame si c\u2019\u00e9tait toujours l\u2019\u00e9t\u00e9 jusqu\u2019au 23 septembre, nous nous sommes tourn\u00e9s vers\u2026","rel":"","context":"Dans &quot;Mini blogueur&quot;","block_context":{"text":"Mini blogueur","link":"https:\/\/www.jojoenherbe.com\/index.php\/category\/mini-blogueur\/"},"img":{"alt_text":"","src":"https:\/\/i0.wp.com\/www.jojoenherbe.com\/wp-content\/uploads\/2023\/09\/Selection-Septembre-2023-scaled.jpg?fit=1140%2C1200&ssl=1&resize=350%2C200","width":350,"height":200,"srcset":"https:\/\/i0.wp.com\/www.jojoenherbe.com\/wp-content\/uploads\/2023\/09\/Selection-Septembre-2023-scaled.jpg?fit=1140%2C1200&ssl=1&resize=350%2C200 1x, https:\/\/i0.wp.com\/www.jojoenherbe.com\/wp-content\/uploads\/2023\/09\/Selection-Septembre-2023-scaled.jpg?fit=1140%2C1200&ssl=1&resize=525%2C300 1.5x, https:\/\/i0.wp.com\/www.jojoenherbe.com\/wp-content\/uploads\/2023\/09\/Selection-Septembre-2023-scaled.jpg?fit=1140%2C1200&ssl=1&resize=700%2C400 2x, https:\/\/i0.wp.com\/www.jojoenherbe.com\/wp-content\/uploads\/2023\/09\/Selection-Septembre-2023-scaled.jpg?fit=1140%2C1200&ssl=1&resize=1050%2C600 3x"},"classes":[]},{"id":22568,"url":"https:\/\/www.jojoenherbe.com\/index.php\/2021\/12\/07\/notre-mois-bloguesque-de-novembre-2021\/","url_meta":{"origin":33297,"position":2},"title":"Notre mois bloguesque de novembre 2021","author":"Jojo","date":"7 d\u00e9cembre 2021","format":false,"excerpt":"C\u2019est le d\u00e9but du mois de d\u00e9cembre alors voici un petit retour bloguesque sur novembre 2021. Ce mois-ci a ressembl\u00e9 \u00e0 celui d\u2019octobre avec encore des (re)lectures automnales et halloweenesques. Nous avons continu\u00e9 le challenge Halloween de Hilde et Lou qui s'est termin\u00e9 le 15 novembre en jouant par exemple\u2026","rel":"","context":"Dans &quot;Mini blogueur&quot;","block_context":{"text":"Mini blogueur","link":"https:\/\/www.jojoenherbe.com\/index.php\/category\/mini-blogueur\/"},"img":{"alt_text":"","src":"https:\/\/i0.wp.com\/www.jojoenherbe.com\/wp-content\/uploads\/2021\/11\/Selection-novembre-2021-2-scaled.jpg?fit=1200%2C900&ssl=1&resize=350%2C200","width":350,"height":200,"srcset":"https:\/\/i0.wp.com\/www.jojoenherbe.com\/wp-content\/uploads\/2021\/11\/Selection-novembre-2021-2-scaled.jpg?fit=1200%2C900&ssl=1&resize=350%2C200 1x, https:\/\/i0.wp.com\/www.jojoenherbe.com\/wp-content\/uploads\/2021\/11\/Selection-novembre-2021-2-scaled.jpg?fit=1200%2C900&ssl=1&resize=525%2C300 1.5x, https:\/\/i0.wp.com\/www.jojoenherbe.com\/wp-content\/uploads\/2021\/11\/Selection-novembre-2021-2-scaled.jpg?fit=1200%2C900&ssl=1&resize=700%2C400 2x, https:\/\/i0.wp.com\/www.jojoenherbe.com\/wp-content\/uploads\/2021\/11\/Selection-novembre-2021-2-scaled.jpg?fit=1200%2C900&ssl=1&resize=1050%2C600 3x"},"classes":[]},{"id":21156,"url":"https:\/\/www.jojoenherbe.com\/index.php\/2021\/10\/01\/notre-mois-bloguesque-de-septembre-2021\/","url_meta":{"origin":33297,"position":3},"title":"Notre mois bloguesque de septembre 2021","author":"Jojo","date":"1 octobre 2021","format":false,"excerpt":"C'est le d\u00e9but du mois d'octobre alors voici un petit retour bloguesque sur septembre 2021. Apr\u00e8s un mois d\u2019ao\u00fbt entre Nature et lectures, voici le temps de la rentr\u00e9e scolaire et un peu plus tard dans le mois de l\u2019automne. Nos (re)lectures estivales ont laisser place \u00e0 celles automnales. C\u00f4t\u00e9\u2026","rel":"","context":"Dans &quot;Mini blogueur&quot;","block_context":{"text":"Mini blogueur","link":"https:\/\/www.jojoenherbe.com\/index.php\/category\/mini-blogueur\/"},"img":{"alt_text":"","src":"https:\/\/i0.wp.com\/www.jojoenherbe.com\/wp-content\/uploads\/2021\/09\/Selection-septembre-2021-scaled.jpg?fit=1200%2C900&ssl=1&resize=350%2C200","width":350,"height":200,"srcset":"https:\/\/i0.wp.com\/www.jojoenherbe.com\/wp-content\/uploads\/2021\/09\/Selection-septembre-2021-scaled.jpg?fit=1200%2C900&ssl=1&resize=350%2C200 1x, https:\/\/i0.wp.com\/www.jojoenherbe.com\/wp-content\/uploads\/2021\/09\/Selection-septembre-2021-scaled.jpg?fit=1200%2C900&ssl=1&resize=525%2C300 1.5x, https:\/\/i0.wp.com\/www.jojoenherbe.com\/wp-content\/uploads\/2021\/09\/Selection-septembre-2021-scaled.jpg?fit=1200%2C900&ssl=1&resize=700%2C400 2x, https:\/\/i0.wp.com\/www.jojoenherbe.com\/wp-content\/uploads\/2021\/09\/Selection-septembre-2021-scaled.jpg?fit=1200%2C900&ssl=1&resize=1050%2C600 3x"},"classes":[]},{"id":28617,"url":"https:\/\/www.jojoenherbe.com\/index.php\/2022\/11\/01\/notre-mois-bloguesque-doctobre-2022\/","url_meta":{"origin":33297,"position":4},"title":"Notre mois bloguesque d&rsquo;octobre 2022","author":"Jojo","date":"1 novembre 2022","format":false,"excerpt":"C\u2019est le premier du mois alors voici un petit retour bloguesque sur octobre 2022 avec de nombreuses (re)lectures automnales et halloweenesques. Dans le cadre du challenge Halloween de Hilde et Lou, il y a eu de nombreux \u00e9changes conviviaux, entre les LC, ateliers cr\u00e9atifs, rendez-vous photo et un RAT Halloween\u2026","rel":"","context":"Dans &quot;Mini blogueur&quot;","block_context":{"text":"Mini blogueur","link":"https:\/\/www.jojoenherbe.com\/index.php\/category\/mini-blogueur\/"},"img":{"alt_text":"","src":"https:\/\/i0.wp.com\/www.jojoenherbe.com\/wp-content\/uploads\/2022\/10\/Selection-Octobre-2022-scaled.jpg?fit=1200%2C880&ssl=1&resize=350%2C200","width":350,"height":200,"srcset":"https:\/\/i0.wp.com\/www.jojoenherbe.com\/wp-content\/uploads\/2022\/10\/Selection-Octobre-2022-scaled.jpg?fit=1200%2C880&ssl=1&resize=350%2C200 1x, https:\/\/i0.wp.com\/www.jojoenherbe.com\/wp-content\/uploads\/2022\/10\/Selection-Octobre-2022-scaled.jpg?fit=1200%2C880&ssl=1&resize=525%2C300 1.5x, https:\/\/i0.wp.com\/www.jojoenherbe.com\/wp-content\/uploads\/2022\/10\/Selection-Octobre-2022-scaled.jpg?fit=1200%2C880&ssl=1&resize=700%2C400 2x, https:\/\/i0.wp.com\/www.jojoenherbe.com\/wp-content\/uploads\/2022\/10\/Selection-Octobre-2022-scaled.jpg?fit=1200%2C880&ssl=1&resize=1050%2C600 3x"},"classes":[]},{"id":37743,"url":"https:\/\/www.jojoenherbe.com\/index.php\/2025\/01\/01\/bilan-de-lecture-decembre-2024\/","url_meta":{"origin":33297,"position":5},"title":"Bilan de lecture: d\u00e9cembre 2024","author":"Jojo","date":"1 janvier 2025","format":false,"excerpt":"En ce premier janvier, voici le bilan de lecture du mois de d\u00e9cembre 2024 et pendant lequel nous nous sommes plong\u00e9s dans l'ambiance de No\u00ebl, le passage \u00e0 l'hiver s'\u00e9tant fait avec quelques lectures pour No\u00eblloween qui s\u2019est d\u00e9roul\u00e9e du 15 au 30 novembre 2024 et avec la fin du\u2026","rel":"","context":"Dans &quot;Mini blogueur&quot;","block_context":{"text":"Mini blogueur","link":"https:\/\/www.jojoenherbe.com\/index.php\/category\/mini-blogueur\/"},"img":{"alt_text":"","src":"https:\/\/i0.wp.com\/www.jojoenherbe.com\/wp-content\/uploads\/2025\/01\/Selection-Decembre-2024-scaled.jpg?fit=1200%2C913&ssl=1&resize=350%2C200","width":350,"height":200,"srcset":"https:\/\/i0.wp.com\/www.jojoenherbe.com\/wp-content\/uploads\/2025\/01\/Selection-Decembre-2024-scaled.jpg?fit=1200%2C913&ssl=1&resize=350%2C200 1x, https:\/\/i0.wp.com\/www.jojoenherbe.com\/wp-content\/uploads\/2025\/01\/Selection-Decembre-2024-scaled.jpg?fit=1200%2C913&ssl=1&resize=525%2C300 1.5x, https:\/\/i0.wp.com\/www.jojoenherbe.com\/wp-content\/uploads\/2025\/01\/Selection-Decembre-2024-scaled.jpg?fit=1200%2C913&ssl=1&resize=700%2C400 2x, https:\/\/i0.wp.com\/www.jojoenherbe.com\/wp-content\/uploads\/2025\/01\/Selection-Decembre-2024-scaled.jpg?fit=1200%2C913&ssl=1&resize=1050%2C600 3x"},"classes":[]}],"_links":{"self":[{"href":"https:\/\/www.jojoenherbe.com\/index.php\/wp-json\/wp\/v2\/posts\/33297","targetHints":{"allow":["GET"]}}],"collection":[{"href":"https:\/\/www.jojoenherbe.com\/index.php\/wp-json\/wp\/v2\/posts"}],"about":[{"href":"https:\/\/www.jojoenherbe.com\/index.php\/wp-json\/wp\/v2\/types\/post"}],"author":[{"embeddable":true,"href":"https:\/\/www.jojoenherbe.com\/index.php\/wp-json\/wp\/v2\/users\/1"}],"replies":[{"embeddable":true,"href":"https:\/\/www.jojoenherbe.com\/index.php\/wp-json\/wp\/v2\/comments?post=33297"}],"version-history":[{"count":6,"href":"https:\/\/www.jojoenherbe.com\/index.php\/wp-json\/wp\/v2\/posts\/33297\/revisions"}],"predecessor-version":[{"id":33335,"href":"https:\/\/www.jojoenherbe.com\/index.php\/wp-json\/wp\/v2\/posts\/33297\/revisions\/33335"}],"wp:featuredmedia":[{"embeddable":true,"href":"https:\/\/www.jojoenherbe.com\/index.php\/wp-json\/wp\/v2\/media\/33220"}],"wp:attachment":[{"href":"https:\/\/www.jojoenherbe.com\/index.php\/wp-json\/wp\/v2\/media?parent=33297"}],"wp:term":[{"taxonomy":"category","embeddable":true,"href":"https:\/\/www.jojoenherbe.com\/index.php\/wp-json\/wp\/v2\/categories?post=33297"},{"taxonomy":"post_tag","embeddable":true,"href":"https:\/\/www.jojoenherbe.com\/index.php\/wp-json\/wp\/v2\/tags?post=33297"}],"curies":[{"name":"wp","href":"https:\/\/api.w.org\/{rel}","templated":true}]}}