{"id":33228,"date":"2023-11-28T17:41:03","date_gmt":"2023-11-28T16:41:03","guid":{"rendered":"https:\/\/www.jojoenherbe.com\/?p=33228"},"modified":"2023-12-27T12:12:13","modified_gmt":"2023-12-27T11:12:13","slug":"au-fil-des-pages-avec-automne-en-baie-de-somme","status":"publish","type":"post","link":"https:\/\/www.jojoenherbe.com\/index.php\/2023\/11\/28\/au-fil-des-pages-avec-automne-en-baie-de-somme\/","title":{"rendered":"Au fil des pages avec Automne en baie de Somme"},"content":{"rendered":"<p style=\"text-align: justify;\"><em><a href=\"https:\/\/i0.wp.com\/www.jojoenherbe.com\/wp-content\/uploads\/2023\/11\/Automne-en-baie-de-Somme-4-scaled.jpg\"><img data-recalc-dims=\"1\" loading=\"lazy\" decoding=\"async\" data-attachment-id=\"33234\" data-permalink=\"https:\/\/www.jojoenherbe.com\/index.php\/2023\/11\/28\/au-fil-des-pages-avec-automne-en-baie-de-somme\/automne-en-baie-de-somme-4\/\" data-orig-file=\"https:\/\/i0.wp.com\/www.jojoenherbe.com\/wp-content\/uploads\/2023\/11\/Automne-en-baie-de-Somme-4-scaled.jpg?fit=1920%2C2560&amp;ssl=1\" data-orig-size=\"1920,2560\" data-comments-opened=\"1\" data-image-meta=\"{&quot;aperture&quot;:&quot;1.8&quot;,&quot;credit&quot;:&quot;&quot;,&quot;camera&quot;:&quot;iPhone 7&quot;,&quot;caption&quot;:&quot;&quot;,&quot;created_timestamp&quot;:&quot;1701186801&quot;,&quot;copyright&quot;:&quot;&quot;,&quot;focal_length&quot;:&quot;3.99&quot;,&quot;iso&quot;:&quot;40&quot;,&quot;shutter_speed&quot;:&quot;0.058823529411765&quot;,&quot;title&quot;:&quot;&quot;,&quot;orientation&quot;:&quot;1&quot;}\" data-image-title=\"Automne en baie de Somme 4\" data-image-description=\"\" data-image-caption=\"\" data-large-file=\"https:\/\/i0.wp.com\/www.jojoenherbe.com\/wp-content\/uploads\/2023\/11\/Automne-en-baie-de-Somme-4-scaled.jpg?fit=676%2C901&amp;ssl=1\" class=\"alignleft size-thumbnail wp-image-33234\" src=\"https:\/\/i0.wp.com\/www.jojoenherbe.com\/wp-content\/uploads\/2023\/11\/Automne-en-baie-de-Somme-4.jpg?resize=150%2C150\" alt=\"\" width=\"150\" height=\"150\" srcset=\"https:\/\/i0.wp.com\/www.jojoenherbe.com\/wp-content\/uploads\/2023\/11\/Automne-en-baie-de-Somme-4-scaled.jpg?resize=150%2C150&amp;ssl=1 150w, https:\/\/i0.wp.com\/www.jojoenherbe.com\/wp-content\/uploads\/2023\/11\/Automne-en-baie-de-Somme-4-scaled.jpg?zoom=2&amp;resize=150%2C150 300w, https:\/\/i0.wp.com\/www.jojoenherbe.com\/wp-content\/uploads\/2023\/11\/Automne-en-baie-de-Somme-4-scaled.jpg?zoom=3&amp;resize=150%2C150 450w\" sizes=\"auto, (max-width: 150px) 100vw, 150px\" \/><\/a> <a href=\"https:\/\/i0.wp.com\/www.jojoenherbe.com\/wp-content\/uploads\/2023\/11\/Automne-en-baie-de-Somme-2-scaled.jpg\"><img data-recalc-dims=\"1\" loading=\"lazy\" decoding=\"async\" data-attachment-id=\"33232\" data-permalink=\"https:\/\/www.jojoenherbe.com\/index.php\/2023\/11\/28\/au-fil-des-pages-avec-automne-en-baie-de-somme\/automne-en-baie-de-somme-2\/\" data-orig-file=\"https:\/\/i0.wp.com\/www.jojoenherbe.com\/wp-content\/uploads\/2023\/11\/Automne-en-baie-de-Somme-2-scaled.jpg?fit=2560%2C1971&amp;ssl=1\" data-orig-size=\"2560,1971\" data-comments-opened=\"1\" data-image-meta=\"{&quot;aperture&quot;:&quot;1.8&quot;,&quot;credit&quot;:&quot;&quot;,&quot;camera&quot;:&quot;iPhone 7&quot;,&quot;caption&quot;:&quot;&quot;,&quot;created_timestamp&quot;:&quot;1701186617&quot;,&quot;copyright&quot;:&quot;&quot;,&quot;focal_length&quot;:&quot;3.99&quot;,&quot;iso&quot;:&quot;40&quot;,&quot;shutter_speed&quot;:&quot;0.058823529411765&quot;,&quot;title&quot;:&quot;&quot;,&quot;orientation&quot;:&quot;1&quot;}\" data-image-title=\"Automne en baie de Somme 2\" data-image-description=\"\" data-image-caption=\"\" data-large-file=\"https:\/\/i0.wp.com\/www.jojoenherbe.com\/wp-content\/uploads\/2023\/11\/Automne-en-baie-de-Somme-2-scaled.jpg?fit=676%2C521&amp;ssl=1\" class=\"alignleft size-thumbnail wp-image-33232\" src=\"https:\/\/i0.wp.com\/www.jojoenherbe.com\/wp-content\/uploads\/2023\/11\/Automne-en-baie-de-Somme-2.jpg?resize=150%2C150\" alt=\"\" width=\"150\" height=\"150\" srcset=\"https:\/\/i0.wp.com\/www.jojoenherbe.com\/wp-content\/uploads\/2023\/11\/Automne-en-baie-de-Somme-2-scaled.jpg?resize=150%2C150&amp;ssl=1 150w, https:\/\/i0.wp.com\/www.jojoenherbe.com\/wp-content\/uploads\/2023\/11\/Automne-en-baie-de-Somme-2-scaled.jpg?zoom=2&amp;resize=150%2C150 300w, https:\/\/i0.wp.com\/www.jojoenherbe.com\/wp-content\/uploads\/2023\/11\/Automne-en-baie-de-Somme-2-scaled.jpg?zoom=3&amp;resize=150%2C150 450w\" sizes=\"auto, (max-width: 150px) 100vw, 150px\" \/><\/a>J&rsquo;ai lu <span style=\"text-decoration: underline;\">Automne en baie de Somme<\/span> de Philippe Pelaez et Alexis Chabert (\u00e9d. Grand Angle, mai 2022, 64 pages), une BD adulte dont l&rsquo;illustration de couverture inspir\u00e9e du peintre Mucha m&rsquo;a attir\u00e9e et qui s&rsquo;est r\u00e9v\u00e9l\u00e9e \u00eatre une intrigue polici\u00e8re en un seul tome se d\u00e9roulant \u00e0 la Belle-\u00c9poque. En 1896, l&rsquo;inspecteur parisien Amaury Broyan est charg\u00e9e de l&rsquo;enqu\u00eate du meurtre d&rsquo;un riche industriel, Alexandre de Breucq, retrouv\u00e9 empoisonn\u00e9 \u00e0 bord d\u2019une go\u00e9lette \u00e9chou\u00e9e dans la baie de Somme. Tr\u00e8s vite, il suspecte sa veuve qui devient l&rsquo;unique h\u00e9riti\u00e8re de son entreprise. Mais le d\u00e9funt avait \u00e9galement une ma\u00eetresse, Axelle Valencourt, un mod\u00e8le ayant pos\u00e9 pour de nombreux artistes. Qui a bien pu l&rsquo;assassiner? Et pour quelles raisons?<\/em><\/p>\n<p style=\"text-align: justify;\"><a href=\"https:\/\/i0.wp.com\/www.jojoenherbe.com\/wp-content\/uploads\/2023\/11\/Automne-en-baie-de-Somme-5-scaled.jpg\"><img data-recalc-dims=\"1\" loading=\"lazy\" decoding=\"async\" data-attachment-id=\"33235\" data-permalink=\"https:\/\/www.jojoenherbe.com\/index.php\/2023\/11\/28\/au-fil-des-pages-avec-automne-en-baie-de-somme\/automne-en-baie-de-somme-5\/\" data-orig-file=\"https:\/\/i0.wp.com\/www.jojoenherbe.com\/wp-content\/uploads\/2023\/11\/Automne-en-baie-de-Somme-5-scaled.jpg?fit=1920%2C2560&amp;ssl=1\" data-orig-size=\"1920,2560\" data-comments-opened=\"1\" data-image-meta=\"{&quot;aperture&quot;:&quot;1.8&quot;,&quot;credit&quot;:&quot;&quot;,&quot;camera&quot;:&quot;iPhone 7&quot;,&quot;caption&quot;:&quot;&quot;,&quot;created_timestamp&quot;:&quot;1701186750&quot;,&quot;copyright&quot;:&quot;&quot;,&quot;focal_length&quot;:&quot;3.99&quot;,&quot;iso&quot;:&quot;50&quot;,&quot;shutter_speed&quot;:&quot;0.058823529411765&quot;,&quot;title&quot;:&quot;&quot;,&quot;orientation&quot;:&quot;1&quot;}\" data-image-title=\"Automne en baie de Somme 5\" data-image-description=\"\" data-image-caption=\"\" data-large-file=\"https:\/\/i0.wp.com\/www.jojoenherbe.com\/wp-content\/uploads\/2023\/11\/Automne-en-baie-de-Somme-5-scaled.jpg?fit=676%2C901&amp;ssl=1\" class=\"size-thumbnail wp-image-33235 alignright\" src=\"https:\/\/i0.wp.com\/www.jojoenherbe.com\/wp-content\/uploads\/2023\/11\/Automne-en-baie-de-Somme-5.jpg?resize=150%2C150\" alt=\"\" width=\"150\" height=\"150\" srcset=\"https:\/\/i0.wp.com\/www.jojoenherbe.com\/wp-content\/uploads\/2023\/11\/Automne-en-baie-de-Somme-5-scaled.jpg?resize=150%2C150&amp;ssl=1 150w, https:\/\/i0.wp.com\/www.jojoenherbe.com\/wp-content\/uploads\/2023\/11\/Automne-en-baie-de-Somme-5-scaled.jpg?zoom=2&amp;resize=150%2C150 300w, https:\/\/i0.wp.com\/www.jojoenherbe.com\/wp-content\/uploads\/2023\/11\/Automne-en-baie-de-Somme-5-scaled.jpg?zoom=3&amp;resize=150%2C150 450w\" sizes=\"auto, (max-width: 150px) 100vw, 150px\" \/><\/a> <a href=\"https:\/\/i0.wp.com\/www.jojoenherbe.com\/wp-content\/uploads\/2023\/11\/Automne-en-baie-de-Somme-3-scaled.jpg\"><img data-recalc-dims=\"1\" loading=\"lazy\" decoding=\"async\" data-attachment-id=\"33233\" data-permalink=\"https:\/\/www.jojoenherbe.com\/index.php\/2023\/11\/28\/au-fil-des-pages-avec-automne-en-baie-de-somme\/automne-en-baie-de-somme-3\/\" data-orig-file=\"https:\/\/i0.wp.com\/www.jojoenherbe.com\/wp-content\/uploads\/2023\/11\/Automne-en-baie-de-Somme-3-scaled.jpg?fit=2560%2C1979&amp;ssl=1\" data-orig-size=\"2560,1979\" data-comments-opened=\"1\" data-image-meta=\"{&quot;aperture&quot;:&quot;1.8&quot;,&quot;credit&quot;:&quot;&quot;,&quot;camera&quot;:&quot;iPhone 7&quot;,&quot;caption&quot;:&quot;&quot;,&quot;created_timestamp&quot;:&quot;1701186537&quot;,&quot;copyright&quot;:&quot;&quot;,&quot;focal_length&quot;:&quot;3.99&quot;,&quot;iso&quot;:&quot;40&quot;,&quot;shutter_speed&quot;:&quot;0.058823529411765&quot;,&quot;title&quot;:&quot;&quot;,&quot;orientation&quot;:&quot;1&quot;}\" data-image-title=\"Automne en baie de Somme 3\" data-image-description=\"\" data-image-caption=\"\" data-large-file=\"https:\/\/i0.wp.com\/www.jojoenherbe.com\/wp-content\/uploads\/2023\/11\/Automne-en-baie-de-Somme-3-scaled.jpg?fit=676%2C523&amp;ssl=1\" class=\"size-thumbnail wp-image-33233 alignright\" src=\"https:\/\/i0.wp.com\/www.jojoenherbe.com\/wp-content\/uploads\/2023\/11\/Automne-en-baie-de-Somme-3.jpg?resize=150%2C150\" alt=\"\" width=\"150\" height=\"150\" srcset=\"https:\/\/i0.wp.com\/www.jojoenherbe.com\/wp-content\/uploads\/2023\/11\/Automne-en-baie-de-Somme-3-scaled.jpg?resize=150%2C150&amp;ssl=1 150w, https:\/\/i0.wp.com\/www.jojoenherbe.com\/wp-content\/uploads\/2023\/11\/Automne-en-baie-de-Somme-3-scaled.jpg?zoom=2&amp;resize=150%2C150 300w, https:\/\/i0.wp.com\/www.jojoenherbe.com\/wp-content\/uploads\/2023\/11\/Automne-en-baie-de-Somme-3-scaled.jpg?zoom=3&amp;resize=150%2C150 450w\" sizes=\"auto, (max-width: 150px) 100vw, 150px\" \/><\/a><em>L&rsquo;affaire para\u00eet bien plus complexe qu&rsquo;il n&rsquo;y para\u00eet et entra\u00eene l&rsquo;inspecteur dans les diff\u00e9rents quartiers de la capitale parisienne, des beaux quartiers aux cabarets de la Butte Montmartre par exemple et m\u00eame dans les parts d&rsquo;ombre de sa propre vie, ce dernier n&rsquo;arrivant pas \u00e0 contr\u00f4ler sa col\u00e8re li\u00e9e au r\u00e9cent d\u00e9c\u00e8s de sa fille.<\/em><\/p>\n<p style=\"text-align: justify;\"><a href=\"https:\/\/i0.wp.com\/www.jojoenherbe.com\/wp-content\/uploads\/2023\/11\/Automne-en-baie-de-Somme-6-scaled.jpg\"><img data-recalc-dims=\"1\" loading=\"lazy\" decoding=\"async\" data-attachment-id=\"33237\" data-permalink=\"https:\/\/www.jojoenherbe.com\/index.php\/2023\/11\/28\/au-fil-des-pages-avec-automne-en-baie-de-somme\/automne-en-baie-de-somme-6\/\" data-orig-file=\"https:\/\/i0.wp.com\/www.jojoenherbe.com\/wp-content\/uploads\/2023\/11\/Automne-en-baie-de-Somme-6-scaled.jpg?fit=2560%2C1959&amp;ssl=1\" data-orig-size=\"2560,1959\" data-comments-opened=\"1\" data-image-meta=\"{&quot;aperture&quot;:&quot;1.8&quot;,&quot;credit&quot;:&quot;&quot;,&quot;camera&quot;:&quot;iPhone 7&quot;,&quot;caption&quot;:&quot;&quot;,&quot;created_timestamp&quot;:&quot;1701187817&quot;,&quot;copyright&quot;:&quot;&quot;,&quot;focal_length&quot;:&quot;3.99&quot;,&quot;iso&quot;:&quot;100&quot;,&quot;shutter_speed&quot;:&quot;0.11111111111111&quot;,&quot;title&quot;:&quot;&quot;,&quot;orientation&quot;:&quot;1&quot;}\" data-image-title=\"Automne en baie de Somme 6\" data-image-description=\"\" data-image-caption=\"\" data-large-file=\"https:\/\/i0.wp.com\/www.jojoenherbe.com\/wp-content\/uploads\/2023\/11\/Automne-en-baie-de-Somme-6-scaled.jpg?fit=676%2C518&amp;ssl=1\" class=\"alignleft size-thumbnail wp-image-33237\" src=\"https:\/\/i0.wp.com\/www.jojoenherbe.com\/wp-content\/uploads\/2023\/11\/Automne-en-baie-de-Somme-6.jpg?resize=150%2C150\" alt=\"\" width=\"150\" height=\"150\" srcset=\"https:\/\/i0.wp.com\/www.jojoenherbe.com\/wp-content\/uploads\/2023\/11\/Automne-en-baie-de-Somme-6-scaled.jpg?resize=150%2C150&amp;ssl=1 150w, https:\/\/i0.wp.com\/www.jojoenherbe.com\/wp-content\/uploads\/2023\/11\/Automne-en-baie-de-Somme-6-scaled.jpg?zoom=2&amp;resize=150%2C150 300w, https:\/\/i0.wp.com\/www.jojoenherbe.com\/wp-content\/uploads\/2023\/11\/Automne-en-baie-de-Somme-6-scaled.jpg?zoom=3&amp;resize=150%2C150 450w\" sizes=\"auto, (max-width: 150px) 100vw, 150px\" \/><\/a><em>Il y est ainsi question de la condition de la femme \u00e0 la Belle-\u00c9poque (comme le droit \u00e0 l&rsquo;avortement ou plus exactement son absence de droit puisque p\u00e9nalement r\u00e9pr\u00e9hensible et du statut de la femme mari\u00e9e), de soci\u00e9t\u00e9 secr\u00e8te, des in\u00e9galit\u00e9s sociales (anarchistes, milieu artistique, riches industriels), de vengeance, de s\u00e9duction&#8230; D&rsquo;ailleurs, l&rsquo;enqu\u00eate polici\u00e8re bien sombre est d\u00e9coup\u00e9e en trois parties qui s&rsquo;ouvre \u00e0 chaque fois par un extrait de <span style=\"text-decoration: underline;\">Quelques lances rompues pour nos libert\u00e9s<\/span> (1910) de Nelly Roussel &#8211; une essayiste militante f\u00e9ministe et de d\u00e9fense des droits des femmes comme le droit \u00e0 disposer de leur corps, le droit \u00e0 l&rsquo;avortement et d&rsquo;avoir acc\u00e8s au moyen de contraception &#8211; et qui renforce, si besoin \u00e9tait, les profondes injustices li\u00e9es \u00e0 la condition f\u00e9minine, quel que soit son milieu social.<\/em><\/p>\n<p style=\"text-align: justify;\"><em>Quant aux planches de dessin d&rsquo;Alexis Chabert, j&rsquo;ai appr\u00e9ci\u00e9 cette plong\u00e9e dans l&rsquo;ambiance parisienne de la Belle-\u00c9poque o\u00f9 l&rsquo;on croise \u00e9difices en construction et personnages historiques, m\u00eame si j&rsquo;ai eu un peu de mal avec les traits des personnages assez brouillons et grossiers. Un bon moment de lecture avec ce polar noir, historique et social qui se finit sur une r\u00e9solution de l&rsquo;enqu\u00eate un brin immoral! Il existe un deuxi\u00e8me tome, <span style=\"text-decoration: underline;\">Hiver, \u00e0 l&rsquo;Op\u00e9ra<\/span> que j&rsquo;ai d&rsquo;ores et d\u00e9j\u00e0 pr\u00e9vu de lire puisque je l&rsquo;ai emprunt\u00e9 en consultation en ligne gr\u00e2ce \u00e0 ma m\u00e9diath\u00e8que et dans lequel on retrouve l&rsquo;inspecteur Broyan pour une nouvelle enqu\u00eate ind\u00e9pendante de celle-ci. <\/em><\/p>\n<p style=\"text-align: justify;\"><em>Pour d&rsquo;autres avis sur cette BD: <a href=\"https:\/\/toursetculture.com\/2023\/10\/11\/bd-automne-en-baie-de-somme-chabert-pelaez\/\">Eimelle<\/a> et <a href=\"https:\/\/delivrer-des-livres.fr\/automne-en-baie-de-somme-bd\/\">Nathalie<\/a>.<\/em><\/p>\n<div style=\"width: 118px\" class=\"wp-caption aligncenter\"><img loading=\"lazy\" decoding=\"async\" src=\"https:\/\/lh3.googleusercontent.com\/pw\/AL9nZEWED5sOowfaAIivQoSsFwl6hy51lsnek_4EIHIPI8waW2MHjhj6cf1EWilIUD7SnvlDRky5UrFLm6lgTjQT1BDXKA7teG_K1CBqytzzkXj-pFGsHXBy_zmGvKTiD_gxxb6BAz3Fn3Q7E1EJdf1tGnU3MQ=w285-h217-no?authuser=0\" alt=\"\" width=\"108\" height=\"82\" \/><p class=\"wp-caption-text\">Challenge Petit Bac d\u2019<a href=\"https:\/\/ennalit.wordpress.com\/2022\/12\/01\/challenge-petit-bac-2023-qui-veut-jouer\/\" data-rich-text-format-boundary=\"true\">Enna<\/a> #5 Cat\u00e9gorie Lieu: \u00ab Baie de Somme \u00bb<\/p><\/div>\n\n\n<p><\/p>\n\n\n\n<p><\/p>\n","protected":false},"excerpt":{"rendered":"<p>J&rsquo;ai lu Automne en baie de Somme de Philippe Pelaez et Alexis Chabert (\u00e9d. Grand Angle, mai 2022, 64 pages), une BD adulte dont l&rsquo;illustration de couverture inspir\u00e9e du peintre Mucha m&rsquo;a attir\u00e9e et qui s&rsquo;est r\u00e9v\u00e9l\u00e9e \u00eatre une intrigue polici\u00e8re en un seul tome se d\u00e9roulant \u00e0 la Belle-\u00c9poque. En 1896, l&rsquo;inspecteur parisien Amaury [&hellip;]<\/p>\n","protected":false},"author":1,"featured_media":33236,"comment_status":"open","ping_status":"open","sticky":false,"template":"","format":"standard","meta":{"jetpack_post_was_ever_published":false,"_jetpack_newsletter_access":"","_jetpack_dont_email_post_to_subs":false,"_jetpack_newsletter_tier_id":0,"_jetpack_memberships_contains_paywalled_content":false,"_jetpack_memberships_contains_paid_content":false,"footnotes":""},"categories":[363],"tags":[1347,2643,3938,3940,1496,3942,1971,321,3941,596,2087,1816,3939,3519,1492,3943,1779,3707,1331,578,3937,844,1330,2519],"class_list":["post-33228","post","type-post","status-publish","format-standard","has-post-thumbnail","hentry","category-mini-lecteur","tag-18-ans-et-plus","tag-adultere","tag-alexis-chabert","tag-alfons-mucha","tag-art","tag-art-nouveau","tag-assassinat","tag-automne","tag-avortement","tag-bandes-dessinees","tag-bd-adulte","tag-bd-policiere","tag-belle-epoque","tag-challenge-petit-bac-2023","tag-condition-de-la-femme","tag-droits-des-femmes","tag-enquete-policiere","tag-inegalites-sociales","tag-meurtre","tag-paris","tag-philippe-pelaez","tag-romance","tag-secrets-de-famille","tag-vengeance","post-preview"],"jetpack_featured_media_url":"https:\/\/i0.wp.com\/www.jojoenherbe.com\/wp-content\/uploads\/2023\/11\/Automne-en-baie-de-Somme-scaled.jpg?fit=2560%2C2101&ssl=1","jetpack_sharing_enabled":true,"jetpack_shortlink":"https:\/\/wp.me\/p9zhGx-8DW","jetpack_likes_enabled":true,"jetpack-related-posts":[{"id":35272,"url":"https:\/\/www.jojoenherbe.com\/index.php\/2024\/03\/20\/au-fil-des-pages-avec-hiver-a-lopera\/","url_meta":{"origin":33228,"position":0},"title":"Au fil des pages avec Hiver \u00e0 l&rsquo;Op\u00e9ra","author":"Jojo","date":"20 mars 2024","format":false,"excerpt":"Le mois dernier, j\u2019ai lu Hiver \u00e0 l\u2019Op\u00e9ra de Philippe Pelaez et Alexis Chabert (\u00e9d. Grand Angle, octobre 2023, 72 pages), une BD adulte consultable en ligne gr\u00e2ce \u00e0 ma m\u00e9diath\u00e8que et qui se passe quelques temps apr\u00e8s les faits d\u2019Automne en baie de Somme avec une nouvelle enqu\u00eate, en\u2026","rel":"","context":"Dans &quot;Mini lecteur&quot;","block_context":{"text":"Mini lecteur","link":"https:\/\/www.jojoenherbe.com\/index.php\/category\/mini-lecteur\/"},"img":{"alt_text":"","src":"https:\/\/i0.wp.com\/www.jojoenherbe.com\/wp-content\/uploads\/2024\/02\/Hiver-a-lOpera-T2.jpg?fit=750%2C986&ssl=1&resize=350%2C200","width":350,"height":200,"srcset":"https:\/\/i0.wp.com\/www.jojoenherbe.com\/wp-content\/uploads\/2024\/02\/Hiver-a-lOpera-T2.jpg?fit=750%2C986&ssl=1&resize=350%2C200 1x, https:\/\/i0.wp.com\/www.jojoenherbe.com\/wp-content\/uploads\/2024\/02\/Hiver-a-lOpera-T2.jpg?fit=750%2C986&ssl=1&resize=525%2C300 1.5x, https:\/\/i0.wp.com\/www.jojoenherbe.com\/wp-content\/uploads\/2024\/02\/Hiver-a-lOpera-T2.jpg?fit=750%2C986&ssl=1&resize=700%2C400 2x"},"classes":[]},{"id":40743,"url":"https:\/\/www.jojoenherbe.com\/index.php\/2025\/09\/25\/throwback-thursday-livresque-livre-dont-le-titre-comporte-le-mot-automne\/","url_meta":{"origin":33228,"position":1},"title":"Throwback Thursday Livresque: Livre dont le titre comporte le mot \u00ab\u00a0Automne\u00a0\u00bb","author":"Jojo","date":"25 septembre 2025","format":false,"excerpt":"Ce jeudi 25 septembre 2025, je participe au Throwback Thursday Livresque, un rendez-vous livresque initialement chez Bettie Rose Books et repris depuis par Carole, les liens \u00e9tant \u00e0 d\u00e9poser chez My-Bo0ks. Le principe est de partager chaque jeudi un livre en fonction d\u2019un th\u00e8me donn\u00e9. Cette semaine, le th\u00e8me est\u2026","rel":"","context":"Dans &quot;Mini blogueur&quot;","block_context":{"text":"Mini blogueur","link":"https:\/\/www.jojoenherbe.com\/index.php\/category\/mini-blogueur\/"},"img":{"alt_text":"","src":"https:\/\/i0.wp.com\/www.jojoenherbe.com\/wp-content\/uploads\/2023\/10\/TTL-logo.jpg?resize=350%2C200","width":350,"height":200},"classes":[]},{"id":34424,"url":"https:\/\/www.jojoenherbe.com\/index.php\/2024\/01\/22\/point-lecture-hebdomadaire-2024-3\/","url_meta":{"origin":33228,"position":2},"title":"Point lecture hebdomadaire 2024 #3","author":"Jojo","date":"22 janvier 2024","format":false,"excerpt":"En ce d\u00e9but de semaine, voici notre point lecture hebdomadaire avec un retour sur nos lectures de la semaine derni\u00e8re (mais pas nos relectures). Nos lectures du 15 au 21 janvier 2024: Des lectures jeunesse: (BD jeunesse) Mortelle Ad\u00e8le et la galaxie des bizarres, Mortelle Ad\u00e8le, La rentr\u00e9e des claques\u2026","rel":"","context":"Dans &quot;Mini blogueur&quot;","block_context":{"text":"Mini blogueur","link":"https:\/\/www.jojoenherbe.com\/index.php\/category\/mini-blogueur\/"},"img":{"alt_text":"","src":"https:\/\/i0.wp.com\/www.jojoenherbe.com\/wp-content\/uploads\/2024\/01\/Mortelle-Adele-et-Ajax-BD-150x150.jpg?resize=350%2C200","width":350,"height":200},"classes":[]},{"id":34736,"url":"https:\/\/www.jojoenherbe.com\/index.php\/2024\/02\/12\/point-lecture-hebdomadaire-2024-6\/","url_meta":{"origin":33228,"position":3},"title":"Point lecture hebdomadaire 2024 #6","author":"Jojo","date":"12 f\u00e9vrier 2024","format":false,"excerpt":"En ce d\u00e9but de semaine, voici notre point lecture hebdomadaire avec un retour sur nos lectures de la semaine derni\u00e8re (mais pas nos relectures). Nos lectures du 5 au 11 f\u00e9vrier 2024: Des lectures jeunesse: (Album jeunesse) Le secret du Capitaine de Jean Leroy et de St\u00e9phane Poulin Nous avons\u2026","rel":"","context":"Dans &quot;Mini blogueur&quot;","block_context":{"text":"Mini blogueur","link":"https:\/\/www.jojoenherbe.com\/index.php\/category\/mini-blogueur\/"},"img":{"alt_text":"","src":"https:\/\/i0.wp.com\/www.jojoenherbe.com\/wp-content\/uploads\/2024\/02\/Le-secret-du-Capitaine-150x150.jpg?resize=350%2C200","width":350,"height":200},"classes":[]},{"id":38498,"url":"https:\/\/www.jojoenherbe.com\/index.php\/2025\/03\/27\/au-fil-des-pages-avec-meurtre-en-coulisse-t3\/","url_meta":{"origin":33228,"position":4},"title":"Au fil des pages avec Meurtre en coulisse (T3)","author":"Jojo","date":"27 mars 2025","format":false,"excerpt":"Avant de lire le tome 4, je prends le temps de chroniquer\u00a0Meurtre en coulisse, une enqu\u00eate de Loveday & Ryder de Faith Martin (\u00e9d. Harper Collins, d\u00e9cembre 2020, 284 pages), le tome 3 (lu il y a d\u00e9j\u00e0 longtemps) de cette s\u00e9rie \"cosy mystery\" qui se d\u00e9roule en septembre 1960,\u2026","rel":"","context":"Dans &quot;Mini lecteur&quot;","block_context":{"text":"Mini lecteur","link":"https:\/\/www.jojoenherbe.com\/index.php\/category\/mini-lecteur\/"},"img":{"alt_text":"","src":"https:\/\/i0.wp.com\/www.jojoenherbe.com\/wp-content\/uploads\/2021\/08\/Meurtre-en-coulisse-scaled.jpg?fit=1200%2C900&ssl=1&resize=350%2C200","width":350,"height":200,"srcset":"https:\/\/i0.wp.com\/www.jojoenherbe.com\/wp-content\/uploads\/2021\/08\/Meurtre-en-coulisse-scaled.jpg?fit=1200%2C900&ssl=1&resize=350%2C200 1x, https:\/\/i0.wp.com\/www.jojoenherbe.com\/wp-content\/uploads\/2021\/08\/Meurtre-en-coulisse-scaled.jpg?fit=1200%2C900&ssl=1&resize=525%2C300 1.5x, https:\/\/i0.wp.com\/www.jojoenherbe.com\/wp-content\/uploads\/2021\/08\/Meurtre-en-coulisse-scaled.jpg?fit=1200%2C900&ssl=1&resize=700%2C400 2x, https:\/\/i0.wp.com\/www.jojoenherbe.com\/wp-content\/uploads\/2021\/08\/Meurtre-en-coulisse-scaled.jpg?fit=1200%2C900&ssl=1&resize=1050%2C600 3x"},"classes":[]},{"id":29234,"url":"https:\/\/www.jojoenherbe.com\/index.php\/2023\/01\/25\/au-fil-des-pages-avec-le-tome-1-des-enquetes-de-lady-rose\/","url_meta":{"origin":33228,"position":5},"title":"Au fil des pages avec le tome 1 des Enqu\u00eates de Lady Rose","author":"Jojo","date":"25 janvier 2023","format":false,"excerpt":"J'ai lu, pendant le RAT British Mysteries 2023, le tome 1 sur 4 des Enqu\u00eates de Lady Rose, Meurtre et s\u00e9duction de M.C. Beaton (\u00e9d. Albin Michel, 2021, 299 pages), un roman historique au ton l\u00e9ger m\u00ealant romance et enqu\u00eate polici\u00e8re paru pour la premi\u00e8re fois en Angleterre en 2003\u2026","rel":"","context":"Dans &quot;Mini lecteur&quot;","block_context":{"text":"Mini lecteur","link":"https:\/\/www.jojoenherbe.com\/index.php\/category\/mini-lecteur\/"},"img":{"alt_text":"","src":"https:\/\/i0.wp.com\/www.jojoenherbe.com\/wp-content\/uploads\/2023\/01\/Les-enquetes-de-Lady-Rose-T1-2-scaled.jpg?fit=1200%2C952&ssl=1&resize=350%2C200","width":350,"height":200,"srcset":"https:\/\/i0.wp.com\/www.jojoenherbe.com\/wp-content\/uploads\/2023\/01\/Les-enquetes-de-Lady-Rose-T1-2-scaled.jpg?fit=1200%2C952&ssl=1&resize=350%2C200 1x, https:\/\/i0.wp.com\/www.jojoenherbe.com\/wp-content\/uploads\/2023\/01\/Les-enquetes-de-Lady-Rose-T1-2-scaled.jpg?fit=1200%2C952&ssl=1&resize=525%2C300 1.5x, https:\/\/i0.wp.com\/www.jojoenherbe.com\/wp-content\/uploads\/2023\/01\/Les-enquetes-de-Lady-Rose-T1-2-scaled.jpg?fit=1200%2C952&ssl=1&resize=700%2C400 2x, https:\/\/i0.wp.com\/www.jojoenherbe.com\/wp-content\/uploads\/2023\/01\/Les-enquetes-de-Lady-Rose-T1-2-scaled.jpg?fit=1200%2C952&ssl=1&resize=1050%2C600 3x"},"classes":[]}],"_links":{"self":[{"href":"https:\/\/www.jojoenherbe.com\/index.php\/wp-json\/wp\/v2\/posts\/33228","targetHints":{"allow":["GET"]}}],"collection":[{"href":"https:\/\/www.jojoenherbe.com\/index.php\/wp-json\/wp\/v2\/posts"}],"about":[{"href":"https:\/\/www.jojoenherbe.com\/index.php\/wp-json\/wp\/v2\/types\/post"}],"author":[{"embeddable":true,"href":"https:\/\/www.jojoenherbe.com\/index.php\/wp-json\/wp\/v2\/users\/1"}],"replies":[{"embeddable":true,"href":"https:\/\/www.jojoenherbe.com\/index.php\/wp-json\/wp\/v2\/comments?post=33228"}],"version-history":[{"count":17,"href":"https:\/\/www.jojoenherbe.com\/index.php\/wp-json\/wp\/v2\/posts\/33228\/revisions"}],"predecessor-version":[{"id":33800,"href":"https:\/\/www.jojoenherbe.com\/index.php\/wp-json\/wp\/v2\/posts\/33228\/revisions\/33800"}],"wp:featuredmedia":[{"embeddable":true,"href":"https:\/\/www.jojoenherbe.com\/index.php\/wp-json\/wp\/v2\/media\/33236"}],"wp:attachment":[{"href":"https:\/\/www.jojoenherbe.com\/index.php\/wp-json\/wp\/v2\/media?parent=33228"}],"wp:term":[{"taxonomy":"category","embeddable":true,"href":"https:\/\/www.jojoenherbe.com\/index.php\/wp-json\/wp\/v2\/categories?post=33228"},{"taxonomy":"post_tag","embeddable":true,"href":"https:\/\/www.jojoenherbe.com\/index.php\/wp-json\/wp\/v2\/tags?post=33228"}],"curies":[{"name":"wp","href":"https:\/\/api.w.org\/{rel}","templated":true}]}}