{"id":33080,"date":"2023-11-21T15:29:27","date_gmt":"2023-11-21T14:29:27","guid":{"rendered":"https:\/\/www.jojoenherbe.com\/?p=33080"},"modified":"2024-01-02T15:02:49","modified_gmt":"2024-01-02T14:02:49","slug":"au-fil-des-pages-avec-maya-labeille","status":"publish","type":"post","link":"https:\/\/www.jojoenherbe.com\/index.php\/2023\/11\/21\/au-fil-des-pages-avec-maya-labeille\/","title":{"rendered":"Au fil des pages avec Maya l&rsquo;abeille"},"content":{"rendered":"<p style=\"text-align: justify;\"><em>J&rsquo;ai lu <span style=\"text-decoration: underline;\">Maya l&rsquo;abeille<\/span> de Waldemar Bonsels (\u00e9d. Ynnis Editions, 2022, 221 pages), un roman jeunesse initiatique \u00e0 partir de 9\/10 ans et paru pour la premi\u00e8re fois en Allemagne en 1912. Quand je l&rsquo;ai vu \u00e0 la fin de l&rsquo;\u00e9t\u00e9 dans les nouveaut\u00e9s de ma m\u00e9diath\u00e8que, je ne savais pas que l&rsquo;histoire \u00e9tait si ancienne, ne connaissant que le dessin anim\u00e9 de la fin des ann\u00e9es 70 avec son embl\u00e9matique chanson du g\u00e9n\u00e9rique.<\/em><\/p>\n<p style=\"text-align: justify;\"><em>Toute jeune abeille \u00e9lev\u00e9e par sa nourrice Cassandre, Maya sort pour la premi\u00e8re fois de la ruche par une belle journ\u00e9e d&rsquo;\u00e9t\u00e9. Curieuse et intr\u00e9pide, elle d\u00e9cide de partir \u00e0 la d\u00e9couverte du monde et non de devenir une ouvri\u00e8re r\u00e9coltant et rapportant chaque jour le pollen \u00e0 la ruche. La petite abeille est tr\u00e8s vite \u00e9merveill\u00e9e par la beaut\u00e9 estivale et impressionn\u00e9e par ce qui l&rsquo;entoure, inconsciente des dangers qui la guettent, comme par exemple des pr\u00e9dateurs. Elle rencontre de nombreux insectes et autres petits animaux (bousier, libellule, araign\u00e9e, punaise, papillon&#8230;), parfois amicaux parfois hostiles ainsi qu&rsquo;un elfe des fleurs. De discussion en discussion, elle d\u00e9sire de plus en plus rencontrer un \u00eatre humain bon.\u00a0 Parviendra-t-elle \u00e0 r\u00e9aliser son r\u00eave, trouver sa place parmi les abeilles, forte d\u00e9sormais de son exp\u00e9rience?<\/em><\/p>\n<p style=\"text-align: justify;\"><em>\u00c0 chaque rencontre \u00e9ph\u00e9m\u00e8re (\u00e0 peu pr\u00e8s un chapitre \u00e0 chaque fois, l&rsquo;animal se faisant d\u00e9vorer ou disparaissant purement et simplement), la petite abeille m\u00fbrit tout comme le jeune lecteur, le narrateur omniscient, profond\u00e9ment humain l&rsquo;interpellant par des petites phrases en italique qui vont bien au-del\u00e0 des aventures de la petite abeille. Il y est ainsi question de la vie humaine, du vivre ensemble, d&rsquo;apprendre de ses erreurs et de ses pr\u00e9jug\u00e9s, de ne pas se fier aux apparences qui peuvent \u00eatre trompeuses, de beaut\u00e9, de mort, de douleurs et de souffrance, du syst\u00e8me naturel proie\/pr\u00e9dateur, d&rsquo;un peu de magie avec l&rsquo;elfe des fleurs ou bien encore d&rsquo;amour entre insectes d&rsquo;esp\u00e8ce diff\u00e9rente&#8230;<br \/>\n<\/em><\/p>\n<p style=\"text-align: justify;\"><em> D&rsquo;autre part, je n&rsquo;ai pu laisser de c\u00f4t\u00e9 tout au long de ma lecture que l&rsquo;histoire a \u00e9t\u00e9 \u00e9crite et publi\u00e9e quelques ann\u00e9es avant la Premi\u00e8re Guerre Mondiale, surtout \u00e0 la lecture de la confrontation finale abeilles\/frelons, l&rsquo;auteur apparaissant humaniste et pacifiste, bien que patriotique (vivre pour la reine de la ruche avant sa propre vie d&rsquo;abeille). <\/em><\/p>\n<p style=\"text-align: justify;\"><em>J&rsquo;ai ainsi appr\u00e9ci\u00e9 d\u00e9couvrir la v\u00e9ritable histoire de Maya l&rsquo;abeille, loin de mes souvenirs d&rsquo;enfance, m\u00eame si j&rsquo;ai regrett\u00e9 qu&rsquo;il n&rsquo;y ait pas quelques illustrations des diff\u00e9rents animaux crois\u00e9s, anthropomorphis\u00e9s ou non, comme ce peut \u00eatre le cas par exemple chez Beatrix Potter. Un bon moment de lecture avec ce roman d&rsquo;apprentissage \u00e0 la fois po\u00e9tique et philosophique, un classique jeunesse allemand qui interroge la nature humaine!<br \/>\n<\/em><\/p>\n<p><em>Pour le plaisir, je vous mets le lien du g\u00e9n\u00e9rique de Maya l&rsquo;abeille:<\/em><\/p>\n<p><span class=\"embed-youtube\" style=\"text-align:center; display: block;\"><iframe loading=\"lazy\" class=\"youtube-player\" width=\"676\" height=\"381\" src=\"https:\/\/www.youtube.com\/embed\/l5igWxSPDaI?version=3&#038;rel=1&#038;showsearch=0&#038;showinfo=1&#038;iv_load_policy=1&#038;fs=1&#038;hl=fr-FR&#038;autohide=2&#038;wmode=transparent\" allowfullscreen=\"true\" style=\"border:0;\" sandbox=\"allow-scripts allow-same-origin allow-popups allow-presentation allow-popups-to-escape-sandbox\"><\/iframe><\/span><\/p>\n<div id=\"attachment_46786\" style=\"width: 101px\" class=\"wp-caption alignleft\"><img loading=\"lazy\" decoding=\"async\" aria-describedby=\"caption-attachment-46786\" class=\"wp-image-46786\" src=\"https:\/\/i0.wp.com\/delivrer-des-livres.fr\/wp-content\/uploads\/2023\/01\/20232-300x300.png?resize=94%2C94&amp;ssl=1\" sizes=\"auto, (max-width: 300px) 100vw, 300px\" srcset=\"https:\/\/i0.wp.com\/delivrer-des-livres.fr\/wp-content\/uploads\/2023\/01\/20232-300x300.png?resize=94%2C94&amp;ssl=1 300w, https:\/\/delivrer-des-livres.fr\/wp-content\/uploads\/2023\/01\/20232-150x150.png 150w, https:\/\/delivrer-des-livres.fr\/wp-content\/uploads\/2023\/01\/20232-768x768.png 768w, https:\/\/delivrer-des-livres.fr\/wp-content\/uploads\/2023\/01\/20232-250x250.png 250w, https:\/\/delivrer-des-livres.fr\/wp-content\/uploads\/2023\/01\/20232-308x308.png 308w, https:\/\/delivrer-des-livres.fr\/wp-content\/uploads\/2023\/01\/20232.png 1024w\" alt=\"\" width=\"91\" height=\"91\" aria-describedby=\"caption-attachment-46786\" data-recalc-dims=\"1\" \/><p id=\"caption-attachment-46786\" class=\"wp-caption-text\">Participation # Challenge 2023 sera classique de <a href=\"https:\/\/vivrelivre19.over-blog.com\/2023\/01\/2023-sera-classique.html\">Blandine<\/a> et <a href=\"https:\/\/delivrer-des-livres.fr\/2023-sera-classique\/\">Nathalie<\/a> #Classique jeunesse allemand<\/p><\/div>\n<div style=\"width: 92px\" class=\"wp-caption alignleft\"><img loading=\"lazy\" decoding=\"async\" src=\"https:\/\/i2.wp.com\/mapetitemediatheque.fr\/wp-content\/uploads\/2021\/07\/challenge-contes-et-legendes-239x300-1.jpg?resize=137%2C172\" alt=\"\" width=\"82\" height=\"103\" \/><p class=\"wp-caption-text\">Participation # Challenge Contes &amp; L\u00e9gendes 2023 de <a href=\"https:\/\/mapetitemediatheque.fr\/2023\/01\/challenge-contes-et-legendes-2023\/\">Bidib<\/a> #Elfe des fleurs<\/p><\/div>\n<div style=\"width: 103px\" class=\"wp-caption alignleft\"><img loading=\"lazy\" decoding=\"async\" src=\"https:\/\/lh3.googleusercontent.com\/pw\/AL9nZEWED5sOowfaAIivQoSsFwl6hy51lsnek_4EIHIPI8waW2MHjhj6cf1EWilIUD7SnvlDRky5UrFLm6lgTjQT1BDXKA7teG_K1CBqytzzkXj-pFGsHXBy_zmGvKTiD_gxxb6BAz3Fn3Q7E1EJdf1tGnU3MQ=w285-h217-no?authuser=0\" alt=\"\" width=\"93\" height=\"71\" \/><p class=\"wp-caption-text\">Challenge Petit Bac d\u2019<a href=\"https:\/\/ennalit.wordpress.com\/2022\/12\/01\/challenge-petit-bac-2023-qui-veut-jouer\/\" data-rich-text-format-boundary=\"true\">Enna<\/a> #5 Cat\u00e9gorie Pr\u00e9nom: \u00ab Maya \u00bb<\/p><\/div>\n<div id=\"attachment_19954\" style=\"width: 121px\" class=\"wp-caption alignleft\"><img loading=\"lazy\" decoding=\"async\" aria-describedby=\"caption-attachment-19954\" class=\"wp-image-19954\" src=\"https:\/\/i0.wp.com\/mapetitemediatheque.fr\/wp-content\/uploads\/2021\/11\/Inkedle-tour-du-monde-en-80-livres-2_LI.jpg?resize=116%2C87&amp;ssl=1\" sizes=\"auto, (max-width: 500px) 100vw, 500px\" srcset=\"https:\/\/i0.wp.com\/mapetitemediatheque.fr\/wp-content\/uploads\/2021\/11\/Inkedle-tour-du-monde-en-80-livres-2_LI.jpg?resize=116%2C87&amp;ssl=1 500w, https:\/\/mapetitemediatheque.fr\/wp-content\/uploads\/2021\/11\/Inkedle-tour-du-monde-en-80-livres-2_LI-300x226.jpg 300w, https:\/\/mapetitemediatheque.fr\/wp-content\/uploads\/2021\/11\/Inkedle-tour-du-monde-en-80-livres-2_LI-120x90.jpg 120w\" alt=\"\" width=\"111\" height=\"84\" aria-describedby=\"caption-attachment-19954\" \/><p id=\"caption-attachment-19954\" class=\"wp-caption-text\">Participation #12 (Parcours litt\u00e9raire) Challenge Le tour du monde en 80 livres 2023 de <a href=\"https:\/\/mapetitemediatheque.fr\/2022\/12\/le-tour-du-monde-en-80-livres-2023\/\">Bidib<\/a>#Allemagne<\/p><\/div>\n","protected":false},"excerpt":{"rendered":"<p>J&rsquo;ai lu Maya l&rsquo;abeille de Waldemar Bonsels (\u00e9d. Ynnis Editions, 2022, 221 pages), un roman jeunesse initiatique \u00e0 partir de 9\/10 ans et paru pour la premi\u00e8re fois en Allemagne en 1912. Quand je l&rsquo;ai vu \u00e0 la fin de l&rsquo;\u00e9t\u00e9 dans les nouveaut\u00e9s de ma m\u00e9diath\u00e8que, je ne savais pas que l&rsquo;histoire \u00e9tait si [&hellip;]<\/p>\n","protected":false},"author":1,"featured_media":33081,"comment_status":"open","ping_status":"open","sticky":false,"template":"","format":"standard","meta":{"jetpack_post_was_ever_published":false,"_jetpack_newsletter_access":"","_jetpack_dont_email_post_to_subs":false,"_jetpack_newsletter_tier_id":0,"_jetpack_memberships_contains_paywalled_content":false,"_jetpack_memberships_contains_paid_content":false,"footnotes":""},"categories":[363],"tags":[3540,852,501,386,777,377,1036,601,2702,3915,3521,3519,2432,1082,3747,917,611,3918,462,3916,415,3525,1020,343,739,3920,980,711,3917,1177,789,3914,863,448,3919],"class_list":["post-33080","post","type-post","status-publish","format-standard","has-post-thumbnail","hentry","category-mini-lecteur","tag-2023-sera-classique","tag-9-12-ans","tag-abeille","tag-amitie","tag-amour","tag-apprentissage","tag-araignee","tag-aventure","tag-beaute","tag-bousier","tag-challenge-contes-et-legendes-2023","tag-challenge-petit-bac-2023","tag-cycle-de-la-vie","tag-danger","tag-ecosysteme","tag-elfe","tag-ete","tag-experience","tag-fleurs","tag-frelon","tag-insectes","tag-le-tour-du-monde-en-80-livres-2023","tag-lectures-dete","tag-libellule","tag-liberte","tag-litterature-allemande","tag-mort","tag-prejuges","tag-roman-dapprentissage","tag-roman-initiatique","tag-romans-jeunesse","tag-ruche","tag-sauterelle","tag-vivre-ensemble","tag-waldemar-bonsels","post-preview"],"jetpack_featured_media_url":"https:\/\/i0.wp.com\/www.jojoenherbe.com\/wp-content\/uploads\/2023\/11\/Maya-labeille-scaled.jpg?fit=2560%2C2209&ssl=1","jetpack_sharing_enabled":true,"jetpack_shortlink":"https:\/\/wp.me\/p9zhGx-8By","jetpack_likes_enabled":true,"jetpack-related-posts":[{"id":33044,"url":"https:\/\/www.jojoenherbe.com\/index.php\/2023\/11\/20\/point-lecture-hebdomadaire-2023-46\/","url_meta":{"origin":33080,"position":0},"title":"Point lecture hebdomadaire 2023 #46","author":"Jojo","date":"20 novembre 2023","format":false,"excerpt":"En ce d\u00e9but de semaine, voici notre point lecture hebdomadaire avec un retour sur nos lectures de la semaine derni\u00e8re (mais pas nos relectures) et qui sont encore un peu halloweenesque. D'ailleurs, du 10 au 30 novembre, c'est No\u00eblloween avec les copinautes, Hilde, Lou, Chicky Poo et Samarian. Nos lectures\u2026","rel":"","context":"Dans &quot;Mini blogueur&quot;","block_context":{"text":"Mini blogueur","link":"https:\/\/www.jojoenherbe.com\/index.php\/category\/mini-blogueur\/"},"img":{"alt_text":"","src":"https:\/\/i0.wp.com\/www.jojoenherbe.com\/wp-content\/uploads\/2023\/11\/Charlock-T7-150x150.jpg?resize=350%2C200","width":350,"height":200},"classes":[]},{"id":38793,"url":"https:\/\/www.jojoenherbe.com\/index.php\/2025\/03\/30\/au-fil-des-pages-avec-letoile-du-soir\/","url_meta":{"origin":33080,"position":1},"title":"Au fil des pages avec L\u2019\u00c9toile du soir","author":"Jojo","date":"30 mars 2025","format":false,"excerpt":"J'ai lu L\u2019\u00c9toile du soir de Si\u00e8cle Va\u00eblban (\u00e9d. Albin Michel Jeunesse, octobre 2023, 144 pages), un roman jeunesse \u00e0 partir de 8 ans selon l'\u00e9diteur mais que je conseillerai pour les adolescents au vu des th\u00e8mes abord\u00e9s. Chaque soir apr\u00e8s l'\u00e9cole, Kinjal, une fillette de 9 ans rentre chez\u2026","rel":"","context":"Dans &quot;Mini lecteur&quot;","block_context":{"text":"Mini lecteur","link":"https:\/\/www.jojoenherbe.com\/index.php\/category\/mini-lecteur\/"},"img":{"alt_text":"","src":"https:\/\/i0.wp.com\/www.jojoenherbe.com\/wp-content\/uploads\/2025\/03\/LEtoile-du-soir.jpg?fit=749%2C1140&ssl=1&resize=350%2C200","width":350,"height":200,"srcset":"https:\/\/i0.wp.com\/www.jojoenherbe.com\/wp-content\/uploads\/2025\/03\/LEtoile-du-soir.jpg?fit=749%2C1140&ssl=1&resize=350%2C200 1x, https:\/\/i0.wp.com\/www.jojoenherbe.com\/wp-content\/uploads\/2025\/03\/LEtoile-du-soir.jpg?fit=749%2C1140&ssl=1&resize=525%2C300 1.5x, https:\/\/i0.wp.com\/www.jojoenherbe.com\/wp-content\/uploads\/2025\/03\/LEtoile-du-soir.jpg?fit=749%2C1140&ssl=1&resize=700%2C400 2x"},"classes":[]},{"id":31954,"url":"https:\/\/www.jojoenherbe.com\/index.php\/2023\/09\/15\/au-fil-des-pages-avec-la-longue-marche-des-dindes-bd\/","url_meta":{"origin":33080,"position":2},"title":"Au fil des pages avec La longue marche des dindes (BD)","author":"Jojo","date":"15 septembre 2023","format":false,"excerpt":"Pouvant le consulter en ligne gr\u00e2ce \u00e0 ma m\u00e9diath\u00e8que, j'ai lu La longue marche des dindes de L\u00e9onie Bischoff, d'apr\u00e8s Kathleen Karr (\u00e9d. Rue des S\u00e8vres, septembre 2022, 144 pages), un roman graphique jeunesse \u00e0 partir de 9\/10 ans, joliment illustr\u00e9 et adoptant en BD le roman \u00e9ponyme de Kathleen\u2026","rel":"","context":"Dans &quot;Mini lecteur&quot;","block_context":{"text":"Mini lecteur","link":"https:\/\/www.jojoenherbe.com\/index.php\/category\/mini-lecteur\/"},"img":{"alt_text":"","src":"https:\/\/i0.wp.com\/www.jojoenherbe.com\/wp-content\/uploads\/2023\/09\/La-longue-marche-des-dindes.jpg?fit=750%2C1178&ssl=1&resize=350%2C200","width":350,"height":200,"srcset":"https:\/\/i0.wp.com\/www.jojoenherbe.com\/wp-content\/uploads\/2023\/09\/La-longue-marche-des-dindes.jpg?fit=750%2C1178&ssl=1&resize=350%2C200 1x, https:\/\/i0.wp.com\/www.jojoenherbe.com\/wp-content\/uploads\/2023\/09\/La-longue-marche-des-dindes.jpg?fit=750%2C1178&ssl=1&resize=525%2C300 1.5x, https:\/\/i0.wp.com\/www.jojoenherbe.com\/wp-content\/uploads\/2023\/09\/La-longue-marche-des-dindes.jpg?fit=750%2C1178&ssl=1&resize=700%2C400 2x"},"classes":[]},{"id":37696,"url":"https:\/\/www.jojoenherbe.com\/index.php\/2024\/12\/30\/au-fil-des-pages-avec-lettres-damour-de-0-a-10-bd\/","url_meta":{"origin":33080,"position":3},"title":"Au fil des pages avec Lettres d\u2019amour de 0 \u00e0 10 (BD)","author":"Jojo","date":"30 d\u00e9cembre 2024","format":false,"excerpt":"J\u2019ai lu, en version num\u00e9rique via ma m\u00e9diath\u00e8que, Lettres d\u2019amour de 0 \u00e0 10 de Susie Morgenstern et Thomas Baas (\u00e9d. Rue de S\u00e8vres, octobre 2019, 88 pages), un BD jeunesse \u00e0 la jolie illustration de couverture automnale et qui est une adaptation fid\u00e8le du roman \u00e9ponyme de Susie Morgenstern\u2026","rel":"","context":"Dans &quot;Mini lecteur&quot;","block_context":{"text":"Mini lecteur","link":"https:\/\/www.jojoenherbe.com\/index.php\/category\/mini-lecteur\/"},"img":{"alt_text":"","src":"https:\/\/i0.wp.com\/www.jojoenherbe.com\/wp-content\/uploads\/2024\/12\/Lettres-damour-de-0-a-10-BD.jpg?fit=750%2C1022&ssl=1&resize=350%2C200","width":350,"height":200,"srcset":"https:\/\/i0.wp.com\/www.jojoenherbe.com\/wp-content\/uploads\/2024\/12\/Lettres-damour-de-0-a-10-BD.jpg?fit=750%2C1022&ssl=1&resize=350%2C200 1x, https:\/\/i0.wp.com\/www.jojoenherbe.com\/wp-content\/uploads\/2024\/12\/Lettres-damour-de-0-a-10-BD.jpg?fit=750%2C1022&ssl=1&resize=525%2C300 1.5x, https:\/\/i0.wp.com\/www.jojoenherbe.com\/wp-content\/uploads\/2024\/12\/Lettres-damour-de-0-a-10-BD.jpg?fit=750%2C1022&ssl=1&resize=700%2C400 2x"},"classes":[]},{"id":9687,"url":"https:\/\/www.jojoenherbe.com\/index.php\/2020\/01\/19\/au-fil-des-pages-avec-lhiver-ensorcele-de-moomin\/","url_meta":{"origin":33080,"position":4},"title":"Au fil des pages avec L&rsquo;hiver ensorcel\u00e9 de Moomin","author":"Jojo","date":"19 janvier 2020","format":false,"excerpt":"J'emprunte \u00e0 la biblioth\u00e8que L'hiver ensorcel\u00e9 de Moomin de Tove Jannson (\u00e9d. Le l\u00e9zard noir, coll. Le petit l\u00e9zard, 2017), un roman jeunesse \u00e0 partir de 6 ans et agr\u00e9ment\u00e9 d'illustrations en noir et blanc. C'est un classique de la litt\u00e9rature finlandaise pour enfants paru en 1957. Dans ce tome,\u2026","rel":"","context":"Dans &quot;Mini lecteur&quot;","block_context":{"text":"Mini lecteur","link":"https:\/\/www.jojoenherbe.com\/index.php\/category\/mini-lecteur\/"},"img":{"alt_text":"","src":"https:\/\/i0.wp.com\/www.jojoenherbe.com\/wp-content\/uploads\/2020\/01\/Lhiver-ensorcel%C3%A9-de-Moomin.jpg?fit=1200%2C1048&ssl=1&resize=350%2C200","width":350,"height":200,"srcset":"https:\/\/i0.wp.com\/www.jojoenherbe.com\/wp-content\/uploads\/2020\/01\/Lhiver-ensorcel%C3%A9-de-Moomin.jpg?fit=1200%2C1048&ssl=1&resize=350%2C200 1x, https:\/\/i0.wp.com\/www.jojoenherbe.com\/wp-content\/uploads\/2020\/01\/Lhiver-ensorcel%C3%A9-de-Moomin.jpg?fit=1200%2C1048&ssl=1&resize=525%2C300 1.5x, https:\/\/i0.wp.com\/www.jojoenherbe.com\/wp-content\/uploads\/2020\/01\/Lhiver-ensorcel%C3%A9-de-Moomin.jpg?fit=1200%2C1048&ssl=1&resize=700%2C400 2x, https:\/\/i0.wp.com\/www.jojoenherbe.com\/wp-content\/uploads\/2020\/01\/Lhiver-ensorcel%C3%A9-de-Moomin.jpg?fit=1200%2C1048&ssl=1&resize=1050%2C600 3x"},"classes":[]},{"id":11534,"url":"https:\/\/www.jojoenherbe.com\/index.php\/2020\/09\/08\/au-fil-des-pages-avec-le-magicien-doz\/","url_meta":{"origin":33080,"position":5},"title":"Au fil des pages avec Le Magicien d&rsquo;Oz","author":"Jojo","date":"8 septembre 2020","format":false,"excerpt":"J'emprunte \u00e0 la m\u00e9diath\u00e8que Le Magicien d'Oz de S\u00e9bastien Perez et Benjamin Lacombe, d'apr\u00e8s Lyman Frank Baum (\u00e9d. Albin Michel Jeunesse, 2018),\u00a0 un album jeunesse \u00e0 partir de 9 ans voire un peu plus puisqu'il s'agit plut\u00f4t d'un roman illustr\u00e9. Quelle superbe adaptation de l\u2019\u0153uvre de L.F. Baum publi\u00e9 en\u2026","rel":"","context":"Dans &quot;Mini lecteur&quot;","block_context":{"text":"Mini lecteur","link":"https:\/\/www.jojoenherbe.com\/index.php\/category\/mini-lecteur\/"},"img":{"alt_text":"","src":"https:\/\/i0.wp.com\/www.jojoenherbe.com\/wp-content\/uploads\/2020\/07\/Le-magicien-dOz-scaled.jpg?fit=1200%2C900&ssl=1&resize=350%2C200","width":350,"height":200,"srcset":"https:\/\/i0.wp.com\/www.jojoenherbe.com\/wp-content\/uploads\/2020\/07\/Le-magicien-dOz-scaled.jpg?fit=1200%2C900&ssl=1&resize=350%2C200 1x, https:\/\/i0.wp.com\/www.jojoenherbe.com\/wp-content\/uploads\/2020\/07\/Le-magicien-dOz-scaled.jpg?fit=1200%2C900&ssl=1&resize=525%2C300 1.5x, https:\/\/i0.wp.com\/www.jojoenherbe.com\/wp-content\/uploads\/2020\/07\/Le-magicien-dOz-scaled.jpg?fit=1200%2C900&ssl=1&resize=700%2C400 2x, https:\/\/i0.wp.com\/www.jojoenherbe.com\/wp-content\/uploads\/2020\/07\/Le-magicien-dOz-scaled.jpg?fit=1200%2C900&ssl=1&resize=1050%2C600 3x"},"classes":[]}],"_links":{"self":[{"href":"https:\/\/www.jojoenherbe.com\/index.php\/wp-json\/wp\/v2\/posts\/33080","targetHints":{"allow":["GET"]}}],"collection":[{"href":"https:\/\/www.jojoenherbe.com\/index.php\/wp-json\/wp\/v2\/posts"}],"about":[{"href":"https:\/\/www.jojoenherbe.com\/index.php\/wp-json\/wp\/v2\/types\/post"}],"author":[{"embeddable":true,"href":"https:\/\/www.jojoenherbe.com\/index.php\/wp-json\/wp\/v2\/users\/1"}],"replies":[{"embeddable":true,"href":"https:\/\/www.jojoenherbe.com\/index.php\/wp-json\/wp\/v2\/comments?post=33080"}],"version-history":[{"count":9,"href":"https:\/\/www.jojoenherbe.com\/index.php\/wp-json\/wp\/v2\/posts\/33080\/revisions"}],"predecessor-version":[{"id":33937,"href":"https:\/\/www.jojoenherbe.com\/index.php\/wp-json\/wp\/v2\/posts\/33080\/revisions\/33937"}],"wp:featuredmedia":[{"embeddable":true,"href":"https:\/\/www.jojoenherbe.com\/index.php\/wp-json\/wp\/v2\/media\/33081"}],"wp:attachment":[{"href":"https:\/\/www.jojoenherbe.com\/index.php\/wp-json\/wp\/v2\/media?parent=33080"}],"wp:term":[{"taxonomy":"category","embeddable":true,"href":"https:\/\/www.jojoenherbe.com\/index.php\/wp-json\/wp\/v2\/categories?post=33080"},{"taxonomy":"post_tag","embeddable":true,"href":"https:\/\/www.jojoenherbe.com\/index.php\/wp-json\/wp\/v2\/tags?post=33080"}],"curies":[{"name":"wp","href":"https:\/\/api.w.org\/{rel}","templated":true}]}}