{"id":32894,"date":"2023-10-26T11:33:55","date_gmt":"2023-10-26T09:33:55","guid":{"rendered":"https:\/\/www.jojoenherbe.com\/?p=32894"},"modified":"2023-11-11T11:34:39","modified_gmt":"2023-11-11T10:34:39","slug":"au-fil-des-pages-avec-gromislav-le-geant-qui-couvait-la-terre","status":"publish","type":"post","link":"https:\/\/www.jojoenherbe.com\/index.php\/2023\/10\/26\/au-fil-des-pages-avec-gromislav-le-geant-qui-couvait-la-terre\/","title":{"rendered":"Au fil des pages avec Gromislav, le g\u00e9ant qui couvait la Terre"},"content":{"rendered":"<p style=\"text-align: justify;\"><em><a href=\"https:\/\/i0.wp.com\/www.jojoenherbe.com\/wp-content\/uploads\/2023\/10\/Gromislav-5-scaled.jpg\"><img data-recalc-dims=\"1\" loading=\"lazy\" decoding=\"async\" data-attachment-id=\"32905\" data-permalink=\"https:\/\/www.jojoenherbe.com\/index.php\/2023\/10\/26\/au-fil-des-pages-avec-gromislav-le-geant-qui-couvait-la-terre\/gromislav-5\/\" data-orig-file=\"https:\/\/i0.wp.com\/www.jojoenherbe.com\/wp-content\/uploads\/2023\/10\/Gromislav-5-scaled.jpg?fit=1920%2C2560&amp;ssl=1\" data-orig-size=\"1920,2560\" data-comments-opened=\"1\" data-image-meta=\"{&quot;aperture&quot;:&quot;1.8&quot;,&quot;credit&quot;:&quot;&quot;,&quot;camera&quot;:&quot;iPhone 7&quot;,&quot;caption&quot;:&quot;&quot;,&quot;created_timestamp&quot;:&quot;1697895079&quot;,&quot;copyright&quot;:&quot;&quot;,&quot;focal_length&quot;:&quot;3.99&quot;,&quot;iso&quot;:&quot;50&quot;,&quot;shutter_speed&quot;:&quot;0.066666666666667&quot;,&quot;title&quot;:&quot;&quot;,&quot;orientation&quot;:&quot;1&quot;}\" data-image-title=\"Gromislav 5\" data-image-description=\"\" data-image-caption=\"\" data-large-file=\"https:\/\/i0.wp.com\/www.jojoenherbe.com\/wp-content\/uploads\/2023\/10\/Gromislav-5-scaled.jpg?fit=676%2C901&amp;ssl=1\" class=\"alignleft size-thumbnail wp-image-32905\" src=\"https:\/\/i0.wp.com\/www.jojoenherbe.com\/wp-content\/uploads\/2023\/10\/Gromislav-5.jpg?resize=150%2C150\" alt=\"\" width=\"150\" height=\"150\" srcset=\"https:\/\/i0.wp.com\/www.jojoenherbe.com\/wp-content\/uploads\/2023\/10\/Gromislav-5-scaled.jpg?resize=150%2C150&amp;ssl=1 150w, https:\/\/i0.wp.com\/www.jojoenherbe.com\/wp-content\/uploads\/2023\/10\/Gromislav-5-scaled.jpg?zoom=2&amp;resize=150%2C150 300w, https:\/\/i0.wp.com\/www.jojoenherbe.com\/wp-content\/uploads\/2023\/10\/Gromislav-5-scaled.jpg?zoom=3&amp;resize=150%2C150 450w\" sizes=\"auto, (max-width: 150px) 100vw, 150px\" \/><\/a> <a href=\"https:\/\/i0.wp.com\/www.jojoenherbe.com\/wp-content\/uploads\/2023\/10\/Gromislav-3-scaled.jpg\"><img data-recalc-dims=\"1\" loading=\"lazy\" decoding=\"async\" data-attachment-id=\"32903\" data-permalink=\"https:\/\/www.jojoenherbe.com\/index.php\/2023\/10\/26\/au-fil-des-pages-avec-gromislav-le-geant-qui-couvait-la-terre\/gromislav-3\/\" data-orig-file=\"https:\/\/i0.wp.com\/www.jojoenherbe.com\/wp-content\/uploads\/2023\/10\/Gromislav-3-scaled.jpg?fit=2560%2C1634&amp;ssl=1\" data-orig-size=\"2560,1634\" data-comments-opened=\"1\" data-image-meta=\"{&quot;aperture&quot;:&quot;1.8&quot;,&quot;credit&quot;:&quot;&quot;,&quot;camera&quot;:&quot;iPhone 7&quot;,&quot;caption&quot;:&quot;&quot;,&quot;created_timestamp&quot;:&quot;1697894964&quot;,&quot;copyright&quot;:&quot;&quot;,&quot;focal_length&quot;:&quot;3.99&quot;,&quot;iso&quot;:&quot;50&quot;,&quot;shutter_speed&quot;:&quot;0.066666666666667&quot;,&quot;title&quot;:&quot;&quot;,&quot;orientation&quot;:&quot;1&quot;}\" data-image-title=\"Gromislav 3\" data-image-description=\"\" data-image-caption=\"\" data-large-file=\"https:\/\/i0.wp.com\/www.jojoenherbe.com\/wp-content\/uploads\/2023\/10\/Gromislav-3-scaled.jpg?fit=676%2C431&amp;ssl=1\" class=\"alignleft size-thumbnail wp-image-32903\" src=\"https:\/\/i0.wp.com\/www.jojoenherbe.com\/wp-content\/uploads\/2023\/10\/Gromislav-3.jpg?resize=150%2C150\" alt=\"\" width=\"150\" height=\"150\" srcset=\"https:\/\/i0.wp.com\/www.jojoenherbe.com\/wp-content\/uploads\/2023\/10\/Gromislav-3-scaled.jpg?resize=150%2C150&amp;ssl=1 150w, https:\/\/i0.wp.com\/www.jojoenherbe.com\/wp-content\/uploads\/2023\/10\/Gromislav-3-scaled.jpg?zoom=2&amp;resize=150%2C150 300w, https:\/\/i0.wp.com\/www.jojoenherbe.com\/wp-content\/uploads\/2023\/10\/Gromislav-3-scaled.jpg?zoom=3&amp;resize=150%2C150 450w\" sizes=\"auto, (max-width: 150px) 100vw, 150px\" \/><\/a>Nous avons lu <span style=\"text-decoration: underline;\">Gromislav, le g\u00e9ant qui couvait la Terre<\/span> de Carole Tr\u00e9bor et Tristan Gion (\u00e9d. Aleph Editions, ao\u00fbt 2019, 48 pages), un album jeunesse \u00e0 partir de 6 ans selon l&rsquo;\u00e9diteur mais je dirai pour les plus grands, \u00e0 partir de 9\/10 ans autour de la mythologie slave. Gromislav est un g\u00e9ant au caract\u00e8re bien diff\u00e9rent de ses fr\u00e8res, amoureux des oiseaux et protecteur de la Nature. Lorsqu\u2019avec ses fr\u00e8res, il est chass\u00e9 par les Dieux sur une nouvelle plan\u00e8te, la Terre, ses fr\u00e8res recommencent \u00e0 tout d\u00e9truire et concoctent une vengeance avec un d\u00e9mon. Grosmilav parviendra-t-il \u00e0 d\u00e9jouer leur plan et prot\u00e9ger leur nouvelle plan\u00e8te?<\/em><\/p>\n<p style=\"text-align: justify;\"><em><a href=\"https:\/\/i0.wp.com\/www.jojoenherbe.com\/wp-content\/uploads\/2023\/10\/Gromislav-4-scaled.jpg\"><img data-recalc-dims=\"1\" loading=\"lazy\" decoding=\"async\" data-attachment-id=\"32904\" data-permalink=\"https:\/\/www.jojoenherbe.com\/index.php\/2023\/10\/26\/au-fil-des-pages-avec-gromislav-le-geant-qui-couvait-la-terre\/gromislav-4\/\" data-orig-file=\"https:\/\/i0.wp.com\/www.jojoenherbe.com\/wp-content\/uploads\/2023\/10\/Gromislav-4-scaled.jpg?fit=1869%2C2560&amp;ssl=1\" data-orig-size=\"1869,2560\" data-comments-opened=\"1\" data-image-meta=\"{&quot;aperture&quot;:&quot;1.8&quot;,&quot;credit&quot;:&quot;&quot;,&quot;camera&quot;:&quot;iPhone 7&quot;,&quot;caption&quot;:&quot;&quot;,&quot;created_timestamp&quot;:&quot;1697895036&quot;,&quot;copyright&quot;:&quot;&quot;,&quot;focal_length&quot;:&quot;3.99&quot;,&quot;iso&quot;:&quot;50&quot;,&quot;shutter_speed&quot;:&quot;0.066666666666667&quot;,&quot;title&quot;:&quot;&quot;,&quot;orientation&quot;:&quot;1&quot;}\" data-image-title=\"Gromislav 4\" data-image-description=\"\" data-image-caption=\"\" data-large-file=\"https:\/\/i0.wp.com\/www.jojoenherbe.com\/wp-content\/uploads\/2023\/10\/Gromislav-4-scaled.jpg?fit=676%2C927&amp;ssl=1\" class=\"size-thumbnail wp-image-32904 alignright\" src=\"https:\/\/i0.wp.com\/www.jojoenherbe.com\/wp-content\/uploads\/2023\/10\/Gromislav-4.jpg?resize=150%2C150\" alt=\"\" width=\"150\" height=\"150\" srcset=\"https:\/\/i0.wp.com\/www.jojoenherbe.com\/wp-content\/uploads\/2023\/10\/Gromislav-4-scaled.jpg?resize=150%2C150&amp;ssl=1 150w, https:\/\/i0.wp.com\/www.jojoenherbe.com\/wp-content\/uploads\/2023\/10\/Gromislav-4-scaled.jpg?zoom=2&amp;resize=150%2C150 300w, https:\/\/i0.wp.com\/www.jojoenherbe.com\/wp-content\/uploads\/2023\/10\/Gromislav-4-scaled.jpg?zoom=3&amp;resize=150%2C150 450w\" sizes=\"auto, (max-width: 150px) 100vw, 150px\" \/><\/a> <a href=\"https:\/\/i0.wp.com\/www.jojoenherbe.com\/wp-content\/uploads\/2023\/10\/Gromislav-2-scaled.jpg\"><img data-recalc-dims=\"1\" loading=\"lazy\" decoding=\"async\" data-attachment-id=\"32902\" data-permalink=\"https:\/\/www.jojoenherbe.com\/index.php\/2023\/10\/26\/au-fil-des-pages-avec-gromislav-le-geant-qui-couvait-la-terre\/gromislav-2\/\" data-orig-file=\"https:\/\/i0.wp.com\/www.jojoenherbe.com\/wp-content\/uploads\/2023\/10\/Gromislav-2-scaled.jpg?fit=2560%2C1655&amp;ssl=1\" data-orig-size=\"2560,1655\" data-comments-opened=\"1\" data-image-meta=\"{&quot;aperture&quot;:&quot;1.8&quot;,&quot;credit&quot;:&quot;&quot;,&quot;camera&quot;:&quot;iPhone 7&quot;,&quot;caption&quot;:&quot;&quot;,&quot;created_timestamp&quot;:&quot;1697894957&quot;,&quot;copyright&quot;:&quot;&quot;,&quot;focal_length&quot;:&quot;3.99&quot;,&quot;iso&quot;:&quot;100&quot;,&quot;shutter_speed&quot;:&quot;0.066666666666667&quot;,&quot;title&quot;:&quot;&quot;,&quot;orientation&quot;:&quot;1&quot;}\" data-image-title=\"Gromislav 2\" data-image-description=\"\" data-image-caption=\"\" data-large-file=\"https:\/\/i0.wp.com\/www.jojoenherbe.com\/wp-content\/uploads\/2023\/10\/Gromislav-2-scaled.jpg?fit=676%2C437&amp;ssl=1\" class=\"size-thumbnail wp-image-32902 alignright\" src=\"https:\/\/i0.wp.com\/www.jojoenherbe.com\/wp-content\/uploads\/2023\/10\/Gromislav-2.jpg?resize=150%2C150\" alt=\"\" width=\"150\" height=\"150\" srcset=\"https:\/\/i0.wp.com\/www.jojoenherbe.com\/wp-content\/uploads\/2023\/10\/Gromislav-2-scaled.jpg?resize=150%2C150&amp;ssl=1 150w, https:\/\/i0.wp.com\/www.jojoenherbe.com\/wp-content\/uploads\/2023\/10\/Gromislav-2-scaled.jpg?zoom=2&amp;resize=150%2C150 300w, https:\/\/i0.wp.com\/www.jojoenherbe.com\/wp-content\/uploads\/2023\/10\/Gromislav-2-scaled.jpg?zoom=3&amp;resize=150%2C150 450w\" sizes=\"auto, (max-width: 150px) 100vw, 150px\" \/><\/a>J&rsquo;ai appr\u00e9ci\u00e9 les illustrations\u00a0 et la bonhommie bienveillante et protectrice de Grosmilav, un gentil g\u00e9ant m\u00eame si les Assilkis et surtout Sivy\u00ef, un diable destructeur peuvent \u00eatre effrayants pour les plus jeunes lecteurs. Un bon moment de lecture avec ce mythe de cosmogonie et \u00e0 la port\u00e9e \u00e9cologique!<\/em><\/p>\n<p style=\"text-align: justify;\"><em>Au passage, je coche la case \u00ab Conte slave \u00bb de ma <a href=\"https:\/\/www.jojoenherbe.com\/index.php\/2023\/01\/16\/bingo-du-challenge-contes-et-legendes-2023\/\">grille de bingo<\/a> (jeunesse) du challenge Contes et l\u00e9gendes 2023.<\/em><\/p>\n<div style=\"width: 92px\" class=\"wp-caption alignleft\"><img loading=\"lazy\" decoding=\"async\" src=\"https:\/\/i2.wp.com\/mapetitemediatheque.fr\/wp-content\/uploads\/2021\/07\/challenge-contes-et-legendes-239x300-1.jpg?resize=137%2C172\" alt=\"\" width=\"82\" height=\"103\" \/><p class=\"wp-caption-text\">Participation #15 Challenge Contes &amp; L\u00e9gendes 2023 de <a href=\"https:\/\/mapetitemediatheque.fr\/2023\/01\/challenge-contes-et-legendes-2023\/\">Bidib<\/a> #Mythologie slave<\/p><\/div>\n<div style=\"width: 103px\" class=\"wp-caption alignleft\"><img loading=\"lazy\" decoding=\"async\" src=\"https:\/\/lh3.googleusercontent.com\/pw\/AL9nZEWED5sOowfaAIivQoSsFwl6hy51lsnek_4EIHIPI8waW2MHjhj6cf1EWilIUD7SnvlDRky5UrFLm6lgTjQT1BDXKA7teG_K1CBqytzzkXj-pFGsHXBy_zmGvKTiD_gxxb6BAz3Fn3Q7E1EJdf1tGnU3MQ=w285-h217-no?authuser=0\" alt=\"\" width=\"93\" height=\"71\" \/><p class=\"wp-caption-text\">Challenge Petit Bac\u00a0\u00a0 d\u2019<a href=\"https:\/\/ennalit.wordpress.com\/2022\/12\/01\/challenge-petit-bac-2023-qui-veut-jouer\/\" data-rich-text-format-boundary=\"true\">Enna<\/a> #4 Cat\u00e9gorie Lieu: \u00ab Terre \u00bb<\/p><\/div>\n","protected":false},"excerpt":{"rendered":"<p>Nous avons lu Gromislav, le g\u00e9ant qui couvait la Terre de Carole Tr\u00e9bor et Tristan Gion (\u00e9d. Aleph Editions, ao\u00fbt 2019, 48 pages), un album jeunesse \u00e0 partir de 6 ans selon l&rsquo;\u00e9diteur mais je dirai pour les plus grands, \u00e0 partir de 9\/10 ans autour de la mythologie slave. Gromislav est un g\u00e9ant au [&hellip;]<\/p>\n","protected":false},"author":1,"featured_media":32846,"comment_status":"open","ping_status":"open","sticky":false,"template":"","format":"standard","meta":{"jetpack_post_was_ever_published":false,"_jetpack_newsletter_access":"","_jetpack_dont_email_post_to_subs":false,"_jetpack_newsletter_tier_id":0,"_jetpack_memberships_contains_paywalled_content":false,"_jetpack_memberships_contains_paid_content":false,"footnotes":""},"categories":[363],"tags":[852,409,3883,3521,3519,3892,2438,3897,2539,1178,974,367,2532,3891,687,3899,3898,3517],"class_list":["post-32894","post","type-post","status-publish","format-standard","has-post-thumbnail","hentry","category-mini-lecteur","tag-9-12-ans","tag-albums-jeunesse","tag-carole-trebor","tag-challenge-contes-et-legendes-2023","tag-challenge-petit-bac-2023","tag-cosmogonie","tag-demon","tag-diable","tag-dieux","tag-ecologie","tag-geant","tag-lecture-jeunesse","tag-mythologie","tag-mythologie-slave","tag-planetes","tag-protection","tag-terre","tag-tristan-gion","post-preview"],"jetpack_featured_media_url":"https:\/\/i0.wp.com\/www.jojoenherbe.com\/wp-content\/uploads\/2023\/10\/Gromislav-scaled.jpg?fit=2560%2C2066&ssl=1","jetpack_sharing_enabled":true,"jetpack_shortlink":"https:\/\/wp.me\/p9zhGx-8yy","jetpack_likes_enabled":true,"jetpack-related-posts":[{"id":29173,"url":"https:\/\/www.jojoenherbe.com\/index.php\/2023\/01\/16\/bingo-du-challenge-contes-et-legendes-2023\/","url_meta":{"origin":32894,"position":0},"title":"Bingo du Challenge Contes et L\u00e9gendes 2023","author":"Jojo","date":"16 janvier 2023","format":false,"excerpt":"Cette ann\u00e9e, Bidib propose un bingo facultatif dans le cadre de son challenge annuel Contes et L\u00e9gendes 2023 avec une grille de 9 cases \u00e0 cocher et qui reprennent les th\u00e8mes de l'ann\u00e9e derni\u00e8re. Pour plus d\u2019infos, n\u2019h\u00e9sitez pas \u00e0 aller sur son blog. Voici mes deux grilles de bingo\u2026","rel":"","context":"Dans &quot;Mini challenger&quot;","block_context":{"text":"Mini challenger","link":"https:\/\/www.jojoenherbe.com\/index.php\/category\/mini-challenger\/"},"img":{"alt_text":"","src":"https:\/\/i0.wp.com\/www.jojoenherbe.com\/wp-content\/uploads\/2023\/01\/Bingo-Challenge-Contes-et-Legendes-2023.jpg?fit=675%2C1200&ssl=1&resize=350%2C200","width":350,"height":200,"srcset":"https:\/\/i0.wp.com\/www.jojoenherbe.com\/wp-content\/uploads\/2023\/01\/Bingo-Challenge-Contes-et-Legendes-2023.jpg?fit=675%2C1200&ssl=1&resize=350%2C200 1x, https:\/\/i0.wp.com\/www.jojoenherbe.com\/wp-content\/uploads\/2023\/01\/Bingo-Challenge-Contes-et-Legendes-2023.jpg?fit=675%2C1200&ssl=1&resize=525%2C300 1.5x"},"classes":[]},{"id":32823,"url":"https:\/\/www.jojoenherbe.com\/index.php\/2023\/10\/23\/point-lecture-hebdomadaire-2023-42\/","url_meta":{"origin":32894,"position":1},"title":"Point lecture hebdomadaire 2023 #42","author":"Jojo","date":"23 octobre 2023","format":false,"excerpt":"En ce d\u00e9but de semaine, voici notre point lecture hebdomadaire avec un retour sur nos lectures de la semaine derni\u00e8re (mais pas nos relectures) et qui sont encore pour la plupart halloweenesques. Nos lectures du 16 au 22 octobre 2023: Des lectures jeunesse: Cela faisait longtemps que mon mini sorcier\u2026","rel":"","context":"Dans &quot;Mini blogueur&quot;","block_context":{"text":"Mini blogueur","link":"https:\/\/www.jojoenherbe.com\/index.php\/category\/mini-blogueur\/"},"img":{"alt_text":"","src":"https:\/\/i0.wp.com\/www.jojoenherbe.com\/wp-content\/uploads\/2023\/10\/Point-lecture-hebdomadaire-2023-42-scaled.jpg?fit=1200%2C719&ssl=1&resize=350%2C200","width":350,"height":200,"srcset":"https:\/\/i0.wp.com\/www.jojoenherbe.com\/wp-content\/uploads\/2023\/10\/Point-lecture-hebdomadaire-2023-42-scaled.jpg?fit=1200%2C719&ssl=1&resize=350%2C200 1x, https:\/\/i0.wp.com\/www.jojoenherbe.com\/wp-content\/uploads\/2023\/10\/Point-lecture-hebdomadaire-2023-42-scaled.jpg?fit=1200%2C719&ssl=1&resize=525%2C300 1.5x, https:\/\/i0.wp.com\/www.jojoenherbe.com\/wp-content\/uploads\/2023\/10\/Point-lecture-hebdomadaire-2023-42-scaled.jpg?fit=1200%2C719&ssl=1&resize=700%2C400 2x, https:\/\/i0.wp.com\/www.jojoenherbe.com\/wp-content\/uploads\/2023\/10\/Point-lecture-hebdomadaire-2023-42-scaled.jpg?fit=1200%2C719&ssl=1&resize=1050%2C600 3x"},"classes":[]},{"id":18539,"url":"https:\/\/www.jojoenherbe.com\/index.php\/2021\/05\/29\/nos-lectures-pour-le-mois-mythologie-grecque-et-perse-2021\/","url_meta":{"origin":32894,"position":2},"title":"Nos lectures pour le mois \u00ab\u00a0Mythologie grecque et perse\u00a0\u00bb 2021","author":"Jojo","date":"29 mai 2021","format":false,"excerpt":"En mai 2021, c'est aussi un mois d\u00e9di\u00e9 \u00e0 la mythologie grecque et perse avec le Challenge Contes et L\u00e9gendes de Bidib et 2021, cette ann\u00e9e sera classique de Blandine et Nathalie. Le temps filant \u00e0 toute vitesse, je n'aurai pas le temps de chroniquer toutes nos lectures et regroupe\u2026","rel":"","context":"Dans &quot;Mini lecteur&quot;","block_context":{"text":"Mini lecteur","link":"https:\/\/www.jojoenherbe.com\/index.php\/category\/mini-lecteur\/"},"img":{"alt_text":"","src":"https:\/\/i0.wp.com\/www.jojoenherbe.com\/wp-content\/uploads\/2021\/05\/Selection-Mythologie-grecque-scaled.jpg?fit=1200%2C859&ssl=1&resize=350%2C200","width":350,"height":200,"srcset":"https:\/\/i0.wp.com\/www.jojoenherbe.com\/wp-content\/uploads\/2021\/05\/Selection-Mythologie-grecque-scaled.jpg?fit=1200%2C859&ssl=1&resize=350%2C200 1x, https:\/\/i0.wp.com\/www.jojoenherbe.com\/wp-content\/uploads\/2021\/05\/Selection-Mythologie-grecque-scaled.jpg?fit=1200%2C859&ssl=1&resize=525%2C300 1.5x, https:\/\/i0.wp.com\/www.jojoenherbe.com\/wp-content\/uploads\/2021\/05\/Selection-Mythologie-grecque-scaled.jpg?fit=1200%2C859&ssl=1&resize=700%2C400 2x, https:\/\/i0.wp.com\/www.jojoenherbe.com\/wp-content\/uploads\/2021\/05\/Selection-Mythologie-grecque-scaled.jpg?fit=1200%2C859&ssl=1&resize=1050%2C600 3x"},"classes":[]},{"id":29428,"url":"https:\/\/www.jojoenherbe.com\/index.php\/2023\/01\/26\/billet-de-suivi-challenge-petit-bac-2023\/","url_meta":{"origin":32894,"position":3},"title":"Billet de suivi: Challenge Petit Bac 2023","author":"Jojo","date":"26 janvier 2023","format":false,"excerpt":"Je participe pour la cinqui\u00e8me fois cons\u00e9cutive au Challenge Petit Bac d\u2019Enna, les cinq premi\u00e8res cat\u00e9gories restant identiques aux ann\u00e9es pr\u00e9c\u00e9dentes. Tous les mois, je vais actualiser ce billet et faire un point sur mes participations au challenge. Pour le moment, j\u2019ai termin\u00e9 mes deux premi\u00e8res lignes. Voici donc un\u2026","rel":"","context":"Dans &quot;Mini challenger&quot;","block_context":{"text":"Mini challenger","link":"https:\/\/www.jojoenherbe.com\/index.php\/category\/mini-challenger\/"},"img":{"alt_text":"","src":"https:\/\/i0.wp.com\/www.jojoenherbe.com\/wp-content\/uploads\/2023\/01\/Challenge-Petit-bac-2023.jpg?fit=285%2C217&ssl=1&resize=350%2C200","width":350,"height":200},"classes":[]},{"id":37285,"url":"https:\/\/www.jojoenherbe.com\/index.php\/2025\/05\/20\/au-fil-des-pages-avec-moi-meduse\/","url_meta":{"origin":32894,"position":4},"title":"Au fil des pages avec Moi, M\u00e9duse","author":"Jojo","date":"20 mai 2025","format":false,"excerpt":"J'avais lu le 5e tome de cette collection mythologique: Moi, M\u00e9duse de Sylvie Baussier (\u00e9d. Scrineo, coll. Mythologie, janvier 2021, 112 pages), un court roman jeunesse \u00e0 partir de 10 ans avec dans les premi\u00e8res pages de jolies illustrations en noir et blanc de Tristan Gian et qui se place\u2026","rel":"","context":"Dans &quot;Mini lecteur&quot;","block_context":{"text":"Mini lecteur","link":"https:\/\/www.jojoenherbe.com\/index.php\/category\/mini-lecteur\/"},"img":{"alt_text":"","src":"https:\/\/i0.wp.com\/www.jojoenherbe.com\/wp-content\/uploads\/2025\/01\/Moi-Meduse-scaled.jpg?fit=1200%2C956&ssl=1&resize=350%2C200","width":350,"height":200,"srcset":"https:\/\/i0.wp.com\/www.jojoenherbe.com\/wp-content\/uploads\/2025\/01\/Moi-Meduse-scaled.jpg?fit=1200%2C956&ssl=1&resize=350%2C200 1x, https:\/\/i0.wp.com\/www.jojoenherbe.com\/wp-content\/uploads\/2025\/01\/Moi-Meduse-scaled.jpg?fit=1200%2C956&ssl=1&resize=525%2C300 1.5x, https:\/\/i0.wp.com\/www.jojoenherbe.com\/wp-content\/uploads\/2025\/01\/Moi-Meduse-scaled.jpg?fit=1200%2C956&ssl=1&resize=700%2C400 2x, https:\/\/i0.wp.com\/www.jojoenherbe.com\/wp-content\/uploads\/2025\/01\/Moi-Meduse-scaled.jpg?fit=1200%2C956&ssl=1&resize=1050%2C600 3x"},"classes":[]},{"id":42316,"url":"https:\/\/www.jojoenherbe.com\/index.php\/2026\/01\/14\/au-fil-des-pages-avec-le-tome-1-des-geants\/","url_meta":{"origin":32894,"position":5},"title":"Au fil des pages avec le tome 1 des G\u00e9ants","author":"Jojo","date":"14 janvier 2026","format":false,"excerpt":"La semaine derni\u00e8re, nous avons lu, chacun notre tour, avec mon mini lutin, le tome 1 des G\u00e9ants, Erin de Lylian, James Christ, Paul Drouin et Lorien Aureyre (\u00e9d. Gl\u00e9nat, coll. Tch\u00f4!, ao\u00fbt 2020, 48 pages), une BD jeunesse fantastique \u00e0 partir de 8 ans. J'avais mis de c\u00f4t\u00e9 ce\u2026","rel":"","context":"Dans &quot;Mini lecteur&quot;","block_context":{"text":"Mini lecteur","link":"https:\/\/www.jojoenherbe.com\/index.php\/category\/mini-lecteur\/"},"img":{"alt_text":"","src":"https:\/\/i0.wp.com\/www.jojoenherbe.com\/wp-content\/uploads\/2026\/01\/Les-Geants-T1-scaled.jpg?fit=1200%2C853&ssl=1&resize=350%2C200","width":350,"height":200,"srcset":"https:\/\/i0.wp.com\/www.jojoenherbe.com\/wp-content\/uploads\/2026\/01\/Les-Geants-T1-scaled.jpg?fit=1200%2C853&ssl=1&resize=350%2C200 1x, https:\/\/i0.wp.com\/www.jojoenherbe.com\/wp-content\/uploads\/2026\/01\/Les-Geants-T1-scaled.jpg?fit=1200%2C853&ssl=1&resize=525%2C300 1.5x, https:\/\/i0.wp.com\/www.jojoenherbe.com\/wp-content\/uploads\/2026\/01\/Les-Geants-T1-scaled.jpg?fit=1200%2C853&ssl=1&resize=700%2C400 2x, https:\/\/i0.wp.com\/www.jojoenherbe.com\/wp-content\/uploads\/2026\/01\/Les-Geants-T1-scaled.jpg?fit=1200%2C853&ssl=1&resize=1050%2C600 3x"},"classes":[]}],"_links":{"self":[{"href":"https:\/\/www.jojoenherbe.com\/index.php\/wp-json\/wp\/v2\/posts\/32894","targetHints":{"allow":["GET"]}}],"collection":[{"href":"https:\/\/www.jojoenherbe.com\/index.php\/wp-json\/wp\/v2\/posts"}],"about":[{"href":"https:\/\/www.jojoenherbe.com\/index.php\/wp-json\/wp\/v2\/types\/post"}],"author":[{"embeddable":true,"href":"https:\/\/www.jojoenherbe.com\/index.php\/wp-json\/wp\/v2\/users\/1"}],"replies":[{"embeddable":true,"href":"https:\/\/www.jojoenherbe.com\/index.php\/wp-json\/wp\/v2\/comments?post=32894"}],"version-history":[{"count":4,"href":"https:\/\/www.jojoenherbe.com\/index.php\/wp-json\/wp\/v2\/posts\/32894\/revisions"}],"predecessor-version":[{"id":32995,"href":"https:\/\/www.jojoenherbe.com\/index.php\/wp-json\/wp\/v2\/posts\/32894\/revisions\/32995"}],"wp:featuredmedia":[{"embeddable":true,"href":"https:\/\/www.jojoenherbe.com\/index.php\/wp-json\/wp\/v2\/media\/32846"}],"wp:attachment":[{"href":"https:\/\/www.jojoenherbe.com\/index.php\/wp-json\/wp\/v2\/media?parent=32894"}],"wp:term":[{"taxonomy":"category","embeddable":true,"href":"https:\/\/www.jojoenherbe.com\/index.php\/wp-json\/wp\/v2\/categories?post=32894"},{"taxonomy":"post_tag","embeddable":true,"href":"https:\/\/www.jojoenherbe.com\/index.php\/wp-json\/wp\/v2\/tags?post=32894"}],"curies":[{"name":"wp","href":"https:\/\/api.w.org\/{rel}","templated":true}]}}