{"id":32882,"date":"2023-10-27T18:19:24","date_gmt":"2023-10-27T16:19:24","guid":{"rendered":"https:\/\/www.jojoenherbe.com\/?p=32882"},"modified":"2023-12-31T13:19:30","modified_gmt":"2023-12-31T12:19:30","slug":"au-fil-des-pages-avec-la-princesse-aux-perles","status":"publish","type":"post","link":"https:\/\/www.jojoenherbe.com\/index.php\/2023\/10\/27\/au-fil-des-pages-avec-la-princesse-aux-perles\/","title":{"rendered":"Au fil des pages avec La princesse aux perles"},"content":{"rendered":"<p style=\"text-align: justify;\"><em><a href=\"https:\/\/i0.wp.com\/www.jojoenherbe.com\/wp-content\/uploads\/2023\/10\/La-princesse-aux-perles-2-scaled.jpg\"><img data-recalc-dims=\"1\" loading=\"lazy\" decoding=\"async\" data-attachment-id=\"32888\" data-permalink=\"https:\/\/www.jojoenherbe.com\/index.php\/2023\/10\/27\/au-fil-des-pages-avec-la-princesse-aux-perles\/la-princesse-aux-perles-2\/\" data-orig-file=\"https:\/\/i0.wp.com\/www.jojoenherbe.com\/wp-content\/uploads\/2023\/10\/La-princesse-aux-perles-2-scaled.jpg?fit=2560%2C1756&amp;ssl=1\" data-orig-size=\"2560,1756\" data-comments-opened=\"1\" data-image-meta=\"{&quot;aperture&quot;:&quot;1.8&quot;,&quot;credit&quot;:&quot;&quot;,&quot;camera&quot;:&quot;iPhone 7&quot;,&quot;caption&quot;:&quot;&quot;,&quot;created_timestamp&quot;:&quot;1696687017&quot;,&quot;copyright&quot;:&quot;&quot;,&quot;focal_length&quot;:&quot;3.99&quot;,&quot;iso&quot;:&quot;40&quot;,&quot;shutter_speed&quot;:&quot;0.058823529411765&quot;,&quot;title&quot;:&quot;&quot;,&quot;orientation&quot;:&quot;1&quot;}\" data-image-title=\"La princesse aux perles 2\" data-image-description=\"\" data-image-caption=\"\" data-large-file=\"https:\/\/i0.wp.com\/www.jojoenherbe.com\/wp-content\/uploads\/2023\/10\/La-princesse-aux-perles-2-scaled.jpg?fit=676%2C463&amp;ssl=1\" class=\"alignleft size-thumbnail wp-image-32888\" src=\"https:\/\/i0.wp.com\/www.jojoenherbe.com\/wp-content\/uploads\/2023\/10\/La-princesse-aux-perles-2.jpg?resize=150%2C150\" alt=\"\" width=\"150\" height=\"150\" srcset=\"https:\/\/i0.wp.com\/www.jojoenherbe.com\/wp-content\/uploads\/2023\/10\/La-princesse-aux-perles-2-scaled.jpg?resize=150%2C150&amp;ssl=1 150w, https:\/\/i0.wp.com\/www.jojoenherbe.com\/wp-content\/uploads\/2023\/10\/La-princesse-aux-perles-2-scaled.jpg?zoom=2&amp;resize=150%2C150 300w, https:\/\/i0.wp.com\/www.jojoenherbe.com\/wp-content\/uploads\/2023\/10\/La-princesse-aux-perles-2-scaled.jpg?zoom=3&amp;resize=150%2C150 450w\" sizes=\"auto, (max-width: 150px) 100vw, 150px\" \/><\/a> <a href=\"https:\/\/i0.wp.com\/www.jojoenherbe.com\/wp-content\/uploads\/2023\/10\/La-princesse-aux-perles-4-scaled.jpg\"><img data-recalc-dims=\"1\" loading=\"lazy\" decoding=\"async\" data-attachment-id=\"32890\" data-permalink=\"https:\/\/www.jojoenherbe.com\/index.php\/2023\/10\/27\/au-fil-des-pages-avec-la-princesse-aux-perles\/la-princesse-aux-perles-4\/\" data-orig-file=\"https:\/\/i0.wp.com\/www.jojoenherbe.com\/wp-content\/uploads\/2023\/10\/La-princesse-aux-perles-4-scaled.jpg?fit=2560%2C1753&amp;ssl=1\" data-orig-size=\"2560,1753\" data-comments-opened=\"1\" data-image-meta=\"{&quot;aperture&quot;:&quot;1.8&quot;,&quot;credit&quot;:&quot;&quot;,&quot;camera&quot;:&quot;iPhone 7&quot;,&quot;caption&quot;:&quot;&quot;,&quot;created_timestamp&quot;:&quot;1696687126&quot;,&quot;copyright&quot;:&quot;&quot;,&quot;focal_length&quot;:&quot;3.99&quot;,&quot;iso&quot;:&quot;40&quot;,&quot;shutter_speed&quot;:&quot;0.05&quot;,&quot;title&quot;:&quot;&quot;,&quot;orientation&quot;:&quot;1&quot;}\" data-image-title=\"La princesse aux perles 4\" data-image-description=\"\" data-image-caption=\"\" data-large-file=\"https:\/\/i0.wp.com\/www.jojoenherbe.com\/wp-content\/uploads\/2023\/10\/La-princesse-aux-perles-4-scaled.jpg?fit=676%2C463&amp;ssl=1\" class=\"alignleft size-thumbnail wp-image-32890\" src=\"https:\/\/i0.wp.com\/www.jojoenherbe.com\/wp-content\/uploads\/2023\/10\/La-princesse-aux-perles-4.jpg?resize=150%2C150\" alt=\"\" width=\"150\" height=\"150\" srcset=\"https:\/\/i0.wp.com\/www.jojoenherbe.com\/wp-content\/uploads\/2023\/10\/La-princesse-aux-perles-4-scaled.jpg?resize=150%2C150&amp;ssl=1 150w, https:\/\/i0.wp.com\/www.jojoenherbe.com\/wp-content\/uploads\/2023\/10\/La-princesse-aux-perles-4-scaled.jpg?zoom=2&amp;resize=150%2C150 300w, https:\/\/i0.wp.com\/www.jojoenherbe.com\/wp-content\/uploads\/2023\/10\/La-princesse-aux-perles-4-scaled.jpg?zoom=3&amp;resize=150%2C150 450w\" sizes=\"auto, (max-width: 150px) 100vw, 150px\" \/><\/a>Fin ao\u00fbt 2023, j\u2019ai lu <span style=\"text-decoration: underline;\">La Princesse aux perles<\/span> de Mary de Morgan et Yvonne Gilbert (\u00e9d. des \u00c9l\u00e9phants, novembre 2015, 64 pages), un conte de f\u00e9es anglais paru pour la premi\u00e8re fois en 1880 et \u00e0 partir de 9 ans. Fiorimonde est une princesse d&rsquo;une grande beaut\u00e9 gr\u00e2ce \u00e0 la magie noire. Refusant tout mariage que son p\u00e8re a d\u00e9cid\u00e9 pour elle, de peur de perdre sa libert\u00e9 et donc sa beaut\u00e9, elle transforme tous ses pr\u00e9tendants en perles. <\/em><em>Son attitude causera-t-il sa perte? Surtout lorsque sa jeune servante, Yolande comprend la v\u00e9ritable nature de la princesse, contrairement aux nombreux pr\u00e9tendants bien na\u00effs qui d\u00e9filent?<\/em><\/p>\n<p style=\"text-align: justify;\"><a href=\"https:\/\/i0.wp.com\/www.jojoenherbe.com\/wp-content\/uploads\/2023\/10\/La-princesse-aux-perles-5-scaled.jpg\"><img data-recalc-dims=\"1\" loading=\"lazy\" decoding=\"async\" data-attachment-id=\"32892\" data-permalink=\"https:\/\/www.jojoenherbe.com\/index.php\/2023\/10\/27\/au-fil-des-pages-avec-la-princesse-aux-perles\/la-princesse-aux-perles-5\/\" data-orig-file=\"https:\/\/i0.wp.com\/www.jojoenherbe.com\/wp-content\/uploads\/2023\/10\/La-princesse-aux-perles-5-scaled.jpg?fit=2102%2C2560&amp;ssl=1\" data-orig-size=\"2102,2560\" data-comments-opened=\"1\" data-image-meta=\"{&quot;aperture&quot;:&quot;1.8&quot;,&quot;credit&quot;:&quot;&quot;,&quot;camera&quot;:&quot;iPhone 7&quot;,&quot;caption&quot;:&quot;&quot;,&quot;created_timestamp&quot;:&quot;1696687109&quot;,&quot;copyright&quot;:&quot;&quot;,&quot;focal_length&quot;:&quot;3.99&quot;,&quot;iso&quot;:&quot;50&quot;,&quot;shutter_speed&quot;:&quot;0.058823529411765&quot;,&quot;title&quot;:&quot;&quot;,&quot;orientation&quot;:&quot;1&quot;}\" data-image-title=\"La princesse aux perles 5\" data-image-description=\"\" data-image-caption=\"\" data-large-file=\"https:\/\/i0.wp.com\/www.jojoenherbe.com\/wp-content\/uploads\/2023\/10\/La-princesse-aux-perles-5-scaled.jpg?fit=676%2C823&amp;ssl=1\" class=\"size-thumbnail wp-image-32892 alignright\" src=\"https:\/\/i0.wp.com\/www.jojoenherbe.com\/wp-content\/uploads\/2023\/10\/La-princesse-aux-perles-5.jpg?resize=150%2C150\" alt=\"\" width=\"150\" height=\"150\" srcset=\"https:\/\/i0.wp.com\/www.jojoenherbe.com\/wp-content\/uploads\/2023\/10\/La-princesse-aux-perles-5-scaled.jpg?resize=150%2C150&amp;ssl=1 150w, https:\/\/i0.wp.com\/www.jojoenherbe.com\/wp-content\/uploads\/2023\/10\/La-princesse-aux-perles-5-scaled.jpg?zoom=2&amp;resize=150%2C150 300w, https:\/\/i0.wp.com\/www.jojoenherbe.com\/wp-content\/uploads\/2023\/10\/La-princesse-aux-perles-5-scaled.jpg?zoom=3&amp;resize=150%2C150 450w\" sizes=\"auto, (max-width: 150px) 100vw, 150px\" \/><\/a><a href=\"https:\/\/i0.wp.com\/www.jojoenherbe.com\/wp-content\/uploads\/2023\/10\/La-princesse-aux-perles-3-scaled.jpg\"><img data-recalc-dims=\"1\" loading=\"lazy\" decoding=\"async\" data-attachment-id=\"32889\" data-permalink=\"https:\/\/www.jojoenherbe.com\/index.php\/2023\/10\/27\/au-fil-des-pages-avec-la-princesse-aux-perles\/la-princesse-aux-perles-3\/\" data-orig-file=\"https:\/\/i0.wp.com\/www.jojoenherbe.com\/wp-content\/uploads\/2023\/10\/La-princesse-aux-perles-3-scaled.jpg?fit=1920%2C2560&amp;ssl=1\" data-orig-size=\"1920,2560\" data-comments-opened=\"1\" data-image-meta=\"{&quot;aperture&quot;:&quot;1.8&quot;,&quot;credit&quot;:&quot;&quot;,&quot;camera&quot;:&quot;iPhone 7&quot;,&quot;caption&quot;:&quot;&quot;,&quot;created_timestamp&quot;:&quot;1696687095&quot;,&quot;copyright&quot;:&quot;&quot;,&quot;focal_length&quot;:&quot;3.99&quot;,&quot;iso&quot;:&quot;40&quot;,&quot;shutter_speed&quot;:&quot;0.05&quot;,&quot;title&quot;:&quot;&quot;,&quot;orientation&quot;:&quot;1&quot;}\" data-image-title=\"La princesse aux perles 3\" data-image-description=\"\" data-image-caption=\"\" data-large-file=\"https:\/\/i0.wp.com\/www.jojoenherbe.com\/wp-content\/uploads\/2023\/10\/La-princesse-aux-perles-3-scaled.jpg?fit=676%2C901&amp;ssl=1\" class=\"size-thumbnail wp-image-32889 alignright\" src=\"https:\/\/i0.wp.com\/www.jojoenherbe.com\/wp-content\/uploads\/2023\/10\/La-princesse-aux-perles-3.jpg?resize=150%2C150\" alt=\"\" width=\"150\" height=\"150\" srcset=\"https:\/\/i0.wp.com\/www.jojoenherbe.com\/wp-content\/uploads\/2023\/10\/La-princesse-aux-perles-3-scaled.jpg?resize=150%2C150&amp;ssl=1 150w, https:\/\/i0.wp.com\/www.jojoenherbe.com\/wp-content\/uploads\/2023\/10\/La-princesse-aux-perles-3-scaled.jpg?zoom=2&amp;resize=150%2C150 300w, https:\/\/i0.wp.com\/www.jojoenherbe.com\/wp-content\/uploads\/2023\/10\/La-princesse-aux-perles-3-scaled.jpg?zoom=3&amp;resize=150%2C150 450w\" sizes=\"auto, (max-width: 150px) 100vw, 150px\" \/><\/a><em>Bien que datant de la fin du XIXe si\u00e8cle, ce conte de f\u00e9es anglais appara\u00eet bien moderne dans son propos, m\u00eame si Fiorimonde rejette toute id\u00e9e de mariage pour de mauvaises raisons et en devient cruelle \u00e0 l&rsquo;\u00e9gard de tout pr\u00e9tendant et orgueilleuse dans sa qu\u00eate \u00e9ternelle de beaut\u00e9. Les v\u00e9ritables h\u00e9ros de ce conte sont d&rsquo;ailleurs plut\u00f4t Yolande et Gervais, leur duo \u00e9tant attachant et ne recherchant qu&rsquo;une vie simple et heureuse, sans qu\u00eate de richesses ou de gloire. On esp\u00e8re \u00e0 leur c\u00f4t\u00e9 qu&rsquo;ils parviendront \u00e0 mettre fin aux agissements de la princesse. En effet, construit au d\u00e9part comme un conte randonn\u00e9e, la princesse d\u00e9jouant l&rsquo;une apr\u00e8s l&rsquo;autre toutes les demandes en mariage, l&rsquo;intrigue prend la forme d&rsquo;une enqu\u00eate avec Yolande.<\/em><\/p>\n<p style=\"text-align: justify;\"><em>J&rsquo;ai \u00e9galement bien appr\u00e9ci\u00e9 les illustrations d&rsquo;Yvonne Gilbert qui ancrent l&rsquo;histoire dans un temps ancien, m\u00e9lange de Moyen-Age et de la Renaissance apportant un certain charme \u00e9nigmatique et ensorcelant. Un bon moment de lecture avec ce conte joliment illustr\u00e9 qui est d\u00e9crit en 4e couverture comme un pr\u00e9curseur du <span style=\"text-decoration: underline;\">Portrait de Dorian Gray<\/span> d&rsquo;Oscar Wilde !<\/em><\/p>\n<div style=\"width: 92px\" class=\"wp-caption alignleft\"><img loading=\"lazy\" decoding=\"async\" src=\"https:\/\/i2.wp.com\/mapetitemediatheque.fr\/wp-content\/uploads\/2021\/07\/challenge-contes-et-legendes-239x300-1.jpg?resize=137%2C172\" alt=\"\" width=\"82\" height=\"103\" \/><p class=\"wp-caption-text\">Participation #14 Challenge Contes &amp; L\u00e9gendes 2023 de <a href=\"https:\/\/mapetitemediatheque.fr\/2023\/01\/challenge-contes-et-legendes-2023\/\">Bidib<\/a> #Conte de f\u00e9es<\/p><\/div>\n<div id=\"attachment_46786\" style=\"width: 101px\" class=\"wp-caption alignleft\"><img loading=\"lazy\" decoding=\"async\" aria-describedby=\"caption-attachment-46786\" class=\"wp-image-46786\" src=\"https:\/\/i0.wp.com\/delivrer-des-livres.fr\/wp-content\/uploads\/2023\/01\/20232-300x300.png?resize=94%2C94&amp;ssl=1\" sizes=\"auto, (max-width: 300px) 100vw, 300px\" srcset=\"https:\/\/i0.wp.com\/delivrer-des-livres.fr\/wp-content\/uploads\/2023\/01\/20232-300x300.png?resize=94%2C94&amp;ssl=1 300w, https:\/\/delivrer-des-livres.fr\/wp-content\/uploads\/2023\/01\/20232-150x150.png 150w, https:\/\/delivrer-des-livres.fr\/wp-content\/uploads\/2023\/01\/20232-768x768.png 768w, https:\/\/delivrer-des-livres.fr\/wp-content\/uploads\/2023\/01\/20232-250x250.png 250w, https:\/\/delivrer-des-livres.fr\/wp-content\/uploads\/2023\/01\/20232-308x308.png 308w, https:\/\/delivrer-des-livres.fr\/wp-content\/uploads\/2023\/01\/20232.png 1024w\" alt=\"\" width=\"91\" height=\"91\" aria-describedby=\"caption-attachment-46786\" data-recalc-dims=\"1\" \/><p id=\"caption-attachment-46786\" class=\"wp-caption-text\">Participation # Challenge 2023 sera classique de <a href=\"https:\/\/vivrelivre19.over-blog.com\/2023\/01\/2023-sera-classique.html\">Blandine<\/a> et <a href=\"https:\/\/delivrer-des-livres.fr\/2023-sera-classique\/\">Nathalie<\/a> #Conte de f\u00e9e anglais<\/p><\/div>\n<div style=\"width: 103px\" class=\"wp-caption alignleft\"><img loading=\"lazy\" decoding=\"async\" src=\"https:\/\/lh3.googleusercontent.com\/pw\/AL9nZEWED5sOowfaAIivQoSsFwl6hy51lsnek_4EIHIPI8waW2MHjhj6cf1EWilIUD7SnvlDRky5UrFLm6lgTjQT1BDXKA7teG_K1CBqytzzkXj-pFGsHXBy_zmGvKTiD_gxxb6BAz3Fn3Q7E1EJdf1tGnU3MQ=w285-h217-no?authuser=0\" alt=\"\" width=\"93\" height=\"71\" \/><p class=\"wp-caption-text\">Challenge Petit Bac\u00a0 d\u2019<a href=\"https:\/\/ennalit.wordpress.com\/2022\/12\/01\/challenge-petit-bac-2023-qui-veut-jouer\/\" data-rich-text-format-boundary=\"true\">Enna<\/a> #5 Cat\u00e9gorie Objet: \u00ab Perles \u00bb<\/p><\/div>\n<div id=\"attachment_19954\" style=\"width: 101px\" class=\"wp-caption alignleft\"><img loading=\"lazy\" decoding=\"async\" aria-describedby=\"caption-attachment-19954\" class=\"wp-image-19954\" src=\"https:\/\/i0.wp.com\/mapetitemediatheque.fr\/wp-content\/uploads\/2021\/11\/Inkedle-tour-du-monde-en-80-livres-2_LI.jpg?resize=116%2C87&amp;ssl=1\" sizes=\"auto, (max-width: 500px) 100vw, 500px\" srcset=\"https:\/\/i0.wp.com\/mapetitemediatheque.fr\/wp-content\/uploads\/2021\/11\/Inkedle-tour-du-monde-en-80-livres-2_LI.jpg?resize=116%2C87&amp;ssl=1 500w, https:\/\/mapetitemediatheque.fr\/wp-content\/uploads\/2021\/11\/Inkedle-tour-du-monde-en-80-livres-2_LI-300x226.jpg 300w, https:\/\/mapetitemediatheque.fr\/wp-content\/uploads\/2021\/11\/Inkedle-tour-du-monde-en-80-livres-2_LI-120x90.jpg 120w\" alt=\"\" width=\"91\" height=\"68\" aria-describedby=\"caption-attachment-19954\" \/><p id=\"caption-attachment-19954\" class=\"wp-caption-text\">Participation #36 (Parcours illustr\u00e9) Challenge Le tour du monde en 80 livres 2023 de <a href=\"https:\/\/mapetitemediatheque.fr\/2022\/12\/le-tour-du-monde-en-80-livres-2023\/\">Bidib<\/a> #Angleterre<\/p><\/div>\n<div id=\"attachment_32547\" style=\"width: 104px\" class=\"wp-caption alignleft\"><img data-recalc-dims=\"1\" loading=\"lazy\" decoding=\"async\" aria-describedby=\"caption-attachment-32547\" data-attachment-id=\"32547\" data-permalink=\"https:\/\/www.jojoenherbe.com\/index.php\/2023\/10\/11\/au-fil-des-pages-avec-le-tome-1-de-brume\/challenge-halloween-2023-logo-jeunesse\/\" data-orig-file=\"https:\/\/i0.wp.com\/www.jojoenherbe.com\/wp-content\/uploads\/2023\/10\/Challenge-Halloween-2023-logo-jeunesse.png?fit=768%2C768&amp;ssl=1\" data-orig-size=\"768,768\" data-comments-opened=\"1\" data-image-meta=\"{&quot;aperture&quot;:&quot;0&quot;,&quot;credit&quot;:&quot;&quot;,&quot;camera&quot;:&quot;&quot;,&quot;caption&quot;:&quot;&quot;,&quot;created_timestamp&quot;:&quot;0&quot;,&quot;copyright&quot;:&quot;&quot;,&quot;focal_length&quot;:&quot;0&quot;,&quot;iso&quot;:&quot;0&quot;,&quot;shutter_speed&quot;:&quot;0&quot;,&quot;title&quot;:&quot;&quot;,&quot;orientation&quot;:&quot;0&quot;}\" data-image-title=\"Challenge Halloween 2023 &amp;#8211; logo jeunesse\" data-image-description=\"\" data-image-caption=\"\" data-large-file=\"https:\/\/i0.wp.com\/www.jojoenherbe.com\/wp-content\/uploads\/2023\/10\/Challenge-Halloween-2023-logo-jeunesse.png?fit=676%2C676&amp;ssl=1\" class=\"wp-image-32547\" src=\"https:\/\/i0.wp.com\/www.jojoenherbe.com\/wp-content\/uploads\/2023\/10\/Challenge-Halloween-2023-logo-jeunesse.png?resize=94%2C94\" alt=\"\" width=\"94\" height=\"94\" srcset=\"https:\/\/i0.wp.com\/www.jojoenherbe.com\/wp-content\/uploads\/2023\/10\/Challenge-Halloween-2023-logo-jeunesse.png?w=768&amp;ssl=1 768w, https:\/\/i0.wp.com\/www.jojoenherbe.com\/wp-content\/uploads\/2023\/10\/Challenge-Halloween-2023-logo-jeunesse.png?resize=300%2C300&amp;ssl=1 300w, https:\/\/i0.wp.com\/www.jojoenherbe.com\/wp-content\/uploads\/2023\/10\/Challenge-Halloween-2023-logo-jeunesse.png?resize=150%2C150&amp;ssl=1 150w, https:\/\/i0.wp.com\/www.jojoenherbe.com\/wp-content\/uploads\/2023\/10\/Challenge-Halloween-2023-logo-jeunesse.png?resize=676%2C676&amp;ssl=1 676w\" sizes=\"auto, (max-width: 94px) 100vw, 94px\" \/><p id=\"caption-attachment-32547\" class=\"wp-caption-text\">Participation # Challenge Halloween 2023 de <em><a href=\"https:\/\/lelivroblog.fr\/2023\/09\/19\/le-challenge-halloween-2023\/\">Hilde<\/a> et <a href=\"http:\/\/www.myloubook.com\/2023\/09\/19\/challenge-halloween-2023\/\">Lou<\/a><\/em> #Album jeunesse\/Sorci\u00e8re<\/p><\/div>\n","protected":false},"excerpt":{"rendered":"<p>Fin ao\u00fbt 2023, j\u2019ai lu La Princesse aux perles de Mary de Morgan et Yvonne Gilbert (\u00e9d. des \u00c9l\u00e9phants, novembre 2015, 64 pages), un conte de f\u00e9es anglais paru pour la premi\u00e8re fois en 1880 et \u00e0 partir de 9 ans. Fiorimonde est une princesse d&rsquo;une grande beaut\u00e9 gr\u00e2ce \u00e0 la magie noire. Refusant tout [&hellip;]<\/p>\n","protected":false},"author":1,"featured_media":31758,"comment_status":"open","ping_status":"open","sticky":false,"template":"","format":"standard","meta":{"jetpack_post_was_ever_published":false,"_jetpack_newsletter_access":"","_jetpack_dont_email_post_to_subs":false,"_jetpack_newsletter_tier_id":0,"_jetpack_memberships_contains_paywalled_content":false,"_jetpack_memberships_contains_paid_content":false,"footnotes":""},"categories":[363],"tags":[3540,852,409,2702,3521,3526,3519,1492,245,889,3525,367,739,727,2821,1570,3792,3100,885,340,3793],"class_list":["post-32882","post","type-post","status-publish","format-standard","has-post-thumbnail","hentry","category-mini-lecteur","tag-2023-sera-classique","tag-9-12-ans","tag-albums-jeunesse","tag-beaute","tag-challenge-contes-et-legendes-2023","tag-challenge-halloween-2023","tag-challenge-petit-bac-2023","tag-condition-de-la-femme","tag-contes","tag-contes-de-fees","tag-le-tour-du-monde-en-80-livres-2023","tag-lecture-jeunesse","tag-liberte","tag-magie","tag-magie-noire","tag-mariage","tag-mary-de-morgan","tag-orgueil","tag-princesse","tag-sorciere","tag-yvonne-gilbert","post-preview"],"jetpack_featured_media_url":"https:\/\/i0.wp.com\/www.jojoenherbe.com\/wp-content\/uploads\/2023\/09\/La-princesse-aux-perles-scaled.jpg?fit=2560%2C2065&ssl=1","jetpack_sharing_enabled":true,"jetpack_shortlink":"https:\/\/wp.me\/p9zhGx-8ym","jetpack_likes_enabled":true,"jetpack-related-posts":[{"id":11470,"url":"https:\/\/www.jojoenherbe.com\/index.php\/2020\/07\/06\/au-fil-des-pages-avec-la-princesse-a-la-plume-blanche\/","url_meta":{"origin":32882,"position":0},"title":"Au fil des pages avec La princesse \u00e0 la plume blanche","author":"Jojo","date":"6 juillet 2020","format":false,"excerpt":"Pour le RAT des \u00c9tapes Indiennes organis\u00e9 par Hilde le week-end dernier, j'ai emprunt\u00e9 \u00e0 la m\u00e9diath\u00e8que La princesse \u00e0 la plume blanche de Ghislaine Roman et Sophie Lebot (\u00e9d. De la Martini\u00e8re Jeunesse, 2015), un album jeunesse tr\u00e8s grand format \u00e0 partir de 3 ans. Un maharadja est tr\u00e8s\u2026","rel":"","context":"Dans &quot;Mini lecteur&quot;","block_context":{"text":"Mini lecteur","link":"https:\/\/www.jojoenherbe.com\/index.php\/category\/mini-lecteur\/"},"img":{"alt_text":"","src":"https:\/\/i0.wp.com\/www.jojoenherbe.com\/wp-content\/uploads\/2020\/07\/La-princesse-%C3%A0-la-plume-blanche-scaled.jpg?fit=1200%2C944&ssl=1&resize=350%2C200","width":350,"height":200,"srcset":"https:\/\/i0.wp.com\/www.jojoenherbe.com\/wp-content\/uploads\/2020\/07\/La-princesse-%C3%A0-la-plume-blanche-scaled.jpg?fit=1200%2C944&ssl=1&resize=350%2C200 1x, https:\/\/i0.wp.com\/www.jojoenherbe.com\/wp-content\/uploads\/2020\/07\/La-princesse-%C3%A0-la-plume-blanche-scaled.jpg?fit=1200%2C944&ssl=1&resize=525%2C300 1.5x, https:\/\/i0.wp.com\/www.jojoenherbe.com\/wp-content\/uploads\/2020\/07\/La-princesse-%C3%A0-la-plume-blanche-scaled.jpg?fit=1200%2C944&ssl=1&resize=700%2C400 2x, https:\/\/i0.wp.com\/www.jojoenherbe.com\/wp-content\/uploads\/2020\/07\/La-princesse-%C3%A0-la-plume-blanche-scaled.jpg?fit=1200%2C944&ssl=1&resize=1050%2C600 3x"},"classes":[]},{"id":31648,"url":"https:\/\/www.jojoenherbe.com\/index.php\/2023\/08\/28\/point-lecture-hebdomadaire-2023-34\/","url_meta":{"origin":32882,"position":1},"title":"Point lecture hebdomadaire 2023 #34","author":"Jojo","date":"28 ao\u00fbt 2023","format":false,"excerpt":"En ce d\u00e9but de semaine, voici notre point lecture hebdomadaire avec un retour sur nos lectures de la semaine derni\u00e8re (mais pas nos relectures). Nos lectures du 21 au 27 ao\u00fbt 2023: Des lectures jeunesse: (Album jeunesse) La princesse aux perles de Mary de Morgan et Yvonne Gilbert J'ai lu\u2026","rel":"","context":"Dans &quot;Mini blogueur&quot;","block_context":{"text":"Mini blogueur","link":"https:\/\/www.jojoenherbe.com\/index.php\/category\/mini-blogueur\/"},"img":{"alt_text":"","src":"https:\/\/i0.wp.com\/www.jojoenherbe.com\/wp-content\/uploads\/2023\/09\/Point-lecture-hebdomadaire-2023-34-scaled.jpg?fit=1200%2C825&ssl=1&resize=350%2C200","width":350,"height":200,"srcset":"https:\/\/i0.wp.com\/www.jojoenherbe.com\/wp-content\/uploads\/2023\/09\/Point-lecture-hebdomadaire-2023-34-scaled.jpg?fit=1200%2C825&ssl=1&resize=350%2C200 1x, https:\/\/i0.wp.com\/www.jojoenherbe.com\/wp-content\/uploads\/2023\/09\/Point-lecture-hebdomadaire-2023-34-scaled.jpg?fit=1200%2C825&ssl=1&resize=525%2C300 1.5x, https:\/\/i0.wp.com\/www.jojoenherbe.com\/wp-content\/uploads\/2023\/09\/Point-lecture-hebdomadaire-2023-34-scaled.jpg?fit=1200%2C825&ssl=1&resize=700%2C400 2x, https:\/\/i0.wp.com\/www.jojoenherbe.com\/wp-content\/uploads\/2023\/09\/Point-lecture-hebdomadaire-2023-34-scaled.jpg?fit=1200%2C825&ssl=1&resize=1050%2C600 3x"},"classes":[]},{"id":15444,"url":"https:\/\/www.jojoenherbe.com\/index.php\/2021\/02\/03\/au-fil-des-pages-avec-peau-dane\/","url_meta":{"origin":32882,"position":2},"title":"Au fil des pages avec Peau d&rsquo;\u00c2ne","author":"Jojo","date":"3 f\u00e9vrier 2021","format":false,"excerpt":"Pour le th\u00e8me des \"contes en cuisine\" du mois de f\u00e9vrier 2021 du Challenge Contes et L\u00e9gendes de Bidib, j'emprunte \u00e0 la m\u00e9diath\u00e8que Peau d'\u00c2ne d'H\u00e9l\u00e8ne Druvert, d'apr\u00e8s Charles Perrault (\u00e9d. Gautier-Languereau, coll. D\u00e9coupe Laser, 2015), un album jeunesse \u00e0 partir de 6 ans. Au d\u00e9c\u00e8s de sa m\u00e8re, une\u2026","rel":"","context":"Dans &quot;Mini lecteur&quot;","block_context":{"text":"Mini lecteur","link":"https:\/\/www.jojoenherbe.com\/index.php\/category\/mini-lecteur\/"},"img":{"alt_text":"","src":"https:\/\/i0.wp.com\/www.jojoenherbe.com\/wp-content\/uploads\/2021\/02\/Peau-dAne-scaled.jpg?fit=1200%2C788&ssl=1&resize=350%2C200","width":350,"height":200,"srcset":"https:\/\/i0.wp.com\/www.jojoenherbe.com\/wp-content\/uploads\/2021\/02\/Peau-dAne-scaled.jpg?fit=1200%2C788&ssl=1&resize=350%2C200 1x, https:\/\/i0.wp.com\/www.jojoenherbe.com\/wp-content\/uploads\/2021\/02\/Peau-dAne-scaled.jpg?fit=1200%2C788&ssl=1&resize=525%2C300 1.5x, https:\/\/i0.wp.com\/www.jojoenherbe.com\/wp-content\/uploads\/2021\/02\/Peau-dAne-scaled.jpg?fit=1200%2C788&ssl=1&resize=700%2C400 2x, https:\/\/i0.wp.com\/www.jojoenherbe.com\/wp-content\/uploads\/2021\/02\/Peau-dAne-scaled.jpg?fit=1200%2C788&ssl=1&resize=1050%2C600 3x"},"classes":[]},{"id":37950,"url":"https:\/\/www.jojoenherbe.com\/index.php\/2025\/01\/09\/throwback-thursday-livresque-conte-de-fee-moderne\/","url_meta":{"origin":32882,"position":3},"title":"Throwback Thursday Livresque: Conte de f\u00e9e moderne","author":"Jojo","date":"9 janvier 2025","format":false,"excerpt":"Ce jeudi 9 janvier 2025, je participe au Throwback Thursday Livresque, un rendez-vous livresque initialement chez Bettie Rose Books et repris depuis par Carole, les liens \u00e9tant \u00e0 d\u00e9poser chez My-Bo0ks. Le principe est de partager chaque jeudi un livre en fonction d\u2019un th\u00e8me donn\u00e9. Cette semaine, le th\u00e8me est\u2026","rel":"","context":"Dans &quot;Mini blogueur&quot;","block_context":{"text":"Mini blogueur","link":"https:\/\/www.jojoenherbe.com\/index.php\/category\/mini-blogueur\/"},"img":{"alt_text":"","src":"https:\/\/i0.wp.com\/www.jojoenherbe.com\/wp-content\/uploads\/2023\/10\/TTL-logo.jpg?resize=350%2C200","width":350,"height":200},"classes":[]},{"id":17253,"url":"https:\/\/www.jojoenherbe.com\/index.php\/2022\/04\/11\/pause-cine-le-conte-de-la-princesse-kaguya\/","url_meta":{"origin":32882,"position":4},"title":"Pause cin\u00e9: Le Conte de la princesse Kaguya","author":"Jojo","date":"11 avril 2022","format":false,"excerpt":"Pour la journ\u00e9e d\u00e9di\u00e9e \u00e0\u00a0 Isao Takahata du Mois au Japon 2021, j'avais regard\u00e9, sans le chroniquer, Le conte de la princesse Kaguya d'Isao Takahata, film d\u2019animation japonais de 2013 du Studio Ghibli, \u00e0 partir de 10 ans et s\u2019inspirant d\u2019un conte traditionnel japonais, Le conte du coupeur de bambou\u2026","rel":"","context":"Dans &quot;Mini cin\u00e9phile&quot;","block_context":{"text":"Mini cin\u00e9phile","link":"https:\/\/www.jojoenherbe.com\/index.php\/category\/mini-cinephile\/"},"img":{"alt_text":"","src":"https:\/\/i0.wp.com\/www.jojoenherbe.com\/wp-content\/uploads\/2021\/04\/kaguyahime.jpg?fit=400%2C566&ssl=1&resize=350%2C200","width":350,"height":200},"classes":[]},{"id":7935,"url":"https:\/\/www.jojoenherbe.com\/index.php\/2019\/10\/09\/au-fil-des-pages-avec-sortileges\/","url_meta":{"origin":32882,"position":5},"title":"Au fil des pages avec Sortil\u00e8ges","author":"Jojo","date":"9 octobre 2019","format":false,"excerpt":"Lors des trois jours consacr\u00e9s aux monstres et cr\u00e9atures du Halloween Challenge 2019 (du 7 au 9 octobre), nous empruntons \u00e0 la biblioth\u00e8que Sortil\u00e8ges d'Emily Gravett (\u00e9d. Kal\u00e9idoscope, 2008), un album jeunesse \u00e0 partir de 5 ans selon l'\u00e9diteur. Nous suivons un crapaud qui, apr\u00e8s avoir d\u00e9couvert un vieux livre\u2026","rel":"","context":"Dans &quot;Mini lecteur&quot;","block_context":{"text":"Mini lecteur","link":"https:\/\/www.jojoenherbe.com\/index.php\/category\/mini-lecteur\/"},"img":{"alt_text":"","src":"https:\/\/i0.wp.com\/www.jojoenherbe.com\/wp-content\/uploads\/2019\/10\/Sortileges-6-scaled.jpg?fit=1200%2C900&ssl=1&resize=350%2C200","width":350,"height":200,"srcset":"https:\/\/i0.wp.com\/www.jojoenherbe.com\/wp-content\/uploads\/2019\/10\/Sortileges-6-scaled.jpg?fit=1200%2C900&ssl=1&resize=350%2C200 1x, https:\/\/i0.wp.com\/www.jojoenherbe.com\/wp-content\/uploads\/2019\/10\/Sortileges-6-scaled.jpg?fit=1200%2C900&ssl=1&resize=525%2C300 1.5x, https:\/\/i0.wp.com\/www.jojoenherbe.com\/wp-content\/uploads\/2019\/10\/Sortileges-6-scaled.jpg?fit=1200%2C900&ssl=1&resize=700%2C400 2x, https:\/\/i0.wp.com\/www.jojoenherbe.com\/wp-content\/uploads\/2019\/10\/Sortileges-6-scaled.jpg?fit=1200%2C900&ssl=1&resize=1050%2C600 3x"},"classes":[]}],"_links":{"self":[{"href":"https:\/\/www.jojoenherbe.com\/index.php\/wp-json\/wp\/v2\/posts\/32882","targetHints":{"allow":["GET"]}}],"collection":[{"href":"https:\/\/www.jojoenherbe.com\/index.php\/wp-json\/wp\/v2\/posts"}],"about":[{"href":"https:\/\/www.jojoenherbe.com\/index.php\/wp-json\/wp\/v2\/types\/post"}],"author":[{"embeddable":true,"href":"https:\/\/www.jojoenherbe.com\/index.php\/wp-json\/wp\/v2\/users\/1"}],"replies":[{"embeddable":true,"href":"https:\/\/www.jojoenherbe.com\/index.php\/wp-json\/wp\/v2\/comments?post=32882"}],"version-history":[{"count":7,"href":"https:\/\/www.jojoenherbe.com\/index.php\/wp-json\/wp\/v2\/posts\/32882\/revisions"}],"predecessor-version":[{"id":33872,"href":"https:\/\/www.jojoenherbe.com\/index.php\/wp-json\/wp\/v2\/posts\/32882\/revisions\/33872"}],"wp:featuredmedia":[{"embeddable":true,"href":"https:\/\/www.jojoenherbe.com\/index.php\/wp-json\/wp\/v2\/media\/31758"}],"wp:attachment":[{"href":"https:\/\/www.jojoenherbe.com\/index.php\/wp-json\/wp\/v2\/media?parent=32882"}],"wp:term":[{"taxonomy":"category","embeddable":true,"href":"https:\/\/www.jojoenherbe.com\/index.php\/wp-json\/wp\/v2\/categories?post=32882"},{"taxonomy":"post_tag","embeddable":true,"href":"https:\/\/www.jojoenherbe.com\/index.php\/wp-json\/wp\/v2\/tags?post=32882"}],"curies":[{"name":"wp","href":"https:\/\/api.w.org\/{rel}","templated":true}]}}