{"id":32698,"date":"2023-10-18T15:54:47","date_gmt":"2023-10-18T13:54:47","guid":{"rendered":"https:\/\/www.jojoenherbe.com\/?p=32698"},"modified":"2023-12-31T13:18:45","modified_gmt":"2023-12-31T12:18:45","slug":"au-fil-des-pages-avec-le-tome-4-de-mortina","status":"publish","type":"post","link":"https:\/\/www.jojoenherbe.com\/index.php\/2023\/10\/18\/au-fil-des-pages-avec-le-tome-4-de-mortina\/","title":{"rendered":"Au fil des pages avec le tome 4 de Mortina"},"content":{"rendered":"<p style=\"text-align: justify;\"><em><a href=\"https:\/\/i0.wp.com\/www.jojoenherbe.com\/wp-content\/uploads\/2023\/10\/Mortina-T4-2-scaled.jpg\"><img data-recalc-dims=\"1\" loading=\"lazy\" decoding=\"async\" data-attachment-id=\"32704\" data-permalink=\"https:\/\/www.jojoenherbe.com\/index.php\/2023\/10\/18\/au-fil-des-pages-avec-le-tome-4-de-mortina\/mortina-t4-2\/\" data-orig-file=\"https:\/\/i0.wp.com\/www.jojoenherbe.com\/wp-content\/uploads\/2023\/10\/Mortina-T4-2-scaled.jpg?fit=2560%2C1597&amp;ssl=1\" data-orig-size=\"2560,1597\" data-comments-opened=\"1\" data-image-meta=\"{&quot;aperture&quot;:&quot;1.8&quot;,&quot;credit&quot;:&quot;&quot;,&quot;camera&quot;:&quot;iPhone 7&quot;,&quot;caption&quot;:&quot;&quot;,&quot;created_timestamp&quot;:&quot;1697643834&quot;,&quot;copyright&quot;:&quot;&quot;,&quot;focal_length&quot;:&quot;3.99&quot;,&quot;iso&quot;:&quot;100&quot;,&quot;shutter_speed&quot;:&quot;0.14285714285714&quot;,&quot;title&quot;:&quot;&quot;,&quot;orientation&quot;:&quot;1&quot;}\" data-image-title=\"Mortina T4 (2)\" data-image-description=\"\" data-image-caption=\"\" data-large-file=\"https:\/\/i0.wp.com\/www.jojoenherbe.com\/wp-content\/uploads\/2023\/10\/Mortina-T4-2-scaled.jpg?fit=676%2C422&amp;ssl=1\" class=\"alignleft size-thumbnail wp-image-32704\" src=\"https:\/\/i0.wp.com\/www.jojoenherbe.com\/wp-content\/uploads\/2023\/10\/Mortina-T4-2.jpg?resize=150%2C150\" alt=\"\" width=\"150\" height=\"150\" srcset=\"https:\/\/i0.wp.com\/www.jojoenherbe.com\/wp-content\/uploads\/2023\/10\/Mortina-T4-2-scaled.jpg?resize=150%2C150&amp;ssl=1 150w, https:\/\/i0.wp.com\/www.jojoenherbe.com\/wp-content\/uploads\/2023\/10\/Mortina-T4-2-scaled.jpg?zoom=2&amp;resize=150%2C150 300w, https:\/\/i0.wp.com\/www.jojoenherbe.com\/wp-content\/uploads\/2023\/10\/Mortina-T4-2-scaled.jpg?zoom=3&amp;resize=150%2C150 450w\" sizes=\"auto, (max-width: 150px) 100vw, 150px\" \/><\/a> <a href=\"https:\/\/i0.wp.com\/www.jojoenherbe.com\/wp-content\/uploads\/2023\/10\/Mortina-T4-3-scaled.jpg\"><img data-recalc-dims=\"1\" loading=\"lazy\" decoding=\"async\" data-attachment-id=\"32705\" data-permalink=\"https:\/\/www.jojoenherbe.com\/index.php\/2023\/10\/18\/au-fil-des-pages-avec-le-tome-4-de-mortina\/mortina-t4-3\/\" data-orig-file=\"https:\/\/i0.wp.com\/www.jojoenherbe.com\/wp-content\/uploads\/2023\/10\/Mortina-T4-3-scaled.jpg?fit=2560%2C1700&amp;ssl=1\" data-orig-size=\"2560,1700\" data-comments-opened=\"1\" data-image-meta=\"{&quot;aperture&quot;:&quot;1.8&quot;,&quot;credit&quot;:&quot;&quot;,&quot;camera&quot;:&quot;iPhone 7&quot;,&quot;caption&quot;:&quot;&quot;,&quot;created_timestamp&quot;:&quot;1697642747&quot;,&quot;copyright&quot;:&quot;&quot;,&quot;focal_length&quot;:&quot;3.99&quot;,&quot;iso&quot;:&quot;80&quot;,&quot;shutter_speed&quot;:&quot;0.2&quot;,&quot;title&quot;:&quot;&quot;,&quot;orientation&quot;:&quot;1&quot;}\" data-image-title=\"Mortina T4 (3)\" data-image-description=\"\" data-image-caption=\"\" data-large-file=\"https:\/\/i0.wp.com\/www.jojoenherbe.com\/wp-content\/uploads\/2023\/10\/Mortina-T4-3-scaled.jpg?fit=676%2C449&amp;ssl=1\" class=\"alignleft size-thumbnail wp-image-32705\" src=\"https:\/\/i0.wp.com\/www.jojoenherbe.com\/wp-content\/uploads\/2023\/10\/Mortina-T4-3.jpg?resize=150%2C150\" alt=\"\" width=\"150\" height=\"150\" srcset=\"https:\/\/i0.wp.com\/www.jojoenherbe.com\/wp-content\/uploads\/2023\/10\/Mortina-T4-3-scaled.jpg?resize=150%2C150&amp;ssl=1 150w, https:\/\/i0.wp.com\/www.jojoenherbe.com\/wp-content\/uploads\/2023\/10\/Mortina-T4-3-scaled.jpg?zoom=2&amp;resize=150%2C150 300w, https:\/\/i0.wp.com\/www.jojoenherbe.com\/wp-content\/uploads\/2023\/10\/Mortina-T4-3-scaled.jpg?zoom=3&amp;resize=150%2C150 450w\" sizes=\"auto, (max-width: 150px) 100vw, 150px\" \/><\/a>J&rsquo;ai lu le tome 4 de <span style=\"text-decoration: underline;\">Mortina, Les Vacances au lac Myst\u00e8re<\/span> de Barbara Cantini (\u00e9d. Albin Michel Jeunesse, octobre 2020, 50 pages), un un roman jeunesse illustr\u00e9 (premi\u00e8res lectures) \u00e0 partir de 6 ans. Mortina et sa famille de la villa D\u00e9cadente sont invit\u00e9es en vacances pour le solstice d&rsquo;\u00e9t\u00e9 chez Tante M\u00e9g\u00e8re, la s\u0153ur de Tante Tr\u00e9pass\u00e9e et m\u00e8re du cousin Dilbert, \u00e0 la villa Falbala sur les rives du lac Myst\u00e8re. Mais peu apr\u00e8s leur arriv\u00e9e, un huissier pose une pancarte mettant aux ench\u00e8res la villa la pensant inhabit\u00e9e et \u00e0 d\u00e9faut d&rsquo;h\u00e9ritier connu. L&rsquo;id\u00e9e du cousin Dilbert d&rsquo;utiliser le sortil\u00e8ge du retour sera-t-elle suffisante pour emp\u00eacher la vente?<\/em><\/p>\n<p style=\"text-align: justify;\"><em><a href=\"https:\/\/i0.wp.com\/www.jojoenherbe.com\/wp-content\/uploads\/2023\/10\/Mortina-T4-6-scaled.jpg\"><img data-recalc-dims=\"1\" loading=\"lazy\" decoding=\"async\" data-attachment-id=\"32710\" data-permalink=\"https:\/\/www.jojoenherbe.com\/index.php\/2023\/10\/18\/au-fil-des-pages-avec-le-tome-4-de-mortina\/mortina-t4-6-2\/\" data-orig-file=\"https:\/\/i0.wp.com\/www.jojoenherbe.com\/wp-content\/uploads\/2023\/10\/Mortina-T4-6-scaled.jpg?fit=2560%2C1920&amp;ssl=1\" data-orig-size=\"2560,1920\" data-comments-opened=\"1\" data-image-meta=\"{&quot;aperture&quot;:&quot;1.8&quot;,&quot;credit&quot;:&quot;&quot;,&quot;camera&quot;:&quot;iPhone 7&quot;,&quot;caption&quot;:&quot;&quot;,&quot;created_timestamp&quot;:&quot;1697644138&quot;,&quot;copyright&quot;:&quot;&quot;,&quot;focal_length&quot;:&quot;3.99&quot;,&quot;iso&quot;:&quot;50&quot;,&quot;shutter_speed&quot;:&quot;0.058823529411765&quot;,&quot;title&quot;:&quot;&quot;,&quot;orientation&quot;:&quot;1&quot;}\" data-image-title=\"Mortina T4 (6)\" data-image-description=\"\" data-image-caption=\"\" data-large-file=\"https:\/\/i0.wp.com\/www.jojoenherbe.com\/wp-content\/uploads\/2023\/10\/Mortina-T4-6-scaled.jpg?fit=676%2C507&amp;ssl=1\" class=\"size-thumbnail wp-image-32710 alignright\" src=\"https:\/\/i0.wp.com\/www.jojoenherbe.com\/wp-content\/uploads\/2023\/10\/Mortina-T4-6.jpg?resize=150%2C150\" alt=\"\" width=\"150\" height=\"150\" srcset=\"https:\/\/i0.wp.com\/www.jojoenherbe.com\/wp-content\/uploads\/2023\/10\/Mortina-T4-6-scaled.jpg?resize=150%2C150&amp;ssl=1 150w, https:\/\/i0.wp.com\/www.jojoenherbe.com\/wp-content\/uploads\/2023\/10\/Mortina-T4-6-scaled.jpg?zoom=2&amp;resize=150%2C150 300w, https:\/\/i0.wp.com\/www.jojoenherbe.com\/wp-content\/uploads\/2023\/10\/Mortina-T4-6-scaled.jpg?zoom=3&amp;resize=150%2C150 450w\" sizes=\"auto, (max-width: 150px) 100vw, 150px\" \/><\/a> <a href=\"https:\/\/i0.wp.com\/www.jojoenherbe.com\/wp-content\/uploads\/2023\/10\/Mortina-T4-5-scaled.jpg\"><img data-recalc-dims=\"1\" loading=\"lazy\" decoding=\"async\" data-attachment-id=\"32707\" data-permalink=\"https:\/\/www.jojoenherbe.com\/index.php\/2023\/10\/18\/au-fil-des-pages-avec-le-tome-4-de-mortina\/mortina-t4-5\/\" data-orig-file=\"https:\/\/i0.wp.com\/www.jojoenherbe.com\/wp-content\/uploads\/2023\/10\/Mortina-T4-5-scaled.jpg?fit=2560%2C1920&amp;ssl=1\" data-orig-size=\"2560,1920\" data-comments-opened=\"1\" data-image-meta=\"{&quot;aperture&quot;:&quot;1.8&quot;,&quot;credit&quot;:&quot;&quot;,&quot;camera&quot;:&quot;iPhone 7&quot;,&quot;caption&quot;:&quot;&quot;,&quot;created_timestamp&quot;:&quot;1697643254&quot;,&quot;copyright&quot;:&quot;&quot;,&quot;focal_length&quot;:&quot;3.99&quot;,&quot;iso&quot;:&quot;80&quot;,&quot;shutter_speed&quot;:&quot;0.2&quot;,&quot;title&quot;:&quot;&quot;,&quot;orientation&quot;:&quot;1&quot;}\" data-image-title=\"Mortina T4 (5)\" data-image-description=\"\" data-image-caption=\"\" data-large-file=\"https:\/\/i0.wp.com\/www.jojoenherbe.com\/wp-content\/uploads\/2023\/10\/Mortina-T4-5-scaled.jpg?fit=676%2C507&amp;ssl=1\" class=\"size-thumbnail wp-image-32707 alignright\" src=\"https:\/\/i0.wp.com\/www.jojoenherbe.com\/wp-content\/uploads\/2023\/10\/Mortina-T4-5.jpg?resize=150%2C150\" alt=\"\" width=\"150\" height=\"150\" srcset=\"https:\/\/i0.wp.com\/www.jojoenherbe.com\/wp-content\/uploads\/2023\/10\/Mortina-T4-5-scaled.jpg?resize=150%2C150&amp;ssl=1 150w, https:\/\/i0.wp.com\/www.jojoenherbe.com\/wp-content\/uploads\/2023\/10\/Mortina-T4-5-scaled.jpg?zoom=2&amp;resize=150%2C150 300w, https:\/\/i0.wp.com\/www.jojoenherbe.com\/wp-content\/uploads\/2023\/10\/Mortina-T4-5-scaled.jpg?zoom=3&amp;resize=150%2C150 450w\" sizes=\"auto, (max-width: 150px) 100vw, 150px\" \/><\/a>Tous les membres de la famille de Mortina agissent de concert afin de sauver la villa Falbala de la vente projet\u00e9e par l&rsquo;huissier. J&rsquo;appr\u00e9cie toujours autant les illustrations de Barbara Cantini qui fourmillent de d\u00e9tails, m\u00e9langent plusieurs techniques plusieurs techniques (dessin, montage-photos parfois r\u00e9elles, collage\u2026) et qui me renvoient, dans ce tome, \u00e0 mes souvenirs de voyage dans la r\u00e9gion des grands lacs en Italie comme le <a href=\"https:\/\/www.jojoenherbe.com\/index.php\/2010\/04\/29\/en-bateau-et-a-pieds-au-lac-de-come\/\">lac de C\u00f4me<\/a> (l&rsquo;autrice \u00e9tant italienne). Gr\u00e2ce \u00e0 une potion magique qui la rend temporairement humaine, il est amusant de d\u00e9couvrir Mortina en jeune fille et Tante Tr\u00e9pass\u00e9e en soubrette servant le th\u00e9. Encore un bon moment de lecture avec cette histoire rigolote, \u00e0 l&rsquo;ambiance gothique et qui finit comme \u00e0 chaque fois sur une chouette morale! Sans oublier un passage gourmand avec le th\u00e9 pr\u00e9par\u00e9 \u00e0 l&rsquo;huissier. Un tome 5, <span style=\"text-decoration: underline;\">Une effroyable surprise<\/span> est paru le 2 octobre 2023.<\/em><\/p>\n<div id=\"attachment_32547\" style=\"width: 121px\" class=\"wp-caption alignleft\"><img data-recalc-dims=\"1\" loading=\"lazy\" decoding=\"async\" aria-describedby=\"caption-attachment-32547\" data-attachment-id=\"32547\" data-permalink=\"https:\/\/www.jojoenherbe.com\/index.php\/2023\/10\/11\/au-fil-des-pages-avec-le-tome-1-de-brume\/challenge-halloween-2023-logo-jeunesse\/\" data-orig-file=\"https:\/\/i0.wp.com\/www.jojoenherbe.com\/wp-content\/uploads\/2023\/10\/Challenge-Halloween-2023-logo-jeunesse.png?fit=768%2C768&amp;ssl=1\" data-orig-size=\"768,768\" data-comments-opened=\"1\" data-image-meta=\"{&quot;aperture&quot;:&quot;0&quot;,&quot;credit&quot;:&quot;&quot;,&quot;camera&quot;:&quot;&quot;,&quot;caption&quot;:&quot;&quot;,&quot;created_timestamp&quot;:&quot;0&quot;,&quot;copyright&quot;:&quot;&quot;,&quot;focal_length&quot;:&quot;0&quot;,&quot;iso&quot;:&quot;0&quot;,&quot;shutter_speed&quot;:&quot;0&quot;,&quot;title&quot;:&quot;&quot;,&quot;orientation&quot;:&quot;0&quot;}\" data-image-title=\"Challenge Halloween 2023 &amp;#8211; logo jeunesse\" data-image-description=\"\" data-image-caption=\"\" data-large-file=\"https:\/\/i0.wp.com\/www.jojoenherbe.com\/wp-content\/uploads\/2023\/10\/Challenge-Halloween-2023-logo-jeunesse.png?fit=676%2C676&amp;ssl=1\" class=\"wp-image-32547\" src=\"https:\/\/i0.wp.com\/www.jojoenherbe.com\/wp-content\/uploads\/2023\/10\/Challenge-Halloween-2023-logo-jeunesse.png?resize=111%2C111\" alt=\"\" width=\"111\" height=\"111\" srcset=\"https:\/\/i0.wp.com\/www.jojoenherbe.com\/wp-content\/uploads\/2023\/10\/Challenge-Halloween-2023-logo-jeunesse.png?w=768&amp;ssl=1 768w, https:\/\/i0.wp.com\/www.jojoenherbe.com\/wp-content\/uploads\/2023\/10\/Challenge-Halloween-2023-logo-jeunesse.png?resize=300%2C300&amp;ssl=1 300w, https:\/\/i0.wp.com\/www.jojoenherbe.com\/wp-content\/uploads\/2023\/10\/Challenge-Halloween-2023-logo-jeunesse.png?resize=150%2C150&amp;ssl=1 150w, https:\/\/i0.wp.com\/www.jojoenherbe.com\/wp-content\/uploads\/2023\/10\/Challenge-Halloween-2023-logo-jeunesse.png?resize=676%2C676&amp;ssl=1 676w\" sizes=\"auto, (max-width: 111px) 100vw, 111px\" \/><p id=\"caption-attachment-32547\" class=\"wp-caption-text\">Participation # Challenge Halloween 2023 de <em><a href=\"https:\/\/lelivroblog.fr\/2023\/09\/19\/le-challenge-halloween-2023\/\">Hilde<\/a> et <a href=\"http:\/\/www.myloubook.com\/2023\/09\/19\/challenge-halloween-2023\/\">Lou<\/a><\/em> #Roman jeunesse<\/p><\/div>\n<div style=\"width: 113px\" class=\"wp-caption alignleft\"><img loading=\"lazy\" decoding=\"async\" src=\"https:\/\/lh3.googleusercontent.com\/pw\/AL9nZEWED5sOowfaAIivQoSsFwl6hy51lsnek_4EIHIPI8waW2MHjhj6cf1EWilIUD7SnvlDRky5UrFLm6lgTjQT1BDXKA7teG_K1CBqytzzkXj-pFGsHXBy_zmGvKTiD_gxxb6BAz3Fn3Q7E1EJdf1tGnU3MQ=w285-h217-no?authuser=0\" alt=\"\" width=\"103\" height=\"79\" \/><p class=\"wp-caption-text\">Challenge Petit Bac d\u2019<a href=\"https:\/\/ennalit.wordpress.com\/2022\/12\/01\/challenge-petit-bac-2023-qui-veut-jouer\/\" data-rich-text-format-boundary=\"true\">Enna<\/a> #4 Cat\u00e9gorie Paysage: \u00ab Lac \u00bb<\/p><\/div>\n<div id=\"attachment_22257\" style=\"width: 125px\" class=\"wp-caption alignleft\"><img loading=\"lazy\" decoding=\"async\" aria-describedby=\"caption-attachment-22257\" data-attachment-id=\"22257\" data-permalink=\"https:\/\/www.jojoenherbe.com\/index.php\/2021\/11\/09\/point-lecture-hebdomadaire-14\/les-incorrigibles-enfants-de-la-famille-ashton-t1\/\" data-orig-file=\"https:\/\/i0.wp.com\/www.jojoenherbe.com\/wp-content\/uploads\/2021\/11\/Les-incorrigibles-enfants-de-la-famille-Ashton-T1-scaled.jpg?fit=2560%2C1920&amp;ssl=1\" data-orig-size=\"2560,1920\" data-comments-opened=\"1\" data-image-meta=\"{&quot;aperture&quot;:&quot;1.8&quot;,&quot;credit&quot;:&quot;&quot;,&quot;camera&quot;:&quot;iPhone 7&quot;,&quot;caption&quot;:&quot;&quot;,&quot;created_timestamp&quot;:&quot;1636384349&quot;,&quot;copyright&quot;:&quot;&quot;,&quot;focal_length&quot;:&quot;3.99&quot;,&quot;iso&quot;:&quot;80&quot;,&quot;shutter_speed&quot;:&quot;0.25&quot;,&quot;title&quot;:&quot;&quot;,&quot;orientation&quot;:&quot;1&quot;}\" data-image-title=\"Les incorrigibles enfants de la famille Ashton T1\" data-image-description=\"\" data-image-caption=\"\" data-large-file=\"https:\/\/i0.wp.com\/www.jojoenherbe.com\/wp-content\/uploads\/2021\/11\/Les-incorrigibles-enfants-de-la-famille-Ashton-T1-scaled.jpg?fit=676%2C507&amp;ssl=1\" class=\"wp-image-22257\" src=\"https:\/\/i0.wp.com\/mapetitemediatheque.fr\/wp-content\/uploads\/2023\/01\/LivresCuisines2023b.png?resize=129%2C75&amp;ssl=1\" sizes=\"auto, (max-width: 320px) 100vw, 320px\" srcset=\"https:\/\/i0.wp.com\/mapetitemediatheque.fr\/wp-content\/uploads\/2023\/01\/LivresCuisines2023b.png?resize=129%2C75&amp;ssl=1 320w, https:\/\/mapetitemediatheque.fr\/wp-content\/uploads\/2023\/01\/LivresCuisines2023b-300x174.png 300w\" alt=\"\" width=\"115\" height=\"67\" aria-describedby=\"caption-attachment-22257\" data-attachment-id=\"22257\" data-permalink=\"https:\/\/www.jojoenherbe.com\/index.php\/2021\/11\/09\/point-lecture-hebdomadaire-14\/les-incorrigibles-enfants-de-la-famille-ashton-t1\/\" data-orig-file=\"https:\/\/i0.wp.com\/www.jojoenherbe.com\/wp-content\/uploads\/2021\/11\/Les-incorrigibles-enfants-de-la-famille-Ashton-T1-scaled.jpg?fit=2560%2C1920&amp;ssl=1\" data-orig-size=\"2560,1920\" data-comments-opened=\"1\" data-image-meta=\"{&quot;aperture&quot;:&quot;1.8&quot;,&quot;credit&quot;:&quot;&quot;,&quot;camera&quot;:&quot;iPhone 7&quot;,&quot;caption&quot;:&quot;&quot;,&quot;created_timestamp&quot;:&quot;1636384349&quot;,&quot;copyright&quot;:&quot;&quot;,&quot;focal_length&quot;:&quot;3.99&quot;,&quot;iso&quot;:&quot;80&quot;,&quot;shutter_speed&quot;:&quot;0.25&quot;,&quot;title&quot;:&quot;&quot;,&quot;orientation&quot;:&quot;1&quot;}\" data-image-title=\"Les incorrigibles enfants de la famille Ashton T1\" data-image-description=\"\" data-image-caption=\"\" data-medium-file=\"https:\/\/i0.wp.com\/www.jojoenherbe.com\/wp-content\/uploads\/2021\/11\/Les-incorrigibles-enfants-de-la-famille-Ashton-T1-scaled.jpg?fit=300%2C225&amp;ssl=1\" data-large-file=\"https:\/\/i0.wp.com\/www.jojoenherbe.com\/wp-content\/uploads\/2021\/11\/Les-incorrigibles-enfants-de-la-famille-Ashton-T1-scaled.jpg?fit=676%2C507&amp;ssl=1\" \/><p id=\"caption-attachment-22257\" class=\"wp-caption-text\">Participation #25 Challenge Des livres (et des \u00e9crans) en cuisine 2023 <em>de <a href=\"https:\/\/mapetitemediatheque.fr\/2023\/01\/des-livres-et-des-ecrans-en-cuisine-2023\/\">Bidib<\/a> et <a href=\"http:\/\/croquerlespages.canalblog.com\/archives\/2023\/01\/11\/39767634.html\">Fondant<\/a><\/em> #Go\u00fbter\/th\u00e9<\/p><\/div>\n<div id=\"attachment_19954\" style=\"width: 121px\" class=\"wp-caption alignleft\"><img loading=\"lazy\" decoding=\"async\" aria-describedby=\"caption-attachment-19954\" class=\"wp-image-19954\" src=\"https:\/\/i0.wp.com\/mapetitemediatheque.fr\/wp-content\/uploads\/2021\/11\/Inkedle-tour-du-monde-en-80-livres-2_LI.jpg?resize=116%2C87&amp;ssl=1\" sizes=\"auto, (max-width: 500px) 100vw, 500px\" srcset=\"https:\/\/i0.wp.com\/mapetitemediatheque.fr\/wp-content\/uploads\/2021\/11\/Inkedle-tour-du-monde-en-80-livres-2_LI.jpg?resize=116%2C87&amp;ssl=1 500w, https:\/\/mapetitemediatheque.fr\/wp-content\/uploads\/2021\/11\/Inkedle-tour-du-monde-en-80-livres-2_LI-300x226.jpg 300w, https:\/\/mapetitemediatheque.fr\/wp-content\/uploads\/2021\/11\/Inkedle-tour-du-monde-en-80-livres-2_LI-120x90.jpg 120w\" alt=\"\" width=\"111\" height=\"84\" aria-describedby=\"caption-attachment-19954\" \/><p id=\"caption-attachment-19954\" class=\"wp-caption-text\">Participation #34 (Parcours illustr\u00e9) Challenge Le tour du monde en 80 livres 2023 de <a href=\"https:\/\/mapetitemediatheque.fr\/2022\/12\/le-tour-du-monde-en-80-livres-2023\/\">Bidib<\/a> #Italie<\/p><\/div>\n","protected":false},"excerpt":{"rendered":"<p>J&rsquo;ai lu le tome 4 de Mortina, Les Vacances au lac Myst\u00e8re de Barbara Cantini (\u00e9d. Albin Michel Jeunesse, octobre 2020, 50 pages), un un roman jeunesse illustr\u00e9 (premi\u00e8res lectures) \u00e0 partir de 6 ans. Mortina et sa famille de la villa D\u00e9cadente sont invit\u00e9es en vacances pour le solstice d&rsquo;\u00e9t\u00e9 chez Tante M\u00e9g\u00e8re, la [&hellip;]<\/p>\n","protected":false},"author":1,"featured_media":32708,"comment_status":"open","ping_status":"open","sticky":false,"template":"","format":"standard","meta":{"jetpack_post_was_ever_published":false,"_jetpack_newsletter_access":"","_jetpack_dont_email_post_to_subs":false,"_jetpack_newsletter_tier_id":0,"_jetpack_memberships_contains_paywalled_content":false,"_jetpack_memberships_contains_paid_content":false,"footnotes":""},"categories":[363],"tags":[788,2869,3526,3519,3522,390,459,2663,538,1310,3525,367,727,830,2868,2945,789,854,887,697,3874,2870],"class_list":["post-32698","post","type-post","status-publish","format-standard","has-post-thumbnail","hentry","category-mini-lecteur","tag-6-9-ans","tag-barbara-cantini","tag-challenge-halloween-2023","tag-challenge-petit-bac-2023","tag-des-livres-et-des-ecrans-en-cuisine-2023","tag-entraide","tag-famille","tag-heritage","tag-humour","tag-lac","tag-le-tour-du-monde-en-80-livres-2023","tag-lecture-jeunesse","tag-magie","tag-maison-hantee","tag-mortina","tag-premieres-lectures","tag-romans-jeunesse","tag-sorcellerie","tag-sortileges","tag-vacances","tag-vente-aux-encheres","tag-zombie","post-preview"],"jetpack_featured_media_url":"https:\/\/i0.wp.com\/www.jojoenherbe.com\/wp-content\/uploads\/2023\/10\/Mortina-T4-scaled.jpg?fit=2560%2C2065&ssl=1","jetpack_sharing_enabled":true,"jetpack_shortlink":"https:\/\/wp.me\/p9zhGx-8vo","jetpack_likes_enabled":true,"jetpack-related-posts":[{"id":22348,"url":"https:\/\/www.jojoenherbe.com\/index.php\/2021\/11\/11\/au-fil-des-pages-avec-le-tome-1-de-mortina\/","url_meta":{"origin":32698,"position":0},"title":"Au fil des pages avec le tome 1 de Mortina","author":"Jojo","date":"11 novembre 2021","format":false,"excerpt":"Pour Halloween, j'ai voulu relire encore cette ann\u00e9e les trois premi\u00e8res histoires de Mortina, notre m\u00e9diath\u00e8que n'ayant pas le tome 4, Les vacances au lac Myst\u00e8re paru en 2020. D'ailleurs, je ne suis pas la seule \u00e0 avoir appr\u00e9ci\u00e9 l'univers cr\u00e9\u00e9 par Barbara Cantini puisque Hilde (tomes 2 et 3)\u2026","rel":"","context":"Dans &quot;Mini lecteur&quot;","block_context":{"text":"Mini lecteur","link":"https:\/\/www.jojoenherbe.com\/index.php\/category\/mini-lecteur\/"},"img":{"alt_text":"","src":"https:\/\/i0.wp.com\/www.jojoenherbe.com\/wp-content\/uploads\/2021\/11\/Mortina-T1-scaled.jpg?fit=1200%2C1119&ssl=1&resize=350%2C200","width":350,"height":200,"srcset":"https:\/\/i0.wp.com\/www.jojoenherbe.com\/wp-content\/uploads\/2021\/11\/Mortina-T1-scaled.jpg?fit=1200%2C1119&ssl=1&resize=350%2C200 1x, https:\/\/i0.wp.com\/www.jojoenherbe.com\/wp-content\/uploads\/2021\/11\/Mortina-T1-scaled.jpg?fit=1200%2C1119&ssl=1&resize=525%2C300 1.5x, https:\/\/i0.wp.com\/www.jojoenherbe.com\/wp-content\/uploads\/2021\/11\/Mortina-T1-scaled.jpg?fit=1200%2C1119&ssl=1&resize=700%2C400 2x, https:\/\/i0.wp.com\/www.jojoenherbe.com\/wp-content\/uploads\/2021\/11\/Mortina-T1-scaled.jpg?fit=1200%2C1119&ssl=1&resize=1050%2C600 3x"},"classes":[]},{"id":22359,"url":"https:\/\/www.jojoenherbe.com\/index.php\/2022\/09\/24\/au-fil-des-pages-avec-le-tome-2-de-mortina\/","url_meta":{"origin":32698,"position":1},"title":"Au fil des pages avec le tome 2 de Mortina","author":"Jojo","date":"24 septembre 2022","format":false,"excerpt":"L'ann\u00e9e derni\u00e8re, j'avais relu le tome 2 de Mortina, L'odieux cousin de Barbara Cantini (\u00e9d. Albin Michel Jeunesse, 2019), un roman jeunesse illustr\u00e9 et cartonn\u00e9 \u00e0 partir de 6 ans. Par un temps pluvieux et alors que sa tante Tr\u00e9pass\u00e9e est plong\u00e9e dans la lecture de ses livres de botanique,\u2026","rel":"","context":"Dans &quot;Mini lecteur&quot;","block_context":{"text":"Mini lecteur","link":"https:\/\/www.jojoenherbe.com\/index.php\/category\/mini-lecteur\/"},"img":{"alt_text":"","src":"https:\/\/i0.wp.com\/www.jojoenherbe.com\/wp-content\/uploads\/2022\/09\/Mortina-T2-scaled.jpg?fit=1200%2C946&ssl=1&resize=350%2C200","width":350,"height":200,"srcset":"https:\/\/i0.wp.com\/www.jojoenherbe.com\/wp-content\/uploads\/2022\/09\/Mortina-T2-scaled.jpg?fit=1200%2C946&ssl=1&resize=350%2C200 1x, https:\/\/i0.wp.com\/www.jojoenherbe.com\/wp-content\/uploads\/2022\/09\/Mortina-T2-scaled.jpg?fit=1200%2C946&ssl=1&resize=525%2C300 1.5x, https:\/\/i0.wp.com\/www.jojoenherbe.com\/wp-content\/uploads\/2022\/09\/Mortina-T2-scaled.jpg?fit=1200%2C946&ssl=1&resize=700%2C400 2x, https:\/\/i0.wp.com\/www.jojoenherbe.com\/wp-content\/uploads\/2022\/09\/Mortina-T2-scaled.jpg?fit=1200%2C946&ssl=1&resize=1050%2C600 3x"},"classes":[]},{"id":8473,"url":"https:\/\/www.jojoenherbe.com\/index.php\/2021\/11\/27\/au-fil-des-pages-avec-le-tome-3-de-mortina-lami-fantome\/","url_meta":{"origin":32698,"position":2},"title":"Au fil des pages avec le tome 3 de Mortina, L&rsquo;ami fant\u00f4me","author":"Jojo","date":"27 novembre 2021","format":false,"excerpt":"Apr\u00e8s les tomes 1 et 2, je relis encore cette ann\u00e9e, pendant la p\u00e9riode d'Halloween, le tome 3 de Mortina: Mortina, L'ami fant\u00f4me de Barbara Cantini (\u00e9d Albin Michel Jeunesse, 2019), un roman jeunesse cartonn\u00e9 \u00e0 partir de 6 ans. Le soir du r\u00e9veillon du Nouvel An, Mortina aide un\u2026","rel":"","context":"Dans &quot;Mini lecteur&quot;","block_context":{"text":"Mini lecteur","link":"https:\/\/www.jojoenherbe.com\/index.php\/category\/mini-lecteur\/"},"img":{"alt_text":"","src":"https:\/\/i0.wp.com\/www.jojoenherbe.com\/wp-content\/uploads\/2019\/11\/Mortina-T3-scaled.jpg?fit=1200%2C1007&ssl=1&resize=350%2C200","width":350,"height":200,"srcset":"https:\/\/i0.wp.com\/www.jojoenherbe.com\/wp-content\/uploads\/2019\/11\/Mortina-T3-scaled.jpg?fit=1200%2C1007&ssl=1&resize=350%2C200 1x, https:\/\/i0.wp.com\/www.jojoenherbe.com\/wp-content\/uploads\/2019\/11\/Mortina-T3-scaled.jpg?fit=1200%2C1007&ssl=1&resize=525%2C300 1.5x, https:\/\/i0.wp.com\/www.jojoenherbe.com\/wp-content\/uploads\/2019\/11\/Mortina-T3-scaled.jpg?fit=1200%2C1007&ssl=1&resize=700%2C400 2x, https:\/\/i0.wp.com\/www.jojoenherbe.com\/wp-content\/uploads\/2019\/11\/Mortina-T3-scaled.jpg?fit=1200%2C1007&ssl=1&resize=1050%2C600 3x"},"classes":[]},{"id":32823,"url":"https:\/\/www.jojoenherbe.com\/index.php\/2023\/10\/23\/point-lecture-hebdomadaire-2023-42\/","url_meta":{"origin":32698,"position":3},"title":"Point lecture hebdomadaire 2023 #42","author":"Jojo","date":"23 octobre 2023","format":false,"excerpt":"En ce d\u00e9but de semaine, voici notre point lecture hebdomadaire avec un retour sur nos lectures de la semaine derni\u00e8re (mais pas nos relectures) et qui sont encore pour la plupart halloweenesques. Nos lectures du 16 au 22 octobre 2023: Des lectures jeunesse: Cela faisait longtemps que mon mini sorcier\u2026","rel":"","context":"Dans &quot;Mini blogueur&quot;","block_context":{"text":"Mini blogueur","link":"https:\/\/www.jojoenherbe.com\/index.php\/category\/mini-blogueur\/"},"img":{"alt_text":"","src":"https:\/\/i0.wp.com\/www.jojoenherbe.com\/wp-content\/uploads\/2023\/10\/Point-lecture-hebdomadaire-2023-42-scaled.jpg?fit=1200%2C719&ssl=1&resize=350%2C200","width":350,"height":200,"srcset":"https:\/\/i0.wp.com\/www.jojoenherbe.com\/wp-content\/uploads\/2023\/10\/Point-lecture-hebdomadaire-2023-42-scaled.jpg?fit=1200%2C719&ssl=1&resize=350%2C200 1x, https:\/\/i0.wp.com\/www.jojoenherbe.com\/wp-content\/uploads\/2023\/10\/Point-lecture-hebdomadaire-2023-42-scaled.jpg?fit=1200%2C719&ssl=1&resize=525%2C300 1.5x, https:\/\/i0.wp.com\/www.jojoenherbe.com\/wp-content\/uploads\/2023\/10\/Point-lecture-hebdomadaire-2023-42-scaled.jpg?fit=1200%2C719&ssl=1&resize=700%2C400 2x, https:\/\/i0.wp.com\/www.jojoenherbe.com\/wp-content\/uploads\/2023\/10\/Point-lecture-hebdomadaire-2023-42-scaled.jpg?fit=1200%2C719&ssl=1&resize=1050%2C600 3x"},"classes":[]},{"id":32125,"url":"https:\/\/www.jojoenherbe.com\/index.php\/2023\/09\/23\/billet-de-suivi-challenge-halloween-2023\/","url_meta":{"origin":32698,"position":4},"title":"Billet de suivi: Challenge Halloween 2023","author":"Jojo","date":"23 septembre 2023","format":false,"excerpt":"Je participe \u00e0 nouveau cette ann\u00e9e au Challenge Halloween organis\u00e9 par Hilde et Lou. D\u00e8s le 23 septembre 2023, nos deux vampirettes coorganisatrices ouvrent les portes non du Manoir habituel mais celles d\u2019un ch\u00e2teau en ruines en Transylvanie, les Vampires \u00e9tant \u00e0 l\u2019honneur cette ann\u00e9e.\u00a0 Le challenge commence en douceur\u2026","rel":"","context":"Dans &quot;Mini challenger&quot;","block_context":{"text":"Mini challenger","link":"https:\/\/www.jojoenherbe.com\/index.php\/category\/mini-challenger\/"},"img":{"alt_text":"","src":"https:\/\/i0.wp.com\/www.jojoenherbe.com\/wp-content\/uploads\/2023\/09\/Logo-Challenge-Halloween-2023.jpg?fit=960%2C960&ssl=1&resize=350%2C200","width":350,"height":200,"srcset":"https:\/\/i0.wp.com\/www.jojoenherbe.com\/wp-content\/uploads\/2023\/09\/Logo-Challenge-Halloween-2023.jpg?fit=960%2C960&ssl=1&resize=350%2C200 1x, https:\/\/i0.wp.com\/www.jojoenherbe.com\/wp-content\/uploads\/2023\/09\/Logo-Challenge-Halloween-2023.jpg?fit=960%2C960&ssl=1&resize=525%2C300 1.5x, https:\/\/i0.wp.com\/www.jojoenherbe.com\/wp-content\/uploads\/2023\/09\/Logo-Challenge-Halloween-2023.jpg?fit=960%2C960&ssl=1&resize=700%2C400 2x"},"classes":[]},{"id":41071,"url":"https:\/\/www.jojoenherbe.com\/index.php\/2025\/10\/30\/throwback-thursday-livresque-livre-dont-au-moins-une-scene-se-deroule-a-halloween\/","url_meta":{"origin":32698,"position":5},"title":"Throwback Thursday Livresque: Livre dont (au moins) une sc\u00e8ne se d\u00e9roule \u00e0 Halloween","author":"Jojo","date":"30 octobre 2025","format":false,"excerpt":"Ce jeudi 30 octobre 2025, je participe au Throwback Thursday Livresque, un rendez-vous livresque initialement chez Bettie Rose Books et repris depuis par Carole, les liens \u00e9tant \u00e0 d\u00e9poser chez My-Bo0ks. Le principe est de partager chaque jeudi un livre \"ancien\" de notre biblioth\u00e8que en fonction d\u2019un th\u00e8me donn\u00e9. Cette\u2026","rel":"","context":"Dans &quot;Mini blogueur&quot;","block_context":{"text":"Mini blogueur","link":"https:\/\/www.jojoenherbe.com\/index.php\/category\/mini-blogueur\/"},"img":{"alt_text":"","src":"https:\/\/i0.wp.com\/www.jojoenherbe.com\/wp-content\/uploads\/2023\/10\/TTL-logo.jpg?resize=350%2C200","width":350,"height":200},"classes":[]}],"_links":{"self":[{"href":"https:\/\/www.jojoenherbe.com\/index.php\/wp-json\/wp\/v2\/posts\/32698","targetHints":{"allow":["GET"]}}],"collection":[{"href":"https:\/\/www.jojoenherbe.com\/index.php\/wp-json\/wp\/v2\/posts"}],"about":[{"href":"https:\/\/www.jojoenherbe.com\/index.php\/wp-json\/wp\/v2\/types\/post"}],"author":[{"embeddable":true,"href":"https:\/\/www.jojoenherbe.com\/index.php\/wp-json\/wp\/v2\/users\/1"}],"replies":[{"embeddable":true,"href":"https:\/\/www.jojoenherbe.com\/index.php\/wp-json\/wp\/v2\/comments?post=32698"}],"version-history":[{"count":9,"href":"https:\/\/www.jojoenherbe.com\/index.php\/wp-json\/wp\/v2\/posts\/32698\/revisions"}],"predecessor-version":[{"id":33870,"href":"https:\/\/www.jojoenherbe.com\/index.php\/wp-json\/wp\/v2\/posts\/32698\/revisions\/33870"}],"wp:featuredmedia":[{"embeddable":true,"href":"https:\/\/www.jojoenherbe.com\/index.php\/wp-json\/wp\/v2\/media\/32708"}],"wp:attachment":[{"href":"https:\/\/www.jojoenherbe.com\/index.php\/wp-json\/wp\/v2\/media?parent=32698"}],"wp:term":[{"taxonomy":"category","embeddable":true,"href":"https:\/\/www.jojoenherbe.com\/index.php\/wp-json\/wp\/v2\/categories?post=32698"},{"taxonomy":"post_tag","embeddable":true,"href":"https:\/\/www.jojoenherbe.com\/index.php\/wp-json\/wp\/v2\/tags?post=32698"}],"curies":[{"name":"wp","href":"https:\/\/api.w.org\/{rel}","templated":true}]}}