{"id":3240,"date":"2011-08-07T21:35:45","date_gmt":"2011-08-07T19:35:45","guid":{"rendered":"http:\/\/www.jojoenherbe.com\/?p=3240"},"modified":"2018-07-17T23:07:33","modified_gmt":"2018-07-17T21:07:33","slug":"face-a-limmensite-des-icebergs-de-jokulsarlon","status":"publish","type":"post","link":"https:\/\/www.jojoenherbe.com\/index.php\/2011\/08\/07\/face-a-limmensite-des-icebergs-de-jokulsarlon\/","title":{"rendered":"Face \u00e0 l&rsquo;immensit\u00e9 des icebergs de J\u00f6kulsarlon"},"content":{"rendered":"<p style=\"text-align: justify;\"><em><a href=\"https:\/\/i0.wp.com\/www.jojoenherbe.com\/wp-content\/uploads\/2011\/08\/J%C3%B6kulsarlon.jpg\"><img data-recalc-dims=\"1\" loading=\"lazy\" decoding=\"async\" data-attachment-id=\"3271\" data-permalink=\"https:\/\/www.jojoenherbe.com\/index.php\/2011\/08\/07\/face-a-limmensite-des-icebergs-de-jokulsarlon\/jokulsarlon\/\" data-orig-file=\"https:\/\/i0.wp.com\/www.jojoenherbe.com\/wp-content\/uploads\/2011\/08\/J%C3%B6kulsarlon.jpg?fit=2048%2C1536&amp;ssl=1\" data-orig-size=\"2048,1536\" data-comments-opened=\"1\" data-image-meta=\"{&quot;aperture&quot;:&quot;4&quot;,&quot;credit&quot;:&quot;&quot;,&quot;camera&quot;:&quot;COOLPIX S5100&quot;,&quot;caption&quot;:&quot;&quot;,&quot;created_timestamp&quot;:&quot;1311594890&quot;,&quot;copyright&quot;:&quot;&quot;,&quot;focal_length&quot;:&quot;11.2&quot;,&quot;iso&quot;:&quot;100&quot;,&quot;shutter_speed&quot;:&quot;0.00125&quot;,&quot;title&quot;:&quot;&quot;,&quot;orientation&quot;:&quot;1&quot;}\" data-image-title=\"J\u00f6kulsarlon\" data-image-description=\"\" data-image-caption=\"\" data-large-file=\"https:\/\/i0.wp.com\/www.jojoenherbe.com\/wp-content\/uploads\/2011\/08\/J%C3%B6kulsarlon.jpg?fit=676%2C507&amp;ssl=1\" class=\"alignleft size-thumbnail wp-image-3271\" src=\"https:\/\/i0.wp.com\/www.jojoenherbe.com\/wp-content\/uploads\/2011\/08\/J%C3%B6kulsarlon.jpg?resize=150%2C150\" alt=\"\" width=\"150\" height=\"150\" srcset=\"https:\/\/i0.wp.com\/www.jojoenherbe.com\/wp-content\/uploads\/2011\/08\/J%C3%B6kulsarlon.jpg?resize=150%2C150&amp;ssl=1 150w, https:\/\/i0.wp.com\/www.jojoenherbe.com\/wp-content\/uploads\/2011\/08\/J%C3%B6kulsarlon.jpg?zoom=2&amp;resize=150%2C150 300w, https:\/\/i0.wp.com\/www.jojoenherbe.com\/wp-content\/uploads\/2011\/08\/J%C3%B6kulsarlon.jpg?zoom=3&amp;resize=150%2C150 450w\" sizes=\"auto, (max-width: 150px) 100vw, 150px\" \/><\/a> <a href=\"https:\/\/i0.wp.com\/www.jojoenherbe.com\/wp-content\/uploads\/2011\/08\/J%C3%B6kulsarlon-6.jpg\"><img data-recalc-dims=\"1\" loading=\"lazy\" decoding=\"async\" data-attachment-id=\"3259\" data-permalink=\"https:\/\/www.jojoenherbe.com\/index.php\/2011\/08\/07\/face-a-limmensite-des-icebergs-de-jokulsarlon\/jokulsarlon-6\/\" data-orig-file=\"https:\/\/i0.wp.com\/www.jojoenherbe.com\/wp-content\/uploads\/2011\/08\/J%C3%B6kulsarlon-6.jpg?fit=2048%2C1536&amp;ssl=1\" data-orig-size=\"2048,1536\" data-comments-opened=\"1\" data-image-meta=\"{&quot;aperture&quot;:&quot;4.4&quot;,&quot;credit&quot;:&quot;&quot;,&quot;camera&quot;:&quot;COOLPIX S5100&quot;,&quot;caption&quot;:&quot;&quot;,&quot;created_timestamp&quot;:&quot;1311600858&quot;,&quot;copyright&quot;:&quot;&quot;,&quot;focal_length&quot;:&quot;13.2&quot;,&quot;iso&quot;:&quot;100&quot;,&quot;shutter_speed&quot;:&quot;0.00125&quot;,&quot;title&quot;:&quot;&quot;,&quot;orientation&quot;:&quot;1&quot;}\" data-image-title=\"J\u00f6kulsarlon 6\" data-image-description=\"\" data-image-caption=\"\" data-large-file=\"https:\/\/i0.wp.com\/www.jojoenherbe.com\/wp-content\/uploads\/2011\/08\/J%C3%B6kulsarlon-6.jpg?fit=676%2C507&amp;ssl=1\" class=\"alignleft size-thumbnail wp-image-3259\" src=\"https:\/\/i0.wp.com\/www.jojoenherbe.com\/wp-content\/uploads\/2011\/08\/J%C3%B6kulsarlon-6.jpg?resize=150%2C150\" alt=\"\" width=\"150\" height=\"150\" srcset=\"https:\/\/i0.wp.com\/www.jojoenherbe.com\/wp-content\/uploads\/2011\/08\/J%C3%B6kulsarlon-6.jpg?resize=150%2C150&amp;ssl=1 150w, https:\/\/i0.wp.com\/www.jojoenherbe.com\/wp-content\/uploads\/2011\/08\/J%C3%B6kulsarlon-6.jpg?zoom=2&amp;resize=150%2C150 300w, https:\/\/i0.wp.com\/www.jojoenherbe.com\/wp-content\/uploads\/2011\/08\/J%C3%B6kulsarlon-6.jpg?zoom=3&amp;resize=150%2C150 450w\" sizes=\"auto, (max-width: 150px) 100vw, 150px\" \/><\/a> <a href=\"https:\/\/i0.wp.com\/www.jojoenherbe.com\/wp-content\/uploads\/2011\/08\/J%C3%B6kulsarlon-5.jpg\"><img data-recalc-dims=\"1\" loading=\"lazy\" decoding=\"async\" data-attachment-id=\"3258\" data-permalink=\"https:\/\/www.jojoenherbe.com\/index.php\/2011\/08\/07\/face-a-limmensite-des-icebergs-de-jokulsarlon\/jokulsarlon-5\/\" data-orig-file=\"https:\/\/i0.wp.com\/www.jojoenherbe.com\/wp-content\/uploads\/2011\/08\/J%C3%B6kulsarlon-5.jpg?fit=2048%2C1536&amp;ssl=1\" data-orig-size=\"2048,1536\" data-comments-opened=\"1\" data-image-meta=\"{&quot;aperture&quot;:&quot;6.6&quot;,&quot;credit&quot;:&quot;&quot;,&quot;camera&quot;:&quot;COOLPIX S5100&quot;,&quot;caption&quot;:&quot;&quot;,&quot;created_timestamp&quot;:&quot;1311599297&quot;,&quot;copyright&quot;:&quot;&quot;,&quot;focal_length&quot;:&quot;25&quot;,&quot;iso&quot;:&quot;100&quot;,&quot;shutter_speed&quot;:&quot;0.0025&quot;,&quot;title&quot;:&quot;&quot;,&quot;orientation&quot;:&quot;1&quot;}\" data-image-title=\"J\u00f6kulsarlon 5\" data-image-description=\"\" data-image-caption=\"\" data-large-file=\"https:\/\/i0.wp.com\/www.jojoenherbe.com\/wp-content\/uploads\/2011\/08\/J%C3%B6kulsarlon-5.jpg?fit=676%2C507&amp;ssl=1\" class=\"alignleft size-thumbnail wp-image-3258\" src=\"https:\/\/i0.wp.com\/www.jojoenherbe.com\/wp-content\/uploads\/2011\/08\/J%C3%B6kulsarlon-5.jpg?resize=150%2C150\" alt=\"\" width=\"150\" height=\"150\" srcset=\"https:\/\/i0.wp.com\/www.jojoenherbe.com\/wp-content\/uploads\/2011\/08\/J%C3%B6kulsarlon-5.jpg?resize=150%2C150&amp;ssl=1 150w, https:\/\/i0.wp.com\/www.jojoenherbe.com\/wp-content\/uploads\/2011\/08\/J%C3%B6kulsarlon-5.jpg?zoom=2&amp;resize=150%2C150 300w, https:\/\/i0.wp.com\/www.jojoenherbe.com\/wp-content\/uploads\/2011\/08\/J%C3%B6kulsarlon-5.jpg?zoom=3&amp;resize=150%2C150 450w\" sizes=\"auto, (max-width: 150px) 100vw, 150px\" \/><\/a>Ce 25 juillet 2011, nous partons, vers 8h30, de H\u00f6fn pour un changement complet de d\u00e9cor avec la visite de la lagune de J\u00f6kulsarlon au pied du glacier du Vatnaj\u00f6kull, le temps d&rsquo;une accalmie de plusieurs heures. Nous choisissons de marcher autour de la lagune, des deux c\u00f4t\u00e9s du pont, plut\u00f4t que de monter sur un des nombreux bateaux amphibie avec le bruit assourdissant, voire insupportable, de leurs moteurs. <\/em><em>Nous pouvons voir tr\u00e8s vite la t\u00eate des phoques qui se faufilent dans l&rsquo;eau autour des icebergs d&rsquo;un beau bleu pour la plupart. Le site est vraiment remarquable, bien que le ciel soit encore tr\u00e8s gris mais au moins sans pluie. <\/em><em>Un peu plus loin, nous observons un groupe de bernaches nonnettes.<\/em><\/p>\n<p style=\"text-align: justify;\"><em><a href=\"https:\/\/i0.wp.com\/www.jojoenherbe.com\/wp-content\/uploads\/2011\/08\/J%C3%B6kulsarlon-2.jpg\"><img data-recalc-dims=\"1\" loading=\"lazy\" decoding=\"async\" data-attachment-id=\"3255\" data-permalink=\"https:\/\/www.jojoenherbe.com\/index.php\/2011\/08\/07\/face-a-limmensite-des-icebergs-de-jokulsarlon\/jokulsarlon-2\/\" data-orig-file=\"https:\/\/i0.wp.com\/www.jojoenherbe.com\/wp-content\/uploads\/2011\/08\/J%C3%B6kulsarlon-2.jpg?fit=1536%2C2048&amp;ssl=1\" data-orig-size=\"1536,2048\" data-comments-opened=\"1\" data-image-meta=\"{&quot;aperture&quot;:&quot;9.6&quot;,&quot;credit&quot;:&quot;&quot;,&quot;camera&quot;:&quot;COOLPIX S5100&quot;,&quot;caption&quot;:&quot;&quot;,&quot;created_timestamp&quot;:&quot;1311594913&quot;,&quot;copyright&quot;:&quot;&quot;,&quot;focal_length&quot;:&quot;8.3&quot;,&quot;iso&quot;:&quot;100&quot;,&quot;shutter_speed&quot;:&quot;0.00625&quot;,&quot;title&quot;:&quot;&quot;,&quot;orientation&quot;:&quot;1&quot;}\" data-image-title=\"J\u00f6kulsarlon 2\" data-image-description=\"\" data-image-caption=\"\" data-large-file=\"https:\/\/i0.wp.com\/www.jojoenherbe.com\/wp-content\/uploads\/2011\/08\/J%C3%B6kulsarlon-2.jpg?fit=676%2C901&amp;ssl=1\" class=\"size-thumbnail wp-image-3255 alignright\" src=\"https:\/\/i0.wp.com\/www.jojoenherbe.com\/wp-content\/uploads\/2011\/08\/J%C3%B6kulsarlon-2.jpg?resize=150%2C150\" alt=\"\" width=\"150\" height=\"150\" srcset=\"https:\/\/i0.wp.com\/www.jojoenherbe.com\/wp-content\/uploads\/2011\/08\/J%C3%B6kulsarlon-2.jpg?resize=150%2C150&amp;ssl=1 150w, https:\/\/i0.wp.com\/www.jojoenherbe.com\/wp-content\/uploads\/2011\/08\/J%C3%B6kulsarlon-2.jpg?zoom=2&amp;resize=150%2C150 300w, https:\/\/i0.wp.com\/www.jojoenherbe.com\/wp-content\/uploads\/2011\/08\/J%C3%B6kulsarlon-2.jpg?zoom=3&amp;resize=150%2C150 450w\" sizes=\"auto, (max-width: 150px) 100vw, 150px\" \/><\/a><\/em><\/p>\n<div id=\"attachment_3257\" style=\"width: 160px\" class=\"wp-caption alignright\"><a href=\"https:\/\/i0.wp.com\/www.jojoenherbe.com\/wp-content\/uploads\/2011\/08\/J%C3%B6kulsarlon-4.jpg\"><img data-recalc-dims=\"1\" loading=\"lazy\" decoding=\"async\" aria-describedby=\"caption-attachment-3257\" data-attachment-id=\"3257\" data-permalink=\"https:\/\/www.jojoenherbe.com\/index.php\/2011\/08\/07\/face-a-limmensite-des-icebergs-de-jokulsarlon\/jokulsarlon-4\/\" data-orig-file=\"https:\/\/i0.wp.com\/www.jojoenherbe.com\/wp-content\/uploads\/2011\/08\/J%C3%B6kulsarlon-4.jpg?fit=2048%2C1536&amp;ssl=1\" data-orig-size=\"2048,1536\" data-comments-opened=\"1\" data-image-meta=\"{&quot;aperture&quot;:&quot;6.6&quot;,&quot;credit&quot;:&quot;&quot;,&quot;camera&quot;:&quot;COOLPIX S5100&quot;,&quot;caption&quot;:&quot;&quot;,&quot;created_timestamp&quot;:&quot;1311596839&quot;,&quot;copyright&quot;:&quot;&quot;,&quot;focal_length&quot;:&quot;50&quot;,&quot;iso&quot;:&quot;100&quot;,&quot;shutter_speed&quot;:&quot;0.003125&quot;,&quot;title&quot;:&quot;&quot;,&quot;orientation&quot;:&quot;1&quot;}\" data-image-title=\"J\u00f6kulsarlon 4\" data-image-description=\"\" data-image-caption=\"&lt;p&gt;Phoque &amp;#8211; J\u00f6kulsarlon&lt;\/p&gt;\n\" data-large-file=\"https:\/\/i0.wp.com\/www.jojoenherbe.com\/wp-content\/uploads\/2011\/08\/J%C3%B6kulsarlon-4.jpg?fit=676%2C507&amp;ssl=1\" class=\"size-thumbnail wp-image-3257\" src=\"https:\/\/i0.wp.com\/www.jojoenherbe.com\/wp-content\/uploads\/2011\/08\/J%C3%B6kulsarlon-4.jpg?resize=150%2C150\" alt=\"\" width=\"150\" height=\"150\" srcset=\"https:\/\/i0.wp.com\/www.jojoenherbe.com\/wp-content\/uploads\/2011\/08\/J%C3%B6kulsarlon-4.jpg?resize=150%2C150&amp;ssl=1 150w, https:\/\/i0.wp.com\/www.jojoenherbe.com\/wp-content\/uploads\/2011\/08\/J%C3%B6kulsarlon-4.jpg?zoom=2&amp;resize=150%2C150 300w, https:\/\/i0.wp.com\/www.jojoenherbe.com\/wp-content\/uploads\/2011\/08\/J%C3%B6kulsarlon-4.jpg?zoom=3&amp;resize=150%2C150 450w\" sizes=\"auto, (max-width: 150px) 100vw, 150px\" \/><\/a><p id=\"caption-attachment-3257\" class=\"wp-caption-text\">Phoque &#8211; J\u00f6kulsarlon<\/p><\/div>\n<p style=\"text-align: justify;\"><em><a href=\"https:\/\/i0.wp.com\/www.jojoenherbe.com\/wp-content\/uploads\/2011\/08\/J%C3%B6kulsarlon-9.jpg\"><img data-recalc-dims=\"1\" loading=\"lazy\" decoding=\"async\" data-attachment-id=\"3262\" data-permalink=\"https:\/\/www.jojoenherbe.com\/index.php\/2011\/08\/07\/face-a-limmensite-des-icebergs-de-jokulsarlon\/jokulsarlon-9\/\" data-orig-file=\"https:\/\/i0.wp.com\/www.jojoenherbe.com\/wp-content\/uploads\/2011\/08\/J%C3%B6kulsarlon-9.jpg?fit=1475%2C1522&amp;ssl=1\" data-orig-size=\"1475,1522\" data-comments-opened=\"1\" data-image-meta=\"{&quot;aperture&quot;:&quot;6.6&quot;,&quot;credit&quot;:&quot;&quot;,&quot;camera&quot;:&quot;COOLPIX S5100&quot;,&quot;caption&quot;:&quot;&quot;,&quot;created_timestamp&quot;:&quot;1311608833&quot;,&quot;copyright&quot;:&quot;&quot;,&quot;focal_length&quot;:&quot;45&quot;,&quot;iso&quot;:&quot;800&quot;,&quot;shutter_speed&quot;:&quot;0.0125&quot;,&quot;title&quot;:&quot;&quot;,&quot;orientation&quot;:&quot;1&quot;}\" data-image-title=\"J\u00f6kulsarlon 9\" data-image-description=\"\" data-image-caption=\"\" data-large-file=\"https:\/\/i0.wp.com\/www.jojoenherbe.com\/wp-content\/uploads\/2011\/08\/J%C3%B6kulsarlon-9.jpg?fit=676%2C698&amp;ssl=1\" class=\"size-thumbnail wp-image-3262 alignright\" src=\"https:\/\/i0.wp.com\/www.jojoenherbe.com\/wp-content\/uploads\/2011\/08\/J%C3%B6kulsarlon-9.jpg?resize=150%2C150\" alt=\"\" width=\"150\" height=\"150\" srcset=\"https:\/\/i0.wp.com\/www.jojoenherbe.com\/wp-content\/uploads\/2011\/08\/J%C3%B6kulsarlon-9.jpg?resize=150%2C150&amp;ssl=1 150w, https:\/\/i0.wp.com\/www.jojoenherbe.com\/wp-content\/uploads\/2011\/08\/J%C3%B6kulsarlon-9.jpg?zoom=2&amp;resize=150%2C150 300w, https:\/\/i0.wp.com\/www.jojoenherbe.com\/wp-content\/uploads\/2011\/08\/J%C3%B6kulsarlon-9.jpg?zoom=3&amp;resize=150%2C150 450w\" sizes=\"auto, (max-width: 150px) 100vw, 150px\" \/><\/a>Vers 15h00, nous revenons sur nos pas, \u00e0 quelques m\u00e8tres de l&rsquo;entr\u00e9e du site pour manger nos sandwichs tout en continuant \u00e0 observer les phoques. Nous entendons \u00e9galement des bruits provenant de certains icebergs qui, en fondant, se fissurent et tombent dans l&rsquo;eau. Puis nous allons boire un caf\u00e9, un troll gardant la machine \u00e0 caf\u00e9.<\/em><\/p>\n<div id=\"attachment_3266\" style=\"width: 160px\" class=\"wp-caption alignleft\"><a href=\"https:\/\/i0.wp.com\/www.jojoenherbe.com\/wp-content\/uploads\/2011\/08\/J%C3%B6kulsarlon-13.jpg\"><img data-recalc-dims=\"1\" loading=\"lazy\" decoding=\"async\" aria-describedby=\"caption-attachment-3266\" data-attachment-id=\"3266\" data-permalink=\"https:\/\/www.jojoenherbe.com\/index.php\/2011\/08\/07\/face-a-limmensite-des-icebergs-de-jokulsarlon\/jokulsarlon-13\/\" data-orig-file=\"https:\/\/i0.wp.com\/www.jojoenherbe.com\/wp-content\/uploads\/2011\/08\/J%C3%B6kulsarlon-13.jpg?fit=1536%2C2048&amp;ssl=1\" data-orig-size=\"1536,2048\" data-comments-opened=\"1\" data-image-meta=\"{&quot;aperture&quot;:&quot;6.6&quot;,&quot;credit&quot;:&quot;&quot;,&quot;camera&quot;:&quot;COOLPIX S5100&quot;,&quot;caption&quot;:&quot;&quot;,&quot;created_timestamp&quot;:&quot;1311613396&quot;,&quot;copyright&quot;:&quot;&quot;,&quot;focal_length&quot;:&quot;50&quot;,&quot;iso&quot;:&quot;100&quot;,&quot;shutter_speed&quot;:&quot;0.002&quot;,&quot;title&quot;:&quot;&quot;,&quot;orientation&quot;:&quot;1&quot;}\" data-image-title=\"J\u00f6kulsarlon 13\" data-image-description=\"\" data-image-caption=\"&lt;p&gt;Bernaches nonnettes et eiders \u00e0 duvet&lt;\/p&gt;\n\" data-large-file=\"https:\/\/i0.wp.com\/www.jojoenherbe.com\/wp-content\/uploads\/2011\/08\/J%C3%B6kulsarlon-13.jpg?fit=676%2C901&amp;ssl=1\" class=\"size-thumbnail wp-image-3266\" src=\"https:\/\/i0.wp.com\/www.jojoenherbe.com\/wp-content\/uploads\/2011\/08\/J%C3%B6kulsarlon-13.jpg?resize=150%2C150\" alt=\"\" width=\"150\" height=\"150\" srcset=\"https:\/\/i0.wp.com\/www.jojoenherbe.com\/wp-content\/uploads\/2011\/08\/J%C3%B6kulsarlon-13.jpg?resize=150%2C150&amp;ssl=1 150w, https:\/\/i0.wp.com\/www.jojoenherbe.com\/wp-content\/uploads\/2011\/08\/J%C3%B6kulsarlon-13.jpg?zoom=2&amp;resize=150%2C150 300w, https:\/\/i0.wp.com\/www.jojoenherbe.com\/wp-content\/uploads\/2011\/08\/J%C3%B6kulsarlon-13.jpg?zoom=3&amp;resize=150%2C150 450w\" sizes=\"auto, (max-width: 150px) 100vw, 150px\" \/><\/a><p id=\"caption-attachment-3266\" class=\"wp-caption-text\">Bernaches nonnettes et eiders \u00e0 duvet<\/p><\/div>\n<p style=\"text-align: justify;\"><em><a href=\"https:\/\/i0.wp.com\/www.jojoenherbe.com\/wp-content\/uploads\/2011\/08\/J%C3%B6kulsarlon-17.jpg\"><img data-recalc-dims=\"1\" loading=\"lazy\" decoding=\"async\" data-attachment-id=\"3270\" data-permalink=\"https:\/\/www.jojoenherbe.com\/index.php\/2011\/08\/07\/face-a-limmensite-des-icebergs-de-jokulsarlon\/jokulsarlon-17\/\" data-orig-file=\"https:\/\/i0.wp.com\/www.jojoenherbe.com\/wp-content\/uploads\/2011\/08\/J%C3%B6kulsarlon-17.jpg?fit=2048%2C1536&amp;ssl=1\" data-orig-size=\"2048,1536\" data-comments-opened=\"1\" data-image-meta=\"{&quot;aperture&quot;:&quot;6.6&quot;,&quot;credit&quot;:&quot;&quot;,&quot;camera&quot;:&quot;COOLPIX S5100&quot;,&quot;caption&quot;:&quot;&quot;,&quot;created_timestamp&quot;:&quot;1311614792&quot;,&quot;copyright&quot;:&quot;&quot;,&quot;focal_length&quot;:&quot;50&quot;,&quot;iso&quot;:&quot;100&quot;,&quot;shutter_speed&quot;:&quot;0.01&quot;,&quot;title&quot;:&quot;&quot;,&quot;orientation&quot;:&quot;1&quot;}\" data-image-title=\"J\u00f6kulsarlon 17\" data-image-description=\"\" data-image-caption=\"\" data-large-file=\"https:\/\/i0.wp.com\/www.jojoenherbe.com\/wp-content\/uploads\/2011\/08\/J%C3%B6kulsarlon-17.jpg?fit=676%2C507&amp;ssl=1\" class=\"alignleft size-thumbnail wp-image-3270\" src=\"https:\/\/i0.wp.com\/www.jojoenherbe.com\/wp-content\/uploads\/2011\/08\/J%C3%B6kulsarlon-17.jpg?resize=150%2C150\" alt=\"\" width=\"150\" height=\"150\" srcset=\"https:\/\/i0.wp.com\/www.jojoenherbe.com\/wp-content\/uploads\/2011\/08\/J%C3%B6kulsarlon-17.jpg?resize=150%2C150&amp;ssl=1 150w, https:\/\/i0.wp.com\/www.jojoenherbe.com\/wp-content\/uploads\/2011\/08\/J%C3%B6kulsarlon-17.jpg?zoom=2&amp;resize=150%2C150 300w, https:\/\/i0.wp.com\/www.jojoenherbe.com\/wp-content\/uploads\/2011\/08\/J%C3%B6kulsarlon-17.jpg?zoom=3&amp;resize=150%2C150 450w\" sizes=\"auto, (max-width: 150px) 100vw, 150px\" \/><\/a><\/em><\/p>\n<div id=\"attachment_3269\" style=\"width: 160px\" class=\"wp-caption alignleft\"><a href=\"https:\/\/i0.wp.com\/www.jojoenherbe.com\/wp-content\/uploads\/2011\/08\/J%C3%B6kulsarlon-16.jpg\"><img data-recalc-dims=\"1\" loading=\"lazy\" decoding=\"async\" aria-describedby=\"caption-attachment-3269\" data-attachment-id=\"3269\" data-permalink=\"https:\/\/www.jojoenherbe.com\/index.php\/2011\/08\/07\/face-a-limmensite-des-icebergs-de-jokulsarlon\/jokulsarlon-16\/\" data-orig-file=\"https:\/\/i0.wp.com\/www.jojoenherbe.com\/wp-content\/uploads\/2011\/08\/J%C3%B6kulsarlon-16.jpg?fit=2048%2C1536&amp;ssl=1\" data-orig-size=\"2048,1536\" data-comments-opened=\"1\" data-image-meta=\"{&quot;aperture&quot;:&quot;6.6&quot;,&quot;credit&quot;:&quot;&quot;,&quot;camera&quot;:&quot;COOLPIX S5100&quot;,&quot;caption&quot;:&quot;&quot;,&quot;created_timestamp&quot;:&quot;1311614789&quot;,&quot;copyright&quot;:&quot;&quot;,&quot;focal_length&quot;:&quot;50&quot;,&quot;iso&quot;:&quot;100&quot;,&quot;shutter_speed&quot;:&quot;0.01&quot;,&quot;title&quot;:&quot;&quot;,&quot;orientation&quot;:&quot;1&quot;}\" data-image-title=\"J\u00f6kulsarlon 16\" data-image-description=\"\" data-image-caption=\"&lt;p&gt;Grand labbe&lt;\/p&gt;\n\" data-large-file=\"https:\/\/i0.wp.com\/www.jojoenherbe.com\/wp-content\/uploads\/2011\/08\/J%C3%B6kulsarlon-16.jpg?fit=676%2C507&amp;ssl=1\" class=\"size-thumbnail wp-image-3269\" src=\"https:\/\/i0.wp.com\/www.jojoenherbe.com\/wp-content\/uploads\/2011\/08\/J%C3%B6kulsarlon-16.jpg?resize=150%2C150\" alt=\"\" width=\"150\" height=\"150\" srcset=\"https:\/\/i0.wp.com\/www.jojoenherbe.com\/wp-content\/uploads\/2011\/08\/J%C3%B6kulsarlon-16.jpg?resize=150%2C150&amp;ssl=1 150w, https:\/\/i0.wp.com\/www.jojoenherbe.com\/wp-content\/uploads\/2011\/08\/J%C3%B6kulsarlon-16.jpg?zoom=2&amp;resize=150%2C150 300w, https:\/\/i0.wp.com\/www.jojoenherbe.com\/wp-content\/uploads\/2011\/08\/J%C3%B6kulsarlon-16.jpg?zoom=3&amp;resize=150%2C150 450w\" sizes=\"auto, (max-width: 150px) 100vw, 150px\" \/><\/a><p id=\"caption-attachment-3269\" class=\"wp-caption-text\">Grand labbe<\/p><\/div>\n<p style=\"text-align: justify;\"><em>Nous repartons de l&rsquo;autre c\u00f4t\u00e9 de la rive et croisons, \u00e0 nouveau, un groupe de bernaches nonnettes ainsi qu&rsquo;un grand labbe qui r\u00e9ussit, apr\u00e8s moult efforts, \u00e0 attraper un poisson. Il y a \u00e9galement d&rsquo;autres phoques et des eiders \u00e0 duvet. <\/em><\/p>\n<p style=\"text-align: justify;\"><em><a href=\"https:\/\/i0.wp.com\/www.jojoenherbe.com\/wp-content\/uploads\/2011\/08\/J%C3%B6kulsarlon-10.jpg\"><img data-recalc-dims=\"1\" loading=\"lazy\" decoding=\"async\" data-attachment-id=\"3263\" data-permalink=\"https:\/\/www.jojoenherbe.com\/index.php\/2011\/08\/07\/face-a-limmensite-des-icebergs-de-jokulsarlon\/jokulsarlon-10\/\" data-orig-file=\"https:\/\/i0.wp.com\/www.jojoenherbe.com\/wp-content\/uploads\/2011\/08\/J%C3%B6kulsarlon-10.jpg?fit=2048%2C1536&amp;ssl=1\" data-orig-size=\"2048,1536\" data-comments-opened=\"1\" data-image-meta=\"{&quot;aperture&quot;:&quot;6.6&quot;,&quot;credit&quot;:&quot;&quot;,&quot;camera&quot;:&quot;COOLPIX S5100&quot;,&quot;caption&quot;:&quot;&quot;,&quot;created_timestamp&quot;:&quot;1311609577&quot;,&quot;copyright&quot;:&quot;&quot;,&quot;focal_length&quot;:&quot;25&quot;,&quot;iso&quot;:&quot;100&quot;,&quot;shutter_speed&quot;:&quot;0.00125&quot;,&quot;title&quot;:&quot;&quot;,&quot;orientation&quot;:&quot;1&quot;}\" data-image-title=\"J\u00f6kulsarlon 10\" data-image-description=\"\" data-image-caption=\"\" data-large-file=\"https:\/\/i0.wp.com\/www.jojoenherbe.com\/wp-content\/uploads\/2011\/08\/J%C3%B6kulsarlon-10.jpg?fit=676%2C507&amp;ssl=1\" class=\"size-thumbnail wp-image-3263 alignright\" src=\"https:\/\/i0.wp.com\/www.jojoenherbe.com\/wp-content\/uploads\/2011\/08\/J%C3%B6kulsarlon-10.jpg?resize=150%2C150\" alt=\"\" width=\"150\" height=\"150\" srcset=\"https:\/\/i0.wp.com\/www.jojoenherbe.com\/wp-content\/uploads\/2011\/08\/J%C3%B6kulsarlon-10.jpg?resize=150%2C150&amp;ssl=1 150w, https:\/\/i0.wp.com\/www.jojoenherbe.com\/wp-content\/uploads\/2011\/08\/J%C3%B6kulsarlon-10.jpg?zoom=2&amp;resize=150%2C150 300w, https:\/\/i0.wp.com\/www.jojoenherbe.com\/wp-content\/uploads\/2011\/08\/J%C3%B6kulsarlon-10.jpg?zoom=3&amp;resize=150%2C150 450w\" sizes=\"auto, (max-width: 150px) 100vw, 150px\" \/><\/a> <a href=\"https:\/\/i0.wp.com\/www.jojoenherbe.com\/wp-content\/uploads\/2011\/08\/J%C3%B6kulsarlon-11.jpg\"><img data-recalc-dims=\"1\" loading=\"lazy\" decoding=\"async\" data-attachment-id=\"3264\" data-permalink=\"https:\/\/www.jojoenherbe.com\/index.php\/2011\/08\/07\/face-a-limmensite-des-icebergs-de-jokulsarlon\/jokulsarlon-11\/\" data-orig-file=\"https:\/\/i0.wp.com\/www.jojoenherbe.com\/wp-content\/uploads\/2011\/08\/J%C3%B6kulsarlon-11.jpg?fit=2048%2C1536&amp;ssl=1\" data-orig-size=\"2048,1536\" data-comments-opened=\"1\" data-image-meta=\"{&quot;aperture&quot;:&quot;10.5&quot;,&quot;credit&quot;:&quot;&quot;,&quot;camera&quot;:&quot;COOLPIX S5100&quot;,&quot;caption&quot;:&quot;&quot;,&quot;created_timestamp&quot;:&quot;1311612863&quot;,&quot;copyright&quot;:&quot;&quot;,&quot;focal_length&quot;:&quot;9.6&quot;,&quot;iso&quot;:&quot;100&quot;,&quot;shutter_speed&quot;:&quot;0.0025&quot;,&quot;title&quot;:&quot;&quot;,&quot;orientation&quot;:&quot;1&quot;}\" data-image-title=\"J\u00f6kulsarlon 11\" data-image-description=\"\" data-image-caption=\"\" data-large-file=\"https:\/\/i0.wp.com\/www.jojoenherbe.com\/wp-content\/uploads\/2011\/08\/J%C3%B6kulsarlon-11.jpg?fit=676%2C507&amp;ssl=1\" class=\"size-thumbnail wp-image-3264 alignright\" src=\"https:\/\/i0.wp.com\/www.jojoenherbe.com\/wp-content\/uploads\/2011\/08\/J%C3%B6kulsarlon-11.jpg?resize=150%2C150\" alt=\"\" width=\"150\" height=\"150\" srcset=\"https:\/\/i0.wp.com\/www.jojoenherbe.com\/wp-content\/uploads\/2011\/08\/J%C3%B6kulsarlon-11.jpg?resize=150%2C150&amp;ssl=1 150w, https:\/\/i0.wp.com\/www.jojoenherbe.com\/wp-content\/uploads\/2011\/08\/J%C3%B6kulsarlon-11.jpg?zoom=2&amp;resize=150%2C150 300w, https:\/\/i0.wp.com\/www.jojoenherbe.com\/wp-content\/uploads\/2011\/08\/J%C3%B6kulsarlon-11.jpg?zoom=3&amp;resize=150%2C150 450w\" sizes=\"auto, (max-width: 150px) 100vw, 150px\" \/><\/a> <a href=\"https:\/\/i0.wp.com\/www.jojoenherbe.com\/wp-content\/uploads\/2011\/08\/J%C3%B6kulsarlon-15.jpg\"><img data-recalc-dims=\"1\" loading=\"lazy\" decoding=\"async\" data-attachment-id=\"3268\" data-permalink=\"https:\/\/www.jojoenherbe.com\/index.php\/2011\/08\/07\/face-a-limmensite-des-icebergs-de-jokulsarlon\/jokulsarlon-15\/\" data-orig-file=\"https:\/\/i0.wp.com\/www.jojoenherbe.com\/wp-content\/uploads\/2011\/08\/J%C3%B6kulsarlon-15.jpg?fit=2048%2C1536&amp;ssl=1\" data-orig-size=\"2048,1536\" data-comments-opened=\"1\" data-image-meta=\"{&quot;aperture&quot;:&quot;7.6&quot;,&quot;credit&quot;:&quot;&quot;,&quot;camera&quot;:&quot;COOLPIX S5100&quot;,&quot;caption&quot;:&quot;&quot;,&quot;created_timestamp&quot;:&quot;1311615039&quot;,&quot;copyright&quot;:&quot;&quot;,&quot;focal_length&quot;:&quot;5&quot;,&quot;iso&quot;:&quot;100&quot;,&quot;shutter_speed&quot;:&quot;0.004&quot;,&quot;title&quot;:&quot;&quot;,&quot;orientation&quot;:&quot;1&quot;}\" data-image-title=\"J\u00f6kulsarlon 15\" data-image-description=\"\" data-image-caption=\"\" data-large-file=\"https:\/\/i0.wp.com\/www.jojoenherbe.com\/wp-content\/uploads\/2011\/08\/J%C3%B6kulsarlon-15.jpg?fit=676%2C507&amp;ssl=1\" class=\"size-thumbnail wp-image-3268 alignright\" src=\"https:\/\/i0.wp.com\/www.jojoenherbe.com\/wp-content\/uploads\/2011\/08\/J%C3%B6kulsarlon-15.jpg?resize=150%2C150\" alt=\"\" width=\"150\" height=\"150\" srcset=\"https:\/\/i0.wp.com\/www.jojoenherbe.com\/wp-content\/uploads\/2011\/08\/J%C3%B6kulsarlon-15.jpg?resize=150%2C150&amp;ssl=1 150w, https:\/\/i0.wp.com\/www.jojoenherbe.com\/wp-content\/uploads\/2011\/08\/J%C3%B6kulsarlon-15.jpg?zoom=2&amp;resize=150%2C150 300w, https:\/\/i0.wp.com\/www.jojoenherbe.com\/wp-content\/uploads\/2011\/08\/J%C3%B6kulsarlon-15.jpg?zoom=3&amp;resize=150%2C150 450w\" sizes=\"auto, (max-width: 150px) 100vw, 150px\" \/><\/a>Nous avons \u00e9galement de beaux points de vue sur le glacier au loin, des icebergs s&rsquo;y d\u00e9tachant r\u00e9guli\u00e8rement. Ces derniers, selon l&rsquo;\u00e9tat de fonte, dessinent de jolies formes. Certains mettront m\u00eame plusieurs ann\u00e9es \u00e0 flotter dans la lagune avant de se jeter dans l&rsquo;Oc\u00e9an Atlantique. Depuis 1932, la lagune de J\u00f6kulsarlon s&rsquo;\u00e9tend malheureusement de plus en plus au d\u00e9triment du glacier.<\/em><\/p>\n<div id=\"attachment_3254\" style=\"width: 160px\" class=\"wp-caption alignleft\"><a href=\"https:\/\/i0.wp.com\/www.jojoenherbe.com\/wp-content\/uploads\/2011\/08\/glacier-de-Skaftafell.jpg\"><img data-recalc-dims=\"1\" loading=\"lazy\" decoding=\"async\" aria-describedby=\"caption-attachment-3254\" data-attachment-id=\"3254\" data-permalink=\"https:\/\/www.jojoenherbe.com\/index.php\/2011\/08\/07\/face-a-limmensite-des-icebergs-de-jokulsarlon\/glacier-de-skaftafell\/\" data-orig-file=\"https:\/\/i0.wp.com\/www.jojoenherbe.com\/wp-content\/uploads\/2011\/08\/glacier-de-Skaftafell.jpg?fit=2048%2C1536&amp;ssl=1\" data-orig-size=\"2048,1536\" data-comments-opened=\"1\" data-image-meta=\"{&quot;aperture&quot;:&quot;2.7&quot;,&quot;credit&quot;:&quot;&quot;,&quot;camera&quot;:&quot;COOLPIX S5100&quot;,&quot;caption&quot;:&quot;&quot;,&quot;created_timestamp&quot;:&quot;1311624332&quot;,&quot;copyright&quot;:&quot;&quot;,&quot;focal_length&quot;:&quot;5&quot;,&quot;iso&quot;:&quot;100&quot;,&quot;shutter_speed&quot;:&quot;0.002&quot;,&quot;title&quot;:&quot;&quot;,&quot;orientation&quot;:&quot;1&quot;}\" data-image-title=\"glacier de Skaftafell\" data-image-description=\"\" data-image-caption=\"&lt;p&gt;glacier de Skaftafell&lt;\/p&gt;\n\" data-large-file=\"https:\/\/i0.wp.com\/www.jojoenherbe.com\/wp-content\/uploads\/2011\/08\/glacier-de-Skaftafell.jpg?fit=676%2C507&amp;ssl=1\" class=\"size-thumbnail wp-image-3254\" src=\"https:\/\/i0.wp.com\/www.jojoenherbe.com\/wp-content\/uploads\/2011\/08\/glacier-de-Skaftafell.jpg?resize=150%2C150\" alt=\"\" width=\"150\" height=\"150\" srcset=\"https:\/\/i0.wp.com\/www.jojoenherbe.com\/wp-content\/uploads\/2011\/08\/glacier-de-Skaftafell.jpg?resize=150%2C150&amp;ssl=1 150w, https:\/\/i0.wp.com\/www.jojoenherbe.com\/wp-content\/uploads\/2011\/08\/glacier-de-Skaftafell.jpg?zoom=2&amp;resize=150%2C150 300w, https:\/\/i0.wp.com\/www.jojoenherbe.com\/wp-content\/uploads\/2011\/08\/glacier-de-Skaftafell.jpg?zoom=3&amp;resize=150%2C150 450w\" sizes=\"auto, (max-width: 150px) 100vw, 150px\" \/><\/a><p id=\"caption-attachment-3254\" class=\"wp-caption-text\">glacier de Skaftafell<\/p><\/div>\n<p style=\"text-align: justify;\"><em><a href=\"https:\/\/i0.wp.com\/www.jojoenherbe.com\/wp-content\/uploads\/2011\/08\/glacier-de-Skaftafell-2.jpg\"><img data-recalc-dims=\"1\" loading=\"lazy\" decoding=\"async\" data-attachment-id=\"3252\" data-permalink=\"https:\/\/www.jojoenherbe.com\/index.php\/2011\/08\/07\/face-a-limmensite-des-icebergs-de-jokulsarlon\/glacier-de-skaftafell-2\/\" data-orig-file=\"https:\/\/i0.wp.com\/www.jojoenherbe.com\/wp-content\/uploads\/2011\/08\/glacier-de-Skaftafell-2.jpg?fit=2048%2C1536&amp;ssl=1\" data-orig-size=\"2048,1536\" data-comments-opened=\"1\" data-image-meta=\"{&quot;aperture&quot;:&quot;4.9&quot;,&quot;credit&quot;:&quot;&quot;,&quot;camera&quot;:&quot;COOLPIX S5100&quot;,&quot;caption&quot;:&quot;&quot;,&quot;created_timestamp&quot;:&quot;1311625068&quot;,&quot;copyright&quot;:&quot;&quot;,&quot;focal_length&quot;:&quot;15.5&quot;,&quot;iso&quot;:&quot;110&quot;,&quot;shutter_speed&quot;:&quot;0.016666666666667&quot;,&quot;title&quot;:&quot;&quot;,&quot;orientation&quot;:&quot;1&quot;}\" data-image-title=\"glacier de Skaftafell 2\" data-image-description=\"\" data-image-caption=\"\" data-large-file=\"https:\/\/i0.wp.com\/www.jojoenherbe.com\/wp-content\/uploads\/2011\/08\/glacier-de-Skaftafell-2.jpg?fit=676%2C507&amp;ssl=1\" class=\"size-thumbnail wp-image-3252 alignleft\" src=\"https:\/\/i0.wp.com\/www.jojoenherbe.com\/wp-content\/uploads\/2011\/08\/glacier-de-Skaftafell-2.jpg?resize=150%2C150\" alt=\"\" width=\"150\" height=\"150\" srcset=\"https:\/\/i0.wp.com\/www.jojoenherbe.com\/wp-content\/uploads\/2011\/08\/glacier-de-Skaftafell-2.jpg?resize=150%2C150&amp;ssl=1 150w, https:\/\/i0.wp.com\/www.jojoenherbe.com\/wp-content\/uploads\/2011\/08\/glacier-de-Skaftafell-2.jpg?zoom=2&amp;resize=150%2C150 300w, https:\/\/i0.wp.com\/www.jojoenherbe.com\/wp-content\/uploads\/2011\/08\/glacier-de-Skaftafell-2.jpg?zoom=3&amp;resize=150%2C150 450w\" sizes=\"auto, (max-width: 150px) 100vw, 150px\" \/><\/a> <a href=\"https:\/\/i0.wp.com\/www.jojoenherbe.com\/wp-content\/uploads\/2011\/08\/glacier-de-Skaftafell-3.jpg\"><img data-recalc-dims=\"1\" loading=\"lazy\" decoding=\"async\" data-attachment-id=\"3253\" data-permalink=\"https:\/\/www.jojoenherbe.com\/index.php\/2011\/08\/07\/face-a-limmensite-des-icebergs-de-jokulsarlon\/glacier-de-skaftafell-3\/\" data-orig-file=\"https:\/\/i0.wp.com\/www.jojoenherbe.com\/wp-content\/uploads\/2011\/08\/glacier-de-Skaftafell-3.jpg?fit=1536%2C2048&amp;ssl=1\" data-orig-size=\"1536,2048\" data-comments-opened=\"1\" data-image-meta=\"{&quot;aperture&quot;:&quot;2.7&quot;,&quot;credit&quot;:&quot;&quot;,&quot;camera&quot;:&quot;COOLPIX S5100&quot;,&quot;caption&quot;:&quot;&quot;,&quot;created_timestamp&quot;:&quot;1311626207&quot;,&quot;copyright&quot;:&quot;&quot;,&quot;focal_length&quot;:&quot;5&quot;,&quot;iso&quot;:&quot;100&quot;,&quot;shutter_speed&quot;:&quot;0.016666666666667&quot;,&quot;title&quot;:&quot;&quot;,&quot;orientation&quot;:&quot;1&quot;}\" data-image-title=\"glacier de Skaftafell 3\" data-image-description=\"\" data-image-caption=\"\" data-large-file=\"https:\/\/i0.wp.com\/www.jojoenherbe.com\/wp-content\/uploads\/2011\/08\/glacier-de-Skaftafell-3.jpg?fit=676%2C901&amp;ssl=1\" class=\"size-thumbnail wp-image-3253 alignleft\" src=\"https:\/\/i0.wp.com\/www.jojoenherbe.com\/wp-content\/uploads\/2011\/08\/glacier-de-Skaftafell-3.jpg?resize=150%2C150\" alt=\"\" width=\"150\" height=\"150\" srcset=\"https:\/\/i0.wp.com\/www.jojoenherbe.com\/wp-content\/uploads\/2011\/08\/glacier-de-Skaftafell-3.jpg?resize=150%2C150&amp;ssl=1 150w, https:\/\/i0.wp.com\/www.jojoenherbe.com\/wp-content\/uploads\/2011\/08\/glacier-de-Skaftafell-3.jpg?zoom=2&amp;resize=150%2C150 300w, https:\/\/i0.wp.com\/www.jojoenherbe.com\/wp-content\/uploads\/2011\/08\/glacier-de-Skaftafell-3.jpg?zoom=3&amp;resize=150%2C150 450w\" sizes=\"auto, (max-width: 150px) 100vw, 150px\" \/><\/a>Vers 19h00, nous retournons \u00e0 notre voiture pour aller continuer notre balade autour du glacier de Skaftafell, le\u00a0 \u00ab\u00a0Skaftafellsj\u00f6kull\u00a0\u00bb en islandais. Le site offre, \u00e0 nouveau, des paysages tr\u00e8s volcaniques. Mais une pluie fine commence \u00e0 tomber. Il est alors temps de reprendre la voiture pour passer la nuit au camping de Kirkjubaejarklaustur.<\/em><\/p>\n<p><iframe loading=\"lazy\" style=\"border: 0;\" src=\"https:\/\/www.google.com\/maps\/embed?pb=!1m18!1m12!1m3!1d55816.07433493565!2d-16.279321371196044!3d64.07617066841492!2m3!1f0!2f0!3f0!3m2!1i1024!2i768!4f13.1!3m3!1m2!1s0x48cfd6ecd73a3819%3A0xcd05c959e10146a9!2zSsO2a3Vsc8OhcmzDs24!5e0!3m2!1sfr!2sfr!4v1531827552701\" width=\"400\" height=\"300\" frameborder=\"0\" allowfullscreen=\"allowfullscreen\"><\/iframe><\/p>\n","protected":false},"excerpt":{"rendered":"<p>Ce 25 juillet 2011, nous partons, vers 8h30, de H\u00f6fn pour un changement complet de d\u00e9cor avec la visite de la lagune de J\u00f6kulsarlon au pied du glacier du Vatnaj\u00f6kull, le temps d&rsquo;une accalmie de plusieurs heures. Nous choisissons de marcher autour de la lagune, des deux c\u00f4t\u00e9s du pont, plut\u00f4t que de monter sur [&hellip;]<\/p>\n","protected":false},"author":1,"featured_media":3256,"comment_status":"open","ping_status":"open","sticky":false,"template":"","format":"standard","meta":{"jetpack_post_was_ever_published":false,"_jetpack_newsletter_access":"","_jetpack_dont_email_post_to_subs":false,"_jetpack_newsletter_tier_id":0,"_jetpack_memberships_contains_paywalled_content":false,"_jetpack_memberships_contains_paid_content":false,"footnotes":""},"categories":[120],"tags":[291,293,288,292,289,281,287,290,294],"class_list":["post-3240","post","type-post","status-publish","format-standard","has-post-thumbnail","hentry","category-mini-voyageur","tag-bernache-nonnette","tag-eider-a-duvet","tag-glaciers","tag-grand-labbe","tag-icebergs","tag-islande","tag-jokulsarlon","tag-phoques","tag-skaftafell","post-preview"],"jetpack_featured_media_url":"https:\/\/i0.wp.com\/www.jojoenherbe.com\/wp-content\/uploads\/2011\/08\/J%C3%B6kulsarlon-3.jpg?fit=1536%2C2048&ssl=1","jetpack_sharing_enabled":true,"jetpack_shortlink":"https:\/\/wp.me\/p9zhGx-Qg","jetpack_likes_enabled":true,"jetpack-related-posts":[{"id":10199,"url":"https:\/\/www.jojoenherbe.com\/index.php\/2020\/03\/01\/semaine-9-du-projet-52-2020-couleur-froide\/","url_meta":{"origin":3240,"position":0},"title":"Semaine 9 du Projet 52-2020: Couleur froide","author":"Jojo","date":"1 mars 2020","format":false,"excerpt":"Pour la semaine 9 du Projet 52-2020 de Du c\u00f4t\u00e9 de chez Ma', le th\u00e8me est \"Couleur froide\", ce qui me fait penser aux icebergs de J\u00f6kulsarlon avec leur couleur bleue si caract\u00e9ristique. Voici donc une des photos prises en juillet 2011. Il y faisait d'ailleurs bien froid.","rel":"","context":"Dans &quot;mini photographe&quot;","block_context":{"text":"mini photographe","link":"https:\/\/www.jojoenherbe.com\/index.php\/category\/mini-photographe\/"},"img":{"alt_text":"","src":"https:\/\/i0.wp.com\/www.jojoenherbe.com\/wp-content\/uploads\/2011\/08\/J%C3%B6kulsarlon-11.jpg?fit=1200%2C900&ssl=1&resize=350%2C200","width":350,"height":200,"srcset":"https:\/\/i0.wp.com\/www.jojoenherbe.com\/wp-content\/uploads\/2011\/08\/J%C3%B6kulsarlon-11.jpg?fit=1200%2C900&ssl=1&resize=350%2C200 1x, https:\/\/i0.wp.com\/www.jojoenherbe.com\/wp-content\/uploads\/2011\/08\/J%C3%B6kulsarlon-11.jpg?fit=1200%2C900&ssl=1&resize=525%2C300 1.5x, https:\/\/i0.wp.com\/www.jojoenherbe.com\/wp-content\/uploads\/2011\/08\/J%C3%B6kulsarlon-11.jpg?fit=1200%2C900&ssl=1&resize=700%2C400 2x, https:\/\/i0.wp.com\/www.jojoenherbe.com\/wp-content\/uploads\/2011\/08\/J%C3%B6kulsarlon-11.jpg?fit=1200%2C900&ssl=1&resize=1050%2C600 3x"},"classes":[]},{"id":7216,"url":"https:\/\/www.jojoenherbe.com\/index.php\/2019\/08\/25\/sur-les-traces-des-trolls-islandais\/","url_meta":{"origin":3240,"position":1},"title":"Sur les traces des trolls islandais","author":"Jojo","date":"25 ao\u00fbt 2019","format":false,"excerpt":"Pour cette semaine 34 du Projet 52-2019 de Du c\u00f4t\u00e9 de chez Ma', le th\u00e8me est \"Rire(s)\". Comme de plus en plus ces derniers temps, je pioche dans mes archives pour illustrer ce th\u00e8me avec une photo prise le 25 juillet 2011 \u00e0 J\u00f6kulsarlon. Pendant notre voyage, nous avons tent\u00e9\u2026","rel":"","context":"Dans &quot;mini photographe&quot;","block_context":{"text":"mini photographe","link":"https:\/\/www.jojoenherbe.com\/index.php\/category\/mini-photographe\/"},"img":{"alt_text":"","src":"https:\/\/i0.wp.com\/www.jojoenherbe.com\/wp-content\/uploads\/2011\/08\/J%C3%B6kulsarlon-9.jpg?fit=1163%2C1200&ssl=1&resize=350%2C200","width":350,"height":200,"srcset":"https:\/\/i0.wp.com\/www.jojoenherbe.com\/wp-content\/uploads\/2011\/08\/J%C3%B6kulsarlon-9.jpg?fit=1163%2C1200&ssl=1&resize=350%2C200 1x, https:\/\/i0.wp.com\/www.jojoenherbe.com\/wp-content\/uploads\/2011\/08\/J%C3%B6kulsarlon-9.jpg?fit=1163%2C1200&ssl=1&resize=525%2C300 1.5x, https:\/\/i0.wp.com\/www.jojoenherbe.com\/wp-content\/uploads\/2011\/08\/J%C3%B6kulsarlon-9.jpg?fit=1163%2C1200&ssl=1&resize=700%2C400 2x, https:\/\/i0.wp.com\/www.jojoenherbe.com\/wp-content\/uploads\/2011\/08\/J%C3%B6kulsarlon-9.jpg?fit=1163%2C1200&ssl=1&resize=1050%2C600 3x"},"classes":[]},{"id":9225,"url":"https:\/\/www.jojoenherbe.com\/index.php\/2019\/12\/28\/petite-pause-ornitho-aux-etangs-de-villepey\/","url_meta":{"origin":3240,"position":2},"title":"Petite pause ornitho aux \u00e9tangs de Villepey","author":"Jojo","date":"28 d\u00e9cembre 2019","format":false,"excerpt":"Ce 26 d\u00e9cembre 2019,\u00a0 nous allons au dernier poste d'observation install\u00e9 aux \u00e9tangs de Villepey, au niveau de la lagune, les derni\u00e8res intemp\u00e9ries ayant ab\u00eem\u00e9 la passerelle permettant d'acc\u00e9der rapidement \u00e0 l'observatoire de la Vasi\u00e8re. Pour une fois, il y a d'autres oiseaux que des go\u00e9lands leucoph\u00e9e, mouettes rieuses ou\u2026","rel":"","context":"Dans &quot;Mini baladeur&quot;","block_context":{"text":"Mini baladeur","link":"https:\/\/www.jojoenherbe.com\/index.php\/category\/mini-crapahuteur\/mini-baladeur\/"},"img":{"alt_text":"","src":"https:\/\/i0.wp.com\/www.jojoenherbe.com\/wp-content\/uploads\/2019\/12\/Etangs-de-Villepey-2-scaled.jpg?fit=1200%2C780&ssl=1&resize=350%2C200","width":350,"height":200,"srcset":"https:\/\/i0.wp.com\/www.jojoenherbe.com\/wp-content\/uploads\/2019\/12\/Etangs-de-Villepey-2-scaled.jpg?fit=1200%2C780&ssl=1&resize=350%2C200 1x, https:\/\/i0.wp.com\/www.jojoenherbe.com\/wp-content\/uploads\/2019\/12\/Etangs-de-Villepey-2-scaled.jpg?fit=1200%2C780&ssl=1&resize=525%2C300 1.5x, https:\/\/i0.wp.com\/www.jojoenherbe.com\/wp-content\/uploads\/2019\/12\/Etangs-de-Villepey-2-scaled.jpg?fit=1200%2C780&ssl=1&resize=700%2C400 2x, https:\/\/i0.wp.com\/www.jojoenherbe.com\/wp-content\/uploads\/2019\/12\/Etangs-de-Villepey-2-scaled.jpg?fit=1200%2C780&ssl=1&resize=1050%2C600 3x"},"classes":[]},{"id":2468,"url":"https:\/\/www.jojoenherbe.com\/index.php\/2009\/07\/09\/tour-du-mont-bego\/","url_meta":{"origin":3240,"position":3},"title":"Tour du Mont Bego","author":"Jojo","date":"9 juillet 2009","format":false,"excerpt":"Ce 3 juillet 2009, nous montons \u00e0 Cast\u00e9rino pour une randonn\u00e9e de trois jours. Nous commen\u00e7ons ce tour du Mont Bego \u00e0 la balise n\u00b0391 en direction de la Baisse de Vallauretta. En chemin, nous croisons des marmottes, un chamois et voyons aussi de nombreuses fleurs comme un lys orang\u00e9\u2026","rel":"","context":"Dans &quot;Mini randonneur&quot;","block_context":{"text":"Mini randonneur","link":"https:\/\/www.jojoenherbe.com\/index.php\/category\/mini-crapahuteur\/mini-randonneur\/"},"img":{"alt_text":"","src":"https:\/\/i0.wp.com\/www.jojoenherbe.com\/wp-content\/uploads\/2009\/07\/Tour-du-Mont-Bego-13.jpg?fit=1200%2C900&ssl=1&resize=350%2C200","width":350,"height":200,"srcset":"https:\/\/i0.wp.com\/www.jojoenherbe.com\/wp-content\/uploads\/2009\/07\/Tour-du-Mont-Bego-13.jpg?fit=1200%2C900&ssl=1&resize=350%2C200 1x, https:\/\/i0.wp.com\/www.jojoenherbe.com\/wp-content\/uploads\/2009\/07\/Tour-du-Mont-Bego-13.jpg?fit=1200%2C900&ssl=1&resize=525%2C300 1.5x, https:\/\/i0.wp.com\/www.jojoenherbe.com\/wp-content\/uploads\/2009\/07\/Tour-du-Mont-Bego-13.jpg?fit=1200%2C900&ssl=1&resize=700%2C400 2x, https:\/\/i0.wp.com\/www.jojoenherbe.com\/wp-content\/uploads\/2009\/07\/Tour-du-Mont-Bego-13.jpg?fit=1200%2C900&ssl=1&resize=1050%2C600 3x"},"classes":[]},{"id":3541,"url":"https:\/\/www.jojoenherbe.com\/index.php\/2009\/02\/03\/sentier-du-littoral-de-la-presquile-de-giens\/","url_meta":{"origin":3240,"position":4},"title":"Sentier du littoral de la Presqu&rsquo;\u00eele de Giens","author":"Jojo","date":"3 f\u00e9vrier 2009","format":false,"excerpt":"Ce 31 janvier 2009, nous nous garons sur un parking de la presqu'\u00eele de Giens, pr\u00e8s du port de la Madrague pour marcher le long du sentier du littoral. Ce sentier offre de tr\u00e8s jolis points de vue entre les falaises et la for\u00eat m\u00e9diterran\u00e9enne. Nous passons au-dessus de diff\u00e9rentes\u2026","rel":"","context":"Dans &quot;Mini randonneur&quot;","block_context":{"text":"Mini randonneur","link":"https:\/\/www.jojoenherbe.com\/index.php\/category\/mini-crapahuteur\/mini-randonneur\/"},"img":{"alt_text":"","src":"https:\/\/i0.wp.com\/www.jojoenherbe.com\/wp-content\/uploads\/2018\/08\/Sentier-du-littoral-de-la-Presqu%C3%AEle-de-Giens-6.jpg?fit=900%2C1200&ssl=1&resize=350%2C200","width":350,"height":200,"srcset":"https:\/\/i0.wp.com\/www.jojoenherbe.com\/wp-content\/uploads\/2018\/08\/Sentier-du-littoral-de-la-Presqu%C3%AEle-de-Giens-6.jpg?fit=900%2C1200&ssl=1&resize=350%2C200 1x, https:\/\/i0.wp.com\/www.jojoenherbe.com\/wp-content\/uploads\/2018\/08\/Sentier-du-littoral-de-la-Presqu%C3%AEle-de-Giens-6.jpg?fit=900%2C1200&ssl=1&resize=525%2C300 1.5x, https:\/\/i0.wp.com\/www.jojoenherbe.com\/wp-content\/uploads\/2018\/08\/Sentier-du-littoral-de-la-Presqu%C3%AEle-de-Giens-6.jpg?fit=900%2C1200&ssl=1&resize=700%2C400 2x"},"classes":[]},{"id":1390,"url":"https:\/\/www.jojoenherbe.com\/index.php\/2009\/02\/28\/a-la-recherche-des-vautours-du-verdon\/","url_meta":{"origin":3240,"position":5},"title":"A la recherche des vautours du Verdon","author":"Jojo","date":"28 f\u00e9vrier 2009","format":false,"excerpt":"Ce 27 f\u00e9vrier 2009, nous nous garons sur le parking de Trigance. Il est d\u00e9j\u00e0 11 heures et nous nous dirigeons vers le GR49 en remontant la route principale de la commune puis par un sentier qui monte sur la gauche. Nous arrivons bient\u00f4t sur une plaine qui conduit au\u2026","rel":"","context":"Dans &quot;Mini randonneur&quot;","block_context":{"text":"Mini randonneur","link":"https:\/\/www.jojoenherbe.com\/index.php\/category\/mini-crapahuteur\/mini-randonneur\/"},"img":{"alt_text":"","src":"https:\/\/i0.wp.com\/www.jojoenherbe.com\/wp-content\/uploads\/2009\/02\/Gorges-du-Verdon.jpg?fit=1200%2C900&ssl=1&resize=350%2C200","width":350,"height":200,"srcset":"https:\/\/i0.wp.com\/www.jojoenherbe.com\/wp-content\/uploads\/2009\/02\/Gorges-du-Verdon.jpg?fit=1200%2C900&ssl=1&resize=350%2C200 1x, https:\/\/i0.wp.com\/www.jojoenherbe.com\/wp-content\/uploads\/2009\/02\/Gorges-du-Verdon.jpg?fit=1200%2C900&ssl=1&resize=525%2C300 1.5x, https:\/\/i0.wp.com\/www.jojoenherbe.com\/wp-content\/uploads\/2009\/02\/Gorges-du-Verdon.jpg?fit=1200%2C900&ssl=1&resize=700%2C400 2x, https:\/\/i0.wp.com\/www.jojoenherbe.com\/wp-content\/uploads\/2009\/02\/Gorges-du-Verdon.jpg?fit=1200%2C900&ssl=1&resize=1050%2C600 3x"},"classes":[]}],"_links":{"self":[{"href":"https:\/\/www.jojoenherbe.com\/index.php\/wp-json\/wp\/v2\/posts\/3240","targetHints":{"allow":["GET"]}}],"collection":[{"href":"https:\/\/www.jojoenherbe.com\/index.php\/wp-json\/wp\/v2\/posts"}],"about":[{"href":"https:\/\/www.jojoenherbe.com\/index.php\/wp-json\/wp\/v2\/types\/post"}],"author":[{"embeddable":true,"href":"https:\/\/www.jojoenherbe.com\/index.php\/wp-json\/wp\/v2\/users\/1"}],"replies":[{"embeddable":true,"href":"https:\/\/www.jojoenherbe.com\/index.php\/wp-json\/wp\/v2\/comments?post=3240"}],"version-history":[{"count":0,"href":"https:\/\/www.jojoenherbe.com\/index.php\/wp-json\/wp\/v2\/posts\/3240\/revisions"}],"wp:featuredmedia":[{"embeddable":true,"href":"https:\/\/www.jojoenherbe.com\/index.php\/wp-json\/wp\/v2\/media\/3256"}],"wp:attachment":[{"href":"https:\/\/www.jojoenherbe.com\/index.php\/wp-json\/wp\/v2\/media?parent=3240"}],"wp:term":[{"taxonomy":"category","embeddable":true,"href":"https:\/\/www.jojoenherbe.com\/index.php\/wp-json\/wp\/v2\/categories?post=3240"},{"taxonomy":"post_tag","embeddable":true,"href":"https:\/\/www.jojoenherbe.com\/index.php\/wp-json\/wp\/v2\/tags?post=3240"}],"curies":[{"name":"wp","href":"https:\/\/api.w.org\/{rel}","templated":true}]}}