{"id":31750,"date":"2025-06-04T16:43:40","date_gmt":"2025-06-04T14:43:40","guid":{"rendered":"https:\/\/www.jojoenherbe.com\/?p=31750"},"modified":"2025-06-10T16:10:23","modified_gmt":"2025-06-10T14:10:23","slug":"au-fil-des-pages-avec-le-voile-blanc","status":"publish","type":"post","link":"https:\/\/www.jojoenherbe.com\/index.php\/2025\/06\/04\/au-fil-des-pages-avec-le-voile-blanc\/","title":{"rendered":"Au fil des pages avec Le voile blanc"},"content":{"rendered":"<p style=\"text-align: justify;\"><em><a href=\"https:\/\/i0.wp.com\/www.jojoenherbe.com\/wp-content\/uploads\/2025\/06\/Le-voile-blanc-2-scaled.jpg\"><img data-recalc-dims=\"1\" loading=\"lazy\" decoding=\"async\" data-attachment-id=\"39589\" data-permalink=\"https:\/\/www.jojoenherbe.com\/index.php\/2025\/06\/04\/au-fil-des-pages-avec-le-voile-blanc\/le-voile-blanc-2\/\" data-orig-file=\"https:\/\/i0.wp.com\/www.jojoenherbe.com\/wp-content\/uploads\/2025\/06\/Le-voile-blanc-2-scaled.jpg?fit=2560%2C1940&amp;ssl=1\" data-orig-size=\"2560,1940\" data-comments-opened=\"1\" data-image-meta=\"{&quot;aperture&quot;:&quot;1.8&quot;,&quot;credit&quot;:&quot;&quot;,&quot;camera&quot;:&quot;iPhone 7&quot;,&quot;caption&quot;:&quot;&quot;,&quot;created_timestamp&quot;:&quot;1749052185&quot;,&quot;copyright&quot;:&quot;&quot;,&quot;focal_length&quot;:&quot;3.99&quot;,&quot;iso&quot;:&quot;100&quot;,&quot;shutter_speed&quot;:&quot;0.058823529411765&quot;,&quot;title&quot;:&quot;&quot;,&quot;orientation&quot;:&quot;1&quot;}\" data-image-title=\"Le voile blanc 2\" data-image-description=\"\" data-image-caption=\"\" data-large-file=\"https:\/\/i0.wp.com\/www.jojoenherbe.com\/wp-content\/uploads\/2025\/06\/Le-voile-blanc-2-scaled.jpg?fit=676%2C512&amp;ssl=1\" class=\"alignleft size-thumbnail wp-image-39589\" src=\"https:\/\/i0.wp.com\/www.jojoenherbe.com\/wp-content\/uploads\/2025\/06\/Le-voile-blanc-2.jpg?resize=150%2C150\" alt=\"\" width=\"150\" height=\"150\" srcset=\"https:\/\/i0.wp.com\/www.jojoenherbe.com\/wp-content\/uploads\/2025\/06\/Le-voile-blanc-2-scaled.jpg?resize=150%2C150&amp;ssl=1 150w, https:\/\/i0.wp.com\/www.jojoenherbe.com\/wp-content\/uploads\/2025\/06\/Le-voile-blanc-2-scaled.jpg?zoom=2&amp;resize=150%2C150 300w, https:\/\/i0.wp.com\/www.jojoenherbe.com\/wp-content\/uploads\/2025\/06\/Le-voile-blanc-2-scaled.jpg?zoom=3&amp;resize=150%2C150 450w\" sizes=\"auto, (max-width: 150px) 100vw, 150px\" \/><\/a> <a href=\"https:\/\/i0.wp.com\/www.jojoenherbe.com\/wp-content\/uploads\/2025\/06\/Le-voile-blanc-3-scaled.jpg\"><img data-recalc-dims=\"1\" loading=\"lazy\" decoding=\"async\" data-attachment-id=\"39590\" data-permalink=\"https:\/\/www.jojoenherbe.com\/index.php\/2025\/06\/04\/au-fil-des-pages-avec-le-voile-blanc\/le-voile-blanc-3\/\" data-orig-file=\"https:\/\/i0.wp.com\/www.jojoenherbe.com\/wp-content\/uploads\/2025\/06\/Le-voile-blanc-3-scaled.jpg?fit=2560%2C1950&amp;ssl=1\" data-orig-size=\"2560,1950\" data-comments-opened=\"1\" data-image-meta=\"{&quot;aperture&quot;:&quot;1.8&quot;,&quot;credit&quot;:&quot;&quot;,&quot;camera&quot;:&quot;iPhone 7&quot;,&quot;caption&quot;:&quot;&quot;,&quot;created_timestamp&quot;:&quot;1748967580&quot;,&quot;copyright&quot;:&quot;&quot;,&quot;focal_length&quot;:&quot;3.99&quot;,&quot;iso&quot;:&quot;100&quot;,&quot;shutter_speed&quot;:&quot;0.071428571428571&quot;,&quot;title&quot;:&quot;&quot;,&quot;orientation&quot;:&quot;1&quot;}\" data-image-title=\"Le voile blanc 3\" data-image-description=\"\" data-image-caption=\"\" data-large-file=\"https:\/\/i0.wp.com\/www.jojoenherbe.com\/wp-content\/uploads\/2025\/06\/Le-voile-blanc-3-scaled.jpg?fit=676%2C515&amp;ssl=1\" class=\"alignleft size-thumbnail wp-image-39590\" src=\"https:\/\/i0.wp.com\/www.jojoenherbe.com\/wp-content\/uploads\/2025\/06\/Le-voile-blanc-3.jpg?resize=150%2C150\" alt=\"\" width=\"150\" height=\"150\" srcset=\"https:\/\/i0.wp.com\/www.jojoenherbe.com\/wp-content\/uploads\/2025\/06\/Le-voile-blanc-3-scaled.jpg?resize=150%2C150&amp;ssl=1 150w, https:\/\/i0.wp.com\/www.jojoenherbe.com\/wp-content\/uploads\/2025\/06\/Le-voile-blanc-3-scaled.jpg?zoom=2&amp;resize=150%2C150 300w, https:\/\/i0.wp.com\/www.jojoenherbe.com\/wp-content\/uploads\/2025\/06\/Le-voile-blanc-3-scaled.jpg?zoom=3&amp;resize=150%2C150 450w\" sizes=\"auto, (max-width: 150px) 100vw, 150px\" \/><\/a>J&rsquo;ai lu <span style=\"text-decoration: underline;\">Le voile blanc<\/span> de Romina Denti et Valentino Forlini (\u00e9d. Akileos, mars 2022, 208 pages), une BD adulte\/roman graphique. Il s&rsquo;agit d&rsquo;une<\/em><em> uchronie se d\u00e9roulant en 1851, de Londres aux for\u00eats de glace de Novgorod, le froid de l\u2019hiver s\u2019\u00e9tant r\u00e9pandu depuis 3 si\u00e8cles sur Terre. <\/em><em>L\u2019histoire alterne les temporalit\u00e9s, entre celle d\u2019Aglaja, une jeune fille f\u00eatant le solstice d\u2019\u00e9t\u00e9, en 1570 \u00e0 Novgorod et qui se retrouve prisonni\u00e8re d&rsquo;une grotte au fond d&rsquo;un lac et de Lady Blodwen Morgan, une jeune biologiste vivant \u00e0 Londres en 1851 avec son fr\u00e8re Dylan et sa s\u0153ur Rhian et qui monte une mission de recherches avec son ex-fianc\u00e9, James Westbrock, capitaine du navire en charge de l\u2019exp\u00e9dition vers la Russie et de Dmitri, un prisonnier mutil\u00e9 venant de Novgorod, jusqu\u2019\u00e0 ce que leurs vies s\u2019entrecroisent. Ces derniers arriveront-ils \u00e0 mener \u00e0 bien leur exp\u00e9dition avant que la famine n&#8217;emporte tous les humains?\u00a0<\/em><\/p>\n<p style=\"text-align: justify;\"><em><a href=\"https:\/\/i0.wp.com\/www.jojoenherbe.com\/wp-content\/uploads\/2025\/06\/Le-voile-blanc-6-scaled.jpg\"><img data-recalc-dims=\"1\" loading=\"lazy\" decoding=\"async\" data-attachment-id=\"39595\" data-permalink=\"https:\/\/www.jojoenherbe.com\/index.php\/2025\/06\/04\/au-fil-des-pages-avec-le-voile-blanc\/le-voile-blanc-6\/\" data-orig-file=\"https:\/\/i0.wp.com\/www.jojoenherbe.com\/wp-content\/uploads\/2025\/06\/Le-voile-blanc-6-scaled.jpg?fit=2560%2C1926&amp;ssl=1\" data-orig-size=\"2560,1926\" data-comments-opened=\"1\" data-image-meta=\"{&quot;aperture&quot;:&quot;1.8&quot;,&quot;credit&quot;:&quot;&quot;,&quot;camera&quot;:&quot;iPhone 7&quot;,&quot;caption&quot;:&quot;&quot;,&quot;created_timestamp&quot;:&quot;1749055241&quot;,&quot;copyright&quot;:&quot;&quot;,&quot;focal_length&quot;:&quot;3.99&quot;,&quot;iso&quot;:&quot;80&quot;,&quot;shutter_speed&quot;:&quot;0.058823529411765&quot;,&quot;title&quot;:&quot;&quot;,&quot;orientation&quot;:&quot;1&quot;}\" data-image-title=\"Le voile blanc 6\" data-image-description=\"\" data-image-caption=\"\" data-large-file=\"https:\/\/i0.wp.com\/www.jojoenherbe.com\/wp-content\/uploads\/2025\/06\/Le-voile-blanc-6-scaled.jpg?fit=676%2C508&amp;ssl=1\" class=\"size-thumbnail wp-image-39595 alignright\" src=\"https:\/\/i0.wp.com\/www.jojoenherbe.com\/wp-content\/uploads\/2025\/06\/Le-voile-blanc-6.jpg?resize=150%2C150\" alt=\"\" width=\"150\" height=\"150\" srcset=\"https:\/\/i0.wp.com\/www.jojoenherbe.com\/wp-content\/uploads\/2025\/06\/Le-voile-blanc-6-scaled.jpg?resize=150%2C150&amp;ssl=1 150w, https:\/\/i0.wp.com\/www.jojoenherbe.com\/wp-content\/uploads\/2025\/06\/Le-voile-blanc-6-scaled.jpg?zoom=2&amp;resize=150%2C150 300w, https:\/\/i0.wp.com\/www.jojoenherbe.com\/wp-content\/uploads\/2025\/06\/Le-voile-blanc-6-scaled.jpg?zoom=3&amp;resize=150%2C150 450w\" sizes=\"auto, (max-width: 150px) 100vw, 150px\" \/><\/a>ll y est ainsi question d&rsquo;une revisite du mythe de Pers\u00e9phone avec l&rsquo;arc narratif autour d&rsquo;Aglaja\/Volos mais aussi de la condition de la femme dans un monde patriarcal, d&rsquo;\u00e9cologie, de fanatisme religieux, d&rsquo;apparences trompeuses, d&rsquo;in\u00e9galit\u00e9s sociales, libert\u00e9 de choix amoureux&#8230; Graphiquement, cela m&rsquo;a plu, malgr\u00e9 la duret\u00e9 de certains visages dans des poses redondantes, en particulier des deux jeunes femmes principales affichant une col\u00e8re \u00e0 peine contenue devant ce qu&rsquo;elles subissent ou ne peuvent avoir acc\u00e8s du fait de leur condition, la violence \u00e9tant omnipr\u00e9sente (froid glacial, mort, sexe&#8230;). Certains passages ou twists m&rsquo;ont paru un peu trop brusques ou confus et certaines r\u00e9actions un peu trop caricaturales, compte-tenu de tous les th\u00e8mes abord\u00e9s, \u00e0 l&rsquo;instar de la fin un peu trop optimiste \u00e0 mon go\u00fbt, m\u00eame si j&rsquo;en comprends le sens (l&rsquo;amour f\u00e9d\u00e9rateur et r\u00e9dempteur), vu les caract\u00e8res de Blodwen et Dmitri. Un bon moment de lecture m\u00ealant fantastique, \u00e9cologie, l\u00e9gendes animistes, mythologique grecque, f\u00e9minisme et secte religieuse!<\/em><\/p>\n<p style=\"text-align: justify;\"><em>Pour aller plus loin, je vous encourage \u00e0 lire les posts du compte Instagram de Romina Denti (<a href=\"https:\/\/www.instagram.com\/romibrush\/\">ici<\/a>) et qui d\u00e9voilent de nombreux \u00e9l\u00e9ments dont elle s&rsquo;est inspir\u00e9e pour imaginer son sc\u00e9nario, que ce soit les l\u00e9gendes, mythes, personnages ou bien encore objets qui ponctuent le roman graphique. <br \/><\/em><\/p>\n<div id=\"attachment_38614\" style=\"width: 96px\" class=\"wp-caption alignleft\"><img data-recalc-dims=\"1\" loading=\"lazy\" decoding=\"async\" aria-describedby=\"caption-attachment-38614\" data-attachment-id=\"38614\" data-permalink=\"https:\/\/www.jojoenherbe.com\/index.php\/2025\/03\/12\/au-fil-des-pages-avec-histoires-de-sororite\/la-bd-de-la-semaine-logo\/\" data-orig-file=\"https:\/\/i0.wp.com\/www.jojoenherbe.com\/wp-content\/uploads\/2025\/03\/La-BD-de-la-Semaine-logo.jpg?fit=500%2C500&amp;ssl=1\" data-orig-size=\"500,500\" data-comments-opened=\"1\" data-image-meta=\"{&quot;aperture&quot;:&quot;0&quot;,&quot;credit&quot;:&quot;&quot;,&quot;camera&quot;:&quot;&quot;,&quot;caption&quot;:&quot;&quot;,&quot;created_timestamp&quot;:&quot;1741767479&quot;,&quot;copyright&quot;:&quot;&quot;,&quot;focal_length&quot;:&quot;0&quot;,&quot;iso&quot;:&quot;0&quot;,&quot;shutter_speed&quot;:&quot;0&quot;,&quot;title&quot;:&quot;&quot;,&quot;orientation&quot;:&quot;0&quot;}\" data-image-title=\"La BD de la Semaine &amp;#8211; logo\" data-image-description=\"\" data-image-caption=\"\" data-large-file=\"https:\/\/i0.wp.com\/www.jojoenherbe.com\/wp-content\/uploads\/2025\/03\/La-BD-de-la-Semaine-logo.jpg?fit=500%2C500&amp;ssl=1\" class=\"wp-image-38614\" src=\"https:\/\/i0.wp.com\/www.jojoenherbe.com\/wp-content\/uploads\/2025\/03\/La-BD-de-la-Semaine-logo.jpg?resize=86%2C86\" alt=\"\" width=\"86\" height=\"86\" srcset=\"https:\/\/i0.wp.com\/www.jojoenherbe.com\/wp-content\/uploads\/2025\/03\/La-BD-de-la-Semaine-logo.jpg?w=500&amp;ssl=1 500w, https:\/\/i0.wp.com\/www.jojoenherbe.com\/wp-content\/uploads\/2025\/03\/La-BD-de-la-Semaine-logo.jpg?resize=300%2C300&amp;ssl=1 300w, https:\/\/i0.wp.com\/www.jojoenherbe.com\/wp-content\/uploads\/2025\/03\/La-BD-de-la-Semaine-logo.jpg?resize=150%2C150&amp;ssl=1 150w\" sizes=\"auto, (max-width: 86px) 100vw, 86px\" \/><p id=\"caption-attachment-38614\" class=\"wp-caption-text\">La BD de la semaine chez <a href=\"https:\/\/pagesversicolores.wordpress.com\/2025\/06\/04\/beneath-the-trees-where-nobody-sees-patrick-horvath\/\">Fanny<\/a> pour cette semaine<\/p><\/div>\n<div style=\"width: 81px\" class=\"wp-caption alignleft\"><img loading=\"lazy\" decoding=\"async\" class=\"\" src=\"https:\/\/i0.wp.com\/mapetitemediatheque.fr\/wp-content\/uploads\/2021\/07\/challenge-contes-et-legendes-239x300-1.jpg?resize=137%2C172\" alt=\"\" width=\"71\" height=\"89\" data-recalc-dims=\"1\" \/><p class=\"wp-caption-text\">Participation #9 Challenge Contes &amp; L\u00e9gendes 2025\u00a0<em>de <a href=\"https:\/\/mapetitemediatheque.fr\/2025\/01\/challenge-contes-legendes-2025\/\">Bidib<\/a><\/em> #Mythologie grecque, animisme&#8230;<\/p><\/div>\n<div id=\"attachment_39282\" style=\"width: 85px\" class=\"wp-caption alignleft\"><img data-recalc-dims=\"1\" loading=\"lazy\" decoding=\"async\" aria-describedby=\"caption-attachment-39282\" data-attachment-id=\"39282\" data-permalink=\"https:\/\/www.jojoenherbe.com\/index.php\/2025\/05\/05\/billet-de-suivi-le-mois-italien-2025\/challenge-italie-logo\/\" data-orig-file=\"https:\/\/i0.wp.com\/www.jojoenherbe.com\/wp-content\/uploads\/2025\/05\/Challenge-Italie-logo.jpg?fit=564%2C654&amp;ssl=1\" data-orig-size=\"564,654\" data-comments-opened=\"1\" data-image-meta=\"{&quot;aperture&quot;:&quot;0&quot;,&quot;credit&quot;:&quot;&quot;,&quot;camera&quot;:&quot;&quot;,&quot;caption&quot;:&quot;&quot;,&quot;created_timestamp&quot;:&quot;1745066562&quot;,&quot;copyright&quot;:&quot;&quot;,&quot;focal_length&quot;:&quot;0&quot;,&quot;iso&quot;:&quot;0&quot;,&quot;shutter_speed&quot;:&quot;0&quot;,&quot;title&quot;:&quot;&quot;,&quot;orientation&quot;:&quot;1&quot;}\" data-image-title=\"Challenge Italie &amp;#8211; logo\" data-image-description=\"\" data-image-caption=\"\" data-large-file=\"https:\/\/i0.wp.com\/www.jojoenherbe.com\/wp-content\/uploads\/2025\/05\/Challenge-Italie-logo.jpg?fit=564%2C654&amp;ssl=1\" class=\"wp-image-39282\" src=\"https:\/\/i0.wp.com\/www.jojoenherbe.com\/wp-content\/uploads\/2025\/05\/Challenge-Italie-logo.jpg?resize=75%2C87\" alt=\"\" width=\"75\" height=\"87\" srcset=\"https:\/\/i0.wp.com\/www.jojoenherbe.com\/wp-content\/uploads\/2025\/05\/Challenge-Italie-logo.jpg?w=564&amp;ssl=1 564w, https:\/\/i0.wp.com\/www.jojoenherbe.com\/wp-content\/uploads\/2025\/05\/Challenge-Italie-logo.jpg?resize=259%2C300&amp;ssl=1 259w\" sizes=\"auto, (max-width: 75px) 100vw, 75px\" \/><p id=\"caption-attachment-39282\" class=\"wp-caption-text\">Participation #5 Le Mois Italien 2025 d&rsquo;Eimelle #Roman graphique<\/p><\/div>\n<div id=\"attachment_39555\" style=\"width: 86px\" class=\"wp-caption alignleft\"><img data-recalc-dims=\"1\" loading=\"lazy\" decoding=\"async\" aria-describedby=\"caption-attachment-39555\" data-attachment-id=\"39555\" data-permalink=\"https:\/\/www.jojoenherbe.com\/index.php\/2025\/06\/01\/billet-de-suivi-le-mois-anglais-2025\/le-mois-anglais-2025-logo\/\" data-orig-file=\"https:\/\/i0.wp.com\/www.jojoenherbe.com\/wp-content\/uploads\/2025\/06\/Le-Mois-Anglais-2025-logo.jpg?fit=768%2C960&amp;ssl=1\" data-orig-size=\"768,960\" data-comments-opened=\"1\" data-image-meta=\"{&quot;aperture&quot;:&quot;0&quot;,&quot;credit&quot;:&quot;&quot;,&quot;camera&quot;:&quot;&quot;,&quot;caption&quot;:&quot;&quot;,&quot;created_timestamp&quot;:&quot;1747251773&quot;,&quot;copyright&quot;:&quot;&quot;,&quot;focal_length&quot;:&quot;0&quot;,&quot;iso&quot;:&quot;0&quot;,&quot;shutter_speed&quot;:&quot;0&quot;,&quot;title&quot;:&quot;&quot;,&quot;orientation&quot;:&quot;1&quot;}\" data-image-title=\"Le Mois Anglais 2025 &amp;#8211; logo\" data-image-description=\"\" data-image-caption=\"\" data-large-file=\"https:\/\/i0.wp.com\/www.jojoenherbe.com\/wp-content\/uploads\/2025\/06\/Le-Mois-Anglais-2025-logo.jpg?fit=676%2C845&amp;ssl=1\" class=\"wp-image-39555\" src=\"https:\/\/i0.wp.com\/www.jojoenherbe.com\/wp-content\/uploads\/2025\/06\/Le-Mois-Anglais-2025-logo.jpg?resize=76%2C95\" alt=\"\" width=\"76\" height=\"95\" srcset=\"https:\/\/i0.wp.com\/www.jojoenherbe.com\/wp-content\/uploads\/2025\/06\/Le-Mois-Anglais-2025-logo.jpg?w=768&amp;ssl=1 768w, https:\/\/i0.wp.com\/www.jojoenherbe.com\/wp-content\/uploads\/2025\/06\/Le-Mois-Anglais-2025-logo.jpg?resize=240%2C300&amp;ssl=1 240w, https:\/\/i0.wp.com\/www.jojoenherbe.com\/wp-content\/uploads\/2025\/06\/Le-Mois-Anglais-2025-logo.jpg?resize=676%2C845&amp;ssl=1 676w\" sizes=\"auto, (max-width: 76px) 100vw, 76px\" \/><p id=\"caption-attachment-39555\" class=\"wp-caption-text\">Participation #2 Le Mois Anglais 2025 de Lou et Titine #Roman graphique<\/p><\/div>\n<div id=\"attachment_19954\" style=\"width: 107px\" class=\"wp-caption alignleft\"><img loading=\"lazy\" decoding=\"async\" aria-describedby=\"caption-attachment-19954\" class=\"wp-image-19954\" src=\"https:\/\/i0.wp.com\/mapetitemediatheque.fr\/wp-content\/uploads\/2021\/11\/Inkedle-tour-du-monde-en-80-livres-2_LI.jpg?resize=116%2C87&amp;ssl=1\" sizes=\"auto, (max-width: 500px) 100vw, 500px\" srcset=\"https:\/\/i0.wp.com\/mapetitemediatheque.fr\/wp-content\/uploads\/2021\/11\/Inkedle-tour-du-monde-en-80-livres-2_LI.jpg?resize=116%2C87&amp;ssl=1 500w, https:\/\/mapetitemediatheque.fr\/wp-content\/uploads\/2021\/11\/Inkedle-tour-du-monde-en-80-livres-2_LI-300x226.jpg 300w, https:\/\/mapetitemediatheque.fr\/wp-content\/uploads\/2021\/11\/Inkedle-tour-du-monde-en-80-livres-2_LI-120x90.jpg 120w\" alt=\"\" width=\"97\" height=\"73\" aria-describedby=\"caption-attachment-19954\" \/><p id=\"caption-attachment-19954\" class=\"wp-caption-text\">Participation #12 (Parcours illustr\u00e9) Challenge Le tour du monde en 80 livres 2025 de <a href=\"https:\/\/mapetitemediatheque.fr\/2025\/01\/le-tour-du-monde-en-80-livres-2025\/\">Bidib<\/a> #Italie<\/p><\/div>\n<div id=\"attachment_37823\" style=\"width: 98px\" class=\"wp-caption alignleft\"><img data-recalc-dims=\"1\" loading=\"lazy\" decoding=\"async\" aria-describedby=\"caption-attachment-37823\" data-attachment-id=\"37823\" data-permalink=\"https:\/\/www.jojoenherbe.com\/index.php\/2025\/01\/10\/mes-challenges-livresques-2025\/challenge-petit-bac-2025-denna-logo\/\" data-orig-file=\"https:\/\/i0.wp.com\/www.jojoenherbe.com\/wp-content\/uploads\/2024\/12\/Challenge-Petit-Bac-2025-dEnna-logo.jpg?fit=285%2C217&amp;ssl=1\" data-orig-size=\"285,217\" data-comments-opened=\"1\" data-image-meta=\"{&quot;aperture&quot;:&quot;0&quot;,&quot;credit&quot;:&quot;&quot;,&quot;camera&quot;:&quot;&quot;,&quot;caption&quot;:&quot;&quot;,&quot;created_timestamp&quot;:&quot;1735738492&quot;,&quot;copyright&quot;:&quot;&quot;,&quot;focal_length&quot;:&quot;0&quot;,&quot;iso&quot;:&quot;0&quot;,&quot;shutter_speed&quot;:&quot;0&quot;,&quot;title&quot;:&quot;&quot;,&quot;orientation&quot;:&quot;0&quot;}\" data-image-title=\"Challenge Petit Bac 2025 d&amp;rsquo;Enna &amp;#8211; logo\" data-image-description=\"\" data-image-caption=\"\" data-large-file=\"https:\/\/i0.wp.com\/www.jojoenherbe.com\/wp-content\/uploads\/2024\/12\/Challenge-Petit-Bac-2025-dEnna-logo.jpg?fit=285%2C217&amp;ssl=1\" class=\"wp-image-37823\" src=\"https:\/\/i0.wp.com\/www.jojoenherbe.com\/wp-content\/uploads\/2024\/12\/Challenge-Petit-Bac-2025-dEnna-logo.jpg?resize=88%2C67\" alt=\"\" width=\"88\" height=\"67\" \/><p id=\"caption-attachment-37823\" class=\"wp-caption-text\">Challenge Petit Bac 2025 d\u2019<em><a href=\"https:\/\/ennalit.wordpress.com\/2024\/12\/01\/challenge-petit-bac-2025-qui-veut-jouer\/\">Enna<\/a><\/em> #4 Cat\u00e9gorie Couleur: \u00ab Blanc \u00bb<\/p><\/div>\n\n\n<p><\/p>\n","protected":false},"excerpt":{"rendered":"<p>J&rsquo;ai lu Le voile blanc de Romina Denti et Valentino Forlini (\u00e9d. Akileos, mars 2022, 208 pages), une BD adulte\/roman graphique. Il s&rsquo;agit d&rsquo;une uchronie se d\u00e9roulant en 1851, de Londres aux for\u00eats de glace de Novgorod, le froid de l\u2019hiver s\u2019\u00e9tant r\u00e9pandu depuis 3 si\u00e8cles sur Terre. L\u2019histoire alterne les temporalit\u00e9s, entre celle d\u2019Aglaja, [&hellip;]<\/p>\n","protected":false},"author":1,"featured_media":31759,"comment_status":"open","ping_status":"open","sticky":false,"template":"","format":"standard","meta":{"jetpack_post_was_ever_published":false,"_jetpack_newsletter_access":"","_jetpack_dont_email_post_to_subs":false,"_jetpack_newsletter_tier_id":0,"_jetpack_memberships_contains_paywalled_content":false,"_jetpack_memberships_contains_paid_content":false,"footnotes":""},"categories":[363],"tags":[1347,4180,1461,4175,596,2087,4520,4176,4177,4424,4423,4181,1492,3897,4352,1178,3837,2487,4178,2474,3764,365,3707,4618,4581,4425,2532,2533,4174,1862,4179,2088,4171,1716,3469,3791,4173],"class_list":["post-31750","post","type-post","status-publish","format-standard","has-post-thumbnail","hentry","category-mini-lecteur","tag-18-ans-et-plus","tag-amour-impossible","tag-angleterre","tag-animisme","tag-bandes-dessinees","tag-bd-adulte","tag-bd-de-la-semaine","tag-biologie","tag-biologiste","tag-challenge-contes-et-legendes-2025","tag-challenge-petit-bac-2025","tag-changement-climatique","tag-condition-de-la-femme","tag-diable","tag-divinites-paiennes","tag-ecologie","tag-emancipation-feminine","tag-expedition","tag-expedition-scientifique","tag-famine","tag-feminisme","tag-hiver","tag-inegalites-sociales","tag-le-mois-anglais-2025","tag-le-mois-italien-2025","tag-le-tour-du-monde-en-80-livres-2025","tag-mythologie","tag-mythologie-grecque","tag-persephone","tag-religion","tag-rituel","tag-roman-graphique","tag-romina-denti","tag-russie","tag-science-fiction","tag-uchronie","tag-valentino-forlini","post-preview"],"jetpack_featured_media_url":"https:\/\/i0.wp.com\/www.jojoenherbe.com\/wp-content\/uploads\/2023\/09\/le-voile-blanc-scaled.jpg?fit=2560%2C2144&ssl=1","jetpack_sharing_enabled":true,"jetpack_shortlink":"https:\/\/wp.me\/p9zhGx-8g6","jetpack_likes_enabled":true,"jetpack-related-posts":[{"id":39554,"url":"https:\/\/www.jojoenherbe.com\/index.php\/2025\/06\/01\/billet-de-suivi-le-mois-anglais-2025\/","url_meta":{"origin":31750,"position":0},"title":"Billet de suivi: Le Mois Anglais 2025","author":"Jojo","date":"1 juin 2025","format":false,"excerpt":"Comme d\u00e9j\u00e0 depuis plusieurs ann\u00e9es, je participe tout au long du mois de juin au challenge Le Mois Anglais 2025 coorganis\u00e9 par Lou et Titine. Le programme est libre. J'ai pr\u00e9vu plusieurs lectures, un atelier cr\u00e9atif avec les copinautes Syl, Isabelle et Hilde ainsi que des pauses gourmandes avec la\u2026","rel":"","context":"Dans &quot;Mini blogueur&quot;","block_context":{"text":"Mini blogueur","link":"https:\/\/www.jojoenherbe.com\/index.php\/category\/mini-blogueur\/"},"img":{"alt_text":"","src":"https:\/\/i0.wp.com\/www.jojoenherbe.com\/wp-content\/uploads\/2025\/06\/Le-Mois-Anglais-2025-logo.jpg?fit=768%2C960&ssl=1&resize=350%2C200","width":350,"height":200,"srcset":"https:\/\/i0.wp.com\/www.jojoenherbe.com\/wp-content\/uploads\/2025\/06\/Le-Mois-Anglais-2025-logo.jpg?fit=768%2C960&ssl=1&resize=350%2C200 1x, https:\/\/i0.wp.com\/www.jojoenherbe.com\/wp-content\/uploads\/2025\/06\/Le-Mois-Anglais-2025-logo.jpg?fit=768%2C960&ssl=1&resize=525%2C300 1.5x, https:\/\/i0.wp.com\/www.jojoenherbe.com\/wp-content\/uploads\/2025\/06\/Le-Mois-Anglais-2025-logo.jpg?fit=768%2C960&ssl=1&resize=700%2C400 2x"},"classes":[]},{"id":38810,"url":"https:\/\/www.jojoenherbe.com\/index.php\/2025\/03\/31\/billet-de-suivi-challenge-petit-bac-2025\/","url_meta":{"origin":31750,"position":1},"title":"Billet de suivi: Challenge Petit Bac 2025","author":"Jojo","date":"31 mars 2025","format":false,"excerpt":"Je participe pour la septi\u00e8me ann\u00e9e cons\u00e9cutive au Challenge Petit Bac d\u2019Enna, les cinq premi\u00e8res cat\u00e9gories restant identiques aux ann\u00e9es pr\u00e9c\u00e9dentes. Je vais actualiser ce billet au fur-et-\u00e0 mesure des lignes valid\u00e9es et faire un point sur mes participations au challenge. Pour le moment, j\u2019ai termin\u00e9 mes 4 premi\u00e8res lignes\u2026","rel":"","context":"Dans &quot;Mini challenger&quot;","block_context":{"text":"Mini challenger","link":"https:\/\/www.jojoenherbe.com\/index.php\/category\/mini-challenger\/"},"img":{"alt_text":"","src":"https:\/\/i0.wp.com\/www.jojoenherbe.com\/wp-content\/uploads\/2024\/12\/Challenge-Petit-Bac-2025-dEnna-logo.jpg?fit=285%2C217&ssl=1&resize=350%2C200","width":350,"height":200},"classes":[]},{"id":31648,"url":"https:\/\/www.jojoenherbe.com\/index.php\/2023\/08\/28\/point-lecture-hebdomadaire-2023-34\/","url_meta":{"origin":31750,"position":2},"title":"Point lecture hebdomadaire 2023 #34","author":"Jojo","date":"28 ao\u00fbt 2023","format":false,"excerpt":"En ce d\u00e9but de semaine, voici notre point lecture hebdomadaire avec un retour sur nos lectures de la semaine derni\u00e8re (mais pas nos relectures). Nos lectures du 21 au 27 ao\u00fbt 2023: Des lectures jeunesse: (Album jeunesse) La princesse aux perles de Mary de Morgan et Yvonne Gilbert J'ai lu\u2026","rel":"","context":"Dans &quot;Mini blogueur&quot;","block_context":{"text":"Mini blogueur","link":"https:\/\/www.jojoenherbe.com\/index.php\/category\/mini-blogueur\/"},"img":{"alt_text":"","src":"https:\/\/i0.wp.com\/www.jojoenherbe.com\/wp-content\/uploads\/2023\/09\/Point-lecture-hebdomadaire-2023-34-scaled.jpg?fit=1200%2C825&ssl=1&resize=350%2C200","width":350,"height":200,"srcset":"https:\/\/i0.wp.com\/www.jojoenherbe.com\/wp-content\/uploads\/2023\/09\/Point-lecture-hebdomadaire-2023-34-scaled.jpg?fit=1200%2C825&ssl=1&resize=350%2C200 1x, https:\/\/i0.wp.com\/www.jojoenherbe.com\/wp-content\/uploads\/2023\/09\/Point-lecture-hebdomadaire-2023-34-scaled.jpg?fit=1200%2C825&ssl=1&resize=525%2C300 1.5x, https:\/\/i0.wp.com\/www.jojoenherbe.com\/wp-content\/uploads\/2023\/09\/Point-lecture-hebdomadaire-2023-34-scaled.jpg?fit=1200%2C825&ssl=1&resize=700%2C400 2x, https:\/\/i0.wp.com\/www.jojoenherbe.com\/wp-content\/uploads\/2023\/09\/Point-lecture-hebdomadaire-2023-34-scaled.jpg?fit=1200%2C825&ssl=1&resize=1050%2C600 3x"},"classes":[]},{"id":39794,"url":"https:\/\/www.jojoenherbe.com\/index.php\/2025\/06\/18\/au-fil-des-pages-avec-globe-trotteuses-le-tour-du-monde-de-nellie-bly-et-elizabeth-bisland\/","url_meta":{"origin":31750,"position":3},"title":"Au fil des pages avec Globe-trotteuses, Le tour du monde de Nellie Bly et Elizabeth Bisland","author":"Jojo","date":"18 juin 2025","format":false,"excerpt":"J\u2019ai lu, en version num\u00e9rique via ma m\u00e9diath\u00e8que, Globe-trotteuses, Le tour du monde de Nellie Bly et Elizabeth Bisland de Julian Voloj et Julie Rocheleau (\u00e9d. Dargaud, octobre 2024, 184 pages), un roman graphique dans lequel Nellie Bly, \u00e2g\u00e9e de 25 ans, d\u00e9cide, en 1889\/1890 de battre le record fictif\u2026","rel":"","context":"Dans &quot;Mini lecteur&quot;","block_context":{"text":"Mini lecteur","link":"https:\/\/www.jojoenherbe.com\/index.php\/category\/mini-lecteur\/"},"img":{"alt_text":"","src":"https:\/\/i0.wp.com\/www.jojoenherbe.com\/wp-content\/uploads\/2025\/04\/Globe-trotteuses.jpg?fit=750%2C967&ssl=1&resize=350%2C200","width":350,"height":200,"srcset":"https:\/\/i0.wp.com\/www.jojoenherbe.com\/wp-content\/uploads\/2025\/04\/Globe-trotteuses.jpg?fit=750%2C967&ssl=1&resize=350%2C200 1x, https:\/\/i0.wp.com\/www.jojoenherbe.com\/wp-content\/uploads\/2025\/04\/Globe-trotteuses.jpg?fit=750%2C967&ssl=1&resize=525%2C300 1.5x, https:\/\/i0.wp.com\/www.jojoenherbe.com\/wp-content\/uploads\/2025\/04\/Globe-trotteuses.jpg?fit=750%2C967&ssl=1&resize=700%2C400 2x"},"classes":[]},{"id":34637,"url":"https:\/\/www.jojoenherbe.com\/index.php\/2024\/02\/02\/billet-de-suivi-african-american-history-month-challenge-2024\/","url_meta":{"origin":31750,"position":4},"title":"Billet de suivi: African-American History Month Challenge 2024","author":"Jojo","date":"2 f\u00e9vrier 2024","format":false,"excerpt":"Cette ann\u00e9e, je participe \u00e0 l'African-American History Month Challenge (AAHM Challenge) 2024 organis\u00e9 depuis plusieurs ann\u00e9es par Enna, tout au long du mois de f\u00e9vrier. Il s'agit de parler des Afro-Am\u00e9ricains dans l\u2019histoire ou dans la fiction. Pour plus d\u2019infos, n\u2019h\u00e9sitez pas \u00e0 aller sur son blog ou sur le\u2026","rel":"","context":"Dans &quot;Mini challenger&quot;","block_context":{"text":"Mini challenger","link":"https:\/\/www.jojoenherbe.com\/index.php\/category\/mini-challenger\/"},"img":{"alt_text":"","src":"https:\/\/i0.wp.com\/www.jojoenherbe.com\/wp-content\/uploads\/2024\/02\/AAHM-Challenge-2024.jpg?fit=960%2C480&ssl=1&resize=350%2C200","width":350,"height":200,"srcset":"https:\/\/i0.wp.com\/www.jojoenherbe.com\/wp-content\/uploads\/2024\/02\/AAHM-Challenge-2024.jpg?fit=960%2C480&ssl=1&resize=350%2C200 1x, https:\/\/i0.wp.com\/www.jojoenherbe.com\/wp-content\/uploads\/2024\/02\/AAHM-Challenge-2024.jpg?fit=960%2C480&ssl=1&resize=525%2C300 1.5x, https:\/\/i0.wp.com\/www.jojoenherbe.com\/wp-content\/uploads\/2024\/02\/AAHM-Challenge-2024.jpg?fit=960%2C480&ssl=1&resize=700%2C400 2x"},"classes":[]},{"id":39296,"url":"https:\/\/www.jojoenherbe.com\/index.php\/2025\/05\/07\/au-fil-des-pages-avec-la-vie-dadulte\/","url_meta":{"origin":31750,"position":5},"title":"Au fil des pages avec La vie d&rsquo;adulte","author":"Jojo","date":"7 mai 2025","format":false,"excerpt":"Pour une lecture commune propos\u00e9e par Eimelle dans le cadre du Mois Italien 2025, j'ai lu La vie d'adulte de Sophie Adriansen, Eloisa Scichilone et Mauro Gandini (\u00e9d. First Editions, coll. La vie en bulles, octobre 2022, 216 pages), un roman graphique qui me tentait depuis un moment et qui\u2026","rel":"","context":"Dans &quot;Mini lecteur&quot;","block_context":{"text":"Mini lecteur","link":"https:\/\/www.jojoenherbe.com\/index.php\/category\/mini-lecteur\/"},"img":{"alt_text":"","src":"https:\/\/i0.wp.com\/www.jojoenherbe.com\/wp-content\/uploads\/2025\/05\/La-vie-dadulte-scaled.jpg?fit=1200%2C993&ssl=1&resize=350%2C200","width":350,"height":200,"srcset":"https:\/\/i0.wp.com\/www.jojoenherbe.com\/wp-content\/uploads\/2025\/05\/La-vie-dadulte-scaled.jpg?fit=1200%2C993&ssl=1&resize=350%2C200 1x, https:\/\/i0.wp.com\/www.jojoenherbe.com\/wp-content\/uploads\/2025\/05\/La-vie-dadulte-scaled.jpg?fit=1200%2C993&ssl=1&resize=525%2C300 1.5x, https:\/\/i0.wp.com\/www.jojoenherbe.com\/wp-content\/uploads\/2025\/05\/La-vie-dadulte-scaled.jpg?fit=1200%2C993&ssl=1&resize=700%2C400 2x, https:\/\/i0.wp.com\/www.jojoenherbe.com\/wp-content\/uploads\/2025\/05\/La-vie-dadulte-scaled.jpg?fit=1200%2C993&ssl=1&resize=1050%2C600 3x"},"classes":[]}],"_links":{"self":[{"href":"https:\/\/www.jojoenherbe.com\/index.php\/wp-json\/wp\/v2\/posts\/31750","targetHints":{"allow":["GET"]}}],"collection":[{"href":"https:\/\/www.jojoenherbe.com\/index.php\/wp-json\/wp\/v2\/posts"}],"about":[{"href":"https:\/\/www.jojoenherbe.com\/index.php\/wp-json\/wp\/v2\/types\/post"}],"author":[{"embeddable":true,"href":"https:\/\/www.jojoenherbe.com\/index.php\/wp-json\/wp\/v2\/users\/1"}],"replies":[{"embeddable":true,"href":"https:\/\/www.jojoenherbe.com\/index.php\/wp-json\/wp\/v2\/comments?post=31750"}],"version-history":[{"count":24,"href":"https:\/\/www.jojoenherbe.com\/index.php\/wp-json\/wp\/v2\/posts\/31750\/revisions"}],"predecessor-version":[{"id":39675,"href":"https:\/\/www.jojoenherbe.com\/index.php\/wp-json\/wp\/v2\/posts\/31750\/revisions\/39675"}],"wp:featuredmedia":[{"embeddable":true,"href":"https:\/\/www.jojoenherbe.com\/index.php\/wp-json\/wp\/v2\/media\/31759"}],"wp:attachment":[{"href":"https:\/\/www.jojoenherbe.com\/index.php\/wp-json\/wp\/v2\/media?parent=31750"}],"wp:term":[{"taxonomy":"category","embeddable":true,"href":"https:\/\/www.jojoenherbe.com\/index.php\/wp-json\/wp\/v2\/categories?post=31750"},{"taxonomy":"post_tag","embeddable":true,"href":"https:\/\/www.jojoenherbe.com\/index.php\/wp-json\/wp\/v2\/tags?post=31750"}],"curies":[{"name":"wp","href":"https:\/\/api.w.org\/{rel}","templated":true}]}}