{"id":31689,"date":"2023-08-31T17:37:15","date_gmt":"2023-08-31T15:37:15","guid":{"rendered":"https:\/\/www.jojoenherbe.com\/?p=31689"},"modified":"2024-01-02T15:01:45","modified_gmt":"2024-01-02T14:01:45","slug":"au-fil-des-pages-avec-pandore","status":"publish","type":"post","link":"https:\/\/www.jojoenherbe.com\/index.php\/2023\/08\/31\/au-fil-des-pages-avec-pandore\/","title":{"rendered":"Au fil des pages avec Pandore"},"content":{"rendered":"<p style=\"text-align: justify;\"><em>J&rsquo;ai lu <span style=\"text-decoration: underline;\">Pandore<\/span> de Susan Stokes-Chapman (\u00e9d. Michel Lafon, 2022, 415 pages), un roman pr\u00e9sent\u00e9 en quatri\u00e8me de couverture comme une r\u00e9\u00e9criture du mythe de Pandore et sous-titr\u00e9 \u00ab\u00a0Certaines portes sont ferm\u00e9es pour une bonne raison\u00a0\u00bb et se d\u00e9roulant \u00e0 Londres, \u00e0 l&rsquo;\u00e9poque g\u00e9orgienne.<\/em><\/p>\n<p style=\"text-align: justify;\"><em>\u00c2g\u00e9e de 21 ans, Pandora \u00ab\u00a0Dora\u00a0\u00bb Blake vit \u00e0 Londres, en 1799, avec son oncle paternel Hezekiah depuis ses 8 ans et leur gouvernante Lottie dans une boutique d\u2019antiquit\u00e9s, le Blake&rsquo;s Emporium ayant perdu de le prestige et sa splendeur d&rsquo;antan, lorsque ses parents \u00e9taient encore vie et qu&rsquo;ils g\u00e9raient le commerce tout en menant des fouilles arch\u00e9ologiques en Gr\u00e8ce, son oncle v\u00e9nal et sans scrupules l&rsquo;ayant transform\u00e9 en bazar insalubre de contrefa\u00e7ons. Dora est une jeune femme solitaire, ayant pour seule amie une pie Herm\u00e8s et qui r\u00eave de devenir une cr\u00e9atrice de joaillerie, ayant les m\u00eames capacit\u00e9s de sa m\u00e8re pour les dessins et croquis et ainsi prendre son ind\u00e9pendance d&rsquo;un oncle qui la rabaisse continuellement, la faisant vivre tristement et pauvrement dans une petite chambre sans confort du grenier.<\/em><\/p>\n<p style=\"text-align: justify;\"><em>Elle fait la connaissance d&rsquo;Edward Lawrence, un jeune homme de 26 ans travaillant comme finisseur dans un atelier de reliure appartenant \u00e0 Lord Cornelius Ashmore, son riche et seul ami d&rsquo;enfance lorsqu&rsquo;il vivait enfant,\u00a0 jusqu&rsquo;\u00e0 ses 12 ans, sur son domaine de Shugborough Hall, \u00e9tant le fils du palefrenier. Apr\u00e8s un nouvel \u00e9chec pour int\u00e9grer la prestigieuse Soci\u00e9t\u00e9 des Antiquaires malgr\u00e9 le soutien de son ami Cornelius, il pense pouvoir enfin r\u00e9ussir \u00e0 en \u00eatre membre en se rapprochant de la jeune femme qui lui confie que son oncle est entr\u00e9 en possession, sans doute de fa\u00e7on ill\u00e9gale, d&rsquo;un myst\u00e9rieux et immense vase d&rsquo;argile antique, recouvert de sc\u00e8nes de dieux et h\u00e9ros grecs (Zeus, Prom\u00e9th\u00e9e, Ath\u00e9na, Pandore&#8230;) &#8211; un pithos &#8211; et qu&rsquo;il a cach\u00e9 dans le sous-sol de la boutique.<\/em><\/p>\n<p style=\"text-align: justify;\"><em>La d\u00e9couverte de ce vase attise bien des convoitises. Sera-t-il source de richesse tant attendue pour Hezekiah? Permettra-t-il \u00e0 Dora ou \u00e0 Edward de r\u00e9aliser leur r\u00eave? Les deux jeunes gens ne mettent-ils pas leur vie en danger en tentant de remonter aux origines du vase et de trouver les membres du trafic d&rsquo;antiquit\u00e9s? Celui-ci sera-t-il aussi maudit que sa l\u00e9gende? Seront-ils rattrap\u00e9s et emprisonn\u00e9s dans leur pass\u00e9? Ou arriveront-ils \u00e0 le transcender et s&rsquo;offrir les chances d&rsquo;un futur bonheur?<br \/>\n<\/em><\/p>\n<p style=\"text-align: justify;\"><em>Alternant les points de vue (Dora, Edward et un peu Hezekiah), l&rsquo;intrigue, au rythme lent, aborde, au-del\u00e0 des myst\u00e8res entourant le vase antique grec, la pauvret\u00e9 du peuple londonien \u00e0 l&rsquo;\u00e9poque g\u00e9orgienne, la condition de la femme, les secrets de famille, le trafic d&rsquo;antiquit\u00e9s, la r\u00e9silience, des qu\u00eates initiatiques&#8230; Dora et Edward ont bien des points communs: tous deux orphelins, portant, chacun \u00e0 leur fa\u00e7on, le poids de leur pass\u00e9 et pourtant d&rsquo;une certaine mani\u00e8re, prot\u00e9g\u00e9s des duret\u00e9s de la vie de ceux d&rsquo;un m\u00eame niveau social et faisant preuve d&rsquo;une certaine candeur ou ignorance enfantine, malgr\u00e9 leur \u00e2ge et leur parcours de vie. Ils se r\u00e9v\u00e8lent pourtant, non sans heurts et remises en question, d\u00e9termin\u00e9s et plein d&rsquo;espoir tout comme Cornelius se r\u00e9v\u00e8le un personnage que j&rsquo;ai appr\u00e9ci\u00e9 et qui demeurera fid\u00e8le \u00e0 Edward, nonobstant sa jalousie ou son amour \u00e0 sens unique.<br \/>\n<\/em><\/p>\n<p style=\"text-align: justify;\"><em>L&rsquo;autrice m\u00e9lange ainsi les genres: historique, suspense, romance&#8230; ce qui m&rsquo;a, par moments, rappel\u00e9 la structure narrative et les p\u00e9rip\u00e9ties d&rsquo;un autre roman, <span style=\"text-decoration: underline;\">La fabrique de poup\u00e9es<\/span> d\u2019Elizabeth Macneal (\u00e9d. Presse de la Cit\u00e9, 2019, 471 pages) o\u00f9 il est aussi question d\u2019\u00e9mancipation de la femme, de confiance en soi et de croire en ses r\u00eaves sous fond de thriller social.\u00a0 <\/em><\/p>\n<p style=\"text-align: justify;\"><em>S&rsquo;agissant de son premier roman, il n&rsquo;\u00e9vite pas certains d\u00e9fauts comme le fait de trop appuyer sur certains faits ou r\u00e9v\u00e9lations finales comme si le lecteur n&rsquo;avait pu les d\u00e9celer la premi\u00e8re fois ou manquant parfois de nuances dans les caract\u00e8res des personnages, comme par exemple l&rsquo;orientation sexuelle de Cornelius qui \u00e9tait tr\u00e8s vite compr\u00e9hensible m\u00eame si Edward n&rsquo;en voit rien et imm\u00e9diatement comprise par Dora ou bien encore en prenant le partie de donner au mythe de Pandore une vision plus rationnelle que fantastique, plut\u00f4t que d&rsquo;en garder une aura myst\u00e9rieuse, m\u00eame si interpr\u00e9table comme l&rsquo;identit\u00e9 du vieil homme ayant discut\u00e9 avec Edward et l&rsquo;ayant mis sur la piste de Dora.<\/em><\/p>\n<p style=\"text-align: justify;\"><em> En effet,<\/em> <em>le mythe de la bo\u00eete de Pandore n&rsquo;est pas le c\u0153ur de roman mais est pr\u00e9texte \u00e0 suivre la vie de personnages qui seront li\u00e9s, de pr\u00e8s ou de loin, au pithos. Un bon moment de lecture!<\/em><\/p>\n<div style=\"width: 113px\" class=\"wp-caption alignleft\"><img loading=\"lazy\" decoding=\"async\" class=\"attachment-baskerville-2-post-image wp-post-image\" src=\"https:\/\/lelivroblog.files.wordpress.com\/2023\/01\/british-mysteries-2023_logo9ok.png?w=1080&#038;resize=103%2C103\" sizes=\"auto, (max-width: 1080px) 100vw, 1080px\" srcset=\"https:\/\/lelivroblog.files.wordpress.com\/2023\/01\/british-mysteries-2023_logo9ok.png 1080w, https:\/\/lelivroblog.files.wordpress.com\/2023\/01\/british-mysteries-2023_logo9ok.png?w=150 150w, https:\/\/lelivroblog.files.wordpress.com\/2023\/01\/british-mysteries-2023_logo9ok.png?w=300 300w, https:\/\/lelivroblog.files.wordpress.com\/2023\/01\/british-mysteries-2023_logo9ok.png?w=768 768w, https:\/\/lelivroblog.files.wordpress.com\/2023\/01\/british-mysteries-2023_logo9ok.png?w=1024 1024w\" alt=\"\" width=\"103\" height=\"103\" data-attachment-id=\"10538\" data-permalink=\"https:\/\/lelivroblog.fr\/2023\/01\/04\/challenge-british-mysteries-2023\/british-mysteries-2023_logo9ok\/\" data-orig-file=\"https:\/\/lelivroblog.files.wordpress.com\/2023\/01\/british-mysteries-2023_logo9ok.png\" data-orig-size=\"1080,1080\" data-comments-opened=\"1\" data-image-meta=\"{&quot;aperture&quot;:&quot;0&quot;,&quot;credit&quot;:&quot;&quot;,&quot;camera&quot;:&quot;&quot;,&quot;caption&quot;:&quot;&quot;,&quot;created_timestamp&quot;:&quot;0&quot;,&quot;copyright&quot;:&quot;&quot;,&quot;focal_length&quot;:&quot;0&quot;,&quot;iso&quot;:&quot;0&quot;,&quot;shutter_speed&quot;:&quot;0&quot;,&quot;title&quot;:&quot;&quot;,&quot;orientation&quot;:&quot;0&quot;}\" data-image-title=\"British mysteries 2023_logo9OK\" data-image-description=\"\" data-image-caption=\"\" data-medium-file=\"https:\/\/lelivroblog.files.wordpress.com\/2023\/01\/british-mysteries-2023_logo9ok.png?w=300\" data-large-file=\"https:\/\/lelivroblog.files.wordpress.com\/2023\/01\/british-mysteries-2023_logo9ok.png?w=736\" data-recalc-dims=\"1\" \/><p class=\"wp-caption-text\">Participation # Challenge British Mysteries de <a href=\"https:\/\/lelivroblog.fr\/2023\/01\/04\/challenge-british-mysteries-2023\/\">Hilde<\/a> et <a href=\"http:\/\/www.myloubook.com\/2023\/01\/04\/challenge-british-mysteries-2023\/\">Lou<\/a> #Roman historique \u00e0 suspense<\/p><\/div>\n<div id=\"attachment_19954\" style=\"width: 121px\" class=\"wp-caption alignleft\"><img loading=\"lazy\" decoding=\"async\" aria-describedby=\"caption-attachment-19954\" class=\"wp-image-19954\" src=\"https:\/\/i0.wp.com\/mapetitemediatheque.fr\/wp-content\/uploads\/2021\/11\/Inkedle-tour-du-monde-en-80-livres-2_LI.jpg?resize=116%2C87&amp;ssl=1\" sizes=\"auto, (max-width: 500px) 100vw, 500px\" srcset=\"https:\/\/i0.wp.com\/mapetitemediatheque.fr\/wp-content\/uploads\/2021\/11\/Inkedle-tour-du-monde-en-80-livres-2_LI.jpg?resize=116%2C87&amp;ssl=1 500w, https:\/\/mapetitemediatheque.fr\/wp-content\/uploads\/2021\/11\/Inkedle-tour-du-monde-en-80-livres-2_LI-300x226.jpg 300w, https:\/\/mapetitemediatheque.fr\/wp-content\/uploads\/2021\/11\/Inkedle-tour-du-monde-en-80-livres-2_LI-120x90.jpg 120w\" alt=\"\" width=\"111\" height=\"84\" aria-describedby=\"caption-attachment-19954\" \/><p id=\"caption-attachment-19954\" class=\"wp-caption-text\">Participation #10 (Parcours litt\u00e9raire) Challenge Le tour du monde en 80 livres 2023 de <a href=\"https:\/\/mapetitemediatheque.fr\/2022\/12\/le-tour-du-monde-en-80-livres-2023\/\">Bidib<\/a> #Royaume-Uni\/Angleterre<\/p><\/div>\n<div style=\"width: 91px\" class=\"wp-caption alignleft\"><img loading=\"lazy\" decoding=\"async\" src=\"https:\/\/i0.wp.com\/mapetitemediatheque.fr\/wp-content\/uploads\/2021\/07\/challenge-contes-et-legendes-239x300-1.jpg?resize=137%2C172\" alt=\"\" width=\"81\" height=\"102\" \/><p class=\"wp-caption-text\">Participation #8 Challenge Contes et L\u00e9gendes 2023 de <a href=\"https:\/\/mapetitemediatheque.fr\/2023\/01\/challenge-contes-et-legendes-2023\/\">Bidib<\/a> #Mythologie grecque<\/p><\/div>\n","protected":false},"excerpt":{"rendered":"<p>J&rsquo;ai lu Pandore de Susan Stokes-Chapman (\u00e9d. Michel Lafon, 2022, 415 pages), un roman pr\u00e9sent\u00e9 en quatri\u00e8me de couverture comme une r\u00e9\u00e9criture du mythe de Pandore et sous-titr\u00e9 \u00ab\u00a0Certaines portes sont ferm\u00e9es pour une bonne raison\u00a0\u00bb et se d\u00e9roulant \u00e0 Londres, \u00e0 l&rsquo;\u00e9poque g\u00e9orgienne. \u00c2g\u00e9e de 21 ans, Pandora \u00ab\u00a0Dora\u00a0\u00bb Blake vit \u00e0 Londres, en [&hellip;]<\/p>\n","protected":false},"author":1,"featured_media":31685,"comment_status":"open","ping_status":"open","sticky":false,"template":"","format":"standard","meta":{"jetpack_post_was_ever_published":false,"_jetpack_newsletter_access":"","_jetpack_dont_email_post_to_subs":false,"_jetpack_newsletter_tier_id":0,"_jetpack_memberships_contains_paywalled_content":false,"_jetpack_memberships_contains_paid_content":false,"footnotes":""},"categories":[363],"tags":[1347,1461,77,3527,3521,1854,936,3796,3296,2750,814,3525,2347,1594,1331,1179,2533,1229,3795,1073,2268,2081,2759,844,3209,905,3794,2758,3739,2544],"class_list":["post-31689","post","type-post","status-publish","format-standard","has-post-thumbnail","hentry","category-mini-lecteur","tag-18-ans-et-plus","tag-angleterre","tag-archeologie","tag-challenge-british-mysteries-2023","tag-challenge-contes-et-legendes-2023","tag-complot","tag-deuil","tag-epoque-georgienne","tag-espoir","tag-homosexualite","tag-jalousie","tag-le-tour-du-monde-en-80-livres-2023","tag-litterature-anglo-saxonne","tag-malediction","tag-meurtre","tag-mystere","tag-mythologie-grecque","tag-orphelin","tag-pandore","tag-pauvrete","tag-prostitution","tag-resilience","tag-roman-a-suspense","tag-romance","tag-romance-historique","tag-romans-adulte","tag-susan-stokes-chapman","tag-thriller","tag-travail-des-enfants","tag-violences-conjugales","post-preview"],"jetpack_featured_media_url":"https:\/\/i0.wp.com\/www.jojoenherbe.com\/wp-content\/uploads\/2023\/08\/Pandore.jpg?fit=750%2C1334&ssl=1","jetpack_sharing_enabled":true,"jetpack_shortlink":"https:\/\/wp.me\/p9zhGx-8f7","jetpack_likes_enabled":true,"jetpack-related-posts":[{"id":31734,"url":"https:\/\/www.jojoenherbe.com\/index.php\/2023\/09\/04\/point-lecture-hebdomadaire-2023-35\/","url_meta":{"origin":31689,"position":0},"title":"Point lecture hebdomadaire 2023 #35","author":"Jojo","date":"4 septembre 2023","format":false,"excerpt":"En ce d\u00e9but de semaine, voici notre point lecture hebdomadaire avec un retour sur nos lectures de la semaine derni\u00e8re (mais pas nos relectures). Nos lectures du 28 ao\u00fbt au 3 septembre 2023: Des lectures jeunesse: Mon mini sorcier a cette fois voulu, presque tous les soirs avant de dormir,\u2026","rel":"","context":"Dans &quot;Mini blogueur&quot;","block_context":{"text":"Mini blogueur","link":"https:\/\/www.jojoenherbe.com\/index.php\/category\/mini-blogueur\/"},"img":{"alt_text":"","src":"https:\/\/i0.wp.com\/www.jojoenherbe.com\/wp-content\/uploads\/2023\/09\/Point-lecture-hebdomadaire-2023-35-scaled.jpg?fit=1199%2C1200&ssl=1&resize=350%2C200","width":350,"height":200,"srcset":"https:\/\/i0.wp.com\/www.jojoenherbe.com\/wp-content\/uploads\/2023\/09\/Point-lecture-hebdomadaire-2023-35-scaled.jpg?fit=1199%2C1200&ssl=1&resize=350%2C200 1x, https:\/\/i0.wp.com\/www.jojoenherbe.com\/wp-content\/uploads\/2023\/09\/Point-lecture-hebdomadaire-2023-35-scaled.jpg?fit=1199%2C1200&ssl=1&resize=525%2C300 1.5x, https:\/\/i0.wp.com\/www.jojoenherbe.com\/wp-content\/uploads\/2023\/09\/Point-lecture-hebdomadaire-2023-35-scaled.jpg?fit=1199%2C1200&ssl=1&resize=700%2C400 2x, https:\/\/i0.wp.com\/www.jojoenherbe.com\/wp-content\/uploads\/2023\/09\/Point-lecture-hebdomadaire-2023-35-scaled.jpg?fit=1199%2C1200&ssl=1&resize=1050%2C600 3x"},"classes":[]},{"id":31648,"url":"https:\/\/www.jojoenherbe.com\/index.php\/2023\/08\/28\/point-lecture-hebdomadaire-2023-34\/","url_meta":{"origin":31689,"position":1},"title":"Point lecture hebdomadaire 2023 #34","author":"Jojo","date":"28 ao\u00fbt 2023","format":false,"excerpt":"En ce d\u00e9but de semaine, voici notre point lecture hebdomadaire avec un retour sur nos lectures de la semaine derni\u00e8re (mais pas nos relectures). Nos lectures du 21 au 27 ao\u00fbt 2023: Des lectures jeunesse: (Album jeunesse) La princesse aux perles de Mary de Morgan et Yvonne Gilbert J'ai lu\u2026","rel":"","context":"Dans &quot;Mini blogueur&quot;","block_context":{"text":"Mini blogueur","link":"https:\/\/www.jojoenherbe.com\/index.php\/category\/mini-blogueur\/"},"img":{"alt_text":"","src":"https:\/\/i0.wp.com\/www.jojoenherbe.com\/wp-content\/uploads\/2023\/09\/Point-lecture-hebdomadaire-2023-34-scaled.jpg?fit=1200%2C825&ssl=1&resize=350%2C200","width":350,"height":200,"srcset":"https:\/\/i0.wp.com\/www.jojoenherbe.com\/wp-content\/uploads\/2023\/09\/Point-lecture-hebdomadaire-2023-34-scaled.jpg?fit=1200%2C825&ssl=1&resize=350%2C200 1x, https:\/\/i0.wp.com\/www.jojoenherbe.com\/wp-content\/uploads\/2023\/09\/Point-lecture-hebdomadaire-2023-34-scaled.jpg?fit=1200%2C825&ssl=1&resize=525%2C300 1.5x, https:\/\/i0.wp.com\/www.jojoenherbe.com\/wp-content\/uploads\/2023\/09\/Point-lecture-hebdomadaire-2023-34-scaled.jpg?fit=1200%2C825&ssl=1&resize=700%2C400 2x, https:\/\/i0.wp.com\/www.jojoenherbe.com\/wp-content\/uploads\/2023\/09\/Point-lecture-hebdomadaire-2023-34-scaled.jpg?fit=1200%2C825&ssl=1&resize=1050%2C600 3x"},"classes":[]},{"id":35831,"url":"https:\/\/www.jojoenherbe.com\/index.php\/2024\/04\/19\/au-fil-des-pages-avec-meduse\/","url_meta":{"origin":31689,"position":2},"title":"Au fil des pages avec M\u00e9duse","author":"Jojo","date":"19 avril 2024","format":false,"excerpt":"J'ai lu M\u00e9duse de Martine Desjardins (\u00e9d. L'Atalante, septembre 2023, 206 pages), un court roman dont l'illustration de couverture \u00e0 la fois envo\u00fbtante et d\u00e9rangeante m'avait intrigu\u00e9e comme le r\u00e9sum\u00e9 de quatri\u00e8me couverture et sa description par l'\u00e9diteur comme un conte gothique f\u00e9minin et cruel. Surnomm\u00e9e M\u00e9duse par ses s\u0153urs\u2026","rel":"","context":"Dans &quot;Mini lecteur&quot;","block_context":{"text":"Mini lecteur","link":"https:\/\/www.jojoenherbe.com\/index.php\/category\/mini-lecteur\/"},"img":{"alt_text":"","src":"https:\/\/i0.wp.com\/www.jojoenherbe.com\/wp-content\/uploads\/2024\/04\/Meduse-scaled.jpg?fit=1200%2C902&ssl=1&resize=350%2C200","width":350,"height":200,"srcset":"https:\/\/i0.wp.com\/www.jojoenherbe.com\/wp-content\/uploads\/2024\/04\/Meduse-scaled.jpg?fit=1200%2C902&ssl=1&resize=350%2C200 1x, https:\/\/i0.wp.com\/www.jojoenherbe.com\/wp-content\/uploads\/2024\/04\/Meduse-scaled.jpg?fit=1200%2C902&ssl=1&resize=525%2C300 1.5x, https:\/\/i0.wp.com\/www.jojoenherbe.com\/wp-content\/uploads\/2024\/04\/Meduse-scaled.jpg?fit=1200%2C902&ssl=1&resize=700%2C400 2x, https:\/\/i0.wp.com\/www.jojoenherbe.com\/wp-content\/uploads\/2024\/04\/Meduse-scaled.jpg?fit=1200%2C902&ssl=1&resize=1050%2C600 3x"},"classes":[]},{"id":17827,"url":"https:\/\/www.jojoenherbe.com\/index.php\/2021\/04\/26\/au-fil-des-pages-avec-une-saison-a-longbourn\/","url_meta":{"origin":31689,"position":3},"title":"Au fil des pages avec Une saison \u00e0 Longbourn","author":"Jojo","date":"26 avril 2021","format":false,"excerpt":"Je lis Une saison \u00e0 Longbourn de Jo Baker (\u00e9d. Stock, 2014, 394 pages), un roman reprenant la trame d'Orgueil et Pr\u00e9jug\u00e9s de Jane Austen du point de vue des domestiques de la maisonn\u00e9e Bennet. Tous les exergues sont d'ailleurs des extraits du roman originel. C'est un peu la petite\u2026","rel":"","context":"Dans &quot;Mini lecteur&quot;","block_context":{"text":"Mini lecteur","link":"https:\/\/www.jojoenherbe.com\/index.php\/category\/mini-lecteur\/"},"img":{"alt_text":"","src":"https:\/\/i0.wp.com\/www.jojoenherbe.com\/wp-content\/uploads\/2021\/04\/Une-saison-a-Longbourn-2-scaled.jpg?fit=1200%2C900&ssl=1&resize=350%2C200","width":350,"height":200,"srcset":"https:\/\/i0.wp.com\/www.jojoenherbe.com\/wp-content\/uploads\/2021\/04\/Une-saison-a-Longbourn-2-scaled.jpg?fit=1200%2C900&ssl=1&resize=350%2C200 1x, https:\/\/i0.wp.com\/www.jojoenherbe.com\/wp-content\/uploads\/2021\/04\/Une-saison-a-Longbourn-2-scaled.jpg?fit=1200%2C900&ssl=1&resize=525%2C300 1.5x, https:\/\/i0.wp.com\/www.jojoenherbe.com\/wp-content\/uploads\/2021\/04\/Une-saison-a-Longbourn-2-scaled.jpg?fit=1200%2C900&ssl=1&resize=700%2C400 2x, https:\/\/i0.wp.com\/www.jojoenherbe.com\/wp-content\/uploads\/2021\/04\/Une-saison-a-Longbourn-2-scaled.jpg?fit=1200%2C900&ssl=1&resize=1050%2C600 3x"},"classes":[]},{"id":37627,"url":"https:\/\/www.jojoenherbe.com\/index.php\/2024\/12\/26\/au-fil-des-pages-avec-orgueil-et-prejuges\/","url_meta":{"origin":31689,"position":4},"title":"Au fil des pages avec Orgueil et pr\u00e9jug\u00e9s","author":"Jojo","date":"26 d\u00e9cembre 2024","format":false,"excerpt":"J'\u00e9tais curieuse de d\u00e9couvrir la nouvelle adaptation en roman graphique d'Orgueil et pr\u00e9jug\u00e9s, m\u00eame si ma tentative pr\u00e9c\u00e9dente, en d\u00e9but d'ann\u00e9e, avec le tome 1 de la trilogie Orgueil & Pr\u00e9jug\u00e9s, Les cinq filles de Mrs Bennet d\u2019Aurore, d\u2019apr\u00e8s Jane Austen (\u00e9d. Soleil, septembre 2019, 48 pages), une BD jeunesse\u2026","rel":"","context":"Dans &quot;Mini lecteur&quot;","block_context":{"text":"Mini lecteur","link":"https:\/\/www.jojoenherbe.com\/index.php\/category\/mini-lecteur\/"},"img":{"alt_text":"","src":"https:\/\/i0.wp.com\/www.jojoenherbe.com\/wp-content\/uploads\/2024\/12\/Orgueil-et-prejuges-roman-graphique.jpg?fit=749%2C1120&ssl=1&resize=350%2C200","width":350,"height":200,"srcset":"https:\/\/i0.wp.com\/www.jojoenherbe.com\/wp-content\/uploads\/2024\/12\/Orgueil-et-prejuges-roman-graphique.jpg?fit=749%2C1120&ssl=1&resize=350%2C200 1x, https:\/\/i0.wp.com\/www.jojoenherbe.com\/wp-content\/uploads\/2024\/12\/Orgueil-et-prejuges-roman-graphique.jpg?fit=749%2C1120&ssl=1&resize=525%2C300 1.5x, https:\/\/i0.wp.com\/www.jojoenherbe.com\/wp-content\/uploads\/2024\/12\/Orgueil-et-prejuges-roman-graphique.jpg?fit=749%2C1120&ssl=1&resize=700%2C400 2x"},"classes":[]},{"id":39554,"url":"https:\/\/www.jojoenherbe.com\/index.php\/2025\/06\/01\/billet-de-suivi-le-mois-anglais-2025\/","url_meta":{"origin":31689,"position":5},"title":"Billet de suivi: Le Mois Anglais 2025","author":"Jojo","date":"1 juin 2025","format":false,"excerpt":"Comme d\u00e9j\u00e0 depuis plusieurs ann\u00e9es, je participe tout au long du mois de juin au challenge Le Mois Anglais 2025 coorganis\u00e9 par Lou et Titine. Le programme est libre. J'ai pr\u00e9vu plusieurs lectures, un atelier cr\u00e9atif avec les copinautes Syl, Isabelle et Hilde ainsi que des pauses gourmandes avec la\u2026","rel":"","context":"Dans &quot;Mini blogueur&quot;","block_context":{"text":"Mini blogueur","link":"https:\/\/www.jojoenherbe.com\/index.php\/category\/mini-blogueur\/"},"img":{"alt_text":"","src":"https:\/\/i0.wp.com\/www.jojoenherbe.com\/wp-content\/uploads\/2025\/06\/Le-Mois-Anglais-2025-logo.jpg?fit=768%2C960&ssl=1&resize=350%2C200","width":350,"height":200,"srcset":"https:\/\/i0.wp.com\/www.jojoenherbe.com\/wp-content\/uploads\/2025\/06\/Le-Mois-Anglais-2025-logo.jpg?fit=768%2C960&ssl=1&resize=350%2C200 1x, https:\/\/i0.wp.com\/www.jojoenherbe.com\/wp-content\/uploads\/2025\/06\/Le-Mois-Anglais-2025-logo.jpg?fit=768%2C960&ssl=1&resize=525%2C300 1.5x, https:\/\/i0.wp.com\/www.jojoenherbe.com\/wp-content\/uploads\/2025\/06\/Le-Mois-Anglais-2025-logo.jpg?fit=768%2C960&ssl=1&resize=700%2C400 2x"},"classes":[]}],"_links":{"self":[{"href":"https:\/\/www.jojoenherbe.com\/index.php\/wp-json\/wp\/v2\/posts\/31689","targetHints":{"allow":["GET"]}}],"collection":[{"href":"https:\/\/www.jojoenherbe.com\/index.php\/wp-json\/wp\/v2\/posts"}],"about":[{"href":"https:\/\/www.jojoenherbe.com\/index.php\/wp-json\/wp\/v2\/types\/post"}],"author":[{"embeddable":true,"href":"https:\/\/www.jojoenherbe.com\/index.php\/wp-json\/wp\/v2\/users\/1"}],"replies":[{"embeddable":true,"href":"https:\/\/www.jojoenherbe.com\/index.php\/wp-json\/wp\/v2\/comments?post=31689"}],"version-history":[{"count":22,"href":"https:\/\/www.jojoenherbe.com\/index.php\/wp-json\/wp\/v2\/posts\/31689\/revisions"}],"predecessor-version":[{"id":33935,"href":"https:\/\/www.jojoenherbe.com\/index.php\/wp-json\/wp\/v2\/posts\/31689\/revisions\/33935"}],"wp:featuredmedia":[{"embeddable":true,"href":"https:\/\/www.jojoenherbe.com\/index.php\/wp-json\/wp\/v2\/media\/31685"}],"wp:attachment":[{"href":"https:\/\/www.jojoenherbe.com\/index.php\/wp-json\/wp\/v2\/media?parent=31689"}],"wp:term":[{"taxonomy":"category","embeddable":true,"href":"https:\/\/www.jojoenherbe.com\/index.php\/wp-json\/wp\/v2\/categories?post=31689"},{"taxonomy":"post_tag","embeddable":true,"href":"https:\/\/www.jojoenherbe.com\/index.php\/wp-json\/wp\/v2\/tags?post=31689"}],"curies":[{"name":"wp","href":"https:\/\/api.w.org\/{rel}","templated":true}]}}