{"id":31648,"date":"2023-08-28T14:14:31","date_gmt":"2023-08-28T12:14:31","guid":{"rendered":"https:\/\/www.jojoenherbe.com\/?p=31648"},"modified":"2023-09-04T13:48:43","modified_gmt":"2023-09-04T11:48:43","slug":"point-lecture-hebdomadaire-2023-34","status":"publish","type":"post","link":"https:\/\/www.jojoenherbe.com\/index.php\/2023\/08\/28\/point-lecture-hebdomadaire-2023-34\/","title":{"rendered":"Point lecture hebdomadaire 2023 #34"},"content":{"rendered":"<p style=\"text-align: justify;\"><em>En ce d\u00e9but de semaine, voici notre point lecture hebdomadaire avec un retour sur nos lectures de la semaine derni\u00e8re (mais pas nos relectures).<\/em><\/p>\n<p><span style=\"text-decoration: underline;\"><strong>Nos lectures du 21 au 27 ao\u00fbt 2023<\/strong><\/span><strong>:<\/strong><\/p>\n<p><em><span style=\"text-decoration: underline;\">Des lectures jeunesse<\/span>:<\/em><\/p>\n<ul>\n<li style=\"text-align: justify;\"><em>(Album jeunesse) <strong><span style=\"text-decoration: underline;\">La princesse aux perles<\/span><\/strong> de Mary de Morgan et Yvonne Gilbert<\/em><\/li>\n<\/ul>\n<p style=\"text-align: justify;\"><em><a href=\"https:\/\/i0.wp.com\/www.jojoenherbe.com\/wp-content\/uploads\/2023\/09\/La-princesse-aux-perles-scaled.jpg\"><img data-recalc-dims=\"1\" loading=\"lazy\" decoding=\"async\" data-attachment-id=\"31758\" data-permalink=\"https:\/\/www.jojoenherbe.com\/index.php\/2023\/08\/28\/point-lecture-hebdomadaire-2023-34\/la-princesse-aux-perles\/\" data-orig-file=\"https:\/\/i0.wp.com\/www.jojoenherbe.com\/wp-content\/uploads\/2023\/09\/La-princesse-aux-perles-scaled.jpg?fit=2560%2C2065&amp;ssl=1\" data-orig-size=\"2560,2065\" data-comments-opened=\"1\" data-image-meta=\"{&quot;aperture&quot;:&quot;1.8&quot;,&quot;credit&quot;:&quot;&quot;,&quot;camera&quot;:&quot;iPhone 7&quot;,&quot;caption&quot;:&quot;&quot;,&quot;created_timestamp&quot;:&quot;1693661294&quot;,&quot;copyright&quot;:&quot;&quot;,&quot;focal_length&quot;:&quot;3.99&quot;,&quot;iso&quot;:&quot;100&quot;,&quot;shutter_speed&quot;:&quot;0.1&quot;,&quot;title&quot;:&quot;&quot;,&quot;orientation&quot;:&quot;1&quot;}\" data-image-title=\"La princesse aux perles\" data-image-description=\"\" data-image-caption=\"\" data-large-file=\"https:\/\/i0.wp.com\/www.jojoenherbe.com\/wp-content\/uploads\/2023\/09\/La-princesse-aux-perles-scaled.jpg?fit=676%2C545&amp;ssl=1\" class=\"alignleft size-thumbnail wp-image-31758\" src=\"https:\/\/i0.wp.com\/www.jojoenherbe.com\/wp-content\/uploads\/2023\/09\/La-princesse-aux-perles.jpg?resize=150%2C150\" alt=\"\" width=\"150\" height=\"150\" srcset=\"https:\/\/i0.wp.com\/www.jojoenherbe.com\/wp-content\/uploads\/2023\/09\/La-princesse-aux-perles-scaled.jpg?resize=150%2C150&amp;ssl=1 150w, https:\/\/i0.wp.com\/www.jojoenherbe.com\/wp-content\/uploads\/2023\/09\/La-princesse-aux-perles-scaled.jpg?zoom=2&amp;resize=150%2C150 300w, https:\/\/i0.wp.com\/www.jojoenherbe.com\/wp-content\/uploads\/2023\/09\/La-princesse-aux-perles-scaled.jpg?zoom=3&amp;resize=150%2C150 450w\" sizes=\"auto, (max-width: 150px) 100vw, 150px\" \/><\/a>J&rsquo;ai lu <span style=\"text-decoration: underline;\">La Princesse aux perles<\/span> de Mary de Morgan et Yvonne Gilbert (\u00e9d. des \u00c9l\u00e9phants, 2015, 64 pages), un conte de f\u00e9es anglais paru pour la premi\u00e8re fois en 1880 avec l&rsquo;histoire de Fiorimonde, une princesse d\u2019une grande beaut\u00e9 gr\u00e2ce \u00e0 la magie noire qui transforme tous ses pr\u00e9tendants en perles, refusant tout mariage. Son attitude causera-t-il sa perte? Surtout lorsque sa jeune servante, Yolande comprend la v\u00e9ritable nature de la princesse, contrairement aux nombreux pr\u00e9tendants bien na\u00effs qui d\u00e9filent? Un bon moment de lecture avec ce conte joliment illustr\u00e9!<br \/><\/em><\/p>\n<p><em><span style=\"text-decoration: underline;\">Des lectures adulte<\/span>:<\/em><\/p>\n<p style=\"text-align: justify;\"><em>Parmi les romans adultes que j\u2019ai lus cette semaine, je ne parlerai dans ce billet que de certains m\u00eame si je les compterai tous pour calculer le nombre de pages lues pour cette semaine \u00e0 1.000.<\/em><\/p>\n<ul>\n<li style=\"text-align: justify;\"><em>(Romance <span style=\"text-decoration: underline;\">contemporaine)<\/span> <strong><span style=\"text-decoration: underline;\">Puffin Island, \u00c0 l&rsquo;horizon, l&rsquo;Amour<\/span><\/strong> de Sarah Morgan <strong>(T1)<\/strong><\/em><\/li>\n<\/ul>\n<p style=\"text-align: justify;\"><em><a href=\"https:\/\/i0.wp.com\/www.jojoenherbe.com\/wp-content\/uploads\/2023\/08\/A-lhorizon-lAmour-T1.jpg\"><img data-recalc-dims=\"1\" loading=\"lazy\" decoding=\"async\" data-attachment-id=\"31652\" data-permalink=\"https:\/\/www.jojoenherbe.com\/index.php\/2023\/08\/21\/point-lecture-hebdomadaire-2023-33\/a-lhorizon-lamour-t1\/\" data-orig-file=\"https:\/\/i0.wp.com\/www.jojoenherbe.com\/wp-content\/uploads\/2023\/08\/A-lhorizon-lAmour-T1.jpg?fit=750%2C1334&amp;ssl=1\" data-orig-size=\"750,1334\" data-comments-opened=\"1\" data-image-meta=\"{&quot;aperture&quot;:&quot;0&quot;,&quot;credit&quot;:&quot;&quot;,&quot;camera&quot;:&quot;&quot;,&quot;caption&quot;:&quot;&quot;,&quot;created_timestamp&quot;:&quot;0&quot;,&quot;copyright&quot;:&quot;&quot;,&quot;focal_length&quot;:&quot;0&quot;,&quot;iso&quot;:&quot;0&quot;,&quot;shutter_speed&quot;:&quot;0&quot;,&quot;title&quot;:&quot;&quot;,&quot;orientation&quot;:&quot;0&quot;}\" data-image-title=\"A l&amp;rsquo;horizon, l&amp;rsquo;Amour T1\" data-image-description=\"\" data-image-caption=\"\" data-large-file=\"https:\/\/i0.wp.com\/www.jojoenherbe.com\/wp-content\/uploads\/2023\/08\/A-lhorizon-lAmour-T1.jpg?fit=576%2C1024&amp;ssl=1\" class=\"size-thumbnail wp-image-31652 alignright\" src=\"https:\/\/i0.wp.com\/www.jojoenherbe.com\/wp-content\/uploads\/2023\/08\/A-lhorizon-lAmour-T1.jpg?resize=150%2C150\" alt=\"\" width=\"150\" height=\"150\" srcset=\"https:\/\/i0.wp.com\/www.jojoenherbe.com\/wp-content\/uploads\/2023\/08\/A-lhorizon-lAmour-T1.jpg?resize=150%2C150&amp;ssl=1 150w, https:\/\/i0.wp.com\/www.jojoenherbe.com\/wp-content\/uploads\/2023\/08\/A-lhorizon-lAmour-T1.jpg?zoom=2&amp;resize=150%2C150 300w, https:\/\/i0.wp.com\/www.jojoenherbe.com\/wp-content\/uploads\/2023\/08\/A-lhorizon-lAmour-T1.jpg?zoom=3&amp;resize=150%2C150 450w\" sizes=\"auto, (max-width: 150px) 100vw, 150px\" \/><\/a>J&rsquo;ai fini de lire, en e-book, le tome 1 de la trilogie <span style=\"text-decoration: underline;\">Puffin Island<\/span> parue pour la premi\u00e8re fois aux \u00c9tats-Unis en 2015, <span style=\"text-decoration: underline;\">\u00c0 l&rsquo;horizon, l&rsquo;Amour<\/span> de Sarah Morgan (\u00e9d. HarperCollins, 2023, 403 pages), une romance contemporaine se d\u00e9roulant sur l&rsquo;\u00eele de Puffin Island, au large de New York en reprenant l&rsquo;histoire au chapitre 5 (314 pages lues). <\/em><em>Suite au d\u00e9c\u00e8s de sa s\u0153ur cadette, Emily se voit confier la garde soudaine de sa ni\u00e8ce de 6 ans qu&rsquo;elle ne connaissait pas, Juliette, appel\u00e9e Lizzy afin d&rsquo;\u00e9viter les journalistes people et paparazzis. Il lui est bien difficile de devenir m\u00e8re du jour au lendemain et de s&rsquo;occuper de la fillette d&rsquo;autant qu&rsquo;elle s&rsquo;est r\u00e9fugi\u00e9e sur une \u00eele, elle qui a peur de l&rsquo;eau et qui n&rsquo;entend s&rsquo;attacher \u00e0 personne. Emily r\u00e9ussira-t-elle \u00e0 surmonter ses peurs en trouvant refuge \u00e0 Castaway Cottage et en acceptant l&rsquo;aide de Ryan Cooper, un ami de Brittany qui lui a demand\u00e9 de veiller sur elle?<\/em><\/p>\n<p style=\"text-align: justify;\"><em>Comme je l&rsquo;avais d\u00e9j\u00e0 mentionn\u00e9 la semaine derni\u00e8re, j&rsquo;ai trouv\u00e9 que l&rsquo;autrice appuyait trop sur les \u00e9tats d&rsquo;\u00e2mes et peur d&rsquo;Emily tout comme l&rsquo;attitude de Ryan qui para\u00eet surprenant pour quelqu&rsquo;un qui n&rsquo;entend pas s&rsquo;engager avec une femme, encore moins avec une femme avec enfant. Je n&rsquo;ai pas accroch\u00e9 \u00e0 leur romance qui tient plus \u00e0 un coup de foudre sur leur physique respectif qu&rsquo;\u00e0 de r\u00e9els sentiments amoureux. J&rsquo;ai \u00e9galement regrett\u00e9 de ne pas conna\u00eetre les sentiments et ressentis de la petite fille qui du haut de 6 ans a d\u00fb bien \u00eatre d\u00e9stabilis\u00e9e par ce changement abrupt de vie aupr\u00e8s d&rsquo;une tante inconnue et dont l&rsquo;autrice ne cesse de l&rsquo;appeler Lizzy, m\u00eame dans l&rsquo;intimit\u00e9, alors qu&rsquo;elle s&rsquo;appelle Juliette. J&rsquo;ai \u00e9t\u00e9 d\u00e9\u00e7ue par ce premier tome alors que j&rsquo;avais beaucoup appr\u00e9ci\u00e9 <span style=\"text-decoration: underline;\">Snow Crystal<\/span> et <span style=\"text-decoration: underline;\">Les v\u0153ux secrets des s\u0153urs McBride<\/span>. Je poursuivrais toutefois avec le tome 2 que j&rsquo;esp\u00e8re plus int\u00e9ressant.<\/em><\/p>\n<ul>\n<li><em>(Roman YA contemporain) <span style=\"text-decoration: underline;\"><strong>Les roches rouges<\/strong><\/span> d\u2019Olivier Adam<\/em><\/li>\n<\/ul>\n<p style=\"text-align: justify;\"><a href=\"https:\/\/i0.wp.com\/www.jojoenherbe.com\/wp-content\/uploads\/2023\/08\/Les-roches-rouges-scaled.jpg\"><img data-recalc-dims=\"1\" loading=\"lazy\" decoding=\"async\" data-attachment-id=\"31642\" data-permalink=\"https:\/\/www.jojoenherbe.com\/index.php\/2023\/08\/14\/point-lecture-hebdomadaire-2023-32\/les-roches-rouges\/\" data-orig-file=\"https:\/\/i0.wp.com\/www.jojoenherbe.com\/wp-content\/uploads\/2023\/08\/Les-roches-rouges-scaled.jpg?fit=2560%2C2009&amp;ssl=1\" data-orig-size=\"2560,2009\" data-comments-opened=\"1\" data-image-meta=\"{&quot;aperture&quot;:&quot;1.8&quot;,&quot;credit&quot;:&quot;&quot;,&quot;camera&quot;:&quot;iPhone 7&quot;,&quot;caption&quot;:&quot;&quot;,&quot;created_timestamp&quot;:&quot;1692636773&quot;,&quot;copyright&quot;:&quot;&quot;,&quot;focal_length&quot;:&quot;3.99&quot;,&quot;iso&quot;:&quot;32&quot;,&quot;shutter_speed&quot;:&quot;0.05&quot;,&quot;title&quot;:&quot;&quot;,&quot;orientation&quot;:&quot;1&quot;}\" data-image-title=\"Les roches rouges\" data-image-description=\"\" data-image-caption=\"\" data-large-file=\"https:\/\/i0.wp.com\/www.jojoenherbe.com\/wp-content\/uploads\/2023\/08\/Les-roches-rouges-scaled.jpg?fit=676%2C531&amp;ssl=1\" class=\"alignleft size-thumbnail wp-image-31642\" src=\"https:\/\/i0.wp.com\/www.jojoenherbe.com\/wp-content\/uploads\/2023\/08\/Les-roches-rouges.jpg?resize=150%2C150\" alt=\"\" width=\"150\" height=\"150\" srcset=\"https:\/\/i0.wp.com\/www.jojoenherbe.com\/wp-content\/uploads\/2023\/08\/Les-roches-rouges-scaled.jpg?resize=150%2C150&amp;ssl=1 150w, https:\/\/i0.wp.com\/www.jojoenherbe.com\/wp-content\/uploads\/2023\/08\/Les-roches-rouges-scaled.jpg?zoom=2&amp;resize=150%2C150 300w, https:\/\/i0.wp.com\/www.jojoenherbe.com\/wp-content\/uploads\/2023\/08\/Les-roches-rouges-scaled.jpg?zoom=3&amp;resize=150%2C150 450w\" sizes=\"auto, (max-width: 150px) 100vw, 150px\" \/><\/a><em>J&rsquo;ai fini de lire <span style=\"text-decoration: underline;\">Les roches rouges<\/span> d\u2019Olivier Adam (\u00e9d. R, 2020, 240 pages), un roman Young Adult contemporain class\u00e9 au rayon adulte de ma m\u00e9diath\u00e8que de vacances et vendu en roman adolescent par la plupart des librairies. Apr\u00e8s s&rsquo;\u00eatre rencontr\u00e9s \u00e0 P\u00f4le Emploi, Leila, une jeune femme de 21 ans, mari\u00e9e \u00e0 un homme violent de 12 ans son a\u00een\u00e9 et m\u00e8re d&rsquo;un enfant de 3 ans et Antoine, un jeune homme ayant perdu le go\u00fbt de la vie et \u00e0 peine \u00e2g\u00e9 de 18 ans, commence une liaison. Mais lorsque le mari de Leila le d\u00e9couvre et bat son amant, le jeune couple d\u00e9cide de s&rsquo;enfuir, de quitter la banlieue parisienne pour la maison de famille d&rsquo;Antoine, \u00e0 Agay. Mais un nouveau d\u00e9part est-il possible? L\u2019histoire alterne les points de vue du jeune couple, celui de Leila \u00e0 travers des passages de son journal intime et celui d\u2019Antoine.<\/em><\/p>\n<p style=\"text-align: justify;\"><em>Il y est question de maltraitance, de p\u00e9dophilie, de violences conjugales, de deuil ou bien encore de r\u00e9silience, de droit au bonheur et \u00e0 la seconde chance. Un destin funeste semble s&rsquo;abattre \u00e0 chaque fois sur ce couple improbable qui tente pourtant de s&rsquo;en sortir. Que de malheurs qui se sont abattus sur Leila et Antoine, voire m\u00eame un peu trop pour rendre coh\u00e9rente l&rsquo;histoire (surtout la derni\u00e8re partie qui s&rsquo;acc\u00e9l\u00e8re en ne tenant plus compte des r\u00e9alit\u00e9s temporelles d&rsquo;une enqu\u00eate judiciaire et d&rsquo;un proc\u00e8s, surtout dans un contexte franco-italien)! Un moment de lecture dur et \u00e2pre comme la vie de ce jeune couple qui se d\u00e9couvre et grandisse ensemble, en quelques semaines, entre non-dits et mensonges sur leur identit\u00e9, leur pass\u00e9 au sein de famille plus ou moins aimante et dysfonctionnelle et qui se finit sur une fin ouverte, avec peut-\u00eatre de l&rsquo;espoir au bout du bout!<\/em><\/p>\n<ul>\n<li style=\"text-align: justify;\"><em>(Romance contemporaine) <strong><span style=\"text-decoration: underline;\">Puffin Island, Sur l&rsquo;\u00eele de ton c\u0153ur<\/span><\/strong> de Sarah Morgan <strong>(T2)<\/strong><\/em><\/li>\n<\/ul>\n<p style=\"text-align: justify;\"><a href=\"https:\/\/i0.wp.com\/www.jojoenherbe.com\/wp-content\/uploads\/2023\/08\/Sur-lile-de-ton-coeur-T2.jpg\"><img data-recalc-dims=\"1\" loading=\"lazy\" decoding=\"async\" data-attachment-id=\"31684\" data-permalink=\"https:\/\/www.jojoenherbe.com\/index.php\/2023\/08\/28\/point-lecture-hebdomadaire-2023-34\/sur-lile-de-ton-coeur-t2\/\" data-orig-file=\"https:\/\/i0.wp.com\/www.jojoenherbe.com\/wp-content\/uploads\/2023\/08\/Sur-lile-de-ton-coeur-T2.jpg?fit=750%2C1334&amp;ssl=1\" data-orig-size=\"750,1334\" data-comments-opened=\"1\" data-image-meta=\"{&quot;aperture&quot;:&quot;0&quot;,&quot;credit&quot;:&quot;&quot;,&quot;camera&quot;:&quot;&quot;,&quot;caption&quot;:&quot;&quot;,&quot;created_timestamp&quot;:&quot;0&quot;,&quot;copyright&quot;:&quot;&quot;,&quot;focal_length&quot;:&quot;0&quot;,&quot;iso&quot;:&quot;0&quot;,&quot;shutter_speed&quot;:&quot;0&quot;,&quot;title&quot;:&quot;&quot;,&quot;orientation&quot;:&quot;0&quot;}\" data-image-title=\"Sur l&amp;rsquo;\u00eele de ton coeur T2\" data-image-description=\"\" data-image-caption=\"\" data-large-file=\"https:\/\/i0.wp.com\/www.jojoenherbe.com\/wp-content\/uploads\/2023\/08\/Sur-lile-de-ton-coeur-T2.jpg?fit=576%2C1024&amp;ssl=1\" class=\"size-thumbnail wp-image-31684 alignright\" src=\"https:\/\/i0.wp.com\/www.jojoenherbe.com\/wp-content\/uploads\/2023\/08\/Sur-lile-de-ton-coeur-T2.jpg?resize=150%2C150\" alt=\"\" width=\"150\" height=\"150\" srcset=\"https:\/\/i0.wp.com\/www.jojoenherbe.com\/wp-content\/uploads\/2023\/08\/Sur-lile-de-ton-coeur-T2.jpg?resize=150%2C150&amp;ssl=1 150w, https:\/\/i0.wp.com\/www.jojoenherbe.com\/wp-content\/uploads\/2023\/08\/Sur-lile-de-ton-coeur-T2.jpg?zoom=2&amp;resize=150%2C150 300w, https:\/\/i0.wp.com\/www.jojoenherbe.com\/wp-content\/uploads\/2023\/08\/Sur-lile-de-ton-coeur-T2.jpg?zoom=3&amp;resize=150%2C150 450w\" sizes=\"auto, (max-width: 150px) 100vw, 150px\" \/><\/a><em>J&rsquo;ai lu le tome 2 de la trilogie <span style=\"text-decoration: underline;\">Puffin Island, Sur l&rsquo;\u00eele de ton c\u0153ur<\/span> de Sarah Morgan (\u00e9d. HarperCollins, 2023, 365 pages), une romance contemporaine faisant suite aux \u00e9v\u00e9nements du tome pr\u00e9c\u00e9dent et se consacrant \u00e0 un autre couple, <span class=\"cr-widget-FocalReviews\" data-hook=\"cr-widget-FocalReviews\"><span class=\"a-size-base review-text\" data-hook=\"review-body\">Brittany Forrest et Zachary Flynn qui ne sont pas revus depuis 10 ans, apr\u00e8s un mariage qui a dur\u00e9 10 jours lorsqu&rsquo;ils \u00e9taient jeunes majeurs. Apr\u00e8s une blessure qui l&#8217;emp\u00eache de continuer ses fouilles en Gr\u00e8ce, la jeune femme arch\u00e9ologue revient pour sa convalescence dans son cottage de Puffin Island. Mais elle ne s&rsquo;attendait pas \u00e0 y \u00eatre ramen\u00e9 en avion par le seul homme qui a bris\u00e9 son c\u0153ur, Zachary, ce dernier \u00e9tant revenu lui aussi sur l&rsquo;\u00eele quelques mois avant pour aider son p\u00e8re adoptif dans la gestion du camp d&rsquo;\u00e9t\u00e9 et en tant que pilote d&rsquo;avion pour les riches touristes. Se donneront-ils une seconde chance? J&rsquo;ai trouv\u00e9 les caract\u00e8res et f\u00ealures des deux personnages principaux mieux amen\u00e9s et mieux travaill\u00e9s que dans le tome pr\u00e9c\u00e9dent. <\/span><\/span>Un moment de lecture l\u00e9g\u00e8re avec ce deuxi\u00e8me tome que j&rsquo;ai pr\u00e9f\u00e9r\u00e9 au premier <span class=\"cr-widget-FocalReviews\" data-hook=\"cr-widget-FocalReviews\"><span class=\"a-size-base review-text\" data-hook=\"review-body\">m\u00eame si on est dans un sch\u00e9ma classique de seconde chance<\/span><\/span>! Le tome 3, <span style=\"text-decoration: underline;\">No\u00ebl au refuge des amoureux<\/span> para\u00eetra en fran\u00e7ais le 4 octobre 2023 et sera consacr\u00e9 cette fois \u00e0 la troisi\u00e8me amie du trio de femmes, Skylar avec sa relation d\u00e9j\u00e0 tendue avec Alec, un historien britannique devenu cynique apr\u00e8s son divorce rat\u00e9.<\/em><\/p>\n<ul>\n<li style=\"text-align: justify;\"><em>(BD adulte\/Roman graphique) <strong><span style=\"text-decoration: underline;\">Le voile blanc<\/span><\/strong><\/em> <em>de Romina Denti et Valentino Forlini<\/em><\/li>\n<\/ul>\n<p style=\"text-align: justify;\"><a href=\"https:\/\/i0.wp.com\/www.jojoenherbe.com\/wp-content\/uploads\/2023\/09\/le-voile-blanc-scaled.jpg\"><img data-recalc-dims=\"1\" loading=\"lazy\" decoding=\"async\" data-attachment-id=\"31759\" data-permalink=\"https:\/\/www.jojoenherbe.com\/index.php\/2023\/08\/28\/point-lecture-hebdomadaire-2023-34\/le-voile-blanc\/\" data-orig-file=\"https:\/\/i0.wp.com\/www.jojoenherbe.com\/wp-content\/uploads\/2023\/09\/le-voile-blanc-scaled.jpg?fit=2560%2C2144&amp;ssl=1\" data-orig-size=\"2560,2144\" data-comments-opened=\"1\" data-image-meta=\"{&quot;aperture&quot;:&quot;1.8&quot;,&quot;credit&quot;:&quot;&quot;,&quot;camera&quot;:&quot;iPhone 7&quot;,&quot;caption&quot;:&quot;&quot;,&quot;created_timestamp&quot;:&quot;1693661285&quot;,&quot;copyright&quot;:&quot;&quot;,&quot;focal_length&quot;:&quot;3.99&quot;,&quot;iso&quot;:&quot;100&quot;,&quot;shutter_speed&quot;:&quot;0.058823529411765&quot;,&quot;title&quot;:&quot;&quot;,&quot;orientation&quot;:&quot;1&quot;}\" data-image-title=\"le voile blanc\" data-image-description=\"\" data-image-caption=\"\" data-large-file=\"https:\/\/i0.wp.com\/www.jojoenherbe.com\/wp-content\/uploads\/2023\/09\/le-voile-blanc-scaled.jpg?fit=676%2C566&amp;ssl=1\" class=\"alignleft size-thumbnail wp-image-31759\" src=\"https:\/\/i0.wp.com\/www.jojoenherbe.com\/wp-content\/uploads\/2023\/09\/le-voile-blanc.jpg?resize=150%2C150\" alt=\"\" width=\"150\" height=\"150\" srcset=\"https:\/\/i0.wp.com\/www.jojoenherbe.com\/wp-content\/uploads\/2023\/09\/le-voile-blanc-scaled.jpg?resize=150%2C150&amp;ssl=1 150w, https:\/\/i0.wp.com\/www.jojoenherbe.com\/wp-content\/uploads\/2023\/09\/le-voile-blanc-scaled.jpg?zoom=2&amp;resize=150%2C150 300w, https:\/\/i0.wp.com\/www.jojoenherbe.com\/wp-content\/uploads\/2023\/09\/le-voile-blanc-scaled.jpg?zoom=3&amp;resize=150%2C150 450w\" sizes=\"auto, (max-width: 150px) 100vw, 150px\" \/><\/a><em>J&rsquo;ai lu <span style=\"text-decoration: underline;\">Le voile blanc<\/span> de Romina Denti et Valentino Forlini (\u00e9d. Akileos, 2022, 208 pages), une BD\/roman graphique &#8211; une uchronie se d\u00e9roulant en 1851, de Londres aux for\u00eats de glace de Novgorod, le froid de l\u2019hiver s\u2019\u00e9tant r\u00e9pandu depuis 3 si\u00e8cles sur Terre, avec notamment une revisite du mythe de Pers\u00e9phone.<\/em> <em>L&rsquo;histoire alterne les temporalit\u00e9s, entre celle d&rsquo;Aglaja, une jeune fille f\u00eatant le solstice d&rsquo;\u00e9t\u00e9, en 1570 \u00e0 Novgorod et qui se retrouve prisonni\u00e8re au fond\u00a0 et de Lady Blodwen Morgan, une jeune biologiste vivant \u00e0 Londres en 1851 avec son fr\u00e8re Dylan et sa s\u0153ur Rhian et qui monte une mission de recherches avec son ex-fianc\u00e9, capitaine du navire en charge de l&rsquo;exp\u00e9dition vers la Russie et d&rsquo;un prisonnier mutil\u00e9 venant de Novgorod, jusqu&rsquo;\u00e0 ce que leur vie s&rsquo;entrecroise. Un bon moment de lecture m\u00ealant l\u00e9gendes animistes, mythologique grecque, f\u00e9minisme, secte religieux!<\/em><\/p>\n<ul>\n<li style=\"text-align: justify;\"><em>(Romance surnaturelle) <span style=\"text-decoration: underline;\"><strong>Dragon Soul, Cendres sanglantes<\/strong><\/span> de Jocabel C. Caballero\u00a0 <strong>(T3)<\/strong><\/em><\/li>\n<\/ul>\n<p style=\"text-align: justify;\"><em><a href=\"https:\/\/i0.wp.com\/www.jojoenherbe.com\/wp-content\/uploads\/2023\/08\/Dragon-Soul-T3.jpg\"><img data-recalc-dims=\"1\" loading=\"lazy\" decoding=\"async\" data-attachment-id=\"31686\" data-permalink=\"https:\/\/www.jojoenherbe.com\/index.php\/2023\/08\/28\/point-lecture-hebdomadaire-2023-34\/dragon-soul-t3\/\" data-orig-file=\"https:\/\/i0.wp.com\/www.jojoenherbe.com\/wp-content\/uploads\/2023\/08\/Dragon-Soul-T3.jpg?fit=750%2C1334&amp;ssl=1\" data-orig-size=\"750,1334\" data-comments-opened=\"1\" data-image-meta=\"{&quot;aperture&quot;:&quot;0&quot;,&quot;credit&quot;:&quot;&quot;,&quot;camera&quot;:&quot;&quot;,&quot;caption&quot;:&quot;&quot;,&quot;created_timestamp&quot;:&quot;0&quot;,&quot;copyright&quot;:&quot;&quot;,&quot;focal_length&quot;:&quot;0&quot;,&quot;iso&quot;:&quot;0&quot;,&quot;shutter_speed&quot;:&quot;0&quot;,&quot;title&quot;:&quot;&quot;,&quot;orientation&quot;:&quot;0&quot;}\" data-image-title=\"Dragon Soul T3\" data-image-description=\"\" data-image-caption=\"\" data-large-file=\"https:\/\/i0.wp.com\/www.jojoenherbe.com\/wp-content\/uploads\/2023\/08\/Dragon-Soul-T3.jpg?fit=576%2C1024&amp;ssl=1\" class=\"size-thumbnail wp-image-31686 alignright\" src=\"https:\/\/i0.wp.com\/www.jojoenherbe.com\/wp-content\/uploads\/2023\/08\/Dragon-Soul-T3.jpg?resize=150%2C150\" alt=\"\" width=\"150\" height=\"150\" srcset=\"https:\/\/i0.wp.com\/www.jojoenherbe.com\/wp-content\/uploads\/2023\/08\/Dragon-Soul-T3.jpg?resize=150%2C150&amp;ssl=1 150w, https:\/\/i0.wp.com\/www.jojoenherbe.com\/wp-content\/uploads\/2023\/08\/Dragon-Soul-T3.jpg?zoom=2&amp;resize=150%2C150 300w, https:\/\/i0.wp.com\/www.jojoenherbe.com\/wp-content\/uploads\/2023\/08\/Dragon-Soul-T3.jpg?zoom=3&amp;resize=150%2C150 450w\" sizes=\"auto, (max-width: 150px) 100vw, 150px\" \/><\/a>J&rsquo;ai lu, en e-book, le dernier tome de la trilogie <span style=\"text-decoration: underline;\">Dragon Soul, Cendres sangl<\/span><span style=\"text-decoration: underline;\">antes<\/span> (\u00e9d. Auto\u00e9dition, 2023, 436 pages), une romance surnaturelle qui s\u2019ancre dans l\u2019univers d\u2019<span style=\"text-decoration: underline;\">Alpha Priors<\/span> et qui reprend l\u00e0 o\u00f9 s&rsquo;\u00e9tait arr\u00eat\u00e9 le tome pr\u00e9c\u00e9dent tout en suivant cette fois les points de vue de Liora, une gargouille capable de cr\u00e9er des portails de 23 ans qui fait partie de la famille des 3 dragons mill\u00e9naires,\u00a0 Drake Godrick la consid\u00e9rant m\u00eame comme sa propre fille depuis qu&rsquo;il l&rsquo;a recueillie, orpheline, lorsqu&rsquo;elle avait 13 ans et de Wade, l&rsquo;a\u00een\u00e9 des dragons qui vit reclus dans son antre depuis qu&rsquo;il a perdu il y a 300 ans sa femme, Meyriel et encore plus depuis qu&rsquo;il a \u00e9t\u00e9 bris\u00e9 par la magie noire, quelques mois auparavant. <\/em><\/p>\n<p style=\"text-align: justify;\"><em>Rattrap\u00e9e par son pass\u00e9, Liora a-t-elle vraiment trahi sa famille d&rsquo;adoption au point de mettre en p\u00e9ril la vie du b\u00e9b\u00e9 \u00e0 na\u00eetre de Drake et Sasha? Entre sa souffrance et son devoir, Wade n&rsquo;est-il pas le seul capable de pouvoir sauver sa famille face au redoutable dragon de glace et de mettre fin \u00e0 la mal\u00e9diction de la D\u00e9esse de la Lune? J&rsquo;avoue que j&rsquo;avais des appr\u00e9hensions avant de lire ce dernier tome sur la romance entre ces deux personnages mais l&rsquo;enqu\u00eate pour d\u00e9busquer leur ennemi a pris le pas dessus. Un bon moment de lecture avec ce dernier tome, ayant appr\u00e9ci\u00e9 avant tout le personnage tortur\u00e9 de Wade et moins le dernier choix de Liora (comme c&rsquo;\u00e9tait le cas pour Hattie dans le tome 3 des <span style=\"text-decoration: underline;\">Rebelles d&rsquo;Oxford, Portrait d&rsquo;un Ecossais<\/span> d&rsquo;Evie Dunmore)! Mon tome pr\u00e9f\u00e9r\u00e9 de cette saga reste toutefois le tome 2.<br \/><\/em><\/p>\n<p><strong><span style=\"text-decoration: underline;\">Ma lecture en cours<\/span>:<\/strong><\/p>\n<ul>\n<li style=\"text-align: justify;\"><em>(Roman) <strong><span style=\"text-decoration: underline;\">Pandore<\/span><\/strong> de Susan Stokes-Chapman<\/em><\/li>\n<\/ul>\n<p style=\"text-align: justify;\"><a href=\"https:\/\/i0.wp.com\/www.jojoenherbe.com\/wp-content\/uploads\/2023\/08\/Pandore.jpg\"><img data-recalc-dims=\"1\" loading=\"lazy\" decoding=\"async\" data-attachment-id=\"31685\" data-permalink=\"https:\/\/www.jojoenherbe.com\/index.php\/2023\/08\/28\/point-lecture-hebdomadaire-2023-34\/pandore\/\" data-orig-file=\"https:\/\/i0.wp.com\/www.jojoenherbe.com\/wp-content\/uploads\/2023\/08\/Pandore.jpg?fit=750%2C1334&amp;ssl=1\" data-orig-size=\"750,1334\" data-comments-opened=\"1\" data-image-meta=\"{&quot;aperture&quot;:&quot;0&quot;,&quot;credit&quot;:&quot;&quot;,&quot;camera&quot;:&quot;&quot;,&quot;caption&quot;:&quot;&quot;,&quot;created_timestamp&quot;:&quot;0&quot;,&quot;copyright&quot;:&quot;&quot;,&quot;focal_length&quot;:&quot;0&quot;,&quot;iso&quot;:&quot;0&quot;,&quot;shutter_speed&quot;:&quot;0&quot;,&quot;title&quot;:&quot;&quot;,&quot;orientation&quot;:&quot;0&quot;}\" data-image-title=\"Pandore\" data-image-description=\"\" data-image-caption=\"\" data-large-file=\"https:\/\/i0.wp.com\/www.jojoenherbe.com\/wp-content\/uploads\/2023\/08\/Pandore.jpg?fit=576%2C1024&amp;ssl=1\" class=\"alignleft size-thumbnail wp-image-31685\" src=\"https:\/\/i0.wp.com\/www.jojoenherbe.com\/wp-content\/uploads\/2023\/08\/Pandore.jpg?resize=150%2C150\" alt=\"\" width=\"150\" height=\"150\" srcset=\"https:\/\/i0.wp.com\/www.jojoenherbe.com\/wp-content\/uploads\/2023\/08\/Pandore.jpg?resize=150%2C150&amp;ssl=1 150w, https:\/\/i0.wp.com\/www.jojoenherbe.com\/wp-content\/uploads\/2023\/08\/Pandore.jpg?zoom=2&amp;resize=150%2C150 300w, https:\/\/i0.wp.com\/www.jojoenherbe.com\/wp-content\/uploads\/2023\/08\/Pandore.jpg?zoom=3&amp;resize=150%2C150 450w\" sizes=\"auto, (max-width: 150px) 100vw, 150px\" \/><\/a><em>J&rsquo;ai lu, dimanche apr\u00e8s-midi, jusqu&rsquo;\u00e0 la troisi\u00e8me partie, chapitre 36, <a href=\"https:\/\/www.jojoenherbe.com\/index.php\/2023\/08\/31\/au-fil-des-pages-avec-pandore\/\"><span style=\"text-decoration: underline;\">Pandore<\/span><\/a> de Susan Stokes-Chapman (\u00e9d. Michel Lafon, 2022, 415 pages), un roman se d\u00e9roulant \u00e0 l&rsquo;\u00e9poque g\u00e9orgienne et pr\u00e9sent\u00e9 en quatri\u00e8me de couverture comme une r\u00e9\u00e9criture du mythe de Pandore. Pandora \u00ab Dora \u00bb Blake vit \u00e0 Londres, en 1799, avec son oncle dans une boutique d\u2019antiquit\u00e9s et qui rentre en possession, sans doute de fa\u00e7on ill\u00e9gale, d\u2019un myst\u00e9rieux et immense vase d\u2019argile antique, recouvert de sc\u00e8nes de dieux et h\u00e9ros grecs (Zeus, Prom\u00e9th\u00e9e, Ath\u00e9na, Pandore\u2026) \u2013 un pithos. <\/em><em>Un bon moment de lecture pour le moment avec ce premier roman de l&rsquo;autrice qui m\u00e9lange les genres (historique, suspense, romance&#8230;)!<\/em><\/p>\n<p style=\"text-align: justify;\"><em><img loading=\"lazy\" decoding=\"async\" data-attachment-id=\"24729\" data-permalink=\"https:\/\/www.jojoenherbe.com\/index.php\/2022\/04\/11\/point-lecture-hebdomadaire-36\/broken-love-t1\/\" data-orig-file=\"https:\/\/i0.wp.com\/www.jojoenherbe.com\/wp-content\/uploads\/2022\/04\/Broken-love-T1.jpg?fit=750%2C1334&amp;ssl=1\" data-orig-size=\"750,1334\" data-comments-opened=\"1\" data-image-meta=\"{&quot;aperture&quot;:&quot;0&quot;,&quot;credit&quot;:&quot;&quot;,&quot;camera&quot;:&quot;&quot;,&quot;caption&quot;:&quot;&quot;,&quot;created_timestamp&quot;:&quot;0&quot;,&quot;copyright&quot;:&quot;&quot;,&quot;focal_length&quot;:&quot;0&quot;,&quot;iso&quot;:&quot;0&quot;,&quot;shutter_speed&quot;:&quot;0&quot;,&quot;title&quot;:&quot;&quot;,&quot;orientation&quot;:&quot;0&quot;}\" data-image-title=\"Broken love T1\" data-image-description=\"\" data-image-caption=\"\" data-large-file=\"https:\/\/i0.wp.com\/www.jojoenherbe.com\/wp-content\/uploads\/2022\/04\/Broken-love-T1.jpg?fit=576%2C1024&amp;ssl=1\" class=\"wp-image-24729 alignright\" src=\"https:\/\/pativore.files.wordpress.com\/2023\/01\/semaine-mille-pages-2023.jpg?w=300&#038;h=532&#038;resize=91%2C161&#038;fit=300%2C532\" sizes=\"auto, (max-width: 300px) 100vw, 300px\" srcset=\"https:\/\/pativore.files.wordpress.com\/2023\/01\/semaine-mille-pages-2023.jpg?w=300&amp;h=532&amp;resize=91%2C161&amp;resize=91%2C161 300w, https:\/\/pativore.files.wordpress.com\/2023\/01\/semaine-mille-pages-2023.jpg?w=600&amp;h=1064 600w, https:\/\/pativore.files.wordpress.com\/2023\/01\/semaine-mille-pages-2023.jpg?w=85&amp;h=150 85w, https:\/\/pativore.files.wordpress.com\/2023\/01\/semaine-mille-pages-2023.jpg?w=169&amp;h=300 169w, https:\/\/pativore.files.wordpress.com\/2023\/01\/semaine-mille-pages-2023.jpg?w=577&amp;h=1024 577w\" alt=\"\" width=\"91\" height=\"161\" data-attachment-id=\"24729\" data-permalink=\"https:\/\/www.jojoenherbe.com\/index.php\/2022\/04\/11\/point-lecture-hebdomadaire-36\/broken-love-t1\/\" data-orig-file=\"https:\/\/i0.wp.com\/www.jojoenherbe.com\/wp-content\/uploads\/2022\/04\/Broken-love-T1.jpg?fit=750%2C1334&amp;ssl=1\" data-orig-size=\"750,1334\" data-comments-opened=\"1\" data-image-meta=\"{&quot;aperture&quot;:&quot;0&quot;,&quot;credit&quot;:&quot;&quot;,&quot;camera&quot;:&quot;&quot;,&quot;caption&quot;:&quot;&quot;,&quot;created_timestamp&quot;:&quot;0&quot;,&quot;copyright&quot;:&quot;&quot;,&quot;focal_length&quot;:&quot;0&quot;,&quot;iso&quot;:&quot;0&quot;,&quot;shutter_speed&quot;:&quot;0&quot;,&quot;title&quot;:&quot;&quot;,&quot;orientation&quot;:&quot;0&quot;}\" data-image-title=\"Broken love T1\" data-image-description=\"\" data-image-caption=\"\" data-medium-file=\"https:\/\/i0.wp.com\/www.jojoenherbe.com\/wp-content\/uploads\/2022\/04\/Broken-love-T1.jpg?fit=169%2C300&amp;ssl=1\" data-large-file=\"https:\/\/i0.wp.com\/www.jojoenherbe.com\/wp-content\/uploads\/2022\/04\/Broken-love-T1.jpg?fit=576%2C1024&amp;ssl=1\" data-recalc-dims=\"1\" \/>Cette semaine c\u2019est une Semaine \u00e0 mille pages organis\u00e9e par <a href=\"https:\/\/www.instagram.com\/petit_pingouin_vert\/\">Le pingouin vert<\/a> sur IG chaque mois tout au long de l\u2019ann\u00e9e 2023. Alors combien ai-je lu de pages cette semaine? 1.857 pages lues sans compter les lectures jeunesse.<\/em><\/p>\n\n\n<p><\/p>\n","protected":false},"excerpt":{"rendered":"<p>En ce d\u00e9but de semaine, voici notre point lecture hebdomadaire avec un retour sur nos lectures de la semaine derni\u00e8re (mais pas nos relectures). Nos lectures du 21 au 27 ao\u00fbt 2023: Des lectures jeunesse: (Album jeunesse) La princesse aux perles de Mary de Morgan et Yvonne Gilbert J&rsquo;ai lu La Princesse aux perles de [&hellip;]<\/p>\n","protected":false},"author":1,"featured_media":31760,"comment_status":"open","ping_status":"open","sticky":false,"template":"","format":"standard","meta":{"jetpack_post_was_ever_published":false,"_jetpack_newsletter_access":"","_jetpack_dont_email_post_to_subs":false,"_jetpack_newsletter_tier_id":0,"_jetpack_memberships_contains_paywalled_content":false,"_jetpack_memberships_contains_paid_content":false,"footnotes":""},"categories":[2140,363],"tags":[409,2087,889,3184,367,3792,2533,1642,2767,2759,2088,844,3236,3209,3557,2825,905,3034,1994,3794,3791,3793],"class_list":["post-31648","post","type-post","status-publish","format-standard","has-post-thumbnail","hentry","category-mini-blogueur","category-mini-lecteur","tag-albums-jeunesse","tag-bd-adulte","tag-contes-de-fees","tag-jocabel-c-caballero","tag-lecture-jeunesse","tag-mary-de-morgan","tag-mythologie-grecque","tag-olivier-adam","tag-point-lecture-hebdo","tag-roman-a-suspense","tag-roman-graphique","tag-romance","tag-romance-contemporaine","tag-romance-historique","tag-romance-surnaturelle","tag-romans-ado","tag-romans-adulte","tag-romans-young-adult","tag-sarah-morgan","tag-susan-stokes-chapman","tag-uchronie","tag-yvonne-gilbert","post-preview"],"jetpack_featured_media_url":"https:\/\/i0.wp.com\/www.jojoenherbe.com\/wp-content\/uploads\/2023\/09\/Point-lecture-hebdomadaire-2023-34-scaled.jpg?fit=2560%2C1760&ssl=1","jetpack_sharing_enabled":true,"jetpack_shortlink":"https:\/\/wp.me\/p9zhGx-8es","jetpack_likes_enabled":true,"jetpack-related-posts":[{"id":32882,"url":"https:\/\/www.jojoenherbe.com\/index.php\/2023\/10\/27\/au-fil-des-pages-avec-la-princesse-aux-perles\/","url_meta":{"origin":31648,"position":0},"title":"Au fil des pages avec La princesse aux perles","author":"Jojo","date":"27 octobre 2023","format":false,"excerpt":"Fin ao\u00fbt 2023, j\u2019ai lu La Princesse aux perles de Mary de Morgan et Yvonne Gilbert (\u00e9d. des \u00c9l\u00e9phants, novembre 2015, 64 pages), un conte de f\u00e9es anglais paru pour la premi\u00e8re fois en 1880 et \u00e0 partir de 9 ans. Fiorimonde est une princesse d'une grande beaut\u00e9 gr\u00e2ce \u00e0\u2026","rel":"","context":"Dans &quot;Mini lecteur&quot;","block_context":{"text":"Mini lecteur","link":"https:\/\/www.jojoenherbe.com\/index.php\/category\/mini-lecteur\/"},"img":{"alt_text":"","src":"https:\/\/i0.wp.com\/www.jojoenherbe.com\/wp-content\/uploads\/2023\/09\/La-princesse-aux-perles-scaled.jpg?fit=1200%2C968&ssl=1&resize=350%2C200","width":350,"height":200,"srcset":"https:\/\/i0.wp.com\/www.jojoenherbe.com\/wp-content\/uploads\/2023\/09\/La-princesse-aux-perles-scaled.jpg?fit=1200%2C968&ssl=1&resize=350%2C200 1x, https:\/\/i0.wp.com\/www.jojoenherbe.com\/wp-content\/uploads\/2023\/09\/La-princesse-aux-perles-scaled.jpg?fit=1200%2C968&ssl=1&resize=525%2C300 1.5x, https:\/\/i0.wp.com\/www.jojoenherbe.com\/wp-content\/uploads\/2023\/09\/La-princesse-aux-perles-scaled.jpg?fit=1200%2C968&ssl=1&resize=700%2C400 2x, https:\/\/i0.wp.com\/www.jojoenherbe.com\/wp-content\/uploads\/2023\/09\/La-princesse-aux-perles-scaled.jpg?fit=1200%2C968&ssl=1&resize=1050%2C600 3x"},"classes":[]},{"id":37057,"url":"https:\/\/www.jojoenherbe.com\/index.php\/2024\/09\/30\/point-lecture-hebdomadaire-2024-39\/","url_meta":{"origin":31648,"position":1},"title":"Point lecture hebdomadaire 2024 #39","author":"Jojo","date":"30 septembre 2024","format":false,"excerpt":"En ce d\u00e9but de semaine, voici mon point lecture hebdomadaire avec un retour sur nos lectures (mais pas nos relectures) de la semaine derni\u00e8re. Nos lectures du 23 au 29 septembre 2024: Des lectures jeunesse: Nous avons continu\u00e9 chaque soir et presque fini de lire Le jardin secret de Frances\u2026","rel":"","context":"Dans &quot;Mini blogueur&quot;","block_context":{"text":"Mini blogueur","link":"https:\/\/www.jojoenherbe.com\/index.php\/category\/mini-blogueur\/"},"img":{"alt_text":"","src":"https:\/\/i0.wp.com\/www.jojoenherbe.com\/wp-content\/uploads\/2020\/04\/Le-jardin-secret-150x150.jpg?resize=350%2C200","width":350,"height":200},"classes":[]},{"id":31501,"url":"https:\/\/www.jojoenherbe.com\/index.php\/2023\/08\/21\/point-lecture-hebdomadaire-2023-33\/","url_meta":{"origin":31648,"position":2},"title":"Point lecture hebdomadaire 2023 #33","author":"Jojo","date":"21 ao\u00fbt 2023","format":false,"excerpt":"En ce d\u00e9but de semaine, voici notre point lecture hebdomadaire avec un retour sur nos lectures de la semaine derni\u00e8re (mais pas nos relectures). Nos lectures du 14 au 20 ao\u00fbt 2023: Des lectures jeunesse: (Roman jeunesse) Vol d\u2019\u00e9t\u00e9 de Marie-Anne Abesdris Nous avons lu Vol d\u2019\u00e9t\u00e9 de Marie-Anne Abesdris\u2026","rel":"","context":"Dans &quot;Mini blogueur&quot;","block_context":{"text":"Mini blogueur","link":"https:\/\/www.jojoenherbe.com\/index.php\/category\/mini-blogueur\/"},"img":{"alt_text":"","src":"https:\/\/i0.wp.com\/www.jojoenherbe.com\/wp-content\/uploads\/2023\/08\/Vol-dete-150x150.jpg?resize=350%2C200","width":350,"height":200},"classes":[]},{"id":41936,"url":"https:\/\/www.jojoenherbe.com\/index.php\/2025\/12\/27\/point-lecture-hebdomadaire-2025-51\/","url_meta":{"origin":31648,"position":3},"title":"Point lecture hebdomadaire 2025 #51","author":"Jojo","date":"27 d\u00e9cembre 2025","format":false,"excerpt":"En cette fin de semaine, voici mon point lecture hebdomadaire avec un retour sur nos lectures (mais pas nos relectures) de la semaine derni\u00e8re au cours de laquelle nous avons continu\u00e9 nos lectures de No\u00ebl, avec deux livres de l'Avent qui nous accompagneront, chaque jour (ou soir) jusqu'\u00e0 No\u00ebl: La\u2026","rel":"","context":"Dans &quot;Mini blogueur&quot;","block_context":{"text":"Mini blogueur","link":"https:\/\/www.jojoenherbe.com\/index.php\/category\/mini-blogueur\/"},"img":{"alt_text":"","src":"https:\/\/i0.wp.com\/www.jojoenherbe.com\/wp-content\/uploads\/2025\/12\/Selection-jeunesse-2025-51-150x150.jpg?resize=350%2C200","width":350,"height":200},"classes":[]},{"id":32343,"url":"https:\/\/www.jojoenherbe.com\/index.php\/2023\/10\/02\/point-lecture-hebdomadaire-2023-39\/","url_meta":{"origin":31648,"position":4},"title":"Point lecture hebdomadaire 2023 #39","author":"Jojo","date":"2 octobre 2023","format":false,"excerpt":"En ce d\u00e9but de semaine, voici notre point lecture hebdomadaire avec un retour sur nos lectures de la semaine derni\u00e8re (mais pas nos relectures) qui rentrent presque toutes dans le cadre du Challenge Halloween 2023 qui a commenc\u00e9 depuis le 23 septembre dernier. Nos lectures du 25 septembre au 1er\u2026","rel":"","context":"Dans &quot;Mini blogueur&quot;","block_context":{"text":"Mini blogueur","link":"https:\/\/www.jojoenherbe.com\/index.php\/category\/mini-blogueur\/"},"img":{"alt_text":"","src":"https:\/\/i0.wp.com\/www.jojoenherbe.com\/wp-content\/uploads\/2023\/10\/Point-lecture-hebdomadaire-2023-39-scaled.jpg?fit=1200%2C1018&ssl=1&resize=350%2C200","width":350,"height":200,"srcset":"https:\/\/i0.wp.com\/www.jojoenherbe.com\/wp-content\/uploads\/2023\/10\/Point-lecture-hebdomadaire-2023-39-scaled.jpg?fit=1200%2C1018&ssl=1&resize=350%2C200 1x, https:\/\/i0.wp.com\/www.jojoenherbe.com\/wp-content\/uploads\/2023\/10\/Point-lecture-hebdomadaire-2023-39-scaled.jpg?fit=1200%2C1018&ssl=1&resize=525%2C300 1.5x, https:\/\/i0.wp.com\/www.jojoenherbe.com\/wp-content\/uploads\/2023\/10\/Point-lecture-hebdomadaire-2023-39-scaled.jpg?fit=1200%2C1018&ssl=1&resize=700%2C400 2x, https:\/\/i0.wp.com\/www.jojoenherbe.com\/wp-content\/uploads\/2023\/10\/Point-lecture-hebdomadaire-2023-39-scaled.jpg?fit=1200%2C1018&ssl=1&resize=1050%2C600 3x"},"classes":[]},{"id":25915,"url":"https:\/\/www.jojoenherbe.com\/index.php\/2022\/06\/20\/point-lecture-hebdomadaire-46\/","url_meta":{"origin":31648,"position":5},"title":"Point lecture hebdomadaire #46","author":"Jojo","date":"20 juin 2022","format":false,"excerpt":"En ce d\u00e9but de semaine, voici notre point lecture hebdomadaire avec un retour sur nos lectures de la semaine derni\u00e8re (mais pas nos relectures) et ma lecture en cours. j'ai surtout pioch\u00e9 dans ma PAL anglo-saxonne puisqu'en juin, c'est le Mois Anglais 2022 coorganis\u00e9e par Lou et Titine. Nos lectures\u2026","rel":"","context":"Dans &quot;Mini blogueur&quot;","block_context":{"text":"Mini blogueur","link":"https:\/\/www.jojoenherbe.com\/index.php\/category\/mini-blogueur\/"},"img":{"alt_text":"","src":"https:\/\/i0.wp.com\/www.jojoenherbe.com\/wp-content\/uploads\/2022\/07\/Point-lecture-hebdo-46-scaled.jpg?fit=1200%2C795&ssl=1&resize=350%2C200","width":350,"height":200,"srcset":"https:\/\/i0.wp.com\/www.jojoenherbe.com\/wp-content\/uploads\/2022\/07\/Point-lecture-hebdo-46-scaled.jpg?fit=1200%2C795&ssl=1&resize=350%2C200 1x, https:\/\/i0.wp.com\/www.jojoenherbe.com\/wp-content\/uploads\/2022\/07\/Point-lecture-hebdo-46-scaled.jpg?fit=1200%2C795&ssl=1&resize=525%2C300 1.5x, https:\/\/i0.wp.com\/www.jojoenherbe.com\/wp-content\/uploads\/2022\/07\/Point-lecture-hebdo-46-scaled.jpg?fit=1200%2C795&ssl=1&resize=700%2C400 2x, https:\/\/i0.wp.com\/www.jojoenherbe.com\/wp-content\/uploads\/2022\/07\/Point-lecture-hebdo-46-scaled.jpg?fit=1200%2C795&ssl=1&resize=1050%2C600 3x"},"classes":[]}],"_links":{"self":[{"href":"https:\/\/www.jojoenherbe.com\/index.php\/wp-json\/wp\/v2\/posts\/31648","targetHints":{"allow":["GET"]}}],"collection":[{"href":"https:\/\/www.jojoenherbe.com\/index.php\/wp-json\/wp\/v2\/posts"}],"about":[{"href":"https:\/\/www.jojoenherbe.com\/index.php\/wp-json\/wp\/v2\/types\/post"}],"author":[{"embeddable":true,"href":"https:\/\/www.jojoenherbe.com\/index.php\/wp-json\/wp\/v2\/users\/1"}],"replies":[{"embeddable":true,"href":"https:\/\/www.jojoenherbe.com\/index.php\/wp-json\/wp\/v2\/comments?post=31648"}],"version-history":[{"count":38,"href":"https:\/\/www.jojoenherbe.com\/index.php\/wp-json\/wp\/v2\/posts\/31648\/revisions"}],"predecessor-version":[{"id":31810,"href":"https:\/\/www.jojoenherbe.com\/index.php\/wp-json\/wp\/v2\/posts\/31648\/revisions\/31810"}],"wp:featuredmedia":[{"embeddable":true,"href":"https:\/\/www.jojoenherbe.com\/index.php\/wp-json\/wp\/v2\/media\/31760"}],"wp:attachment":[{"href":"https:\/\/www.jojoenherbe.com\/index.php\/wp-json\/wp\/v2\/media?parent=31648"}],"wp:term":[{"taxonomy":"category","embeddable":true,"href":"https:\/\/www.jojoenherbe.com\/index.php\/wp-json\/wp\/v2\/categories?post=31648"},{"taxonomy":"post_tag","embeddable":true,"href":"https:\/\/www.jojoenherbe.com\/index.php\/wp-json\/wp\/v2\/tags?post=31648"}],"curies":[{"name":"wp","href":"https:\/\/api.w.org\/{rel}","templated":true}]}}