{"id":31618,"date":"2023-08-20T10:57:04","date_gmt":"2023-08-20T08:57:04","guid":{"rendered":"http:\/\/www.jojoenherbe.com\/?p=31618"},"modified":"2023-08-21T08:53:34","modified_gmt":"2023-08-21T06:53:34","slug":"au-fil-des-pages-avec-vol-dete","status":"publish","type":"post","link":"https:\/\/www.jojoenherbe.com\/index.php\/2023\/08\/20\/au-fil-des-pages-avec-vol-dete\/","title":{"rendered":"Au fil des pages avec Vol d&rsquo;\u00e9t\u00e9"},"content":{"rendered":"<p style=\"text-align: justify;\"><em><a href=\"https:\/\/i0.wp.com\/www.jojoenherbe.com\/wp-content\/uploads\/2023\/08\/Vol-dete-2-scaled.jpg\"><img data-recalc-dims=\"1\" loading=\"lazy\" decoding=\"async\" data-attachment-id=\"31621\" data-permalink=\"https:\/\/www.jojoenherbe.com\/index.php\/2023\/08\/20\/au-fil-des-pages-avec-vol-dete\/vol-dete-2\/\" data-orig-file=\"https:\/\/i0.wp.com\/www.jojoenherbe.com\/wp-content\/uploads\/2023\/08\/Vol-dete-2-scaled.jpg?fit=2560%2C1825&amp;ssl=1\" data-orig-size=\"2560,1825\" data-comments-opened=\"1\" data-image-meta=\"{&quot;aperture&quot;:&quot;1.8&quot;,&quot;credit&quot;:&quot;&quot;,&quot;camera&quot;:&quot;iPhone 7&quot;,&quot;caption&quot;:&quot;&quot;,&quot;created_timestamp&quot;:&quot;1692528450&quot;,&quot;copyright&quot;:&quot;&quot;,&quot;focal_length&quot;:&quot;3.99&quot;,&quot;iso&quot;:&quot;80&quot;,&quot;shutter_speed&quot;:&quot;0.14285714285714&quot;,&quot;title&quot;:&quot;&quot;,&quot;orientation&quot;:&quot;1&quot;}\" data-image-title=\"Vol d&amp;rsquo;\u00e9t\u00e9 2\" data-image-description=\"\" data-image-caption=\"\" data-large-file=\"https:\/\/i0.wp.com\/www.jojoenherbe.com\/wp-content\/uploads\/2023\/08\/Vol-dete-2-scaled.jpg?fit=676%2C482&amp;ssl=1\" class=\"alignleft size-thumbnail wp-image-31621\" src=\"https:\/\/i0.wp.com\/www.jojoenherbe.com\/wp-content\/uploads\/2023\/08\/Vol-dete-2.jpg?resize=150%2C150\" alt=\"\" width=\"150\" height=\"150\" srcset=\"https:\/\/i0.wp.com\/www.jojoenherbe.com\/wp-content\/uploads\/2023\/08\/Vol-dete-2-scaled.jpg?resize=150%2C150&amp;ssl=1 150w, https:\/\/i0.wp.com\/www.jojoenherbe.com\/wp-content\/uploads\/2023\/08\/Vol-dete-2-scaled.jpg?zoom=2&amp;resize=150%2C150 300w, https:\/\/i0.wp.com\/www.jojoenherbe.com\/wp-content\/uploads\/2023\/08\/Vol-dete-2-scaled.jpg?zoom=3&amp;resize=150%2C150 450w\" sizes=\"auto, (max-width: 150px) 100vw, 150px\" \/><\/a> <a href=\"https:\/\/i0.wp.com\/www.jojoenherbe.com\/wp-content\/uploads\/2023\/08\/Vol-dete-3-scaled.jpg\"><img data-recalc-dims=\"1\" loading=\"lazy\" decoding=\"async\" data-attachment-id=\"31622\" data-permalink=\"https:\/\/www.jojoenherbe.com\/index.php\/2023\/08\/20\/au-fil-des-pages-avec-vol-dete\/vol-dete-3\/\" data-orig-file=\"https:\/\/i0.wp.com\/www.jojoenherbe.com\/wp-content\/uploads\/2023\/08\/Vol-dete-3-scaled.jpg?fit=2560%2C1872&amp;ssl=1\" data-orig-size=\"2560,1872\" data-comments-opened=\"1\" data-image-meta=\"{&quot;aperture&quot;:&quot;1.8&quot;,&quot;credit&quot;:&quot;&quot;,&quot;camera&quot;:&quot;iPhone 7&quot;,&quot;caption&quot;:&quot;&quot;,&quot;created_timestamp&quot;:&quot;1692528468&quot;,&quot;copyright&quot;:&quot;&quot;,&quot;focal_length&quot;:&quot;3.99&quot;,&quot;iso&quot;:&quot;80&quot;,&quot;shutter_speed&quot;:&quot;0.125&quot;,&quot;title&quot;:&quot;&quot;,&quot;orientation&quot;:&quot;1&quot;}\" data-image-title=\"Vol d&amp;rsquo;\u00e9t\u00e9 3\" data-image-description=\"\" data-image-caption=\"\" data-large-file=\"https:\/\/i0.wp.com\/www.jojoenherbe.com\/wp-content\/uploads\/2023\/08\/Vol-dete-3-scaled.jpg?fit=676%2C494&amp;ssl=1\" class=\"alignleft size-thumbnail wp-image-31622\" src=\"https:\/\/i0.wp.com\/www.jojoenherbe.com\/wp-content\/uploads\/2023\/08\/Vol-dete-3.jpg?resize=150%2C150\" alt=\"\" width=\"150\" height=\"150\" srcset=\"https:\/\/i0.wp.com\/www.jojoenherbe.com\/wp-content\/uploads\/2023\/08\/Vol-dete-3-scaled.jpg?resize=150%2C150&amp;ssl=1 150w, https:\/\/i0.wp.com\/www.jojoenherbe.com\/wp-content\/uploads\/2023\/08\/Vol-dete-3-scaled.jpg?zoom=2&amp;resize=150%2C150 300w, https:\/\/i0.wp.com\/www.jojoenherbe.com\/wp-content\/uploads\/2023\/08\/Vol-dete-3-scaled.jpg?zoom=3&amp;resize=150%2C150 450w\" sizes=\"auto, (max-width: 150px) 100vw, 150px\" \/><\/a> Nous avons lu <span style=\"text-decoration: underline;\">Vol d&rsquo;\u00e9t\u00e9<\/span> de Marie-Anne Abesdris (\u00e9d. L&rsquo;\u00e9cole des loisirs, coll. Moucheron, 2020, 40 pages), un roman jeunesse \u00ab\u00a0premi\u00e8res lectures\u00a0\u00bb pour les 6\/8 ans. C&rsquo;est le dernier jour d&rsquo;\u00e9cole avant le d\u00e9part en vacances \u00e0 la campagne. Un long trajet en voiture attend le narrateur, un jeune gar\u00e7on citadin qui, le temps du trajet, se rem\u00e9more l&rsquo;ann\u00e9e scolaire \u00e9coul\u00e9e. Que l&rsquo;attend-il \u00e0 la fin du trajet? Est-ce le d\u00e9but d&rsquo;un \u00e9t\u00e9 joyeux?<\/em><\/p>\n<p style=\"text-align: justify;\"><em><a href=\"https:\/\/i0.wp.com\/www.jojoenherbe.com\/wp-content\/uploads\/2023\/08\/Vol-dete-5-scaled.jpg\"><img data-recalc-dims=\"1\" loading=\"lazy\" decoding=\"async\" data-attachment-id=\"31624\" data-permalink=\"https:\/\/www.jojoenherbe.com\/index.php\/2023\/08\/20\/au-fil-des-pages-avec-vol-dete\/vol-dete-5\/\" data-orig-file=\"https:\/\/i0.wp.com\/www.jojoenherbe.com\/wp-content\/uploads\/2023\/08\/Vol-dete-5-scaled.jpg?fit=2560%2C1654&amp;ssl=1\" data-orig-size=\"2560,1654\" data-comments-opened=\"1\" data-image-meta=\"{&quot;aperture&quot;:&quot;1.8&quot;,&quot;credit&quot;:&quot;&quot;,&quot;camera&quot;:&quot;iPhone 7&quot;,&quot;caption&quot;:&quot;&quot;,&quot;created_timestamp&quot;:&quot;1692528497&quot;,&quot;copyright&quot;:&quot;&quot;,&quot;focal_length&quot;:&quot;3.99&quot;,&quot;iso&quot;:&quot;100&quot;,&quot;shutter_speed&quot;:&quot;0.11111111111111&quot;,&quot;title&quot;:&quot;&quot;,&quot;orientation&quot;:&quot;1&quot;}\" data-image-title=\"Vol d&amp;rsquo;\u00e9t\u00e9 5\" data-image-description=\"\" data-image-caption=\"\" data-large-file=\"https:\/\/i0.wp.com\/www.jojoenherbe.com\/wp-content\/uploads\/2023\/08\/Vol-dete-5-scaled.jpg?fit=676%2C437&amp;ssl=1\" class=\"size-thumbnail wp-image-31624 alignright\" src=\"https:\/\/i0.wp.com\/www.jojoenherbe.com\/wp-content\/uploads\/2023\/08\/Vol-dete-5.jpg?resize=150%2C150\" alt=\"\" width=\"150\" height=\"150\" srcset=\"https:\/\/i0.wp.com\/www.jojoenherbe.com\/wp-content\/uploads\/2023\/08\/Vol-dete-5-scaled.jpg?resize=150%2C150&amp;ssl=1 150w, https:\/\/i0.wp.com\/www.jojoenherbe.com\/wp-content\/uploads\/2023\/08\/Vol-dete-5-scaled.jpg?zoom=2&amp;resize=150%2C150 300w, https:\/\/i0.wp.com\/www.jojoenherbe.com\/wp-content\/uploads\/2023\/08\/Vol-dete-5-scaled.jpg?zoom=3&amp;resize=150%2C150 450w\" sizes=\"auto, (max-width: 150px) 100vw, 150px\" \/><\/a> <a href=\"https:\/\/i0.wp.com\/www.jojoenherbe.com\/wp-content\/uploads\/2023\/08\/Vol-dete-4-scaled.jpg\"><img data-recalc-dims=\"1\" loading=\"lazy\" decoding=\"async\" data-attachment-id=\"31623\" data-permalink=\"https:\/\/www.jojoenherbe.com\/index.php\/2023\/08\/20\/au-fil-des-pages-avec-vol-dete\/vol-dete-4\/\" data-orig-file=\"https:\/\/i0.wp.com\/www.jojoenherbe.com\/wp-content\/uploads\/2023\/08\/Vol-dete-4-scaled.jpg?fit=2560%2C1561&amp;ssl=1\" data-orig-size=\"2560,1561\" data-comments-opened=\"1\" data-image-meta=\"{&quot;aperture&quot;:&quot;1.8&quot;,&quot;credit&quot;:&quot;&quot;,&quot;camera&quot;:&quot;iPhone 7&quot;,&quot;caption&quot;:&quot;&quot;,&quot;created_timestamp&quot;:&quot;1692528485&quot;,&quot;copyright&quot;:&quot;&quot;,&quot;focal_length&quot;:&quot;3.99&quot;,&quot;iso&quot;:&quot;100&quot;,&quot;shutter_speed&quot;:&quot;0.11111111111111&quot;,&quot;title&quot;:&quot;&quot;,&quot;orientation&quot;:&quot;1&quot;}\" data-image-title=\"Vol d&amp;rsquo;\u00e9t\u00e9 4\" data-image-description=\"\" data-image-caption=\"\" data-large-file=\"https:\/\/i0.wp.com\/www.jojoenherbe.com\/wp-content\/uploads\/2023\/08\/Vol-dete-4-scaled.jpg?fit=676%2C412&amp;ssl=1\" class=\"size-thumbnail wp-image-31623 alignright\" src=\"https:\/\/i0.wp.com\/www.jojoenherbe.com\/wp-content\/uploads\/2023\/08\/Vol-dete-4.jpg?resize=150%2C150\" alt=\"\" width=\"150\" height=\"150\" srcset=\"https:\/\/i0.wp.com\/www.jojoenherbe.com\/wp-content\/uploads\/2023\/08\/Vol-dete-4-scaled.jpg?resize=150%2C150&amp;ssl=1 150w, https:\/\/i0.wp.com\/www.jojoenherbe.com\/wp-content\/uploads\/2023\/08\/Vol-dete-4-scaled.jpg?zoom=2&amp;resize=150%2C150 300w, https:\/\/i0.wp.com\/www.jojoenherbe.com\/wp-content\/uploads\/2023\/08\/Vol-dete-4-scaled.jpg?zoom=3&amp;resize=150%2C150 450w\" sizes=\"auto, (max-width: 150px) 100vw, 150px\" \/><\/a>Le texte \u00e9pur\u00e9 est facile \u00e0 lire pour un jeune lecteur (ce qui permet, \u00e0 mon avis, le passage entre les livres tels que la collection <span style=\"text-decoration: underline;\">Sami &amp; Julie<\/span> et les romans jeunesse cadet ou junior). Les illustrations en noir et blanc avec une touche de jaune et de bleu accompagnent \u00e0 merveille les \u00e9tats d&rsquo;\u00e2mes et \u00e9motions du petit gar\u00e7on, les paysages d\u00e9filant \u00e0 bord de la voiture jaune (ville, autoroute et campagne) et un vol d&rsquo;oiseaux bleus donnant vie \u00e0 ses r\u00eaveries et observations comme par exemple lorsqu&rsquo;il compte les voitures et que les oiseaux forment le r\u00e9sultat. Un bon voire tr\u00e8s bon moment de lecture tout en douceur et en nostalgie avec ce roman jeunesse!<\/em><\/p>\n","protected":false},"excerpt":{"rendered":"<p>Nous avons lu Vol d&rsquo;\u00e9t\u00e9 de Marie-Anne Abesdris (\u00e9d. L&rsquo;\u00e9cole des loisirs, coll. Moucheron, 2020, 40 pages), un roman jeunesse \u00ab\u00a0premi\u00e8res lectures\u00a0\u00bb pour les 6\/8 ans. C&rsquo;est le dernier jour d&rsquo;\u00e9cole avant le d\u00e9part en vacances \u00e0 la campagne. Un long trajet en voiture attend le narrateur, un jeune gar\u00e7on citadin qui, le temps du [&hellip;]<\/p>\n","protected":false},"author":1,"featured_media":31625,"comment_status":"open","ping_status":"open","sticky":false,"template":"","format":"standard","meta":{"jetpack_post_was_ever_published":false,"_jetpack_newsletter_access":"","_jetpack_dont_email_post_to_subs":false,"_jetpack_newsletter_tier_id":0,"_jetpack_memberships_contains_paywalled_content":false,"_jetpack_memberships_contains_paid_content":false,"footnotes":""},"categories":[363],"tags":[788,753,576,868,611,703,367,1020,3786,3259,393,2945,789,697,351,1186],"class_list":["post-31618","post","type-post","status-publish","format-standard","has-post-thumbnail","hentry","category-mini-lecteur","tag-6-9-ans","tag-campagne","tag-emotions","tag-enfance","tag-ete","tag-garcon","tag-lecture-jeunesse","tag-lectures-dete","tag-marie-anne-abesdris","tag-nostalgie","tag-oiseau","tag-premieres-lectures","tag-romans-jeunesse","tag-vacances","tag-voiture","tag-voyage","post-preview"],"jetpack_featured_media_url":"https:\/\/i0.wp.com\/www.jojoenherbe.com\/wp-content\/uploads\/2023\/08\/Vol-dete-scaled.jpg?fit=2560%2C2127&ssl=1","jetpack_sharing_enabled":true,"jetpack_shortlink":"https:\/\/wp.me\/p9zhGx-8dY","jetpack_likes_enabled":true,"jetpack-related-posts":[{"id":31501,"url":"https:\/\/www.jojoenherbe.com\/index.php\/2023\/08\/21\/point-lecture-hebdomadaire-2023-33\/","url_meta":{"origin":31618,"position":0},"title":"Point lecture hebdomadaire 2023 #33","author":"Jojo","date":"21 ao\u00fbt 2023","format":false,"excerpt":"En ce d\u00e9but de semaine, voici notre point lecture hebdomadaire avec un retour sur nos lectures de la semaine derni\u00e8re (mais pas nos relectures). Nos lectures du 14 au 20 ao\u00fbt 2023: Des lectures jeunesse: (Roman jeunesse) Vol d\u2019\u00e9t\u00e9 de Marie-Anne Abesdris Nous avons lu Vol d\u2019\u00e9t\u00e9 de Marie-Anne Abesdris\u2026","rel":"","context":"Dans &quot;Mini blogueur&quot;","block_context":{"text":"Mini blogueur","link":"https:\/\/www.jojoenherbe.com\/index.php\/category\/mini-blogueur\/"},"img":{"alt_text":"","src":"https:\/\/i0.wp.com\/www.jojoenherbe.com\/wp-content\/uploads\/2023\/08\/Vol-dete-150x150.jpg?resize=350%2C200","width":350,"height":200},"classes":[]},{"id":11390,"url":"https:\/\/www.jojoenherbe.com\/index.php\/2020\/07\/02\/au-fil-des-pages-avec-bulle-dete\/","url_meta":{"origin":31618,"position":1},"title":"Au fil des pages avec Bulle d&rsquo;\u00e9t\u00e9","author":"Jojo","date":"2 juillet 2020","format":false,"excerpt":"Nous empruntons \u00e0 la m\u00e9diath\u00e8que Bulle d'\u00e9t\u00e9 de Florian Pig\u00e9 (\u00e9d. HongFei, 2019), un album jeunesse \u00e0 partir de 7 ans selon l'\u00e9diteur voire m\u00eame avant. Un jeune gar\u00e7on passe les vacances d'\u00e9t\u00e9 seul, se cr\u00e9ant sa propre bulle d'\u00e9t\u00e9 - ce temps suspendu dans les r\u00eaveries, le dessin, le\u2026","rel":"","context":"Dans &quot;Mini lecteur&quot;","block_context":{"text":"Mini lecteur","link":"https:\/\/www.jojoenherbe.com\/index.php\/category\/mini-lecteur\/"},"img":{"alt_text":"","src":"https:\/\/i0.wp.com\/www.jojoenherbe.com\/wp-content\/uploads\/2020\/07\/Bulle-d%C3%A9t%C3%A9-scaled.jpg?fit=1200%2C951&ssl=1&resize=350%2C200","width":350,"height":200,"srcset":"https:\/\/i0.wp.com\/www.jojoenherbe.com\/wp-content\/uploads\/2020\/07\/Bulle-d%C3%A9t%C3%A9-scaled.jpg?fit=1200%2C951&ssl=1&resize=350%2C200 1x, https:\/\/i0.wp.com\/www.jojoenherbe.com\/wp-content\/uploads\/2020\/07\/Bulle-d%C3%A9t%C3%A9-scaled.jpg?fit=1200%2C951&ssl=1&resize=525%2C300 1.5x, https:\/\/i0.wp.com\/www.jojoenherbe.com\/wp-content\/uploads\/2020\/07\/Bulle-d%C3%A9t%C3%A9-scaled.jpg?fit=1200%2C951&ssl=1&resize=700%2C400 2x, https:\/\/i0.wp.com\/www.jojoenherbe.com\/wp-content\/uploads\/2020\/07\/Bulle-d%C3%A9t%C3%A9-scaled.jpg?fit=1200%2C951&ssl=1&resize=1050%2C600 3x"},"classes":[]},{"id":19352,"url":"https:\/\/www.jojoenherbe.com\/index.php\/2021\/06\/24\/nos-lectures-estivales-2021\/","url_meta":{"origin":31618,"position":2},"title":"Nos lectures estivales 2021","author":"Jojo","date":"24 juin 2021","format":false,"excerpt":"En ce 21 juin 2021 qui dit F\u00eate de la Musique et aussi \u00c9t\u00e9, nous remettons en avant de nos biblioth\u00e8ques les lectures estivales. Il y a bien s\u00fbr des histoires d\u00e9j\u00e0 les ann\u00e9es pr\u00e9c\u00e9dentes, d'autres que nous avons d\u00e9couvertes \u00e0 la m\u00e9diath\u00e8que avant qu'elles rejoignent ou non nos biblioth\u00e8ques\u2026","rel":"","context":"Dans &quot;Mini lecteur&quot;","block_context":{"text":"Mini lecteur","link":"https:\/\/www.jojoenherbe.com\/index.php\/category\/mini-lecteur\/"},"img":{"alt_text":"","src":"https:\/\/i0.wp.com\/www.jojoenherbe.com\/wp-content\/uploads\/2021\/06\/lectures-Ete-scaled.jpg?fit=1200%2C854&ssl=1&resize=350%2C200","width":350,"height":200,"srcset":"https:\/\/i0.wp.com\/www.jojoenherbe.com\/wp-content\/uploads\/2021\/06\/lectures-Ete-scaled.jpg?fit=1200%2C854&ssl=1&resize=350%2C200 1x, https:\/\/i0.wp.com\/www.jojoenherbe.com\/wp-content\/uploads\/2021\/06\/lectures-Ete-scaled.jpg?fit=1200%2C854&ssl=1&resize=525%2C300 1.5x, https:\/\/i0.wp.com\/www.jojoenherbe.com\/wp-content\/uploads\/2021\/06\/lectures-Ete-scaled.jpg?fit=1200%2C854&ssl=1&resize=700%2C400 2x, https:\/\/i0.wp.com\/www.jojoenherbe.com\/wp-content\/uploads\/2021\/06\/lectures-Ete-scaled.jpg?fit=1200%2C854&ssl=1&resize=1050%2C600 3x"},"classes":[]},{"id":27180,"url":"https:\/\/www.jojoenherbe.com\/index.php\/2022\/08\/19\/au-fil-des-pages-avec-les-mures\/","url_meta":{"origin":31618,"position":3},"title":"Au fil des pages avec Les m\u00fbres","author":"Jojo","date":"19 ao\u00fbt 2022","format":false,"excerpt":"Apr\u00e8s avoir lu Le bateau de fortune d\u2019Olivier de Solminihac et St\u00e9phane Poulin (\u00e9d. Sarbacane, 2015), nous avons lu sa suite, Les m\u00fbres (\u00e9d. Sarbacane, 2017), un album jeunesse \u00e0 partir de 5 ans. Nous retrouvons les personnages de l\u2019album jeunesse pr\u00e9c\u00e9dent - un renardeau-narrateur, l'ours Michao et la ch\u00e8vre\u2026","rel":"","context":"Dans &quot;Mini lecteur&quot;","block_context":{"text":"Mini lecteur","link":"https:\/\/www.jojoenherbe.com\/index.php\/category\/mini-lecteur\/"},"img":{"alt_text":"","src":"https:\/\/i0.wp.com\/www.jojoenherbe.com\/wp-content\/uploads\/2022\/08\/Les-mures-2-scaled.jpg?fit=832%2C1200&ssl=1&resize=350%2C200","width":350,"height":200,"srcset":"https:\/\/i0.wp.com\/www.jojoenherbe.com\/wp-content\/uploads\/2022\/08\/Les-mures-2-scaled.jpg?fit=832%2C1200&ssl=1&resize=350%2C200 1x, https:\/\/i0.wp.com\/www.jojoenherbe.com\/wp-content\/uploads\/2022\/08\/Les-mures-2-scaled.jpg?fit=832%2C1200&ssl=1&resize=525%2C300 1.5x, https:\/\/i0.wp.com\/www.jojoenherbe.com\/wp-content\/uploads\/2022\/08\/Les-mures-2-scaled.jpg?fit=832%2C1200&ssl=1&resize=700%2C400 2x"},"classes":[]},{"id":20220,"url":"https:\/\/www.jojoenherbe.com\/index.php\/2021\/08\/12\/au-fil-des-pages-avec-pluie-dete\/","url_meta":{"origin":31618,"position":4},"title":"Au fil des pages avec Pluie d&rsquo;\u00e9t\u00e9","author":"Jojo","date":"12 ao\u00fbt 2021","format":false,"excerpt":"Nous relisons, en cette nouvelle journ\u00e9e caniculaire, Pluie d'\u00e9t\u00e9 de Beno\u00eet Vi\u00e9rin (\u00e9d. du P\u00e9pin, 2003), un album jeunesse \u00e0 partir de 3 ans que j'avais emprunt\u00e9 \u00e0 la m\u00e9diath\u00e8que apr\u00e8s avoir \u00e9t\u00e9 attir\u00e9e par l'illustration de couverture. A peine l'\u00e9cole termin\u00e9e, deux amis, Nelle une oie et Rosario un\u2026","rel":"","context":"Dans &quot;Mini lecteur&quot;","block_context":{"text":"Mini lecteur","link":"https:\/\/www.jojoenherbe.com\/index.php\/category\/mini-lecteur\/"},"img":{"alt_text":"","src":"https:\/\/i0.wp.com\/www.jojoenherbe.com\/wp-content\/uploads\/2021\/08\/Pluie-dete-scaled.jpg?fit=1200%2C857&ssl=1&resize=350%2C200","width":350,"height":200,"srcset":"https:\/\/i0.wp.com\/www.jojoenherbe.com\/wp-content\/uploads\/2021\/08\/Pluie-dete-scaled.jpg?fit=1200%2C857&ssl=1&resize=350%2C200 1x, https:\/\/i0.wp.com\/www.jojoenherbe.com\/wp-content\/uploads\/2021\/08\/Pluie-dete-scaled.jpg?fit=1200%2C857&ssl=1&resize=525%2C300 1.5x, https:\/\/i0.wp.com\/www.jojoenherbe.com\/wp-content\/uploads\/2021\/08\/Pluie-dete-scaled.jpg?fit=1200%2C857&ssl=1&resize=700%2C400 2x, https:\/\/i0.wp.com\/www.jojoenherbe.com\/wp-content\/uploads\/2021\/08\/Pluie-dete-scaled.jpg?fit=1200%2C857&ssl=1&resize=1050%2C600 3x"},"classes":[]},{"id":32698,"url":"https:\/\/www.jojoenherbe.com\/index.php\/2023\/10\/18\/au-fil-des-pages-avec-le-tome-4-de-mortina\/","url_meta":{"origin":31618,"position":5},"title":"Au fil des pages avec le tome 4 de Mortina","author":"Jojo","date":"18 octobre 2023","format":false,"excerpt":"J'ai lu le tome 4 de Mortina, Les Vacances au lac Myst\u00e8re de Barbara Cantini (\u00e9d. Albin Michel Jeunesse, octobre 2020, 50 pages), un un roman jeunesse illustr\u00e9 (premi\u00e8res lectures) \u00e0 partir de 6 ans. Mortina et sa famille de la villa D\u00e9cadente sont invit\u00e9es en vacances pour le solstice\u2026","rel":"","context":"Dans &quot;Mini lecteur&quot;","block_context":{"text":"Mini lecteur","link":"https:\/\/www.jojoenherbe.com\/index.php\/category\/mini-lecteur\/"},"img":{"alt_text":"","src":"https:\/\/i0.wp.com\/www.jojoenherbe.com\/wp-content\/uploads\/2023\/10\/Mortina-T4-scaled.jpg?fit=1200%2C968&ssl=1&resize=350%2C200","width":350,"height":200,"srcset":"https:\/\/i0.wp.com\/www.jojoenherbe.com\/wp-content\/uploads\/2023\/10\/Mortina-T4-scaled.jpg?fit=1200%2C968&ssl=1&resize=350%2C200 1x, https:\/\/i0.wp.com\/www.jojoenherbe.com\/wp-content\/uploads\/2023\/10\/Mortina-T4-scaled.jpg?fit=1200%2C968&ssl=1&resize=525%2C300 1.5x, https:\/\/i0.wp.com\/www.jojoenherbe.com\/wp-content\/uploads\/2023\/10\/Mortina-T4-scaled.jpg?fit=1200%2C968&ssl=1&resize=700%2C400 2x, https:\/\/i0.wp.com\/www.jojoenherbe.com\/wp-content\/uploads\/2023\/10\/Mortina-T4-scaled.jpg?fit=1200%2C968&ssl=1&resize=1050%2C600 3x"},"classes":[]}],"_links":{"self":[{"href":"https:\/\/www.jojoenherbe.com\/index.php\/wp-json\/wp\/v2\/posts\/31618","targetHints":{"allow":["GET"]}}],"collection":[{"href":"https:\/\/www.jojoenherbe.com\/index.php\/wp-json\/wp\/v2\/posts"}],"about":[{"href":"https:\/\/www.jojoenherbe.com\/index.php\/wp-json\/wp\/v2\/types\/post"}],"author":[{"embeddable":true,"href":"https:\/\/www.jojoenherbe.com\/index.php\/wp-json\/wp\/v2\/users\/1"}],"replies":[{"embeddable":true,"href":"https:\/\/www.jojoenherbe.com\/index.php\/wp-json\/wp\/v2\/comments?post=31618"}],"version-history":[{"count":8,"href":"https:\/\/www.jojoenherbe.com\/index.php\/wp-json\/wp\/v2\/posts\/31618\/revisions"}],"predecessor-version":[{"id":31631,"href":"https:\/\/www.jojoenherbe.com\/index.php\/wp-json\/wp\/v2\/posts\/31618\/revisions\/31631"}],"wp:featuredmedia":[{"embeddable":true,"href":"https:\/\/www.jojoenherbe.com\/index.php\/wp-json\/wp\/v2\/media\/31625"}],"wp:attachment":[{"href":"https:\/\/www.jojoenherbe.com\/index.php\/wp-json\/wp\/v2\/media?parent=31618"}],"wp:term":[{"taxonomy":"category","embeddable":true,"href":"https:\/\/www.jojoenherbe.com\/index.php\/wp-json\/wp\/v2\/categories?post=31618"},{"taxonomy":"post_tag","embeddable":true,"href":"https:\/\/www.jojoenherbe.com\/index.php\/wp-json\/wp\/v2\/tags?post=31618"}],"curies":[{"name":"wp","href":"https:\/\/api.w.org\/{rel}","templated":true}]}}