{"id":31256,"date":"2023-06-16T13:02:21","date_gmt":"2023-06-16T11:02:21","guid":{"rendered":"https:\/\/www.jojoenherbe.com\/?p=31256"},"modified":"2023-12-31T13:13:07","modified_gmt":"2023-12-31T12:13:07","slug":"au-fil-des-pages-avec-le-temps-des-cerises","status":"publish","type":"post","link":"https:\/\/www.jojoenherbe.com\/index.php\/2023\/06\/16\/au-fil-des-pages-avec-le-temps-des-cerises\/","title":{"rendered":"Au fil des pages avec Le temps des cerises"},"content":{"rendered":"<p style=\"text-align: justify;\"><em><a href=\"https:\/\/i0.wp.com\/www.jojoenherbe.com\/wp-content\/uploads\/2023\/06\/Le-temps-des-cerises-2-scaled.jpg\"><img data-recalc-dims=\"1\" loading=\"lazy\" decoding=\"async\" data-attachment-id=\"31258\" data-permalink=\"https:\/\/www.jojoenherbe.com\/index.php\/2023\/06\/19\/point-lecture-hebdomadaire-2023-24\/le-temps-des-cerises-2\/\" data-orig-file=\"https:\/\/i0.wp.com\/www.jojoenherbe.com\/wp-content\/uploads\/2023\/06\/Le-temps-des-cerises-2-scaled.jpg?fit=2560%2C1686&amp;ssl=1\" data-orig-size=\"2560,1686\" data-comments-opened=\"1\" data-image-meta=\"{&quot;aperture&quot;:&quot;1.8&quot;,&quot;credit&quot;:&quot;&quot;,&quot;camera&quot;:&quot;iPhone 7&quot;,&quot;caption&quot;:&quot;&quot;,&quot;created_timestamp&quot;:&quot;1688128319&quot;,&quot;copyright&quot;:&quot;&quot;,&quot;focal_length&quot;:&quot;3.99&quot;,&quot;iso&quot;:&quot;64&quot;,&quot;shutter_speed&quot;:&quot;0.058823529411765&quot;,&quot;title&quot;:&quot;&quot;,&quot;orientation&quot;:&quot;1&quot;}\" data-image-title=\"Le temps des cerises 2\" data-image-description=\"\" data-image-caption=\"\" data-large-file=\"https:\/\/i0.wp.com\/www.jojoenherbe.com\/wp-content\/uploads\/2023\/06\/Le-temps-des-cerises-2-scaled.jpg?fit=676%2C445&amp;ssl=1\" class=\"alignleft size-thumbnail wp-image-31258\" src=\"https:\/\/i0.wp.com\/www.jojoenherbe.com\/wp-content\/uploads\/2023\/06\/Le-temps-des-cerises-2.jpg?resize=150%2C150\" alt=\"\" width=\"150\" height=\"150\" srcset=\"https:\/\/i0.wp.com\/www.jojoenherbe.com\/wp-content\/uploads\/2023\/06\/Le-temps-des-cerises-2-scaled.jpg?resize=150%2C150&amp;ssl=1 150w, https:\/\/i0.wp.com\/www.jojoenherbe.com\/wp-content\/uploads\/2023\/06\/Le-temps-des-cerises-2-scaled.jpg?zoom=2&amp;resize=150%2C150 300w, https:\/\/i0.wp.com\/www.jojoenherbe.com\/wp-content\/uploads\/2023\/06\/Le-temps-des-cerises-2-scaled.jpg?zoom=3&amp;resize=150%2C150 450w\" sizes=\"auto, (max-width: 150px) 100vw, 150px\" \/><\/a> <a href=\"https:\/\/i0.wp.com\/www.jojoenherbe.com\/wp-content\/uploads\/2023\/06\/Le-temps-des-cerises-3-scaled.jpg\"><img data-recalc-dims=\"1\" loading=\"lazy\" decoding=\"async\" data-attachment-id=\"31259\" data-permalink=\"https:\/\/www.jojoenherbe.com\/index.php\/2023\/06\/19\/point-lecture-hebdomadaire-2023-24\/le-temps-des-cerises-3\/\" data-orig-file=\"https:\/\/i0.wp.com\/www.jojoenherbe.com\/wp-content\/uploads\/2023\/06\/Le-temps-des-cerises-3-scaled.jpg?fit=2560%2C1663&amp;ssl=1\" data-orig-size=\"2560,1663\" data-comments-opened=\"1\" data-image-meta=\"{&quot;aperture&quot;:&quot;1.8&quot;,&quot;credit&quot;:&quot;&quot;,&quot;camera&quot;:&quot;iPhone 7&quot;,&quot;caption&quot;:&quot;&quot;,&quot;created_timestamp&quot;:&quot;1688128333&quot;,&quot;copyright&quot;:&quot;&quot;,&quot;focal_length&quot;:&quot;3.99&quot;,&quot;iso&quot;:&quot;64&quot;,&quot;shutter_speed&quot;:&quot;0.058823529411765&quot;,&quot;title&quot;:&quot;&quot;,&quot;orientation&quot;:&quot;1&quot;}\" data-image-title=\"Le temps des cerises 3\" data-image-description=\"\" data-image-caption=\"\" data-large-file=\"https:\/\/i0.wp.com\/www.jojoenherbe.com\/wp-content\/uploads\/2023\/06\/Le-temps-des-cerises-3-scaled.jpg?fit=676%2C439&amp;ssl=1\" class=\"alignleft size-thumbnail wp-image-31259\" src=\"https:\/\/i0.wp.com\/www.jojoenherbe.com\/wp-content\/uploads\/2023\/06\/Le-temps-des-cerises-3.jpg?resize=150%2C150\" alt=\"\" width=\"150\" height=\"150\" srcset=\"https:\/\/i0.wp.com\/www.jojoenherbe.com\/wp-content\/uploads\/2023\/06\/Le-temps-des-cerises-3-scaled.jpg?resize=150%2C150&amp;ssl=1 150w, https:\/\/i0.wp.com\/www.jojoenherbe.com\/wp-content\/uploads\/2023\/06\/Le-temps-des-cerises-3-scaled.jpg?zoom=2&amp;resize=150%2C150 300w, https:\/\/i0.wp.com\/www.jojoenherbe.com\/wp-content\/uploads\/2023\/06\/Le-temps-des-cerises-3-scaled.jpg?zoom=3&amp;resize=150%2C150 450w\" sizes=\"auto, (max-width: 150px) 100vw, 150px\" \/><\/a>Nous avons lu <span style=\"text-decoration: underline;\">Le temps des cerises<\/span> d&rsquo;Agn\u00e8s de Lestrade et Valeria Docampo (\u00e9d. Alice Jeunesse, 2022), un album jeunesse \u00e0 partir de 5\/6 ans. Apr\u00e8s le passage d&rsquo;un cyclone, le pays de Nine, une petite fille joyeuse vivant chez ses parents et grands-parents avec son chat Bastien, a perdu toute ses couleurs. Du jour au lendemain, tout est devenu gris. La grand-m\u00e8re de Nine, Mam\u00e9 se souvient du temps ancien, au temps des couleurs dont elle associe chacune \u00e0 de la nourriture (le rouge des fraises et des cerises, le jaune des citrons et des frites&#8230;).\u00a0 Apr\u00e8s avoir trouv\u00e9 une bo\u00eete de crayons de couleurs, Nine d\u00e9cide de les planter dans la terre. Et si les couleurs r\u00e9investissaient le monde comme autrefois? <\/em><\/p>\n<p style=\"text-align: justify;\"><em><a href=\"https:\/\/i0.wp.com\/www.jojoenherbe.com\/wp-content\/uploads\/2023\/06\/Le-temps-des-cerises-5-scaled.jpg\"><img data-recalc-dims=\"1\" loading=\"lazy\" decoding=\"async\" data-attachment-id=\"31261\" data-permalink=\"https:\/\/www.jojoenherbe.com\/index.php\/2023\/06\/19\/point-lecture-hebdomadaire-2023-24\/le-temps-des-cerises-5\/\" data-orig-file=\"https:\/\/i0.wp.com\/www.jojoenherbe.com\/wp-content\/uploads\/2023\/06\/Le-temps-des-cerises-5-scaled.jpg?fit=2560%2C1920&amp;ssl=1\" data-orig-size=\"2560,1920\" data-comments-opened=\"1\" data-image-meta=\"{&quot;aperture&quot;:&quot;1.8&quot;,&quot;credit&quot;:&quot;&quot;,&quot;camera&quot;:&quot;iPhone 7&quot;,&quot;caption&quot;:&quot;&quot;,&quot;created_timestamp&quot;:&quot;1688128369&quot;,&quot;copyright&quot;:&quot;&quot;,&quot;focal_length&quot;:&quot;3.99&quot;,&quot;iso&quot;:&quot;80&quot;,&quot;shutter_speed&quot;:&quot;0.058823529411765&quot;,&quot;title&quot;:&quot;&quot;,&quot;orientation&quot;:&quot;1&quot;}\" data-image-title=\"Le temps des cerises 5\" data-image-description=\"\" data-image-caption=\"\" data-large-file=\"https:\/\/i0.wp.com\/www.jojoenherbe.com\/wp-content\/uploads\/2023\/06\/Le-temps-des-cerises-5-scaled.jpg?fit=676%2C507&amp;ssl=1\" class=\"size-thumbnail wp-image-31261 alignright\" src=\"https:\/\/i0.wp.com\/www.jojoenherbe.com\/wp-content\/uploads\/2023\/06\/Le-temps-des-cerises-5.jpg?resize=150%2C150\" alt=\"\" width=\"150\" height=\"150\" srcset=\"https:\/\/i0.wp.com\/www.jojoenherbe.com\/wp-content\/uploads\/2023\/06\/Le-temps-des-cerises-5-scaled.jpg?resize=150%2C150&amp;ssl=1 150w, https:\/\/i0.wp.com\/www.jojoenherbe.com\/wp-content\/uploads\/2023\/06\/Le-temps-des-cerises-5-scaled.jpg?zoom=2&amp;resize=150%2C150 300w, https:\/\/i0.wp.com\/www.jojoenherbe.com\/wp-content\/uploads\/2023\/06\/Le-temps-des-cerises-5-scaled.jpg?zoom=3&amp;resize=150%2C150 450w\" sizes=\"auto, (max-width: 150px) 100vw, 150px\" \/><\/a> <a href=\"https:\/\/i0.wp.com\/www.jojoenherbe.com\/wp-content\/uploads\/2023\/06\/Le-temps-des-cerises-4-scaled.jpg\"><img data-recalc-dims=\"1\" loading=\"lazy\" decoding=\"async\" data-attachment-id=\"31260\" data-permalink=\"https:\/\/www.jojoenherbe.com\/index.php\/2023\/06\/19\/point-lecture-hebdomadaire-2023-24\/le-temps-des-cerises-4\/\" data-orig-file=\"https:\/\/i0.wp.com\/www.jojoenherbe.com\/wp-content\/uploads\/2023\/06\/Le-temps-des-cerises-4-scaled.jpg?fit=2560%2C1602&amp;ssl=1\" data-orig-size=\"2560,1602\" data-comments-opened=\"1\" data-image-meta=\"{&quot;aperture&quot;:&quot;1.8&quot;,&quot;credit&quot;:&quot;&quot;,&quot;camera&quot;:&quot;iPhone 7&quot;,&quot;caption&quot;:&quot;&quot;,&quot;created_timestamp&quot;:&quot;1688128389&quot;,&quot;copyright&quot;:&quot;&quot;,&quot;focal_length&quot;:&quot;3.99&quot;,&quot;iso&quot;:&quot;64&quot;,&quot;shutter_speed&quot;:&quot;0.058823529411765&quot;,&quot;title&quot;:&quot;&quot;,&quot;orientation&quot;:&quot;1&quot;}\" data-image-title=\"Le temps des cerises 4\" data-image-description=\"\" data-image-caption=\"\" data-large-file=\"https:\/\/i0.wp.com\/www.jojoenherbe.com\/wp-content\/uploads\/2023\/06\/Le-temps-des-cerises-4-scaled.jpg?fit=676%2C423&amp;ssl=1\" class=\"size-thumbnail wp-image-31260 alignright\" src=\"https:\/\/i0.wp.com\/www.jojoenherbe.com\/wp-content\/uploads\/2023\/06\/Le-temps-des-cerises-4.jpg?resize=150%2C150\" alt=\"\" width=\"150\" height=\"150\" srcset=\"https:\/\/i0.wp.com\/www.jojoenherbe.com\/wp-content\/uploads\/2023\/06\/Le-temps-des-cerises-4-scaled.jpg?resize=150%2C150&amp;ssl=1 150w, https:\/\/i0.wp.com\/www.jojoenherbe.com\/wp-content\/uploads\/2023\/06\/Le-temps-des-cerises-4-scaled.jpg?zoom=2&amp;resize=150%2C150 300w, https:\/\/i0.wp.com\/www.jojoenherbe.com\/wp-content\/uploads\/2023\/06\/Le-temps-des-cerises-4-scaled.jpg?zoom=3&amp;resize=150%2C150 450w\" sizes=\"auto, (max-width: 150px) 100vw, 150px\" \/><\/a>Le duo autrice\/illustratrice que j&rsquo;appr\u00e9cie toujours autant aborde une nouvelle fois les th\u00e8mes de la tristesse, de la r\u00e9silience et de l&rsquo;espoir \u00e0 travers la relation interg\u00e9n\u00e9rationnelle entre une petite fille et sa grand-m\u00e8re \u00e0 la suite d&rsquo;une catastrophe naturelle. On retrouve le m\u00eame proc\u00e9d\u00e9 que dans <a href=\"https:\/\/www.jojoenherbe.com\/index.php\/2023\/06\/30\/au-fil-des-pages-avec-la-fileuse-de-brume\/\"><span style=\"text-decoration: underline;\">La fileuse de brume<\/span><\/a> avec des illustrations sepia et grises qui se colorient au fil des pages. Les deux petites filles se font \u00e9cho, la tristesse de Rose s&rsquo;estompant avec le retour de son p\u00e8re face \u00e0 la joie de Nine qu&rsquo;elle communique aux autres. Encore un tr\u00e8s bon moment de lecture avec cet album jeunesse magnifiquement illustr\u00e9!<\/em><\/p>\n<div style=\"width: 116px\" class=\"wp-caption alignleft\"><img loading=\"lazy\" decoding=\"async\" src=\"https:\/\/lh3.googleusercontent.com\/pw\/AL9nZEWED5sOowfaAIivQoSsFwl6hy51lsnek_4EIHIPI8waW2MHjhj6cf1EWilIUD7SnvlDRky5UrFLm6lgTjQT1BDXKA7teG_K1CBqytzzkXj-pFGsHXBy_zmGvKTiD_gxxb6BAz3Fn3Q7E1EJdf1tGnU3MQ=w285-h217-no?authuser=0\" alt=\"\" width=\"106\" height=\"81\" \/><p class=\"wp-caption-text\">Challenge Petit Bac d\u2019<a href=\"https:\/\/ennalit.wordpress.com\/2022\/12\/01\/challenge-petit-bac-2023-qui-veut-jouer\/\" data-rich-text-format-boundary=\"true\">Enna<\/a> #4 Cat\u00e9gorie V\u00e9g\u00e9tal: \u00ab Cerises \u00bb<\/p><\/div>\n<div id=\"attachment_19954\" style=\"width: 121px\" class=\"wp-caption alignleft\"><img loading=\"lazy\" decoding=\"async\" aria-describedby=\"caption-attachment-19954\" class=\"wp-image-19954\" src=\"https:\/\/i0.wp.com\/mapetitemediatheque.fr\/wp-content\/uploads\/2021\/11\/Inkedle-tour-du-monde-en-80-livres-2_LI.jpg?resize=116%2C87&amp;ssl=1\" sizes=\"auto, (max-width: 500px) 100vw, 500px\" srcset=\"https:\/\/i0.wp.com\/mapetitemediatheque.fr\/wp-content\/uploads\/2021\/11\/Inkedle-tour-du-monde-en-80-livres-2_LI.jpg?resize=116%2C87&amp;ssl=1 500w, https:\/\/mapetitemediatheque.fr\/wp-content\/uploads\/2021\/11\/Inkedle-tour-du-monde-en-80-livres-2_LI-300x226.jpg 300w, https:\/\/mapetitemediatheque.fr\/wp-content\/uploads\/2021\/11\/Inkedle-tour-du-monde-en-80-livres-2_LI-120x90.jpg 120w\" alt=\"\" width=\"111\" height=\"83\" aria-describedby=\"caption-attachment-19954\" \/><p id=\"caption-attachment-19954\" class=\"wp-caption-text\">Participation #23 (Parcours illustr\u00e9) Challenge Le tour du monde en 80 livres 2023 de <a href=\"https:\/\/mapetitemediatheque.fr\/2022\/12\/le-tour-du-monde-en-80-livres-2023\/\" data-rich-text-format-boundary=\"true\">Bidib<\/a> #Argentine (illustratrice)<\/p><\/div>\n","protected":false},"excerpt":{"rendered":"<p>Nous avons lu Le temps des cerises d&rsquo;Agn\u00e8s de Lestrade et Valeria Docampo (\u00e9d. Alice Jeunesse, 2022), un album jeunesse \u00e0 partir de 5\/6 ans. Apr\u00e8s le passage d&rsquo;un cyclone, le pays de Nine, une petite fille joyeuse vivant chez ses parents et grands-parents avec son chat Bastien, a perdu toute ses couleurs. Du jour [&hellip;]<\/p>\n","protected":false},"author":1,"featured_media":31262,"comment_status":"open","ping_status":"open","sticky":false,"template":"","format":"standard","meta":{"jetpack_post_was_ever_published":false,"_jetpack_newsletter_access":"","_jetpack_dont_email_post_to_subs":false,"_jetpack_newsletter_tier_id":0,"_jetpack_memberships_contains_paywalled_content":false,"_jetpack_memberships_contains_paid_content":false,"footnotes":""},"categories":[363],"tags":[995,1671,409,753,3519,705,239,3757,3296,1482,435,3525,367,543,956,3105,2081,796,3625],"class_list":["post-31256","post","type-post","status-publish","format-standard","has-post-thumbnail","hentry","category-mini-lecteur","tag-5-8-ans","tag-agnes-de-lestrade","tag-albums-jeunesse","tag-campagne","tag-challenge-petit-bac-2023","tag-chat","tag-couleurs","tag-cyclone","tag-espoir","tag-grand-mere","tag-grands-parents","tag-le-tour-du-monde-en-80-livres-2023","tag-lecture-jeunesse","tag-nature","tag-petite-fille","tag-relation-intergenerationnelle","tag-resilience","tag-tristesse","tag-valeria-docampo","post-preview"],"jetpack_featured_media_url":"https:\/\/i0.wp.com\/www.jojoenherbe.com\/wp-content\/uploads\/2023\/06\/Le-temps-des-cerises-scaled.jpg?fit=2560%2C1926&ssl=1","jetpack_sharing_enabled":true,"jetpack_shortlink":"https:\/\/wp.me\/p9zhGx-888","jetpack_likes_enabled":true,"jetpack-related-posts":[{"id":20563,"url":"https:\/\/www.jojoenherbe.com\/index.php\/2023\/06\/30\/au-fil-des-pages-avec-la-fileuse-de-brume\/","url_meta":{"origin":31256,"position":0},"title":"Au fil des pages avec La fileuse de brume","author":"Jojo","date":"30 juin 2023","format":false,"excerpt":"J'avais lu, \u00e0 l'\u00e9t\u00e9 2021, La fileuse de brume d'Agn\u00e8s de Lestrade et Valeria Docampo (\u00e9d. Alice Jeunesse, 2018, 40 pages), un album jeunesse \u00e0 partir de 5\/6 ans dont je me rends compte, venant de lire Le temps des cerises du m\u00eame duo autrice\/illustratrice que je ne l'avais pas\u2026","rel":"","context":"Dans &quot;Mini lecteur&quot;","block_context":{"text":"Mini lecteur","link":"https:\/\/www.jojoenherbe.com\/index.php\/category\/mini-lecteur\/"},"img":{"alt_text":"","src":"https:\/\/i0.wp.com\/www.jojoenherbe.com\/wp-content\/uploads\/2023\/06\/La-fileuse-de-brume-scaled.jpg?fit=1200%2C899&ssl=1&resize=350%2C200","width":350,"height":200,"srcset":"https:\/\/i0.wp.com\/www.jojoenherbe.com\/wp-content\/uploads\/2023\/06\/La-fileuse-de-brume-scaled.jpg?fit=1200%2C899&ssl=1&resize=350%2C200 1x, https:\/\/i0.wp.com\/www.jojoenherbe.com\/wp-content\/uploads\/2023\/06\/La-fileuse-de-brume-scaled.jpg?fit=1200%2C899&ssl=1&resize=525%2C300 1.5x, https:\/\/i0.wp.com\/www.jojoenherbe.com\/wp-content\/uploads\/2023\/06\/La-fileuse-de-brume-scaled.jpg?fit=1200%2C899&ssl=1&resize=700%2C400 2x, https:\/\/i0.wp.com\/www.jojoenherbe.com\/wp-content\/uploads\/2023\/06\/La-fileuse-de-brume-scaled.jpg?fit=1200%2C899&ssl=1&resize=1050%2C600 3x"},"classes":[]},{"id":38151,"url":"https:\/\/www.jojoenherbe.com\/index.php\/2025\/01\/23\/throwback-thursday-livresque-titre-de-4-mots\/","url_meta":{"origin":31256,"position":1},"title":"Throwback Thursday Livresque: Titre de 4 mots","author":"Jojo","date":"23 janvier 2025","format":false,"excerpt":"Ce jeudi 23 janvier 2025, je participe au Throwback Thursday Livresque, un rendez-vous livresque initialement chez Bettie Rose Books et repris depuis par Carole, les liens \u00e9tant \u00e0 d\u00e9poser chez My-Bo0ks. Le principe est de partager chaque jeudi un livre en fonction d\u2019un th\u00e8me donn\u00e9. Cette semaine, le th\u00e8me est\u2026","rel":"","context":"Dans &quot;Mini blogueur&quot;","block_context":{"text":"Mini blogueur","link":"https:\/\/www.jojoenherbe.com\/index.php\/category\/mini-blogueur\/"},"img":{"alt_text":"","src":"https:\/\/i0.wp.com\/www.jojoenherbe.com\/wp-content\/uploads\/2023\/10\/TTL-logo.jpg?resize=350%2C200","width":350,"height":200},"classes":[]},{"id":31020,"url":"https:\/\/www.jojoenherbe.com\/index.php\/2023\/06\/19\/point-lecture-hebdomadaire-2023-24\/","url_meta":{"origin":31256,"position":2},"title":"Point lecture hebdomadaire 2023 #24","author":"Jojo","date":"19 juin 2023","format":false,"excerpt":"En ce d\u00e9but de semaine, voici notre point lecture hebdomadaire avec un retour sur nos lectures de la semaine derni\u00e8re (mais pas nos relectures). Nos lectures du 12 au 18 juin 2023: Des lectures jeunesse: (Documentaire jeunesse) Les secrets de la nature tout pr\u00e8s de chez toi de Laura Brand\u2026","rel":"","context":"Dans &quot;Mini blogueur&quot;","block_context":{"text":"Mini blogueur","link":"https:\/\/www.jojoenherbe.com\/index.php\/category\/mini-blogueur\/"},"img":{"alt_text":"","src":"https:\/\/i0.wp.com\/www.jojoenherbe.com\/wp-content\/uploads\/2023\/06\/Point-lecture-hebdomadaire-2023-24-scaled.jpg?fit=1200%2C912&ssl=1&resize=350%2C200","width":350,"height":200,"srcset":"https:\/\/i0.wp.com\/www.jojoenherbe.com\/wp-content\/uploads\/2023\/06\/Point-lecture-hebdomadaire-2023-24-scaled.jpg?fit=1200%2C912&ssl=1&resize=350%2C200 1x, https:\/\/i0.wp.com\/www.jojoenherbe.com\/wp-content\/uploads\/2023\/06\/Point-lecture-hebdomadaire-2023-24-scaled.jpg?fit=1200%2C912&ssl=1&resize=525%2C300 1.5x, https:\/\/i0.wp.com\/www.jojoenherbe.com\/wp-content\/uploads\/2023\/06\/Point-lecture-hebdomadaire-2023-24-scaled.jpg?fit=1200%2C912&ssl=1&resize=700%2C400 2x, https:\/\/i0.wp.com\/www.jojoenherbe.com\/wp-content\/uploads\/2023\/06\/Point-lecture-hebdomadaire-2023-24-scaled.jpg?fit=1200%2C912&ssl=1&resize=1050%2C600 3x"},"classes":[]},{"id":29846,"url":"https:\/\/www.jojoenherbe.com\/index.php\/2023\/02\/16\/au-fil-des-pages-avec-la-grande-fabrique-de-mots\/","url_meta":{"origin":31256,"position":3},"title":"Au fil des pages avec La grande fabrique de mots","author":"Jojo","date":"16 f\u00e9vrier 2023","format":false,"excerpt":"J'ai lu La grande fabrique de mots d'Agn\u00e8s de Lestrade et Valeria Docampo (\u00e9d. Alice Jeunesse, 2007), un album jeunesse \u00e0 partir de 6 ans. Dans un monde dystopique o\u00f9 il faut acheter des mots pour les prononcer, il est bien difficile au pauvre Phil\u00e9as d'ouvrir son c\u0153ur \u00e0 la\u2026","rel":"","context":"Dans &quot;Mini lecteur&quot;","block_context":{"text":"Mini lecteur","link":"https:\/\/www.jojoenherbe.com\/index.php\/category\/mini-lecteur\/"},"img":{"alt_text":"","src":"https:\/\/i0.wp.com\/www.jojoenherbe.com\/wp-content\/uploads\/2023\/02\/La-grande-fabrique-des-mots-scaled.jpg?fit=1200%2C867&ssl=1&resize=350%2C200","width":350,"height":200,"srcset":"https:\/\/i0.wp.com\/www.jojoenherbe.com\/wp-content\/uploads\/2023\/02\/La-grande-fabrique-des-mots-scaled.jpg?fit=1200%2C867&ssl=1&resize=350%2C200 1x, https:\/\/i0.wp.com\/www.jojoenherbe.com\/wp-content\/uploads\/2023\/02\/La-grande-fabrique-des-mots-scaled.jpg?fit=1200%2C867&ssl=1&resize=525%2C300 1.5x, https:\/\/i0.wp.com\/www.jojoenherbe.com\/wp-content\/uploads\/2023\/02\/La-grande-fabrique-des-mots-scaled.jpg?fit=1200%2C867&ssl=1&resize=700%2C400 2x, https:\/\/i0.wp.com\/www.jojoenherbe.com\/wp-content\/uploads\/2023\/02\/La-grande-fabrique-des-mots-scaled.jpg?fit=1200%2C867&ssl=1&resize=1050%2C600 3x"},"classes":[]},{"id":10569,"url":"https:\/\/www.jojoenherbe.com\/index.php\/2020\/03\/25\/au-fil-des-pages-avec-premiers-printemps\/","url_meta":{"origin":31256,"position":4},"title":"Au fil des pages avec Premiers printemps","author":"Jojo","date":"25 mars 2020","format":false,"excerpt":"Nous avions emprunt\u00e9, il y a d\u00e9j\u00e0 plusieurs mois, Premiers printemps d'Anne Crausaz (\u00e9d. MeMo, 2010), un album jeunesse \u00e0 partir de 3 ans mais que je n'avais pas encore pris le temps de chroniquer. Nous suivons une petite fille sur une ann\u00e9e, d'un printemps \u00e0 un autre qui d\u00e9couvre\u2026","rel":"","context":"Dans &quot;Mini lecteur&quot;","block_context":{"text":"Mini lecteur","link":"https:\/\/www.jojoenherbe.com\/index.php\/category\/mini-lecteur\/"},"img":{"alt_text":"","src":"https:\/\/i0.wp.com\/www.jojoenherbe.com\/wp-content\/uploads\/2020\/03\/Premiers-printemps-scaled.jpg?fit=1200%2C885&ssl=1&resize=350%2C200","width":350,"height":200,"srcset":"https:\/\/i0.wp.com\/www.jojoenherbe.com\/wp-content\/uploads\/2020\/03\/Premiers-printemps-scaled.jpg?fit=1200%2C885&ssl=1&resize=350%2C200 1x, https:\/\/i0.wp.com\/www.jojoenherbe.com\/wp-content\/uploads\/2020\/03\/Premiers-printemps-scaled.jpg?fit=1200%2C885&ssl=1&resize=525%2C300 1.5x, https:\/\/i0.wp.com\/www.jojoenherbe.com\/wp-content\/uploads\/2020\/03\/Premiers-printemps-scaled.jpg?fit=1200%2C885&ssl=1&resize=700%2C400 2x, https:\/\/i0.wp.com\/www.jojoenherbe.com\/wp-content\/uploads\/2020\/03\/Premiers-printemps-scaled.jpg?fit=1200%2C885&ssl=1&resize=1050%2C600 3x"},"classes":[]},{"id":19153,"url":"https:\/\/www.jojoenherbe.com\/index.php\/2021\/06\/14\/au-fil-des-pages-avec-le-grand-voyage-de-mademoiselle-prudence\/","url_meta":{"origin":31256,"position":5},"title":"Au fil des pages avec Le grand voyage de Mademoiselle Prudence","author":"Jojo","date":"14 juin 2021","format":false,"excerpt":"Je lis Le grand voyage de Mademoiselle Prudence de Charlotte Gastaut (\u00e9d. Flammarion Jeunesse, coll. P\u00e8re Castor, 2010), un album jeunesse grand format et avec des d\u00e9coupes \u00e0 partir de 6 ans. Alors que sa m\u00e8re la presse de ranger sa chambre et de mettre ses chaussures pour sortir, Prudence,\u2026","rel":"","context":"Dans &quot;Mini lecteur&quot;","block_context":{"text":"Mini lecteur","link":"https:\/\/www.jojoenherbe.com\/index.php\/category\/mini-lecteur\/"},"img":{"alt_text":"","src":"https:\/\/i0.wp.com\/www.jojoenherbe.com\/wp-content\/uploads\/2021\/06\/Le-grand-voyage-de-Mademoiselle-Prudence-scaled.jpg?fit=1200%2C933&ssl=1&resize=350%2C200","width":350,"height":200,"srcset":"https:\/\/i0.wp.com\/www.jojoenherbe.com\/wp-content\/uploads\/2021\/06\/Le-grand-voyage-de-Mademoiselle-Prudence-scaled.jpg?fit=1200%2C933&ssl=1&resize=350%2C200 1x, https:\/\/i0.wp.com\/www.jojoenherbe.com\/wp-content\/uploads\/2021\/06\/Le-grand-voyage-de-Mademoiselle-Prudence-scaled.jpg?fit=1200%2C933&ssl=1&resize=525%2C300 1.5x, https:\/\/i0.wp.com\/www.jojoenherbe.com\/wp-content\/uploads\/2021\/06\/Le-grand-voyage-de-Mademoiselle-Prudence-scaled.jpg?fit=1200%2C933&ssl=1&resize=700%2C400 2x, https:\/\/i0.wp.com\/www.jojoenherbe.com\/wp-content\/uploads\/2021\/06\/Le-grand-voyage-de-Mademoiselle-Prudence-scaled.jpg?fit=1200%2C933&ssl=1&resize=1050%2C600 3x"},"classes":[]}],"_links":{"self":[{"href":"https:\/\/www.jojoenherbe.com\/index.php\/wp-json\/wp\/v2\/posts\/31256","targetHints":{"allow":["GET"]}}],"collection":[{"href":"https:\/\/www.jojoenherbe.com\/index.php\/wp-json\/wp\/v2\/posts"}],"about":[{"href":"https:\/\/www.jojoenherbe.com\/index.php\/wp-json\/wp\/v2\/types\/post"}],"author":[{"embeddable":true,"href":"https:\/\/www.jojoenherbe.com\/index.php\/wp-json\/wp\/v2\/users\/1"}],"replies":[{"embeddable":true,"href":"https:\/\/www.jojoenherbe.com\/index.php\/wp-json\/wp\/v2\/comments?post=31256"}],"version-history":[{"count":6,"href":"https:\/\/www.jojoenherbe.com\/index.php\/wp-json\/wp\/v2\/posts\/31256\/revisions"}],"predecessor-version":[{"id":33856,"href":"https:\/\/www.jojoenherbe.com\/index.php\/wp-json\/wp\/v2\/posts\/31256\/revisions\/33856"}],"wp:featuredmedia":[{"embeddable":true,"href":"https:\/\/www.jojoenherbe.com\/index.php\/wp-json\/wp\/v2\/media\/31262"}],"wp:attachment":[{"href":"https:\/\/www.jojoenherbe.com\/index.php\/wp-json\/wp\/v2\/media?parent=31256"}],"wp:term":[{"taxonomy":"category","embeddable":true,"href":"https:\/\/www.jojoenherbe.com\/index.php\/wp-json\/wp\/v2\/categories?post=31256"},{"taxonomy":"post_tag","embeddable":true,"href":"https:\/\/www.jojoenherbe.com\/index.php\/wp-json\/wp\/v2\/tags?post=31256"}],"curies":[{"name":"wp","href":"https:\/\/api.w.org\/{rel}","templated":true}]}}