{"id":29895,"date":"2024-02-14T19:04:25","date_gmt":"2024-02-14T18:04:25","guid":{"rendered":"https:\/\/www.jojoenherbe.com\/?p=29895"},"modified":"2025-01-05T10:38:27","modified_gmt":"2025-01-05T09:38:27","slug":"au-fil-des-pages-avec-malgre-tout","status":"publish","type":"post","link":"https:\/\/www.jojoenherbe.com\/index.php\/2024\/02\/14\/au-fil-des-pages-avec-malgre-tout\/","title":{"rendered":"Au fil des pages avec Malgr\u00e9 tout"},"content":{"rendered":"<p style=\"text-align: justify;\"><em><a href=\"https:\/\/i0.wp.com\/www.jojoenherbe.com\/wp-content\/uploads\/2023\/02\/Malgre-tout-2-scaled.jpg\"><img data-recalc-dims=\"1\" loading=\"lazy\" decoding=\"async\" data-attachment-id=\"29899\" data-permalink=\"https:\/\/www.jojoenherbe.com\/index.php\/2024\/02\/14\/au-fil-des-pages-avec-malgre-tout\/malgre-tout-2\/\" data-orig-file=\"https:\/\/i0.wp.com\/www.jojoenherbe.com\/wp-content\/uploads\/2023\/02\/Malgre-tout-2-scaled.jpg?fit=2560%2C1908&amp;ssl=1\" data-orig-size=\"2560,1908\" data-comments-opened=\"1\" data-image-meta=\"{&quot;aperture&quot;:&quot;1.8&quot;,&quot;credit&quot;:&quot;&quot;,&quot;camera&quot;:&quot;iPhone 7&quot;,&quot;caption&quot;:&quot;&quot;,&quot;created_timestamp&quot;:&quot;1653414200&quot;,&quot;copyright&quot;:&quot;&quot;,&quot;focal_length&quot;:&quot;3.99&quot;,&quot;iso&quot;:&quot;100&quot;,&quot;shutter_speed&quot;:&quot;0.058823529411765&quot;,&quot;title&quot;:&quot;&quot;,&quot;orientation&quot;:&quot;1&quot;}\" data-image-title=\"Malgr\u00e9 tout 2\" data-image-description=\"\" data-image-caption=\"\" data-large-file=\"https:\/\/i0.wp.com\/www.jojoenherbe.com\/wp-content\/uploads\/2023\/02\/Malgre-tout-2-scaled.jpg?fit=676%2C504&amp;ssl=1\" class=\"alignleft size-thumbnail wp-image-29899\" src=\"https:\/\/i0.wp.com\/www.jojoenherbe.com\/wp-content\/uploads\/2023\/02\/Malgre-tout-2.jpg?resize=150%2C150\" alt=\"\" width=\"150\" height=\"150\" srcset=\"https:\/\/i0.wp.com\/www.jojoenherbe.com\/wp-content\/uploads\/2023\/02\/Malgre-tout-2-scaled.jpg?resize=150%2C150&amp;ssl=1 150w, https:\/\/i0.wp.com\/www.jojoenherbe.com\/wp-content\/uploads\/2023\/02\/Malgre-tout-2-scaled.jpg?zoom=2&amp;resize=150%2C150 300w, https:\/\/i0.wp.com\/www.jojoenherbe.com\/wp-content\/uploads\/2023\/02\/Malgre-tout-2-scaled.jpg?zoom=3&amp;resize=150%2C150 450w\" sizes=\"auto, (max-width: 150px) 100vw, 150px\" \/><\/a> <a href=\"https:\/\/i0.wp.com\/www.jojoenherbe.com\/wp-content\/uploads\/2023\/02\/Malgre-tout-3-scaled.jpg\"><img data-recalc-dims=\"1\" loading=\"lazy\" decoding=\"async\" data-attachment-id=\"29900\" data-permalink=\"https:\/\/www.jojoenherbe.com\/index.php\/2024\/02\/14\/au-fil-des-pages-avec-malgre-tout\/malgre-tout-3\/\" data-orig-file=\"https:\/\/i0.wp.com\/www.jojoenherbe.com\/wp-content\/uploads\/2023\/02\/Malgre-tout-3-scaled.jpg?fit=2560%2C1923&amp;ssl=1\" data-orig-size=\"2560,1923\" data-comments-opened=\"1\" data-image-meta=\"{&quot;aperture&quot;:&quot;1.8&quot;,&quot;credit&quot;:&quot;&quot;,&quot;camera&quot;:&quot;iPhone 7&quot;,&quot;caption&quot;:&quot;&quot;,&quot;created_timestamp&quot;:&quot;1653414235&quot;,&quot;copyright&quot;:&quot;&quot;,&quot;focal_length&quot;:&quot;3.99&quot;,&quot;iso&quot;:&quot;80&quot;,&quot;shutter_speed&quot;:&quot;0.058823529411765&quot;,&quot;title&quot;:&quot;&quot;,&quot;orientation&quot;:&quot;1&quot;}\" data-image-title=\"Malgr\u00e9 tout 3\" data-image-description=\"\" data-image-caption=\"\" data-large-file=\"https:\/\/i0.wp.com\/www.jojoenherbe.com\/wp-content\/uploads\/2023\/02\/Malgre-tout-3-scaled.jpg?fit=676%2C508&amp;ssl=1\" class=\"alignleft size-thumbnail wp-image-29900\" src=\"https:\/\/i0.wp.com\/www.jojoenherbe.com\/wp-content\/uploads\/2023\/02\/Malgre-tout-3.jpg?resize=150%2C150\" alt=\"\" width=\"150\" height=\"150\" srcset=\"https:\/\/i0.wp.com\/www.jojoenherbe.com\/wp-content\/uploads\/2023\/02\/Malgre-tout-3-scaled.jpg?resize=150%2C150&amp;ssl=1 150w, https:\/\/i0.wp.com\/www.jojoenherbe.com\/wp-content\/uploads\/2023\/02\/Malgre-tout-3-scaled.jpg?zoom=2&amp;resize=150%2C150 300w, https:\/\/i0.wp.com\/www.jojoenherbe.com\/wp-content\/uploads\/2023\/02\/Malgre-tout-3-scaled.jpg?zoom=3&amp;resize=150%2C150 450w\" sizes=\"auto, (max-width: 150px) 100vw, 150px\" \/><\/a>J\u2019avais lu, en mai 2022, <span style=\"text-decoration: underline;\">Malgr\u00e9 tout<\/span> de Jordi Lafebre (\u00e9d. Dargaud, septembre 2020, 152 pages), un roman graphique avec l\u2019histoire d\u2019un amour \u00e0 rebours entre Ana et Zeno, l&rsquo;auteur partant du chapitre 20 au chapitre 1. D\u00e9sormais sexag\u00e9naires, ils arrivent \u00e0 un nouveau tournant de leur vie. Mais que s&rsquo;est-il pass\u00e9 depuis 37 ans dans leur vie pour en arriver l\u00e0 que maintenant? Nous remontons ainsi leur fil de leur histoire d&rsquo;amour.<br \/><\/em><\/p>\n<p style=\"text-align: justify;\"><em>La structure narrative est, en effet, \u00e9tonnante, sous forme de puzzle amoureux dans lequel chaque pi\u00e8ce du pass\u00e9 permet d\u2019arriver au d\u00e9nouement qui n\u2019est pas une fin mais la concr\u00e9tisation d\u2019un amour. En remontant le cours de leur vie, on se demande ce qui a fait qu&rsquo;aucun des deux n&rsquo;a jamais jusque-l\u00e0 sauter le pas vers une relation de couple. <br \/><\/em><\/p>\n<p style=\"text-align: justify;\"><em><a href=\"https:\/\/i0.wp.com\/www.jojoenherbe.com\/wp-content\/uploads\/2024\/02\/Malgre-tout-5-scaled.jpg\"><img data-recalc-dims=\"1\" loading=\"lazy\" decoding=\"async\" data-attachment-id=\"34796\" data-permalink=\"https:\/\/www.jojoenherbe.com\/index.php\/2024\/02\/14\/au-fil-des-pages-avec-malgre-tout\/malgre-tout-5\/\" data-orig-file=\"https:\/\/i0.wp.com\/www.jojoenherbe.com\/wp-content\/uploads\/2024\/02\/Malgre-tout-5-scaled.jpg?fit=2560%2C1920&amp;ssl=1\" data-orig-size=\"2560,1920\" data-comments-opened=\"1\" data-image-meta=\"{&quot;aperture&quot;:&quot;1.8&quot;,&quot;credit&quot;:&quot;&quot;,&quot;camera&quot;:&quot;iPhone 7&quot;,&quot;caption&quot;:&quot;&quot;,&quot;created_timestamp&quot;:&quot;1655816260&quot;,&quot;copyright&quot;:&quot;&quot;,&quot;focal_length&quot;:&quot;3.99&quot;,&quot;iso&quot;:&quot;100&quot;,&quot;shutter_speed&quot;:&quot;0.090909090909091&quot;,&quot;title&quot;:&quot;&quot;,&quot;orientation&quot;:&quot;1&quot;}\" data-image-title=\"Malgr\u00e9 tout 5\" data-image-description=\"\" data-image-caption=\"\" data-large-file=\"https:\/\/i0.wp.com\/www.jojoenherbe.com\/wp-content\/uploads\/2024\/02\/Malgre-tout-5-scaled.jpg?fit=676%2C507&amp;ssl=1\" class=\"size-thumbnail wp-image-34796 alignright\" src=\"https:\/\/i0.wp.com\/www.jojoenherbe.com\/wp-content\/uploads\/2024\/02\/Malgre-tout-5.jpg?resize=150%2C150\" alt=\"\" width=\"150\" height=\"150\" srcset=\"https:\/\/i0.wp.com\/www.jojoenherbe.com\/wp-content\/uploads\/2024\/02\/Malgre-tout-5-scaled.jpg?resize=150%2C150&amp;ssl=1 150w, https:\/\/i0.wp.com\/www.jojoenherbe.com\/wp-content\/uploads\/2024\/02\/Malgre-tout-5-scaled.jpg?zoom=2&amp;resize=150%2C150 300w, https:\/\/i0.wp.com\/www.jojoenherbe.com\/wp-content\/uploads\/2024\/02\/Malgre-tout-5-scaled.jpg?zoom=3&amp;resize=150%2C150 450w\" sizes=\"auto, (max-width: 150px) 100vw, 150px\" \/><\/a>Leur histoire est belle, touchante et romantique m\u00eame si elle a pris le temps d&rsquo;une vie pour ce couple aux personnalit\u00e9s bien diff\u00e9rentes, \u00e0 l&rsquo;instar de leur pr\u00e9nom, chacun \u00e0 l\u2019extr\u00e9mit\u00e9 de l&rsquo;alphabet (A et Z), d&rsquo;oser afficher au grand jour leurs sentiments tus jusqu&rsquo;alors, entre occasions manqu\u00e9es, doutes, al\u00e9as de la vie priv\u00e9e et professionnelle, non-dits ou peur de sauter le pas dans cet amour fou. Les deux ont une vie bien remplie: elle: mari\u00e9e, m\u00e8re et maire de sa ville, aux faux airs d&rsquo;Audrey Hepburn et d&rsquo;une autre h\u00e9ro\u00efne de Jordi Lafebre tout aussi espi\u00e8gle mais blonde<span style=\"text-decoration: underline;\">,<\/span> Eva Rojas dans <a href=\"https:\/\/www.jojoenherbe.com\/index.php\/2023\/11\/20\/au-fil-des-pages-avec-je-suis-leur-silence\/\"><span style=\"text-decoration: underline;\">Je suis leur silence<\/span><\/a> et lui, ancien libraire qui a pass\u00e9 sa vie \u00e0 \u00e9crire sa th\u00e8se, \u00e0 voyager \u00e0 travers le monde, \u00e0 ne jamais s&rsquo;engager sentimentalement et \u00e0 l&rsquo;esprit boh\u00eame.<\/em><\/p>\n<p style=\"text-align: justify;\"><em>J&rsquo;ai aussi bien appr\u00e9ci\u00e9 les illustrations color\u00e9es, expressives (notamment dans les \u00e9changes de regard), dynamiques, pleines de pep&rsquo;s et qui nous entra\u00eenent dans le tourbillon des \u00e9motions du couple Ana\/Zeno, me faisant penser \u00e0 la chanson de Serge Rezvani, <span style=\"text-decoration: underline;\">Le tourbillon de la vie<\/span> chant\u00e9e par Jeanne Moreau. Un tr\u00e8s bon moment de lecture avec cette histoire p\u00e9tillante et l\u00e9g\u00e8re d&rsquo;Ana et de Zeno mais bien plus am\u00e8re pour Guiseppe, l&rsquo;\u00e9poux d&rsquo;Ana et dont on peut la relire \u00e0 l&rsquo;envers, du chapitre 1 \u00e0 20!<\/em><\/p>\n<p><em>Pour d&rsquo;autres avis sur cette BD: <a href=\"https:\/\/vivrelivre19.over-blog.com\/2024\/02\/malgre-tout.jordi-lefebre-2020-bd.html\">Blandine<\/a> et <a href=\"https:\/\/toursetculture.com\/2024\/02\/14\/bd-malgre-tout-jordi-lafebre\/\">Eimelle<\/a>.<\/em><\/p>\n<p><span class=\"embed-youtube\" style=\"text-align:center; display: block;\"><iframe loading=\"lazy\" class=\"youtube-player\" width=\"676\" height=\"381\" src=\"https:\/\/www.youtube.com\/embed\/ycprr4iYLTA?version=3&#038;rel=1&#038;showsearch=0&#038;showinfo=1&#038;iv_load_policy=1&#038;fs=1&#038;hl=fr-FR&#038;autohide=2&#038;wmode=transparent\" allowfullscreen=\"true\" style=\"border:0;\" sandbox=\"allow-scripts allow-same-origin allow-popups allow-presentation allow-popups-to-escape-sandbox\"><\/iframe><\/span><\/p>\n<div id=\"attachment_19954\" style=\"width: 121px\" class=\"wp-caption aligncenter\"><img loading=\"lazy\" decoding=\"async\" aria-describedby=\"caption-attachment-19954\" class=\"wp-image-19954\" src=\"https:\/\/i0.wp.com\/mapetitemediatheque.fr\/wp-content\/uploads\/2021\/11\/Inkedle-tour-du-monde-en-80-livres-2_LI.jpg?resize=116%2C87&amp;ssl=1\" sizes=\"auto, (max-width: 500px) 100vw, 500px\" srcset=\"https:\/\/i0.wp.com\/mapetitemediatheque.fr\/wp-content\/uploads\/2021\/11\/Inkedle-tour-du-monde-en-80-livres-2_LI.jpg?resize=116%2C87&amp;ssl=1 500w, https:\/\/mapetitemediatheque.fr\/wp-content\/uploads\/2021\/11\/Inkedle-tour-du-monde-en-80-livres-2_LI-300x226.jpg 300w, https:\/\/mapetitemediatheque.fr\/wp-content\/uploads\/2021\/11\/Inkedle-tour-du-monde-en-80-livres-2_LI-120x90.jpg 120w\" alt=\"\" width=\"111\" height=\"83\" aria-describedby=\"caption-attachment-19954\" \/><p id=\"caption-attachment-19954\" class=\"wp-caption-text\">Participation #3 (Parcours illustr\u00e9) Challenge Le tour du monde en 80 livres 2024 de <em><a href=\"https:\/\/mapetitemediatheque.fr\/2023\/12\/le-tour-du-monde-en-80-livres-embarquez-pour-2024\/\">Bidib<\/a><\/em> #Espagne<\/p><\/div>\n\n\n<p><\/p>\n","protected":false},"excerpt":{"rendered":"<p>J\u2019avais lu, en mai 2022, Malgr\u00e9 tout de Jordi Lafebre (\u00e9d. Dargaud, septembre 2020, 152 pages), un roman graphique avec l\u2019histoire d\u2019un amour \u00e0 rebours entre Ana et Zeno, l&rsquo;auteur partant du chapitre 20 au chapitre 1. D\u00e9sormais sexag\u00e9naires, ils arrivent \u00e0 un nouveau tournant de leur vie. Mais que s&rsquo;est-il pass\u00e9 depuis 37 ans [&hellip;]<\/p>\n","protected":false},"author":1,"featured_media":25682,"comment_status":"open","ping_status":"open","sticky":false,"template":"","format":"standard","meta":{"jetpack_post_was_ever_published":false,"_jetpack_newsletter_access":"","_jetpack_dont_email_post_to_subs":false,"_jetpack_newsletter_tier_id":0,"_jetpack_memberships_contains_paywalled_content":false,"_jetpack_memberships_contains_paid_content":false,"footnotes":""},"categories":[363],"tags":[1347,777,596,2087,3072,459,3196,4014,702,2088,844],"class_list":["post-29895","post","type-post","status-publish","format-standard","has-post-thumbnail","hentry","category-mini-lecteur","tag-18-ans-et-plus","tag-amour","tag-bandes-dessinees","tag-bd-adulte","tag-couple","tag-famille","tag-jordi-lafebre","tag-le-tour-du-monde-en-80-livres-2024","tag-passion","tag-roman-graphique","tag-romance","post-preview"],"jetpack_featured_media_url":"https:\/\/i0.wp.com\/www.jojoenherbe.com\/wp-content\/uploads\/2022\/05\/Malgre-tout-scaled.jpg?fit=2560%2C1939&ssl=1","jetpack_sharing_enabled":true,"jetpack_shortlink":"https:\/\/wp.me\/p9zhGx-7Mb","jetpack_likes_enabled":true,"jetpack-related-posts":[{"id":39707,"url":"https:\/\/www.jojoenherbe.com\/index.php\/2025\/06\/12\/throwback-thursday-livresque-titre-en-deux-mots\/","url_meta":{"origin":29895,"position":0},"title":"Throwback Thursday Livresque: Titre en deux mots","author":"Jojo","date":"12 juin 2025","format":false,"excerpt":"Ce jeudi 12 juin 2025, je participe au Throwback Thursday Livresque, un rendez-vous livresque initialement chez Bettie Rose Books et repris depuis par Carole, les liens \u00e9tant \u00e0 d\u00e9poser chez My-Bo0ks. Le principe est de partager chaque jeudi un livre en fonction d\u2019un th\u00e8me donn\u00e9. Cette semaine, le th\u00e8me est\u2026","rel":"","context":"Dans &quot;Mini blogueur&quot;","block_context":{"text":"Mini blogueur","link":"https:\/\/www.jojoenherbe.com\/index.php\/category\/mini-blogueur\/"},"img":{"alt_text":"","src":"https:\/\/i0.wp.com\/www.jojoenherbe.com\/wp-content\/uploads\/2023\/10\/TTL-logo.jpg?resize=350%2C200","width":350,"height":200},"classes":[]},{"id":33070,"url":"https:\/\/www.jojoenherbe.com\/index.php\/2023\/11\/20\/au-fil-des-pages-avec-je-suis-leur-silence\/","url_meta":{"origin":29895,"position":1},"title":"Au fil des pages avec Je suis leur silence","author":"Jojo","date":"20 novembre 2023","format":false,"excerpt":"Apr\u00e8s avoir bien appr\u00e9ci\u00e9 Malgr\u00e9 tout, j'ai eu envie de lire sa derni\u00e8re BD, Je suis leur silence de Jordi Lafebre (\u00e9d. Dargaud, octobre 2023, 112 pages), une BD adulte sous-titr\u00e9 Un polar \u00e0 Barcelone et qui est consultable en ligne gr\u00e2ce \u00e0 ma m\u00e9diath\u00e8que.\u00a0 De nos jours, \u00e0 Barcelone,\u2026","rel":"","context":"Dans &quot;Mini lecteur&quot;","block_context":{"text":"Mini lecteur","link":"https:\/\/www.jojoenherbe.com\/index.php\/category\/mini-lecteur\/"},"img":{"alt_text":"","src":"https:\/\/i0.wp.com\/www.jojoenherbe.com\/wp-content\/uploads\/2023\/11\/Je-suis-leur-silence.jpg?fit=750%2C1138&ssl=1&resize=350%2C200","width":350,"height":200,"srcset":"https:\/\/i0.wp.com\/www.jojoenherbe.com\/wp-content\/uploads\/2023\/11\/Je-suis-leur-silence.jpg?fit=750%2C1138&ssl=1&resize=350%2C200 1x, https:\/\/i0.wp.com\/www.jojoenherbe.com\/wp-content\/uploads\/2023\/11\/Je-suis-leur-silence.jpg?fit=750%2C1138&ssl=1&resize=525%2C300 1.5x, https:\/\/i0.wp.com\/www.jojoenherbe.com\/wp-content\/uploads\/2023\/11\/Je-suis-leur-silence.jpg?fit=750%2C1138&ssl=1&resize=700%2C400 2x"},"classes":[]},{"id":25634,"url":"https:\/\/www.jojoenherbe.com\/index.php\/2022\/05\/23\/point-lecture-hebdomadaire-42\/","url_meta":{"origin":29895,"position":2},"title":"Point lecture hebdomadaire #42","author":"Jojo","date":"23 mai 2022","format":false,"excerpt":"En ce d\u00e9but de semaine, voici notre point lecture hebdomadaire avec un retour sur nos lectures de la semaine derni\u00e8re (mais pas nos relectures) et ma lecture en cours. Une semaine avec beaucoup de BD! Nos lectures du\u00a0 16 au 22 mai 2022: Des lectures jeunesse: (Album jeunesse) Sidonie Souris\u2026","rel":"","context":"Dans &quot;Mini blogueur&quot;","block_context":{"text":"Mini blogueur","link":"https:\/\/www.jojoenherbe.com\/index.php\/category\/mini-blogueur\/"},"img":{"alt_text":"","src":"https:\/\/i0.wp.com\/www.jojoenherbe.com\/wp-content\/uploads\/2022\/05\/Point-lecture-hebdo-42-scaled.jpg?fit=1200%2C835&ssl=1&resize=350%2C200","width":350,"height":200,"srcset":"https:\/\/i0.wp.com\/www.jojoenherbe.com\/wp-content\/uploads\/2022\/05\/Point-lecture-hebdo-42-scaled.jpg?fit=1200%2C835&ssl=1&resize=350%2C200 1x, https:\/\/i0.wp.com\/www.jojoenherbe.com\/wp-content\/uploads\/2022\/05\/Point-lecture-hebdo-42-scaled.jpg?fit=1200%2C835&ssl=1&resize=525%2C300 1.5x, https:\/\/i0.wp.com\/www.jojoenherbe.com\/wp-content\/uploads\/2022\/05\/Point-lecture-hebdo-42-scaled.jpg?fit=1200%2C835&ssl=1&resize=700%2C400 2x, https:\/\/i0.wp.com\/www.jojoenherbe.com\/wp-content\/uploads\/2022\/05\/Point-lecture-hebdo-42-scaled.jpg?fit=1200%2C835&ssl=1&resize=1050%2C600 3x"},"classes":[]},{"id":33044,"url":"https:\/\/www.jojoenherbe.com\/index.php\/2023\/11\/20\/point-lecture-hebdomadaire-2023-46\/","url_meta":{"origin":29895,"position":3},"title":"Point lecture hebdomadaire 2023 #46","author":"Jojo","date":"20 novembre 2023","format":false,"excerpt":"En ce d\u00e9but de semaine, voici notre point lecture hebdomadaire avec un retour sur nos lectures de la semaine derni\u00e8re (mais pas nos relectures) et qui sont encore un peu halloweenesque. D'ailleurs, du 10 au 30 novembre, c'est No\u00eblloween avec les copinautes, Hilde, Lou, Chicky Poo et Samarian. Nos lectures\u2026","rel":"","context":"Dans &quot;Mini blogueur&quot;","block_context":{"text":"Mini blogueur","link":"https:\/\/www.jojoenherbe.com\/index.php\/category\/mini-blogueur\/"},"img":{"alt_text":"","src":"https:\/\/i0.wp.com\/www.jojoenherbe.com\/wp-content\/uploads\/2023\/11\/Charlock-T7-150x150.jpg?resize=350%2C200","width":350,"height":200},"classes":[]},{"id":36794,"url":"https:\/\/www.jojoenherbe.com\/index.php\/2024\/08\/01\/au-fil-des-pages-avec-amour-et-amitie\/","url_meta":{"origin":29895,"position":4},"title":"Au fil des pages avec Amour et amiti\u00e9","author":"Jojo","date":"1 ao\u00fbt 2024","format":false,"excerpt":"Pendant le Mois Anglais 2024, j'ai lu, en e-book, Amour et amiti\u00e9 de Jane Austen (\u00e9d. Folio Poche, novembre 2019, 96 pages), un court roman \u00e9pistolaire, proche de la nouvelle en taille, faisant partie des Juvenilia, les \u0153uvres de jeunesse de l'autrice et \u00e9crit vers ses 15 ans, en 1790\u2026","rel":"","context":"Dans &quot;Mini lecteur&quot;","block_context":{"text":"Mini lecteur","link":"https:\/\/www.jojoenherbe.com\/index.php\/category\/mini-lecteur\/"},"img":{"alt_text":"","src":"https:\/\/i0.wp.com\/www.jojoenherbe.com\/wp-content\/uploads\/2024\/07\/Amour-et-amitie.jpg?fit=675%2C1200&ssl=1&resize=350%2C200","width":350,"height":200,"srcset":"https:\/\/i0.wp.com\/www.jojoenherbe.com\/wp-content\/uploads\/2024\/07\/Amour-et-amitie.jpg?fit=675%2C1200&ssl=1&resize=350%2C200 1x, https:\/\/i0.wp.com\/www.jojoenherbe.com\/wp-content\/uploads\/2024\/07\/Amour-et-amitie.jpg?fit=675%2C1200&ssl=1&resize=525%2C300 1.5x"},"classes":[]},{"id":42897,"url":"https:\/\/www.jojoenherbe.com\/index.php\/2026\/02\/18\/au-fil-des-pages-avec-les-jours-sucres\/","url_meta":{"origin":29895,"position":5},"title":"Au fil des pages avec Les jours sucr\u00e9s","author":"Jojo","date":"18 f\u00e9vrier 2026","format":false,"excerpt":"J'ai lu, en version num\u00e9rique via ma m\u00e9diath\u00e8que, Les jours sucr\u00e9s de Lo\u00efc Cl\u00e9ment et Anne Montel (\u00e9d. Dargaud, f\u00e9vrier 2016, 148 pages), un roman graphique qui se d\u00e9cline comme une BD (romance) feel good contemporaine. Au d\u00e9c\u00e8s de son p\u00e8re, \u00c9glantine Larticho, \u00e2g\u00e9e de 25 ans, revient \u00e0 Klervi,\u2026","rel":"","context":"Dans &quot;Mini lecteur&quot;","block_context":{"text":"Mini lecteur","link":"https:\/\/www.jojoenherbe.com\/index.php\/category\/mini-lecteur\/"},"img":{"alt_text":"","src":"https:\/\/i0.wp.com\/www.jojoenherbe.com\/wp-content\/uploads\/2026\/02\/Les-jours-sucres.jpg?fit=748%2C1055&ssl=1&resize=350%2C200","width":350,"height":200,"srcset":"https:\/\/i0.wp.com\/www.jojoenherbe.com\/wp-content\/uploads\/2026\/02\/Les-jours-sucres.jpg?fit=748%2C1055&ssl=1&resize=350%2C200 1x, https:\/\/i0.wp.com\/www.jojoenherbe.com\/wp-content\/uploads\/2026\/02\/Les-jours-sucres.jpg?fit=748%2C1055&ssl=1&resize=525%2C300 1.5x, https:\/\/i0.wp.com\/www.jojoenherbe.com\/wp-content\/uploads\/2026\/02\/Les-jours-sucres.jpg?fit=748%2C1055&ssl=1&resize=700%2C400 2x"},"classes":[]}],"_links":{"self":[{"href":"https:\/\/www.jojoenherbe.com\/index.php\/wp-json\/wp\/v2\/posts\/29895","targetHints":{"allow":["GET"]}}],"collection":[{"href":"https:\/\/www.jojoenherbe.com\/index.php\/wp-json\/wp\/v2\/posts"}],"about":[{"href":"https:\/\/www.jojoenherbe.com\/index.php\/wp-json\/wp\/v2\/types\/post"}],"author":[{"embeddable":true,"href":"https:\/\/www.jojoenherbe.com\/index.php\/wp-json\/wp\/v2\/users\/1"}],"replies":[{"embeddable":true,"href":"https:\/\/www.jojoenherbe.com\/index.php\/wp-json\/wp\/v2\/comments?post=29895"}],"version-history":[{"count":13,"href":"https:\/\/www.jojoenherbe.com\/index.php\/wp-json\/wp\/v2\/posts\/29895\/revisions"}],"predecessor-version":[{"id":37855,"href":"https:\/\/www.jojoenherbe.com\/index.php\/wp-json\/wp\/v2\/posts\/29895\/revisions\/37855"}],"wp:featuredmedia":[{"embeddable":true,"href":"https:\/\/www.jojoenherbe.com\/index.php\/wp-json\/wp\/v2\/media\/25682"}],"wp:attachment":[{"href":"https:\/\/www.jojoenherbe.com\/index.php\/wp-json\/wp\/v2\/media?parent=29895"}],"wp:term":[{"taxonomy":"category","embeddable":true,"href":"https:\/\/www.jojoenherbe.com\/index.php\/wp-json\/wp\/v2\/categories?post=29895"},{"taxonomy":"post_tag","embeddable":true,"href":"https:\/\/www.jojoenherbe.com\/index.php\/wp-json\/wp\/v2\/tags?post=29895"}],"curies":[{"name":"wp","href":"https:\/\/api.w.org\/{rel}","templated":true}]}}