{"id":29599,"date":"2023-02-13T13:31:11","date_gmt":"2023-02-13T12:31:11","guid":{"rendered":"https:\/\/www.jojoenherbe.com\/?p=29599"},"modified":"2023-03-13T10:21:26","modified_gmt":"2023-03-13T09:21:26","slug":"point-lecture-hebdomadaire-2023-6","status":"publish","type":"post","link":"https:\/\/www.jojoenherbe.com\/index.php\/2023\/02\/13\/point-lecture-hebdomadaire-2023-6\/","title":{"rendered":"Point lecture hebdomadaire 2023 #6"},"content":{"rendered":"<p><em>En ce d\u00e9but de semaine, voici notre point lecture hebdomadaire avec un retour sur nos lectures de la semaine derni\u00e8re (mais pas nos relectures).<\/em><\/p>\n<p><span style=\"text-decoration: underline;\"><strong>Nos lectures du 6 au 12 f\u00e9vrier 2023<\/strong><\/span><strong>:<\/strong><\/p>\n<p><em><span style=\"text-decoration: underline;\">Des lectures jeunesse<\/span>:<\/em><\/p>\n<ul>\n<li style=\"text-align: justify;\"><em>(Roman jeunesse) <strong><span style=\"text-decoration: underline;\">Charlock, Le chabominable Monstre des Neiges<\/span><\/strong> de S\u00e9bastien Perez et Benjamin Lacombe <strong>(T6)<\/strong><br \/>\n<\/em><\/li>\n<\/ul>\n<p style=\"text-align: justify;\"><em><a href=\"https:\/\/i0.wp.com\/www.jojoenherbe.com\/wp-content\/uploads\/2023\/02\/Charlock-T6-scaled.jpg\"><img data-recalc-dims=\"1\" loading=\"lazy\" decoding=\"async\" data-attachment-id=\"29669\" data-permalink=\"https:\/\/www.jojoenherbe.com\/index.php\/2023\/02\/13\/point-lecture-hebdomadaire-2023-6\/charlock-t6\/\" data-orig-file=\"https:\/\/i0.wp.com\/www.jojoenherbe.com\/wp-content\/uploads\/2023\/02\/Charlock-T6-scaled.jpg?fit=2560%2C1920&amp;ssl=1\" data-orig-size=\"2560,1920\" data-comments-opened=\"1\" data-image-meta=\"{&quot;aperture&quot;:&quot;1.8&quot;,&quot;credit&quot;:&quot;&quot;,&quot;camera&quot;:&quot;iPhone 7&quot;,&quot;caption&quot;:&quot;&quot;,&quot;created_timestamp&quot;:&quot;1676305328&quot;,&quot;copyright&quot;:&quot;&quot;,&quot;focal_length&quot;:&quot;3.99&quot;,&quot;iso&quot;:&quot;100&quot;,&quot;shutter_speed&quot;:&quot;0.071428571428571&quot;,&quot;title&quot;:&quot;&quot;,&quot;orientation&quot;:&quot;1&quot;}\" data-image-title=\"Charlock T6\" data-image-description=\"\" data-image-caption=\"\" data-large-file=\"https:\/\/i0.wp.com\/www.jojoenherbe.com\/wp-content\/uploads\/2023\/02\/Charlock-T6-scaled.jpg?fit=676%2C507&amp;ssl=1\" class=\"alignleft size-thumbnail wp-image-29669\" src=\"https:\/\/i0.wp.com\/www.jojoenherbe.com\/wp-content\/uploads\/2023\/02\/Charlock-T6.jpg?resize=150%2C150\" alt=\"\" width=\"150\" height=\"150\" srcset=\"https:\/\/i0.wp.com\/www.jojoenherbe.com\/wp-content\/uploads\/2023\/02\/Charlock-T6-scaled.jpg?resize=150%2C150&amp;ssl=1 150w, https:\/\/i0.wp.com\/www.jojoenherbe.com\/wp-content\/uploads\/2023\/02\/Charlock-T6-scaled.jpg?zoom=2&amp;resize=150%2C150 300w, https:\/\/i0.wp.com\/www.jojoenherbe.com\/wp-content\/uploads\/2023\/02\/Charlock-T6-scaled.jpg?zoom=3&amp;resize=150%2C150 450w\" sizes=\"auto, (max-width: 150px) 100vw, 150px\" \/><\/a>En attendant la parution mercredi 8 f\u00e9vrier 2023 du tome 6, nous avons relu le pr\u00e9c\u00e9dent, <a href=\"https:\/\/www.jojoenherbe.com\/index.php\/2022\/07\/12\/au-fil-des-pages-avec-le-tome-5-de-charlock\/\"><span style=\"text-decoration: underline;\">\u00c0 la recherche du Tikki d&rsquo;Or<\/span><\/a>. Puis \u00e0 peine achet\u00e9, nous avons commenc\u00e9 \u00e0 lire dans le tram le dernier tome, <span style=\"text-decoration: underline;\">Le chabominable Monstre des Neiges<\/span> de S\u00e9bastien Perez et Benjamin Lacombe (\u00e9d. Flammarion Jeunesse, 2023, 80 pages), un roman jeunesse pour les 8\/10 ans. Nous retrouvons Charlock dans sa vie du tome 1 avec Mam&rsquo;zelle Marcelle et Magali la souris. Ils se rendent en Suisse, en 1976 dans le petit village d\u2019Appenzell o\u00f9 une myst\u00e9rieuse cr\u00e9ature terrifie les animaux locaux. Charlock et son amie Magali partent alors enqu\u00eater. Nous avons pris plaisir \u00e0 retrouver Charlock et les illustrations de Benjamin Lacombe. Un bon moment de lecture tourn\u00e9 vers l&rsquo;aventure et avec moins d&rsquo;humour que dans les premiers tomes!<\/em><\/p>\n<ul>\n<li style=\"text-align: justify;\"><em>(Album jeunesse) <strong><span style=\"text-decoration: underline;\">Par une nuit d&rsquo;hiver<\/span><\/strong> de Catherine Pallaro et Hualing Xu<\/em><\/li>\n<\/ul>\n<p style=\"text-align: justify;\"><em><a href=\"https:\/\/i0.wp.com\/www.jojoenherbe.com\/wp-content\/uploads\/2023\/02\/Par-une-nuit-dhiver-scaled.jpg\"><img data-recalc-dims=\"1\" loading=\"lazy\" decoding=\"async\" data-attachment-id=\"29676\" data-permalink=\"https:\/\/www.jojoenherbe.com\/index.php\/2023\/02\/13\/point-lecture-hebdomadaire-2023-6\/par-une-nuit-dhiver\/\" data-orig-file=\"https:\/\/i0.wp.com\/www.jojoenherbe.com\/wp-content\/uploads\/2023\/02\/Par-une-nuit-dhiver-scaled.jpg?fit=2560%2C2096&amp;ssl=1\" data-orig-size=\"2560,2096\" data-comments-opened=\"1\" data-image-meta=\"{&quot;aperture&quot;:&quot;1.8&quot;,&quot;credit&quot;:&quot;&quot;,&quot;camera&quot;:&quot;iPhone 7&quot;,&quot;caption&quot;:&quot;&quot;,&quot;created_timestamp&quot;:&quot;1676370910&quot;,&quot;copyright&quot;:&quot;&quot;,&quot;focal_length&quot;:&quot;3.99&quot;,&quot;iso&quot;:&quot;80&quot;,&quot;shutter_speed&quot;:&quot;0.14285714285714&quot;,&quot;title&quot;:&quot;&quot;,&quot;orientation&quot;:&quot;1&quot;}\" data-image-title=\"Par une nuit d&amp;rsquo;hiver\" data-image-description=\"\" data-image-caption=\"\" data-large-file=\"https:\/\/i0.wp.com\/www.jojoenherbe.com\/wp-content\/uploads\/2023\/02\/Par-une-nuit-dhiver-scaled.jpg?fit=676%2C553&amp;ssl=1\" class=\"size-thumbnail wp-image-29676 alignright\" src=\"https:\/\/i0.wp.com\/www.jojoenherbe.com\/wp-content\/uploads\/2023\/02\/Par-une-nuit-dhiver.jpg?resize=150%2C150\" alt=\"\" width=\"150\" height=\"150\" srcset=\"https:\/\/i0.wp.com\/www.jojoenherbe.com\/wp-content\/uploads\/2023\/02\/Par-une-nuit-dhiver-scaled.jpg?resize=150%2C150&amp;ssl=1 150w, https:\/\/i0.wp.com\/www.jojoenherbe.com\/wp-content\/uploads\/2023\/02\/Par-une-nuit-dhiver-scaled.jpg?zoom=2&amp;resize=150%2C150 300w, https:\/\/i0.wp.com\/www.jojoenherbe.com\/wp-content\/uploads\/2023\/02\/Par-une-nuit-dhiver-scaled.jpg?zoom=3&amp;resize=150%2C150 450w\" sizes=\"auto, (max-width: 150px) 100vw, 150px\" \/><\/a>Nous avons lu <span style=\"text-decoration: underline;\">Par une nuit d&rsquo;hiver<\/span> de Catherine Pallaro et Hualing Xu (\u00e9d. Didier Jeunesse, 2022), un album\u00a0 jeunesse \u00e0 partir de 3 ans et joliment illustr\u00e9. Surpris par la neige qui est tomb\u00e9e d&rsquo;un coup, un petit moineau bless\u00e9 cherche un abri mais l&rsquo;un apr\u00e8s l&rsquo;autre, les arbres refusent leur protection jusqu&rsquo;\u00e0 ce qu&rsquo;une branche de sapin se d\u00e9ploie vers lui. Ce sapin l&rsquo;accueillera-t-il? Il y est question d&rsquo;accueil, d&rsquo;entraide et d&rsquo;hospitalit\u00e9. Les illustrations \u00e0 la peinture \u00e0 l&rsquo;huile de Hualing Xu renforcent la petitesse et la fragilit\u00e9 du moineau au c\u0153ur de la nuit hivernale enneig\u00e9e. Un bon moment de lecture avec cet album jeunesse qui donne une explication po\u00e9tique au fait que les sapins gardent toujours leurs \u00e9pines vertes!<\/em><\/p>\n<p><em><span style=\"text-decoration: underline;\">Des lectures adulte<\/span>:<\/em><\/p>\n<p style=\"text-align: justify;\"><em>Parmi les romans adultes que j\u2019ai lus cette semaine, je ne parlerai dans ce billet que de certains.<\/em><\/p>\n<ul>\n<li><em>(Dark romance dystopique) <strong><span style=\"text-decoration: underline;\">Le sanctuaire des vices<\/span><\/strong> de Shay Carrot<\/em><\/li>\n<\/ul>\n<p style=\"text-align: justify;\"><em><a href=\"https:\/\/i0.wp.com\/www.jojoenherbe.com\/wp-content\/uploads\/2023\/02\/Le-sanctuaire-des-vices.jpg\"><img data-recalc-dims=\"1\" loading=\"lazy\" decoding=\"async\" data-attachment-id=\"29606\" data-permalink=\"https:\/\/www.jojoenherbe.com\/index.php\/2023\/02\/13\/point-lecture-hebdomadaire-2023-6\/le-sanctuaire-des-vices\/\" data-orig-file=\"https:\/\/i0.wp.com\/www.jojoenherbe.com\/wp-content\/uploads\/2023\/02\/Le-sanctuaire-des-vices.jpg?fit=750%2C1334&amp;ssl=1\" data-orig-size=\"750,1334\" data-comments-opened=\"1\" data-image-meta=\"{&quot;aperture&quot;:&quot;0&quot;,&quot;credit&quot;:&quot;&quot;,&quot;camera&quot;:&quot;&quot;,&quot;caption&quot;:&quot;&quot;,&quot;created_timestamp&quot;:&quot;0&quot;,&quot;copyright&quot;:&quot;&quot;,&quot;focal_length&quot;:&quot;0&quot;,&quot;iso&quot;:&quot;0&quot;,&quot;shutter_speed&quot;:&quot;0&quot;,&quot;title&quot;:&quot;&quot;,&quot;orientation&quot;:&quot;0&quot;}\" data-image-title=\"Le sanctuaire des vices\" data-image-description=\"\" data-image-caption=\"\" data-large-file=\"https:\/\/i0.wp.com\/www.jojoenherbe.com\/wp-content\/uploads\/2023\/02\/Le-sanctuaire-des-vices.jpg?fit=576%2C1024&amp;ssl=1\" class=\"alignleft size-thumbnail wp-image-29606\" src=\"https:\/\/i0.wp.com\/www.jojoenherbe.com\/wp-content\/uploads\/2023\/02\/Le-sanctuaire-des-vices.jpg?resize=150%2C150\" alt=\"\" width=\"150\" height=\"150\" srcset=\"https:\/\/i0.wp.com\/www.jojoenherbe.com\/wp-content\/uploads\/2023\/02\/Le-sanctuaire-des-vices.jpg?resize=150%2C150&amp;ssl=1 150w, https:\/\/i0.wp.com\/www.jojoenherbe.com\/wp-content\/uploads\/2023\/02\/Le-sanctuaire-des-vices.jpg?zoom=2&amp;resize=150%2C150 300w, https:\/\/i0.wp.com\/www.jojoenherbe.com\/wp-content\/uploads\/2023\/02\/Le-sanctuaire-des-vices.jpg?zoom=3&amp;resize=150%2C150 450w\" sizes=\"auto, (max-width: 150px) 100vw, 150px\" \/><\/a>J&rsquo;ai lu, en e-book, <span style=\"text-decoration: underline;\">Le sanctuaire des vices<\/span> de Shay Carrot (\u00e9d.Auto\u00e9dition, 2020, 503 pages), une dark romance dystopique pour adultes sous fond de romance improbable. Pour sauver sa famille contamin\u00e9e par un virus mortel, Clara devient prisonni\u00e8re d&rsquo;une t\u00e9l\u00e9r\u00e9alit\u00e9 ill\u00e9gale et cruelle, Le sanctuaire des vices, r\u00e9serv\u00e9e aux personnes fortun\u00e9es. Les participants du sanctuaire tout aussi prisonniers que Carla tentent de survivre tout en se pliant aux missions et manipulations de la production pour satisfaire les plaisirs cruels, pervers et sadiques des spectateurs et en se prot\u00e9geant \u00e9galement du plus inhumain des participants, Miguel, le Prince de la Guerre.\u00a0 Clara parviendra-t-elle \u00e0 en \u00e9chapper? D\u00e9termin\u00e9e \u00e0 gagner ce jeu et sa libert\u00e9, la jeune femme de 26 ans pense que la r\u00e9ponse est de tuer Miguel. <\/em><\/p>\n<p style=\"text-align: justify;\"><em>L&rsquo;autrice a imagin\u00e9 une t\u00e9l\u00e9r\u00e9alit\u00e9 pouss\u00e9e \u00e0 l&rsquo;extr\u00eame violence (avant tout \u00e0 l&rsquo;encontre des femmes) qui fait froid dans le dos tellement elle pourrait malheureusement exister, entre un Loft Story trash et un Hunger Games avec une dominante violente sexuelle. J&rsquo;aurai appr\u00e9ci\u00e9 que le c\u00f4t\u00e9 \u00ab\u00a0pantin\u00a0\u00bb de Miguel soit plus approfondi puisqu&rsquo;il est tout autant manipul\u00e9 par la production et prisonnier que les autres participants \u00e0 ce sordide jeu. La pr\u00e9sence de Carla, une jeune femme courageuse et au mental fort va en effet faire ressortir petit \u00e0 petit la part d&rsquo;humanit\u00e9 de Miguel que ce dernier avait fait taire pour tout simplement survivre \u00e0 l&rsquo;horreur. Un moment de lecture tr\u00e8s sombre qui interroge sur la nature humaine et qui se termine pourtant bien pour le couple Carla\/Miguel qui aura le reste de leur vie pour surmonter les traumatismes subis!<\/em><\/p>\n<ul>\n<li style=\"text-align: justify;\"><em>(Romantasy) <strong><span style=\"text-decoration: underline;\">Amour et magie<\/span>, <span style=\"text-decoration: underline;\">Pour le c\u0153ur d&rsquo;une sorci\u00e8re<\/span><\/strong> de Nadine Mutas <strong>(T1)<\/strong><\/em><\/li>\n<\/ul>\n<p style=\"text-align: justify;\"><em><a href=\"https:\/\/i0.wp.com\/www.jojoenherbe.com\/wp-content\/uploads\/2023\/02\/Pour-le-coeur-dune-sorciere-T1.jpg\"><img data-recalc-dims=\"1\" loading=\"lazy\" decoding=\"async\" data-attachment-id=\"29686\" data-permalink=\"https:\/\/www.jojoenherbe.com\/index.php\/2023\/02\/13\/point-lecture-hebdomadaire-2023-6\/pour-le-coeur-dune-sorciere-t1\/\" data-orig-file=\"https:\/\/i0.wp.com\/www.jojoenherbe.com\/wp-content\/uploads\/2023\/02\/Pour-le-coeur-dune-sorciere-T1.jpg?fit=750%2C1334&amp;ssl=1\" data-orig-size=\"750,1334\" data-comments-opened=\"1\" data-image-meta=\"{&quot;aperture&quot;:&quot;0&quot;,&quot;credit&quot;:&quot;&quot;,&quot;camera&quot;:&quot;&quot;,&quot;caption&quot;:&quot;&quot;,&quot;created_timestamp&quot;:&quot;0&quot;,&quot;copyright&quot;:&quot;&quot;,&quot;focal_length&quot;:&quot;0&quot;,&quot;iso&quot;:&quot;0&quot;,&quot;shutter_speed&quot;:&quot;0&quot;,&quot;title&quot;:&quot;&quot;,&quot;orientation&quot;:&quot;0&quot;}\" data-image-title=\"Pour le coeur d&amp;rsquo;une sorci\u00e8re T1\" data-image-description=\"\" data-image-caption=\"\" data-large-file=\"https:\/\/i0.wp.com\/www.jojoenherbe.com\/wp-content\/uploads\/2023\/02\/Pour-le-coeur-dune-sorciere-T1.jpg?fit=576%2C1024&amp;ssl=1\" class=\"size-thumbnail wp-image-29686 alignright\" src=\"https:\/\/i0.wp.com\/www.jojoenherbe.com\/wp-content\/uploads\/2023\/02\/Pour-le-coeur-dune-sorciere-T1.jpg?resize=150%2C150\" alt=\"\" width=\"150\" height=\"150\" srcset=\"https:\/\/i0.wp.com\/www.jojoenherbe.com\/wp-content\/uploads\/2023\/02\/Pour-le-coeur-dune-sorciere-T1.jpg?resize=150%2C150&amp;ssl=1 150w, https:\/\/i0.wp.com\/www.jojoenherbe.com\/wp-content\/uploads\/2023\/02\/Pour-le-coeur-dune-sorciere-T1.jpg?zoom=2&amp;resize=150%2C150 300w, https:\/\/i0.wp.com\/www.jojoenherbe.com\/wp-content\/uploads\/2023\/02\/Pour-le-coeur-dune-sorciere-T1.jpg?zoom=3&amp;resize=150%2C150 450w\" sizes=\"auto, (max-width: 150px) 100vw, 150px\" \/><\/a>Apr\u00e8s le roman pr\u00e9c\u00e9dent, j&rsquo;ai voulu une lecture beaucoup plus l\u00e9g\u00e8re et j&rsquo;ai choisi de lire le tome 1 sur 4 d&rsquo;<span style=\"text-decoration: underline;\">Amour et magie<\/span>: <span style=\"text-decoration: underline;\">Pour le c\u0153ur d&rsquo;une sorci\u00e8re<\/span> de Nadine Mutas (\u00e9d. Auto\u00e9dition, 2015, r\u00e9\u00e9d. 2020, 436 pages), une romance paranormale d&rsquo;urban fantasy. Sa s\u0153ur Maeve ayant \u00e9t\u00e9 enlev\u00e9e par un d\u00e9mon bluotezzer, Merle Mackenna, une sorci\u00e8re de 26 ans, n&rsquo;a pas d&rsquo;autres choix que de lib\u00e9rer un autre d\u00e9mon bluotezzer des Ombres, Rhun m\u00eame si sa grand-m\u00e8re Rowan l&rsquo;y avait enferm\u00e9e 20 ans auparavant. Merle parviendra-t-elle \u00e0 retrouver vivante sa s\u0153ur tout en contenant Rhun en le nourrissant de sang, de plaisir et de souffrance, ce dernier \u00e9tant bien d\u00e9termin\u00e9 \u00e0 ne plus jamais retourner dans les Ombres?<\/em><\/p>\n<p style=\"text-align: justify;\"><em>J&rsquo;ai bien appr\u00e9ci\u00e9 le duo form\u00e9 par Merle et Rhun et leur personnalit\u00e9 (en particulier l&rsquo;humour de Rhun), chacun s&rsquo;interdisant de d\u00e9velopper des sentiments amoureux malgr\u00e9 leur attirance ind\u00e9niable, Merle car Rhun est un d\u00e9mon et par sa nature elle ne peut l&rsquo;aimer et Rhun car Merle n&rsquo;est que le seul moyen pour \u00e9chapper aux Ombres. En effet, l&rsquo;univers magique imagin\u00e9 par l&rsquo;autrice est celui d&rsquo;un monde o\u00f9 sorci\u00e8res et d\u00e9mons ne peuvent coexister ensemble, m\u00eame si Merle s&rsquo;aper\u00e7oit au fil de son enqu\u00eate pour retrouver sa s\u0153ur que la r\u00e9alit\u00e9 n&rsquo;est pas aussi simpliste. Un bon moment de lecture avec ce bit-lit!<\/em><\/p>\n<p style=\"text-align: justify;\"><em>J&rsquo;ai \u00e9galement encha\u00een\u00e9 avec les trois tomes suivants, m\u00eame si le premier est celui que j&rsquo;ai pr\u00e9f\u00e9r\u00e9: <strong><span style=\"text-decoration: underline;\">Pour l&rsquo;amour d&rsquo;un d\u00e9mon<\/span><\/strong> <strong>(T2)<\/strong> avec le duo Lily\/Alek (une romance plus douce avec la meilleure amie sorci\u00e8re de Merle qui est transform\u00e9e malgr\u00e9 elle en d\u00e9mon pour le plus grand plaisir d&rsquo;Alek qui est fou amoureux d&rsquo;elle), <strong><span style=\"text-decoration: underline;\">Pour la passion d&rsquo;une f\u00e9e<\/span> (T3)<\/strong> avec le duo Basil\/Isa (une romance encore plus fleur bleue que la pr\u00e9c\u00e9dente) et enfin <strong><span style=\"text-decoration: underline;\">Amoureuse d&rsquo;un seigneur d\u00e9moniaque<\/span> (T4)<\/strong> avec le duo Maeve\/Arawn (une romance plus sombre au vu du v\u00e9cu de Maeve). J&rsquo;ai appr\u00e9ci\u00e9 que derri\u00e8re chaque romance il y ait des intrigues reliant les quatre tomes, en particulier la pr\u00e9sence du troublant Arawn dont la v\u00e9ritable nature n&rsquo;est d\u00e9voil\u00e9e que dans le quatri\u00e8me tome et la lutte de pouvoirs entre les sorci\u00e8res qui se sont divis\u00e9es en deux clans, Merle et ses amis pensant, comme d&rsquo;autres A\u00een\u00e9es, que tous les d\u00e9mons ne sont pas des ennemis.<\/em><\/p>\n<ul>\n<li><em>(Romantasy ados\/YA) <strong><span style=\"text-decoration: underline;\">Sorcery of Thorns<\/span><\/strong> de Margaret Rogerson<\/em><\/li>\n<\/ul>\n<p style=\"text-align: justify;\"><a href=\"https:\/\/i0.wp.com\/www.jojoenherbe.com\/wp-content\/uploads\/2023\/02\/Sorcery-of-Thorns.jpg\"><img data-recalc-dims=\"1\" loading=\"lazy\" decoding=\"async\" data-attachment-id=\"29607\" data-permalink=\"https:\/\/www.jojoenherbe.com\/index.php\/2023\/02\/13\/point-lecture-hebdomadaire-2023-6\/sorcery-of-thorns\/\" data-orig-file=\"https:\/\/i0.wp.com\/www.jojoenherbe.com\/wp-content\/uploads\/2023\/02\/Sorcery-of-Thorns.jpg?fit=750%2C1334&amp;ssl=1\" data-orig-size=\"750,1334\" data-comments-opened=\"1\" data-image-meta=\"{&quot;aperture&quot;:&quot;0&quot;,&quot;credit&quot;:&quot;&quot;,&quot;camera&quot;:&quot;&quot;,&quot;caption&quot;:&quot;&quot;,&quot;created_timestamp&quot;:&quot;0&quot;,&quot;copyright&quot;:&quot;&quot;,&quot;focal_length&quot;:&quot;0&quot;,&quot;iso&quot;:&quot;0&quot;,&quot;shutter_speed&quot;:&quot;0&quot;,&quot;title&quot;:&quot;&quot;,&quot;orientation&quot;:&quot;0&quot;}\" data-image-title=\"Sorcery of Thorns\" data-image-description=\"\" data-image-caption=\"\" data-large-file=\"https:\/\/i0.wp.com\/www.jojoenherbe.com\/wp-content\/uploads\/2023\/02\/Sorcery-of-Thorns.jpg?fit=576%2C1024&amp;ssl=1\" class=\"size-thumbnail wp-image-29607 alignleft\" src=\"https:\/\/i0.wp.com\/www.jojoenherbe.com\/wp-content\/uploads\/2023\/02\/Sorcery-of-Thorns.jpg?resize=150%2C150\" alt=\"\" width=\"150\" height=\"150\" srcset=\"https:\/\/i0.wp.com\/www.jojoenherbe.com\/wp-content\/uploads\/2023\/02\/Sorcery-of-Thorns.jpg?resize=150%2C150&amp;ssl=1 150w, https:\/\/i0.wp.com\/www.jojoenherbe.com\/wp-content\/uploads\/2023\/02\/Sorcery-of-Thorns.jpg?zoom=2&amp;resize=150%2C150 300w, https:\/\/i0.wp.com\/www.jojoenherbe.com\/wp-content\/uploads\/2023\/02\/Sorcery-of-Thorns.jpg?zoom=3&amp;resize=150%2C150 450w\" sizes=\"auto, (max-width: 150px) 100vw, 150px\" \/><\/a><em>J&rsquo;ai lu <a href=\"https:\/\/www.jojoenherbe.com\/index.php\/2023\/02\/17\/au-fil-des-pages-avec-sorcery-of-thorns\/\"><span style=\"text-decoration: underline;\">Sorcery of Thorns<\/span><\/a> de Margaret Rogerson (\u00e9d. Bragelonne, coll. Big Bang, 2020, 576 pages), une romantasy young adult \u00e0 partir de 15\/16 ans se d\u00e9roulant dans un pass\u00e9 magique alternatif, en 1824. \u00c2g\u00e9e de 16 ans et demi, Elisabeth Scrivener est une orpheline qui se destine \u00e0 \u00eatre gardienne de grande biblioth\u00e8que apr\u00e8s y avoir \u00e9t\u00e9 recueillie b\u00e9b\u00e9 et \u00e9lev\u00e9e parmi les puissants livres de sorts \u00e0 prot\u00e9ger de leur redoutable magie et dans l&rsquo;id\u00e9e tenace de se m\u00e9fier des sorciers. Or, apr\u00e8s le meurtre de la directrice de la Grande Biblioth\u00e8que d&rsquo;Estive, elle est arr\u00eat\u00e9e et emmen\u00e9e par un magister \u00e2g\u00e9 de 18 ans, Nathaniel Thorn afin d&rsquo;\u00eatre interrog\u00e9e \u00e0 Pont-l&rsquo;Airain par le Chancelier Ashcroft. Ce dernier est accompagn\u00e9 de son myst\u00e9rieux serviteur Silas, un d\u00e9mon de haute lign\u00e9e. Avec l&rsquo;aide de Katrien Quillworthy, la meilleure amie d&rsquo;Elisabeth et apprentie \u00e0 Estive, le trio arrivera-t-il \u00e0 d\u00e9jouer la menace qui plane?<\/em><\/p>\n<p style=\"text-align: justify;\"><em>Il y est question de pr\u00e9jug\u00e9s, de discriminations mais aussi de la condition de la femme, l&rsquo;histoire se d\u00e9roulant dans un d\u00e9but du XIXe si\u00e8cle r\u00e9invent\u00e9. J&rsquo;ai appr\u00e9ci\u00e9 l&rsquo;univers magique invent\u00e9 par l&rsquo;autrice avec des grimoires vivants, l&rsquo;histoire d&rsquo;amour toute mignonne entre Elisabeth et Nathaniel et le trio attachant. Un tr\u00e8s bon moment de lecture plein d&rsquo;actions, de complots politiques sous fond de romance!<\/em><\/p>\n<ul>\n<li><em>(Roman d&rsquo;urban fantasy ado\/YA) <span style=\"text-decoration: underline;\"><strong>Humana, L&rsquo;\u00e2me maudite <\/strong><\/span>de Jocabel C. Caballero <strong>(T2)<\/strong><\/em><\/li>\n<\/ul>\n<p style=\"text-align: justify;\"><em><a href=\"https:\/\/i0.wp.com\/www.jojoenherbe.com\/wp-content\/uploads\/2023\/02\/Humana-T2.jpg\"><img data-recalc-dims=\"1\" loading=\"lazy\" decoding=\"async\" data-attachment-id=\"29603\" data-permalink=\"https:\/\/www.jojoenherbe.com\/index.php\/2023\/02\/13\/point-lecture-hebdomadaire-2023-6\/humana-t2\/\" data-orig-file=\"https:\/\/i0.wp.com\/www.jojoenherbe.com\/wp-content\/uploads\/2023\/02\/Humana-T2.jpg?fit=750%2C1334&amp;ssl=1\" data-orig-size=\"750,1334\" data-comments-opened=\"1\" data-image-meta=\"{&quot;aperture&quot;:&quot;0&quot;,&quot;credit&quot;:&quot;&quot;,&quot;camera&quot;:&quot;&quot;,&quot;caption&quot;:&quot;&quot;,&quot;created_timestamp&quot;:&quot;0&quot;,&quot;copyright&quot;:&quot;&quot;,&quot;focal_length&quot;:&quot;0&quot;,&quot;iso&quot;:&quot;0&quot;,&quot;shutter_speed&quot;:&quot;0&quot;,&quot;title&quot;:&quot;&quot;,&quot;orientation&quot;:&quot;0&quot;}\" data-image-title=\"Humana T2\" data-image-description=\"\" data-image-caption=\"\" data-large-file=\"https:\/\/i0.wp.com\/www.jojoenherbe.com\/wp-content\/uploads\/2023\/02\/Humana-T2.jpg?fit=576%2C1024&amp;ssl=1\" class=\"size-thumbnail wp-image-29603 alignright\" src=\"https:\/\/i0.wp.com\/www.jojoenherbe.com\/wp-content\/uploads\/2023\/02\/Humana-T2.jpg?resize=150%2C150\" alt=\"\" width=\"150\" height=\"150\" srcset=\"https:\/\/i0.wp.com\/www.jojoenherbe.com\/wp-content\/uploads\/2023\/02\/Humana-T2.jpg?resize=150%2C150&amp;ssl=1 150w, https:\/\/i0.wp.com\/www.jojoenherbe.com\/wp-content\/uploads\/2023\/02\/Humana-T2.jpg?zoom=2&amp;resize=150%2C150 300w, https:\/\/i0.wp.com\/www.jojoenherbe.com\/wp-content\/uploads\/2023\/02\/Humana-T2.jpg?zoom=3&amp;resize=150%2C150 450w\" sizes=\"auto, (max-width: 150px) 100vw, 150px\" \/><\/a>J&rsquo;ai lu, en e-book, le tome 2 de la trilogie <span style=\"text-decoration: underline;\">Humana, L&rsquo;\u00e2me maudite<\/span> de Jocabel C. Caballero (r\u00e9\u00e9d. Auto\u00e9dition, 2023, 460 pages), un roman d&rsquo;urban fantasy pour adolescents et qui reprend quinze jours apr\u00e8s les \u00e9v\u00e9nements du premier tome. S\u00e9rena Wilson reste enferm\u00e9e chez elle, apr\u00e8s la douloureuse rupture avec Ethan Vald\u00e8s. Elle fait d&rsquo;horribles cauchemars qui la perturbent tout autant que d&rsquo;avoir eu le c\u0153ur bris\u00e9, malgr\u00e9 la pr\u00e9sence de son meilleur ami Dorian Frost. Malgr\u00e9 sa rupture avec Ethan, elle continue \u00e0 avoir des sentiments pour lui et lorsqu&rsquo;elle apprend que des Novices ont \u00e9t\u00e9 bless\u00e9s \u00e0 l&rsquo;Acad\u00e9mie, elle esp\u00e8re s&rsquo;y rend et d\u00e9couvre une aura mal\u00e9fique au-dessus du b\u00e2timent principal. Elle seule peut la voir. En s&rsquo;alliant avec les Gardiens, parviendra-t-elle \u00e0 en apprendre plus sur le pass\u00e9 que lui cache ses parents et \u00e0 arr\u00eater cette aura qui pousse les Novices dans les t\u00e9n\u00e8bres?<br \/>\n<\/em><\/p>\n<p style=\"text-align: justify;\"><em> J&rsquo;ai bien plus appr\u00e9ci\u00e9 ce deuxi\u00e8me tome riche en actions et r\u00e9v\u00e9lations que le premier et le fait que le roman alterne les points de vue entre S\u00e9rena et Ethan. Nous en apprenons plus sur les Ann\u00e9es Noires, la ville de Silana et les cr\u00e9atures de la Nuit, en particulier les d\u00e9mons avec la nouvelle amiti\u00e9 de S\u00e9rena avec un d\u00e9mon gardien, S\u00f6ren. Les myst\u00e8res et les secrets de la famille de S\u00e9rena sont d\u00e9voil\u00e9s ainsi que le lien qui unit S\u00e9rena et Ethan. Un bon voire tr\u00e8s bon moment de lecture addictif! J&rsquo;ai h\u00e2te de d\u00e9couvrir le dernier tome, <span style=\"text-decoration: underline;\">L\u2019ultime sacrifice<\/span> qui para\u00eetra en mars 2023.<\/em><\/p>\n","protected":false},"excerpt":{"rendered":"<p>En ce d\u00e9but de semaine, voici notre point lecture hebdomadaire avec un retour sur nos lectures de la semaine derni\u00e8re (mais pas nos relectures). Nos lectures du 6 au 12 f\u00e9vrier 2023: Des lectures jeunesse: (Roman jeunesse) Charlock, Le chabominable Monstre des Neiges de S\u00e9bastien Perez et Benjamin Lacombe (T6) En attendant la parution mercredi [&hellip;]<\/p>\n","protected":false},"author":1,"featured_media":29677,"comment_status":"open","ping_status":"open","sticky":false,"template":"","format":"standard","meta":{"jetpack_post_was_ever_published":false,"_jetpack_newsletter_access":"","_jetpack_dont_email_post_to_subs":false,"_jetpack_newsletter_tier_id":0,"_jetpack_memberships_contains_paywalled_content":false,"_jetpack_memberships_contains_paid_content":false,"footnotes":""},"categories":[2140,363],"tags":[1293,3607,3594,3597,3060,3608,3598,3184,1085,367,3596,3610,2767,2825,905,789,3034,1572,3595,3010],"class_list":["post-29599","post","type-post","status-publish","format-standard","has-post-thumbnail","hentry","category-mini-blogueur","category-mini-lecteur","tag-benjamin-lacombe","tag-catherine-pallaro","tag-charlock","tag-dark-romance","tag-dystopie","tag-hualing-xu","tag-humana","tag-jocabel-c-caballero","tag-lecture-adulte","tag-lecture-jeunesse","tag-margaret-rogerson","tag-nadine-mutas","tag-point-lecture-hebdo","tag-romans-ado","tag-romans-adulte","tag-romans-jeunesse","tag-romans-young-adult","tag-sebastien-perez","tag-shay-carrot","tag-urban-fantasy","post-preview"],"jetpack_featured_media_url":"https:\/\/i0.wp.com\/www.jojoenherbe.com\/wp-content\/uploads\/2023\/02\/Point-lecture-hebdomadaire-2023-6-scaled.jpg?fit=2560%2C1900&ssl=1","jetpack_sharing_enabled":true,"jetpack_shortlink":"https:\/\/wp.me\/p9zhGx-7Hp","jetpack_likes_enabled":true,"jetpack-related-posts":[{"id":33044,"url":"https:\/\/www.jojoenherbe.com\/index.php\/2023\/11\/20\/point-lecture-hebdomadaire-2023-46\/","url_meta":{"origin":29599,"position":0},"title":"Point lecture hebdomadaire 2023 #46","author":"Jojo","date":"20 novembre 2023","format":false,"excerpt":"En ce d\u00e9but de semaine, voici notre point lecture hebdomadaire avec un retour sur nos lectures de la semaine derni\u00e8re (mais pas nos relectures) et qui sont encore un peu halloweenesque. D'ailleurs, du 10 au 30 novembre, c'est No\u00eblloween avec les copinautes, Hilde, Lou, Chicky Poo et Samarian. Nos lectures\u2026","rel":"","context":"Dans &quot;Mini blogueur&quot;","block_context":{"text":"Mini blogueur","link":"https:\/\/www.jojoenherbe.com\/index.php\/category\/mini-blogueur\/"},"img":{"alt_text":"","src":"https:\/\/i0.wp.com\/www.jojoenherbe.com\/wp-content\/uploads\/2023\/11\/Charlock-T7-150x150.jpg?resize=350%2C200","width":350,"height":200},"classes":[]},{"id":26203,"url":"https:\/\/www.jojoenherbe.com\/index.php\/2022\/07\/04\/point-lecture-hebdomadaire-48\/","url_meta":{"origin":29599,"position":1},"title":"Point lecture hebdomadaire #48","author":"Jojo","date":"4 juillet 2022","format":false,"excerpt":"En ce d\u00e9but de semaine, voici notre point lecture hebdomadaire avec un retour sur nos lectures de la semaine derni\u00e8re (mais pas nos relectures) et ma lecture en cours. Nos lectures du\u00a0 27\u00a0 juin au 3 juillet 2022: Des lectures jeunesse: (Roman jeunesse) Charlock, \u00c0 la recherche du Tikki d\u2019or\u2026","rel":"","context":"Dans &quot;Mini blogueur&quot;","block_context":{"text":"Mini blogueur","link":"https:\/\/www.jojoenherbe.com\/index.php\/category\/mini-blogueur\/"},"img":{"alt_text":"","src":"https:\/\/i0.wp.com\/www.jojoenherbe.com\/wp-content\/uploads\/2022\/07\/Point-lecture-hebdo-48-scaled.jpg?fit=1200%2C783&ssl=1&resize=350%2C200","width":350,"height":200,"srcset":"https:\/\/i0.wp.com\/www.jojoenherbe.com\/wp-content\/uploads\/2022\/07\/Point-lecture-hebdo-48-scaled.jpg?fit=1200%2C783&ssl=1&resize=350%2C200 1x, https:\/\/i0.wp.com\/www.jojoenherbe.com\/wp-content\/uploads\/2022\/07\/Point-lecture-hebdo-48-scaled.jpg?fit=1200%2C783&ssl=1&resize=525%2C300 1.5x, https:\/\/i0.wp.com\/www.jojoenherbe.com\/wp-content\/uploads\/2022\/07\/Point-lecture-hebdo-48-scaled.jpg?fit=1200%2C783&ssl=1&resize=700%2C400 2x, https:\/\/i0.wp.com\/www.jojoenherbe.com\/wp-content\/uploads\/2022\/07\/Point-lecture-hebdo-48-scaled.jpg?fit=1200%2C783&ssl=1&resize=1050%2C600 3x"},"classes":[]},{"id":36513,"url":"https:\/\/www.jojoenherbe.com\/index.php\/2024\/06\/24\/point-lecture-hebdomadaire-2024-25\/","url_meta":{"origin":29599,"position":2},"title":"Point lecture hebdomadaire 2024 #25","author":"Jojo","date":"24 juin 2024","format":false,"excerpt":"En ce d\u00e9but de semaine, voici mon point lecture hebdomadaire avec un retour sur nos lectures (mais pas nos relectures) de la semaine derni\u00e8re avec moins de lecture que d'habitude en raison d'\u00e9v\u00e9nements festifs comme la f\u00eate de la musique ou de visionnage de s\u00e9ries. Nos lectures du 17 au\u2026","rel":"","context":"Dans &quot;Mini blogueur&quot;","block_context":{"text":"Mini blogueur","link":"https:\/\/www.jojoenherbe.com\/index.php\/category\/mini-blogueur\/"},"img":{"alt_text":"","src":"https:\/\/i0.wp.com\/www.jojoenherbe.com\/wp-content\/uploads\/2024\/06\/Charlock-T7-et-Mortelle-Adele-T21-150x150.jpg?resize=350%2C200","width":350,"height":200},"classes":[]},{"id":25915,"url":"https:\/\/www.jojoenherbe.com\/index.php\/2022\/06\/20\/point-lecture-hebdomadaire-46\/","url_meta":{"origin":29599,"position":3},"title":"Point lecture hebdomadaire #46","author":"Jojo","date":"20 juin 2022","format":false,"excerpt":"En ce d\u00e9but de semaine, voici notre point lecture hebdomadaire avec un retour sur nos lectures de la semaine derni\u00e8re (mais pas nos relectures) et ma lecture en cours. j'ai surtout pioch\u00e9 dans ma PAL anglo-saxonne puisqu'en juin, c'est le Mois Anglais 2022 coorganis\u00e9e par Lou et Titine. Nos lectures\u2026","rel":"","context":"Dans &quot;Mini blogueur&quot;","block_context":{"text":"Mini blogueur","link":"https:\/\/www.jojoenherbe.com\/index.php\/category\/mini-blogueur\/"},"img":{"alt_text":"","src":"https:\/\/i0.wp.com\/www.jojoenherbe.com\/wp-content\/uploads\/2022\/07\/Point-lecture-hebdo-46-scaled.jpg?fit=1200%2C795&ssl=1&resize=350%2C200","width":350,"height":200,"srcset":"https:\/\/i0.wp.com\/www.jojoenherbe.com\/wp-content\/uploads\/2022\/07\/Point-lecture-hebdo-46-scaled.jpg?fit=1200%2C795&ssl=1&resize=350%2C200 1x, https:\/\/i0.wp.com\/www.jojoenherbe.com\/wp-content\/uploads\/2022\/07\/Point-lecture-hebdo-46-scaled.jpg?fit=1200%2C795&ssl=1&resize=525%2C300 1.5x, https:\/\/i0.wp.com\/www.jojoenherbe.com\/wp-content\/uploads\/2022\/07\/Point-lecture-hebdo-46-scaled.jpg?fit=1200%2C795&ssl=1&resize=700%2C400 2x, https:\/\/i0.wp.com\/www.jojoenherbe.com\/wp-content\/uploads\/2022\/07\/Point-lecture-hebdo-46-scaled.jpg?fit=1200%2C795&ssl=1&resize=1050%2C600 3x"},"classes":[]},{"id":41643,"url":"https:\/\/www.jojoenherbe.com\/index.php\/2025\/12\/12\/point-lecture-hebdomadaire-2025-49\/","url_meta":{"origin":29599,"position":4},"title":"Point lecture hebdomadaire 2025 #49","author":"Jojo","date":"12 d\u00e9cembre 2025","format":false,"excerpt":"En cette fin de semaine, voici mon point lecture hebdomadaire avec un retour sur nos lectures (mais pas nos relectures) de la semaine derni\u00e8re au cours de laquelle nous avons commenc\u00e9 nos lectures de No\u00ebl, avec deux livres de l'Avent qui vont nous accompagner chaque soir jusqu'\u00e0 No\u00ebl: La BD\u2026","rel":"","context":"Dans &quot;Mini blogueur&quot;","block_context":{"text":"Mini blogueur","link":"https:\/\/www.jojoenherbe.com\/index.php\/category\/mini-blogueur\/"},"img":{"alt_text":"","src":"https:\/\/i0.wp.com\/www.jojoenherbe.com\/wp-content\/uploads\/2025\/12\/Point-lecture-hebdo-2025-49-scaled.jpg?fit=1200%2C844&ssl=1&resize=350%2C200","width":350,"height":200,"srcset":"https:\/\/i0.wp.com\/www.jojoenherbe.com\/wp-content\/uploads\/2025\/12\/Point-lecture-hebdo-2025-49-scaled.jpg?fit=1200%2C844&ssl=1&resize=350%2C200 1x, https:\/\/i0.wp.com\/www.jojoenherbe.com\/wp-content\/uploads\/2025\/12\/Point-lecture-hebdo-2025-49-scaled.jpg?fit=1200%2C844&ssl=1&resize=525%2C300 1.5x, https:\/\/i0.wp.com\/www.jojoenherbe.com\/wp-content\/uploads\/2025\/12\/Point-lecture-hebdo-2025-49-scaled.jpg?fit=1200%2C844&ssl=1&resize=700%2C400 2x, https:\/\/i0.wp.com\/www.jojoenherbe.com\/wp-content\/uploads\/2025\/12\/Point-lecture-hebdo-2025-49-scaled.jpg?fit=1200%2C844&ssl=1&resize=1050%2C600 3x"},"classes":[]},{"id":21320,"url":"https:\/\/www.jojoenherbe.com\/index.php\/2021\/10\/12\/point-lecture-hebdomadaire-10\/","url_meta":{"origin":29599,"position":5},"title":"Point lecture hebdomadaire #10","author":"Jojo","date":"12 octobre 2021","format":false,"excerpt":"En ce d\u00e9but de semaine, voici notre point lecture hebdomadaire avec un retour sur nos lectures de la semaine derni\u00e8re et celle en cours, avec un passage \u00e0 la m\u00e9diath\u00e8que et qui rentrent presque toutes dans le cadre du Challenge Halloween de Lou et Hilde. Nos lectures du 4 au\u2026","rel":"","context":"Dans &quot;Mini blogueur&quot;","block_context":{"text":"Mini blogueur","link":"https:\/\/www.jojoenherbe.com\/index.php\/category\/mini-blogueur\/"},"img":{"alt_text":"","src":"https:\/\/i0.wp.com\/www.jojoenherbe.com\/wp-content\/uploads\/2021\/10\/point-lecture-hebdo-10-scaled.jpg?fit=1200%2C900&ssl=1&resize=350%2C200","width":350,"height":200,"srcset":"https:\/\/i0.wp.com\/www.jojoenherbe.com\/wp-content\/uploads\/2021\/10\/point-lecture-hebdo-10-scaled.jpg?fit=1200%2C900&ssl=1&resize=350%2C200 1x, https:\/\/i0.wp.com\/www.jojoenherbe.com\/wp-content\/uploads\/2021\/10\/point-lecture-hebdo-10-scaled.jpg?fit=1200%2C900&ssl=1&resize=525%2C300 1.5x, https:\/\/i0.wp.com\/www.jojoenherbe.com\/wp-content\/uploads\/2021\/10\/point-lecture-hebdo-10-scaled.jpg?fit=1200%2C900&ssl=1&resize=700%2C400 2x, https:\/\/i0.wp.com\/www.jojoenherbe.com\/wp-content\/uploads\/2021\/10\/point-lecture-hebdo-10-scaled.jpg?fit=1200%2C900&ssl=1&resize=1050%2C600 3x"},"classes":[]}],"_links":{"self":[{"href":"https:\/\/www.jojoenherbe.com\/index.php\/wp-json\/wp\/v2\/posts\/29599","targetHints":{"allow":["GET"]}}],"collection":[{"href":"https:\/\/www.jojoenherbe.com\/index.php\/wp-json\/wp\/v2\/posts"}],"about":[{"href":"https:\/\/www.jojoenherbe.com\/index.php\/wp-json\/wp\/v2\/types\/post"}],"author":[{"embeddable":true,"href":"https:\/\/www.jojoenherbe.com\/index.php\/wp-json\/wp\/v2\/users\/1"}],"replies":[{"embeddable":true,"href":"https:\/\/www.jojoenherbe.com\/index.php\/wp-json\/wp\/v2\/comments?post=29599"}],"version-history":[{"count":38,"href":"https:\/\/www.jojoenherbe.com\/index.php\/wp-json\/wp\/v2\/posts\/29599\/revisions"}],"predecessor-version":[{"id":30240,"href":"https:\/\/www.jojoenherbe.com\/index.php\/wp-json\/wp\/v2\/posts\/29599\/revisions\/30240"}],"wp:featuredmedia":[{"embeddable":true,"href":"https:\/\/www.jojoenherbe.com\/index.php\/wp-json\/wp\/v2\/media\/29677"}],"wp:attachment":[{"href":"https:\/\/www.jojoenherbe.com\/index.php\/wp-json\/wp\/v2\/media?parent=29599"}],"wp:term":[{"taxonomy":"category","embeddable":true,"href":"https:\/\/www.jojoenherbe.com\/index.php\/wp-json\/wp\/v2\/categories?post=29599"},{"taxonomy":"post_tag","embeddable":true,"href":"https:\/\/www.jojoenherbe.com\/index.php\/wp-json\/wp\/v2\/tags?post=29599"}],"curies":[{"name":"wp","href":"https:\/\/api.w.org\/{rel}","templated":true}]}}