{"id":29355,"date":"2023-01-30T17:23:50","date_gmt":"2023-01-30T16:23:50","guid":{"rendered":"https:\/\/www.jojoenherbe.com\/?p=29355"},"modified":"2023-03-29T16:19:13","modified_gmt":"2023-03-29T14:19:13","slug":"point-lecture-hebdomadaire-2023-4","status":"publish","type":"post","link":"https:\/\/www.jojoenherbe.com\/index.php\/2023\/01\/30\/point-lecture-hebdomadaire-2023-4\/","title":{"rendered":"Point lecture hebdomadaire 2023 #4"},"content":{"rendered":"<p style=\"text-align: justify;\"><em>En ce d\u00e9but de semaine, voici notre point lecture hebdomadaire avec un retour sur nos lectures de la semaine derni\u00e8re (mais pas nos relectures).<\/em><\/p>\n<p><span style=\"text-decoration: underline;\"><strong>Nos lectures du 23 au 29 janvier 2023<\/strong><\/span><strong>:<\/strong><\/p>\n<p><em><span style=\"text-decoration: underline;\">Des lectures jeunesse<\/span>:<\/em><\/p>\n<p style=\"text-align: justify;\"><em>C\u00f4t\u00e9 jeunesse, c&rsquo;\u00e9tait surtout des relectures cette semaine comme <a href=\"https:\/\/www.jojoenherbe.com\/index.php\/2020\/10\/14\/au-fil-des-pages-avec-satanes-lapins\/\"><span style=\"text-decoration: underline;\">Satan\u00e9s lapins!<\/span><\/a> de Ciara Flood et le tome 2 des <span style=\"text-decoration: underline;\">Chiens Pirates, Prisonniers des glaces!<\/span> de Cl\u00e9mentine M\u00e9lois et Rudy Spiessert.<\/em><\/p>\n<ul>\n<li><em>(Album jeunesse)\u00a0 <strong><span style=\"text-decoration: underline;\">Un abri sous la terre<\/span><\/strong> de Sarah L. Thomson et Charles Santoso<br \/>\n<\/em><\/li>\n<\/ul>\n<p style=\"text-align: justify;\"><em><a href=\"https:\/\/i0.wp.com\/www.jojoenherbe.com\/wp-content\/uploads\/2023\/01\/Un-abri-sous-la-terre-scaled.jpg\"><img data-recalc-dims=\"1\" loading=\"lazy\" decoding=\"async\" data-attachment-id=\"29514\" data-permalink=\"https:\/\/www.jojoenherbe.com\/index.php\/2023\/01\/30\/point-lecture-hebdomadaire-2023-4\/un-abri-sous-la-terre\/\" data-orig-file=\"https:\/\/i0.wp.com\/www.jojoenherbe.com\/wp-content\/uploads\/2023\/01\/Un-abri-sous-la-terre-scaled.jpg?fit=2560%2C1894&amp;ssl=1\" data-orig-size=\"2560,1894\" data-comments-opened=\"1\" data-image-meta=\"{&quot;aperture&quot;:&quot;1.8&quot;,&quot;credit&quot;:&quot;&quot;,&quot;camera&quot;:&quot;iPhone 7&quot;,&quot;caption&quot;:&quot;&quot;,&quot;created_timestamp&quot;:&quot;1675085905&quot;,&quot;copyright&quot;:&quot;&quot;,&quot;focal_length&quot;:&quot;3.99&quot;,&quot;iso&quot;:&quot;50&quot;,&quot;shutter_speed&quot;:&quot;0.058823529411765&quot;,&quot;title&quot;:&quot;&quot;,&quot;orientation&quot;:&quot;1&quot;}\" data-image-title=\"Un abri sous la terre\" data-image-description=\"\" data-image-caption=\"\" data-large-file=\"https:\/\/i0.wp.com\/www.jojoenherbe.com\/wp-content\/uploads\/2023\/01\/Un-abri-sous-la-terre-scaled.jpg?fit=676%2C500&amp;ssl=1\" class=\"alignleft size-thumbnail wp-image-29514\" src=\"https:\/\/i0.wp.com\/www.jojoenherbe.com\/wp-content\/uploads\/2023\/01\/Un-abri-sous-la-terre.jpg?resize=150%2C150\" alt=\"\" width=\"150\" height=\"150\" srcset=\"https:\/\/i0.wp.com\/www.jojoenherbe.com\/wp-content\/uploads\/2023\/01\/Un-abri-sous-la-terre-scaled.jpg?resize=150%2C150&amp;ssl=1 150w, https:\/\/i0.wp.com\/www.jojoenherbe.com\/wp-content\/uploads\/2023\/01\/Un-abri-sous-la-terre-scaled.jpg?zoom=2&amp;resize=150%2C150 300w, https:\/\/i0.wp.com\/www.jojoenherbe.com\/wp-content\/uploads\/2023\/01\/Un-abri-sous-la-terre-scaled.jpg?zoom=3&amp;resize=150%2C150 450w\" sizes=\"auto, (max-width: 150px) 100vw, 150px\" \/><\/a>Nous avons lu Un abri sous la terre de Sarah L. Thomson et Charles Santoso (\u00e9d. Circonflexe, 2022), un album jeunesse joliment illustr\u00e9 et \u00e0 partir de 3\/4 ans. En Australie, au cours d&rsquo;un incendie, des animaux tentent de s&rsquo;\u00e9chapper au feu pendant que le wombat est \u00e0 l&rsquo;abri dans son terrier. Il y est question de solidarit\u00e9 et de r\u00e9chauffement climatique. Un tr\u00e8s bon moment de lecture qui se termine par une double page documentaire sur les incendies annuels en Australie!<br \/>\n<\/em><\/p>\n<ul>\n<li style=\"text-align: justify;\"><em>(BD jeunesse) <strong><span style=\"text-decoration: underline;\">Le jardin secret<\/span><\/strong> de Maud Begon, d&rsquo;apr\u00e8s Frances H. Burnett <strong>(T2)<\/strong><\/em><\/li>\n<\/ul>\n<p style=\"text-align: justify;\"><em><a href=\"https:\/\/i0.wp.com\/www.jojoenherbe.com\/wp-content\/uploads\/2023\/01\/Le-jardin-secret-BD-T2-scaled.jpg\"><img data-recalc-dims=\"1\" loading=\"lazy\" decoding=\"async\" data-attachment-id=\"29512\" data-permalink=\"https:\/\/www.jojoenherbe.com\/index.php\/2023\/01\/30\/point-lecture-hebdomadaire-2023-4\/le-jardin-secret-bd-t2\/\" data-orig-file=\"https:\/\/i0.wp.com\/www.jojoenherbe.com\/wp-content\/uploads\/2023\/01\/Le-jardin-secret-BD-T2-scaled.jpg?fit=2560%2C2179&amp;ssl=1\" data-orig-size=\"2560,2179\" data-comments-opened=\"1\" data-image-meta=\"{&quot;aperture&quot;:&quot;1.8&quot;,&quot;credit&quot;:&quot;&quot;,&quot;camera&quot;:&quot;iPhone 7&quot;,&quot;caption&quot;:&quot;&quot;,&quot;created_timestamp&quot;:&quot;1675085894&quot;,&quot;copyright&quot;:&quot;&quot;,&quot;focal_length&quot;:&quot;3.99&quot;,&quot;iso&quot;:&quot;40&quot;,&quot;shutter_speed&quot;:&quot;0.04&quot;,&quot;title&quot;:&quot;&quot;,&quot;orientation&quot;:&quot;1&quot;}\" data-image-title=\"Le jardin secret BD T2\" data-image-description=\"\" data-image-caption=\"\" data-large-file=\"https:\/\/i0.wp.com\/www.jojoenherbe.com\/wp-content\/uploads\/2023\/01\/Le-jardin-secret-BD-T2-scaled.jpg?fit=676%2C576&amp;ssl=1\" class=\"size-thumbnail wp-image-29512 alignright\" src=\"https:\/\/i0.wp.com\/www.jojoenherbe.com\/wp-content\/uploads\/2023\/01\/Le-jardin-secret-BD-T2.jpg?resize=150%2C150\" alt=\"\" width=\"150\" height=\"150\" srcset=\"https:\/\/i0.wp.com\/www.jojoenherbe.com\/wp-content\/uploads\/2023\/01\/Le-jardin-secret-BD-T2-scaled.jpg?resize=150%2C150&amp;ssl=1 150w, https:\/\/i0.wp.com\/www.jojoenherbe.com\/wp-content\/uploads\/2023\/01\/Le-jardin-secret-BD-T2-scaled.jpg?zoom=2&amp;resize=150%2C150 300w, https:\/\/i0.wp.com\/www.jojoenherbe.com\/wp-content\/uploads\/2023\/01\/Le-jardin-secret-BD-T2-scaled.jpg?zoom=3&amp;resize=150%2C150 450w\" sizes=\"auto, (max-width: 150px) 100vw, 150px\" \/><\/a>J&rsquo;ai lu le second tome du <span style=\"text-decoration: underline;\">Jardin secret<\/span> de Maud Begon, d&rsquo;apr\u00e8s Frances H. Burnett (\u00e9d. Dargaud, 2022, 107 pages), une BD jeunesse adaptant en deux tomes le roman \u00e9ponyme. A l&rsquo;instar de Mary qui se m\u00e9tamorphosait au contact du jardin secret et de son ami Dickon dans le premier tome, c&rsquo;est au tour de son cousin Colin de d\u00e9passer sa condition d&rsquo;infirme malade et col\u00e9rique qui l&rsquo;isole dans sa chambre depuis de nombreuses ann\u00e9es. Les illustrations t\u00e9moignent de ce changement tout au long du printemps. Une tr\u00e8s jolie version qui ne tardera pas \u00e0 rejoindre nos biblioth\u00e8ques comme le premier tome!<\/em><\/p>\n<p><em><span style=\"text-decoration: underline;\">Des lectures adulte<\/span>:<\/em><\/p>\n<ul>\n<li style=\"text-align: justify;\"><em>(Romance historique) <strong><span style=\"text-decoration: underline;\">Recherche gentleman fortun\u00e9, Guide \u00e0 l&rsquo;usage des jeunes filles<\/span><\/strong> de Sophie Irwin<\/em><\/li>\n<\/ul>\n<p style=\"text-align: justify;\"><a href=\"https:\/\/i0.wp.com\/www.jojoenherbe.com\/wp-content\/uploads\/2023\/01\/Recherche-gentleman-fortune.jpg\"><img data-recalc-dims=\"1\" loading=\"lazy\" decoding=\"async\" data-attachment-id=\"29496\" data-permalink=\"https:\/\/www.jojoenherbe.com\/index.php\/2023\/01\/30\/point-lecture-hebdomadaire-2023-4\/recherche-gentleman-fortune\/\" data-orig-file=\"https:\/\/i0.wp.com\/www.jojoenherbe.com\/wp-content\/uploads\/2023\/01\/Recherche-gentleman-fortune.jpg?fit=750%2C1334&amp;ssl=1\" data-orig-size=\"750,1334\" data-comments-opened=\"1\" data-image-meta=\"{&quot;aperture&quot;:&quot;0&quot;,&quot;credit&quot;:&quot;&quot;,&quot;camera&quot;:&quot;&quot;,&quot;caption&quot;:&quot;&quot;,&quot;created_timestamp&quot;:&quot;0&quot;,&quot;copyright&quot;:&quot;&quot;,&quot;focal_length&quot;:&quot;0&quot;,&quot;iso&quot;:&quot;0&quot;,&quot;shutter_speed&quot;:&quot;0&quot;,&quot;title&quot;:&quot;&quot;,&quot;orientation&quot;:&quot;0&quot;}\" data-image-title=\"Recherche gentleman fortun\u00e9\" data-image-description=\"\" data-image-caption=\"\" data-large-file=\"https:\/\/i0.wp.com\/www.jojoenherbe.com\/wp-content\/uploads\/2023\/01\/Recherche-gentleman-fortune.jpg?fit=576%2C1024&amp;ssl=1\" class=\"alignleft size-thumbnail wp-image-29496\" src=\"https:\/\/i0.wp.com\/www.jojoenherbe.com\/wp-content\/uploads\/2023\/01\/Recherche-gentleman-fortune.jpg?resize=150%2C150\" alt=\"\" width=\"150\" height=\"150\" srcset=\"https:\/\/i0.wp.com\/www.jojoenherbe.com\/wp-content\/uploads\/2023\/01\/Recherche-gentleman-fortune.jpg?resize=150%2C150&amp;ssl=1 150w, https:\/\/i0.wp.com\/www.jojoenherbe.com\/wp-content\/uploads\/2023\/01\/Recherche-gentleman-fortune.jpg?zoom=2&amp;resize=150%2C150 300w, https:\/\/i0.wp.com\/www.jojoenherbe.com\/wp-content\/uploads\/2023\/01\/Recherche-gentleman-fortune.jpg?zoom=3&amp;resize=150%2C150 450w\" sizes=\"auto, (max-width: 150px) 100vw, 150px\" \/><\/a><em>J&rsquo;ai lu <span style=\"text-decoration: underline;\">Recherche gentleman fortun\u00e9, Guide \u00e0 l&rsquo;usage des jeunes filles<\/span> de Sophie Irwin (\u00e9d. Calman-L\u00e9vy, 2023, 396 pages), une romance historique se d\u00e9roulant sous la R\u00e9gence anglaise. En 1818, Kitty Talbot, \u00e2g\u00e9e de 20 ans, l&rsquo;a\u00een\u00e9e d&rsquo;une fratrie de 5 s\u0153urs quitte le cottage familial dans le comt\u00e9 du Dorset pour se\u00a0 rendre \u00e0 Londres, le temps de la saison, y chercher un mari fortun\u00e9 avec sa s\u0153ur Cecily, \u00e2g\u00e9e de 18 ans et ainsi sauver sa famille de la ruine, ses parents \u00e9tant d\u00e9c\u00e9d\u00e9s en laissant de nombreuses dettes. Elle jette son d\u00e9volu sur plusieurs pr\u00e9tendants, en particulier Archie \u00e2g\u00e9 de 21 ans, le fr\u00e8re cadet de Lord James Radcliffe, un comte marqu\u00e9 par la guerre contre Bonaparte. Ce dernier voit vite tr\u00e8s clair dans le jeu de Kitty. Et si pourtant le comte lui \u00e9tait utile pour parvenir \u00e0 ses fins en lui expliquant les codes et usages de la haute aristocratie anglaise et en se renseignant sur ses potentiels pr\u00e9tendants? L&rsquo;alchimie entre Kitty et James fonctionne tr\u00e8s bien, chacun ayant du r\u00e9pondant. La jeune femme est d\u00e9termin\u00e9e, audacieuse et ne se laisse pas intimid\u00e9e dans sa chasse au mari, faisant passer sa famille avant son propre bonheur. Un tr\u00e8s bon moment de lecture avec cette romance historique l\u00e9g\u00e8re, dr\u00f4le et f\u00e9ministe!<\/em><\/p>\n<ul>\n<li style=\"text-align: justify;\"><em>(Roman court) <strong><span style=\"text-decoration: underline;\">Ce genre de petites choses<\/span><\/strong> de Claire Keegan<\/em><\/li>\n<\/ul>\n<p style=\"text-align: justify;\"><em><a href=\"https:\/\/i0.wp.com\/www.jojoenherbe.com\/wp-content\/uploads\/2023\/01\/Ce-genre-de-petites-choses-scaled.jpg\"><img data-recalc-dims=\"1\" loading=\"lazy\" decoding=\"async\" data-attachment-id=\"29511\" data-permalink=\"https:\/\/www.jojoenherbe.com\/index.php\/2023\/01\/30\/point-lecture-hebdomadaire-2023-4\/ce-genre-de-petites-choses\/\" data-orig-file=\"https:\/\/i0.wp.com\/www.jojoenherbe.com\/wp-content\/uploads\/2023\/01\/Ce-genre-de-petites-choses-scaled.jpg?fit=2560%2C2232&amp;ssl=1\" data-orig-size=\"2560,2232\" data-comments-opened=\"1\" data-image-meta=\"{&quot;aperture&quot;:&quot;1.8&quot;,&quot;credit&quot;:&quot;&quot;,&quot;camera&quot;:&quot;iPhone 7&quot;,&quot;caption&quot;:&quot;&quot;,&quot;created_timestamp&quot;:&quot;1675086234&quot;,&quot;copyright&quot;:&quot;&quot;,&quot;focal_length&quot;:&quot;3.99&quot;,&quot;iso&quot;:&quot;32&quot;,&quot;shutter_speed&quot;:&quot;0.04&quot;,&quot;title&quot;:&quot;&quot;,&quot;orientation&quot;:&quot;1&quot;}\" data-image-title=\"Ce genre de petites choses\" data-image-description=\"\" data-image-caption=\"\" data-large-file=\"https:\/\/i0.wp.com\/www.jojoenherbe.com\/wp-content\/uploads\/2023\/01\/Ce-genre-de-petites-choses-scaled.jpg?fit=676%2C590&amp;ssl=1\" class=\"size-thumbnail wp-image-29511 alignright\" src=\"https:\/\/i0.wp.com\/www.jojoenherbe.com\/wp-content\/uploads\/2023\/01\/Ce-genre-de-petites-choses.jpg?resize=150%2C150\" alt=\"\" width=\"150\" height=\"150\" srcset=\"https:\/\/i0.wp.com\/www.jojoenherbe.com\/wp-content\/uploads\/2023\/01\/Ce-genre-de-petites-choses-scaled.jpg?resize=150%2C150&amp;ssl=1 150w, https:\/\/i0.wp.com\/www.jojoenherbe.com\/wp-content\/uploads\/2023\/01\/Ce-genre-de-petites-choses-scaled.jpg?zoom=2&amp;resize=150%2C150 300w, https:\/\/i0.wp.com\/www.jojoenherbe.com\/wp-content\/uploads\/2023\/01\/Ce-genre-de-petites-choses-scaled.jpg?zoom=3&amp;resize=150%2C150 450w\" sizes=\"auto, (max-width: 150px) 100vw, 150px\" \/><\/a>Rep\u00e9r\u00e9 en d\u00e9cembre 2022 chez <a href=\"https:\/\/deslivresdeslivres.wordpress.com\/2022\/12\/27\/ce-genre-de-petites-choses-claire-keegan\/\">Bianca<\/a>, j&rsquo;ai lu <a href=\"https:\/\/www.jojoenherbe.com\/index.php\/2023\/01\/30\/au-fil-des-pages-avec-ce-genre-de-petites-choses-de-claire-keegan\/\"><span style=\"text-decoration: underline;\">Ce genre de petites choses<\/span><\/a> de Claire Keegan (\u00e9d. 2020, 117 pages), un court roman qui a \u00e9t\u00e9 chroniqu\u00e9 entretemps aussi chez <a href=\"http:\/\/croquerlespages.canalblog.com\/archives\/2023\/01\/13\/39752500.html\">Fondant<\/a>. <\/em><em>En d\u00e9cembre 1985, \u00e0 l&rsquo;approche de la quarantaine, Bill Furlong, marchand de bois et de charbon a r\u00e9ussi sa vie tant personnelle et professionnelle alors m\u00eame qu&rsquo;il est n\u00e9 sans p\u00e8re et d&rsquo;une m\u00e8re domestique enceinte \u00e0 15 ans qui a pu l&rsquo;\u00e9lever aupr\u00e8s d&rsquo;elle gr\u00e2ce \u00e0 la g\u00e9n\u00e9rosit\u00e9 et la bienveillance de la riche veuve Mrs Wilson. <\/em><em>Une livraison de \u00a0charbon au couvent de son village va bouleverser sa vie si bien rang\u00e9e et l&rsquo;amener \u00e0 se questionner sur sa propre existence. <\/em><em>Un roman certes court mais marquant qui s&rsquo;inspire des Magdalene laundry en Irlande, tout en pudeur et au style concis, \u00e0 la fin ouverte qui laisse une petite part \u00e0 l&rsquo;espoir, dans l&rsquo;esprit d&rsquo;un conte de No\u00ebl, m\u00eame si je serai plus pessimiste, les r\u00e9percussions s&rsquo;annon\u00e7ant terribles pour Bill Furlong!<\/em><\/p>\n<ul>\n<li style=\"text-align: justify;\"><em>(Romance contemporaine) <strong><span style=\"text-decoration: underline;\">Je t&rsquo;aime! Non attends, je te hais!<\/span><\/strong> d&rsquo;Elizabeth Davis<\/em><\/li>\n<\/ul>\n<p style=\"text-align: justify;\"><a href=\"https:\/\/i0.wp.com\/www.jojoenherbe.com\/wp-content\/uploads\/2023\/01\/Je-taime-Non-attends-je-te-hais.jpg\"><img data-recalc-dims=\"1\" loading=\"lazy\" decoding=\"async\" data-attachment-id=\"29497\" data-permalink=\"https:\/\/www.jojoenherbe.com\/index.php\/2023\/01\/30\/point-lecture-hebdomadaire-2023-4\/je-taime-non-attends-je-te-hais\/\" data-orig-file=\"https:\/\/i0.wp.com\/www.jojoenherbe.com\/wp-content\/uploads\/2023\/01\/Je-taime-Non-attends-je-te-hais.jpg?fit=750%2C1334&amp;ssl=1\" data-orig-size=\"750,1334\" data-comments-opened=\"1\" data-image-meta=\"{&quot;aperture&quot;:&quot;0&quot;,&quot;credit&quot;:&quot;&quot;,&quot;camera&quot;:&quot;&quot;,&quot;caption&quot;:&quot;&quot;,&quot;created_timestamp&quot;:&quot;0&quot;,&quot;copyright&quot;:&quot;&quot;,&quot;focal_length&quot;:&quot;0&quot;,&quot;iso&quot;:&quot;0&quot;,&quot;shutter_speed&quot;:&quot;0&quot;,&quot;title&quot;:&quot;&quot;,&quot;orientation&quot;:&quot;0&quot;}\" data-image-title=\"Je t&amp;rsquo;aime! Non attends, je te hais!\" data-image-description=\"\" data-image-caption=\"\" data-large-file=\"https:\/\/i0.wp.com\/www.jojoenherbe.com\/wp-content\/uploads\/2023\/01\/Je-taime-Non-attends-je-te-hais.jpg?fit=576%2C1024&amp;ssl=1\" class=\"alignleft size-thumbnail wp-image-29497\" src=\"https:\/\/i0.wp.com\/www.jojoenherbe.com\/wp-content\/uploads\/2023\/01\/Je-taime-Non-attends-je-te-hais.jpg?resize=150%2C150\" alt=\"\" width=\"150\" height=\"150\" srcset=\"https:\/\/i0.wp.com\/www.jojoenherbe.com\/wp-content\/uploads\/2023\/01\/Je-taime-Non-attends-je-te-hais.jpg?resize=150%2C150&amp;ssl=1 150w, https:\/\/i0.wp.com\/www.jojoenherbe.com\/wp-content\/uploads\/2023\/01\/Je-taime-Non-attends-je-te-hais.jpg?zoom=2&amp;resize=150%2C150 300w, https:\/\/i0.wp.com\/www.jojoenherbe.com\/wp-content\/uploads\/2023\/01\/Je-taime-Non-attends-je-te-hais.jpg?zoom=3&amp;resize=150%2C150 450w\" sizes=\"auto, (max-width: 150px) 100vw, 150px\" \/><\/a><em>J&rsquo;ai lu <span style=\"text-decoration: underline;\">Je t&rsquo;aime! Non attends, je te hais!<\/span> d&rsquo;Elizabeth Davis (\u00e9d. Pemberley, 2023, 287 pages), une romance contemporaine \u00ab\u00a0ennemies to lovers\u00a0\u00bb. Victoria et Owen sont avocats et ne peuvent se supporter dans la vraie vie alors qu&rsquo;ils s&rsquo;appr\u00e9cient sous leurs profils anonymes de Nora et Luke sur Twitter. J&rsquo;ai appr\u00e9ci\u00e9 le duo amoureux. Il est question de diff\u00e9rence de statut social, de pr\u00e9jug\u00e9s, de quiproquos et de faux-semblants. Un bon moment de lecture qui reprend la dynamique du film <span style=\"text-decoration: underline;\">Vous avez un message<\/span> de Nora Ephron sorti en 1998 et dont l&rsquo;autrice fait d&rsquo;ailleurs r\u00e9f\u00e9rence!<br \/>\n<\/em><\/p>\n<ul>\n<li style=\"text-align: justify;\"><em>(Romantasy) <span style=\"text-decoration: underline;\"><strong>Dark Crown, La reine sans visage<\/strong><\/span> de S.F. Hughes <strong>(T1)<\/strong><\/em><\/li>\n<\/ul>\n<p style=\"text-align: justify;\"><a href=\"https:\/\/i0.wp.com\/www.jojoenherbe.com\/wp-content\/uploads\/2023\/01\/Dark-Crown-T1.jpg\"><img data-recalc-dims=\"1\" loading=\"lazy\" decoding=\"async\" data-attachment-id=\"29442\" data-permalink=\"https:\/\/www.jojoenherbe.com\/index.php\/2023\/01\/30\/point-lecture-hebdomadaire-2023-4\/dark-crown-t1\/\" data-orig-file=\"https:\/\/i0.wp.com\/www.jojoenherbe.com\/wp-content\/uploads\/2023\/01\/Dark-Crown-T1.jpg?fit=750%2C1334&amp;ssl=1\" data-orig-size=\"750,1334\" data-comments-opened=\"1\" data-image-meta=\"{&quot;aperture&quot;:&quot;0&quot;,&quot;credit&quot;:&quot;&quot;,&quot;camera&quot;:&quot;&quot;,&quot;caption&quot;:&quot;&quot;,&quot;created_timestamp&quot;:&quot;0&quot;,&quot;copyright&quot;:&quot;&quot;,&quot;focal_length&quot;:&quot;0&quot;,&quot;iso&quot;:&quot;0&quot;,&quot;shutter_speed&quot;:&quot;0&quot;,&quot;title&quot;:&quot;&quot;,&quot;orientation&quot;:&quot;0&quot;}\" data-image-title=\"Dark Crown T1\" data-image-description=\"\" data-image-caption=\"\" data-large-file=\"https:\/\/i0.wp.com\/www.jojoenherbe.com\/wp-content\/uploads\/2023\/01\/Dark-Crown-T1.jpg?fit=576%2C1024&amp;ssl=1\" class=\"size-thumbnail wp-image-29442 alignright\" src=\"https:\/\/i0.wp.com\/www.jojoenherbe.com\/wp-content\/uploads\/2023\/01\/Dark-Crown-T1.jpg?resize=150%2C150\" alt=\"\" width=\"150\" height=\"150\" srcset=\"https:\/\/i0.wp.com\/www.jojoenherbe.com\/wp-content\/uploads\/2023\/01\/Dark-Crown-T1.jpg?resize=150%2C150&amp;ssl=1 150w, https:\/\/i0.wp.com\/www.jojoenherbe.com\/wp-content\/uploads\/2023\/01\/Dark-Crown-T1.jpg?zoom=2&amp;resize=150%2C150 300w, https:\/\/i0.wp.com\/www.jojoenherbe.com\/wp-content\/uploads\/2023\/01\/Dark-Crown-T1.jpg?zoom=3&amp;resize=150%2C150 450w\" sizes=\"auto, (max-width: 150px) 100vw, 150px\" \/><\/a><em>J&rsquo;ai lu le premier tome de <span style=\"text-decoration: underline;\">Dark Crown, La reine sans visage<\/span> de S.F. Hughes (\u00e9d. Rain \u00e9ditions, 2022, 338 pages), une romance fantasy dans laquelle le monde est r\u00e9parti en 3 continents: Licorent, Aslain et Shandar. Le roi de Licorent, Kal Theorene, \u00e2g\u00e9 de 25 ans a d\u00e9cid\u00e9 de marier son fr\u00e8re, Kristofer, \u00e2g\u00e9 de 22 ans avec la reine d\u00e9figur\u00e9e Aelys, \u00e2g\u00e9e de 20 ans, afin d&rsquo;asseoir son autorit\u00e9 royale et poursuivre son extension \u00e0 l&rsquo;Est, vers Shandar, un continent o\u00f9 existerait encore la magie. Ce mariage arrang\u00e9 aura-t-il lieu alors m\u00eame que le futur fianc\u00e9 refuse de voir Aelys qui se cache constamment derri\u00e8re un voile et que cette derni\u00e8re s&rsquo;y oppose farouchement, en tenant t\u00eate au roi? Il y est question de trahisons, d&rsquo;intrigues royales, de secrets de famille et de faux-semblants. J&rsquo;ai appr\u00e9ci\u00e9 les personnages principaux, que ce soit Aelys qui a su se relever des s\u00e9visses v\u00e9cus lorsqu&rsquo;elle avait 8 ans et qui tente de lutter contre le roi et ses taxes qui appauvrissent son peuple, Kal qui appara\u00eet dominateur et cruel mais qui reste encore bien myst\u00e9rieux ou bien encore Kristofer qui se lib\u00e8re petit \u00e0 petit de la coupe de son fr\u00e8re. Un bon moment de lecture qui se termine sur un dernier rebondissement qui pr\u00e9sage encore beaucoup d&rsquo;action et de romance dans le prochain tome!<br \/>\n<\/em><\/p>\n<ul>\n<li style=\"text-align: justify;\"><em>(Romance historique) <strong><span style=\"text-decoration: underline;\">Les Audacieuses, Un pari sur l&rsquo;amour<\/span><\/strong> d&rsquo;Emma V. Leech <strong>(T5)<\/strong><\/em><\/li>\n<\/ul>\n<p style=\"text-align: justify;\"><a href=\"https:\/\/i0.wp.com\/www.jojoenherbe.com\/wp-content\/uploads\/2023\/01\/Les-Audacieuses-T5.jpg\"><img data-recalc-dims=\"1\" loading=\"lazy\" decoding=\"async\" data-attachment-id=\"29443\" data-permalink=\"https:\/\/www.jojoenherbe.com\/index.php\/2023\/01\/30\/point-lecture-hebdomadaire-2023-4\/les-audacieuses-t5\/\" data-orig-file=\"https:\/\/i0.wp.com\/www.jojoenherbe.com\/wp-content\/uploads\/2023\/01\/Les-Audacieuses-T5.jpg?fit=750%2C1334&amp;ssl=1\" data-orig-size=\"750,1334\" data-comments-opened=\"1\" data-image-meta=\"{&quot;aperture&quot;:&quot;0&quot;,&quot;credit&quot;:&quot;&quot;,&quot;camera&quot;:&quot;&quot;,&quot;caption&quot;:&quot;&quot;,&quot;created_timestamp&quot;:&quot;0&quot;,&quot;copyright&quot;:&quot;&quot;,&quot;focal_length&quot;:&quot;0&quot;,&quot;iso&quot;:&quot;0&quot;,&quot;shutter_speed&quot;:&quot;0&quot;,&quot;title&quot;:&quot;&quot;,&quot;orientation&quot;:&quot;0&quot;}\" data-image-title=\"Les Audacieuses T5\" data-image-description=\"\" data-image-caption=\"\" data-large-file=\"https:\/\/i0.wp.com\/www.jojoenherbe.com\/wp-content\/uploads\/2023\/01\/Les-Audacieuses-T5.jpg?fit=576%2C1024&amp;ssl=1\" class=\"alignleft size-thumbnail wp-image-29443\" src=\"https:\/\/i0.wp.com\/www.jojoenherbe.com\/wp-content\/uploads\/2023\/01\/Les-Audacieuses-T5.jpg?resize=150%2C150\" alt=\"\" width=\"150\" height=\"150\" srcset=\"https:\/\/i0.wp.com\/www.jojoenherbe.com\/wp-content\/uploads\/2023\/01\/Les-Audacieuses-T5.jpg?resize=150%2C150&amp;ssl=1 150w, https:\/\/i0.wp.com\/www.jojoenherbe.com\/wp-content\/uploads\/2023\/01\/Les-Audacieuses-T5.jpg?zoom=2&amp;resize=150%2C150 300w, https:\/\/i0.wp.com\/www.jojoenherbe.com\/wp-content\/uploads\/2023\/01\/Les-Audacieuses-T5.jpg?zoom=3&amp;resize=150%2C150 450w\" sizes=\"auto, (max-width: 150px) 100vw, 150px\" \/><\/a><em>J&rsquo;ai lu le tome 5 sur 12 des <span style=\"text-decoration: underline;\">Audacieuses, Un pari sur l&rsquo;amour<\/span> d&rsquo;Emma V. Leech (\u00e9d. 2023, 341 pages), une romance historique se d\u00e9roulant en Angleterre. Ce tome reprend l\u00e0 o\u00f9 s&rsquo;\u00e9tait arr\u00eat\u00e9 le pr\u00e9c\u00e9dent avec la romance de Kitty Connoly et Luke Baxter pour s&rsquo;int\u00e9resser \u00e0 deux autres amis d&rsquo;enfance, la studieuse Harriet Stanhorpe et le beau Jasper Cadogan, comte de Saint-Clair. C&rsquo;est un des couples que j&rsquo;attendais le plus de d\u00e9couvrir avec celui de Matilda Hunt et le marquis de Montagu. En effet, d\u00e9j\u00e0 dans les pr\u00e9c\u00e9dents tomes, les joutes verbales entre ces deux ennemies to lovers \u00e9taient d\u00e9j\u00e0 pr\u00e9sentes, Harriet rejetant toute tentative de s\u00e9duction de la part de Jasper. Il est d\u00e9sormais temps pour Harriet de s&rsquo;expliquer avec Jasper, les non-dits et rancunes ayant depuis trop longtemps envenim\u00e9s leurs rapports. <\/em><em>Un bon moment de lecture avec cette douce et l\u00e9g\u00e8re romance! Le prochain tome, <span style=\"text-decoration: underline;\">Danser avec le diable<\/span> (T6) sera consacr\u00e9 \u00e0 la romance entre le fr\u00e8re cadet de Jasper, J\u00e9r\u00f4me Cadogan et l&rsquo;extravagante et trop franche Bonnie Campbell dont le tuteur, le comte de Morven l&rsquo;oblige \u00e0 \u00e9pouser son cousin \u00e9cossais, Gordon Anderson.<\/em><\/p>\n<ul>\n<li style=\"text-align: justify;\"><em>(Roman r\u00e9trofuturiste) <strong><span style=\"text-decoration: underline;\">D\u00e9m\u00e9-Ter, Les trois couronnes, Le Roi affranchi<\/span><\/strong> de Jo Colleen <strong>(T2)<\/strong><\/em><\/li>\n<\/ul>\n<p style=\"text-align: justify;\"><em><a href=\"https:\/\/i0.wp.com\/www.jojoenherbe.com\/wp-content\/uploads\/2023\/01\/Deme-Ter-T2.jpg\"><img data-recalc-dims=\"1\" loading=\"lazy\" decoding=\"async\" data-attachment-id=\"29498\" data-permalink=\"https:\/\/www.jojoenherbe.com\/index.php\/2023\/01\/30\/point-lecture-hebdomadaire-2023-4\/deme-ter-t2\/\" data-orig-file=\"https:\/\/i0.wp.com\/www.jojoenherbe.com\/wp-content\/uploads\/2023\/01\/Deme-Ter-T2.jpg?fit=750%2C1334&amp;ssl=1\" data-orig-size=\"750,1334\" data-comments-opened=\"1\" data-image-meta=\"{&quot;aperture&quot;:&quot;0&quot;,&quot;credit&quot;:&quot;&quot;,&quot;camera&quot;:&quot;&quot;,&quot;caption&quot;:&quot;&quot;,&quot;created_timestamp&quot;:&quot;0&quot;,&quot;copyright&quot;:&quot;&quot;,&quot;focal_length&quot;:&quot;0&quot;,&quot;iso&quot;:&quot;0&quot;,&quot;shutter_speed&quot;:&quot;0&quot;,&quot;title&quot;:&quot;&quot;,&quot;orientation&quot;:&quot;0&quot;}\" data-image-title=\"D\u00e9m\u00e9-Ter T2\" data-image-description=\"\" data-image-caption=\"\" data-large-file=\"https:\/\/i0.wp.com\/www.jojoenherbe.com\/wp-content\/uploads\/2023\/01\/Deme-Ter-T2.jpg?fit=576%2C1024&amp;ssl=1\" class=\"size-thumbnail wp-image-29498 alignright\" src=\"https:\/\/i0.wp.com\/www.jojoenherbe.com\/wp-content\/uploads\/2023\/01\/Deme-Ter-T2.jpg?resize=150%2C150\" alt=\"\" width=\"150\" height=\"150\" srcset=\"https:\/\/i0.wp.com\/www.jojoenherbe.com\/wp-content\/uploads\/2023\/01\/Deme-Ter-T2.jpg?resize=150%2C150&amp;ssl=1 150w, https:\/\/i0.wp.com\/www.jojoenherbe.com\/wp-content\/uploads\/2023\/01\/Deme-Ter-T2.jpg?zoom=2&amp;resize=150%2C150 300w, https:\/\/i0.wp.com\/www.jojoenherbe.com\/wp-content\/uploads\/2023\/01\/Deme-Ter-T2.jpg?zoom=3&amp;resize=150%2C150 450w\" sizes=\"auto, (max-width: 150px) 100vw, 150px\" \/><\/a>J&rsquo;ai lu le tome 2 de <span style=\"text-decoration: underline;\">D\u00e9m\u00e9-Ter, Les trois couronnes, Le Roi affranchi<\/span> de Jo Colleen (\u00e9d. Auto\u00e9dition, 2022, 407 pages), un roman r\u00e9trofuturiste m\u00ealant steampunk, \u00e9poque victorienne, r\u00e9chauffement climatique et l&rsquo;Antiquit\u00e9 avec les gladiateurs et se d\u00e9roulant au XXIVe si\u00e8cle, apr\u00e8s la R\u00e9g\u00e9n\u00e8se qui a remodel\u00e9 le monde en trois zones royales et trois mois apr\u00e8s les \u00e9v\u00e9nements du pr\u00e9c\u00e9dent tome. Diane se retrouve de nouveau esclave dans les ar\u00e8nes et J\u00e9r\u00e9miah \u00ab\u00a0le Thanatos\u00a0\u00bb est tortur\u00e9 depuis des semaines par Servius, le Roi de D\u00e9m\u00e9-Ouest qui veut savoir o\u00f9 se cache Ath\u00e9na\u00efs, la cousine de Diane et d\u00e9sormais Reine de D\u00e9m\u00e9-Est. J&rsquo;ai appr\u00e9ci\u00e9 retrouv\u00e9 ces personnages et cet univers r\u00e9trofuturiste et \u00e9galement en d\u00e9couvrir plus sur Ath\u00e9na\u00efs et le Roi Servius. Tout ce petit groupe doit s&rsquo;allier pour se rendre \u00e0 D\u00e9m\u00e9-Nord. De nouvelles alliances et romances se cr\u00e9ent.\u00a0 Un bon voire tr\u00e8s bon moment de lecture\u00a0 avec de nombreux rebondissements! J&rsquo;ai h\u00e2te de pouvoir lire le troisi\u00e8me tome lorsqu&rsquo;il para\u00eetra.<\/em><\/p>\n<ul>\n<li style=\"text-align: justify;\"><em>(Romance historique) <strong><span style=\"text-decoration: underline;\">Les MacLean, Inconcevable affection<\/span><\/strong> de Liv Fox <strong>(T4)<\/strong><\/em><\/li>\n<\/ul>\n<p style=\"text-align: justify;\"><em><a href=\"https:\/\/i0.wp.com\/www.jojoenherbe.com\/wp-content\/uploads\/2023\/01\/Inconcevable-affection.jpg\"><img data-recalc-dims=\"1\" loading=\"lazy\" decoding=\"async\" data-attachment-id=\"29499\" data-permalink=\"https:\/\/www.jojoenherbe.com\/index.php\/2023\/01\/30\/point-lecture-hebdomadaire-2023-4\/inconcevable-affection\/\" data-orig-file=\"https:\/\/i0.wp.com\/www.jojoenherbe.com\/wp-content\/uploads\/2023\/01\/Inconcevable-affection.jpg?fit=750%2C1334&amp;ssl=1\" data-orig-size=\"750,1334\" data-comments-opened=\"1\" data-image-meta=\"{&quot;aperture&quot;:&quot;0&quot;,&quot;credit&quot;:&quot;&quot;,&quot;camera&quot;:&quot;&quot;,&quot;caption&quot;:&quot;&quot;,&quot;created_timestamp&quot;:&quot;0&quot;,&quot;copyright&quot;:&quot;&quot;,&quot;focal_length&quot;:&quot;0&quot;,&quot;iso&quot;:&quot;0&quot;,&quot;shutter_speed&quot;:&quot;0&quot;,&quot;title&quot;:&quot;&quot;,&quot;orientation&quot;:&quot;0&quot;}\" data-image-title=\"Inconcevable affection\" data-image-description=\"\" data-image-caption=\"\" data-large-file=\"https:\/\/i0.wp.com\/www.jojoenherbe.com\/wp-content\/uploads\/2023\/01\/Inconcevable-affection.jpg?fit=576%2C1024&amp;ssl=1\" class=\"alignleft size-thumbnail wp-image-29499\" src=\"https:\/\/i0.wp.com\/www.jojoenherbe.com\/wp-content\/uploads\/2023\/01\/Inconcevable-affection.jpg?resize=150%2C150\" alt=\"\" width=\"150\" height=\"150\" srcset=\"https:\/\/i0.wp.com\/www.jojoenherbe.com\/wp-content\/uploads\/2023\/01\/Inconcevable-affection.jpg?resize=150%2C150&amp;ssl=1 150w, https:\/\/i0.wp.com\/www.jojoenherbe.com\/wp-content\/uploads\/2023\/01\/Inconcevable-affection.jpg?zoom=2&amp;resize=150%2C150 300w, https:\/\/i0.wp.com\/www.jojoenherbe.com\/wp-content\/uploads\/2023\/01\/Inconcevable-affection.jpg?zoom=3&amp;resize=150%2C150 450w\" sizes=\"auto, (max-width: 150px) 100vw, 150px\" \/><\/a>J&rsquo;ai lu, en e-book, le dernier tome de la saga historique des MacLean, Inconcevable affection de Liv Fox (\u00e9d. Auto\u00e9dition, 2023, 399 pages), une romance historique avec le benjamin de la famille MacLean, Alexander qui est amen\u00e9 \u00e0 choisir entre son amie d&rsquo;enfance, Elsie Miller, la dame de chambre de sa belle-s\u0153ur Charlene et Miss Amanda Williams, une jeune lady anglaise dont le p\u00e8re est en affaires avec Neil. Le jeune homme doit-il se r\u00e9signer comme l&rsquo;avait fait quelques ann\u00e9es plus t\u00f4t son fr\u00e8re a\u00een\u00e9 Neil en \u00e9pousant Charlene? Une lecture plaisante pour clore la saga des MacLean et qui tourne avant tout autour de l&rsquo;esprit tourment\u00e9 et ind\u00e9cis d&rsquo;Alexander, encore bien jeune et immature dans ses premiers \u00e9mois amoureux! Mais j&rsquo;aurai\u00a0 appr\u00e9ci\u00e9 moins de tergiversations et un peu plus de confrontations entre lui et Neil.<br \/>\n<\/em><\/p>\n<ul>\n<li style=\"text-align: justify;\"><em>(Roman policier fantasy) <strong><span style=\"text-decoration: underline;\">De lune et de sang<\/span><\/strong> d&rsquo;Erin Beaty <strong>(T1)<\/strong><\/em><\/li>\n<\/ul>\n<p style=\"text-align: justify;\"><em><a href=\"https:\/\/i0.wp.com\/www.jojoenherbe.com\/wp-content\/uploads\/2023\/01\/De-lune-et-de-sang-T1.jpg\"><img data-recalc-dims=\"1\" loading=\"lazy\" decoding=\"async\" data-attachment-id=\"29500\" data-permalink=\"https:\/\/www.jojoenherbe.com\/index.php\/2023\/01\/30\/point-lecture-hebdomadaire-2023-4\/de-lune-et-de-sang-t1\/\" data-orig-file=\"https:\/\/i0.wp.com\/www.jojoenherbe.com\/wp-content\/uploads\/2023\/01\/De-lune-et-de-sang-T1.jpg?fit=750%2C1334&amp;ssl=1\" data-orig-size=\"750,1334\" data-comments-opened=\"1\" data-image-meta=\"{&quot;aperture&quot;:&quot;0&quot;,&quot;credit&quot;:&quot;&quot;,&quot;camera&quot;:&quot;&quot;,&quot;caption&quot;:&quot;&quot;,&quot;created_timestamp&quot;:&quot;0&quot;,&quot;copyright&quot;:&quot;&quot;,&quot;focal_length&quot;:&quot;0&quot;,&quot;iso&quot;:&quot;0&quot;,&quot;shutter_speed&quot;:&quot;0&quot;,&quot;title&quot;:&quot;&quot;,&quot;orientation&quot;:&quot;0&quot;}\" data-image-title=\"De lune et de sang T1\" data-image-description=\"\" data-image-caption=\"\" data-large-file=\"https:\/\/i0.wp.com\/www.jojoenherbe.com\/wp-content\/uploads\/2023\/01\/De-lune-et-de-sang-T1.jpg?fit=576%2C1024&amp;ssl=1\" class=\"size-thumbnail wp-image-29500 alignright\" src=\"https:\/\/i0.wp.com\/www.jojoenherbe.com\/wp-content\/uploads\/2023\/01\/De-lune-et-de-sang-T1.jpg?resize=150%2C150\" alt=\"\" width=\"150\" height=\"150\" srcset=\"https:\/\/i0.wp.com\/www.jojoenherbe.com\/wp-content\/uploads\/2023\/01\/De-lune-et-de-sang-T1.jpg?resize=150%2C150&amp;ssl=1 150w, https:\/\/i0.wp.com\/www.jojoenherbe.com\/wp-content\/uploads\/2023\/01\/De-lune-et-de-sang-T1.jpg?zoom=2&amp;resize=150%2C150 300w, https:\/\/i0.wp.com\/www.jojoenherbe.com\/wp-content\/uploads\/2023\/01\/De-lune-et-de-sang-T1.jpg?zoom=3&amp;resize=150%2C150 450w\" sizes=\"auto, (max-width: 150px) 100vw, 150px\" \/><\/a>J&rsquo;ai lu le tome 1 de la duologie <span style=\"text-decoration: underline;\">De lune et de sang<\/span> d&rsquo;Erin Beaty (\u00e9d. Lumen, 2023, 508 pages), un roman policier fantasy sous fond de romance. Dans la ville de Collis, Cat, une orpheline de 17 ans qui travaille pour le Magister Thomas, architecte en chef, est en train d&rsquo;inspecter les \u00e9chafaudages du chantier de construction du Sanctum un soir de pleine lune lorsqu&rsquo;elle est t\u00e9moin d&rsquo;un meurtre, entendant de tr\u00e8s loin les derni\u00e8res paroles de la victime. Le pr\u00e9v\u00f4t de la ville d\u00e9signe son neveu, Simon de Mesanos, \u00e2g\u00e9 de 19 ans et expert en folie comme V\u00e9natre pour mener l&rsquo;enqu\u00eate. De nouveaux meurtres aussi sordides ont bient\u00f4t lieu. Qui peut \u00eatre l&rsquo;assassin? Les deux fils du pr\u00e9v\u00f4t, Oudin et Lambert? Son ami d&rsquo;enfance R\u00e9mi? Ou Simon lui-m\u00eame? Cat tente de d\u00e9m\u00ealer le vrai du faux tout en enqu\u00eatant sur ses propres origines, la lune semblant lui donner des pouvoirs magiques.<br \/>\n<\/em><\/p>\n<p style=\"text-align: justify;\"><em>J&rsquo;ai appr\u00e9ci\u00e9 ce m\u00e9lange enqu\u00eate polici\u00e8re qui rappelle Jack l&rsquo;\u00e9ventreur et r\u00e9v\u00e9lation magique sur la nature de la jeune fille m\u00eame si cette derni\u00e8re tarde beaucoup \u00e0 venir. Comme souvent dans ce genre de roman, j&rsquo;aurai pr\u00e9f\u00e9r\u00e9 que les protagonistes soient beaucoup plus \u00e2g\u00e9s au vu de leur maturit\u00e9 et de leurs r\u00f4les endoss\u00e9s. Il y est question de secrets de famille, de meurtres perp\u00e9tr\u00e9s par un tueur en s\u00e9rie, de magie avec un monde opposant adorateurs du Soleil et peuple de la Lune, les Selenae ou bien encore de maladies mentales. Un bon moment de lecture dans l&rsquo;ensemble m\u00eame si j&rsquo;aurai pr\u00e9f\u00e9r\u00e9 que l&rsquo;enqu\u00eate soit plus aboutie et que la romance soit moins enfantine!<\/em><\/p>\n<p style=\"text-align: justify;\"><em><img data-recalc-dims=\"1\" loading=\"lazy\" decoding=\"async\" data-attachment-id=\"24729\" data-permalink=\"https:\/\/www.jojoenherbe.com\/index.php\/2022\/04\/11\/point-lecture-hebdomadaire-36\/broken-love-t1\/\" data-orig-file=\"https:\/\/i0.wp.com\/www.jojoenherbe.com\/wp-content\/uploads\/2022\/04\/Broken-love-T1.jpg?fit=750%2C1334&amp;ssl=1\" data-orig-size=\"750,1334\" data-comments-opened=\"1\" data-image-meta=\"{&quot;aperture&quot;:&quot;0&quot;,&quot;credit&quot;:&quot;&quot;,&quot;camera&quot;:&quot;&quot;,&quot;caption&quot;:&quot;&quot;,&quot;created_timestamp&quot;:&quot;0&quot;,&quot;copyright&quot;:&quot;&quot;,&quot;focal_length&quot;:&quot;0&quot;,&quot;iso&quot;:&quot;0&quot;,&quot;shutter_speed&quot;:&quot;0&quot;,&quot;title&quot;:&quot;&quot;,&quot;orientation&quot;:&quot;0&quot;}\" data-image-title=\"Broken love T1\" data-image-description=\"\" data-image-caption=\"\" data-large-file=\"https:\/\/i0.wp.com\/www.jojoenherbe.com\/wp-content\/uploads\/2022\/04\/Broken-love-T1.jpg?fit=576%2C1024&amp;ssl=1\" class=\"alignleft wp-image-24729\" src=\"https:\/\/pativore.files.wordpress.com\/2023\/01\/semaine-mille-pages-2023.jpg?w=300&#038;h=532&#038;fit=300%2C532&#038;resize=91%2C161\" sizes=\"auto, (max-width: 300px) 100vw, 300px\" srcset=\"https:\/\/pativore.files.wordpress.com\/2023\/01\/semaine-mille-pages-2023.jpg?w=300&amp;h=532 300w, https:\/\/pativore.files.wordpress.com\/2023\/01\/semaine-mille-pages-2023.jpg?w=600&amp;h=1064 600w, https:\/\/pativore.files.wordpress.com\/2023\/01\/semaine-mille-pages-2023.jpg?w=85&amp;h=150 85w, https:\/\/pativore.files.wordpress.com\/2023\/01\/semaine-mille-pages-2023.jpg?w=169&amp;h=300 169w, https:\/\/pativore.files.wordpress.com\/2023\/01\/semaine-mille-pages-2023.jpg?w=577&amp;h=1024 577w\" alt=\"\" width=\"91\" height=\"161\" data-attachment-id=\"24729\" data-permalink=\"https:\/\/pativore.wordpress.com\/2023\/01\/24\/semaine-a-mille-pages-janvier-2023\/semaine-mille-pages-2023\/\" data-orig-file=\"https:\/\/pativore.files.wordpress.com\/2023\/01\/semaine-mille-pages-2023.jpg\" data-orig-size=\"1125,1995\" data-comments-opened=\"1\" data-image-meta=\"{&quot;aperture&quot;:&quot;0&quot;,&quot;credit&quot;:&quot;&quot;,&quot;camera&quot;:&quot;&quot;,&quot;caption&quot;:&quot;&quot;,&quot;created_timestamp&quot;:&quot;0&quot;,&quot;copyright&quot;:&quot;&quot;,&quot;focal_length&quot;:&quot;0&quot;,&quot;iso&quot;:&quot;0&quot;,&quot;shutter_speed&quot;:&quot;0&quot;,&quot;title&quot;:&quot;&quot;,&quot;orientation&quot;:&quot;0&quot;}\" data-image-title=\"Semaine-mille-pages-2023\" data-image-description=\"\" data-image-caption=\"\" data-medium-file=\"https:\/\/pativore.files.wordpress.com\/2023\/01\/semaine-mille-pages-2023.jpg?w=169\" data-large-file=\"https:\/\/pativore.files.wordpress.com\/2023\/01\/semaine-mille-pages-2023.jpg?w=577\" \/>Cette semaine c\u2019est une Semaine \u00e0 mille pages organis\u00e9e par <a href=\"https:\/\/www.instagram.com\/petit_pingouin_vert\/\">Le pingouin vert<\/a> sur IG chaque mois tout au long de l\u2019ann\u00e9e 2023. Alors combien ai-je lu de pages cette semaine? 2900 pages lues sans compter les albums jeunesse.<\/em><\/p>\n","protected":false},"excerpt":{"rendered":"<p>En ce d\u00e9but de semaine, voici notre point lecture hebdomadaire avec un retour sur nos lectures de la semaine derni\u00e8re (mais pas nos relectures). Nos lectures du 23 au 29 janvier 2023: Des lectures jeunesse: C\u00f4t\u00e9 jeunesse, c&rsquo;\u00e9tait surtout des relectures cette semaine comme Satan\u00e9s lapins! de Ciara Flood et le tome 2 des Chiens [&hellip;]<\/p>\n","protected":false},"author":1,"featured_media":29513,"comment_status":"open","ping_status":"open","sticky":false,"template":"","format":"standard","meta":{"jetpack_post_was_ever_published":false,"_jetpack_newsletter_access":"","_jetpack_dont_email_post_to_subs":false,"_jetpack_newsletter_tier_id":0,"_jetpack_memberships_contains_paywalled_content":false,"_jetpack_memberships_contains_paid_content":false,"footnotes":""},"categories":[2140,363],"tags":[409,596,1226,3579,3572,3581,3582,870,1296,3369,367,3311,3215,2767,844,3236,3209,905,789,3570,3580,3571],"class_list":["post-29355","post","type-post","status-publish","format-standard","has-post-thumbnail","hentry","category-mini-blogueur","category-mini-lecteur","tag-albums-jeunesse","tag-bandes-dessinees","tag-bd-jeunesse","tag-claire-keegan","tag-elizabeth-davis","tag-emma-v-leech","tag-erin-beaty","tag-fantasy","tag-frances-h-burnett","tag-jo-colleen","tag-lecture-jeunesse","tag-liv-fox","tag-maud-begon","tag-point-lecture-hebdo","tag-romance","tag-romance-contemporaine","tag-romance-historique","tag-romans-adulte","tag-romans-jeunesse","tag-romantasy","tag-s-f-hughes","tag-sophie-irwin","post-preview"],"jetpack_featured_media_url":"https:\/\/i0.wp.com\/www.jojoenherbe.com\/wp-content\/uploads\/2023\/01\/Point-lecture-hebdomadaire-2023-4-scaled.jpg?fit=2560%2C1442&ssl=1","jetpack_sharing_enabled":true,"jetpack_shortlink":"https:\/\/wp.me\/p9zhGx-7Dt","jetpack_likes_enabled":true,"jetpack-related-posts":[{"id":37057,"url":"https:\/\/www.jojoenherbe.com\/index.php\/2024\/09\/30\/point-lecture-hebdomadaire-2024-39\/","url_meta":{"origin":29355,"position":0},"title":"Point lecture hebdomadaire 2024 #39","author":"Jojo","date":"30 septembre 2024","format":false,"excerpt":"En ce d\u00e9but de semaine, voici mon point lecture hebdomadaire avec un retour sur nos lectures (mais pas nos relectures) de la semaine derni\u00e8re. Nos lectures du 23 au 29 septembre 2024: Des lectures jeunesse: Nous avons continu\u00e9 chaque soir et presque fini de lire Le jardin secret de Frances\u2026","rel":"","context":"Dans &quot;Mini blogueur&quot;","block_context":{"text":"Mini blogueur","link":"https:\/\/www.jojoenherbe.com\/index.php\/category\/mini-blogueur\/"},"img":{"alt_text":"","src":"https:\/\/i0.wp.com\/www.jojoenherbe.com\/wp-content\/uploads\/2020\/04\/Le-jardin-secret-150x150.jpg?resize=350%2C200","width":350,"height":200},"classes":[]},{"id":31501,"url":"https:\/\/www.jojoenherbe.com\/index.php\/2023\/08\/21\/point-lecture-hebdomadaire-2023-33\/","url_meta":{"origin":29355,"position":1},"title":"Point lecture hebdomadaire 2023 #33","author":"Jojo","date":"21 ao\u00fbt 2023","format":false,"excerpt":"En ce d\u00e9but de semaine, voici notre point lecture hebdomadaire avec un retour sur nos lectures de la semaine derni\u00e8re (mais pas nos relectures). Nos lectures du 14 au 20 ao\u00fbt 2023: Des lectures jeunesse: (Roman jeunesse) Vol d\u2019\u00e9t\u00e9 de Marie-Anne Abesdris Nous avons lu Vol d\u2019\u00e9t\u00e9 de Marie-Anne Abesdris\u2026","rel":"","context":"Dans &quot;Mini blogueur&quot;","block_context":{"text":"Mini blogueur","link":"https:\/\/www.jojoenherbe.com\/index.php\/category\/mini-blogueur\/"},"img":{"alt_text":"","src":"https:\/\/i0.wp.com\/www.jojoenherbe.com\/wp-content\/uploads\/2023\/08\/Vol-dete-150x150.jpg?resize=350%2C200","width":350,"height":200},"classes":[]},{"id":25915,"url":"https:\/\/www.jojoenherbe.com\/index.php\/2022\/06\/20\/point-lecture-hebdomadaire-46\/","url_meta":{"origin":29355,"position":2},"title":"Point lecture hebdomadaire #46","author":"Jojo","date":"20 juin 2022","format":false,"excerpt":"En ce d\u00e9but de semaine, voici notre point lecture hebdomadaire avec un retour sur nos lectures de la semaine derni\u00e8re (mais pas nos relectures) et ma lecture en cours. j'ai surtout pioch\u00e9 dans ma PAL anglo-saxonne puisqu'en juin, c'est le Mois Anglais 2022 coorganis\u00e9e par Lou et Titine. Nos lectures\u2026","rel":"","context":"Dans &quot;Mini blogueur&quot;","block_context":{"text":"Mini blogueur","link":"https:\/\/www.jojoenherbe.com\/index.php\/category\/mini-blogueur\/"},"img":{"alt_text":"","src":"https:\/\/i0.wp.com\/www.jojoenherbe.com\/wp-content\/uploads\/2022\/07\/Point-lecture-hebdo-46-scaled.jpg?fit=1200%2C795&ssl=1&resize=350%2C200","width":350,"height":200,"srcset":"https:\/\/i0.wp.com\/www.jojoenherbe.com\/wp-content\/uploads\/2022\/07\/Point-lecture-hebdo-46-scaled.jpg?fit=1200%2C795&ssl=1&resize=350%2C200 1x, https:\/\/i0.wp.com\/www.jojoenherbe.com\/wp-content\/uploads\/2022\/07\/Point-lecture-hebdo-46-scaled.jpg?fit=1200%2C795&ssl=1&resize=525%2C300 1.5x, https:\/\/i0.wp.com\/www.jojoenherbe.com\/wp-content\/uploads\/2022\/07\/Point-lecture-hebdo-46-scaled.jpg?fit=1200%2C795&ssl=1&resize=700%2C400 2x, https:\/\/i0.wp.com\/www.jojoenherbe.com\/wp-content\/uploads\/2022\/07\/Point-lecture-hebdo-46-scaled.jpg?fit=1200%2C795&ssl=1&resize=1050%2C600 3x"},"classes":[]},{"id":34536,"url":"https:\/\/www.jojoenherbe.com\/index.php\/2024\/01\/29\/point-lecture-hebdomadaire-2024-4\/","url_meta":{"origin":29355,"position":3},"title":"Point lecture hebdomadaire 2024 #4","author":"Jojo","date":"29 janvier 2024","format":false,"excerpt":"En ce d\u00e9but de semaine, voici notre point lecture hebdomadaire avec un retour sur nos lectures de la semaine derni\u00e8re (mais pas nos relectures). Nos lectures du 22 au 28 janvier 2024: Des lectures jeunesse: (BD jeunesse) Mortelle Ad\u00e8le au pays des Contes d\u00e9faits, Mortelle Ad\u00e8le, Choupidoulove (T10) et Extra\u2026","rel":"","context":"Dans &quot;Mini blogueur&quot;","block_context":{"text":"Mini blogueur","link":"https:\/\/www.jojoenherbe.com\/index.php\/category\/mini-blogueur\/"},"img":{"alt_text":"","src":"https:\/\/i0.wp.com\/www.jojoenherbe.com\/wp-content\/uploads\/2024\/01\/Mortelle-Adele-BD-4-150x150.jpg?resize=350%2C200","width":350,"height":200},"classes":[]},{"id":34189,"url":"https:\/\/www.jojoenherbe.com\/index.php\/2024\/01\/08\/point-lecture-hebdomadaire-2024-1\/","url_meta":{"origin":29355,"position":4},"title":"Point lecture hebdomadaire 2024 #1","author":"Jojo","date":"8 janvier 2024","format":false,"excerpt":"En ce d\u00e9but de semaine, voici notre point lecture hebdomadaire avec un retour sur nos lectures de la semaine derni\u00e8re (mais pas nos relectures), la plupart encore de No\u00ebl puisque le week-end dernier s'est fini le challenge Il \u00e9tait 11 fois No\u00ebl avec un read-a-thon. Nos lectures du 1er au\u2026","rel":"","context":"Dans &quot;Mini blogueur&quot;","block_context":{"text":"Mini blogueur","link":"https:\/\/www.jojoenherbe.com\/index.php\/category\/mini-blogueur\/"},"img":{"alt_text":"","src":"https:\/\/i0.wp.com\/www.jojoenherbe.com\/wp-content\/uploads\/2024\/01\/Point-lecture-hebdo-2024-1-scaled.jpg?fit=1200%2C684&ssl=1&resize=350%2C200","width":350,"height":200,"srcset":"https:\/\/i0.wp.com\/www.jojoenherbe.com\/wp-content\/uploads\/2024\/01\/Point-lecture-hebdo-2024-1-scaled.jpg?fit=1200%2C684&ssl=1&resize=350%2C200 1x, https:\/\/i0.wp.com\/www.jojoenherbe.com\/wp-content\/uploads\/2024\/01\/Point-lecture-hebdo-2024-1-scaled.jpg?fit=1200%2C684&ssl=1&resize=525%2C300 1.5x, https:\/\/i0.wp.com\/www.jojoenherbe.com\/wp-content\/uploads\/2024\/01\/Point-lecture-hebdo-2024-1-scaled.jpg?fit=1200%2C684&ssl=1&resize=700%2C400 2x, https:\/\/i0.wp.com\/www.jojoenherbe.com\/wp-content\/uploads\/2024\/01\/Point-lecture-hebdo-2024-1-scaled.jpg?fit=1200%2C684&ssl=1&resize=1050%2C600 3x"},"classes":[]},{"id":37131,"url":"https:\/\/www.jojoenherbe.com\/index.php\/2024\/10\/28\/point-lecture-hebdomadaire-2024-43\/","url_meta":{"origin":29355,"position":5},"title":"Point lecture hebdomadaire 2024 #43","author":"Jojo","date":"28 octobre 2024","format":false,"excerpt":"En ce d\u00e9but de semaine, voici mon point lecture hebdomadaire avec un retour sur nos lectures (mais pas nos relectures) de la semaine derni\u00e8re. Nos lectures du 21 au 27 octobre 2024: Des lectures jeunesse: (Roman jeunesse) Am\u00e9lia Fang et le Tr\u00e9sor des Y\u00e9tis de Laura Ellen Anderson (T5) Apr\u00e8s\u2026","rel":"","context":"Dans &quot;Mini blogueur&quot;","block_context":{"text":"Mini blogueur","link":"https:\/\/www.jojoenherbe.com\/index.php\/category\/mini-blogueur\/"},"img":{"alt_text":"","src":"https:\/\/i0.wp.com\/www.jojoenherbe.com\/wp-content\/uploads\/2024\/10\/Point-lecture-hebdo-43.jpg?fit=1200%2C960&ssl=1&resize=350%2C200","width":350,"height":200,"srcset":"https:\/\/i0.wp.com\/www.jojoenherbe.com\/wp-content\/uploads\/2024\/10\/Point-lecture-hebdo-43.jpg?fit=1200%2C960&ssl=1&resize=350%2C200 1x, https:\/\/i0.wp.com\/www.jojoenherbe.com\/wp-content\/uploads\/2024\/10\/Point-lecture-hebdo-43.jpg?fit=1200%2C960&ssl=1&resize=525%2C300 1.5x, https:\/\/i0.wp.com\/www.jojoenherbe.com\/wp-content\/uploads\/2024\/10\/Point-lecture-hebdo-43.jpg?fit=1200%2C960&ssl=1&resize=700%2C400 2x, https:\/\/i0.wp.com\/www.jojoenherbe.com\/wp-content\/uploads\/2024\/10\/Point-lecture-hebdo-43.jpg?fit=1200%2C960&ssl=1&resize=1050%2C600 3x"},"classes":[]}],"_links":{"self":[{"href":"https:\/\/www.jojoenherbe.com\/index.php\/wp-json\/wp\/v2\/posts\/29355","targetHints":{"allow":["GET"]}}],"collection":[{"href":"https:\/\/www.jojoenherbe.com\/index.php\/wp-json\/wp\/v2\/posts"}],"about":[{"href":"https:\/\/www.jojoenherbe.com\/index.php\/wp-json\/wp\/v2\/types\/post"}],"author":[{"embeddable":true,"href":"https:\/\/www.jojoenherbe.com\/index.php\/wp-json\/wp\/v2\/users\/1"}],"replies":[{"embeddable":true,"href":"https:\/\/www.jojoenherbe.com\/index.php\/wp-json\/wp\/v2\/comments?post=29355"}],"version-history":[{"count":60,"href":"https:\/\/www.jojoenherbe.com\/index.php\/wp-json\/wp\/v2\/posts\/29355\/revisions"}],"predecessor-version":[{"id":30420,"href":"https:\/\/www.jojoenherbe.com\/index.php\/wp-json\/wp\/v2\/posts\/29355\/revisions\/30420"}],"wp:featuredmedia":[{"embeddable":true,"href":"https:\/\/www.jojoenherbe.com\/index.php\/wp-json\/wp\/v2\/media\/29513"}],"wp:attachment":[{"href":"https:\/\/www.jojoenherbe.com\/index.php\/wp-json\/wp\/v2\/media?parent=29355"}],"wp:term":[{"taxonomy":"category","embeddable":true,"href":"https:\/\/www.jojoenherbe.com\/index.php\/wp-json\/wp\/v2\/categories?post=29355"},{"taxonomy":"post_tag","embeddable":true,"href":"https:\/\/www.jojoenherbe.com\/index.php\/wp-json\/wp\/v2\/tags?post=29355"}],"curies":[{"name":"wp","href":"https:\/\/api.w.org\/{rel}","templated":true}]}}