{"id":29274,"date":"2023-01-23T17:20:36","date_gmt":"2023-01-23T16:20:36","guid":{"rendered":"https:\/\/www.jojoenherbe.com\/?p=29274"},"modified":"2023-03-29T16:23:34","modified_gmt":"2023-03-29T14:23:34","slug":"point-lecture-hebdomadaire-2023-3","status":"publish","type":"post","link":"https:\/\/www.jojoenherbe.com\/index.php\/2023\/01\/23\/point-lecture-hebdomadaire-2023-3\/","title":{"rendered":"Point lecture hebdomadaire 2023 #3"},"content":{"rendered":"<p><em>En ce d\u00e9but de semaine, voici notre point lecture hebdomadaire avec un retour sur nos lectures de la semaine derni\u00e8re (mais pas nos relectures).<\/em><\/p>\n<p><span style=\"text-decoration: underline;\"><strong>Nos lectures du 16 au 22 janvier 2023<\/strong><\/span><strong>:<\/strong><\/p>\n<p><em><span style=\"text-decoration: underline;\">Des lectures jeunesse<\/span>:<\/em><\/p>\n<ul>\n<li style=\"text-align: justify;\"><em>(Album jeunesse) <strong><span style=\"text-decoration: underline;\">J&rsquo;aurais voulu<\/span><\/strong> d&rsquo;Olivier Tallec<\/em><\/li>\n<\/ul>\n<p style=\"text-align: justify;\"><em><a href=\"https:\/\/i0.wp.com\/www.jojoenherbe.com\/wp-content\/uploads\/2023\/01\/Jaurais-voulu-scaled.jpg\"><img data-recalc-dims=\"1\" loading=\"lazy\" decoding=\"async\" data-attachment-id=\"29322\" data-permalink=\"https:\/\/www.jojoenherbe.com\/index.php\/2023\/01\/23\/point-lecture-hebdomadaire-2023-3\/jaurais-voulu\/\" data-orig-file=\"https:\/\/i0.wp.com\/www.jojoenherbe.com\/wp-content\/uploads\/2023\/01\/Jaurais-voulu-scaled.jpg?fit=2560%2C1920&amp;ssl=1\" data-orig-size=\"2560,1920\" data-comments-opened=\"1\" data-image-meta=\"{&quot;aperture&quot;:&quot;1.8&quot;,&quot;credit&quot;:&quot;&quot;,&quot;camera&quot;:&quot;iPhone 7&quot;,&quot;caption&quot;:&quot;&quot;,&quot;created_timestamp&quot;:&quot;1674212333&quot;,&quot;copyright&quot;:&quot;&quot;,&quot;focal_length&quot;:&quot;3.99&quot;,&quot;iso&quot;:&quot;100&quot;,&quot;shutter_speed&quot;:&quot;0.1&quot;,&quot;title&quot;:&quot;&quot;,&quot;orientation&quot;:&quot;1&quot;}\" data-image-title=\"J&amp;rsquo;aurais voulu\" data-image-description=\"\" data-image-caption=\"\" data-large-file=\"https:\/\/i0.wp.com\/www.jojoenherbe.com\/wp-content\/uploads\/2023\/01\/Jaurais-voulu-scaled.jpg?fit=676%2C507&amp;ssl=1\" class=\"alignleft size-thumbnail wp-image-29322\" src=\"https:\/\/i0.wp.com\/www.jojoenherbe.com\/wp-content\/uploads\/2023\/01\/Jaurais-voulu.jpg?resize=150%2C150\" alt=\"\" width=\"150\" height=\"150\" srcset=\"https:\/\/i0.wp.com\/www.jojoenherbe.com\/wp-content\/uploads\/2023\/01\/Jaurais-voulu-scaled.jpg?resize=150%2C150&amp;ssl=1 150w, https:\/\/i0.wp.com\/www.jojoenherbe.com\/wp-content\/uploads\/2023\/01\/Jaurais-voulu-scaled.jpg?zoom=2&amp;resize=150%2C150 300w, https:\/\/i0.wp.com\/www.jojoenherbe.com\/wp-content\/uploads\/2023\/01\/Jaurais-voulu-scaled.jpg?zoom=3&amp;resize=150%2C150 450w\" sizes=\"auto, (max-width: 150px) 100vw, 150px\" \/><\/a>Apr\u00e8s <a href=\"https:\/\/www.jojoenherbe.com\/index.php\/2021\/05\/12\/au-fil-des-pages-avec-cest-mon-arbre\/\"><span style=\"text-decoration: underline;\">C&rsquo;est mon arbre<\/span><\/a> et <a href=\"https:\/\/www.jojoenherbe.com\/index.php\/2021\/05\/13\/au-fil-des-pages-avec-un-peu-beaucoup\/\"><span style=\"text-decoration: underline;\">Un peu beaucoup<\/span><\/a>, nous avons lu <span style=\"text-decoration: underline;\">J&rsquo;aurais voulu<\/span> d&rsquo;Olivier Tallec (\u00e9d. L&rsquo;\u00e9cole des loisirs, coll. Pastel 2021, r\u00e9\u00e9d. Kilimax 2023), un album jeunesse joliment illustr\u00e9 \u00e0 partir de 6 ans selon l&rsquo;\u00e9diteur. L&rsquo;\u00e9cureuil ne veut plus en \u00eatre un et s&rsquo;imagine dans la peau d&rsquo;autres animaux comme un castor, un cerf ou bien encore un h\u00e9risson. Mais \u00e0 chaque nouvelle m\u00e9tamorphose, il s&rsquo;aper\u00e7oit des difficult\u00e9s \u00e0 \u00eatre un autre animal. Et si finalement l&rsquo;\u00e9cureuil s&rsquo;acceptait tel qu&rsquo;il est? Un tr\u00e8s bon moment de lecture avec cette qu\u00eate d&rsquo;identit\u00e9 tr\u00e8s rigolote!<\/em><\/p>\n<ul>\n<li style=\"text-align: justify;\"><em>(Roman jeunesse) <strong><span style=\"text-decoration: underline;\">Attention, sapin magique!<\/span><\/strong> d&rsquo;Anne Rivi\u00e8re et Caroline H\u00fce<\/em><\/li>\n<\/ul>\n<p style=\"text-align: justify;\"><em><a href=\"https:\/\/i0.wp.com\/www.jojoenherbe.com\/wp-content\/uploads\/2023\/01\/Attention-sapin-magique-scaled.jpg\"><img data-recalc-dims=\"1\" loading=\"lazy\" decoding=\"async\" data-attachment-id=\"29324\" data-permalink=\"https:\/\/www.jojoenherbe.com\/index.php\/2023\/01\/23\/point-lecture-hebdomadaire-2023-3\/attention-sapin-magique\/\" data-orig-file=\"https:\/\/i0.wp.com\/www.jojoenherbe.com\/wp-content\/uploads\/2023\/01\/Attention-sapin-magique-scaled.jpg?fit=2560%2C2077&amp;ssl=1\" data-orig-size=\"2560,2077\" data-comments-opened=\"1\" data-image-meta=\"{&quot;aperture&quot;:&quot;1.8&quot;,&quot;credit&quot;:&quot;&quot;,&quot;camera&quot;:&quot;iPhone 7&quot;,&quot;caption&quot;:&quot;&quot;,&quot;created_timestamp&quot;:&quot;1674212473&quot;,&quot;copyright&quot;:&quot;&quot;,&quot;focal_length&quot;:&quot;3.99&quot;,&quot;iso&quot;:&quot;100&quot;,&quot;shutter_speed&quot;:&quot;0.076923076923077&quot;,&quot;title&quot;:&quot;&quot;,&quot;orientation&quot;:&quot;1&quot;}\" data-image-title=\"Attention, sapin magique!\" data-image-description=\"\" data-image-caption=\"\" data-large-file=\"https:\/\/i0.wp.com\/www.jojoenherbe.com\/wp-content\/uploads\/2023\/01\/Attention-sapin-magique-scaled.jpg?fit=676%2C549&amp;ssl=1\" class=\"size-thumbnail wp-image-29324 alignright\" src=\"https:\/\/i0.wp.com\/www.jojoenherbe.com\/wp-content\/uploads\/2023\/01\/Attention-sapin-magique.jpg?resize=150%2C150\" alt=\"\" width=\"150\" height=\"150\" srcset=\"https:\/\/i0.wp.com\/www.jojoenherbe.com\/wp-content\/uploads\/2023\/01\/Attention-sapin-magique-scaled.jpg?resize=150%2C150&amp;ssl=1 150w, https:\/\/i0.wp.com\/www.jojoenherbe.com\/wp-content\/uploads\/2023\/01\/Attention-sapin-magique-scaled.jpg?zoom=2&amp;resize=150%2C150 300w, https:\/\/i0.wp.com\/www.jojoenherbe.com\/wp-content\/uploads\/2023\/01\/Attention-sapin-magique-scaled.jpg?zoom=3&amp;resize=150%2C150 450w\" sizes=\"auto, (max-width: 150px) 100vw, 150px\" \/><\/a>Nous lisons \u00e0 deux <span style=\"text-decoration: underline;\">Attention, sapin magique!<\/span> d&rsquo;Anne Rivi\u00e8re et Caroline H\u00fce (\u00e9d. Bayard Jeunesse, 2018, 29 pages), un roman jeunesse premi\u00e8res lectures dans la collection \u00ab Tu lis, je lis \u00bb (CP, niveau 1). Le jeune lecteur lit la partie color\u00e9e tandis qu\u2019un lecteur confirm\u00e9 lit la partie en noir. \u00c0 l&rsquo;approche de No\u00ebl, la petite sorci\u00e8re \u00c9tincelle a l&rsquo;id\u00e9e d&rsquo;utiliser sa magie pour le sapin de No\u00ebl, apr\u00e8s avoir vu l&rsquo;\u00e9mission T\u00e9l\u00e9magie \u00e0 la t\u00e9l\u00e9vision avec Mia, sa chatte noire. Elle encha\u00eene alors les catastrophes. Arrivera-t-elle \u00e0 trouver la bonne formule magique? Une histoire rigolote pour apprendre \u00e0 lire!<br \/>\n<\/em><\/p>\n<ul>\n<li style=\"text-align: justify;\"><em>(Album jeunesse) <strong><span style=\"text-decoration: underline;\">Un ami tomb\u00e9 du ciel<\/span><\/strong> d&rsquo;Orianne Lallemand et Herv\u00e9 Le Goff<\/em><\/li>\n<\/ul>\n<p style=\"text-align: justify;\"><em><a href=\"https:\/\/i0.wp.com\/www.jojoenherbe.com\/wp-content\/uploads\/2023\/01\/Un-ami-tombe-du-ciel-scaled.jpg\"><img data-recalc-dims=\"1\" loading=\"lazy\" decoding=\"async\" data-attachment-id=\"29335\" data-permalink=\"https:\/\/www.jojoenherbe.com\/index.php\/2023\/01\/23\/point-lecture-hebdomadaire-2023-3\/un-ami-tombe-du-ciel\/\" data-orig-file=\"https:\/\/i0.wp.com\/www.jojoenherbe.com\/wp-content\/uploads\/2023\/01\/Un-ami-tombe-du-ciel-scaled.jpg?fit=2560%2C2208&amp;ssl=1\" data-orig-size=\"2560,2208\" data-comments-opened=\"1\" data-image-meta=\"{&quot;aperture&quot;:&quot;1.8&quot;,&quot;credit&quot;:&quot;&quot;,&quot;camera&quot;:&quot;iPhone 7&quot;,&quot;caption&quot;:&quot;&quot;,&quot;created_timestamp&quot;:&quot;1674472557&quot;,&quot;copyright&quot;:&quot;&quot;,&quot;focal_length&quot;:&quot;3.99&quot;,&quot;iso&quot;:&quot;80&quot;,&quot;shutter_speed&quot;:&quot;0.16666666666667&quot;,&quot;title&quot;:&quot;&quot;,&quot;orientation&quot;:&quot;1&quot;}\" data-image-title=\"Un ami tomb\u00e9 du ciel\" data-image-description=\"\" data-image-caption=\"\" data-large-file=\"https:\/\/i0.wp.com\/www.jojoenherbe.com\/wp-content\/uploads\/2023\/01\/Un-ami-tombe-du-ciel-scaled.jpg?fit=676%2C583&amp;ssl=1\" class=\"alignleft size-thumbnail wp-image-29335\" src=\"https:\/\/i0.wp.com\/www.jojoenherbe.com\/wp-content\/uploads\/2023\/01\/Un-ami-tombe-du-ciel.jpg?resize=150%2C150\" alt=\"\" width=\"150\" height=\"150\" srcset=\"https:\/\/i0.wp.com\/www.jojoenherbe.com\/wp-content\/uploads\/2023\/01\/Un-ami-tombe-du-ciel-scaled.jpg?resize=150%2C150&amp;ssl=1 150w, https:\/\/i0.wp.com\/www.jojoenherbe.com\/wp-content\/uploads\/2023\/01\/Un-ami-tombe-du-ciel-scaled.jpg?zoom=2&amp;resize=150%2C150 300w, https:\/\/i0.wp.com\/www.jojoenherbe.com\/wp-content\/uploads\/2023\/01\/Un-ami-tombe-du-ciel-scaled.jpg?zoom=3&amp;resize=150%2C150 450w\" sizes=\"auto, (max-width: 150px) 100vw, 150px\" \/><\/a>Nous avons lu <span style=\"text-decoration: underline;\">Un ami tomb\u00e9 du ciel<\/span> d&rsquo;Orianne Lallemand et Herv\u00e9 Le Goff (\u00e9d. Auzou, coll. Les Albums, 2021), un album jeunesse \u00e0 partir de 3 ans et joliment illustr\u00e9. Ours-Blanc vit tranquille sur la banquise jusqu&rsquo;\u00e0 ce qu&rsquo;un jour, Aaron le kangourou tombe du ciel. Il est question d&rsquo;une dr\u00f4le d&rsquo;amiti\u00e9 entre un duo aux temp\u00e9raments diam\u00e9tralement oppos\u00e9s, entre l&rsquo;ours polaire taiseux et le kangourou survolt\u00e9. Un bon moment de lecture! <\/em><\/p>\n<ul>\n<li style=\"text-align: justify;\"><em>(Album jeunesse) <strong><span style=\"text-decoration: underline;\">La grosse gr\u00e8ve<\/span><\/strong> de Philippe Jalbert<\/em><\/li>\n<\/ul>\n<p style=\"text-align: justify;\"><em><a href=\"https:\/\/i0.wp.com\/www.jojoenherbe.com\/wp-content\/uploads\/2023\/01\/La-grosse-greve-scaled.jpg\"><img data-recalc-dims=\"1\" loading=\"lazy\" decoding=\"async\" data-attachment-id=\"29334\" data-permalink=\"https:\/\/www.jojoenherbe.com\/index.php\/2023\/01\/23\/point-lecture-hebdomadaire-2023-3\/la-grosse-greve\/\" data-orig-file=\"https:\/\/i0.wp.com\/www.jojoenherbe.com\/wp-content\/uploads\/2023\/01\/La-grosse-greve-scaled.jpg?fit=2560%2C1920&amp;ssl=1\" data-orig-size=\"2560,1920\" data-comments-opened=\"1\" data-image-meta=\"{&quot;aperture&quot;:&quot;1.8&quot;,&quot;credit&quot;:&quot;&quot;,&quot;camera&quot;:&quot;iPhone 7&quot;,&quot;caption&quot;:&quot;&quot;,&quot;created_timestamp&quot;:&quot;1674472575&quot;,&quot;copyright&quot;:&quot;&quot;,&quot;focal_length&quot;:&quot;3.99&quot;,&quot;iso&quot;:&quot;100&quot;,&quot;shutter_speed&quot;:&quot;0.2&quot;,&quot;title&quot;:&quot;&quot;,&quot;orientation&quot;:&quot;1&quot;}\" data-image-title=\"La grosse gr\u00e8ve\" data-image-description=\"\" data-image-caption=\"\" data-large-file=\"https:\/\/i0.wp.com\/www.jojoenherbe.com\/wp-content\/uploads\/2023\/01\/La-grosse-greve-scaled.jpg?fit=676%2C507&amp;ssl=1\" class=\"size-thumbnail wp-image-29334 alignright\" src=\"https:\/\/i0.wp.com\/www.jojoenherbe.com\/wp-content\/uploads\/2023\/01\/La-grosse-greve.jpg?resize=150%2C150\" alt=\"\" width=\"150\" height=\"150\" srcset=\"https:\/\/i0.wp.com\/www.jojoenherbe.com\/wp-content\/uploads\/2023\/01\/La-grosse-greve-scaled.jpg?resize=150%2C150&amp;ssl=1 150w, https:\/\/i0.wp.com\/www.jojoenherbe.com\/wp-content\/uploads\/2023\/01\/La-grosse-greve-scaled.jpg?zoom=2&amp;resize=150%2C150 300w, https:\/\/i0.wp.com\/www.jojoenherbe.com\/wp-content\/uploads\/2023\/01\/La-grosse-greve-scaled.jpg?zoom=3&amp;resize=150%2C150 450w\" sizes=\"auto, (max-width: 150px) 100vw, 150px\" \/><\/a>Nous avons lu <span style=\"text-decoration: underline;\">La grosse gr\u00e8ve<\/span> de Philippe Jalbert (\u00e9d. Gautier-Languereau, 2019), un album jeunesse \u00e0 partir de 3 ans. Au royaume des contes, les habitants en ont assez, que ce soit la reine et le roi qui devraient \u00eatre tristes de ne pas avoir d&rsquo;enfants ou la sorci\u00e8re qui devrait se satisfaire de vivre dans un ch\u00e2teau en ruines ou bien encore le loup qui voudrait bien changer son alimentation&#8230; Pourront-ils avoir le droit de choisir leur propre histoire en se mettant en gr\u00e8ve et en faisant part de leurs revendications \u00e0 l&rsquo;auteur de l&rsquo;histoire? Un bon moment de lecture rigolo et loufoque m\u00ealant dessins et photos et qui m&rsquo;a rappel\u00e9 le processus narratif de <a href=\"https:\/\/www.jojoenherbe.com\/index.php\/2020\/10\/10\/au-fil-des-pages-avec-comment-etre-aime-quand-on-est-un-grand-mechant-loup\/\"><span style=\"text-decoration: underline;\">Comment \u00eatre aim\u00e9 quand on est un Grand M\u00e9chant Loup?<\/span><\/a> de Christine Naumann-Villemin et Annick Masson (\u00e9d. Mijade, 2017), l&rsquo;auteur se mettant lui-m\u00eame en sc\u00e8ne, brisant en quelque sorte le quatri\u00e8me mur.<\/em><\/p>\n<ul>\n<li style=\"text-align: justify;\"><em>(Album jeunesse) <strong><span style=\"text-decoration: underline;\">Un hiver chez Bleuet<\/span><\/strong> de Heegyum Kim<\/em><\/li>\n<\/ul>\n<p style=\"text-align: justify;\"><em><a href=\"https:\/\/i0.wp.com\/www.jojoenherbe.com\/wp-content\/uploads\/2023\/01\/Un-hiver-chez-Bleuet-scaled.jpg\"><img data-recalc-dims=\"1\" loading=\"lazy\" decoding=\"async\" data-attachment-id=\"29336\" data-permalink=\"https:\/\/www.jojoenherbe.com\/index.php\/2023\/01\/23\/point-lecture-hebdomadaire-2023-3\/un-hiver-chez-bleuet\/\" data-orig-file=\"https:\/\/i0.wp.com\/www.jojoenherbe.com\/wp-content\/uploads\/2023\/01\/Un-hiver-chez-Bleuet-scaled.jpg?fit=2560%2C1920&amp;ssl=1\" data-orig-size=\"2560,1920\" data-comments-opened=\"1\" data-image-meta=\"{&quot;aperture&quot;:&quot;1.8&quot;,&quot;credit&quot;:&quot;&quot;,&quot;camera&quot;:&quot;iPhone 7&quot;,&quot;caption&quot;:&quot;&quot;,&quot;created_timestamp&quot;:&quot;1674472583&quot;,&quot;copyright&quot;:&quot;&quot;,&quot;focal_length&quot;:&quot;3.99&quot;,&quot;iso&quot;:&quot;100&quot;,&quot;shutter_speed&quot;:&quot;0.16666666666667&quot;,&quot;title&quot;:&quot;&quot;,&quot;orientation&quot;:&quot;1&quot;}\" data-image-title=\"Un hiver chez Bleuet\" data-image-description=\"\" data-image-caption=\"\" data-large-file=\"https:\/\/i0.wp.com\/www.jojoenherbe.com\/wp-content\/uploads\/2023\/01\/Un-hiver-chez-Bleuet-scaled.jpg?fit=676%2C507&amp;ssl=1\" class=\"alignleft size-thumbnail wp-image-29336\" src=\"https:\/\/i0.wp.com\/www.jojoenherbe.com\/wp-content\/uploads\/2023\/01\/Un-hiver-chez-Bleuet.jpg?resize=150%2C150\" alt=\"\" width=\"150\" height=\"150\" srcset=\"https:\/\/i0.wp.com\/www.jojoenherbe.com\/wp-content\/uploads\/2023\/01\/Un-hiver-chez-Bleuet-scaled.jpg?resize=150%2C150&amp;ssl=1 150w, https:\/\/i0.wp.com\/www.jojoenherbe.com\/wp-content\/uploads\/2023\/01\/Un-hiver-chez-Bleuet-scaled.jpg?zoom=2&amp;resize=150%2C150 300w, https:\/\/i0.wp.com\/www.jojoenherbe.com\/wp-content\/uploads\/2023\/01\/Un-hiver-chez-Bleuet-scaled.jpg?zoom=3&amp;resize=150%2C150 450w\" sizes=\"auto, (max-width: 150px) 100vw, 150px\" \/><\/a>Nous avons enfin lu <span style=\"text-decoration: underline;\">Un hiver chez Bleuet<\/span> de Heegyum Kim (\u00e9d. Michi, 2023, 40 pages), un album jeunesse \u00e0 partir de 4 ans. En pleins pr\u00e9paratifs pour son hibernation, Bleuet, un ours se satisfait du confort douillet et rassurant de sa maison, passant ses journ\u00e9es seul \u00e0 lire, \u00e0 dormir ou bien encore \u00e0 boire du th\u00e9 au miel&#8230; Mais lorsqu&rsquo;il s&rsquo;aper\u00e7oit qu&rsquo;il manque de tartes aux myrtilles, il d\u00e9cide \u00e0 contrec\u0153ur et malgr\u00e9 son anxi\u00e9t\u00e9 de se rendre \u00e0 la p\u00e2tisserie la plus proche. Et si cet impr\u00e9vu bouleversait agr\u00e9ablement sa routine? <\/em><em>Il est ainsi question de zone de confort, de peur de l&rsquo;inconnu et d&rsquo;aller vers les autres et d&rsquo;amiti\u00e9. Les jolies illustrations bleut\u00e9es et crayonn\u00e9es sont douces,\u00a0 r\u00e9confortantes et chaleureuses. Coup de c\u0153ur pour cet album jeunesse tendre et gourmand!<\/em><\/p>\n<p><em><span style=\"text-decoration: underline;\">Des lectures adulte<\/span>:<\/em><\/p>\n<p style=\"text-align: justify;\"><em>Parmi les romans adultes que j\u2019ai lus cette semaine, je ne parlerai dans ce billet que de certains.<\/em><\/p>\n<ul>\n<li style=\"text-align: justify;\"><em>(Roman d&rsquo;urban fantasy ado\/YA) <strong><span style=\"text-decoration: underline;\">Humana, L&rsquo;appel du sang<\/span><\/strong> de Jocabel C. Caballero <strong>(T1)<\/strong><\/em><\/li>\n<\/ul>\n<p style=\"text-align: justify;\"><em><a href=\"https:\/\/i0.wp.com\/www.jojoenherbe.com\/wp-content\/uploads\/2023\/01\/Humana-T1.jpg\"><img data-recalc-dims=\"1\" loading=\"lazy\" decoding=\"async\" data-attachment-id=\"29337\" data-permalink=\"https:\/\/www.jojoenherbe.com\/index.php\/2023\/01\/23\/point-lecture-hebdomadaire-2023-3\/humana-t1\/\" data-orig-file=\"https:\/\/i0.wp.com\/www.jojoenherbe.com\/wp-content\/uploads\/2023\/01\/Humana-T1.jpg?fit=750%2C1334&amp;ssl=1\" data-orig-size=\"750,1334\" data-comments-opened=\"1\" data-image-meta=\"{&quot;aperture&quot;:&quot;0&quot;,&quot;credit&quot;:&quot;&quot;,&quot;camera&quot;:&quot;&quot;,&quot;caption&quot;:&quot;&quot;,&quot;created_timestamp&quot;:&quot;0&quot;,&quot;copyright&quot;:&quot;&quot;,&quot;focal_length&quot;:&quot;0&quot;,&quot;iso&quot;:&quot;0&quot;,&quot;shutter_speed&quot;:&quot;0&quot;,&quot;title&quot;:&quot;&quot;,&quot;orientation&quot;:&quot;0&quot;}\" data-image-title=\"Humana T1\" data-image-description=\"\" data-image-caption=\"\" data-large-file=\"https:\/\/i0.wp.com\/www.jojoenherbe.com\/wp-content\/uploads\/2023\/01\/Humana-T1.jpg?fit=576%2C1024&amp;ssl=1\" class=\"size-thumbnail wp-image-29337 alignright\" src=\"https:\/\/i0.wp.com\/www.jojoenherbe.com\/wp-content\/uploads\/2023\/01\/Humana-T1.jpg?resize=150%2C150\" alt=\"\" width=\"150\" height=\"150\" srcset=\"https:\/\/i0.wp.com\/www.jojoenherbe.com\/wp-content\/uploads\/2023\/01\/Humana-T1.jpg?resize=150%2C150&amp;ssl=1 150w, https:\/\/i0.wp.com\/www.jojoenherbe.com\/wp-content\/uploads\/2023\/01\/Humana-T1.jpg?zoom=2&amp;resize=150%2C150 300w, https:\/\/i0.wp.com\/www.jojoenherbe.com\/wp-content\/uploads\/2023\/01\/Humana-T1.jpg?zoom=3&amp;resize=150%2C150 450w\" sizes=\"auto, (max-width: 150px) 100vw, 150px\" \/><\/a>J&rsquo;ai lu en e-book le premier tome d&rsquo;<span style=\"text-decoration: underline;\">Humana, L&rsquo;appel du sang<\/span> de Jocabel C. Caballero (\u00e9d. Auto\u00e9dition, 2019, r\u00e9\u00e9d. 2023, 439 pages), un roman d&rsquo;urban fantasy pour adolescents. <\/em><em>Ayant lu et appr\u00e9ci\u00e9 de cette autrice sa saga d&rsquo;urban fantasy <span style=\"text-decoration: underline;\">Alpha Priors<\/span>, j&rsquo;ai voulu lire sa nouvelle trilogie qui s&rsquo;est r\u00e9v\u00e9l\u00e9e \u00eatre pour un public plus jeune. J&rsquo;ai quand m\u00eame continu\u00e9 ma lecture, appr\u00e9ciant le style d&rsquo;\u00e9criture et l&rsquo;univers surnaturel d\u00e9crit, malgr\u00e9 une trop longue premi\u00e8re partie introductive.<br \/>\n<\/em><\/p>\n<p style=\"text-align: justify;\"><em>S\u00e9rena Wilson est n\u00e9e humaine au sein d&rsquo;une famille de vampires, obligeant sa famille \u00e0 d\u00e9m\u00e9nager r\u00e9guli\u00e8rement. Avec son jeune fr\u00e8re, Gabriel, un vampire au sang m\u00eal\u00e9 avec des pouvoirs d&rsquo;\u00e9lectro-kin\u00e9siste, elle int\u00e8gre l&rsquo;acad\u00e9mie Valdenbourg. Elle s&rsquo;attend \u00e0 \u00eatre rejet\u00e9e par les Nocturnes, que ce soit les \u00e9l\u00e8ves vampires, m\u00e9tamorphes ou ensorceleurs. Pourtant, elle se lie d&rsquo;amiti\u00e9 avec Dorian Frost, un ensorceleur et Lisa Lucifero, une vampire faisant partie des Gardiens qui interviennent pour g\u00e9rer les conflits entre novices au sein de l&rsquo;acad\u00e9mie. S\u00e9rena est \u00e9galement troubl\u00e9e par Ethan Vald\u00e8s, un vampire sang-pur et neveu du r\u00e9gent de Silana. Mais leur attirance est-elle vraiment r\u00e9ciproque? Sa vie de novice au sein de l&rsquo;acad\u00e9mie n&rsquo;est pas la seule chose qui inqui\u00e8te la jeune fille de 17 ans. En effet, ses parents semblent cacher une partie de leur pass\u00e9 et le fait d&rsquo;avoir d\u00e9j\u00e0 v\u00e9cu \u00e0 Silana. Que d\u00e9couvrira S\u00e9rena? Sa vie sera-t-elle de nouveau en danger?<\/em><\/p>\n<p style=\"text-align: justify;\"><em>Il y est question d&rsquo;un monde magique domin\u00e9 par les Nocturnes, les humains vivant semble-t-il dans dans la R\u00e9serve et les Humana faisant l&rsquo;objet de discriminations. Pour le moment, nous lecteur n&rsquo;en savons gu\u00e8re plus que S\u00e9rena. Il est \u00e9tonnant que face \u00e0 la menace que sont les Nocturnes, l&rsquo;adolescente ne se soit plus renseign\u00e9e sur eux, malgr\u00e9 la d\u00e9fiance qu&rsquo;elle leur voue et appara\u00eet bien na\u00efve, malgr\u00e9 son fort temp\u00e9rament en tenant t\u00eate notamment \u00e0 Ethan.\u00a0<\/em> <em>Un bon moment de lecture avec son lots de secrets de famille et de conspiration, surtout \u00e0 la fin qui donne envie d&rsquo;en savoir plus, que ce soit sur la relation S\u00e9rena\/Ethan ou sur les Nocturnes de Silana et les ann\u00e9es noires! Deux autres tomes sont pr\u00e9vus: <span style=\"text-decoration: underline;\">L&rsquo;\u00e2me maudite<\/span> (T2) qui sera r\u00e9\u00e9dit\u00e9 en f\u00e9vrier 2023 et <span style=\"text-decoration: underline;\">L&rsquo;ultime sacrifice<\/span> (T3) qui para\u00eetra en mars 2023.<\/em><\/p>\n<ul>\n<li style=\"text-align: justify;\"><em>(Romantasy ado\/YA) <span style=\"text-decoration: underline;\"><strong>Mille battements de c\u0153ur<\/strong><\/span> de Kiera Cass<\/em><\/li>\n<\/ul>\n<p style=\"text-align: justify;\"><em><a href=\"https:\/\/i0.wp.com\/www.jojoenherbe.com\/wp-content\/uploads\/2023\/01\/Mille-battements-de-coeur.jpg\"><img data-recalc-dims=\"1\" loading=\"lazy\" decoding=\"async\" data-attachment-id=\"29494\" data-permalink=\"https:\/\/www.jojoenherbe.com\/index.php\/2023\/01\/23\/point-lecture-hebdomadaire-2023-3\/mille-battements-de-coeur\/\" data-orig-file=\"https:\/\/i0.wp.com\/www.jojoenherbe.com\/wp-content\/uploads\/2023\/01\/Mille-battements-de-coeur.jpg?fit=750%2C1334&amp;ssl=1\" data-orig-size=\"750,1334\" data-comments-opened=\"1\" data-image-meta=\"{&quot;aperture&quot;:&quot;0&quot;,&quot;credit&quot;:&quot;&quot;,&quot;camera&quot;:&quot;&quot;,&quot;caption&quot;:&quot;&quot;,&quot;created_timestamp&quot;:&quot;0&quot;,&quot;copyright&quot;:&quot;&quot;,&quot;focal_length&quot;:&quot;0&quot;,&quot;iso&quot;:&quot;0&quot;,&quot;shutter_speed&quot;:&quot;0&quot;,&quot;title&quot;:&quot;&quot;,&quot;orientation&quot;:&quot;0&quot;}\" data-image-title=\"Mille battements de coeur\" data-image-description=\"\" data-image-caption=\"\" data-large-file=\"https:\/\/i0.wp.com\/www.jojoenherbe.com\/wp-content\/uploads\/2023\/01\/Mille-battements-de-coeur.jpg?fit=576%2C1024&amp;ssl=1\" class=\"alignleft size-thumbnail wp-image-29494\" src=\"https:\/\/i0.wp.com\/www.jojoenherbe.com\/wp-content\/uploads\/2023\/01\/Mille-battements-de-coeur.jpg?resize=150%2C150\" alt=\"\" width=\"150\" height=\"150\" srcset=\"https:\/\/i0.wp.com\/www.jojoenherbe.com\/wp-content\/uploads\/2023\/01\/Mille-battements-de-coeur.jpg?resize=150%2C150&amp;ssl=1 150w, https:\/\/i0.wp.com\/www.jojoenherbe.com\/wp-content\/uploads\/2023\/01\/Mille-battements-de-coeur.jpg?zoom=2&amp;resize=150%2C150 300w, https:\/\/i0.wp.com\/www.jojoenherbe.com\/wp-content\/uploads\/2023\/01\/Mille-battements-de-coeur.jpg?zoom=3&amp;resize=150%2C150 450w\" sizes=\"auto, (max-width: 150px) 100vw, 150px\" \/><\/a>J&rsquo;ai lu <span style=\"text-decoration: underline;\">Mille battements de c\u0153ur<\/span> de Kiera Cass (\u00e9d. Robert Laffont, coll. R, 2023, 552 pages), une romantasy pour adolescents. <\/em><em>La princesse de Kadier, Annika se r\u00e9sout pour le bien de son peuple \u00e0 \u00e9pouser son cousin Nickolas. Loin de l\u00e0, Lennox est d\u00e9termin\u00e9 \u00e0 r\u00e9cup\u00e9rer le tr\u00f4ne de Darhain devenu d\u00e9sormais le royaume de Kadier. Mais un jour, Annika est enlev\u00e9e par Lennox.<br \/>\n<\/em><\/p>\n<p style=\"text-align: justify;\"><em>M\u00eame si j&rsquo;ai appr\u00e9ci\u00e9 le style d&rsquo;\u00e9criture et l&rsquo;univers d\u00e9crit, j&rsquo;ai trouv\u00e9 que l&rsquo;histoire tout comme la romance entre Annika et Lennox manquaient de souffle \u00e9pique et d&rsquo;intensit\u00e9.\u00a0 Alternant les points de vue entre Annika et Lennox, l&rsquo;intrigue met beaucoup trop de temps \u00e0 se mettre en place puis une fois la rencontre entre les deux protagonistes pass\u00e9e, les rebondissements s&rsquo;encha\u00eenent mais restent pr\u00e9visibles, avec des personnages secondaires un peu trop st\u00e9r\u00e9otyp\u00e9s.<br \/>\n<\/em><\/p>\n<p style=\"text-align: justify;\"><em>La romance \u00e9tait annonc\u00e9e comme un ennemies to lovers. Or une fois qu&rsquo;ils se rencontrent, il s&rsquo;agit plus d&rsquo;un coup de foudre faisant fi de leur haine pr\u00e9sum\u00e9e comme si les deux \u00e9taient tenus de tomber amoureux pour respecter les codes de la romantasy. Une lecture agr\u00e9able, surtout dans la seconde partie, que j&rsquo;aurai plus appr\u00e9ci\u00e9e si le roman avait \u00e9t\u00e9 plus approfondi, surtout au vu des temp\u00e9raments forts et courageux d&rsquo;Annika et Lennox, deux \u00eatres que tout oppose et attachants! En effet, leur duo \u00e9tait prometteur entre la jeune femme courageuse, d\u00e9vou\u00e9e jusqu&rsquo;\u00e0 sacrifier son propre bonheur \u00e0 son peuple et qui a appris \u00e0 manier l&rsquo;\u00e9p\u00e9e gr\u00e2ce \u00e0 son fr\u00e8re et le jeune homme solitaire (ayant pour seule amie une renarde), qui s&rsquo;est construit sous les coups et les brimades de son chef, \u00e0 l&rsquo;\u00e2me tortur\u00e9e par les actes qu&rsquo;il a d\u00fb commettre et qui a vou\u00e9 sa vie \u00e0 redonner \u00e0 son peuple, le septi\u00e8me clan ce qui lui revient de droit.<\/em><\/p>\n<p><strong><span style=\"text-decoration: underline;\">Notre lecture en cours<\/span>:<\/strong><\/p>\n<p style=\"text-align: justify;\"><em>(Roman jeunesse) <strong><span style=\"text-decoration: underline;\">Charamba, h\u00f4tel pour chats, Bobine s&rsquo;en m\u00eale<\/span><\/strong> de Marie Pavlenko et Marie Voyelle <strong>(T1)<\/strong><\/em><\/p>\n<p style=\"text-align: justify;\"><em><a href=\"https:\/\/i0.wp.com\/www.jojoenherbe.com\/wp-content\/uploads\/2023\/01\/Charamba-hotel-pour-chats-T1-scaled.jpg\"><img data-recalc-dims=\"1\" loading=\"lazy\" decoding=\"async\" data-attachment-id=\"29333\" data-permalink=\"https:\/\/www.jojoenherbe.com\/index.php\/2023\/01\/23\/point-lecture-hebdomadaire-2023-3\/charamba-hotel-pour-chats-t1\/\" data-orig-file=\"https:\/\/i0.wp.com\/www.jojoenherbe.com\/wp-content\/uploads\/2023\/01\/Charamba-hotel-pour-chats-T1-scaled.jpg?fit=2560%2C2034&amp;ssl=1\" data-orig-size=\"2560,2034\" data-comments-opened=\"1\" data-image-meta=\"{&quot;aperture&quot;:&quot;1.8&quot;,&quot;credit&quot;:&quot;&quot;,&quot;camera&quot;:&quot;iPhone 7&quot;,&quot;caption&quot;:&quot;&quot;,&quot;created_timestamp&quot;:&quot;1674472567&quot;,&quot;copyright&quot;:&quot;&quot;,&quot;focal_length&quot;:&quot;3.99&quot;,&quot;iso&quot;:&quot;100&quot;,&quot;shutter_speed&quot;:&quot;0.25&quot;,&quot;title&quot;:&quot;&quot;,&quot;orientation&quot;:&quot;1&quot;}\" data-image-title=\"Charamba, h\u00f4tel pour chats T1\" data-image-description=\"\" data-image-caption=\"\" data-large-file=\"https:\/\/i0.wp.com\/www.jojoenherbe.com\/wp-content\/uploads\/2023\/01\/Charamba-hotel-pour-chats-T1-scaled.jpg?fit=676%2C537&amp;ssl=1\" class=\"size-thumbnail wp-image-29333 alignright\" src=\"https:\/\/i0.wp.com\/www.jojoenherbe.com\/wp-content\/uploads\/2023\/01\/Charamba-hotel-pour-chats-T1.jpg?resize=150%2C150\" alt=\"\" width=\"150\" height=\"150\" srcset=\"https:\/\/i0.wp.com\/www.jojoenherbe.com\/wp-content\/uploads\/2023\/01\/Charamba-hotel-pour-chats-T1-scaled.jpg?resize=150%2C150&amp;ssl=1 150w, https:\/\/i0.wp.com\/www.jojoenherbe.com\/wp-content\/uploads\/2023\/01\/Charamba-hotel-pour-chats-T1-scaled.jpg?zoom=2&amp;resize=150%2C150 300w, https:\/\/i0.wp.com\/www.jojoenherbe.com\/wp-content\/uploads\/2023\/01\/Charamba-hotel-pour-chats-T1-scaled.jpg?zoom=3&amp;resize=150%2C150 450w\" sizes=\"auto, (max-width: 150px) 100vw, 150px\" \/><\/a>Nous avons lu les deux premiers chapitres du tome 1 de <span style=\"text-decoration: underline;\">Charamba, h\u00f4tel pour chats, Bobine s&rsquo;en m\u00eale<\/span> de Marie Pavlenko et Marie Voyelle (\u00e9d. Flammarion Jeunesse, ), un roman jeunesse pour les 6\/8 ans. Nous faisons connaissance de Magda, la propri\u00e9taire de l&rsquo;h\u00f4tel Charamba et de ses chats. Nous avons beaucoup appr\u00e9ci\u00e9 le style d&rsquo;\u00e9criture, plein d&rsquo;humour et brisant le quatri\u00e8me mur.<br \/>\n<\/em><\/p>\n","protected":false},"excerpt":{"rendered":"<p>En ce d\u00e9but de semaine, voici notre point lecture hebdomadaire avec un retour sur nos lectures de la semaine derni\u00e8re (mais pas nos relectures). Nos lectures du 16 au 22 janvier 2023: Des lectures jeunesse: (Album jeunesse) J&rsquo;aurais voulu d&rsquo;Olivier Tallec Apr\u00e8s C&rsquo;est mon arbre et Un peu beaucoup, nous avons lu J&rsquo;aurais voulu d&rsquo;Olivier [&hellip;]<\/p>\n","protected":false},"author":1,"featured_media":29332,"comment_status":"open","ping_status":"open","sticky":false,"template":"","format":"standard","meta":{"jetpack_post_was_ever_published":false,"_jetpack_newsletter_access":"","_jetpack_dont_email_post_to_subs":false,"_jetpack_newsletter_tier_id":0,"_jetpack_memberships_contains_paywalled_content":false,"_jetpack_memberships_contains_paid_content":false,"footnotes":""},"categories":[363],"tags":[409,3563,1601,3576,576,3566,1094,3184,3567,1085,367,3568,3569,1714,1089,613,615,2258,2767,2825,905,789,3034,3570],"class_list":["post-29274","post","type-post","status-publish","format-standard","has-post-thumbnail","hentry","category-mini-lecteur","tag-albums-jeunesse","tag-anne-riviere","tag-caroline-hue","tag-charamba","tag-emotions","tag-heegyum-kim","tag-herve-le-goff","tag-jocabel-c-caballero","tag-kiera-cass","tag-lecture-adulte","tag-lecture-jeunesse","tag-marie-pavlenko","tag-marie-voyelle","tag-olivier-tallec","tag-orianne-lallemand","tag-peur-de-lautre","tag-peur-de-linconnu","tag-philippe-jalbert","tag-point-lecture-hebdo","tag-romans-ado","tag-romans-adulte","tag-romans-jeunesse","tag-romans-young-adult","tag-romantasy","post-preview"],"jetpack_featured_media_url":"https:\/\/i0.wp.com\/www.jojoenherbe.com\/wp-content\/uploads\/2023\/01\/Point-lecture-hebdomadaire-2023-3-scaled.jpg?fit=2560%2C1211&ssl=1","jetpack_sharing_enabled":true,"jetpack_shortlink":"https:\/\/wp.me\/p9zhGx-7Ca","jetpack_likes_enabled":true,"jetpack-related-posts":[{"id":31501,"url":"https:\/\/www.jojoenherbe.com\/index.php\/2023\/08\/21\/point-lecture-hebdomadaire-2023-33\/","url_meta":{"origin":29274,"position":0},"title":"Point lecture hebdomadaire 2023 #33","author":"Jojo","date":"21 ao\u00fbt 2023","format":false,"excerpt":"En ce d\u00e9but de semaine, voici notre point lecture hebdomadaire avec un retour sur nos lectures de la semaine derni\u00e8re (mais pas nos relectures). Nos lectures du 14 au 20 ao\u00fbt 2023: Des lectures jeunesse: (Roman jeunesse) Vol d\u2019\u00e9t\u00e9 de Marie-Anne Abesdris Nous avons lu Vol d\u2019\u00e9t\u00e9 de Marie-Anne Abesdris\u2026","rel":"","context":"Dans &quot;Mini blogueur&quot;","block_context":{"text":"Mini blogueur","link":"https:\/\/www.jojoenherbe.com\/index.php\/category\/mini-blogueur\/"},"img":{"alt_text":"","src":"https:\/\/i0.wp.com\/www.jojoenherbe.com\/wp-content\/uploads\/2023\/08\/Vol-dete-150x150.jpg?resize=350%2C200","width":350,"height":200},"classes":[]},{"id":37057,"url":"https:\/\/www.jojoenherbe.com\/index.php\/2024\/09\/30\/point-lecture-hebdomadaire-2024-39\/","url_meta":{"origin":29274,"position":1},"title":"Point lecture hebdomadaire 2024 #39","author":"Jojo","date":"30 septembre 2024","format":false,"excerpt":"En ce d\u00e9but de semaine, voici mon point lecture hebdomadaire avec un retour sur nos lectures (mais pas nos relectures) de la semaine derni\u00e8re. Nos lectures du 23 au 29 septembre 2024: Des lectures jeunesse: Nous avons continu\u00e9 chaque soir et presque fini de lire Le jardin secret de Frances\u2026","rel":"","context":"Dans &quot;Mini blogueur&quot;","block_context":{"text":"Mini blogueur","link":"https:\/\/www.jojoenherbe.com\/index.php\/category\/mini-blogueur\/"},"img":{"alt_text":"","src":"https:\/\/i0.wp.com\/www.jojoenherbe.com\/wp-content\/uploads\/2020\/04\/Le-jardin-secret-150x150.jpg?resize=350%2C200","width":350,"height":200},"classes":[]},{"id":27740,"url":"https:\/\/www.jojoenherbe.com\/index.php\/2022\/09\/26\/point-lecture-hebdomadaire-60\/","url_meta":{"origin":29274,"position":2},"title":"Point lecture hebdomadaire #60","author":"Jojo","date":"26 septembre 2022","format":false,"excerpt":"En ce d\u00e9but de semaine, voici notre point lecture hebdomadaire avec un retour sur nos lectures de la semaine derni\u00e8re (mais pas nos relectures) et notre lecture en cours, avec une pr\u00e9dominante pour les lectures automnales et halloweenesques, l'automne \u00e9tant arriv\u00e9 et le challenge Halloween de Hilde et Lou ayant\u2026","rel":"","context":"Dans &quot;Mini blogueur&quot;","block_context":{"text":"Mini blogueur","link":"https:\/\/www.jojoenherbe.com\/index.php\/category\/mini-blogueur\/"},"img":{"alt_text":"","src":"https:\/\/i0.wp.com\/www.jojoenherbe.com\/wp-content\/uploads\/2022\/09\/Point-lecture-hebdo-60-scaled.jpg?fit=1200%2C771&ssl=1&resize=350%2C200","width":350,"height":200,"srcset":"https:\/\/i0.wp.com\/www.jojoenherbe.com\/wp-content\/uploads\/2022\/09\/Point-lecture-hebdo-60-scaled.jpg?fit=1200%2C771&ssl=1&resize=350%2C200 1x, https:\/\/i0.wp.com\/www.jojoenherbe.com\/wp-content\/uploads\/2022\/09\/Point-lecture-hebdo-60-scaled.jpg?fit=1200%2C771&ssl=1&resize=525%2C300 1.5x, https:\/\/i0.wp.com\/www.jojoenherbe.com\/wp-content\/uploads\/2022\/09\/Point-lecture-hebdo-60-scaled.jpg?fit=1200%2C771&ssl=1&resize=700%2C400 2x, https:\/\/i0.wp.com\/www.jojoenherbe.com\/wp-content\/uploads\/2022\/09\/Point-lecture-hebdo-60-scaled.jpg?fit=1200%2C771&ssl=1&resize=1050%2C600 3x"},"classes":[]},{"id":27668,"url":"https:\/\/www.jojoenherbe.com\/index.php\/2022\/09\/19\/point-lecture-hebdomadaire-59\/","url_meta":{"origin":29274,"position":3},"title":"Point lecture hebdomadaire #59","author":"Jojo","date":"19 septembre 2022","format":false,"excerpt":"En ce d\u00e9but de semaine, voici notre point lecture hebdomadaire avec un retour sur nos lectures de la semaine derni\u00e8re (mais pas nos relectures) ainsi que ma lecture en cours. Nos lectures du 12 au 18 septembre 2022: Des lectures jeunesse: (Roman jeunesse) Oscar et Carrosse, La f\u00eate foraine de\u2026","rel":"","context":"Dans &quot;Mini blogueur&quot;","block_context":{"text":"Mini blogueur","link":"https:\/\/www.jojoenherbe.com\/index.php\/category\/mini-blogueur\/"},"img":{"alt_text":"","src":"https:\/\/i0.wp.com\/www.jojoenherbe.com\/wp-content\/uploads\/2022\/09\/Point-lecture-hebdo-59-scaled.jpg?fit=1200%2C698&ssl=1&resize=350%2C200","width":350,"height":200,"srcset":"https:\/\/i0.wp.com\/www.jojoenherbe.com\/wp-content\/uploads\/2022\/09\/Point-lecture-hebdo-59-scaled.jpg?fit=1200%2C698&ssl=1&resize=350%2C200 1x, https:\/\/i0.wp.com\/www.jojoenherbe.com\/wp-content\/uploads\/2022\/09\/Point-lecture-hebdo-59-scaled.jpg?fit=1200%2C698&ssl=1&resize=525%2C300 1.5x, https:\/\/i0.wp.com\/www.jojoenherbe.com\/wp-content\/uploads\/2022\/09\/Point-lecture-hebdo-59-scaled.jpg?fit=1200%2C698&ssl=1&resize=700%2C400 2x, https:\/\/i0.wp.com\/www.jojoenherbe.com\/wp-content\/uploads\/2022\/09\/Point-lecture-hebdo-59-scaled.jpg?fit=1200%2C698&ssl=1&resize=1050%2C600 3x"},"classes":[]},{"id":31248,"url":"https:\/\/www.jojoenherbe.com\/index.php\/2023\/07\/03\/point-lecture-hebdomadaire-2023-26\/","url_meta":{"origin":29274,"position":4},"title":"Point lecture hebdomadaire 2023 #26","author":"Jojo","date":"3 juillet 2023","format":false,"excerpt":"En ce d\u00e9but de semaine, voici notre point lecture hebdomadaire avec un retour sur nos lectures de la semaine derni\u00e8re (mais pas nos relectures). Nos lectures du 26 juin au 2 juillet 2023: Des lectures jeunesse: (Album jeunesse) Une nuit dans les bois de Rapha\u00ebl Kolly Nous avons lu Une\u2026","rel":"","context":"Dans &quot;Mini blogueur&quot;","block_context":{"text":"Mini blogueur","link":"https:\/\/www.jojoenherbe.com\/index.php\/category\/mini-blogueur\/"},"img":{"alt_text":"","src":"https:\/\/i0.wp.com\/www.jojoenherbe.com\/wp-content\/uploads\/2023\/07\/Point-lecture-hebdomadaire-2023-26-scaled.jpg?fit=1200%2C948&ssl=1&resize=350%2C200","width":350,"height":200,"srcset":"https:\/\/i0.wp.com\/www.jojoenherbe.com\/wp-content\/uploads\/2023\/07\/Point-lecture-hebdomadaire-2023-26-scaled.jpg?fit=1200%2C948&ssl=1&resize=350%2C200 1x, https:\/\/i0.wp.com\/www.jojoenherbe.com\/wp-content\/uploads\/2023\/07\/Point-lecture-hebdomadaire-2023-26-scaled.jpg?fit=1200%2C948&ssl=1&resize=525%2C300 1.5x, https:\/\/i0.wp.com\/www.jojoenherbe.com\/wp-content\/uploads\/2023\/07\/Point-lecture-hebdomadaire-2023-26-scaled.jpg?fit=1200%2C948&ssl=1&resize=700%2C400 2x, https:\/\/i0.wp.com\/www.jojoenherbe.com\/wp-content\/uploads\/2023\/07\/Point-lecture-hebdomadaire-2023-26-scaled.jpg?fit=1200%2C948&ssl=1&resize=1050%2C600 3x"},"classes":[]},{"id":30302,"url":"https:\/\/www.jojoenherbe.com\/index.php\/2023\/03\/27\/point-lecture-hebdomadaire-2023-12\/","url_meta":{"origin":29274,"position":5},"title":"Point lecture hebdomadaire 2023 #12","author":"Jojo","date":"27 mars 2023","format":false,"excerpt":"En ce d\u00e9but de semaine, voici notre point lecture hebdomadaire avec un retour sur nos lectures de la semaine derni\u00e8re (mais pas nos relectures). Nos lectures du 20 au 26 mars 2023: Des lectures jeunesse: (Album jeunesse) L\u2019\u00e9cureuil et le printemps de Sebastian Meschenmoser Nous avons lu L\u2019\u00e9cureuil et le\u2026","rel":"","context":"Dans &quot;Mini blogueur&quot;","block_context":{"text":"Mini blogueur","link":"https:\/\/www.jojoenherbe.com\/index.php\/category\/mini-blogueur\/"},"img":{"alt_text":"","src":"https:\/\/i0.wp.com\/www.jojoenherbe.com\/wp-content\/uploads\/2023\/03\/Point-lecture-hebdomadaire-2023-12-scaled.jpg?fit=1200%2C764&ssl=1&resize=350%2C200","width":350,"height":200,"srcset":"https:\/\/i0.wp.com\/www.jojoenherbe.com\/wp-content\/uploads\/2023\/03\/Point-lecture-hebdomadaire-2023-12-scaled.jpg?fit=1200%2C764&ssl=1&resize=350%2C200 1x, https:\/\/i0.wp.com\/www.jojoenherbe.com\/wp-content\/uploads\/2023\/03\/Point-lecture-hebdomadaire-2023-12-scaled.jpg?fit=1200%2C764&ssl=1&resize=525%2C300 1.5x, https:\/\/i0.wp.com\/www.jojoenherbe.com\/wp-content\/uploads\/2023\/03\/Point-lecture-hebdomadaire-2023-12-scaled.jpg?fit=1200%2C764&ssl=1&resize=700%2C400 2x, https:\/\/i0.wp.com\/www.jojoenherbe.com\/wp-content\/uploads\/2023\/03\/Point-lecture-hebdomadaire-2023-12-scaled.jpg?fit=1200%2C764&ssl=1&resize=1050%2C600 3x"},"classes":[]}],"_links":{"self":[{"href":"https:\/\/www.jojoenherbe.com\/index.php\/wp-json\/wp\/v2\/posts\/29274","targetHints":{"allow":["GET"]}}],"collection":[{"href":"https:\/\/www.jojoenherbe.com\/index.php\/wp-json\/wp\/v2\/posts"}],"about":[{"href":"https:\/\/www.jojoenherbe.com\/index.php\/wp-json\/wp\/v2\/types\/post"}],"author":[{"embeddable":true,"href":"https:\/\/www.jojoenherbe.com\/index.php\/wp-json\/wp\/v2\/users\/1"}],"replies":[{"embeddable":true,"href":"https:\/\/www.jojoenherbe.com\/index.php\/wp-json\/wp\/v2\/comments?post=29274"}],"version-history":[{"count":49,"href":"https:\/\/www.jojoenherbe.com\/index.php\/wp-json\/wp\/v2\/posts\/29274\/revisions"}],"predecessor-version":[{"id":30421,"href":"https:\/\/www.jojoenherbe.com\/index.php\/wp-json\/wp\/v2\/posts\/29274\/revisions\/30421"}],"wp:featuredmedia":[{"embeddable":true,"href":"https:\/\/www.jojoenherbe.com\/index.php\/wp-json\/wp\/v2\/media\/29332"}],"wp:attachment":[{"href":"https:\/\/www.jojoenherbe.com\/index.php\/wp-json\/wp\/v2\/media?parent=29274"}],"wp:term":[{"taxonomy":"category","embeddable":true,"href":"https:\/\/www.jojoenherbe.com\/index.php\/wp-json\/wp\/v2\/categories?post=29274"},{"taxonomy":"post_tag","embeddable":true,"href":"https:\/\/www.jojoenherbe.com\/index.php\/wp-json\/wp\/v2\/tags?post=29274"}],"curies":[{"name":"wp","href":"https:\/\/api.w.org\/{rel}","templated":true}]}}