{"id":29119,"date":"2023-01-12T16:02:00","date_gmt":"2023-01-12T15:02:00","guid":{"rendered":"https:\/\/www.jojoenherbe.com\/?p=29119"},"modified":"2023-01-19T15:30:44","modified_gmt":"2023-01-19T14:30:44","slug":"au-fil-des-pages-avec-oh-crotte-encore-des-carottes","status":"publish","type":"post","link":"https:\/\/www.jojoenherbe.com\/index.php\/2023\/01\/12\/au-fil-des-pages-avec-oh-crotte-encore-des-carottes\/","title":{"rendered":"Au fil des pages avec Oh crotte, encore des carottes!"},"content":{"rendered":"<p style=\"text-align: justify;\"><a href=\"https:\/\/i0.wp.com\/www.jojoenherbe.com\/wp-content\/uploads\/2023\/01\/Oh-crotte-encore-des-carottes-2-scaled.jpg\"><img data-recalc-dims=\"1\" loading=\"lazy\" decoding=\"async\" data-attachment-id=\"29120\" data-permalink=\"https:\/\/www.jojoenherbe.com\/index.php\/2023\/01\/12\/au-fil-des-pages-avec-oh-crotte-encore-des-carottes\/oh-crotte-encore-des-carottes-2\/\" data-orig-file=\"https:\/\/i0.wp.com\/www.jojoenherbe.com\/wp-content\/uploads\/2023\/01\/Oh-crotte-encore-des-carottes-2-scaled.jpg?fit=2560%2C1920&amp;ssl=1\" data-orig-size=\"2560,1920\" data-comments-opened=\"1\" data-image-meta=\"{&quot;aperture&quot;:&quot;1.8&quot;,&quot;credit&quot;:&quot;&quot;,&quot;camera&quot;:&quot;iPhone 7&quot;,&quot;caption&quot;:&quot;&quot;,&quot;created_timestamp&quot;:&quot;1673517291&quot;,&quot;copyright&quot;:&quot;&quot;,&quot;focal_length&quot;:&quot;3.99&quot;,&quot;iso&quot;:&quot;100&quot;,&quot;shutter_speed&quot;:&quot;0.14285714285714&quot;,&quot;title&quot;:&quot;&quot;,&quot;orientation&quot;:&quot;1&quot;}\" data-image-title=\"Oh crotte, encore des carottes! 2\" data-image-description=\"\" data-image-caption=\"\" data-large-file=\"https:\/\/i0.wp.com\/www.jojoenherbe.com\/wp-content\/uploads\/2023\/01\/Oh-crotte-encore-des-carottes-2-scaled.jpg?fit=676%2C507&amp;ssl=1\" class=\"alignleft size-thumbnail wp-image-29120\" src=\"https:\/\/i0.wp.com\/www.jojoenherbe.com\/wp-content\/uploads\/2023\/01\/Oh-crotte-encore-des-carottes-2.jpg?resize=150%2C150\" alt=\"\" width=\"150\" height=\"150\" srcset=\"https:\/\/i0.wp.com\/www.jojoenherbe.com\/wp-content\/uploads\/2023\/01\/Oh-crotte-encore-des-carottes-2-scaled.jpg?resize=150%2C150&amp;ssl=1 150w, https:\/\/i0.wp.com\/www.jojoenherbe.com\/wp-content\/uploads\/2023\/01\/Oh-crotte-encore-des-carottes-2-scaled.jpg?zoom=2&amp;resize=150%2C150 300w, https:\/\/i0.wp.com\/www.jojoenherbe.com\/wp-content\/uploads\/2023\/01\/Oh-crotte-encore-des-carottes-2-scaled.jpg?zoom=3&amp;resize=150%2C150 450w\" sizes=\"auto, (max-width: 150px) 100vw, 150px\" \/><\/a> <a href=\"https:\/\/i0.wp.com\/www.jojoenherbe.com\/wp-content\/uploads\/2023\/01\/Oh-crotte-encore-des-carottes-3-scaled.jpg\"><img data-recalc-dims=\"1\" loading=\"lazy\" decoding=\"async\" data-attachment-id=\"29121\" data-permalink=\"https:\/\/www.jojoenherbe.com\/index.php\/2023\/01\/12\/au-fil-des-pages-avec-oh-crotte-encore-des-carottes\/oh-crotte-encore-des-carottes-3\/\" data-orig-file=\"https:\/\/i0.wp.com\/www.jojoenherbe.com\/wp-content\/uploads\/2023\/01\/Oh-crotte-encore-des-carottes-3-scaled.jpg?fit=2560%2C1920&amp;ssl=1\" data-orig-size=\"2560,1920\" data-comments-opened=\"1\" data-image-meta=\"{&quot;aperture&quot;:&quot;1.8&quot;,&quot;credit&quot;:&quot;&quot;,&quot;camera&quot;:&quot;iPhone 7&quot;,&quot;caption&quot;:&quot;&quot;,&quot;created_timestamp&quot;:&quot;1673517320&quot;,&quot;copyright&quot;:&quot;&quot;,&quot;focal_length&quot;:&quot;3.99&quot;,&quot;iso&quot;:&quot;100&quot;,&quot;shutter_speed&quot;:&quot;0.125&quot;,&quot;title&quot;:&quot;&quot;,&quot;orientation&quot;:&quot;1&quot;}\" data-image-title=\"Oh crotte, encore des carottes! 3\" data-image-description=\"\" data-image-caption=\"\" data-large-file=\"https:\/\/i0.wp.com\/www.jojoenherbe.com\/wp-content\/uploads\/2023\/01\/Oh-crotte-encore-des-carottes-3-scaled.jpg?fit=676%2C507&amp;ssl=1\" class=\"alignleft size-thumbnail wp-image-29121\" src=\"https:\/\/i0.wp.com\/www.jojoenherbe.com\/wp-content\/uploads\/2023\/01\/Oh-crotte-encore-des-carottes-3.jpg?resize=150%2C150\" alt=\"\" width=\"150\" height=\"150\" srcset=\"https:\/\/i0.wp.com\/www.jojoenherbe.com\/wp-content\/uploads\/2023\/01\/Oh-crotte-encore-des-carottes-3-scaled.jpg?resize=150%2C150&amp;ssl=1 150w, https:\/\/i0.wp.com\/www.jojoenherbe.com\/wp-content\/uploads\/2023\/01\/Oh-crotte-encore-des-carottes-3-scaled.jpg?zoom=2&amp;resize=150%2C150 300w, https:\/\/i0.wp.com\/www.jojoenherbe.com\/wp-content\/uploads\/2023\/01\/Oh-crotte-encore-des-carottes-3-scaled.jpg?zoom=3&amp;resize=150%2C150 450w\" sizes=\"auto, (max-width: 150px) 100vw, 150px\" \/><\/a><em>Hier apr\u00e8s-midi, j&rsquo;ai lu avec mon mini lecteur <span style=\"text-decoration: underline;\">Oh crotte, encore des carottes!<\/span> de Mr. Tan et Aurore Damant (\u00e9d. Bayard Jeunesse, 2015, r\u00e9\u00e9d. 2021, 29 pages), un roman jeunesse premi\u00e8res lectures et qui est le tome 1 de la s\u00e9rie \u00ab\u00a0Les filous du CP\u00a0\u00bb et de collection \u00ab\u00a0Tu lis, je lis\u00a0\u00bb (CP, niveau 1). Le jeune lecteur lit la partie color\u00e9e tandis qu&rsquo;un lecteur confirm\u00e9 lit la partie en noir. A la diff\u00e9rence de d&rsquo;autres collections pour d\u00e9buter la lecture comme les <span style=\"text-decoration: underline;\">Sami et Julie<\/span>, les lettres muettes ne sont pas gris\u00e9es ici. Il y a \u00e9galement un petit glossaire sur le rabat de couverture pour expliquer certains mots compliqu\u00e9s comme \u00ab\u00a0tintamarre\u00a0\u00bb ou \u00ab\u00a0succulent\u00a0\u00bb.<\/em><\/p>\n<p style=\"text-align: justify;\"><em>Dans cette histoire, Malo un petit lapin en a assez de ne manger que des carottes. Il d\u00e9cide d\u00e9sormais de ne plus en manger une seule. Il part ainsi \u00e0 l&rsquo;\u00e9cole sans avoir pris son petit d\u00e9jeuner ni emporter son go\u00fbter, sa m\u00e8re lui ayant pr\u00e9vu des plats \u00e0 base de carottes (c\u00e9r\u00e9ales aux carottes, jus de carotte, g\u00e2teau aux carottes&#8230;). Mais en cours de matin\u00e9e, Malo a de plus en plus faim. Pourra-t-il manger autre chose que des carottes?<\/em><\/p>\n<p style=\"text-align: justify;\"><a href=\"https:\/\/i0.wp.com\/www.jojoenherbe.com\/wp-content\/uploads\/2023\/01\/Oh-crotte-encore-des-carottes-4-scaled.jpg\"><img data-recalc-dims=\"1\" loading=\"lazy\" decoding=\"async\" data-attachment-id=\"29122\" data-permalink=\"https:\/\/www.jojoenherbe.com\/index.php\/2023\/01\/12\/au-fil-des-pages-avec-oh-crotte-encore-des-carottes\/oh-crotte-encore-des-carottes-4\/\" data-orig-file=\"https:\/\/i0.wp.com\/www.jojoenherbe.com\/wp-content\/uploads\/2023\/01\/Oh-crotte-encore-des-carottes-4-scaled.jpg?fit=1920%2C2560&amp;ssl=1\" data-orig-size=\"1920,2560\" data-comments-opened=\"1\" data-image-meta=\"{&quot;aperture&quot;:&quot;1.8&quot;,&quot;credit&quot;:&quot;&quot;,&quot;camera&quot;:&quot;iPhone 7&quot;,&quot;caption&quot;:&quot;&quot;,&quot;created_timestamp&quot;:&quot;1673517337&quot;,&quot;copyright&quot;:&quot;&quot;,&quot;focal_length&quot;:&quot;3.99&quot;,&quot;iso&quot;:&quot;100&quot;,&quot;shutter_speed&quot;:&quot;0.090909090909091&quot;,&quot;title&quot;:&quot;&quot;,&quot;orientation&quot;:&quot;1&quot;}\" data-image-title=\"Oh crotte, encore des carottes! 4\" data-image-description=\"\" data-image-caption=\"\" data-large-file=\"https:\/\/i0.wp.com\/www.jojoenherbe.com\/wp-content\/uploads\/2023\/01\/Oh-crotte-encore-des-carottes-4-scaled.jpg?fit=676%2C901&amp;ssl=1\" class=\"size-thumbnail wp-image-29122 alignright\" src=\"https:\/\/i0.wp.com\/www.jojoenherbe.com\/wp-content\/uploads\/2023\/01\/Oh-crotte-encore-des-carottes-4.jpg?resize=150%2C150\" alt=\"\" width=\"150\" height=\"150\" srcset=\"https:\/\/i0.wp.com\/www.jojoenherbe.com\/wp-content\/uploads\/2023\/01\/Oh-crotte-encore-des-carottes-4-scaled.jpg?resize=150%2C150&amp;ssl=1 150w, https:\/\/i0.wp.com\/www.jojoenherbe.com\/wp-content\/uploads\/2023\/01\/Oh-crotte-encore-des-carottes-4-scaled.jpg?zoom=2&amp;resize=150%2C150 300w, https:\/\/i0.wp.com\/www.jojoenherbe.com\/wp-content\/uploads\/2023\/01\/Oh-crotte-encore-des-carottes-4-scaled.jpg?zoom=3&amp;resize=150%2C150 450w\" sizes=\"auto, (max-width: 150px) 100vw, 150px\" \/><\/a><em>M\u00eame si ce roman permet au jeune lecteur d&rsquo;apprendre \u00e0 lire, l&rsquo;histoire et les illustrations ne sont pas en reste. Le petit lapin est tr\u00e8s expressif, passant par tout un tas d&rsquo;\u00e9motions (col\u00e8re, exasp\u00e9ration, honte&#8230;). Un tr\u00e8s bon moment de lecture avec cette histoire toute mignonne, gourmande et tr\u00e8s rigolote avec un petit lapin qui se d\u00e9sesp\u00e8re de ne manger que des carottes! <\/em><\/p>\n<div id=\"attachment_22257\" style=\"width: 139px\" class=\"wp-caption alignleft\"><img loading=\"lazy\" decoding=\"async\" aria-describedby=\"caption-attachment-22257\" data-attachment-id=\"22257\" data-permalink=\"https:\/\/www.jojoenherbe.com\/index.php\/2021\/11\/09\/point-lecture-hebdomadaire-14\/les-incorrigibles-enfants-de-la-famille-ashton-t1\/\" data-orig-file=\"https:\/\/i0.wp.com\/www.jojoenherbe.com\/wp-content\/uploads\/2021\/11\/Les-incorrigibles-enfants-de-la-famille-Ashton-T1-scaled.jpg?fit=2560%2C1920&amp;ssl=1\" data-orig-size=\"2560,1920\" data-comments-opened=\"1\" data-image-meta=\"{&quot;aperture&quot;:&quot;1.8&quot;,&quot;credit&quot;:&quot;&quot;,&quot;camera&quot;:&quot;iPhone 7&quot;,&quot;caption&quot;:&quot;&quot;,&quot;created_timestamp&quot;:&quot;1636384349&quot;,&quot;copyright&quot;:&quot;&quot;,&quot;focal_length&quot;:&quot;3.99&quot;,&quot;iso&quot;:&quot;80&quot;,&quot;shutter_speed&quot;:&quot;0.25&quot;,&quot;title&quot;:&quot;&quot;,&quot;orientation&quot;:&quot;1&quot;}\" data-image-title=\"Les incorrigibles enfants de la famille Ashton T1\" data-image-description=\"\" data-image-caption=\"\" data-large-file=\"https:\/\/i0.wp.com\/www.jojoenherbe.com\/wp-content\/uploads\/2021\/11\/Les-incorrigibles-enfants-de-la-famille-Ashton-T1-scaled.jpg?fit=676%2C507&amp;ssl=1\" class=\"wp-image-22257\" src=\"https:\/\/i0.wp.com\/mapetitemediatheque.fr\/wp-content\/uploads\/2023\/01\/LivresCuisines2023b.png?resize=129%2C75&amp;ssl=1\" sizes=\"auto, (max-width: 320px) 100vw, 320px\" srcset=\"https:\/\/i0.wp.com\/mapetitemediatheque.fr\/wp-content\/uploads\/2023\/01\/LivresCuisines2023b.png?resize=129%2C75&amp;ssl=1 320w, https:\/\/mapetitemediatheque.fr\/wp-content\/uploads\/2023\/01\/LivresCuisines2023b-300x174.png 300w\" alt=\"\" width=\"129\" height=\"75\" aria-describedby=\"caption-attachment-22257\" data-attachment-id=\"22257\" data-permalink=\"https:\/\/www.jojoenherbe.com\/index.php\/2021\/11\/09\/point-lecture-hebdomadaire-14\/les-incorrigibles-enfants-de-la-famille-ashton-t1\/\" data-orig-file=\"https:\/\/i0.wp.com\/www.jojoenherbe.com\/wp-content\/uploads\/2021\/11\/Les-incorrigibles-enfants-de-la-famille-Ashton-T1-scaled.jpg?fit=2560%2C1920&amp;ssl=1\" data-orig-size=\"2560,1920\" data-comments-opened=\"1\" data-image-meta=\"{&quot;aperture&quot;:&quot;1.8&quot;,&quot;credit&quot;:&quot;&quot;,&quot;camera&quot;:&quot;iPhone 7&quot;,&quot;caption&quot;:&quot;&quot;,&quot;created_timestamp&quot;:&quot;1636384349&quot;,&quot;copyright&quot;:&quot;&quot;,&quot;focal_length&quot;:&quot;3.99&quot;,&quot;iso&quot;:&quot;80&quot;,&quot;shutter_speed&quot;:&quot;0.25&quot;,&quot;title&quot;:&quot;&quot;,&quot;orientation&quot;:&quot;1&quot;}\" data-image-title=\"Les incorrigibles enfants de la famille Ashton T1\" data-image-description=\"\" data-image-caption=\"\" data-medium-file=\"https:\/\/i0.wp.com\/www.jojoenherbe.com\/wp-content\/uploads\/2021\/11\/Les-incorrigibles-enfants-de-la-famille-Ashton-T1-scaled.jpg?fit=300%2C225&amp;ssl=1\" data-large-file=\"https:\/\/i0.wp.com\/www.jojoenherbe.com\/wp-content\/uploads\/2021\/11\/Les-incorrigibles-enfants-de-la-famille-Ashton-T1-scaled.jpg?fit=676%2C507&amp;ssl=1\" data-recalc-dims=\"1\" \/><p id=\"caption-attachment-22257\" class=\"wp-caption-text\">Participation #3 Challenge Des livres (et des \u00e9crans) en cuisine 2023 de <a href=\"https:\/\/mapetitemediatheque.fr\/2023\/01\/des-livres-et-des-ecrans-en-cuisine-2023\/\">Bidib<\/a> et <a href=\"http:\/\/croquerlespages.canalblog.com\/archives\/2023\/01\/11\/39767634.html\">Fondant<\/a> #Plats avec des carottes<\/p><\/div>\n<div style=\"width: 127px\" class=\"wp-caption alignleft\"><img loading=\"lazy\" decoding=\"async\" src=\"https:\/\/lh3.googleusercontent.com\/pw\/AL9nZEWED5sOowfaAIivQoSsFwl6hy51lsnek_4EIHIPI8waW2MHjhj6cf1EWilIUD7SnvlDRky5UrFLm6lgTjQT1BDXKA7teG_K1CBqytzzkXj-pFGsHXBy_zmGvKTiD_gxxb6BAz3Fn3Q7E1EJdf1tGnU3MQ=w285-h217-no?authuser=0\" alt=\"\" width=\"117\" height=\"89\" \/><p class=\"wp-caption-text\">Challenge Petit Bac d\u2019<a href=\"https:\/\/ennalit.wordpress.com\/2022\/12\/01\/challenge-petit-bac-2023-qui-veut-jouer\/\">Enna<\/a> #1 Cat\u00e9gorie V\u00e9g\u00e9tal: \u00ab Carottes \u00bb<\/p><\/div>\n","protected":false},"excerpt":{"rendered":"<p>Hier apr\u00e8s-midi, j&rsquo;ai lu avec mon mini lecteur Oh crotte, encore des carottes! de Mr. Tan et Aurore Damant (\u00e9d. Bayard Jeunesse, 2015, r\u00e9\u00e9d. 2021, 29 pages), un roman jeunesse premi\u00e8res lectures et qui est le tome 1 de la s\u00e9rie \u00ab\u00a0Les filous du CP\u00a0\u00bb et de collection \u00ab\u00a0Tu lis, je lis\u00a0\u00bb (CP, niveau 1). [&hellip;]<\/p>\n","protected":false},"author":1,"featured_media":29123,"comment_status":"open","ping_status":"open","sticky":false,"template":"","format":"standard","meta":{"jetpack_post_was_ever_published":false,"_jetpack_newsletter_access":"","_jetpack_dont_email_post_to_subs":false,"_jetpack_newsletter_tier_id":0,"_jetpack_memberships_contains_paywalled_content":false,"_jetpack_memberships_contains_paid_content":false,"footnotes":""},"categories":[363],"tags":[788,3539,3120,3519,3522,740,576,990,538,222,367,2773,2945,473,789],"class_list":["post-29119","post","type-post","status-publish","format-standard","has-post-thumbnail","hentry","category-mini-lecteur","tag-6-9-ans","tag-aurore-damant","tag-carotte","tag-challenge-petit-bac-2023","tag-des-livres-et-des-ecrans-en-cuisine-2023","tag-ecole","tag-emotions","tag-gouter","tag-humour","tag-lapin","tag-lecture-jeunesse","tag-mr-tan","tag-premieres-lectures","tag-regime-alimentaire","tag-romans-jeunesse","post-preview"],"jetpack_featured_media_url":"https:\/\/i0.wp.com\/www.jojoenherbe.com\/wp-content\/uploads\/2023\/01\/Oh-crotte-encore-des-carottes-scaled.jpg?fit=2560%2C1898&ssl=1","jetpack_sharing_enabled":true,"jetpack_shortlink":"https:\/\/wp.me\/p9zhGx-7zF","jetpack_likes_enabled":true,"jetpack-related-posts":[{"id":30302,"url":"https:\/\/www.jojoenherbe.com\/index.php\/2023\/03\/27\/point-lecture-hebdomadaire-2023-12\/","url_meta":{"origin":29119,"position":0},"title":"Point lecture hebdomadaire 2023 #12","author":"Jojo","date":"27 mars 2023","format":false,"excerpt":"En ce d\u00e9but de semaine, voici notre point lecture hebdomadaire avec un retour sur nos lectures de la semaine derni\u00e8re (mais pas nos relectures). Nos lectures du 20 au 26 mars 2023: Des lectures jeunesse: (Album jeunesse) L\u2019\u00e9cureuil et le printemps de Sebastian Meschenmoser Nous avons lu L\u2019\u00e9cureuil et le\u2026","rel":"","context":"Dans &quot;Mini blogueur&quot;","block_context":{"text":"Mini blogueur","link":"https:\/\/www.jojoenherbe.com\/index.php\/category\/mini-blogueur\/"},"img":{"alt_text":"","src":"https:\/\/i0.wp.com\/www.jojoenherbe.com\/wp-content\/uploads\/2023\/03\/Point-lecture-hebdomadaire-2023-12-scaled.jpg?fit=1200%2C764&ssl=1&resize=350%2C200","width":350,"height":200,"srcset":"https:\/\/i0.wp.com\/www.jojoenherbe.com\/wp-content\/uploads\/2023\/03\/Point-lecture-hebdomadaire-2023-12-scaled.jpg?fit=1200%2C764&ssl=1&resize=350%2C200 1x, https:\/\/i0.wp.com\/www.jojoenherbe.com\/wp-content\/uploads\/2023\/03\/Point-lecture-hebdomadaire-2023-12-scaled.jpg?fit=1200%2C764&ssl=1&resize=525%2C300 1.5x, https:\/\/i0.wp.com\/www.jojoenherbe.com\/wp-content\/uploads\/2023\/03\/Point-lecture-hebdomadaire-2023-12-scaled.jpg?fit=1200%2C764&ssl=1&resize=700%2C400 2x, https:\/\/i0.wp.com\/www.jojoenherbe.com\/wp-content\/uploads\/2023\/03\/Point-lecture-hebdomadaire-2023-12-scaled.jpg?fit=1200%2C764&ssl=1&resize=1050%2C600 3x"},"classes":[]},{"id":29278,"url":"https:\/\/www.jojoenherbe.com\/index.php\/2023\/01\/16\/point-lecture-hebdomadaire-2023-2\/","url_meta":{"origin":29119,"position":1},"title":"Point lecture hebdomadaire 2023 #2","author":"Jojo","date":"16 janvier 2023","format":false,"excerpt":"En ce d\u00e9but de semaine, voici notre point lecture hebdomadaire avec un retour sur nos lectures de la semaine derni\u00e8re (mais pas nos relectures). Nos lectures du 9 au 15 janvier 2023: Des lectures jeunesse: (Album jeunesse) L'\u00e9cureuil et la premi\u00e8re neige de Sebastian Meschenmoser Apr\u00e8s avoir lu l'ann\u00e9e derni\u00e8re\u2026","rel":"","context":"Dans &quot;Mini blogueur&quot;","block_context":{"text":"Mini blogueur","link":"https:\/\/www.jojoenherbe.com\/index.php\/category\/mini-blogueur\/"},"img":{"alt_text":"","src":"https:\/\/i0.wp.com\/www.jojoenherbe.com\/wp-content\/uploads\/2023\/01\/Point-lecture-hebdomadaire-2023-2-scaled.jpg?fit=1200%2C908&ssl=1&resize=350%2C200","width":350,"height":200,"srcset":"https:\/\/i0.wp.com\/www.jojoenherbe.com\/wp-content\/uploads\/2023\/01\/Point-lecture-hebdomadaire-2023-2-scaled.jpg?fit=1200%2C908&ssl=1&resize=350%2C200 1x, https:\/\/i0.wp.com\/www.jojoenherbe.com\/wp-content\/uploads\/2023\/01\/Point-lecture-hebdomadaire-2023-2-scaled.jpg?fit=1200%2C908&ssl=1&resize=525%2C300 1.5x, https:\/\/i0.wp.com\/www.jojoenherbe.com\/wp-content\/uploads\/2023\/01\/Point-lecture-hebdomadaire-2023-2-scaled.jpg?fit=1200%2C908&ssl=1&resize=700%2C400 2x, https:\/\/i0.wp.com\/www.jojoenherbe.com\/wp-content\/uploads\/2023\/01\/Point-lecture-hebdomadaire-2023-2-scaled.jpg?fit=1200%2C908&ssl=1&resize=1050%2C600 3x"},"classes":[]},{"id":24506,"url":"https:\/\/www.jojoenherbe.com\/index.php\/2022\/04\/06\/nos-lectures-special-poisson-davril\/","url_meta":{"origin":29119,"position":2},"title":"Nos lectures sp\u00e9cial \u00ab\u00a0Poisson d&rsquo;avril\u00a0\u00bb","author":"Jojo","date":"6 avril 2022","format":false,"excerpt":"Pour le 1er avril 2022, j'avais pr\u00e9vu deux lectures sp\u00e9cial \"Poisson d'avril\" avec deux romans premi\u00e8res lectures \u00e0 partir de 6 ans et mettant \u00e0 l'honneur cette tradition qui remonterait \u00e0 l'Antiquit\u00e9 de blagues et poissons en papier coll\u00e9s dans le dos dans sa version moderne. (Roman jeunesse) Des enqu\u00eates\u2026","rel":"","context":"Dans &quot;Mini lecteur&quot;","block_context":{"text":"Mini lecteur","link":"https:\/\/www.jojoenherbe.com\/index.php\/category\/mini-lecteur\/"},"img":{"alt_text":"","src":"https:\/\/i0.wp.com\/www.jojoenherbe.com\/wp-content\/uploads\/2022\/04\/Nos-lectures-special-Poisson-davril--scaled.jpg?fit=1200%2C830&ssl=1&resize=350%2C200","width":350,"height":200,"srcset":"https:\/\/i0.wp.com\/www.jojoenherbe.com\/wp-content\/uploads\/2022\/04\/Nos-lectures-special-Poisson-davril--scaled.jpg?fit=1200%2C830&ssl=1&resize=350%2C200 1x, https:\/\/i0.wp.com\/www.jojoenherbe.com\/wp-content\/uploads\/2022\/04\/Nos-lectures-special-Poisson-davril--scaled.jpg?fit=1200%2C830&ssl=1&resize=525%2C300 1.5x, https:\/\/i0.wp.com\/www.jojoenherbe.com\/wp-content\/uploads\/2022\/04\/Nos-lectures-special-Poisson-davril--scaled.jpg?fit=1200%2C830&ssl=1&resize=700%2C400 2x, https:\/\/i0.wp.com\/www.jojoenherbe.com\/wp-content\/uploads\/2022\/04\/Nos-lectures-special-Poisson-davril--scaled.jpg?fit=1200%2C830&ssl=1&resize=1050%2C600 3x"},"classes":[]},{"id":8575,"url":"https:\/\/www.jojoenherbe.com\/index.php\/2019\/11\/22\/au-fil-des-pages-avec-le-probleme-avec-les-lapins\/","url_meta":{"origin":29119,"position":3},"title":"Au fil des pages avec Le probl\u00e8me avec les lapins","author":"Jojo","date":"22 novembre 2019","format":false,"excerpt":"Nous empruntons \u00e0 la biblioth\u00e8que Le probl\u00e8me avec les lapins d'Emily Gravett (\u00e9d. Kal\u00e9idoscope, 2009), un album jeunesse \u00e0 partir de 6 ans. Partant des suites du math\u00e9maticien italien Fibonacci et de son probl\u00e8me de population des lapins r\u00e9solu au XIIIe si\u00e8cle, l'autrice s'amuse \u00e0 d\u00e9crire, mois par mois, la\u2026","rel":"","context":"Dans &quot;Mini lecteur&quot;","block_context":{"text":"Mini lecteur","link":"https:\/\/www.jojoenherbe.com\/index.php\/category\/mini-lecteur\/"},"img":{"alt_text":"","src":"https:\/\/i0.wp.com\/www.jojoenherbe.com\/wp-content\/uploads\/2019\/11\/Le-probl%C3%A8me-avec-les-lapins.jpg?fit=1200%2C1083&ssl=1&resize=350%2C200","width":350,"height":200,"srcset":"https:\/\/i0.wp.com\/www.jojoenherbe.com\/wp-content\/uploads\/2019\/11\/Le-probl%C3%A8me-avec-les-lapins.jpg?fit=1200%2C1083&ssl=1&resize=350%2C200 1x, https:\/\/i0.wp.com\/www.jojoenherbe.com\/wp-content\/uploads\/2019\/11\/Le-probl%C3%A8me-avec-les-lapins.jpg?fit=1200%2C1083&ssl=1&resize=525%2C300 1.5x, https:\/\/i0.wp.com\/www.jojoenherbe.com\/wp-content\/uploads\/2019\/11\/Le-probl%C3%A8me-avec-les-lapins.jpg?fit=1200%2C1083&ssl=1&resize=700%2C400 2x, https:\/\/i0.wp.com\/www.jojoenherbe.com\/wp-content\/uploads\/2019\/11\/Le-probl%C3%A8me-avec-les-lapins.jpg?fit=1200%2C1083&ssl=1&resize=1050%2C600 3x"},"classes":[]},{"id":6689,"url":"https:\/\/www.jojoenherbe.com\/index.php\/2019\/07\/09\/au-fil-des-pages-avec-le-loup-qui-criait-au-garcon\/","url_meta":{"origin":29119,"position":4},"title":"Au fil des pages avec Le loup qui criait au gar\u00e7on!","author":"Jojo","date":"9 juillet 2019","format":false,"excerpt":"Nous empruntons \u00e0 la biblioth\u00e8que un album jeunesse reprenant de fa\u00e7on d\u00e9cal\u00e9e l'expression \"\u00e0 force de crier au loup\". Il s'agit de l'album Le loup qui criait au gar\u00e7on! de James O'Neill et Russel Ayto (\u00e9d. Circonflexe, 2017),un album jeunesse \u00e0 partir de 4 ans et qui a fait partie\u2026","rel":"","context":"Dans &quot;Mini lecteur&quot;","block_context":{"text":"Mini lecteur","link":"https:\/\/www.jojoenherbe.com\/index.php\/category\/mini-lecteur\/"},"img":{"alt_text":"","src":"https:\/\/i0.wp.com\/www.jojoenherbe.com\/wp-content\/uploads\/2019\/07\/Le-loup-qui-criait-au-garcon-4-scaled.jpg?fit=1200%2C900&ssl=1&resize=350%2C200","width":350,"height":200,"srcset":"https:\/\/i0.wp.com\/www.jojoenherbe.com\/wp-content\/uploads\/2019\/07\/Le-loup-qui-criait-au-garcon-4-scaled.jpg?fit=1200%2C900&ssl=1&resize=350%2C200 1x, https:\/\/i0.wp.com\/www.jojoenherbe.com\/wp-content\/uploads\/2019\/07\/Le-loup-qui-criait-au-garcon-4-scaled.jpg?fit=1200%2C900&ssl=1&resize=525%2C300 1.5x, https:\/\/i0.wp.com\/www.jojoenherbe.com\/wp-content\/uploads\/2019\/07\/Le-loup-qui-criait-au-garcon-4-scaled.jpg?fit=1200%2C900&ssl=1&resize=700%2C400 2x, https:\/\/i0.wp.com\/www.jojoenherbe.com\/wp-content\/uploads\/2019\/07\/Le-loup-qui-criait-au-garcon-4-scaled.jpg?fit=1200%2C900&ssl=1&resize=1050%2C600 3x"},"classes":[]},{"id":29428,"url":"https:\/\/www.jojoenherbe.com\/index.php\/2023\/01\/26\/billet-de-suivi-challenge-petit-bac-2023\/","url_meta":{"origin":29119,"position":5},"title":"Billet de suivi: Challenge Petit Bac 2023","author":"Jojo","date":"26 janvier 2023","format":false,"excerpt":"Je participe pour la cinqui\u00e8me fois cons\u00e9cutive au Challenge Petit Bac d\u2019Enna, les cinq premi\u00e8res cat\u00e9gories restant identiques aux ann\u00e9es pr\u00e9c\u00e9dentes. Tous les mois, je vais actualiser ce billet et faire un point sur mes participations au challenge. Pour le moment, j\u2019ai termin\u00e9 mes deux premi\u00e8res lignes. Voici donc un\u2026","rel":"","context":"Dans &quot;Mini challenger&quot;","block_context":{"text":"Mini challenger","link":"https:\/\/www.jojoenherbe.com\/index.php\/category\/mini-challenger\/"},"img":{"alt_text":"","src":"https:\/\/i0.wp.com\/www.jojoenherbe.com\/wp-content\/uploads\/2023\/01\/Challenge-Petit-bac-2023.jpg?fit=285%2C217&ssl=1&resize=350%2C200","width":350,"height":200},"classes":[]}],"_links":{"self":[{"href":"https:\/\/www.jojoenherbe.com\/index.php\/wp-json\/wp\/v2\/posts\/29119","targetHints":{"allow":["GET"]}}],"collection":[{"href":"https:\/\/www.jojoenherbe.com\/index.php\/wp-json\/wp\/v2\/posts"}],"about":[{"href":"https:\/\/www.jojoenherbe.com\/index.php\/wp-json\/wp\/v2\/types\/post"}],"author":[{"embeddable":true,"href":"https:\/\/www.jojoenherbe.com\/index.php\/wp-json\/wp\/v2\/users\/1"}],"replies":[{"embeddable":true,"href":"https:\/\/www.jojoenherbe.com\/index.php\/wp-json\/wp\/v2\/comments?post=29119"}],"version-history":[{"count":6,"href":"https:\/\/www.jojoenherbe.com\/index.php\/wp-json\/wp\/v2\/posts\/29119\/revisions"}],"predecessor-version":[{"id":29245,"href":"https:\/\/www.jojoenherbe.com\/index.php\/wp-json\/wp\/v2\/posts\/29119\/revisions\/29245"}],"wp:featuredmedia":[{"embeddable":true,"href":"https:\/\/www.jojoenherbe.com\/index.php\/wp-json\/wp\/v2\/media\/29123"}],"wp:attachment":[{"href":"https:\/\/www.jojoenherbe.com\/index.php\/wp-json\/wp\/v2\/media?parent=29119"}],"wp:term":[{"taxonomy":"category","embeddable":true,"href":"https:\/\/www.jojoenherbe.com\/index.php\/wp-json\/wp\/v2\/categories?post=29119"},{"taxonomy":"post_tag","embeddable":true,"href":"https:\/\/www.jojoenherbe.com\/index.php\/wp-json\/wp\/v2\/tags?post=29119"}],"curies":[{"name":"wp","href":"https:\/\/api.w.org\/{rel}","templated":true}]}}