{"id":28541,"date":"2022-10-31T14:42:06","date_gmt":"2022-10-31T13:42:06","guid":{"rendered":"https:\/\/www.jojoenherbe.com\/?p=28541"},"modified":"2023-08-16T15:12:18","modified_gmt":"2023-08-16T13:12:18","slug":"point-lecture-hebdomadaire-65","status":"publish","type":"post","link":"https:\/\/www.jojoenherbe.com\/index.php\/2022\/10\/31\/point-lecture-hebdomadaire-65\/","title":{"rendered":"Point lecture hebdomadaire #65"},"content":{"rendered":"<p style=\"text-align: justify;\"><em><img loading=\"lazy\" decoding=\"async\" class=\"attachment-post-image  wp-post-image alignright\" src=\"https:\/\/i0.wp.com\/www.jojoenherbe.com\/wp-content\/uploads\/2022\/10\/RAT-dHalloween-2022.jpg?fit=676%2C676&amp;ssl=1\" sizes=\"auto, (max-width: 676px) 100vw, 676px\" srcset=\"https:\/\/i0.wp.com\/www.jojoenherbe.com\/wp-content\/uploads\/2022\/10\/RAT-dHalloween-2022.jpg?w=768&amp;ssl=1 768w, https:\/\/i0.wp.com\/www.jojoenherbe.com\/wp-content\/uploads\/2022\/10\/RAT-dHalloween-2022.jpg?resize=300%2C300&amp;ssl=1 300w, https:\/\/i0.wp.com\/www.jojoenherbe.com\/wp-content\/uploads\/2022\/10\/RAT-dHalloween-2022.jpg?resize=150%2C150&amp;ssl=1 150w, https:\/\/i0.wp.com\/www.jojoenherbe.com\/wp-content\/uploads\/2022\/10\/RAT-dHalloween-2022.jpg?resize=676%2C676&amp;ssl=1 676w\" alt=\"\" width=\"130\" height=\"130\" data-attachment-id=\"28281\" data-permalink=\"https:\/\/www.jojoenherbe.com\/index.php\/2022\/10\/24\/rat-dhalloween-2022\/rat-dhalloween-2022\/\" data-orig-file=\"https:\/\/i0.wp.com\/www.jojoenherbe.com\/wp-content\/uploads\/2022\/10\/RAT-dHalloween-2022.jpg?fit=768%2C768&amp;ssl=1\" data-orig-size=\"768,768\" data-comments-opened=\"1\" data-image-meta=\"{&quot;aperture&quot;:&quot;0&quot;,&quot;credit&quot;:&quot;&quot;,&quot;camera&quot;:&quot;&quot;,&quot;caption&quot;:&quot;&quot;,&quot;created_timestamp&quot;:&quot;0&quot;,&quot;copyright&quot;:&quot;&quot;,&quot;focal_length&quot;:&quot;0&quot;,&quot;iso&quot;:&quot;0&quot;,&quot;shutter_speed&quot;:&quot;0&quot;,&quot;title&quot;:&quot;&quot;,&quot;orientation&quot;:&quot;0&quot;}\" data-image-title=\"RAT d&amp;rsquo;Halloween 2022\" data-image-description=\"\" data-image-caption=\"\" data-medium-file=\"https:\/\/i0.wp.com\/www.jojoenherbe.com\/wp-content\/uploads\/2022\/10\/RAT-dHalloween-2022.jpg?fit=300%2C300&amp;ssl=1\" data-large-file=\"https:\/\/i0.wp.com\/www.jojoenherbe.com\/wp-content\/uploads\/2022\/10\/RAT-dHalloween-2022.jpg?fit=676%2C676&amp;ssl=1\" \/>En ce d\u00e9but de semaine, voici notre point lecture hebdomadaire avec un retour sur nos lectures de la semaine derni\u00e8re (mais pas nos relectures), avec une semaine d\u00e9di\u00e9e \u00e0 un marathon de lectures pour le challenge Halloween.<br \/>\n<\/em><\/p>\n<p><span style=\"text-decoration: underline;\"><strong>Nos lectures du 24 au 30 octobre 2022<\/strong><\/span><strong>:<\/strong><\/p>\n<p><em><span style=\"text-decoration: underline;\">Des lectures jeunesse<\/span>:<\/em><\/p>\n<ul>\n<li><em>(Album jeunesse) <span style=\"text-decoration: underline;\"><strong>Un fruit rouge<\/strong><\/span> d\u2019Yi Gee Eun<\/em><\/li>\n<\/ul>\n<p style=\"text-align: justify;\"><em><a href=\"https:\/\/i0.wp.com\/www.jojoenherbe.com\/wp-content\/uploads\/2022\/10\/Un-fruit-rouge-2-scaled.jpg\"><img data-recalc-dims=\"1\" loading=\"lazy\" decoding=\"async\" data-attachment-id=\"28566\" data-permalink=\"https:\/\/www.jojoenherbe.com\/index.php\/2022\/10\/31\/point-lecture-hebdomadaire-65\/un-fruit-rouge-2\/\" data-orig-file=\"https:\/\/i0.wp.com\/www.jojoenherbe.com\/wp-content\/uploads\/2022\/10\/Un-fruit-rouge-2-scaled.jpg?fit=2560%2C2238&amp;ssl=1\" data-orig-size=\"2560,2238\" data-comments-opened=\"1\" data-image-meta=\"{&quot;aperture&quot;:&quot;1.8&quot;,&quot;credit&quot;:&quot;&quot;,&quot;camera&quot;:&quot;iPhone 7&quot;,&quot;caption&quot;:&quot;&quot;,&quot;created_timestamp&quot;:&quot;1667218080&quot;,&quot;copyright&quot;:&quot;&quot;,&quot;focal_length&quot;:&quot;3.99&quot;,&quot;iso&quot;:&quot;40&quot;,&quot;shutter_speed&quot;:&quot;0.058823529411765&quot;,&quot;title&quot;:&quot;&quot;,&quot;orientation&quot;:&quot;1&quot;}\" data-image-title=\"Un fruit rouge 2\" data-image-description=\"\" data-image-caption=\"\" data-large-file=\"https:\/\/i0.wp.com\/www.jojoenherbe.com\/wp-content\/uploads\/2022\/10\/Un-fruit-rouge-2-scaled.jpg?fit=676%2C591&amp;ssl=1\" class=\"alignleft size-thumbnail wp-image-28566\" src=\"https:\/\/i0.wp.com\/www.jojoenherbe.com\/wp-content\/uploads\/2022\/10\/Un-fruit-rouge-2.jpg?resize=150%2C150\" alt=\"\" width=\"150\" height=\"150\" srcset=\"https:\/\/i0.wp.com\/www.jojoenherbe.com\/wp-content\/uploads\/2022\/10\/Un-fruit-rouge-2-scaled.jpg?resize=150%2C150&amp;ssl=1 150w, https:\/\/i0.wp.com\/www.jojoenherbe.com\/wp-content\/uploads\/2022\/10\/Un-fruit-rouge-2-scaled.jpg?zoom=2&amp;resize=150%2C150 300w, https:\/\/i0.wp.com\/www.jojoenherbe.com\/wp-content\/uploads\/2022\/10\/Un-fruit-rouge-2-scaled.jpg?zoom=3&amp;resize=150%2C150 450w\" sizes=\"auto, (max-width: 150px) 100vw, 150px\" \/><\/a>Nous lisons <span style=\"text-decoration: underline;\">Un fruit rouge<\/span> d\u2019Yi Gee Eun (\u00e9d. Rue du Monde, 2019), un album jeunesse \u00e0 partir de 3 ans tout mignon et po\u00e9tique avec un petit ourson qui grimpe dans un arbre \u00e0 la recherche d\u2019un fruit rouge \u00e0 manger. Il y est question d&rsquo;aventure, de lever et coucher de soleil, de relation parent\/enfant. Un bon moment de lecture!<br \/>\n<\/em><\/p>\n<ul>\n<li style=\"text-align: justify;\"><em>(BD jeunesse) <span style=\"text-decoration: underline;\"><strong>Le loup en slip n\u2019en fiche pas une<\/strong><\/span> de Paul Cauuet, Wilfrid Lupano et Mayana Ito\u00efz <strong>(T4)<\/strong><\/em><\/li>\n<\/ul>\n<p style=\"text-align: justify;\"><em><a href=\"https:\/\/i0.wp.com\/www.jojoenherbe.com\/wp-content\/uploads\/2022\/10\/Le-loup-en-slip-T4-scaled.jpg\"><img data-recalc-dims=\"1\" loading=\"lazy\" decoding=\"async\" data-attachment-id=\"28561\" data-permalink=\"https:\/\/www.jojoenherbe.com\/index.php\/2022\/10\/31\/point-lecture-hebdomadaire-65\/le-loup-en-slip-t4\/\" data-orig-file=\"https:\/\/i0.wp.com\/www.jojoenherbe.com\/wp-content\/uploads\/2022\/10\/Le-loup-en-slip-T4-scaled.jpg?fit=2560%2C2130&amp;ssl=1\" data-orig-size=\"2560,2130\" data-comments-opened=\"1\" data-image-meta=\"{&quot;aperture&quot;:&quot;1.8&quot;,&quot;credit&quot;:&quot;&quot;,&quot;camera&quot;:&quot;iPhone 7&quot;,&quot;caption&quot;:&quot;&quot;,&quot;created_timestamp&quot;:&quot;1667218072&quot;,&quot;copyright&quot;:&quot;&quot;,&quot;focal_length&quot;:&quot;3.99&quot;,&quot;iso&quot;:&quot;50&quot;,&quot;shutter_speed&quot;:&quot;0.058823529411765&quot;,&quot;title&quot;:&quot;&quot;,&quot;orientation&quot;:&quot;1&quot;}\" data-image-title=\"Le loup en slip T4\" data-image-description=\"\" data-image-caption=\"\" data-large-file=\"https:\/\/i0.wp.com\/www.jojoenherbe.com\/wp-content\/uploads\/2022\/10\/Le-loup-en-slip-T4-scaled.jpg?fit=676%2C562&amp;ssl=1\" class=\"size-thumbnail wp-image-28561 alignright\" src=\"https:\/\/i0.wp.com\/www.jojoenherbe.com\/wp-content\/uploads\/2022\/10\/Le-loup-en-slip-T4.jpg?resize=150%2C150\" alt=\"\" width=\"150\" height=\"150\" srcset=\"https:\/\/i0.wp.com\/www.jojoenherbe.com\/wp-content\/uploads\/2022\/10\/Le-loup-en-slip-T4-scaled.jpg?resize=150%2C150&amp;ssl=1 150w, https:\/\/i0.wp.com\/www.jojoenherbe.com\/wp-content\/uploads\/2022\/10\/Le-loup-en-slip-T4-scaled.jpg?zoom=2&amp;resize=150%2C150 300w, https:\/\/i0.wp.com\/www.jojoenherbe.com\/wp-content\/uploads\/2022\/10\/Le-loup-en-slip-T4-scaled.jpg?zoom=3&amp;resize=150%2C150 450w\" sizes=\"auto, (max-width: 150px) 100vw, 150px\" \/><\/a>Nous lisons le tome 4 du <span style=\"text-decoration: underline;\">Loup en slip<\/span>, <span style=\"text-decoration: underline;\">Le loup en slip n\u2019en fiche pas une<\/span> de Paul Cauuet, Wilfrid Lupano et Mayana Ito\u00efz (\u00e9d. Dargaud, 2019, 40 pages), une BD jeunesse toujours dr\u00f4le, philosophique et sarcastique, la brigade anti-loup arr\u00eatant pour vol le loup en slip et menant son enqu\u00eate pour savoir comment il peut avoir de l\u2019argent sans travailler. Le loup en slip est toujours aussi g\u00e9n\u00e9reux et altruiste. Un tr\u00e8s bon moment de lecture!<br \/>\n<\/em><\/p>\n<ul>\n<li style=\"text-align: justify;\"><em>(Album jeunesse) <span style=\"text-decoration: underline;\"><strong>Le phare<\/strong><\/span> de Sophie Blackhall<\/em><\/li>\n<\/ul>\n<p style=\"text-align: justify;\"><em><a href=\"https:\/\/i0.wp.com\/www.jojoenherbe.com\/wp-content\/uploads\/2022\/10\/Le-phare-scaled.jpg\"><img data-recalc-dims=\"1\" loading=\"lazy\" decoding=\"async\" data-attachment-id=\"28562\" data-permalink=\"https:\/\/www.jojoenherbe.com\/index.php\/2022\/10\/31\/point-lecture-hebdomadaire-65\/le-phare\/\" data-orig-file=\"https:\/\/i0.wp.com\/www.jojoenherbe.com\/wp-content\/uploads\/2022\/10\/Le-phare-scaled.jpg?fit=2556%2C2560&amp;ssl=1\" data-orig-size=\"2556,2560\" data-comments-opened=\"1\" data-image-meta=\"{&quot;aperture&quot;:&quot;1.8&quot;,&quot;credit&quot;:&quot;&quot;,&quot;camera&quot;:&quot;iPhone 7&quot;,&quot;caption&quot;:&quot;&quot;,&quot;created_timestamp&quot;:&quot;1667218049&quot;,&quot;copyright&quot;:&quot;&quot;,&quot;focal_length&quot;:&quot;3.99&quot;,&quot;iso&quot;:&quot;50&quot;,&quot;shutter_speed&quot;:&quot;0.058823529411765&quot;,&quot;title&quot;:&quot;&quot;,&quot;orientation&quot;:&quot;1&quot;}\" data-image-title=\"Le phare\" data-image-description=\"\" data-image-caption=\"\" data-large-file=\"https:\/\/i0.wp.com\/www.jojoenherbe.com\/wp-content\/uploads\/2022\/10\/Le-phare-scaled.jpg?fit=676%2C676&amp;ssl=1\" class=\"alignleft size-thumbnail wp-image-28562\" src=\"https:\/\/i0.wp.com\/www.jojoenherbe.com\/wp-content\/uploads\/2022\/10\/Le-phare.jpg?resize=150%2C150\" alt=\"\" width=\"150\" height=\"150\" srcset=\"https:\/\/i0.wp.com\/www.jojoenherbe.com\/wp-content\/uploads\/2022\/10\/Le-phare-scaled.jpg?resize=150%2C150&amp;ssl=1 150w, https:\/\/i0.wp.com\/www.jojoenherbe.com\/wp-content\/uploads\/2022\/10\/Le-phare-scaled.jpg?resize=300%2C300&amp;ssl=1 300w, https:\/\/i0.wp.com\/www.jojoenherbe.com\/wp-content\/uploads\/2022\/10\/Le-phare-scaled.jpg?resize=1024%2C1024&amp;ssl=1 1024w, https:\/\/i0.wp.com\/www.jojoenherbe.com\/wp-content\/uploads\/2022\/10\/Le-phare-scaled.jpg?resize=768%2C769&amp;ssl=1 768w, https:\/\/i0.wp.com\/www.jojoenherbe.com\/wp-content\/uploads\/2022\/10\/Le-phare-scaled.jpg?resize=1534%2C1536&amp;ssl=1 1534w, https:\/\/i0.wp.com\/www.jojoenherbe.com\/wp-content\/uploads\/2022\/10\/Le-phare-scaled.jpg?resize=2045%2C2048&amp;ssl=1 2045w, https:\/\/i0.wp.com\/www.jojoenherbe.com\/wp-content\/uploads\/2022\/10\/Le-phare-scaled.jpg?resize=676%2C677&amp;ssl=1 676w, https:\/\/i0.wp.com\/www.jojoenherbe.com\/wp-content\/uploads\/2022\/10\/Le-phare-scaled.jpg?w=1352 1352w\" sizes=\"auto, (max-width: 150px) 100vw, 150px\" \/><\/a>Nous lisons <span style=\"text-decoration: underline;\">Le phare<\/span> de Sophie Blackhall (\u00e9d. Les \u00e9ditions des \u00e9l\u00e9phants, 2021), un album jeunesse \u00e0 partir de 5 ans o\u00f9 l&rsquo;on suit la vie d&rsquo;un gardien de phare dans les ann\u00e9es 20 jusqu\u2019\u00e0 l\u2019arriv\u00e9e de l\u2019\u00e9clairage \u00e9lectrique qui rempla\u00e7a les lampes \u00e0 huile. Chaque jour, dans la solitude puis au c\u00f4t\u00e9 de son \u00e9pouse, le gardien de phare note scrupuleusement dans son journal de bord ce qu&rsquo;il fait. Son quotidien est rythm\u00e9 par l&rsquo;entretien du phare et les ravitaillements, parfois perturb\u00e9 par les temp\u00eates. Un tr\u00e8s bon moment de lecture instructif et aux jolies illustrations vintage!<br \/>\n<\/em><\/p>\n<ul>\n<li style=\"text-align: justify;\"><em>(Album jeunesse) <span style=\"text-decoration: underline;\"><strong>Par une sombre nuit de temp\u00eate<\/strong><\/span> de Bill Martin et Barry Root<\/em><\/li>\n<\/ul>\n<p style=\"text-align: justify;\"><em><a href=\"https:\/\/i0.wp.com\/www.jojoenherbe.com\/wp-content\/uploads\/2022\/10\/Par-une-sombre-nuit-de-tempete-scaled.jpg\"><img data-recalc-dims=\"1\" loading=\"lazy\" decoding=\"async\" data-attachment-id=\"28564\" data-permalink=\"https:\/\/www.jojoenherbe.com\/index.php\/2022\/10\/31\/point-lecture-hebdomadaire-65\/par-une-sombre-nuit-de-tempete\/\" data-orig-file=\"https:\/\/i0.wp.com\/www.jojoenherbe.com\/wp-content\/uploads\/2022\/10\/Par-une-sombre-nuit-de-tempete-scaled.jpg?fit=2560%2C1959&amp;ssl=1\" data-orig-size=\"2560,1959\" data-comments-opened=\"1\" data-image-meta=\"{&quot;aperture&quot;:&quot;1.8&quot;,&quot;credit&quot;:&quot;&quot;,&quot;camera&quot;:&quot;iPhone 7&quot;,&quot;caption&quot;:&quot;&quot;,&quot;created_timestamp&quot;:&quot;1667217999&quot;,&quot;copyright&quot;:&quot;&quot;,&quot;focal_length&quot;:&quot;3.99&quot;,&quot;iso&quot;:&quot;100&quot;,&quot;shutter_speed&quot;:&quot;0.076923076923077&quot;,&quot;title&quot;:&quot;&quot;,&quot;orientation&quot;:&quot;1&quot;}\" data-image-title=\"Par une sombre nuit de temp\u00eate\" data-image-description=\"\" data-image-caption=\"\" data-large-file=\"https:\/\/i0.wp.com\/www.jojoenherbe.com\/wp-content\/uploads\/2022\/10\/Par-une-sombre-nuit-de-tempete-scaled.jpg?fit=676%2C518&amp;ssl=1\" class=\"size-thumbnail wp-image-28564 alignright\" src=\"https:\/\/i0.wp.com\/www.jojoenherbe.com\/wp-content\/uploads\/2022\/10\/Par-une-sombre-nuit-de-tempete.jpg?resize=150%2C150\" alt=\"\" width=\"150\" height=\"150\" srcset=\"https:\/\/i0.wp.com\/www.jojoenherbe.com\/wp-content\/uploads\/2022\/10\/Par-une-sombre-nuit-de-tempete-scaled.jpg?resize=150%2C150&amp;ssl=1 150w, https:\/\/i0.wp.com\/www.jojoenherbe.com\/wp-content\/uploads\/2022\/10\/Par-une-sombre-nuit-de-tempete-scaled.jpg?zoom=2&amp;resize=150%2C150 300w, https:\/\/i0.wp.com\/www.jojoenherbe.com\/wp-content\/uploads\/2022\/10\/Par-une-sombre-nuit-de-tempete-scaled.jpg?zoom=3&amp;resize=150%2C150 450w\" sizes=\"auto, (max-width: 150px) 100vw, 150px\" \/><\/a>Nous lisons et relisons <span style=\"text-decoration: underline;\">Par une sombre nuit de temp\u00eate<\/span> de Bill Martin et Barry Root (\u00e9d. Mijade, r\u00e9\u00e9d. 2008), un album jeunesse \u00e0 partir de 3\/4 ans construit en randonn\u00e9e avec de nombreux objets s\u2019animant lors d\u2019une sombre nuit de temp\u00eate: fant\u00f4me, tabouret, bougie, porte, hibou, sorci\u00e8re&#8230; Comment tout cela peut-il finir, le vent s&rsquo;immiscant \u00e0 son tour? Une histoire halloweenesque qui a beaucoup plu \u00e0 mon mini sorcier!<\/em><\/p>\n<ul>\n<li style=\"text-align: justify;\"><em>(Album jeunesse) <span style=\"text-decoration: underline;\"><strong>Un ami par magie<\/strong><\/span> de Lu Fraser et Sarah Massini<\/em><\/li>\n<\/ul>\n<p style=\"text-align: justify;\"><em><a href=\"https:\/\/i0.wp.com\/www.jojoenherbe.com\/wp-content\/uploads\/2022\/10\/Un-ami-par-magie-scaled.jpg\"><img data-recalc-dims=\"1\" loading=\"lazy\" decoding=\"async\" data-attachment-id=\"28565\" data-permalink=\"https:\/\/www.jojoenherbe.com\/index.php\/2022\/10\/31\/point-lecture-hebdomadaire-65\/un-ami-par-magie\/\" data-orig-file=\"https:\/\/i0.wp.com\/www.jojoenherbe.com\/wp-content\/uploads\/2022\/10\/Un-ami-par-magie-scaled.jpg?fit=2560%2C2049&amp;ssl=1\" data-orig-size=\"2560,2049\" data-comments-opened=\"1\" data-image-meta=\"{&quot;aperture&quot;:&quot;1.8&quot;,&quot;credit&quot;:&quot;&quot;,&quot;camera&quot;:&quot;iPhone 7&quot;,&quot;caption&quot;:&quot;&quot;,&quot;created_timestamp&quot;:&quot;1667218114&quot;,&quot;copyright&quot;:&quot;&quot;,&quot;focal_length&quot;:&quot;3.99&quot;,&quot;iso&quot;:&quot;40&quot;,&quot;shutter_speed&quot;:&quot;0.058823529411765&quot;,&quot;title&quot;:&quot;&quot;,&quot;orientation&quot;:&quot;1&quot;}\" data-image-title=\"Un ami par magie\" data-image-description=\"\" data-image-caption=\"\" data-large-file=\"https:\/\/i0.wp.com\/www.jojoenherbe.com\/wp-content\/uploads\/2022\/10\/Un-ami-par-magie-scaled.jpg?fit=676%2C541&amp;ssl=1\" class=\"alignleft size-thumbnail wp-image-28565\" src=\"https:\/\/i0.wp.com\/www.jojoenherbe.com\/wp-content\/uploads\/2022\/10\/Un-ami-par-magie.jpg?resize=150%2C150\" alt=\"\" width=\"150\" height=\"150\" srcset=\"https:\/\/i0.wp.com\/www.jojoenherbe.com\/wp-content\/uploads\/2022\/10\/Un-ami-par-magie-scaled.jpg?resize=150%2C150&amp;ssl=1 150w, https:\/\/i0.wp.com\/www.jojoenherbe.com\/wp-content\/uploads\/2022\/10\/Un-ami-par-magie-scaled.jpg?zoom=2&amp;resize=150%2C150 300w, https:\/\/i0.wp.com\/www.jojoenherbe.com\/wp-content\/uploads\/2022\/10\/Un-ami-par-magie-scaled.jpg?zoom=3&amp;resize=150%2C150 450w\" sizes=\"auto, (max-width: 150px) 100vw, 150px\" \/><\/a>Nous lisons <span style=\"text-decoration: underline;\">Un ami par magie<\/span> de Lu Fraser et Sarah Massini (\u00e9d. Kimane, 2022), un album jeunesse joliment illustr\u00e9. Pour rompre sa solitude, une jeune et gentille sorci\u00e8re tente de cr\u00e9er une potion d\u2019amiti\u00e9. Mais il lui manque un des ingr\u00e9dients de la recette de son grimoire: la fourrure d&rsquo;un ours \u00e9borgn\u00e9. Et si l&rsquo;amiti\u00e9 \u00e9tait finalement au rendez-vous? Rep\u00e9r\u00e9 \u00e0 sa parution pour le th\u00e8me et les illustrations de Sarah Massini, j&rsquo;avais r\u00e9serv\u00e9 la lecture de cet album jeunesse pour Halloween. Un bon moment de lecture avec cette histoire halloweenesque!<br \/>\n<\/em><\/p>\n<ul>\n<li style=\"text-align: justify;\"><em>(Album jeunesse) <span style=\"text-decoration: underline;\"><strong>Les monstres de la nuit<\/strong><\/span> de Magdalena et Christine Davenier <\/em><\/li>\n<\/ul>\n<p style=\"text-align: justify;\"><em><a href=\"https:\/\/i0.wp.com\/www.jojoenherbe.com\/wp-content\/uploads\/2022\/10\/Les-monstres-de-la-nuit-scaled.jpg\"><img data-recalc-dims=\"1\" loading=\"lazy\" decoding=\"async\" data-attachment-id=\"28563\" data-permalink=\"https:\/\/www.jojoenherbe.com\/index.php\/2022\/10\/31\/point-lecture-hebdomadaire-65\/les-monstres-de-la-nuit\/\" data-orig-file=\"https:\/\/i0.wp.com\/www.jojoenherbe.com\/wp-content\/uploads\/2022\/10\/Les-monstres-de-la-nuit-scaled.jpg?fit=2560%2C2065&amp;ssl=1\" data-orig-size=\"2560,2065\" data-comments-opened=\"1\" data-image-meta=\"{&quot;aperture&quot;:&quot;1.8&quot;,&quot;credit&quot;:&quot;&quot;,&quot;camera&quot;:&quot;iPhone 7&quot;,&quot;caption&quot;:&quot;&quot;,&quot;created_timestamp&quot;:&quot;1667218016&quot;,&quot;copyright&quot;:&quot;&quot;,&quot;focal_length&quot;:&quot;3.99&quot;,&quot;iso&quot;:&quot;80&quot;,&quot;shutter_speed&quot;:&quot;0.058823529411765&quot;,&quot;title&quot;:&quot;&quot;,&quot;orientation&quot;:&quot;1&quot;}\" data-image-title=\"Les monstres de la nuit\" data-image-description=\"\" data-image-caption=\"\" data-large-file=\"https:\/\/i0.wp.com\/www.jojoenherbe.com\/wp-content\/uploads\/2022\/10\/Les-monstres-de-la-nuit-scaled.jpg?fit=676%2C545&amp;ssl=1\" class=\"size-thumbnail wp-image-28563 alignright\" src=\"https:\/\/i0.wp.com\/www.jojoenherbe.com\/wp-content\/uploads\/2022\/10\/Les-monstres-de-la-nuit.jpg?resize=150%2C150\" alt=\"\" width=\"150\" height=\"150\" srcset=\"https:\/\/i0.wp.com\/www.jojoenherbe.com\/wp-content\/uploads\/2022\/10\/Les-monstres-de-la-nuit-scaled.jpg?resize=150%2C150&amp;ssl=1 150w, https:\/\/i0.wp.com\/www.jojoenherbe.com\/wp-content\/uploads\/2022\/10\/Les-monstres-de-la-nuit-scaled.jpg?zoom=2&amp;resize=150%2C150 300w, https:\/\/i0.wp.com\/www.jojoenherbe.com\/wp-content\/uploads\/2022\/10\/Les-monstres-de-la-nuit-scaled.jpg?zoom=3&amp;resize=150%2C150 450w\" sizes=\"auto, (max-width: 150px) 100vw, 150px\" \/><\/a>Nous lisons et relisons <span style=\"text-decoration: underline;\">Les monstres de la nuit<\/span> de Magdalena et Christine Davenier (\u00e9d. Flammarion Jeunesse, coll. P\u00e8re Castor, 2016) avec Petit Louis, un petit gar\u00e7on qui n\u2019arrive pas \u00e0 dormir apr\u00e8s que son p\u00e8re lui a lu une histoire de monstres. Seul dans sa chambre, il voit d\u00e9filer devant lui des monstres: un ogre, une sorci\u00e8re, un troll et un loup. Un bon moment de lecture avec cet album jeunesse tendre et rigolo, construit en randonn\u00e9e et qui aborde les rituels du coucher! M\u00eame \u00e0 la fin, les monstres ont droit \u00e0 un doudou pour dormir. Une histoire qui a \u00e9galement beaucoup plu \u00e0 mon mini sorcier!<br \/>\n<\/em><\/p>\n<ul>\n<li style=\"text-align: justify;\"><em>(Album jeunesse) <span style=\"text-decoration: underline;\"><strong>Je veux mon chapeau<\/strong><\/span> de Jon Klassen <\/em><\/li>\n<\/ul>\n<p style=\"text-align: justify;\"><em><a href=\"https:\/\/i0.wp.com\/www.jojoenherbe.com\/wp-content\/uploads\/2022\/10\/Je-veux-mon-chapeau-scaled.jpg\"><img data-recalc-dims=\"1\" loading=\"lazy\" decoding=\"async\" data-attachment-id=\"28560\" data-permalink=\"https:\/\/www.jojoenherbe.com\/index.php\/2022\/10\/31\/point-lecture-hebdomadaire-65\/je-veux-mon-chapeau\/\" data-orig-file=\"https:\/\/i0.wp.com\/www.jojoenherbe.com\/wp-content\/uploads\/2022\/10\/Je-veux-mon-chapeau-scaled.jpg?fit=2560%2C2491&amp;ssl=1\" data-orig-size=\"2560,2491\" data-comments-opened=\"1\" data-image-meta=\"{&quot;aperture&quot;:&quot;1.8&quot;,&quot;credit&quot;:&quot;&quot;,&quot;camera&quot;:&quot;iPhone 7&quot;,&quot;caption&quot;:&quot;&quot;,&quot;created_timestamp&quot;:&quot;1667218027&quot;,&quot;copyright&quot;:&quot;&quot;,&quot;focal_length&quot;:&quot;3.99&quot;,&quot;iso&quot;:&quot;64&quot;,&quot;shutter_speed&quot;:&quot;0.058823529411765&quot;,&quot;title&quot;:&quot;&quot;,&quot;orientation&quot;:&quot;1&quot;}\" data-image-title=\"Je veux mon chapeau\" data-image-description=\"\" data-image-caption=\"\" data-large-file=\"https:\/\/i0.wp.com\/www.jojoenherbe.com\/wp-content\/uploads\/2022\/10\/Je-veux-mon-chapeau-scaled.jpg?fit=676%2C658&amp;ssl=1\" class=\"alignleft size-thumbnail wp-image-28560\" src=\"https:\/\/i0.wp.com\/www.jojoenherbe.com\/wp-content\/uploads\/2022\/10\/Je-veux-mon-chapeau.jpg?resize=150%2C150\" alt=\"\" width=\"150\" height=\"150\" srcset=\"https:\/\/i0.wp.com\/www.jojoenherbe.com\/wp-content\/uploads\/2022\/10\/Je-veux-mon-chapeau-scaled.jpg?resize=150%2C150&amp;ssl=1 150w, https:\/\/i0.wp.com\/www.jojoenherbe.com\/wp-content\/uploads\/2022\/10\/Je-veux-mon-chapeau-scaled.jpg?zoom=2&amp;resize=150%2C150 300w, https:\/\/i0.wp.com\/www.jojoenherbe.com\/wp-content\/uploads\/2022\/10\/Je-veux-mon-chapeau-scaled.jpg?zoom=3&amp;resize=150%2C150 450w\" sizes=\"auto, (max-width: 150px) 100vw, 150px\" \/><\/a>Nous lisons <span style=\"text-decoration: underline;\">Je veux mon chapeau<\/span> de Jon Klassen (\u00e9d. Milan Jeunesse, 2012), un album jeunesse \u00e0 partir de 3\/4 ans. Ayant perdu son chapeau rouge et pointu, un ours questionne les autres animaux pour le retrouver. Mais personne n&rsquo;a l&rsquo;air d&rsquo;avoir ce chapeau. Un moment de lecture rigolo avec cet album jeunesse avec une chute inattendue!<br \/>\n<\/em><\/p>\n<ul>\n<li style=\"text-align: justify;\"><em>(BD jeunesse) <span style=\"text-decoration: underline;\"><strong>La Sentinelle du Petit Peuple, La pommade de f\u00e9e<\/strong><\/span> de Carbone et V\u00e9ronique Barrau et Charline Forns <strong>(T1)<\/strong><\/em><\/li>\n<\/ul>\n<p style=\"text-align: justify;\"><em><a href=\"https:\/\/i0.wp.com\/www.jojoenherbe.com\/wp-content\/uploads\/2022\/10\/La-sentinelle-du-petit-peuple-T1-scaled.jpg\"><img data-recalc-dims=\"1\" loading=\"lazy\" decoding=\"async\" data-attachment-id=\"28551\" data-permalink=\"https:\/\/www.jojoenherbe.com\/index.php\/2022\/10\/24\/rat-dhalloween-2022\/la-sentinelle-du-petit-peuple-t1\/\" data-orig-file=\"https:\/\/i0.wp.com\/www.jojoenherbe.com\/wp-content\/uploads\/2022\/10\/La-sentinelle-du-petit-peuple-T1-scaled.jpg?fit=2560%2C2204&amp;ssl=1\" data-orig-size=\"2560,2204\" data-comments-opened=\"1\" data-image-meta=\"{&quot;aperture&quot;:&quot;1.8&quot;,&quot;credit&quot;:&quot;&quot;,&quot;camera&quot;:&quot;iPhone 7&quot;,&quot;caption&quot;:&quot;&quot;,&quot;created_timestamp&quot;:&quot;1666690834&quot;,&quot;copyright&quot;:&quot;&quot;,&quot;focal_length&quot;:&quot;3.99&quot;,&quot;iso&quot;:&quot;100&quot;,&quot;shutter_speed&quot;:&quot;0.16666666666667&quot;,&quot;title&quot;:&quot;&quot;,&quot;orientation&quot;:&quot;1&quot;}\" data-image-title=\"La sentinelle du petit peuple T1\" data-image-description=\"\" data-image-caption=\"\" data-large-file=\"https:\/\/i0.wp.com\/www.jojoenherbe.com\/wp-content\/uploads\/2022\/10\/La-sentinelle-du-petit-peuple-T1-scaled.jpg?fit=676%2C582&amp;ssl=1\" class=\"size-thumbnail wp-image-28551 alignright\" src=\"https:\/\/i0.wp.com\/www.jojoenherbe.com\/wp-content\/uploads\/2022\/10\/La-sentinelle-du-petit-peuple-T1.jpg?resize=150%2C150\" alt=\"\" width=\"150\" height=\"150\" srcset=\"https:\/\/i0.wp.com\/www.jojoenherbe.com\/wp-content\/uploads\/2022\/10\/La-sentinelle-du-petit-peuple-T1-scaled.jpg?resize=150%2C150&amp;ssl=1 150w, https:\/\/i0.wp.com\/www.jojoenherbe.com\/wp-content\/uploads\/2022\/10\/La-sentinelle-du-petit-peuple-T1-scaled.jpg?zoom=2&amp;resize=150%2C150 300w, https:\/\/i0.wp.com\/www.jojoenherbe.com\/wp-content\/uploads\/2022\/10\/La-sentinelle-du-petit-peuple-T1-scaled.jpg?zoom=3&amp;resize=150%2C150 450w\" sizes=\"auto, (max-width: 150px) 100vw, 150px\" \/><\/a>J&rsquo;ai lu le tome 1 de <span style=\"text-decoration: underline;\">La Sentinelle du Petit Peuple, La pommade de f\u00e9e<\/span> de Carbone et V\u00e9ronique Barrau et Charline Forns (\u00e9d. Dupuis, 2021, 56 pages), une BD jeunesse \u00e0 partir de 6 ans. Alors qu&rsquo;elle est tenue de se soigner en maison de repos, Ad\u00e9la\u00efde, la grand-m\u00e8re d&rsquo;Elina lui r\u00e9v\u00e8le son plus grand secret: elle est la sentinelle du Petit Peuple. Afin qu&rsquo;Elina puisse prendre sa rel\u00e8ve, elle lui transmet la recette de la pommade de f\u00e9e qui permettra \u00e0 la jeune fille de voir le petit peuple et de lui apporter son aide, l&rsquo;ondine du lac ayant disparu. Il y est question de disparition, d&rsquo;enqu\u00eate, d&rsquo;amiti\u00e9 et de bienveillance au coeur d&rsquo;un Petit Peuple enfantin. Un moment de lecture mignon, bienveillant, joli graphiquement, qui rappelle <span style=\"text-decoration: underline;\">La Bo\u00eete \u00e0 musique<\/span> et qui pourra plaire aux jeunes lecteurs amateurs de fantastique et de merveilleux!<\/em><\/p>\n<p><em><span style=\"text-decoration: underline;\">Des lectures adulte<\/span>:<\/em><\/p>\n<p style=\"text-align: justify;\"><em>Parmi les romans adultes que j\u2019ai lus cette semaine, je ne parlerai dans ce billet que de certains.<br \/>\n<\/em><\/p>\n<ul>\n<li style=\"text-align: justify;\"><em>(Romance historique) <strong><span style=\"text-decoration: underline;\">Jamais avec le vicomte!<\/span><\/strong> de Caroline Linden <strong>(T1)<\/strong><\/em><\/li>\n<\/ul>\n<p style=\"text-align: justify;\"><em><a href=\"https:\/\/i0.wp.com\/www.jojoenherbe.com\/wp-content\/uploads\/2022\/10\/Jamais-avec-le-vicomte.jpg\"><img data-recalc-dims=\"1\" loading=\"lazy\" decoding=\"async\" data-attachment-id=\"28586\" data-permalink=\"https:\/\/www.jojoenherbe.com\/index.php\/2022\/10\/24\/rat-dhalloween-2022\/jamais-avec-le-vicomte\/\" data-orig-file=\"https:\/\/i0.wp.com\/www.jojoenherbe.com\/wp-content\/uploads\/2022\/10\/Jamais-avec-le-vicomte.jpg?fit=750%2C1334&amp;ssl=1\" data-orig-size=\"750,1334\" data-comments-opened=\"1\" data-image-meta=\"{&quot;aperture&quot;:&quot;0&quot;,&quot;credit&quot;:&quot;&quot;,&quot;camera&quot;:&quot;&quot;,&quot;caption&quot;:&quot;&quot;,&quot;created_timestamp&quot;:&quot;0&quot;,&quot;copyright&quot;:&quot;&quot;,&quot;focal_length&quot;:&quot;0&quot;,&quot;iso&quot;:&quot;0&quot;,&quot;shutter_speed&quot;:&quot;0&quot;,&quot;title&quot;:&quot;&quot;,&quot;orientation&quot;:&quot;0&quot;}\" data-image-title=\"Jamais avec le vicomte!\" data-image-description=\"\" data-image-caption=\"\" data-large-file=\"https:\/\/i0.wp.com\/www.jojoenherbe.com\/wp-content\/uploads\/2022\/10\/Jamais-avec-le-vicomte.jpg?fit=576%2C1024&amp;ssl=1\" class=\"alignleft size-thumbnail wp-image-28586\" src=\"https:\/\/i0.wp.com\/www.jojoenherbe.com\/wp-content\/uploads\/2022\/10\/Jamais-avec-le-vicomte.jpg?resize=150%2C150\" alt=\"\" width=\"150\" height=\"150\" srcset=\"https:\/\/i0.wp.com\/www.jojoenherbe.com\/wp-content\/uploads\/2022\/10\/Jamais-avec-le-vicomte.jpg?resize=150%2C150&amp;ssl=1 150w, https:\/\/i0.wp.com\/www.jojoenherbe.com\/wp-content\/uploads\/2022\/10\/Jamais-avec-le-vicomte.jpg?zoom=2&amp;resize=150%2C150 300w, https:\/\/i0.wp.com\/www.jojoenherbe.com\/wp-content\/uploads\/2022\/10\/Jamais-avec-le-vicomte.jpg?zoom=3&amp;resize=150%2C150 450w\" sizes=\"auto, (max-width: 150px) 100vw, 150px\" \/><\/a>J&rsquo;ai lu en e-book <span style=\"text-decoration: underline;\">Jamais avec le vicomte!<\/span> de Caroline Linden (\u00e9d. Harpercollins, r\u00e9\u00e9d. 2022, 471 pages), une romance historique \u00ab\u00a0ennemies to lovers\u00a0\u00bb se d\u00e9roulant \u00e0 Londres, en 1822, entre Lady Joan Bennett et Lord Tristan Burke, le meilleur ami de son fr\u00e8re. J&rsquo;ai bien appr\u00e9ci\u00e9 ce duo et leurs joutes verbales, chacun d&rsquo;eux revenant sur la perception qu&rsquo;il avait de l&rsquo;autre. Un bon voire tr\u00e8s bon moment de lecture l\u00e9g\u00e8re!<\/em><\/p>\n<ul>\n<li style=\"text-align: justify;\"><em>(Romance historique) <span style=\"text-decoration: underline;\"><strong>Rivalit\u00e9s, Rendez-vous au printemps<\/strong><\/span> de Kate Bateman <strong>(<\/strong><strong>T1)<\/strong><\/em><\/li>\n<\/ul>\n<p style=\"text-align: justify;\"><em><a href=\"https:\/\/i0.wp.com\/www.jojoenherbe.com\/wp-content\/uploads\/2022\/10\/Rendez-vous-au-printemps.jpg\"><img data-recalc-dims=\"1\" loading=\"lazy\" decoding=\"async\" data-attachment-id=\"28456\" data-permalink=\"https:\/\/www.jojoenherbe.com\/index.php\/2022\/10\/24\/rat-dhalloween-2022\/rendez-vous-au-printemps\/\" data-orig-file=\"https:\/\/i0.wp.com\/www.jojoenherbe.com\/wp-content\/uploads\/2022\/10\/Rendez-vous-au-printemps.jpg?fit=750%2C1334&amp;ssl=1\" data-orig-size=\"750,1334\" data-comments-opened=\"1\" data-image-meta=\"{&quot;aperture&quot;:&quot;0&quot;,&quot;credit&quot;:&quot;&quot;,&quot;camera&quot;:&quot;&quot;,&quot;caption&quot;:&quot;&quot;,&quot;created_timestamp&quot;:&quot;0&quot;,&quot;copyright&quot;:&quot;&quot;,&quot;focal_length&quot;:&quot;0&quot;,&quot;iso&quot;:&quot;0&quot;,&quot;shutter_speed&quot;:&quot;0&quot;,&quot;title&quot;:&quot;&quot;,&quot;orientation&quot;:&quot;0&quot;}\" data-image-title=\"Rendez-vous au printemps\" data-image-description=\"\" data-image-caption=\"\" data-large-file=\"https:\/\/i0.wp.com\/www.jojoenherbe.com\/wp-content\/uploads\/2022\/10\/Rendez-vous-au-printemps.jpg?fit=576%2C1024&amp;ssl=1\" class=\"size-thumbnail wp-image-28456 alignright\" src=\"https:\/\/i0.wp.com\/www.jojoenherbe.com\/wp-content\/uploads\/2022\/10\/Rendez-vous-au-printemps.jpg?resize=150%2C150\" alt=\"\" width=\"150\" height=\"150\" srcset=\"https:\/\/i0.wp.com\/www.jojoenherbe.com\/wp-content\/uploads\/2022\/10\/Rendez-vous-au-printemps.jpg?resize=150%2C150&amp;ssl=1 150w, https:\/\/i0.wp.com\/www.jojoenherbe.com\/wp-content\/uploads\/2022\/10\/Rendez-vous-au-printemps.jpg?zoom=2&amp;resize=150%2C150 300w, https:\/\/i0.wp.com\/www.jojoenherbe.com\/wp-content\/uploads\/2022\/10\/Rendez-vous-au-printemps.jpg?zoom=3&amp;resize=150%2C150 450w\" sizes=\"auto, (max-width: 150px) 100vw, 150px\" \/><\/a>J&rsquo;ai lu le tome 1 de <span style=\"text-decoration: underline;\">Rivalit\u00e9s, Rendez-vous au printemps<\/span> de Kate Bateman (\u00e9d. J\u2019ai lu, 2022, 380 pages), une romance historique se d\u00e9roulant en 1815 entre deux familles de la haute aristocratie anglaise rivales depuis plusieurs si\u00e8cles, les Montgomery et les Davies mais dont les derniers descendants, en particulier Madeline Montgomery et Gyffud Davies, qui se connaissent depuis l\u2019enfance pourraient mettre un terme \u00e0 cette rivalit\u00e9 en tentant d&rsquo;arr\u00eater des contrebandiers, apr\u00e8s la d\u00e9couverte d&rsquo;une grotte sur une parcelle commune aux deux familles. Une lecture agr\u00e9able et l\u00e9g\u00e8re, m\u00eame si parfois les attitudes et \u00e9changes entre Madeline et Gyffud \u00e9taient trop modernes, surtout pour une jeune femme de la haute aristocratie anglaise qui devait respecter de nombreuses r\u00e8gles de savoir-vivre et de savoir-\u00eatre hautement chaperonn\u00e9e et certains rebondissements un brin trop rocambolesques!<br \/>\n<\/em><\/p>\n<ul>\n<li style=\"text-align: justify;\"><em>(Cosy mystery) <strong><span style=\"text-decoration: underline;\">Les aventures de Lady Swift, Un go\u00fbt pour le meurtre<\/span><\/strong> de Verity Bright <strong>(T3)<\/strong><\/em><\/li>\n<\/ul>\n<p style=\"text-align: justify;\"><em><a href=\"https:\/\/i0.wp.com\/www.jojoenherbe.com\/wp-content\/uploads\/2022\/10\/Un-gout-pour-le-crime-T3.jpg\"><img data-recalc-dims=\"1\" loading=\"lazy\" decoding=\"async\" data-attachment-id=\"31503\" data-permalink=\"https:\/\/www.jojoenherbe.com\/index.php\/2022\/10\/31\/point-lecture-hebdomadaire-65\/un-gout-pour-le-crime-t3\/\" data-orig-file=\"https:\/\/i0.wp.com\/www.jojoenherbe.com\/wp-content\/uploads\/2022\/10\/Un-gout-pour-le-crime-T3.jpg?fit=750%2C1334&amp;ssl=1\" data-orig-size=\"750,1334\" data-comments-opened=\"1\" data-image-meta=\"{&quot;aperture&quot;:&quot;0&quot;,&quot;credit&quot;:&quot;&quot;,&quot;camera&quot;:&quot;&quot;,&quot;caption&quot;:&quot;&quot;,&quot;created_timestamp&quot;:&quot;0&quot;,&quot;copyright&quot;:&quot;&quot;,&quot;focal_length&quot;:&quot;0&quot;,&quot;iso&quot;:&quot;0&quot;,&quot;shutter_speed&quot;:&quot;0&quot;,&quot;title&quot;:&quot;&quot;,&quot;orientation&quot;:&quot;0&quot;}\" data-image-title=\"Un go\u00fbt pour le crime T3\" data-image-description=\"\" data-image-caption=\"\" data-large-file=\"https:\/\/i0.wp.com\/www.jojoenherbe.com\/wp-content\/uploads\/2022\/10\/Un-gout-pour-le-crime-T3.jpg?fit=576%2C1024&amp;ssl=1\" class=\"alignleft size-thumbnail wp-image-31503\" src=\"https:\/\/i0.wp.com\/www.jojoenherbe.com\/wp-content\/uploads\/2022\/10\/Un-gout-pour-le-crime-T3.jpg?resize=150%2C150\" alt=\"\" width=\"150\" height=\"150\" srcset=\"https:\/\/i0.wp.com\/www.jojoenherbe.com\/wp-content\/uploads\/2022\/10\/Un-gout-pour-le-crime-T3.jpg?resize=150%2C150&amp;ssl=1 150w, https:\/\/i0.wp.com\/www.jojoenherbe.com\/wp-content\/uploads\/2022\/10\/Un-gout-pour-le-crime-T3.jpg?zoom=2&amp;resize=150%2C150 300w, https:\/\/i0.wp.com\/www.jojoenherbe.com\/wp-content\/uploads\/2022\/10\/Un-gout-pour-le-crime-T3.jpg?zoom=3&amp;resize=150%2C150 450w\" sizes=\"auto, (max-width: 150px) 100vw, 150px\" \/><\/a>J&rsquo;ai lu le tome 3 des aventures de Lady Swift, <span style=\"text-decoration: underline;\">Un go\u00fbt pour le meurtre<\/span> de Verity Bright <\/em><em>(\u00e9d. La City, 2022, 304 pages), un cosy mystery se d\u00e9roulant en Angleterre dans les ann\u00e9es 20, Lady Eleonor Swift ayant h\u00e9rit\u00e9 de son oncle du manoir familial, Henley Hall. Apr\u00e8s le d\u00e9c\u00e8s suspect d\u2019un homme politique lors d\u2019un repas, la cuisini\u00e8re est la principale suspecte. Mais Lady Swift la pense innocente et tout en briguant le mandat politique du d\u00e9funt, elle d\u00e9cide de mener son enqu\u00eate avec l\u2019aide de son majordome, Clifford. <\/em><\/p>\n<p style=\"text-align: justify;\"><em>Dans cette enqu\u00eate, il est question de la condition de la femme dans les ann\u00e9es 20, en particulier du droit de vote (limit\u00e9e \u00e0 certaines femmes \u00e2g\u00e9es de 30 ans) et du r\u00f4le des suffragettes pour faire modifier la loi m\u00eame si cette th\u00e9matique aurait pu \u00eatre plus d\u00e9velopp\u00e9e, ne servant que de ressort dramatique pour permettre \u00e0 la jeune femme d\u2019interroger les diff\u00e9rents candidats et possibles suspects. <\/em><em>Le duo Eleonor\/Clifford fonctionne toujours aussi bien, leurs \u00e9changes \u00e9tant toujours aussi vifs et non d\u00e9nu\u00e9s d\u2019humour. J\u2019ai appr\u00e9ci\u00e9 \u00e9galement que Lancelot soit peu pr\u00e9sent, m\u00eame si je regrette une nouvelle fois qu\u2019Eleonor se soit entich\u00e9e de lui plut\u00f4t que du commissaire divisionnaire Seldon qui est trop peu pr\u00e9sent \u00e0 mon go\u00fbt. La s\u00e9rie livresque comptant d\u00e9sormais 12 tomes en VO, j\u2019esp\u00e8re que la romance tournera bient\u00f4t entre la jeune femme et Seldon plut\u00f4t qu\u2019avec le tr\u00e8s pu\u00e9ril et peu charismatique Lancelot. <\/em><\/p>\n<p><strong><span style=\"text-decoration: underline;\">Mes lectures en cours<\/span>:<\/strong><\/p>\n<ul>\n<li style=\"text-align: justify;\"><em>(Saga feuilletonn\u00e9e fantastique) <span style=\"text-decoration: underline;\"><strong>Blackwater, La crue<\/strong><\/span> de Michael Mcdowell <strong>(T1)<\/strong><\/em><\/li>\n<\/ul>\n<p style=\"text-align: justify;\"><em><a href=\"https:\/\/i0.wp.com\/www.jojoenherbe.com\/wp-content\/uploads\/2022\/10\/Blackwater-T1-et-T2-scaled.jpg\"><img data-recalc-dims=\"1\" loading=\"lazy\" decoding=\"async\" data-attachment-id=\"28534\" data-permalink=\"https:\/\/www.jojoenherbe.com\/index.php\/2022\/10\/24\/rat-dhalloween-2022\/blackwater-t1-et-t2\/\" data-orig-file=\"https:\/\/i0.wp.com\/www.jojoenherbe.com\/wp-content\/uploads\/2022\/10\/Blackwater-T1-et-T2-scaled.jpg?fit=2560%2C1732&amp;ssl=1\" data-orig-size=\"2560,1732\" data-comments-opened=\"1\" data-image-meta=\"{&quot;aperture&quot;:&quot;1.8&quot;,&quot;credit&quot;:&quot;&quot;,&quot;camera&quot;:&quot;iPhone 7&quot;,&quot;caption&quot;:&quot;&quot;,&quot;created_timestamp&quot;:&quot;1667210494&quot;,&quot;copyright&quot;:&quot;&quot;,&quot;focal_length&quot;:&quot;3.99&quot;,&quot;iso&quot;:&quot;80&quot;,&quot;shutter_speed&quot;:&quot;0.14285714285714&quot;,&quot;title&quot;:&quot;&quot;,&quot;orientation&quot;:&quot;1&quot;}\" data-image-title=\"Blackwater T1 et T2\" data-image-description=\"\" data-image-caption=\"\" data-large-file=\"https:\/\/i0.wp.com\/www.jojoenherbe.com\/wp-content\/uploads\/2022\/10\/Blackwater-T1-et-T2-scaled.jpg?fit=676%2C457&amp;ssl=1\" class=\"size-thumbnail wp-image-28534 alignright\" src=\"https:\/\/i0.wp.com\/www.jojoenherbe.com\/wp-content\/uploads\/2022\/10\/Blackwater-T1-et-T2.jpg?resize=150%2C150\" alt=\"\" width=\"150\" height=\"150\" srcset=\"https:\/\/i0.wp.com\/www.jojoenherbe.com\/wp-content\/uploads\/2022\/10\/Blackwater-T1-et-T2-scaled.jpg?resize=150%2C150&amp;ssl=1 150w, https:\/\/i0.wp.com\/www.jojoenherbe.com\/wp-content\/uploads\/2022\/10\/Blackwater-T1-et-T2-scaled.jpg?zoom=2&amp;resize=150%2C150 300w, https:\/\/i0.wp.com\/www.jojoenherbe.com\/wp-content\/uploads\/2022\/10\/Blackwater-T1-et-T2-scaled.jpg?zoom=3&amp;resize=150%2C150 450w\" sizes=\"auto, (max-width: 150px) 100vw, 150px\" \/><\/a>J&rsquo;ai commenc\u00e9 \u00e0 lire (118 pages lues) le tome 1 de <span style=\"text-decoration: underline;\">Blackwater, La crue<\/span> de Michael Mcdowell (\u00e9d. Monsieur Toussaint Louverture, 2022), une saga fantastique feuilletonn\u00e9e qui comprend 6 tomes sur la famille Caskey. Apr\u00e8s la crue qui a ravag\u00e9 Perdido, une petite ville s\u00e9gr\u00e9gationniste du Sud de l\u2019Alabama en 1919, les habitants attendent la d\u00e9crue pour tenter ce qui peut l&rsquo;\u00eatre. Accompagn\u00e9 de son domestique noir, Oscar Caskey est surpris en d\u00e9couvrant dans un des h\u00f4tels de la ville, une jeune femme: Elinor Dammert. P<\/em><em>our le moment, je ne suis pas emball\u00e9e par ma lecture, le ressort fantastique autour du personnage d\u2019Elinor Dammert \u00e9tant trop flagrant et sans subtilit\u00e9s m\u00eame si ses intentions restent pour le moment myst\u00e9rieuses et les habitants de Perdido tr\u00e8s caricaturaux, en particulier la riche et puissante famille Caskey.<br \/>\n<\/em><\/p>\n<ul>\n<li style=\"text-align: justify;\"><em>(Roman policier historique) <span style=\"text-decoration: underline;\"><strong>Une enqu\u00eate de Perveen Mistry, <\/strong><\/span><span style=\"text-decoration: underline;\"><strong>La mal\u00e9diction de Satapur<\/strong><\/span> de Sujata Massey <strong>(<\/strong><strong>T2)<\/strong><\/em><\/li>\n<\/ul>\n<p style=\"text-align: justify;\"><em><a href=\"https:\/\/i0.wp.com\/www.jojoenherbe.com\/wp-content\/uploads\/2022\/10\/La-malediction-de-Satapur-scaled.jpg\"><img data-recalc-dims=\"1\" loading=\"lazy\" decoding=\"async\" data-attachment-id=\"28536\" data-permalink=\"https:\/\/www.jojoenherbe.com\/index.php\/2022\/10\/24\/rat-dhalloween-2022\/la-malediction-de-satapur\/\" data-orig-file=\"https:\/\/i0.wp.com\/www.jojoenherbe.com\/wp-content\/uploads\/2022\/10\/La-malediction-de-Satapur-scaled.jpg?fit=2560%2C2137&amp;ssl=1\" data-orig-size=\"2560,2137\" data-comments-opened=\"1\" data-image-meta=\"{&quot;aperture&quot;:&quot;1.8&quot;,&quot;credit&quot;:&quot;&quot;,&quot;camera&quot;:&quot;iPhone 7&quot;,&quot;caption&quot;:&quot;&quot;,&quot;created_timestamp&quot;:&quot;1667210465&quot;,&quot;copyright&quot;:&quot;&quot;,&quot;focal_length&quot;:&quot;3.99&quot;,&quot;iso&quot;:&quot;80&quot;,&quot;shutter_speed&quot;:&quot;0.14285714285714&quot;,&quot;title&quot;:&quot;&quot;,&quot;orientation&quot;:&quot;1&quot;}\" data-image-title=\"La mal\u00e9diction de Satapur\" data-image-description=\"\" data-image-caption=\"\" data-large-file=\"https:\/\/i0.wp.com\/www.jojoenherbe.com\/wp-content\/uploads\/2022\/10\/La-malediction-de-Satapur-scaled.jpg?fit=676%2C564&amp;ssl=1\" class=\"alignleft size-thumbnail wp-image-28536\" src=\"https:\/\/i0.wp.com\/www.jojoenherbe.com\/wp-content\/uploads\/2022\/10\/La-malediction-de-Satapur.jpg?resize=150%2C150\" alt=\"\" width=\"150\" height=\"150\" srcset=\"https:\/\/i0.wp.com\/www.jojoenherbe.com\/wp-content\/uploads\/2022\/10\/La-malediction-de-Satapur-scaled.jpg?resize=150%2C150&amp;ssl=1 150w, https:\/\/i0.wp.com\/www.jojoenherbe.com\/wp-content\/uploads\/2022\/10\/La-malediction-de-Satapur-scaled.jpg?zoom=2&amp;resize=150%2C150 300w, https:\/\/i0.wp.com\/www.jojoenherbe.com\/wp-content\/uploads\/2022\/10\/La-malediction-de-Satapur-scaled.jpg?zoom=3&amp;resize=150%2C150 450w\" sizes=\"auto, (max-width: 150px) 100vw, 150px\" \/><\/a>J&rsquo;ai commenc\u00e9 \u00e0 lire jusqu\u2019au chapitre 6 (78 pages lues) la deuxi\u00e8me aventure de Perveen Mistry, <span style=\"text-decoration: underline;\">La mal\u00e9diction de Satapur<\/span> de Sujata Massey (\u00e9d. Charleston, 2021, 485 pages), un roman policier historique se d\u00e9roulant en 1922 dans les Indes britanniques, Perveen Mistry, d\u00e9sormais avocate associ\u00e9e au sein du cabinet de son p\u00e8re accepte la mission du gouvernement britannique de se rendre dans le petit Etat princier de Satapur afin de r\u00e9soudre un diff\u00e9rend entre la maharani douairi\u00e8re et sa belle-fille quant \u00e0 l\u2019\u00e9ducation \u00e0 donner au jeune maharadjah h\u00e9ritier de 10 ans. Et si la vie m\u00eame de ce dernier \u00e9tait en danger? Pour le moment, j\u2019appr\u00e9cie ma lecture avec l\u2019arriv\u00e9e de Perveen Mistry chez l\u2019agent britannique, Colin Wythe Sandringham.\u00a0<\/em><\/p>\n","protected":false},"excerpt":{"rendered":"<p>En ce d\u00e9but de semaine, voici notre point lecture hebdomadaire avec un retour sur nos lectures de la semaine derni\u00e8re (mais pas nos relectures), avec une semaine d\u00e9di\u00e9e \u00e0 un marathon de lectures pour le challenge Halloween. Nos lectures du 24 au 30 octobre 2022: Des lectures jeunesse: (Album jeunesse) Un fruit rouge d\u2019Yi Gee [&hellip;]<\/p>\n","protected":false},"author":1,"featured_media":28574,"comment_status":"open","ping_status":"open","sticky":false,"template":"","format":"standard","meta":{"jetpack_post_was_ever_published":false,"_jetpack_newsletter_access":"","_jetpack_dont_email_post_to_subs":false,"_jetpack_newsletter_tier_id":0,"_jetpack_memberships_contains_paywalled_content":false,"_jetpack_memberships_contains_paid_content":false,"footnotes":""},"categories":[2140,363],"tags":[409,3495,1226,3494,1192,3490,3492,1792,1334,2943,3489,3497,1085,367,1797,3488,2966,3493,2756,3486,2757,2767,3210,1329,3209,2872,3496,2664,3487,3362,3491,2755,3498],"class_list":["post-28541","post","type-post","status-publish","format-standard","has-post-thumbnail","hentry","category-mini-blogueur","category-mini-lecteur","tag-albums-jeunesse","tag-barry-root","tag-bd-jeunesse","tag-bill-martin","tag-carbone","tag-caroline-linden","tag-charline-forns","tag-christine-davenier","tag-cosy-mystery","tag-jon-klassen","tag-kate-bateman","tag-le-loup-en-slip","tag-lecture-adulte","tag-lecture-jeunesse","tag-lectures-dhalloween","tag-les-aventures-de-lady-swift","tag-lu-fraser","tag-magdalena","tag-mayanna-itoiz","tag-michael-mcdowell","tag-paul-cauuet","tag-point-lecture-hebdo","tag-roman-fantastique","tag-roman-policier","tag-romance-historique","tag-sarah-massini","tag-sophie-blackhall","tag-sujata-massey","tag-une-enquete-de-perveen-mistry","tag-verity-bright","tag-veronique-barrau","tag-wilfrid-lupano","tag-yi-gee-eun","post-preview"],"jetpack_featured_media_url":"https:\/\/i0.wp.com\/www.jojoenherbe.com\/wp-content\/uploads\/2022\/10\/Point-lecture-hebdo-65-scaled.jpg?fit=2560%2C1758&ssl=1","jetpack_sharing_enabled":true,"jetpack_shortlink":"https:\/\/wp.me\/p9zhGx-7ql","jetpack_likes_enabled":true,"jetpack-related-posts":[{"id":37057,"url":"https:\/\/www.jojoenherbe.com\/index.php\/2024\/09\/30\/point-lecture-hebdomadaire-2024-39\/","url_meta":{"origin":28541,"position":0},"title":"Point lecture hebdomadaire 2024 #39","author":"Jojo","date":"30 septembre 2024","format":false,"excerpt":"En ce d\u00e9but de semaine, voici mon point lecture hebdomadaire avec un retour sur nos lectures (mais pas nos relectures) de la semaine derni\u00e8re. Nos lectures du 23 au 29 septembre 2024: Des lectures jeunesse: Nous avons continu\u00e9 chaque soir et presque fini de lire Le jardin secret de Frances\u2026","rel":"","context":"Dans &quot;Mini blogueur&quot;","block_context":{"text":"Mini blogueur","link":"https:\/\/www.jojoenherbe.com\/index.php\/category\/mini-blogueur\/"},"img":{"alt_text":"","src":"https:\/\/i0.wp.com\/www.jojoenherbe.com\/wp-content\/uploads\/2020\/04\/Le-jardin-secret-150x150.jpg?resize=350%2C200","width":350,"height":200},"classes":[]},{"id":27668,"url":"https:\/\/www.jojoenherbe.com\/index.php\/2022\/09\/19\/point-lecture-hebdomadaire-59\/","url_meta":{"origin":28541,"position":1},"title":"Point lecture hebdomadaire #59","author":"Jojo","date":"19 septembre 2022","format":false,"excerpt":"En ce d\u00e9but de semaine, voici notre point lecture hebdomadaire avec un retour sur nos lectures de la semaine derni\u00e8re (mais pas nos relectures) ainsi que ma lecture en cours. Nos lectures du 12 au 18 septembre 2022: Des lectures jeunesse: (Roman jeunesse) Oscar et Carrosse, La f\u00eate foraine de\u2026","rel":"","context":"Dans &quot;Mini blogueur&quot;","block_context":{"text":"Mini blogueur","link":"https:\/\/www.jojoenherbe.com\/index.php\/category\/mini-blogueur\/"},"img":{"alt_text":"","src":"https:\/\/i0.wp.com\/www.jojoenherbe.com\/wp-content\/uploads\/2022\/09\/Point-lecture-hebdo-59-scaled.jpg?fit=1200%2C698&ssl=1&resize=350%2C200","width":350,"height":200,"srcset":"https:\/\/i0.wp.com\/www.jojoenherbe.com\/wp-content\/uploads\/2022\/09\/Point-lecture-hebdo-59-scaled.jpg?fit=1200%2C698&ssl=1&resize=350%2C200 1x, https:\/\/i0.wp.com\/www.jojoenherbe.com\/wp-content\/uploads\/2022\/09\/Point-lecture-hebdo-59-scaled.jpg?fit=1200%2C698&ssl=1&resize=525%2C300 1.5x, https:\/\/i0.wp.com\/www.jojoenherbe.com\/wp-content\/uploads\/2022\/09\/Point-lecture-hebdo-59-scaled.jpg?fit=1200%2C698&ssl=1&resize=700%2C400 2x, https:\/\/i0.wp.com\/www.jojoenherbe.com\/wp-content\/uploads\/2022\/09\/Point-lecture-hebdo-59-scaled.jpg?fit=1200%2C698&ssl=1&resize=1050%2C600 3x"},"classes":[]},{"id":27740,"url":"https:\/\/www.jojoenherbe.com\/index.php\/2022\/09\/26\/point-lecture-hebdomadaire-60\/","url_meta":{"origin":28541,"position":2},"title":"Point lecture hebdomadaire #60","author":"Jojo","date":"26 septembre 2022","format":false,"excerpt":"En ce d\u00e9but de semaine, voici notre point lecture hebdomadaire avec un retour sur nos lectures de la semaine derni\u00e8re (mais pas nos relectures) et notre lecture en cours, avec une pr\u00e9dominante pour les lectures automnales et halloweenesques, l'automne \u00e9tant arriv\u00e9 et le challenge Halloween de Hilde et Lou ayant\u2026","rel":"","context":"Dans &quot;Mini blogueur&quot;","block_context":{"text":"Mini blogueur","link":"https:\/\/www.jojoenherbe.com\/index.php\/category\/mini-blogueur\/"},"img":{"alt_text":"","src":"https:\/\/i0.wp.com\/www.jojoenherbe.com\/wp-content\/uploads\/2022\/09\/Point-lecture-hebdo-60-scaled.jpg?fit=1200%2C771&ssl=1&resize=350%2C200","width":350,"height":200,"srcset":"https:\/\/i0.wp.com\/www.jojoenherbe.com\/wp-content\/uploads\/2022\/09\/Point-lecture-hebdo-60-scaled.jpg?fit=1200%2C771&ssl=1&resize=350%2C200 1x, https:\/\/i0.wp.com\/www.jojoenherbe.com\/wp-content\/uploads\/2022\/09\/Point-lecture-hebdo-60-scaled.jpg?fit=1200%2C771&ssl=1&resize=525%2C300 1.5x, https:\/\/i0.wp.com\/www.jojoenherbe.com\/wp-content\/uploads\/2022\/09\/Point-lecture-hebdo-60-scaled.jpg?fit=1200%2C771&ssl=1&resize=700%2C400 2x, https:\/\/i0.wp.com\/www.jojoenherbe.com\/wp-content\/uploads\/2022\/09\/Point-lecture-hebdo-60-scaled.jpg?fit=1200%2C771&ssl=1&resize=1050%2C600 3x"},"classes":[]},{"id":27314,"url":"https:\/\/www.jojoenherbe.com\/index.php\/2022\/09\/05\/point-lecture-hebdomadaire-57\/","url_meta":{"origin":28541,"position":3},"title":"Point lecture hebdomadaire #57","author":"Jojo","date":"5 septembre 2022","format":false,"excerpt":"En ce d\u00e9but de semaine, voici notre point lecture hebdomadaire avec un retour sur nos lectures de la semaine derni\u00e8re (mais pas nos relectures). Nous avons d\u00e9j\u00e0 commenc\u00e9 nos lectures halloweenesques m\u00eame si c'est encore l'\u00e9t\u00e9. Nos lectures du 29 ao\u00fbt au 4 septembre 2022: Des lectures jeunesse: (Album jeunesse)\u2026","rel":"","context":"Dans &quot;Mini blogueur&quot;","block_context":{"text":"Mini blogueur","link":"https:\/\/www.jojoenherbe.com\/index.php\/category\/mini-blogueur\/"},"img":{"alt_text":"","src":"https:\/\/i0.wp.com\/www.jojoenherbe.com\/wp-content\/uploads\/2022\/09\/Point-lecture-hebdo-57-scaled.jpg?fit=1200%2C628&ssl=1&resize=350%2C200","width":350,"height":200,"srcset":"https:\/\/i0.wp.com\/www.jojoenherbe.com\/wp-content\/uploads\/2022\/09\/Point-lecture-hebdo-57-scaled.jpg?fit=1200%2C628&ssl=1&resize=350%2C200 1x, https:\/\/i0.wp.com\/www.jojoenherbe.com\/wp-content\/uploads\/2022\/09\/Point-lecture-hebdo-57-scaled.jpg?fit=1200%2C628&ssl=1&resize=525%2C300 1.5x, https:\/\/i0.wp.com\/www.jojoenherbe.com\/wp-content\/uploads\/2022\/09\/Point-lecture-hebdo-57-scaled.jpg?fit=1200%2C628&ssl=1&resize=700%2C400 2x, https:\/\/i0.wp.com\/www.jojoenherbe.com\/wp-content\/uploads\/2022\/09\/Point-lecture-hebdo-57-scaled.jpg?fit=1200%2C628&ssl=1&resize=1050%2C600 3x"},"classes":[]},{"id":32659,"url":"https:\/\/www.jojoenherbe.com\/index.php\/2023\/10\/16\/point-lecture-hebdomadaire-2023-41\/","url_meta":{"origin":28541,"position":4},"title":"Point lecture hebdomadaire 2023 #41","author":"Jojo","date":"16 octobre 2023","format":false,"excerpt":"En ce d\u00e9but de semaine, voici notre point lecture hebdomadaire avec un retour sur nos lectures de la semaine derni\u00e8re (mais pas nos relectures) m\u00eame si j'en ai d\u00e9j\u00e0 parl\u00e9 de certaines lors du RAT d'Halloween. Nos lectures du 9 au 15 octobre 2023: Des lectures jeunesse: Toute cette semaine,\u2026","rel":"","context":"Dans &quot;Mini blogueur&quot;","block_context":{"text":"Mini blogueur","link":"https:\/\/www.jojoenherbe.com\/index.php\/category\/mini-blogueur\/"},"img":{"alt_text":"","src":"https:\/\/i0.wp.com\/www.jojoenherbe.com\/wp-content\/uploads\/2023\/10\/Point-lecture-hebdomadaire-2023-41-scaled.jpg?fit=1200%2C818&ssl=1&resize=350%2C200","width":350,"height":200,"srcset":"https:\/\/i0.wp.com\/www.jojoenherbe.com\/wp-content\/uploads\/2023\/10\/Point-lecture-hebdomadaire-2023-41-scaled.jpg?fit=1200%2C818&ssl=1&resize=350%2C200 1x, https:\/\/i0.wp.com\/www.jojoenherbe.com\/wp-content\/uploads\/2023\/10\/Point-lecture-hebdomadaire-2023-41-scaled.jpg?fit=1200%2C818&ssl=1&resize=525%2C300 1.5x, https:\/\/i0.wp.com\/www.jojoenherbe.com\/wp-content\/uploads\/2023\/10\/Point-lecture-hebdomadaire-2023-41-scaled.jpg?fit=1200%2C818&ssl=1&resize=700%2C400 2x, https:\/\/i0.wp.com\/www.jojoenherbe.com\/wp-content\/uploads\/2023\/10\/Point-lecture-hebdomadaire-2023-41-scaled.jpg?fit=1200%2C818&ssl=1&resize=1050%2C600 3x"},"classes":[]},{"id":34916,"url":"https:\/\/www.jojoenherbe.com\/index.php\/2024\/02\/27\/point-lecture-hebdomadaire-2024-8\/","url_meta":{"origin":28541,"position":5},"title":"Point lecture hebdomadaire 2024 #8","author":"Jojo","date":"27 f\u00e9vrier 2024","format":false,"excerpt":"En ce d\u00e9but de semaine, voici mon point lecture hebdomadaire avec un retour sur nos lectures de la semaine derni\u00e8re (mais pas nos relectures). Nos lectures du 19 au 25 f\u00e9vrier 2024: Des lectures jeunesse: (BD Jeunesse) Mortelle Ad\u00e8le (T2 et T13), Ajax (T1) et Le journal des Bizarres de\u2026","rel":"","context":"Dans &quot;Mini blogueur&quot;","block_context":{"text":"Mini blogueur","link":"https:\/\/www.jojoenherbe.com\/index.php\/category\/mini-blogueur\/"},"img":{"alt_text":"","src":"https:\/\/i0.wp.com\/www.jojoenherbe.com\/wp-content\/uploads\/2024\/02\/Point-lecture-hebdo-2024-8-scaled.jpg?fit=1200%2C789&ssl=1&resize=350%2C200","width":350,"height":200,"srcset":"https:\/\/i0.wp.com\/www.jojoenherbe.com\/wp-content\/uploads\/2024\/02\/Point-lecture-hebdo-2024-8-scaled.jpg?fit=1200%2C789&ssl=1&resize=350%2C200 1x, https:\/\/i0.wp.com\/www.jojoenherbe.com\/wp-content\/uploads\/2024\/02\/Point-lecture-hebdo-2024-8-scaled.jpg?fit=1200%2C789&ssl=1&resize=525%2C300 1.5x, https:\/\/i0.wp.com\/www.jojoenherbe.com\/wp-content\/uploads\/2024\/02\/Point-lecture-hebdo-2024-8-scaled.jpg?fit=1200%2C789&ssl=1&resize=700%2C400 2x, https:\/\/i0.wp.com\/www.jojoenherbe.com\/wp-content\/uploads\/2024\/02\/Point-lecture-hebdo-2024-8-scaled.jpg?fit=1200%2C789&ssl=1&resize=1050%2C600 3x"},"classes":[]}],"_links":{"self":[{"href":"https:\/\/www.jojoenherbe.com\/index.php\/wp-json\/wp\/v2\/posts\/28541","targetHints":{"allow":["GET"]}}],"collection":[{"href":"https:\/\/www.jojoenherbe.com\/index.php\/wp-json\/wp\/v2\/posts"}],"about":[{"href":"https:\/\/www.jojoenherbe.com\/index.php\/wp-json\/wp\/v2\/types\/post"}],"author":[{"embeddable":true,"href":"https:\/\/www.jojoenherbe.com\/index.php\/wp-json\/wp\/v2\/users\/1"}],"replies":[{"embeddable":true,"href":"https:\/\/www.jojoenherbe.com\/index.php\/wp-json\/wp\/v2\/comments?post=28541"}],"version-history":[{"count":31,"href":"https:\/\/www.jojoenherbe.com\/index.php\/wp-json\/wp\/v2\/posts\/28541\/revisions"}],"predecessor-version":[{"id":31505,"href":"https:\/\/www.jojoenherbe.com\/index.php\/wp-json\/wp\/v2\/posts\/28541\/revisions\/31505"}],"wp:featuredmedia":[{"embeddable":true,"href":"https:\/\/www.jojoenherbe.com\/index.php\/wp-json\/wp\/v2\/media\/28574"}],"wp:attachment":[{"href":"https:\/\/www.jojoenherbe.com\/index.php\/wp-json\/wp\/v2\/media?parent=28541"}],"wp:term":[{"taxonomy":"category","embeddable":true,"href":"https:\/\/www.jojoenherbe.com\/index.php\/wp-json\/wp\/v2\/categories?post=28541"},{"taxonomy":"post_tag","embeddable":true,"href":"https:\/\/www.jojoenherbe.com\/index.php\/wp-json\/wp\/v2\/tags?post=28541"}],"curies":[{"name":"wp","href":"https:\/\/api.w.org\/{rel}","templated":true}]}}