{"id":28375,"date":"2022-10-20T09:23:36","date_gmt":"2022-10-20T07:23:36","guid":{"rendered":"https:\/\/www.jojoenherbe.com\/?p=28375"},"modified":"2022-11-02T17:17:23","modified_gmt":"2022-11-02T16:17:23","slug":"la-nature-au-fil-de-lautomne-2022-4","status":"publish","type":"post","link":"https:\/\/www.jojoenherbe.com\/index.php\/2022\/10\/20\/la-nature-au-fil-de-lautomne-2022-4\/","title":{"rendered":"La Nature au fil de l&rsquo;automne 2022 #4"},"content":{"rendered":"<p style=\"text-align: justify;\"><em>Voici quelques photos prises le 16 octobre 2022 dans le parc de Vaugrenier pour notre rendez-vous photo hebdomadaire d\u2019\u00e9coute et d\u2019observation de la Nature dans le cadre du Challenge Halloween 2022 avec Syl, Isabelle et Hilde.<\/em><\/p>\n<p style=\"text-align: justify;\"><em>La pluie du week-end pr\u00e9c\u00e9dent a laiss\u00e9 quelques traces, des champignons ayant pouss\u00e9 de-ci de-l\u00e0 dans le parc, que ce soit du c\u00f4t\u00e9 des sous-bois ou des pelouses. Nous entendons et observons \u00e9galement de nombreux oiseaux comme des rouges-gorges, des perruches \u00e0 collier vertes&#8230; A l&rsquo;\u00e9tang, il y avait deux gr\u00e8bes castagneux qui plongent \u00e0 plusieurs reprises laissant des anneaux \u00e9ph\u00e9m\u00e8res \u00e0 la surface de l&rsquo;eau. C\u00f4t\u00e9 arbustes, les sureaux noirs sont pleins de baies. Oups, Syl m&rsquo;\u00e9crit que c&rsquo;est un phytolacca (toxique) et non du sureau.<br \/>\n<\/em><\/p>\n<div class=\"tiled-gallery type-rectangular tiled-gallery-unresized\" data-original-width=\"676\" data-carousel-extra='{&quot;blog_id&quot;:1,&quot;permalink&quot;:&quot;https:\\\/\\\/www.jojoenherbe.com\\\/index.php\\\/2022\\\/10\\\/20\\\/la-nature-au-fil-de-lautomne-2022-4\\\/&quot;,&quot;likes_blog_id&quot;:141396489}' itemscope itemtype=\"http:\/\/schema.org\/ImageGallery\" > <div class=\"gallery-row\" style=\"width: 676px; height: 342px;\" data-original-width=\"676\" data-original-height=\"342\" > <div class=\"gallery-group images-2\" style=\"width: 164px; height: 342px;\" data-original-width=\"164\" data-original-height=\"342\" > <div class=\"tiled-gallery-item tiled-gallery-item-small\" itemprop=\"associatedMedia\" itemscope itemtype=\"http:\/\/schema.org\/ImageObject\"> <a href=\"https:\/\/www.jojoenherbe.com\/index.php\/2022\/10\/20\/la-nature-au-fil-de-lautomne-2022-4\/champignon-vaugrenier\/\" border=\"0\" itemprop=\"url\"> <meta itemprop=\"width\" content=\"160\"> <meta itemprop=\"height\" content=\"214\"> <img decoding=\"async\" class=\"\" data-attachment-id=\"28379\" data-orig-file=\"https:\/\/www.jojoenherbe.com\/wp-content\/uploads\/2022\/10\/Champignon-Vaugrenier-scaled.jpg\" data-orig-size=\"1920,2560\" data-comments-opened=\"1\" data-image-meta=\"{&quot;aperture&quot;:&quot;5&quot;,&quot;credit&quot;:&quot;&quot;,&quot;camera&quot;:&quot;DSC-HX400V&quot;,&quot;caption&quot;:&quot;&quot;,&quot;created_timestamp&quot;:&quot;1665923966&quot;,&quot;copyright&quot;:&quot;&quot;,&quot;focal_length&quot;:&quot;37.9&quot;,&quot;iso&quot;:&quot;800&quot;,&quot;shutter_speed&quot;:&quot;0.00625&quot;,&quot;title&quot;:&quot;&quot;,&quot;orientation&quot;:&quot;1&quot;}\" data-image-title=\"Champignon &amp;#8211; Vaugrenier\" data-image-description=\"\" data-medium-file=\"https:\/\/i0.wp.com\/www.jojoenherbe.com\/wp-content\/uploads\/2022\/10\/Champignon-Vaugrenier-scaled.jpg?fit=225%2C300&#038;ssl=1\" data-large-file=\"https:\/\/i0.wp.com\/www.jojoenherbe.com\/wp-content\/uploads\/2022\/10\/Champignon-Vaugrenier-scaled.jpg?fit=676%2C901&#038;ssl=1\" src=\"https:\/\/i0.wp.com\/www.jojoenherbe.com\/wp-content\/uploads\/2022\/10\/Champignon-Vaugrenier-scaled.jpg?w=160&#038;h=214&#038;ssl=1\" srcset=\"https:\/\/i0.wp.com\/www.jojoenherbe.com\/wp-content\/uploads\/2022\/10\/Champignon-Vaugrenier-scaled.jpg?w=1920&amp;ssl=1 1920w, https:\/\/i0.wp.com\/www.jojoenherbe.com\/wp-content\/uploads\/2022\/10\/Champignon-Vaugrenier-scaled.jpg?resize=225%2C300&amp;ssl=1 225w, https:\/\/i0.wp.com\/www.jojoenherbe.com\/wp-content\/uploads\/2022\/10\/Champignon-Vaugrenier-scaled.jpg?resize=768%2C1024&amp;ssl=1 768w, https:\/\/i0.wp.com\/www.jojoenherbe.com\/wp-content\/uploads\/2022\/10\/Champignon-Vaugrenier-scaled.jpg?resize=1152%2C1536&amp;ssl=1 1152w, https:\/\/i0.wp.com\/www.jojoenherbe.com\/wp-content\/uploads\/2022\/10\/Champignon-Vaugrenier-scaled.jpg?resize=1536%2C2048&amp;ssl=1 1536w, https:\/\/i0.wp.com\/www.jojoenherbe.com\/wp-content\/uploads\/2022\/10\/Champignon-Vaugrenier-scaled.jpg?resize=676%2C901&amp;ssl=1 676w, https:\/\/i0.wp.com\/www.jojoenherbe.com\/wp-content\/uploads\/2022\/10\/Champignon-Vaugrenier-scaled.jpg?w=1352 1352w\" width=\"160\" height=\"214\" loading=\"lazy\" data-original-width=\"160\" data-original-height=\"214\" itemprop=\"http:\/\/schema.org\/image\" title=\"Champignon - Vaugrenier\" alt=\"Champignon - Vaugrenier\" style=\"width: 160px; height: 214px;\" \/> <\/a> <\/div> <div class=\"tiled-gallery-item tiled-gallery-item-small\" itemprop=\"associatedMedia\" itemscope itemtype=\"http:\/\/schema.org\/ImageObject\"> <a href=\"https:\/\/www.jojoenherbe.com\/index.php\/2022\/10\/20\/la-nature-au-fil-de-lautomne-2022-4\/greve-castagneux-vaugrenier\/\" border=\"0\" itemprop=\"url\"> <meta itemprop=\"width\" content=\"160\"> <meta itemprop=\"height\" content=\"120\"> <img decoding=\"async\" class=\"\" data-attachment-id=\"28380\" data-orig-file=\"https:\/\/www.jojoenherbe.com\/wp-content\/uploads\/2022\/10\/Greve-castagneux-Vaugrenier-scaled.jpg\" data-orig-size=\"2560,1920\" data-comments-opened=\"1\" data-image-meta=\"{&quot;aperture&quot;:&quot;6.3&quot;,&quot;credit&quot;:&quot;&quot;,&quot;camera&quot;:&quot;DSC-HX400V&quot;,&quot;caption&quot;:&quot;&quot;,&quot;created_timestamp&quot;:&quot;1665924969&quot;,&quot;copyright&quot;:&quot;&quot;,&quot;focal_length&quot;:&quot;215&quot;,&quot;iso&quot;:&quot;320&quot;,&quot;shutter_speed&quot;:&quot;0.004&quot;,&quot;title&quot;:&quot;&quot;,&quot;orientation&quot;:&quot;1&quot;}\" data-image-title=\"Gr\u00e8ve castagneux &amp;#8211; Vaugrenier\" data-image-description=\"\" data-medium-file=\"https:\/\/i0.wp.com\/www.jojoenherbe.com\/wp-content\/uploads\/2022\/10\/Greve-castagneux-Vaugrenier-scaled.jpg?fit=300%2C225&#038;ssl=1\" data-large-file=\"https:\/\/i0.wp.com\/www.jojoenherbe.com\/wp-content\/uploads\/2022\/10\/Greve-castagneux-Vaugrenier-scaled.jpg?fit=676%2C507&#038;ssl=1\" src=\"https:\/\/i0.wp.com\/www.jojoenherbe.com\/wp-content\/uploads\/2022\/10\/Greve-castagneux-Vaugrenier-scaled.jpg?w=160&#038;h=120&#038;ssl=1\" srcset=\"https:\/\/i0.wp.com\/www.jojoenherbe.com\/wp-content\/uploads\/2022\/10\/Greve-castagneux-Vaugrenier-scaled.jpg?w=2560&amp;ssl=1 2560w, https:\/\/i0.wp.com\/www.jojoenherbe.com\/wp-content\/uploads\/2022\/10\/Greve-castagneux-Vaugrenier-scaled.jpg?resize=300%2C225&amp;ssl=1 300w, https:\/\/i0.wp.com\/www.jojoenherbe.com\/wp-content\/uploads\/2022\/10\/Greve-castagneux-Vaugrenier-scaled.jpg?resize=1024%2C768&amp;ssl=1 1024w, https:\/\/i0.wp.com\/www.jojoenherbe.com\/wp-content\/uploads\/2022\/10\/Greve-castagneux-Vaugrenier-scaled.jpg?resize=768%2C576&amp;ssl=1 768w, https:\/\/i0.wp.com\/www.jojoenherbe.com\/wp-content\/uploads\/2022\/10\/Greve-castagneux-Vaugrenier-scaled.jpg?resize=1536%2C1152&amp;ssl=1 1536w, https:\/\/i0.wp.com\/www.jojoenherbe.com\/wp-content\/uploads\/2022\/10\/Greve-castagneux-Vaugrenier-scaled.jpg?resize=2048%2C1536&amp;ssl=1 2048w, https:\/\/i0.wp.com\/www.jojoenherbe.com\/wp-content\/uploads\/2022\/10\/Greve-castagneux-Vaugrenier-scaled.jpg?resize=676%2C507&amp;ssl=1 676w, https:\/\/i0.wp.com\/www.jojoenherbe.com\/wp-content\/uploads\/2022\/10\/Greve-castagneux-Vaugrenier-scaled.jpg?w=1352 1352w\" width=\"160\" height=\"120\" loading=\"lazy\" data-original-width=\"160\" data-original-height=\"120\" itemprop=\"http:\/\/schema.org\/image\" title=\"Gr\u00e8ve castagneux - Vaugrenier\" alt=\"Gr\u00e8ve castagneux - Vaugrenier\" style=\"width: 160px; height: 120px;\" \/> <\/a> <\/div> <\/div> <!-- close group --> <div class=\"gallery-group images-2\" style=\"width: 227px; height: 342px;\" data-original-width=\"227\" data-original-height=\"342\" > <div class=\"tiled-gallery-item tiled-gallery-item-small\" itemprop=\"associatedMedia\" itemscope itemtype=\"http:\/\/schema.org\/ImageObject\"> <a href=\"https:\/\/www.jojoenherbe.com\/index.php\/2022\/10\/20\/la-nature-au-fil-de-lautomne-2022-4\/etang-de-vaugrenier-20\/\" border=\"0\" itemprop=\"url\"> <meta itemprop=\"width\" content=\"223\"> <meta itemprop=\"height\" content=\"167\"> <img decoding=\"async\" class=\"\" data-attachment-id=\"28387\" data-orig-file=\"https:\/\/www.jojoenherbe.com\/wp-content\/uploads\/2022\/10\/Etang-de-Vaugrenier-20-scaled.jpg\" data-orig-size=\"2560,1920\" data-comments-opened=\"1\" data-image-meta=\"{&quot;aperture&quot;:&quot;5&quot;,&quot;credit&quot;:&quot;&quot;,&quot;camera&quot;:&quot;DSC-HX400V&quot;,&quot;caption&quot;:&quot;&quot;,&quot;created_timestamp&quot;:&quot;1665924889&quot;,&quot;copyright&quot;:&quot;&quot;,&quot;focal_length&quot;:&quot;51.09&quot;,&quot;iso&quot;:&quot;80&quot;,&quot;shutter_speed&quot;:&quot;0.004&quot;,&quot;title&quot;:&quot;&quot;,&quot;orientation&quot;:&quot;1&quot;}\" data-image-title=\"Etang de Vaugrenier 20\" data-image-description=\"\" data-medium-file=\"https:\/\/i0.wp.com\/www.jojoenherbe.com\/wp-content\/uploads\/2022\/10\/Etang-de-Vaugrenier-20-scaled.jpg?fit=300%2C225&#038;ssl=1\" data-large-file=\"https:\/\/i0.wp.com\/www.jojoenherbe.com\/wp-content\/uploads\/2022\/10\/Etang-de-Vaugrenier-20-scaled.jpg?fit=676%2C507&#038;ssl=1\" src=\"https:\/\/i0.wp.com\/www.jojoenherbe.com\/wp-content\/uploads\/2022\/10\/Etang-de-Vaugrenier-20-scaled.jpg?w=223&#038;h=167&#038;ssl=1\" srcset=\"https:\/\/i0.wp.com\/www.jojoenherbe.com\/wp-content\/uploads\/2022\/10\/Etang-de-Vaugrenier-20-scaled.jpg?w=2560&amp;ssl=1 2560w, https:\/\/i0.wp.com\/www.jojoenherbe.com\/wp-content\/uploads\/2022\/10\/Etang-de-Vaugrenier-20-scaled.jpg?resize=300%2C225&amp;ssl=1 300w, https:\/\/i0.wp.com\/www.jojoenherbe.com\/wp-content\/uploads\/2022\/10\/Etang-de-Vaugrenier-20-scaled.jpg?resize=1024%2C768&amp;ssl=1 1024w, https:\/\/i0.wp.com\/www.jojoenherbe.com\/wp-content\/uploads\/2022\/10\/Etang-de-Vaugrenier-20-scaled.jpg?resize=768%2C576&amp;ssl=1 768w, https:\/\/i0.wp.com\/www.jojoenherbe.com\/wp-content\/uploads\/2022\/10\/Etang-de-Vaugrenier-20-scaled.jpg?resize=1536%2C1152&amp;ssl=1 1536w, https:\/\/i0.wp.com\/www.jojoenherbe.com\/wp-content\/uploads\/2022\/10\/Etang-de-Vaugrenier-20-scaled.jpg?resize=2048%2C1536&amp;ssl=1 2048w, https:\/\/i0.wp.com\/www.jojoenherbe.com\/wp-content\/uploads\/2022\/10\/Etang-de-Vaugrenier-20-scaled.jpg?resize=676%2C507&amp;ssl=1 676w, https:\/\/i0.wp.com\/www.jojoenherbe.com\/wp-content\/uploads\/2022\/10\/Etang-de-Vaugrenier-20-scaled.jpg?w=1352 1352w\" width=\"223\" height=\"167\" loading=\"lazy\" data-original-width=\"223\" data-original-height=\"167\" itemprop=\"http:\/\/schema.org\/image\" title=\"Etang de Vaugrenier 20\" alt=\"Etang de Vaugrenier 20\" style=\"width: 223px; height: 167px;\" \/> <\/a> <\/div> <div class=\"tiled-gallery-item tiled-gallery-item-small\" itemprop=\"associatedMedia\" itemscope itemtype=\"http:\/\/schema.org\/ImageObject\"> <a href=\"https:\/\/www.jojoenherbe.com\/index.php\/2022\/10\/20\/la-nature-au-fil-de-lautomne-2022-4\/sureau-noir-vaugrenier\/\" border=\"0\" itemprop=\"url\"> <meta itemprop=\"width\" content=\"223\"> <meta itemprop=\"height\" content=\"167\"> <img decoding=\"async\" class=\"\" data-attachment-id=\"28383\" data-orig-file=\"https:\/\/www.jojoenherbe.com\/wp-content\/uploads\/2022\/10\/Sureau-noir-Vaugrenier-scaled.jpg\" data-orig-size=\"2560,1920\" data-comments-opened=\"1\" data-image-meta=\"{&quot;aperture&quot;:&quot;5.6&quot;,&quot;credit&quot;:&quot;&quot;,&quot;camera&quot;:&quot;DSC-HX400V&quot;,&quot;caption&quot;:&quot;&quot;,&quot;created_timestamp&quot;:&quot;1665923810&quot;,&quot;copyright&quot;:&quot;&quot;,&quot;focal_length&quot;:&quot;140.16&quot;,&quot;iso&quot;:&quot;250&quot;,&quot;shutter_speed&quot;:&quot;0.004&quot;,&quot;title&quot;:&quot;&quot;,&quot;orientation&quot;:&quot;1&quot;}\" data-image-title=\"Sureau noir &amp;#8211; Vaugrenier\" data-image-description=\"\" data-medium-file=\"https:\/\/i0.wp.com\/www.jojoenherbe.com\/wp-content\/uploads\/2022\/10\/Sureau-noir-Vaugrenier-scaled.jpg?fit=300%2C225&#038;ssl=1\" data-large-file=\"https:\/\/i0.wp.com\/www.jojoenherbe.com\/wp-content\/uploads\/2022\/10\/Sureau-noir-Vaugrenier-scaled.jpg?fit=676%2C507&#038;ssl=1\" src=\"https:\/\/i0.wp.com\/www.jojoenherbe.com\/wp-content\/uploads\/2022\/10\/Sureau-noir-Vaugrenier-scaled.jpg?w=223&#038;h=167&#038;ssl=1\" srcset=\"https:\/\/i0.wp.com\/www.jojoenherbe.com\/wp-content\/uploads\/2022\/10\/Sureau-noir-Vaugrenier-scaled.jpg?w=2560&amp;ssl=1 2560w, https:\/\/i0.wp.com\/www.jojoenherbe.com\/wp-content\/uploads\/2022\/10\/Sureau-noir-Vaugrenier-scaled.jpg?resize=300%2C225&amp;ssl=1 300w, https:\/\/i0.wp.com\/www.jojoenherbe.com\/wp-content\/uploads\/2022\/10\/Sureau-noir-Vaugrenier-scaled.jpg?resize=1024%2C768&amp;ssl=1 1024w, https:\/\/i0.wp.com\/www.jojoenherbe.com\/wp-content\/uploads\/2022\/10\/Sureau-noir-Vaugrenier-scaled.jpg?resize=768%2C576&amp;ssl=1 768w, https:\/\/i0.wp.com\/www.jojoenherbe.com\/wp-content\/uploads\/2022\/10\/Sureau-noir-Vaugrenier-scaled.jpg?resize=1536%2C1152&amp;ssl=1 1536w, https:\/\/i0.wp.com\/www.jojoenherbe.com\/wp-content\/uploads\/2022\/10\/Sureau-noir-Vaugrenier-scaled.jpg?resize=2048%2C1536&amp;ssl=1 2048w, https:\/\/i0.wp.com\/www.jojoenherbe.com\/wp-content\/uploads\/2022\/10\/Sureau-noir-Vaugrenier-scaled.jpg?resize=676%2C507&amp;ssl=1 676w, https:\/\/i0.wp.com\/www.jojoenherbe.com\/wp-content\/uploads\/2022\/10\/Sureau-noir-Vaugrenier-scaled.jpg?w=1352 1352w\" width=\"223\" height=\"167\" loading=\"lazy\" data-original-width=\"223\" data-original-height=\"167\" itemprop=\"http:\/\/schema.org\/image\" title=\"Sureau noir - Vaugrenier\" alt=\"Sureau noir - Vaugrenier\" style=\"width: 223px; height: 167px;\" \/> <\/a> <\/div> <\/div> <!-- close group --> <div class=\"gallery-group images-1\" style=\"width: 285px; height: 342px;\" data-original-width=\"285\" data-original-height=\"342\" > <div class=\"tiled-gallery-item tiled-gallery-item-large\" itemprop=\"associatedMedia\" itemscope itemtype=\"http:\/\/schema.org\/ImageObject\"> <a href=\"https:\/\/www.jojoenherbe.com\/index.php\/2022\/10\/20\/la-nature-au-fil-de-lautomne-2022-4\/parc-de-vaugrenier-2-5\/\" border=\"0\" itemprop=\"url\"> <meta itemprop=\"width\" content=\"281\"> <meta itemprop=\"height\" content=\"338\"> <img decoding=\"async\" class=\"\" data-attachment-id=\"28381\" data-orig-file=\"https:\/\/www.jojoenherbe.com\/wp-content\/uploads\/2022\/10\/Parc-de-Vaugrenier-2-scaled.jpg\" data-orig-size=\"2130,2560\" data-comments-opened=\"1\" data-image-meta=\"{&quot;aperture&quot;:&quot;3.2&quot;,&quot;credit&quot;:&quot;&quot;,&quot;camera&quot;:&quot;DSC-HX400V&quot;,&quot;caption&quot;:&quot;&quot;,&quot;created_timestamp&quot;:&quot;1665923952&quot;,&quot;copyright&quot;:&quot;&quot;,&quot;focal_length&quot;:&quot;6.76&quot;,&quot;iso&quot;:&quot;80&quot;,&quot;shutter_speed&quot;:&quot;0.0025&quot;,&quot;title&quot;:&quot;&quot;,&quot;orientation&quot;:&quot;1&quot;}\" data-image-title=\"Parc de Vaugrenier 2\" data-image-description=\"\" data-medium-file=\"https:\/\/i0.wp.com\/www.jojoenherbe.com\/wp-content\/uploads\/2022\/10\/Parc-de-Vaugrenier-2-scaled.jpg?fit=250%2C300&#038;ssl=1\" data-large-file=\"https:\/\/i0.wp.com\/www.jojoenherbe.com\/wp-content\/uploads\/2022\/10\/Parc-de-Vaugrenier-2-scaled.jpg?fit=676%2C812&#038;ssl=1\" src=\"https:\/\/i0.wp.com\/www.jojoenherbe.com\/wp-content\/uploads\/2022\/10\/Parc-de-Vaugrenier-2-scaled.jpg?w=281&#038;h=338&#038;ssl=1\" srcset=\"https:\/\/i0.wp.com\/www.jojoenherbe.com\/wp-content\/uploads\/2022\/10\/Parc-de-Vaugrenier-2-scaled.jpg?w=2130&amp;ssl=1 2130w, https:\/\/i0.wp.com\/www.jojoenherbe.com\/wp-content\/uploads\/2022\/10\/Parc-de-Vaugrenier-2-scaled.jpg?resize=250%2C300&amp;ssl=1 250w, https:\/\/i0.wp.com\/www.jojoenherbe.com\/wp-content\/uploads\/2022\/10\/Parc-de-Vaugrenier-2-scaled.jpg?resize=852%2C1024&amp;ssl=1 852w, https:\/\/i0.wp.com\/www.jojoenherbe.com\/wp-content\/uploads\/2022\/10\/Parc-de-Vaugrenier-2-scaled.jpg?resize=768%2C923&amp;ssl=1 768w, https:\/\/i0.wp.com\/www.jojoenherbe.com\/wp-content\/uploads\/2022\/10\/Parc-de-Vaugrenier-2-scaled.jpg?resize=1278%2C1536&amp;ssl=1 1278w, https:\/\/i0.wp.com\/www.jojoenherbe.com\/wp-content\/uploads\/2022\/10\/Parc-de-Vaugrenier-2-scaled.jpg?resize=1704%2C2048&amp;ssl=1 1704w, https:\/\/i0.wp.com\/www.jojoenherbe.com\/wp-content\/uploads\/2022\/10\/Parc-de-Vaugrenier-2-scaled.jpg?resize=676%2C812&amp;ssl=1 676w, https:\/\/i0.wp.com\/www.jojoenherbe.com\/wp-content\/uploads\/2022\/10\/Parc-de-Vaugrenier-2-scaled.jpg?w=1352 1352w, https:\/\/i0.wp.com\/www.jojoenherbe.com\/wp-content\/uploads\/2022\/10\/Parc-de-Vaugrenier-2-scaled.jpg?w=2028 2028w\" width=\"281\" height=\"338\" loading=\"lazy\" data-original-width=\"281\" data-original-height=\"338\" itemprop=\"http:\/\/schema.org\/image\" title=\"Parc de Vaugrenier 2\" alt=\"Parc de Vaugrenier 2\" style=\"width: 281px; height: 338px;\" \/> <\/a> <\/div> <\/div> <!-- close group --> <\/div> <!-- close row --> <\/div>\n<p style=\"text-align: justify;\"><em>Pour d\u2019autres ambiances automnales: des veinures chez <a href=\"https:\/\/sylectures.wordpress.com\/2022\/10\/20\/veinures\/\">Syl<\/a>, Isabelle, Hilde et la Br\u00e8che au Diable chez <a href=\"https:\/\/livresdunjourblog.wordpress.com\/2022\/10\/20\/balade-au-fil-de-lautomne-challenge-halloween-2022\/\">Claude<\/a>.<br \/>\n<\/em><\/p>\n<div style=\"width: 119px\" class=\"wp-caption aligncenter\"><img loading=\"lazy\" decoding=\"async\" data-attachment-id=\"2740\" data-permalink=\"https:\/\/www.jojoenherbe.com\/index.php\/2011\/08\/30\/tour-du-mont-bego-bis-repetita-placent\/tour-du-mont-bego-24-2\/\" data-orig-file=\"https:\/\/i0.wp.com\/www.jojoenherbe.com\/wp-content\/uploads\/2011\/08\/Tour-du-Mont-Bego-24.jpg?fit=2048%2C1536&amp;ssl=1\" data-orig-size=\"2048,1536\" data-comments-opened=\"1\" data-image-meta=\"{&quot;aperture&quot;:&quot;7.6&quot;,&quot;credit&quot;:&quot;&quot;,&quot;camera&quot;:&quot;COOLPIX S5100&quot;,&quot;caption&quot;:&quot;&quot;,&quot;created_timestamp&quot;:&quot;1314438064&quot;,&quot;copyright&quot;:&quot;&quot;,&quot;focal_length&quot;:&quot;5&quot;,&quot;iso&quot;:&quot;100&quot;,&quot;shutter_speed&quot;:&quot;0.004&quot;,&quot;title&quot;:&quot;&quot;,&quot;orientation&quot;:&quot;1&quot;}\" data-image-title=\"Tour du Mont Bego 24\" data-image-description=\"\" data-image-caption=\"\" data-large-file=\"https:\/\/i0.wp.com\/www.jojoenherbe.com\/wp-content\/uploads\/2011\/08\/Tour-du-Mont-Bego-24.jpg?fit=676%2C507&amp;ssl=1\" src=\"https:\/\/lelivroblog.files.wordpress.com\/2021\/09\/marko-blazevic-s7mangnwv1a-unsplash-04.jpg?resize=109%2C109\" srcset=\"https:\/\/lelivroblog.files.wordpress.com\/2021\/09\/marko-blazevic-s7mangnwv1a-unsplash-04.jpg?resize=109%2C109?strip=info&amp;w=600 600w,https:\/\/lelivroblog.files.wordpress.com\/2021\/09\/marko-blazevic-s7mangnwv1a-unsplash-04.jpg?resize=109%2C109?strip=info&amp;w=900 900w,https:\/\/lelivroblog.files.wordpress.com\/2021\/09\/marko-blazevic-s7mangnwv1a-unsplash-04.jpg?resize=109%2C109?strip=info&amp;w=1200 1200w,https:\/\/lelivroblog.files.wordpress.com\/2021\/09\/marko-blazevic-s7mangnwv1a-unsplash-04.jpg?resize=109%2C109?strip=info&amp;w=1500 1500w,https:\/\/lelivroblog.files.wordpress.com\/2021\/09\/marko-blazevic-s7mangnwv1a-unsplash-04.jpg?resize=109%2C109?strip=info&amp;w=1800 1800w,https:\/\/lelivroblog.files.wordpress.com\/2021\/09\/marko-blazevic-s7mangnwv1a-unsplash-04.jpg?resize=109%2C109?strip=info&amp;w=2000 2000w\" alt=\"\" width=\"109\" height=\"109\" data-attachment-id=\"2740\" data-permalink=\"https:\/\/www.jojoenherbe.com\/index.php\/2011\/08\/30\/tour-du-mont-bego-bis-repetita-placent\/tour-du-mont-bego-24-2\/\" data-orig-file=\"https:\/\/i0.wp.com\/www.jojoenherbe.com\/wp-content\/uploads\/2011\/08\/Tour-du-Mont-Bego-24.jpg?fit=2048%2C1536&amp;ssl=1\" data-orig-size=\"2048,1536\" data-comments-opened=\"1\" data-image-meta=\"{&quot;aperture&quot;:&quot;7.6&quot;,&quot;credit&quot;:&quot;&quot;,&quot;camera&quot;:&quot;COOLPIX S5100&quot;,&quot;caption&quot;:&quot;&quot;,&quot;created_timestamp&quot;:&quot;1314438064&quot;,&quot;copyright&quot;:&quot;&quot;,&quot;focal_length&quot;:&quot;5&quot;,&quot;iso&quot;:&quot;100&quot;,&quot;shutter_speed&quot;:&quot;0.004&quot;,&quot;title&quot;:&quot;&quot;,&quot;orientation&quot;:&quot;1&quot;}\" data-image-title=\"Tour du Mont Bego 24\" data-image-description=\"\" data-image-caption=\"\" data-medium-file=\"https:\/\/i0.wp.com\/www.jojoenherbe.com\/wp-content\/uploads\/2011\/08\/Tour-du-Mont-Bego-24.jpg?fit=300%2C225&amp;ssl=1\" data-large-file=\"https:\/\/i0.wp.com\/www.jojoenherbe.com\/wp-content\/uploads\/2011\/08\/Tour-du-Mont-Bego-24.jpg?fit=676%2C507&amp;ssl=1\" data-height=\"2995\" data-id=\"2740\" data-link=\"https:\/\/lelivroblog.wordpress.com\/?attachment_id=2740\" data-url=\"https:\/\/lelivroblog.files.wordpress.com\/2021\/09\/marko-blazevic-s7mangnwv1a-unsplash-04.jpg?resize=109%2C109?w=736\" data-width=\"2996\" data-amp-layout=\"responsive\" data-recalc-dims=\"1\" \/><p class=\"wp-caption-text\">Participation #17 Challenge Halloween 2022 de <a href=\"https:\/\/lelivroblog.fr\/2022\/09\/13\/le-challenge-halloween-2022\/\">Hilde<\/a> et <a href=\"https:\/\/lelivroblog.fr\/2022\/09\/13\/le-challenge-halloween-2022\/\">Lou<\/a> #Photo Nature<\/p><\/div>\n","protected":false},"excerpt":{"rendered":"<p>Voici quelques photos prises le 16 octobre 2022 dans le parc de Vaugrenier pour notre rendez-vous photo hebdomadaire d\u2019\u00e9coute et d\u2019observation de la Nature dans le cadre du Challenge Halloween 2022 avec Syl, Isabelle et Hilde. La pluie du week-end pr\u00e9c\u00e9dent a laiss\u00e9 quelques traces, des champignons ayant pouss\u00e9 de-ci de-l\u00e0 dans le parc, que [&hellip;]<\/p>\n","protected":false},"author":1,"featured_media":28382,"comment_status":"open","ping_status":"open","sticky":false,"template":"","format":"standard","meta":{"jetpack_post_was_ever_published":false,"_jetpack_newsletter_access":"","_jetpack_dont_email_post_to_subs":false,"_jetpack_newsletter_tier_id":0,"_jetpack_memberships_contains_paywalled_content":false,"_jetpack_memberships_contains_paid_content":false,"footnotes":""},"categories":[128,437],"tags":[25,321,3137,383,126,3483,543,5,1744,1506,41],"class_list":["post-28375","post","type-post","status-publish","format-standard","has-post-thumbnail","hentry","category-mini-baladeur","category-mini-photographe","tag-alpes-maritimes","tag-automne","tag-challenge-halloween-2022","tag-etang-de-vaugrenier","tag-etangs","tag-grebe-castagneux","tag-nature","tag-paca","tag-parc-de-vaugrenier","tag-region-sud","tag-villeneuve-loubet","post-preview"],"jetpack_featured_media_url":"https:\/\/i0.wp.com\/www.jojoenherbe.com\/wp-content\/uploads\/2022\/10\/Parc-de-Vaugrenier-scaled.jpg?fit=2560%2C1920&ssl=1","jetpack_sharing_enabled":true,"jetpack_shortlink":"https:\/\/wp.me\/p9zhGx-7nF","jetpack_likes_enabled":true,"jetpack-related-posts":[{"id":18120,"url":"https:\/\/www.jojoenherbe.com\/index.php\/2021\/05\/06\/une-journee-printaniere-a-vaugrenier\/","url_meta":{"origin":28375,"position":0},"title":"Une journ\u00e9e printani\u00e8re \u00e0 Vaugrenier","author":"Jojo","date":"6 mai 2021","format":false,"excerpt":"Avec ce nouveau d\u00e9confinement et la fin de l'interdiction d'aller \u00e0 plus de 10km, nous pouvons enfin retourner balader et nous passons la journ\u00e9e du 5 mai 2021 dans le parc de Vaugrenier avec ses aires de jeux, ses sous-bois et son \u00e9tang. Que cela fait du bien de passer\u2026","rel":"","context":"Dans &quot;Mini baladeur&quot;","block_context":{"text":"Mini baladeur","link":"https:\/\/www.jojoenherbe.com\/index.php\/category\/mini-crapahuteur\/mini-baladeur\/"},"img":{"alt_text":"","src":"https:\/\/i0.wp.com\/www.jojoenherbe.com\/wp-content\/uploads\/2021\/05\/Etang-de-Vaugrenier-scaled.jpg?fit=1200%2C662&ssl=1&resize=350%2C200","width":350,"height":200,"srcset":"https:\/\/i0.wp.com\/www.jojoenherbe.com\/wp-content\/uploads\/2021\/05\/Etang-de-Vaugrenier-scaled.jpg?fit=1200%2C662&ssl=1&resize=350%2C200 1x, https:\/\/i0.wp.com\/www.jojoenherbe.com\/wp-content\/uploads\/2021\/05\/Etang-de-Vaugrenier-scaled.jpg?fit=1200%2C662&ssl=1&resize=525%2C300 1.5x, https:\/\/i0.wp.com\/www.jojoenherbe.com\/wp-content\/uploads\/2021\/05\/Etang-de-Vaugrenier-scaled.jpg?fit=1200%2C662&ssl=1&resize=700%2C400 2x, https:\/\/i0.wp.com\/www.jojoenherbe.com\/wp-content\/uploads\/2021\/05\/Etang-de-Vaugrenier-scaled.jpg?fit=1200%2C662&ssl=1&resize=1050%2C600 3x"},"classes":[]},{"id":21979,"url":"https:\/\/www.jojoenherbe.com\/index.php\/2021\/11\/02\/la-nature-au-fil-de-lautomne-2021-2\/","url_meta":{"origin":28375,"position":1},"title":"La Nature au fil de l&rsquo;automne 2021 #2","author":"Jojo","date":"2 novembre 2021","format":false,"excerpt":"Mardi, c'est le rendez-vous photo avec Syl et Isabelle d'\u00e9coute et d'observation de la Nature dans le cadre du Challenge Halloween 2021. Apr\u00e8s l'arri\u00e8re-pays la semaine derni\u00e8re, voici l'automne c\u00f4t\u00e9 littoral, pas c\u00f4t\u00e9 mer mais du c\u00f4t\u00e9 de l'\u00e9tang de Vaugrenier, un \u00e9tang naturel d'eau douce dans les Alpes-Maritimes, \u00e0\u2026","rel":"","context":"Dans &quot;Mini baladeur&quot;","block_context":{"text":"Mini baladeur","link":"https:\/\/www.jojoenherbe.com\/index.php\/category\/mini-crapahuteur\/mini-baladeur\/"},"img":{"alt_text":"","src":"https:\/\/i0.wp.com\/www.jojoenherbe.com\/wp-content\/uploads\/2021\/10\/Vaugrenier-2.jpg?fit=1200%2C1200&ssl=1&resize=350%2C200","width":350,"height":200,"srcset":"https:\/\/i0.wp.com\/www.jojoenherbe.com\/wp-content\/uploads\/2021\/10\/Vaugrenier-2.jpg?fit=1200%2C1200&ssl=1&resize=350%2C200 1x, https:\/\/i0.wp.com\/www.jojoenherbe.com\/wp-content\/uploads\/2021\/10\/Vaugrenier-2.jpg?fit=1200%2C1200&ssl=1&resize=525%2C300 1.5x, https:\/\/i0.wp.com\/www.jojoenherbe.com\/wp-content\/uploads\/2021\/10\/Vaugrenier-2.jpg?fit=1200%2C1200&ssl=1&resize=700%2C400 2x, https:\/\/i0.wp.com\/www.jojoenherbe.com\/wp-content\/uploads\/2021\/10\/Vaugrenier-2.jpg?fit=1200%2C1200&ssl=1&resize=1050%2C600 3x"},"classes":[]},{"id":33133,"url":"https:\/\/www.jojoenherbe.com\/index.php\/2023\/11\/14\/la-nature-au-fil-de-lautomne-2023-3\/","url_meta":{"origin":28375,"position":2},"title":"La Nature au fil de l\u2019automne 2023 #3","author":"Jojo","date":"14 novembre 2023","format":false,"excerpt":"Pour ce nouveau rendez-vous photo d\u2019\u00e9coute et d\u2019observation de la Nature avec Syl, Isabelle et Hilde\u00a0 dans le cadre du Challenge Halloween 2023, voici une photo prise avec mon t\u00e9l\u00e9phone portable, n'ayant pas pris mon appareil photo, dimanche dernier dans le parc de Vaugrenier. C\u00f4t\u00e9 \u00e9tang, il y avait surtout\u2026","rel":"","context":"Dans &quot;mini photographe&quot;","block_context":{"text":"mini photographe","link":"https:\/\/www.jojoenherbe.com\/index.php\/category\/mini-photographe\/"},"img":{"alt_text":"","src":"https:\/\/i0.wp.com\/www.jojoenherbe.com\/wp-content\/uploads\/2023\/11\/Vaugrenier-2023-scaled.jpg?fit=900%2C1200&ssl=1&resize=350%2C200","width":350,"height":200,"srcset":"https:\/\/i0.wp.com\/www.jojoenherbe.com\/wp-content\/uploads\/2023\/11\/Vaugrenier-2023-scaled.jpg?fit=900%2C1200&ssl=1&resize=350%2C200 1x, https:\/\/i0.wp.com\/www.jojoenherbe.com\/wp-content\/uploads\/2023\/11\/Vaugrenier-2023-scaled.jpg?fit=900%2C1200&ssl=1&resize=525%2C300 1.5x, https:\/\/i0.wp.com\/www.jojoenherbe.com\/wp-content\/uploads\/2023\/11\/Vaugrenier-2023-scaled.jpg?fit=900%2C1200&ssl=1&resize=700%2C400 2x"},"classes":[]},{"id":25345,"url":"https:\/\/www.jojoenherbe.com\/index.php\/2022\/05\/03\/la-nature-au-fil-du-printemps-5\/","url_meta":{"origin":28375,"position":3},"title":"La Nature au fil du printemps #5","author":"Jojo","date":"3 mai 2022","format":false,"excerpt":"Pour ce nouveau rendez-vous photo avec Syl et Isabelle d\u2019\u00e9coute et d\u2019observation de la Nature au fil du printemps, voici quelques photos prises le 1er mai \u00e0 Vaugrenier, que ce soit c\u00f4t\u00e9 parc ou \u00e9tang. Comme \u00e0 chaque printemps, les iris des marais ont fleuri comme d'autres fleurs. Nous pouvons\u2026","rel":"","context":"Dans &quot;Mini baladeur&quot;","block_context":{"text":"Mini baladeur","link":"https:\/\/www.jojoenherbe.com\/index.php\/category\/mini-crapahuteur\/mini-baladeur\/"},"img":{"alt_text":"","src":"https:\/\/i0.wp.com\/www.jojoenherbe.com\/wp-content\/uploads\/2022\/05\/Iris-des-marais-Vaugrenier-scaled.jpg?fit=900%2C1200&ssl=1&resize=350%2C200","width":350,"height":200,"srcset":"https:\/\/i0.wp.com\/www.jojoenherbe.com\/wp-content\/uploads\/2022\/05\/Iris-des-marais-Vaugrenier-scaled.jpg?fit=900%2C1200&ssl=1&resize=350%2C200 1x, https:\/\/i0.wp.com\/www.jojoenherbe.com\/wp-content\/uploads\/2022\/05\/Iris-des-marais-Vaugrenier-scaled.jpg?fit=900%2C1200&ssl=1&resize=525%2C300 1.5x, https:\/\/i0.wp.com\/www.jojoenherbe.com\/wp-content\/uploads\/2022\/05\/Iris-des-marais-Vaugrenier-scaled.jpg?fit=900%2C1200&ssl=1&resize=700%2C400 2x"},"classes":[]},{"id":8413,"url":"https:\/\/www.jojoenherbe.com\/index.php\/2019\/11\/10\/des-observations-automnales-a-letang-de-vaugrenier\/","url_meta":{"origin":28375,"position":4},"title":"Des observations automnales \u00e0 l&rsquo;\u00e9tang de Vaugrenier","author":"Jojo","date":"10 novembre 2019","format":false,"excerpt":"Ce 9 novembre 2019, nous allons au parc de Vaugrenier, l'occasion de faire quelques observations d'oiseaux \u00e0 l'\u00e9tang de Vaugrenier. J'en profite pour prendre la photo pour la semaine 45 du Projet 52-2019 de Du c\u00f4t\u00e9 de chez Ma', le th\u00e8me \u00e9tant \"Noir et blanc\": un h\u00e9ron cendr\u00e9. Je retouche\u2026","rel":"","context":"Dans &quot;Mini baladeur&quot;","block_context":{"text":"Mini baladeur","link":"https:\/\/www.jojoenherbe.com\/index.php\/category\/mini-crapahuteur\/mini-baladeur\/"},"img":{"alt_text":"","src":"https:\/\/i0.wp.com\/www.jojoenherbe.com\/wp-content\/uploads\/2019\/11\/H%C3%A9ron-cendr%C3%A9-en-noir-et-blanc.jpg?fit=1200%2C900&ssl=1&resize=350%2C200","width":350,"height":200,"srcset":"https:\/\/i0.wp.com\/www.jojoenherbe.com\/wp-content\/uploads\/2019\/11\/H%C3%A9ron-cendr%C3%A9-en-noir-et-blanc.jpg?fit=1200%2C900&ssl=1&resize=350%2C200 1x, https:\/\/i0.wp.com\/www.jojoenherbe.com\/wp-content\/uploads\/2019\/11\/H%C3%A9ron-cendr%C3%A9-en-noir-et-blanc.jpg?fit=1200%2C900&ssl=1&resize=525%2C300 1.5x, https:\/\/i0.wp.com\/www.jojoenherbe.com\/wp-content\/uploads\/2019\/11\/H%C3%A9ron-cendr%C3%A9-en-noir-et-blanc.jpg?fit=1200%2C900&ssl=1&resize=700%2C400 2x, https:\/\/i0.wp.com\/www.jojoenherbe.com\/wp-content\/uploads\/2019\/11\/H%C3%A9ron-cendr%C3%A9-en-noir-et-blanc.jpg?fit=1200%2C900&ssl=1&resize=1050%2C600 3x"},"classes":[]},{"id":8251,"url":"https:\/\/www.jojoenherbe.com\/index.php\/2019\/10\/29\/des-coeurs-de-sorciere-a-vaugrenier\/","url_meta":{"origin":28375,"position":5},"title":"Des c\u0153urs de sorci\u00e8re \u00e0 Vaugrenier","author":"Jojo","date":"29 octobre 2019","format":false,"excerpt":"Ce 29 octobre 2019, nous allons ce matin au Parc de Vaugrenier qui a pris des couleurs automnales. Nous prenons notre temps \u00e0 marcher, passant d'un rocher \u00e0 un arbre, sans vraiment respecter les all\u00e9es am\u00e9nag\u00e9es. Un peu partout, des champignons ont pouss\u00e9 apr\u00e8s ces derniers jours de pluie. Nous\u2026","rel":"","context":"Dans &quot;Mini baladeur&quot;","block_context":{"text":"Mini baladeur","link":"https:\/\/www.jojoenherbe.com\/index.php\/category\/mini-crapahuteur\/mini-baladeur\/"},"img":{"alt_text":"","src":"https:\/\/i0.wp.com\/www.jojoenherbe.com\/wp-content\/uploads\/2019\/10\/Clathre-rouge-ou-coeur-de-sorci%C3%A8re.jpg?fit=1200%2C900&ssl=1&resize=350%2C200","width":350,"height":200,"srcset":"https:\/\/i0.wp.com\/www.jojoenherbe.com\/wp-content\/uploads\/2019\/10\/Clathre-rouge-ou-coeur-de-sorci%C3%A8re.jpg?fit=1200%2C900&ssl=1&resize=350%2C200 1x, https:\/\/i0.wp.com\/www.jojoenherbe.com\/wp-content\/uploads\/2019\/10\/Clathre-rouge-ou-coeur-de-sorci%C3%A8re.jpg?fit=1200%2C900&ssl=1&resize=525%2C300 1.5x, https:\/\/i0.wp.com\/www.jojoenherbe.com\/wp-content\/uploads\/2019\/10\/Clathre-rouge-ou-coeur-de-sorci%C3%A8re.jpg?fit=1200%2C900&ssl=1&resize=700%2C400 2x, https:\/\/i0.wp.com\/www.jojoenherbe.com\/wp-content\/uploads\/2019\/10\/Clathre-rouge-ou-coeur-de-sorci%C3%A8re.jpg?fit=1200%2C900&ssl=1&resize=1050%2C600 3x"},"classes":[]}],"_links":{"self":[{"href":"https:\/\/www.jojoenherbe.com\/index.php\/wp-json\/wp\/v2\/posts\/28375","targetHints":{"allow":["GET"]}}],"collection":[{"href":"https:\/\/www.jojoenherbe.com\/index.php\/wp-json\/wp\/v2\/posts"}],"about":[{"href":"https:\/\/www.jojoenherbe.com\/index.php\/wp-json\/wp\/v2\/types\/post"}],"author":[{"embeddable":true,"href":"https:\/\/www.jojoenherbe.com\/index.php\/wp-json\/wp\/v2\/users\/1"}],"replies":[{"embeddable":true,"href":"https:\/\/www.jojoenherbe.com\/index.php\/wp-json\/wp\/v2\/comments?post=28375"}],"version-history":[{"count":16,"href":"https:\/\/www.jojoenherbe.com\/index.php\/wp-json\/wp\/v2\/posts\/28375\/revisions"}],"predecessor-version":[{"id":28652,"href":"https:\/\/www.jojoenherbe.com\/index.php\/wp-json\/wp\/v2\/posts\/28375\/revisions\/28652"}],"wp:featuredmedia":[{"embeddable":true,"href":"https:\/\/www.jojoenherbe.com\/index.php\/wp-json\/wp\/v2\/media\/28382"}],"wp:attachment":[{"href":"https:\/\/www.jojoenherbe.com\/index.php\/wp-json\/wp\/v2\/media?parent=28375"}],"wp:term":[{"taxonomy":"category","embeddable":true,"href":"https:\/\/www.jojoenherbe.com\/index.php\/wp-json\/wp\/v2\/categories?post=28375"},{"taxonomy":"post_tag","embeddable":true,"href":"https:\/\/www.jojoenherbe.com\/index.php\/wp-json\/wp\/v2\/tags?post=28375"}],"curies":[{"name":"wp","href":"https:\/\/api.w.org\/{rel}","templated":true}]}}