{"id":28317,"date":"2022-10-14T13:20:00","date_gmt":"2022-10-14T11:20:00","guid":{"rendered":"https:\/\/www.jojoenherbe.com\/?p=28317"},"modified":"2022-11-02T17:14:05","modified_gmt":"2022-11-02T16:14:05","slug":"au-fil-des-pages-avec-20-bonnes-raisons-daller-a-lecole","status":"publish","type":"post","link":"https:\/\/www.jojoenherbe.com\/index.php\/2022\/10\/14\/au-fil-des-pages-avec-20-bonnes-raisons-daller-a-lecole\/","title":{"rendered":"Au fil des pages avec 20 bonnes raisons d&rsquo;aller \u00e0 l&rsquo;\u00e9cole"},"content":{"rendered":"<p style=\"text-align: justify;\"><em><a href=\"https:\/\/i0.wp.com\/www.jojoenherbe.com\/wp-content\/uploads\/2022\/10\/20-bonnes-raisons-daller-a-lecole-2-scaled.jpg\"><img data-recalc-dims=\"1\" loading=\"lazy\" decoding=\"async\" data-attachment-id=\"28319\" data-permalink=\"https:\/\/www.jojoenherbe.com\/index.php\/2022\/10\/14\/au-fil-des-pages-avec-20-bonnes-raisons-daller-a-lecole\/20-bonnes-raisons-daller-a-lecole-2\/\" data-orig-file=\"https:\/\/i0.wp.com\/www.jojoenherbe.com\/wp-content\/uploads\/2022\/10\/20-bonnes-raisons-daller-a-lecole-2-scaled.jpg?fit=2560%2C1850&amp;ssl=1\" data-orig-size=\"2560,1850\" data-comments-opened=\"1\" data-image-meta=\"{&quot;aperture&quot;:&quot;1.8&quot;,&quot;credit&quot;:&quot;&quot;,&quot;camera&quot;:&quot;iPhone 7&quot;,&quot;caption&quot;:&quot;&quot;,&quot;created_timestamp&quot;:&quot;1665154105&quot;,&quot;copyright&quot;:&quot;&quot;,&quot;focal_length&quot;:&quot;3.99&quot;,&quot;iso&quot;:&quot;40&quot;,&quot;shutter_speed&quot;:&quot;0.058823529411765&quot;,&quot;title&quot;:&quot;&quot;,&quot;orientation&quot;:&quot;1&quot;}\" data-image-title=\"20 bonnes raisons d&amp;rsquo;aller \u00e0 l&amp;rsquo;\u00e9cole 2\" data-image-description=\"\" data-image-caption=\"\" data-large-file=\"https:\/\/i0.wp.com\/www.jojoenherbe.com\/wp-content\/uploads\/2022\/10\/20-bonnes-raisons-daller-a-lecole-2-scaled.jpg?fit=676%2C489&amp;ssl=1\" class=\"alignleft size-thumbnail wp-image-28319\" src=\"https:\/\/i0.wp.com\/www.jojoenherbe.com\/wp-content\/uploads\/2022\/10\/20-bonnes-raisons-daller-a-lecole-2.jpg?resize=150%2C150\" alt=\"\" width=\"150\" height=\"150\" srcset=\"https:\/\/i0.wp.com\/www.jojoenherbe.com\/wp-content\/uploads\/2022\/10\/20-bonnes-raisons-daller-a-lecole-2-scaled.jpg?resize=150%2C150&amp;ssl=1 150w, https:\/\/i0.wp.com\/www.jojoenherbe.com\/wp-content\/uploads\/2022\/10\/20-bonnes-raisons-daller-a-lecole-2-scaled.jpg?zoom=2&amp;resize=150%2C150 300w, https:\/\/i0.wp.com\/www.jojoenherbe.com\/wp-content\/uploads\/2022\/10\/20-bonnes-raisons-daller-a-lecole-2-scaled.jpg?zoom=3&amp;resize=150%2C150 450w\" sizes=\"auto, (max-width: 150px) 100vw, 150px\" \/><\/a> <a href=\"https:\/\/i0.wp.com\/www.jojoenherbe.com\/wp-content\/uploads\/2022\/10\/20-bonnes-raisons-daller-a-lecole-3-scaled.jpg\"><img data-recalc-dims=\"1\" loading=\"lazy\" decoding=\"async\" data-attachment-id=\"28320\" data-permalink=\"https:\/\/www.jojoenherbe.com\/index.php\/2022\/10\/14\/au-fil-des-pages-avec-20-bonnes-raisons-daller-a-lecole\/20-bonnes-raisons-daller-a-lecole-3\/\" data-orig-file=\"https:\/\/i0.wp.com\/www.jojoenherbe.com\/wp-content\/uploads\/2022\/10\/20-bonnes-raisons-daller-a-lecole-3-scaled.jpg?fit=2560%2C1920&amp;ssl=1\" data-orig-size=\"2560,1920\" data-comments-opened=\"1\" data-image-meta=\"{&quot;aperture&quot;:&quot;1.8&quot;,&quot;credit&quot;:&quot;&quot;,&quot;camera&quot;:&quot;iPhone 7&quot;,&quot;caption&quot;:&quot;&quot;,&quot;created_timestamp&quot;:&quot;1665154132&quot;,&quot;copyright&quot;:&quot;&quot;,&quot;focal_length&quot;:&quot;3.99&quot;,&quot;iso&quot;:&quot;40&quot;,&quot;shutter_speed&quot;:&quot;0.05&quot;,&quot;title&quot;:&quot;&quot;,&quot;orientation&quot;:&quot;1&quot;}\" data-image-title=\"20 bonnes raisons d&amp;rsquo;aller \u00e0 l&amp;rsquo;\u00e9cole 3\" data-image-description=\"\" data-image-caption=\"\" data-large-file=\"https:\/\/i0.wp.com\/www.jojoenherbe.com\/wp-content\/uploads\/2022\/10\/20-bonnes-raisons-daller-a-lecole-3-scaled.jpg?fit=676%2C507&amp;ssl=1\" class=\"alignleft size-thumbnail wp-image-28320\" src=\"https:\/\/i0.wp.com\/www.jojoenherbe.com\/wp-content\/uploads\/2022\/10\/20-bonnes-raisons-daller-a-lecole-3.jpg?resize=150%2C150\" alt=\"\" width=\"150\" height=\"150\" srcset=\"https:\/\/i0.wp.com\/www.jojoenherbe.com\/wp-content\/uploads\/2022\/10\/20-bonnes-raisons-daller-a-lecole-3-scaled.jpg?resize=150%2C150&amp;ssl=1 150w, https:\/\/i0.wp.com\/www.jojoenherbe.com\/wp-content\/uploads\/2022\/10\/20-bonnes-raisons-daller-a-lecole-3-scaled.jpg?zoom=2&amp;resize=150%2C150 300w, https:\/\/i0.wp.com\/www.jojoenherbe.com\/wp-content\/uploads\/2022\/10\/20-bonnes-raisons-daller-a-lecole-3-scaled.jpg?zoom=3&amp;resize=150%2C150 450w\" sizes=\"auto, (max-width: 150px) 100vw, 150px\" \/><\/a>Nous lisons et relisons <span style=\"text-decoration: underline;\">20 bonnes raisons d\u2019aller \u00e0 l\u2019\u00e9cole<\/span> de Micha\u00ebl Escoffier et Romain Guyard (\u00e9d. Frimousse, 2012), un album jeunesse \u00e0 partir de 3\/4 ans. Un jeune gar\u00e7on explique ce qu\u2019il se passerait s\u2019il n\u2019allait pas \u00e0 l\u2019\u00e9cole et qu\u2019il n\u2019apprenait pas \u00e0 lire et \u00e0 \u00e9crire. Confondant son dentifrice avec des bouteilles de soda, il s&rsquo;envole dans une immense bulle de savon. Que pourrait-il arriver de pire? Et si cet encha\u00eenement d&rsquo;erreurs entra\u00eenait la fin du monde?<br \/>\n<\/em><\/p>\n<p style=\"text-align: justify;\"><em><a href=\"https:\/\/i0.wp.com\/www.jojoenherbe.com\/wp-content\/uploads\/2022\/10\/20-bonnes-raisons-daller-a-lecole-5-scaled.jpg\"><img data-recalc-dims=\"1\" loading=\"lazy\" decoding=\"async\" data-attachment-id=\"28322\" data-permalink=\"https:\/\/www.jojoenherbe.com\/index.php\/2022\/10\/14\/au-fil-des-pages-avec-20-bonnes-raisons-daller-a-lecole\/20-bonnes-raisons-daller-a-lecole-5\/\" data-orig-file=\"https:\/\/i0.wp.com\/www.jojoenherbe.com\/wp-content\/uploads\/2022\/10\/20-bonnes-raisons-daller-a-lecole-5-scaled.jpg?fit=2560%2C1887&amp;ssl=1\" data-orig-size=\"2560,1887\" data-comments-opened=\"1\" data-image-meta=\"{&quot;aperture&quot;:&quot;1.8&quot;,&quot;credit&quot;:&quot;&quot;,&quot;camera&quot;:&quot;iPhone 7&quot;,&quot;caption&quot;:&quot;&quot;,&quot;created_timestamp&quot;:&quot;1665154168&quot;,&quot;copyright&quot;:&quot;&quot;,&quot;focal_length&quot;:&quot;3.99&quot;,&quot;iso&quot;:&quot;40&quot;,&quot;shutter_speed&quot;:&quot;0.058823529411765&quot;,&quot;title&quot;:&quot;&quot;,&quot;orientation&quot;:&quot;1&quot;}\" data-image-title=\"20 bonnes raisons d&amp;rsquo;aller \u00e0 l&amp;rsquo;\u00e9cole 5\" data-image-description=\"\" data-image-caption=\"\" data-large-file=\"https:\/\/i0.wp.com\/www.jojoenherbe.com\/wp-content\/uploads\/2022\/10\/20-bonnes-raisons-daller-a-lecole-5-scaled.jpg?fit=676%2C498&amp;ssl=1\" class=\"size-thumbnail wp-image-28322 alignright\" src=\"https:\/\/i0.wp.com\/www.jojoenherbe.com\/wp-content\/uploads\/2022\/10\/20-bonnes-raisons-daller-a-lecole-5.jpg?resize=150%2C150\" alt=\"\" width=\"150\" height=\"150\" srcset=\"https:\/\/i0.wp.com\/www.jojoenherbe.com\/wp-content\/uploads\/2022\/10\/20-bonnes-raisons-daller-a-lecole-5-scaled.jpg?resize=150%2C150&amp;ssl=1 150w, https:\/\/i0.wp.com\/www.jojoenherbe.com\/wp-content\/uploads\/2022\/10\/20-bonnes-raisons-daller-a-lecole-5-scaled.jpg?zoom=2&amp;resize=150%2C150 300w, https:\/\/i0.wp.com\/www.jojoenherbe.com\/wp-content\/uploads\/2022\/10\/20-bonnes-raisons-daller-a-lecole-5-scaled.jpg?zoom=3&amp;resize=150%2C150 450w\" sizes=\"auto, (max-width: 150px) 100vw, 150px\" \/><\/a> <a href=\"https:\/\/i0.wp.com\/www.jojoenherbe.com\/wp-content\/uploads\/2022\/10\/20-bonnes-raisons-daller-a-lecole-4-scaled.jpg\"><img data-recalc-dims=\"1\" loading=\"lazy\" decoding=\"async\" data-attachment-id=\"28321\" data-permalink=\"https:\/\/www.jojoenherbe.com\/index.php\/2022\/10\/14\/au-fil-des-pages-avec-20-bonnes-raisons-daller-a-lecole\/20-bonnes-raisons-daller-a-lecole-4\/\" data-orig-file=\"https:\/\/i0.wp.com\/www.jojoenherbe.com\/wp-content\/uploads\/2022\/10\/20-bonnes-raisons-daller-a-lecole-4-scaled.jpg?fit=2560%2C1859&amp;ssl=1\" data-orig-size=\"2560,1859\" data-comments-opened=\"1\" data-image-meta=\"{&quot;aperture&quot;:&quot;1.8&quot;,&quot;credit&quot;:&quot;&quot;,&quot;camera&quot;:&quot;iPhone 7&quot;,&quot;caption&quot;:&quot;&quot;,&quot;created_timestamp&quot;:&quot;1665154144&quot;,&quot;copyright&quot;:&quot;&quot;,&quot;focal_length&quot;:&quot;3.99&quot;,&quot;iso&quot;:&quot;50&quot;,&quot;shutter_speed&quot;:&quot;0.058823529411765&quot;,&quot;title&quot;:&quot;&quot;,&quot;orientation&quot;:&quot;1&quot;}\" data-image-title=\"20 bonnes raisons d&amp;rsquo;aller \u00e0 l&amp;rsquo;\u00e9cole 4\" data-image-description=\"\" data-image-caption=\"\" data-large-file=\"https:\/\/i0.wp.com\/www.jojoenherbe.com\/wp-content\/uploads\/2022\/10\/20-bonnes-raisons-daller-a-lecole-4-scaled.jpg?fit=676%2C490&amp;ssl=1\" class=\"size-thumbnail wp-image-28321 alignright\" src=\"https:\/\/i0.wp.com\/www.jojoenherbe.com\/wp-content\/uploads\/2022\/10\/20-bonnes-raisons-daller-a-lecole-4.jpg?resize=150%2C150\" alt=\"\" width=\"150\" height=\"150\" srcset=\"https:\/\/i0.wp.com\/www.jojoenherbe.com\/wp-content\/uploads\/2022\/10\/20-bonnes-raisons-daller-a-lecole-4-scaled.jpg?resize=150%2C150&amp;ssl=1 150w, https:\/\/i0.wp.com\/www.jojoenherbe.com\/wp-content\/uploads\/2022\/10\/20-bonnes-raisons-daller-a-lecole-4-scaled.jpg?zoom=2&amp;resize=150%2C150 300w, https:\/\/i0.wp.com\/www.jojoenherbe.com\/wp-content\/uploads\/2022\/10\/20-bonnes-raisons-daller-a-lecole-4-scaled.jpg?zoom=3&amp;resize=150%2C150 450w\" sizes=\"auto, (max-width: 150px) 100vw, 150px\" \/><\/a>L&rsquo;histoire est compl\u00e8tement loufoque et d\u00e9jant\u00e9e comme peut l&rsquo;\u00eatre l&rsquo;imagination enfantine. Nous y croisons des pirates, des super-h\u00e9ros en couches et d\u2019inqui\u00e9tantes limaces g\u00e9antes&#8230; Coup de c\u0153ur pour mon mini lutin et un tr\u00e8s bon moment de lecture pour moi avec cet album jeunesse aux illustrations tout aussi rigolotes! Pas s\u00fbre pour autant que les enfants seront convaincus par l\u2019argumentaire\u2026 Mais fous-rires garantis!<br \/>\n<\/em><\/p>\n<p style=\"text-align: justify;\"><em>J&rsquo;ai \u00e9galement not\u00e9 quelques passages gourmands quoique peu rago\u00fbtants, le jeune gar\u00e7on transformant son pipi en ketchup pour accompagner ses frites par exemple.<\/em><\/p>\n<div style=\"width: 121px\" class=\"wp-caption alignleft\"><img loading=\"lazy\" decoding=\"async\" class=\"\" src=\"https:\/\/lh3.googleusercontent.com\/pw\/AM-JKLW-8Xy9BIRqinPzrRBz2J2pSlRnlFIwPEKmmv1zpAf3DZoC0nJGqVPx8b0ycvPVte06hr4gaDsphFfyIzipAAW1MPEwEpWUpvmIVdN6H4fs8knOaKBdlyDoMp3hCYeWKD_2Ax2fVRZYrtgs4qzmpYdYpQ=w285-h217-no?authuser=1\" alt=\"\" width=\"111\" height=\"84\" \/><p class=\"wp-caption-text\">Challenge Petit Bac d\u2019<a href=\"https:\/\/ennalit.wordpress.com\/2021\/12\/01\/challenge-petit-bac-2022-qui-veut-jouer\/\">Enna<\/a> #7 Cat\u00e9gorie Chiffre: \u00ab 20 \u00bb<\/p><\/div>\n<div style=\"width: 118px\" class=\"wp-caption alignleft\"><img loading=\"lazy\" decoding=\"async\" src=\"https:\/\/i2.wp.com\/mapetitemediatheque.fr\/wp-content\/uploads\/2021\/11\/Inkedle-tour-du-monde-en-80-livres-2_LI.jpg?resize=168%2C127&amp;ssl=1\" alt=\"\" width=\"108\" height=\"82\" \/><p class=\"wp-caption-text\">Participation #99 Challenge Le tour du monde en 80 livres de <a href=\"https:\/\/mapetitemediatheque.fr\/2021\/12\/le-tour-du-monde-en-80-livres-le-challenge-qui-vous-fait-aimer-la-litterature-etrangere\/\">Bidib<\/a> #France<\/p><\/div>\n<div style=\"width: 120px\" class=\"wp-caption alignleft\"><img loading=\"lazy\" decoding=\"async\" src=\"https:\/\/i0.wp.com\/mapetitemediatheque.fr\/wp-content\/uploads\/2021\/12\/des-livres-en-cusine.png?resize=182%2C131&amp;ssl=1\" alt=\"\" width=\"110\" height=\"79\" \/><p class=\"wp-caption-text\">Participation #49 Challenge Des livres (et des \u00e9crans) en cuisine 2022 de <a href=\"https:\/\/mapetitemediatheque.fr\/2021\/12\/des-livres-et-des-ecrans-en-cuisine-2022\/\">Bidib<\/a> et <a href=\"http:\/\/croquerlespages.canalblog.com\/archives\/2021\/12\/21\/39242322.html\">Fondant <\/a><\/p><\/div>\n","protected":false},"excerpt":{"rendered":"<p>Nous lisons et relisons 20 bonnes raisons d\u2019aller \u00e0 l\u2019\u00e9cole de Micha\u00ebl Escoffier et Romain Guyard (\u00e9d. Frimousse, 2012), un album jeunesse \u00e0 partir de 3\/4 ans. Un jeune gar\u00e7on explique ce qu\u2019il se passerait s\u2019il n\u2019allait pas \u00e0 l\u2019\u00e9cole et qu\u2019il n\u2019apprenait pas \u00e0 lire et \u00e0 \u00e9crire. Confondant son dentifrice avec des bouteilles [&hellip;]<\/p>\n","protected":false},"author":1,"featured_media":28146,"comment_status":"open","ping_status":"open","sticky":false,"template":"","format":"standard","meta":{"jetpack_post_was_ever_published":false,"_jetpack_newsletter_access":"","_jetpack_dont_email_post_to_subs":false,"_jetpack_newsletter_tier_id":0,"_jetpack_memberships_contains_paywalled_content":false,"_jetpack_memberships_contains_paid_content":false,"footnotes":""},"categories":[363],"tags":[785,409,1198,2915,2917,740,868,703,538,453,2918,1844,2243,3452,537],"class_list":["post-28317","post","type-post","status-publish","format-standard","has-post-thumbnail","hentry","category-mini-lecteur","tag-3-6-ans","tag-albums-jeunesse","tag-bulle-de-savon","tag-challenge-petit-bac-2022","tag-des-livres-et-des-ecrans-en-cuisine-2022","tag-ecole","tag-enfance","tag-garcon","tag-humour","tag-imagination","tag-le-tour-du-monde-en-80-livres-2022","tag-michael-escoffier","tag-pirate","tag-romain-guyard","tag-super-heros","post-preview"],"jetpack_featured_media_url":"https:\/\/i0.wp.com\/www.jojoenherbe.com\/wp-content\/uploads\/2022\/10\/20-bonnes-raisons-daller-a-lecole-scaled.jpg?fit=2560%2C2200&ssl=1","jetpack_sharing_enabled":true,"jetpack_shortlink":"https:\/\/wp.me\/p9zhGx-7mJ","jetpack_likes_enabled":true,"jetpack-related-posts":[{"id":28083,"url":"https:\/\/www.jojoenherbe.com\/index.php\/2022\/10\/10\/point-lecture-hebdomadaire-62\/","url_meta":{"origin":28317,"position":0},"title":"Point lecture hebdomadaire #62","author":"Jojo","date":"10 octobre 2022","format":false,"excerpt":"En ce d\u00e9but de semaine, voici notre point lecture hebdomadaire avec un retour sur nos lectures de la semaine derni\u00e8re (mais pas nos relectures), avec encore cette semaine et celles \u00e0 venir une pr\u00e9dominante pour les lectures automnales et halloweenesques, l\u2019automne \u00e9tant arriv\u00e9 et le challenge Halloween de Hilde et\u2026","rel":"","context":"Dans &quot;Mini blogueur&quot;","block_context":{"text":"Mini blogueur","link":"https:\/\/www.jojoenherbe.com\/index.php\/category\/mini-blogueur\/"},"img":{"alt_text":"","src":"https:\/\/i0.wp.com\/www.jojoenherbe.com\/wp-content\/uploads\/2022\/10\/Point-lecture-hebdo-62-scaled.jpg?fit=1200%2C765&ssl=1&resize=350%2C200","width":350,"height":200,"srcset":"https:\/\/i0.wp.com\/www.jojoenherbe.com\/wp-content\/uploads\/2022\/10\/Point-lecture-hebdo-62-scaled.jpg?fit=1200%2C765&ssl=1&resize=350%2C200 1x, https:\/\/i0.wp.com\/www.jojoenherbe.com\/wp-content\/uploads\/2022\/10\/Point-lecture-hebdo-62-scaled.jpg?fit=1200%2C765&ssl=1&resize=525%2C300 1.5x, https:\/\/i0.wp.com\/www.jojoenherbe.com\/wp-content\/uploads\/2022\/10\/Point-lecture-hebdo-62-scaled.jpg?fit=1200%2C765&ssl=1&resize=700%2C400 2x, https:\/\/i0.wp.com\/www.jojoenherbe.com\/wp-content\/uploads\/2022\/10\/Point-lecture-hebdo-62-scaled.jpg?fit=1200%2C765&ssl=1&resize=1050%2C600 3x"},"classes":[]},{"id":14000,"url":"https:\/\/www.jojoenherbe.com\/index.php\/2020\/11\/19\/au-fil-des-pages-avec-le-petit-ogre-veut-aller-a-lecole\/","url_meta":{"origin":28317,"position":1},"title":"Au fil des pages avec Le petit ogre veut aller \u00e0 l&rsquo;\u00e9cole","author":"Jojo","date":"19 novembre 2020","format":false,"excerpt":"Nous lisons, dans nos derniers emprunts \u00e0 la m\u00e9diath\u00e8que, Le petit ogre veut aller \u00e0 l'\u00e9cole de Marie-Agn\u00e8s Gaudrat et David Parkins (\u00e9d. Bayard Jeunesse, coll. Les Belles Histoires, 2007), un album jeunesse \u00e0 partir de 3 ans et qui a \u00e9t\u00e9 laur\u00e9at de la s\u00e9lection CP du 13\u00e8me Prix\u2026","rel":"","context":"Dans &quot;Mini lecteur&quot;","block_context":{"text":"Mini lecteur","link":"https:\/\/www.jojoenherbe.com\/index.php\/category\/mini-lecteur\/"},"img":{"alt_text":"","src":"https:\/\/i0.wp.com\/www.jojoenherbe.com\/wp-content\/uploads\/2020\/10\/Le-petit-ogre-veut-aller-a-lecole-scaled.jpg?fit=1200%2C900&ssl=1&resize=350%2C200","width":350,"height":200,"srcset":"https:\/\/i0.wp.com\/www.jojoenherbe.com\/wp-content\/uploads\/2020\/10\/Le-petit-ogre-veut-aller-a-lecole-scaled.jpg?fit=1200%2C900&ssl=1&resize=350%2C200 1x, https:\/\/i0.wp.com\/www.jojoenherbe.com\/wp-content\/uploads\/2020\/10\/Le-petit-ogre-veut-aller-a-lecole-scaled.jpg?fit=1200%2C900&ssl=1&resize=525%2C300 1.5x, https:\/\/i0.wp.com\/www.jojoenherbe.com\/wp-content\/uploads\/2020\/10\/Le-petit-ogre-veut-aller-a-lecole-scaled.jpg?fit=1200%2C900&ssl=1&resize=700%2C400 2x, https:\/\/i0.wp.com\/www.jojoenherbe.com\/wp-content\/uploads\/2020\/10\/Le-petit-ogre-veut-aller-a-lecole-scaled.jpg?fit=1200%2C900&ssl=1&resize=1050%2C600 3x"},"classes":[]},{"id":16361,"url":"https:\/\/www.jojoenherbe.com\/index.php\/2021\/03\/08\/au-fil-des-pages-avec-la-tarte-aux-fees\/","url_meta":{"origin":28317,"position":2},"title":"Au fil des pages avec La tarte aux f\u00e9es","author":"Jojo","date":"8 mars 2021","format":false,"excerpt":"Je continue avec nos lectures gourmandes du mois dernier avec cette fois-ci La tarte aux f\u00e9es de Micha\u00ebl Escoffier et Kris Di Giacomo (\u00e9d. Frimousse, 2013), un album jeunesse \u00e0 partir de 3 ans. Papa Crapaud ne sait plus quoi imaginer pour faire manger Petit Crapaud, jusqu'\u00e0 inventer des histoires\u2026","rel":"","context":"Dans &quot;Mini lecteur&quot;","block_context":{"text":"Mini lecteur","link":"https:\/\/www.jojoenherbe.com\/index.php\/category\/mini-lecteur\/"},"img":{"alt_text":"","src":"https:\/\/i0.wp.com\/www.jojoenherbe.com\/wp-content\/uploads\/2021\/03\/La-tarte-aux-fees-scaled.jpg?fit=1200%2C900&ssl=1&resize=350%2C200","width":350,"height":200,"srcset":"https:\/\/i0.wp.com\/www.jojoenherbe.com\/wp-content\/uploads\/2021\/03\/La-tarte-aux-fees-scaled.jpg?fit=1200%2C900&ssl=1&resize=350%2C200 1x, https:\/\/i0.wp.com\/www.jojoenherbe.com\/wp-content\/uploads\/2021\/03\/La-tarte-aux-fees-scaled.jpg?fit=1200%2C900&ssl=1&resize=525%2C300 1.5x, https:\/\/i0.wp.com\/www.jojoenherbe.com\/wp-content\/uploads\/2021\/03\/La-tarte-aux-fees-scaled.jpg?fit=1200%2C900&ssl=1&resize=700%2C400 2x, https:\/\/i0.wp.com\/www.jojoenherbe.com\/wp-content\/uploads\/2021\/03\/La-tarte-aux-fees-scaled.jpg?fit=1200%2C900&ssl=1&resize=1050%2C600 3x"},"classes":[]},{"id":11390,"url":"https:\/\/www.jojoenherbe.com\/index.php\/2020\/07\/02\/au-fil-des-pages-avec-bulle-dete\/","url_meta":{"origin":28317,"position":3},"title":"Au fil des pages avec Bulle d&rsquo;\u00e9t\u00e9","author":"Jojo","date":"2 juillet 2020","format":false,"excerpt":"Nous empruntons \u00e0 la m\u00e9diath\u00e8que Bulle d'\u00e9t\u00e9 de Florian Pig\u00e9 (\u00e9d. HongFei, 2019), un album jeunesse \u00e0 partir de 7 ans selon l'\u00e9diteur voire m\u00eame avant. Un jeune gar\u00e7on passe les vacances d'\u00e9t\u00e9 seul, se cr\u00e9ant sa propre bulle d'\u00e9t\u00e9 - ce temps suspendu dans les r\u00eaveries, le dessin, le\u2026","rel":"","context":"Dans &quot;Mini lecteur&quot;","block_context":{"text":"Mini lecteur","link":"https:\/\/www.jojoenherbe.com\/index.php\/category\/mini-lecteur\/"},"img":{"alt_text":"","src":"https:\/\/i0.wp.com\/www.jojoenherbe.com\/wp-content\/uploads\/2020\/07\/Bulle-d%C3%A9t%C3%A9-scaled.jpg?fit=1200%2C951&ssl=1&resize=350%2C200","width":350,"height":200,"srcset":"https:\/\/i0.wp.com\/www.jojoenherbe.com\/wp-content\/uploads\/2020\/07\/Bulle-d%C3%A9t%C3%A9-scaled.jpg?fit=1200%2C951&ssl=1&resize=350%2C200 1x, https:\/\/i0.wp.com\/www.jojoenherbe.com\/wp-content\/uploads\/2020\/07\/Bulle-d%C3%A9t%C3%A9-scaled.jpg?fit=1200%2C951&ssl=1&resize=525%2C300 1.5x, https:\/\/i0.wp.com\/www.jojoenherbe.com\/wp-content\/uploads\/2020\/07\/Bulle-d%C3%A9t%C3%A9-scaled.jpg?fit=1200%2C951&ssl=1&resize=700%2C400 2x, https:\/\/i0.wp.com\/www.jojoenherbe.com\/wp-content\/uploads\/2020\/07\/Bulle-d%C3%A9t%C3%A9-scaled.jpg?fit=1200%2C951&ssl=1&resize=1050%2C600 3x"},"classes":[]},{"id":25237,"url":"https:\/\/www.jojoenherbe.com\/index.php\/2022\/04\/29\/au-fil-des-pages-avec-cest-peut-etre-une-pomme\/","url_meta":{"origin":28317,"position":4},"title":"Au fil des pages avec C&rsquo;est peut-\u00eatre une pomme","author":"Jojo","date":"29 avril 2022","format":false,"excerpt":"Au cours de ce Mois au Japon 2022, Blandine et Hilde ont lu La librairie de tous les possibles de Shinsuke Yoshitake (\u00e9d. Milan, 2018), une BD jeunesse \u00e0 partir de 10 ans que j'avais d\u00e9j\u00e0 rep\u00e9r\u00e9e en 2019 chez Fondant. N'ayant pu la trouver \u00e0 ma m\u00e9diath\u00e8que, j'ai emprunt\u00e9\u2026","rel":"","context":"Dans &quot;Mini lecteur&quot;","block_context":{"text":"Mini lecteur","link":"https:\/\/www.jojoenherbe.com\/index.php\/category\/mini-lecteur\/"},"img":{"alt_text":"","src":"https:\/\/i0.wp.com\/www.jojoenherbe.com\/wp-content\/uploads\/2022\/04\/Cest-peut-etre-une-pomme-scaled.jpg?fit=1200%2C894&ssl=1&resize=350%2C200","width":350,"height":200,"srcset":"https:\/\/i0.wp.com\/www.jojoenherbe.com\/wp-content\/uploads\/2022\/04\/Cest-peut-etre-une-pomme-scaled.jpg?fit=1200%2C894&ssl=1&resize=350%2C200 1x, https:\/\/i0.wp.com\/www.jojoenherbe.com\/wp-content\/uploads\/2022\/04\/Cest-peut-etre-une-pomme-scaled.jpg?fit=1200%2C894&ssl=1&resize=525%2C300 1.5x, https:\/\/i0.wp.com\/www.jojoenherbe.com\/wp-content\/uploads\/2022\/04\/Cest-peut-etre-une-pomme-scaled.jpg?fit=1200%2C894&ssl=1&resize=700%2C400 2x, https:\/\/i0.wp.com\/www.jojoenherbe.com\/wp-content\/uploads\/2022\/04\/Cest-peut-etre-une-pomme-scaled.jpg?fit=1200%2C894&ssl=1&resize=1050%2C600 3x"},"classes":[]},{"id":27056,"url":"https:\/\/www.jojoenherbe.com\/index.php\/2022\/08\/17\/au-fil-des-pages-avec-nina-et-le-petit-ours-a-lecole\/","url_meta":{"origin":28317,"position":5},"title":"Au fil des pages avec Nina et le petit ours \u00e0 l&rsquo;\u00e9cole","author":"Jojo","date":"17 ao\u00fbt 2022","format":false,"excerpt":"La rentr\u00e9e des classes approchant, c'est l'occasion cette semaine de d\u00e9couvrir un album jeunesse que j'avais achet\u00e9 \u00e0 sa parution en juin 2022 et qui est la quatri\u00e8me histoire de Nina (apr\u00e8s P\u00e2ques, Halloween et No\u00ebl): Nina et le petit ours \u00e0 l'\u00e9cole de Nicola Killen (\u00e9d. Gl\u00e9nat, 2022), un\u2026","rel":"","context":"Dans &quot;Mini lecteur&quot;","block_context":{"text":"Mini lecteur","link":"https:\/\/www.jojoenherbe.com\/index.php\/category\/mini-lecteur\/"},"img":{"alt_text":"","src":"https:\/\/i0.wp.com\/www.jojoenherbe.com\/wp-content\/uploads\/2022\/08\/Nina-et-le-petit-ours-a-lecole-scaled.jpg?fit=1200%2C883&ssl=1&resize=350%2C200","width":350,"height":200,"srcset":"https:\/\/i0.wp.com\/www.jojoenherbe.com\/wp-content\/uploads\/2022\/08\/Nina-et-le-petit-ours-a-lecole-scaled.jpg?fit=1200%2C883&ssl=1&resize=350%2C200 1x, https:\/\/i0.wp.com\/www.jojoenherbe.com\/wp-content\/uploads\/2022\/08\/Nina-et-le-petit-ours-a-lecole-scaled.jpg?fit=1200%2C883&ssl=1&resize=525%2C300 1.5x, https:\/\/i0.wp.com\/www.jojoenherbe.com\/wp-content\/uploads\/2022\/08\/Nina-et-le-petit-ours-a-lecole-scaled.jpg?fit=1200%2C883&ssl=1&resize=700%2C400 2x, https:\/\/i0.wp.com\/www.jojoenherbe.com\/wp-content\/uploads\/2022\/08\/Nina-et-le-petit-ours-a-lecole-scaled.jpg?fit=1200%2C883&ssl=1&resize=1050%2C600 3x"},"classes":[]}],"_links":{"self":[{"href":"https:\/\/www.jojoenherbe.com\/index.php\/wp-json\/wp\/v2\/posts\/28317","targetHints":{"allow":["GET"]}}],"collection":[{"href":"https:\/\/www.jojoenherbe.com\/index.php\/wp-json\/wp\/v2\/posts"}],"about":[{"href":"https:\/\/www.jojoenherbe.com\/index.php\/wp-json\/wp\/v2\/types\/post"}],"author":[{"embeddable":true,"href":"https:\/\/www.jojoenherbe.com\/index.php\/wp-json\/wp\/v2\/users\/1"}],"replies":[{"embeddable":true,"href":"https:\/\/www.jojoenherbe.com\/index.php\/wp-json\/wp\/v2\/comments?post=28317"}],"version-history":[{"count":5,"href":"https:\/\/www.jojoenherbe.com\/index.php\/wp-json\/wp\/v2\/posts\/28317\/revisions"}],"predecessor-version":[{"id":28646,"href":"https:\/\/www.jojoenherbe.com\/index.php\/wp-json\/wp\/v2\/posts\/28317\/revisions\/28646"}],"wp:featuredmedia":[{"embeddable":true,"href":"https:\/\/www.jojoenherbe.com\/index.php\/wp-json\/wp\/v2\/media\/28146"}],"wp:attachment":[{"href":"https:\/\/www.jojoenherbe.com\/index.php\/wp-json\/wp\/v2\/media?parent=28317"}],"wp:term":[{"taxonomy":"category","embeddable":true,"href":"https:\/\/www.jojoenherbe.com\/index.php\/wp-json\/wp\/v2\/categories?post=28317"},{"taxonomy":"post_tag","embeddable":true,"href":"https:\/\/www.jojoenherbe.com\/index.php\/wp-json\/wp\/v2\/tags?post=28317"}],"curies":[{"name":"wp","href":"https:\/\/api.w.org\/{rel}","templated":true}]}}