{"id":28083,"date":"2022-10-10T19:10:00","date_gmt":"2022-10-10T17:10:00","guid":{"rendered":"https:\/\/www.jojoenherbe.com\/?p=28083"},"modified":"2025-10-29T17:17:28","modified_gmt":"2025-10-29T16:17:28","slug":"point-lecture-hebdomadaire-62","status":"publish","type":"post","link":"https:\/\/www.jojoenherbe.com\/index.php\/2022\/10\/10\/point-lecture-hebdomadaire-62\/","title":{"rendered":"Point lecture hebdomadaire #62"},"content":{"rendered":"<p style=\"text-align: justify;\"><em>En ce d\u00e9but de semaine, voici notre point lecture hebdomadaire avec un retour sur nos lectures de la semaine derni\u00e8re (mais pas nos relectures), avec encore cette semaine et celles \u00e0 venir une pr\u00e9dominante pour les lectures automnales et halloweenesques, l\u2019automne \u00e9tant arriv\u00e9 et le challenge Halloween de Hilde et Lou ayant d\u00e9but\u00e9 le 23 septembre 2022.<\/em><\/p>\n<p><span style=\"text-decoration: underline;\"><strong>Nos lectures du 3 au 9 octobre 2022<\/strong><\/span><strong>:<\/strong><\/p>\n<p><em><span style=\"text-decoration: underline;\">Des lectures jeunesse<\/span>:<\/em><\/p>\n<ul>\n<li style=\"text-align: justify;\"><em>(Album jeunesse) <strong><span style=\"text-decoration: underline;\">20 bonnes raisons d&rsquo;aller \u00e0 l&rsquo;\u00e9cole<\/span><\/strong> de Micha\u00ebl Escoffier et Romain Guyard<\/em><\/li>\n<\/ul>\n<p style=\"text-align: justify;\"><em><a href=\"https:\/\/i0.wp.com\/www.jojoenherbe.com\/wp-content\/uploads\/2022\/10\/20-bonnes-raisons-daller-a-lecole-scaled.jpg\"><img data-recalc-dims=\"1\" loading=\"lazy\" decoding=\"async\" data-attachment-id=\"28146\" data-permalink=\"https:\/\/www.jojoenherbe.com\/index.php\/2022\/10\/10\/point-lecture-hebdomadaire-62\/20-bonnes-raisons-daller-a-lecole\/\" data-orig-file=\"https:\/\/i0.wp.com\/www.jojoenherbe.com\/wp-content\/uploads\/2022\/10\/20-bonnes-raisons-daller-a-lecole-scaled.jpg?fit=2560%2C2200&amp;ssl=1\" data-orig-size=\"2560,2200\" data-comments-opened=\"1\" data-image-meta=\"{&quot;aperture&quot;:&quot;1.8&quot;,&quot;credit&quot;:&quot;&quot;,&quot;camera&quot;:&quot;iPhone 7&quot;,&quot;caption&quot;:&quot;&quot;,&quot;created_timestamp&quot;:&quot;1665154091&quot;,&quot;copyright&quot;:&quot;&quot;,&quot;focal_length&quot;:&quot;3.99&quot;,&quot;iso&quot;:&quot;40&quot;,&quot;shutter_speed&quot;:&quot;0.058823529411765&quot;,&quot;title&quot;:&quot;&quot;,&quot;orientation&quot;:&quot;1&quot;}\" data-image-title=\"20 bonnes raisons d&amp;rsquo;aller \u00e0 l&amp;rsquo;\u00e9cole\" data-image-description=\"\" data-image-caption=\"\" data-large-file=\"https:\/\/i0.wp.com\/www.jojoenherbe.com\/wp-content\/uploads\/2022\/10\/20-bonnes-raisons-daller-a-lecole-scaled.jpg?fit=676%2C581&amp;ssl=1\" class=\"alignleft size-thumbnail wp-image-28146\" src=\"https:\/\/i0.wp.com\/www.jojoenherbe.com\/wp-content\/uploads\/2022\/10\/20-bonnes-raisons-daller-a-lecole.jpg?resize=150%2C150\" alt=\"\" width=\"150\" height=\"150\" srcset=\"https:\/\/i0.wp.com\/www.jojoenherbe.com\/wp-content\/uploads\/2022\/10\/20-bonnes-raisons-daller-a-lecole-scaled.jpg?resize=150%2C150&amp;ssl=1 150w, https:\/\/i0.wp.com\/www.jojoenherbe.com\/wp-content\/uploads\/2022\/10\/20-bonnes-raisons-daller-a-lecole-scaled.jpg?zoom=2&amp;resize=150%2C150 300w, https:\/\/i0.wp.com\/www.jojoenherbe.com\/wp-content\/uploads\/2022\/10\/20-bonnes-raisons-daller-a-lecole-scaled.jpg?zoom=3&amp;resize=150%2C150 450w\" sizes=\"auto, (max-width: 150px) 100vw, 150px\" \/><\/a>Nous lisons et relisons <span style=\"text-decoration: underline;\">20 bonnes raisons d&rsquo;aller \u00e0 l&rsquo;\u00e9cole<\/span> de Micha\u00ebl Escoffier et Romain Guyard (\u00e9d. Frimousse, 2012), un album jeunesse \u00e0 partir de 3\/4 ans. Un jeune gar\u00e7on explique ce qu&rsquo;il se passerait s&rsquo;il n&rsquo;allait pas \u00e0 l&rsquo;\u00e9cole et qu&rsquo;il n&rsquo;apprenait pas \u00e0 lire et \u00e0 \u00e9crire. Coup de c\u0153ur pour mon mini lutin et un tr\u00e8s bon moment de lecture pour moi avec cet album jeunesse compl\u00e8tement loufoque dans lequel nous croisons des pirates, des super-h\u00e9ros en couches et d&rsquo;inqui\u00e9tantes limaces g\u00e9antes! Pas s\u00fbre pour autant que les enfants seront convaincus par l&rsquo;argumentaire&#8230;<\/em><\/p>\n<ul>\n<li style=\"text-align: justify;\"><em>(BD jeunesse) <strong><span style=\"text-decoration: underline;\">Polo, Le malin petit fant\u00f4me<\/span><\/strong> de R\u00e9gis Faller <strong>(T3)<\/strong><\/em><\/li>\n<\/ul>\n<p style=\"text-align: justify;\"><em><a href=\"https:\/\/i0.wp.com\/www.jojoenherbe.com\/wp-content\/uploads\/2022\/10\/Polo-BD-T3-scaled.jpg\"><img data-recalc-dims=\"1\" loading=\"lazy\" decoding=\"async\" data-attachment-id=\"28153\" data-permalink=\"https:\/\/www.jojoenherbe.com\/index.php\/2022\/10\/10\/point-lecture-hebdomadaire-62\/polo-bd-t3\/\" data-orig-file=\"https:\/\/i0.wp.com\/www.jojoenherbe.com\/wp-content\/uploads\/2022\/10\/Polo-BD-T3-scaled.jpg?fit=2560%2C1905&amp;ssl=1\" data-orig-size=\"2560,1905\" data-comments-opened=\"1\" data-image-meta=\"{&quot;aperture&quot;:&quot;1.8&quot;,&quot;credit&quot;:&quot;&quot;,&quot;camera&quot;:&quot;iPhone 7&quot;,&quot;caption&quot;:&quot;&quot;,&quot;created_timestamp&quot;:&quot;1665659566&quot;,&quot;copyright&quot;:&quot;&quot;,&quot;focal_length&quot;:&quot;3.99&quot;,&quot;iso&quot;:&quot;100&quot;,&quot;shutter_speed&quot;:&quot;0.058823529411765&quot;,&quot;title&quot;:&quot;&quot;,&quot;orientation&quot;:&quot;1&quot;}\" data-image-title=\"Polo BD T3\" data-image-description=\"\" data-image-caption=\"\" data-large-file=\"https:\/\/i0.wp.com\/www.jojoenherbe.com\/wp-content\/uploads\/2022\/10\/Polo-BD-T3-scaled.jpg?fit=676%2C503&amp;ssl=1\" class=\"size-thumbnail wp-image-28153 alignright\" src=\"https:\/\/i0.wp.com\/www.jojoenherbe.com\/wp-content\/uploads\/2022\/10\/Polo-BD-T3.jpg?resize=150%2C150\" alt=\"\" width=\"150\" height=\"150\" srcset=\"https:\/\/i0.wp.com\/www.jojoenherbe.com\/wp-content\/uploads\/2022\/10\/Polo-BD-T3-scaled.jpg?resize=150%2C150&amp;ssl=1 150w, https:\/\/i0.wp.com\/www.jojoenherbe.com\/wp-content\/uploads\/2022\/10\/Polo-BD-T3-scaled.jpg?zoom=2&amp;resize=150%2C150 300w, https:\/\/i0.wp.com\/www.jojoenherbe.com\/wp-content\/uploads\/2022\/10\/Polo-BD-T3-scaled.jpg?zoom=3&amp;resize=150%2C150 450w\" sizes=\"auto, (max-width: 150px) 100vw, 150px\" \/><\/a>Nous lisons le tome 3 de <span style=\"text-decoration: underline;\">Polo, Le malin petit fant\u00f4me<\/span> de R\u00e9gis Faller (\u00e9d. Bayard Jeunesse, 2015, 62 pages), une BD jeunesse \u00e0 partir de 3 ans. Sur le nuage Lunapark, Polo est entra\u00een\u00e9 par les Luniens dans le train fant\u00f4me. Mais le fant\u00f4me m\u00e9canique tombe en panne. Polo d\u00e9cide d&rsquo;aller chez le koala afin de le r\u00e9parer. Et si le fant\u00f4me devenait vivant? Encore une histoire toute mignonne, rigolote et halloweenesque, avec peu de texte, en compagnie de Polo, d&rsquo;un gentil fant\u00f4me et des Luniens!<\/em><\/p>\n<ul>\n<li><em>(Album jeunesse) <strong><span style=\"text-decoration: underline;\">Cette maison est hant\u00e9e<\/span><\/strong> d&rsquo;Oliver Jeffers<br \/>\n<\/em><\/li>\n<\/ul>\n<p style=\"text-align: justify;\"><em><a href=\"https:\/\/i0.wp.com\/www.jojoenherbe.com\/wp-content\/uploads\/2022\/10\/Cette-maison-est-hantee-scaled.jpg\"><img data-recalc-dims=\"1\" loading=\"lazy\" decoding=\"async\" data-attachment-id=\"28132\" data-permalink=\"https:\/\/www.jojoenherbe.com\/index.php\/2022\/10\/10\/point-lecture-hebdomadaire-62\/cette-maison-est-hantee\/\" data-orig-file=\"https:\/\/i0.wp.com\/www.jojoenherbe.com\/wp-content\/uploads\/2022\/10\/Cette-maison-est-hantee-scaled.jpg?fit=2560%2C2265&amp;ssl=1\" data-orig-size=\"2560,2265\" data-comments-opened=\"1\" data-image-meta=\"{&quot;aperture&quot;:&quot;1.8&quot;,&quot;credit&quot;:&quot;&quot;,&quot;camera&quot;:&quot;iPhone 7&quot;,&quot;caption&quot;:&quot;&quot;,&quot;created_timestamp&quot;:&quot;1665592768&quot;,&quot;copyright&quot;:&quot;&quot;,&quot;focal_length&quot;:&quot;3.99&quot;,&quot;iso&quot;:&quot;100&quot;,&quot;shutter_speed&quot;:&quot;0.2&quot;,&quot;title&quot;:&quot;&quot;,&quot;orientation&quot;:&quot;1&quot;}\" data-image-title=\"Cette maison est hant\u00e9e\" data-image-description=\"\" data-image-caption=\"\" data-large-file=\"https:\/\/i0.wp.com\/www.jojoenherbe.com\/wp-content\/uploads\/2022\/10\/Cette-maison-est-hantee-scaled.jpg?fit=676%2C598&amp;ssl=1\" class=\"alignleft size-thumbnail wp-image-28132\" src=\"https:\/\/i0.wp.com\/www.jojoenherbe.com\/wp-content\/uploads\/2022\/10\/Cette-maison-est-hantee.jpg?resize=150%2C150\" alt=\"\" width=\"150\" height=\"150\" srcset=\"https:\/\/i0.wp.com\/www.jojoenherbe.com\/wp-content\/uploads\/2022\/10\/Cette-maison-est-hantee-scaled.jpg?resize=150%2C150&amp;ssl=1 150w, https:\/\/i0.wp.com\/www.jojoenherbe.com\/wp-content\/uploads\/2022\/10\/Cette-maison-est-hantee-scaled.jpg?zoom=2&amp;resize=150%2C150 300w, https:\/\/i0.wp.com\/www.jojoenherbe.com\/wp-content\/uploads\/2022\/10\/Cette-maison-est-hantee-scaled.jpg?zoom=3&amp;resize=150%2C150 450w\" sizes=\"auto, (max-width: 150px) 100vw, 150px\" \/><\/a>Nous avons lu <span style=\"text-decoration: underline;\">Cette maison est hant\u00e9e<\/span> d&rsquo;Oliver Jeffers (\u00e9d. Kal\u00e9idoscope, diff. L&rsquo;\u00e9cole des loisirs, 2022), un album jeunesse grand format avec des calques blancs et \u00e0 partir de 3\/4 ans. Une petite fille visite une maison hant\u00e9e mais doute qu&rsquo;elle le soit vraiment. En effet, passant de pi\u00e8ce en pi\u00e8ce, elle n&rsquo;arrive pas \u00e0 voir les gentils fant\u00f4mes farceurs contrairement \u00e0 nous lecteurs. Les illustrations de la maison hant\u00e9e sont de vieilles photographies en noir et blanc qui rendent l&rsquo;endroit lugubre et gothique et qui est en totale d\u00e9calage avec les dessins enfantins des fant\u00f4mes et m\u00eame de la petite fille (la seule \u00e0 \u00eatre color\u00e9e en vert et bleu). Un tr\u00e8s bon moment de lecture avec cet album-jeu participatif pour se faire gentiment peur et sur le m\u00eame principe que <span style=\"text-decoration: underline;\">M\u00eame pas peur!<\/span> de Quentin Gr\u00e9ban que nous lisons et relisons aussi depuis d\u00e9but octobre!<br \/>\n<\/em><\/p>\n<ul>\n<li style=\"text-align: justify;\"><em>(Album jeunesse) <strong><span style=\"text-decoration: underline;\">Les Musiciens de la Nouvelle-Br\u00eame<\/span><\/strong> de Pierre Delye et C\u00e9cile Hudrisier<\/em><\/li>\n<\/ul>\n<p style=\"text-align: justify;\"><a href=\"https:\/\/i0.wp.com\/www.jojoenherbe.com\/wp-content\/uploads\/2022\/10\/Les-Musiciens-de-la-Nouvelle-Breme-scaled.jpg\"><img data-recalc-dims=\"1\" loading=\"lazy\" decoding=\"async\" data-attachment-id=\"28151\" data-permalink=\"https:\/\/www.jojoenherbe.com\/index.php\/2022\/10\/10\/point-lecture-hebdomadaire-62\/les-musiciens-de-la-nouvelle-breme\/\" data-orig-file=\"https:\/\/i0.wp.com\/www.jojoenherbe.com\/wp-content\/uploads\/2022\/10\/Les-Musiciens-de-la-Nouvelle-Breme-scaled.jpg?fit=2560%2C1920&amp;ssl=1\" data-orig-size=\"2560,1920\" data-comments-opened=\"1\" data-image-meta=\"{&quot;aperture&quot;:&quot;1.8&quot;,&quot;credit&quot;:&quot;&quot;,&quot;camera&quot;:&quot;iPhone 7&quot;,&quot;caption&quot;:&quot;&quot;,&quot;created_timestamp&quot;:&quot;1665659510&quot;,&quot;copyright&quot;:&quot;&quot;,&quot;focal_length&quot;:&quot;3.99&quot;,&quot;iso&quot;:&quot;80&quot;,&quot;shutter_speed&quot;:&quot;0.058823529411765&quot;,&quot;title&quot;:&quot;&quot;,&quot;orientation&quot;:&quot;1&quot;}\" data-image-title=\"Les Musiciens de la Nouvelle-Br\u00eame\" data-image-description=\"\" data-image-caption=\"\" data-large-file=\"https:\/\/i0.wp.com\/www.jojoenherbe.com\/wp-content\/uploads\/2022\/10\/Les-Musiciens-de-la-Nouvelle-Breme-scaled.jpg?fit=676%2C507&amp;ssl=1\" class=\"size-thumbnail wp-image-28151 alignright\" src=\"https:\/\/i0.wp.com\/www.jojoenherbe.com\/wp-content\/uploads\/2022\/10\/Les-Musiciens-de-la-Nouvelle-Breme.jpg?resize=150%2C150\" alt=\"\" width=\"150\" height=\"150\" srcset=\"https:\/\/i0.wp.com\/www.jojoenherbe.com\/wp-content\/uploads\/2022\/10\/Les-Musiciens-de-la-Nouvelle-Breme-scaled.jpg?resize=150%2C150&amp;ssl=1 150w, https:\/\/i0.wp.com\/www.jojoenherbe.com\/wp-content\/uploads\/2022\/10\/Les-Musiciens-de-la-Nouvelle-Breme-scaled.jpg?zoom=2&amp;resize=150%2C150 300w, https:\/\/i0.wp.com\/www.jojoenherbe.com\/wp-content\/uploads\/2022\/10\/Les-Musiciens-de-la-Nouvelle-Breme-scaled.jpg?zoom=3&amp;resize=150%2C150 450w\" sizes=\"auto, (max-width: 150px) 100vw, 150px\" \/><\/a><em>Nous avons lu <a href=\"https:\/\/www.jojoenherbe.com\/index.php\/2022\/10\/12\/au-fil-des-pages-avec-les-musiciens-de-la-nouvelle-breme\/\"><span style=\"text-decoration: underline;\">Les Musiciens de la Nouvelle-Br\u00eame<\/span><\/a> de Pierre Delye et C\u00e9cile Hudrisier (\u00e9d. Didier Jeunesse, 2010), un album jeunesse \u00e0 partir de 5 ans et qui revisite le conte traditionnel des fr\u00e8res Grimm paru pour la premi\u00e8re fois en 1819 en le situant au Canada. Franky le caribou, Max le castor, Dexter le raton laveur et Charlie le grizzli sont tous les quatre passionn\u00e9s de musique. Ils d\u00e9cident de se rendre \u00e0 la Nouvelle-Br\u00eame mais en chemin, ils voient des braconniers. Un tr\u00e8s bon moment de lecture rigolo avec ce conte qui se termine sur une jolie morale et qui fait la part belle \u00e0 la musique, \u00e0 l&rsquo;amiti\u00e9 et \u00e0 l&rsquo;entraide!<br \/>\n<\/em><\/p>\n<ul>\n<li style=\"text-align: justify;\"><em>(BD jeunesse) <strong><span style=\"text-decoration: underline;\">Princesse Sara, Toutes les aurores du\u00a0 monde<\/span><\/strong> d&rsquo;Audrey Alwett, Nora Moretti et Claudia Palescandolo <strong>(T14)<\/strong><\/em><\/li>\n<\/ul>\n<p style=\"text-align: justify;\"><a href=\"https:\/\/i0.wp.com\/www.jojoenherbe.com\/wp-content\/uploads\/2022\/10\/Princesse-Sara-T14-scaled.jpg\"><img data-recalc-dims=\"1\" loading=\"lazy\" decoding=\"async\" data-attachment-id=\"28154\" data-permalink=\"https:\/\/www.jojoenherbe.com\/index.php\/2022\/10\/10\/point-lecture-hebdomadaire-62\/princesse-sara-t14\/\" data-orig-file=\"https:\/\/i0.wp.com\/www.jojoenherbe.com\/wp-content\/uploads\/2022\/10\/Princesse-Sara-T14-scaled.jpg?fit=2560%2C2021&amp;ssl=1\" data-orig-size=\"2560,2021\" data-comments-opened=\"1\" data-image-meta=\"{&quot;aperture&quot;:&quot;1.8&quot;,&quot;credit&quot;:&quot;&quot;,&quot;camera&quot;:&quot;iPhone 7&quot;,&quot;caption&quot;:&quot;&quot;,&quot;created_timestamp&quot;:&quot;1665659521&quot;,&quot;copyright&quot;:&quot;&quot;,&quot;focal_length&quot;:&quot;3.99&quot;,&quot;iso&quot;:&quot;80&quot;,&quot;shutter_speed&quot;:&quot;0.058823529411765&quot;,&quot;title&quot;:&quot;&quot;,&quot;orientation&quot;:&quot;1&quot;}\" data-image-title=\"Princesse Sara T14\" data-image-description=\"\" data-image-caption=\"\" data-large-file=\"https:\/\/i0.wp.com\/www.jojoenherbe.com\/wp-content\/uploads\/2022\/10\/Princesse-Sara-T14-scaled.jpg?fit=676%2C533&amp;ssl=1\" class=\"alignleft size-thumbnail wp-image-28154\" src=\"https:\/\/i0.wp.com\/www.jojoenherbe.com\/wp-content\/uploads\/2022\/10\/Princesse-Sara-T14.jpg?resize=150%2C150\" alt=\"\" width=\"150\" height=\"150\" srcset=\"https:\/\/i0.wp.com\/www.jojoenherbe.com\/wp-content\/uploads\/2022\/10\/Princesse-Sara-T14-scaled.jpg?resize=150%2C150&amp;ssl=1 150w, https:\/\/i0.wp.com\/www.jojoenherbe.com\/wp-content\/uploads\/2022\/10\/Princesse-Sara-T14-scaled.jpg?zoom=2&amp;resize=150%2C150 300w, https:\/\/i0.wp.com\/www.jojoenherbe.com\/wp-content\/uploads\/2022\/10\/Princesse-Sara-T14-scaled.jpg?zoom=3&amp;resize=150%2C150 450w\" sizes=\"auto, (max-width: 150px) 100vw, 150px\" \/><\/a><em>J&rsquo;ai lu le tome 14 de <span style=\"text-decoration: underline;\">Princesse Sara, Toutes les aurores du\u00a0 monde<\/span> d&rsquo;Audrey Alwett, Nora Moretti et Claudia Palescandolo (\u00e9d. Soleil, 2022, 48 pages), une BD jeunesse \u00e0 partir de 12 ans et qui commence un nouveau cycle. A bord de l&rsquo;universit\u00e9 volante, Sara Crewe est arriv\u00e9e au Japon avec Lavinia et Donald. Mais ils ne peuvent descendre sur le sol japonais \u00e0 moins que Sara accepte le march\u00e9 propos\u00e9 par l&rsquo;ambassadeur du Japon et peut-\u00eatre ainsi maintenir la paix entre l&rsquo;Angleterre et le Japon. Ce nouveau cycle est bien \u00e9loign\u00e9 de l&rsquo;histoire originelle mais continue \u00e0 d\u00e9velopper son univers steampunk graphiquement tr\u00e8s joli et depuis le d\u00e9part de James offre les pr\u00e9misses d&rsquo;une nouvelle romance, Lavinia s&rsquo;\u00e9tant \u00e9prise de Sara. Un moment de lecture agr\u00e9able surtout pour les illustrations, ayant \u00e9t\u00e9 moins emball\u00e9e par l&rsquo;intrigue!<br \/>\n<\/em><\/p>\n<ul>\n<li style=\"text-align: justify;\"><em>(BD jeunesse) <strong><span style=\"text-decoration: underline;\">Fils de Sorci\u00e8res<\/span><\/strong> de Maxe L\u2019Hermenier et Steven Dondt \u2013 Stedho <strong>(T1)<\/strong><\/em><\/li>\n<\/ul>\n<p style=\"text-align: justify;\"><a href=\"https:\/\/i0.wp.com\/www.jojoenherbe.com\/wp-content\/uploads\/2022\/10\/Fils-de-Sorcieres-T1-scaled.jpg\"><img data-recalc-dims=\"1\" loading=\"lazy\" decoding=\"async\" data-attachment-id=\"27982\" data-permalink=\"https:\/\/www.jojoenherbe.com\/index.php\/2022\/10\/05\/au-fil-des-pages-avec-le-tome-1-de-fils-de-sorcieres\/fils-de-sorcieres-t1\/\" data-orig-file=\"https:\/\/i0.wp.com\/www.jojoenherbe.com\/wp-content\/uploads\/2022\/10\/Fils-de-Sorcieres-T1-scaled.jpg?fit=2560%2C2085&amp;ssl=1\" data-orig-size=\"2560,2085\" data-comments-opened=\"1\" data-image-meta=\"{&quot;aperture&quot;:&quot;1.8&quot;,&quot;credit&quot;:&quot;&quot;,&quot;camera&quot;:&quot;iPhone 7&quot;,&quot;caption&quot;:&quot;&quot;,&quot;created_timestamp&quot;:&quot;1664968984&quot;,&quot;copyright&quot;:&quot;&quot;,&quot;focal_length&quot;:&quot;3.99&quot;,&quot;iso&quot;:&quot;100&quot;,&quot;shutter_speed&quot;:&quot;0.076923076923077&quot;,&quot;title&quot;:&quot;&quot;,&quot;orientation&quot;:&quot;1&quot;}\" data-image-title=\"Fils de Sorci\u00e8res T1\" data-image-description=\"\" data-image-caption=\"\" data-large-file=\"https:\/\/i0.wp.com\/www.jojoenherbe.com\/wp-content\/uploads\/2022\/10\/Fils-de-Sorcieres-T1-scaled.jpg?fit=676%2C551&amp;ssl=1\" class=\"size-thumbnail wp-image-27982 alignright\" src=\"https:\/\/i0.wp.com\/www.jojoenherbe.com\/wp-content\/uploads\/2022\/10\/Fils-de-Sorcieres-T1.jpg?resize=150%2C150\" alt=\"\" width=\"150\" height=\"150\" srcset=\"https:\/\/i0.wp.com\/www.jojoenherbe.com\/wp-content\/uploads\/2022\/10\/Fils-de-Sorcieres-T1-scaled.jpg?resize=150%2C150&amp;ssl=1 150w, https:\/\/i0.wp.com\/www.jojoenherbe.com\/wp-content\/uploads\/2022\/10\/Fils-de-Sorcieres-T1-scaled.jpg?zoom=2&amp;resize=150%2C150 300w, https:\/\/i0.wp.com\/www.jojoenherbe.com\/wp-content\/uploads\/2022\/10\/Fils-de-Sorcieres-T1-scaled.jpg?zoom=3&amp;resize=150%2C150 450w\" sizes=\"auto, (max-width: 150px) 100vw, 150px\" \/><\/a><em>Pour une lecture commune avec <a href=\"https:\/\/lelivroblog.fr\/2022\/10\/05\/fils-de-sorcieres-1\/\">Hilde<\/a>, j&rsquo;ai lu le tome 1 de <span style=\"text-decoration: underline;\">Fils de Sorci\u00e8res<\/span> de Maxe L\u2019Hermenier et Steven Dondt \u2013 Stedho (\u00e9d. Jungle, 2019, 72 pages), une BD jeunesse \u00e0 partir de 9 ans qui adapte le roman \u00e9ponyme de Pierre Bottero paru pour la premi\u00e8re fois en 2003 et qui se finit avec un dossier p\u00e9dagogique pour aller un peu plus loin. \u00c2g\u00e9 de 10 ans, Jean Sylvestre vit avec sa m\u00e8re et sa petite s\u0153ur Lisa \u00e0 Paris.Mais sa famille est sp\u00e9ciale, les femmes \u00e9tant sorci\u00e8res, de m\u00e8re en fille. M\u00eame sa petite s\u0153ur ma\u00eetrise d\u00e9j\u00e0 ses pouvoirs. Lorsqu\u2019un horrible buveur de magie s\u2019en prend \u00e0 sa famille en changeant ses tantes et m\u00eame sa m\u00e8re en poup\u00e9es de chiffon, sauf Lisa qui arrive \u00e0 lui \u00e9chapper, Jean d\u00e9cide de demander de l\u2019aide \u00e0 son p\u00e8re qu\u2019il n\u2019a pas revu depuis 5 ans. Ensemble, parviendront-ils \u00e0 an\u00e9antir le buveur de magie? Il y est ainsi question de magie\/sorcellerie mais aussi et surtout de famille au sens large. Un moment de lecture agr\u00e9able racont\u00e9e du point de vue de Jean et au sc\u00e9nario classique, m\u00eame si les illustrations ne m\u2019ont pas particuli\u00e8rement plu, qui fait la part belle aux beaux sentiments et o\u00f9 la famille prime sur la magie!<\/em><\/p>\n<ul>\n<li style=\"text-align: justify;\"><em>(Comics) <strong><span style=\"text-decoration: underline;\">Scary Godmother, Une terrifiante marraine<\/span><\/strong> de Jill Thompson<\/em><\/li>\n<\/ul>\n<p style=\"text-align: justify;\"><a href=\"https:\/\/i0.wp.com\/www.jojoenherbe.com\/wp-content\/uploads\/2022\/10\/Scary-Godmother-scaled.jpg\"><img data-recalc-dims=\"1\" loading=\"lazy\" decoding=\"async\" data-attachment-id=\"28155\" data-permalink=\"https:\/\/www.jojoenherbe.com\/index.php\/2022\/10\/10\/point-lecture-hebdomadaire-62\/scary-godmother\/\" data-orig-file=\"https:\/\/i0.wp.com\/www.jojoenherbe.com\/wp-content\/uploads\/2022\/10\/Scary-Godmother-scaled.jpg?fit=2560%2C1920&amp;ssl=1\" data-orig-size=\"2560,1920\" data-comments-opened=\"1\" data-image-meta=\"{&quot;aperture&quot;:&quot;1.8&quot;,&quot;credit&quot;:&quot;&quot;,&quot;camera&quot;:&quot;iPhone 7&quot;,&quot;caption&quot;:&quot;&quot;,&quot;created_timestamp&quot;:&quot;1665659536&quot;,&quot;copyright&quot;:&quot;&quot;,&quot;focal_length&quot;:&quot;3.99&quot;,&quot;iso&quot;:&quot;64&quot;,&quot;shutter_speed&quot;:&quot;0.058823529411765&quot;,&quot;title&quot;:&quot;&quot;,&quot;orientation&quot;:&quot;1&quot;}\" data-image-title=\"Scary Godmother\" data-image-description=\"\" data-image-caption=\"\" data-large-file=\"https:\/\/i0.wp.com\/www.jojoenherbe.com\/wp-content\/uploads\/2022\/10\/Scary-Godmother-scaled.jpg?fit=676%2C507&amp;ssl=1\" class=\"alignleft size-thumbnail wp-image-28155\" src=\"https:\/\/i0.wp.com\/www.jojoenherbe.com\/wp-content\/uploads\/2022\/10\/Scary-Godmother.jpg?resize=150%2C150\" alt=\"\" width=\"150\" height=\"150\" srcset=\"https:\/\/i0.wp.com\/www.jojoenherbe.com\/wp-content\/uploads\/2022\/10\/Scary-Godmother-scaled.jpg?resize=150%2C150&amp;ssl=1 150w, https:\/\/i0.wp.com\/www.jojoenherbe.com\/wp-content\/uploads\/2022\/10\/Scary-Godmother-scaled.jpg?zoom=2&amp;resize=150%2C150 300w, https:\/\/i0.wp.com\/www.jojoenherbe.com\/wp-content\/uploads\/2022\/10\/Scary-Godmother-scaled.jpg?zoom=3&amp;resize=150%2C150 450w\" sizes=\"auto, (max-width: 150px) 100vw, 150px\" \/><\/a><em>J&rsquo;ai lu <span style=\"text-decoration: underline;\">Scary Godmother, Une terrifiante marraine<\/span> de Jill Thompson (\u00e9d. Delcourt, 2013, 208 pages), un comics regroupant 5 histoires parues pour la premi\u00e8re fois aux \u00c9tats-Unis en 1997 et mettant en sc\u00e8ne Scary Godmother, une gentille sorci\u00e8re au look gentiment creepy, color\u00e9 et loufoque accompagn\u00e9e de son chat et de nombreux gentils monstres espi\u00e8gles. Dans la premi\u00e8re histoire, une petite fille Hanna Marie f\u00eate pour la premi\u00e8re fois Halloween avec les grands, sous la responsabilit\u00e9 de son cousin Jimmy. Mais ce dernier n&rsquo;est pas content de devoir s&rsquo;occuper de sa jeune cousine et d\u00e9cide avec ses amis de lui jouer un mauvais tour.\u00a0 Gr\u00e2ce \u00e0 l&rsquo;aide de sa marraine, Hanna Marie parviendra-t-elle \u00e0 surmonter sa peur? Puis dans les histoires suivantes, nous retrouvons les m\u00eames protagonistes, Scary Godmother faisant d\u00e9sormais partie du quotidien d&rsquo;Hanna Marie comme les gentils monstres qui sont devenus ses amis. Un bon moment de lecture avec cette gentille marraine pas si terrifiante que \u00e7a!<br \/>\n<\/em><\/p>\n<ul>\n<li><em>(Roman ado) <span style=\"text-decoration: underline;\"><strong>Carabosse, La l\u00e9gende des cinq Royaumes<\/strong><\/span> de Michel Honaker<\/em><\/li>\n<\/ul>\n<p style=\"text-align: justify;\"><a href=\"https:\/\/i0.wp.com\/www.jojoenherbe.com\/wp-content\/uploads\/2022\/10\/Carabosse-La-legende-des-cinq-royaumes-scaled.jpg\"><img data-recalc-dims=\"1\" loading=\"lazy\" decoding=\"async\" data-attachment-id=\"27935\" data-permalink=\"https:\/\/www.jojoenherbe.com\/index.php\/2022\/10\/03\/point-lecture-hebdomadaire-61\/carabosse-la-legende-des-cinq-royaumes\/\" data-orig-file=\"https:\/\/i0.wp.com\/www.jojoenherbe.com\/wp-content\/uploads\/2022\/10\/Carabosse-La-legende-des-cinq-royaumes-scaled.jpg?fit=2560%2C2105&amp;ssl=1\" data-orig-size=\"2560,2105\" data-comments-opened=\"1\" data-image-meta=\"{&quot;aperture&quot;:&quot;1.8&quot;,&quot;credit&quot;:&quot;&quot;,&quot;camera&quot;:&quot;iPhone 7&quot;,&quot;caption&quot;:&quot;&quot;,&quot;created_timestamp&quot;:&quot;1664897656&quot;,&quot;copyright&quot;:&quot;&quot;,&quot;focal_length&quot;:&quot;3.99&quot;,&quot;iso&quot;:&quot;50&quot;,&quot;shutter_speed&quot;:&quot;0.058823529411765&quot;,&quot;title&quot;:&quot;&quot;,&quot;orientation&quot;:&quot;1&quot;}\" data-image-title=\"Carabosse, La l\u00e9gende des cinq royaumes\" data-image-description=\"\" data-image-caption=\"\" data-large-file=\"https:\/\/i0.wp.com\/www.jojoenherbe.com\/wp-content\/uploads\/2022\/10\/Carabosse-La-legende-des-cinq-royaumes-scaled.jpg?fit=676%2C556&amp;ssl=1\" class=\"size-thumbnail wp-image-27935 alignright\" src=\"https:\/\/i0.wp.com\/www.jojoenherbe.com\/wp-content\/uploads\/2022\/10\/Carabosse-La-legende-des-cinq-royaumes.jpg?resize=150%2C150\" alt=\"\" width=\"150\" height=\"150\" srcset=\"https:\/\/i0.wp.com\/www.jojoenherbe.com\/wp-content\/uploads\/2022\/10\/Carabosse-La-legende-des-cinq-royaumes-scaled.jpg?resize=150%2C150&amp;ssl=1 150w, https:\/\/i0.wp.com\/www.jojoenherbe.com\/wp-content\/uploads\/2022\/10\/Carabosse-La-legende-des-cinq-royaumes-scaled.jpg?zoom=2&amp;resize=150%2C150 300w, https:\/\/i0.wp.com\/www.jojoenherbe.com\/wp-content\/uploads\/2022\/10\/Carabosse-La-legende-des-cinq-royaumes-scaled.jpg?zoom=3&amp;resize=150%2C150 450w\" sizes=\"auto, (max-width: 150px) 100vw, 150px\" \/><\/a><em>J&rsquo;ai fini de lire <span style=\"text-decoration: underline;\">Carabosse, La l\u00e9gende des cinq Royaumes<\/span> de Michel Honaker (\u00e9d. Flammarion, 2014, 372 pages), un roman pour adolescents \u00e0 la jolie illustration de couverture de Fran\u00e7ois Roca et qui revisite le conte de <span style=\"text-decoration: underline;\">La Belle au Bois-Dormant<\/span> de Charles Perrault. Le roman se passe en deux temps, le premier livre consacr\u00e9 \u00e0 la naissance d&rsquo;une septi\u00e8me f\u00e9e, Carabosse et le second livre reprenant 18 ans plus tard apr\u00e8s la naissance d&rsquo;Aurore, la Belle au bois dormant plong\u00e9e dans le sommeil gr\u00e2ce \u00e0 la f\u00e9e Lilas qui tente sans rel\u00e2che de trouver le prince charmant capable de rompre le sortil\u00e8ge et de mettre fin \u00e0 la r\u00e9gence de Carabosse. Il y est question de magie, de jalousie, de vengeance, d&rsquo;amour et de destin\u00e9e. Le personnage de Carabosse m&rsquo;a fait penser \u00e0 celui de la f\u00e9e Morgane dans les l\u00e9gendes arthuriennes, que ce soit son amour \u00e0 sens unique pour le roi ou le fait que son fils Cl\u00e8ves tue en son nom tous les autres f\u00e9es. Une bien jolie version revisit\u00e9e du conte traditionnel centr\u00e9e sur Carabosse et dans laquelle on croise des hommes-loups ensorcel\u00e9s et contr\u00f4l\u00e9s par la m\u00e9chante f\u00e9e ainsi qu&rsquo;un prince charmant \u00e0 la noblesse de c\u0153ur!<br \/>\n<\/em><\/p>\n<p><strong><span style=\"text-decoration: underline;\">Ma lecture en cours<\/span>:<\/strong><\/p>\n<p style=\"text-align: justify;\"><em>(Roman policier) <strong><span style=\"text-decoration: underline;\">L&rsquo;orpheline de Salisbury<\/span><\/strong> d&rsquo;Ann Granger<\/em><\/p>\n<p style=\"text-align: justify;\"><em><a href=\"https:\/\/i0.wp.com\/www.jojoenherbe.com\/wp-content\/uploads\/2022\/10\/Lorpheline-de-Salisbury-scaled.jpg\"><img data-recalc-dims=\"1\" loading=\"lazy\" decoding=\"async\" data-attachment-id=\"28152\" data-permalink=\"https:\/\/www.jojoenherbe.com\/index.php\/2022\/10\/10\/point-lecture-hebdomadaire-62\/lorpheline-de-salisbury\/\" data-orig-file=\"https:\/\/i0.wp.com\/www.jojoenherbe.com\/wp-content\/uploads\/2022\/10\/Lorpheline-de-Salisbury-scaled.jpg?fit=2560%2C1885&amp;ssl=1\" data-orig-size=\"2560,1885\" data-comments-opened=\"1\" data-image-meta=\"{&quot;aperture&quot;:&quot;1.8&quot;,&quot;credit&quot;:&quot;&quot;,&quot;camera&quot;:&quot;iPhone 7&quot;,&quot;caption&quot;:&quot;&quot;,&quot;created_timestamp&quot;:&quot;1665659464&quot;,&quot;copyright&quot;:&quot;&quot;,&quot;focal_length&quot;:&quot;3.99&quot;,&quot;iso&quot;:&quot;100&quot;,&quot;shutter_speed&quot;:&quot;0.058823529411765&quot;,&quot;title&quot;:&quot;&quot;,&quot;orientation&quot;:&quot;1&quot;}\" data-image-title=\"L&amp;rsquo;orpheline de Salisbury\" data-image-description=\"\" data-image-caption=\"\" data-large-file=\"https:\/\/i0.wp.com\/www.jojoenherbe.com\/wp-content\/uploads\/2022\/10\/Lorpheline-de-Salisbury-scaled.jpg?fit=676%2C498&amp;ssl=1\" class=\"alignleft size-thumbnail wp-image-28152\" src=\"https:\/\/i0.wp.com\/www.jojoenherbe.com\/wp-content\/uploads\/2022\/10\/Lorpheline-de-Salisbury.jpg?resize=150%2C150\" alt=\"\" width=\"150\" height=\"150\" srcset=\"https:\/\/i0.wp.com\/www.jojoenherbe.com\/wp-content\/uploads\/2022\/10\/Lorpheline-de-Salisbury-scaled.jpg?resize=150%2C150&amp;ssl=1 150w, https:\/\/i0.wp.com\/www.jojoenherbe.com\/wp-content\/uploads\/2022\/10\/Lorpheline-de-Salisbury-scaled.jpg?zoom=2&amp;resize=150%2C150 300w, https:\/\/i0.wp.com\/www.jojoenherbe.com\/wp-content\/uploads\/2022\/10\/Lorpheline-de-Salisbury-scaled.jpg?zoom=3&amp;resize=150%2C150 450w\" sizes=\"auto, (max-width: 150px) 100vw, 150px\" \/><\/a>J&rsquo;ai commenc\u00e9 \u00e0 lire les deux premiers chapitres de <span style=\"text-decoration: underline;\">L&rsquo;orpheline de Salisbury<\/span> d&rsquo;Ann Granger (\u00e9d. 10\/18, coll. Grands D\u00e9tectives, 2020, 360 pages), un roman policier qui correspond au tome 7 de la s\u00e9rie livresque \u00ab\u00a0Lizzie et Ben Ross\u00a0\u00bb. Alors que le brouillard s&rsquo;est abattu sur Londres en ce mois de mars 1870, Benjamin Ross est charg\u00e9 d&rsquo;enqu\u00eater sur le d\u00e9c\u00e8s d&rsquo;une jeune femme d\u00e9couverte dans une poubelle derri\u00e8re un restaurant de Piccadilly.<br \/>\n<\/em><\/p>\n","protected":false},"excerpt":{"rendered":"<p>En ce d\u00e9but de semaine, voici notre point lecture hebdomadaire avec un retour sur nos lectures de la semaine derni\u00e8re (mais pas nos relectures), avec encore cette semaine et celles \u00e0 venir une pr\u00e9dominante pour les lectures automnales et halloweenesques, l\u2019automne \u00e9tant arriv\u00e9 et le challenge Halloween de Hilde et Lou ayant d\u00e9but\u00e9 le 23 [&hellip;]<\/p>\n","protected":false},"author":1,"featured_media":28115,"comment_status":"open","ping_status":"open","sticky":false,"template":"","format":"standard","meta":{"jetpack_post_was_ever_published":false,"_jetpack_newsletter_access":"","_jetpack_dont_email_post_to_subs":false,"_jetpack_newsletter_tier_id":0,"_jetpack_memberships_contains_paywalled_content":false,"_jetpack_memberships_contains_paid_content":false,"footnotes":""},"categories":[2140,363],"tags":[409,1969,1342,596,1226,1385,3451,3448,1530,1085,367,1797,1323,3436,1844,3434,1343,2984,1384,2767,2424,3452,1329,2825,905,789,3437],"class_list":["post-28083","post","type-post","status-publish","format-standard","has-post-thumbnail","hentry","category-mini-blogueur","category-mini-lecteur","tag-albums-jeunesse","tag-ann-granger","tag-audrey-alwett","tag-bandes-dessinees","tag-bd-jeunesse","tag-cecile-hudrisier","tag-claudia-palescandolo","tag-comics","tag-contes-revisites","tag-lecture-adulte","tag-lecture-jeunesse","tag-lectures-dhalloween","tag-livre-participatif","tag-maxe-lhermenier","tag-michael-escoffier","tag-michel-honaker","tag-nora-moretti","tag-oliver-jeffers","tag-pierre-delye","tag-point-lecture-hebdo","tag-regis-faller","tag-romain-guyard","tag-roman-policier","tag-romans-ado","tag-romans-adulte","tag-romans-jeunesse","tag-stedho","post-preview"],"jetpack_featured_media_url":"https:\/\/i0.wp.com\/www.jojoenherbe.com\/wp-content\/uploads\/2022\/10\/Point-lecture-hebdo-62-scaled.jpg?fit=2560%2C1631&ssl=1","jetpack_sharing_enabled":true,"jetpack_shortlink":"https:\/\/wp.me\/p9zhGx-7iX","jetpack_likes_enabled":true,"jetpack-related-posts":[{"id":37057,"url":"https:\/\/www.jojoenherbe.com\/index.php\/2024\/09\/30\/point-lecture-hebdomadaire-2024-39\/","url_meta":{"origin":28083,"position":0},"title":"Point lecture hebdomadaire 2024 #39","author":"Jojo","date":"30 septembre 2024","format":false,"excerpt":"En ce d\u00e9but de semaine, voici mon point lecture hebdomadaire avec un retour sur nos lectures (mais pas nos relectures) de la semaine derni\u00e8re. Nos lectures du 23 au 29 septembre 2024: Des lectures jeunesse: Nous avons continu\u00e9 chaque soir et presque fini de lire Le jardin secret de Frances\u2026","rel":"","context":"Dans &quot;Mini blogueur&quot;","block_context":{"text":"Mini blogueur","link":"https:\/\/www.jojoenherbe.com\/index.php\/category\/mini-blogueur\/"},"img":{"alt_text":"","src":"https:\/\/i0.wp.com\/www.jojoenherbe.com\/wp-content\/uploads\/2020\/04\/Le-jardin-secret-150x150.jpg?resize=350%2C200","width":350,"height":200},"classes":[]},{"id":27740,"url":"https:\/\/www.jojoenherbe.com\/index.php\/2022\/09\/26\/point-lecture-hebdomadaire-60\/","url_meta":{"origin":28083,"position":1},"title":"Point lecture hebdomadaire #60","author":"Jojo","date":"26 septembre 2022","format":false,"excerpt":"En ce d\u00e9but de semaine, voici notre point lecture hebdomadaire avec un retour sur nos lectures de la semaine derni\u00e8re (mais pas nos relectures) et notre lecture en cours, avec une pr\u00e9dominante pour les lectures automnales et halloweenesques, l'automne \u00e9tant arriv\u00e9 et le challenge Halloween de Hilde et Lou ayant\u2026","rel":"","context":"Dans &quot;Mini blogueur&quot;","block_context":{"text":"Mini blogueur","link":"https:\/\/www.jojoenherbe.com\/index.php\/category\/mini-blogueur\/"},"img":{"alt_text":"","src":"https:\/\/i0.wp.com\/www.jojoenherbe.com\/wp-content\/uploads\/2022\/09\/Point-lecture-hebdo-60-scaled.jpg?fit=1200%2C771&ssl=1&resize=350%2C200","width":350,"height":200,"srcset":"https:\/\/i0.wp.com\/www.jojoenherbe.com\/wp-content\/uploads\/2022\/09\/Point-lecture-hebdo-60-scaled.jpg?fit=1200%2C771&ssl=1&resize=350%2C200 1x, https:\/\/i0.wp.com\/www.jojoenherbe.com\/wp-content\/uploads\/2022\/09\/Point-lecture-hebdo-60-scaled.jpg?fit=1200%2C771&ssl=1&resize=525%2C300 1.5x, https:\/\/i0.wp.com\/www.jojoenherbe.com\/wp-content\/uploads\/2022\/09\/Point-lecture-hebdo-60-scaled.jpg?fit=1200%2C771&ssl=1&resize=700%2C400 2x, https:\/\/i0.wp.com\/www.jojoenherbe.com\/wp-content\/uploads\/2022\/09\/Point-lecture-hebdo-60-scaled.jpg?fit=1200%2C771&ssl=1&resize=1050%2C600 3x"},"classes":[]},{"id":31501,"url":"https:\/\/www.jojoenherbe.com\/index.php\/2023\/08\/21\/point-lecture-hebdomadaire-2023-33\/","url_meta":{"origin":28083,"position":2},"title":"Point lecture hebdomadaire 2023 #33","author":"Jojo","date":"21 ao\u00fbt 2023","format":false,"excerpt":"En ce d\u00e9but de semaine, voici notre point lecture hebdomadaire avec un retour sur nos lectures de la semaine derni\u00e8re (mais pas nos relectures). Nos lectures du 14 au 20 ao\u00fbt 2023: Des lectures jeunesse: (Roman jeunesse) Vol d\u2019\u00e9t\u00e9 de Marie-Anne Abesdris Nous avons lu Vol d\u2019\u00e9t\u00e9 de Marie-Anne Abesdris\u2026","rel":"","context":"Dans &quot;Mini blogueur&quot;","block_context":{"text":"Mini blogueur","link":"https:\/\/www.jojoenherbe.com\/index.php\/category\/mini-blogueur\/"},"img":{"alt_text":"","src":"https:\/\/i0.wp.com\/www.jojoenherbe.com\/wp-content\/uploads\/2023\/08\/Vol-dete-150x150.jpg?resize=350%2C200","width":350,"height":200},"classes":[]},{"id":25915,"url":"https:\/\/www.jojoenherbe.com\/index.php\/2022\/06\/20\/point-lecture-hebdomadaire-46\/","url_meta":{"origin":28083,"position":3},"title":"Point lecture hebdomadaire #46","author":"Jojo","date":"20 juin 2022","format":false,"excerpt":"En ce d\u00e9but de semaine, voici notre point lecture hebdomadaire avec un retour sur nos lectures de la semaine derni\u00e8re (mais pas nos relectures) et ma lecture en cours. j'ai surtout pioch\u00e9 dans ma PAL anglo-saxonne puisqu'en juin, c'est le Mois Anglais 2022 coorganis\u00e9e par Lou et Titine. Nos lectures\u2026","rel":"","context":"Dans &quot;Mini blogueur&quot;","block_context":{"text":"Mini blogueur","link":"https:\/\/www.jojoenherbe.com\/index.php\/category\/mini-blogueur\/"},"img":{"alt_text":"","src":"https:\/\/i0.wp.com\/www.jojoenherbe.com\/wp-content\/uploads\/2022\/07\/Point-lecture-hebdo-46-scaled.jpg?fit=1200%2C795&ssl=1&resize=350%2C200","width":350,"height":200,"srcset":"https:\/\/i0.wp.com\/www.jojoenherbe.com\/wp-content\/uploads\/2022\/07\/Point-lecture-hebdo-46-scaled.jpg?fit=1200%2C795&ssl=1&resize=350%2C200 1x, https:\/\/i0.wp.com\/www.jojoenherbe.com\/wp-content\/uploads\/2022\/07\/Point-lecture-hebdo-46-scaled.jpg?fit=1200%2C795&ssl=1&resize=525%2C300 1.5x, https:\/\/i0.wp.com\/www.jojoenherbe.com\/wp-content\/uploads\/2022\/07\/Point-lecture-hebdo-46-scaled.jpg?fit=1200%2C795&ssl=1&resize=700%2C400 2x, https:\/\/i0.wp.com\/www.jojoenherbe.com\/wp-content\/uploads\/2022\/07\/Point-lecture-hebdo-46-scaled.jpg?fit=1200%2C795&ssl=1&resize=1050%2C600 3x"},"classes":[]},{"id":42374,"url":"https:\/\/www.jojoenherbe.com\/index.php\/2026\/01\/21\/point-lecture-hebdomadaire-2026-3\/","url_meta":{"origin":28083,"position":4},"title":"Point lecture hebdomadaire 2026 #3","author":"Jojo","date":"21 janvier 2026","format":false,"excerpt":"En ce milieu de semaine, voici mon point lecture hebdomadaire avec un retour sur nos lectures (mais pas nos relectures) de la semaine derni\u00e8re qui a d\u00e9but\u00e9 avec le rangement du sapin et d\u00e9corations de No\u00ebl et qui s'est termin\u00e9 sur un week-end pluvieux dans le Var chez des amis\u2026","rel":"","context":"Dans &quot;Mini blogueur&quot;","block_context":{"text":"Mini blogueur","link":"https:\/\/www.jojoenherbe.com\/index.php\/category\/mini-blogueur\/"},"img":{"alt_text":"","src":"https:\/\/i0.wp.com\/www.jojoenherbe.com\/wp-content\/uploads\/2026\/01\/macareux-point-lecture-hebdo.jpg?fit=864%2C1012&ssl=1&resize=350%2C200","width":350,"height":200,"srcset":"https:\/\/i0.wp.com\/www.jojoenherbe.com\/wp-content\/uploads\/2026\/01\/macareux-point-lecture-hebdo.jpg?fit=864%2C1012&ssl=1&resize=350%2C200 1x, https:\/\/i0.wp.com\/www.jojoenherbe.com\/wp-content\/uploads\/2026\/01\/macareux-point-lecture-hebdo.jpg?fit=864%2C1012&ssl=1&resize=525%2C300 1.5x, https:\/\/i0.wp.com\/www.jojoenherbe.com\/wp-content\/uploads\/2026\/01\/macareux-point-lecture-hebdo.jpg?fit=864%2C1012&ssl=1&resize=700%2C400 2x"},"classes":[]},{"id":34536,"url":"https:\/\/www.jojoenherbe.com\/index.php\/2024\/01\/29\/point-lecture-hebdomadaire-2024-4\/","url_meta":{"origin":28083,"position":5},"title":"Point lecture hebdomadaire 2024 #4","author":"Jojo","date":"29 janvier 2024","format":false,"excerpt":"En ce d\u00e9but de semaine, voici notre point lecture hebdomadaire avec un retour sur nos lectures de la semaine derni\u00e8re (mais pas nos relectures). Nos lectures du 22 au 28 janvier 2024: Des lectures jeunesse: (BD jeunesse) Mortelle Ad\u00e8le au pays des Contes d\u00e9faits, Mortelle Ad\u00e8le, Choupidoulove (T10) et Extra\u2026","rel":"","context":"Dans &quot;Mini blogueur&quot;","block_context":{"text":"Mini blogueur","link":"https:\/\/www.jojoenherbe.com\/index.php\/category\/mini-blogueur\/"},"img":{"alt_text":"","src":"https:\/\/i0.wp.com\/www.jojoenherbe.com\/wp-content\/uploads\/2024\/01\/Mortelle-Adele-BD-4-150x150.jpg?resize=350%2C200","width":350,"height":200},"classes":[]}],"_links":{"self":[{"href":"https:\/\/www.jojoenherbe.com\/index.php\/wp-json\/wp\/v2\/posts\/28083","targetHints":{"allow":["GET"]}}],"collection":[{"href":"https:\/\/www.jojoenherbe.com\/index.php\/wp-json\/wp\/v2\/posts"}],"about":[{"href":"https:\/\/www.jojoenherbe.com\/index.php\/wp-json\/wp\/v2\/types\/post"}],"author":[{"embeddable":true,"href":"https:\/\/www.jojoenherbe.com\/index.php\/wp-json\/wp\/v2\/users\/1"}],"replies":[{"embeddable":true,"href":"https:\/\/www.jojoenherbe.com\/index.php\/wp-json\/wp\/v2\/comments?post=28083"}],"version-history":[{"count":41,"href":"https:\/\/www.jojoenherbe.com\/index.php\/wp-json\/wp\/v2\/posts\/28083\/revisions"}],"predecessor-version":[{"id":41077,"href":"https:\/\/www.jojoenherbe.com\/index.php\/wp-json\/wp\/v2\/posts\/28083\/revisions\/41077"}],"wp:featuredmedia":[{"embeddable":true,"href":"https:\/\/www.jojoenherbe.com\/index.php\/wp-json\/wp\/v2\/media\/28115"}],"wp:attachment":[{"href":"https:\/\/www.jojoenherbe.com\/index.php\/wp-json\/wp\/v2\/media?parent=28083"}],"wp:term":[{"taxonomy":"category","embeddable":true,"href":"https:\/\/www.jojoenherbe.com\/index.php\/wp-json\/wp\/v2\/categories?post=28083"},{"taxonomy":"post_tag","embeddable":true,"href":"https:\/\/www.jojoenherbe.com\/index.php\/wp-json\/wp\/v2\/tags?post=28083"}],"curies":[{"name":"wp","href":"https:\/\/api.w.org\/{rel}","templated":true}]}}