{"id":27922,"date":"2022-10-03T12:02:00","date_gmt":"2022-10-03T10:02:00","guid":{"rendered":"https:\/\/www.jojoenherbe.com\/?p=27922"},"modified":"2022-10-15T19:11:47","modified_gmt":"2022-10-15T17:11:47","slug":"point-lecture-hebdomadaire-61","status":"publish","type":"post","link":"https:\/\/www.jojoenherbe.com\/index.php\/2022\/10\/03\/point-lecture-hebdomadaire-61\/","title":{"rendered":"Point lecture hebdomadaire #61"},"content":{"rendered":"<p style=\"text-align: justify;\"><em>En ce d\u00e9but de semaine, voici notre point lecture hebdomadaire avec un retour sur nos lectures de la semaine derni\u00e8re (mais pas nos relectures), avec encore cette semaine et celles \u00e0 venir une pr\u00e9dominante pour les lectures automnales et halloweenesques, l\u2019automne \u00e9tant arriv\u00e9 et le challenge Halloween de Hilde et Lou ayant d\u00e9but\u00e9 le 23 septembre 2022.<\/em><\/p>\n<p style=\"text-align: justify;\"><span style=\"text-decoration: underline;\"><strong>Nos lectures du 26 septembre au 2 octobre 2022<\/strong><\/span><strong>:<\/strong><\/p>\n<p><em><span style=\"text-decoration: underline;\">Des lectures jeunesse<\/span>:<\/em><\/p>\n<ul>\n<li style=\"text-align: justify;\"><em>(Album jeunesse) <strong><span style=\"text-decoration: underline;\">H\u00e9! L\u00e0-haut!<\/span><\/strong> de Christine Davenier\u00a0<\/em><\/li>\n<\/ul>\n<p style=\"text-align: justify;\"><a href=\"https:\/\/i0.wp.com\/www.jojoenherbe.com\/wp-content\/uploads\/2022\/10\/He-La-haut-scaled.jpg\"><img data-recalc-dims=\"1\" loading=\"lazy\" decoding=\"async\" data-attachment-id=\"27936\" data-permalink=\"https:\/\/www.jojoenherbe.com\/index.php\/2022\/10\/03\/point-lecture-hebdomadaire-61\/he-la-haut\/\" data-orig-file=\"https:\/\/i0.wp.com\/www.jojoenherbe.com\/wp-content\/uploads\/2022\/10\/He-La-haut-scaled.jpg?fit=2560%2C1837&amp;ssl=1\" data-orig-size=\"2560,1837\" data-comments-opened=\"1\" data-image-meta=\"{&quot;aperture&quot;:&quot;1.8&quot;,&quot;credit&quot;:&quot;&quot;,&quot;camera&quot;:&quot;iPhone 7&quot;,&quot;caption&quot;:&quot;&quot;,&quot;created_timestamp&quot;:&quot;1664897701&quot;,&quot;copyright&quot;:&quot;&quot;,&quot;focal_length&quot;:&quot;3.99&quot;,&quot;iso&quot;:&quot;50&quot;,&quot;shutter_speed&quot;:&quot;0.058823529411765&quot;,&quot;title&quot;:&quot;&quot;,&quot;orientation&quot;:&quot;1&quot;}\" data-image-title=\"H\u00e9! L\u00e0-haut!\" data-image-description=\"\" data-image-caption=\"\" data-large-file=\"https:\/\/i0.wp.com\/www.jojoenherbe.com\/wp-content\/uploads\/2022\/10\/He-La-haut-scaled.jpg?fit=676%2C485&amp;ssl=1\" class=\"alignleft size-thumbnail wp-image-27936\" src=\"https:\/\/i0.wp.com\/www.jojoenherbe.com\/wp-content\/uploads\/2022\/10\/He-La-haut.jpg?resize=150%2C150\" alt=\"\" width=\"150\" height=\"150\" srcset=\"https:\/\/i0.wp.com\/www.jojoenherbe.com\/wp-content\/uploads\/2022\/10\/He-La-haut-scaled.jpg?resize=150%2C150&amp;ssl=1 150w, https:\/\/i0.wp.com\/www.jojoenherbe.com\/wp-content\/uploads\/2022\/10\/He-La-haut-scaled.jpg?zoom=2&amp;resize=150%2C150 300w, https:\/\/i0.wp.com\/www.jojoenherbe.com\/wp-content\/uploads\/2022\/10\/He-La-haut-scaled.jpg?zoom=3&amp;resize=150%2C150 450w\" sizes=\"auto, (max-width: 150px) 100vw, 150px\" \/><\/a><em>Nous avons lu <span style=\"text-decoration: underline;\">H\u00e9! L\u00e0-haut!<\/span> de Christine Davenier (\u00e9d. L&rsquo;\u00e9cole des loisirs, 2021), un album jeunesse \u00e0 partir de 2 ans. Titou, une souris est en train de faire ses r\u00e9serves pour l&rsquo;hiver mais ne cesse de recevoir sur la t\u00eate des objets, que ce soit des prunes ou de la vaisselle. Mais que se passe-t-il au sommet de l&rsquo;arbre? Voil\u00e0 Titou parti d\u00e9couvrir le fin mot (gourmand) de l&rsquo;histoire. Les illustrations \u00e0 l&rsquo;aquarelle de Christine Davenier sont douces et bien reconnaissables, l&rsquo;autrice-illustratrice \u00e9tant celle de la petite f\u00e9e <span style=\"text-decoration: underline;\">Minusculette<\/span>. Un tr\u00e8s bon moment de lecture tendre et rigolo dans lequel de page en page nous faisons comme Titou l&rsquo;ascension de l&rsquo;arbre!<\/em><\/p>\n<ul>\n<li style=\"text-align: justify;\"><em>(BD jeunesse) <strong><span style=\"text-decoration: underline;\">Ana Ana, Joyeux anniversaire!<\/span><\/strong> d&rsquo;Alexis Dormal et Dominique Roques <strong>(T20)<\/strong><br \/>\n<\/em><\/li>\n<\/ul>\n<p style=\"text-align: justify;\"><em><a href=\"https:\/\/i0.wp.com\/www.jojoenherbe.com\/wp-content\/uploads\/2022\/10\/Ana-Ana-T20-scaled.jpg\"><img data-recalc-dims=\"1\" loading=\"lazy\" decoding=\"async\" data-attachment-id=\"27934\" data-permalink=\"https:\/\/www.jojoenherbe.com\/index.php\/2022\/10\/03\/point-lecture-hebdomadaire-61\/ana-ana-t20\/\" data-orig-file=\"https:\/\/i0.wp.com\/www.jojoenherbe.com\/wp-content\/uploads\/2022\/10\/Ana-Ana-T20-scaled.jpg?fit=2560%2C1479&amp;ssl=1\" data-orig-size=\"2560,1479\" data-comments-opened=\"1\" data-image-meta=\"{&quot;aperture&quot;:&quot;1.8&quot;,&quot;credit&quot;:&quot;&quot;,&quot;camera&quot;:&quot;iPhone 7&quot;,&quot;caption&quot;:&quot;&quot;,&quot;created_timestamp&quot;:&quot;1664897716&quot;,&quot;copyright&quot;:&quot;&quot;,&quot;focal_length&quot;:&quot;3.99&quot;,&quot;iso&quot;:&quot;40&quot;,&quot;shutter_speed&quot;:&quot;0.05&quot;,&quot;title&quot;:&quot;&quot;,&quot;orientation&quot;:&quot;1&quot;}\" data-image-title=\"Ana Ana T20\" data-image-description=\"\" data-image-caption=\"\" data-large-file=\"https:\/\/i0.wp.com\/www.jojoenherbe.com\/wp-content\/uploads\/2022\/10\/Ana-Ana-T20-scaled.jpg?fit=676%2C391&amp;ssl=1\" class=\"size-thumbnail wp-image-27934 alignright\" src=\"https:\/\/i0.wp.com\/www.jojoenherbe.com\/wp-content\/uploads\/2022\/10\/Ana-Ana-T20.jpg?resize=150%2C150\" alt=\"\" width=\"150\" height=\"150\" srcset=\"https:\/\/i0.wp.com\/www.jojoenherbe.com\/wp-content\/uploads\/2022\/10\/Ana-Ana-T20-scaled.jpg?resize=150%2C150&amp;ssl=1 150w, https:\/\/i0.wp.com\/www.jojoenherbe.com\/wp-content\/uploads\/2022\/10\/Ana-Ana-T20-scaled.jpg?zoom=2&amp;resize=150%2C150 300w, https:\/\/i0.wp.com\/www.jojoenherbe.com\/wp-content\/uploads\/2022\/10\/Ana-Ana-T20-scaled.jpg?zoom=3&amp;resize=150%2C150 450w\" sizes=\"auto, (max-width: 150px) 100vw, 150px\" \/><\/a>D\u00e8s le jour de sa parution, soit le 28 septembre 2022, nous achetons et lisons le dernier tome d&rsquo;<span style=\"text-decoration: underline;\">Ana Ana, Joyeux anniversaire!<\/span> d&rsquo;Alexis Dormal et Dominique Roques (\u00e9d. Dargaud, 2022), une BD jeunesse au format \u00e0 l&rsquo;italienne et pour les 3\/6 ans. Que nous sommes ravis de retrouver Ana Ana et ses doudous! Ces derniers organisent une f\u00eate pour l&rsquo;anniversaire de la petite fille. Encore un tr\u00e8s bon moment de lecture tendre et rigolo avec Touffe de Poils qui apprend par exemple \u00e0 gonfler des ballons!<\/em><\/p>\n<ul>\n<li style=\"text-align: justify;\"><em>(Album jeunesse) <strong><span style=\"text-decoration: underline;\">Soyons des jaguars<\/span><\/strong> de Dave Eggers et Woodrow White<\/em><\/li>\n<\/ul>\n<p style=\"text-align: justify;\"><a href=\"https:\/\/i0.wp.com\/www.jojoenherbe.com\/wp-content\/uploads\/2022\/10\/Soyons-des-jaguars-scaled.jpg\"><img data-recalc-dims=\"1\" loading=\"lazy\" decoding=\"async\" data-attachment-id=\"27941\" data-permalink=\"https:\/\/www.jojoenherbe.com\/index.php\/2022\/10\/03\/point-lecture-hebdomadaire-61\/soyons-des-jaguars\/\" data-orig-file=\"https:\/\/i0.wp.com\/www.jojoenherbe.com\/wp-content\/uploads\/2022\/10\/Soyons-des-jaguars-scaled.jpg?fit=2560%2C1920&amp;ssl=1\" data-orig-size=\"2560,1920\" data-comments-opened=\"1\" data-image-meta=\"{&quot;aperture&quot;:&quot;1.8&quot;,&quot;credit&quot;:&quot;&quot;,&quot;camera&quot;:&quot;iPhone 7&quot;,&quot;caption&quot;:&quot;&quot;,&quot;created_timestamp&quot;:&quot;1664897694&quot;,&quot;copyright&quot;:&quot;&quot;,&quot;focal_length&quot;:&quot;3.99&quot;,&quot;iso&quot;:&quot;50&quot;,&quot;shutter_speed&quot;:&quot;0.058823529411765&quot;,&quot;title&quot;:&quot;&quot;,&quot;orientation&quot;:&quot;1&quot;}\" data-image-title=\"Soyons des jaguars\" data-image-description=\"\" data-image-caption=\"\" data-large-file=\"https:\/\/i0.wp.com\/www.jojoenherbe.com\/wp-content\/uploads\/2022\/10\/Soyons-des-jaguars-scaled.jpg?fit=676%2C507&amp;ssl=1\" class=\"alignleft size-thumbnail wp-image-27941\" src=\"https:\/\/i0.wp.com\/www.jojoenherbe.com\/wp-content\/uploads\/2022\/10\/Soyons-des-jaguars.jpg?resize=150%2C150\" alt=\"\" width=\"150\" height=\"150\" srcset=\"https:\/\/i0.wp.com\/www.jojoenherbe.com\/wp-content\/uploads\/2022\/10\/Soyons-des-jaguars-scaled.jpg?resize=150%2C150&amp;ssl=1 150w, https:\/\/i0.wp.com\/www.jojoenherbe.com\/wp-content\/uploads\/2022\/10\/Soyons-des-jaguars-scaled.jpg?zoom=2&amp;resize=150%2C150 300w, https:\/\/i0.wp.com\/www.jojoenherbe.com\/wp-content\/uploads\/2022\/10\/Soyons-des-jaguars-scaled.jpg?zoom=3&amp;resize=150%2C150 450w\" sizes=\"auto, (max-width: 150px) 100vw, 150px\" \/><\/a><em>Nous lisons <span style=\"text-decoration: underline;\">Soyons des jaguars<\/span> de Dave Eggers et Woodrow White (\u00e9d. L&rsquo;\u00e9cole des loisirs, 2021), un album jeunesse \u00e0 partir de 3 ans. Un jeune gar\u00e7on est intimid\u00e9 par sa grand-m\u00e8re qu&rsquo;il conna\u00eet peu et chez qui il va rester dormir. Mais sa grand-m\u00e8re est pleine d&rsquo;imagination pour deux. Et les voil\u00e0 le temps d&rsquo;une soir\u00e9e devenus des jaguars. Un bon moment de lecture avec cette histoire d&rsquo;une jolie complicit\u00e9 entre une grand-m\u00e8re et son petit-fils!<\/em><\/p>\n<ul>\n<li style=\"text-align: justify;\"><em>(Album jeunesse) <strong><span style=\"text-decoration: underline;\">Miss Mouche<\/span><\/strong> de Ziggy Hanaor et Alice Bowsher<\/em><\/li>\n<\/ul>\n<p style=\"text-align: justify;\"><em><a href=\"https:\/\/i0.wp.com\/www.jojoenherbe.com\/wp-content\/uploads\/2022\/10\/Miss-Mouche-scaled.jpg\"><img data-recalc-dims=\"1\" loading=\"lazy\" decoding=\"async\" data-attachment-id=\"27940\" data-permalink=\"https:\/\/www.jojoenherbe.com\/index.php\/2022\/10\/03\/point-lecture-hebdomadaire-61\/miss-mouche\/\" data-orig-file=\"https:\/\/i0.wp.com\/www.jojoenherbe.com\/wp-content\/uploads\/2022\/10\/Miss-Mouche-scaled.jpg?fit=2560%2C1920&amp;ssl=1\" data-orig-size=\"2560,1920\" data-comments-opened=\"1\" data-image-meta=\"{&quot;aperture&quot;:&quot;1.8&quot;,&quot;credit&quot;:&quot;&quot;,&quot;camera&quot;:&quot;iPhone 7&quot;,&quot;caption&quot;:&quot;&quot;,&quot;created_timestamp&quot;:&quot;1664897707&quot;,&quot;copyright&quot;:&quot;&quot;,&quot;focal_length&quot;:&quot;3.99&quot;,&quot;iso&quot;:&quot;40&quot;,&quot;shutter_speed&quot;:&quot;0.04&quot;,&quot;title&quot;:&quot;&quot;,&quot;orientation&quot;:&quot;1&quot;}\" data-image-title=\"Miss Mouche\" data-image-description=\"\" data-image-caption=\"\" data-large-file=\"https:\/\/i0.wp.com\/www.jojoenherbe.com\/wp-content\/uploads\/2022\/10\/Miss-Mouche-scaled.jpg?fit=676%2C507&amp;ssl=1\" class=\"size-thumbnail wp-image-27940 alignright\" src=\"https:\/\/i0.wp.com\/www.jojoenherbe.com\/wp-content\/uploads\/2022\/10\/Miss-Mouche.jpg?resize=150%2C150\" alt=\"\" width=\"150\" height=\"150\" srcset=\"https:\/\/i0.wp.com\/www.jojoenherbe.com\/wp-content\/uploads\/2022\/10\/Miss-Mouche-scaled.jpg?resize=150%2C150&amp;ssl=1 150w, https:\/\/i0.wp.com\/www.jojoenherbe.com\/wp-content\/uploads\/2022\/10\/Miss-Mouche-scaled.jpg?zoom=2&amp;resize=150%2C150 300w, https:\/\/i0.wp.com\/www.jojoenherbe.com\/wp-content\/uploads\/2022\/10\/Miss-Mouche-scaled.jpg?zoom=3&amp;resize=150%2C150 450w\" sizes=\"auto, (max-width: 150px) 100vw, 150px\" \/><\/a>Nous avons lu <span style=\"text-decoration: underline;\">Miss Mouche<\/span> de Ziggy Hanaor et Alice Bowsher (\u00e9d. Nathan Jeunesse, 2020), un album jeunesse \u00e0 partir de 3 ans qui a fait partie de la s\u00e9lection Maternelle du 33\u00e8me Prix des Incos 2021\/2022 et que mon mini lutin avait d\u00e9j\u00e0 lu l&rsquo;ann\u00e9e derni\u00e8re \u00e0 l&rsquo;\u00e9cole. Et si finalement, elle faisait comme elle en avait envie? Un tr\u00e8s bon moment de lecture avec cet album jeunesse rigolo!<br \/>\n<\/em><\/p>\n<p><em><span style=\"text-decoration: underline;\">Des lectures ados\/YA\/adultes<\/span>:<\/em><\/p>\n<ul>\n<li style=\"text-align: justify;\"><em>(Romances historiques) <strong><span style=\"text-decoration: underline;\">Le cercle des femmes remarquables<\/span><\/strong>, <strong><span style=\"text-decoration: underline;\">Le duc et la lady<\/span><\/strong> <strong>(T1)<\/strong> et\u00a0 <strong><span style=\"text-decoration: underline;\">Le comte et la naufrag\u00e9e<\/span><\/strong> <strong>(T2)<\/strong> de Vanessa Riley<\/em><\/li>\n<\/ul>\n<p style=\"text-align: justify;\"><a href=\"https:\/\/i0.wp.com\/www.jojoenherbe.com\/wp-content\/uploads\/2022\/10\/Le-cercle-des-femmes-remarquables-T1-et-T2-scaled.jpg\"><img data-recalc-dims=\"1\" loading=\"lazy\" decoding=\"async\" data-attachment-id=\"27943\" data-permalink=\"https:\/\/www.jojoenherbe.com\/index.php\/2022\/10\/03\/point-lecture-hebdomadaire-61\/le-cercle-des-femmes-remarquables-t1-et-t2\/\" data-orig-file=\"https:\/\/i0.wp.com\/www.jojoenherbe.com\/wp-content\/uploads\/2022\/10\/Le-cercle-des-femmes-remarquables-T1-et-T2-scaled.jpg?fit=2560%2C1598&amp;ssl=1\" data-orig-size=\"2560,1598\" data-comments-opened=\"1\" data-image-meta=\"{&quot;aperture&quot;:&quot;1.8&quot;,&quot;credit&quot;:&quot;&quot;,&quot;camera&quot;:&quot;iPhone 7&quot;,&quot;caption&quot;:&quot;&quot;,&quot;created_timestamp&quot;:&quot;1664897682&quot;,&quot;copyright&quot;:&quot;&quot;,&quot;focal_length&quot;:&quot;3.99&quot;,&quot;iso&quot;:&quot;40&quot;,&quot;shutter_speed&quot;:&quot;0.058823529411765&quot;,&quot;title&quot;:&quot;&quot;,&quot;orientation&quot;:&quot;1&quot;}\" data-image-title=\"Le cercle des femmes remarquables T1 et T2\" data-image-description=\"\" data-image-caption=\"\" data-large-file=\"https:\/\/i0.wp.com\/www.jojoenherbe.com\/wp-content\/uploads\/2022\/10\/Le-cercle-des-femmes-remarquables-T1-et-T2-scaled.jpg?fit=676%2C422&amp;ssl=1\" class=\"alignleft size-thumbnail wp-image-27943\" src=\"https:\/\/i0.wp.com\/www.jojoenherbe.com\/wp-content\/uploads\/2022\/10\/Le-cercle-des-femmes-remarquables-T1-et-T2.jpg?resize=150%2C150\" alt=\"\" width=\"150\" height=\"150\" srcset=\"https:\/\/i0.wp.com\/www.jojoenherbe.com\/wp-content\/uploads\/2022\/10\/Le-cercle-des-femmes-remarquables-T1-et-T2-scaled.jpg?resize=150%2C150&amp;ssl=1 150w, https:\/\/i0.wp.com\/www.jojoenherbe.com\/wp-content\/uploads\/2022\/10\/Le-cercle-des-femmes-remarquables-T1-et-T2-scaled.jpg?zoom=2&amp;resize=150%2C150 300w, https:\/\/i0.wp.com\/www.jojoenherbe.com\/wp-content\/uploads\/2022\/10\/Le-cercle-des-femmes-remarquables-T1-et-T2-scaled.jpg?zoom=3&amp;resize=150%2C150 450w\" sizes=\"auto, (max-width: 150px) 100vw, 150px\" \/><\/a><em>J&rsquo;ai lu le tome 1 de la s\u00e9rie livresque <span style=\"text-decoration: underline;\">Le cercle des femmes remarquables<\/span>, <span style=\"text-decoration: underline;\">Le duc et la lady<\/span> de Vanessa Riley (\u00e9d. City Editions, 2021, 398 pages), une romance historique se d\u00e9roulant en Angleterre en 1814. Apr\u00e8s le suicide de son mari qui \u00e9tait ruin\u00e9, Patience Jordan devient veuve. L&rsquo;oncle de son d\u00e9funt \u00e9poux l&rsquo;enferme \u00e0 Bedlam et son b\u00e9b\u00e9 d&rsquo;\u00e0 peine quelques mois, Lionel, est confi\u00e9 \u00e0 Busick Strathmore, duc de Repington devenu son tuteur l\u00e9gal. Elle d\u00e9cide de r\u00e9cup\u00e9rer son enfant et se fait engager aupr\u00e8s du duc comme nourrice sous le nom de Madame LaCroy.<\/em><\/p>\n<p style=\"text-align: justify;\"><em>J&rsquo;ai lu ensuite le tome 2 qui met en avant une autre veuve de ce cercle, Jemima Saint-Maur, amn\u00e9sique apr\u00e8s le naufrage du Minerva dans <span style=\"text-decoration: underline;\">Le comte et la naufrag\u00e9e<\/span> de Vanessa Riley (\u00e9d. City Editions, 2022, 477 pages). Elle n&rsquo;est pas insensible au jeune avocat qui l&rsquo;a sauv\u00e9 de Bedlam, Daniel Thackery, comte d&rsquo;Ashbrook. Ce dernier a \u00e9galement souffert de ce naufrage, sa fianc\u00e9e, Phoebe Dunn y ayant p\u00e9ri et il a recueilli la deuxi\u00e8me rescap\u00e9e, une jeune enfant noire, Hope.<\/em><\/p>\n<p style=\"text-align: justify;\"><em>Si ce n&rsquo;est l&rsquo;originalit\u00e9 de mettre en sc\u00e8ne des personnages m\u00e9tisses faisant partie de la haute aristocratie anglaise et aux origines jama\u00efquaines, je n&rsquo;ai pas \u00e9t\u00e9 emball\u00e9e par ma lecture, ayant trouv\u00e9 les romances fades, insipides et sans passion, que ce soit le duo Patience\/Busick, le duc n&rsquo;\u00e9tant pas dup\u00e9 par le mensonge d&rsquo;identit\u00e9 de la jeune femme ou le duo Jemima\/Daniel, l&rsquo;id\u00e9e int\u00e9ressante selon laquelle \u00ab\u00a0en Jama\u00efque, les femmes cr\u00e9oles \u00e9taient toujours consid\u00e9r\u00e9es comme noires si moins de trois g\u00e9n\u00e9rations les s\u00e9paraient de leur dernier anc\u00eatre noir\u00a0\u00bb (p.331) n&rsquo;\u00e9tant pas finalement exploit\u00e9e. M\u00eame l&rsquo;\u00e9poque victorienne est finalement peu d\u00e9crite, le duc de Repington reprenant un manoir sans domestiques malgr\u00e9 son rang et l&rsquo;immensit\u00e9 du domaine qu&rsquo;il confie \u00e0 des soldats bless\u00e9s et infirmes comme lui par la guerre contre Napol\u00e9on. Je ne continuerai pas cette s\u00e9rie livresque.\u00a0<\/em><\/p>\n<ul>\n<li><em>(Roman fantasy YA) <span style=\"text-decoration: underline;\"><strong>La reine sans royaume<\/strong><\/span> d\u2019Holly Black <strong>(T3)<\/strong><\/em><\/li>\n<\/ul>\n<p style=\"text-align: justify;\"><em><a href=\"https:\/\/i0.wp.com\/www.jojoenherbe.com\/wp-content\/uploads\/2022\/10\/La-reine-sans-royaume-scaled.jpg\"><img data-recalc-dims=\"1\" loading=\"lazy\" decoding=\"async\" data-attachment-id=\"27937\" data-permalink=\"https:\/\/www.jojoenherbe.com\/index.php\/2022\/10\/03\/point-lecture-hebdomadaire-61\/la-reine-sans-royaume\/\" data-orig-file=\"https:\/\/i0.wp.com\/www.jojoenherbe.com\/wp-content\/uploads\/2022\/10\/La-reine-sans-royaume-scaled.jpg?fit=2560%2C1989&amp;ssl=1\" data-orig-size=\"2560,1989\" data-comments-opened=\"1\" data-image-meta=\"{&quot;aperture&quot;:&quot;1.8&quot;,&quot;credit&quot;:&quot;&quot;,&quot;camera&quot;:&quot;iPhone 7&quot;,&quot;caption&quot;:&quot;&quot;,&quot;created_timestamp&quot;:&quot;1664897627&quot;,&quot;copyright&quot;:&quot;&quot;,&quot;focal_length&quot;:&quot;3.99&quot;,&quot;iso&quot;:&quot;40&quot;,&quot;shutter_speed&quot;:&quot;0.058823529411765&quot;,&quot;title&quot;:&quot;&quot;,&quot;orientation&quot;:&quot;1&quot;}\" data-image-title=\"La reine sans royaume\" data-image-description=\"\" data-image-caption=\"\" data-large-file=\"https:\/\/i0.wp.com\/www.jojoenherbe.com\/wp-content\/uploads\/2022\/10\/La-reine-sans-royaume-scaled.jpg?fit=676%2C525&amp;ssl=1\" class=\"size-thumbnail wp-image-27937 alignright\" src=\"https:\/\/i0.wp.com\/www.jojoenherbe.com\/wp-content\/uploads\/2022\/10\/La-reine-sans-royaume.jpg?resize=150%2C150\" alt=\"\" width=\"150\" height=\"150\" srcset=\"https:\/\/i0.wp.com\/www.jojoenherbe.com\/wp-content\/uploads\/2022\/10\/La-reine-sans-royaume-scaled.jpg?resize=150%2C150&amp;ssl=1 150w, https:\/\/i0.wp.com\/www.jojoenherbe.com\/wp-content\/uploads\/2022\/10\/La-reine-sans-royaume-scaled.jpg?zoom=2&amp;resize=150%2C150 300w, https:\/\/i0.wp.com\/www.jojoenherbe.com\/wp-content\/uploads\/2022\/10\/La-reine-sans-royaume-scaled.jpg?zoom=3&amp;resize=150%2C150 450w\" sizes=\"auto, (max-width: 150px) 100vw, 150px\" \/><\/a>J&rsquo;ai \u00e9galement lu cette ce week-end <span style=\"text-decoration: underline;\">La reine sans royaume<\/span> d&rsquo;Holly Black (\u00e9d. Rageot, 2022, 439 pages), un roman fantasy et young adult qui est le troisi\u00e8me et dernier tome de la trilogie <span style=\"text-decoration: underline;\">Le peuple de l\u2019air<\/span>. Alors que Jude a \u00e9t\u00e9 exil\u00e9e du royaume de Terraf\u00e6 et est retourn\u00e9e vivre parmi les humains avec Vivienne et Ch\u00eane, elle re\u00e7oit la visite de sa s\u0153ur jumelle Taryn qui lui demande de se faire passer pour elle aupr\u00e8s de la Haute Cour de Domelfe. <\/em><em>Ce dernier tome fait de nouveau place \u00e0 l&rsquo;action, Jude devant emp\u00eacher le coup d\u2019\u00c9tat de son p\u00e8re adoptif Madoc et l&rsquo;assassinat de Cardan. A la fin de ma lecture, il reste de nombreuses questions en suspens, en particulier la relation Taryn\/Locke.\u00a0 J&rsquo;aurai \u00e9galement appr\u00e9ci\u00e9 pouvoir lire les lettres que Cardan a envoy\u00e9es \u00e0 Jude mais qui ne lui sont jamais parvenues. Un bon moment de lecture dans l&rsquo;ensemble m\u00eame si le personnage de Cardan aurait pu \u00eatre plus pr\u00e9sent et la relation Jude\/Cardan plus approfondie et passionnelle! Jude m&rsquo;a en effet \u00e0 de nombreuses reprises exasp\u00e9r\u00e9e quant \u00e0 sa na\u00efvet\u00e9 et son incompr\u00e9hension face \u00e0 ses sentiments et ceux de Cardan.<\/em><\/p>\n<p><strong><span style=\"text-decoration: underline;\">Ma lecture en cours<\/span>:<\/strong><\/p>\n<p style=\"text-align: justify;\"><em>(Roman ado) <strong><span style=\"text-decoration: underline;\">Carabosse, La l\u00e9gende des cinq Royaumes<\/span><\/strong> de Michel Honaker<\/em><\/p>\n<p style=\"text-align: justify;\"><em><a href=\"https:\/\/i0.wp.com\/www.jojoenherbe.com\/wp-content\/uploads\/2022\/10\/Carabosse-La-legende-des-cinq-royaumes-scaled.jpg\"><img data-recalc-dims=\"1\" loading=\"lazy\" decoding=\"async\" data-attachment-id=\"27935\" data-permalink=\"https:\/\/www.jojoenherbe.com\/index.php\/2022\/10\/03\/point-lecture-hebdomadaire-61\/carabosse-la-legende-des-cinq-royaumes\/\" data-orig-file=\"https:\/\/i0.wp.com\/www.jojoenherbe.com\/wp-content\/uploads\/2022\/10\/Carabosse-La-legende-des-cinq-royaumes-scaled.jpg?fit=2560%2C2105&amp;ssl=1\" data-orig-size=\"2560,2105\" data-comments-opened=\"1\" data-image-meta=\"{&quot;aperture&quot;:&quot;1.8&quot;,&quot;credit&quot;:&quot;&quot;,&quot;camera&quot;:&quot;iPhone 7&quot;,&quot;caption&quot;:&quot;&quot;,&quot;created_timestamp&quot;:&quot;1664897656&quot;,&quot;copyright&quot;:&quot;&quot;,&quot;focal_length&quot;:&quot;3.99&quot;,&quot;iso&quot;:&quot;50&quot;,&quot;shutter_speed&quot;:&quot;0.058823529411765&quot;,&quot;title&quot;:&quot;&quot;,&quot;orientation&quot;:&quot;1&quot;}\" data-image-title=\"Carabosse, La l\u00e9gende des cinq royaumes\" data-image-description=\"\" data-image-caption=\"\" data-large-file=\"https:\/\/i0.wp.com\/www.jojoenherbe.com\/wp-content\/uploads\/2022\/10\/Carabosse-La-legende-des-cinq-royaumes-scaled.jpg?fit=676%2C556&amp;ssl=1\" class=\"size-thumbnail wp-image-27935 alignleft\" src=\"https:\/\/i0.wp.com\/www.jojoenherbe.com\/wp-content\/uploads\/2022\/10\/Carabosse-La-legende-des-cinq-royaumes.jpg?resize=150%2C150\" alt=\"\" width=\"150\" height=\"150\" srcset=\"https:\/\/i0.wp.com\/www.jojoenherbe.com\/wp-content\/uploads\/2022\/10\/Carabosse-La-legende-des-cinq-royaumes-scaled.jpg?resize=150%2C150&amp;ssl=1 150w, https:\/\/i0.wp.com\/www.jojoenherbe.com\/wp-content\/uploads\/2022\/10\/Carabosse-La-legende-des-cinq-royaumes-scaled.jpg?zoom=2&amp;resize=150%2C150 300w, https:\/\/i0.wp.com\/www.jojoenherbe.com\/wp-content\/uploads\/2022\/10\/Carabosse-La-legende-des-cinq-royaumes-scaled.jpg?zoom=3&amp;resize=150%2C150 450w\" sizes=\"auto, (max-width: 150px) 100vw, 150px\" \/><\/a>J&rsquo;ai commenc\u00e9 \u00e0 lire jusqu&rsquo;au chapitre 8 (88 pages lues) <span style=\"text-decoration: underline;\">Carabosse, La l\u00e9gende des cinq Royaumes<\/span> de Michel Honaker (\u00e9d. Flammarion, 2014, 372 pages), un roman pour adolescents \u00e0 la jolie illustration de couverture de Fran\u00e7ois Roca et qui revisite le conte de <span style=\"text-decoration: underline;\">La Belle au Bois-Dormant<\/span> de Charles Perrault. Dans cette premi\u00e8re partie, Carabosse n&rsquo;est pas encore la m\u00e9chante f\u00e9e mais une jeune fille bossue \u00e0 la beaut\u00e9 froide, Cara qui a \u00e9t\u00e9 initi\u00e9e \u00e0 la magie noire par le Vent Mauvais et qui se venge de sa s\u0153ur cadette, L\u00e9onore par jalousie amoureuse.<br \/>\n<\/em><\/p>\n","protected":false},"excerpt":{"rendered":"<p>En ce d\u00e9but de semaine, voici notre point lecture hebdomadaire avec un retour sur nos lectures de la semaine derni\u00e8re (mais pas nos relectures), avec encore cette semaine et celles \u00e0 venir une pr\u00e9dominante pour les lectures automnales et halloweenesques, l\u2019automne \u00e9tant arriv\u00e9 et le challenge Halloween de Hilde et Lou ayant d\u00e9but\u00e9 le 23 [&hellip;]<\/p>\n","protected":false},"author":1,"featured_media":27933,"comment_status":"open","ping_status":"open","sticky":false,"template":"","format":"standard","meta":{"jetpack_post_was_ever_published":false,"_jetpack_newsletter_access":"","_jetpack_dont_email_post_to_subs":false,"_jetpack_newsletter_tier_id":0,"_jetpack_memberships_contains_paywalled_content":false,"_jetpack_memberships_contains_paid_content":false,"footnotes":""},"categories":[2140,363],"tags":[409,1110,1327,596,1226,1549,1792,1530,3449,1111,870,2094,1757,1085,367,3434,2767,844,3209,905,3034,3433,3450],"class_list":["post-27922","post","type-post","status-publish","format-standard","has-post-thumbnail","hentry","category-mini-blogueur","category-mini-lecteur","tag-albums-jeunesse","tag-alexis-dormal","tag-ana-ana","tag-bandes-dessinees","tag-bd-jeunesse","tag-charles-perrault","tag-christine-davenier","tag-contes-revisites","tag-dave-eggers","tag-dominique-roques","tag-fantasy","tag-francois-roca","tag-holly-black","tag-lecture-adulte","tag-lecture-jeunesse","tag-michel-honaker","tag-point-lecture-hebdo","tag-romance","tag-romance-historique","tag-romans-adulte","tag-romans-young-adult","tag-vanessa-riley","tag-woodrow-white","post-preview"],"jetpack_featured_media_url":"https:\/\/i0.wp.com\/www.jojoenherbe.com\/wp-content\/uploads\/2022\/10\/Point-lecture-hebdo-61-scaled.jpg?fit=2560%2C1981&ssl=1","jetpack_sharing_enabled":true,"jetpack_shortlink":"https:\/\/wp.me\/p9zhGx-7gm","jetpack_likes_enabled":true,"jetpack-related-posts":[{"id":37057,"url":"https:\/\/www.jojoenherbe.com\/index.php\/2024\/09\/30\/point-lecture-hebdomadaire-2024-39\/","url_meta":{"origin":27922,"position":0},"title":"Point lecture hebdomadaire 2024 #39","author":"Jojo","date":"30 septembre 2024","format":false,"excerpt":"En ce d\u00e9but de semaine, voici mon point lecture hebdomadaire avec un retour sur nos lectures (mais pas nos relectures) de la semaine derni\u00e8re. Nos lectures du 23 au 29 septembre 2024: Des lectures jeunesse: Nous avons continu\u00e9 chaque soir et presque fini de lire Le jardin secret de Frances\u2026","rel":"","context":"Dans &quot;Mini blogueur&quot;","block_context":{"text":"Mini blogueur","link":"https:\/\/www.jojoenherbe.com\/index.php\/category\/mini-blogueur\/"},"img":{"alt_text":"","src":"https:\/\/i0.wp.com\/www.jojoenherbe.com\/wp-content\/uploads\/2020\/04\/Le-jardin-secret-150x150.jpg?resize=350%2C200","width":350,"height":200},"classes":[]},{"id":31495,"url":"https:\/\/www.jojoenherbe.com\/index.php\/2023\/08\/14\/point-lecture-hebdomadaire-2023-32\/","url_meta":{"origin":27922,"position":1},"title":"Point lecture hebdomadaire 2023 #32","author":"Jojo","date":"14 ao\u00fbt 2023","format":false,"excerpt":"En ce d\u00e9but de semaine, voici notre point lecture hebdomadaire avec un retour sur nos lectures de la semaine derni\u00e8re (mais pas nos relectures). Nos lectures du 7 au 13 ao\u00fbt 2023: Des lectures jeunesse: (Album jeunesse) Minusculette et les petits fant\u00f4mes japonais de Kimiko et Christine Davenier Nous avons\u2026","rel":"","context":"Dans &quot;Mini blogueur&quot;","block_context":{"text":"Mini blogueur","link":"https:\/\/www.jojoenherbe.com\/index.php\/category\/mini-blogueur\/"},"img":{"alt_text":"","src":"https:\/\/i0.wp.com\/www.jojoenherbe.com\/wp-content\/uploads\/2023\/08\/Minusculette-et-les-petits-fantomes-japonais-150x150.jpg?resize=350%2C200","width":350,"height":200},"classes":[]},{"id":25915,"url":"https:\/\/www.jojoenherbe.com\/index.php\/2022\/06\/20\/point-lecture-hebdomadaire-46\/","url_meta":{"origin":27922,"position":2},"title":"Point lecture hebdomadaire #46","author":"Jojo","date":"20 juin 2022","format":false,"excerpt":"En ce d\u00e9but de semaine, voici notre point lecture hebdomadaire avec un retour sur nos lectures de la semaine derni\u00e8re (mais pas nos relectures) et ma lecture en cours. j'ai surtout pioch\u00e9 dans ma PAL anglo-saxonne puisqu'en juin, c'est le Mois Anglais 2022 coorganis\u00e9e par Lou et Titine. Nos lectures\u2026","rel":"","context":"Dans &quot;Mini blogueur&quot;","block_context":{"text":"Mini blogueur","link":"https:\/\/www.jojoenherbe.com\/index.php\/category\/mini-blogueur\/"},"img":{"alt_text":"","src":"https:\/\/i0.wp.com\/www.jojoenherbe.com\/wp-content\/uploads\/2022\/07\/Point-lecture-hebdo-46-scaled.jpg?fit=1200%2C795&ssl=1&resize=350%2C200","width":350,"height":200,"srcset":"https:\/\/i0.wp.com\/www.jojoenherbe.com\/wp-content\/uploads\/2022\/07\/Point-lecture-hebdo-46-scaled.jpg?fit=1200%2C795&ssl=1&resize=350%2C200 1x, https:\/\/i0.wp.com\/www.jojoenherbe.com\/wp-content\/uploads\/2022\/07\/Point-lecture-hebdo-46-scaled.jpg?fit=1200%2C795&ssl=1&resize=525%2C300 1.5x, https:\/\/i0.wp.com\/www.jojoenherbe.com\/wp-content\/uploads\/2022\/07\/Point-lecture-hebdo-46-scaled.jpg?fit=1200%2C795&ssl=1&resize=700%2C400 2x, https:\/\/i0.wp.com\/www.jojoenherbe.com\/wp-content\/uploads\/2022\/07\/Point-lecture-hebdo-46-scaled.jpg?fit=1200%2C795&ssl=1&resize=1050%2C600 3x"},"classes":[]},{"id":35040,"url":"https:\/\/www.jojoenherbe.com\/index.php\/2024\/03\/04\/point-lecture-hebdomadaire-2024-9\/","url_meta":{"origin":27922,"position":3},"title":"Point lecture hebdomadaire 2024 #9","author":"Jojo","date":"4 mars 2024","format":false,"excerpt":"En ce d\u00e9but de semaine, voici mon point lecture hebdomadaire avec un retour sur nos lectures de la semaine derni\u00e8re (mais pas nos relectures). Nos lectures du 26 f\u00e9vrier au 3 mars 2024: Des lectures jeunesse: Mon mini lecteur a encore relu cette semaine plusieurs tomes de Mortelle Ad\u00e8le et\u2026","rel":"","context":"Dans &quot;Mini blogueur&quot;","block_context":{"text":"Mini blogueur","link":"https:\/\/www.jojoenherbe.com\/index.php\/category\/mini-blogueur\/"},"img":{"alt_text":"","src":"https:\/\/i0.wp.com\/www.jojoenherbe.com\/wp-content\/uploads\/2024\/03\/Point-lecture-hebdo-2024-9-scaled.jpg?fit=1200%2C745&ssl=1&resize=350%2C200","width":350,"height":200,"srcset":"https:\/\/i0.wp.com\/www.jojoenherbe.com\/wp-content\/uploads\/2024\/03\/Point-lecture-hebdo-2024-9-scaled.jpg?fit=1200%2C745&ssl=1&resize=350%2C200 1x, https:\/\/i0.wp.com\/www.jojoenherbe.com\/wp-content\/uploads\/2024\/03\/Point-lecture-hebdo-2024-9-scaled.jpg?fit=1200%2C745&ssl=1&resize=525%2C300 1.5x, https:\/\/i0.wp.com\/www.jojoenherbe.com\/wp-content\/uploads\/2024\/03\/Point-lecture-hebdo-2024-9-scaled.jpg?fit=1200%2C745&ssl=1&resize=700%2C400 2x, https:\/\/i0.wp.com\/www.jojoenherbe.com\/wp-content\/uploads\/2024\/03\/Point-lecture-hebdo-2024-9-scaled.jpg?fit=1200%2C745&ssl=1&resize=1050%2C600 3x"},"classes":[]},{"id":34536,"url":"https:\/\/www.jojoenherbe.com\/index.php\/2024\/01\/29\/point-lecture-hebdomadaire-2024-4\/","url_meta":{"origin":27922,"position":4},"title":"Point lecture hebdomadaire 2024 #4","author":"Jojo","date":"29 janvier 2024","format":false,"excerpt":"En ce d\u00e9but de semaine, voici notre point lecture hebdomadaire avec un retour sur nos lectures de la semaine derni\u00e8re (mais pas nos relectures). Nos lectures du 22 au 28 janvier 2024: Des lectures jeunesse: (BD jeunesse) Mortelle Ad\u00e8le au pays des Contes d\u00e9faits, Mortelle Ad\u00e8le, Choupidoulove (T10) et Extra\u2026","rel":"","context":"Dans &quot;Mini blogueur&quot;","block_context":{"text":"Mini blogueur","link":"https:\/\/www.jojoenherbe.com\/index.php\/category\/mini-blogueur\/"},"img":{"alt_text":"","src":"https:\/\/i0.wp.com\/www.jojoenherbe.com\/wp-content\/uploads\/2024\/01\/Mortelle-Adele-BD-4-150x150.jpg?resize=350%2C200","width":350,"height":200},"classes":[]},{"id":31501,"url":"https:\/\/www.jojoenherbe.com\/index.php\/2023\/08\/21\/point-lecture-hebdomadaire-2023-33\/","url_meta":{"origin":27922,"position":5},"title":"Point lecture hebdomadaire 2023 #33","author":"Jojo","date":"21 ao\u00fbt 2023","format":false,"excerpt":"En ce d\u00e9but de semaine, voici notre point lecture hebdomadaire avec un retour sur nos lectures de la semaine derni\u00e8re (mais pas nos relectures). Nos lectures du 14 au 20 ao\u00fbt 2023: Des lectures jeunesse: (Roman jeunesse) Vol d\u2019\u00e9t\u00e9 de Marie-Anne Abesdris Nous avons lu Vol d\u2019\u00e9t\u00e9 de Marie-Anne Abesdris\u2026","rel":"","context":"Dans &quot;Mini blogueur&quot;","block_context":{"text":"Mini blogueur","link":"https:\/\/www.jojoenherbe.com\/index.php\/category\/mini-blogueur\/"},"img":{"alt_text":"","src":"https:\/\/i0.wp.com\/www.jojoenherbe.com\/wp-content\/uploads\/2023\/08\/Vol-dete-150x150.jpg?resize=350%2C200","width":350,"height":200},"classes":[]}],"_links":{"self":[{"href":"https:\/\/www.jojoenherbe.com\/index.php\/wp-json\/wp\/v2\/posts\/27922","targetHints":{"allow":["GET"]}}],"collection":[{"href":"https:\/\/www.jojoenherbe.com\/index.php\/wp-json\/wp\/v2\/posts"}],"about":[{"href":"https:\/\/www.jojoenherbe.com\/index.php\/wp-json\/wp\/v2\/types\/post"}],"author":[{"embeddable":true,"href":"https:\/\/www.jojoenherbe.com\/index.php\/wp-json\/wp\/v2\/users\/1"}],"replies":[{"embeddable":true,"href":"https:\/\/www.jojoenherbe.com\/index.php\/wp-json\/wp\/v2\/comments?post=27922"}],"version-history":[{"count":22,"href":"https:\/\/www.jojoenherbe.com\/index.php\/wp-json\/wp\/v2\/posts\/27922\/revisions"}],"predecessor-version":[{"id":28195,"href":"https:\/\/www.jojoenherbe.com\/index.php\/wp-json\/wp\/v2\/posts\/27922\/revisions\/28195"}],"wp:featuredmedia":[{"embeddable":true,"href":"https:\/\/www.jojoenherbe.com\/index.php\/wp-json\/wp\/v2\/media\/27933"}],"wp:attachment":[{"href":"https:\/\/www.jojoenherbe.com\/index.php\/wp-json\/wp\/v2\/media?parent=27922"}],"wp:term":[{"taxonomy":"category","embeddable":true,"href":"https:\/\/www.jojoenherbe.com\/index.php\/wp-json\/wp\/v2\/categories?post=27922"},{"taxonomy":"post_tag","embeddable":true,"href":"https:\/\/www.jojoenherbe.com\/index.php\/wp-json\/wp\/v2\/tags?post=27922"}],"curies":[{"name":"wp","href":"https:\/\/api.w.org\/{rel}","templated":true}]}}