{"id":2784,"date":"2018-06-04T11:10:30","date_gmt":"2018-06-04T09:10:30","guid":{"rendered":"http:\/\/www.jojoenherbe.com\/?p=2784"},"modified":"2018-08-18T21:01:36","modified_gmt":"2018-08-18T19:01:36","slug":"pique-nique-au-col-de-chateauneuf","status":"publish","type":"post","link":"https:\/\/www.jojoenherbe.com\/index.php\/2018\/06\/04\/pique-nique-au-col-de-chateauneuf\/","title":{"rendered":"Pique-nique au col de Ch\u00e2teauneuf"},"content":{"rendered":"<p style=\"text-align: justify;\"><em><a href=\"https:\/\/i0.wp.com\/www.jojoenherbe.com\/wp-content\/uploads\/2018\/06\/Col-de-Ch%C3%A2teauneuf.jpg\"><img data-recalc-dims=\"1\" loading=\"lazy\" decoding=\"async\" data-attachment-id=\"2798\" data-permalink=\"https:\/\/www.jojoenherbe.com\/index.php\/2018\/06\/04\/pique-nique-au-col-de-chateauneuf\/col-de-chateauneuf\/\" data-orig-file=\"https:\/\/i0.wp.com\/www.jojoenherbe.com\/wp-content\/uploads\/2018\/06\/Col-de-Ch%C3%A2teauneuf.jpg?fit=2448%2C3264&amp;ssl=1\" data-orig-size=\"2448,3264\" data-comments-opened=\"1\" data-image-meta=\"{&quot;aperture&quot;:&quot;2.4&quot;,&quot;credit&quot;:&quot;&quot;,&quot;camera&quot;:&quot;iPhone 4S&quot;,&quot;caption&quot;:&quot;&quot;,&quot;created_timestamp&quot;:&quot;1528031563&quot;,&quot;copyright&quot;:&quot;&quot;,&quot;focal_length&quot;:&quot;4.28&quot;,&quot;iso&quot;:&quot;50&quot;,&quot;shutter_speed&quot;:&quot;0.00074294205052006&quot;,&quot;title&quot;:&quot;&quot;,&quot;orientation&quot;:&quot;1&quot;}\" data-image-title=\"Col de Ch\u00e2teauneuf\" data-image-description=\"\" data-image-caption=\"\" data-large-file=\"https:\/\/i0.wp.com\/www.jojoenherbe.com\/wp-content\/uploads\/2018\/06\/Col-de-Ch%C3%A2teauneuf.jpg?fit=676%2C901&amp;ssl=1\" class=\"alignleft size-thumbnail wp-image-2798\" src=\"https:\/\/i0.wp.com\/www.jojoenherbe.com\/wp-content\/uploads\/2018\/06\/Col-de-Ch%C3%A2teauneuf.jpg?resize=150%2C150\" alt=\"\" width=\"150\" height=\"150\" srcset=\"https:\/\/i0.wp.com\/www.jojoenherbe.com\/wp-content\/uploads\/2018\/06\/Col-de-Ch%C3%A2teauneuf.jpg?resize=150%2C150&amp;ssl=1 150w, https:\/\/i0.wp.com\/www.jojoenherbe.com\/wp-content\/uploads\/2018\/06\/Col-de-Ch%C3%A2teauneuf.jpg?zoom=2&amp;resize=150%2C150 300w, https:\/\/i0.wp.com\/www.jojoenherbe.com\/wp-content\/uploads\/2018\/06\/Col-de-Ch%C3%A2teauneuf.jpg?zoom=3&amp;resize=150%2C150 450w\" sizes=\"auto, (max-width: 150px) 100vw, 150px\" \/><\/a> <a href=\"https:\/\/i0.wp.com\/www.jojoenherbe.com\/wp-content\/uploads\/2018\/06\/Col-de-Ch%C3%A2teauneuf-6.jpg\"><img data-recalc-dims=\"1\" loading=\"lazy\" decoding=\"async\" data-attachment-id=\"2791\" data-permalink=\"https:\/\/www.jojoenherbe.com\/index.php\/2018\/06\/04\/pique-nique-au-col-de-chateauneuf\/col-de-chateauneuf-6\/\" data-orig-file=\"https:\/\/i0.wp.com\/www.jojoenherbe.com\/wp-content\/uploads\/2018\/06\/Col-de-Ch%C3%A2teauneuf-6.jpg?fit=2448%2C3264&amp;ssl=1\" data-orig-size=\"2448,3264\" data-comments-opened=\"1\" data-image-meta=\"{&quot;aperture&quot;:&quot;2.4&quot;,&quot;credit&quot;:&quot;&quot;,&quot;camera&quot;:&quot;iPhone 4S&quot;,&quot;caption&quot;:&quot;&quot;,&quot;created_timestamp&quot;:&quot;1528038858&quot;,&quot;copyright&quot;:&quot;&quot;,&quot;focal_length&quot;:&quot;4.28&quot;,&quot;iso&quot;:&quot;50&quot;,&quot;shutter_speed&quot;:&quot;0.0027548209366391&quot;,&quot;title&quot;:&quot;&quot;,&quot;orientation&quot;:&quot;1&quot;}\" data-image-title=\"Col de Ch\u00e2teauneuf 6\" data-image-description=\"\" data-image-caption=\"\" data-large-file=\"https:\/\/i0.wp.com\/www.jojoenherbe.com\/wp-content\/uploads\/2018\/06\/Col-de-Ch%C3%A2teauneuf-6.jpg?fit=676%2C901&amp;ssl=1\" class=\"alignleft size-thumbnail wp-image-2791\" src=\"https:\/\/i0.wp.com\/www.jojoenherbe.com\/wp-content\/uploads\/2018\/06\/Col-de-Ch%C3%A2teauneuf-6.jpg?resize=150%2C150\" alt=\"\" width=\"150\" height=\"150\" srcset=\"https:\/\/i0.wp.com\/www.jojoenherbe.com\/wp-content\/uploads\/2018\/06\/Col-de-Ch%C3%A2teauneuf-6.jpg?resize=150%2C150&amp;ssl=1 150w, https:\/\/i0.wp.com\/www.jojoenherbe.com\/wp-content\/uploads\/2018\/06\/Col-de-Ch%C3%A2teauneuf-6.jpg?zoom=2&amp;resize=150%2C150 300w, https:\/\/i0.wp.com\/www.jojoenherbe.com\/wp-content\/uploads\/2018\/06\/Col-de-Ch%C3%A2teauneuf-6.jpg?zoom=3&amp;resize=150%2C150 450w\" sizes=\"auto, (max-width: 150px) 100vw, 150px\" \/><\/a> <a href=\"https:\/\/i0.wp.com\/www.jojoenherbe.com\/wp-content\/uploads\/2018\/06\/Col-de-Ch%C3%A2teauneuf-7.jpg\"><img data-recalc-dims=\"1\" loading=\"lazy\" decoding=\"async\" data-attachment-id=\"2792\" data-permalink=\"https:\/\/www.jojoenherbe.com\/index.php\/2018\/06\/04\/pique-nique-au-col-de-chateauneuf\/col-de-chateauneuf-7\/\" data-orig-file=\"https:\/\/i0.wp.com\/www.jojoenherbe.com\/wp-content\/uploads\/2018\/06\/Col-de-Ch%C3%A2teauneuf-7.jpg?fit=2448%2C3264&amp;ssl=1\" data-orig-size=\"2448,3264\" data-comments-opened=\"1\" data-image-meta=\"{&quot;aperture&quot;:&quot;2.4&quot;,&quot;credit&quot;:&quot;&quot;,&quot;camera&quot;:&quot;iPhone 4S&quot;,&quot;caption&quot;:&quot;&quot;,&quot;created_timestamp&quot;:&quot;1528038903&quot;,&quot;copyright&quot;:&quot;&quot;,&quot;focal_length&quot;:&quot;4.28&quot;,&quot;iso&quot;:&quot;50&quot;,&quot;shutter_speed&quot;:&quot;0.0024271844660194&quot;,&quot;title&quot;:&quot;&quot;,&quot;orientation&quot;:&quot;1&quot;}\" data-image-title=\"Col de Ch\u00e2teauneuf 7\" data-image-description=\"\" data-image-caption=\"\" data-large-file=\"https:\/\/i0.wp.com\/www.jojoenherbe.com\/wp-content\/uploads\/2018\/06\/Col-de-Ch%C3%A2teauneuf-7.jpg?fit=676%2C901&amp;ssl=1\" class=\"alignleft size-thumbnail wp-image-2792\" src=\"https:\/\/i0.wp.com\/www.jojoenherbe.com\/wp-content\/uploads\/2018\/06\/Col-de-Ch%C3%A2teauneuf-7.jpg?resize=150%2C150\" alt=\"\" width=\"150\" height=\"150\" srcset=\"https:\/\/i0.wp.com\/www.jojoenherbe.com\/wp-content\/uploads\/2018\/06\/Col-de-Ch%C3%A2teauneuf-7.jpg?resize=150%2C150&amp;ssl=1 150w, https:\/\/i0.wp.com\/www.jojoenherbe.com\/wp-content\/uploads\/2018\/06\/Col-de-Ch%C3%A2teauneuf-7.jpg?zoom=2&amp;resize=150%2C150 300w, https:\/\/i0.wp.com\/www.jojoenherbe.com\/wp-content\/uploads\/2018\/06\/Col-de-Ch%C3%A2teauneuf-7.jpg?zoom=3&amp;resize=150%2C150 450w\" sizes=\"auto, (max-width: 150px) 100vw, 150px\" \/><\/a>Ce 3 juin 2018, nous montons au col de Ch\u00e2teauneuf (626 m\u00e8tres d&rsquo;altitude). Nous nous garons sur le parking du col, point de d\u00e9part de randonn\u00e9es, dont un sentier qui permet d&rsquo;acc\u00e9der, en montant, aux ruines de Ch\u00e2teauneuf, le \u00ab\u00a0Castrum Novum\u00a0\u00bb, ancien village m\u00e9di\u00e9val et abandonn\u00e9 au XVIIIe si\u00e8cle. Il fait d\u00e9j\u00e0 chaud. Nous nous installons avec des serviettes dans les herbes sous les arbres. L&rsquo;ascension pour les ruines sera pour une prochaine fois. <\/em><\/p>\n<p style=\"text-align: justify;\"><em><a href=\"https:\/\/i0.wp.com\/www.jojoenherbe.com\/wp-content\/uploads\/2018\/06\/Col-de-Ch%C3%A2teauneuf-9.jpg\"><img data-recalc-dims=\"1\" loading=\"lazy\" decoding=\"async\" data-attachment-id=\"2794\" data-permalink=\"https:\/\/www.jojoenherbe.com\/index.php\/2018\/06\/04\/pique-nique-au-col-de-chateauneuf\/col-de-chateauneuf-9\/\" data-orig-file=\"https:\/\/i0.wp.com\/www.jojoenherbe.com\/wp-content\/uploads\/2018\/06\/Col-de-Ch%C3%A2teauneuf-9.jpg?fit=2448%2C3264&amp;ssl=1\" data-orig-size=\"2448,3264\" data-comments-opened=\"1\" data-image-meta=\"{&quot;aperture&quot;:&quot;2.4&quot;,&quot;credit&quot;:&quot;&quot;,&quot;camera&quot;:&quot;iPhone 4S&quot;,&quot;caption&quot;:&quot;&quot;,&quot;created_timestamp&quot;:&quot;1528039002&quot;,&quot;copyright&quot;:&quot;&quot;,&quot;focal_length&quot;:&quot;4.28&quot;,&quot;iso&quot;:&quot;50&quot;,&quot;shutter_speed&quot;:&quot;0.0035714285714286&quot;,&quot;title&quot;:&quot;&quot;,&quot;orientation&quot;:&quot;1&quot;}\" data-image-title=\"Col de Ch\u00e2teauneuf 9\" data-image-description=\"\" data-image-caption=\"\" data-large-file=\"https:\/\/i0.wp.com\/www.jojoenherbe.com\/wp-content\/uploads\/2018\/06\/Col-de-Ch%C3%A2teauneuf-9.jpg?fit=676%2C901&amp;ssl=1\" class=\"size-thumbnail wp-image-2794 alignright\" src=\"https:\/\/i0.wp.com\/www.jojoenherbe.com\/wp-content\/uploads\/2018\/06\/Col-de-Ch%C3%A2teauneuf-9.jpg?resize=150%2C150\" alt=\"\" width=\"150\" height=\"150\" srcset=\"https:\/\/i0.wp.com\/www.jojoenherbe.com\/wp-content\/uploads\/2018\/06\/Col-de-Ch%C3%A2teauneuf-9.jpg?resize=150%2C150&amp;ssl=1 150w, https:\/\/i0.wp.com\/www.jojoenherbe.com\/wp-content\/uploads\/2018\/06\/Col-de-Ch%C3%A2teauneuf-9.jpg?zoom=2&amp;resize=150%2C150 300w, https:\/\/i0.wp.com\/www.jojoenherbe.com\/wp-content\/uploads\/2018\/06\/Col-de-Ch%C3%A2teauneuf-9.jpg?zoom=3&amp;resize=150%2C150 450w\" sizes=\"auto, (max-width: 150px) 100vw, 150px\" \/><\/a> <a href=\"https:\/\/i0.wp.com\/www.jojoenherbe.com\/wp-content\/uploads\/2018\/06\/Col-de-Ch%C3%A2teauneuf-4.jpg\"><img data-recalc-dims=\"1\" loading=\"lazy\" decoding=\"async\" data-attachment-id=\"2789\" data-permalink=\"https:\/\/www.jojoenherbe.com\/index.php\/2018\/06\/04\/pique-nique-au-col-de-chateauneuf\/col-de-chateauneuf-4\/\" data-orig-file=\"https:\/\/i0.wp.com\/www.jojoenherbe.com\/wp-content\/uploads\/2018\/06\/Col-de-Ch%C3%A2teauneuf-4.jpg?fit=2448%2C3264&amp;ssl=1\" data-orig-size=\"2448,3264\" data-comments-opened=\"1\" data-image-meta=\"{&quot;aperture&quot;:&quot;2.4&quot;,&quot;credit&quot;:&quot;&quot;,&quot;camera&quot;:&quot;iPhone 4S&quot;,&quot;caption&quot;:&quot;&quot;,&quot;created_timestamp&quot;:&quot;1528038724&quot;,&quot;copyright&quot;:&quot;&quot;,&quot;focal_length&quot;:&quot;4.28&quot;,&quot;iso&quot;:&quot;50&quot;,&quot;shutter_speed&quot;:&quot;0.003968253968254&quot;,&quot;title&quot;:&quot;&quot;,&quot;orientation&quot;:&quot;1&quot;}\" data-image-title=\"Col de Ch\u00e2teauneuf 4\" data-image-description=\"\" data-image-caption=\"\" data-large-file=\"https:\/\/i0.wp.com\/www.jojoenherbe.com\/wp-content\/uploads\/2018\/06\/Col-de-Ch%C3%A2teauneuf-4.jpg?fit=676%2C901&amp;ssl=1\" class=\"size-thumbnail wp-image-2789 alignright\" src=\"https:\/\/i0.wp.com\/www.jojoenherbe.com\/wp-content\/uploads\/2018\/06\/Col-de-Ch%C3%A2teauneuf-4.jpg?resize=150%2C150\" alt=\"\" width=\"150\" height=\"150\" srcset=\"https:\/\/i0.wp.com\/www.jojoenherbe.com\/wp-content\/uploads\/2018\/06\/Col-de-Ch%C3%A2teauneuf-4.jpg?resize=150%2C150&amp;ssl=1 150w, https:\/\/i0.wp.com\/www.jojoenherbe.com\/wp-content\/uploads\/2018\/06\/Col-de-Ch%C3%A2teauneuf-4.jpg?zoom=2&amp;resize=150%2C150 300w, https:\/\/i0.wp.com\/www.jojoenherbe.com\/wp-content\/uploads\/2018\/06\/Col-de-Ch%C3%A2teauneuf-4.jpg?zoom=3&amp;resize=150%2C150 450w\" sizes=\"auto, (max-width: 150px) 100vw, 150px\" \/><\/a> <a href=\"https:\/\/i0.wp.com\/www.jojoenherbe.com\/wp-content\/uploads\/2018\/06\/Col-de-Ch%C3%A2teauneuf-11.jpg\"><img data-recalc-dims=\"1\" loading=\"lazy\" decoding=\"async\" data-attachment-id=\"2796\" data-permalink=\"https:\/\/www.jojoenherbe.com\/index.php\/2018\/06\/04\/pique-nique-au-col-de-chateauneuf\/col-de-chateauneuf-11\/\" data-orig-file=\"https:\/\/i0.wp.com\/www.jojoenherbe.com\/wp-content\/uploads\/2018\/06\/Col-de-Ch%C3%A2teauneuf-11.jpg?fit=2131%2C2307&amp;ssl=1\" data-orig-size=\"2131,2307\" data-comments-opened=\"1\" data-image-meta=\"{&quot;aperture&quot;:&quot;2.4&quot;,&quot;credit&quot;:&quot;&quot;,&quot;camera&quot;:&quot;iPhone 4S&quot;,&quot;caption&quot;:&quot;&quot;,&quot;created_timestamp&quot;:&quot;1528039060&quot;,&quot;copyright&quot;:&quot;&quot;,&quot;focal_length&quot;:&quot;4.28&quot;,&quot;iso&quot;:&quot;50&quot;,&quot;shutter_speed&quot;:&quot;0.0045248868778281&quot;,&quot;title&quot;:&quot;&quot;,&quot;orientation&quot;:&quot;1&quot;}\" data-image-title=\"Col de Ch\u00e2teauneuf 11\" data-image-description=\"\" data-image-caption=\"\" data-large-file=\"https:\/\/i0.wp.com\/www.jojoenherbe.com\/wp-content\/uploads\/2018\/06\/Col-de-Ch%C3%A2teauneuf-11.jpg?fit=676%2C732&amp;ssl=1\" class=\"size-thumbnail wp-image-2796 alignright\" src=\"https:\/\/i0.wp.com\/www.jojoenherbe.com\/wp-content\/uploads\/2018\/06\/Col-de-Ch%C3%A2teauneuf-11.jpg?resize=150%2C150\" alt=\"\" width=\"150\" height=\"150\" srcset=\"https:\/\/i0.wp.com\/www.jojoenherbe.com\/wp-content\/uploads\/2018\/06\/Col-de-Ch%C3%A2teauneuf-11.jpg?resize=150%2C150&amp;ssl=1 150w, https:\/\/i0.wp.com\/www.jojoenherbe.com\/wp-content\/uploads\/2018\/06\/Col-de-Ch%C3%A2teauneuf-11.jpg?zoom=2&amp;resize=150%2C150 300w, https:\/\/i0.wp.com\/www.jojoenherbe.com\/wp-content\/uploads\/2018\/06\/Col-de-Ch%C3%A2teauneuf-11.jpg?zoom=3&amp;resize=150%2C150 450w\" sizes=\"auto, (max-width: 150px) 100vw, 150px\" \/><\/a>Qu&rsquo;il est agr\u00e9able de se d\u00e9tendre dans cette ambiance, parmi les fleurs et les petits animaux : libellules, papillons, abeilles et sauterelles&#8230; <\/em><em>\u00a0 <\/em><\/p>\n<p style=\"text-align: justify;\"><em><a href=\"https:\/\/i0.wp.com\/www.jojoenherbe.com\/wp-content\/uploads\/2018\/06\/Col-de-Ch%C3%A2teauneuf-12.jpg\"><img data-recalc-dims=\"1\" loading=\"lazy\" decoding=\"async\" data-attachment-id=\"2797\" data-permalink=\"https:\/\/www.jojoenherbe.com\/index.php\/2018\/06\/04\/pique-nique-au-col-de-chateauneuf\/col-de-chateauneuf-12\/\" data-orig-file=\"https:\/\/i0.wp.com\/www.jojoenherbe.com\/wp-content\/uploads\/2018\/06\/Col-de-Ch%C3%A2teauneuf-12.jpg?fit=1737%2C2328&amp;ssl=1\" data-orig-size=\"1737,2328\" data-comments-opened=\"1\" data-image-meta=\"{&quot;aperture&quot;:&quot;2.4&quot;,&quot;credit&quot;:&quot;&quot;,&quot;camera&quot;:&quot;iPhone 4S&quot;,&quot;caption&quot;:&quot;&quot;,&quot;created_timestamp&quot;:&quot;1528039107&quot;,&quot;copyright&quot;:&quot;&quot;,&quot;focal_length&quot;:&quot;4.28&quot;,&quot;iso&quot;:&quot;50&quot;,&quot;shutter_speed&quot;:&quot;0.0065789473684211&quot;,&quot;title&quot;:&quot;&quot;,&quot;orientation&quot;:&quot;1&quot;}\" data-image-title=\"Col de Ch\u00e2teauneuf 12\" data-image-description=\"\" data-image-caption=\"\" data-large-file=\"https:\/\/i0.wp.com\/www.jojoenherbe.com\/wp-content\/uploads\/2018\/06\/Col-de-Ch%C3%A2teauneuf-12.jpg?fit=676%2C906&amp;ssl=1\" class=\"alignleft size-thumbnail wp-image-2797\" src=\"https:\/\/i0.wp.com\/www.jojoenherbe.com\/wp-content\/uploads\/2018\/06\/Col-de-Ch%C3%A2teauneuf-12.jpg?resize=150%2C150\" alt=\"\" width=\"150\" height=\"150\" srcset=\"https:\/\/i0.wp.com\/www.jojoenherbe.com\/wp-content\/uploads\/2018\/06\/Col-de-Ch%C3%A2teauneuf-12.jpg?resize=150%2C150&amp;ssl=1 150w, https:\/\/i0.wp.com\/www.jojoenherbe.com\/wp-content\/uploads\/2018\/06\/Col-de-Ch%C3%A2teauneuf-12.jpg?zoom=2&amp;resize=150%2C150 300w, https:\/\/i0.wp.com\/www.jojoenherbe.com\/wp-content\/uploads\/2018\/06\/Col-de-Ch%C3%A2teauneuf-12.jpg?zoom=3&amp;resize=150%2C150 450w\" sizes=\"auto, (max-width: 150px) 100vw, 150px\" \/><\/a> <a href=\"https:\/\/i0.wp.com\/www.jojoenherbe.com\/wp-content\/uploads\/2018\/06\/Col-de-Ch%C3%A2teauneuf-5.jpg\"><img data-recalc-dims=\"1\" loading=\"lazy\" decoding=\"async\" data-attachment-id=\"2790\" data-permalink=\"https:\/\/www.jojoenherbe.com\/index.php\/2018\/06\/04\/pique-nique-au-col-de-chateauneuf\/col-de-chateauneuf-5\/\" data-orig-file=\"https:\/\/i0.wp.com\/www.jojoenherbe.com\/wp-content\/uploads\/2018\/06\/Col-de-Ch%C3%A2teauneuf-5.jpg?fit=2448%2C3264&amp;ssl=1\" data-orig-size=\"2448,3264\" data-comments-opened=\"1\" data-image-meta=\"{&quot;aperture&quot;:&quot;2.4&quot;,&quot;credit&quot;:&quot;&quot;,&quot;camera&quot;:&quot;iPhone 4S&quot;,&quot;caption&quot;:&quot;&quot;,&quot;created_timestamp&quot;:&quot;1528038838&quot;,&quot;copyright&quot;:&quot;&quot;,&quot;focal_length&quot;:&quot;4.28&quot;,&quot;iso&quot;:&quot;50&quot;,&quot;shutter_speed&quot;:&quot;0.0046296296296296&quot;,&quot;title&quot;:&quot;&quot;,&quot;orientation&quot;:&quot;1&quot;}\" data-image-title=\"Col de Ch\u00e2teauneuf 5\" data-image-description=\"\" data-image-caption=\"\" data-large-file=\"https:\/\/i0.wp.com\/www.jojoenherbe.com\/wp-content\/uploads\/2018\/06\/Col-de-Ch%C3%A2teauneuf-5.jpg?fit=676%2C901&amp;ssl=1\" class=\"alignleft size-thumbnail wp-image-2790\" src=\"https:\/\/i0.wp.com\/www.jojoenherbe.com\/wp-content\/uploads\/2018\/06\/Col-de-Ch%C3%A2teauneuf-5.jpg?resize=150%2C150\" alt=\"\" width=\"150\" height=\"150\" srcset=\"https:\/\/i0.wp.com\/www.jojoenherbe.com\/wp-content\/uploads\/2018\/06\/Col-de-Ch%C3%A2teauneuf-5.jpg?resize=150%2C150&amp;ssl=1 150w, https:\/\/i0.wp.com\/www.jojoenherbe.com\/wp-content\/uploads\/2018\/06\/Col-de-Ch%C3%A2teauneuf-5.jpg?zoom=2&amp;resize=150%2C150 300w, https:\/\/i0.wp.com\/www.jojoenherbe.com\/wp-content\/uploads\/2018\/06\/Col-de-Ch%C3%A2teauneuf-5.jpg?zoom=3&amp;resize=150%2C150 450w\" sizes=\"auto, (max-width: 150px) 100vw, 150px\" \/><\/a> <a href=\"https:\/\/i0.wp.com\/www.jojoenherbe.com\/wp-content\/uploads\/2018\/06\/Col-de-Ch%C3%A2teauneuf-2.jpg\"><img data-recalc-dims=\"1\" loading=\"lazy\" decoding=\"async\" data-attachment-id=\"2787\" data-permalink=\"https:\/\/www.jojoenherbe.com\/index.php\/2018\/06\/04\/pique-nique-au-col-de-chateauneuf\/col-de-chateauneuf-2\/\" data-orig-file=\"https:\/\/i0.wp.com\/www.jojoenherbe.com\/wp-content\/uploads\/2018\/06\/Col-de-Ch%C3%A2teauneuf-2.jpg?fit=2448%2C3264&amp;ssl=1\" data-orig-size=\"2448,3264\" data-comments-opened=\"1\" data-image-meta=\"{&quot;aperture&quot;:&quot;2.4&quot;,&quot;credit&quot;:&quot;&quot;,&quot;camera&quot;:&quot;iPhone 4S&quot;,&quot;caption&quot;:&quot;&quot;,&quot;created_timestamp&quot;:&quot;1528038594&quot;,&quot;copyright&quot;:&quot;&quot;,&quot;focal_length&quot;:&quot;4.28&quot;,&quot;iso&quot;:&quot;50&quot;,&quot;shutter_speed&quot;:&quot;0.001865671641791&quot;,&quot;title&quot;:&quot;&quot;,&quot;orientation&quot;:&quot;1&quot;}\" data-image-title=\"Col de Ch\u00e2teauneuf 2\" data-image-description=\"\" data-image-caption=\"\" data-large-file=\"https:\/\/i0.wp.com\/www.jojoenherbe.com\/wp-content\/uploads\/2018\/06\/Col-de-Ch%C3%A2teauneuf-2.jpg?fit=676%2C901&amp;ssl=1\" class=\"alignleft size-thumbnail wp-image-2787\" src=\"https:\/\/i0.wp.com\/www.jojoenherbe.com\/wp-content\/uploads\/2018\/06\/Col-de-Ch%C3%A2teauneuf-2.jpg?resize=150%2C150\" alt=\"\" width=\"150\" height=\"150\" srcset=\"https:\/\/i0.wp.com\/www.jojoenherbe.com\/wp-content\/uploads\/2018\/06\/Col-de-Ch%C3%A2teauneuf-2.jpg?resize=150%2C150&amp;ssl=1 150w, https:\/\/i0.wp.com\/www.jojoenherbe.com\/wp-content\/uploads\/2018\/06\/Col-de-Ch%C3%A2teauneuf-2.jpg?zoom=2&amp;resize=150%2C150 300w, https:\/\/i0.wp.com\/www.jojoenherbe.com\/wp-content\/uploads\/2018\/06\/Col-de-Ch%C3%A2teauneuf-2.jpg?zoom=3&amp;resize=150%2C150 450w\" sizes=\"auto, (max-width: 150px) 100vw, 150px\" \/><\/a>On en oublierait presque les va-et-vient des voitures et des cyclistes sur le parking, notamment une voiture dont le couple est arriv\u00e9 en trombe pour d\u00e9poser &#8211; cacher? &#8211; une fausse guitare au d\u00e9tour d&rsquo;un des sentiers&#8230;<\/em><\/p>\n<p style=\"text-align: justify;\"><span style=\"text-decoration: underline;\"><a href=\"https:\/\/i0.wp.com\/www.jojoenherbe.com\/wp-content\/uploads\/2018\/06\/col-de-Ch%C3%A2teauneuf.jpg\"><img data-recalc-dims=\"1\" loading=\"lazy\" decoding=\"async\" data-attachment-id=\"3521\" data-permalink=\"https:\/\/www.jojoenherbe.com\/index.php\/2018\/06\/04\/pique-nique-au-col-de-chateauneuf\/col-de-chateauneuf-13\/\" data-orig-file=\"https:\/\/i0.wp.com\/www.jojoenherbe.com\/wp-content\/uploads\/2018\/06\/col-de-Ch%C3%A2teauneuf.jpg?fit=5184%2C3888&amp;ssl=1\" data-orig-size=\"5184,3888\" data-comments-opened=\"1\" data-image-meta=\"{&quot;aperture&quot;:&quot;5&quot;,&quot;credit&quot;:&quot;&quot;,&quot;camera&quot;:&quot;DSC-HX400V&quot;,&quot;caption&quot;:&quot;&quot;,&quot;created_timestamp&quot;:&quot;1534606487&quot;,&quot;copyright&quot;:&quot;&quot;,&quot;focal_length&quot;:&quot;44.98&quot;,&quot;iso&quot;:&quot;80&quot;,&quot;shutter_speed&quot;:&quot;0.003125&quot;,&quot;title&quot;:&quot;&quot;,&quot;orientation&quot;:&quot;1&quot;}\" data-image-title=\"col de Ch\u00e2teauneuf\" data-image-description=\"\" data-image-caption=\"\" data-large-file=\"https:\/\/i0.wp.com\/www.jojoenherbe.com\/wp-content\/uploads\/2018\/06\/col-de-Ch%C3%A2teauneuf.jpg?fit=676%2C507&amp;ssl=1\" class=\"size-thumbnail wp-image-3521 alignright\" src=\"https:\/\/i0.wp.com\/www.jojoenherbe.com\/wp-content\/uploads\/2018\/06\/col-de-Ch%C3%A2teauneuf.jpg?resize=150%2C150\" alt=\"\" width=\"150\" height=\"150\" srcset=\"https:\/\/i0.wp.com\/www.jojoenherbe.com\/wp-content\/uploads\/2018\/06\/col-de-Ch%C3%A2teauneuf.jpg?resize=150%2C150&amp;ssl=1 150w, https:\/\/i0.wp.com\/www.jojoenherbe.com\/wp-content\/uploads\/2018\/06\/col-de-Ch%C3%A2teauneuf.jpg?zoom=2&amp;resize=150%2C150 300w, https:\/\/i0.wp.com\/www.jojoenherbe.com\/wp-content\/uploads\/2018\/06\/col-de-Ch%C3%A2teauneuf.jpg?zoom=3&amp;resize=150%2C150 450w\" sizes=\"auto, (max-width: 150px) 100vw, 150px\" \/><\/a>Mis \u00e0 jour<\/span>: <em>Ce 18 ao\u00fbt 2018, nous retournons au m\u00eame endroit. Mais il fait beaucoup plus chaud et les hautes herbes ont \u00e9t\u00e9, en grande partie, coup\u00e9es. N\u00e9anmoins, il y a encore beaucoup de papillons, libellules (rouges et vertes) et autres insectes sur les fleurs, principalement des \u0153illets. Nous arrivons m\u00eame \u00e0 apercevoir un serpent qui s&rsquo;enfuit pr\u00e9cipitamment \u00e0 notre arriv\u00e9e dans les rochers.<\/em><\/p>\n<p><iframe loading=\"lazy\" style=\"border: 0;\" src=\"https:\/\/www.google.com\/maps\/embed?pb=!1m18!1m12!1m3!1d19372.273257588848!2d7.271618567536604!3d43.799720566924876!2m3!1f0!2f0!3f0!3m2!1i1024!2i768!4f13.1!3m3!1m2!1s0x12cdc66e981e4bbd%3A0x10ef5d989833cd0!2sCol+de+Ch%C3%A2teauneuf!5e0!3m2!1sfr!2sfr!4v1528101640948\" width=\"400\" height=\"300\" frameborder=\"0\" allowfullscreen=\"allowfullscreen\"><\/iframe><\/p>\n","protected":false},"excerpt":{"rendered":"<p>Ce 3 juin 2018, nous montons au col de Ch\u00e2teauneuf (626 m\u00e8tres d&rsquo;altitude). Nous nous garons sur le parking du col, point de d\u00e9part de randonn\u00e9es, dont un sentier qui permet d&rsquo;acc\u00e9der, en montant, aux ruines de Ch\u00e2teauneuf, le \u00ab\u00a0Castrum Novum\u00a0\u00bb, ancien village m\u00e9di\u00e9val et abandonn\u00e9 au XVIIIe si\u00e8cle. Il fait d\u00e9j\u00e0 chaud. Nous nous [&hellip;]<\/p>\n","protected":false},"author":1,"featured_media":2788,"comment_status":"open","ping_status":"open","sticky":false,"template":"","format":"standard","meta":{"jetpack_post_was_ever_published":false,"_jetpack_newsletter_access":"","_jetpack_dont_email_post_to_subs":false,"_jetpack_newsletter_tier_id":0,"_jetpack_memberships_contains_paywalled_content":false,"_jetpack_memberships_contains_paid_content":false,"footnotes":""},"categories":[128],"tags":[25,243,242,245,5,246,244],"class_list":["post-2784","post","type-post","status-publish","format-standard","has-post-thumbnail","hentry","category-mini-baladeur","tag-alpes-maritimes","tag-chateuneuf-villevieille","tag-cols","tag-contes","tag-paca","tag-paillon","tag-ruines","post-preview"],"jetpack_featured_media_url":"https:\/\/i0.wp.com\/www.jojoenherbe.com\/wp-content\/uploads\/2018\/06\/Col-de-Ch%C3%A2teauneuf-3.jpg?fit=2448%2C3264&ssl=1","jetpack_sharing_enabled":true,"jetpack_shortlink":"https:\/\/wp.me\/p9zhGx-IU","jetpack_likes_enabled":true,"jetpack-related-posts":[{"id":6219,"url":"https:\/\/www.jojoenherbe.com\/index.php\/2019\/06\/10\/retour-dans-le-passe-a-tourrette-levens\/","url_meta":{"origin":2784,"position":0},"title":"Retour dans le pass\u00e9 \u00e0 Tourrette-Levens","author":"Jojo","date":"10 juin 2019","format":false,"excerpt":"Ce 2 juin 2016, nous allons \u00e0 Tourrette-Levens, village perch\u00e9 \u00e0 une dizaine de kilom\u00e8tres de Nice. Nous passons souvent dans cette municipalit\u00e9 mais n'avions pas pris le temps de la visiter, malgr\u00e9 notre curiosit\u00e9 pour les \u0153uvres d'art install\u00e9es au bord de la route et des ronds-points. Apr\u00e8s avoir\u2026","rel":"","context":"Dans &quot;Mini visiteur&quot;","block_context":{"text":"Mini visiteur","link":"https:\/\/www.jojoenherbe.com\/index.php\/category\/mini-crapahuteur\/mini-visiteur\/"},"img":{"alt_text":"","src":"https:\/\/i0.wp.com\/www.jojoenherbe.com\/wp-content\/uploads\/2019\/06\/Tourrette-Levens-5.jpg?fit=900%2C1200&ssl=1&resize=350%2C200","width":350,"height":200,"srcset":"https:\/\/i0.wp.com\/www.jojoenherbe.com\/wp-content\/uploads\/2019\/06\/Tourrette-Levens-5.jpg?fit=900%2C1200&ssl=1&resize=350%2C200 1x, https:\/\/i0.wp.com\/www.jojoenherbe.com\/wp-content\/uploads\/2019\/06\/Tourrette-Levens-5.jpg?fit=900%2C1200&ssl=1&resize=525%2C300 1.5x, https:\/\/i0.wp.com\/www.jojoenherbe.com\/wp-content\/uploads\/2019\/06\/Tourrette-Levens-5.jpg?fit=900%2C1200&ssl=1&resize=700%2C400 2x"},"classes":[]},{"id":849,"url":"https:\/\/www.jojoenherbe.com\/index.php\/2006\/12\/28\/randonnee-au-col-du-pilon-saint-vallier-de-thiey\/","url_meta":{"origin":2784,"position":1},"title":"Randonn\u00e9e au Col du Pilon &#8211; Saint-Vallier-de-Thiey","author":"Jojo","date":"28 d\u00e9cembre 2006","format":false,"excerpt":"Nous quittons Saint-Vallier-de-Thiey en direction de Grasse et garons la voiture, quelques kilom\u00e8tres plus loin au Col du Pilon, au niveau de la balise n\u00b056 pour d\u00e9buter notre randonn\u00e9e en direction du Castellaras de la Malle. Le sentier forestier est assez raide et tr\u00e8s caillouteux. Nous faisons attention \u00e0 ne\u2026","rel":"","context":"Dans &quot;Mini randonneur&quot;","block_context":{"text":"Mini randonneur","link":"https:\/\/www.jojoenherbe.com\/index.php\/category\/mini-crapahuteur\/mini-randonneur\/"},"img":{"alt_text":"","src":"https:\/\/i0.wp.com\/www.jojoenherbe.com\/wp-content\/uploads\/2006\/12\/Sentier-forestier-2.jpg?fit=1200%2C900&ssl=1&resize=350%2C200","width":350,"height":200,"srcset":"https:\/\/i0.wp.com\/www.jojoenherbe.com\/wp-content\/uploads\/2006\/12\/Sentier-forestier-2.jpg?fit=1200%2C900&ssl=1&resize=350%2C200 1x, https:\/\/i0.wp.com\/www.jojoenherbe.com\/wp-content\/uploads\/2006\/12\/Sentier-forestier-2.jpg?fit=1200%2C900&ssl=1&resize=525%2C300 1.5x, https:\/\/i0.wp.com\/www.jojoenherbe.com\/wp-content\/uploads\/2006\/12\/Sentier-forestier-2.jpg?fit=1200%2C900&ssl=1&resize=700%2C400 2x, https:\/\/i0.wp.com\/www.jojoenherbe.com\/wp-content\/uploads\/2006\/12\/Sentier-forestier-2.jpg?fit=1200%2C900&ssl=1&resize=1050%2C600 3x"},"classes":[]},{"id":3276,"url":"https:\/\/www.jojoenherbe.com\/index.php\/2015\/07\/20\/balade-au-col-de-la-cayolle\/","url_meta":{"origin":2784,"position":2},"title":"Balade au col de la Cayolle","author":"Jojo","date":"20 juillet 2015","format":false,"excerpt":"Ce 19 juillet 2015, un peu avant 9h00, nous quittons le camping de Saint-Martin d'Entraunes, apr\u00e8s y avoir pris un petit d\u00e9jeuner sur la terrasse surplombant le Var et nous rendons au col de la Cayolle, \u00e0 la fronti\u00e8re entre les Alpes-Maritimes et les Alpes de Haute-Provence, \u00e0 2.326 m\u00e8tres\u2026","rel":"","context":"Dans &quot;Mini randonneur&quot;","block_context":{"text":"Mini randonneur","link":"https:\/\/www.jojoenherbe.com\/index.php\/category\/mini-crapahuteur\/mini-randonneur\/"},"img":{"alt_text":"","src":"https:\/\/i0.wp.com\/www.jojoenherbe.com\/wp-content\/uploads\/2015\/07\/Col-de-la-Cayolle.jpg?fit=900%2C1200&ssl=1&resize=350%2C200","width":350,"height":200,"srcset":"https:\/\/i0.wp.com\/www.jojoenherbe.com\/wp-content\/uploads\/2015\/07\/Col-de-la-Cayolle.jpg?fit=900%2C1200&ssl=1&resize=350%2C200 1x, https:\/\/i0.wp.com\/www.jojoenherbe.com\/wp-content\/uploads\/2015\/07\/Col-de-la-Cayolle.jpg?fit=900%2C1200&ssl=1&resize=525%2C300 1.5x, https:\/\/i0.wp.com\/www.jojoenherbe.com\/wp-content\/uploads\/2015\/07\/Col-de-la-Cayolle.jpg?fit=900%2C1200&ssl=1&resize=700%2C400 2x"},"classes":[]},{"id":26474,"url":"https:\/\/www.jojoenherbe.com\/index.php\/2022\/06\/07\/des-marmottes-au-col-de-la-cayolle\/","url_meta":{"origin":2784,"position":3},"title":"Des marmottes au col de la Cayolle","author":"Jojo","date":"7 juin 2022","format":false,"excerpt":"Le 28 mai 2022, nous sommes partis nous balader au col de la Cayolle apr\u00e8s une longue halte d\u00e9jeuner \u00e0 Entrevaux. Une fois gar\u00e9s sur le parking am\u00e9nag\u00e9 au sommet du col, nous avons pris le temps de bien nous couvrir, les temp\u00e9ratures ayant bien chut\u00e9 (autour de 15 degr\u00e9s).\u2026","rel":"","context":"Dans &quot;Mini randonneur&quot;","block_context":{"text":"Mini randonneur","link":"https:\/\/www.jojoenherbe.com\/index.php\/category\/mini-crapahuteur\/mini-randonneur\/"},"img":{"alt_text":"","src":"https:\/\/i0.wp.com\/www.jojoenherbe.com\/wp-content\/uploads\/2022\/07\/Col-de-la-Cayolle-20-scaled.jpg?fit=1200%2C900&ssl=1&resize=350%2C200","width":350,"height":200,"srcset":"https:\/\/i0.wp.com\/www.jojoenherbe.com\/wp-content\/uploads\/2022\/07\/Col-de-la-Cayolle-20-scaled.jpg?fit=1200%2C900&ssl=1&resize=350%2C200 1x, https:\/\/i0.wp.com\/www.jojoenherbe.com\/wp-content\/uploads\/2022\/07\/Col-de-la-Cayolle-20-scaled.jpg?fit=1200%2C900&ssl=1&resize=525%2C300 1.5x, https:\/\/i0.wp.com\/www.jojoenherbe.com\/wp-content\/uploads\/2022\/07\/Col-de-la-Cayolle-20-scaled.jpg?fit=1200%2C900&ssl=1&resize=700%2C400 2x, https:\/\/i0.wp.com\/www.jojoenherbe.com\/wp-content\/uploads\/2022\/07\/Col-de-la-Cayolle-20-scaled.jpg?fit=1200%2C900&ssl=1&resize=1050%2C600 3x"},"classes":[]},{"id":5760,"url":"https:\/\/www.jojoenherbe.com\/index.php\/2019\/05\/02\/a-la-decouverte-de-la-clue-de-saint-auban-en-voiture\/","url_meta":{"origin":2784,"position":4},"title":"A la d\u00e9couverte de la clue de Saint-Auban en voiture","author":"Jojo","date":"2 mai 2019","format":false,"excerpt":"En ce 1er mai 2019, nous partons \u00e0 la d\u00e9couverte des clues de Haute-Provence, dans le secteur Sud de Puget-Th\u00e9niers. Nous prenons la D2211A en direction de La Penne, petit village entour\u00e9 de prairies et dont nous apercevons au sommet un pigeonnier qui semble bien conserv\u00e9. Puis nous passons \u00e0\u2026","rel":"","context":"Dans &quot;Mini baladeur&quot;","block_context":{"text":"Mini baladeur","link":"https:\/\/www.jojoenherbe.com\/index.php\/category\/mini-crapahuteur\/mini-baladeur\/"},"img":{"alt_text":"","src":"https:\/\/i0.wp.com\/www.jojoenherbe.com\/wp-content\/uploads\/2019\/05\/Clue-de-Saint-Auban-2.jpg?fit=1200%2C900&ssl=1&resize=350%2C200","width":350,"height":200,"srcset":"https:\/\/i0.wp.com\/www.jojoenherbe.com\/wp-content\/uploads\/2019\/05\/Clue-de-Saint-Auban-2.jpg?fit=1200%2C900&ssl=1&resize=350%2C200 1x, https:\/\/i0.wp.com\/www.jojoenherbe.com\/wp-content\/uploads\/2019\/05\/Clue-de-Saint-Auban-2.jpg?fit=1200%2C900&ssl=1&resize=525%2C300 1.5x, https:\/\/i0.wp.com\/www.jojoenherbe.com\/wp-content\/uploads\/2019\/05\/Clue-de-Saint-Auban-2.jpg?fit=1200%2C900&ssl=1&resize=700%2C400 2x, https:\/\/i0.wp.com\/www.jojoenherbe.com\/wp-content\/uploads\/2019\/05\/Clue-de-Saint-Auban-2.jpg?fit=1200%2C900&ssl=1&resize=1050%2C600 3x"},"classes":[]},{"id":512,"url":"https:\/\/www.jojoenherbe.com\/index.php\/2017\/09\/04\/pique-nique-au-col-de-lorme\/","url_meta":{"origin":2784,"position":5},"title":"Pique-nique au col de l&rsquo;Orme","author":"Jojo","date":"4 septembre 2017","format":false,"excerpt":"Ce 3 septembre 2017, nous finissons par nous d\u00e9cider, tard dans la matin\u00e9e, \u00e0 sortir pour pique-niquer. Nous nous rendons au col de l'Orme, au-dessus de Luc\u00e9ram. Ce que nous avions pris au loin pour de la neige se r\u00e9v\u00e8le \u00eatre des restes de gel\u00e9e matinale. Personne aux alentours, si\u2026","rel":"","context":"Dans &quot;Mini baladeur&quot;","block_context":{"text":"Mini baladeur","link":"https:\/\/www.jojoenherbe.com\/index.php\/category\/mini-crapahuteur\/mini-baladeur\/"},"img":{"alt_text":"","src":"https:\/\/i0.wp.com\/www.jojoenherbe.com\/wp-content\/uploads\/2018\/01\/Col-de-lOrme-3.jpg?fit=900%2C1200&ssl=1&resize=350%2C200","width":350,"height":200,"srcset":"https:\/\/i0.wp.com\/www.jojoenherbe.com\/wp-content\/uploads\/2018\/01\/Col-de-lOrme-3.jpg?fit=900%2C1200&ssl=1&resize=350%2C200 1x, https:\/\/i0.wp.com\/www.jojoenherbe.com\/wp-content\/uploads\/2018\/01\/Col-de-lOrme-3.jpg?fit=900%2C1200&ssl=1&resize=525%2C300 1.5x, https:\/\/i0.wp.com\/www.jojoenherbe.com\/wp-content\/uploads\/2018\/01\/Col-de-lOrme-3.jpg?fit=900%2C1200&ssl=1&resize=700%2C400 2x"},"classes":[]}],"_links":{"self":[{"href":"https:\/\/www.jojoenherbe.com\/index.php\/wp-json\/wp\/v2\/posts\/2784","targetHints":{"allow":["GET"]}}],"collection":[{"href":"https:\/\/www.jojoenherbe.com\/index.php\/wp-json\/wp\/v2\/posts"}],"about":[{"href":"https:\/\/www.jojoenherbe.com\/index.php\/wp-json\/wp\/v2\/types\/post"}],"author":[{"embeddable":true,"href":"https:\/\/www.jojoenherbe.com\/index.php\/wp-json\/wp\/v2\/users\/1"}],"replies":[{"embeddable":true,"href":"https:\/\/www.jojoenherbe.com\/index.php\/wp-json\/wp\/v2\/comments?post=2784"}],"version-history":[{"count":0,"href":"https:\/\/www.jojoenherbe.com\/index.php\/wp-json\/wp\/v2\/posts\/2784\/revisions"}],"wp:featuredmedia":[{"embeddable":true,"href":"https:\/\/www.jojoenherbe.com\/index.php\/wp-json\/wp\/v2\/media\/2788"}],"wp:attachment":[{"href":"https:\/\/www.jojoenherbe.com\/index.php\/wp-json\/wp\/v2\/media?parent=2784"}],"wp:term":[{"taxonomy":"category","embeddable":true,"href":"https:\/\/www.jojoenherbe.com\/index.php\/wp-json\/wp\/v2\/categories?post=2784"},{"taxonomy":"post_tag","embeddable":true,"href":"https:\/\/www.jojoenherbe.com\/index.php\/wp-json\/wp\/v2\/tags?post=2784"}],"curies":[{"name":"wp","href":"https:\/\/api.w.org\/{rel}","templated":true}]}}