{"id":27586,"date":"2022-09-14T14:08:30","date_gmt":"2022-09-14T12:08:30","guid":{"rendered":"https:\/\/www.jojoenherbe.com\/?p=27586"},"modified":"2022-10-31T18:22:58","modified_gmt":"2022-10-31T17:22:58","slug":"billet-de-suivi-challenge-halloween-2022","status":"publish","type":"post","link":"https:\/\/www.jojoenherbe.com\/index.php\/2022\/09\/14\/billet-de-suivi-challenge-halloween-2022\/","title":{"rendered":"Billet de suivi: Challenge Halloween 2022"},"content":{"rendered":"<p style=\"text-align: justify;\"><em>Je participe \u00e0 nouveau cette ann\u00e9e au Challenge Halloween organis\u00e9 par <a href=\"https:\/\/lelivroblog.fr\/2022\/09\/13\/le-challenge-halloween-2022\/\">Hilde<\/a> et <a href=\"http:\/\/www.myloubook.com\/2022\/09\/14\/le-challenge-halloween-2022\/\">Lou<\/a> et qui se d\u00e9roule du 23 septembre jusqu&rsquo;en novembre 2022. D\u00e8s le 23 septembre 2022, elles ouvrent les portes de leur manoir. Le challenge commence en douceur par un d\u00e9poussi\u00e9rage de PAL, premi\u00e8res suggestions halloweenesques et ambiances automnales. Puis le challenge battra son plein tout au long du mois d&rsquo;octobre. En novembre, il sera alors temps de refermer les portes du manoir avec bilan du challenge et derniers billets et prolongations. Pour plus d\u2019infos, n\u2019h\u00e9sitez pas \u00e0 aller sur leurs blogs.<br \/><\/em><\/p>\n<p style=\"text-align: justify;\"><em>Des nouvelles et anciennes th\u00e9matiques sont propos\u00e9es par nos deux sorci\u00e8res coorganisatrices cette ann\u00e9e: <\/em><\/p>\n<ul>\n<li style=\"text-align: justify;\"><em><img data-recalc-dims=\"1\" loading=\"lazy\" decoding=\"async\" class=\"wp-image-8004 alignleft\" src=\"https:\/\/lelivroblog.files.wordpress.com\/2022\/09\/familles-extraordinaires.png?w=1024&#038;resize=149%2C149\" sizes=\"auto, (max-width: 512px) 100vw, 512px\" srcset=\"https:\/\/lelivroblog.files.wordpress.com\/2022\/09\/familles-extraordinaires.png?w=1024 1024w, https:\/\/lelivroblog.files.wordpress.com\/2022\/09\/familles-extraordinaires.png?w=512 512w, https:\/\/lelivroblog.files.wordpress.com\/2022\/09\/familles-extraordinaires.png?w=150 150w, https:\/\/lelivroblog.files.wordpress.com\/2022\/09\/familles-extraordinaires.png?w=300 300w, https:\/\/lelivroblog.files.wordpress.com\/2022\/09\/familles-extraordinaires.png?w=768 768w\" alt=\"\" width=\"149\" height=\"149\" data-attachment-id=\"8004\" data-permalink=\"https:\/\/lelivroblog.fr\/2022\/09\/13\/le-challenge-halloween-2022\/familles-extraordinaires\/\" data-orig-file=\"https:\/\/lelivroblog.files.wordpress.com\/2022\/09\/familles-extraordinaires.png\" data-orig-size=\"1080,1080\" data-comments-opened=\"1\" data-image-meta=\"{&quot;aperture&quot;:&quot;0&quot;,&quot;credit&quot;:&quot;&quot;,&quot;camera&quot;:&quot;&quot;,&quot;caption&quot;:&quot;&quot;,&quot;created_timestamp&quot;:&quot;0&quot;,&quot;copyright&quot;:&quot;&quot;,&quot;focal_length&quot;:&quot;0&quot;,&quot;iso&quot;:&quot;0&quot;,&quot;shutter_speed&quot;:&quot;0&quot;,&quot;title&quot;:&quot;&quot;,&quot;orientation&quot;:&quot;0&quot;}\" data-image-title=\"Familles extraordinaires\" data-image-description=\"\" data-image-caption=\"\" data-medium-file=\"https:\/\/lelivroblog.files.wordpress.com\/2022\/09\/familles-extraordinaires.png?w=300\" data-large-file=\"https:\/\/lelivroblog.files.wordpress.com\/2022\/09\/familles-extraordinaires.png?w=736\" \/><span style=\"color: #800080;\"><strong>Familles extraordinaires<\/strong><\/span> (propos\u00e9 par Pedro Pan Rabbit) avec la famille Adams, les sorci\u00e8res avec la trilogie <span style=\"text-decoration: underline;\">Verte<\/span>, <span style=\"text-decoration: underline;\">Pome<\/span> et <span style=\"text-decoration: underline;\">Mauve<\/span> ou bien encore <span style=\"text-decoration: underline;\">Fils de Sorci\u00e8res<\/span>&#8230;<br \/><\/em><\/li>\n<li style=\"text-align: justify;\"><em> <img data-recalc-dims=\"1\" loading=\"lazy\" decoding=\"async\" class=\"wp-image-3868 alignright\" src=\"https:\/\/lelivroblog.files.wordpress.com\/2021\/11\/logo-challenge-halloween-21-nat.jpg?w=736&#038;resize=123%2C123\" sizes=\"auto, (max-width: 512px) 100vw, 512px\" srcset=\"https:\/\/lelivroblog.files.wordpress.com\/2021\/11\/logo-challenge-halloween-21-nat.jpg?w=512 512w, https:\/\/lelivroblog.files.wordpress.com\/2021\/11\/logo-challenge-halloween-21-nat.jpg?w=1024 1024w, https:\/\/lelivroblog.files.wordpress.com\/2021\/11\/logo-challenge-halloween-21-nat.jpg?w=150 150w, https:\/\/lelivroblog.files.wordpress.com\/2021\/11\/logo-challenge-halloween-21-nat.jpg?w=300 300w, https:\/\/lelivroblog.files.wordpress.com\/2021\/11\/logo-challenge-halloween-21-nat.jpg?w=768 768w\" alt=\"\" width=\"123\" height=\"123\" data-attachment-id=\"3868\" data-permalink=\"https:\/\/lelivroblog.fr\/logo-challenge-halloween-21-nat-2\/\" data-orig-file=\"https:\/\/lelivroblog.files.wordpress.com\/2021\/11\/logo-challenge-halloween-21-nat.jpg\" data-orig-size=\"2996,2995\" data-comments-opened=\"1\" data-image-meta=\"{&quot;aperture&quot;:&quot;0&quot;,&quot;credit&quot;:&quot;&quot;,&quot;camera&quot;:&quot;&quot;,&quot;caption&quot;:&quot;&quot;,&quot;created_timestamp&quot;:&quot;0&quot;,&quot;copyright&quot;:&quot;&quot;,&quot;focal_length&quot;:&quot;0&quot;,&quot;iso&quot;:&quot;0&quot;,&quot;shutter_speed&quot;:&quot;0&quot;,&quot;title&quot;:&quot;&quot;,&quot;orientation&quot;:&quot;1&quot;}\" data-image-title=\"logo-challenge-halloween-21-nat\" data-image-description=\"\" data-image-caption=\"\" data-medium-file=\"https:\/\/lelivroblog.files.wordpress.com\/2021\/11\/logo-challenge-halloween-21-nat.jpg?w=300\" data-large-file=\"https:\/\/lelivroblog.files.wordpress.com\/2021\/11\/logo-challenge-halloween-21-nat.jpg?w=736\" \/><span style=\"color: #ff6600;\"><strong>Cocooning, bien-\u00eatre, nature, DIY, pour un Halloween bon pour soi et respectueux de la nature!<\/strong><\/span> avec les ateliers bricolages de Syl, les rendez-vous photos d\u2019\u00e9coute et d\u2019observation de la Nature&#8230;<br \/><\/em><\/li>\n<li style=\"text-align: justify;\"><em><img data-recalc-dims=\"1\" loading=\"lazy\" decoding=\"async\" class=\"wp-image-8008 alignleft\" src=\"https:\/\/lelivroblog.files.wordpress.com\/2022\/09\/sorcieres-et-feminisme.jpg?w=1024&#038;resize=135%2C135\" sizes=\"auto, (max-width: 512px) 100vw, 512px\" srcset=\"https:\/\/lelivroblog.files.wordpress.com\/2022\/09\/sorcieres-et-feminisme.jpg?w=1024 1024w, https:\/\/lelivroblog.files.wordpress.com\/2022\/09\/sorcieres-et-feminisme.jpg?w=512 512w, https:\/\/lelivroblog.files.wordpress.com\/2022\/09\/sorcieres-et-feminisme.jpg?w=150 150w, https:\/\/lelivroblog.files.wordpress.com\/2022\/09\/sorcieres-et-feminisme.jpg?w=300 300w, https:\/\/lelivroblog.files.wordpress.com\/2022\/09\/sorcieres-et-feminisme.jpg?w=768 768w\" alt=\"\" width=\"135\" height=\"135\" data-attachment-id=\"8008\" data-permalink=\"https:\/\/lelivroblog.fr\/2022\/09\/13\/le-challenge-halloween-2022\/sorcieres-et-feminisme\/\" data-orig-file=\"https:\/\/lelivroblog.files.wordpress.com\/2022\/09\/sorcieres-et-feminisme.jpg\" data-orig-size=\"1080,1080\" data-comments-opened=\"1\" data-image-meta=\"{&quot;aperture&quot;:&quot;0&quot;,&quot;credit&quot;:&quot;&quot;,&quot;camera&quot;:&quot;&quot;,&quot;caption&quot;:&quot;&quot;,&quot;created_timestamp&quot;:&quot;0&quot;,&quot;copyright&quot;:&quot;&quot;,&quot;focal_length&quot;:&quot;0&quot;,&quot;iso&quot;:&quot;0&quot;,&quot;shutter_speed&quot;:&quot;0&quot;,&quot;title&quot;:&quot;&quot;,&quot;orientation&quot;:&quot;0&quot;}\" data-image-title=\"sorcieres-et-feminisme\" data-image-description=\"\" data-image-caption=\"\" data-medium-file=\"https:\/\/lelivroblog.files.wordpress.com\/2022\/09\/sorcieres-et-feminisme.jpg?w=300\" data-large-file=\"https:\/\/lelivroblog.files.wordpress.com\/2022\/09\/sorcieres-et-feminisme.jpg?w=736\" \/>et <span style=\"color: #008000;\">Sorci\u00e8res, magie verte et f\u00e9minit\u00e9 sacr\u00e9e<\/span> pour r\u00e9habiliter l&rsquo;image de la sorci\u00e8re: femme sachante, connaissant les secrets des plantes et sachant soigner, loin des st\u00e9r\u00e9otypes de la vile sorci\u00e8re dans son affreuse chaumi\u00e8re&#8230;<br \/><\/em><\/li>\n<\/ul>\n<p style=\"text-align: justify;\"><em><img data-recalc-dims=\"1\" loading=\"lazy\" decoding=\"async\" class=\"wp-image-8019 alignright\" src=\"https:\/\/lelivroblog.files.wordpress.com\/2022\/09\/checklist-halloween1.png?w=1024&#038;resize=176%2C176\" sizes=\"auto, (max-width: 512px) 100vw, 512px\" srcset=\"https:\/\/lelivroblog.files.wordpress.com\/2022\/09\/checklist-halloween1.png?w=1024 1024w, https:\/\/lelivroblog.files.wordpress.com\/2022\/09\/checklist-halloween1.png?w=512 512w, https:\/\/lelivroblog.files.wordpress.com\/2022\/09\/checklist-halloween1.png?w=150 150w, https:\/\/lelivroblog.files.wordpress.com\/2022\/09\/checklist-halloween1.png?w=300 300w, https:\/\/lelivroblog.files.wordpress.com\/2022\/09\/checklist-halloween1.png?w=768 768w\" alt=\"\" width=\"176\" height=\"176\" data-attachment-id=\"8019\" data-permalink=\"https:\/\/lelivroblog.fr\/2022\/09\/13\/le-challenge-halloween-2022\/checklist-halloween1\/\" data-orig-file=\"https:\/\/lelivroblog.files.wordpress.com\/2022\/09\/checklist-halloween1.png\" data-orig-size=\"1080,1080\" data-comments-opened=\"1\" data-image-meta=\"{&quot;aperture&quot;:&quot;0&quot;,&quot;credit&quot;:&quot;&quot;,&quot;camera&quot;:&quot;&quot;,&quot;caption&quot;:&quot;&quot;,&quot;created_timestamp&quot;:&quot;0&quot;,&quot;copyright&quot;:&quot;&quot;,&quot;focal_length&quot;:&quot;0&quot;,&quot;iso&quot;:&quot;0&quot;,&quot;shutter_speed&quot;:&quot;0&quot;,&quot;title&quot;:&quot;&quot;,&quot;orientation&quot;:&quot;0&quot;}\" data-image-title=\"checklist-halloween1\" data-image-description=\"\" data-image-caption=\"\" data-medium-file=\"https:\/\/lelivroblog.files.wordpress.com\/2022\/09\/checklist-halloween1.png?w=300\" data-large-file=\"https:\/\/lelivroblog.files.wordpress.com\/2022\/09\/checklist-halloween1.png?w=736\" \/>Il y aura aussi un RAT, des lectures communes et des rendez-vous inter-challenges avec Syl (du bricolage et des d\u00e9corations tous les mardis et des gourmandises halloweenesques tous les dimanches), avec Bidib et son challenge Contes et l\u00e9gendes, le challenge Des livres (et des \u00e9crans) en cuisine de Bidib et FondantGrignote, le challenge Un Mois au Japon \u00ab\u00a0Horreur et fantastique au Japon\u00a0\u00bb, le challenge British Mysteries \u00ab\u00a0English Ghosts\u00a0\u00bb ou bien encore le challenge Cottagecore de MissyCornish&#8230; <\/em><em>Hilde et Lou nous proposent aussi une check-list de th\u00e8mes vari\u00e9s issus d&rsquo;un sondage FB aupr\u00e8s des participants et selon nos envies de lectures.<\/em><\/p>\n<p style=\"text-align: justify;\"><em>De notre c\u00f4t\u00e9, nous avons d\u00e9j\u00e0 commenc\u00e9 \u00e0 piocher dans notre PAL tant automnale qu\u2019halloweenesque que j\u2019ai pr\u00e9par\u00e9e tout doucement mais s\u00fbrement depuis mi-ao\u00fbt mais que je continuerai \u00e0 alimenter. Nous avons ainsi d\u00e9j\u00e0 lu par exemple <span style=\"text-decoration: underline;\">Oups!<\/span> de Suzi Moore et Russell Ayto, les deux premiers tomes d&rsquo;<span style=\"text-decoration: underline;\">Oscar et Carrosse<\/span> de Ludovic Lecomte et Ir\u00e8ne Bonacina, <span style=\"text-decoration: underline;\">Les trois brigands<\/span> de Tomi Ungerer, <span style=\"text-decoration: underline;\">Regarde par la fen\u00eatre<\/span> de Katerina Gorelik&#8230; Ce billet sera ainsi actualis\u00e9 au fil du challenge tout en faisant un billet s\u00e9par\u00e9 pour chaque participation. <\/em><\/p>\n<div id=\"attachment_27591\" style=\"width: 686px\" class=\"wp-caption aligncenter\"><a href=\"https:\/\/i0.wp.com\/www.jojoenherbe.com\/wp-content\/uploads\/2022\/09\/Selection-Challenge-Halloween-2022-scaled.jpg\"><img data-recalc-dims=\"1\" loading=\"lazy\" decoding=\"async\" aria-describedby=\"caption-attachment-27591\" data-attachment-id=\"27591\" data-permalink=\"https:\/\/www.jojoenherbe.com\/index.php\/2022\/09\/14\/billet-de-suivi-challenge-halloween-2022\/selection-challenge-halloween-2022\/\" data-orig-file=\"https:\/\/i0.wp.com\/www.jojoenherbe.com\/wp-content\/uploads\/2022\/09\/Selection-Challenge-Halloween-2022-scaled.jpg?fit=2560%2C1378&amp;ssl=1\" data-orig-size=\"2560,1378\" data-comments-opened=\"1\" data-image-meta=\"{&quot;aperture&quot;:&quot;1.8&quot;,&quot;credit&quot;:&quot;&quot;,&quot;camera&quot;:&quot;iPhone 7&quot;,&quot;caption&quot;:&quot;&quot;,&quot;created_timestamp&quot;:&quot;1663159561&quot;,&quot;copyright&quot;:&quot;&quot;,&quot;focal_length&quot;:&quot;3.99&quot;,&quot;iso&quot;:&quot;100&quot;,&quot;shutter_speed&quot;:&quot;0.2&quot;,&quot;title&quot;:&quot;&quot;,&quot;orientation&quot;:&quot;1&quot;}\" data-image-title=\"S\u00e9lection Challenge Halloween 2022\" data-image-description=\"\" data-image-caption=\"\" data-large-file=\"https:\/\/i0.wp.com\/www.jojoenherbe.com\/wp-content\/uploads\/2022\/09\/Selection-Challenge-Halloween-2022-scaled.jpg?fit=676%2C364&amp;ssl=1\" class=\"wp-image-27591 size-large\" src=\"https:\/\/i0.wp.com\/www.jojoenherbe.com\/wp-content\/uploads\/2022\/09\/Selection-Challenge-Halloween-2022.jpg?resize=676%2C364\" alt=\"\" width=\"676\" height=\"364\" srcset=\"https:\/\/i0.wp.com\/www.jojoenherbe.com\/wp-content\/uploads\/2022\/09\/Selection-Challenge-Halloween-2022-scaled.jpg?resize=1024%2C551&amp;ssl=1 1024w, https:\/\/i0.wp.com\/www.jojoenherbe.com\/wp-content\/uploads\/2022\/09\/Selection-Challenge-Halloween-2022-scaled.jpg?resize=300%2C162&amp;ssl=1 300w, https:\/\/i0.wp.com\/www.jojoenherbe.com\/wp-content\/uploads\/2022\/09\/Selection-Challenge-Halloween-2022-scaled.jpg?resize=768%2C414&amp;ssl=1 768w, https:\/\/i0.wp.com\/www.jojoenherbe.com\/wp-content\/uploads\/2022\/09\/Selection-Challenge-Halloween-2022-scaled.jpg?resize=1536%2C827&amp;ssl=1 1536w, https:\/\/i0.wp.com\/www.jojoenherbe.com\/wp-content\/uploads\/2022\/09\/Selection-Challenge-Halloween-2022-scaled.jpg?resize=2048%2C1103&amp;ssl=1 2048w, https:\/\/i0.wp.com\/www.jojoenherbe.com\/wp-content\/uploads\/2022\/09\/Selection-Challenge-Halloween-2022-scaled.jpg?resize=676%2C364&amp;ssl=1 676w, https:\/\/i0.wp.com\/www.jojoenherbe.com\/wp-content\/uploads\/2022\/09\/Selection-Challenge-Halloween-2022-scaled.jpg?w=1352 1352w\" sizes=\"auto, (max-width: 676px) 100vw, 676px\" \/><\/a><p id=\"caption-attachment-27591\" class=\"wp-caption-text\">Petit aper\u00e7u de notre PAL halloweenesque<\/p><\/div>\n<p><span style=\"color: #ff6600;\"><strong><em><span style=\"text-decoration: underline;\">Semaine 1 du Challenge Halloween<\/span><\/em><\/strong><\/span><\/p>\n<p style=\"text-align: justify;\"><img data-recalc-dims=\"1\" loading=\"lazy\" decoding=\"async\" class=\"wp-image-8022 alignleft\" src=\"https:\/\/lelivroblog.files.wordpress.com\/2022\/09\/week-end-de-lecture1.jpg?w=1024&#038;resize=129%2C129\" sizes=\"auto, (max-width: 512px) 100vw, 512px\" srcset=\"https:\/\/lelivroblog.files.wordpress.com\/2022\/09\/week-end-de-lecture1.jpg?w=1024 1024w, https:\/\/lelivroblog.files.wordpress.com\/2022\/09\/week-end-de-lecture1.jpg?w=512 512w, https:\/\/lelivroblog.files.wordpress.com\/2022\/09\/week-end-de-lecture1.jpg?w=150 150w, https:\/\/lelivroblog.files.wordpress.com\/2022\/09\/week-end-de-lecture1.jpg?w=300 300w, https:\/\/lelivroblog.files.wordpress.com\/2022\/09\/week-end-de-lecture1.jpg?w=768 768w\" alt=\"\" width=\"129\" height=\"129\" data-attachment-id=\"8022\" data-permalink=\"https:\/\/lelivroblog.fr\/2022\/09\/13\/le-challenge-halloween-2022\/week-end-de-lecture1\/\" data-orig-file=\"https:\/\/lelivroblog.files.wordpress.com\/2022\/09\/week-end-de-lecture1.jpg\" data-orig-size=\"1080,1080\" data-comments-opened=\"1\" data-image-meta=\"{&quot;aperture&quot;:&quot;0&quot;,&quot;credit&quot;:&quot;&quot;,&quot;camera&quot;:&quot;&quot;,&quot;caption&quot;:&quot;&quot;,&quot;created_timestamp&quot;:&quot;0&quot;,&quot;copyright&quot;:&quot;&quot;,&quot;focal_length&quot;:&quot;0&quot;,&quot;iso&quot;:&quot;0&quot;,&quot;shutter_speed&quot;:&quot;0&quot;,&quot;title&quot;:&quot;&quot;,&quot;orientation&quot;:&quot;0&quot;}\" data-image-title=\"week-end-de-lecture1\" data-image-description=\"\" data-image-caption=\"\" data-medium-file=\"https:\/\/lelivroblog.files.wordpress.com\/2022\/09\/week-end-de-lecture1.jpg?w=300\" data-large-file=\"https:\/\/lelivroblog.files.wordpress.com\/2022\/09\/week-end-de-lecture1.jpg?w=736\" \/><em>Du <strong>23 au 25 septembre 2022<\/strong>, c&rsquo;est week-end d&rsquo;installation au Manoir. J&rsquo;avoue que nous n&rsquo;avons pas attendu pour ressortir nos d\u00e9corations automnales et halloweenesques (d&rsquo;ailleurs nos <a href=\"https:\/\/www.jojoenherbe.com\/index.php\/2020\/09\/23\/des-petites-sorcieres-pour-halloween\/\">petites sorci\u00e8res DIY<\/a> restent \u00e0 l&rsquo;ann\u00e9e) et lire sur ce th\u00e8me.\u00a0<\/em><\/p>\n<ul>\n<li style=\"text-align: justify;\"><em>23 septembre 2022: <a href=\"https:\/\/www.jojoenherbe.com\/index.php\/2022\/09\/23\/challenge-halloween-2022-week-end-dinstallation-au-manoir\/\">billet de suivi<\/a> du <span style=\"color: #000080;\"><strong>week-end d&rsquo;installation au Manoir <\/strong><\/span><\/em><em>avec papotages entre participantes, lectures, jeux de soci\u00e9t\u00e9 et balade le temps du premier week-end d&rsquo;automne 2022 cosy et pluvieux<\/em><\/li>\n<li style=\"text-align: justify;\"><em><a href=\"https:\/\/i0.wp.com\/www.jojoenherbe.com\/wp-content\/uploads\/2022\/09\/Mortina-T2-scaled.jpg\"><img data-recalc-dims=\"1\" loading=\"lazy\" decoding=\"async\" data-attachment-id=\"27774\" data-permalink=\"https:\/\/www.jojoenherbe.com\/index.php\/2022\/09\/24\/au-fil-des-pages-avec-le-tome-2-de-mortina\/mortina-t2\/\" data-orig-file=\"https:\/\/i0.wp.com\/www.jojoenherbe.com\/wp-content\/uploads\/2022\/09\/Mortina-T2-scaled.jpg?fit=2560%2C2018&amp;ssl=1\" data-orig-size=\"2560,2018\" data-comments-opened=\"1\" data-image-meta=\"{&quot;aperture&quot;:&quot;1.8&quot;,&quot;credit&quot;:&quot;&quot;,&quot;camera&quot;:&quot;iPhone 7&quot;,&quot;caption&quot;:&quot;&quot;,&quot;created_timestamp&quot;:&quot;1636028754&quot;,&quot;copyright&quot;:&quot;&quot;,&quot;focal_length&quot;:&quot;3.99&quot;,&quot;iso&quot;:&quot;100&quot;,&quot;shutter_speed&quot;:&quot;0.058823529411765&quot;,&quot;title&quot;:&quot;&quot;,&quot;orientation&quot;:&quot;1&quot;}\" data-image-title=\"Mortina T2\" data-image-description=\"\" data-image-caption=\"\" data-large-file=\"https:\/\/i0.wp.com\/www.jojoenherbe.com\/wp-content\/uploads\/2022\/09\/Mortina-T2-scaled.jpg?fit=676%2C533&amp;ssl=1\" class=\"size-thumbnail wp-image-27774 alignright\" src=\"https:\/\/i0.wp.com\/www.jojoenherbe.com\/wp-content\/uploads\/2022\/09\/Mortina-T2.jpg?resize=150%2C150\" alt=\"\" width=\"150\" height=\"150\" srcset=\"https:\/\/i0.wp.com\/www.jojoenherbe.com\/wp-content\/uploads\/2022\/09\/Mortina-T2-scaled.jpg?resize=150%2C150&amp;ssl=1 150w, https:\/\/i0.wp.com\/www.jojoenherbe.com\/wp-content\/uploads\/2022\/09\/Mortina-T2-scaled.jpg?zoom=2&amp;resize=150%2C150 300w, https:\/\/i0.wp.com\/www.jojoenherbe.com\/wp-content\/uploads\/2022\/09\/Mortina-T2-scaled.jpg?zoom=3&amp;resize=150%2C150 450w\" sizes=\"auto, (max-width: 150px) 100vw, 150px\" \/><\/a>24 septembre 2022\/Roman jeunesse pour le th\u00e8me \u00ab\u00a0Familles extraordinaires\u00a0\u00bb: le <a href=\"https:\/\/www.jojoenherbe.com\/index.php\/2022\/09\/24\/au-fil-des-pages-avec-le-tome-2-de-mortina\/\"><strong>tome 2<\/strong><\/a> de <strong><span style=\"text-decoration: underline;\">Mortina, L&rsquo;odieux cousin<\/span><\/strong> de Barbara Cantini (\u00e9d. Albin Michel Jeunesse, 2019), un roman jeunesse illustr\u00e9 et cartonn\u00e9 \u00e0 partir de 6 ans. <\/em><\/li>\n<\/ul>\n<p><span style=\"text-decoration: underline; color: #ff6600;\"><strong><em>Semaine 2 du Challenge Halloween<\/em><\/strong><\/span><\/p>\n<ul>\n<li style=\"text-align: justify;\"><em>27 septembre 2022\/Atelier bricolage de Syl avec aussi Isabelle et Hilde<br \/><\/em><\/li>\n<li style=\"text-align: justify;\"><em><a href=\"https:\/\/i0.wp.com\/www.jojoenherbe.com\/wp-content\/uploads\/2022\/09\/Beaulieu-sur-Mer-scaled.jpg\"><img data-recalc-dims=\"1\" loading=\"lazy\" decoding=\"async\" data-attachment-id=\"27846\" data-permalink=\"https:\/\/www.jojoenherbe.com\/index.php\/2022\/09\/23\/challenge-halloween-2022-week-end-dinstallation-au-manoir\/beaulieu-sur-mer\/\" data-orig-file=\"https:\/\/i0.wp.com\/www.jojoenherbe.com\/wp-content\/uploads\/2022\/09\/Beaulieu-sur-Mer-scaled.jpg?fit=1750%2C2560&amp;ssl=1\" data-orig-size=\"1750,2560\" data-comments-opened=\"1\" data-image-meta=\"{&quot;aperture&quot;:&quot;3.2&quot;,&quot;credit&quot;:&quot;&quot;,&quot;camera&quot;:&quot;DSC-HX400V&quot;,&quot;caption&quot;:&quot;&quot;,&quot;created_timestamp&quot;:&quot;1664118781&quot;,&quot;copyright&quot;:&quot;&quot;,&quot;focal_length&quot;:&quot;4.3&quot;,&quot;iso&quot;:&quot;80&quot;,&quot;shutter_speed&quot;:&quot;0.001&quot;,&quot;title&quot;:&quot;&quot;,&quot;orientation&quot;:&quot;1&quot;}\" data-image-title=\"Beaulieu-sur-Mer\" data-image-description=\"\" data-image-caption=\"\" data-large-file=\"https:\/\/i0.wp.com\/www.jojoenherbe.com\/wp-content\/uploads\/2022\/09\/Beaulieu-sur-Mer-scaled.jpg?fit=676%2C989&amp;ssl=1\" class=\"alignleft size-thumbnail wp-image-27846\" src=\"https:\/\/i0.wp.com\/www.jojoenherbe.com\/wp-content\/uploads\/2022\/09\/Beaulieu-sur-Mer.jpg?resize=150%2C150\" alt=\"\" width=\"150\" height=\"150\" srcset=\"https:\/\/i0.wp.com\/www.jojoenherbe.com\/wp-content\/uploads\/2022\/09\/Beaulieu-sur-Mer-scaled.jpg?resize=150%2C150&amp;ssl=1 150w, https:\/\/i0.wp.com\/www.jojoenherbe.com\/wp-content\/uploads\/2022\/09\/Beaulieu-sur-Mer-scaled.jpg?zoom=2&amp;resize=150%2C150 300w, https:\/\/i0.wp.com\/www.jojoenherbe.com\/wp-content\/uploads\/2022\/09\/Beaulieu-sur-Mer-scaled.jpg?zoom=3&amp;resize=150%2C150 450w\" sizes=\"auto, (max-width: 150px) 100vw, 150px\" \/><\/a>29 septembre 2022\/Photo Nature avec Syl, Isabelle et Hilde: <a href=\"https:\/\/www.jojoenherbe.com\/index.php\/2022\/09\/29\/la-nature-au-fil-de-lautomne-2022\/\">La Nature au fil de l\u2019automne 2022<\/a> et notre balade en bord de mer de dimanche dernier<\/em><\/li>\n<li style=\"text-align: justify;\"><em><a href=\"https:\/\/i0.wp.com\/www.jojoenherbe.com\/wp-content\/uploads\/2022\/09\/Oups-scaled.jpg\"><img data-recalc-dims=\"1\" loading=\"lazy\" decoding=\"async\" data-attachment-id=\"27362\" data-permalink=\"https:\/\/www.jojoenherbe.com\/index.php\/2022\/08\/29\/point-lecture-hebdomadaire-56\/oups\/\" data-orig-file=\"https:\/\/i0.wp.com\/www.jojoenherbe.com\/wp-content\/uploads\/2022\/09\/Oups-scaled.jpg?fit=2560%2C1730&amp;ssl=1\" data-orig-size=\"2560,1730\" data-comments-opened=\"1\" data-image-meta=\"{&quot;aperture&quot;:&quot;1.8&quot;,&quot;credit&quot;:&quot;&quot;,&quot;camera&quot;:&quot;iPhone 7&quot;,&quot;caption&quot;:&quot;&quot;,&quot;created_timestamp&quot;:&quot;1662485939&quot;,&quot;copyright&quot;:&quot;&quot;,&quot;focal_length&quot;:&quot;3.99&quot;,&quot;iso&quot;:&quot;100&quot;,&quot;shutter_speed&quot;:&quot;0.14285714285714&quot;,&quot;title&quot;:&quot;&quot;,&quot;orientation&quot;:&quot;1&quot;}\" data-image-title=\"Oups!\" data-image-description=\"\" data-image-caption=\"\" data-large-file=\"https:\/\/i0.wp.com\/www.jojoenherbe.com\/wp-content\/uploads\/2022\/09\/Oups-scaled.jpg?fit=676%2C457&amp;ssl=1\" class=\"size-thumbnail wp-image-27362 alignright\" src=\"https:\/\/i0.wp.com\/www.jojoenherbe.com\/wp-content\/uploads\/2022\/09\/Oups.jpg?resize=150%2C150\" alt=\"\" width=\"150\" height=\"150\" srcset=\"https:\/\/i0.wp.com\/www.jojoenherbe.com\/wp-content\/uploads\/2022\/09\/Oups-scaled.jpg?resize=150%2C150&amp;ssl=1 150w, https:\/\/i0.wp.com\/www.jojoenherbe.com\/wp-content\/uploads\/2022\/09\/Oups-scaled.jpg?zoom=2&amp;resize=150%2C150 300w, https:\/\/i0.wp.com\/www.jojoenherbe.com\/wp-content\/uploads\/2022\/09\/Oups-scaled.jpg?zoom=3&amp;resize=150%2C150 450w\" sizes=\"auto, (max-width: 150px) 100vw, 150px\" \/><\/a>1er octobre 2022\/LC avec <a href=\"https:\/\/sylectures.wordpress.com\/2022\/10\/01\/oups\/\">Syl<\/a>: <a href=\"https:\/\/www.jojoenherbe.com\/index.php\/2022\/10\/01\/au-fil-des-pages-avec-oups\/\"><span style=\"text-decoration: underline;\">Oups!<\/span><\/a> de Suzi Moore et Russell Ayto (\u00e9d. Kal\u00e9idoscope, diff. L\u2019\u00e9cole des loisirs, 2015), un album jeunesse \u00e0 partir de 3 ans<\/em><\/li>\n<li style=\"text-align: justify;\"><em><a href=\"https:\/\/i0.wp.com\/www.jojoenherbe.com\/wp-content\/uploads\/2022\/09\/Gateau-aux-pommes-10-scaled.jpg\"><img data-recalc-dims=\"1\" loading=\"lazy\" decoding=\"async\" data-attachment-id=\"27833\" data-permalink=\"https:\/\/www.jojoenherbe.com\/index.php\/2022\/09\/23\/challenge-halloween-2022-week-end-dinstallation-au-manoir\/gateau-aux-pommes-10\/\" data-orig-file=\"https:\/\/i0.wp.com\/www.jojoenherbe.com\/wp-content\/uploads\/2022\/09\/Gateau-aux-pommes-10-scaled.jpg?fit=2560%2C1920&amp;ssl=1\" data-orig-size=\"2560,1920\" data-comments-opened=\"1\" data-image-meta=\"{&quot;aperture&quot;:&quot;1.8&quot;,&quot;credit&quot;:&quot;&quot;,&quot;camera&quot;:&quot;iPhone 7&quot;,&quot;caption&quot;:&quot;&quot;,&quot;created_timestamp&quot;:&quot;1664021608&quot;,&quot;copyright&quot;:&quot;&quot;,&quot;focal_length&quot;:&quot;3.99&quot;,&quot;iso&quot;:&quot;80&quot;,&quot;shutter_speed&quot;:&quot;0.2&quot;,&quot;title&quot;:&quot;&quot;,&quot;orientation&quot;:&quot;1&quot;}\" data-image-title=\"G\u00e2teau aux pommes 10\" data-image-description=\"\" data-image-caption=\"\" data-large-file=\"https:\/\/i0.wp.com\/www.jojoenherbe.com\/wp-content\/uploads\/2022\/09\/Gateau-aux-pommes-10-scaled.jpg?fit=676%2C507&amp;ssl=1\" class=\"size-thumbnail wp-image-27833 alignleft\" src=\"https:\/\/i0.wp.com\/www.jojoenherbe.com\/wp-content\/uploads\/2022\/09\/Gateau-aux-pommes-10.jpg?resize=150%2C150\" alt=\"\" width=\"150\" height=\"150\" srcset=\"https:\/\/i0.wp.com\/www.jojoenherbe.com\/wp-content\/uploads\/2022\/09\/Gateau-aux-pommes-10-scaled.jpg?resize=150%2C150&amp;ssl=1 150w, https:\/\/i0.wp.com\/www.jojoenherbe.com\/wp-content\/uploads\/2022\/09\/Gateau-aux-pommes-10-scaled.jpg?zoom=2&amp;resize=150%2C150 300w, https:\/\/i0.wp.com\/www.jojoenherbe.com\/wp-content\/uploads\/2022\/09\/Gateau-aux-pommes-10-scaled.jpg?zoom=3&amp;resize=150%2C150 450w\" sizes=\"auto, (max-width: 150px) 100vw, 150px\" \/><\/a>2 octobre 2022\/Les gourmandises de Syl et Isabelle: la <a href=\"https:\/\/www.jojoenherbe.com\/index.php\/2022\/10\/02\/pause-gourmande-gateau-aux-pommes\/\">recette<\/a> du g\u00e2teau aux pommes prises dans l&rsquo;album jeunesse \u00e9ponyme de Dawn Casey et Genevi\u00e8ve Godbout (\u00e9d. La Past\u00e8que, 2019)<\/em><\/li>\n<\/ul>\n<p><span style=\"text-decoration: underline; color: #ff6600;\"><strong><em>Semaine 3 du Challenge Halloween<\/em><\/strong><\/span><\/p>\n<ul>\n<li style=\"text-align: justify;\"><em>4 octobre 2022\/Atelier bricolage de Syl avec aussi Isabelle, Hilde et Chicky Poo<\/em><\/li>\n<li style=\"text-align: justify;\"><a href=\"https:\/\/i0.wp.com\/www.jojoenherbe.com\/wp-content\/uploads\/2022\/09\/Les-trois-brigands-scaled.jpg\"><img data-recalc-dims=\"1\" loading=\"lazy\" decoding=\"async\" data-attachment-id=\"27424\" data-permalink=\"https:\/\/www.jojoenherbe.com\/index.php\/2022\/09\/05\/point-lecture-hebdomadaire-57\/les-trois-brigands\/\" data-orig-file=\"https:\/\/i0.wp.com\/www.jojoenherbe.com\/wp-content\/uploads\/2022\/09\/Les-trois-brigands-scaled.jpg?fit=2560%2C2043&amp;ssl=1\" data-orig-size=\"2560,2043\" data-comments-opened=\"1\" data-image-meta=\"{&quot;aperture&quot;:&quot;1.8&quot;,&quot;credit&quot;:&quot;&quot;,&quot;camera&quot;:&quot;iPhone 7&quot;,&quot;caption&quot;:&quot;&quot;,&quot;created_timestamp&quot;:&quot;1662635169&quot;,&quot;copyright&quot;:&quot;&quot;,&quot;focal_length&quot;:&quot;3.99&quot;,&quot;iso&quot;:&quot;100&quot;,&quot;shutter_speed&quot;:&quot;0.25&quot;,&quot;title&quot;:&quot;&quot;,&quot;orientation&quot;:&quot;1&quot;}\" data-image-title=\"Les trois brigands\" data-image-description=\"\" data-image-caption=\"\" data-large-file=\"https:\/\/i0.wp.com\/www.jojoenherbe.com\/wp-content\/uploads\/2022\/09\/Les-trois-brigands-scaled.jpg?fit=676%2C539&amp;ssl=1\" class=\"size-thumbnail wp-image-27424 alignright\" src=\"https:\/\/i0.wp.com\/www.jojoenherbe.com\/wp-content\/uploads\/2022\/09\/Les-trois-brigands.jpg?resize=150%2C150\" alt=\"\" width=\"150\" height=\"150\" srcset=\"https:\/\/i0.wp.com\/www.jojoenherbe.com\/wp-content\/uploads\/2022\/09\/Les-trois-brigands-scaled.jpg?resize=150%2C150&amp;ssl=1 150w, https:\/\/i0.wp.com\/www.jojoenherbe.com\/wp-content\/uploads\/2022\/09\/Les-trois-brigands-scaled.jpg?zoom=2&amp;resize=150%2C150 300w, https:\/\/i0.wp.com\/www.jojoenherbe.com\/wp-content\/uploads\/2022\/09\/Les-trois-brigands-scaled.jpg?zoom=3&amp;resize=150%2C150 450w\" sizes=\"auto, (max-width: 150px) 100vw, 150px\" \/><\/a><em>4 octobre 2022\/Album jeunesse: <a href=\"https:\/\/www.jojoenherbe.com\/index.php\/2022\/10\/04\/au-fil-des-pages-avec-les-trois-brigands\/\"><span style=\"text-decoration: underline;\">Les trois brigands<\/span><\/a> de Tomi Ungerer (\u00e9d. L\u2019\u00e9cole des loisirs, r\u00e9\u00e9d. 2011), un album jeunesse \u00e0 partir de 6 ans paru pour la premi\u00e8re fois en 1968<\/em><\/li>\n<li style=\"text-align: justify;\"><em><a href=\"https:\/\/i0.wp.com\/www.jojoenherbe.com\/wp-content\/uploads\/2022\/10\/Fils-de-Sorcieres-T1-scaled.jpg\"><img data-recalc-dims=\"1\" loading=\"lazy\" decoding=\"async\" data-attachment-id=\"27982\" data-permalink=\"https:\/\/www.jojoenherbe.com\/index.php\/2022\/10\/05\/au-fil-des-pages-avec-le-tome-1-de-fils-de-sorcieres\/fils-de-sorcieres-t1\/\" data-orig-file=\"https:\/\/i0.wp.com\/www.jojoenherbe.com\/wp-content\/uploads\/2022\/10\/Fils-de-Sorcieres-T1-scaled.jpg?fit=2560%2C2085&amp;ssl=1\" data-orig-size=\"2560,2085\" data-comments-opened=\"1\" data-image-meta=\"{&quot;aperture&quot;:&quot;1.8&quot;,&quot;credit&quot;:&quot;&quot;,&quot;camera&quot;:&quot;iPhone 7&quot;,&quot;caption&quot;:&quot;&quot;,&quot;created_timestamp&quot;:&quot;1664968984&quot;,&quot;copyright&quot;:&quot;&quot;,&quot;focal_length&quot;:&quot;3.99&quot;,&quot;iso&quot;:&quot;100&quot;,&quot;shutter_speed&quot;:&quot;0.076923076923077&quot;,&quot;title&quot;:&quot;&quot;,&quot;orientation&quot;:&quot;1&quot;}\" data-image-title=\"Fils de Sorci\u00e8res T1\" data-image-description=\"\" data-image-caption=\"\" data-large-file=\"https:\/\/i0.wp.com\/www.jojoenherbe.com\/wp-content\/uploads\/2022\/10\/Fils-de-Sorcieres-T1-scaled.jpg?fit=676%2C551&amp;ssl=1\" class=\"size-thumbnail wp-image-27982 alignleft\" src=\"https:\/\/i0.wp.com\/www.jojoenherbe.com\/wp-content\/uploads\/2022\/10\/Fils-de-Sorcieres-T1.jpg?resize=150%2C150\" alt=\"\" width=\"150\" height=\"150\" srcset=\"https:\/\/i0.wp.com\/www.jojoenherbe.com\/wp-content\/uploads\/2022\/10\/Fils-de-Sorcieres-T1-scaled.jpg?resize=150%2C150&amp;ssl=1 150w, https:\/\/i0.wp.com\/www.jojoenherbe.com\/wp-content\/uploads\/2022\/10\/Fils-de-Sorcieres-T1-scaled.jpg?zoom=2&amp;resize=150%2C150 300w, https:\/\/i0.wp.com\/www.jojoenherbe.com\/wp-content\/uploads\/2022\/10\/Fils-de-Sorcieres-T1-scaled.jpg?zoom=3&amp;resize=150%2C150 450w\" sizes=\"auto, (max-width: 150px) 100vw, 150px\" \/><\/a>5 octobre 2022\/LC avec <a href=\"https:\/\/lelivroblog.fr\/2022\/10\/05\/fils-de-sorcieres-1\/\">Hilde<\/a>: le tome 1 de <a href=\"https:\/\/www.jojoenherbe.com\/index.php\/2022\/10\/05\/au-fil-des-pages-avec-le-tome-1-de-fils-de-sorcieres\/\"><span style=\"text-decoration: underline;\">Fils de Sorci\u00e8res<\/span><\/a> de Maxe L\u2019Hermenier et Steven Dondt \u2013 Stedho (\u00e9d. Jungle, 2019, 72 pages), une BD jeunesse \u00e0 partir de 9 ans qui adapte le roman \u00e9ponyme de Pierre Bottero<\/em><\/li>\n<li style=\"text-align: justify;\"><em><a href=\"https:\/\/i0.wp.com\/www.jojoenherbe.com\/wp-content\/uploads\/2021\/09\/Un-the-a-leau-de-parapluie-scaled.jpg\"><img data-recalc-dims=\"1\" loading=\"lazy\" decoding=\"async\" data-attachment-id=\"20877\" data-permalink=\"https:\/\/www.jojoenherbe.com\/index.php\/2021\/09\/22\/nos-lectures-automnales-2021\/un-the-a-leau-de-parapluie\/\" data-orig-file=\"https:\/\/i0.wp.com\/www.jojoenherbe.com\/wp-content\/uploads\/2021\/09\/Un-the-a-leau-de-parapluie-scaled.jpg?fit=2560%2C1920&amp;ssl=1\" data-orig-size=\"2560,1920\" data-comments-opened=\"1\" data-image-meta=\"{&quot;aperture&quot;:&quot;1.8&quot;,&quot;credit&quot;:&quot;&quot;,&quot;camera&quot;:&quot;iPhone 7&quot;,&quot;caption&quot;:&quot;&quot;,&quot;created_timestamp&quot;:&quot;1632238369&quot;,&quot;copyright&quot;:&quot;&quot;,&quot;focal_length&quot;:&quot;3.99&quot;,&quot;iso&quot;:&quot;64&quot;,&quot;shutter_speed&quot;:&quot;0.058823529411765&quot;,&quot;title&quot;:&quot;&quot;,&quot;orientation&quot;:&quot;1&quot;}\" data-image-title=\"Un th\u00e9 \u00e0 l&amp;rsquo;eau de parapluie\" data-image-description=\"\" data-image-caption=\"\" data-large-file=\"https:\/\/i0.wp.com\/www.jojoenherbe.com\/wp-content\/uploads\/2021\/09\/Un-the-a-leau-de-parapluie-scaled.jpg?fit=676%2C507&amp;ssl=1\" class=\"size-thumbnail wp-image-20877 alignright\" src=\"https:\/\/i0.wp.com\/www.jojoenherbe.com\/wp-content\/uploads\/2021\/09\/Un-the-a-leau-de-parapluie.jpg?resize=150%2C150\" alt=\"\" width=\"150\" height=\"150\" srcset=\"https:\/\/i0.wp.com\/www.jojoenherbe.com\/wp-content\/uploads\/2021\/09\/Un-the-a-leau-de-parapluie-scaled.jpg?resize=150%2C150&amp;ssl=1 150w, https:\/\/i0.wp.com\/www.jojoenherbe.com\/wp-content\/uploads\/2021\/09\/Un-the-a-leau-de-parapluie-scaled.jpg?zoom=2&amp;resize=150%2C150 300w, https:\/\/i0.wp.com\/www.jojoenherbe.com\/wp-content\/uploads\/2021\/09\/Un-the-a-leau-de-parapluie-scaled.jpg?zoom=3&amp;resize=150%2C150 450w\" sizes=\"auto, (max-width: 150px) 100vw, 150px\" \/><\/a>6 octobre 2022\/Album jeunesse: <a href=\"https:\/\/www.jojoenherbe.com\/index.php\/2022\/10\/06\/au-fil-des-pages-avec-un-the-a-leau-de-parapluie\/\"><span style=\"text-decoration: underline;\">Un th\u00e9 \u00e0 l\u2019eau de parapluie<\/span><\/a> de Karen Hottois et Chlo\u00e9 Malard (\u00e9d. Seuil Jeunesse, 2020), un album jeunesse \u00e0 partir de 3 ans<\/em><\/li>\n<li style=\"text-align: justify;\"><em>6 octobre 2022\/Photo Nature avec Syl, Isabelle et Hilde: <a href=\"https:\/\/www.jojoenherbe.com\/index.php\/2022\/10\/06\/la-nature-au-fil-de-lautomne-2022-2\/\">La Nature au fil de l&rsquo;automne 2022 #2<\/a> avec des photos prises lors de nos derni\u00e8res sorties<br \/><\/em><\/li>\n<li style=\"text-align: justify;\"><em><a href=\"https:\/\/i0.wp.com\/www.jojoenherbe.com\/wp-content\/uploads\/2021\/09\/Magic-Charly-T2-1-scaled.jpg\"><img data-recalc-dims=\"1\" loading=\"lazy\" decoding=\"async\" data-attachment-id=\"21234\" data-permalink=\"https:\/\/www.jojoenherbe.com\/index.php\/2021\/09\/15\/billet-de-suivi-challenge-halloween-2021\/magic-charly-t2-2\/\" data-orig-file=\"https:\/\/i0.wp.com\/www.jojoenherbe.com\/wp-content\/uploads\/2021\/09\/Magic-Charly-T2-1-scaled.jpg?fit=2560%2C1960&amp;ssl=1\" data-orig-size=\"2560,1960\" data-comments-opened=\"1\" data-image-meta=\"{&quot;aperture&quot;:&quot;1.8&quot;,&quot;credit&quot;:&quot;&quot;,&quot;camera&quot;:&quot;iPhone 7&quot;,&quot;caption&quot;:&quot;&quot;,&quot;created_timestamp&quot;:&quot;1633436009&quot;,&quot;copyright&quot;:&quot;&quot;,&quot;focal_length&quot;:&quot;3.99&quot;,&quot;iso&quot;:&quot;100&quot;,&quot;shutter_speed&quot;:&quot;0.058823529411765&quot;,&quot;title&quot;:&quot;&quot;,&quot;orientation&quot;:&quot;1&quot;}\" data-image-title=\"Magic Charly T2\" data-image-description=\"\" data-image-caption=\"\" data-large-file=\"https:\/\/i0.wp.com\/www.jojoenherbe.com\/wp-content\/uploads\/2021\/09\/Magic-Charly-T2-1-scaled.jpg?fit=676%2C518&amp;ssl=1\" class=\"alignleft size-thumbnail wp-image-21234\" src=\"https:\/\/i0.wp.com\/www.jojoenherbe.com\/wp-content\/uploads\/2021\/09\/Magic-Charly-T2-1.jpg?resize=150%2C150\" alt=\"\" width=\"150\" height=\"150\" srcset=\"https:\/\/i0.wp.com\/www.jojoenherbe.com\/wp-content\/uploads\/2021\/09\/Magic-Charly-T2-1-scaled.jpg?resize=150%2C150&amp;ssl=1 150w, https:\/\/i0.wp.com\/www.jojoenherbe.com\/wp-content\/uploads\/2021\/09\/Magic-Charly-T2-1-scaled.jpg?zoom=2&amp;resize=150%2C150 300w, https:\/\/i0.wp.com\/www.jojoenherbe.com\/wp-content\/uploads\/2021\/09\/Magic-Charly-T2-1-scaled.jpg?zoom=3&amp;resize=150%2C150 450w\" sizes=\"auto, (max-width: 150px) 100vw, 150px\" \/><\/a>7 octobre 2022\/Roman ado: le <a href=\"https:\/\/www.jojoenherbe.com\/index.php\/2022\/10\/07\/au-fil-des-pages-avec-le-tome-2-de-magic-charly\/\">tome 2<\/a> de <span style=\"text-decoration: underline;\">Magic Charly, Bienvenue \u00e0 Saint-Fouettard<\/span> d\u2019Audrey Alwett (\u00e9d. Gallimard Jeunesse, 2021, 523 pages), un roman jeunesse fantasy \u00e0 partir de 12 ans et avec une magnifique illustration de couverture de Stan Manoukian <\/em><\/li>\n<li style=\"text-align: justify;\"><em><a href=\"https:\/\/i0.wp.com\/www.jojoenherbe.com\/wp-content\/uploads\/2022\/09\/Oscar-et-Carrosse-T1-scaled.jpg\"><img data-recalc-dims=\"1\" loading=\"lazy\" decoding=\"async\" data-attachment-id=\"27425\" data-permalink=\"https:\/\/www.jojoenherbe.com\/index.php\/2022\/09\/05\/point-lecture-hebdomadaire-57\/oscar-et-carrosse-t1\/\" data-orig-file=\"https:\/\/i0.wp.com\/www.jojoenherbe.com\/wp-content\/uploads\/2022\/09\/Oscar-et-Carrosse-T1-scaled.jpg?fit=2560%2C1961&amp;ssl=1\" data-orig-size=\"2560,1961\" data-comments-opened=\"1\" data-image-meta=\"{&quot;aperture&quot;:&quot;1.8&quot;,&quot;credit&quot;:&quot;&quot;,&quot;camera&quot;:&quot;iPhone 7&quot;,&quot;caption&quot;:&quot;&quot;,&quot;created_timestamp&quot;:&quot;1662635161&quot;,&quot;copyright&quot;:&quot;&quot;,&quot;focal_length&quot;:&quot;3.99&quot;,&quot;iso&quot;:&quot;100&quot;,&quot;shutter_speed&quot;:&quot;0.16666666666667&quot;,&quot;title&quot;:&quot;&quot;,&quot;orientation&quot;:&quot;1&quot;}\" data-image-title=\"Oscar et Carrosse T1\" data-image-description=\"\" data-image-caption=\"\" data-large-file=\"https:\/\/i0.wp.com\/www.jojoenherbe.com\/wp-content\/uploads\/2022\/09\/Oscar-et-Carrosse-T1-scaled.jpg?fit=676%2C518&amp;ssl=1\" class=\"size-thumbnail wp-image-27425 alignright\" src=\"https:\/\/i0.wp.com\/www.jojoenherbe.com\/wp-content\/uploads\/2022\/09\/Oscar-et-Carrosse-T1.jpg?resize=150%2C150\" alt=\"\" width=\"150\" height=\"150\" srcset=\"https:\/\/i0.wp.com\/www.jojoenherbe.com\/wp-content\/uploads\/2022\/09\/Oscar-et-Carrosse-T1-scaled.jpg?resize=150%2C150&amp;ssl=1 150w, https:\/\/i0.wp.com\/www.jojoenherbe.com\/wp-content\/uploads\/2022\/09\/Oscar-et-Carrosse-T1-scaled.jpg?zoom=2&amp;resize=150%2C150 300w, https:\/\/i0.wp.com\/www.jojoenherbe.com\/wp-content\/uploads\/2022\/09\/Oscar-et-Carrosse-T1-scaled.jpg?zoom=3&amp;resize=150%2C150 450w\" sizes=\"auto, (max-width: 150px) 100vw, 150px\" \/><\/a>8 octobre 2022\/Roman jeunesse: le <a href=\"https:\/\/www.jojoenherbe.com\/index.php\/2022\/10\/08\/au-fil-des-pages-avec-le-tome-1-doscar-et-carrosse\/\">tome 1<\/a> d\u2019<span style=\"text-decoration: underline;\">Oscar et Carrosse, La soupe de p\u00e2tes<\/span> de Ludovic Lecomte et Ir\u00e8ne Bonacina (\u00e9d. L\u2019\u00e9cole des loisirs, coll. Moucheron, 2020, 47 pages), un roman jeunesse \u00e0 partir de 6 ans<\/em><\/li>\n<\/ul>\n<p><span style=\"text-decoration: underline; color: #ff6600;\"><strong><em>Semaine 4 du Challenge Halloween<\/em><\/strong><\/span><\/p>\n<ul>\n<li style=\"text-align: justify;\"><em><a href=\"https:\/\/i0.wp.com\/www.jojoenherbe.com\/wp-content\/uploads\/2022\/09\/La-fille-qui-avait-bu-la-lune-scaled.jpg\"><img data-recalc-dims=\"1\" loading=\"lazy\" decoding=\"async\" data-attachment-id=\"27863\" data-permalink=\"https:\/\/www.jojoenherbe.com\/index.php\/2022\/09\/26\/point-lecture-hebdomadaire-60\/la-fille-qui-avait-bu-la-lune\/\" data-orig-file=\"https:\/\/i0.wp.com\/www.jojoenherbe.com\/wp-content\/uploads\/2022\/09\/La-fille-qui-avait-bu-la-lune-scaled.jpg?fit=2560%2C2029&amp;ssl=1\" data-orig-size=\"2560,2029\" data-comments-opened=\"1\" data-image-meta=\"{&quot;aperture&quot;:&quot;1.8&quot;,&quot;credit&quot;:&quot;&quot;,&quot;camera&quot;:&quot;iPhone 7&quot;,&quot;caption&quot;:&quot;&quot;,&quot;created_timestamp&quot;:&quot;1664190777&quot;,&quot;copyright&quot;:&quot;&quot;,&quot;focal_length&quot;:&quot;3.99&quot;,&quot;iso&quot;:&quot;100&quot;,&quot;shutter_speed&quot;:&quot;0.076923076923077&quot;,&quot;title&quot;:&quot;&quot;,&quot;orientation&quot;:&quot;1&quot;}\" data-image-title=\"La fille qui avait bu la lune\" data-image-description=\"\" data-image-caption=\"\" data-large-file=\"https:\/\/i0.wp.com\/www.jojoenherbe.com\/wp-content\/uploads\/2022\/09\/La-fille-qui-avait-bu-la-lune-scaled.jpg?fit=676%2C535&amp;ssl=1\" class=\"alignleft size-thumbnail wp-image-27863\" src=\"https:\/\/i0.wp.com\/www.jojoenherbe.com\/wp-content\/uploads\/2022\/09\/La-fille-qui-avait-bu-la-lune.jpg?resize=150%2C150\" alt=\"\" width=\"150\" height=\"150\" srcset=\"https:\/\/i0.wp.com\/www.jojoenherbe.com\/wp-content\/uploads\/2022\/09\/La-fille-qui-avait-bu-la-lune-scaled.jpg?resize=150%2C150&amp;ssl=1 150w, https:\/\/i0.wp.com\/www.jojoenherbe.com\/wp-content\/uploads\/2022\/09\/La-fille-qui-avait-bu-la-lune-scaled.jpg?zoom=2&amp;resize=150%2C150 300w, https:\/\/i0.wp.com\/www.jojoenherbe.com\/wp-content\/uploads\/2022\/09\/La-fille-qui-avait-bu-la-lune-scaled.jpg?zoom=3&amp;resize=150%2C150 450w\" sizes=\"auto, (max-width: 150px) 100vw, 150px\" \/><\/a>10 octobre 2022\/Roman ado: <a href=\"https:\/\/www.jojoenherbe.com\/index.php\/2022\/10\/10\/au-fil-des-pages-avec-la-fille-qui-avait-bu-la-lune\/\"><span style=\"text-decoration: underline;\">La fille qui avait bu la lune<\/span><\/a> de Kelly Barnhill (\u00e9d. S.N. Editions Anne Carri\u00e8re, 2017, 366 pages), un roman jeunesse fantasy pour les adolescents \u00e0 la magnifique illustration de couverture<\/em><\/li>\n<li style=\"text-align: justify;\"><em><a href=\"https:\/\/i0.wp.com\/www.jojoenherbe.com\/wp-content\/uploads\/2022\/10\/Carte-fantomes-DIY-5-scaled.jpg\"><img data-recalc-dims=\"1\" loading=\"lazy\" decoding=\"async\" data-attachment-id=\"28107\" data-permalink=\"https:\/\/www.jojoenherbe.com\/index.php\/2022\/10\/11\/une-carte-fantomes-diy\/carte-fantomes-diy-5\/\" data-orig-file=\"https:\/\/i0.wp.com\/www.jojoenherbe.com\/wp-content\/uploads\/2022\/10\/Carte-fantomes-DIY-5-scaled.jpg?fit=2560%2C1987&amp;ssl=1\" data-orig-size=\"2560,1987\" data-comments-opened=\"1\" data-image-meta=\"{&quot;aperture&quot;:&quot;1.8&quot;,&quot;credit&quot;:&quot;&quot;,&quot;camera&quot;:&quot;iPhone 7&quot;,&quot;caption&quot;:&quot;&quot;,&quot;created_timestamp&quot;:&quot;1665567830&quot;,&quot;copyright&quot;:&quot;&quot;,&quot;focal_length&quot;:&quot;3.99&quot;,&quot;iso&quot;:&quot;100&quot;,&quot;shutter_speed&quot;:&quot;0.25&quot;,&quot;title&quot;:&quot;&quot;,&quot;orientation&quot;:&quot;1&quot;}\" data-image-title=\"Carte fant\u00f4mes DIY 5\" data-image-description=\"\" data-image-caption=\"\" data-large-file=\"https:\/\/i0.wp.com\/www.jojoenherbe.com\/wp-content\/uploads\/2022\/10\/Carte-fantomes-DIY-5-scaled.jpg?fit=676%2C525&amp;ssl=1\" class=\"size-thumbnail wp-image-28107 alignright\" src=\"https:\/\/i0.wp.com\/www.jojoenherbe.com\/wp-content\/uploads\/2022\/10\/Carte-fantomes-DIY-5.jpg?resize=150%2C150\" alt=\"\" width=\"150\" height=\"150\" srcset=\"https:\/\/i0.wp.com\/www.jojoenherbe.com\/wp-content\/uploads\/2022\/10\/Carte-fantomes-DIY-5-scaled.jpg?resize=150%2C150&amp;ssl=1 150w, https:\/\/i0.wp.com\/www.jojoenherbe.com\/wp-content\/uploads\/2022\/10\/Carte-fantomes-DIY-5-scaled.jpg?zoom=2&amp;resize=150%2C150 300w, https:\/\/i0.wp.com\/www.jojoenherbe.com\/wp-content\/uploads\/2022\/10\/Carte-fantomes-DIY-5-scaled.jpg?zoom=3&amp;resize=150%2C150 450w\" sizes=\"auto, (max-width: 150px) 100vw, 150px\" \/><\/a>11 octobre 2022\/Atelier bricolage de Syl avec aussi Isabelle, Hilde et Chicky Poo: une <a href=\"https:\/\/www.jojoenherbe.com\/index.php\/2022\/10\/11\/une-carte-fantomes-diy\/\">carte fant\u00f4mes DIY<\/a> en suivant le tuto de Ma\u00ebva sur son compte IG Les mercredis sous la pluie<\/em><\/li>\n<li><em>13 octobre 2022\/Photo Nature avec Syl, Isabelle et Hilde: <a href=\"https:\/\/www.jojoenherbe.com\/index.php\/2022\/10\/13\/la-nature-au-fil-de-lautomne-2022-3\/\">La Nature au fil de l&rsquo;automne 2022 #3<\/a> avec des photos de la Coul\u00e9e Verte \u00e0 Nice<br \/><\/em><\/li>\n<\/ul>\n<p><span style=\"text-decoration: underline; color: #ff6600;\"><strong><em>Semaine 5 du Challenge Halloween<\/em><\/strong><\/span><\/p>\n<ul>\n<li style=\"text-align: justify;\"><em><a href=\"https:\/\/i0.wp.com\/www.jojoenherbe.com\/wp-content\/uploads\/2022\/09\/Pilu-des-bois-scaled.jpg\"><img data-recalc-dims=\"1\" loading=\"lazy\" decoding=\"async\" data-attachment-id=\"27361\" data-permalink=\"https:\/\/www.jojoenherbe.com\/index.php\/2022\/08\/29\/point-lecture-hebdomadaire-56\/pilu-des-bois\/\" data-orig-file=\"https:\/\/i0.wp.com\/www.jojoenherbe.com\/wp-content\/uploads\/2022\/09\/Pilu-des-bois-scaled.jpg?fit=2560%2C1958&amp;ssl=1\" data-orig-size=\"2560,1958\" data-comments-opened=\"1\" data-image-meta=\"{&quot;aperture&quot;:&quot;1.8&quot;,&quot;credit&quot;:&quot;&quot;,&quot;camera&quot;:&quot;iPhone 7&quot;,&quot;caption&quot;:&quot;&quot;,&quot;created_timestamp&quot;:&quot;1662485929&quot;,&quot;copyright&quot;:&quot;&quot;,&quot;focal_length&quot;:&quot;3.99&quot;,&quot;iso&quot;:&quot;100&quot;,&quot;shutter_speed&quot;:&quot;0.1&quot;,&quot;title&quot;:&quot;&quot;,&quot;orientation&quot;:&quot;1&quot;}\" data-image-title=\"Pilu des bois\" data-image-description=\"\" data-image-caption=\"\" data-large-file=\"https:\/\/i0.wp.com\/www.jojoenherbe.com\/wp-content\/uploads\/2022\/09\/Pilu-des-bois-scaled.jpg?fit=676%2C517&amp;ssl=1\" class=\"alignleft size-thumbnail wp-image-27361\" src=\"https:\/\/i0.wp.com\/www.jojoenherbe.com\/wp-content\/uploads\/2022\/09\/Pilu-des-bois.jpg?resize=150%2C150\" alt=\"\" width=\"150\" height=\"150\" srcset=\"https:\/\/i0.wp.com\/www.jojoenherbe.com\/wp-content\/uploads\/2022\/09\/Pilu-des-bois-scaled.jpg?resize=150%2C150&amp;ssl=1 150w, https:\/\/i0.wp.com\/www.jojoenherbe.com\/wp-content\/uploads\/2022\/09\/Pilu-des-bois-scaled.jpg?zoom=2&amp;resize=150%2C150 300w, https:\/\/i0.wp.com\/www.jojoenherbe.com\/wp-content\/uploads\/2022\/09\/Pilu-des-bois-scaled.jpg?zoom=3&amp;resize=150%2C150 450w\" sizes=\"auto, (max-width: 150px) 100vw, 150px\" \/><\/a>19 octobre 2022\/BD jeunesse: <a href=\"https:\/\/www.jojoenherbe.com\/index.php\/2022\/10\/19\/au-fil-des-pages-avec-pilu-des-bois\/\"><span style=\"text-decoration: underline;\">Pilu des bois<\/span><\/a> de Mai K. Nguyen (\u00e9d. Kinaye, coll. Graphic Kids, 2021, 160 pages), une BD jeunesse \u00e0 partir de 9 ans<\/em><\/li>\n<li style=\"text-align: justify;\"><em><a href=\"https:\/\/i0.wp.com\/www.jojoenherbe.com\/wp-content\/uploads\/2022\/10\/Eli-Gaston-BD-scaled.jpg\"><img data-recalc-dims=\"1\" loading=\"lazy\" decoding=\"async\" data-attachment-id=\"28329\" data-permalink=\"https:\/\/www.jojoenherbe.com\/index.php\/2022\/10\/19\/au-fil-des-pages-avec-le-tome-2-deli-gaston\/eli-gaston-bd\/\" data-orig-file=\"https:\/\/i0.wp.com\/www.jojoenherbe.com\/wp-content\/uploads\/2022\/10\/Eli-Gaston-BD-scaled.jpg?fit=2560%2C1885&amp;ssl=1\" data-orig-size=\"2560,1885\" data-comments-opened=\"1\" data-image-meta=\"{&quot;aperture&quot;:&quot;1.8&quot;,&quot;credit&quot;:&quot;&quot;,&quot;camera&quot;:&quot;iPhone 7&quot;,&quot;caption&quot;:&quot;&quot;,&quot;created_timestamp&quot;:&quot;1666085608&quot;,&quot;copyright&quot;:&quot;&quot;,&quot;focal_length&quot;:&quot;3.99&quot;,&quot;iso&quot;:&quot;80&quot;,&quot;shutter_speed&quot;:&quot;0.16666666666667&quot;,&quot;title&quot;:&quot;&quot;,&quot;orientation&quot;:&quot;1&quot;}\" data-image-title=\"Eli &amp;#038; Gaston BD\" data-image-description=\"\" data-image-caption=\"\" data-large-file=\"https:\/\/i0.wp.com\/www.jojoenherbe.com\/wp-content\/uploads\/2022\/10\/Eli-Gaston-BD-scaled.jpg?fit=676%2C498&amp;ssl=1\" class=\"size-thumbnail wp-image-28329 alignright\" src=\"https:\/\/i0.wp.com\/www.jojoenherbe.com\/wp-content\/uploads\/2022\/10\/Eli-Gaston-BD.jpg?resize=150%2C150\" alt=\"\" width=\"150\" height=\"150\" srcset=\"https:\/\/i0.wp.com\/www.jojoenherbe.com\/wp-content\/uploads\/2022\/10\/Eli-Gaston-BD-scaled.jpg?resize=150%2C150&amp;ssl=1 150w, https:\/\/i0.wp.com\/www.jojoenherbe.com\/wp-content\/uploads\/2022\/10\/Eli-Gaston-BD-scaled.jpg?zoom=2&amp;resize=150%2C150 300w, https:\/\/i0.wp.com\/www.jojoenherbe.com\/wp-content\/uploads\/2022\/10\/Eli-Gaston-BD-scaled.jpg?zoom=3&amp;resize=150%2C150 450w\" sizes=\"auto, (max-width: 150px) 100vw, 150px\" \/><\/a>19 octobre 2022\/BD jeunesse:<\/em> <em>le <a href=\"https:\/\/www.jojoenherbe.com\/index.php\/2022\/10\/19\/au-fil-des-pages-avec-le-tome-2-deli-gaston\/\">tome 2<\/a> d\u2019<span style=\"text-decoration: underline;\">Eli &amp; Gaston, La for\u00eat des souvenirs<\/span> de C\u00e9line Deregnaucourt et\u00a0 Ludovic Villain (\u00e9d. Ankama, 2021, 104 pages), une BD jeunesse \u00e0 partir de 7 ans et qui se finit avec un petit cahier graphique<\/em><\/li>\n<li style=\"text-align: justify;\"><em><a href=\"https:\/\/i0.wp.com\/www.jojoenherbe.com\/wp-content\/uploads\/2022\/10\/Parc-de-Vaugrenier-scaled.jpg\"><img data-recalc-dims=\"1\" loading=\"lazy\" decoding=\"async\" data-attachment-id=\"28382\" data-permalink=\"https:\/\/www.jojoenherbe.com\/index.php\/2022\/10\/20\/la-nature-au-fil-de-lautomne-2022-4\/parc-de-vaugrenier-14\/\" data-orig-file=\"https:\/\/i0.wp.com\/www.jojoenherbe.com\/wp-content\/uploads\/2022\/10\/Parc-de-Vaugrenier-scaled.jpg?fit=2560%2C1920&amp;ssl=1\" data-orig-size=\"2560,1920\" data-comments-opened=\"1\" data-image-meta=\"{&quot;aperture&quot;:&quot;4&quot;,&quot;credit&quot;:&quot;&quot;,&quot;camera&quot;:&quot;DSC-HX400V&quot;,&quot;caption&quot;:&quot;&quot;,&quot;created_timestamp&quot;:&quot;1665924123&quot;,&quot;copyright&quot;:&quot;&quot;,&quot;focal_length&quot;:&quot;16.16&quot;,&quot;iso&quot;:&quot;80&quot;,&quot;shutter_speed&quot;:&quot;0.01&quot;,&quot;title&quot;:&quot;&quot;,&quot;orientation&quot;:&quot;1&quot;}\" data-image-title=\"Parc de Vaugrenier\" data-image-description=\"\" data-image-caption=\"\" data-large-file=\"https:\/\/i0.wp.com\/www.jojoenherbe.com\/wp-content\/uploads\/2022\/10\/Parc-de-Vaugrenier-scaled.jpg?fit=676%2C507&amp;ssl=1\" class=\"size-thumbnail wp-image-28382 alignleft\" src=\"https:\/\/i0.wp.com\/www.jojoenherbe.com\/wp-content\/uploads\/2022\/10\/Parc-de-Vaugrenier.jpg?resize=150%2C150\" alt=\"\" width=\"150\" height=\"150\" srcset=\"https:\/\/i0.wp.com\/www.jojoenherbe.com\/wp-content\/uploads\/2022\/10\/Parc-de-Vaugrenier-scaled.jpg?resize=150%2C150&amp;ssl=1 150w, https:\/\/i0.wp.com\/www.jojoenherbe.com\/wp-content\/uploads\/2022\/10\/Parc-de-Vaugrenier-scaled.jpg?zoom=2&amp;resize=150%2C150 300w, https:\/\/i0.wp.com\/www.jojoenherbe.com\/wp-content\/uploads\/2022\/10\/Parc-de-Vaugrenier-scaled.jpg?zoom=3&amp;resize=150%2C150 450w\" sizes=\"auto, (max-width: 150px) 100vw, 150px\" \/><\/a>20 octobre 2022\/Photo Nature avec Syl, Isabelle et Hilde: <a href=\"https:\/\/www.jojoenherbe.com\/index.php\/2022\/10\/20\/la-nature-au-fil-de-lautomne-2022-4\/\">La Nature au fil de l&rsquo;automne 2022 #4<\/a> avec des photos du parc de Vaugrenier \u00e0 Villeneuve-Loubet<br \/><\/em><\/li>\n<li style=\"text-align: justify;\"><em><a href=\"https:\/\/i0.wp.com\/www.jojoenherbe.com\/wp-content\/uploads\/2022\/10\/Un-tresor-danniversaire-2.jpg\"><img data-recalc-dims=\"1\" loading=\"lazy\" decoding=\"async\" data-attachment-id=\"28369\" data-permalink=\"https:\/\/www.jojoenherbe.com\/index.php\/2022\/10\/20\/au-fil-des-pages-avec-un-tresor-danniversaire\/un-tresor-danniversaire-2-2\/\" data-orig-file=\"https:\/\/i0.wp.com\/www.jojoenherbe.com\/wp-content\/uploads\/2022\/10\/Un-tresor-danniversaire-2.jpg?fit=2492%2C2075&amp;ssl=1\" data-orig-size=\"2492,2075\" data-comments-opened=\"1\" data-image-meta=\"{&quot;aperture&quot;:&quot;1.8&quot;,&quot;credit&quot;:&quot;&quot;,&quot;camera&quot;:&quot;iPhone 7&quot;,&quot;caption&quot;:&quot;&quot;,&quot;created_timestamp&quot;:&quot;1634484631&quot;,&quot;copyright&quot;:&quot;&quot;,&quot;focal_length&quot;:&quot;3.99&quot;,&quot;iso&quot;:&quot;32&quot;,&quot;shutter_speed&quot;:&quot;0.01&quot;,&quot;title&quot;:&quot;&quot;,&quot;orientation&quot;:&quot;1&quot;}\" data-image-title=\"Un tr\u00e9sor d&amp;rsquo;anniversaire 2\" data-image-description=\"\" data-image-caption=\"\" data-large-file=\"https:\/\/i0.wp.com\/www.jojoenherbe.com\/wp-content\/uploads\/2022\/10\/Un-tresor-danniversaire-2.jpg?fit=676%2C563&amp;ssl=1\" class=\"size-thumbnail wp-image-28369 alignright\" src=\"https:\/\/i0.wp.com\/www.jojoenherbe.com\/wp-content\/uploads\/2022\/10\/Un-tresor-danniversaire-2.jpg?resize=150%2C150\" alt=\"\" width=\"150\" height=\"150\" srcset=\"https:\/\/i0.wp.com\/www.jojoenherbe.com\/wp-content\/uploads\/2022\/10\/Un-tresor-danniversaire-2.jpg?resize=150%2C150&amp;ssl=1 150w, https:\/\/i0.wp.com\/www.jojoenherbe.com\/wp-content\/uploads\/2022\/10\/Un-tresor-danniversaire-2.jpg?zoom=2&amp;resize=150%2C150 300w, https:\/\/i0.wp.com\/www.jojoenherbe.com\/wp-content\/uploads\/2022\/10\/Un-tresor-danniversaire-2.jpg?zoom=3&amp;resize=150%2C150 450w\" sizes=\"auto, (max-width: 150px) 100vw, 150px\" \/><\/a>20 octobre 2022\/Album jeunesse pour le th\u00e8me \u00ab\u00a0<span style=\"color: #ff6600;\">Automne cosy<\/span>\u00ab\u00a0: <span class=\"\"><a href=\"https:\/\/www.jojoenherbe.com\/index.php\/2022\/10\/20\/au-fil-des-pages-avec-un-tresor-danniversaire\/\"><span style=\"text-decoration: underline;\">Un tr\u00e9sor d\u2019anniversaire<\/span><\/a> de Karen Hottois et Chlo\u00e9 Malard (\u00e9d. Seuil Jeunesse, 2021), un album jeunesse \u00e0 partir de 3 ans avec la journ\u00e9e d&rsquo;anniversaire d&rsquo;Elmo le blaireau.<\/span><\/em><\/li>\n<\/ul>\n<p><span style=\"text-decoration: underline; color: #ff6600;\"><strong><em>Semaine 6 du Challenge Halloween<\/em><\/strong><\/span><\/p>\n<p style=\"text-align: justify;\"><em><a href=\"https:\/\/i0.wp.com\/www.jojoenherbe.com\/wp-content\/uploads\/2022\/10\/RAT-dHalloween-2022.jpg\"><img data-recalc-dims=\"1\" loading=\"lazy\" decoding=\"async\" data-attachment-id=\"28281\" data-permalink=\"https:\/\/www.jojoenherbe.com\/index.php\/2022\/10\/24\/rat-dhalloween-2022\/rat-dhalloween-2022\/\" data-orig-file=\"https:\/\/i0.wp.com\/www.jojoenherbe.com\/wp-content\/uploads\/2022\/10\/RAT-dHalloween-2022.jpg?fit=768%2C768&amp;ssl=1\" data-orig-size=\"768,768\" data-comments-opened=\"1\" data-image-meta=\"{&quot;aperture&quot;:&quot;0&quot;,&quot;credit&quot;:&quot;&quot;,&quot;camera&quot;:&quot;&quot;,&quot;caption&quot;:&quot;&quot;,&quot;created_timestamp&quot;:&quot;0&quot;,&quot;copyright&quot;:&quot;&quot;,&quot;focal_length&quot;:&quot;0&quot;,&quot;iso&quot;:&quot;0&quot;,&quot;shutter_speed&quot;:&quot;0&quot;,&quot;title&quot;:&quot;&quot;,&quot;orientation&quot;:&quot;0&quot;}\" data-image-title=\"RAT d&amp;rsquo;Halloween 2022\" data-image-description=\"\" data-image-caption=\"\" data-large-file=\"https:\/\/i0.wp.com\/www.jojoenherbe.com\/wp-content\/uploads\/2022\/10\/RAT-dHalloween-2022.jpg?fit=676%2C676&amp;ssl=1\" class=\"alignleft size-thumbnail wp-image-28281\" src=\"https:\/\/i0.wp.com\/www.jojoenherbe.com\/wp-content\/uploads\/2022\/10\/RAT-dHalloween-2022.jpg?resize=150%2C150\" alt=\"\" width=\"150\" height=\"150\" srcset=\"https:\/\/i0.wp.com\/www.jojoenherbe.com\/wp-content\/uploads\/2022\/10\/RAT-dHalloween-2022.jpg?resize=150%2C150&amp;ssl=1 150w, https:\/\/i0.wp.com\/www.jojoenherbe.com\/wp-content\/uploads\/2022\/10\/RAT-dHalloween-2022.jpg?resize=300%2C300&amp;ssl=1 300w, https:\/\/i0.wp.com\/www.jojoenherbe.com\/wp-content\/uploads\/2022\/10\/RAT-dHalloween-2022.jpg?resize=676%2C676&amp;ssl=1 676w, https:\/\/i0.wp.com\/www.jojoenherbe.com\/wp-content\/uploads\/2022\/10\/RAT-dHalloween-2022.jpg?w=768&amp;ssl=1 768w\" sizes=\"auto, (max-width: 150px) 100vw, 150px\" \/><\/a>Cette semaine c&rsquo;est un RAT longue dur\u00e9e qui est pr\u00e9vu et qui se terminera le 31 octobre 2022. J&rsquo;ai donc pour l&rsquo;occasion \u00e9crit (et m\u00eame pour une fois planifi\u00e9) un <a href=\"https:\/\/www.jojoenherbe.com\/index.php\/2022\/10\/24\/rat-dhalloween-2022\/\">billet<\/a> d\u00e9di\u00e9.<\/em><\/p>\n<ul>\n<li><em>25 octobre 2022\/Atelier bricolage de Syl avec aussi Isabelle, Hilde et Chicky Poo<\/em><\/li>\n<li><em>27 octobre 2022\/Photo Nature avec Syl, Isabelle et Hilde<\/em><\/li>\n<li><em><a href=\"https:\/\/i0.wp.com\/www.jojoenherbe.com\/wp-content\/uploads\/2022\/10\/Nos-lectures-Coraline-scaled.jpg\"><img data-recalc-dims=\"1\" loading=\"lazy\" decoding=\"async\" data-attachment-id=\"28465\" data-permalink=\"https:\/\/www.jojoenherbe.com\/index.php\/2022\/10\/28\/nos-lectures-coraline\/nos-lectures-coraline\/\" data-orig-file=\"https:\/\/i0.wp.com\/www.jojoenherbe.com\/wp-content\/uploads\/2022\/10\/Nos-lectures-Coraline-scaled.jpg?fit=2560%2C2022&amp;ssl=1\" data-orig-size=\"2560,2022\" data-comments-opened=\"1\" data-image-meta=\"{&quot;aperture&quot;:&quot;1.8&quot;,&quot;credit&quot;:&quot;&quot;,&quot;camera&quot;:&quot;iPhone 7&quot;,&quot;caption&quot;:&quot;&quot;,&quot;created_timestamp&quot;:&quot;1666959209&quot;,&quot;copyright&quot;:&quot;&quot;,&quot;focal_length&quot;:&quot;3.99&quot;,&quot;iso&quot;:&quot;100&quot;,&quot;shutter_speed&quot;:&quot;0.090909090909091&quot;,&quot;title&quot;:&quot;&quot;,&quot;orientation&quot;:&quot;1&quot;}\" data-image-title=\"Nos lectures Coraline\" data-image-description=\"\" data-image-caption=\"\" data-large-file=\"https:\/\/i0.wp.com\/www.jojoenherbe.com\/wp-content\/uploads\/2022\/10\/Nos-lectures-Coraline-scaled.jpg?fit=676%2C534&amp;ssl=1\" class=\"size-thumbnail wp-image-28465 alignright\" src=\"https:\/\/i0.wp.com\/www.jojoenherbe.com\/wp-content\/uploads\/2022\/10\/Nos-lectures-Coraline.jpg?resize=150%2C150\" alt=\"\" width=\"150\" height=\"150\" srcset=\"https:\/\/i0.wp.com\/www.jojoenherbe.com\/wp-content\/uploads\/2022\/10\/Nos-lectures-Coraline-scaled.jpg?resize=150%2C150&amp;ssl=1 150w, https:\/\/i0.wp.com\/www.jojoenherbe.com\/wp-content\/uploads\/2022\/10\/Nos-lectures-Coraline-scaled.jpg?zoom=2&amp;resize=150%2C150 300w, https:\/\/i0.wp.com\/www.jojoenherbe.com\/wp-content\/uploads\/2022\/10\/Nos-lectures-Coraline-scaled.jpg?zoom=3&amp;resize=150%2C150 450w\" sizes=\"auto, (max-width: 150px) 100vw, 150px\" \/><\/a>28 octobre 2022\/LC avec <a href=\"https:\/\/sylectures.wordpress.com\/2022\/10\/26\/coraline\/\">Syl<\/a>: <a href=\"https:\/\/www.jojoenherbe.com\/index.php\/2022\/10\/28\/nos-lectures-coraline\/\"><span style=\"text-decoration: underline;\">Coraline<\/span><\/a> de Neil Gaiman, un roman jeunesse pour les adolescents, \u00e0 partir de 12\/13 ans<br \/><\/em><\/li>\n<\/ul>\n<p><span style=\"text-decoration: underline; color: #ff6600;\"><strong><em>Semaine 7 du Challenge Halloween<\/em><\/strong><\/span><\/p>\n<p style=\"text-align: justify;\"><em>Et voici la journ\u00e9e d&rsquo;Halloween qui termine le RAT de cette ann\u00e9e. Je prolonge encore en ce d\u00e9but novembre 2022 le challenge Halloween. <\/em><\/p>\n<ul>\n<li style=\"text-align: justify;\"><em><a href=\"https:\/\/i0.wp.com\/www.jojoenherbe.com\/wp-content\/uploads\/2022\/10\/Frankenstein-scaled.jpg\"><img data-recalc-dims=\"1\" loading=\"lazy\" decoding=\"async\" data-attachment-id=\"28228\" data-permalink=\"https:\/\/www.jojoenherbe.com\/index.php\/2022\/10\/17\/point-lecture-hebdomadaire-63\/frankenstein\/\" data-orig-file=\"https:\/\/i0.wp.com\/www.jojoenherbe.com\/wp-content\/uploads\/2022\/10\/Frankenstein-scaled.jpg?fit=2560%2C1976&amp;ssl=1\" data-orig-size=\"2560,1976\" data-comments-opened=\"1\" data-image-meta=\"{&quot;aperture&quot;:&quot;1.8&quot;,&quot;credit&quot;:&quot;&quot;,&quot;camera&quot;:&quot;iPhone 7&quot;,&quot;caption&quot;:&quot;&quot;,&quot;created_timestamp&quot;:&quot;1665916161&quot;,&quot;copyright&quot;:&quot;&quot;,&quot;focal_length&quot;:&quot;3.99&quot;,&quot;iso&quot;:&quot;100&quot;,&quot;shutter_speed&quot;:&quot;0.25&quot;,&quot;title&quot;:&quot;&quot;,&quot;orientation&quot;:&quot;1&quot;}\" data-image-title=\"Frankenstein\" data-image-description=\"\" data-image-caption=\"\" data-large-file=\"https:\/\/i0.wp.com\/www.jojoenherbe.com\/wp-content\/uploads\/2022\/10\/Frankenstein-scaled.jpg?fit=676%2C522&amp;ssl=1\" class=\"alignleft size-thumbnail wp-image-28228\" src=\"https:\/\/i0.wp.com\/www.jojoenherbe.com\/wp-content\/uploads\/2022\/10\/Frankenstein.jpg?resize=150%2C150\" alt=\"\" width=\"150\" height=\"150\" srcset=\"https:\/\/i0.wp.com\/www.jojoenherbe.com\/wp-content\/uploads\/2022\/10\/Frankenstein-scaled.jpg?resize=150%2C150&amp;ssl=1 150w, https:\/\/i0.wp.com\/www.jojoenherbe.com\/wp-content\/uploads\/2022\/10\/Frankenstein-scaled.jpg?zoom=2&amp;resize=150%2C150 300w, https:\/\/i0.wp.com\/www.jojoenherbe.com\/wp-content\/uploads\/2022\/10\/Frankenstein-scaled.jpg?zoom=3&amp;resize=150%2C150 450w\" sizes=\"auto, (max-width: 150px) 100vw, 150px\" \/><\/a>31 octobre 2022\/LC avec <a href=\"https:\/\/lelivroblog.fr\/2022\/10\/31\/mary-shelley-frankenstein-ou-la-promethee-moderne\/\">Hilde<\/a> et <a href=\"https:\/\/delivrer-des-livres.fr\/frankenstein-le-roman\/\">Nathalie<\/a>: <a href=\"https:\/\/www.jojoenherbe.com\/index.php\/2022\/10\/31\/au-fil-des-pages-avec-frankenstein\/\"><span style=\"text-decoration: underline;\">Frankenstein ou le Prom\u00e9th\u00e9e moderne<\/span><\/a> de Mary Shelley (\u00e9d. GF Flammarion, coll. \u00c9tonnants Classiques, n\u00b02128, r\u00e9\u00e9d. 2001, 192 pages), un roman fantastique gothique<\/em><\/li>\n<li><em>1er novembre 2022\/Atelier bricolage de Syl avec aussi Isabelle et Hilde<\/em><\/li>\n<\/ul>\n<div style=\"width: 127px\" class=\"wp-caption alignnone\"><img data-recalc-dims=\"1\" loading=\"lazy\" decoding=\"async\" class=\"attachment-baskerville-2-post-image  wp-post-image\" src=\"https:\/\/lelivroblog.files.wordpress.com\/2022\/09\/challenge-halloween-2022a.jpeg?w=1400&#038;resize=117%2C117\" sizes=\"auto, (max-width: 1400px) 100vw, 1400px\" srcset=\"https:\/\/lelivroblog.files.wordpress.com\/2022\/09\/challenge-halloween-2022a.jpeg?w=1400 1400w, https:\/\/lelivroblog.files.wordpress.com\/2022\/09\/challenge-halloween-2022a.jpeg?w=150 150w, https:\/\/lelivroblog.files.wordpress.com\/2022\/09\/challenge-halloween-2022a.jpeg?w=300 300w, https:\/\/lelivroblog.files.wordpress.com\/2022\/09\/challenge-halloween-2022a.jpeg?w=768 768w, https:\/\/lelivroblog.files.wordpress.com\/2022\/09\/challenge-halloween-2022a.jpeg?w=1024 1024w, https:\/\/lelivroblog.files.wordpress.com\/2022\/09\/challenge-halloween-2022a.jpeg 1600w\" alt=\"\" width=\"117\" height=\"117\" data-attachment-id=\"8035\" data-permalink=\"https:\/\/lelivroblog.fr\/2022\/09\/13\/le-challenge-halloween-2022\/challenge-halloween-2022a\/\" data-orig-file=\"https:\/\/lelivroblog.files.wordpress.com\/2022\/09\/challenge-halloween-2022a.jpeg\" data-orig-size=\"1600,1599\" data-comments-opened=\"1\" data-image-meta=\"{&quot;aperture&quot;:&quot;0&quot;,&quot;credit&quot;:&quot;&quot;,&quot;camera&quot;:&quot;&quot;,&quot;caption&quot;:&quot;&quot;,&quot;created_timestamp&quot;:&quot;0&quot;,&quot;copyright&quot;:&quot;&quot;,&quot;focal_length&quot;:&quot;0&quot;,&quot;iso&quot;:&quot;0&quot;,&quot;shutter_speed&quot;:&quot;0&quot;,&quot;title&quot;:&quot;&quot;,&quot;orientation&quot;:&quot;0&quot;}\" data-image-title=\"Challenge Halloween 2022a\" data-image-description=\"\" data-image-caption=\"\" data-medium-file=\"https:\/\/lelivroblog.files.wordpress.com\/2022\/09\/challenge-halloween-2022a.jpeg?w=300\" data-large-file=\"https:\/\/lelivroblog.files.wordpress.com\/2022\/09\/challenge-halloween-2022a.jpeg?w=736\" \/><p class=\"wp-caption-text\">Challenge Halloween 2022 de <a href=\"https:\/\/lelivroblog.fr\/2022\/09\/13\/le-challenge-halloween-2022\/\">Hilde<\/a> et <a href=\"https:\/\/lelivroblog.fr\/2022\/09\/13\/le-challenge-halloween-2022\/\">Lou<\/a><\/p><\/div>\n\n\n<p><\/p>\n","protected":false},"excerpt":{"rendered":"<p>Je participe \u00e0 nouveau cette ann\u00e9e au Challenge Halloween organis\u00e9 par Hilde et Lou et qui se d\u00e9roule du 23 septembre jusqu&rsquo;en novembre 2022. D\u00e8s le 23 septembre 2022, elles ouvrent les portes de leur manoir. Le challenge commence en douceur par un d\u00e9poussi\u00e9rage de PAL, premi\u00e8res suggestions halloweenesques et ambiances automnales. Puis le challenge [&hellip;]<\/p>\n","protected":false},"author":1,"featured_media":27589,"comment_status":"open","ping_status":"open","sticky":false,"template":"","format":"standard","meta":{"jetpack_post_was_ever_published":false,"_jetpack_newsletter_access":"","_jetpack_dont_email_post_to_subs":false,"_jetpack_newsletter_tier_id":0,"_jetpack_memberships_contains_paywalled_content":false,"_jetpack_memberships_contains_paid_content":false,"footnotes":""},"categories":[873,363],"tags":[1796,3137,2016,339,906,1085,367,1797],"class_list":["post-27586","post","type-post","status-publish","format-standard","has-post-thumbnail","hentry","category-mini-challenger","category-mini-lecteur","tag-activites-dhalloween","tag-challenge-halloween-2022","tag-challenge-livresque","tag-halloween","tag-halloween-challenge","tag-lecture-adulte","tag-lecture-jeunesse","tag-lectures-dhalloween","post-preview"],"jetpack_featured_media_url":"https:\/\/i0.wp.com\/www.jojoenherbe.com\/wp-content\/uploads\/2022\/09\/Challenge-Halloween-2022.jpg?fit=1080%2C1080&ssl=1","jetpack_sharing_enabled":true,"jetpack_shortlink":"https:\/\/wp.me\/p9zhGx-7aW","jetpack_likes_enabled":true,"jetpack-related-posts":[{"id":32125,"url":"https:\/\/www.jojoenherbe.com\/index.php\/2023\/09\/23\/billet-de-suivi-challenge-halloween-2023\/","url_meta":{"origin":27586,"position":0},"title":"Billet de suivi: Challenge Halloween 2023","author":"Jojo","date":"23 septembre 2023","format":false,"excerpt":"Je participe \u00e0 nouveau cette ann\u00e9e au Challenge Halloween organis\u00e9 par Hilde et Lou. D\u00e8s le 23 septembre 2023, nos deux vampirettes coorganisatrices ouvrent les portes non du Manoir habituel mais celles d\u2019un ch\u00e2teau en ruines en Transylvanie, les Vampires \u00e9tant \u00e0 l\u2019honneur cette ann\u00e9e.\u00a0 Le challenge commence en douceur\u2026","rel":"","context":"Dans &quot;Mini challenger&quot;","block_context":{"text":"Mini challenger","link":"https:\/\/www.jojoenherbe.com\/index.php\/category\/mini-challenger\/"},"img":{"alt_text":"","src":"https:\/\/i0.wp.com\/www.jojoenherbe.com\/wp-content\/uploads\/2023\/09\/Logo-Challenge-Halloween-2023.jpg?fit=960%2C960&ssl=1&resize=350%2C200","width":350,"height":200,"srcset":"https:\/\/i0.wp.com\/www.jojoenherbe.com\/wp-content\/uploads\/2023\/09\/Logo-Challenge-Halloween-2023.jpg?fit=960%2C960&ssl=1&resize=350%2C200 1x, https:\/\/i0.wp.com\/www.jojoenherbe.com\/wp-content\/uploads\/2023\/09\/Logo-Challenge-Halloween-2023.jpg?fit=960%2C960&ssl=1&resize=525%2C300 1.5x, https:\/\/i0.wp.com\/www.jojoenherbe.com\/wp-content\/uploads\/2023\/09\/Logo-Challenge-Halloween-2023.jpg?fit=960%2C960&ssl=1&resize=700%2C400 2x"},"classes":[]},{"id":40712,"url":"https:\/\/www.jojoenherbe.com\/index.php\/2025\/09\/24\/billet-de-suivi-challenge-halloween-2025\/","url_meta":{"origin":27586,"position":1},"title":"Billet de suivi: Challenge Halloween 2025","author":"Jojo","date":"24 septembre 2025","format":false,"excerpt":"Et voici d\u00e9j\u00e0 l'automne qui est arriv\u00e9 et avec lui, depuis lundi 22 septembre 2025, la nouvelle \u00e9dition du Challenge Halloween coorganis\u00e9 par Hilde et Lou. J'y participe cette ann\u00e9e encore, les portes du Manoir \u00e9tant d\u00e9sormais ouvertes pour notre plus grand plaisir. Le programme est majoritairement libre avec quelques\u2026","rel":"","context":"Dans &quot;Mini blogueur&quot;","block_context":{"text":"Mini blogueur","link":"https:\/\/www.jojoenherbe.com\/index.php\/category\/mini-blogueur\/"},"img":{"alt_text":"","src":"https:\/\/i0.wp.com\/www.jojoenherbe.com\/wp-content\/uploads\/2025\/09\/Le-Challenge-Halloween-logo-2025.jpg?fit=768%2C768&ssl=1&resize=350%2C200","width":350,"height":200,"srcset":"https:\/\/i0.wp.com\/www.jojoenherbe.com\/wp-content\/uploads\/2025\/09\/Le-Challenge-Halloween-logo-2025.jpg?fit=768%2C768&ssl=1&resize=350%2C200 1x, https:\/\/i0.wp.com\/www.jojoenherbe.com\/wp-content\/uploads\/2025\/09\/Le-Challenge-Halloween-logo-2025.jpg?fit=768%2C768&ssl=1&resize=525%2C300 1.5x, https:\/\/i0.wp.com\/www.jojoenherbe.com\/wp-content\/uploads\/2025\/09\/Le-Challenge-Halloween-logo-2025.jpg?fit=768%2C768&ssl=1&resize=700%2C400 2x"},"classes":[]},{"id":7632,"url":"https:\/\/www.jojoenherbe.com\/index.php\/2019\/09\/27\/challenge-halloween-2019\/","url_meta":{"origin":27586,"position":2},"title":"Challenge Halloween 2019","author":"Jojo","date":"27 septembre 2019","format":false,"excerpt":"Le mois d'octobre approchant, je viens de d\u00e9couvrir un nouveau challenge diaboliquement tentant: le Challenge Halloween 2019 coorganis\u00e9 par Hilde et Lou et qui se d\u00e9roule du 27 septembre au 31 octobre 2019. Pour plus d'infos, n'h\u00e9sitez pas \u00e0 aller sur leur blog et\/ou \u00e0 y participer \u00e0 votre tour.\u2026","rel":"","context":"Dans &quot;Mini challenger&quot;","block_context":{"text":"Mini challenger","link":"https:\/\/www.jojoenherbe.com\/index.php\/category\/mini-challenger\/"},"img":{"alt_text":"","src":"https:\/\/i0.wp.com\/www.jojoenherbe.com\/wp-content\/uploads\/2019\/09\/Halloween-RAT.jpg?fit=1200%2C847&ssl=1&resize=350%2C200","width":350,"height":200,"srcset":"https:\/\/i0.wp.com\/www.jojoenherbe.com\/wp-content\/uploads\/2019\/09\/Halloween-RAT.jpg?fit=1200%2C847&ssl=1&resize=350%2C200 1x, https:\/\/i0.wp.com\/www.jojoenherbe.com\/wp-content\/uploads\/2019\/09\/Halloween-RAT.jpg?fit=1200%2C847&ssl=1&resize=525%2C300 1.5x, https:\/\/i0.wp.com\/www.jojoenherbe.com\/wp-content\/uploads\/2019\/09\/Halloween-RAT.jpg?fit=1200%2C847&ssl=1&resize=700%2C400 2x, https:\/\/i0.wp.com\/www.jojoenherbe.com\/wp-content\/uploads\/2019\/09\/Halloween-RAT.jpg?fit=1200%2C847&ssl=1&resize=1050%2C600 3x"},"classes":[]},{"id":32176,"url":"https:\/\/www.jojoenherbe.com\/index.php\/2023\/10\/01\/bilan-de-lecture-septembre-2023\/","url_meta":{"origin":27586,"position":3},"title":"Bilan de lecture: septembre 2023","author":"Jojo","date":"1 octobre 2023","format":false,"excerpt":"C\u2019est le premier du mois alors voici un petit retour bloguesque sur septembre 2023, un mois marqu\u00e9 par la fin des vacances estivales et la rentr\u00e9e des classes. Avec une derni\u00e8re semaine d\u2019ao\u00fbt gris\u00e2tre et pluvieuse et m\u00eame si c\u2019\u00e9tait toujours l\u2019\u00e9t\u00e9 jusqu\u2019au 23 septembre, nous nous sommes tourn\u00e9s vers\u2026","rel":"","context":"Dans &quot;Mini blogueur&quot;","block_context":{"text":"Mini blogueur","link":"https:\/\/www.jojoenherbe.com\/index.php\/category\/mini-blogueur\/"},"img":{"alt_text":"","src":"https:\/\/i0.wp.com\/www.jojoenherbe.com\/wp-content\/uploads\/2023\/09\/Selection-Septembre-2023-scaled.jpg?fit=1140%2C1200&ssl=1&resize=350%2C200","width":350,"height":200,"srcset":"https:\/\/i0.wp.com\/www.jojoenherbe.com\/wp-content\/uploads\/2023\/09\/Selection-Septembre-2023-scaled.jpg?fit=1140%2C1200&ssl=1&resize=350%2C200 1x, https:\/\/i0.wp.com\/www.jojoenherbe.com\/wp-content\/uploads\/2023\/09\/Selection-Septembre-2023-scaled.jpg?fit=1140%2C1200&ssl=1&resize=525%2C300 1.5x, https:\/\/i0.wp.com\/www.jojoenherbe.com\/wp-content\/uploads\/2023\/09\/Selection-Septembre-2023-scaled.jpg?fit=1140%2C1200&ssl=1&resize=700%2C400 2x, https:\/\/i0.wp.com\/www.jojoenherbe.com\/wp-content\/uploads\/2023\/09\/Selection-Septembre-2023-scaled.jpg?fit=1140%2C1200&ssl=1&resize=1050%2C600 3x"},"classes":[]},{"id":27745,"url":"https:\/\/www.jojoenherbe.com\/index.php\/2022\/09\/23\/challenge-halloween-2022-week-end-dinstallation-au-manoir\/","url_meta":{"origin":27586,"position":4},"title":"Challenge Halloween 2022: Week-end d&rsquo;installation au Manoir","author":"Jojo","date":"23 septembre 2022","format":false,"excerpt":"Pour cette nouvelle \u00e9dition (la treizi\u00e8me) du Challenge Halloween, nos deux sorci\u00e8res coorganisatrices, Hilde et Lou, ouvrent les portes du Manoir et propose un week-end halloweenesque, automnale et cosy du 23 au 25 septembre 2022. Pour plus d\u2019infos, n\u2019h\u00e9sitez pas \u00e0 aller sur leurs blogs. Ce billet sera mis \u00e0\u2026","rel":"","context":"Dans &quot;Mini challenger&quot;","block_context":{"text":"Mini challenger","link":"https:\/\/www.jojoenherbe.com\/index.php\/category\/mini-challenger\/"},"img":{"alt_text":"","src":"https:\/\/i0.wp.com\/www.jojoenherbe.com\/wp-content\/uploads\/2022\/09\/WE-dinstallation-au-Manoir-Challenge-Halloween-2022.jpg?fit=1080%2C1080&ssl=1&resize=350%2C200","width":350,"height":200,"srcset":"https:\/\/i0.wp.com\/www.jojoenherbe.com\/wp-content\/uploads\/2022\/09\/WE-dinstallation-au-Manoir-Challenge-Halloween-2022.jpg?fit=1080%2C1080&ssl=1&resize=350%2C200 1x, https:\/\/i0.wp.com\/www.jojoenherbe.com\/wp-content\/uploads\/2022\/09\/WE-dinstallation-au-Manoir-Challenge-Halloween-2022.jpg?fit=1080%2C1080&ssl=1&resize=525%2C300 1.5x, https:\/\/i0.wp.com\/www.jojoenherbe.com\/wp-content\/uploads\/2022\/09\/WE-dinstallation-au-Manoir-Challenge-Halloween-2022.jpg?fit=1080%2C1080&ssl=1&resize=700%2C400 2x, https:\/\/i0.wp.com\/www.jojoenherbe.com\/wp-content\/uploads\/2022\/09\/WE-dinstallation-au-Manoir-Challenge-Halloween-2022.jpg?fit=1080%2C1080&ssl=1&resize=1050%2C600 3x"},"classes":[]},{"id":7871,"url":"https:\/\/www.jojoenherbe.com\/index.php\/2019\/10\/07\/au-fil-des-pages-avec-le-fantome-de-canterville-et-autres-nouvelles\/","url_meta":{"origin":27586,"position":5},"title":"Au fil des pages avec Le fant\u00f4me de Canterville et autres nouvelles","author":"Jojo","date":"7 octobre 2019","format":false,"excerpt":"J'emprunte \u00e0 la m\u00e9diath\u00e8que Le fant\u00f4me de Canterville et autres nouvelles d'Oscar Wilde (\u00e9d. Le Livre de Poche Jeunesse, 2011), une nouvelle \u00e0 partir de 9 ans. Comme le titre l'indique,\u00a0 nous suivons le fant\u00f4me de Sir Simon de Canterville qui hante depuis plusieurs si\u00e8cles un manoir r\u00e9cemment achet\u00e9 par\u2026","rel":"","context":"Dans &quot;Mini lecteur&quot;","block_context":{"text":"Mini lecteur","link":"https:\/\/www.jojoenherbe.com\/index.php\/category\/mini-lecteur\/"},"img":{"alt_text":"","src":"https:\/\/i0.wp.com\/www.jojoenherbe.com\/wp-content\/uploads\/2019\/10\/Le-fant%C3%B4me-de-Canterville.jpg?fit=1200%2C1011&ssl=1&resize=350%2C200","width":350,"height":200,"srcset":"https:\/\/i0.wp.com\/www.jojoenherbe.com\/wp-content\/uploads\/2019\/10\/Le-fant%C3%B4me-de-Canterville.jpg?fit=1200%2C1011&ssl=1&resize=350%2C200 1x, https:\/\/i0.wp.com\/www.jojoenherbe.com\/wp-content\/uploads\/2019\/10\/Le-fant%C3%B4me-de-Canterville.jpg?fit=1200%2C1011&ssl=1&resize=525%2C300 1.5x, https:\/\/i0.wp.com\/www.jojoenherbe.com\/wp-content\/uploads\/2019\/10\/Le-fant%C3%B4me-de-Canterville.jpg?fit=1200%2C1011&ssl=1&resize=700%2C400 2x, https:\/\/i0.wp.com\/www.jojoenherbe.com\/wp-content\/uploads\/2019\/10\/Le-fant%C3%B4me-de-Canterville.jpg?fit=1200%2C1011&ssl=1&resize=1050%2C600 3x"},"classes":[]}],"_links":{"self":[{"href":"https:\/\/www.jojoenherbe.com\/index.php\/wp-json\/wp\/v2\/posts\/27586","targetHints":{"allow":["GET"]}}],"collection":[{"href":"https:\/\/www.jojoenherbe.com\/index.php\/wp-json\/wp\/v2\/posts"}],"about":[{"href":"https:\/\/www.jojoenherbe.com\/index.php\/wp-json\/wp\/v2\/types\/post"}],"author":[{"embeddable":true,"href":"https:\/\/www.jojoenherbe.com\/index.php\/wp-json\/wp\/v2\/users\/1"}],"replies":[{"embeddable":true,"href":"https:\/\/www.jojoenherbe.com\/index.php\/wp-json\/wp\/v2\/comments?post=27586"}],"version-history":[{"count":37,"href":"https:\/\/www.jojoenherbe.com\/index.php\/wp-json\/wp\/v2\/posts\/27586\/revisions"}],"predecessor-version":[{"id":28604,"href":"https:\/\/www.jojoenherbe.com\/index.php\/wp-json\/wp\/v2\/posts\/27586\/revisions\/28604"}],"wp:featuredmedia":[{"embeddable":true,"href":"https:\/\/www.jojoenherbe.com\/index.php\/wp-json\/wp\/v2\/media\/27589"}],"wp:attachment":[{"href":"https:\/\/www.jojoenherbe.com\/index.php\/wp-json\/wp\/v2\/media?parent=27586"}],"wp:term":[{"taxonomy":"category","embeddable":true,"href":"https:\/\/www.jojoenherbe.com\/index.php\/wp-json\/wp\/v2\/categories?post=27586"},{"taxonomy":"post_tag","embeddable":true,"href":"https:\/\/www.jojoenherbe.com\/index.php\/wp-json\/wp\/v2\/tags?post=27586"}],"curies":[{"name":"wp","href":"https:\/\/api.w.org\/{rel}","templated":true}]}}