{"id":26744,"date":"2022-07-27T13:44:47","date_gmt":"2022-07-27T11:44:47","guid":{"rendered":"https:\/\/www.jojoenherbe.com\/?p=26744"},"modified":"2022-07-27T13:44:47","modified_gmt":"2022-07-27T11:44:47","slug":"au-fil-des-pages-avec-prendre-le-large","status":"publish","type":"post","link":"https:\/\/www.jojoenherbe.com\/index.php\/2022\/07\/27\/au-fil-des-pages-avec-prendre-le-large\/","title":{"rendered":"Au fil des pages avec Prendre le large"},"content":{"rendered":"<p style=\"text-align: justify;\"><em><a href=\"https:\/\/i0.wp.com\/www.jojoenherbe.com\/wp-content\/uploads\/2022\/07\/Prendre-le-large-3-scaled.jpg\"><img data-recalc-dims=\"1\" loading=\"lazy\" decoding=\"async\" data-attachment-id=\"26746\" data-permalink=\"https:\/\/www.jojoenherbe.com\/index.php\/2022\/07\/27\/au-fil-des-pages-avec-prendre-le-large\/prendre-le-large-3\/\" data-orig-file=\"https:\/\/i0.wp.com\/www.jojoenherbe.com\/wp-content\/uploads\/2022\/07\/Prendre-le-large-3-scaled.jpg?fit=2560%2C1898&amp;ssl=1\" data-orig-size=\"2560,1898\" data-comments-opened=\"1\" data-image-meta=\"{&quot;aperture&quot;:&quot;1.8&quot;,&quot;credit&quot;:&quot;&quot;,&quot;camera&quot;:&quot;iPhone 7&quot;,&quot;caption&quot;:&quot;&quot;,&quot;created_timestamp&quot;:&quot;1618660813&quot;,&quot;copyright&quot;:&quot;&quot;,&quot;focal_length&quot;:&quot;3.99&quot;,&quot;iso&quot;:&quot;100&quot;,&quot;shutter_speed&quot;:&quot;0.058823529411765&quot;,&quot;title&quot;:&quot;&quot;,&quot;orientation&quot;:&quot;1&quot;}\" data-image-title=\"Prendre le large 3\" data-image-description=\"\" data-image-caption=\"\" data-large-file=\"https:\/\/i0.wp.com\/www.jojoenherbe.com\/wp-content\/uploads\/2022\/07\/Prendre-le-large-3-scaled.jpg?fit=676%2C501&amp;ssl=1\" class=\"alignleft size-thumbnail wp-image-26746\" src=\"https:\/\/i0.wp.com\/www.jojoenherbe.com\/wp-content\/uploads\/2022\/07\/Prendre-le-large-3.jpg?resize=150%2C150\" alt=\"\" width=\"150\" height=\"150\" srcset=\"https:\/\/i0.wp.com\/www.jojoenherbe.com\/wp-content\/uploads\/2022\/07\/Prendre-le-large-3-scaled.jpg?resize=150%2C150&amp;ssl=1 150w, https:\/\/i0.wp.com\/www.jojoenherbe.com\/wp-content\/uploads\/2022\/07\/Prendre-le-large-3-scaled.jpg?zoom=2&amp;resize=150%2C150 300w, https:\/\/i0.wp.com\/www.jojoenherbe.com\/wp-content\/uploads\/2022\/07\/Prendre-le-large-3-scaled.jpg?zoom=3&amp;resize=150%2C150 450w\" sizes=\"auto, (max-width: 150px) 100vw, 150px\" \/><\/a> <a href=\"https:\/\/i0.wp.com\/www.jojoenherbe.com\/wp-content\/uploads\/2022\/07\/Prendre-le-large-4-scaled.jpg\"><img data-recalc-dims=\"1\" loading=\"lazy\" decoding=\"async\" data-attachment-id=\"26747\" data-permalink=\"https:\/\/www.jojoenherbe.com\/index.php\/2022\/07\/27\/au-fil-des-pages-avec-prendre-le-large\/prendre-le-large-4\/\" data-orig-file=\"https:\/\/i0.wp.com\/www.jojoenherbe.com\/wp-content\/uploads\/2022\/07\/Prendre-le-large-4-scaled.jpg?fit=2560%2C1885&amp;ssl=1\" data-orig-size=\"2560,1885\" data-comments-opened=\"1\" data-image-meta=\"{&quot;aperture&quot;:&quot;1.8&quot;,&quot;credit&quot;:&quot;&quot;,&quot;camera&quot;:&quot;iPhone 7&quot;,&quot;caption&quot;:&quot;&quot;,&quot;created_timestamp&quot;:&quot;1618660825&quot;,&quot;copyright&quot;:&quot;&quot;,&quot;focal_length&quot;:&quot;3.99&quot;,&quot;iso&quot;:&quot;80&quot;,&quot;shutter_speed&quot;:&quot;0.058823529411765&quot;,&quot;title&quot;:&quot;&quot;,&quot;orientation&quot;:&quot;1&quot;}\" data-image-title=\"Prendre le large 4\" data-image-description=\"\" data-image-caption=\"\" data-large-file=\"https:\/\/i0.wp.com\/www.jojoenherbe.com\/wp-content\/uploads\/2022\/07\/Prendre-le-large-4-scaled.jpg?fit=676%2C498&amp;ssl=1\" class=\"alignleft size-thumbnail wp-image-26747\" src=\"https:\/\/i0.wp.com\/www.jojoenherbe.com\/wp-content\/uploads\/2022\/07\/Prendre-le-large-4.jpg?resize=150%2C150\" alt=\"\" width=\"150\" height=\"150\" srcset=\"https:\/\/i0.wp.com\/www.jojoenherbe.com\/wp-content\/uploads\/2022\/07\/Prendre-le-large-4-scaled.jpg?resize=150%2C150&amp;ssl=1 150w, https:\/\/i0.wp.com\/www.jojoenherbe.com\/wp-content\/uploads\/2022\/07\/Prendre-le-large-4-scaled.jpg?zoom=2&amp;resize=150%2C150 300w, https:\/\/i0.wp.com\/www.jojoenherbe.com\/wp-content\/uploads\/2022\/07\/Prendre-le-large-4-scaled.jpg?zoom=3&amp;resize=150%2C150 450w\" sizes=\"auto, (max-width: 150px) 100vw, 150px\" \/><\/a>Nous avions lu en avril 2021 <span style=\"text-decoration: underline;\">Prendre le large<\/span> de Johan Pegot (\u00e9d. NordSud, 2019), un album jeunesse \u00e0 partir de 3 ans. Un petit gar\u00e7on vit mal l&rsquo;absence de son p\u00e8re, ce qui le plonge dans une grande tristesse et solitude. Un jour, il d\u00e9couvre sur la plage un oiseau migrateur bless\u00e9. Et si cette nouvelle amiti\u00e9 lui permettait de retrouver le sourire? Mais jusqu&rsquo;\u00e0 quand? L&rsquo;oiseau prendra-t-il \u00e9galement le large comme son p\u00e8re?<\/em><\/p>\n<p style=\"text-align: justify;\"><em><a href=\"https:\/\/i0.wp.com\/www.jojoenherbe.com\/wp-content\/uploads\/2022\/07\/Prendre-le-large-5-scaled.jpg\"><img data-recalc-dims=\"1\" loading=\"lazy\" decoding=\"async\" data-attachment-id=\"26748\" data-permalink=\"https:\/\/www.jojoenherbe.com\/index.php\/2022\/07\/27\/au-fil-des-pages-avec-prendre-le-large\/prendre-le-large-5\/\" data-orig-file=\"https:\/\/i0.wp.com\/www.jojoenherbe.com\/wp-content\/uploads\/2022\/07\/Prendre-le-large-5-scaled.jpg?fit=2560%2C1852&amp;ssl=1\" data-orig-size=\"2560,1852\" data-comments-opened=\"1\" data-image-meta=\"{&quot;aperture&quot;:&quot;1.8&quot;,&quot;credit&quot;:&quot;&quot;,&quot;camera&quot;:&quot;iPhone 7&quot;,&quot;caption&quot;:&quot;&quot;,&quot;created_timestamp&quot;:&quot;1618660836&quot;,&quot;copyright&quot;:&quot;&quot;,&quot;focal_length&quot;:&quot;3.99&quot;,&quot;iso&quot;:&quot;80&quot;,&quot;shutter_speed&quot;:&quot;0.058823529411765&quot;,&quot;title&quot;:&quot;&quot;,&quot;orientation&quot;:&quot;1&quot;}\" data-image-title=\"Prendre le large 5\" data-image-description=\"\" data-image-caption=\"\" data-large-file=\"https:\/\/i0.wp.com\/www.jojoenherbe.com\/wp-content\/uploads\/2022\/07\/Prendre-le-large-5-scaled.jpg?fit=676%2C489&amp;ssl=1\" class=\"size-thumbnail wp-image-26748 alignright\" src=\"https:\/\/i0.wp.com\/www.jojoenherbe.com\/wp-content\/uploads\/2022\/07\/Prendre-le-large-5.jpg?resize=150%2C150\" alt=\"\" width=\"150\" height=\"150\" srcset=\"https:\/\/i0.wp.com\/www.jojoenherbe.com\/wp-content\/uploads\/2022\/07\/Prendre-le-large-5-scaled.jpg?resize=150%2C150&amp;ssl=1 150w, https:\/\/i0.wp.com\/www.jojoenherbe.com\/wp-content\/uploads\/2022\/07\/Prendre-le-large-5-scaled.jpg?zoom=2&amp;resize=150%2C150 300w, https:\/\/i0.wp.com\/www.jojoenherbe.com\/wp-content\/uploads\/2022\/07\/Prendre-le-large-5-scaled.jpg?zoom=3&amp;resize=150%2C150 450w\" sizes=\"auto, (max-width: 150px) 100vw, 150px\" \/><\/a>Il y est question de l&rsquo;absence d&rsquo;un p\u00e8re (son origine n&rsquo;\u00e9tant pas pr\u00e9cis\u00e9 &#8211; s\u00e9paration d&rsquo;avec la m\u00e8re, absence pour raison professionnelle ou deuil?), du lien d&rsquo;attachement et d&rsquo;amiti\u00e9. Au fil des pages, le petit gar\u00e7on tente de g\u00e9rer l&rsquo;absence de son p\u00e8re (tristesse, r\u00e9silience, espoir d&rsquo;un retour&#8230;). Un bon moment de lecture avec cet album jeunesse aux jolies illustrations \u00e9pur\u00e9es!<\/em><\/p>\n<div style=\"width: 113px\" class=\"wp-caption alignleft\"><img loading=\"lazy\" decoding=\"async\" src=\"https:\/\/lh3.googleusercontent.com\/pw\/AM-JKLW-8Xy9BIRqinPzrRBz2J2pSlRnlFIwPEKmmv1zpAf3DZoC0nJGqVPx8b0ycvPVte06hr4gaDsphFfyIzipAAW1MPEwEpWUpvmIVdN6H4fs8knOaKBdlyDoMp3hCYeWKD_2Ax2fVRZYrtgs4qzmpYdYpQ=w285-h217-no?authuser=1\" alt=\"\" width=\"103\" height=\"78\" \/><p class=\"wp-caption-text\">Challenge Petit Bac d\u2019<a href=\"https:\/\/ennalit.wordpress.com\/2021\/12\/01\/challenge-petit-bac-2022-qui-veut-jouer\/\">Enna<\/a> #5 Cat\u00e9gorie Verbe: \u00ab Prendre \u00bb<\/p><\/div>\n<div style=\"width: 121px\" class=\"wp-caption alignleft\"><img loading=\"lazy\" decoding=\"async\" src=\"https:\/\/i2.wp.com\/mapetitemediatheque.fr\/wp-content\/uploads\/2021\/11\/Inkedle-tour-du-monde-en-80-livres-2_LI.jpg?resize=168%2C127&amp;ssl=1\" alt=\"\" width=\"111\" height=\"84\" \/><p class=\"wp-caption-text\">Participation #62 Challenge Le tour du monde en 80 livres de <a href=\"https:\/\/mapetitemediatheque.fr\/2021\/12\/le-tour-du-monde-en-80-livres-le-challenge-qui-vous-fait-aimer-la-litterature-etrangere\/\">Bidib<\/a> #France<\/p><\/div>\n","protected":false},"excerpt":{"rendered":"<p>Nous avions lu en avril 2021 Prendre le large de Johan Pegot (\u00e9d. NordSud, 2019), un album jeunesse \u00e0 partir de 3 ans. Un petit gar\u00e7on vit mal l&rsquo;absence de son p\u00e8re, ce qui le plonge dans une grande tristesse et solitude. Un jour, il d\u00e9couvre sur la plage un oiseau migrateur bless\u00e9. Et si [&hellip;]<\/p>\n","protected":false},"author":1,"featured_media":26749,"comment_status":"open","ping_status":"open","sticky":false,"template":"","format":"standard","meta":{"jetpack_post_was_ever_published":false,"_jetpack_newsletter_access":"","_jetpack_dont_email_post_to_subs":false,"_jetpack_newsletter_tier_id":0,"_jetpack_memberships_contains_paywalled_content":false,"_jetpack_memberships_contains_paid_content":false,"footnotes":""},"categories":[363],"tags":[785,3293,386,2915,576,3296,611,3294,2918,1020,658,660,393,3295,1558,1203,2081,796],"class_list":["post-26744","post","type-post","status-publish","format-standard","has-post-thumbnail","hentry","category-mini-lecteur","tag-3-6-ans","tag-absence","tag-amitie","tag-challenge-petit-bac-2022","tag-emotions","tag-espoir","tag-ete","tag-johan-pegot","tag-le-tour-du-monde-en-80-livres-2022","tag-lectures-dete","tag-mer","tag-ocean","tag-oiseau","tag-oiseau-migrateur","tag-petit-garcon","tag-relation-pere-fils","tag-resilience","tag-tristesse","post-preview"],"jetpack_featured_media_url":"https:\/\/i0.wp.com\/www.jojoenherbe.com\/wp-content\/uploads\/2022\/07\/Prendre-le-large-scaled.jpg?fit=2560%2C1920&ssl=1","jetpack_sharing_enabled":true,"jetpack_shortlink":"https:\/\/wp.me\/p9zhGx-6Xm","jetpack_likes_enabled":true,"jetpack-related-posts":[{"id":7492,"url":"https:\/\/www.jojoenherbe.com\/index.php\/2019\/09\/15\/au-fil-des-pages-avec-ma-feuille\/","url_meta":{"origin":26744,"position":0},"title":"Au fil des pages avec Ma feuille!","author":"Jojo","date":"15 septembre 2019","format":false,"excerpt":"Nous empruntons \u00e0 la biblioth\u00e8que Ma feuille! de Claude K. Dubois et P\u00e9lagie Lamenthe (\u00e9d. L'\u00e9cole des loisirs, coll. Pastel, 2013). De l'autrice, nous avions d\u00e9j\u00e0 lu La p\u00eache \u00e0 la lune et\u00a0 Les mots doux.\u00a0 De l'illustratrice,\u00a0 nous avions lu Vite, c'est l'heure!. Leur collaboration nous donne cette histoire\u2026","rel":"","context":"Dans &quot;Mini lecteur&quot;","block_context":{"text":"Mini lecteur","link":"https:\/\/www.jojoenherbe.com\/index.php\/category\/mini-lecteur\/"},"img":{"alt_text":"","src":"https:\/\/i0.wp.com\/www.jojoenherbe.com\/wp-content\/uploads\/2019\/09\/Ma-feuille.jpg?fit=1174%2C1200&ssl=1&resize=350%2C200","width":350,"height":200,"srcset":"https:\/\/i0.wp.com\/www.jojoenherbe.com\/wp-content\/uploads\/2019\/09\/Ma-feuille.jpg?fit=1174%2C1200&ssl=1&resize=350%2C200 1x, https:\/\/i0.wp.com\/www.jojoenherbe.com\/wp-content\/uploads\/2019\/09\/Ma-feuille.jpg?fit=1174%2C1200&ssl=1&resize=525%2C300 1.5x, https:\/\/i0.wp.com\/www.jojoenherbe.com\/wp-content\/uploads\/2019\/09\/Ma-feuille.jpg?fit=1174%2C1200&ssl=1&resize=700%2C400 2x, https:\/\/i0.wp.com\/www.jojoenherbe.com\/wp-content\/uploads\/2019\/09\/Ma-feuille.jpg?fit=1174%2C1200&ssl=1&resize=1050%2C600 3x"},"classes":[]},{"id":40631,"url":"https:\/\/www.jojoenherbe.com\/index.php\/2025\/09\/07\/au-fil-des-pages-avec-le-phare-aux-oiseaux\/","url_meta":{"origin":26744,"position":1},"title":"Au fil des pages avec Le Phare aux oiseaux","author":"Jojo","date":"7 septembre 2025","format":false,"excerpt":"Nous avons lu Le Phare aux oiseaux de Michael Morpurgo et Benji Davies (\u00e9d. Gallimard Jeunesse, avril 2021, 104 pages), un roman jeunesse joliment illustr\u00e9 pour les 8\/12 ans. A sa parution, j'avais imm\u00e9diatement achet\u00e9 ce roman d'apprentissage que j'avais gard\u00e9 de c\u00f4t\u00e9 afin de le d\u00e9couvrir, ensemble avec mon\u2026","rel":"","context":"Dans &quot;Mini lecteur&quot;","block_context":{"text":"Mini lecteur","link":"https:\/\/www.jojoenherbe.com\/index.php\/category\/mini-lecteur\/"},"img":{"alt_text":"","src":"https:\/\/i0.wp.com\/www.jojoenherbe.com\/wp-content\/uploads\/2025\/09\/Le-Phare-aux-oiseaux-scaled.jpg?fit=1200%2C968&ssl=1&resize=350%2C200","width":350,"height":200,"srcset":"https:\/\/i0.wp.com\/www.jojoenherbe.com\/wp-content\/uploads\/2025\/09\/Le-Phare-aux-oiseaux-scaled.jpg?fit=1200%2C968&ssl=1&resize=350%2C200 1x, https:\/\/i0.wp.com\/www.jojoenherbe.com\/wp-content\/uploads\/2025\/09\/Le-Phare-aux-oiseaux-scaled.jpg?fit=1200%2C968&ssl=1&resize=525%2C300 1.5x, https:\/\/i0.wp.com\/www.jojoenherbe.com\/wp-content\/uploads\/2025\/09\/Le-Phare-aux-oiseaux-scaled.jpg?fit=1200%2C968&ssl=1&resize=700%2C400 2x, https:\/\/i0.wp.com\/www.jojoenherbe.com\/wp-content\/uploads\/2025\/09\/Le-Phare-aux-oiseaux-scaled.jpg?fit=1200%2C968&ssl=1&resize=1050%2C600 3x"},"classes":[]},{"id":19187,"url":"https:\/\/www.jojoenherbe.com\/index.php\/2021\/06\/15\/au-fil-des-pages-avec-le-brouillard\/","url_meta":{"origin":26744,"position":2},"title":"Au fil des pages avec Le brouillard","author":"Jojo","date":"15 juin 2021","format":false,"excerpt":"Nous lisons Le brouillard de Kyo Maclear et Kenard Pak (\u00e9d. La Past\u00e8que, 2017), un album jeunesse \u00e0 partir de 6 ans. Fauve, une petite fauvette jaune vit sur une \u00eele, son passe-temps favori \u00e9tant d'observer la nature et les humains qui viennent visiter l'\u00eele. Mais brusquement, un profond brouillard\u2026","rel":"","context":"Dans &quot;Mini lecteur&quot;","block_context":{"text":"Mini lecteur","link":"https:\/\/www.jojoenherbe.com\/index.php\/category\/mini-lecteur\/"},"img":{"alt_text":"","src":"https:\/\/i0.wp.com\/www.jojoenherbe.com\/wp-content\/uploads\/2021\/06\/Le-brouillard-2-scaled.jpg?fit=1200%2C777&ssl=1&resize=350%2C200","width":350,"height":200,"srcset":"https:\/\/i0.wp.com\/www.jojoenherbe.com\/wp-content\/uploads\/2021\/06\/Le-brouillard-2-scaled.jpg?fit=1200%2C777&ssl=1&resize=350%2C200 1x, https:\/\/i0.wp.com\/www.jojoenherbe.com\/wp-content\/uploads\/2021\/06\/Le-brouillard-2-scaled.jpg?fit=1200%2C777&ssl=1&resize=525%2C300 1.5x, https:\/\/i0.wp.com\/www.jojoenherbe.com\/wp-content\/uploads\/2021\/06\/Le-brouillard-2-scaled.jpg?fit=1200%2C777&ssl=1&resize=700%2C400 2x, https:\/\/i0.wp.com\/www.jojoenherbe.com\/wp-content\/uploads\/2021\/06\/Le-brouillard-2-scaled.jpg?fit=1200%2C777&ssl=1&resize=1050%2C600 3x"},"classes":[]},{"id":13855,"url":"https:\/\/www.jojoenherbe.com\/index.php\/2021\/02\/11\/au-fil-des-pages-avec-lemouvantail\/","url_meta":{"origin":26744,"position":3},"title":"Au fil des pages avec les tomes 1 et 2 de L&rsquo;\u00e9mouvantail","author":"Jojo","date":"11 f\u00e9vrier 2021","format":false,"excerpt":"Venant de chroniquer en d\u00e9but de mois le troisi\u00e8me tome, je me rends compte que je n'avais pas pris le temps de chroniquer les deux tomes pr\u00e9c\u00e9dents de L'\u00e9mouvantail de Renaud Dillies, une BD jeunesse \u00e0 partir de 5 ans. Nous les avions emprunt\u00e9 \u00e0 la m\u00e9diath\u00e8que et lu cet\u2026","rel":"","context":"Dans &quot;Mini lecteur&quot;","block_context":{"text":"Mini lecteur","link":"https:\/\/www.jojoenherbe.com\/index.php\/category\/mini-lecteur\/"},"img":{"alt_text":"","src":"https:\/\/i0.wp.com\/www.jojoenherbe.com\/wp-content\/uploads\/2021\/02\/Lemouvantail-scaled.jpg?fit=1200%2C1069&ssl=1&resize=350%2C200","width":350,"height":200,"srcset":"https:\/\/i0.wp.com\/www.jojoenherbe.com\/wp-content\/uploads\/2021\/02\/Lemouvantail-scaled.jpg?fit=1200%2C1069&ssl=1&resize=350%2C200 1x, https:\/\/i0.wp.com\/www.jojoenherbe.com\/wp-content\/uploads\/2021\/02\/Lemouvantail-scaled.jpg?fit=1200%2C1069&ssl=1&resize=525%2C300 1.5x, https:\/\/i0.wp.com\/www.jojoenherbe.com\/wp-content\/uploads\/2021\/02\/Lemouvantail-scaled.jpg?fit=1200%2C1069&ssl=1&resize=700%2C400 2x, https:\/\/i0.wp.com\/www.jojoenherbe.com\/wp-content\/uploads\/2021\/02\/Lemouvantail-scaled.jpg?fit=1200%2C1069&ssl=1&resize=1050%2C600 3x"},"classes":[]},{"id":10837,"url":"https:\/\/www.jojoenherbe.com\/index.php\/2020\/04\/23\/au-fil-des-pages-avec-lenfant-et-la-baleine\/","url_meta":{"origin":26744,"position":4},"title":"Au fil des pages avec L&rsquo;enfant et la baleine","author":"Jojo","date":"23 avril 2020","format":false,"excerpt":"Nous lisons L'enfant et la baleine de Benji Davies (\u00e9d. Milan jeunesse, 2013), un album jeunesse \u00e0 partir 4 ans selon l'\u00e9diteur voire m\u00eame avant. No\u00e9, un petit gar\u00e7on vit avec son p\u00e8re, un marin-p\u00eacheur et ses six chats. Il se sent bien seul, lorsque son p\u00e8re part travailler. Un\u2026","rel":"","context":"Dans &quot;Mini lecteur&quot;","block_context":{"text":"Mini lecteur","link":"https:\/\/www.jojoenherbe.com\/index.php\/category\/mini-lecteur\/"},"img":{"alt_text":"","src":"https:\/\/i0.wp.com\/www.jojoenherbe.com\/wp-content\/uploads\/2020\/04\/Lenfant-et-la-baleine-5-scaled.jpg?fit=1200%2C900&ssl=1&resize=350%2C200","width":350,"height":200,"srcset":"https:\/\/i0.wp.com\/www.jojoenherbe.com\/wp-content\/uploads\/2020\/04\/Lenfant-et-la-baleine-5-scaled.jpg?fit=1200%2C900&ssl=1&resize=350%2C200 1x, https:\/\/i0.wp.com\/www.jojoenherbe.com\/wp-content\/uploads\/2020\/04\/Lenfant-et-la-baleine-5-scaled.jpg?fit=1200%2C900&ssl=1&resize=525%2C300 1.5x, https:\/\/i0.wp.com\/www.jojoenherbe.com\/wp-content\/uploads\/2020\/04\/Lenfant-et-la-baleine-5-scaled.jpg?fit=1200%2C900&ssl=1&resize=700%2C400 2x, https:\/\/i0.wp.com\/www.jojoenherbe.com\/wp-content\/uploads\/2020\/04\/Lenfant-et-la-baleine-5-scaled.jpg?fit=1200%2C900&ssl=1&resize=1050%2C600 3x"},"classes":[]},{"id":15333,"url":"https:\/\/www.jojoenherbe.com\/index.php\/2021\/02\/01\/au-fil-des-pages-avec-le-tome-3-de-lemouvantail\/","url_meta":{"origin":26744,"position":5},"title":"Au fil des pages avec le tome 3 de L&rsquo;\u00e9mouvantail","author":"Jojo","date":"1 f\u00e9vrier 2021","format":false,"excerpt":"Nous empruntons \u00e0 la m\u00e9diath\u00e8que le tome 3 de L'\u00e9mouvantail, Un, deux, trois... Soleil! de Renaud Dillies (\u00e9d. de la Goutti\u00e8re, 2020), une BD jeunesse \u00e0 partir de 5 ans. Accompagn\u00e9 de son ami Petit Oiseau, l'\u00e9mouvantail d\u00e9couvre le cycle des saisons. Il est \u00e9merveill\u00e9 devant les couleurs prises par\u2026","rel":"","context":"Dans &quot;Mini lecteur&quot;","block_context":{"text":"Mini lecteur","link":"https:\/\/www.jojoenherbe.com\/index.php\/category\/mini-lecteur\/"},"img":{"alt_text":"","src":"https:\/\/i0.wp.com\/www.jojoenherbe.com\/wp-content\/uploads\/2021\/01\/Lemouvantail-T3-scaled.jpg?fit=1200%2C973&ssl=1&resize=350%2C200","width":350,"height":200,"srcset":"https:\/\/i0.wp.com\/www.jojoenherbe.com\/wp-content\/uploads\/2021\/01\/Lemouvantail-T3-scaled.jpg?fit=1200%2C973&ssl=1&resize=350%2C200 1x, https:\/\/i0.wp.com\/www.jojoenherbe.com\/wp-content\/uploads\/2021\/01\/Lemouvantail-T3-scaled.jpg?fit=1200%2C973&ssl=1&resize=525%2C300 1.5x, https:\/\/i0.wp.com\/www.jojoenherbe.com\/wp-content\/uploads\/2021\/01\/Lemouvantail-T3-scaled.jpg?fit=1200%2C973&ssl=1&resize=700%2C400 2x, https:\/\/i0.wp.com\/www.jojoenherbe.com\/wp-content\/uploads\/2021\/01\/Lemouvantail-T3-scaled.jpg?fit=1200%2C973&ssl=1&resize=1050%2C600 3x"},"classes":[]}],"_links":{"self":[{"href":"https:\/\/www.jojoenherbe.com\/index.php\/wp-json\/wp\/v2\/posts\/26744","targetHints":{"allow":["GET"]}}],"collection":[{"href":"https:\/\/www.jojoenherbe.com\/index.php\/wp-json\/wp\/v2\/posts"}],"about":[{"href":"https:\/\/www.jojoenherbe.com\/index.php\/wp-json\/wp\/v2\/types\/post"}],"author":[{"embeddable":true,"href":"https:\/\/www.jojoenherbe.com\/index.php\/wp-json\/wp\/v2\/users\/1"}],"replies":[{"embeddable":true,"href":"https:\/\/www.jojoenherbe.com\/index.php\/wp-json\/wp\/v2\/comments?post=26744"}],"version-history":[{"count":2,"href":"https:\/\/www.jojoenherbe.com\/index.php\/wp-json\/wp\/v2\/posts\/26744\/revisions"}],"predecessor-version":[{"id":26751,"href":"https:\/\/www.jojoenherbe.com\/index.php\/wp-json\/wp\/v2\/posts\/26744\/revisions\/26751"}],"wp:featuredmedia":[{"embeddable":true,"href":"https:\/\/www.jojoenherbe.com\/index.php\/wp-json\/wp\/v2\/media\/26749"}],"wp:attachment":[{"href":"https:\/\/www.jojoenherbe.com\/index.php\/wp-json\/wp\/v2\/media?parent=26744"}],"wp:term":[{"taxonomy":"category","embeddable":true,"href":"https:\/\/www.jojoenherbe.com\/index.php\/wp-json\/wp\/v2\/categories?post=26744"},{"taxonomy":"post_tag","embeddable":true,"href":"https:\/\/www.jojoenherbe.com\/index.php\/wp-json\/wp\/v2\/tags?post=26744"}],"curies":[{"name":"wp","href":"https:\/\/api.w.org\/{rel}","templated":true}]}}