{"id":26712,"date":"2022-08-22T14:00:00","date_gmt":"2022-08-22T12:00:00","guid":{"rendered":"https:\/\/www.jojoenherbe.com\/?p=26712"},"modified":"2022-09-22T14:17:41","modified_gmt":"2022-09-22T12:17:41","slug":"au-fil-des-pages-avec-les-enfants-sont-rois","status":"publish","type":"post","link":"https:\/\/www.jojoenherbe.com\/index.php\/2022\/08\/22\/au-fil-des-pages-avec-les-enfants-sont-rois\/","title":{"rendered":"Au fil des pages avec Les enfants sont rois"},"content":{"rendered":"<p style=\"text-align: justify;\"><em>J&rsquo;ai lu <span style=\"text-decoration: underline;\">Les enfants sont rois<\/span> de Delphine de Vigan (\u00e9d. Gallimard, 2021, 348 pages), un roman policier se d\u00e9roulant dans l\u2019univers des r\u00e9seaux sociaux et en particulier des tr\u00e8s jeunes enfants influenceurs. <\/em><em>Le 10 novembre 2019, Kimmy Diore, \u00e2g\u00e9e de 6 ans, a disparu alors qu&rsquo;elle jouait avec son fr\u00e8re a\u00een\u00e9, Sammy, \u00e2g\u00e9 de 8 ans et d&rsquo;autres enfants de la r\u00e9sidence. Tr\u00e8s vite, les enqu\u00eateurs en charge de l&rsquo;enl\u00e8vement comme Clara Roussel, une \u00ab\u00a0proc\u00e9duri\u00e8re\u00a0\u00bb, s&rsquo;int\u00e9resse aux activit\u00e9s de la famille, la m\u00e8re des deux enfants, M\u00e9lanie Claux mettant en sc\u00e8ne les deux jeunes enfants sur une cha\u00eene YouTube et son compte Instagram. L&rsquo;enl\u00e8vement est-il en lien avec cette surm\u00e9diatisation de leur vie priv\u00e9e? Kimmy \u00e9tait-elle si heureuse, comme le soutient la m\u00e8re, d&rsquo;\u00eatre ainsi mise \u00e0 nu sur les r\u00e9seaux sociaux?\u00a0<\/em><\/p>\n<p style=\"text-align: justify;\"><em>J&rsquo;avais vu pass\u00e9 de nombreux avis tr\u00e8s \u00e9logieux de ce roman et pourtant, je l&rsquo;ai trouv\u00e9 sans plus, malgr\u00e9 le propos que je peux partager (la n\u00e9cessit\u00e9 de la protection de la vie priv\u00e9e des enfants, les d\u00e9rives de la surm\u00e9diatisation de leur vie, le probl\u00e8me de consentement, de choix, de libre-arbitre et de soumission au diktat de leurs parents qui \u00e0 travers eux peuvent combler un vide affectif, un besoin de reconnaissance et d&rsquo;\u00eatre aim\u00e9, de droit \u00e0 l&rsquo;oubli, le poids du regard de l&rsquo;autre dans la construction de sa personnalit\u00e9 ou bien encore la question d&rsquo;une vie avec ou sans r\u00e9seaux sociaux&#8230;). Cela rappelle d\u00e9j\u00e0 les critiques \u00e0 l&rsquo;\u00e9gard des enfants com\u00e9diens, musiciens ou mannequins (les concours de Mini Miss, les castings&#8230;) avec le destin parfois tragiques des anciens enfants stars et leur mal-\u00eatre affectif\/social (troubles psychologiques, d\u00e9pendance affective, \u00e0 l&rsquo;alcool, aux drogues ou bien encore inadaptation sociale&#8230;). <\/em><\/p>\n<p style=\"text-align: justify;\"><em>Le style d&rsquo;\u00e9criture de Delphine de Vigan est tr\u00e8s plat, sans envol\u00e9e romanesque et bien trop sommaire et descriptif, plus proche de l&rsquo;article de presse ou d&rsquo;un m\u00e9moire de sociologie d&rsquo;un \u00e9tudiant en licence&#8230; Les personnages sont sans r\u00e9elle nuance et peu approfondis, m\u00eame lorsque le roman se projette dans le futur, dans les ann\u00e9es 2030 lorsque Sammy et Kimmy sont devenus adultes et doivent vivre avec leur c\u00e9l\u00e9brit\u00e9 et les choix parentaux, en particulier de leur m\u00e8re. Je ressors de ma lecture tr\u00e8s mitig\u00e9e, l&rsquo;autrice n&rsquo;ayant pas r\u00e9ussi, \u00e0 mon sens, \u00e0 choisir entre l&rsquo;essai et la fiction. <\/em><\/p>\n<p style=\"text-align: justify;\"><em><span style=\"text-decoration: underline;\">Petit apart\u00e9 judiciaire<\/span>: Il est question de la Loi du 19 octobre 2020 visant \u00e0 encadrer l&rsquo;exploitation commerciale de l&rsquo;image d&rsquo;enfants de moins de 16 ans sur les plateformes en ligne. Toutes ces mesures \u00e9taient applicables dans les 6 mois de la publication de cette loi, soit en avril 2021. Or plusieurs de ces mesures n\u00e9cessitaient un d\u00e9cret d&rsquo;application qui n&rsquo;est paru que r\u00e9cemment, \u00e0 savoir le D\u00e9cret n\u00b02022-727 du 28 avril 2022.<br \/>\n<\/em><\/p>\n<div style=\"width: 117px\" class=\"wp-caption alignleft\"><img loading=\"lazy\" decoding=\"async\" class=\"\" src=\"https:\/\/lh3.googleusercontent.com\/pw\/AM-JKLW-8Xy9BIRqinPzrRBz2J2pSlRnlFIwPEKmmv1zpAf3DZoC0nJGqVPx8b0ycvPVte06hr4gaDsphFfyIzipAAW1MPEwEpWUpvmIVdN6H4fs8knOaKBdlyDoMp3hCYeWKD_2Ax2fVRZYrtgs4qzmpYdYpQ=w285-h217-no?authuser=1\" alt=\"\" width=\"107\" height=\"81\" \/><p class=\"wp-caption-text\">Challenge Petit Bac d\u2019<a href=\"https:\/\/ennalit.wordpress.com\/2021\/12\/01\/challenge-petit-bac-2022-qui-veut-jouer\/\">Enna<\/a> #5 Cat\u00e9gorie Famille: \u00ab Enfants \u00bb<\/p><\/div>\n<div style=\"width: 123px\" class=\"wp-caption alignleft\"><img loading=\"lazy\" decoding=\"async\" src=\"https:\/\/i2.wp.com\/mapetitemediatheque.fr\/wp-content\/uploads\/2021\/11\/Inkedle-tour-du-monde-en-80-livres-2_LI.jpg?resize=168%2C127&amp;ssl=1\" alt=\"\" width=\"113\" height=\"85\" \/><p class=\"wp-caption-text\">Participation #78 Challenge Le tour du monde en 80 livres de <a href=\"https:\/\/mapetitemediatheque.fr\/2021\/12\/le-tour-du-monde-en-80-livres-le-challenge-qui-vous-fait-aimer-la-litterature-etrangere\/\">Bidib<\/a> #France<\/p><\/div>\n","protected":false},"excerpt":{"rendered":"<p>J&rsquo;ai lu Les enfants sont rois de Delphine de Vigan (\u00e9d. Gallimard, 2021, 348 pages), un roman policier se d\u00e9roulant dans l\u2019univers des r\u00e9seaux sociaux et en particulier des tr\u00e8s jeunes enfants influenceurs. Le 10 novembre 2019, Kimmy Diore, \u00e2g\u00e9e de 6 ans, a disparu alors qu&rsquo;elle jouait avec son fr\u00e8re a\u00een\u00e9, Sammy, \u00e2g\u00e9 de [&hellip;]<\/p>\n","protected":false},"author":1,"featured_media":26218,"comment_status":"open","ping_status":"open","sticky":false,"template":"","format":"standard","meta":{"jetpack_post_was_ever_published":false,"_jetpack_newsletter_access":"","_jetpack_dont_email_post_to_subs":false,"_jetpack_newsletter_tier_id":0,"_jetpack_memberships_contains_paywalled_content":false,"_jetpack_memberships_contains_paid_content":false,"footnotes":""},"categories":[363],"tags":[1347,2915,2426,3283,868,1080,1083,1779,459,3356,2918,1171,3291,1329,3290,3355,3292],"class_list":["post-26712","post","type-post","status-publish","format-standard","has-post-thumbnail","hentry","category-mini-lecteur","tag-18-ans-et-plus","tag-challenge-petit-bac-2022","tag-consentement","tag-delphine-de-vigan","tag-enfance","tag-enfant","tag-enlevement","tag-enquete-policiere","tag-famille","tag-influenceur","tag-le-tour-du-monde-en-80-livres-2022","tag-maltraitance","tag-reseaux-sociaux","tag-roman-policier","tag-surmediatisation","tag-telerealite","tag-vie-privee","post-preview"],"jetpack_featured_media_url":"https:\/\/i0.wp.com\/www.jojoenherbe.com\/wp-content\/uploads\/2022\/07\/Les-enfants-sont-rois-scaled.jpg?fit=2560%2C1886&ssl=1","jetpack_sharing_enabled":true,"jetpack_shortlink":"https:\/\/wp.me\/p9zhGx-6WQ","jetpack_likes_enabled":true,"jetpack-related-posts":[{"id":26689,"url":"https:\/\/www.jojoenherbe.com\/index.php\/2022\/07\/26\/point-lecture-hebdomadaire-51\/","url_meta":{"origin":26712,"position":0},"title":"Point lecture hebdomadaire #51","author":"Jojo","date":"26 juillet 2022","format":false,"excerpt":"En ce (presque) d\u00e9but de semaine, voici notre point lecture hebdomadaire avec un retour sur nos lectures de la semaine derni\u00e8re (mais pas nos relectures) et ma lecture en cours. Nos lectures du\u00a0 18 au 24 juillet 2022: Des lectures jeunesse: Encore beaucoup de relectures cette semaine car nous ne\u2026","rel":"","context":"Dans &quot;Mini blogueur&quot;","block_context":{"text":"Mini blogueur","link":"https:\/\/www.jojoenherbe.com\/index.php\/category\/mini-blogueur\/"},"img":{"alt_text":"","src":"https:\/\/i0.wp.com\/www.jojoenherbe.com\/wp-content\/uploads\/2022\/07\/Point-lecture-hebdo-51-scaled.jpg?fit=1200%2C860&ssl=1&resize=350%2C200","width":350,"height":200,"srcset":"https:\/\/i0.wp.com\/www.jojoenherbe.com\/wp-content\/uploads\/2022\/07\/Point-lecture-hebdo-51-scaled.jpg?fit=1200%2C860&ssl=1&resize=350%2C200 1x, https:\/\/i0.wp.com\/www.jojoenherbe.com\/wp-content\/uploads\/2022\/07\/Point-lecture-hebdo-51-scaled.jpg?fit=1200%2C860&ssl=1&resize=525%2C300 1.5x, https:\/\/i0.wp.com\/www.jojoenherbe.com\/wp-content\/uploads\/2022\/07\/Point-lecture-hebdo-51-scaled.jpg?fit=1200%2C860&ssl=1&resize=700%2C400 2x, https:\/\/i0.wp.com\/www.jojoenherbe.com\/wp-content\/uploads\/2022\/07\/Point-lecture-hebdo-51-scaled.jpg?fit=1200%2C860&ssl=1&resize=1050%2C600 3x"},"classes":[]},{"id":26203,"url":"https:\/\/www.jojoenherbe.com\/index.php\/2022\/07\/04\/point-lecture-hebdomadaire-48\/","url_meta":{"origin":26712,"position":1},"title":"Point lecture hebdomadaire #48","author":"Jojo","date":"4 juillet 2022","format":false,"excerpt":"En ce d\u00e9but de semaine, voici notre point lecture hebdomadaire avec un retour sur nos lectures de la semaine derni\u00e8re (mais pas nos relectures) et ma lecture en cours. Nos lectures du\u00a0 27\u00a0 juin au 3 juillet 2022: Des lectures jeunesse: (Roman jeunesse) Charlock, \u00c0 la recherche du Tikki d\u2019or\u2026","rel":"","context":"Dans &quot;Mini blogueur&quot;","block_context":{"text":"Mini blogueur","link":"https:\/\/www.jojoenherbe.com\/index.php\/category\/mini-blogueur\/"},"img":{"alt_text":"","src":"https:\/\/i0.wp.com\/www.jojoenherbe.com\/wp-content\/uploads\/2022\/07\/Point-lecture-hebdo-48-scaled.jpg?fit=1200%2C783&ssl=1&resize=350%2C200","width":350,"height":200,"srcset":"https:\/\/i0.wp.com\/www.jojoenherbe.com\/wp-content\/uploads\/2022\/07\/Point-lecture-hebdo-48-scaled.jpg?fit=1200%2C783&ssl=1&resize=350%2C200 1x, https:\/\/i0.wp.com\/www.jojoenherbe.com\/wp-content\/uploads\/2022\/07\/Point-lecture-hebdo-48-scaled.jpg?fit=1200%2C783&ssl=1&resize=525%2C300 1.5x, https:\/\/i0.wp.com\/www.jojoenherbe.com\/wp-content\/uploads\/2022\/07\/Point-lecture-hebdo-48-scaled.jpg?fit=1200%2C783&ssl=1&resize=700%2C400 2x, https:\/\/i0.wp.com\/www.jojoenherbe.com\/wp-content\/uploads\/2022\/07\/Point-lecture-hebdo-48-scaled.jpg?fit=1200%2C783&ssl=1&resize=1050%2C600 3x"},"classes":[]},{"id":26154,"url":"https:\/\/www.jojoenherbe.com\/index.php\/2022\/07\/01\/rat-contes-et-legendes-dinde-2022\/","url_meta":{"origin":26712,"position":2},"title":"RAT Contes et l\u00e9gendes d&rsquo;Inde 2022","author":"Jojo","date":"1 juillet 2022","format":false,"excerpt":"Comme en juillet 2021, le mois de juillet 2022 d\u00e9bute par un RAT (read-a-thon\/marathon de lectures) autour des contes et l\u00e9gendes d'Inde propos\u00e9 conjointement par Hilde et Blandine pour les \u00c9tapes indiennes 2022 et\u00a0 Bidib pour le challenge des contes et l\u00e9gendes 2022. Encore de chouettes moments de lecture et\u2026","rel":"","context":"Dans &quot;Mini challenger&quot;","block_context":{"text":"Mini challenger","link":"https:\/\/www.jojoenherbe.com\/index.php\/category\/mini-challenger\/"},"img":{"alt_text":"","src":"https:\/\/i0.wp.com\/www.jojoenherbe.com\/wp-content\/uploads\/2022\/07\/RAT-Contes-et-Legendes-dInde-2022.jpg?fit=1080%2C1080&ssl=1&resize=350%2C200","width":350,"height":200,"srcset":"https:\/\/i0.wp.com\/www.jojoenherbe.com\/wp-content\/uploads\/2022\/07\/RAT-Contes-et-Legendes-dInde-2022.jpg?fit=1080%2C1080&ssl=1&resize=350%2C200 1x, https:\/\/i0.wp.com\/www.jojoenherbe.com\/wp-content\/uploads\/2022\/07\/RAT-Contes-et-Legendes-dInde-2022.jpg?fit=1080%2C1080&ssl=1&resize=525%2C300 1.5x, https:\/\/i0.wp.com\/www.jojoenherbe.com\/wp-content\/uploads\/2022\/07\/RAT-Contes-et-Legendes-dInde-2022.jpg?fit=1080%2C1080&ssl=1&resize=700%2C400 2x, https:\/\/i0.wp.com\/www.jojoenherbe.com\/wp-content\/uploads\/2022\/07\/RAT-Contes-et-Legendes-dInde-2022.jpg?fit=1080%2C1080&ssl=1&resize=1050%2C600 3x"},"classes":[]},{"id":18624,"url":"https:\/\/www.jojoenherbe.com\/index.php\/2021\/05\/31\/au-fil-des-pages-avec-de-lautre-cote-du-pont\/","url_meta":{"origin":26712,"position":3},"title":"Au fil des pages avec De l&rsquo;autre c\u00f4t\u00e9 du pont","author":"Jojo","date":"31 mai 2021","format":false,"excerpt":"J'ai lu hier soir De l'autre c\u00f4t\u00e9 du pont de Padma Venkatraman (\u00e9d. L'\u00e9cole des loisirs, coll. M\u00e9dium, 2020, 239 pages), un roman jeunesse \u00e0 partir de 11 ans se d\u00e9roulant \u00e0 Chennai, en Inde. Pour fuir des violences domestiques, deux jeunes s\u0153urs - Viji \u00e2g\u00e9e de 12 ans et\u2026","rel":"","context":"Dans &quot;Mini lecteur&quot;","block_context":{"text":"Mini lecteur","link":"https:\/\/www.jojoenherbe.com\/index.php\/category\/mini-lecteur\/"},"img":{"alt_text":"","src":"https:\/\/i0.wp.com\/www.jojoenherbe.com\/wp-content\/uploads\/2021\/05\/De-lautre-cote-du-pont-scaled.jpg?fit=1200%2C1006&ssl=1&resize=350%2C200","width":350,"height":200,"srcset":"https:\/\/i0.wp.com\/www.jojoenherbe.com\/wp-content\/uploads\/2021\/05\/De-lautre-cote-du-pont-scaled.jpg?fit=1200%2C1006&ssl=1&resize=350%2C200 1x, https:\/\/i0.wp.com\/www.jojoenherbe.com\/wp-content\/uploads\/2021\/05\/De-lautre-cote-du-pont-scaled.jpg?fit=1200%2C1006&ssl=1&resize=525%2C300 1.5x, https:\/\/i0.wp.com\/www.jojoenherbe.com\/wp-content\/uploads\/2021\/05\/De-lautre-cote-du-pont-scaled.jpg?fit=1200%2C1006&ssl=1&resize=700%2C400 2x, https:\/\/i0.wp.com\/www.jojoenherbe.com\/wp-content\/uploads\/2021\/05\/De-lautre-cote-du-pont-scaled.jpg?fit=1200%2C1006&ssl=1&resize=1050%2C600 3x"},"classes":[]},{"id":28920,"url":"https:\/\/www.jojoenherbe.com\/index.php\/2022\/12\/26\/au-fil-des-pages-avec-le-renne-mysterieux\/","url_meta":{"origin":26712,"position":4},"title":"Au fil des pages avec Le renne myst\u00e9rieux","author":"Jojo","date":"26 d\u00e9cembre 2022","format":false,"excerpt":"Cette ann\u00e9e, nous avons lu tout au long du mois de d\u00e9cembre (du 1er au 24) un roman de l\u2019Avent: Le renne myst\u00e9rieux de Natacha Godeau et Tristan Gion (\u00e9d. Auzou, 2021, 196 pages), un roman jeunesse \u00e0 partir de 8\/9 ans et d\u00e9coup\u00e9 en 24 chapitres \u00e0 d\u00e9tacher chaque\u2026","rel":"","context":"Dans &quot;Mini lecteur&quot;","block_context":{"text":"Mini lecteur","link":"https:\/\/www.jojoenherbe.com\/index.php\/category\/mini-lecteur\/"},"img":{"alt_text":"","src":"https:\/\/i0.wp.com\/www.jojoenherbe.com\/wp-content\/uploads\/2022\/12\/Le-renne-mysterieux-scaled.jpg?fit=1200%2C918&ssl=1&resize=350%2C200","width":350,"height":200,"srcset":"https:\/\/i0.wp.com\/www.jojoenherbe.com\/wp-content\/uploads\/2022\/12\/Le-renne-mysterieux-scaled.jpg?fit=1200%2C918&ssl=1&resize=350%2C200 1x, https:\/\/i0.wp.com\/www.jojoenherbe.com\/wp-content\/uploads\/2022\/12\/Le-renne-mysterieux-scaled.jpg?fit=1200%2C918&ssl=1&resize=525%2C300 1.5x, https:\/\/i0.wp.com\/www.jojoenherbe.com\/wp-content\/uploads\/2022\/12\/Le-renne-mysterieux-scaled.jpg?fit=1200%2C918&ssl=1&resize=700%2C400 2x, https:\/\/i0.wp.com\/www.jojoenherbe.com\/wp-content\/uploads\/2022\/12\/Le-renne-mysterieux-scaled.jpg?fit=1200%2C918&ssl=1&resize=1050%2C600 3x"},"classes":[]},{"id":22165,"url":"https:\/\/www.jojoenherbe.com\/index.php\/2021\/11\/09\/point-lecture-hebdomadaire-14\/","url_meta":{"origin":26712,"position":5},"title":"Point lecture hebdomadaire #14","author":"Jojo","date":"9 novembre 2021","format":false,"excerpt":"En ce d\u00e9but de semaine, voici notre point lecture hebdomadaire avec un retour sur nos lectures de la semaine derni\u00e8re (avec surtout des romans) et celles en cours et sans doute \u00e0 venir, avec deux passages \u00e0 la m\u00e9diath\u00e8que. Nos lectures du 1er au 7 novembre 2021: Des albums jeunesse:\u2026","rel":"","context":"Dans &quot;Mini blogueur&quot;","block_context":{"text":"Mini blogueur","link":"https:\/\/www.jojoenherbe.com\/index.php\/category\/mini-blogueur\/"},"img":{"alt_text":"","src":"https:\/\/i0.wp.com\/www.jojoenherbe.com\/wp-content\/uploads\/2021\/11\/Point-lecture-hebdomadaire-14-scaled.jpg?fit=1200%2C740&ssl=1&resize=350%2C200","width":350,"height":200,"srcset":"https:\/\/i0.wp.com\/www.jojoenherbe.com\/wp-content\/uploads\/2021\/11\/Point-lecture-hebdomadaire-14-scaled.jpg?fit=1200%2C740&ssl=1&resize=350%2C200 1x, https:\/\/i0.wp.com\/www.jojoenherbe.com\/wp-content\/uploads\/2021\/11\/Point-lecture-hebdomadaire-14-scaled.jpg?fit=1200%2C740&ssl=1&resize=525%2C300 1.5x, https:\/\/i0.wp.com\/www.jojoenherbe.com\/wp-content\/uploads\/2021\/11\/Point-lecture-hebdomadaire-14-scaled.jpg?fit=1200%2C740&ssl=1&resize=700%2C400 2x, https:\/\/i0.wp.com\/www.jojoenherbe.com\/wp-content\/uploads\/2021\/11\/Point-lecture-hebdomadaire-14-scaled.jpg?fit=1200%2C740&ssl=1&resize=1050%2C600 3x"},"classes":[]}],"_links":{"self":[{"href":"https:\/\/www.jojoenherbe.com\/index.php\/wp-json\/wp\/v2\/posts\/26712","targetHints":{"allow":["GET"]}}],"collection":[{"href":"https:\/\/www.jojoenherbe.com\/index.php\/wp-json\/wp\/v2\/posts"}],"about":[{"href":"https:\/\/www.jojoenherbe.com\/index.php\/wp-json\/wp\/v2\/types\/post"}],"author":[{"embeddable":true,"href":"https:\/\/www.jojoenherbe.com\/index.php\/wp-json\/wp\/v2\/users\/1"}],"replies":[{"embeddable":true,"href":"https:\/\/www.jojoenherbe.com\/index.php\/wp-json\/wp\/v2\/comments?post=26712"}],"version-history":[{"count":12,"href":"https:\/\/www.jojoenherbe.com\/index.php\/wp-json\/wp\/v2\/posts\/26712\/revisions"}],"predecessor-version":[{"id":27765,"href":"https:\/\/www.jojoenherbe.com\/index.php\/wp-json\/wp\/v2\/posts\/26712\/revisions\/27765"}],"wp:featuredmedia":[{"embeddable":true,"href":"https:\/\/www.jojoenherbe.com\/index.php\/wp-json\/wp\/v2\/media\/26218"}],"wp:attachment":[{"href":"https:\/\/www.jojoenherbe.com\/index.php\/wp-json\/wp\/v2\/media?parent=26712"}],"wp:term":[{"taxonomy":"category","embeddable":true,"href":"https:\/\/www.jojoenherbe.com\/index.php\/wp-json\/wp\/v2\/categories?post=26712"},{"taxonomy":"post_tag","embeddable":true,"href":"https:\/\/www.jojoenherbe.com\/index.php\/wp-json\/wp\/v2\/tags?post=26712"}],"curies":[{"name":"wp","href":"https:\/\/api.w.org\/{rel}","templated":true}]}}