{"id":26544,"date":"2022-07-15T06:00:00","date_gmt":"2022-07-15T04:00:00","guid":{"rendered":"https:\/\/www.jojoenherbe.com\/?p=26544"},"modified":"2022-08-08T14:42:31","modified_gmt":"2022-08-08T12:42:31","slug":"la-nature-au-fil-de-lete-2022","status":"publish","type":"post","link":"https:\/\/www.jojoenherbe.com\/index.php\/2022\/07\/15\/la-nature-au-fil-de-lete-2022\/","title":{"rendered":"La Nature au fil de l&rsquo;\u00e9t\u00e9 2022"},"content":{"rendered":"<p style=\"text-align: justify;\"><em><a href=\"https:\/\/i0.wp.com\/www.jojoenherbe.com\/wp-content\/uploads\/2022\/07\/Fraisier-Boreon-scaled.jpg\"><img data-recalc-dims=\"1\" loading=\"lazy\" decoding=\"async\" data-attachment-id=\"26545\" data-permalink=\"https:\/\/www.jojoenherbe.com\/index.php\/2022\/07\/15\/la-nature-au-fil-de-lete-2022\/fraisier-boreon\/\" data-orig-file=\"https:\/\/i0.wp.com\/www.jojoenherbe.com\/wp-content\/uploads\/2022\/07\/Fraisier-Boreon-scaled.jpg?fit=1920%2C2560&amp;ssl=1\" data-orig-size=\"1920,2560\" data-comments-opened=\"1\" data-image-meta=\"{&quot;aperture&quot;:&quot;4&quot;,&quot;credit&quot;:&quot;&quot;,&quot;camera&quot;:&quot;DSC-HX400V&quot;,&quot;caption&quot;:&quot;&quot;,&quot;created_timestamp&quot;:&quot;1657805783&quot;,&quot;copyright&quot;:&quot;&quot;,&quot;focal_length&quot;:&quot;16.16&quot;,&quot;iso&quot;:&quot;320&quot;,&quot;shutter_speed&quot;:&quot;0.01&quot;,&quot;title&quot;:&quot;&quot;,&quot;orientation&quot;:&quot;1&quot;}\" data-image-title=\"Fraisier &amp;#8211; Bor\u00e9on\" data-image-description=\"\" data-image-caption=\"\" data-large-file=\"https:\/\/i0.wp.com\/www.jojoenherbe.com\/wp-content\/uploads\/2022\/07\/Fraisier-Boreon-scaled.jpg?fit=676%2C901&amp;ssl=1\" class=\"alignleft size-thumbnail wp-image-26545\" src=\"https:\/\/i0.wp.com\/www.jojoenherbe.com\/wp-content\/uploads\/2022\/07\/Fraisier-Boreon.jpg?resize=150%2C150\" alt=\"\" width=\"150\" height=\"150\" srcset=\"https:\/\/i0.wp.com\/www.jojoenherbe.com\/wp-content\/uploads\/2022\/07\/Fraisier-Boreon-scaled.jpg?resize=150%2C150&amp;ssl=1 150w, https:\/\/i0.wp.com\/www.jojoenherbe.com\/wp-content\/uploads\/2022\/07\/Fraisier-Boreon-scaled.jpg?zoom=2&amp;resize=150%2C150 300w, https:\/\/i0.wp.com\/www.jojoenherbe.com\/wp-content\/uploads\/2022\/07\/Fraisier-Boreon-scaled.jpg?zoom=3&amp;resize=150%2C150 450w\" sizes=\"auto, (max-width: 150px) 100vw, 150px\" \/><\/a><\/em><\/p>\n<div id=\"attachment_26546\" style=\"width: 160px\" class=\"wp-caption alignleft\"><a href=\"https:\/\/i0.wp.com\/www.jojoenherbe.com\/wp-content\/uploads\/2022\/07\/Zygene-Boreon-scaled.jpg\"><img data-recalc-dims=\"1\" loading=\"lazy\" decoding=\"async\" aria-describedby=\"caption-attachment-26546\" data-attachment-id=\"26546\" data-permalink=\"https:\/\/www.jojoenherbe.com\/index.php\/2022\/07\/15\/la-nature-au-fil-de-lete-2022\/zygene-boreon\/\" data-orig-file=\"https:\/\/i0.wp.com\/www.jojoenherbe.com\/wp-content\/uploads\/2022\/07\/Zygene-Boreon-scaled.jpg?fit=2560%2C2312&amp;ssl=1\" data-orig-size=\"2560,2312\" data-comments-opened=\"1\" data-image-meta=\"{&quot;aperture&quot;:&quot;4&quot;,&quot;credit&quot;:&quot;&quot;,&quot;camera&quot;:&quot;DSC-HX400V&quot;,&quot;caption&quot;:&quot;&quot;,&quot;created_timestamp&quot;:&quot;1657805458&quot;,&quot;copyright&quot;:&quot;&quot;,&quot;focal_length&quot;:&quot;15.13&quot;,&quot;iso&quot;:&quot;100&quot;,&quot;shutter_speed&quot;:&quot;0.01&quot;,&quot;title&quot;:&quot;&quot;,&quot;orientation&quot;:&quot;1&quot;}\" data-image-title=\"Zyg\u00e8ne &amp;#8211; Bor\u00e9on\" data-image-description=\"\" data-image-caption=\"&lt;p&gt;Zyg\u00e8ne&lt;\/p&gt;\n\" data-large-file=\"https:\/\/i0.wp.com\/www.jojoenherbe.com\/wp-content\/uploads\/2022\/07\/Zygene-Boreon-scaled.jpg?fit=676%2C611&amp;ssl=1\" class=\"size-thumbnail wp-image-26546\" src=\"https:\/\/i0.wp.com\/www.jojoenherbe.com\/wp-content\/uploads\/2022\/07\/Zygene-Boreon.jpg?resize=150%2C150\" alt=\"\" width=\"150\" height=\"150\" srcset=\"https:\/\/i0.wp.com\/www.jojoenherbe.com\/wp-content\/uploads\/2022\/07\/Zygene-Boreon-scaled.jpg?resize=150%2C150&amp;ssl=1 150w, https:\/\/i0.wp.com\/www.jojoenherbe.com\/wp-content\/uploads\/2022\/07\/Zygene-Boreon-scaled.jpg?zoom=2&amp;resize=150%2C150 300w, https:\/\/i0.wp.com\/www.jojoenherbe.com\/wp-content\/uploads\/2022\/07\/Zygene-Boreon-scaled.jpg?zoom=3&amp;resize=150%2C150 450w\" sizes=\"auto, (max-width: 150px) 100vw, 150px\" \/><\/a><p id=\"caption-attachment-26546\" class=\"wp-caption-text\">Zyg\u00e8ne<\/p><\/div>\n<p style=\"text-align: justify;\"><em>Pour ce nouveau rendez-vous photo avec Syl, Isabelle et Hilde d\u2019\u00e9coute et d\u2019observation de la Nature au fil de l&rsquo;\u00e9t\u00e9, voici des photos prises le 14 juillet 2022 au Bor\u00e9on, dans la Haute-V\u00e9subie avant une grosse averse qui nous a fait \u00e9courter notre balade. Il s&rsquo;agit d&rsquo;un cuivr\u00e9 de la verge-d&rsquo;or (un papillon m\u00e2le). Au d\u00e9part de la balade, nous avons pu en observer plusieurs voleter de fleur en fleur, tout comme des zyg\u00e8nes. Il y avait \u00e9galement des fraises sauvages en train de m\u00fbrir.<br \/>\n<\/em><\/p>\n<p style=\"text-align: justify;\"><em>\u00c0 noter que le pont en bois <span class=\"\" title=\"Modifi\u00e9\">sur le sentier de Pe\u00efrastr\u00e8che<\/span> pour se rendre \u00e0 la cascade n&rsquo;a pas encore \u00e9t\u00e9 r\u00e9par\u00e9. Le lieu est malheureusement toujours aussi marqu\u00e9 par le passage de la temp\u00eate Alex.<\/em><\/p>\n<p style=\"text-align: justify;\"><em>Pour d\u2019autres ambiances estivales : une balade de Pont l\u2019\u00c9v\u00eaque \u00e0 Saint-M\u00e9laine chez <a href=\"https:\/\/ribambelledhistoires.over-blog.com\/2022\/07\/balade-au-fil-de-l-ete-4-pont-l-eveque-eglise-saint-melaine.html\">Isabelle<\/a> et le jardin de la maison de George Sand \u00e0 Nohant chez <a href=\"https:\/\/sylectures.wordpress.com\/2022\/07\/12\/dans-le-jardin-de-george\/\">Syl<\/a>.<\/em><\/p>\n","protected":false},"excerpt":{"rendered":"<p>Pour ce nouveau rendez-vous photo avec Syl, Isabelle et Hilde d\u2019\u00e9coute et d\u2019observation de la Nature au fil de l&rsquo;\u00e9t\u00e9, voici des photos prises le 14 juillet 2022 au Bor\u00e9on, dans la Haute-V\u00e9subie avant une grosse averse qui nous a fait \u00e9courter notre balade. Il s&rsquo;agit d&rsquo;un cuivr\u00e9 de la verge-d&rsquo;or (un papillon m\u00e2le). Au [&hellip;]<\/p>\n","protected":false},"author":1,"featured_media":26541,"comment_status":"open","ping_status":"open","sticky":false,"template":"","format":"standard","meta":{"jetpack_post_was_ever_published":false,"_jetpack_newsletter_access":"","_jetpack_dont_email_post_to_subs":false,"_jetpack_newsletter_tier_id":0,"_jetpack_memberships_contains_paywalled_content":false,"_jetpack_memberships_contains_paid_content":false,"footnotes":""},"categories":[128,13],"tags":[1653,3275,611,3277,1524,241,5,503,46,1506,247,3276],"class_list":["post-26544","post","type-post","status-publish","format-standard","has-post-thumbnail","hentry","category-mini-baladeur","category-mini-randonneur","tag-boreon","tag-cuivre-de-la-verge-dor","tag-ete","tag-fraisier","tag-haute-vesubie","tag-le-boreon","tag-paca","tag-papillon","tag-randonnees","tag-region-sud","tag-vallee-de-la-vesubie","tag-zygene","post-preview"],"jetpack_featured_media_url":"https:\/\/i0.wp.com\/www.jojoenherbe.com\/wp-content\/uploads\/2022\/07\/Cuivre-de-la-verge-dor-male-Boreon-scaled.jpg?fit=2560%2C2003&ssl=1","jetpack_sharing_enabled":true,"jetpack_shortlink":"https:\/\/wp.me\/p9zhGx-6U8","jetpack_likes_enabled":true,"jetpack-related-posts":[{"id":10997,"url":"https:\/\/www.jojoenherbe.com\/index.php\/2020\/05\/22\/petite-balade-printaniere-au-boreon\/","url_meta":{"origin":26544,"position":0},"title":"Petite balade printani\u00e8re au Bor\u00e9on","author":"Jojo","date":"22 mai 2020","format":false,"excerpt":"En ce 21 mai 2020, nous partons nous balader et le soleil est enfin au rendez-vous. En cette premi\u00e8re balade post-confinement, direction un endroit que nous adorons: le Bor\u00e9on, dans la Haute-V\u00e9subie. Arriv\u00e9s au lac du Bor\u00e9on, il y a d\u00e9j\u00e0 beaucoup de monde et nous continuons jusqu'\u00e0 trouver un\u2026","rel":"","context":"Dans &quot;Mini baladeur&quot;","block_context":{"text":"Mini baladeur","link":"https:\/\/www.jojoenherbe.com\/index.php\/category\/mini-crapahuteur\/mini-baladeur\/"},"img":{"alt_text":"","src":"https:\/\/i0.wp.com\/www.jojoenherbe.com\/wp-content\/uploads\/2020\/05\/Bor%C3%A9on-3-scaled.jpg?fit=900%2C1200&ssl=1&resize=350%2C200","width":350,"height":200,"srcset":"https:\/\/i0.wp.com\/www.jojoenherbe.com\/wp-content\/uploads\/2020\/05\/Bor%C3%A9on-3-scaled.jpg?fit=900%2C1200&ssl=1&resize=350%2C200 1x, https:\/\/i0.wp.com\/www.jojoenherbe.com\/wp-content\/uploads\/2020\/05\/Bor%C3%A9on-3-scaled.jpg?fit=900%2C1200&ssl=1&resize=525%2C300 1.5x, https:\/\/i0.wp.com\/www.jojoenherbe.com\/wp-content\/uploads\/2020\/05\/Bor%C3%A9on-3-scaled.jpg?fit=900%2C1200&ssl=1&resize=700%2C400 2x"},"classes":[]},{"id":10311,"url":"https:\/\/www.jojoenherbe.com\/index.php\/2020\/03\/10\/balade-hivernale-au-boreon\/","url_meta":{"origin":26544,"position":1},"title":"Balade hivernale au Bor\u00e9on","author":"Jojo","date":"10 mars 2020","format":false,"excerpt":"Ce 7 mars 2020, nous montons au Bor\u00e9on en passant devant la cascade et le lac encore en partie glac\u00e9e. Puis nous nous garons sur le parking en face du chalet d'accueil du Parc Alpha, la route pour monter au parking sup\u00e9rieur du Bor\u00e9on \u00e9tant ferm\u00e9 l'hiver. Puis nous suivons\u2026","rel":"","context":"Dans &quot;Mini baladeur&quot;","block_context":{"text":"Mini baladeur","link":"https:\/\/www.jojoenherbe.com\/index.php\/category\/mini-crapahuteur\/mini-baladeur\/"},"img":{"alt_text":"","src":"https:\/\/i0.wp.com\/www.jojoenherbe.com\/wp-content\/uploads\/2020\/03\/Bor%C3%A9on-4-scaled.jpg?fit=1200%2C900&ssl=1&resize=350%2C200","width":350,"height":200,"srcset":"https:\/\/i0.wp.com\/www.jojoenherbe.com\/wp-content\/uploads\/2020\/03\/Bor%C3%A9on-4-scaled.jpg?fit=1200%2C900&ssl=1&resize=350%2C200 1x, https:\/\/i0.wp.com\/www.jojoenherbe.com\/wp-content\/uploads\/2020\/03\/Bor%C3%A9on-4-scaled.jpg?fit=1200%2C900&ssl=1&resize=525%2C300 1.5x, https:\/\/i0.wp.com\/www.jojoenherbe.com\/wp-content\/uploads\/2020\/03\/Bor%C3%A9on-4-scaled.jpg?fit=1200%2C900&ssl=1&resize=700%2C400 2x, https:\/\/i0.wp.com\/www.jojoenherbe.com\/wp-content\/uploads\/2020\/03\/Bor%C3%A9on-4-scaled.jpg?fit=1200%2C900&ssl=1&resize=1050%2C600 3x"},"classes":[]},{"id":2770,"url":"https:\/\/www.jojoenherbe.com\/index.php\/2014\/07\/17\/petite-balade-au-boreon-saint-martin-vesubie\/","url_meta":{"origin":26544,"position":2},"title":"Petite balade au Bor\u00e9on &#8211; Saint-Martin-V\u00e9subie","author":"Jojo","date":"17 juillet 2014","format":false,"excerpt":"Ce 13 juillet 2014, nous montons au lac du Bor\u00e9on situ\u00e9 \u00e0 quelques kilom\u00e8tres de Saint-Martin-V\u00e9subie. Nous nous garons sur le parking en face du Parc Alpha et commen\u00e7ons notre balade sur le sentier servant \u00e9galement de pistes de fond en hiver. Nous longeons les bords du cours d'eau Le\u2026","rel":"","context":"Dans &quot;Mini baladeur&quot;","block_context":{"text":"Mini baladeur","link":"https:\/\/www.jojoenherbe.com\/index.php\/category\/mini-crapahuteur\/mini-baladeur\/"},"img":{"alt_text":"","src":"https:\/\/i0.wp.com\/www.jojoenherbe.com\/wp-content\/uploads\/2014\/07\/Le-Bor%C3%A9on-Saint-Martin-V%C3%A9subie-2.jpg?fit=900%2C1200&ssl=1&resize=350%2C200","width":350,"height":200,"srcset":"https:\/\/i0.wp.com\/www.jojoenherbe.com\/wp-content\/uploads\/2014\/07\/Le-Bor%C3%A9on-Saint-Martin-V%C3%A9subie-2.jpg?fit=900%2C1200&ssl=1&resize=350%2C200 1x, https:\/\/i0.wp.com\/www.jojoenherbe.com\/wp-content\/uploads\/2014\/07\/Le-Bor%C3%A9on-Saint-Martin-V%C3%A9subie-2.jpg?fit=900%2C1200&ssl=1&resize=525%2C300 1.5x, https:\/\/i0.wp.com\/www.jojoenherbe.com\/wp-content\/uploads\/2014\/07\/Le-Bor%C3%A9on-Saint-Martin-V%C3%A9subie-2.jpg?fit=900%2C1200&ssl=1&resize=700%2C400 2x"},"classes":[]},{"id":19956,"url":"https:\/\/www.jojoenherbe.com\/index.php\/2021\/08\/03\/retour-au-boreon-pour-une-balade-estivale\/","url_meta":{"origin":26544,"position":3},"title":"Retour au Bor\u00e9on pour une balade estivale","author":"Jojo","date":"3 ao\u00fbt 2021","format":false,"excerpt":"Le 1er ao\u00fbt 2021, cela faisait plus d'un an que nous n'\u00e9tions plus all\u00e9s au Bor\u00e9on, dans la Haute-V\u00e9subie, qui avait \u00e9t\u00e9 lourdement frapp\u00e9 par la temp\u00eate Alex \u00e0 l'automne 2020. L'ambiance est particuli\u00e8re sur la route au vu des d\u00e9g\u00e2ts occasionn\u00e9s et du sacr\u00e9 travail fait de remise en\u2026","rel":"","context":"Dans &quot;Mini randonneur&quot;","block_context":{"text":"Mini randonneur","link":"https:\/\/www.jojoenherbe.com\/index.php\/category\/mini-crapahuteur\/mini-randonneur\/"},"img":{"alt_text":"","src":"https:\/\/i0.wp.com\/www.jojoenherbe.com\/wp-content\/uploads\/2021\/08\/Boreon-5-scaled.jpg?fit=900%2C1200&ssl=1&resize=350%2C200","width":350,"height":200,"srcset":"https:\/\/i0.wp.com\/www.jojoenherbe.com\/wp-content\/uploads\/2021\/08\/Boreon-5-scaled.jpg?fit=900%2C1200&ssl=1&resize=350%2C200 1x, https:\/\/i0.wp.com\/www.jojoenherbe.com\/wp-content\/uploads\/2021\/08\/Boreon-5-scaled.jpg?fit=900%2C1200&ssl=1&resize=525%2C300 1.5x, https:\/\/i0.wp.com\/www.jojoenherbe.com\/wp-content\/uploads\/2021\/08\/Boreon-5-scaled.jpg?fit=900%2C1200&ssl=1&resize=700%2C400 2x"},"classes":[]},{"id":2860,"url":"https:\/\/www.jojoenherbe.com\/index.php\/2018\/06\/11\/balade-forestiere-sur-les-bords-du-boreon\/","url_meta":{"origin":26544,"position":4},"title":"Balade foresti\u00e8re sur les bords du Bor\u00e9on","author":"Jojo","date":"11 juin 2018","format":false,"excerpt":"Ce 9 juin 2018, nous montons jusqu'au parking sup\u00e9rieur du Bor\u00e9on pour une petite balade foresti\u00e8re, apr\u00e8s avoir pass\u00e9 Saint-Martin-V\u00e9subie et le lac du Bor\u00e9on au bord duquel de nombreux p\u00eacheurs ont d\u00e9ploy\u00e9 leur canne \u00e0 p\u00eache. Nous marchons le long du parcours am\u00e9nag\u00e9 de p\u00eache. Nous nous installons sur\u2026","rel":"","context":"Dans &quot;Mini baladeur&quot;","block_context":{"text":"Mini baladeur","link":"https:\/\/www.jojoenherbe.com\/index.php\/category\/mini-crapahuteur\/mini-baladeur\/"},"img":{"alt_text":"","src":"https:\/\/i0.wp.com\/www.jojoenherbe.com\/wp-content\/uploads\/2018\/06\/Bor%C3%A9on-8.jpg?fit=900%2C1200&ssl=1&resize=350%2C200","width":350,"height":200,"srcset":"https:\/\/i0.wp.com\/www.jojoenherbe.com\/wp-content\/uploads\/2018\/06\/Bor%C3%A9on-8.jpg?fit=900%2C1200&ssl=1&resize=350%2C200 1x, https:\/\/i0.wp.com\/www.jojoenherbe.com\/wp-content\/uploads\/2018\/06\/Bor%C3%A9on-8.jpg?fit=900%2C1200&ssl=1&resize=525%2C300 1.5x, https:\/\/i0.wp.com\/www.jojoenherbe.com\/wp-content\/uploads\/2018\/06\/Bor%C3%A9on-8.jpg?fit=900%2C1200&ssl=1&resize=700%2C400 2x"},"classes":[]},{"id":6560,"url":"https:\/\/www.jojoenherbe.com\/index.php\/2019\/06\/29\/un-peu-de-fraicheur-au-boreon\/","url_meta":{"origin":26544,"position":5},"title":"Un peu de fra\u00eecheur au Bor\u00e9on","author":"Jojo","date":"29 juin 2019","format":false,"excerpt":"Ce 28 juin 2019, en cette journ\u00e9e qui s'annonce encore caniculaire, nous montons jusqu'\u00e0 un\u00a0 des parking du Bor\u00e9on, un peu apr\u00e8s l'entr\u00e9e du parc Alpha. Nous retrouvons avec plaisir les petits sentiers en sous-bois le long de la rivi\u00e8re Le Bor\u00e9on. Le thermom\u00e8tre de la voiture indique 35 degr\u00e9s\u2026","rel":"","context":"Dans &quot;Mini baladeur&quot;","block_context":{"text":"Mini baladeur","link":"https:\/\/www.jojoenherbe.com\/index.php\/category\/mini-crapahuteur\/mini-baladeur\/"},"img":{"alt_text":"","src":"https:\/\/i0.wp.com\/www.jojoenherbe.com\/wp-content\/uploads\/2019\/06\/Bor%C3%A9on.jpg?fit=1200%2C900&ssl=1&resize=350%2C200","width":350,"height":200,"srcset":"https:\/\/i0.wp.com\/www.jojoenherbe.com\/wp-content\/uploads\/2019\/06\/Bor%C3%A9on.jpg?fit=1200%2C900&ssl=1&resize=350%2C200 1x, https:\/\/i0.wp.com\/www.jojoenherbe.com\/wp-content\/uploads\/2019\/06\/Bor%C3%A9on.jpg?fit=1200%2C900&ssl=1&resize=525%2C300 1.5x, https:\/\/i0.wp.com\/www.jojoenherbe.com\/wp-content\/uploads\/2019\/06\/Bor%C3%A9on.jpg?fit=1200%2C900&ssl=1&resize=700%2C400 2x, https:\/\/i0.wp.com\/www.jojoenherbe.com\/wp-content\/uploads\/2019\/06\/Bor%C3%A9on.jpg?fit=1200%2C900&ssl=1&resize=1050%2C600 3x"},"classes":[]}],"_links":{"self":[{"href":"https:\/\/www.jojoenherbe.com\/index.php\/wp-json\/wp\/v2\/posts\/26544","targetHints":{"allow":["GET"]}}],"collection":[{"href":"https:\/\/www.jojoenherbe.com\/index.php\/wp-json\/wp\/v2\/posts"}],"about":[{"href":"https:\/\/www.jojoenherbe.com\/index.php\/wp-json\/wp\/v2\/types\/post"}],"author":[{"embeddable":true,"href":"https:\/\/www.jojoenherbe.com\/index.php\/wp-json\/wp\/v2\/users\/1"}],"replies":[{"embeddable":true,"href":"https:\/\/www.jojoenherbe.com\/index.php\/wp-json\/wp\/v2\/comments?post=26544"}],"version-history":[{"count":3,"href":"https:\/\/www.jojoenherbe.com\/index.php\/wp-json\/wp\/v2\/posts\/26544\/revisions"}],"predecessor-version":[{"id":26905,"href":"https:\/\/www.jojoenherbe.com\/index.php\/wp-json\/wp\/v2\/posts\/26544\/revisions\/26905"}],"wp:featuredmedia":[{"embeddable":true,"href":"https:\/\/www.jojoenherbe.com\/index.php\/wp-json\/wp\/v2\/media\/26541"}],"wp:attachment":[{"href":"https:\/\/www.jojoenherbe.com\/index.php\/wp-json\/wp\/v2\/media?parent=26544"}],"wp:term":[{"taxonomy":"category","embeddable":true,"href":"https:\/\/www.jojoenherbe.com\/index.php\/wp-json\/wp\/v2\/categories?post=26544"},{"taxonomy":"post_tag","embeddable":true,"href":"https:\/\/www.jojoenherbe.com\/index.php\/wp-json\/wp\/v2\/tags?post=26544"}],"curies":[{"name":"wp","href":"https:\/\/api.w.org\/{rel}","templated":true}]}}