{"id":26539,"date":"2022-07-18T12:47:15","date_gmt":"2022-07-18T10:47:15","guid":{"rendered":"https:\/\/www.jojoenherbe.com\/?p=26539"},"modified":"2022-07-18T12:47:15","modified_gmt":"2022-07-18T10:47:15","slug":"au-fil-des-pages-avec-maman-oie-ours-et-le-cousin-catastrophe","status":"publish","type":"post","link":"https:\/\/www.jojoenherbe.com\/index.php\/2022\/07\/18\/au-fil-des-pages-avec-maman-oie-ours-et-le-cousin-catastrophe\/","title":{"rendered":"Au fil des pages avec Maman Oie Ours et le cousin catastrophe"},"content":{"rendered":"<p style=\"text-align: justify;\"><em><a href=\"https:\/\/i0.wp.com\/www.jojoenherbe.com\/wp-content\/uploads\/2022\/07\/Maman-Ours-et-le-cousin-catastrophe-2-scaled.jpg\"><img data-recalc-dims=\"1\" loading=\"lazy\" decoding=\"async\" data-attachment-id=\"26587\" data-permalink=\"https:\/\/www.jojoenherbe.com\/index.php\/2022\/07\/18\/au-fil-des-pages-avec-maman-oie-ours-et-le-cousin-catastrophe\/maman-ours-et-le-cousin-catastrophe-2\/\" data-orig-file=\"https:\/\/i0.wp.com\/www.jojoenherbe.com\/wp-content\/uploads\/2022\/07\/Maman-Ours-et-le-cousin-catastrophe-2-scaled.jpg?fit=2560%2C1347&amp;ssl=1\" data-orig-size=\"2560,1347\" data-comments-opened=\"1\" data-image-meta=\"{&quot;aperture&quot;:&quot;1.8&quot;,&quot;credit&quot;:&quot;&quot;,&quot;camera&quot;:&quot;iPhone 7&quot;,&quot;caption&quot;:&quot;&quot;,&quot;created_timestamp&quot;:&quot;1657022543&quot;,&quot;copyright&quot;:&quot;&quot;,&quot;focal_length&quot;:&quot;3.99&quot;,&quot;iso&quot;:&quot;100&quot;,&quot;shutter_speed&quot;:&quot;0.071428571428571&quot;,&quot;title&quot;:&quot;&quot;,&quot;orientation&quot;:&quot;1&quot;}\" data-image-title=\"Maman Ours et le cousin catastrophe 2\" data-image-description=\"\" data-image-caption=\"\" data-large-file=\"https:\/\/i0.wp.com\/www.jojoenherbe.com\/wp-content\/uploads\/2022\/07\/Maman-Ours-et-le-cousin-catastrophe-2-scaled.jpg?fit=676%2C356&amp;ssl=1\" class=\"alignleft size-thumbnail wp-image-26587\" src=\"https:\/\/i0.wp.com\/www.jojoenherbe.com\/wp-content\/uploads\/2022\/07\/Maman-Ours-et-le-cousin-catastrophe-2.jpg?resize=150%2C150\" alt=\"\" width=\"150\" height=\"150\" srcset=\"https:\/\/i0.wp.com\/www.jojoenherbe.com\/wp-content\/uploads\/2022\/07\/Maman-Ours-et-le-cousin-catastrophe-2-scaled.jpg?resize=150%2C150&amp;ssl=1 150w, https:\/\/i0.wp.com\/www.jojoenherbe.com\/wp-content\/uploads\/2022\/07\/Maman-Ours-et-le-cousin-catastrophe-2-scaled.jpg?zoom=2&amp;resize=150%2C150 300w, https:\/\/i0.wp.com\/www.jojoenherbe.com\/wp-content\/uploads\/2022\/07\/Maman-Ours-et-le-cousin-catastrophe-2-scaled.jpg?zoom=3&amp;resize=150%2C150 450w\" sizes=\"auto, (max-width: 150px) 100vw, 150px\" \/><\/a> <a href=\"https:\/\/i0.wp.com\/www.jojoenherbe.com\/wp-content\/uploads\/2022\/07\/Maman-Ours-et-le-cousin-catastrophe-3-scaled.jpg\"><img data-recalc-dims=\"1\" loading=\"lazy\" decoding=\"async\" data-attachment-id=\"26588\" data-permalink=\"https:\/\/www.jojoenherbe.com\/index.php\/2022\/07\/18\/au-fil-des-pages-avec-maman-oie-ours-et-le-cousin-catastrophe\/maman-ours-et-le-cousin-catastrophe-3\/\" data-orig-file=\"https:\/\/i0.wp.com\/www.jojoenherbe.com\/wp-content\/uploads\/2022\/07\/Maman-Ours-et-le-cousin-catastrophe-3-scaled.jpg?fit=1920%2C2560&amp;ssl=1\" data-orig-size=\"1920,2560\" data-comments-opened=\"1\" data-image-meta=\"{&quot;aperture&quot;:&quot;1.8&quot;,&quot;credit&quot;:&quot;&quot;,&quot;camera&quot;:&quot;iPhone 7&quot;,&quot;caption&quot;:&quot;&quot;,&quot;created_timestamp&quot;:&quot;1657022533&quot;,&quot;copyright&quot;:&quot;&quot;,&quot;focal_length&quot;:&quot;3.99&quot;,&quot;iso&quot;:&quot;100&quot;,&quot;shutter_speed&quot;:&quot;0.076923076923077&quot;,&quot;title&quot;:&quot;&quot;,&quot;orientation&quot;:&quot;1&quot;}\" data-image-title=\"Maman Ours et le cousin catastrophe 3\" data-image-description=\"\" data-image-caption=\"\" data-large-file=\"https:\/\/i0.wp.com\/www.jojoenherbe.com\/wp-content\/uploads\/2022\/07\/Maman-Ours-et-le-cousin-catastrophe-3-scaled.jpg?fit=676%2C901&amp;ssl=1\" class=\"alignleft size-thumbnail wp-image-26588\" src=\"https:\/\/i0.wp.com\/www.jojoenherbe.com\/wp-content\/uploads\/2022\/07\/Maman-Ours-et-le-cousin-catastrophe-3.jpg?resize=150%2C150\" alt=\"\" width=\"150\" height=\"150\" srcset=\"https:\/\/i0.wp.com\/www.jojoenherbe.com\/wp-content\/uploads\/2022\/07\/Maman-Ours-et-le-cousin-catastrophe-3-scaled.jpg?resize=150%2C150&amp;ssl=1 150w, https:\/\/i0.wp.com\/www.jojoenherbe.com\/wp-content\/uploads\/2022\/07\/Maman-Ours-et-le-cousin-catastrophe-3-scaled.jpg?zoom=2&amp;resize=150%2C150 300w, https:\/\/i0.wp.com\/www.jojoenherbe.com\/wp-content\/uploads\/2022\/07\/Maman-Ours-et-le-cousin-catastrophe-3-scaled.jpg?zoom=3&amp;resize=150%2C150 450w\" sizes=\"auto, (max-width: 150px) 100vw, 150px\" \/><\/a>Nous lisons et relisons <span style=\"text-decoration: underline;\">Maman <del>Oie<\/del> Ours et le cousin catastrophe<\/span> de Ryan T. Higgins (\u00e9d. Albin Michel Jeunesse, 2021), un album jeunesse \u00e0 partir de 3 ans. L&rsquo;ours Michel toujours aussi grincheux part \u00e0 la p\u00eache. Mais ni les souris ni les oies ne s&rsquo;en aper\u00e7oivent et pensent que leur v\u0153u de voir Michel amusant est exauc\u00e9 lorsqu&rsquo;il confonde son cousin, Kevin toujours pr\u00eat \u00e0 rigoler pour lui. Mais tr\u00e8s vite, Kevin, sosie de Michel insouciant, encha\u00eene les b\u00eatises au point que les souris et les oies ne veulent plus rigoler. Ces derni\u00e8res retrouveront-elles Michel \u00e9gal \u00e0 lui-m\u00eame et grincheux?<br \/>\n<\/em><\/p>\n<p style=\"text-align: justify;\"><em><a href=\"https:\/\/i0.wp.com\/www.jojoenherbe.com\/wp-content\/uploads\/2022\/07\/Maman-Ours-et-le-cousin-catastrophe-6-scaled.jpg\"><img data-recalc-dims=\"1\" loading=\"lazy\" decoding=\"async\" data-attachment-id=\"26590\" data-permalink=\"https:\/\/www.jojoenherbe.com\/index.php\/2022\/07\/18\/au-fil-des-pages-avec-maman-oie-ours-et-le-cousin-catastrophe\/maman-ours-et-le-cousin-catastrophe-6\/\" data-orig-file=\"https:\/\/i0.wp.com\/www.jojoenherbe.com\/wp-content\/uploads\/2022\/07\/Maman-Ours-et-le-cousin-catastrophe-6-scaled.jpg?fit=2365%2C2560&amp;ssl=1\" data-orig-size=\"2365,2560\" data-comments-opened=\"1\" data-image-meta=\"{&quot;aperture&quot;:&quot;1.8&quot;,&quot;credit&quot;:&quot;&quot;,&quot;camera&quot;:&quot;iPhone 7&quot;,&quot;caption&quot;:&quot;&quot;,&quot;created_timestamp&quot;:&quot;1657022575&quot;,&quot;copyright&quot;:&quot;&quot;,&quot;focal_length&quot;:&quot;3.99&quot;,&quot;iso&quot;:&quot;100&quot;,&quot;shutter_speed&quot;:&quot;0.1&quot;,&quot;title&quot;:&quot;&quot;,&quot;orientation&quot;:&quot;1&quot;}\" data-image-title=\"Maman Ours et le cousin catastrophe 6\" data-image-description=\"\" data-image-caption=\"\" data-large-file=\"https:\/\/i0.wp.com\/www.jojoenherbe.com\/wp-content\/uploads\/2022\/07\/Maman-Ours-et-le-cousin-catastrophe-6-scaled.jpg?fit=676%2C732&amp;ssl=1\" class=\"size-thumbnail wp-image-26590 alignright\" src=\"https:\/\/i0.wp.com\/www.jojoenherbe.com\/wp-content\/uploads\/2022\/07\/Maman-Ours-et-le-cousin-catastrophe-6.jpg?resize=150%2C150\" alt=\"\" width=\"150\" height=\"150\" srcset=\"https:\/\/i0.wp.com\/www.jojoenherbe.com\/wp-content\/uploads\/2022\/07\/Maman-Ours-et-le-cousin-catastrophe-6-scaled.jpg?resize=150%2C150&amp;ssl=1 150w, https:\/\/i0.wp.com\/www.jojoenherbe.com\/wp-content\/uploads\/2022\/07\/Maman-Ours-et-le-cousin-catastrophe-6-scaled.jpg?zoom=2&amp;resize=150%2C150 300w, https:\/\/i0.wp.com\/www.jojoenherbe.com\/wp-content\/uploads\/2022\/07\/Maman-Ours-et-le-cousin-catastrophe-6-scaled.jpg?zoom=3&amp;resize=150%2C150 450w\" sizes=\"auto, (max-width: 150px) 100vw, 150px\" \/><\/a> <a href=\"https:\/\/i0.wp.com\/www.jojoenherbe.com\/wp-content\/uploads\/2022\/07\/Maman-Ours-et-le-cousin-catastrophe-4-scaled.jpg\"><img data-recalc-dims=\"1\" loading=\"lazy\" decoding=\"async\" data-attachment-id=\"26589\" data-permalink=\"https:\/\/www.jojoenherbe.com\/index.php\/2022\/07\/18\/au-fil-des-pages-avec-maman-oie-ours-et-le-cousin-catastrophe\/maman-ours-et-le-cousin-catastrophe-4\/\" data-orig-file=\"https:\/\/i0.wp.com\/www.jojoenherbe.com\/wp-content\/uploads\/2022\/07\/Maman-Ours-et-le-cousin-catastrophe-4-scaled.jpg?fit=2560%2C1959&amp;ssl=1\" data-orig-size=\"2560,1959\" data-comments-opened=\"1\" data-image-meta=\"{&quot;aperture&quot;:&quot;1.8&quot;,&quot;credit&quot;:&quot;&quot;,&quot;camera&quot;:&quot;iPhone 7&quot;,&quot;caption&quot;:&quot;&quot;,&quot;created_timestamp&quot;:&quot;1657022549&quot;,&quot;copyright&quot;:&quot;&quot;,&quot;focal_length&quot;:&quot;3.99&quot;,&quot;iso&quot;:&quot;100&quot;,&quot;shutter_speed&quot;:&quot;0.090909090909091&quot;,&quot;title&quot;:&quot;&quot;,&quot;orientation&quot;:&quot;1&quot;}\" data-image-title=\"Maman Ours et le cousin catastrophe 4\" data-image-description=\"\" data-image-caption=\"\" data-large-file=\"https:\/\/i0.wp.com\/www.jojoenherbe.com\/wp-content\/uploads\/2022\/07\/Maman-Ours-et-le-cousin-catastrophe-4-scaled.jpg?fit=676%2C518&amp;ssl=1\" class=\"size-thumbnail wp-image-26589 alignright\" src=\"https:\/\/i0.wp.com\/www.jojoenherbe.com\/wp-content\/uploads\/2022\/07\/Maman-Ours-et-le-cousin-catastrophe-4.jpg?resize=150%2C150\" alt=\"\" width=\"150\" height=\"150\" srcset=\"https:\/\/i0.wp.com\/www.jojoenherbe.com\/wp-content\/uploads\/2022\/07\/Maman-Ours-et-le-cousin-catastrophe-4-scaled.jpg?resize=150%2C150&amp;ssl=1 150w, https:\/\/i0.wp.com\/www.jojoenherbe.com\/wp-content\/uploads\/2022\/07\/Maman-Ours-et-le-cousin-catastrophe-4-scaled.jpg?zoom=2&amp;resize=150%2C150 300w, https:\/\/i0.wp.com\/www.jojoenherbe.com\/wp-content\/uploads\/2022\/07\/Maman-Ours-et-le-cousin-catastrophe-4-scaled.jpg?zoom=3&amp;resize=150%2C150 450w\" sizes=\"auto, (max-width: 150px) 100vw, 150px\" \/><\/a>Dans cette sixi\u00e8me histoire, l&rsquo;ours Michel laisse sa place sans le savoir \u00e0 son cousin Kevin qui est une v\u00e9ritable catastrophe ambulante au point de faire regretter aux souris et aux oies le caract\u00e8re grincheux de Michel. Il est agr\u00e9able de s&rsquo;amuser mais pas tout le temps et surtout pas \u00e0 l&rsquo;exc\u00e8s ou en commettant des interdits et des actes dangereux. Un bon moment de lecture rigolo au cours duquel nous apprenons les pr\u00e9noms des trois souris! Sans oublier des passages gourmands avec les sandwichs, les bonbons et les pizzas.<br \/>\n<\/em><\/p>\n<div style=\"width: 131px\" class=\"wp-caption alignleft\"><img loading=\"lazy\" decoding=\"async\" src=\"https:\/\/i0.wp.com\/mapetitemediatheque.fr\/wp-content\/uploads\/2021\/12\/des-livres-en-cusine.png?resize=182%2C131&amp;ssl=1\" alt=\"\" width=\"121\" height=\"87\" \/><p class=\"wp-caption-text\">Participation #28 Challenge Des livres (et des \u00e9crans) en cuisine 2022 de <a href=\"https:\/\/mapetitemediatheque.fr\/2021\/12\/des-livres-et-des-ecrans-en-cuisine-2022\/\">Bidib<\/a> et <a href=\"http:\/\/croquerlespages.canalblog.com\/archives\/2021\/12\/21\/39242322.html\">Fondant<\/a><\/p><\/div>\n<div style=\"width: 122px\" class=\"wp-caption alignleft\"><img loading=\"lazy\" decoding=\"async\" src=\"https:\/\/lh3.googleusercontent.com\/pw\/AM-JKLW-8Xy9BIRqinPzrRBz2J2pSlRnlFIwPEKmmv1zpAf3DZoC0nJGqVPx8b0ycvPVte06hr4gaDsphFfyIzipAAW1MPEwEpWUpvmIVdN6H4fs8knOaKBdlyDoMp3hCYeWKD_2Ax2fVRZYrtgs4qzmpYdYpQ=w285-h217-no?authuser=1\" alt=\"\" width=\"112\" height=\"85\" \/><p class=\"wp-caption-text\">Challenge Petit Bac d\u2019<a href=\"https:\/\/ennalit.wordpress.com\/2021\/12\/01\/challenge-petit-bac-2022-qui-veut-jouer\/\">Enna<\/a> #4 Cat\u00e9gorie Famille: \u00ab Cousin \u00bb<\/p><\/div>\n<div style=\"width: 123px\" class=\"wp-caption alignleft\"><img loading=\"lazy\" decoding=\"async\" src=\"https:\/\/i2.wp.com\/mapetitemediatheque.fr\/wp-content\/uploads\/2021\/11\/Inkedle-tour-du-monde-en-80-livres-2_LI.jpg?resize=168%2C127&amp;ssl=1\" alt=\"\" width=\"113\" height=\"85\" \/><p class=\"wp-caption-text\">Participation #58 Challenge Le tour du monde en 80 livres de <a href=\"https:\/\/mapetitemediatheque.fr\/2021\/12\/le-tour-du-monde-en-80-livres-le-challenge-qui-vous-fait-aimer-la-litterature-etrangere\/\">Bidib<\/a> #\u00c9tats-Unis<\/p><\/div>\n","protected":false},"excerpt":{"rendered":"<p>Nous lisons et relisons Maman Oie Ours et le cousin catastrophe de Ryan T. Higgins (\u00e9d. Albin Michel Jeunesse, 2021), un album jeunesse \u00e0 partir de 3 ans. L&rsquo;ours Michel toujours aussi grincheux part \u00e0 la p\u00eache. Mais ni les souris ni les oies ne s&rsquo;en aper\u00e7oivent et pensent que leur v\u0153u de voir Michel [&hellip;]<\/p>\n","protected":false},"author":1,"featured_media":26238,"comment_status":"open","ping_status":"open","sticky":false,"template":"","format":"standard","meta":{"jetpack_post_was_ever_published":false,"_jetpack_newsletter_access":"","_jetpack_dont_email_post_to_subs":false,"_jetpack_newsletter_tier_id":0,"_jetpack_memberships_contains_paywalled_content":false,"_jetpack_memberships_contains_paid_content":false,"footnotes":""},"categories":[363],"tags":[785,409,456,2915,1664,2917,459,538,2918,367,3274,1134,1944],"class_list":["post-26539","post","type-post","status-publish","format-standard","has-post-thumbnail","hentry","category-mini-lecteur","tag-3-6-ans","tag-albums-jeunesse","tag-betises","tag-challenge-petit-bac-2022","tag-cousin","tag-des-livres-et-des-ecrans-en-cuisine-2022","tag-famille","tag-humour","tag-le-tour-du-monde-en-80-livres-2022","tag-lecture-jeunesse","tag-maman-ours","tag-oie","tag-ryan-t-higgins","post-preview"],"jetpack_featured_media_url":"https:\/\/i0.wp.com\/www.jojoenherbe.com\/wp-content\/uploads\/2022\/07\/Maman-Ours-et-le-cousin-catastrophe-scaled.jpg?fit=2560%2C1590&ssl=1","jetpack_sharing_enabled":true,"jetpack_shortlink":"https:\/\/wp.me\/p9zhGx-6U3","jetpack_likes_enabled":true,"jetpack-related-posts":[{"id":13894,"url":"https:\/\/www.jojoenherbe.com\/index.php\/2020\/11\/15\/au-fil-des-pages-avec-maman-ours-noel\/","url_meta":{"origin":26539,"position":0},"title":"Au fil des pages avec Maman Ours No\u00ebl","author":"Jojo","date":"15 novembre 2020","format":false,"excerpt":"En ce 15 novembre 2020, premi\u00e8re journ\u00e9e consacr\u00e9e \u00e0 un album\/livre pour enfants sur le th\u00e8me de No\u00ebl du Challenge Christmas Time, j'ai choisi le premier que nous avons emprunt\u00e9 \u00e0 la m\u00e9diath\u00e8que fin septembre: Maman Ours No\u00ebl de Ryan T. Higgins (\u00e9d. Albin Michel Jeunesse, 2019), un album jeunesse\u2026","rel":"","context":"Dans &quot;Mini lecteur&quot;","block_context":{"text":"Mini lecteur","link":"https:\/\/www.jojoenherbe.com\/index.php\/category\/mini-lecteur\/"},"img":{"alt_text":"","src":"https:\/\/i0.wp.com\/www.jojoenherbe.com\/wp-content\/uploads\/2020\/11\/Maman-Ours-Noel-scaled.jpg?fit=1200%2C805&ssl=1&resize=350%2C200","width":350,"height":200,"srcset":"https:\/\/i0.wp.com\/www.jojoenherbe.com\/wp-content\/uploads\/2020\/11\/Maman-Ours-Noel-scaled.jpg?fit=1200%2C805&ssl=1&resize=350%2C200 1x, https:\/\/i0.wp.com\/www.jojoenherbe.com\/wp-content\/uploads\/2020\/11\/Maman-Ours-Noel-scaled.jpg?fit=1200%2C805&ssl=1&resize=525%2C300 1.5x, https:\/\/i0.wp.com\/www.jojoenherbe.com\/wp-content\/uploads\/2020\/11\/Maman-Ours-Noel-scaled.jpg?fit=1200%2C805&ssl=1&resize=700%2C400 2x, https:\/\/i0.wp.com\/www.jojoenherbe.com\/wp-content\/uploads\/2020\/11\/Maman-Ours-Noel-scaled.jpg?fit=1200%2C805&ssl=1&resize=1050%2C600 3x"},"classes":[]},{"id":36150,"url":"https:\/\/www.jojoenherbe.com\/index.php\/2024\/05\/14\/au-fil-des-pages-avec-debout-maman-oie-ours\/","url_meta":{"origin":26539,"position":1},"title":"Au fil des pages avec Debout, Maman (oie) ours!","author":"Jojo","date":"14 mai 2024","format":false,"excerpt":"Nous avons lu (et secou\u00e9!) Debout, Maman Oie Ours! de Ryan T. Higgins (\u00e9d. Albin Michel Jeunesse, septembre 2022, 48 pages), un album jeunesse \u00e0 partir de 3 ans. Marcel l'ours grincheux voudrait bien faire la sieste. Mais les trois souris turbulentes en ont d\u00e9cid\u00e9 autrement, voulant faire de Marcel\u2026","rel":"","context":"Dans &quot;Mini lecteur&quot;","block_context":{"text":"Mini lecteur","link":"https:\/\/www.jojoenherbe.com\/index.php\/category\/mini-lecteur\/"},"img":{"alt_text":"","src":"https:\/\/i0.wp.com\/www.jojoenherbe.com\/wp-content\/uploads\/2024\/05\/Debout-Maman-Oie-Ours-scaled.jpg?fit=1200%2C757&ssl=1&resize=350%2C200","width":350,"height":200,"srcset":"https:\/\/i0.wp.com\/www.jojoenherbe.com\/wp-content\/uploads\/2024\/05\/Debout-Maman-Oie-Ours-scaled.jpg?fit=1200%2C757&ssl=1&resize=350%2C200 1x, https:\/\/i0.wp.com\/www.jojoenherbe.com\/wp-content\/uploads\/2024\/05\/Debout-Maman-Oie-Ours-scaled.jpg?fit=1200%2C757&ssl=1&resize=525%2C300 1.5x, https:\/\/i0.wp.com\/www.jojoenherbe.com\/wp-content\/uploads\/2024\/05\/Debout-Maman-Oie-Ours-scaled.jpg?fit=1200%2C757&ssl=1&resize=700%2C400 2x, https:\/\/i0.wp.com\/www.jojoenherbe.com\/wp-content\/uploads\/2024\/05\/Debout-Maman-Oie-Ours-scaled.jpg?fit=1200%2C757&ssl=1&resize=1050%2C600 3x"},"classes":[]},{"id":15353,"url":"https:\/\/www.jojoenherbe.com\/index.php\/2021\/02\/03\/au-fil-des-pages-avec-maman-ours\/","url_meta":{"origin":26539,"position":2},"title":"Au fil des pages avec Maman Ours","author":"Jojo","date":"3 f\u00e9vrier 2021","format":false,"excerpt":"Nous empruntons, \u00e0 nouveau, \u00e0 la m\u00e9diath\u00e8que Maman Ours de Ryan T. Higgins (\u00e9d. Albin Michel Jeunesse, 2016), un album jeunesse \u00e0 partir de 3 ans et je me rends compte que je n'avais pas encore pris le temps de le chroniquer sur le blog. Marcel est un ours solitaire\u2026","rel":"","context":"Dans &quot;Mini lecteur&quot;","block_context":{"text":"Mini lecteur","link":"https:\/\/www.jojoenherbe.com\/index.php\/category\/mini-lecteur\/"},"img":{"alt_text":"","src":"https:\/\/i0.wp.com\/www.jojoenherbe.com\/wp-content\/uploads\/2021\/01\/Maman-Ours-2-scaled.jpg?fit=1200%2C785&ssl=1&resize=350%2C200","width":350,"height":200,"srcset":"https:\/\/i0.wp.com\/www.jojoenherbe.com\/wp-content\/uploads\/2021\/01\/Maman-Ours-2-scaled.jpg?fit=1200%2C785&ssl=1&resize=350%2C200 1x, https:\/\/i0.wp.com\/www.jojoenherbe.com\/wp-content\/uploads\/2021\/01\/Maman-Ours-2-scaled.jpg?fit=1200%2C785&ssl=1&resize=525%2C300 1.5x, https:\/\/i0.wp.com\/www.jojoenherbe.com\/wp-content\/uploads\/2021\/01\/Maman-Ours-2-scaled.jpg?fit=1200%2C785&ssl=1&resize=700%2C400 2x, https:\/\/i0.wp.com\/www.jojoenherbe.com\/wp-content\/uploads\/2021\/01\/Maman-Ours-2-scaled.jpg?fit=1200%2C785&ssl=1&resize=1050%2C600 3x"},"classes":[]},{"id":14771,"url":"https:\/\/www.jojoenherbe.com\/index.php\/2021\/01\/03\/deuxieme-alphabet-des-animaux-o-comme-oie\/","url_meta":{"origin":26539,"position":3},"title":"Deuxi\u00e8me alphabet des animaux: O comme Oie","author":"Jojo","date":"3 janvier 2021","format":false,"excerpt":"Pour la semaine 38 de mon challenge de l'alphabet des animaux illustr\u00e9s sur Instagram #jojoenherbeetcieillustre qui associe la premi\u00e8re lettre d'un animal avec une illustration tir\u00e9e de la litt\u00e9rature jeunesse en suivant l'ordre de l'alphabet, il s'agit du O comme Oie. Alors voici notre s\u00e9lection d'oies qui sera mise \u00e0\u2026","rel":"","context":"Dans &quot;Mini challenger&quot;","block_context":{"text":"Mini challenger","link":"https:\/\/www.jojoenherbe.com\/index.php\/category\/mini-challenger\/"},"img":{"alt_text":"","src":"https:\/\/i0.wp.com\/www.jojoenherbe.com\/wp-content\/uploads\/2021\/01\/Selection-doies-1-scaled.jpg?fit=1200%2C840&ssl=1&resize=350%2C200","width":350,"height":200,"srcset":"https:\/\/i0.wp.com\/www.jojoenherbe.com\/wp-content\/uploads\/2021\/01\/Selection-doies-1-scaled.jpg?fit=1200%2C840&ssl=1&resize=350%2C200 1x, https:\/\/i0.wp.com\/www.jojoenherbe.com\/wp-content\/uploads\/2021\/01\/Selection-doies-1-scaled.jpg?fit=1200%2C840&ssl=1&resize=525%2C300 1.5x, https:\/\/i0.wp.com\/www.jojoenherbe.com\/wp-content\/uploads\/2021\/01\/Selection-doies-1-scaled.jpg?fit=1200%2C840&ssl=1&resize=700%2C400 2x, https:\/\/i0.wp.com\/www.jojoenherbe.com\/wp-content\/uploads\/2021\/01\/Selection-doies-1-scaled.jpg?fit=1200%2C840&ssl=1&resize=1050%2C600 3x"},"classes":[]},{"id":26203,"url":"https:\/\/www.jojoenherbe.com\/index.php\/2022\/07\/04\/point-lecture-hebdomadaire-48\/","url_meta":{"origin":26539,"position":4},"title":"Point lecture hebdomadaire #48","author":"Jojo","date":"4 juillet 2022","format":false,"excerpt":"En ce d\u00e9but de semaine, voici notre point lecture hebdomadaire avec un retour sur nos lectures de la semaine derni\u00e8re (mais pas nos relectures) et ma lecture en cours. Nos lectures du\u00a0 27\u00a0 juin au 3 juillet 2022: Des lectures jeunesse: (Roman jeunesse) Charlock, \u00c0 la recherche du Tikki d\u2019or\u2026","rel":"","context":"Dans &quot;Mini blogueur&quot;","block_context":{"text":"Mini blogueur","link":"https:\/\/www.jojoenherbe.com\/index.php\/category\/mini-blogueur\/"},"img":{"alt_text":"","src":"https:\/\/i0.wp.com\/www.jojoenherbe.com\/wp-content\/uploads\/2022\/07\/Point-lecture-hebdo-48-scaled.jpg?fit=1200%2C783&ssl=1&resize=350%2C200","width":350,"height":200,"srcset":"https:\/\/i0.wp.com\/www.jojoenherbe.com\/wp-content\/uploads\/2022\/07\/Point-lecture-hebdo-48-scaled.jpg?fit=1200%2C783&ssl=1&resize=350%2C200 1x, https:\/\/i0.wp.com\/www.jojoenherbe.com\/wp-content\/uploads\/2022\/07\/Point-lecture-hebdo-48-scaled.jpg?fit=1200%2C783&ssl=1&resize=525%2C300 1.5x, https:\/\/i0.wp.com\/www.jojoenherbe.com\/wp-content\/uploads\/2022\/07\/Point-lecture-hebdo-48-scaled.jpg?fit=1200%2C783&ssl=1&resize=700%2C400 2x, https:\/\/i0.wp.com\/www.jojoenherbe.com\/wp-content\/uploads\/2022\/07\/Point-lecture-hebdo-48-scaled.jpg?fit=1200%2C783&ssl=1&resize=1050%2C600 3x"},"classes":[]},{"id":26154,"url":"https:\/\/www.jojoenherbe.com\/index.php\/2022\/07\/01\/rat-contes-et-legendes-dinde-2022\/","url_meta":{"origin":26539,"position":5},"title":"RAT Contes et l\u00e9gendes d&rsquo;Inde 2022","author":"Jojo","date":"1 juillet 2022","format":false,"excerpt":"Comme en juillet 2021, le mois de juillet 2022 d\u00e9bute par un RAT (read-a-thon\/marathon de lectures) autour des contes et l\u00e9gendes d'Inde propos\u00e9 conjointement par Hilde et Blandine pour les \u00c9tapes indiennes 2022 et\u00a0 Bidib pour le challenge des contes et l\u00e9gendes 2022. Encore de chouettes moments de lecture et\u2026","rel":"","context":"Dans &quot;Mini challenger&quot;","block_context":{"text":"Mini challenger","link":"https:\/\/www.jojoenherbe.com\/index.php\/category\/mini-challenger\/"},"img":{"alt_text":"","src":"https:\/\/i0.wp.com\/www.jojoenherbe.com\/wp-content\/uploads\/2022\/07\/RAT-Contes-et-Legendes-dInde-2022.jpg?fit=1080%2C1080&ssl=1&resize=350%2C200","width":350,"height":200,"srcset":"https:\/\/i0.wp.com\/www.jojoenherbe.com\/wp-content\/uploads\/2022\/07\/RAT-Contes-et-Legendes-dInde-2022.jpg?fit=1080%2C1080&ssl=1&resize=350%2C200 1x, https:\/\/i0.wp.com\/www.jojoenherbe.com\/wp-content\/uploads\/2022\/07\/RAT-Contes-et-Legendes-dInde-2022.jpg?fit=1080%2C1080&ssl=1&resize=525%2C300 1.5x, https:\/\/i0.wp.com\/www.jojoenherbe.com\/wp-content\/uploads\/2022\/07\/RAT-Contes-et-Legendes-dInde-2022.jpg?fit=1080%2C1080&ssl=1&resize=700%2C400 2x, https:\/\/i0.wp.com\/www.jojoenherbe.com\/wp-content\/uploads\/2022\/07\/RAT-Contes-et-Legendes-dInde-2022.jpg?fit=1080%2C1080&ssl=1&resize=1050%2C600 3x"},"classes":[]}],"_links":{"self":[{"href":"https:\/\/www.jojoenherbe.com\/index.php\/wp-json\/wp\/v2\/posts\/26539","targetHints":{"allow":["GET"]}}],"collection":[{"href":"https:\/\/www.jojoenherbe.com\/index.php\/wp-json\/wp\/v2\/posts"}],"about":[{"href":"https:\/\/www.jojoenherbe.com\/index.php\/wp-json\/wp\/v2\/types\/post"}],"author":[{"embeddable":true,"href":"https:\/\/www.jojoenherbe.com\/index.php\/wp-json\/wp\/v2\/users\/1"}],"replies":[{"embeddable":true,"href":"https:\/\/www.jojoenherbe.com\/index.php\/wp-json\/wp\/v2\/comments?post=26539"}],"version-history":[{"count":8,"href":"https:\/\/www.jojoenherbe.com\/index.php\/wp-json\/wp\/v2\/posts\/26539\/revisions"}],"predecessor-version":[{"id":26595,"href":"https:\/\/www.jojoenherbe.com\/index.php\/wp-json\/wp\/v2\/posts\/26539\/revisions\/26595"}],"wp:featuredmedia":[{"embeddable":true,"href":"https:\/\/www.jojoenherbe.com\/index.php\/wp-json\/wp\/v2\/media\/26238"}],"wp:attachment":[{"href":"https:\/\/www.jojoenherbe.com\/index.php\/wp-json\/wp\/v2\/media?parent=26539"}],"wp:term":[{"taxonomy":"category","embeddable":true,"href":"https:\/\/www.jojoenherbe.com\/index.php\/wp-json\/wp\/v2\/categories?post=26539"},{"taxonomy":"post_tag","embeddable":true,"href":"https:\/\/www.jojoenherbe.com\/index.php\/wp-json\/wp\/v2\/tags?post=26539"}],"curies":[{"name":"wp","href":"https:\/\/api.w.org\/{rel}","templated":true}]}}