{"id":26467,"date":"2022-07-09T14:09:00","date_gmt":"2022-07-09T12:09:00","guid":{"rendered":"https:\/\/www.jojoenherbe.com\/?p=26467"},"modified":"2022-07-13T14:11:06","modified_gmt":"2022-07-13T12:11:06","slug":"semaine-27-du-projet-52-2022-vegetal","status":"publish","type":"post","link":"https:\/\/www.jojoenherbe.com\/index.php\/2022\/07\/09\/semaine-27-du-projet-52-2022-vegetal\/","title":{"rendered":"Semaine 27 du Projet 52-2022: V\u00e9g\u00e9tal"},"content":{"rendered":"<p style=\"text-align: justify;\"><em>Pour la semaine 27 du Projet 52-2022 de Du c\u00f4t\u00e9 de chez Ma\u2019, le th\u00e8me est \u00ab\u00a0<a href=\"https:\/\/ducotedechezma.wordpress.com\/2022\/07\/09\/projet-52-2022-semaine-27-vegetal\/\">V\u00e9g\u00e9tal<\/a>\u00ab\u00a0. Voici une photo d&rsquo;un figuier de barbarie prise le 27 mai 2022 \u00e0 Sanremo, station baln\u00e9aire italienne de la Ligurie. Il a fait tr\u00e8s chaud ce jour-l\u00e0, comme un avant-go\u00fbt de l&rsquo;\u00e9t\u00e9.<br \/>\n<\/em><\/p>\n<p><img loading=\"lazy\" decoding=\"async\" class=\"wp-image-11409 aligncenter\" src=\"https:\/\/ducotedechezma.files.wordpress.com\/2022\/01\/52-2022_liste_themes_ducotedechezma_.png?w=817&#038;resize=349%2C302\" sizes=\"auto, (max-width: 709px) 85vw, (max-width: 909px) 67vw, (max-width: 984px) 61vw, (max-width: 1362px) 45vw, 600px\" srcset=\"https:\/\/ducotedechezma.files.wordpress.com\/2022\/01\/52-2022_liste_themes_ducotedechezma_.png?w=630 630w, https:\/\/ducotedechezma.files.wordpress.com\/2022\/01\/52-2022_liste_themes_ducotedechezma_.png?w=150 150w, https:\/\/ducotedechezma.files.wordpress.com\/2022\/01\/52-2022_liste_themes_ducotedechezma_.png?w=300 300w, https:\/\/ducotedechezma.files.wordpress.com\/2022\/01\/52-2022_liste_themes_ducotedechezma_.png?w=768 768w, https:\/\/ducotedechezma.files.wordpress.com\/2022\/01\/52-2022_liste_themes_ducotedechezma_.png 817w\" alt=\"\" width=\"349\" height=\"302\" data-attachment-id=\"11409\" data-permalink=\"https:\/\/ducotedechezma.wordpress.com\/52-2022_liste_themes_ducotedechezma_\/\" data-orig-file=\"https:\/\/ducotedechezma.files.wordpress.com\/2022\/01\/52-2022_liste_themes_ducotedechezma_.png\" data-orig-size=\"817,706\" data-comments-opened=\"1\" data-image-meta=\"{&quot;aperture&quot;:&quot;0&quot;,&quot;credit&quot;:&quot;&quot;,&quot;camera&quot;:&quot;&quot;,&quot;caption&quot;:&quot;&quot;,&quot;created_timestamp&quot;:&quot;0&quot;,&quot;copyright&quot;:&quot;&quot;,&quot;focal_length&quot;:&quot;0&quot;,&quot;iso&quot;:&quot;0&quot;,&quot;shutter_speed&quot;:&quot;0&quot;,&quot;title&quot;:&quot;&quot;,&quot;orientation&quot;:&quot;0&quot;}\" data-image-title=\"52-2022_liste_themes_ducotedechezma_\" data-image-description=\"\" data-image-caption=\"\" data-medium-file=\"https:\/\/ducotedechezma.files.wordpress.com\/2022\/01\/52-2022_liste_themes_ducotedechezma_.png?w=300\" data-large-file=\"https:\/\/ducotedechezma.files.wordpress.com\/2022\/01\/52-2022_liste_themes_ducotedechezma_.png?w=817&amp;resize=349%2C302&amp;resize=349%2C302\" data-recalc-dims=\"1\" \/><\/p>\n","protected":false},"excerpt":{"rendered":"<p>Pour la semaine 27 du Projet 52-2022 de Du c\u00f4t\u00e9 de chez Ma\u2019, le th\u00e8me est \u00ab\u00a0V\u00e9g\u00e9tal\u00ab\u00a0. Voici une photo d&rsquo;un figuier de barbarie prise le 27 mai 2022 \u00e0 Sanremo, station baln\u00e9aire italienne de la Ligurie. Il a fait tr\u00e8s chaud ce jour-l\u00e0, comme un avant-go\u00fbt de l&rsquo;\u00e9t\u00e9.<\/p>\n","protected":false},"author":1,"featured_media":26469,"comment_status":"open","ping_status":"open","sticky":false,"template":"","format":"standard","meta":{"jetpack_post_was_ever_published":false,"_jetpack_newsletter_access":"","_jetpack_dont_email_post_to_subs":false,"_jetpack_newsletter_tier_id":0,"_jetpack_memberships_contains_paywalled_content":false,"_jetpack_memberships_contains_paid_content":false,"footnotes":""},"categories":[437],"tags":[3265,103,202,3094,2940,3266,3267],"class_list":["post-26467","post","type-post","status-publish","format-standard","has-post-thumbnail","hentry","category-mini-photographe","tag-figuier-de-barbarie","tag-italie","tag-ligurie","tag-plage-2","tag-projet-52-2022","tag-sanremo","tag-vegetal","post-preview"],"jetpack_featured_media_url":"https:\/\/i0.wp.com\/www.jojoenherbe.com\/wp-content\/uploads\/2022\/07\/Sanremo-plage-scaled.jpg?fit=1920%2C2560&ssl=1","jetpack_sharing_enabled":true,"jetpack_shortlink":"https:\/\/wp.me\/p9zhGx-6ST","jetpack_likes_enabled":true,"jetpack-related-posts":[{"id":41019,"url":"https:\/\/www.jojoenherbe.com\/index.php\/2025\/10\/26\/semaine-43-du-projet-52-2025-automne\/","url_meta":{"origin":26467,"position":0},"title":"Semaine 43 du Projet 52-2025: \u00ab\u00a0Automne\u00a0\u00bb","author":"Jojo","date":"26 octobre 2025","format":false,"excerpt":"Pour la semaine 43 du Projet 52-2025 de Du c\u00f4t\u00e9 de chez Ma\u2019, le th\u00e8me est \"Automne\". J'ai choisi des photos prises le week-end dernier \u00e0 Diano Marina, station baln\u00e9aire en Ligurie, en Italie qui, aux d\u00e9tours des rues commer\u00e7antes, avait des allures halloweenesques, m\u00eame si le temps \u00e9tait encore\u2026","rel":"","context":"Dans &quot;mini photographe&quot;","block_context":{"text":"mini photographe","link":"https:\/\/www.jojoenherbe.com\/index.php\/category\/mini-photographe\/"},"img":{"alt_text":"","src":"https:\/\/i0.wp.com\/www.jojoenherbe.com\/wp-content\/uploads\/2025\/10\/Kakis-2-scaled.jpg?fit=1142%2C1200&ssl=1&resize=350%2C200","width":350,"height":200,"srcset":"https:\/\/i0.wp.com\/www.jojoenherbe.com\/wp-content\/uploads\/2025\/10\/Kakis-2-scaled.jpg?fit=1142%2C1200&ssl=1&resize=350%2C200 1x, https:\/\/i0.wp.com\/www.jojoenherbe.com\/wp-content\/uploads\/2025\/10\/Kakis-2-scaled.jpg?fit=1142%2C1200&ssl=1&resize=525%2C300 1.5x, https:\/\/i0.wp.com\/www.jojoenherbe.com\/wp-content\/uploads\/2025\/10\/Kakis-2-scaled.jpg?fit=1142%2C1200&ssl=1&resize=700%2C400 2x, https:\/\/i0.wp.com\/www.jojoenherbe.com\/wp-content\/uploads\/2025\/10\/Kakis-2-scaled.jpg?fit=1142%2C1200&ssl=1&resize=1050%2C600 3x"},"classes":[]},{"id":27274,"url":"https:\/\/www.jojoenherbe.com\/index.php\/2022\/08\/27\/semaine-34-du-projet-52-2022-en-pleine-nature\/","url_meta":{"origin":26467,"position":1},"title":"Semaine 34 du Projet 52-2022: En pleine nature","author":"Jojo","date":"27 ao\u00fbt 2022","format":false,"excerpt":"Pour la semaine 34 du Projet 52-2022 de Du c\u00f4t\u00e9 de chez Ma\u2019, le th\u00e8me est \u00ab En pleine nature \u00bb. J\u2019ai h\u00e9sit\u00e9 entre mer et montagne. Finalement voici une photo prise aujourd\u2019hui lors de notre randonn\u00e9e dans les gr\u00e8s d\u2019Annot, au niveau des robines (ou \u00ab roubines \u00bb) \u00e0\u2026","rel":"","context":"Dans &quot;mini photographe&quot;","block_context":{"text":"mini photographe","link":"https:\/\/www.jojoenherbe.com\/index.php\/category\/mini-photographe\/"},"img":{"alt_text":"","src":"https:\/\/i0.wp.com\/www.jojoenherbe.com\/wp-content\/uploads\/2022\/08\/Gres-dAnnot-Les-Roubines-scaled.jpg?fit=1200%2C900&ssl=1&resize=350%2C200","width":350,"height":200,"srcset":"https:\/\/i0.wp.com\/www.jojoenherbe.com\/wp-content\/uploads\/2022\/08\/Gres-dAnnot-Les-Roubines-scaled.jpg?fit=1200%2C900&ssl=1&resize=350%2C200 1x, https:\/\/i0.wp.com\/www.jojoenherbe.com\/wp-content\/uploads\/2022\/08\/Gres-dAnnot-Les-Roubines-scaled.jpg?fit=1200%2C900&ssl=1&resize=525%2C300 1.5x, https:\/\/i0.wp.com\/www.jojoenherbe.com\/wp-content\/uploads\/2022\/08\/Gres-dAnnot-Les-Roubines-scaled.jpg?fit=1200%2C900&ssl=1&resize=700%2C400 2x, https:\/\/i0.wp.com\/www.jojoenherbe.com\/wp-content\/uploads\/2022\/08\/Gres-dAnnot-Les-Roubines-scaled.jpg?fit=1200%2C900&ssl=1&resize=1050%2C600 3x"},"classes":[]},{"id":10546,"url":"https:\/\/www.jojoenherbe.com\/index.php\/2020\/03\/21\/semaine-12-du-projet-52-2020-pret-au-depart\/","url_meta":{"origin":26467,"position":2},"title":"Semaine 12 du Projet 52-2020: Pr\u00eat au d\u00e9part","author":"Jojo","date":"21 mars 2020","format":false,"excerpt":"Pour la semaine 12 du Projet 52-2020 de Du c\u00f4t\u00e9 de chez Ma', le th\u00e8me est \"Pr\u00eat au d\u00e9part\". En cette premi\u00e8re semaine de confinement, je pioche dans mes archives pour illustrer le th\u00e8me de cette semaine. Pr\u00eat pour un d\u00e9part a\u00e9rien vers la Lune \u00e0 la fa\u00e7on Tintin? Il\u2026","rel":"","context":"Dans &quot;mini photographe&quot;","block_context":{"text":"mini photographe","link":"https:\/\/www.jojoenherbe.com\/index.php\/category\/mini-photographe\/"},"img":{"alt_text":"","src":"https:\/\/i0.wp.com\/www.jojoenherbe.com\/wp-content\/uploads\/2020\/03\/Festival-de-lAir-Fr%C3%A9jus-scaled.jpg?fit=1200%2C900&ssl=1&resize=350%2C200","width":350,"height":200,"srcset":"https:\/\/i0.wp.com\/www.jojoenherbe.com\/wp-content\/uploads\/2020\/03\/Festival-de-lAir-Fr%C3%A9jus-scaled.jpg?fit=1200%2C900&ssl=1&resize=350%2C200 1x, https:\/\/i0.wp.com\/www.jojoenherbe.com\/wp-content\/uploads\/2020\/03\/Festival-de-lAir-Fr%C3%A9jus-scaled.jpg?fit=1200%2C900&ssl=1&resize=525%2C300 1.5x, https:\/\/i0.wp.com\/www.jojoenherbe.com\/wp-content\/uploads\/2020\/03\/Festival-de-lAir-Fr%C3%A9jus-scaled.jpg?fit=1200%2C900&ssl=1&resize=700%2C400 2x, https:\/\/i0.wp.com\/www.jojoenherbe.com\/wp-content\/uploads\/2020\/03\/Festival-de-lAir-Fr%C3%A9jus-scaled.jpg?fit=1200%2C900&ssl=1&resize=1050%2C600 3x"},"classes":[]},{"id":19464,"url":"https:\/\/www.jojoenherbe.com\/index.php\/2021\/06\/27\/semaine-25-du-projet-52-2021-ete\/","url_meta":{"origin":26467,"position":3},"title":"Semaine 25 du Projet 52-2021: \u00c9t\u00e9","author":"Jojo","date":"27 juin 2021","format":false,"excerpt":"Pour la semaine 25 du Projet 52-2021 de Du c\u00f4t\u00e9 de chez Ma', le th\u00e8me est \"\u00c9t\u00e9\". En ce d\u00e9but estival 2021, nous reprenons nos balades avec ce week-end une journ\u00e9e \u00e0 l'\u00eele Sainte-Marguerite, apr\u00e8s 15 minutes de travers\u00e9e en bateau depuis Cannes. J'ai donc choisi une photo d'\u00e9t\u00e9 c\u00f4t\u00e9\u2026","rel":"","context":"Dans &quot;mini photographe&quot;","block_context":{"text":"mini photographe","link":"https:\/\/www.jojoenherbe.com\/index.php\/category\/mini-photographe\/"},"img":{"alt_text":"","src":"https:\/\/i0.wp.com\/www.jojoenherbe.com\/wp-content\/uploads\/2021\/06\/Ile-Sainte-Marguerite-scaled.jpg?fit=1200%2C900&ssl=1&resize=350%2C200","width":350,"height":200,"srcset":"https:\/\/i0.wp.com\/www.jojoenherbe.com\/wp-content\/uploads\/2021\/06\/Ile-Sainte-Marguerite-scaled.jpg?fit=1200%2C900&ssl=1&resize=350%2C200 1x, https:\/\/i0.wp.com\/www.jojoenherbe.com\/wp-content\/uploads\/2021\/06\/Ile-Sainte-Marguerite-scaled.jpg?fit=1200%2C900&ssl=1&resize=525%2C300 1.5x, https:\/\/i0.wp.com\/www.jojoenherbe.com\/wp-content\/uploads\/2021\/06\/Ile-Sainte-Marguerite-scaled.jpg?fit=1200%2C900&ssl=1&resize=700%2C400 2x, https:\/\/i0.wp.com\/www.jojoenherbe.com\/wp-content\/uploads\/2021\/06\/Ile-Sainte-Marguerite-scaled.jpg?fit=1200%2C900&ssl=1&resize=1050%2C600 3x"},"classes":[]},{"id":23101,"url":"https:\/\/www.jojoenherbe.com\/index.php\/2022\/01\/01\/semaine-52-du-projet-52-2021-fetes-de-fin-dannee\/","url_meta":{"origin":26467,"position":4},"title":"Semaine 52 du Projet 52-2021: F\u00eates de fin d&rsquo;ann\u00e9e","author":"Jojo","date":"1 janvier 2022","format":false,"excerpt":"Pour la semaine 52 du Projet 52-2021 de Du c\u00f4t\u00e9 de chez Ma', le th\u00e8me est \"F\u00eates de fin d'ann\u00e9e\". J'aurai pu choisir cette photo pour le th\u00e8me \"Scintiller\" de la semaine derni\u00e8re si elle n'avait pas \u00e9t\u00e9 prise cette fin de semaine. Qui dit f\u00eates de fin d'ann\u00e9e dit\u2026","rel":"","context":"Dans &quot;mini photographe&quot;","block_context":{"text":"mini photographe","link":"https:\/\/www.jojoenherbe.com\/index.php\/category\/mini-photographe\/"},"img":{"alt_text":"","src":"https:\/\/i0.wp.com\/www.jojoenherbe.com\/wp-content\/uploads\/2021\/12\/Illuminations-Nice-scaled.jpg?fit=900%2C1200&ssl=1&resize=350%2C200","width":350,"height":200,"srcset":"https:\/\/i0.wp.com\/www.jojoenherbe.com\/wp-content\/uploads\/2021\/12\/Illuminations-Nice-scaled.jpg?fit=900%2C1200&ssl=1&resize=350%2C200 1x, https:\/\/i0.wp.com\/www.jojoenherbe.com\/wp-content\/uploads\/2021\/12\/Illuminations-Nice-scaled.jpg?fit=900%2C1200&ssl=1&resize=525%2C300 1.5x, https:\/\/i0.wp.com\/www.jojoenherbe.com\/wp-content\/uploads\/2021\/12\/Illuminations-Nice-scaled.jpg?fit=900%2C1200&ssl=1&resize=700%2C400 2x"},"classes":[]},{"id":28891,"url":"https:\/\/www.jojoenherbe.com\/index.php\/2022\/12\/24\/semaine-51-du-projet-52-2022-faire-la-fete\/","url_meta":{"origin":26467,"position":5},"title":"Semaine 51 du Projet 52-2022: Faire la f\u00eate","author":"Jojo","date":"24 d\u00e9cembre 2022","format":false,"excerpt":"Pour la semaine 51 du Projet 52-2022 de Du c\u00f4t\u00e9 de chez Ma\u2019, le th\u00e8me est \"Faire la f\u00eate\", ce qui r\u00e9sume parfaitement la journ\u00e9e de ce samedi 24 d\u00e9cembre 2022. J'ai choisi une de nos d\u00e9corations de table pour l'occasion avec les derniers pr\u00e9paratifs de No\u00ebl et cadeaux \u00e0\u2026","rel":"","context":"Dans &quot;mini photographe&quot;","block_context":{"text":"mini photographe","link":"https:\/\/www.jojoenherbe.com\/index.php\/category\/mini-photographe\/"},"img":{"alt_text":"","src":"https:\/\/i0.wp.com\/www.jojoenherbe.com\/wp-content\/uploads\/2022\/12\/Decoration-Noel-2022-scaled.jpg?fit=1200%2C916&ssl=1&resize=350%2C200","width":350,"height":200,"srcset":"https:\/\/i0.wp.com\/www.jojoenherbe.com\/wp-content\/uploads\/2022\/12\/Decoration-Noel-2022-scaled.jpg?fit=1200%2C916&ssl=1&resize=350%2C200 1x, https:\/\/i0.wp.com\/www.jojoenherbe.com\/wp-content\/uploads\/2022\/12\/Decoration-Noel-2022-scaled.jpg?fit=1200%2C916&ssl=1&resize=525%2C300 1.5x, https:\/\/i0.wp.com\/www.jojoenherbe.com\/wp-content\/uploads\/2022\/12\/Decoration-Noel-2022-scaled.jpg?fit=1200%2C916&ssl=1&resize=700%2C400 2x, https:\/\/i0.wp.com\/www.jojoenherbe.com\/wp-content\/uploads\/2022\/12\/Decoration-Noel-2022-scaled.jpg?fit=1200%2C916&ssl=1&resize=1050%2C600 3x"},"classes":[]}],"_links":{"self":[{"href":"https:\/\/www.jojoenherbe.com\/index.php\/wp-json\/wp\/v2\/posts\/26467","targetHints":{"allow":["GET"]}}],"collection":[{"href":"https:\/\/www.jojoenherbe.com\/index.php\/wp-json\/wp\/v2\/posts"}],"about":[{"href":"https:\/\/www.jojoenherbe.com\/index.php\/wp-json\/wp\/v2\/types\/post"}],"author":[{"embeddable":true,"href":"https:\/\/www.jojoenherbe.com\/index.php\/wp-json\/wp\/v2\/users\/1"}],"replies":[{"embeddable":true,"href":"https:\/\/www.jojoenherbe.com\/index.php\/wp-json\/wp\/v2\/comments?post=26467"}],"version-history":[{"count":2,"href":"https:\/\/www.jojoenherbe.com\/index.php\/wp-json\/wp\/v2\/posts\/26467\/revisions"}],"predecessor-version":[{"id":26471,"href":"https:\/\/www.jojoenherbe.com\/index.php\/wp-json\/wp\/v2\/posts\/26467\/revisions\/26471"}],"wp:featuredmedia":[{"embeddable":true,"href":"https:\/\/www.jojoenherbe.com\/index.php\/wp-json\/wp\/v2\/media\/26469"}],"wp:attachment":[{"href":"https:\/\/www.jojoenherbe.com\/index.php\/wp-json\/wp\/v2\/media?parent=26467"}],"wp:term":[{"taxonomy":"category","embeddable":true,"href":"https:\/\/www.jojoenherbe.com\/index.php\/wp-json\/wp\/v2\/categories?post=26467"},{"taxonomy":"post_tag","embeddable":true,"href":"https:\/\/www.jojoenherbe.com\/index.php\/wp-json\/wp\/v2\/tags?post=26467"}],"curies":[{"name":"wp","href":"https:\/\/api.w.org\/{rel}","templated":true}]}}