{"id":26049,"date":"2022-06-19T19:33:30","date_gmt":"2022-06-19T17:33:30","guid":{"rendered":"https:\/\/www.jojoenherbe.com\/?p=26049"},"modified":"2022-07-13T13:59:26","modified_gmt":"2022-07-13T11:59:26","slug":"semaine-24-du-projet-52-2022-se-mettre-au-vert","status":"publish","type":"post","link":"https:\/\/www.jojoenherbe.com\/index.php\/2022\/06\/19\/semaine-24-du-projet-52-2022-se-mettre-au-vert\/","title":{"rendered":"Semaine 24 du Projet 52-2022: Se mettre au vert"},"content":{"rendered":"<p style=\"text-align: justify;\"><img data-recalc-dims=\"1\" loading=\"lazy\" decoding=\"async\" class=\"alignright\" src=\"https:\/\/i0.wp.com\/www.nice.fr\/uploads\/media\/ckeditor\/0001\/29\/thumb_28419_ckeditor_medium.jpg?resize=164%2C233&#038;ssl=1\" alt=\"\" width=\"164\" height=\"233\" \/><em>Pour la semaine 24 du Projet 52-2022 de Du c\u00f4t\u00e9 de chez Ma\u2019, le th\u00e8me est \u00ab\u00a0<a href=\"https:\/\/ducotedechezma.wordpress.com\/2022\/06\/18\/projet-52-2022-semaine-24-se-mettre-au-vert\/\">Se mettre au vert<\/a>\u00ab\u00a0. Voici une photo prise cet apr\u00e8s-midi \u00e0 la colline du ch\u00e2teau de Nice. Il s&rsquo;agit de la cascade m\u00eame si elle ne fonctionne en raison de la s\u00e9cheresse actuelle. Mais c&rsquo;\u00e9tait l&rsquo;occasion d&rsquo;avoir un peu de fra\u00eecheur et de verdure avant de participer aux chouettes ateliers pour les enfants organis\u00e9s dans le cadre des Journ\u00e9es europ\u00e9ennes de l&rsquo;arch\u00e9ologie: un atelier fouille d&rsquo;une inhumation et d&rsquo;une cr\u00e9mation, un atelier de fabrication d&rsquo;un bracelet de coquillages, un atelier autour de la poterie, un espace d\u00e9di\u00e9 au squelette humain ou bien encore \u00e0 la botanique&#8230;<\/em><\/p>\n<p><img loading=\"lazy\" decoding=\"async\" class=\"wp-image-11409 aligncenter\" src=\"https:\/\/ducotedechezma.files.wordpress.com\/2022\/01\/52-2022_liste_themes_ducotedechezma_.png?w=817&#038;resize=349%2C302\" sizes=\"auto, (max-width: 709px) 85vw, (max-width: 909px) 67vw, (max-width: 984px) 61vw, (max-width: 1362px) 45vw, 600px\" srcset=\"https:\/\/ducotedechezma.files.wordpress.com\/2022\/01\/52-2022_liste_themes_ducotedechezma_.png?w=630 630w, https:\/\/ducotedechezma.files.wordpress.com\/2022\/01\/52-2022_liste_themes_ducotedechezma_.png?w=150 150w, https:\/\/ducotedechezma.files.wordpress.com\/2022\/01\/52-2022_liste_themes_ducotedechezma_.png?w=300 300w, https:\/\/ducotedechezma.files.wordpress.com\/2022\/01\/52-2022_liste_themes_ducotedechezma_.png?w=768 768w, https:\/\/ducotedechezma.files.wordpress.com\/2022\/01\/52-2022_liste_themes_ducotedechezma_.png 817w\" alt=\"\" width=\"349\" height=\"302\" data-attachment-id=\"11409\" data-permalink=\"https:\/\/ducotedechezma.wordpress.com\/52-2022_liste_themes_ducotedechezma_\/\" data-orig-file=\"https:\/\/ducotedechezma.files.wordpress.com\/2022\/01\/52-2022_liste_themes_ducotedechezma_.png\" data-orig-size=\"817,706\" data-comments-opened=\"1\" data-image-meta=\"{&quot;aperture&quot;:&quot;0&quot;,&quot;credit&quot;:&quot;&quot;,&quot;camera&quot;:&quot;&quot;,&quot;caption&quot;:&quot;&quot;,&quot;created_timestamp&quot;:&quot;0&quot;,&quot;copyright&quot;:&quot;&quot;,&quot;focal_length&quot;:&quot;0&quot;,&quot;iso&quot;:&quot;0&quot;,&quot;shutter_speed&quot;:&quot;0&quot;,&quot;title&quot;:&quot;&quot;,&quot;orientation&quot;:&quot;0&quot;}\" data-image-title=\"52-2022_liste_themes_ducotedechezma_\" data-image-description=\"\" data-image-caption=\"\" data-medium-file=\"https:\/\/ducotedechezma.files.wordpress.com\/2022\/01\/52-2022_liste_themes_ducotedechezma_.png?w=300\" data-large-file=\"https:\/\/ducotedechezma.files.wordpress.com\/2022\/01\/52-2022_liste_themes_ducotedechezma_.png?w=817&amp;resize=349%2C302&amp;resize=349%2C302\" data-recalc-dims=\"1\" \/><\/p>\n","protected":false},"excerpt":{"rendered":"<p>Pour la semaine 24 du Projet 52-2022 de Du c\u00f4t\u00e9 de chez Ma\u2019, le th\u00e8me est \u00ab\u00a0Se mettre au vert\u00ab\u00a0. Voici une photo prise cet apr\u00e8s-midi \u00e0 la colline du ch\u00e2teau de Nice. Il s&rsquo;agit de la cascade m\u00eame si elle ne fonctionne en raison de la s\u00e9cheresse actuelle. Mais c&rsquo;\u00e9tait l&rsquo;occasion d&rsquo;avoir un peu [&hellip;]<\/p>\n","protected":false},"author":1,"featured_media":26050,"comment_status":"open","ping_status":"open","sticky":false,"template":"","format":"standard","meta":{"jetpack_post_was_ever_published":false,"_jetpack_newsletter_access":"","_jetpack_dont_email_post_to_subs":false,"_jetpack_newsletter_tier_id":0,"_jetpack_memberships_contains_paywalled_content":false,"_jetpack_memberships_contains_paid_content":false,"footnotes":""},"categories":[437,4],"tags":[25,77,2283,3225,3226,3227,38,5,2940,1506],"class_list":["post-26049","post","type-post","status-publish","format-standard","has-post-thumbnail","hentry","category-mini-photographe","category-mini-visiteur","tag-alpes-maritimes","tag-archeologie","tag-cascade","tag-cascade-de-nice","tag-colline-du-chateau-de-nice","tag-journees-europeennes-de-larcheologie","tag-nice","tag-paca","tag-projet-52-2022","tag-region-sud","post-preview"],"jetpack_featured_media_url":"https:\/\/i0.wp.com\/www.jojoenherbe.com\/wp-content\/uploads\/2022\/06\/Cascade-colline-du-chateau-de-Nice-scaled.jpg?fit=2560%2C1920&ssl=1","jetpack_sharing_enabled":true,"jetpack_shortlink":"https:\/\/wp.me\/p9zhGx-6M9","jetpack_likes_enabled":true,"jetpack-related-posts":[{"id":6808,"url":"https:\/\/www.jojoenherbe.com\/index.php\/2019\/07\/20\/des-boulets-dans-le-vieux-nice\/","url_meta":{"origin":26049,"position":0},"title":"Des boulets dans le Vieux-Nice","author":"Jojo","date":"20 juillet 2019","format":false,"excerpt":"Pour la semaine 29 du Projet 52-2019 de Du C\u00f4t\u00e9 de Chez Ma\u2019, le th\u00e8me est \"Rond\". Bien que nous c\u00e9l\u00e9brons le cinquanti\u00e8me anniversaire des premiers pas de l'Homme sur la Lune, j'ai choisi un autre sujet tout aussi historique et qui permet une d\u00e9ambulation un brin insolite dans le\u2026","rel":"","context":"Dans &quot;mini photographe&quot;","block_context":{"text":"mini photographe","link":"https:\/\/www.jojoenherbe.com\/index.php\/category\/mini-photographe\/"},"img":{"alt_text":"","src":"https:\/\/i0.wp.com\/www.jojoenherbe.com\/wp-content\/uploads\/2019\/07\/Boulet-Nice.jpg?fit=1200%2C900&ssl=1&resize=350%2C200","width":350,"height":200,"srcset":"https:\/\/i0.wp.com\/www.jojoenherbe.com\/wp-content\/uploads\/2019\/07\/Boulet-Nice.jpg?fit=1200%2C900&ssl=1&resize=350%2C200 1x, https:\/\/i0.wp.com\/www.jojoenherbe.com\/wp-content\/uploads\/2019\/07\/Boulet-Nice.jpg?fit=1200%2C900&ssl=1&resize=525%2C300 1.5x, https:\/\/i0.wp.com\/www.jojoenherbe.com\/wp-content\/uploads\/2019\/07\/Boulet-Nice.jpg?fit=1200%2C900&ssl=1&resize=700%2C400 2x, https:\/\/i0.wp.com\/www.jojoenherbe.com\/wp-content\/uploads\/2019\/07\/Boulet-Nice.jpg?fit=1200%2C900&ssl=1&resize=1050%2C600 3x"},"classes":[]},{"id":2157,"url":"https:\/\/www.jojoenherbe.com\/index.php\/2018\/04\/03\/eau-turquoise-a-nice\/","url_meta":{"origin":26049,"position":1},"title":"Eau turquoise \u00e0 Nice","author":"Jojo","date":"3 avril 2018","format":false,"excerpt":"Ce 1er avril apr\u00e8s-midi, nous sortons balader du port de Nice \u00e0 la colline du Ch\u00e2teau, les deux sites \u00e9tant envahis de touristes et de promeneurs du dimanche. Soleil, vent et vagues frappant les rochers transforment les bords de la Mer M\u00e9diterran\u00e9e en eau d'une belle couleur turquoise. Les plages\u2026","rel":"","context":"Dans &quot;Mini visiteur&quot;","block_context":{"text":"Mini visiteur","link":"https:\/\/www.jojoenherbe.com\/index.php\/category\/mini-crapahuteur\/mini-visiteur\/"},"img":{"alt_text":"","src":"https:\/\/i0.wp.com\/www.jojoenherbe.com\/wp-content\/uploads\/2018\/04\/Nice-3.jpg?fit=900%2C1200&ssl=1&resize=350%2C200","width":350,"height":200,"srcset":"https:\/\/i0.wp.com\/www.jojoenherbe.com\/wp-content\/uploads\/2018\/04\/Nice-3.jpg?fit=900%2C1200&ssl=1&resize=350%2C200 1x, https:\/\/i0.wp.com\/www.jojoenherbe.com\/wp-content\/uploads\/2018\/04\/Nice-3.jpg?fit=900%2C1200&ssl=1&resize=525%2C300 1.5x, https:\/\/i0.wp.com\/www.jojoenherbe.com\/wp-content\/uploads\/2018\/04\/Nice-3.jpg?fit=900%2C1200&ssl=1&resize=700%2C400 2x"},"classes":[]},{"id":6511,"url":"https:\/\/www.jojoenherbe.com\/index.php\/2019\/06\/24\/la-cascade-de-gairaut\/","url_meta":{"origin":26049,"position":2},"title":"La cascade de Gairaut","author":"Jojo","date":"24 juin 2019","format":false,"excerpt":"Nous avons l'habitude d'aller marcher ou courir sur le canal de Gairaut et ses anciens petits ponts mais n'avions jamais pris le temps d'aller jusqu'\u00e0 la cascade de Gairaut, situ\u00e9e plus haut sur l'ancien chemin de Gairaut. C'est chose faite ce 22 juin 2019, malgr\u00e9 le temps orageux.\u00a0 En r\u00e9alit\u00e9,\u2026","rel":"","context":"Dans &quot;Mini visiteur&quot;","block_context":{"text":"Mini visiteur","link":"https:\/\/www.jojoenherbe.com\/index.php\/category\/mini-crapahuteur\/mini-visiteur\/"},"img":{"alt_text":"","src":"https:\/\/i0.wp.com\/www.jojoenherbe.com\/wp-content\/uploads\/2019\/06\/Cascade-de-Gairaut-2.jpg?fit=1200%2C900&ssl=1&resize=350%2C200","width":350,"height":200,"srcset":"https:\/\/i0.wp.com\/www.jojoenherbe.com\/wp-content\/uploads\/2019\/06\/Cascade-de-Gairaut-2.jpg?fit=1200%2C900&ssl=1&resize=350%2C200 1x, https:\/\/i0.wp.com\/www.jojoenherbe.com\/wp-content\/uploads\/2019\/06\/Cascade-de-Gairaut-2.jpg?fit=1200%2C900&ssl=1&resize=525%2C300 1.5x, https:\/\/i0.wp.com\/www.jojoenherbe.com\/wp-content\/uploads\/2019\/06\/Cascade-de-Gairaut-2.jpg?fit=1200%2C900&ssl=1&resize=700%2C400 2x, https:\/\/i0.wp.com\/www.jojoenherbe.com\/wp-content\/uploads\/2019\/06\/Cascade-de-Gairaut-2.jpg?fit=1200%2C900&ssl=1&resize=1050%2C600 3x"},"classes":[]},{"id":7832,"url":"https:\/\/www.jojoenherbe.com\/index.php\/2019\/10\/05\/dettifoss-une-cascade-monumentale\/","url_meta":{"origin":26049,"position":3},"title":"Dettifoss, une cascade monumentale","author":"Jojo","date":"5 octobre 2019","format":false,"excerpt":"Pour cette semaine 40 du Projet 52-2019 de Du c\u00f4t\u00e9 de chez Ma', le th\u00e8me est \"Monumental\". Pour illustrer ce th\u00e8me, j'ai choisi la plus haute cascade d'Europe qui se situe en Islande (plus de 40 m\u00e8tres de hauteur), Dettifoss que nous avions pu voir en juillet 2011. Mais ce\u2026","rel":"","context":"Dans &quot;mini photographe&quot;","block_context":{"text":"mini photographe","link":"https:\/\/www.jojoenherbe.com\/index.php\/category\/mini-photographe\/"},"img":{"alt_text":"","src":"https:\/\/i0.wp.com\/www.jojoenherbe.com\/wp-content\/uploads\/2019\/10\/Dettifoss.jpg?fit=1200%2C900&ssl=1&resize=350%2C200","width":350,"height":200,"srcset":"https:\/\/i0.wp.com\/www.jojoenherbe.com\/wp-content\/uploads\/2019\/10\/Dettifoss.jpg?fit=1200%2C900&ssl=1&resize=350%2C200 1x, https:\/\/i0.wp.com\/www.jojoenherbe.com\/wp-content\/uploads\/2019\/10\/Dettifoss.jpg?fit=1200%2C900&ssl=1&resize=525%2C300 1.5x, https:\/\/i0.wp.com\/www.jojoenherbe.com\/wp-content\/uploads\/2019\/10\/Dettifoss.jpg?fit=1200%2C900&ssl=1&resize=700%2C400 2x, https:\/\/i0.wp.com\/www.jojoenherbe.com\/wp-content\/uploads\/2019\/10\/Dettifoss.jpg?fit=1200%2C900&ssl=1&resize=1050%2C600 3x"},"classes":[]},{"id":18440,"url":"https:\/\/www.jojoenherbe.com\/index.php\/2021\/05\/23\/semaine-20-du-projet-52-2021-architecture\/","url_meta":{"origin":26049,"position":4},"title":"Semaine 20 du Projet 52-2021: Architecture","author":"Jojo","date":"23 mai 2021","format":false,"excerpt":"Pour la semaine 20 du Projet 52-2021 de Du c\u00f4t\u00e9 de chez Ma', le th\u00e8me est \"Architecture\". Je pense tout naturellement \u00e0 l'architecture ni\u00e7oise avec ses b\u00e2timents datant de la Belle \u00c9poque. Profitant d'une sortie dans le parc municipal Chambrun situ\u00e9 au Nord de Nice, dans le quartier r\u00e9sidentiel de\u2026","rel":"","context":"Dans &quot;mini photographe&quot;","block_context":{"text":"mini photographe","link":"https:\/\/www.jojoenherbe.com\/index.php\/category\/mini-photographe\/"},"img":{"alt_text":"","src":"https:\/\/i0.wp.com\/www.jojoenherbe.com\/wp-content\/uploads\/2021\/05\/Temple-de-lAmour-Parc-Chambrun-scaled.jpg?fit=1200%2C900&ssl=1&resize=350%2C200","width":350,"height":200,"srcset":"https:\/\/i0.wp.com\/www.jojoenherbe.com\/wp-content\/uploads\/2021\/05\/Temple-de-lAmour-Parc-Chambrun-scaled.jpg?fit=1200%2C900&ssl=1&resize=350%2C200 1x, https:\/\/i0.wp.com\/www.jojoenherbe.com\/wp-content\/uploads\/2021\/05\/Temple-de-lAmour-Parc-Chambrun-scaled.jpg?fit=1200%2C900&ssl=1&resize=525%2C300 1.5x, https:\/\/i0.wp.com\/www.jojoenherbe.com\/wp-content\/uploads\/2021\/05\/Temple-de-lAmour-Parc-Chambrun-scaled.jpg?fit=1200%2C900&ssl=1&resize=700%2C400 2x, https:\/\/i0.wp.com\/www.jojoenherbe.com\/wp-content\/uploads\/2021\/05\/Temple-de-lAmour-Parc-Chambrun-scaled.jpg?fit=1200%2C900&ssl=1&resize=1050%2C600 3x"},"classes":[]},{"id":39633,"url":"https:\/\/www.jojoenherbe.com\/index.php\/2025\/06\/07\/semaine-23-du-projet-52-2025-chateau\/","url_meta":{"origin":26049,"position":5},"title":"Semaine 23 du Projet 52-2025: \u00ab\u00a0Ch\u00e2teau\u00a0\u00bb","author":"Jojo","date":"7 juin 2025","format":false,"excerpt":"Pour la semaine 23 du Projet 52-2025 de Du c\u00f4t\u00e9 de chez Ma\u2019, le th\u00e8me est \"Ch\u00e2teau\". J'ai tout de suite pens\u00e9 pour illustrer ce th\u00e8me \u00e0 notre derni\u00e8re visite du Ch\u00e2teau des Baux-de-Provence de la semaine derni\u00e8re, une forteresse m\u00e9di\u00e9vale semi-troglodytique du XIIe si\u00e8cle et dont on retrouve des\u2026","rel":"","context":"Dans &quot;mini photographe&quot;","block_context":{"text":"mini photographe","link":"https:\/\/www.jojoenherbe.com\/index.php\/category\/mini-photographe\/"},"img":{"alt_text":"","src":"https:\/\/i0.wp.com\/www.jojoenherbe.com\/wp-content\/uploads\/2025\/06\/chateau-des-Baux-de-Provence-scaled.jpg?fit=1200%2C981&ssl=1&resize=350%2C200","width":350,"height":200,"srcset":"https:\/\/i0.wp.com\/www.jojoenherbe.com\/wp-content\/uploads\/2025\/06\/chateau-des-Baux-de-Provence-scaled.jpg?fit=1200%2C981&ssl=1&resize=350%2C200 1x, https:\/\/i0.wp.com\/www.jojoenherbe.com\/wp-content\/uploads\/2025\/06\/chateau-des-Baux-de-Provence-scaled.jpg?fit=1200%2C981&ssl=1&resize=525%2C300 1.5x, https:\/\/i0.wp.com\/www.jojoenherbe.com\/wp-content\/uploads\/2025\/06\/chateau-des-Baux-de-Provence-scaled.jpg?fit=1200%2C981&ssl=1&resize=700%2C400 2x, https:\/\/i0.wp.com\/www.jojoenherbe.com\/wp-content\/uploads\/2025\/06\/chateau-des-Baux-de-Provence-scaled.jpg?fit=1200%2C981&ssl=1&resize=1050%2C600 3x"},"classes":[]}],"_links":{"self":[{"href":"https:\/\/www.jojoenherbe.com\/index.php\/wp-json\/wp\/v2\/posts\/26049","targetHints":{"allow":["GET"]}}],"collection":[{"href":"https:\/\/www.jojoenherbe.com\/index.php\/wp-json\/wp\/v2\/posts"}],"about":[{"href":"https:\/\/www.jojoenherbe.com\/index.php\/wp-json\/wp\/v2\/types\/post"}],"author":[{"embeddable":true,"href":"https:\/\/www.jojoenherbe.com\/index.php\/wp-json\/wp\/v2\/users\/1"}],"replies":[{"embeddable":true,"href":"https:\/\/www.jojoenherbe.com\/index.php\/wp-json\/wp\/v2\/comments?post=26049"}],"version-history":[{"count":3,"href":"https:\/\/www.jojoenherbe.com\/index.php\/wp-json\/wp\/v2\/posts\/26049\/revisions"}],"predecessor-version":[{"id":26468,"href":"https:\/\/www.jojoenherbe.com\/index.php\/wp-json\/wp\/v2\/posts\/26049\/revisions\/26468"}],"wp:featuredmedia":[{"embeddable":true,"href":"https:\/\/www.jojoenherbe.com\/index.php\/wp-json\/wp\/v2\/media\/26050"}],"wp:attachment":[{"href":"https:\/\/www.jojoenherbe.com\/index.php\/wp-json\/wp\/v2\/media?parent=26049"}],"wp:term":[{"taxonomy":"category","embeddable":true,"href":"https:\/\/www.jojoenherbe.com\/index.php\/wp-json\/wp\/v2\/categories?post=26049"},{"taxonomy":"post_tag","embeddable":true,"href":"https:\/\/www.jojoenherbe.com\/index.php\/wp-json\/wp\/v2\/tags?post=26049"}],"curies":[{"name":"wp","href":"https:\/\/api.w.org\/{rel}","templated":true}]}}