{"id":25915,"date":"2022-06-20T13:30:00","date_gmt":"2022-06-20T11:30:00","guid":{"rendered":"https:\/\/www.jojoenherbe.com\/?p=25915"},"modified":"2022-10-15T19:22:59","modified_gmt":"2022-10-15T17:22:59","slug":"point-lecture-hebdomadaire-46","status":"publish","type":"post","link":"https:\/\/www.jojoenherbe.com\/index.php\/2022\/06\/20\/point-lecture-hebdomadaire-46\/","title":{"rendered":"Point lecture hebdomadaire #46"},"content":{"rendered":"<p style=\"text-align: justify;\"><em>En ce d\u00e9but de semaine, voici notre point lecture hebdomadaire avec un retour sur nos lectures de la semaine derni\u00e8re (mais pas nos relectures) et ma lecture en cours. j&rsquo;ai surtout pioch\u00e9 dans ma PAL anglo-saxonne puisqu&rsquo;en juin, c&rsquo;est le Mois Anglais 2022 coorganis\u00e9e par Lou et Titine.<br \/>\n<\/em><\/p>\n<p><span style=\"text-decoration: underline;\"><strong>Nos lectures du\u00a0 13 au 19\u00a0 juin 2022<\/strong><\/span><strong>:<\/strong><\/p>\n<p><em><span style=\"text-decoration: underline;\">Des lectures jeunesse<\/span>:<\/em><\/p>\n<p style=\"text-align: justify;\"><em>C\u00f4t\u00e9 jeunesse, il y a surtout eu des relectures avec les tomes de la BD jeunesse, <span style=\"text-decoration: underline;\">Ana Ana<\/span> , <span style=\"text-decoration: underline;\">Pomelo r\u00eave<\/span>, <span style=\"text-decoration: underline;\">Onze chatons dans un sac<\/span> ou encore les histoires \u00e0 lire tout seul de C\u00e9line Alvarez comme <span style=\"text-decoration: underline;\">Le gros radis<\/span> ou <span style=\"text-decoration: underline;\">Le petit chaperon rouge<\/span>.<\/em><\/p>\n<ul>\n<li><em>(Album jeunesse) <strong><span style=\"text-decoration: underline;\">La meilleure Maman du monde<\/span><\/strong> de S\u00e9bastien Perez et Benjamin Lacombe<br \/>\n<\/em><\/li>\n<\/ul>\n<p style=\"text-align: justify;\"><em><a href=\"https:\/\/i0.wp.com\/www.jojoenherbe.com\/wp-content\/uploads\/2022\/07\/La-meilleure-Maman-du-monde-scaled.jpg\"><img data-recalc-dims=\"1\" loading=\"lazy\" decoding=\"async\" data-attachment-id=\"26292\" data-permalink=\"https:\/\/www.jojoenherbe.com\/index.php\/2022\/06\/20\/point-lecture-hebdomadaire-46\/la-meilleure-maman-du-monde\/\" data-orig-file=\"https:\/\/i0.wp.com\/www.jojoenherbe.com\/wp-content\/uploads\/2022\/07\/La-meilleure-Maman-du-monde-scaled.jpg?fit=2560%2C1968&amp;ssl=1\" data-orig-size=\"2560,1968\" data-comments-opened=\"1\" data-image-meta=\"{&quot;aperture&quot;:&quot;1.8&quot;,&quot;credit&quot;:&quot;&quot;,&quot;camera&quot;:&quot;iPhone 7&quot;,&quot;caption&quot;:&quot;&quot;,&quot;created_timestamp&quot;:&quot;1657113812&quot;,&quot;copyright&quot;:&quot;&quot;,&quot;focal_length&quot;:&quot;3.99&quot;,&quot;iso&quot;:&quot;100&quot;,&quot;shutter_speed&quot;:&quot;0.14285714285714&quot;,&quot;title&quot;:&quot;&quot;,&quot;orientation&quot;:&quot;1&quot;}\" data-image-title=\"La meilleure Maman du monde\" data-image-description=\"\" data-image-caption=\"\" data-large-file=\"https:\/\/i0.wp.com\/www.jojoenherbe.com\/wp-content\/uploads\/2022\/07\/La-meilleure-Maman-du-monde-scaled.jpg?fit=676%2C520&amp;ssl=1\" class=\"alignleft size-thumbnail wp-image-26292\" src=\"https:\/\/i0.wp.com\/www.jojoenherbe.com\/wp-content\/uploads\/2022\/07\/La-meilleure-Maman-du-monde.jpg?resize=150%2C150\" alt=\"\" width=\"150\" height=\"150\" srcset=\"https:\/\/i0.wp.com\/www.jojoenherbe.com\/wp-content\/uploads\/2022\/07\/La-meilleure-Maman-du-monde-scaled.jpg?resize=150%2C150&amp;ssl=1 150w, https:\/\/i0.wp.com\/www.jojoenherbe.com\/wp-content\/uploads\/2022\/07\/La-meilleure-Maman-du-monde-scaled.jpg?zoom=2&amp;resize=150%2C150 300w, https:\/\/i0.wp.com\/www.jojoenherbe.com\/wp-content\/uploads\/2022\/07\/La-meilleure-Maman-du-monde-scaled.jpg?zoom=3&amp;resize=150%2C150 450w\" sizes=\"auto, (max-width: 150px) 100vw, 150px\" \/><\/a>Nous avons feuillet\u00e9 et lu quelques pages de l&rsquo;album jeunesse, <span style=\"text-decoration: underline;\">La meilleure Maman du monde<\/span> de S\u00e9bastien Perez et Benjamin Lacombe (\u00e9d. Margot, 2021, r\u00e9\u00e9d. 2022, 64 pages), nous plongeant surtout dans les toujours aussi magnifiques illustrations de Benjamin Lacombe. Il y est question de maternit\u00e9 dans le r\u00e8gne animal et de l&rsquo;amour inconditionnel unissant une m\u00e8re \u00e0 son enfant. Coup de c\u0153ur pour cet album jeunesse qui a rejoint nos biblioth\u00e8ques comme cadeau d&rsquo;anniversaire!<\/em><\/p>\n<p><em><span style=\"text-decoration: underline;\">Des lectures adulte<\/span>:<\/em><\/p>\n<p style=\"text-align: justify;\"><em>En fin de semaine, j&rsquo;ai lu les deux premiers tomes d&rsquo;une nouvelle s\u00e9rie livresque cosy mystery se d\u00e9roulant sous la R\u00e9gence anglaise avec <strong><span style=\"text-decoration: underline;\">Une enqu\u00eate de Beatrice Hyde-Clare<\/span><\/strong> de Lynn Messina.<\/em><\/p>\n<ul>\n<li style=\"text-align: justify;\"><em>(Cosy mystery) <strong><span style=\"text-decoration: underline;\">Une insolente curiosit\u00e9<\/span><\/strong> de Lynn Messina <strong>(T1)<\/strong><\/em><\/li>\n<\/ul>\n<p style=\"text-align: justify;\"><em><a href=\"https:\/\/i0.wp.com\/www.jojoenherbe.com\/wp-content\/uploads\/2022\/06\/Une-insolente-curiosite.jpg\"><img data-recalc-dims=\"1\" loading=\"lazy\" decoding=\"async\" data-attachment-id=\"26045\" data-permalink=\"https:\/\/www.jojoenherbe.com\/index.php\/2022\/06\/01\/billet-de-suivi-le-mois-anglais-2022\/une-insolente-curiosite\/\" data-orig-file=\"https:\/\/i0.wp.com\/www.jojoenherbe.com\/wp-content\/uploads\/2022\/06\/Une-insolente-curiosite.jpg?fit=750%2C1334&amp;ssl=1\" data-orig-size=\"750,1334\" data-comments-opened=\"1\" data-image-meta=\"{&quot;aperture&quot;:&quot;0&quot;,&quot;credit&quot;:&quot;&quot;,&quot;camera&quot;:&quot;&quot;,&quot;caption&quot;:&quot;&quot;,&quot;created_timestamp&quot;:&quot;0&quot;,&quot;copyright&quot;:&quot;&quot;,&quot;focal_length&quot;:&quot;0&quot;,&quot;iso&quot;:&quot;0&quot;,&quot;shutter_speed&quot;:&quot;0&quot;,&quot;title&quot;:&quot;&quot;,&quot;orientation&quot;:&quot;0&quot;}\" data-image-title=\"Une insolente curiosit\u00e9\" data-image-description=\"\" data-image-caption=\"\" data-large-file=\"https:\/\/i0.wp.com\/www.jojoenherbe.com\/wp-content\/uploads\/2022\/06\/Une-insolente-curiosite.jpg?fit=576%2C1024&amp;ssl=1\" class=\"size-thumbnail wp-image-26045 alignright\" src=\"https:\/\/i0.wp.com\/www.jojoenherbe.com\/wp-content\/uploads\/2022\/06\/Une-insolente-curiosite.jpg?resize=150%2C150\" alt=\"\" width=\"150\" height=\"150\" srcset=\"https:\/\/i0.wp.com\/www.jojoenherbe.com\/wp-content\/uploads\/2022\/06\/Une-insolente-curiosite.jpg?resize=150%2C150&amp;ssl=1 150w, https:\/\/i0.wp.com\/www.jojoenherbe.com\/wp-content\/uploads\/2022\/06\/Une-insolente-curiosite.jpg?zoom=2&amp;resize=150%2C150 300w, https:\/\/i0.wp.com\/www.jojoenherbe.com\/wp-content\/uploads\/2022\/06\/Une-insolente-curiosite.jpg?zoom=3&amp;resize=150%2C150 450w\" sizes=\"auto, (max-width: 150px) 100vw, 150px\" \/><\/a>J&rsquo;ai lu, en e-book, le <a href=\"https:\/\/www.jojoenherbe.com\/index.php\/2022\/09\/25\/au-fil-des-pages-avec-une-insolente-curiosite\/\">tome 1<\/a>, <span style=\"text-decoration: underline;\">Une insolente curiosit\u00e9<\/span> de Lynn Messina (\u00e9d. Les Escales, 2022, 347 pages), un cosy mystery se d\u00e9roulant sous la R\u00e9gence anglaise sous fond de romance historique. Beatrice Hyde-Clare, une orpheline non-mari\u00e9e de 26 ans d\u00e9cide d&rsquo;enqu\u00eater avec le Duc de Kesgrave, \u00e2g\u00e9 de 32 ans, sur la mort de Monsieur Otley, un des invit\u00e9s \u00e0 la partie de campagne organis\u00e9 chez les Skeffington. Un tr\u00e8s bon moment de lecture en compagnie du duo B\u00e9atrice\/Damien, un duo attachant et piquant!<br \/>\n<\/em><\/p>\n<ul>\n<li style=\"text-align: justify;\"><em>(Cosy mystery) <strong><span style=\"text-decoration: underline;\">Une scandaleuse supercherie<\/span><\/strong> de Lynn Messina <strong>(T2)<\/strong><\/em><\/li>\n<\/ul>\n<p style=\"text-align: justify;\"><em><a href=\"https:\/\/i0.wp.com\/www.jojoenherbe.com\/wp-content\/uploads\/2022\/06\/Une-scandaleuse-supercherie.jpg\"><img data-recalc-dims=\"1\" loading=\"lazy\" decoding=\"async\" data-attachment-id=\"26046\" data-permalink=\"https:\/\/www.jojoenherbe.com\/index.php\/2022\/06\/01\/billet-de-suivi-le-mois-anglais-2022\/une-scandaleuse-supercherie\/\" data-orig-file=\"https:\/\/i0.wp.com\/www.jojoenherbe.com\/wp-content\/uploads\/2022\/06\/Une-scandaleuse-supercherie.jpg?fit=750%2C1334&amp;ssl=1\" data-orig-size=\"750,1334\" data-comments-opened=\"1\" data-image-meta=\"{&quot;aperture&quot;:&quot;0&quot;,&quot;credit&quot;:&quot;&quot;,&quot;camera&quot;:&quot;&quot;,&quot;caption&quot;:&quot;&quot;,&quot;created_timestamp&quot;:&quot;0&quot;,&quot;copyright&quot;:&quot;&quot;,&quot;focal_length&quot;:&quot;0&quot;,&quot;iso&quot;:&quot;0&quot;,&quot;shutter_speed&quot;:&quot;0&quot;,&quot;title&quot;:&quot;&quot;,&quot;orientation&quot;:&quot;0&quot;}\" data-image-title=\"Une scandaleuse supercherie\" data-image-description=\"\" data-image-caption=\"\" data-large-file=\"https:\/\/i0.wp.com\/www.jojoenherbe.com\/wp-content\/uploads\/2022\/06\/Une-scandaleuse-supercherie.jpg?fit=576%2C1024&amp;ssl=1\" class=\"alignleft size-thumbnail wp-image-26046\" src=\"https:\/\/i0.wp.com\/www.jojoenherbe.com\/wp-content\/uploads\/2022\/06\/Une-scandaleuse-supercherie.jpg?resize=150%2C150\" alt=\"\" width=\"150\" height=\"150\" srcset=\"https:\/\/i0.wp.com\/www.jojoenherbe.com\/wp-content\/uploads\/2022\/06\/Une-scandaleuse-supercherie.jpg?resize=150%2C150&amp;ssl=1 150w, https:\/\/i0.wp.com\/www.jojoenherbe.com\/wp-content\/uploads\/2022\/06\/Une-scandaleuse-supercherie.jpg?zoom=2&amp;resize=150%2C150 300w, https:\/\/i0.wp.com\/www.jojoenherbe.com\/wp-content\/uploads\/2022\/06\/Une-scandaleuse-supercherie.jpg?zoom=3&amp;resize=150%2C150 450w\" sizes=\"auto, (max-width: 150px) 100vw, 150px\" \/><\/a>Puis j&rsquo;ai encha\u00een\u00e9, en e-book, avec le tome 2, <span style=\"text-decoration: underline;\">Une scandaleuse supercherie<\/span> de Lynn Messina (\u00e9d. Les Escales, 2022, 329 pages) qui se d\u00e9roule 4 mois apr\u00e8s les \u00e9v\u00e8nements de la partie de campagne. La jeune femme s&rsquo;associe de nouveau avec le duc pour enqu\u00eater sur le meurtre d&rsquo;un dandy qui s&rsquo;est \u00e9croul\u00e9 raide mort \u00e0 ses pieds. Encore un tr\u00e8s bon moment de lecture!\u00a0 J&rsquo;ai h\u00e2te de lire le tome 3, <span style=\"text-decoration: underline;\">Une inf\u00e2me trahison<\/span> qui para\u00eetra en octobre 2022. Il existe d\u00e9j\u00e0 6 tomes en VO.<\/em><\/p>\n<ul>\n<li style=\"text-align: justify;\"><em>(Romance surnaturelle) <strong><span style=\"text-decoration: underline;\">Alpha Priors, La princesse de sang<\/span><\/strong> de Jocabel C. Caballero (T3)<\/em><\/li>\n<\/ul>\n<p style=\"text-align: justify;\"><em><a href=\"https:\/\/i0.wp.com\/www.jojoenherbe.com\/wp-content\/uploads\/2022\/06\/Alpha-Priors-T3.jpg\"><img data-recalc-dims=\"1\" loading=\"lazy\" decoding=\"async\" data-attachment-id=\"26057\" data-permalink=\"https:\/\/www.jojoenherbe.com\/index.php\/2022\/06\/20\/point-lecture-hebdomadaire-46\/alpha-priors-t3\/\" data-orig-file=\"https:\/\/i0.wp.com\/www.jojoenherbe.com\/wp-content\/uploads\/2022\/06\/Alpha-Priors-T3.jpg?fit=750%2C1334&amp;ssl=1\" data-orig-size=\"750,1334\" data-comments-opened=\"1\" data-image-meta=\"{&quot;aperture&quot;:&quot;0&quot;,&quot;credit&quot;:&quot;&quot;,&quot;camera&quot;:&quot;&quot;,&quot;caption&quot;:&quot;&quot;,&quot;created_timestamp&quot;:&quot;0&quot;,&quot;copyright&quot;:&quot;&quot;,&quot;focal_length&quot;:&quot;0&quot;,&quot;iso&quot;:&quot;0&quot;,&quot;shutter_speed&quot;:&quot;0&quot;,&quot;title&quot;:&quot;&quot;,&quot;orientation&quot;:&quot;0&quot;}\" data-image-title=\"Alpha Priors T3\" data-image-description=\"\" data-image-caption=\"\" data-large-file=\"https:\/\/i0.wp.com\/www.jojoenherbe.com\/wp-content\/uploads\/2022\/06\/Alpha-Priors-T3.jpg?fit=576%2C1024&amp;ssl=1\" class=\"size-thumbnail wp-image-26057 alignright\" src=\"https:\/\/i0.wp.com\/www.jojoenherbe.com\/wp-content\/uploads\/2022\/06\/Alpha-Priors-T3.jpg?resize=150%2C150\" alt=\"\" width=\"150\" height=\"150\" srcset=\"https:\/\/i0.wp.com\/www.jojoenherbe.com\/wp-content\/uploads\/2022\/06\/Alpha-Priors-T3.jpg?resize=150%2C150&amp;ssl=1 150w, https:\/\/i0.wp.com\/www.jojoenherbe.com\/wp-content\/uploads\/2022\/06\/Alpha-Priors-T3.jpg?zoom=2&amp;resize=150%2C150 300w, https:\/\/i0.wp.com\/www.jojoenherbe.com\/wp-content\/uploads\/2022\/06\/Alpha-Priors-T3.jpg?zoom=3&amp;resize=150%2C150 450w\" sizes=\"auto, (max-width: 150px) 100vw, 150px\" \/><\/a>J&rsquo;ai lu, en e-book, le tome 3 d&rsquo;<span style=\"text-decoration: underline;\">Alpha Priors, La princesse de sang<\/span> de Jocabel C. Caballero (\u00e9d. Auto\u00e9dition, 2022, 321 pages), reprenant peu apr\u00e8s les \u00e9v\u00e8nements du tome 2, la meute des fr\u00e8res Priors \u00e9tant en pleine guerre de territoire avec celle du cruel et redoutable Makunga. L&rsquo;om\u00e9ga de la meute, Tobias a de plus en plus de mal \u00e0 contenir ses \u00e9motions et \u00e0 garder son loup calme, sauf lorsqu&rsquo;il est en pr\u00e9sence de la princesse de sang Elionore, une vampire du clan Campbell qui vient au sein de leur meute en tant qu&rsquo;ambassadrice afin de ren\u00e9gocier l&rsquo;accord de paix entre loups et vampires. Encore un bon moment de lecture au cours duquel de nouveaux ennemis apparaissent et de nouvelles alliances se forment! J&rsquo;ai h\u00e2te de pouvoir lire le tome 4 en cours d&rsquo;\u00e9criture qui, je suppose, sera consacr\u00e9 au plus jeune des fr\u00e8res Priors, Blaine.<\/em><\/p>\n<p><strong><span style=\"text-decoration: underline;\">Ma lecture en cours<\/span>:<\/strong><\/p>\n<p><em><span class=\"_aacl _aaco _aacu _aacx _aad7 _aade\">(Roman policier fantastique) <span style=\"text-decoration: underline;\"><strong>Les Sept Morts d&rsquo;Evelyn Hardcastle<\/strong><\/span> de Stuart Turton<\/span><\/em><\/p>\n<p style=\"text-align: justify;\"><em><span class=\"_aacl _aaco _aacu _aacx _aad7 _aade\"><a href=\"https:\/\/i0.wp.com\/www.jojoenherbe.com\/wp-content\/uploads\/2022\/06\/Les-Sept-Morts-dEvelyn-Hardcastle-scaled.jpg\"><img data-recalc-dims=\"1\" loading=\"lazy\" decoding=\"async\" data-attachment-id=\"25858\" data-permalink=\"https:\/\/www.jojoenherbe.com\/index.php\/2022\/06\/13\/point-lecture-hebdomadaire-45\/les-sept-morts-develyn-hardcastle\/\" data-orig-file=\"https:\/\/i0.wp.com\/www.jojoenherbe.com\/wp-content\/uploads\/2022\/06\/Les-Sept-Morts-dEvelyn-Hardcastle-scaled.jpg?fit=2560%2C2083&amp;ssl=1\" data-orig-size=\"2560,2083\" data-comments-opened=\"1\" data-image-meta=\"{&quot;aperture&quot;:&quot;1.8&quot;,&quot;credit&quot;:&quot;&quot;,&quot;camera&quot;:&quot;iPhone 7&quot;,&quot;caption&quot;:&quot;&quot;,&quot;created_timestamp&quot;:&quot;1655116583&quot;,&quot;copyright&quot;:&quot;&quot;,&quot;focal_length&quot;:&quot;3.99&quot;,&quot;iso&quot;:&quot;80&quot;,&quot;shutter_speed&quot;:&quot;0.14285714285714&quot;,&quot;title&quot;:&quot;&quot;,&quot;orientation&quot;:&quot;1&quot;}\" data-image-title=\"Les Sept Morts d&amp;rsquo;Evelyn Hardcastle\" data-image-description=\"\" data-image-caption=\"\" data-large-file=\"https:\/\/i0.wp.com\/www.jojoenherbe.com\/wp-content\/uploads\/2022\/06\/Les-Sept-Morts-dEvelyn-Hardcastle-scaled.jpg?fit=676%2C550&amp;ssl=1\" class=\"alignleft size-thumbnail wp-image-25858\" src=\"https:\/\/i0.wp.com\/www.jojoenherbe.com\/wp-content\/uploads\/2022\/06\/Les-Sept-Morts-dEvelyn-Hardcastle.jpg?resize=150%2C150\" alt=\"\" width=\"150\" height=\"150\" srcset=\"https:\/\/i0.wp.com\/www.jojoenherbe.com\/wp-content\/uploads\/2022\/06\/Les-Sept-Morts-dEvelyn-Hardcastle-scaled.jpg?resize=150%2C150&amp;ssl=1 150w, https:\/\/i0.wp.com\/www.jojoenherbe.com\/wp-content\/uploads\/2022\/06\/Les-Sept-Morts-dEvelyn-Hardcastle-scaled.jpg?zoom=2&amp;resize=150%2C150 300w, https:\/\/i0.wp.com\/www.jojoenherbe.com\/wp-content\/uploads\/2022\/06\/Les-Sept-Morts-dEvelyn-Hardcastle-scaled.jpg?zoom=3&amp;resize=150%2C150 450w\" sizes=\"auto, (max-width: 150px) 100vw, 150px\" \/><\/a>J&rsquo;ai continu\u00e9 en d\u00e9but de semaine puis dimanche soir<\/span><\/em><em><span class=\"_aacl _aaco _aacu _aacx _aad7 _aade\"> <span style=\"text-decoration: underline;\">Les Sept Morts d&rsquo;Evelyn Hardcastle<\/span> de Stuart Turton (\u00e9d. Sonatine, 2019, 540 pages), un roman policier fantastique, un homme amn\u00e9sique tentant de d\u00e9couvrir l&rsquo;identit\u00e9 du meurtrier d&rsquo;Evelyn Hardclastle. Chaque jour, cet homme prend comme h\u00f4te un des r\u00e9sidents de la demeure des \u00e9poux Hardclastle afin de pouvoir quitter une boucle temporelle. J&rsquo;en suis d\u00e9sormais au chapitre 20.<\/span><\/em><\/p>\n<p style=\"text-align: justify;\"><em><img loading=\"lazy\" decoding=\"async\" class=\"wp-image-20227 alignright\" src=\"https:\/\/pativore.files.wordpress.com\/2022\/01\/semaine-mille-pages-2022.jpg?w=646&amp;resize=95%2C171\" sizes=\"auto, (max-width: 298px) 100vw, 298px\" srcset=\"https:\/\/pativore.files.wordpress.com\/2022\/01\/semaine-mille-pages-2022.jpg 298w, https:\/\/pativore.files.wordpress.com\/2022\/01\/semaine-mille-pages-2022.jpg?w=83 83w\" alt=\"\" width=\"95\" height=\"171\" data-attachment-id=\"20227\" data-permalink=\"https:\/\/pativore.wordpress.com\/2022\/01\/24\/semaine-a-mille-pages-et-week-end-a-1000-janvier-2022\/semaine-mille-pages-2022\/\" data-orig-file=\"https:\/\/pativore.files.wordpress.com\/2022\/01\/semaine-mille-pages-2022.jpg\" data-orig-size=\"298,536\" data-comments-opened=\"1\" data-image-meta=\"{&quot;aperture&quot;:&quot;0&quot;,&quot;credit&quot;:&quot;&quot;,&quot;camera&quot;:&quot;&quot;,&quot;caption&quot;:&quot;&quot;,&quot;created_timestamp&quot;:&quot;0&quot;,&quot;copyright&quot;:&quot;&quot;,&quot;focal_length&quot;:&quot;0&quot;,&quot;iso&quot;:&quot;0&quot;,&quot;shutter_speed&quot;:&quot;0&quot;,&quot;title&quot;:&quot;&quot;,&quot;orientation&quot;:&quot;0&quot;}\" data-image-title=\"Semaine-mille-pages-2022\" data-image-description=\"\" data-image-caption=\"\" data-medium-file=\"https:\/\/pativore.files.wordpress.com\/2022\/01\/semaine-mille-pages-2022.jpg?w=167\" data-large-file=\"https:\/\/pativore.files.wordpress.com\/2022\/01\/semaine-mille-pages-2022.jpg?w=298\" data-recalc-dims=\"1\" \/>Cette semaine c&rsquo;est une Semaine \u00e0 mille pages organis\u00e9e par <a href=\"https:\/\/www.instagram.com\/petit_pingouin_vert\/\">Le pingouin vert<\/a> sur IG chaque mois tout au long de l\u2019ann\u00e9e 2022. Alors combien ai-je lu de pages cette semaine?\u00a0 1113 pages lues sans compter les albums jeunesse.<\/em><\/p>\n","protected":false},"excerpt":{"rendered":"<p>En ce d\u00e9but de semaine, voici notre point lecture hebdomadaire avec un retour sur nos lectures de la semaine derni\u00e8re (mais pas nos relectures) et ma lecture en cours. j&rsquo;ai surtout pioch\u00e9 dans ma PAL anglo-saxonne puisqu&rsquo;en juin, c&rsquo;est le Mois Anglais 2022 coorganis\u00e9e par Lou et Titine. Nos lectures du\u00a0 13 au 19\u00a0 juin [&hellip;]<\/p>\n","protected":false},"author":1,"featured_media":26294,"comment_status":"open","ping_status":"open","sticky":false,"template":"","format":"standard","meta":{"jetpack_post_was_ever_published":false,"_jetpack_newsletter_access":"","_jetpack_dont_email_post_to_subs":false,"_jetpack_newsletter_tier_id":0,"_jetpack_memberships_contains_paywalled_content":false,"_jetpack_memberships_contains_paid_content":false,"footnotes":""},"categories":[2140,363],"tags":[3184,1085,367,3228,2767,3210,1329,844,3209,905,3083,3214],"class_list":["post-25915","post","type-post","status-publish","format-standard","has-post-thumbnail","hentry","category-mini-blogueur","category-mini-lecteur","tag-jocabel-c-caballero","tag-lecture-adulte","tag-lecture-jeunesse","tag-lynn-messina","tag-point-lecture-hebdo","tag-roman-fantastique","tag-roman-policier","tag-romance","tag-romance-historique","tag-romans-adulte","tag-semaine-a-mille-pages","tag-stuart-turton","post-preview"],"jetpack_featured_media_url":"https:\/\/i0.wp.com\/www.jojoenherbe.com\/wp-content\/uploads\/2022\/07\/Point-lecture-hebdo-46-scaled.jpg?fit=2560%2C1697&ssl=1","jetpack_sharing_enabled":true,"jetpack_shortlink":"https:\/\/wp.me\/p9zhGx-6JZ","jetpack_likes_enabled":true,"jetpack-related-posts":[{"id":37057,"url":"https:\/\/www.jojoenherbe.com\/index.php\/2024\/09\/30\/point-lecture-hebdomadaire-2024-39\/","url_meta":{"origin":25915,"position":0},"title":"Point lecture hebdomadaire 2024 #39","author":"Jojo","date":"30 septembre 2024","format":false,"excerpt":"En ce d\u00e9but de semaine, voici mon point lecture hebdomadaire avec un retour sur nos lectures (mais pas nos relectures) de la semaine derni\u00e8re. Nos lectures du 23 au 29 septembre 2024: Des lectures jeunesse: Nous avons continu\u00e9 chaque soir et presque fini de lire Le jardin secret de Frances\u2026","rel":"","context":"Dans &quot;Mini blogueur&quot;","block_context":{"text":"Mini blogueur","link":"https:\/\/www.jojoenherbe.com\/index.php\/category\/mini-blogueur\/"},"img":{"alt_text":"","src":"https:\/\/i0.wp.com\/www.jojoenherbe.com\/wp-content\/uploads\/2020\/04\/Le-jardin-secret-150x150.jpg?resize=350%2C200","width":350,"height":200},"classes":[]},{"id":36648,"url":"https:\/\/www.jojoenherbe.com\/index.php\/2024\/07\/15\/point-lecture-hebdomadaire-2024-28\/","url_meta":{"origin":25915,"position":1},"title":"Point lecture hebdomadaire 2024 #28","author":"Jojo","date":"15 juillet 2024","format":false,"excerpt":"En ce d\u00e9but de semaine, voici mon point lecture hebdomadaire avec un retour sur nos lectures (mais pas nos relectures) de la semaine derni\u00e8re. Nos lectures du 8 au 14 juillet 2024: Des lectures jeunesse: C\u00f4t\u00e9 jeunesse, nous n'avons eu que des relectures avec mon mini lutin. Des lectures adulte:\u2026","rel":"","context":"Dans &quot;Mini blogueur&quot;","block_context":{"text":"Mini blogueur","link":"https:\/\/www.jojoenherbe.com\/index.php\/category\/mini-blogueur\/"},"img":{"alt_text":"","src":"https:\/\/i0.wp.com\/www.jojoenherbe.com\/wp-content\/uploads\/2024\/07\/Point-lecture-hebdo-2024-28.jpg?fit=1200%2C960&ssl=1&resize=350%2C200","width":350,"height":200,"srcset":"https:\/\/i0.wp.com\/www.jojoenherbe.com\/wp-content\/uploads\/2024\/07\/Point-lecture-hebdo-2024-28.jpg?fit=1200%2C960&ssl=1&resize=350%2C200 1x, https:\/\/i0.wp.com\/www.jojoenherbe.com\/wp-content\/uploads\/2024\/07\/Point-lecture-hebdo-2024-28.jpg?fit=1200%2C960&ssl=1&resize=525%2C300 1.5x, https:\/\/i0.wp.com\/www.jojoenherbe.com\/wp-content\/uploads\/2024\/07\/Point-lecture-hebdo-2024-28.jpg?fit=1200%2C960&ssl=1&resize=700%2C400 2x, https:\/\/i0.wp.com\/www.jojoenherbe.com\/wp-content\/uploads\/2024\/07\/Point-lecture-hebdo-2024-28.jpg?fit=1200%2C960&ssl=1&resize=1050%2C600 3x"},"classes":[]},{"id":36463,"url":"https:\/\/www.jojoenherbe.com\/index.php\/2024\/06\/19\/point-lecture-hebdomadaire-2024-24\/","url_meta":{"origin":25915,"position":2},"title":"Point lecture hebdomadaire 2024 #24","author":"Jojo","date":"19 juin 2024","format":false,"excerpt":"En ce (presque) d\u00e9but de semaine, voici mon point lecture hebdomadaire avec un retour sur nos lectures (mais pas nos relectures) de la semaine derni\u00e8re, avec surtout des lectures anglaises puisqu'en juin, c'est le Mois Anglais 2024. Nos lectures du 10 au 16 juin 2024: C\u00f4t\u00e9 jeunesse, nous n'avons eu\u2026","rel":"","context":"Dans &quot;Mini blogueur&quot;","block_context":{"text":"Mini blogueur","link":"https:\/\/www.jojoenherbe.com\/index.php\/category\/mini-blogueur\/"},"img":{"alt_text":"","src":"https:\/\/i0.wp.com\/www.jojoenherbe.com\/wp-content\/uploads\/2024\/06\/Point-lecture-hebdo-2024-24.jpg?fit=1200%2C960&ssl=1&resize=350%2C200","width":350,"height":200,"srcset":"https:\/\/i0.wp.com\/www.jojoenherbe.com\/wp-content\/uploads\/2024\/06\/Point-lecture-hebdo-2024-24.jpg?fit=1200%2C960&ssl=1&resize=350%2C200 1x, https:\/\/i0.wp.com\/www.jojoenherbe.com\/wp-content\/uploads\/2024\/06\/Point-lecture-hebdo-2024-24.jpg?fit=1200%2C960&ssl=1&resize=525%2C300 1.5x, https:\/\/i0.wp.com\/www.jojoenherbe.com\/wp-content\/uploads\/2024\/06\/Point-lecture-hebdo-2024-24.jpg?fit=1200%2C960&ssl=1&resize=700%2C400 2x, https:\/\/i0.wp.com\/www.jojoenherbe.com\/wp-content\/uploads\/2024\/06\/Point-lecture-hebdo-2024-24.jpg?fit=1200%2C960&ssl=1&resize=1050%2C600 3x"},"classes":[]},{"id":39835,"url":"https:\/\/www.jojoenherbe.com\/index.php\/2025\/06\/29\/point-lecture-hebdomadaire-2025-25\/","url_meta":{"origin":25915,"position":3},"title":"Point lecture hebdomadaire 2025 #25","author":"Jojo","date":"29 juin 2025","format":false,"excerpt":"En cette fin de semaine, voici mon point lecture hebdomadaire avec un retour sur nos lectures (mais pas nos relectures) de la semaine derni\u00e8re qui ont \u00e9t\u00e9 peu nombreuses, compte-tenu de nos sorties du soir (plage, f\u00eate de la musique...) ou visionnages.\u00a0 Nos lectures du 16 au 22 juin 2025:\u2026","rel":"","context":"Dans &quot;Mini blogueur&quot;","block_context":{"text":"Mini blogueur","link":"https:\/\/www.jojoenherbe.com\/index.php\/category\/mini-blogueur\/"},"img":{"alt_text":"","src":"https:\/\/i0.wp.com\/www.jojoenherbe.com\/wp-content\/uploads\/2025\/06\/Point-lecture-hebdo-2025-25.jpg?fit=1200%2C871&ssl=1&resize=350%2C200","width":350,"height":200,"srcset":"https:\/\/i0.wp.com\/www.jojoenherbe.com\/wp-content\/uploads\/2025\/06\/Point-lecture-hebdo-2025-25.jpg?fit=1200%2C871&ssl=1&resize=350%2C200 1x, https:\/\/i0.wp.com\/www.jojoenherbe.com\/wp-content\/uploads\/2025\/06\/Point-lecture-hebdo-2025-25.jpg?fit=1200%2C871&ssl=1&resize=525%2C300 1.5x, https:\/\/i0.wp.com\/www.jojoenherbe.com\/wp-content\/uploads\/2025\/06\/Point-lecture-hebdo-2025-25.jpg?fit=1200%2C871&ssl=1&resize=700%2C400 2x, https:\/\/i0.wp.com\/www.jojoenherbe.com\/wp-content\/uploads\/2025\/06\/Point-lecture-hebdo-2025-25.jpg?fit=1200%2C871&ssl=1&resize=1050%2C600 3x"},"classes":[]},{"id":31501,"url":"https:\/\/www.jojoenherbe.com\/index.php\/2023\/08\/21\/point-lecture-hebdomadaire-2023-33\/","url_meta":{"origin":25915,"position":4},"title":"Point lecture hebdomadaire 2023 #33","author":"Jojo","date":"21 ao\u00fbt 2023","format":false,"excerpt":"En ce d\u00e9but de semaine, voici notre point lecture hebdomadaire avec un retour sur nos lectures de la semaine derni\u00e8re (mais pas nos relectures). Nos lectures du 14 au 20 ao\u00fbt 2023: Des lectures jeunesse: (Roman jeunesse) Vol d\u2019\u00e9t\u00e9 de Marie-Anne Abesdris Nous avons lu Vol d\u2019\u00e9t\u00e9 de Marie-Anne Abesdris\u2026","rel":"","context":"Dans &quot;Mini blogueur&quot;","block_context":{"text":"Mini blogueur","link":"https:\/\/www.jojoenherbe.com\/index.php\/category\/mini-blogueur\/"},"img":{"alt_text":"","src":"https:\/\/i0.wp.com\/www.jojoenherbe.com\/wp-content\/uploads\/2023\/08\/Vol-dete-150x150.jpg?resize=350%2C200","width":350,"height":200},"classes":[]},{"id":42374,"url":"https:\/\/www.jojoenherbe.com\/index.php\/2026\/01\/21\/point-lecture-hebdomadaire-2026-3\/","url_meta":{"origin":25915,"position":5},"title":"Point lecture hebdomadaire 2026 #3","author":"Jojo","date":"21 janvier 2026","format":false,"excerpt":"En ce milieu de semaine, voici mon point lecture hebdomadaire avec un retour sur nos lectures (mais pas nos relectures) de la semaine derni\u00e8re qui a d\u00e9but\u00e9 avec le rangement du sapin et d\u00e9corations de No\u00ebl et qui s'est termin\u00e9 sur un week-end pluvieux dans le Var chez des amis\u2026","rel":"","context":"Dans &quot;Mini blogueur&quot;","block_context":{"text":"Mini blogueur","link":"https:\/\/www.jojoenherbe.com\/index.php\/category\/mini-blogueur\/"},"img":{"alt_text":"","src":"https:\/\/i0.wp.com\/www.jojoenherbe.com\/wp-content\/uploads\/2026\/01\/macareux-point-lecture-hebdo.jpg?fit=864%2C1012&ssl=1&resize=350%2C200","width":350,"height":200,"srcset":"https:\/\/i0.wp.com\/www.jojoenherbe.com\/wp-content\/uploads\/2026\/01\/macareux-point-lecture-hebdo.jpg?fit=864%2C1012&ssl=1&resize=350%2C200 1x, https:\/\/i0.wp.com\/www.jojoenherbe.com\/wp-content\/uploads\/2026\/01\/macareux-point-lecture-hebdo.jpg?fit=864%2C1012&ssl=1&resize=525%2C300 1.5x, https:\/\/i0.wp.com\/www.jojoenherbe.com\/wp-content\/uploads\/2026\/01\/macareux-point-lecture-hebdo.jpg?fit=864%2C1012&ssl=1&resize=700%2C400 2x"},"classes":[]}],"_links":{"self":[{"href":"https:\/\/www.jojoenherbe.com\/index.php\/wp-json\/wp\/v2\/posts\/25915","targetHints":{"allow":["GET"]}}],"collection":[{"href":"https:\/\/www.jojoenherbe.com\/index.php\/wp-json\/wp\/v2\/posts"}],"about":[{"href":"https:\/\/www.jojoenherbe.com\/index.php\/wp-json\/wp\/v2\/types\/post"}],"author":[{"embeddable":true,"href":"https:\/\/www.jojoenherbe.com\/index.php\/wp-json\/wp\/v2\/users\/1"}],"replies":[{"embeddable":true,"href":"https:\/\/www.jojoenherbe.com\/index.php\/wp-json\/wp\/v2\/comments?post=25915"}],"version-history":[{"count":17,"href":"https:\/\/www.jojoenherbe.com\/index.php\/wp-json\/wp\/v2\/posts\/25915\/revisions"}],"predecessor-version":[{"id":28201,"href":"https:\/\/www.jojoenherbe.com\/index.php\/wp-json\/wp\/v2\/posts\/25915\/revisions\/28201"}],"wp:featuredmedia":[{"embeddable":true,"href":"https:\/\/www.jojoenherbe.com\/index.php\/wp-json\/wp\/v2\/media\/26294"}],"wp:attachment":[{"href":"https:\/\/www.jojoenherbe.com\/index.php\/wp-json\/wp\/v2\/media?parent=25915"}],"wp:term":[{"taxonomy":"category","embeddable":true,"href":"https:\/\/www.jojoenherbe.com\/index.php\/wp-json\/wp\/v2\/categories?post=25915"},{"taxonomy":"post_tag","embeddable":true,"href":"https:\/\/www.jojoenherbe.com\/index.php\/wp-json\/wp\/v2\/tags?post=25915"}],"curies":[{"name":"wp","href":"https:\/\/api.w.org\/{rel}","templated":true}]}}