{"id":25714,"date":"2022-05-31T06:00:00","date_gmt":"2022-05-31T04:00:00","guid":{"rendered":"https:\/\/www.jojoenherbe.com\/?p=25714"},"modified":"2022-05-29T12:32:50","modified_gmt":"2022-05-29T10:32:50","slug":"la-nature-au-fil-du-printemps-6","status":"publish","type":"post","link":"https:\/\/www.jojoenherbe.com\/index.php\/2022\/05\/31\/la-nature-au-fil-du-printemps-6\/","title":{"rendered":"La Nature au fil du printemps #6"},"content":{"rendered":"<p style=\"text-align: justify;\"><em>Pour ce nouveau rendez-vous photo avec <a href=\"https:\/\/sylectures.wordpress.com\/\">Syl<\/a> et <a href=\"https:\/\/ribambelledhistoires.over-blog.com\/\">Isabelle<\/a> d\u2019\u00e9coute et d\u2019observation de la Nature au fil du printemps, voici quelques photos prises le 28 mai 2022 \u00e0 Entrevaux. Que de roses de toutes les couleurs dans le parc du village surplomb\u00e9 par la citadelle, en particulier sur le mur sous la cath\u00e9drale! <\/em><\/p>\n<div class=\"tiled-gallery type-rectangular tiled-gallery-unresized\" data-original-width=\"676\" data-carousel-extra='{&quot;blog_id&quot;:1,&quot;permalink&quot;:&quot;https:\\\/\\\/www.jojoenherbe.com\\\/index.php\\\/2022\\\/05\\\/31\\\/la-nature-au-fil-du-printemps-6\\\/&quot;,&quot;likes_blog_id&quot;:141396489}' itemscope itemtype=\"http:\/\/schema.org\/ImageGallery\" > <div class=\"gallery-row\" style=\"width: 676px; height: 299px;\" data-original-width=\"676\" data-original-height=\"299\" > <div class=\"gallery-group images-1\" style=\"width: 226px; height: 299px;\" data-original-width=\"226\" data-original-height=\"299\" > <div class=\"tiled-gallery-item tiled-gallery-item-small\" itemprop=\"associatedMedia\" itemscope itemtype=\"http:\/\/schema.org\/ImageObject\"> <a href=\"https:\/\/www.jojoenherbe.com\/index.php\/2022\/05\/31\/la-nature-au-fil-du-printemps-6\/entrevaux-6\/\" border=\"0\" itemprop=\"url\"> <meta itemprop=\"width\" content=\"222\"> <meta itemprop=\"height\" content=\"295\"> <img decoding=\"async\" class=\"\" data-attachment-id=\"25719\" data-orig-file=\"https:\/\/www.jojoenherbe.com\/wp-content\/uploads\/2022\/05\/Entrevaux-6-scaled.jpg\" data-orig-size=\"1920,2560\" data-comments-opened=\"1\" data-image-meta=\"{&quot;aperture&quot;:&quot;4&quot;,&quot;credit&quot;:&quot;&quot;,&quot;camera&quot;:&quot;DSC-HX400V&quot;,&quot;caption&quot;:&quot;&quot;,&quot;created_timestamp&quot;:&quot;1653744742&quot;,&quot;copyright&quot;:&quot;&quot;,&quot;focal_length&quot;:&quot;14.66&quot;,&quot;iso&quot;:&quot;80&quot;,&quot;shutter_speed&quot;:&quot;0.00125&quot;,&quot;title&quot;:&quot;&quot;,&quot;orientation&quot;:&quot;1&quot;}\" data-image-title=\"Entrevaux 6\" data-image-description=\"\" data-medium-file=\"https:\/\/i0.wp.com\/www.jojoenherbe.com\/wp-content\/uploads\/2022\/05\/Entrevaux-6-scaled.jpg?fit=225%2C300&#038;ssl=1\" data-large-file=\"https:\/\/i0.wp.com\/www.jojoenherbe.com\/wp-content\/uploads\/2022\/05\/Entrevaux-6-scaled.jpg?fit=676%2C901&#038;ssl=1\" src=\"https:\/\/i0.wp.com\/www.jojoenherbe.com\/wp-content\/uploads\/2022\/05\/Entrevaux-6-scaled.jpg?w=222&#038;h=295&#038;ssl=1\" srcset=\"https:\/\/i0.wp.com\/www.jojoenherbe.com\/wp-content\/uploads\/2022\/05\/Entrevaux-6-scaled.jpg?w=1920&amp;ssl=1 1920w, https:\/\/i0.wp.com\/www.jojoenherbe.com\/wp-content\/uploads\/2022\/05\/Entrevaux-6-scaled.jpg?resize=225%2C300&amp;ssl=1 225w, https:\/\/i0.wp.com\/www.jojoenherbe.com\/wp-content\/uploads\/2022\/05\/Entrevaux-6-scaled.jpg?resize=768%2C1024&amp;ssl=1 768w, https:\/\/i0.wp.com\/www.jojoenherbe.com\/wp-content\/uploads\/2022\/05\/Entrevaux-6-scaled.jpg?resize=1152%2C1536&amp;ssl=1 1152w, https:\/\/i0.wp.com\/www.jojoenherbe.com\/wp-content\/uploads\/2022\/05\/Entrevaux-6-scaled.jpg?resize=1536%2C2048&amp;ssl=1 1536w, https:\/\/i0.wp.com\/www.jojoenherbe.com\/wp-content\/uploads\/2022\/05\/Entrevaux-6-scaled.jpg?resize=676%2C901&amp;ssl=1 676w, https:\/\/i0.wp.com\/www.jojoenherbe.com\/wp-content\/uploads\/2022\/05\/Entrevaux-6-scaled.jpg?w=1352 1352w\" width=\"222\" height=\"295\" loading=\"lazy\" data-original-width=\"222\" data-original-height=\"295\" itemprop=\"http:\/\/schema.org\/image\" title=\"Entrevaux 6\" alt=\"Entrevaux 6\" style=\"width: 222px; height: 295px;\" \/> <\/a> <\/div> <\/div> <!-- close group --> <div class=\"gallery-group images-1\" style=\"width: 225px; height: 299px;\" data-original-width=\"225\" data-original-height=\"299\" > <div class=\"tiled-gallery-item tiled-gallery-item-small\" itemprop=\"associatedMedia\" itemscope itemtype=\"http:\/\/schema.org\/ImageObject\"> <a href=\"https:\/\/www.jojoenherbe.com\/index.php\/2022\/05\/31\/la-nature-au-fil-du-printemps-6\/entrevaux-5\/\" border=\"0\" itemprop=\"url\"> <meta itemprop=\"width\" content=\"221\"> <meta itemprop=\"height\" content=\"295\"> <img decoding=\"async\" class=\"\" data-attachment-id=\"25718\" data-orig-file=\"https:\/\/www.jojoenherbe.com\/wp-content\/uploads\/2022\/05\/Entrevaux-5-scaled.jpg\" data-orig-size=\"1920,2560\" data-comments-opened=\"1\" data-image-meta=\"{&quot;aperture&quot;:&quot;3.2&quot;,&quot;credit&quot;:&quot;&quot;,&quot;camera&quot;:&quot;DSC-HX400V&quot;,&quot;caption&quot;:&quot;&quot;,&quot;created_timestamp&quot;:&quot;1653744695&quot;,&quot;copyright&quot;:&quot;&quot;,&quot;focal_length&quot;:&quot;6.11&quot;,&quot;iso&quot;:&quot;80&quot;,&quot;shutter_speed&quot;:&quot;0.0015625&quot;,&quot;title&quot;:&quot;&quot;,&quot;orientation&quot;:&quot;1&quot;}\" data-image-title=\"Entrevaux 5\" data-image-description=\"\" data-medium-file=\"https:\/\/i0.wp.com\/www.jojoenherbe.com\/wp-content\/uploads\/2022\/05\/Entrevaux-5-scaled.jpg?fit=225%2C300&#038;ssl=1\" data-large-file=\"https:\/\/i0.wp.com\/www.jojoenherbe.com\/wp-content\/uploads\/2022\/05\/Entrevaux-5-scaled.jpg?fit=676%2C901&#038;ssl=1\" src=\"https:\/\/i0.wp.com\/www.jojoenherbe.com\/wp-content\/uploads\/2022\/05\/Entrevaux-5-scaled.jpg?w=221&#038;h=295&#038;ssl=1\" srcset=\"https:\/\/i0.wp.com\/www.jojoenherbe.com\/wp-content\/uploads\/2022\/05\/Entrevaux-5-scaled.jpg?w=1920&amp;ssl=1 1920w, https:\/\/i0.wp.com\/www.jojoenherbe.com\/wp-content\/uploads\/2022\/05\/Entrevaux-5-scaled.jpg?resize=225%2C300&amp;ssl=1 225w, https:\/\/i0.wp.com\/www.jojoenherbe.com\/wp-content\/uploads\/2022\/05\/Entrevaux-5-scaled.jpg?resize=768%2C1024&amp;ssl=1 768w, https:\/\/i0.wp.com\/www.jojoenherbe.com\/wp-content\/uploads\/2022\/05\/Entrevaux-5-scaled.jpg?resize=1152%2C1536&amp;ssl=1 1152w, https:\/\/i0.wp.com\/www.jojoenherbe.com\/wp-content\/uploads\/2022\/05\/Entrevaux-5-scaled.jpg?resize=1536%2C2048&amp;ssl=1 1536w, https:\/\/i0.wp.com\/www.jojoenherbe.com\/wp-content\/uploads\/2022\/05\/Entrevaux-5-scaled.jpg?resize=676%2C901&amp;ssl=1 676w, https:\/\/i0.wp.com\/www.jojoenherbe.com\/wp-content\/uploads\/2022\/05\/Entrevaux-5-scaled.jpg?w=1352 1352w\" width=\"221\" height=\"295\" loading=\"lazy\" data-original-width=\"221\" data-original-height=\"295\" itemprop=\"http:\/\/schema.org\/image\" title=\"Entrevaux 5\" alt=\"Entrevaux 5\" style=\"width: 221px; height: 295px;\" \/> <\/a> <\/div> <\/div> <!-- close group --> <div class=\"gallery-group images-1\" style=\"width: 225px; height: 299px;\" data-original-width=\"225\" data-original-height=\"299\" > <div class=\"tiled-gallery-item tiled-gallery-item-small\" itemprop=\"associatedMedia\" itemscope itemtype=\"http:\/\/schema.org\/ImageObject\"> <a href=\"https:\/\/www.jojoenherbe.com\/index.php\/2022\/05\/31\/la-nature-au-fil-du-printemps-6\/entrevaux-4\/\" border=\"0\" itemprop=\"url\"> <meta itemprop=\"width\" content=\"221\"> <meta itemprop=\"height\" content=\"295\"> <img decoding=\"async\" class=\"\" data-attachment-id=\"25717\" data-orig-file=\"https:\/\/www.jojoenherbe.com\/wp-content\/uploads\/2022\/05\/Entrevaux-4-scaled.jpg\" data-orig-size=\"1920,2560\" data-comments-opened=\"1\" data-image-meta=\"{&quot;aperture&quot;:&quot;3.5&quot;,&quot;credit&quot;:&quot;&quot;,&quot;camera&quot;:&quot;DSC-HX400V&quot;,&quot;caption&quot;:&quot;&quot;,&quot;created_timestamp&quot;:&quot;1653744682&quot;,&quot;copyright&quot;:&quot;&quot;,&quot;focal_length&quot;:&quot;8.83&quot;,&quot;iso&quot;:&quot;80&quot;,&quot;shutter_speed&quot;:&quot;0.000625&quot;,&quot;title&quot;:&quot;&quot;,&quot;orientation&quot;:&quot;1&quot;}\" data-image-title=\"Entrevaux 4\" data-image-description=\"\" data-medium-file=\"https:\/\/i0.wp.com\/www.jojoenherbe.com\/wp-content\/uploads\/2022\/05\/Entrevaux-4-scaled.jpg?fit=225%2C300&#038;ssl=1\" data-large-file=\"https:\/\/i0.wp.com\/www.jojoenherbe.com\/wp-content\/uploads\/2022\/05\/Entrevaux-4-scaled.jpg?fit=676%2C901&#038;ssl=1\" src=\"https:\/\/i0.wp.com\/www.jojoenherbe.com\/wp-content\/uploads\/2022\/05\/Entrevaux-4-scaled.jpg?w=221&#038;h=295&#038;ssl=1\" srcset=\"https:\/\/i0.wp.com\/www.jojoenherbe.com\/wp-content\/uploads\/2022\/05\/Entrevaux-4-scaled.jpg?w=1920&amp;ssl=1 1920w, https:\/\/i0.wp.com\/www.jojoenherbe.com\/wp-content\/uploads\/2022\/05\/Entrevaux-4-scaled.jpg?resize=225%2C300&amp;ssl=1 225w, https:\/\/i0.wp.com\/www.jojoenherbe.com\/wp-content\/uploads\/2022\/05\/Entrevaux-4-scaled.jpg?resize=768%2C1024&amp;ssl=1 768w, https:\/\/i0.wp.com\/www.jojoenherbe.com\/wp-content\/uploads\/2022\/05\/Entrevaux-4-scaled.jpg?resize=1152%2C1536&amp;ssl=1 1152w, https:\/\/i0.wp.com\/www.jojoenherbe.com\/wp-content\/uploads\/2022\/05\/Entrevaux-4-scaled.jpg?resize=1536%2C2048&amp;ssl=1 1536w, https:\/\/i0.wp.com\/www.jojoenherbe.com\/wp-content\/uploads\/2022\/05\/Entrevaux-4-scaled.jpg?resize=676%2C901&amp;ssl=1 676w, https:\/\/i0.wp.com\/www.jojoenherbe.com\/wp-content\/uploads\/2022\/05\/Entrevaux-4-scaled.jpg?w=1352 1352w\" width=\"221\" height=\"295\" loading=\"lazy\" data-original-width=\"221\" data-original-height=\"295\" itemprop=\"http:\/\/schema.org\/image\" title=\"Entrevaux 4\" alt=\"Entrevaux 4\" style=\"width: 221px; height: 295px;\" \/> <\/a> <\/div> <\/div> <!-- close group --> <\/div> <!-- close row --> <div class=\"gallery-row\" style=\"width: 676px; height: 325px;\" data-original-width=\"676\" data-original-height=\"325\" > <div class=\"gallery-group images-1\" style=\"width: 432px; height: 325px;\" data-original-width=\"432\" data-original-height=\"325\" > <div class=\"tiled-gallery-item tiled-gallery-item-large\" itemprop=\"associatedMedia\" itemscope itemtype=\"http:\/\/schema.org\/ImageObject\"> <a href=\"https:\/\/www.jojoenherbe.com\/index.php\/2022\/05\/31\/la-nature-au-fil-du-printemps-6\/entrevaux-3\/\" border=\"0\" itemprop=\"url\"> <meta itemprop=\"width\" content=\"428\"> <meta itemprop=\"height\" content=\"321\"> <img decoding=\"async\" class=\"\" data-attachment-id=\"25716\" data-orig-file=\"https:\/\/www.jojoenherbe.com\/wp-content\/uploads\/2022\/05\/Entrevaux-3-scaled.jpg\" data-orig-size=\"2560,1920\" data-comments-opened=\"1\" data-image-meta=\"{&quot;aperture&quot;:&quot;4.5&quot;,&quot;credit&quot;:&quot;&quot;,&quot;camera&quot;:&quot;DSC-HX400V&quot;,&quot;caption&quot;:&quot;&quot;,&quot;created_timestamp&quot;:&quot;1653743940&quot;,&quot;copyright&quot;:&quot;&quot;,&quot;focal_length&quot;:&quot;26.09&quot;,&quot;iso&quot;:&quot;80&quot;,&quot;shutter_speed&quot;:&quot;0.005&quot;,&quot;title&quot;:&quot;&quot;,&quot;orientation&quot;:&quot;1&quot;}\" data-image-title=\"Entrevaux 3\" data-image-description=\"\" data-medium-file=\"https:\/\/i0.wp.com\/www.jojoenherbe.com\/wp-content\/uploads\/2022\/05\/Entrevaux-3-scaled.jpg?fit=300%2C225&#038;ssl=1\" data-large-file=\"https:\/\/i0.wp.com\/www.jojoenherbe.com\/wp-content\/uploads\/2022\/05\/Entrevaux-3-scaled.jpg?fit=676%2C507&#038;ssl=1\" src=\"https:\/\/i0.wp.com\/www.jojoenherbe.com\/wp-content\/uploads\/2022\/05\/Entrevaux-3-scaled.jpg?w=428&#038;h=321&#038;ssl=1\" srcset=\"https:\/\/i0.wp.com\/www.jojoenherbe.com\/wp-content\/uploads\/2022\/05\/Entrevaux-3-scaled.jpg?w=2560&amp;ssl=1 2560w, https:\/\/i0.wp.com\/www.jojoenherbe.com\/wp-content\/uploads\/2022\/05\/Entrevaux-3-scaled.jpg?resize=300%2C225&amp;ssl=1 300w, https:\/\/i0.wp.com\/www.jojoenherbe.com\/wp-content\/uploads\/2022\/05\/Entrevaux-3-scaled.jpg?resize=1024%2C768&amp;ssl=1 1024w, https:\/\/i0.wp.com\/www.jojoenherbe.com\/wp-content\/uploads\/2022\/05\/Entrevaux-3-scaled.jpg?resize=768%2C576&amp;ssl=1 768w, https:\/\/i0.wp.com\/www.jojoenherbe.com\/wp-content\/uploads\/2022\/05\/Entrevaux-3-scaled.jpg?resize=1536%2C1152&amp;ssl=1 1536w, https:\/\/i0.wp.com\/www.jojoenherbe.com\/wp-content\/uploads\/2022\/05\/Entrevaux-3-scaled.jpg?resize=2048%2C1536&amp;ssl=1 2048w, https:\/\/i0.wp.com\/www.jojoenherbe.com\/wp-content\/uploads\/2022\/05\/Entrevaux-3-scaled.jpg?resize=676%2C507&amp;ssl=1 676w, https:\/\/i0.wp.com\/www.jojoenherbe.com\/wp-content\/uploads\/2022\/05\/Entrevaux-3-scaled.jpg?w=1352 1352w\" width=\"428\" height=\"321\" loading=\"lazy\" data-original-width=\"428\" data-original-height=\"321\" itemprop=\"http:\/\/schema.org\/image\" title=\"Entrevaux 3\" alt=\"Entrevaux 3\" style=\"width: 428px; height: 321px;\" \/> <\/a> <\/div> <\/div> <!-- close group --> <div class=\"gallery-group images-1\" style=\"width: 244px; height: 325px;\" data-original-width=\"244\" data-original-height=\"325\" > <div class=\"tiled-gallery-item tiled-gallery-item-small\" itemprop=\"associatedMedia\" itemscope itemtype=\"http:\/\/schema.org\/ImageObject\"> <a href=\"https:\/\/www.jojoenherbe.com\/index.php\/2022\/05\/31\/la-nature-au-fil-du-printemps-6\/entrevaux-2\/\" border=\"0\" itemprop=\"url\"> <meta itemprop=\"width\" content=\"240\"> <meta itemprop=\"height\" content=\"321\"> <img decoding=\"async\" class=\"\" data-attachment-id=\"25715\" data-orig-file=\"https:\/\/www.jojoenherbe.com\/wp-content\/uploads\/2022\/05\/Entrevaux-2-scaled.jpg\" data-orig-size=\"1920,2560\" data-comments-opened=\"1\" data-image-meta=\"{&quot;aperture&quot;:&quot;4&quot;,&quot;credit&quot;:&quot;&quot;,&quot;camera&quot;:&quot;DSC-HX400V&quot;,&quot;caption&quot;:&quot;&quot;,&quot;created_timestamp&quot;:&quot;1653743873&quot;,&quot;copyright&quot;:&quot;&quot;,&quot;focal_length&quot;:&quot;18.55&quot;,&quot;iso&quot;:&quot;80&quot;,&quot;shutter_speed&quot;:&quot;0.000625&quot;,&quot;title&quot;:&quot;&quot;,&quot;orientation&quot;:&quot;1&quot;}\" data-image-title=\"Entrevaux 2\" data-image-description=\"\" data-medium-file=\"https:\/\/i0.wp.com\/www.jojoenherbe.com\/wp-content\/uploads\/2022\/05\/Entrevaux-2-scaled.jpg?fit=225%2C300&#038;ssl=1\" data-large-file=\"https:\/\/i0.wp.com\/www.jojoenherbe.com\/wp-content\/uploads\/2022\/05\/Entrevaux-2-scaled.jpg?fit=676%2C901&#038;ssl=1\" src=\"https:\/\/i0.wp.com\/www.jojoenherbe.com\/wp-content\/uploads\/2022\/05\/Entrevaux-2-scaled.jpg?w=240&#038;h=321&#038;ssl=1\" srcset=\"https:\/\/i0.wp.com\/www.jojoenherbe.com\/wp-content\/uploads\/2022\/05\/Entrevaux-2-scaled.jpg?w=1920&amp;ssl=1 1920w, https:\/\/i0.wp.com\/www.jojoenherbe.com\/wp-content\/uploads\/2022\/05\/Entrevaux-2-scaled.jpg?resize=225%2C300&amp;ssl=1 225w, https:\/\/i0.wp.com\/www.jojoenherbe.com\/wp-content\/uploads\/2022\/05\/Entrevaux-2-scaled.jpg?resize=768%2C1024&amp;ssl=1 768w, https:\/\/i0.wp.com\/www.jojoenherbe.com\/wp-content\/uploads\/2022\/05\/Entrevaux-2-scaled.jpg?resize=1152%2C1536&amp;ssl=1 1152w, https:\/\/i0.wp.com\/www.jojoenherbe.com\/wp-content\/uploads\/2022\/05\/Entrevaux-2-scaled.jpg?resize=1536%2C2048&amp;ssl=1 1536w, https:\/\/i0.wp.com\/www.jojoenherbe.com\/wp-content\/uploads\/2022\/05\/Entrevaux-2-scaled.jpg?resize=676%2C901&amp;ssl=1 676w, https:\/\/i0.wp.com\/www.jojoenherbe.com\/wp-content\/uploads\/2022\/05\/Entrevaux-2-scaled.jpg?w=1352 1352w\" width=\"240\" height=\"321\" loading=\"lazy\" data-original-width=\"240\" data-original-height=\"321\" itemprop=\"http:\/\/schema.org\/image\" title=\"Entrevaux 2\" alt=\"Entrevaux 2\" style=\"width: 240px; height: 321px;\" \/> <\/a> <\/div> <\/div> <!-- close group --> <\/div> <!-- close row --> <\/div>\n<p><em>Pour d\u2019autres ambiances printani\u00e8res: chez Isabelle et chez Syl.<\/em><\/p>\n","protected":false},"excerpt":{"rendered":"<p>Pour ce nouveau rendez-vous photo avec Syl et Isabelle d\u2019\u00e9coute et d\u2019observation de la Nature au fil du printemps, voici quelques photos prises le 28 mai 2022 \u00e0 Entrevaux. Que de roses de toutes les couleurs dans le parc du village surplomb\u00e9 par la citadelle, en particulier sur le mur sous la cath\u00e9drale! Pour d\u2019autres [&hellip;]<\/p>\n","protected":false},"author":1,"featured_media":25722,"comment_status":"open","ping_status":"open","sticky":false,"template":"","format":"standard","meta":{"jetpack_post_was_ever_published":false,"_jetpack_newsletter_access":"","_jetpack_dont_email_post_to_subs":false,"_jetpack_newsletter_tier_id":0,"_jetpack_memberships_contains_paywalled_content":false,"_jetpack_memberships_contains_paid_content":false,"footnotes":""},"categories":[437,4],"tags":[51,50,462,5,207,1506,1303],"class_list":["post-25714","post","type-post","status-publish","format-standard","has-post-thumbnail","hentry","category-mini-photographe","category-mini-visiteur","tag-alpes-de-haute-provence","tag-entrevaux","tag-fleurs","tag-paca","tag-printemps","tag-region-sud","tag-rose","post-preview"],"jetpack_featured_media_url":"https:\/\/i0.wp.com\/www.jojoenherbe.com\/wp-content\/uploads\/2022\/05\/Entrevaux-scaled.jpg?fit=1829%2C2560&ssl=1","jetpack_sharing_enabled":true,"jetpack_shortlink":"https:\/\/wp.me\/p9zhGx-6GK","jetpack_likes_enabled":true,"jetpack-related-posts":[{"id":25345,"url":"https:\/\/www.jojoenherbe.com\/index.php\/2022\/05\/03\/la-nature-au-fil-du-printemps-5\/","url_meta":{"origin":25714,"position":0},"title":"La Nature au fil du printemps #5","author":"Jojo","date":"3 mai 2022","format":false,"excerpt":"Pour ce nouveau rendez-vous photo avec Syl et Isabelle d\u2019\u00e9coute et d\u2019observation de la Nature au fil du printemps, voici quelques photos prises le 1er mai \u00e0 Vaugrenier, que ce soit c\u00f4t\u00e9 parc ou \u00e9tang. Comme \u00e0 chaque printemps, les iris des marais ont fleuri comme d'autres fleurs. Nous pouvons\u2026","rel":"","context":"Dans &quot;Mini baladeur&quot;","block_context":{"text":"Mini baladeur","link":"https:\/\/www.jojoenherbe.com\/index.php\/category\/mini-crapahuteur\/mini-baladeur\/"},"img":{"alt_text":"","src":"https:\/\/i0.wp.com\/www.jojoenherbe.com\/wp-content\/uploads\/2022\/05\/Iris-des-marais-Vaugrenier-scaled.jpg?fit=900%2C1200&ssl=1&resize=350%2C200","width":350,"height":200,"srcset":"https:\/\/i0.wp.com\/www.jojoenherbe.com\/wp-content\/uploads\/2022\/05\/Iris-des-marais-Vaugrenier-scaled.jpg?fit=900%2C1200&ssl=1&resize=350%2C200 1x, https:\/\/i0.wp.com\/www.jojoenherbe.com\/wp-content\/uploads\/2022\/05\/Iris-des-marais-Vaugrenier-scaled.jpg?fit=900%2C1200&ssl=1&resize=525%2C300 1.5x, https:\/\/i0.wp.com\/www.jojoenherbe.com\/wp-content\/uploads\/2022\/05\/Iris-des-marais-Vaugrenier-scaled.jpg?fit=900%2C1200&ssl=1&resize=700%2C400 2x"},"classes":[]},{"id":25135,"url":"https:\/\/www.jojoenherbe.com\/index.php\/2022\/04\/26\/la-nature-au-fil-du-printemps-4\/","url_meta":{"origin":25714,"position":1},"title":"La Nature au fil du printemps #4","author":"Jojo","date":"26 avril 2022","format":false,"excerpt":"Pour ce nouveau rendez-vous photo avec Syl et Isabelle d\u2019\u00e9coute et d\u2019observation de la Nature au fil du printemps, voici quelques photos prises cette semaine \u00e0 Nice, sur la Promenade du Paillon. En face du lyc\u00e9e Mass\u00e9na, nous pouvons voir en fleurs les \u00e9rythrines rouges. Ce sont des arbres \u00e0\u2026","rel":"","context":"Dans &quot;mini photographe&quot;","block_context":{"text":"mini photographe","link":"https:\/\/www.jojoenherbe.com\/index.php\/category\/mini-photographe\/"},"img":{"alt_text":"","src":"https:\/\/i0.wp.com\/www.jojoenherbe.com\/wp-content\/uploads\/2022\/04\/Erythrina-scaled.jpg?fit=1200%2C848&ssl=1&resize=350%2C200","width":350,"height":200,"srcset":"https:\/\/i0.wp.com\/www.jojoenherbe.com\/wp-content\/uploads\/2022\/04\/Erythrina-scaled.jpg?fit=1200%2C848&ssl=1&resize=350%2C200 1x, https:\/\/i0.wp.com\/www.jojoenherbe.com\/wp-content\/uploads\/2022\/04\/Erythrina-scaled.jpg?fit=1200%2C848&ssl=1&resize=525%2C300 1.5x, https:\/\/i0.wp.com\/www.jojoenherbe.com\/wp-content\/uploads\/2022\/04\/Erythrina-scaled.jpg?fit=1200%2C848&ssl=1&resize=700%2C400 2x, https:\/\/i0.wp.com\/www.jojoenherbe.com\/wp-content\/uploads\/2022\/04\/Erythrina-scaled.jpg?fit=1200%2C848&ssl=1&resize=1050%2C600 3x"},"classes":[]},{"id":24793,"url":"https:\/\/www.jojoenherbe.com\/index.php\/2022\/04\/12\/la-nature-au-fil-du-printemps-2022-2\/","url_meta":{"origin":25714,"position":2},"title":"La Nature au fil du printemps 2022 #2","author":"Jojo","date":"12 avril 2022","format":false,"excerpt":"Pour ce nouveau rendez-vous photo avec Syl et Isabelle d\u2019\u00e9coute et d\u2019observation de la Nature au fil du printemps, j'ai choisi des photos prises samedi dernier au bord de mer, \u00e0 \u00c8ze. Il y avait encore du vent att\u00e9nu\u00e9 par la chaleur du soleil, au lendemain d'une alerte jaune vagues-submersion;\u2026","rel":"","context":"Dans &quot;mini photographe&quot;","block_context":{"text":"mini photographe","link":"https:\/\/www.jojoenherbe.com\/index.php\/category\/mini-photographe\/"},"img":{"alt_text":"","src":"https:\/\/i0.wp.com\/www.jojoenherbe.com\/wp-content\/uploads\/2022\/04\/bord-de-mer-Eze-scaled.jpg?fit=870%2C1200&ssl=1&resize=350%2C200","width":350,"height":200,"srcset":"https:\/\/i0.wp.com\/www.jojoenherbe.com\/wp-content\/uploads\/2022\/04\/bord-de-mer-Eze-scaled.jpg?fit=870%2C1200&ssl=1&resize=350%2C200 1x, https:\/\/i0.wp.com\/www.jojoenherbe.com\/wp-content\/uploads\/2022\/04\/bord-de-mer-Eze-scaled.jpg?fit=870%2C1200&ssl=1&resize=525%2C300 1.5x, https:\/\/i0.wp.com\/www.jojoenherbe.com\/wp-content\/uploads\/2022\/04\/bord-de-mer-Eze-scaled.jpg?fit=870%2C1200&ssl=1&resize=700%2C400 2x"},"classes":[]},{"id":36020,"url":"https:\/\/www.jojoenherbe.com\/index.php\/2024\/05\/04\/semaine-18-du-projet-52-2024-printemps\/","url_meta":{"origin":25714,"position":3},"title":"Semaine 18 du Projet 52-2024: \u00ab\u00a0Printemps\u00a0\u00bb","author":"Jojo","date":"4 mai 2024","format":false,"excerpt":"Pour la semaine 18 du Projet 52-2024 de Du c\u00f4t\u00e9 de chez Ma\u2019, le th\u00e8me est \u00ab Printemps\u00bb. J\u2019ai choisi pour illustrer ce th\u00e8me des fleurs printani\u00e8res du jardin comme le lilas et un petit curieux qui voletait de fleur en arbre avant de partir pour d'autres horizons. C'est aussi\u2026","rel":"","context":"Dans &quot;mini photographe&quot;","block_context":{"text":"mini photographe","link":"https:\/\/www.jojoenherbe.com\/index.php\/category\/mini-photographe\/"},"img":{"alt_text":"","src":"https:\/\/i0.wp.com\/www.jojoenherbe.com\/wp-content\/uploads\/2024\/05\/jardin-printemps-2024.png?fit=1080%2C1080&ssl=1&resize=350%2C200","width":350,"height":200,"srcset":"https:\/\/i0.wp.com\/www.jojoenherbe.com\/wp-content\/uploads\/2024\/05\/jardin-printemps-2024.png?fit=1080%2C1080&ssl=1&resize=350%2C200 1x, https:\/\/i0.wp.com\/www.jojoenherbe.com\/wp-content\/uploads\/2024\/05\/jardin-printemps-2024.png?fit=1080%2C1080&ssl=1&resize=525%2C300 1.5x, https:\/\/i0.wp.com\/www.jojoenherbe.com\/wp-content\/uploads\/2024\/05\/jardin-printemps-2024.png?fit=1080%2C1080&ssl=1&resize=700%2C400 2x, https:\/\/i0.wp.com\/www.jojoenherbe.com\/wp-content\/uploads\/2024\/05\/jardin-printemps-2024.png?fit=1080%2C1080&ssl=1&resize=1050%2C600 3x"},"classes":[]},{"id":25015,"url":"https:\/\/www.jojoenherbe.com\/index.php\/2022\/04\/19\/la-nature-au-fil-du-printemps-3\/","url_meta":{"origin":25714,"position":4},"title":"La Nature au fil du printemps #3","author":"Jojo","date":"19 avril 2022","format":false,"excerpt":"Pour ce nouveau rendez-vous photo avec Syl et Isabelle d\u2019\u00e9coute et d\u2019observation de la Nature au fil du printemps, voici quelques photos prises lors de nos sorties du week-end dernier aux \u00e9tangs de Villepey puis aux calanques de Saint-Aygulf. Du c\u00f4t\u00e9 des \u00e9tangs de Villepey Samedi 17 avril 2022, nous\u2026","rel":"","context":"Dans &quot;Mini baladeur&quot;","block_context":{"text":"Mini baladeur","link":"https:\/\/www.jojoenherbe.com\/index.php\/category\/mini-crapahuteur\/mini-baladeur\/"},"img":{"alt_text":"","src":"https:\/\/i0.wp.com\/www.jojoenherbe.com\/wp-content\/uploads\/2022\/04\/etangs-de-Villepey-4-scaled.jpg?fit=1200%2C900&ssl=1&resize=350%2C200","width":350,"height":200,"srcset":"https:\/\/i0.wp.com\/www.jojoenherbe.com\/wp-content\/uploads\/2022\/04\/etangs-de-Villepey-4-scaled.jpg?fit=1200%2C900&ssl=1&resize=350%2C200 1x, https:\/\/i0.wp.com\/www.jojoenherbe.com\/wp-content\/uploads\/2022\/04\/etangs-de-Villepey-4-scaled.jpg?fit=1200%2C900&ssl=1&resize=525%2C300 1.5x, https:\/\/i0.wp.com\/www.jojoenherbe.com\/wp-content\/uploads\/2022\/04\/etangs-de-Villepey-4-scaled.jpg?fit=1200%2C900&ssl=1&resize=700%2C400 2x, https:\/\/i0.wp.com\/www.jojoenherbe.com\/wp-content\/uploads\/2022\/04\/etangs-de-Villepey-4-scaled.jpg?fit=1200%2C900&ssl=1&resize=1050%2C600 3x"},"classes":[]},{"id":24603,"url":"https:\/\/www.jojoenherbe.com\/index.php\/2022\/04\/09\/semaine-14-du-projet-52-2022-printemps\/","url_meta":{"origin":25714,"position":5},"title":"Semaine 14 du Projet 52-2022: Printemps","author":"Jojo","date":"9 avril 2022","format":false,"excerpt":"Pour la semaine 14 du Projet 52-2022 de Du c\u00f4t\u00e9 de chez Ma\u2019, le th\u00e8me est \"Printemps\". Les ann\u00e9es pr\u00e9c\u00e9dentes pour un th\u00e8me similaire, j'avais opt\u00e9 pour des floraisons avec les premi\u00e8res fleurs printani\u00e8res. Mais avec l'arriv\u00e9e du printemps c'est aussi l'occasion d'observer des naissances d'animaux. J'ai donc choisi pour\u2026","rel":"","context":"Dans &quot;Mini ornitho&quot;","block_context":{"text":"Mini ornitho","link":"https:\/\/www.jojoenherbe.com\/index.php\/category\/mini-ornitho\/"},"img":{"alt_text":"","src":"https:\/\/i0.wp.com\/www.jojoenherbe.com\/wp-content\/uploads\/2022\/04\/Cane-et-canetons-2-scaled.jpg?fit=1200%2C781&ssl=1&resize=350%2C200","width":350,"height":200,"srcset":"https:\/\/i0.wp.com\/www.jojoenherbe.com\/wp-content\/uploads\/2022\/04\/Cane-et-canetons-2-scaled.jpg?fit=1200%2C781&ssl=1&resize=350%2C200 1x, https:\/\/i0.wp.com\/www.jojoenherbe.com\/wp-content\/uploads\/2022\/04\/Cane-et-canetons-2-scaled.jpg?fit=1200%2C781&ssl=1&resize=525%2C300 1.5x, https:\/\/i0.wp.com\/www.jojoenherbe.com\/wp-content\/uploads\/2022\/04\/Cane-et-canetons-2-scaled.jpg?fit=1200%2C781&ssl=1&resize=700%2C400 2x, https:\/\/i0.wp.com\/www.jojoenherbe.com\/wp-content\/uploads\/2022\/04\/Cane-et-canetons-2-scaled.jpg?fit=1200%2C781&ssl=1&resize=1050%2C600 3x"},"classes":[]}],"_links":{"self":[{"href":"https:\/\/www.jojoenherbe.com\/index.php\/wp-json\/wp\/v2\/posts\/25714","targetHints":{"allow":["GET"]}}],"collection":[{"href":"https:\/\/www.jojoenherbe.com\/index.php\/wp-json\/wp\/v2\/posts"}],"about":[{"href":"https:\/\/www.jojoenherbe.com\/index.php\/wp-json\/wp\/v2\/types\/post"}],"author":[{"embeddable":true,"href":"https:\/\/www.jojoenherbe.com\/index.php\/wp-json\/wp\/v2\/users\/1"}],"replies":[{"embeddable":true,"href":"https:\/\/www.jojoenherbe.com\/index.php\/wp-json\/wp\/v2\/comments?post=25714"}],"version-history":[{"count":4,"href":"https:\/\/www.jojoenherbe.com\/index.php\/wp-json\/wp\/v2\/posts\/25714\/revisions"}],"predecessor-version":[{"id":25725,"href":"https:\/\/www.jojoenherbe.com\/index.php\/wp-json\/wp\/v2\/posts\/25714\/revisions\/25725"}],"wp:featuredmedia":[{"embeddable":true,"href":"https:\/\/www.jojoenherbe.com\/index.php\/wp-json\/wp\/v2\/media\/25722"}],"wp:attachment":[{"href":"https:\/\/www.jojoenherbe.com\/index.php\/wp-json\/wp\/v2\/media?parent=25714"}],"wp:term":[{"taxonomy":"category","embeddable":true,"href":"https:\/\/www.jojoenherbe.com\/index.php\/wp-json\/wp\/v2\/categories?post=25714"},{"taxonomy":"post_tag","embeddable":true,"href":"https:\/\/www.jojoenherbe.com\/index.php\/wp-json\/wp\/v2\/tags?post=25714"}],"curies":[{"name":"wp","href":"https:\/\/api.w.org\/{rel}","templated":true}]}}