{"id":25627,"date":"2022-05-21T15:53:41","date_gmt":"2022-05-21T13:53:41","guid":{"rendered":"https:\/\/www.jojoenherbe.com\/?p=25627"},"modified":"2022-05-21T15:53:41","modified_gmt":"2022-05-21T13:53:41","slug":"semaine-20-du-projet-52-2022-en-toute-transparence","status":"publish","type":"post","link":"https:\/\/www.jojoenherbe.com\/index.php\/2022\/05\/21\/semaine-20-du-projet-52-2022-en-toute-transparence\/","title":{"rendered":"Semaine 20 du Projet 52-2022: En toute transparence"},"content":{"rendered":"<p style=\"text-align: justify;\"><em>Pour la semaine 20 du Projet 52-2022 de Du c\u00f4t\u00e9 de chez Ma\u2019, le th\u00e8me est \u00ab\u00a0<a href=\"https:\/\/ducotedechezma.wordpress.com\/2022\/05\/21\/projet-52-2022-semaine-20-en-toute-transparence\/\">En toute transparence<\/a>\u00ab\u00a0. J&rsquo;ai tout de suite pens\u00e9 \u00e0 une balade que nous avions faite au <a href=\"https:\/\/www.jojoenherbe.com\/index.php\/2015\/07\/20\/balade-au-col-de-la-cayolle\/\">col de la Cayolle<\/a> en juillet 2015. L&rsquo;eau d&rsquo;un des petits lacs \u00e9tait tellement transparente que nous avions pu voir des t\u00eatards.<br \/>\n<\/em><\/p>\n<p><img loading=\"lazy\" decoding=\"async\" class=\"wp-image-11409 aligncenter\" src=\"https:\/\/ducotedechezma.files.wordpress.com\/2022\/01\/52-2022_liste_themes_ducotedechezma_.png?w=817&#038;resize=349%2C302\" sizes=\"auto, (max-width: 709px) 85vw, (max-width: 909px) 67vw, (max-width: 984px) 61vw, (max-width: 1362px) 45vw, 600px\" srcset=\"https:\/\/ducotedechezma.files.wordpress.com\/2022\/01\/52-2022_liste_themes_ducotedechezma_.png?w=630 630w, https:\/\/ducotedechezma.files.wordpress.com\/2022\/01\/52-2022_liste_themes_ducotedechezma_.png?w=150 150w, https:\/\/ducotedechezma.files.wordpress.com\/2022\/01\/52-2022_liste_themes_ducotedechezma_.png?w=300 300w, https:\/\/ducotedechezma.files.wordpress.com\/2022\/01\/52-2022_liste_themes_ducotedechezma_.png?w=768 768w, https:\/\/ducotedechezma.files.wordpress.com\/2022\/01\/52-2022_liste_themes_ducotedechezma_.png 817w\" alt=\"\" width=\"349\" height=\"302\" data-attachment-id=\"11409\" data-permalink=\"https:\/\/ducotedechezma.wordpress.com\/52-2022_liste_themes_ducotedechezma_\/\" data-orig-file=\"https:\/\/ducotedechezma.files.wordpress.com\/2022\/01\/52-2022_liste_themes_ducotedechezma_.png\" data-orig-size=\"817,706\" data-comments-opened=\"1\" data-image-meta=\"{&quot;aperture&quot;:&quot;0&quot;,&quot;credit&quot;:&quot;&quot;,&quot;camera&quot;:&quot;&quot;,&quot;caption&quot;:&quot;&quot;,&quot;created_timestamp&quot;:&quot;0&quot;,&quot;copyright&quot;:&quot;&quot;,&quot;focal_length&quot;:&quot;0&quot;,&quot;iso&quot;:&quot;0&quot;,&quot;shutter_speed&quot;:&quot;0&quot;,&quot;title&quot;:&quot;&quot;,&quot;orientation&quot;:&quot;0&quot;}\" data-image-title=\"52-2022_liste_themes_ducotedechezma_\" data-image-description=\"\" data-image-caption=\"\" data-medium-file=\"https:\/\/ducotedechezma.files.wordpress.com\/2022\/01\/52-2022_liste_themes_ducotedechezma_.png?w=300\" data-large-file=\"https:\/\/ducotedechezma.files.wordpress.com\/2022\/01\/52-2022_liste_themes_ducotedechezma_.png?w=817&amp;resize=349%2C302&amp;resize=349%2C302\" data-recalc-dims=\"1\" \/><\/p>\n","protected":false},"excerpt":{"rendered":"<p>Pour la semaine 20 du Projet 52-2022 de Du c\u00f4t\u00e9 de chez Ma\u2019, le th\u00e8me est \u00ab\u00a0En toute transparence\u00ab\u00a0. J&rsquo;ai tout de suite pens\u00e9 \u00e0 une balade que nous avions faite au col de la Cayolle en juillet 2015. L&rsquo;eau d&rsquo;un des petits lacs \u00e9tait tellement transparente que nous avions pu voir des t\u00eatards.<\/p>\n","protected":false},"author":1,"featured_media":3317,"comment_status":"open","ping_status":"open","sticky":false,"template":"","format":"standard","meta":{"jetpack_post_was_ever_published":false,"_jetpack_newsletter_access":"","_jetpack_dont_email_post_to_subs":false,"_jetpack_newsletter_tier_id":0,"_jetpack_memberships_contains_paywalled_content":false,"_jetpack_memberships_contains_paid_content":false,"footnotes":""},"categories":[437],"tags":[295,242,6,5,1353,2940,1506],"class_list":["post-25627","post","type-post","status-publish","format-standard","has-post-thumbnail","hentry","category-mini-photographe","tag-col-de-la-cayolle","tag-cols","tag-mercantour","tag-paca","tag-projet-52-de-ma","tag-projet-52-2022","tag-region-sud","post-preview"],"jetpack_featured_media_url":"https:\/\/i0.wp.com\/www.jojoenherbe.com\/wp-content\/uploads\/2015\/07\/Col-de-la-Cayolle-9.jpg?fit=4000%2C3000&ssl=1","jetpack_sharing_enabled":true,"jetpack_shortlink":"https:\/\/wp.me\/p9zhGx-6Fl","jetpack_likes_enabled":true,"jetpack-related-posts":[{"id":25704,"url":"https:\/\/www.jojoenherbe.com\/index.php\/2022\/05\/29\/semaine-21-du-projet-52-2022-animal\/","url_meta":{"origin":25627,"position":0},"title":"Semaine 21 du Projet 52-2022: Animal","author":"Jojo","date":"29 mai 2022","format":false,"excerpt":"Pour la semaine 21 du Projet 52-2022 de Du c\u00f4t\u00e9 de chez Ma\u2019, le th\u00e8me est \"Animal\". Je reste au m\u00eame endroit que la semaine derni\u00e8re avec une photo de marmottes prise hier au col de la Cayolle permettant de passer des Alpes-Maritimes aux Alpes-de-Haute-Provence. Contrairement \u00e0 juillet 2015, il\u2026","rel":"","context":"Dans &quot;mini photographe&quot;","block_context":{"text":"mini photographe","link":"https:\/\/www.jojoenherbe.com\/index.php\/category\/mini-photographe\/"},"img":{"alt_text":"","src":"https:\/\/i0.wp.com\/www.jojoenherbe.com\/wp-content\/uploads\/2022\/05\/Marmotte-Col-de-la-Cayolle-2-scaled.jpg?fit=1200%2C900&ssl=1&resize=350%2C200","width":350,"height":200,"srcset":"https:\/\/i0.wp.com\/www.jojoenherbe.com\/wp-content\/uploads\/2022\/05\/Marmotte-Col-de-la-Cayolle-2-scaled.jpg?fit=1200%2C900&ssl=1&resize=350%2C200 1x, https:\/\/i0.wp.com\/www.jojoenherbe.com\/wp-content\/uploads\/2022\/05\/Marmotte-Col-de-la-Cayolle-2-scaled.jpg?fit=1200%2C900&ssl=1&resize=525%2C300 1.5x, https:\/\/i0.wp.com\/www.jojoenherbe.com\/wp-content\/uploads\/2022\/05\/Marmotte-Col-de-la-Cayolle-2-scaled.jpg?fit=1200%2C900&ssl=1&resize=700%2C400 2x, https:\/\/i0.wp.com\/www.jojoenherbe.com\/wp-content\/uploads\/2022\/05\/Marmotte-Col-de-la-Cayolle-2-scaled.jpg?fit=1200%2C900&ssl=1&resize=1050%2C600 3x"},"classes":[]},{"id":10596,"url":"https:\/\/www.jojoenherbe.com\/index.php\/2020\/03\/28\/semaine-13-du-projet-52-2020-piquant\/","url_meta":{"origin":25627,"position":1},"title":"Semaine 13 du Projet 52-2020: Piquant","author":"Jojo","date":"28 mars 2020","format":false,"excerpt":"Pour la semaine 13 du Projet 52-2020 de Du c\u00f4t\u00e9 de chez Ma', le th\u00e8me est \"Piquant\". Cela me fait penser tout de suite aux h\u00e9rissons. Alors voici un h\u00e9risson en p\u00e2te \u00e0 modeler que nous avions r\u00e9alis\u00e9 d\u00e9but f\u00e9vrier 2020 avec des cure-dents, yeux mobiles, glands et leurs cupules\u2026","rel":"","context":"Dans &quot;Mini joueur&quot;","block_context":{"text":"Mini joueur","link":"https:\/\/www.jojoenherbe.com\/index.php\/category\/mini-decouvreur\/mini-joueur\/"},"img":{"alt_text":"","src":"https:\/\/i0.wp.com\/www.jojoenherbe.com\/wp-content\/uploads\/2020\/03\/H%C3%A9risson-p%C3%A2te-%C3%A0-modeler-2-scaled.jpg?fit=1200%2C852&ssl=1&resize=350%2C200","width":350,"height":200,"srcset":"https:\/\/i0.wp.com\/www.jojoenherbe.com\/wp-content\/uploads\/2020\/03\/H%C3%A9risson-p%C3%A2te-%C3%A0-modeler-2-scaled.jpg?fit=1200%2C852&ssl=1&resize=350%2C200 1x, https:\/\/i0.wp.com\/www.jojoenherbe.com\/wp-content\/uploads\/2020\/03\/H%C3%A9risson-p%C3%A2te-%C3%A0-modeler-2-scaled.jpg?fit=1200%2C852&ssl=1&resize=525%2C300 1.5x, https:\/\/i0.wp.com\/www.jojoenherbe.com\/wp-content\/uploads\/2020\/03\/H%C3%A9risson-p%C3%A2te-%C3%A0-modeler-2-scaled.jpg?fit=1200%2C852&ssl=1&resize=700%2C400 2x, https:\/\/i0.wp.com\/www.jojoenherbe.com\/wp-content\/uploads\/2020\/03\/H%C3%A9risson-p%C3%A2te-%C3%A0-modeler-2-scaled.jpg?fit=1200%2C852&ssl=1&resize=1050%2C600 3x"},"classes":[]},{"id":23229,"url":"https:\/\/www.jojoenherbe.com\/index.php\/2022\/02\/05\/semaine-5-du-projet-52-2022-a-la-bougie\/","url_meta":{"origin":25627,"position":2},"title":"Semaine 5 du Projet 52-2022: A la bougie","author":"Jojo","date":"5 f\u00e9vrier 2022","format":false,"excerpt":"Pour la semaine 5 du Projet 52-2022 de Du c\u00f4t\u00e9 de chez Ma\u2019, le th\u00e8me est \"\u00c0 la bougie\". Cela m'a tout de suite fait penser aux soir\u00e9es \u00e0 la lueur des bougies organis\u00e9es chaque ann\u00e9e, tous les mardis de juillet et ao\u00fbt, par les commer\u00e7ants et restaurateurs de Talmont-sur-Gironde,\u2026","rel":"","context":"Dans &quot;mini photographe&quot;","block_context":{"text":"mini photographe","link":"https:\/\/www.jojoenherbe.com\/index.php\/category\/mini-photographe\/"},"img":{"alt_text":"","src":"https:\/\/i0.wp.com\/www.jojoenherbe.com\/wp-content\/uploads\/2022\/02\/Talmont-sur-Gironde-soiree-bougies-scaled.jpg?fit=1200%2C900&ssl=1&resize=350%2C200","width":350,"height":200,"srcset":"https:\/\/i0.wp.com\/www.jojoenherbe.com\/wp-content\/uploads\/2022\/02\/Talmont-sur-Gironde-soiree-bougies-scaled.jpg?fit=1200%2C900&ssl=1&resize=350%2C200 1x, https:\/\/i0.wp.com\/www.jojoenherbe.com\/wp-content\/uploads\/2022\/02\/Talmont-sur-Gironde-soiree-bougies-scaled.jpg?fit=1200%2C900&ssl=1&resize=525%2C300 1.5x, https:\/\/i0.wp.com\/www.jojoenherbe.com\/wp-content\/uploads\/2022\/02\/Talmont-sur-Gironde-soiree-bougies-scaled.jpg?fit=1200%2C900&ssl=1&resize=700%2C400 2x, https:\/\/i0.wp.com\/www.jojoenherbe.com\/wp-content\/uploads\/2022\/02\/Talmont-sur-Gironde-soiree-bougies-scaled.jpg?fit=1200%2C900&ssl=1&resize=1050%2C600 3x"},"classes":[]},{"id":10451,"url":"https:\/\/www.jojoenherbe.com\/index.php\/2020\/03\/14\/semaine-11-du-projet-52-2020-en-surface\/","url_meta":{"origin":25627,"position":3},"title":"Semaine 11 du Projet 52-2020: En surface","author":"Jojo","date":"14 mars 2020","format":false,"excerpt":"Pour la semaine 11 du Projet 52-2020 de Du c\u00f4t\u00e9 de chez Ma', le th\u00e8me est \"En surface\", ce qui me fait penser \u00e0 notre derni\u00e8re balade au Bor\u00e9on de samedi dernier. J'aurai \u00e9galement pu choisir une photo plus ancienne du lac gel\u00e9 de Thorenc. Nous avions pu observer sur\u2026","rel":"","context":"Dans &quot;mini photographe&quot;","block_context":{"text":"mini photographe","link":"https:\/\/www.jojoenherbe.com\/index.php\/category\/mini-photographe\/"},"img":{"alt_text":"","src":"https:\/\/i0.wp.com\/www.jojoenherbe.com\/wp-content\/uploads\/2020\/03\/Lac-du-Bor%C3%A9on-1-scaled.jpg?fit=1200%2C900&ssl=1&resize=350%2C200","width":350,"height":200,"srcset":"https:\/\/i0.wp.com\/www.jojoenherbe.com\/wp-content\/uploads\/2020\/03\/Lac-du-Bor%C3%A9on-1-scaled.jpg?fit=1200%2C900&ssl=1&resize=350%2C200 1x, https:\/\/i0.wp.com\/www.jojoenherbe.com\/wp-content\/uploads\/2020\/03\/Lac-du-Bor%C3%A9on-1-scaled.jpg?fit=1200%2C900&ssl=1&resize=525%2C300 1.5x, https:\/\/i0.wp.com\/www.jojoenherbe.com\/wp-content\/uploads\/2020\/03\/Lac-du-Bor%C3%A9on-1-scaled.jpg?fit=1200%2C900&ssl=1&resize=700%2C400 2x, https:\/\/i0.wp.com\/www.jojoenherbe.com\/wp-content\/uploads\/2020\/03\/Lac-du-Bor%C3%A9on-1-scaled.jpg?fit=1200%2C900&ssl=1&resize=1050%2C600 3x"},"classes":[]},{"id":27512,"url":"https:\/\/www.jojoenherbe.com\/index.php\/2022\/09\/10\/semaine-36-du-projet-52-2022-chacun-fait-ce-quil-lui-plait\/","url_meta":{"origin":25627,"position":4},"title":"Semaine 36 du Projet 52-2022: Chacun fait ce qu&rsquo;il lui pla\u00eet","author":"Jojo","date":"10 septembre 2022","format":false,"excerpt":"Pour la semaine 36 du Projet 52-2022 de Du c\u00f4t\u00e9 de chez Ma\u2019, le th\u00e8me est \"Chacun fait ce qu'il lui pla\u00eet\". En cette fin d'\u00e9t\u00e9 et une rentr\u00e9e bien remplie, le th\u00e8me propos\u00e9 par Ma' donne envie d'\u00e9vasion et de farniente, m\u00eame si nous sommes en septembre et non\u2026","rel":"","context":"Dans &quot;mini photographe&quot;","block_context":{"text":"mini photographe","link":"https:\/\/www.jojoenherbe.com\/index.php\/category\/mini-photographe\/"},"img":{"alt_text":"","src":"https:\/\/i0.wp.com\/www.jojoenherbe.com\/wp-content\/uploads\/2022\/09\/Plage-Robinson-Mandelieu-La-Napoule-scaled.jpg?fit=1200%2C900&ssl=1&resize=350%2C200","width":350,"height":200,"srcset":"https:\/\/i0.wp.com\/www.jojoenherbe.com\/wp-content\/uploads\/2022\/09\/Plage-Robinson-Mandelieu-La-Napoule-scaled.jpg?fit=1200%2C900&ssl=1&resize=350%2C200 1x, https:\/\/i0.wp.com\/www.jojoenherbe.com\/wp-content\/uploads\/2022\/09\/Plage-Robinson-Mandelieu-La-Napoule-scaled.jpg?fit=1200%2C900&ssl=1&resize=525%2C300 1.5x, https:\/\/i0.wp.com\/www.jojoenherbe.com\/wp-content\/uploads\/2022\/09\/Plage-Robinson-Mandelieu-La-Napoule-scaled.jpg?fit=1200%2C900&ssl=1&resize=700%2C400 2x, https:\/\/i0.wp.com\/www.jojoenherbe.com\/wp-content\/uploads\/2022\/09\/Plage-Robinson-Mandelieu-La-Napoule-scaled.jpg?fit=1200%2C900&ssl=1&resize=1050%2C600 3x"},"classes":[]},{"id":11286,"url":"https:\/\/www.jojoenherbe.com\/index.php\/2020\/06\/21\/semaine-25-du-projet-52-2020-marches\/","url_meta":{"origin":25627,"position":5},"title":"Semaine 25 du Projet 52-2020: Marche(s)","author":"Jojo","date":"21 juin 2020","format":false,"excerpt":"Pour la semaine 25 du Projet 52-2020 de Du c\u00f4t\u00e9 de chez Ma', le th\u00e8me est \"Marche(s)\". Au cours de notre balade d'hier au Fort de la Rev\u00e8re, nous avions un beau point de vue sur le Troph\u00e9e d'Auguste et La Turbie. Nous l'avions d\u00e9j\u00e0 visit\u00e9, ce qui m'a donn\u00e9\u2026","rel":"","context":"Dans &quot;mini photographe&quot;","block_context":{"text":"mini photographe","link":"https:\/\/www.jojoenherbe.com\/index.php\/category\/mini-photographe\/"},"img":{"alt_text":"","src":"https:\/\/i0.wp.com\/www.jojoenherbe.com\/wp-content\/uploads\/2020\/06\/Troph%C3%A9e-dAuguste-La-Turbie-scaled.jpg?fit=900%2C1200&ssl=1&resize=350%2C200","width":350,"height":200,"srcset":"https:\/\/i0.wp.com\/www.jojoenherbe.com\/wp-content\/uploads\/2020\/06\/Troph%C3%A9e-dAuguste-La-Turbie-scaled.jpg?fit=900%2C1200&ssl=1&resize=350%2C200 1x, https:\/\/i0.wp.com\/www.jojoenherbe.com\/wp-content\/uploads\/2020\/06\/Troph%C3%A9e-dAuguste-La-Turbie-scaled.jpg?fit=900%2C1200&ssl=1&resize=525%2C300 1.5x, https:\/\/i0.wp.com\/www.jojoenherbe.com\/wp-content\/uploads\/2020\/06\/Troph%C3%A9e-dAuguste-La-Turbie-scaled.jpg?fit=900%2C1200&ssl=1&resize=700%2C400 2x"},"classes":[]}],"_links":{"self":[{"href":"https:\/\/www.jojoenherbe.com\/index.php\/wp-json\/wp\/v2\/posts\/25627","targetHints":{"allow":["GET"]}}],"collection":[{"href":"https:\/\/www.jojoenherbe.com\/index.php\/wp-json\/wp\/v2\/posts"}],"about":[{"href":"https:\/\/www.jojoenherbe.com\/index.php\/wp-json\/wp\/v2\/types\/post"}],"author":[{"embeddable":true,"href":"https:\/\/www.jojoenherbe.com\/index.php\/wp-json\/wp\/v2\/users\/1"}],"replies":[{"embeddable":true,"href":"https:\/\/www.jojoenherbe.com\/index.php\/wp-json\/wp\/v2\/comments?post=25627"}],"version-history":[{"count":1,"href":"https:\/\/www.jojoenherbe.com\/index.php\/wp-json\/wp\/v2\/posts\/25627\/revisions"}],"predecessor-version":[{"id":25628,"href":"https:\/\/www.jojoenherbe.com\/index.php\/wp-json\/wp\/v2\/posts\/25627\/revisions\/25628"}],"wp:featuredmedia":[{"embeddable":true,"href":"https:\/\/www.jojoenherbe.com\/index.php\/wp-json\/wp\/v2\/media\/3317"}],"wp:attachment":[{"href":"https:\/\/www.jojoenherbe.com\/index.php\/wp-json\/wp\/v2\/media?parent=25627"}],"wp:term":[{"taxonomy":"category","embeddable":true,"href":"https:\/\/www.jojoenherbe.com\/index.php\/wp-json\/wp\/v2\/categories?post=25627"},{"taxonomy":"post_tag","embeddable":true,"href":"https:\/\/www.jojoenherbe.com\/index.php\/wp-json\/wp\/v2\/tags?post=25627"}],"curies":[{"name":"wp","href":"https:\/\/api.w.org\/{rel}","templated":true}]}}