{"id":25335,"date":"2022-05-19T18:11:45","date_gmt":"2022-05-19T16:11:45","guid":{"rendered":"https:\/\/www.jojoenherbe.com\/?p=25335"},"modified":"2022-07-08T10:34:46","modified_gmt":"2022-07-08T08:34:46","slug":"au-fil-des-pages-avec-la-marche-de-mina","status":"publish","type":"post","link":"https:\/\/www.jojoenherbe.com\/index.php\/2022\/05\/19\/au-fil-des-pages-avec-la-marche-de-mina\/","title":{"rendered":"Au fil des pages avec La Marche de Mina"},"content":{"rendered":"<p style=\"text-align: justify;\"><em><img loading=\"lazy\" decoding=\"async\" class=\"alignleft\" src=\"https:\/\/lelivroblog.files.wordpress.com\/2022\/04\/logo-yoko-1.jpeg?resize=144%2C144\" srcset=\"https:\/\/lelivroblog.files.wordpress.com\/2022\/04\/logo-yoko-1.jpeg?resize=144%2C144?strip=info&amp;w=600 600w,https:\/\/lelivroblog.files.wordpress.com\/2022\/04\/logo-yoko-1.jpeg?resize=144%2C144?strip=info&amp;w=900 900w,https:\/\/lelivroblog.files.wordpress.com\/2022\/04\/logo-yoko-1.jpeg?resize=144%2C144?strip=info&amp;w=1080 1080w\" alt=\"\" width=\"144\" height=\"144\" data-attachment-id=\"5646\" data-permalink=\"https:\/\/lelivroblog.wordpress.com\/logo-yoko-1\/\" data-orig-file=\"https:\/\/lelivroblog.files.wordpress.com\/2022\/04\/logo-yoko-1.jpeg?resize=144%2C144\" data-orig-size=\"1080,1080\" data-comments-opened=\"1\" data-image-meta=\"{&quot;aperture&quot;:&quot;0&quot;,&quot;credit&quot;:&quot;&quot;,&quot;camera&quot;:&quot;&quot;,&quot;caption&quot;:&quot;&quot;,&quot;created_timestamp&quot;:&quot;0&quot;,&quot;copyright&quot;:&quot;&quot;,&quot;focal_length&quot;:&quot;0&quot;,&quot;iso&quot;:&quot;0&quot;,&quot;shutter_speed&quot;:&quot;0&quot;,&quot;title&quot;:&quot;&quot;,&quot;orientation&quot;:&quot;0&quot;}\" data-image-title=\"logo-yoko-1\" data-image-description=\"\" data-image-caption=\"\" data-medium-file=\"https:\/\/lelivroblog.files.wordpress.com\/2022\/04\/logo-yoko-1.jpeg?resize=144%2C144?w=300\" data-large-file=\"https:\/\/lelivroblog.files.wordpress.com\/2022\/04\/logo-yoko-1.jpeg?resize=144%2C144?w=736\" data-height=\"1080\" data-id=\"5646\" data-link=\"https:\/\/lelivroblog.wordpress.com\/logo-yoko-1\/\" data-url=\"https:\/\/lelivroblog.files.wordpress.com\/2022\/04\/logo-yoko-1.jpeg?resize=144%2C144?w=1024\" data-width=\"1080\" data-amp-layout=\"responsive\" data-recalc-dims=\"1\" \/>Avec retard pour la LC du 15 avril 2022, j&rsquo;ai lu <span style=\"text-decoration: underline;\">La Marche de Mina<\/span> d\u2019Yoko Ogawa (\u00e9d. Actes Sud, 2008, 318 pages), un roman initiatique dans lequel Tomoko, d\u00e9sormais adulte se souvient lorsqu&rsquo;elle a v\u00e9cu, pendant un an (entre 1972 et 1973), dans la maison d&rsquo;Ashiya chez son oncle et sa tante, apr\u00e8s le d\u00e9c\u00e8s de son p\u00e8re, sa m\u00e8re ne pouvant s&rsquo;occuper d&rsquo;elle compte-tenu d&rsquo;une formation professionnelle qu&rsquo;elle suit, lorsqu&rsquo;elle \u00e9tait \u00e2g\u00e9e de 12 ans. Elle s&rsquo;\u00e9tait alors fortement li\u00e9e d&rsquo;amiti\u00e9 avec sa cousine, Mina, d&rsquo;un an plus jeune qu&rsquo;elle.<br \/>\n<\/em><\/p>\n<p style=\"text-align: justify;\"><em>Le rythme lent va bien avec l&rsquo;histoire pleine d&rsquo;anecdotes et de souvenirs d&rsquo;enfance de Tomoko \u00e0 un \u00e2ge charni\u00e8re, celui du passage de l&rsquo;enfance \u00e0 l&rsquo;adolescence et qui se m\u00e9lange avec des faits historiques marquants de l&rsquo;ann\u00e9e 1972 comme le d\u00e9c\u00e8s d&rsquo;un c\u00e9l\u00e8bre \u00e9crivain japonais, Yasunari Kawabata ou les JO de Munich (prise d&rsquo;otages d&rsquo;athl\u00e8tes isra\u00e9liens et m\u00e9daille d&rsquo;or pour les Japonais en volley-ball masculin) et qui am\u00e8ne la jeune fille d&rsquo;alors \u00e0 se questionner sur l&rsquo;\u00e9tranger, la question des origines ou bien encore ses premiers \u00e9mois amoureux. <\/em><\/p>\n<p style=\"text-align: justify;\"><em>Un bon moment de lecture teint\u00e9 de nostalgie et de doux sentiments aupr\u00e8s des habitants de la maison d&rsquo;Ashiya avec chacun leur personnalit\u00e9 excentrique (son oncle tr\u00e8s souvent absent et qui semble avoir une double vie mais chaleureux quand il est l\u00e0, sa tante qui fume trop et qui boit en cachette du whisky, la grand-m\u00e8re Rosa, allemande et coquette, Madame Yodena qui s&rsquo;occupe de tout dans la maisonn\u00e9e, Pochiko l&rsquo;hippopotame nain ou bien encore sa cousine Mina, asthmatique et pr\u00e9coce, d\u00e9vorant les livres et collectionnant les bo\u00eetes d&rsquo;allumettes illustr\u00e9es sur lesquelles elle invente des histoires (parfois \u00e9tranges et bien surprenantes pour une jeune fille de son \u00e2ge) comme celle de l&rsquo;\u00e9l\u00e9phant sur une bascule, celle des deux hippocampes tentant de rejoindre la lune bleue ou bien encore celle de l&rsquo;ange avec son n\u00e9cessaire de couture en train de recoudre ses ailes&#8230;)!<\/em><\/p>\n<p style=\"text-align: justify;\"><em>Sans oublier de nombreux passages gourmands pour le challenge Des livres (et des \u00e9crans) en cuisine: le d\u00eener \u00e0 l&rsquo;occidental pr\u00e9par\u00e9 par le personnel de l&rsquo;h\u00f4tel des monts Rokko: \u00ab\u00a0agneau mijot\u00e9 au vin rouge garni de truffes\u00a0\u00bb et en dessert \u00ab\u00a0un bavarois \u00e0 la fraise des bois\u00a0\u00bb (p.101) ou des plats typiquement japonais comme la cuisine de Madame Yoneda (p.134) comme par exemple un pique-nique avec \u00ab\u00a0des boulettes de riz et de th\u00e9 d&rsquo;orge grill\u00e9 glac\u00e9 (&#8230;) Toutes les boulettes dont le panier \u00e9tait plein, fourr\u00e9es au saumon, aux prunes confites et aux flocons de poisson s\u00e9ch\u00e9s\u00a0\u00bb (p.187\/188)&#8230; Toutefois, je ne tenterai pas de boire, ne serait-ce qu&rsquo;une goutte, de Fressy, \u00ab\u00a0une boisson rafra\u00eechissante au radium\u00a0\u00bb (p.17\/18) commercialis\u00e9e par la soci\u00e9t\u00e9 familiale de boissons de l&rsquo;oncle de Tomoko.<br \/>\n<\/em><\/p>\n<p style=\"text-align: justify;\"><em>Pour d\u2019autres avis avec cette LC autour d\u2019un livre d\u2019Yoko Ogawa: <a href=\"https:\/\/lelivroblog.wordpress.com\/2022\/04\/15\/yoko-ogawa-petite-boites\/\">Hilde<\/a> et <a href=\"https:\/\/chatperlipopette.blogspot.com\/2022\/04\/petites-boites.html\">Katell<\/a> avec <span style=\"text-decoration: underline;\">Petites Bo\u00eetes<\/span>, <a href=\"http:\/\/rachel17.canalblog.com\/archives\/2022\/04\/19\/39378167.html\">Rachel<\/a> avec <span style=\"text-decoration: underline;\">Le mus\u00e9e du silence<\/span>.<br \/>\n<\/em><\/p>\n<div style=\"width: 131px\" class=\"wp-caption alignleft\"><img loading=\"lazy\" decoding=\"async\" class=\"attachment-post-image  wp-post-image\" src=\"https:\/\/i0.wp.com\/www.jojoenherbe.com\/wp-content\/uploads\/2022\/04\/Un-mois-au-Japon-2022-2.jpg?fit=676%2C676&amp;ssl=1\" sizes=\"auto, (max-width: 676px) 100vw, 676px\" srcset=\"https:\/\/i0.wp.com\/www.jojoenherbe.com\/wp-content\/uploads\/2022\/04\/Un-mois-au-Japon-2022-2.jpg?w=960&amp;ssl=1 960w, https:\/\/i0.wp.com\/www.jojoenherbe.com\/wp-content\/uploads\/2022\/04\/Un-mois-au-Japon-2022-2.jpg?resize=300%2C300&amp;ssl=1 300w, https:\/\/i0.wp.com\/www.jojoenherbe.com\/wp-content\/uploads\/2022\/04\/Un-mois-au-Japon-2022-2.jpg?resize=150%2C150&amp;ssl=1 150w, https:\/\/i0.wp.com\/www.jojoenherbe.com\/wp-content\/uploads\/2022\/04\/Un-mois-au-Japon-2022-2.jpg?resize=768%2C768&amp;ssl=1 768w, https:\/\/i0.wp.com\/www.jojoenherbe.com\/wp-content\/uploads\/2022\/04\/Un-mois-au-Japon-2022-2.jpg?resize=676%2C676&amp;ssl=1 676w\" alt=\"\" width=\"121\" height=\"121\" data-attachment-id=\"24425\" data-permalink=\"https:\/\/www.jojoenherbe.com\/index.php\/page-d-exemple\/un-mois-au-japon-2022-2\/\" data-orig-file=\"https:\/\/i0.wp.com\/www.jojoenherbe.com\/wp-content\/uploads\/2022\/04\/Un-mois-au-Japon-2022-2.jpg?fit=960%2C960&amp;ssl=1\" data-orig-size=\"960,960\" data-comments-opened=\"1\" data-image-meta=\"{&quot;aperture&quot;:&quot;0&quot;,&quot;credit&quot;:&quot;&quot;,&quot;camera&quot;:&quot;&quot;,&quot;caption&quot;:&quot;&quot;,&quot;created_timestamp&quot;:&quot;1648290636&quot;,&quot;copyright&quot;:&quot;&quot;,&quot;focal_length&quot;:&quot;0&quot;,&quot;iso&quot;:&quot;0&quot;,&quot;shutter_speed&quot;:&quot;0&quot;,&quot;title&quot;:&quot;&quot;,&quot;orientation&quot;:&quot;1&quot;}\" data-image-title=\"Un mois au Japon 2022 (2)\" data-image-description=\"\" data-image-caption=\"\" data-medium-file=\"https:\/\/i0.wp.com\/www.jojoenherbe.com\/wp-content\/uploads\/2022\/04\/Un-mois-au-Japon-2022-2.jpg?fit=300%2C300&amp;ssl=1\" data-large-file=\"https:\/\/i0.wp.com\/www.jojoenherbe.com\/wp-content\/uploads\/2022\/04\/Un-mois-au-Japon-2022-2.jpg?fit=676%2C676&amp;ssl=1\" \/><p class=\"wp-caption-text\">Participation #8 Un Mois au Japon 2022 de <a href=\"https:\/\/lelivroblog.wordpress.com\/2022\/04\/02\/un-mois-au-japon-2022-cinquieme-edition\/\">Hilde<\/a> et <a href=\"http:\/\/www.myloubook.com\/2022\/04\/02\/28528\/\">Lou<\/a> #LC autour d\u2019Yoko Ogawa<\/p><\/div>\n<div style=\"width: 134px\" class=\"wp-caption alignleft\"><img loading=\"lazy\" decoding=\"async\" src=\"https:\/\/i0.wp.com\/mapetitemediatheque.fr\/wp-content\/uploads\/2021\/12\/des-livres-en-cusine.png?resize=182%2C131&amp;ssl=1\" alt=\"\" width=\"124\" height=\"89\" \/><p class=\"wp-caption-text\">Participation #21 Challenge Des livres (et des \u00e9crans) en cuisine 2022 de <a href=\"https:\/\/mapetitemediatheque.fr\/2021\/12\/des-livres-et-des-ecrans-en-cuisine-2022\/\">Bidib<\/a> et <a href=\"http:\/\/croquerlespages.canalblog.com\/archives\/2021\/12\/21\/39242322.html\">Fondant<\/a> #Cuisine japonaise<\/p><\/div>\n<div style=\"width: 123px\" class=\"wp-caption alignleft\"><img loading=\"lazy\" decoding=\"async\" src=\"https:\/\/i2.wp.com\/mapetitemediatheque.fr\/wp-content\/uploads\/2021\/11\/Inkedle-tour-du-monde-en-80-livres-2_LI.jpg?resize=168%2C127&amp;ssl=1\" alt=\"\" width=\"113\" height=\"86\" \/><p class=\"wp-caption-text\">Participation #39 Challenge Le tour du monde en 80 livres de <a href=\"https:\/\/mapetitemediatheque.fr\/2021\/12\/le-tour-du-monde-en-80-livres-le-challenge-qui-vous-fait-aimer-la-litterature-etrangere\/\">Bidib<\/a> #Japon<\/p><\/div>\n","protected":false},"excerpt":{"rendered":"<p>Avec retard pour la LC du 15 avril 2022, j&rsquo;ai lu La Marche de Mina d\u2019Yoko Ogawa (\u00e9d. Actes Sud, 2008, 318 pages), un roman initiatique dans lequel Tomoko, d\u00e9sormais adulte se souvient lorsqu&rsquo;elle a v\u00e9cu, pendant un an (entre 1972 et 1973), dans la maison d&rsquo;Ashiya chez son oncle et sa tante, apr\u00e8s le [&hellip;]<\/p>\n","protected":false},"author":1,"featured_media":24709,"comment_status":"open","ping_status":"open","sticky":false,"template":"","format":"standard","meta":{"jetpack_post_was_ever_published":false,"_jetpack_newsletter_access":"","_jetpack_dont_email_post_to_subs":false,"_jetpack_newsletter_tier_id":0,"_jetpack_memberships_contains_paywalled_content":false,"_jetpack_memberships_contains_paid_content":false,"footnotes":""},"categories":[363],"tags":[1347,386,3157,3159,2917,868,459,2325,2918,1085,1627,782,1177,905,1075,3040,3158],"class_list":["post-25335","post","type-post","status-publish","format-standard","has-post-thumbnail","hentry","category-mini-lecteur","tag-18-ans-et-plus","tag-amitie","tag-annees-70","tag-asthme","tag-des-livres-et-des-ecrans-en-cuisine-2022","tag-enfance","tag-famille","tag-japon","tag-le-tour-du-monde-en-80-livres-2022","tag-lecture-adulte","tag-litterature-japonaise","tag-maladie","tag-roman-initiatique","tag-romans-adulte","tag-souvenirs","tag-un-mois-au-japon-2022","tag-yoko-ogawa","post-preview"],"jetpack_featured_media_url":"https:\/\/i0.wp.com\/www.jojoenherbe.com\/wp-content\/uploads\/2022\/04\/La-Marche-de-Mina-scaled.jpg?fit=2560%2C2012&ssl=1","jetpack_sharing_enabled":true,"jetpack_shortlink":"https:\/\/wp.me\/p9zhGx-6AD","jetpack_likes_enabled":true,"jetpack-related-posts":[{"id":35616,"url":"https:\/\/www.jojoenherbe.com\/index.php\/2024\/04\/11\/au-fil-des-pages-avec-nipponia-nippon\/","url_meta":{"origin":25335,"position":0},"title":"Au fil des pages avec Nipponia Nippon","author":"Jojo","date":"11 avril 2024","format":false,"excerpt":"Dimanche dernier, pendant le RAT du Mois au Japon 2024, j'ai lu Nipponia Nippon d'Abe Kazushige (\u00e9d. Philippe Picquier, mai 2016, 143 pages), un court roman qui suit Haruo T\u00f4ya, un adolescent de 17 ans qui a un projet li\u00e9 \u00e0 l'ibis japonais, oiseau en voie d'extinction et symbole de\u2026","rel":"","context":"Dans &quot;Mini lecteur&quot;","block_context":{"text":"Mini lecteur","link":"https:\/\/www.jojoenherbe.com\/index.php\/category\/mini-lecteur\/"},"img":{"alt_text":"","src":"https:\/\/i0.wp.com\/www.jojoenherbe.com\/wp-content\/uploads\/2024\/04\/Nipponia-Nippon-scaled.jpg?fit=1200%2C904&ssl=1&resize=350%2C200","width":350,"height":200,"srcset":"https:\/\/i0.wp.com\/www.jojoenherbe.com\/wp-content\/uploads\/2024\/04\/Nipponia-Nippon-scaled.jpg?fit=1200%2C904&ssl=1&resize=350%2C200 1x, https:\/\/i0.wp.com\/www.jojoenherbe.com\/wp-content\/uploads\/2024\/04\/Nipponia-Nippon-scaled.jpg?fit=1200%2C904&ssl=1&resize=525%2C300 1.5x, https:\/\/i0.wp.com\/www.jojoenherbe.com\/wp-content\/uploads\/2024\/04\/Nipponia-Nippon-scaled.jpg?fit=1200%2C904&ssl=1&resize=700%2C400 2x, https:\/\/i0.wp.com\/www.jojoenherbe.com\/wp-content\/uploads\/2024\/04\/Nipponia-Nippon-scaled.jpg?fit=1200%2C904&ssl=1&resize=1050%2C600 3x"},"classes":[]},{"id":25122,"url":"https:\/\/www.jojoenherbe.com\/index.php\/2024\/04\/26\/au-fil-des-pages-avec-les-delices-de-tokyo\/","url_meta":{"origin":25335,"position":1},"title":"Au fil des pages avec Les d\u00e9lices de Tokyo","author":"Jojo","date":"26 avril 2024","format":false,"excerpt":"J'avais lu, en 2021, Les D\u00e9lices de Tokyo de Durian Sukegawa (\u00e9d. Albin Michel, f\u00e9vrier 2016, 239 pages), un roman que je n'avais pas pris le temps de chroniquer mais que je fais d\u00e9sormais pour une lecture commune avec Isabelle. Afin de rembourser une dette et malgr\u00e9 l'ennui qu'il chasse\u2026","rel":"","context":"Dans &quot;Mini lecteur&quot;","block_context":{"text":"Mini lecteur","link":"https:\/\/www.jojoenherbe.com\/index.php\/category\/mini-lecteur\/"},"img":{"alt_text":"","src":"https:\/\/i0.wp.com\/www.jojoenherbe.com\/wp-content\/uploads\/2022\/04\/Les-delices-de-Tokyo-scaled.jpg?fit=1200%2C874&ssl=1&resize=350%2C200","width":350,"height":200,"srcset":"https:\/\/i0.wp.com\/www.jojoenherbe.com\/wp-content\/uploads\/2022\/04\/Les-delices-de-Tokyo-scaled.jpg?fit=1200%2C874&ssl=1&resize=350%2C200 1x, https:\/\/i0.wp.com\/www.jojoenherbe.com\/wp-content\/uploads\/2022\/04\/Les-delices-de-Tokyo-scaled.jpg?fit=1200%2C874&ssl=1&resize=525%2C300 1.5x, https:\/\/i0.wp.com\/www.jojoenherbe.com\/wp-content\/uploads\/2022\/04\/Les-delices-de-Tokyo-scaled.jpg?fit=1200%2C874&ssl=1&resize=700%2C400 2x, https:\/\/i0.wp.com\/www.jojoenherbe.com\/wp-content\/uploads\/2022\/04\/Les-delices-de-Tokyo-scaled.jpg?fit=1200%2C874&ssl=1&resize=1050%2C600 3x"},"classes":[]},{"id":36169,"url":"https:\/\/www.jojoenherbe.com\/index.php\/2024\/05\/15\/au-fil-des-pages-avec-au-prochain-arret\/","url_meta":{"origin":25335,"position":2},"title":"Au fil des pages avec Au prochain arr\u00eat","author":"Jojo","date":"15 mai 2024","format":false,"excerpt":"J'ai lu, le mois dernier, Au prochain arr\u00eat de Hiro Arikawa (\u00e9d. Actes Sud, mai 2021, 192 pages), un court roman choral \u00e0 la magnifique couverture printani\u00e8re et se d\u00e9roulant sur la ligne ferroviaire reliant Takarazuka \u00e0 Nishinomiya et suivant le temps de leur trajet, des passagers montant et descendant,\u2026","rel":"","context":"Dans &quot;Mini lecteur&quot;","block_context":{"text":"Mini lecteur","link":"https:\/\/www.jojoenherbe.com\/index.php\/category\/mini-lecteur\/"},"img":{"alt_text":"","src":"https:\/\/i0.wp.com\/www.jojoenherbe.com\/wp-content\/uploads\/2024\/05\/Au-prochain-arret-scaled.jpg?fit=1200%2C1153&ssl=1&resize=350%2C200","width":350,"height":200,"srcset":"https:\/\/i0.wp.com\/www.jojoenherbe.com\/wp-content\/uploads\/2024\/05\/Au-prochain-arret-scaled.jpg?fit=1200%2C1153&ssl=1&resize=350%2C200 1x, https:\/\/i0.wp.com\/www.jojoenherbe.com\/wp-content\/uploads\/2024\/05\/Au-prochain-arret-scaled.jpg?fit=1200%2C1153&ssl=1&resize=525%2C300 1.5x, https:\/\/i0.wp.com\/www.jojoenherbe.com\/wp-content\/uploads\/2024\/05\/Au-prochain-arret-scaled.jpg?fit=1200%2C1153&ssl=1&resize=700%2C400 2x, https:\/\/i0.wp.com\/www.jojoenherbe.com\/wp-content\/uploads\/2024\/05\/Au-prochain-arret-scaled.jpg?fit=1200%2C1153&ssl=1&resize=1050%2C600 3x"},"classes":[]},{"id":24412,"url":"https:\/\/www.jojoenherbe.com\/index.php\/2022\/04\/01\/notre-mois-bloguesque-de-mars-2022\/","url_meta":{"origin":25335,"position":3},"title":"Notre mois bloguesque de mars 2022","author":"Jojo","date":"1 avril 2022","format":false,"excerpt":"Apr\u00e8s un mois de f\u00e9vrier qui s\u2019est termin\u00e9 avec un RAT gourmand et indien organis\u00e9 par Hilde, Blandine, Bidib et Fondant du 25 au 27 f\u00e9vrier 2022, c'\u00e9tait mars 2022, mois de transition entre la fin de l\u2019hiver et le d\u00e9but du printemps. Il y a ainsi eu le retour\u2026","rel":"","context":"Dans &quot;Mini blogueur&quot;","block_context":{"text":"Mini blogueur","link":"https:\/\/www.jojoenherbe.com\/index.php\/category\/mini-blogueur\/"},"img":{"alt_text":"","src":"https:\/\/i0.wp.com\/www.jojoenherbe.com\/wp-content\/uploads\/2022\/03\/Selection-mars-2022-scaled.jpg?fit=1200%2C775&ssl=1&resize=350%2C200","width":350,"height":200,"srcset":"https:\/\/i0.wp.com\/www.jojoenherbe.com\/wp-content\/uploads\/2022\/03\/Selection-mars-2022-scaled.jpg?fit=1200%2C775&ssl=1&resize=350%2C200 1x, https:\/\/i0.wp.com\/www.jojoenherbe.com\/wp-content\/uploads\/2022\/03\/Selection-mars-2022-scaled.jpg?fit=1200%2C775&ssl=1&resize=525%2C300 1.5x, https:\/\/i0.wp.com\/www.jojoenherbe.com\/wp-content\/uploads\/2022\/03\/Selection-mars-2022-scaled.jpg?fit=1200%2C775&ssl=1&resize=700%2C400 2x, https:\/\/i0.wp.com\/www.jojoenherbe.com\/wp-content\/uploads\/2022\/03\/Selection-mars-2022-scaled.jpg?fit=1200%2C775&ssl=1&resize=1050%2C600 3x"},"classes":[]},{"id":24618,"url":"https:\/\/www.jojoenherbe.com\/index.php\/2022\/04\/10\/au-fil-des-pages-avec-le-tome-1-du-poids-des-secrets\/","url_meta":{"origin":25335,"position":4},"title":"Au fil des pages avec le tome 1 du Poids des secrets","author":"Jojo","date":"10 avril 2022","format":false,"excerpt":"Pour la lecture commune du 8 avril d'Un mois au Japon,\u00a0 j'ai choisi de d\u00e9couvrir Tsubaki d'Aki Shimazaki (\u00e9d. Actes Sud, coll. Babel, n\u00b0712, 1999, r\u00e9\u00e9d. 2016, 115 pages), un roman court constituant le premier tome de la premi\u00e8re pentalogie Le poids des secrets de cette autrice japonaise. Dans les\u2026","rel":"","context":"Dans &quot;Mini lecteur&quot;","block_context":{"text":"Mini lecteur","link":"https:\/\/www.jojoenherbe.com\/index.php\/category\/mini-lecteur\/"},"img":{"alt_text":"","src":"https:\/\/i0.wp.com\/www.jojoenherbe.com\/wp-content\/uploads\/2022\/04\/Le-poids-des-secrets-T1-Tsubaki-2-scaled.jpg?fit=1200%2C881&ssl=1&resize=350%2C200","width":350,"height":200,"srcset":"https:\/\/i0.wp.com\/www.jojoenherbe.com\/wp-content\/uploads\/2022\/04\/Le-poids-des-secrets-T1-Tsubaki-2-scaled.jpg?fit=1200%2C881&ssl=1&resize=350%2C200 1x, https:\/\/i0.wp.com\/www.jojoenherbe.com\/wp-content\/uploads\/2022\/04\/Le-poids-des-secrets-T1-Tsubaki-2-scaled.jpg?fit=1200%2C881&ssl=1&resize=525%2C300 1.5x, https:\/\/i0.wp.com\/www.jojoenherbe.com\/wp-content\/uploads\/2022\/04\/Le-poids-des-secrets-T1-Tsubaki-2-scaled.jpg?fit=1200%2C881&ssl=1&resize=700%2C400 2x, https:\/\/i0.wp.com\/www.jojoenherbe.com\/wp-content\/uploads\/2022\/04\/Le-poids-des-secrets-T1-Tsubaki-2-scaled.jpg?fit=1200%2C881&ssl=1&resize=1050%2C600 3x"},"classes":[]},{"id":25755,"url":"https:\/\/www.jojoenherbe.com\/index.php\/2022\/06\/01\/notre-mois-bloguesque-de-mai-2022\/","url_meta":{"origin":25335,"position":5},"title":"Notre mois bloguesque de mai 2022","author":"Jojo","date":"1 juin 2022","format":false,"excerpt":"C'est le premier du mois alors voici un petit retour bloguesque sur mai 2022. Comme en avril, nous avons continu\u00e9 en mai nos lectures pour Un mois au Japon 2022 de Hilde et Lou, le challenge Cottagecore de MissyCornish ainsi que nos lectures printani\u00e8res. J'ai d\u00e9j\u00e0 pioch\u00e9 dans la PAL\u2026","rel":"","context":"Dans &quot;Mini blogueur&quot;","block_context":{"text":"Mini blogueur","link":"https:\/\/www.jojoenherbe.com\/index.php\/category\/mini-blogueur\/"},"img":{"alt_text":"","src":"https:\/\/i0.wp.com\/www.jojoenherbe.com\/wp-content\/uploads\/2022\/05\/Selection-Mai-2022-scaled.jpg?fit=1200%2C750&ssl=1&resize=350%2C200","width":350,"height":200,"srcset":"https:\/\/i0.wp.com\/www.jojoenherbe.com\/wp-content\/uploads\/2022\/05\/Selection-Mai-2022-scaled.jpg?fit=1200%2C750&ssl=1&resize=350%2C200 1x, https:\/\/i0.wp.com\/www.jojoenherbe.com\/wp-content\/uploads\/2022\/05\/Selection-Mai-2022-scaled.jpg?fit=1200%2C750&ssl=1&resize=525%2C300 1.5x, https:\/\/i0.wp.com\/www.jojoenherbe.com\/wp-content\/uploads\/2022\/05\/Selection-Mai-2022-scaled.jpg?fit=1200%2C750&ssl=1&resize=700%2C400 2x, https:\/\/i0.wp.com\/www.jojoenherbe.com\/wp-content\/uploads\/2022\/05\/Selection-Mai-2022-scaled.jpg?fit=1200%2C750&ssl=1&resize=1050%2C600 3x"},"classes":[]}],"_links":{"self":[{"href":"https:\/\/www.jojoenherbe.com\/index.php\/wp-json\/wp\/v2\/posts\/25335","targetHints":{"allow":["GET"]}}],"collection":[{"href":"https:\/\/www.jojoenherbe.com\/index.php\/wp-json\/wp\/v2\/posts"}],"about":[{"href":"https:\/\/www.jojoenherbe.com\/index.php\/wp-json\/wp\/v2\/types\/post"}],"author":[{"embeddable":true,"href":"https:\/\/www.jojoenherbe.com\/index.php\/wp-json\/wp\/v2\/users\/1"}],"replies":[{"embeddable":true,"href":"https:\/\/www.jojoenherbe.com\/index.php\/wp-json\/wp\/v2\/comments?post=25335"}],"version-history":[{"count":25,"href":"https:\/\/www.jojoenherbe.com\/index.php\/wp-json\/wp\/v2\/posts\/25335\/revisions"}],"predecessor-version":[{"id":26332,"href":"https:\/\/www.jojoenherbe.com\/index.php\/wp-json\/wp\/v2\/posts\/25335\/revisions\/26332"}],"wp:featuredmedia":[{"embeddable":true,"href":"https:\/\/www.jojoenherbe.com\/index.php\/wp-json\/wp\/v2\/media\/24709"}],"wp:attachment":[{"href":"https:\/\/www.jojoenherbe.com\/index.php\/wp-json\/wp\/v2\/media?parent=25335"}],"wp:term":[{"taxonomy":"category","embeddable":true,"href":"https:\/\/www.jojoenherbe.com\/index.php\/wp-json\/wp\/v2\/categories?post=25335"},{"taxonomy":"post_tag","embeddable":true,"href":"https:\/\/www.jojoenherbe.com\/index.php\/wp-json\/wp\/v2\/tags?post=25335"}],"curies":[{"name":"wp","href":"https:\/\/api.w.org\/{rel}","templated":true}]}}