{"id":24793,"date":"2022-04-12T07:00:00","date_gmt":"2022-04-12T05:00:00","guid":{"rendered":"https:\/\/www.jojoenherbe.com\/?p=24793"},"modified":"2022-04-12T09:25:53","modified_gmt":"2022-04-12T07:25:53","slug":"la-nature-au-fil-du-printemps-2022-2","status":"publish","type":"post","link":"https:\/\/www.jojoenherbe.com\/index.php\/2022\/04\/12\/la-nature-au-fil-du-printemps-2022-2\/","title":{"rendered":"La Nature au fil du printemps 2022 #2"},"content":{"rendered":"<p style=\"text-align: justify;\"><em>Pour ce nouveau rendez-vous photo avec <a href=\"https:\/\/sylectures.wordpress.com\/\">Syl<\/a> et <a href=\"https:\/\/ribambelledhistoires.over-blog.com\/\">Isabelle<\/a> d\u2019\u00e9coute et d\u2019observation de la Nature au fil du printemps, j&rsquo;ai choisi des photos prises samedi dernier au bord de mer, \u00e0 \u00c8ze. Il y avait encore du vent att\u00e9nu\u00e9 par la chaleur du soleil, au lendemain d&rsquo;une alerte jaune vagues-submersion; ce qui donne cette couleur si belle \u00e0 l&rsquo;eau. Nous pouvions m\u00eame apercevoir la lune.<\/em><\/p>\n<p style=\"text-align: justify;\"><em>Un apr\u00e8s-midi farniente <span class=\"_7UhW9   xLCgt      MMzan   KV-D4           se6yk       T0kll \">en \u00e9coutant le clapotis des vagues et en lisant\u00a0 <span style=\"text-decoration: underline;\">Les s\u0153urs perdues<\/span> d\u2019Holly Black (\u00e9d. Rageot, 2021, 58 pages), une tr\u00e8s courte nouvelle se d\u00e9roulant dans le royaume de Terraf\u00e6 entre le tome 1 (<span style=\"text-decoration: underline;\">Le Prince cruel<\/span>) et le tome 2 (<span style=\"text-decoration: underline;\">Le Roi mal\u00e9fique<\/span>) de la trilogie <span style=\"text-decoration: underline;\">Le Peuple de l\u2019Air<\/span> et qui est une lettre d\u2019excuse de Taryn adress\u00e9e \u00e0 sa s\u0153ur jumelle Jude tandis que mon mini lutin s&rsquo;amusait \u00e0 lancer des galets dans l&rsquo;eau, en suivant (ou pas) les conseils de son p\u00e8re pour les faire ricocher!<\/span><\/em><\/p>\n<div class=\"tiled-gallery type-rectangular tiled-gallery-unresized\" data-original-width=\"676\" data-carousel-extra='{&quot;blog_id&quot;:1,&quot;permalink&quot;:&quot;https:\\\/\\\/www.jojoenherbe.com\\\/index.php\\\/2022\\\/04\\\/12\\\/la-nature-au-fil-du-printemps-2022-2\\\/&quot;,&quot;likes_blog_id&quot;:141396489}' itemscope itemtype=\"http:\/\/schema.org\/ImageGallery\" > <div class=\"gallery-row\" style=\"width: 676px; height: 477px;\" data-original-width=\"676\" data-original-height=\"477\" > <div class=\"gallery-group images-1\" style=\"width: 359px; height: 477px;\" data-original-width=\"359\" data-original-height=\"477\" > <div class=\"tiled-gallery-item tiled-gallery-item-large\" itemprop=\"associatedMedia\" itemscope itemtype=\"http:\/\/schema.org\/ImageObject\"> <a href=\"https:\/\/www.jojoenherbe.com\/index.php\/2022\/04\/12\/la-nature-au-fil-du-printemps-2022-2\/bord-de-mer-eze-4\/\" border=\"0\" itemprop=\"url\"> <meta itemprop=\"width\" content=\"355\"> <meta itemprop=\"height\" content=\"473\"> <img decoding=\"async\" class=\"\" data-attachment-id=\"24796\" data-orig-file=\"https:\/\/www.jojoenherbe.com\/wp-content\/uploads\/2022\/04\/bord-de-mer-Eze-4-scaled.jpg\" data-orig-size=\"1920,2560\" data-comments-opened=\"1\" data-image-meta=\"{&quot;aperture&quot;:&quot;3.5&quot;,&quot;credit&quot;:&quot;&quot;,&quot;camera&quot;:&quot;DSC-HX400V&quot;,&quot;caption&quot;:&quot;&quot;,&quot;created_timestamp&quot;:&quot;1649514703&quot;,&quot;copyright&quot;:&quot;&quot;,&quot;focal_length&quot;:&quot;13.76&quot;,&quot;iso&quot;:&quot;80&quot;,&quot;shutter_speed&quot;:&quot;0.000625&quot;,&quot;title&quot;:&quot;&quot;,&quot;orientation&quot;:&quot;1&quot;}\" data-image-title=\"bord de mer &amp;#8211; Eze 4\" data-image-description=\"\" data-medium-file=\"https:\/\/i0.wp.com\/www.jojoenherbe.com\/wp-content\/uploads\/2022\/04\/bord-de-mer-Eze-4-scaled.jpg?fit=225%2C300&#038;ssl=1\" data-large-file=\"https:\/\/i0.wp.com\/www.jojoenherbe.com\/wp-content\/uploads\/2022\/04\/bord-de-mer-Eze-4-scaled.jpg?fit=676%2C901&#038;ssl=1\" src=\"https:\/\/i0.wp.com\/www.jojoenherbe.com\/wp-content\/uploads\/2022\/04\/bord-de-mer-Eze-4-scaled.jpg?w=355&#038;h=473&#038;ssl=1\" srcset=\"https:\/\/i0.wp.com\/www.jojoenherbe.com\/wp-content\/uploads\/2022\/04\/bord-de-mer-Eze-4-scaled.jpg?w=1920&amp;ssl=1 1920w, https:\/\/i0.wp.com\/www.jojoenherbe.com\/wp-content\/uploads\/2022\/04\/bord-de-mer-Eze-4-scaled.jpg?resize=225%2C300&amp;ssl=1 225w, https:\/\/i0.wp.com\/www.jojoenherbe.com\/wp-content\/uploads\/2022\/04\/bord-de-mer-Eze-4-scaled.jpg?resize=768%2C1024&amp;ssl=1 768w, https:\/\/i0.wp.com\/www.jojoenherbe.com\/wp-content\/uploads\/2022\/04\/bord-de-mer-Eze-4-scaled.jpg?resize=1152%2C1536&amp;ssl=1 1152w, https:\/\/i0.wp.com\/www.jojoenherbe.com\/wp-content\/uploads\/2022\/04\/bord-de-mer-Eze-4-scaled.jpg?resize=1536%2C2048&amp;ssl=1 1536w, https:\/\/i0.wp.com\/www.jojoenherbe.com\/wp-content\/uploads\/2022\/04\/bord-de-mer-Eze-4-scaled.jpg?resize=676%2C901&amp;ssl=1 676w, https:\/\/i0.wp.com\/www.jojoenherbe.com\/wp-content\/uploads\/2022\/04\/bord-de-mer-Eze-4-scaled.jpg?w=1352 1352w\" width=\"355\" height=\"473\" loading=\"lazy\" data-original-width=\"355\" data-original-height=\"473\" itemprop=\"http:\/\/schema.org\/image\" title=\"bord de mer - Eze 4\" alt=\"bord de mer - Eze 4\" style=\"width: 355px; height: 473px;\" \/> <\/a> <\/div> <\/div> <!-- close group --> <div class=\"gallery-group images-2\" style=\"width: 317px; height: 477px;\" data-original-width=\"317\" data-original-height=\"477\" > <div class=\"tiled-gallery-item tiled-gallery-item-large\" itemprop=\"associatedMedia\" itemscope itemtype=\"http:\/\/schema.org\/ImageObject\"> <a href=\"https:\/\/www.jojoenherbe.com\/index.php\/2022\/04\/12\/la-nature-au-fil-du-printemps-2022-2\/bord-de-mer-eze-3\/\" border=\"0\" itemprop=\"url\"> <meta itemprop=\"width\" content=\"313\"> <meta itemprop=\"height\" content=\"235\"> <img decoding=\"async\" class=\"\" data-attachment-id=\"24795\" data-orig-file=\"https:\/\/www.jojoenherbe.com\/wp-content\/uploads\/2022\/04\/bord-de-mer-Eze-3-scaled.jpg\" data-orig-size=\"2560,1920\" data-comments-opened=\"1\" data-image-meta=\"{&quot;aperture&quot;:&quot;3.5&quot;,&quot;credit&quot;:&quot;&quot;,&quot;camera&quot;:&quot;DSC-HX400V&quot;,&quot;caption&quot;:&quot;&quot;,&quot;created_timestamp&quot;:&quot;1649514679&quot;,&quot;copyright&quot;:&quot;&quot;,&quot;focal_length&quot;:&quot;13.76&quot;,&quot;iso&quot;:&quot;80&quot;,&quot;shutter_speed&quot;:&quot;0.001&quot;,&quot;title&quot;:&quot;&quot;,&quot;orientation&quot;:&quot;1&quot;}\" data-image-title=\"bord de mer &amp;#8211; Eze 3\" data-image-description=\"\" data-medium-file=\"https:\/\/i0.wp.com\/www.jojoenherbe.com\/wp-content\/uploads\/2022\/04\/bord-de-mer-Eze-3-scaled.jpg?fit=300%2C225&#038;ssl=1\" data-large-file=\"https:\/\/i0.wp.com\/www.jojoenherbe.com\/wp-content\/uploads\/2022\/04\/bord-de-mer-Eze-3-scaled.jpg?fit=676%2C507&#038;ssl=1\" src=\"https:\/\/i0.wp.com\/www.jojoenherbe.com\/wp-content\/uploads\/2022\/04\/bord-de-mer-Eze-3-scaled.jpg?w=313&#038;h=235&#038;ssl=1\" srcset=\"https:\/\/i0.wp.com\/www.jojoenherbe.com\/wp-content\/uploads\/2022\/04\/bord-de-mer-Eze-3-scaled.jpg?w=2560&amp;ssl=1 2560w, https:\/\/i0.wp.com\/www.jojoenherbe.com\/wp-content\/uploads\/2022\/04\/bord-de-mer-Eze-3-scaled.jpg?resize=300%2C225&amp;ssl=1 300w, https:\/\/i0.wp.com\/www.jojoenherbe.com\/wp-content\/uploads\/2022\/04\/bord-de-mer-Eze-3-scaled.jpg?resize=1024%2C768&amp;ssl=1 1024w, https:\/\/i0.wp.com\/www.jojoenherbe.com\/wp-content\/uploads\/2022\/04\/bord-de-mer-Eze-3-scaled.jpg?resize=768%2C576&amp;ssl=1 768w, https:\/\/i0.wp.com\/www.jojoenherbe.com\/wp-content\/uploads\/2022\/04\/bord-de-mer-Eze-3-scaled.jpg?resize=1536%2C1152&amp;ssl=1 1536w, https:\/\/i0.wp.com\/www.jojoenherbe.com\/wp-content\/uploads\/2022\/04\/bord-de-mer-Eze-3-scaled.jpg?resize=2048%2C1536&amp;ssl=1 2048w, https:\/\/i0.wp.com\/www.jojoenherbe.com\/wp-content\/uploads\/2022\/04\/bord-de-mer-Eze-3-scaled.jpg?resize=676%2C507&amp;ssl=1 676w, https:\/\/i0.wp.com\/www.jojoenherbe.com\/wp-content\/uploads\/2022\/04\/bord-de-mer-Eze-3-scaled.jpg?w=1352 1352w\" width=\"313\" height=\"235\" loading=\"lazy\" data-original-width=\"313\" data-original-height=\"235\" itemprop=\"http:\/\/schema.org\/image\" title=\"bord de mer - Eze 3\" alt=\"bord de mer - Eze 3\" style=\"width: 313px; height: 235px;\" \/> <\/a> <\/div> <div class=\"tiled-gallery-item tiled-gallery-item-large\" itemprop=\"associatedMedia\" itemscope itemtype=\"http:\/\/schema.org\/ImageObject\"> <a href=\"https:\/\/www.jojoenherbe.com\/index.php\/2022\/04\/12\/la-nature-au-fil-du-printemps-2022-2\/bord-de-mer-eze-2\/\" border=\"0\" itemprop=\"url\"> <meta itemprop=\"width\" content=\"313\"> <meta itemprop=\"height\" content=\"234\"> <img decoding=\"async\" class=\"\" data-attachment-id=\"24794\" data-orig-file=\"https:\/\/www.jojoenherbe.com\/wp-content\/uploads\/2022\/04\/bord-de-mer-Eze-2-scaled.jpg\" data-orig-size=\"2560,1920\" data-comments-opened=\"1\" data-image-meta=\"{&quot;aperture&quot;:&quot;3.2&quot;,&quot;credit&quot;:&quot;&quot;,&quot;camera&quot;:&quot;DSC-HX400V&quot;,&quot;caption&quot;:&quot;&quot;,&quot;created_timestamp&quot;:&quot;1649513936&quot;,&quot;copyright&quot;:&quot;&quot;,&quot;focal_length&quot;:&quot;7.65&quot;,&quot;iso&quot;:&quot;80&quot;,&quot;shutter_speed&quot;:&quot;0.0005&quot;,&quot;title&quot;:&quot;&quot;,&quot;orientation&quot;:&quot;1&quot;}\" data-image-title=\"bord de mer &amp;#8211; Eze 2\" data-image-description=\"\" data-medium-file=\"https:\/\/i0.wp.com\/www.jojoenherbe.com\/wp-content\/uploads\/2022\/04\/bord-de-mer-Eze-2-scaled.jpg?fit=300%2C225&#038;ssl=1\" data-large-file=\"https:\/\/i0.wp.com\/www.jojoenherbe.com\/wp-content\/uploads\/2022\/04\/bord-de-mer-Eze-2-scaled.jpg?fit=676%2C507&#038;ssl=1\" src=\"https:\/\/i0.wp.com\/www.jojoenherbe.com\/wp-content\/uploads\/2022\/04\/bord-de-mer-Eze-2-scaled.jpg?w=313&#038;h=234&#038;ssl=1\" srcset=\"https:\/\/i0.wp.com\/www.jojoenherbe.com\/wp-content\/uploads\/2022\/04\/bord-de-mer-Eze-2-scaled.jpg?w=2560&amp;ssl=1 2560w, https:\/\/i0.wp.com\/www.jojoenherbe.com\/wp-content\/uploads\/2022\/04\/bord-de-mer-Eze-2-scaled.jpg?resize=300%2C225&amp;ssl=1 300w, https:\/\/i0.wp.com\/www.jojoenherbe.com\/wp-content\/uploads\/2022\/04\/bord-de-mer-Eze-2-scaled.jpg?resize=1024%2C768&amp;ssl=1 1024w, https:\/\/i0.wp.com\/www.jojoenherbe.com\/wp-content\/uploads\/2022\/04\/bord-de-mer-Eze-2-scaled.jpg?resize=768%2C576&amp;ssl=1 768w, https:\/\/i0.wp.com\/www.jojoenherbe.com\/wp-content\/uploads\/2022\/04\/bord-de-mer-Eze-2-scaled.jpg?resize=1536%2C1152&amp;ssl=1 1536w, https:\/\/i0.wp.com\/www.jojoenherbe.com\/wp-content\/uploads\/2022\/04\/bord-de-mer-Eze-2-scaled.jpg?resize=2048%2C1536&amp;ssl=1 2048w, https:\/\/i0.wp.com\/www.jojoenherbe.com\/wp-content\/uploads\/2022\/04\/bord-de-mer-Eze-2-scaled.jpg?resize=676%2C507&amp;ssl=1 676w, https:\/\/i0.wp.com\/www.jojoenherbe.com\/wp-content\/uploads\/2022\/04\/bord-de-mer-Eze-2-scaled.jpg?w=1352 1352w\" width=\"313\" height=\"234\" loading=\"lazy\" data-original-width=\"313\" data-original-height=\"234\" itemprop=\"http:\/\/schema.org\/image\" title=\"bord de mer - Eze 2\" alt=\"bord de mer - Eze 2\" style=\"width: 313px; height: 234px;\" \/> <\/a> <\/div> <\/div> <!-- close group --> <\/div> <!-- close row --> <\/div>\n<p><em>Pour d\u2019autres ambiances printani\u00e8res: chez Isabelle et chez Syl.<br \/>\n<\/em><\/p>\n","protected":false},"excerpt":{"rendered":"<p>Pour ce nouveau rendez-vous photo avec Syl et Isabelle d\u2019\u00e9coute et d\u2019observation de la Nature au fil du printemps, j&rsquo;ai choisi des photos prises samedi dernier au bord de mer, \u00e0 \u00c8ze. Il y avait encore du vent att\u00e9nu\u00e9 par la chaleur du soleil, au lendemain d&rsquo;une alerte jaune vagues-submersion; ce qui donne cette couleur [&hellip;]<\/p>\n","protected":false},"author":1,"featured_media":24797,"comment_status":"open","ping_status":"open","sticky":false,"template":"","format":"standard","meta":{"jetpack_post_was_ever_published":false,"_jetpack_newsletter_access":"","_jetpack_dont_email_post_to_subs":false,"_jetpack_newsletter_tier_id":0,"_jetpack_memberships_contains_paywalled_content":false,"_jetpack_memberships_contains_paid_content":false,"footnotes":""},"categories":[437],"tags":[25,249,1757,658,2688,3071,5,3094,207,1506],"class_list":["post-24793","post","type-post","status-publish","format-standard","has-post-thumbnail","hentry","category-mini-photographe","tag-alpes-maritimes","tag-eze","tag-holly-black","tag-mer","tag-mer-mediterranee","tag-nouvelle","tag-paca","tag-plage-2","tag-printemps","tag-region-sud","post-preview"],"jetpack_featured_media_url":"https:\/\/i0.wp.com\/www.jojoenherbe.com\/wp-content\/uploads\/2022\/04\/bord-de-mer-Eze-scaled.jpg?fit=1855%2C2560&ssl=1","jetpack_sharing_enabled":true,"jetpack_shortlink":"https:\/\/wp.me\/p9zhGx-6rT","jetpack_likes_enabled":true,"jetpack-related-posts":[{"id":38993,"url":"https:\/\/www.jojoenherbe.com\/index.php\/2025\/06\/02\/au-fil-des-pages-avec-les-souris-du-buisson-aux-mures-le-printemps\/","url_meta":{"origin":24793,"position":0},"title":"Au fil des pages avec Les Souris du Buisson-aux-M\u00fbres, Le Printemps","author":"Jojo","date":"2 juin 2025","format":false,"excerpt":"Nous avons lu Les Souris du Buisson-aux-M\u00fbres, Le Printemps de Jill Barklem (\u00e9d. Qilinn \u00c9ditions, mars 2024, 32 pages), un album jeunesse \u00e0 partir de 3 ans et paru pour la premi\u00e8re fois au Royaume-Uni en 1980. Dans ce tome, les souris organisent un pique-nique surprise pour l\u2019anniversaire du petit\u2026","rel":"","context":"Dans &quot;Mini lecteur&quot;","block_context":{"text":"Mini lecteur","link":"https:\/\/www.jojoenherbe.com\/index.php\/category\/mini-lecteur\/"},"img":{"alt_text":"","src":"https:\/\/i0.wp.com\/www.jojoenherbe.com\/wp-content\/uploads\/2025\/06\/Les-Souris-du-Buisson-aux-Mures-Le-Printemps-scaled.jpg?fit=1200%2C1018&ssl=1&resize=350%2C200","width":350,"height":200,"srcset":"https:\/\/i0.wp.com\/www.jojoenherbe.com\/wp-content\/uploads\/2025\/06\/Les-Souris-du-Buisson-aux-Mures-Le-Printemps-scaled.jpg?fit=1200%2C1018&ssl=1&resize=350%2C200 1x, https:\/\/i0.wp.com\/www.jojoenherbe.com\/wp-content\/uploads\/2025\/06\/Les-Souris-du-Buisson-aux-Mures-Le-Printemps-scaled.jpg?fit=1200%2C1018&ssl=1&resize=525%2C300 1.5x, https:\/\/i0.wp.com\/www.jojoenherbe.com\/wp-content\/uploads\/2025\/06\/Les-Souris-du-Buisson-aux-Mures-Le-Printemps-scaled.jpg?fit=1200%2C1018&ssl=1&resize=700%2C400 2x, https:\/\/i0.wp.com\/www.jojoenherbe.com\/wp-content\/uploads\/2025\/06\/Les-Souris-du-Buisson-aux-Mures-Le-Printemps-scaled.jpg?fit=1200%2C1018&ssl=1&resize=1050%2C600 3x"},"classes":[]},{"id":25015,"url":"https:\/\/www.jojoenherbe.com\/index.php\/2022\/04\/19\/la-nature-au-fil-du-printemps-3\/","url_meta":{"origin":24793,"position":1},"title":"La Nature au fil du printemps #3","author":"Jojo","date":"19 avril 2022","format":false,"excerpt":"Pour ce nouveau rendez-vous photo avec Syl et Isabelle d\u2019\u00e9coute et d\u2019observation de la Nature au fil du printemps, voici quelques photos prises lors de nos sorties du week-end dernier aux \u00e9tangs de Villepey puis aux calanques de Saint-Aygulf. Du c\u00f4t\u00e9 des \u00e9tangs de Villepey Samedi 17 avril 2022, nous\u2026","rel":"","context":"Dans &quot;Mini baladeur&quot;","block_context":{"text":"Mini baladeur","link":"https:\/\/www.jojoenherbe.com\/index.php\/category\/mini-crapahuteur\/mini-baladeur\/"},"img":{"alt_text":"","src":"https:\/\/i0.wp.com\/www.jojoenherbe.com\/wp-content\/uploads\/2022\/04\/etangs-de-Villepey-4-scaled.jpg?fit=1200%2C900&ssl=1&resize=350%2C200","width":350,"height":200,"srcset":"https:\/\/i0.wp.com\/www.jojoenherbe.com\/wp-content\/uploads\/2022\/04\/etangs-de-Villepey-4-scaled.jpg?fit=1200%2C900&ssl=1&resize=350%2C200 1x, https:\/\/i0.wp.com\/www.jojoenherbe.com\/wp-content\/uploads\/2022\/04\/etangs-de-Villepey-4-scaled.jpg?fit=1200%2C900&ssl=1&resize=525%2C300 1.5x, https:\/\/i0.wp.com\/www.jojoenherbe.com\/wp-content\/uploads\/2022\/04\/etangs-de-Villepey-4-scaled.jpg?fit=1200%2C900&ssl=1&resize=700%2C400 2x, https:\/\/i0.wp.com\/www.jojoenherbe.com\/wp-content\/uploads\/2022\/04\/etangs-de-Villepey-4-scaled.jpg?fit=1200%2C900&ssl=1&resize=1050%2C600 3x"},"classes":[]},{"id":20111,"url":"https:\/\/www.jojoenherbe.com\/index.php\/2021\/08\/06\/au-fil-des-pages-avec-des-vagues\/","url_meta":{"origin":24793,"position":2},"title":"Au fil des pages avec Des vagues","author":"Jojo","date":"6 ao\u00fbt 2021","format":false,"excerpt":"Lors de notre pique-nique sur la plage de Saint-Jean-Cap-Ferrat d'hier soir, nous avons relu Des vagues d'Isabelle Simler (\u00e9d. courtes et longues, 2014), un album jeunesse grand format \u00e0 partir de 2\/3 ans. Un jeune enfant plonge dans les vagues au plus pr\u00e8s des animaux marins, que ce soit un\u2026","rel":"","context":"Dans &quot;Mini lecteur&quot;","block_context":{"text":"Mini lecteur","link":"https:\/\/www.jojoenherbe.com\/index.php\/category\/mini-lecteur\/"},"img":{"alt_text":"","src":"https:\/\/i0.wp.com\/www.jojoenherbe.com\/wp-content\/uploads\/2021\/08\/Des-vagues-scaled.jpg?fit=900%2C1200&ssl=1&resize=350%2C200","width":350,"height":200,"srcset":"https:\/\/i0.wp.com\/www.jojoenherbe.com\/wp-content\/uploads\/2021\/08\/Des-vagues-scaled.jpg?fit=900%2C1200&ssl=1&resize=350%2C200 1x, https:\/\/i0.wp.com\/www.jojoenherbe.com\/wp-content\/uploads\/2021\/08\/Des-vagues-scaled.jpg?fit=900%2C1200&ssl=1&resize=525%2C300 1.5x, https:\/\/i0.wp.com\/www.jojoenherbe.com\/wp-content\/uploads\/2021\/08\/Des-vagues-scaled.jpg?fit=900%2C1200&ssl=1&resize=700%2C400 2x"},"classes":[]},{"id":36020,"url":"https:\/\/www.jojoenherbe.com\/index.php\/2024\/05\/04\/semaine-18-du-projet-52-2024-printemps\/","url_meta":{"origin":24793,"position":3},"title":"Semaine 18 du Projet 52-2024: \u00ab\u00a0Printemps\u00a0\u00bb","author":"Jojo","date":"4 mai 2024","format":false,"excerpt":"Pour la semaine 18 du Projet 52-2024 de Du c\u00f4t\u00e9 de chez Ma\u2019, le th\u00e8me est \u00ab Printemps\u00bb. J\u2019ai choisi pour illustrer ce th\u00e8me des fleurs printani\u00e8res du jardin comme le lilas et un petit curieux qui voletait de fleur en arbre avant de partir pour d'autres horizons. C'est aussi\u2026","rel":"","context":"Dans &quot;mini photographe&quot;","block_context":{"text":"mini photographe","link":"https:\/\/www.jojoenherbe.com\/index.php\/category\/mini-photographe\/"},"img":{"alt_text":"","src":"https:\/\/i0.wp.com\/www.jojoenherbe.com\/wp-content\/uploads\/2024\/05\/jardin-printemps-2024.png?fit=1080%2C1080&ssl=1&resize=350%2C200","width":350,"height":200,"srcset":"https:\/\/i0.wp.com\/www.jojoenherbe.com\/wp-content\/uploads\/2024\/05\/jardin-printemps-2024.png?fit=1080%2C1080&ssl=1&resize=350%2C200 1x, https:\/\/i0.wp.com\/www.jojoenherbe.com\/wp-content\/uploads\/2024\/05\/jardin-printemps-2024.png?fit=1080%2C1080&ssl=1&resize=525%2C300 1.5x, https:\/\/i0.wp.com\/www.jojoenherbe.com\/wp-content\/uploads\/2024\/05\/jardin-printemps-2024.png?fit=1080%2C1080&ssl=1&resize=700%2C400 2x, https:\/\/i0.wp.com\/www.jojoenherbe.com\/wp-content\/uploads\/2024\/05\/jardin-printemps-2024.png?fit=1080%2C1080&ssl=1&resize=1050%2C600 3x"},"classes":[]},{"id":30336,"url":"https:\/\/www.jojoenherbe.com\/index.php\/2023\/03\/20\/au-fil-des-pages-avec-lecureuil-et-le-printemps\/","url_meta":{"origin":24793,"position":4},"title":"Au fil des pages avec L&rsquo;\u00e9cureuil et le printemps","author":"Jojo","date":"20 mars 2023","format":false,"excerpt":"En ce 20 mars 2023, nous avons lu L'\u00e9cureuil et le printemps de Sebastian Meschenmoser (\u00e9d. Minedition, 2009, 64 pages), un album jeunesse \u00e0 partir de 3\/4 ans et joliment illustr\u00e9. Nous avions laiss\u00e9 l'\u00e9cureuil, le h\u00e9risson et l'ours en pleine hibernation apr\u00e8s leur d\u00e9couverte de la neige et nous\u2026","rel":"","context":"Dans &quot;Mini lecteur&quot;","block_context":{"text":"Mini lecteur","link":"https:\/\/www.jojoenherbe.com\/index.php\/category\/mini-lecteur\/"},"img":{"alt_text":"","src":"https:\/\/i0.wp.com\/www.jojoenherbe.com\/wp-content\/uploads\/2023\/03\/Lecureuil-et-le-printemps-scaled.jpg?fit=1200%2C1020&ssl=1&resize=350%2C200","width":350,"height":200,"srcset":"https:\/\/i0.wp.com\/www.jojoenherbe.com\/wp-content\/uploads\/2023\/03\/Lecureuil-et-le-printemps-scaled.jpg?fit=1200%2C1020&ssl=1&resize=350%2C200 1x, https:\/\/i0.wp.com\/www.jojoenherbe.com\/wp-content\/uploads\/2023\/03\/Lecureuil-et-le-printemps-scaled.jpg?fit=1200%2C1020&ssl=1&resize=525%2C300 1.5x, https:\/\/i0.wp.com\/www.jojoenherbe.com\/wp-content\/uploads\/2023\/03\/Lecureuil-et-le-printemps-scaled.jpg?fit=1200%2C1020&ssl=1&resize=700%2C400 2x, https:\/\/i0.wp.com\/www.jojoenherbe.com\/wp-content\/uploads\/2023\/03\/Lecureuil-et-le-printemps-scaled.jpg?fit=1200%2C1020&ssl=1&resize=1050%2C600 3x"},"classes":[]},{"id":25714,"url":"https:\/\/www.jojoenherbe.com\/index.php\/2022\/05\/31\/la-nature-au-fil-du-printemps-6\/","url_meta":{"origin":24793,"position":5},"title":"La Nature au fil du printemps #6","author":"Jojo","date":"31 mai 2022","format":false,"excerpt":"Pour ce nouveau rendez-vous photo avec Syl et Isabelle d\u2019\u00e9coute et d\u2019observation de la Nature au fil du printemps, voici quelques photos prises le 28 mai 2022 \u00e0 Entrevaux. Que de roses de toutes les couleurs dans le parc du village surplomb\u00e9 par la citadelle, en particulier sur le mur\u2026","rel":"","context":"Dans &quot;mini photographe&quot;","block_context":{"text":"mini photographe","link":"https:\/\/www.jojoenherbe.com\/index.php\/category\/mini-photographe\/"},"img":{"alt_text":"","src":"https:\/\/i0.wp.com\/www.jojoenherbe.com\/wp-content\/uploads\/2022\/05\/Entrevaux-scaled.jpg?fit=857%2C1200&ssl=1&resize=350%2C200","width":350,"height":200,"srcset":"https:\/\/i0.wp.com\/www.jojoenherbe.com\/wp-content\/uploads\/2022\/05\/Entrevaux-scaled.jpg?fit=857%2C1200&ssl=1&resize=350%2C200 1x, https:\/\/i0.wp.com\/www.jojoenherbe.com\/wp-content\/uploads\/2022\/05\/Entrevaux-scaled.jpg?fit=857%2C1200&ssl=1&resize=525%2C300 1.5x, https:\/\/i0.wp.com\/www.jojoenherbe.com\/wp-content\/uploads\/2022\/05\/Entrevaux-scaled.jpg?fit=857%2C1200&ssl=1&resize=700%2C400 2x"},"classes":[]}],"_links":{"self":[{"href":"https:\/\/www.jojoenherbe.com\/index.php\/wp-json\/wp\/v2\/posts\/24793","targetHints":{"allow":["GET"]}}],"collection":[{"href":"https:\/\/www.jojoenherbe.com\/index.php\/wp-json\/wp\/v2\/posts"}],"about":[{"href":"https:\/\/www.jojoenherbe.com\/index.php\/wp-json\/wp\/v2\/types\/post"}],"author":[{"embeddable":true,"href":"https:\/\/www.jojoenherbe.com\/index.php\/wp-json\/wp\/v2\/users\/1"}],"replies":[{"embeddable":true,"href":"https:\/\/www.jojoenherbe.com\/index.php\/wp-json\/wp\/v2\/comments?post=24793"}],"version-history":[{"count":8,"href":"https:\/\/www.jojoenherbe.com\/index.php\/wp-json\/wp\/v2\/posts\/24793\/revisions"}],"predecessor-version":[{"id":24813,"href":"https:\/\/www.jojoenherbe.com\/index.php\/wp-json\/wp\/v2\/posts\/24793\/revisions\/24813"}],"wp:featuredmedia":[{"embeddable":true,"href":"https:\/\/www.jojoenherbe.com\/index.php\/wp-json\/wp\/v2\/media\/24797"}],"wp:attachment":[{"href":"https:\/\/www.jojoenherbe.com\/index.php\/wp-json\/wp\/v2\/media?parent=24793"}],"wp:term":[{"taxonomy":"category","embeddable":true,"href":"https:\/\/www.jojoenherbe.com\/index.php\/wp-json\/wp\/v2\/categories?post=24793"},{"taxonomy":"post_tag","embeddable":true,"href":"https:\/\/www.jojoenherbe.com\/index.php\/wp-json\/wp\/v2\/tags?post=24793"}],"curies":[{"name":"wp","href":"https:\/\/api.w.org\/{rel}","templated":true}]}}