{"id":24651,"date":"2022-04-11T13:34:55","date_gmt":"2022-04-11T11:34:55","guid":{"rendered":"https:\/\/www.jojoenherbe.com\/?p=24651"},"modified":"2022-04-15T14:09:24","modified_gmt":"2022-04-15T12:09:24","slug":"point-lecture-hebdomadaire-36","status":"publish","type":"post","link":"https:\/\/www.jojoenherbe.com\/index.php\/2022\/04\/11\/point-lecture-hebdomadaire-36\/","title":{"rendered":"Point lecture hebdomadaire #36"},"content":{"rendered":"<p style=\"text-align: justify;\"><em>En ce d\u00e9but de semaine, voici notre point lecture hebdomadaire avec un retour sur nos lectures de la semaine derni\u00e8re (mais pas nos relectures) et nos lectures en cours, apr\u00e8s des passages en m\u00e9diath\u00e8que et en librairie.<\/em><\/p>\n<p style=\"text-align: justify;\"><span style=\"text-decoration: underline;\"><strong>Nos lectures du&nbsp; 4 au 10 avril 2022<\/strong><\/span><strong>:<\/strong><\/p>\n<p style=\"text-align: justify;\"><em><span style=\"text-decoration: underline;\">Des lectures jeunesse<\/span>:<\/em><\/p>\n<ul style=\"text-align: justify;\">\n<li style=\"text-align: justify;\"><em>(Album jeunesse) <strong><span style=\"text-decoration: underline;\">Mon papa et moi<\/span><\/strong> de Tadao Miyamoto<\/em><\/li>\n<\/ul>\n<p style=\"text-align: justify;\"><em><a href=\"https:\/\/i0.wp.com\/www.jojoenherbe.com\/wp-content\/uploads\/2022\/04\/Mon-papa-et-moi-4-scaled.jpg\"><img data-recalc-dims=\"1\" loading=\"lazy\" decoding=\"async\" data-attachment-id=\"24716\" data-permalink=\"https:\/\/www.jojoenherbe.com\/index.php\/2022\/04\/11\/point-lecture-hebdomadaire-36\/mon-papa-et-moi-4\/\" data-orig-file=\"https:\/\/i0.wp.com\/www.jojoenherbe.com\/wp-content\/uploads\/2022\/04\/Mon-papa-et-moi-4-scaled.jpg?fit=2560%2C1920&amp;ssl=1\" data-orig-size=\"2560,1920\" data-comments-opened=\"1\" data-image-meta=\"{&quot;aperture&quot;:&quot;1.8&quot;,&quot;credit&quot;:&quot;&quot;,&quot;camera&quot;:&quot;iPhone 7&quot;,&quot;caption&quot;:&quot;&quot;,&quot;created_timestamp&quot;:&quot;1649677243&quot;,&quot;copyright&quot;:&quot;&quot;,&quot;focal_length&quot;:&quot;3.99&quot;,&quot;iso&quot;:&quot;100&quot;,&quot;shutter_speed&quot;:&quot;0.090909090909091&quot;,&quot;title&quot;:&quot;&quot;,&quot;orientation&quot;:&quot;1&quot;}\" data-image-title=\"Mon papa et moi 4\" data-image-description=\"\" data-image-caption=\"\" data-large-file=\"https:\/\/i0.wp.com\/www.jojoenherbe.com\/wp-content\/uploads\/2022\/04\/Mon-papa-et-moi-4-scaled.jpg?fit=676%2C507&amp;ssl=1\" class=\"alignleft size-thumbnail wp-image-24716\" src=\"https:\/\/i0.wp.com\/www.jojoenherbe.com\/wp-content\/uploads\/2022\/04\/Mon-papa-et-moi-4.jpg?resize=150%2C150\" alt=\"\" width=\"150\" height=\"150\" srcset=\"https:\/\/i0.wp.com\/www.jojoenherbe.com\/wp-content\/uploads\/2022\/04\/Mon-papa-et-moi-4-scaled.jpg?resize=150%2C150&amp;ssl=1 150w, https:\/\/i0.wp.com\/www.jojoenherbe.com\/wp-content\/uploads\/2022\/04\/Mon-papa-et-moi-4-scaled.jpg?zoom=2&amp;resize=150%2C150 300w, https:\/\/i0.wp.com\/www.jojoenherbe.com\/wp-content\/uploads\/2022\/04\/Mon-papa-et-moi-4-scaled.jpg?zoom=3&amp;resize=150%2C150 450w\" sizes=\"auto, (max-width: 150px) 100vw, 150px\" \/><\/a>Nous avons lu et relu <a href=\"https:\/\/www.jojoenherbe.com\/index.php\/2022\/04\/07\/au-fil-des-pages-avec-mon-papa-et-moi\/\"><span style=\"text-decoration: underline;\">Mon papa et moi<\/span><\/a> de Tadao Miyamoto (\u00e9d. Mango, 1995), un album jeunesse \u00e0 partir de 3 ans joliment illustr\u00e9 qui aborde avec humour et tendresse la question de la filiation lors d\u2019une partie de p\u00eache \u00e0 la ligne de Papa Ours et son fils. Un tr\u00e8s bon moment de lecture qui se termine par une r\u00e9plique rigolote et espi\u00e8gle de la part de Petit Ours!<br><\/em><\/p>\n<ul style=\"text-align: justify;\">\n<li style=\"text-align: justify;\"><em>(Album jeunesse) <strong><span style=\"text-decoration: underline;\">Oh! Un monstre!<\/span><\/strong> de Val\u00e9rie Weishar Guiliani et Soufie R\u00e9gani<\/em><\/li>\n<\/ul>\n<p style=\"text-align: justify;\"><em><a href=\"https:\/\/i0.wp.com\/www.jojoenherbe.com\/wp-content\/uploads\/2022\/04\/Oh-Un-monstre-scaled.jpg\"><img data-recalc-dims=\"1\" loading=\"lazy\" decoding=\"async\" data-attachment-id=\"24703\" data-permalink=\"https:\/\/www.jojoenherbe.com\/index.php\/2022\/04\/11\/point-lecture-hebdomadaire-36\/oh-un-monstre\/\" data-orig-file=\"https:\/\/i0.wp.com\/www.jojoenherbe.com\/wp-content\/uploads\/2022\/04\/Oh-Un-monstre-scaled.jpg?fit=2479%2C2560&amp;ssl=1\" data-orig-size=\"2479,2560\" data-comments-opened=\"1\" data-image-meta=\"{&quot;aperture&quot;:&quot;1.8&quot;,&quot;credit&quot;:&quot;&quot;,&quot;camera&quot;:&quot;iPhone 7&quot;,&quot;caption&quot;:&quot;&quot;,&quot;created_timestamp&quot;:&quot;1649669788&quot;,&quot;copyright&quot;:&quot;&quot;,&quot;focal_length&quot;:&quot;3.99&quot;,&quot;iso&quot;:&quot;100&quot;,&quot;shutter_speed&quot;:&quot;0.076923076923077&quot;,&quot;title&quot;:&quot;&quot;,&quot;orientation&quot;:&quot;1&quot;}\" data-image-title=\"Oh! Un monstre!\" data-image-description=\"\" data-image-caption=\"\" data-large-file=\"https:\/\/i0.wp.com\/www.jojoenherbe.com\/wp-content\/uploads\/2022\/04\/Oh-Un-monstre-scaled.jpg?fit=676%2C698&amp;ssl=1\" class=\"size-thumbnail wp-image-24703 alignright\" src=\"https:\/\/i0.wp.com\/www.jojoenherbe.com\/wp-content\/uploads\/2022\/04\/Oh-Un-monstre.jpg?resize=150%2C150\" alt=\"\" width=\"150\" height=\"150\" srcset=\"https:\/\/i0.wp.com\/www.jojoenherbe.com\/wp-content\/uploads\/2022\/04\/Oh-Un-monstre-scaled.jpg?resize=150%2C150&amp;ssl=1 150w, https:\/\/i0.wp.com\/www.jojoenherbe.com\/wp-content\/uploads\/2022\/04\/Oh-Un-monstre-scaled.jpg?zoom=2&amp;resize=150%2C150 300w, https:\/\/i0.wp.com\/www.jojoenherbe.com\/wp-content\/uploads\/2022\/04\/Oh-Un-monstre-scaled.jpg?zoom=3&amp;resize=150%2C150 450w\" sizes=\"auto, (max-width: 150px) 100vw, 150px\" \/><\/a>Nous lisons <span style=\"text-decoration: underline;\">Oh! Un monstre!<\/span> de Val\u00e9rie Weishar Guiliani et Soufie R\u00e9gani (\u00e9d. Kal\u00e9idoscope, diff. L&rsquo;\u00e9cole des loisirs, 2021), un album jeunesse \u00e0 partir de 3 ans. C&rsquo;est la panique dans la for\u00eat. Les animaux sont terrifi\u00e9es par un monstre qui menace la for\u00eat. Parviendront-ils \u00e0 la sauver? Un bon moment de lecture avec cet album jeunesse joliment illustr\u00e9 et qui parle de d\u00e9forestation et de protection de l&rsquo;environnement!<\/em><\/p>\n<ul style=\"text-align: justify;\">\n<li style=\"text-align: justify;\"><em>(Album jeunesse) <strong><span style=\"text-decoration: underline;\">\u00c9l\u00e9onore et le dinosaure<\/span><\/strong> d&rsquo;Hollie Hughes et Sarah Massini<\/em><\/li>\n<\/ul>\n<p style=\"text-align: justify;\"><em><a href=\"https:\/\/i0.wp.com\/www.jojoenherbe.com\/wp-content\/uploads\/2022\/04\/Eleonore-et-le-dinosaure-scaled.jpg\"><img data-recalc-dims=\"1\" loading=\"lazy\" decoding=\"async\" data-attachment-id=\"24712\" data-permalink=\"https:\/\/www.jojoenherbe.com\/index.php\/2022\/04\/11\/point-lecture-hebdomadaire-36\/eleonore-et-le-dinosaure\/\" data-orig-file=\"https:\/\/i0.wp.com\/www.jojoenherbe.com\/wp-content\/uploads\/2022\/04\/Eleonore-et-le-dinosaure-scaled.jpg?fit=2560%2C1920&amp;ssl=1\" data-orig-size=\"2560,1920\" data-comments-opened=\"1\" data-image-meta=\"{&quot;aperture&quot;:&quot;1.8&quot;,&quot;credit&quot;:&quot;&quot;,&quot;camera&quot;:&quot;iPhone 7&quot;,&quot;caption&quot;:&quot;&quot;,&quot;created_timestamp&quot;:&quot;1649675984&quot;,&quot;copyright&quot;:&quot;&quot;,&quot;focal_length&quot;:&quot;3.99&quot;,&quot;iso&quot;:&quot;100&quot;,&quot;shutter_speed&quot;:&quot;0.14285714285714&quot;,&quot;title&quot;:&quot;&quot;,&quot;orientation&quot;:&quot;1&quot;}\" data-image-title=\"El\u00e9onore et le dinosaure\" data-image-description=\"\" data-image-caption=\"\" data-large-file=\"https:\/\/i0.wp.com\/www.jojoenherbe.com\/wp-content\/uploads\/2022\/04\/Eleonore-et-le-dinosaure-scaled.jpg?fit=676%2C507&amp;ssl=1\" class=\"size-thumbnail wp-image-24712 alignleft\" src=\"https:\/\/i0.wp.com\/www.jojoenherbe.com\/wp-content\/uploads\/2022\/04\/Eleonore-et-le-dinosaure.jpg?resize=150%2C150\" alt=\"\" width=\"150\" height=\"150\" srcset=\"https:\/\/i0.wp.com\/www.jojoenherbe.com\/wp-content\/uploads\/2022\/04\/Eleonore-et-le-dinosaure-scaled.jpg?resize=150%2C150&amp;ssl=1 150w, https:\/\/i0.wp.com\/www.jojoenherbe.com\/wp-content\/uploads\/2022\/04\/Eleonore-et-le-dinosaure-scaled.jpg?zoom=2&amp;resize=150%2C150 300w, https:\/\/i0.wp.com\/www.jojoenherbe.com\/wp-content\/uploads\/2022\/04\/Eleonore-et-le-dinosaure-scaled.jpg?zoom=3&amp;resize=150%2C150 450w\" sizes=\"auto, (max-width: 150px) 100vw, 150px\" \/><\/a>Nous lisons <span style=\"text-decoration: underline;\">\u00c9l\u00e9onore et le dinosaure<\/span> d&rsquo;Hollie Hughes et Sarah Massini (\u00e9d. Kimane, 2019, r\u00e9\u00e9d. 2022), un album jeunesse \u00e0 partir de 3 ans dont j&rsquo;attendais avec impatience la r\u00e9\u00e9dition appr\u00e9ciant l&rsquo;illustratrice et mon mini lutin \u00e9tant fan de dinosaures depuis quelques mois. Un jour, \u00c9l\u00e9onore, une petite fille solitaire et r\u00eaveuse, d\u00e9terre sur la plage le squelette d&rsquo;un dinosaure et fait le v\u0153u que celui-ci devienne son ami. Un tr\u00e8s bon moment de lecture avec cet album jeunesse, ode aux r\u00eaves et \u00e0 l&rsquo;imagination des enfants et magnifiquement illustr\u00e9!<br><\/em><\/p>\n<ul style=\"text-align: justify;\">\n<li style=\"text-align: justify;\">(<em>Album jeunesse) <span class=\"_7UhW9   xLCgt      MMzan   KV-D4           se6yk       T0kll \"><strong><span style=\"text-decoration: underline;\">Des myrtilles pour Lily<\/span><\/strong> de Robert McCloskey<\/span><\/em><\/li>\n<\/ul>\n<p style=\"text-align: justify;\"><em><span class=\"_7UhW9   xLCgt      MMzan   KV-D4           se6yk       T0kll \"><a href=\"https:\/\/i0.wp.com\/www.jojoenherbe.com\/wp-content\/uploads\/2022\/04\/Des-myrtilles-pour-Lily-scaled.jpg\"><img data-recalc-dims=\"1\" loading=\"lazy\" decoding=\"async\" data-attachment-id=\"24721\" data-permalink=\"https:\/\/www.jojoenherbe.com\/index.php\/2022\/04\/11\/point-lecture-hebdomadaire-36\/des-myrtilles-pour-lily\/\" data-orig-file=\"https:\/\/i0.wp.com\/www.jojoenherbe.com\/wp-content\/uploads\/2022\/04\/Des-myrtilles-pour-Lily-scaled.jpg?fit=2560%2C1920&amp;ssl=1\" data-orig-size=\"2560,1920\" data-comments-opened=\"1\" data-image-meta=\"{&quot;aperture&quot;:&quot;1.8&quot;,&quot;credit&quot;:&quot;&quot;,&quot;camera&quot;:&quot;iPhone 7&quot;,&quot;caption&quot;:&quot;&quot;,&quot;created_timestamp&quot;:&quot;1649677767&quot;,&quot;copyright&quot;:&quot;&quot;,&quot;focal_length&quot;:&quot;3.99&quot;,&quot;iso&quot;:&quot;100&quot;,&quot;shutter_speed&quot;:&quot;0.076923076923077&quot;,&quot;title&quot;:&quot;&quot;,&quot;orientation&quot;:&quot;1&quot;}\" data-image-title=\"Des myrtilles pour Lily\" data-image-description=\"\" data-image-caption=\"\" data-large-file=\"https:\/\/i0.wp.com\/www.jojoenherbe.com\/wp-content\/uploads\/2022\/04\/Des-myrtilles-pour-Lily-scaled.jpg?fit=676%2C507&amp;ssl=1\" class=\"size-thumbnail wp-image-24721 alignright\" src=\"https:\/\/i0.wp.com\/www.jojoenherbe.com\/wp-content\/uploads\/2022\/04\/Des-myrtilles-pour-Lily.jpg?resize=150%2C150\" alt=\"\" width=\"150\" height=\"150\" srcset=\"https:\/\/i0.wp.com\/www.jojoenherbe.com\/wp-content\/uploads\/2022\/04\/Des-myrtilles-pour-Lily-scaled.jpg?resize=150%2C150&amp;ssl=1 150w, https:\/\/i0.wp.com\/www.jojoenherbe.com\/wp-content\/uploads\/2022\/04\/Des-myrtilles-pour-Lily-scaled.jpg?zoom=2&amp;resize=150%2C150 300w, https:\/\/i0.wp.com\/www.jojoenherbe.com\/wp-content\/uploads\/2022\/04\/Des-myrtilles-pour-Lily-scaled.jpg?zoom=3&amp;resize=150%2C150 450w\" sizes=\"auto, (max-width: 150px) 100vw, 150px\" \/><\/a>Nous lisons <span style=\"text-decoration: underline;\">Des myrtilles pour Lily<\/span> de Robert McCloskey (\u00e9d. Le Gen\u00e9vrier, 2011), un album jeunesse \u00e0 partir de 3 ans et tout<\/span><\/em><span class=\"_7UhW9   xLCgt      MMzan   KV-D4           se6yk       T0kll \"><em> mignon&nbsp; d&rsquo;une petite fille, Lily partie cueillir des myrtilles avec sa m\u00e8re et rencontrant un ourson et sa m\u00e8re. Un tr\u00e8s bon moment de lecture avec cet album jeunesse rep\u00e9r\u00e9 rep\u00e9r\u00e9 il y a un moment chez <a href=\"http:\/\/mapetitemediatheque.fr\/2020\/09\/des-myrtilles-pour-lily-album-jeunesse\/\">Bidib<\/a> et aux jolies illustrations vintage (l\u2019album \u00e9tant paru pour la premi\u00e8re fois aux \u00c9tats-Unis en 1948!<\/em> <\/span><\/p>\n<p style=\"text-align: justify;\"><em><span style=\"text-decoration: underline;\">Des lectures ados\/young adult<\/span>:<\/em><\/p>\n<ul style=\"text-align: justify;\">\n<li><em>(Roman young adult) <span style=\"text-decoration: underline;\"><strong>Le Roi mal\u00e9fique<\/strong><\/span> d&rsquo;Holly Black <strong>(T2)<\/strong><\/em><\/li>\n<\/ul>\n<p style=\"text-align: justify;\"><a href=\"https:\/\/i0.wp.com\/www.jojoenherbe.com\/wp-content\/uploads\/2022\/04\/Le-Roi-malefique-scaled.jpg\"><img data-recalc-dims=\"1\" loading=\"lazy\" decoding=\"async\" data-attachment-id=\"24713\" data-permalink=\"https:\/\/www.jojoenherbe.com\/index.php\/2022\/04\/11\/point-lecture-hebdomadaire-36\/le-roi-malefique\/\" data-orig-file=\"https:\/\/i0.wp.com\/www.jojoenherbe.com\/wp-content\/uploads\/2022\/04\/Le-Roi-malefique-scaled.jpg?fit=2560%2C1920&amp;ssl=1\" data-orig-size=\"2560,1920\" data-comments-opened=\"1\" data-image-meta=\"{&quot;aperture&quot;:&quot;1.8&quot;,&quot;credit&quot;:&quot;&quot;,&quot;camera&quot;:&quot;iPhone 7&quot;,&quot;caption&quot;:&quot;&quot;,&quot;created_timestamp&quot;:&quot;1649676232&quot;,&quot;copyright&quot;:&quot;&quot;,&quot;focal_length&quot;:&quot;3.99&quot;,&quot;iso&quot;:&quot;80&quot;,&quot;shutter_speed&quot;:&quot;0.125&quot;,&quot;title&quot;:&quot;&quot;,&quot;orientation&quot;:&quot;1&quot;}\" data-image-title=\"Le Roi mal\u00e9fique\" data-image-description=\"\" data-image-caption=\"\" data-large-file=\"https:\/\/i0.wp.com\/www.jojoenherbe.com\/wp-content\/uploads\/2022\/04\/Le-Roi-malefique-scaled.jpg?fit=676%2C507&amp;ssl=1\" class=\"alignleft size-thumbnail wp-image-24713\" src=\"https:\/\/i0.wp.com\/www.jojoenherbe.com\/wp-content\/uploads\/2022\/04\/Le-Roi-malefique.jpg?resize=150%2C150\" alt=\"\" width=\"150\" height=\"150\" srcset=\"https:\/\/i0.wp.com\/www.jojoenherbe.com\/wp-content\/uploads\/2022\/04\/Le-Roi-malefique-scaled.jpg?resize=150%2C150&amp;ssl=1 150w, https:\/\/i0.wp.com\/www.jojoenherbe.com\/wp-content\/uploads\/2022\/04\/Le-Roi-malefique-scaled.jpg?zoom=2&amp;resize=150%2C150 300w, https:\/\/i0.wp.com\/www.jojoenherbe.com\/wp-content\/uploads\/2022\/04\/Le-Roi-malefique-scaled.jpg?zoom=3&amp;resize=150%2C150 450w\" sizes=\"auto, (max-width: 150px) 100vw, 150px\" \/><\/a><em>Apr\u00e8s avoir lu la semaine derni\u00e8re <span style=\"text-decoration: underline;\">Le Prince cruel<\/span>, tome 1 de la trilogie <span style=\"text-decoration: underline;\">Le Peuple de l&rsquo;Air<\/span>, j&rsquo;ai encha\u00een\u00e9 avec le tome 2, <span style=\"text-decoration: underline;\">Le Roi Mal\u00e9fique<\/span> d&rsquo;Holly Black (\u00e9d. Rageot, 2021, 470 pages). J&rsquo;ai bien plus appr\u00e9ci\u00e9 ce tome plac\u00e9 sous le signe de l&rsquo;action et qui reprend l&rsquo;histoire cinq mois apr\u00e8s les \u00e9v\u00e8nements du tome pr\u00e9c\u00e9dent. Contre toute attente et gr\u00e2ce aux agissements de Jude, c&rsquo;est le Prince Cardan qui est devenu Roi de <span class=\"_7UhW9   xLCgt      MMzan   KV-D4           se6yk       T0kll \">Terraf\u00e6<\/span>. En tant que S\u00e9n\u00e9chale du roi, Jude devra faire preuve de courage, d&rsquo;audace et de strat\u00e9gie pour d\u00e9jouer tous les complots et alliances qui pourraient compromettre le r\u00e8gne de Cardan et alors que ses sentiments \u00e0 l&rsquo;\u00e9gard de son pire ennemi deviennent ambivalents et la perturbent grandement. Un tr\u00e8s bon moment de lecture!<\/em><\/p>\n<ul style=\"text-align: justify;\">\n<li style=\"text-align: justify;\"><em>(Nouvelle) <strong><span style=\"text-decoration: underline;\">Les S\u0153urs perdus<\/span><\/strong> d&rsquo;Holly Black <strong>(T1,5)<\/strong><\/em><\/li>\n<\/ul>\n<p style=\"text-align: justify;\"><a href=\"https:\/\/i0.wp.com\/www.jojoenherbe.com\/wp-content\/uploads\/2022\/04\/Les-Soeurs-perdues-scaled.jpg\"><img data-recalc-dims=\"1\" loading=\"lazy\" decoding=\"async\" data-attachment-id=\"24714\" data-permalink=\"https:\/\/www.jojoenherbe.com\/index.php\/2022\/04\/11\/point-lecture-hebdomadaire-36\/les-soeurs-perdues\/\" data-orig-file=\"https:\/\/i0.wp.com\/www.jojoenherbe.com\/wp-content\/uploads\/2022\/04\/Les-Soeurs-perdues-scaled.jpg?fit=2560%2C1848&amp;ssl=1\" data-orig-size=\"2560,1848\" data-comments-opened=\"1\" data-image-meta=\"{&quot;aperture&quot;:&quot;1.8&quot;,&quot;credit&quot;:&quot;&quot;,&quot;camera&quot;:&quot;iPhone 7&quot;,&quot;caption&quot;:&quot;&quot;,&quot;created_timestamp&quot;:&quot;1649676225&quot;,&quot;copyright&quot;:&quot;&quot;,&quot;focal_length&quot;:&quot;3.99&quot;,&quot;iso&quot;:&quot;80&quot;,&quot;shutter_speed&quot;:&quot;0.16666666666667&quot;,&quot;title&quot;:&quot;&quot;,&quot;orientation&quot;:&quot;1&quot;}\" data-image-title=\"Les Soeurs perdues\" data-image-description=\"\" data-image-caption=\"\" data-large-file=\"https:\/\/i0.wp.com\/www.jojoenherbe.com\/wp-content\/uploads\/2022\/04\/Les-Soeurs-perdues-scaled.jpg?fit=676%2C488&amp;ssl=1\" class=\"size-thumbnail wp-image-24714 alignright\" src=\"https:\/\/i0.wp.com\/www.jojoenherbe.com\/wp-content\/uploads\/2022\/04\/Les-Soeurs-perdues.jpg?resize=150%2C150\" alt=\"\" width=\"150\" height=\"150\" srcset=\"https:\/\/i0.wp.com\/www.jojoenherbe.com\/wp-content\/uploads\/2022\/04\/Les-Soeurs-perdues-scaled.jpg?resize=150%2C150&amp;ssl=1 150w, https:\/\/i0.wp.com\/www.jojoenherbe.com\/wp-content\/uploads\/2022\/04\/Les-Soeurs-perdues-scaled.jpg?zoom=2&amp;resize=150%2C150 300w, https:\/\/i0.wp.com\/www.jojoenherbe.com\/wp-content\/uploads\/2022\/04\/Les-Soeurs-perdues-scaled.jpg?zoom=3&amp;resize=150%2C150 450w\" sizes=\"auto, (max-width: 150px) 100vw, 150px\" \/><\/a><em>J&rsquo;ai lu \u00e9galement <span class=\"_7UhW9   xLCgt      MMzan   KV-D4           se6yk       T0kll \"><span style=\"text-decoration: underline;\">Les s\u0153urs perdues<\/span> d\u2019Holly Black (\u00e9d. Rageot, 2021, 58 pages), une tr\u00e8s courte nouvelle se d\u00e9roulant entre le tome 1 (<span style=\"text-decoration: underline;\">Le Prince cruel<\/span>) et le tome 2 (<span style=\"text-decoration: underline;\">Le Roi mal\u00e9fique<\/span>) de la trilogie Le Peuple de l\u2019Air. En attendant de pouvoir lire le tome 3, <span style=\"text-decoration: underline;\">La Reine sans royaume<\/span> <\/span>qui est paru fin mars 2022<\/em><span class=\"_7UhW9   xLCgt      MMzan   KV-D4           se6yk       T0kll \"><em>, c\u2019est avec plaisir que je me replonge dans le royaume de Terraf\u00e6. Un bon moment de lecture en en apprenant un peu plus sur Taryn (et sa romance avec Locke) gr\u00e2ce \u00e0 sa lettre d\u2019excuse adress\u00e9e \u00e0 sa s\u0153ur jumelle Jude!<\/em> <br><\/span><\/p>\n<p style=\"text-align: justify;\"><em><span style=\"text-decoration: underline;\">Des lectures adultes<\/span>:<\/em><\/p>\n<ul style=\"text-align: justify;\">\n<li style=\"text-align: justify;\"><em>(Romance feel-good) <span class=\"_7UhW9   xLCgt      MMzan   KV-D4           se6yk       T0kll \"><strong><span style=\"text-decoration: underline;\">L&rsquo;irr\u00e9sistible histoire du Caf\u00e9 Myrtille<\/span><\/strong> de Mary Simses<\/span><\/em><\/li>\n<\/ul>\n<p style=\"text-align: justify;\"><em><span class=\"_7UhW9   xLCgt      MMzan   KV-D4           se6yk       T0kll \"><a href=\"https:\/\/i0.wp.com\/www.jojoenherbe.com\/wp-content\/uploads\/2022\/04\/Lirresistible-histoire-du-Cafe-Myrtille-scaled.jpg\"><img data-recalc-dims=\"1\" loading=\"lazy\" decoding=\"async\" data-attachment-id=\"24700\" data-permalink=\"https:\/\/www.jojoenherbe.com\/index.php\/2022\/04\/11\/point-lecture-hebdomadaire-36\/lirresistible-histoire-du-cafe-myrtille\/\" data-orig-file=\"https:\/\/i0.wp.com\/www.jojoenherbe.com\/wp-content\/uploads\/2022\/04\/Lirresistible-histoire-du-Cafe-Myrtille-scaled.jpg?fit=2560%2C1920&amp;ssl=1\" data-orig-size=\"2560,1920\" data-comments-opened=\"1\" data-image-meta=\"{&quot;aperture&quot;:&quot;1.8&quot;,&quot;credit&quot;:&quot;&quot;,&quot;camera&quot;:&quot;iPhone 7&quot;,&quot;caption&quot;:&quot;&quot;,&quot;created_timestamp&quot;:&quot;1649669733&quot;,&quot;copyright&quot;:&quot;&quot;,&quot;focal_length&quot;:&quot;3.99&quot;,&quot;iso&quot;:&quot;80&quot;,&quot;shutter_speed&quot;:&quot;0.125&quot;,&quot;title&quot;:&quot;&quot;,&quot;orientation&quot;:&quot;1&quot;}\" data-image-title=\"L&amp;rsquo;irr\u00e9sistible histoire du Caf\u00e9 Myrtille\" data-image-description=\"\" data-image-caption=\"\" data-large-file=\"https:\/\/i0.wp.com\/www.jojoenherbe.com\/wp-content\/uploads\/2022\/04\/Lirresistible-histoire-du-Cafe-Myrtille-scaled.jpg?fit=676%2C507&amp;ssl=1\" class=\"alignleft size-thumbnail wp-image-24700\" src=\"https:\/\/i0.wp.com\/www.jojoenherbe.com\/wp-content\/uploads\/2022\/04\/Lirresistible-histoire-du-Cafe-Myrtille.jpg?resize=150%2C150\" alt=\"\" width=\"150\" height=\"150\" srcset=\"https:\/\/i0.wp.com\/www.jojoenherbe.com\/wp-content\/uploads\/2022\/04\/Lirresistible-histoire-du-Cafe-Myrtille-scaled.jpg?resize=150%2C150&amp;ssl=1 150w, https:\/\/i0.wp.com\/www.jojoenherbe.com\/wp-content\/uploads\/2022\/04\/Lirresistible-histoire-du-Cafe-Myrtille-scaled.jpg?zoom=2&amp;resize=150%2C150 300w, https:\/\/i0.wp.com\/www.jojoenherbe.com\/wp-content\/uploads\/2022\/04\/Lirresistible-histoire-du-Cafe-Myrtille-scaled.jpg?zoom=3&amp;resize=150%2C150 450w\" sizes=\"auto, (max-width: 150px) 100vw, 150px\" \/><\/a>J&rsquo;ai lu <span style=\"text-decoration: underline;\">L&rsquo;irr\u00e9sistible histoire du Caf\u00e9 Myrtille<\/span> de Mary Simses (\u00e9d. NiL, 2018, 422 pages), une romance feel-good et l\u00e9g\u00e8re se d\u00e9roulant dans un toute petite ville c\u00f4ti\u00e8re du Maine, une femme de 35 ans, Ellen Branford respectant les derni\u00e8res volont\u00e9s de sa grand-m\u00e8re venant de d\u00e9c\u00e9der une semaine auparavant en apportant une lettre \u00e0 son amour de jeunesse. Tout en d\u00e9couvrant le pass\u00e9 de sa grand-m\u00e8re et en faisant la rencontre de Roy, elle va remettre en question sa propre vie, tant sur un plan personnel que professionnel. Un bon moment de lecture avec des passages de gourmands comme les muffins aux myrtilles et qui fait la part belle \u00e0 la vie simple et paisible au bord de l&rsquo;eau! Une lecture qui rentre dans le challenge Cottagecore de MissyCornish.<br><\/span><\/em><\/p>\n<ul style=\"text-align: justify;\">\n<li style=\"text-align: justify;\"><em>(Roman court) <strong><span style=\"text-decoration: underline;\">Le poids des secrets, Tsubaki<\/span><\/strong> d&rsquo;Aki Shimazaki <strong>(T1)<\/strong><\/em><\/li>\n<\/ul>\n<p style=\"text-align: justify;\"><em><a href=\"https:\/\/i0.wp.com\/www.jojoenherbe.com\/wp-content\/uploads\/2022\/04\/Le-poids-des-secrets-T1-Tsubaki-2-scaled.jpg\"><img data-recalc-dims=\"1\" loading=\"lazy\" decoding=\"async\" data-attachment-id=\"24619\" data-permalink=\"https:\/\/www.jojoenherbe.com\/index.php\/2022\/04\/10\/au-fil-des-pages-avec-le-tome-1-du-poids-des-secrets\/le-poids-des-secrets-t1-tsubaki-2\/\" data-orig-file=\"https:\/\/i0.wp.com\/www.jojoenherbe.com\/wp-content\/uploads\/2022\/04\/Le-poids-des-secrets-T1-Tsubaki-2-scaled.jpg?fit=2560%2C1879&amp;ssl=1\" data-orig-size=\"2560,1879\" data-comments-opened=\"1\" data-image-meta=\"{&quot;aperture&quot;:&quot;1.8&quot;,&quot;credit&quot;:&quot;&quot;,&quot;camera&quot;:&quot;iPhone 7&quot;,&quot;caption&quot;:&quot;&quot;,&quot;created_timestamp&quot;:&quot;1649505010&quot;,&quot;copyright&quot;:&quot;&quot;,&quot;focal_length&quot;:&quot;3.99&quot;,&quot;iso&quot;:&quot;80&quot;,&quot;shutter_speed&quot;:&quot;0.16666666666667&quot;,&quot;title&quot;:&quot;&quot;,&quot;orientation&quot;:&quot;1&quot;}\" data-image-title=\"Le poids des secrets T1 &amp;#8211; Tsubaki (2)\" data-image-description=\"\" data-image-caption=\"\" data-large-file=\"https:\/\/i0.wp.com\/www.jojoenherbe.com\/wp-content\/uploads\/2022\/04\/Le-poids-des-secrets-T1-Tsubaki-2-scaled.jpg?fit=676%2C496&amp;ssl=1\" class=\"size-thumbnail wp-image-24619 alignright\" src=\"https:\/\/i0.wp.com\/www.jojoenherbe.com\/wp-content\/uploads\/2022\/04\/Le-poids-des-secrets-T1-Tsubaki-2.jpg?resize=150%2C150\" alt=\"\" width=\"150\" height=\"150\" srcset=\"https:\/\/i0.wp.com\/www.jojoenherbe.com\/wp-content\/uploads\/2022\/04\/Le-poids-des-secrets-T1-Tsubaki-2-scaled.jpg?resize=150%2C150&amp;ssl=1 150w, https:\/\/i0.wp.com\/www.jojoenherbe.com\/wp-content\/uploads\/2022\/04\/Le-poids-des-secrets-T1-Tsubaki-2-scaled.jpg?zoom=2&amp;resize=150%2C150 300w, https:\/\/i0.wp.com\/www.jojoenherbe.com\/wp-content\/uploads\/2022\/04\/Le-poids-des-secrets-T1-Tsubaki-2-scaled.jpg?zoom=3&amp;resize=150%2C150 450w\" sizes=\"auto, (max-width: 150px) 100vw, 150px\" \/><\/a>Pour la lecture commune du 8 avril d\u2019Un mois au Japon 2022,&nbsp; j\u2019ai choisi de d\u00e9couvrir <a href=\"https:\/\/www.jojoenherbe.com\/index.php\/2022\/04\/10\/au-fil-des-pages-avec-le-tome-1-du-poids-des-secrets\/\"><span style=\"text-decoration: underline;\">Tsubaki<\/span><\/a> d\u2019Aki Shimazaki (\u00e9d. Actes Sud, coll. Babel, n\u00b0712, 1999, r\u00e9\u00e9d. 2016, 115 pages), un roman court constituant le premier tome de la premi\u00e8re pentalogie <span style=\"text-decoration: underline;\">Le poids des secrets<\/span> de cette autrice japonaise. <\/em><em><span class=\"_7UhW9   xLCgt      MMzan   KV-D4           se6yk       T0kll \">Dans les ann\u00e9es 1990, Yukiko, dans la soixantaine, vient de mourir et laisse \u00e0 sa fille Namiko deux lettres \u00e9crites trois semaines avant sa mort, une \u00e0 son attention et la seconde qu&rsquo;elle doit remettre \u00e0 un certain Yukio Takahashi dont Namiko n&rsquo;a jamais entendu parl\u00e9. Qui \u00e9tait-il pour sa m\u00e8re? Quel terrible secret familial cachait Yukiko qui avait pourtant surv\u00e9cu \u00e0 la bombe atomique tomb\u00e9e sur la ville de Nagasaki le 9 ao\u00fbt 1945?<\/span><\/em><\/p>\n<p style=\"text-align: justify;\"><em><span class=\"_7UhW9   xLCgt      MMzan   KV-D4           se6yk       T0kll \">Avec une \u00e9criture simple, \u00e9pur\u00e9e et pourtant rempli d&rsquo;\u00e9motions contenues, l\u2019autrice aborde, de fa\u00e7on pudique et d\u00e9licate, des th\u00e8mes graves et douloureux \u00e0 travers une histoire de famille qui se m\u00e9lange \u00e0 la grande Histoire: deuil, poids pesant des traditions familiales dans le Japon du d\u00e9but du XXe si\u00e8cle, conditions de vie pendant la Seconde Guerre mondiale\u2026 <\/span><\/em><em><span class=\"_7UhW9   xLCgt      MMzan   KV-D4           se6yk       T0kll \">Un tr\u00e8s bon moment de lecture avec Tsubaki qui signifie cam\u00e9lia, la fleur pr\u00e9f\u00e9r\u00e9e d&rsquo;Yukiko! J&rsquo;ai h\u00e2te de pouvoir lire les tomes suivants de ce premier cycle.<\/span><\/em><\/p>\n<ul style=\"text-align: justify;\">\n<li><em>(Romance) <strong><span style=\"text-decoration: underline;\">Broken Love<\/span><\/strong> de Clara Brunelli <strong>(T1)<\/strong><\/em><\/li>\n<\/ul>\n<p style=\"text-align: justify;\"><a href=\"https:\/\/i0.wp.com\/www.jojoenherbe.com\/wp-content\/uploads\/2022\/04\/Broken-love-T1.jpg\"><img data-recalc-dims=\"1\" loading=\"lazy\" decoding=\"async\" data-attachment-id=\"24729\" data-permalink=\"https:\/\/www.jojoenherbe.com\/index.php\/2022\/04\/11\/point-lecture-hebdomadaire-36\/broken-love-t1\/\" data-orig-file=\"https:\/\/i0.wp.com\/www.jojoenherbe.com\/wp-content\/uploads\/2022\/04\/Broken-love-T1.jpg?fit=750%2C1334&amp;ssl=1\" data-orig-size=\"750,1334\" data-comments-opened=\"1\" data-image-meta=\"{&quot;aperture&quot;:&quot;0&quot;,&quot;credit&quot;:&quot;&quot;,&quot;camera&quot;:&quot;&quot;,&quot;caption&quot;:&quot;&quot;,&quot;created_timestamp&quot;:&quot;0&quot;,&quot;copyright&quot;:&quot;&quot;,&quot;focal_length&quot;:&quot;0&quot;,&quot;iso&quot;:&quot;0&quot;,&quot;shutter_speed&quot;:&quot;0&quot;,&quot;title&quot;:&quot;&quot;,&quot;orientation&quot;:&quot;0&quot;}\" data-image-title=\"Broken love T1\" data-image-description=\"\" data-image-caption=\"\" data-large-file=\"https:\/\/i0.wp.com\/www.jojoenherbe.com\/wp-content\/uploads\/2022\/04\/Broken-love-T1.jpg?fit=576%2C1024&amp;ssl=1\" class=\"size-thumbnail wp-image-24729 alignleft\" src=\"https:\/\/i0.wp.com\/www.jojoenherbe.com\/wp-content\/uploads\/2022\/04\/Broken-love-T1.jpg?resize=150%2C150\" alt=\"\" width=\"150\" height=\"150\" srcset=\"https:\/\/i0.wp.com\/www.jojoenherbe.com\/wp-content\/uploads\/2022\/04\/Broken-love-T1.jpg?resize=150%2C150&amp;ssl=1 150w, https:\/\/i0.wp.com\/www.jojoenherbe.com\/wp-content\/uploads\/2022\/04\/Broken-love-T1.jpg?zoom=2&amp;resize=150%2C150 300w, https:\/\/i0.wp.com\/www.jojoenherbe.com\/wp-content\/uploads\/2022\/04\/Broken-love-T1.jpg?zoom=3&amp;resize=150%2C150 450w\" sizes=\"auto, (max-width: 150px) 100vw, 150px\" \/><\/a><em>J&rsquo;ai lu samedi soir en e-book <span style=\"text-decoration: underline;\">Broken Love<\/span> de Clara Brunelli (\u00e9d. Auto\u00e9dition, 2021, 274 pages), une romance contemporaine se passant entre Paris et Aix-en-Provence et qui est le tome 1 de la s\u00e9rie <span style=\"text-decoration: underline;\">Broken<\/span>. Retourn\u00e9e vivre chez ses parents apr\u00e8s une agression qui a mis fin \u00e0 sa carri\u00e8re de danseuse \u00e9toile \u00e0 Paris pour laquelle elle s&rsquo;est consacr\u00e9e depuis toute petite, Juliette s&rsquo;est referm\u00e9e sur elle-m\u00eame, allant jusqu&rsquo;\u00e0 couper tout contact avec son ancienne vie, que ce soit sa meilleure amie \u00e9galement danseuse, No\u00e9mie ou son ex fianc\u00e9 Nathan. Alors qu&rsquo;elle se rend chez son kin\u00e9, elle rencontre Mathias, coach sportif qui vient de perdre son meilleur ami, Damien et qui a du mal \u00e0 faire son deuil et \u00e0 contenir sa violence. Et si l&rsquo;amour permettait \u00e0 ces deux \u00eatres de soigner leurs blessures respectives et se reconstruire? Une romance agr\u00e9able sous fond de suspense et qui aborde des th\u00e8mes comme un pass\u00e9 douloureux, la r\u00e9silience et la seconde chance ou bien encore comment se reconstruire apr\u00e8s la perte d&rsquo;un r\u00eave ou d&rsquo;un \u00eatre cher!<\/em><\/p>\n<p style=\"text-align: justify;\"><strong><span style=\"text-decoration: underline;\">Nos lectures en cours<\/span>:<\/strong><\/p>\n<ul style=\"text-align: justify;\">\n<li><em>(Roman adulte) <span style=\"text-decoration: underline;\"><strong>L&rsquo;auberge de la Jama\u00efque<\/strong><\/span> de Daphn\u00e9 Du Maurier<\/em><\/li>\n<\/ul>\n<p style=\"text-align: justify;\"><a href=\"https:\/\/i0.wp.com\/www.jojoenherbe.com\/wp-content\/uploads\/2022\/04\/Lauberge-de-la-Jamaique-scaled.jpg\"><img data-recalc-dims=\"1\" loading=\"lazy\" decoding=\"async\" data-attachment-id=\"24492\" data-permalink=\"https:\/\/www.jojoenherbe.com\/index.php\/2022\/04\/04\/point-lecture-hebdomadaire-35\/lauberge-de-la-jamaique\/\" data-orig-file=\"https:\/\/i0.wp.com\/www.jojoenherbe.com\/wp-content\/uploads\/2022\/04\/Lauberge-de-la-Jamaique-scaled.jpg?fit=2560%2C1942&amp;ssl=1\" data-orig-size=\"2560,1942\" data-comments-opened=\"1\" data-image-meta=\"{&quot;aperture&quot;:&quot;1.8&quot;,&quot;credit&quot;:&quot;&quot;,&quot;camera&quot;:&quot;iPhone 7&quot;,&quot;caption&quot;:&quot;&quot;,&quot;created_timestamp&quot;:&quot;1649157069&quot;,&quot;copyright&quot;:&quot;&quot;,&quot;focal_length&quot;:&quot;3.99&quot;,&quot;iso&quot;:&quot;100&quot;,&quot;shutter_speed&quot;:&quot;0.1&quot;,&quot;title&quot;:&quot;&quot;,&quot;orientation&quot;:&quot;1&quot;}\" data-image-title=\"L&amp;rsquo;auberge de la Jama\u00efque\" data-image-description=\"\" data-image-caption=\"\" data-large-file=\"https:\/\/i0.wp.com\/www.jojoenherbe.com\/wp-content\/uploads\/2022\/04\/Lauberge-de-la-Jamaique-scaled.jpg?fit=676%2C513&amp;ssl=1\" class=\"size-thumbnail wp-image-24492 alignright\" src=\"https:\/\/i0.wp.com\/www.jojoenherbe.com\/wp-content\/uploads\/2022\/04\/Lauberge-de-la-Jamaique.jpg?resize=150%2C150\" alt=\"\" width=\"150\" height=\"150\" srcset=\"https:\/\/i0.wp.com\/www.jojoenherbe.com\/wp-content\/uploads\/2022\/04\/Lauberge-de-la-Jamaique-scaled.jpg?resize=150%2C150&amp;ssl=1 150w, https:\/\/i0.wp.com\/www.jojoenherbe.com\/wp-content\/uploads\/2022\/04\/Lauberge-de-la-Jamaique-scaled.jpg?zoom=2&amp;resize=150%2C150 300w, https:\/\/i0.wp.com\/www.jojoenherbe.com\/wp-content\/uploads\/2022\/04\/Lauberge-de-la-Jamaique-scaled.jpg?zoom=3&amp;resize=150%2C150 450w\" sizes=\"auto, (max-width: 150px) 100vw, 150px\" \/><\/a><em>Commenc\u00e9 la semaine derni\u00e8re lors du cours de tennis de mon mini lutin, je poursuis dimanche soir ma lecture de <span style=\"text-decoration: underline;\">L&rsquo;auberge de la Jama\u00efque<\/span> de Daphn\u00e9 Du Maurier (\u00e9d. Le livre de poche, n\u00b077, 1941, r\u00e9\u00e9d. 2021, 318 pages) jusqu&rsquo;au chapitre VII (p.112). L&rsquo;ambiance est toujours oppressante au sein de la mis\u00e9rable auberge tenue par son cruel et ivrogne oncle Josh mais Mary peut trouver du r\u00e9confort dans la d\u00e9couverte de la lande sauvage. Comment parviendra-t-elle \u00e0 survivre \u00e0 d\u00e9faut de se sauver et ne pas tomber dans la folie m\u00e9lancolique comme sa tante Patience?<br><\/em><\/p>\n<ul style=\"text-align: justify;\">\n<li style=\"text-align: justify;\"><em>(Roman jeunesse) <span style=\"text-decoration: underline;\"><strong>H\u00f4tel Heartwood, Un hiver si doux<\/strong><\/span> de Kallie George et Stephanie Graegin <strong>(T2)<\/strong><\/em><\/li>\n<\/ul>\n<p style=\"text-align: justify;\"><em><a href=\"https:\/\/i0.wp.com\/www.jojoenherbe.com\/wp-content\/uploads\/2021\/12\/Hotel-Heartwood-T2-scaled.jpg\"><img data-recalc-dims=\"1\" loading=\"lazy\" decoding=\"async\" data-attachment-id=\"22779\" data-permalink=\"https:\/\/www.jojoenherbe.com\/index.php\/2021\/12\/13\/point-lecture-hebdomadaire-19\/hotel-heartwood-t2\/\" data-orig-file=\"https:\/\/i0.wp.com\/www.jojoenherbe.com\/wp-content\/uploads\/2021\/12\/Hotel-Heartwood-T2-scaled.jpg?fit=2560%2C1920&amp;ssl=1\" data-orig-size=\"2560,1920\" data-comments-opened=\"1\" data-image-meta=\"{&quot;aperture&quot;:&quot;1.8&quot;,&quot;credit&quot;:&quot;&quot;,&quot;camera&quot;:&quot;iPhone 7&quot;,&quot;caption&quot;:&quot;&quot;,&quot;created_timestamp&quot;:&quot;1639391328&quot;,&quot;copyright&quot;:&quot;&quot;,&quot;focal_length&quot;:&quot;3.99&quot;,&quot;iso&quot;:&quot;100&quot;,&quot;shutter_speed&quot;:&quot;0.071428571428571&quot;,&quot;title&quot;:&quot;&quot;,&quot;orientation&quot;:&quot;1&quot;}\" data-image-title=\"H\u00f4tel Heartwood T2\" data-image-description=\"\" data-image-caption=\"\" data-large-file=\"https:\/\/i0.wp.com\/www.jojoenherbe.com\/wp-content\/uploads\/2021\/12\/Hotel-Heartwood-T2-scaled.jpg?fit=676%2C507&amp;ssl=1\" class=\"alignleft size-thumbnail wp-image-22779\" src=\"https:\/\/i0.wp.com\/www.jojoenherbe.com\/wp-content\/uploads\/2021\/12\/Hotel-Heartwood-T2.jpg?resize=150%2C150\" alt=\"\" width=\"150\" height=\"150\" srcset=\"https:\/\/i0.wp.com\/www.jojoenherbe.com\/wp-content\/uploads\/2021\/12\/Hotel-Heartwood-T2-scaled.jpg?resize=150%2C150&amp;ssl=1 150w, https:\/\/i0.wp.com\/www.jojoenherbe.com\/wp-content\/uploads\/2021\/12\/Hotel-Heartwood-T2-scaled.jpg?zoom=2&amp;resize=150%2C150 300w, https:\/\/i0.wp.com\/www.jojoenherbe.com\/wp-content\/uploads\/2021\/12\/Hotel-Heartwood-T2-scaled.jpg?zoom=3&amp;resize=150%2C150 450w\" sizes=\"auto, (max-width: 150px) 100vw, 150px\" \/><\/a>Comme chaque mercredi depuis janvier, nous continuons de lire le tome 2 d&rsquo;<span style=\"text-decoration: underline;\">H\u00f4tel Heartwood, Un hiver si doux<\/span> de Kallie George et Stephanie Graegin (\u00e9d. Casterman Jeunesse, 2019, 187 pages), un roman jeunesse \u00e0 partir de 8 ans et aux jolies illustrations en noir et blanc. Nous prenons toujours autant de plaisir \u00e0 suivre les aventures douces et bienveillantes de Mona qui comme les autres r\u00e9sidents de l&rsquo;H\u00f4tel Heartwood affronte un dur hiver au cours duquel les r\u00e9serves de nourriture disparaissent et que la temp\u00eate de neige emp\u00eache tout r\u00e9approvisionnement. Nous en sommes presque \u00e0 la toute fin, au chapitre 14 (p.166). <\/em><\/p>\n<p style=\"text-align: justify;\"><img data-recalc-dims=\"1\" loading=\"lazy\" decoding=\"async\" class=\"wp-image-20227 alignright\" src=\"https:\/\/pativore.files.wordpress.com\/2022\/01\/semaine-mille-pages-2022.jpg?w=646&#038;resize=95%2C171\" sizes=\"auto, (max-width: 298px) 100vw, 298px\" srcset=\"https:\/\/pativore.files.wordpress.com\/2022\/01\/semaine-mille-pages-2022.jpg 298w, https:\/\/pativore.files.wordpress.com\/2022\/01\/semaine-mille-pages-2022.jpg?w=83 83w\" alt=\"\" data-attachment-id=\"20227\" data-permalink=\"https:\/\/pativore.wordpress.com\/2022\/01\/24\/semaine-a-mille-pages-et-week-end-a-1000-janvier-2022\/semaine-mille-pages-2022\/\" data-orig-file=\"https:\/\/pativore.files.wordpress.com\/2022\/01\/semaine-mille-pages-2022.jpg\" data-orig-size=\"298,536\" data-comments-opened=\"1\" data-image-meta=\"{&quot;aperture&quot;:&quot;0&quot;,&quot;credit&quot;:&quot;&quot;,&quot;camera&quot;:&quot;&quot;,&quot;caption&quot;:&quot;&quot;,&quot;created_timestamp&quot;:&quot;0&quot;,&quot;copyright&quot;:&quot;&quot;,&quot;focal_length&quot;:&quot;0&quot;,&quot;iso&quot;:&quot;0&quot;,&quot;shutter_speed&quot;:&quot;0&quot;,&quot;title&quot;:&quot;&quot;,&quot;orientation&quot;:&quot;0&quot;}\" data-image-title=\"Semaine-mille-pages-2022\" data-image-description=\"\" data-image-caption=\"\" data-medium-file=\"https:\/\/pativore.files.wordpress.com\/2022\/01\/semaine-mille-pages-2022.jpg?w=167\" data-large-file=\"https:\/\/pativore.files.wordpress.com\/2022\/01\/semaine-mille-pages-2022.jpg?w=298\" width=\"95\" height=\"171\"><em>En passant sur le blog de <a href=\"https:\/\/pativore.wordpress.com\/\">Pativore<\/a>, j&rsquo;ai vu que cette semaine \u00e9tait une Semaine \u00e0 mille pages organis\u00e9e par <a href=\"https:\/\/www.instagram.com\/petit_pingouin_vert\/\">Le pingouin vert<\/a> sur IG chaque mois tout au long de l&rsquo;ann\u00e9e 2022. Alors combien ai-ju lu de pages cette semaine? 1439 pages sans compter les albums jeunesse.<\/em><\/p>\n<p style=\"text-align: justify;\"><\/p>\n\n\n<p><\/p>\n","protected":false},"excerpt":{"rendered":"<p>En ce d\u00e9but de semaine, voici notre point lecture hebdomadaire avec un retour sur nos lectures de la semaine derni\u00e8re (mais pas nos relectures) et nos lectures en cours, apr\u00e8s des passages en m\u00e9diath\u00e8que et en librairie. Nos lectures du&nbsp; 4 au 10 avril 2022: Des lectures jeunesse: (Album jeunesse) Mon papa et moi de [&hellip;]<\/p>\n","protected":false},"author":1,"featured_media":24750,"comment_status":"open","ping_status":"open","sticky":false,"template":"","format":"standard","meta":{"jetpack_post_was_ever_published":false,"_jetpack_newsletter_access":"","_jetpack_dont_email_post_to_subs":false,"_jetpack_newsletter_tier_id":0,"_jetpack_memberships_contains_paywalled_content":false,"_jetpack_memberships_contains_paid_content":false,"footnotes":""},"categories":[2140,363],"tags":[3081,409,3082,1613,3078,1757,2538,1085,367,3080,3071,2767,3079,844,789,3034,2872,3083,3077,3115,3056,3076],"class_list":["post-24651","post","type-post","status-publish","format-standard","has-post-thumbnail","hentry","category-mini-blogueur","category-mini-lecteur","tag-aki-shimazaki","tag-albums-jeunesse","tag-clara-brunelli","tag-daphne-du-maurier","tag-hollie-hughes","tag-holly-black","tag-kallie-george","tag-lecture-adulte","tag-lecture-jeunesse","tag-mary-simses","tag-nouvelle","tag-point-lecture-hebdo","tag-robert-mccloskey","tag-romance","tag-romans-jeunesse","tag-romans-young-adult","tag-sarah-massini","tag-semaine-a-mille-pages","tag-soufie-regani","tag-stephanie-graegin","tag-tadao-miyamoto","tag-valerie-weishar-guiliani","post-preview"],"jetpack_featured_media_url":"https:\/\/i0.wp.com\/www.jojoenherbe.com\/wp-content\/uploads\/2022\/04\/Point-lecture-hebdo-36-scaled.jpg?fit=2560%2C1920&ssl=1","jetpack_sharing_enabled":true,"jetpack_shortlink":"https:\/\/wp.me\/p9zhGx-6pB","jetpack_likes_enabled":true,"jetpack-related-posts":[{"id":37057,"url":"https:\/\/www.jojoenherbe.com\/index.php\/2024\/09\/30\/point-lecture-hebdomadaire-2024-39\/","url_meta":{"origin":24651,"position":0},"title":"Point lecture hebdomadaire 2024 #39","author":"Jojo","date":"30 septembre 2024","format":false,"excerpt":"En ce d\u00e9but de semaine, voici mon point lecture hebdomadaire avec un retour sur nos lectures (mais pas nos relectures) de la semaine derni\u00e8re. Nos lectures du 23 au 29 septembre 2024: Des lectures jeunesse: Nous avons continu\u00e9 chaque soir et presque fini de lire Le jardin secret de Frances\u2026","rel":"","context":"Dans &quot;Mini blogueur&quot;","block_context":{"text":"Mini blogueur","link":"https:\/\/www.jojoenherbe.com\/index.php\/category\/mini-blogueur\/"},"img":{"alt_text":"","src":"https:\/\/i0.wp.com\/www.jojoenherbe.com\/wp-content\/uploads\/2020\/04\/Le-jardin-secret-150x150.jpg?resize=350%2C200","width":350,"height":200},"classes":[]},{"id":31501,"url":"https:\/\/www.jojoenherbe.com\/index.php\/2023\/08\/21\/point-lecture-hebdomadaire-2023-33\/","url_meta":{"origin":24651,"position":1},"title":"Point lecture hebdomadaire 2023 #33","author":"Jojo","date":"21 ao\u00fbt 2023","format":false,"excerpt":"En ce d\u00e9but de semaine, voici notre point lecture hebdomadaire avec un retour sur nos lectures de la semaine derni\u00e8re (mais pas nos relectures). Nos lectures du 14 au 20 ao\u00fbt 2023: Des lectures jeunesse: (Roman jeunesse) Vol d\u2019\u00e9t\u00e9 de Marie-Anne Abesdris Nous avons lu Vol d\u2019\u00e9t\u00e9 de Marie-Anne Abesdris\u2026","rel":"","context":"Dans &quot;Mini blogueur&quot;","block_context":{"text":"Mini blogueur","link":"https:\/\/www.jojoenherbe.com\/index.php\/category\/mini-blogueur\/"},"img":{"alt_text":"","src":"https:\/\/i0.wp.com\/www.jojoenherbe.com\/wp-content\/uploads\/2023\/08\/Vol-dete-150x150.jpg?resize=350%2C200","width":350,"height":200},"classes":[]},{"id":25915,"url":"https:\/\/www.jojoenherbe.com\/index.php\/2022\/06\/20\/point-lecture-hebdomadaire-46\/","url_meta":{"origin":24651,"position":2},"title":"Point lecture hebdomadaire #46","author":"Jojo","date":"20 juin 2022","format":false,"excerpt":"En ce d\u00e9but de semaine, voici notre point lecture hebdomadaire avec un retour sur nos lectures de la semaine derni\u00e8re (mais pas nos relectures) et ma lecture en cours. j'ai surtout pioch\u00e9 dans ma PAL anglo-saxonne puisqu'en juin, c'est le Mois Anglais 2022 coorganis\u00e9e par Lou et Titine. Nos lectures\u2026","rel":"","context":"Dans &quot;Mini blogueur&quot;","block_context":{"text":"Mini blogueur","link":"https:\/\/www.jojoenherbe.com\/index.php\/category\/mini-blogueur\/"},"img":{"alt_text":"","src":"https:\/\/i0.wp.com\/www.jojoenherbe.com\/wp-content\/uploads\/2022\/07\/Point-lecture-hebdo-46-scaled.jpg?fit=1200%2C795&ssl=1&resize=350%2C200","width":350,"height":200,"srcset":"https:\/\/i0.wp.com\/www.jojoenherbe.com\/wp-content\/uploads\/2022\/07\/Point-lecture-hebdo-46-scaled.jpg?fit=1200%2C795&ssl=1&resize=350%2C200 1x, https:\/\/i0.wp.com\/www.jojoenherbe.com\/wp-content\/uploads\/2022\/07\/Point-lecture-hebdo-46-scaled.jpg?fit=1200%2C795&ssl=1&resize=525%2C300 1.5x, https:\/\/i0.wp.com\/www.jojoenherbe.com\/wp-content\/uploads\/2022\/07\/Point-lecture-hebdo-46-scaled.jpg?fit=1200%2C795&ssl=1&resize=700%2C400 2x, https:\/\/i0.wp.com\/www.jojoenherbe.com\/wp-content\/uploads\/2022\/07\/Point-lecture-hebdo-46-scaled.jpg?fit=1200%2C795&ssl=1&resize=1050%2C600 3x"},"classes":[]},{"id":27740,"url":"https:\/\/www.jojoenherbe.com\/index.php\/2022\/09\/26\/point-lecture-hebdomadaire-60\/","url_meta":{"origin":24651,"position":3},"title":"Point lecture hebdomadaire #60","author":"Jojo","date":"26 septembre 2022","format":false,"excerpt":"En ce d\u00e9but de semaine, voici notre point lecture hebdomadaire avec un retour sur nos lectures de la semaine derni\u00e8re (mais pas nos relectures) et notre lecture en cours, avec une pr\u00e9dominante pour les lectures automnales et halloweenesques, l'automne \u00e9tant arriv\u00e9 et le challenge Halloween de Hilde et Lou ayant\u2026","rel":"","context":"Dans &quot;Mini blogueur&quot;","block_context":{"text":"Mini blogueur","link":"https:\/\/www.jojoenherbe.com\/index.php\/category\/mini-blogueur\/"},"img":{"alt_text":"","src":"https:\/\/i0.wp.com\/www.jojoenherbe.com\/wp-content\/uploads\/2022\/09\/Point-lecture-hebdo-60-scaled.jpg?fit=1200%2C771&ssl=1&resize=350%2C200","width":350,"height":200,"srcset":"https:\/\/i0.wp.com\/www.jojoenherbe.com\/wp-content\/uploads\/2022\/09\/Point-lecture-hebdo-60-scaled.jpg?fit=1200%2C771&ssl=1&resize=350%2C200 1x, https:\/\/i0.wp.com\/www.jojoenherbe.com\/wp-content\/uploads\/2022\/09\/Point-lecture-hebdo-60-scaled.jpg?fit=1200%2C771&ssl=1&resize=525%2C300 1.5x, https:\/\/i0.wp.com\/www.jojoenherbe.com\/wp-content\/uploads\/2022\/09\/Point-lecture-hebdo-60-scaled.jpg?fit=1200%2C771&ssl=1&resize=700%2C400 2x, https:\/\/i0.wp.com\/www.jojoenherbe.com\/wp-content\/uploads\/2022\/09\/Point-lecture-hebdo-60-scaled.jpg?fit=1200%2C771&ssl=1&resize=1050%2C600 3x"},"classes":[]},{"id":42374,"url":"https:\/\/www.jojoenherbe.com\/index.php\/2026\/01\/21\/point-lecture-hebdomadaire-2026-3\/","url_meta":{"origin":24651,"position":4},"title":"Point lecture hebdomadaire 2026 #3","author":"Jojo","date":"21 janvier 2026","format":false,"excerpt":"En ce milieu de semaine, voici mon point lecture hebdomadaire avec un retour sur nos lectures (mais pas nos relectures) de la semaine derni\u00e8re qui a d\u00e9but\u00e9 avec le rangement du sapin et d\u00e9corations de No\u00ebl et qui s'est termin\u00e9 sur un week-end pluvieux dans le Var chez des amis\u2026","rel":"","context":"Dans &quot;Mini blogueur&quot;","block_context":{"text":"Mini blogueur","link":"https:\/\/www.jojoenherbe.com\/index.php\/category\/mini-blogueur\/"},"img":{"alt_text":"","src":"https:\/\/i0.wp.com\/www.jojoenherbe.com\/wp-content\/uploads\/2026\/01\/macareux-point-lecture-hebdo.jpg?fit=864%2C1012&ssl=1&resize=350%2C200","width":350,"height":200,"srcset":"https:\/\/i0.wp.com\/www.jojoenherbe.com\/wp-content\/uploads\/2026\/01\/macareux-point-lecture-hebdo.jpg?fit=864%2C1012&ssl=1&resize=350%2C200 1x, https:\/\/i0.wp.com\/www.jojoenherbe.com\/wp-content\/uploads\/2026\/01\/macareux-point-lecture-hebdo.jpg?fit=864%2C1012&ssl=1&resize=525%2C300 1.5x, https:\/\/i0.wp.com\/www.jojoenherbe.com\/wp-content\/uploads\/2026\/01\/macareux-point-lecture-hebdo.jpg?fit=864%2C1012&ssl=1&resize=700%2C400 2x"},"classes":[]},{"id":41939,"url":"https:\/\/www.jojoenherbe.com\/index.php\/2026\/01\/04\/point-lecture-hebdomadaire-2025-52\/","url_meta":{"origin":24651,"position":5},"title":"Point lecture hebdomadaire 2025 #52","author":"Jojo","date":"4 janvier 2026","format":false,"excerpt":"En cette fin de semaine, voici mon point lecture hebdomadaire avec un retour sur nos lectures (mais pas nos relectures) de la semaine derni\u00e8re, m\u00eame si j'ai peu lu jusqu'\u00e0 No\u00ebl puisque nous avions pris une semaine de cong\u00e9s, avec le d\u00e9but de semaine pass\u00e9 dans la Dr\u00f4me puis pour\u2026","rel":"","context":"Dans &quot;Mini blogueur&quot;","block_context":{"text":"Mini blogueur","link":"https:\/\/www.jojoenherbe.com\/index.php\/category\/mini-blogueur\/"},"img":{"alt_text":"","src":"https:\/\/i0.wp.com\/www.jojoenherbe.com\/wp-content\/uploads\/2026\/01\/Minecraft-T2-a-T5-150x150.jpg?resize=350%2C200","width":350,"height":200},"classes":[]}],"_links":{"self":[{"href":"https:\/\/www.jojoenherbe.com\/index.php\/wp-json\/wp\/v2\/posts\/24651","targetHints":{"allow":["GET"]}}],"collection":[{"href":"https:\/\/www.jojoenherbe.com\/index.php\/wp-json\/wp\/v2\/posts"}],"about":[{"href":"https:\/\/www.jojoenherbe.com\/index.php\/wp-json\/wp\/v2\/types\/post"}],"author":[{"embeddable":true,"href":"https:\/\/www.jojoenherbe.com\/index.php\/wp-json\/wp\/v2\/users\/1"}],"replies":[{"embeddable":true,"href":"https:\/\/www.jojoenherbe.com\/index.php\/wp-json\/wp\/v2\/comments?post=24651"}],"version-history":[{"count":49,"href":"https:\/\/www.jojoenherbe.com\/index.php\/wp-json\/wp\/v2\/posts\/24651\/revisions"}],"predecessor-version":[{"id":24998,"href":"https:\/\/www.jojoenherbe.com\/index.php\/wp-json\/wp\/v2\/posts\/24651\/revisions\/24998"}],"wp:featuredmedia":[{"embeddable":true,"href":"https:\/\/www.jojoenherbe.com\/index.php\/wp-json\/wp\/v2\/media\/24750"}],"wp:attachment":[{"href":"https:\/\/www.jojoenherbe.com\/index.php\/wp-json\/wp\/v2\/media?parent=24651"}],"wp:term":[{"taxonomy":"category","embeddable":true,"href":"https:\/\/www.jojoenherbe.com\/index.php\/wp-json\/wp\/v2\/categories?post=24651"},{"taxonomy":"post_tag","embeddable":true,"href":"https:\/\/www.jojoenherbe.com\/index.php\/wp-json\/wp\/v2\/tags?post=24651"}],"curies":[{"name":"wp","href":"https:\/\/api.w.org\/{rel}","templated":true}]}}