{"id":24398,"date":"2022-03-28T10:13:54","date_gmt":"2022-03-28T08:13:54","guid":{"rendered":"https:\/\/www.jojoenherbe.com\/?p=24398"},"modified":"2022-08-21T11:44:16","modified_gmt":"2022-08-21T09:44:16","slug":"billet-de-suivi-challenge-cottagecore-2022","status":"publish","type":"post","link":"https:\/\/www.jojoenherbe.com\/index.php\/2022\/03\/28\/billet-de-suivi-challenge-cottagecore-2022\/","title":{"rendered":"Billet de suivi: Challenge Cottagecore 2022"},"content":{"rendered":"<p style=\"text-align: justify;\"><a href=\"https:\/\/artdelire.org\/2022\/03\/26\/challenge-cottagecore-2022-cest-parti-pour-une-nouvelle-saison\/\"><em>MissyCornish<\/em><\/a><em> organise pour la deuxi\u00e8me ann\u00e9e son Challenge Cottagecore qui aura lieu du 30 mars au 30 septembre 2022. Comme l&rsquo;ann\u00e9e derni\u00e8re, elle a pr\u00e9vu un programme facultatif que je vais essayer de suivre le plus possible, cinq cat\u00e9gories et des d\u00e9fis autour d\u2019histoires bucoliques et champ\u00eatres. Pour plus d\u2019infos, n\u2019h\u00e9sitez pas \u00e0 aller sur son blog.<\/em><\/p>\n<p style=\"text-align: justify;\"><em>Ce billet sera actualis\u00e9 au fil des mois en tenant compte uniquement de nos lectures champ\u00eatres tout en faisant un billet s\u00e9par\u00e9 pour chaque participation. <\/em><\/p>\n<p style=\"text-align: justify;\"><em><span style=\"text-decoration: underline;\"><strong>Cat\u00e9gorie \u00ab\u00a0Promenons-nous dans les bois\u00a0\u00bb<\/strong><\/span> (des histoires se d\u00e9roulant en pleine campagne, dans la for\u00eat, peut-\u00eatre loin de la civilisation&#8230; nature writing et contes pour enfants mettant en sc\u00e8ne les animaux&#8230;)<\/em><\/p>\n<ul>\n<li style=\"text-align: justify;\"><a href=\"https:\/\/i0.wp.com\/www.jojoenherbe.com\/wp-content\/uploads\/2021\/11\/Les-Petits-Papis-en-gris-scaled.jpg\"><img data-recalc-dims=\"1\" loading=\"lazy\" decoding=\"async\" data-attachment-id=\"22561\" data-permalink=\"https:\/\/www.jojoenherbe.com\/?attachment_id=22561\" data-orig-file=\"https:\/\/i0.wp.com\/www.jojoenherbe.com\/wp-content\/uploads\/2021\/11\/Les-Petits-Papis-en-gris-scaled.jpg?fit=2560%2C2167&amp;ssl=1\" data-orig-size=\"2560,2167\" data-comments-opened=\"1\" data-image-meta=\"{&quot;aperture&quot;:&quot;1.8&quot;,&quot;credit&quot;:&quot;&quot;,&quot;camera&quot;:&quot;iPhone 7&quot;,&quot;caption&quot;:&quot;&quot;,&quot;created_timestamp&quot;:&quot;1638181017&quot;,&quot;copyright&quot;:&quot;&quot;,&quot;focal_length&quot;:&quot;3.99&quot;,&quot;iso&quot;:&quot;100&quot;,&quot;shutter_speed&quot;:&quot;0.076923076923077&quot;,&quot;title&quot;:&quot;&quot;,&quot;orientation&quot;:&quot;1&quot;}\" data-image-title=\"Les Petits Papis en gris\" data-image-description=\"\" data-image-caption=\"\" data-large-file=\"https:\/\/i0.wp.com\/www.jojoenherbe.com\/wp-content\/uploads\/2021\/11\/Les-Petits-Papis-en-gris-scaled.jpg?fit=676%2C572&amp;ssl=1\" class=\"alignleft size-thumbnail wp-image-22561\" src=\"https:\/\/i0.wp.com\/www.jojoenherbe.com\/wp-content\/uploads\/2021\/11\/Les-Petits-Papis-en-gris.jpg?resize=150%2C150\" alt=\"\" width=\"150\" height=\"150\" srcset=\"https:\/\/i0.wp.com\/www.jojoenherbe.com\/wp-content\/uploads\/2021\/11\/Les-Petits-Papis-en-gris-scaled.jpg?resize=150%2C150&amp;ssl=1 150w, https:\/\/i0.wp.com\/www.jojoenherbe.com\/wp-content\/uploads\/2021\/11\/Les-Petits-Papis-en-gris-scaled.jpg?zoom=2&amp;resize=150%2C150 300w, https:\/\/i0.wp.com\/www.jojoenherbe.com\/wp-content\/uploads\/2021\/11\/Les-Petits-Papis-en-gris-scaled.jpg?zoom=3&amp;resize=150%2C150 450w\" sizes=\"auto, (max-width: 150px) 100vw, 150px\" \/><\/a> <a href=\"https:\/\/i0.wp.com\/www.jojoenherbe.com\/wp-content\/uploads\/2022\/04\/Les-petits-papis-en-gris-3-scaled.jpg\"><img data-recalc-dims=\"1\" loading=\"lazy\" decoding=\"async\" data-attachment-id=\"24446\" data-permalink=\"https:\/\/www.jojoenherbe.com\/index.php\/2022\/03\/29\/au-fil-des-pages-avec-les-petits-papis-en-gris\/les-petits-papis-en-gris-3\/\" data-orig-file=\"https:\/\/i0.wp.com\/www.jojoenherbe.com\/wp-content\/uploads\/2022\/04\/Les-petits-papis-en-gris-3-scaled.jpg?fit=1920%2C2560&amp;ssl=1\" data-orig-size=\"1920,2560\" data-comments-opened=\"1\" data-image-meta=\"{&quot;aperture&quot;:&quot;1.8&quot;,&quot;credit&quot;:&quot;&quot;,&quot;camera&quot;:&quot;iPhone 7&quot;,&quot;caption&quot;:&quot;&quot;,&quot;created_timestamp&quot;:&quot;1639652891&quot;,&quot;copyright&quot;:&quot;&quot;,&quot;focal_length&quot;:&quot;3.99&quot;,&quot;iso&quot;:&quot;80&quot;,&quot;shutter_speed&quot;:&quot;0.058823529411765&quot;,&quot;title&quot;:&quot;&quot;,&quot;orientation&quot;:&quot;1&quot;}\" data-image-title=\"Les petits papis en gris 3\" data-image-description=\"\" data-image-caption=\"\" data-large-file=\"https:\/\/i0.wp.com\/www.jojoenherbe.com\/wp-content\/uploads\/2022\/04\/Les-petits-papis-en-gris-3-scaled.jpg?fit=676%2C901&amp;ssl=1\" class=\"alignleft size-thumbnail wp-image-24446\" src=\"https:\/\/i0.wp.com\/www.jojoenherbe.com\/wp-content\/uploads\/2022\/04\/Les-petits-papis-en-gris-3.jpg?resize=150%2C150\" alt=\"\" width=\"150\" height=\"150\" srcset=\"https:\/\/i0.wp.com\/www.jojoenherbe.com\/wp-content\/uploads\/2022\/04\/Les-petits-papis-en-gris-3-scaled.jpg?resize=150%2C150&amp;ssl=1 150w, https:\/\/i0.wp.com\/www.jojoenherbe.com\/wp-content\/uploads\/2022\/04\/Les-petits-papis-en-gris-3-scaled.jpg?zoom=2&amp;resize=150%2C150 300w, https:\/\/i0.wp.com\/www.jojoenherbe.com\/wp-content\/uploads\/2022\/04\/Les-petits-papis-en-gris-3-scaled.jpg?zoom=3&amp;resize=150%2C150 450w\" sizes=\"auto, (max-width: 150px) 100vw, 150px\" \/><\/a><em><a href=\"https:\/\/www.jojoenherbe.com\/index.php\/2022\/03\/29\/au-fil-des-pages-avec-les-petits-papis-en-gris\/\"><span style=\"text-decoration: underline;\">L<\/span><span style=\"text-decoration: underline;\">es Petits Papis en gris<\/span><\/a> de Marie-Sabine Roger et Aline Bureau (\u00e9d. Sarbacane, 2005), un album jeunesse \u00e0 partir de 4 ans et dans lequel une petite fille note dans son carnet de bord toutes les observations et informations qu\u2019elle collecte la nuit sur les petits papis en gris et qui ressemblent \u00e0 bien des \u00e9gards \u00e0 des papillons. Un bon moment de lecture onirique, bucolique et merveilleux!<\/em><\/li>\n<li style=\"text-align: justify;\"><em><a href=\"https:\/\/i0.wp.com\/www.jojoenherbe.com\/wp-content\/uploads\/2022\/04\/Joyeuses-Paques-Rita-et-Machin-3-scaled.jpg\"><img data-recalc-dims=\"1\" loading=\"lazy\" decoding=\"async\" data-attachment-id=\"24958\" data-permalink=\"https:\/\/www.jojoenherbe.com\/index.php\/2022\/04\/14\/au-fil-des-pages-avec-le-tome-16-de-rita-et-machin\/joyeuses-paques-rita-et-machin-3\/\" data-orig-file=\"https:\/\/i0.wp.com\/www.jojoenherbe.com\/wp-content\/uploads\/2022\/04\/Joyeuses-Paques-Rita-et-Machin-3-scaled.jpg?fit=1920%2C2560&amp;ssl=1\" data-orig-size=\"1920,2560\" data-comments-opened=\"1\" data-image-meta=\"{&quot;aperture&quot;:&quot;1.8&quot;,&quot;credit&quot;:&quot;&quot;,&quot;camera&quot;:&quot;iPhone 7&quot;,&quot;caption&quot;:&quot;&quot;,&quot;created_timestamp&quot;:&quot;1649956891&quot;,&quot;copyright&quot;:&quot;&quot;,&quot;focal_length&quot;:&quot;3.99&quot;,&quot;iso&quot;:&quot;100&quot;,&quot;shutter_speed&quot;:&quot;0.076923076923077&quot;,&quot;title&quot;:&quot;&quot;,&quot;orientation&quot;:&quot;1&quot;}\" data-image-title=\"Joyeuses P\u00e2ques Rita et Machin 3\" data-image-description=\"\" data-image-caption=\"\" data-large-file=\"https:\/\/i0.wp.com\/www.jojoenherbe.com\/wp-content\/uploads\/2022\/04\/Joyeuses-Paques-Rita-et-Machin-3-scaled.jpg?fit=676%2C901&amp;ssl=1\" class=\"size-thumbnail wp-image-24958 alignright\" src=\"https:\/\/i0.wp.com\/www.jojoenherbe.com\/wp-content\/uploads\/2022\/04\/Joyeuses-Paques-Rita-et-Machin-3.jpg?resize=150%2C150\" alt=\"\" width=\"150\" height=\"150\" srcset=\"https:\/\/i0.wp.com\/www.jojoenherbe.com\/wp-content\/uploads\/2022\/04\/Joyeuses-Paques-Rita-et-Machin-3-scaled.jpg?resize=150%2C150&amp;ssl=1 150w, https:\/\/i0.wp.com\/www.jojoenherbe.com\/wp-content\/uploads\/2022\/04\/Joyeuses-Paques-Rita-et-Machin-3-scaled.jpg?zoom=2&amp;resize=150%2C150 300w, https:\/\/i0.wp.com\/www.jojoenherbe.com\/wp-content\/uploads\/2022\/04\/Joyeuses-Paques-Rita-et-Machin-3-scaled.jpg?zoom=3&amp;resize=150%2C150 450w\" sizes=\"auto, (max-width: 150px) 100vw, 150px\" \/><\/a> <a href=\"https:\/\/i0.wp.com\/www.jojoenherbe.com\/wp-content\/uploads\/2022\/04\/Joyeuses-Paques-Rita-et-Machin-scaled.jpg\"><img data-recalc-dims=\"1\" loading=\"lazy\" decoding=\"async\" data-attachment-id=\"24960\" data-permalink=\"https:\/\/www.jojoenherbe.com\/index.php\/2022\/04\/14\/au-fil-des-pages-avec-le-tome-16-de-rita-et-machin\/joyeuses-paques-rita-et-machin-5\/\" data-orig-file=\"https:\/\/i0.wp.com\/www.jojoenherbe.com\/wp-content\/uploads\/2022\/04\/Joyeuses-Paques-Rita-et-Machin-scaled.jpg?fit=2560%2C1920&amp;ssl=1\" data-orig-size=\"2560,1920\" data-comments-opened=\"1\" data-image-meta=\"{&quot;aperture&quot;:&quot;1.8&quot;,&quot;credit&quot;:&quot;&quot;,&quot;camera&quot;:&quot;iPhone 7&quot;,&quot;caption&quot;:&quot;&quot;,&quot;created_timestamp&quot;:&quot;1649956829&quot;,&quot;copyright&quot;:&quot;&quot;,&quot;focal_length&quot;:&quot;3.99&quot;,&quot;iso&quot;:&quot;100&quot;,&quot;shutter_speed&quot;:&quot;0.1&quot;,&quot;title&quot;:&quot;&quot;,&quot;orientation&quot;:&quot;1&quot;}\" data-image-title=\"Joyeuses P\u00e2ques Rita et Machin\" data-image-description=\"\" data-image-caption=\"\" data-large-file=\"https:\/\/i0.wp.com\/www.jojoenherbe.com\/wp-content\/uploads\/2022\/04\/Joyeuses-Paques-Rita-et-Machin-scaled.jpg?fit=676%2C507&amp;ssl=1\" class=\"size-thumbnail wp-image-24960 alignright\" src=\"https:\/\/i0.wp.com\/www.jojoenherbe.com\/wp-content\/uploads\/2022\/04\/Joyeuses-Paques-Rita-et-Machin.jpg?resize=150%2C150\" alt=\"\" width=\"150\" height=\"150\" srcset=\"https:\/\/i0.wp.com\/www.jojoenherbe.com\/wp-content\/uploads\/2022\/04\/Joyeuses-Paques-Rita-et-Machin-scaled.jpg?resize=150%2C150&amp;ssl=1 150w, https:\/\/i0.wp.com\/www.jojoenherbe.com\/wp-content\/uploads\/2022\/04\/Joyeuses-Paques-Rita-et-Machin-scaled.jpg?zoom=2&amp;resize=150%2C150 300w, https:\/\/i0.wp.com\/www.jojoenherbe.com\/wp-content\/uploads\/2022\/04\/Joyeuses-Paques-Rita-et-Machin-scaled.jpg?zoom=3&amp;resize=150%2C150 450w\" sizes=\"auto, (max-width: 150px) 100vw, 150px\" \/><\/a>(Album jeunesse) le tome 16 de <span style=\"text-decoration: underline;\">Rita et Machin<\/span>, <a href=\"https:\/\/www.jojoenherbe.com\/index.php\/2022\/04\/14\/au-fil-des-pages-avec-le-tome-16-de-rita-et-machin\/\"><span style=\"text-decoration: underline;\">Joyeuses P\u00e2ques Rita et Machin<\/span><\/a> de Jean-Philippe Arrou-Vignod et Olivier Tallec (\u00e9d. Gallimard Jeunesse, 2013), un album jeunesse \u00e0 partir de 4 ans avec une chasse aux \u0153ufs de P\u00e2ques \u00e0 la campagne, chez les grands-parents de Rita, une petite fille et de son chien Machin<\/em><\/li>\n<li style=\"text-align: justify;\"><em><a href=\"https:\/\/i0.wp.com\/www.jojoenherbe.com\/wp-content\/uploads\/2022\/04\/Le-vent-dans-les-saules-scaled.jpg\"><img data-recalc-dims=\"1\" loading=\"lazy\" decoding=\"async\" data-attachment-id=\"24909\" data-permalink=\"https:\/\/www.jojoenherbe.com\/index.php\/2022\/04\/13\/billet-de-suivi-challenge-lecture-des-50-livres-recommandes-par-miyazaki\/le-vent-dans-les-saules\/\" data-orig-file=\"https:\/\/i0.wp.com\/www.jojoenherbe.com\/wp-content\/uploads\/2022\/04\/Le-vent-dans-les-saules-scaled.jpg?fit=2560%2C2430&amp;ssl=1\" data-orig-size=\"2560,2430\" data-comments-opened=\"1\" data-image-meta=\"{&quot;aperture&quot;:&quot;1.8&quot;,&quot;credit&quot;:&quot;&quot;,&quot;camera&quot;:&quot;iPhone 7&quot;,&quot;caption&quot;:&quot;&quot;,&quot;created_timestamp&quot;:&quot;1649862700&quot;,&quot;copyright&quot;:&quot;&quot;,&quot;focal_length&quot;:&quot;3.99&quot;,&quot;iso&quot;:&quot;80&quot;,&quot;shutter_speed&quot;:&quot;0.14285714285714&quot;,&quot;title&quot;:&quot;&quot;,&quot;orientation&quot;:&quot;1&quot;}\" data-image-title=\"Le vent dans les saules\" data-image-description=\"\" data-image-caption=\"\" data-large-file=\"https:\/\/i0.wp.com\/www.jojoenherbe.com\/wp-content\/uploads\/2022\/04\/Le-vent-dans-les-saules-scaled.jpg?fit=676%2C642&amp;ssl=1\" class=\"size-thumbnail wp-image-24909 alignleft\" src=\"https:\/\/i0.wp.com\/www.jojoenherbe.com\/wp-content\/uploads\/2022\/04\/Le-vent-dans-les-saules.jpg?resize=150%2C150\" alt=\"\" width=\"150\" height=\"150\" srcset=\"https:\/\/i0.wp.com\/www.jojoenherbe.com\/wp-content\/uploads\/2022\/04\/Le-vent-dans-les-saules-scaled.jpg?resize=150%2C150&amp;ssl=1 150w, https:\/\/i0.wp.com\/www.jojoenherbe.com\/wp-content\/uploads\/2022\/04\/Le-vent-dans-les-saules-scaled.jpg?zoom=2&amp;resize=150%2C150 300w, https:\/\/i0.wp.com\/www.jojoenherbe.com\/wp-content\/uploads\/2022\/04\/Le-vent-dans-les-saules-scaled.jpg?zoom=3&amp;resize=150%2C150 450w\" sizes=\"auto, (max-width: 150px) 100vw, 150px\" \/><\/a>(Roman jeunesse) <span style=\"text-decoration: underline;\">Le Vent dans les saules<\/span> de Kenneth Grahame (\u00e9d. Libretto, r\u00e9\u00e9d. 2021, 215 pages), un roman jeunesse paru pour la premi\u00e8re fois en 1908<br \/>\n<\/em><\/li>\n<li style=\"text-align: justify;\"><em>(BD jeunesse) <span style=\"text-decoration: underline;\">Le Vent dans les Saules<\/span> de Michel Plessix, d&rsquo;apr\u00e8s Kenneth Grahame (\u00e9d. Delcourt), une BD jeunesse en 4 tomes pour le premier cycle<\/em><\/li>\n<li style=\"text-align: justify;\"><em><a href=\"https:\/\/i0.wp.com\/www.jojoenherbe.com\/wp-content\/uploads\/2022\/04\/Le-pique-nique-de-la-famille-Souris-scaled.jpg\"><img data-recalc-dims=\"1\" loading=\"lazy\" decoding=\"async\" data-attachment-id=\"25063\" data-permalink=\"https:\/\/www.jojoenherbe.com\/index.php\/2022\/04\/01\/billet-de-suivi-un-mois-au-japon-2022\/le-pique-nique-de-la-famille-souris\/\" data-orig-file=\"https:\/\/i0.wp.com\/www.jojoenherbe.com\/wp-content\/uploads\/2022\/04\/Le-pique-nique-de-la-famille-Souris-scaled.jpg?fit=2560%2C1920&amp;ssl=1\" data-orig-size=\"2560,1920\" data-comments-opened=\"1\" data-image-meta=\"{&quot;aperture&quot;:&quot;1.8&quot;,&quot;credit&quot;:&quot;&quot;,&quot;camera&quot;:&quot;iPhone 7&quot;,&quot;caption&quot;:&quot;&quot;,&quot;created_timestamp&quot;:&quot;1650379297&quot;,&quot;copyright&quot;:&quot;&quot;,&quot;focal_length&quot;:&quot;3.99&quot;,&quot;iso&quot;:&quot;100&quot;,&quot;shutter_speed&quot;:&quot;0.071428571428571&quot;,&quot;title&quot;:&quot;&quot;,&quot;orientation&quot;:&quot;1&quot;}\" data-image-title=\"Le pique-nique de la famille Souris\" data-image-description=\"\" data-image-caption=\"\" data-large-file=\"https:\/\/i0.wp.com\/www.jojoenherbe.com\/wp-content\/uploads\/2022\/04\/Le-pique-nique-de-la-famille-Souris-scaled.jpg?fit=676%2C507&amp;ssl=1\" class=\"size-thumbnail wp-image-25063 alignright\" src=\"https:\/\/i0.wp.com\/www.jojoenherbe.com\/wp-content\/uploads\/2022\/04\/Le-pique-nique-de-la-famille-Souris.jpg?resize=150%2C150\" alt=\"\" width=\"150\" height=\"150\" srcset=\"https:\/\/i0.wp.com\/www.jojoenherbe.com\/wp-content\/uploads\/2022\/04\/Le-pique-nique-de-la-famille-Souris-scaled.jpg?resize=150%2C150&amp;ssl=1 150w, https:\/\/i0.wp.com\/www.jojoenherbe.com\/wp-content\/uploads\/2022\/04\/Le-pique-nique-de-la-famille-Souris-scaled.jpg?zoom=2&amp;resize=150%2C150 300w, https:\/\/i0.wp.com\/www.jojoenherbe.com\/wp-content\/uploads\/2022\/04\/Le-pique-nique-de-la-famille-Souris-scaled.jpg?zoom=3&amp;resize=150%2C150 450w\" sizes=\"auto, (max-width: 150px) 100vw, 150px\" \/><\/a>(Album jeunesse) <span style=\"text-decoration: underline;\">Le pique-nique de la famille Souris<\/span> (\u00e9d. L\u2019\u00e9cole des loisirs, 1988, r\u00e9\u00e9d. 2021), un album jeunesse \u00e0 partir de 3 ans tout mignon et aux jolies illustrations dans lequel nous suivons la famille Souris partir en pique-nique et que nous relisons r\u00e9guli\u00e8rement depuis que nous l\u2019avons d\u00e9couvert \u00e0 la m\u00e9diath\u00e8que il y a trois ans.<\/em><\/li>\n<li style=\"text-align: justify;\"><em><a href=\"https:\/\/i0.wp.com\/www.jojoenherbe.com\/wp-content\/uploads\/2022\/04\/Taupe-Mulot-Les-beaux-jours-scaled.jpg\"><img data-recalc-dims=\"1\" loading=\"lazy\" decoding=\"async\" data-attachment-id=\"25206\" data-permalink=\"https:\/\/www.jojoenherbe.com\/index.php\/2022\/04\/21\/nos-lectures-printanieres-2022\/taupe-mulot-les-beaux-jours\/\" data-orig-file=\"https:\/\/i0.wp.com\/www.jojoenherbe.com\/wp-content\/uploads\/2022\/04\/Taupe-Mulot-Les-beaux-jours-scaled.jpg?fit=2560%2C2332&amp;ssl=1\" data-orig-size=\"2560,2332\" data-comments-opened=\"1\" data-image-meta=\"{&quot;aperture&quot;:&quot;1.8&quot;,&quot;credit&quot;:&quot;&quot;,&quot;camera&quot;:&quot;iPhone 7&quot;,&quot;caption&quot;:&quot;&quot;,&quot;created_timestamp&quot;:&quot;1620124837&quot;,&quot;copyright&quot;:&quot;&quot;,&quot;focal_length&quot;:&quot;3.99&quot;,&quot;iso&quot;:&quot;100&quot;,&quot;shutter_speed&quot;:&quot;0.090909090909091&quot;,&quot;title&quot;:&quot;&quot;,&quot;orientation&quot;:&quot;1&quot;}\" data-image-title=\"Taupe &amp;#038; Mulot, Les beaux jours\" data-image-description=\"\" data-image-caption=\"\" data-large-file=\"https:\/\/i0.wp.com\/www.jojoenherbe.com\/wp-content\/uploads\/2022\/04\/Taupe-Mulot-Les-beaux-jours-scaled.jpg?fit=676%2C616&amp;ssl=1\" class=\"alignleft size-thumbnail wp-image-25206\" src=\"https:\/\/i0.wp.com\/www.jojoenherbe.com\/wp-content\/uploads\/2022\/04\/Taupe-Mulot-Les-beaux-jours.jpg?resize=150%2C150\" alt=\"\" width=\"150\" height=\"150\" srcset=\"https:\/\/i0.wp.com\/www.jojoenherbe.com\/wp-content\/uploads\/2022\/04\/Taupe-Mulot-Les-beaux-jours-scaled.jpg?resize=150%2C150&amp;ssl=1 150w, https:\/\/i0.wp.com\/www.jojoenherbe.com\/wp-content\/uploads\/2022\/04\/Taupe-Mulot-Les-beaux-jours-scaled.jpg?zoom=2&amp;resize=150%2C150 300w, https:\/\/i0.wp.com\/www.jojoenherbe.com\/wp-content\/uploads\/2022\/04\/Taupe-Mulot-Les-beaux-jours-scaled.jpg?zoom=3&amp;resize=150%2C150 450w\" sizes=\"auto, (max-width: 150px) 100vw, 150px\" \/><\/a>(Roman jeunesse) le tome 1 de <span style=\"text-decoration: underline;\">Taupe &amp; Mulot, Les beaux jours<\/span> d\u2019Henri Meunier et Benjamin Chaud (\u00e9d. H\u00e9lium, 2019, 64 pages), un roman jeunesse \u00e0 partir de 5 ans et regroupant trois histoires printani\u00e8res et champ\u00eatres de deux amis, Taupe et Mulot au caract\u00e8re bien diff\u00e9rent mais compl\u00e9mentaire: parties de p\u00eache, s\u00e9ance de peinture en plein air ainsi que Taupe toujours aussi maladroit en amour mais bien plus constant en amiti\u00e9, quelle que soit la saison\u2026 Encore un tr\u00e8s bon moment de lecture!<\/em><\/li>\n<li style=\"text-align: justify;\"><em><a href=\"https:\/\/i0.wp.com\/www.jojoenherbe.com\/wp-content\/uploads\/2022\/04\/LArbre-de-Sobo-scaled.jpg\"><img data-recalc-dims=\"1\" loading=\"lazy\" decoding=\"async\" data-attachment-id=\"25141\" data-permalink=\"https:\/\/www.jojoenherbe.com\/index.php\/2022\/04\/01\/billet-de-suivi-un-mois-au-japon-2022\/larbre-de-sobo\/\" data-orig-file=\"https:\/\/i0.wp.com\/www.jojoenherbe.com\/wp-content\/uploads\/2022\/04\/LArbre-de-Sobo-scaled.jpg?fit=2560%2C2018&amp;ssl=1\" data-orig-size=\"2560,2018\" data-comments-opened=\"1\" data-image-meta=\"{&quot;aperture&quot;:&quot;1.8&quot;,&quot;credit&quot;:&quot;&quot;,&quot;camera&quot;:&quot;iPhone 7&quot;,&quot;caption&quot;:&quot;&quot;,&quot;created_timestamp&quot;:&quot;1651000041&quot;,&quot;copyright&quot;:&quot;&quot;,&quot;focal_length&quot;:&quot;3.99&quot;,&quot;iso&quot;:&quot;80&quot;,&quot;shutter_speed&quot;:&quot;0.16666666666667&quot;,&quot;title&quot;:&quot;&quot;,&quot;orientation&quot;:&quot;1&quot;}\" data-image-title=\"L&amp;rsquo;Arbre de Sobo\" data-image-description=\"\" data-image-caption=\"\" data-large-file=\"https:\/\/i0.wp.com\/www.jojoenherbe.com\/wp-content\/uploads\/2022\/04\/LArbre-de-Sobo-scaled.jpg?fit=676%2C533&amp;ssl=1\" class=\"size-thumbnail wp-image-25141 alignright\" src=\"https:\/\/i0.wp.com\/www.jojoenherbe.com\/wp-content\/uploads\/2022\/04\/LArbre-de-Sobo.jpg?resize=150%2C150\" alt=\"\" width=\"150\" height=\"150\" srcset=\"https:\/\/i0.wp.com\/www.jojoenherbe.com\/wp-content\/uploads\/2022\/04\/LArbre-de-Sobo-scaled.jpg?resize=150%2C150&amp;ssl=1 150w, https:\/\/i0.wp.com\/www.jojoenherbe.com\/wp-content\/uploads\/2022\/04\/LArbre-de-Sobo-scaled.jpg?zoom=2&amp;resize=150%2C150 300w, https:\/\/i0.wp.com\/www.jojoenherbe.com\/wp-content\/uploads\/2022\/04\/LArbre-de-Sobo-scaled.jpg?zoom=3&amp;resize=150%2C150 450w\" sizes=\"auto, (max-width: 150px) 100vw, 150px\" \/><\/a>(Album jeunesse) <span style=\"text-decoration: underline;\">L\u2019Arbre de Sobo<\/span> de Marie Sellier et Charlotte Gastaut (\u00e9d. de la R\u00e9union des mus\u00e9es nationaux \u2013 Grand Palais, 2018), un album jeunesse grand format \u00e0 partir de 6 ans. <\/em><\/li>\n<li style=\"text-align: justify;\"><em><a href=\"https:\/\/i0.wp.com\/www.jojoenherbe.com\/wp-content\/uploads\/2022\/07\/La-milleclat-doree-scaled.jpg\"><img data-recalc-dims=\"1\" loading=\"lazy\" decoding=\"async\" data-attachment-id=\"26641\" data-permalink=\"https:\/\/www.jojoenherbe.com\/index.php\/2022\/07\/21\/au-fil-des-pages-avec-la-milleclat-doree\/la-milleclat-doree\/\" data-orig-file=\"https:\/\/i0.wp.com\/www.jojoenherbe.com\/wp-content\/uploads\/2022\/07\/La-milleclat-doree-scaled.jpg?fit=2560%2C1762&amp;ssl=1\" data-orig-size=\"2560,1762\" data-comments-opened=\"1\" data-image-meta=\"{&quot;aperture&quot;:&quot;1.8&quot;,&quot;credit&quot;:&quot;&quot;,&quot;camera&quot;:&quot;iPhone 7&quot;,&quot;caption&quot;:&quot;&quot;,&quot;created_timestamp&quot;:&quot;1636033565&quot;,&quot;copyright&quot;:&quot;&quot;,&quot;focal_length&quot;:&quot;3.99&quot;,&quot;iso&quot;:&quot;50&quot;,&quot;shutter_speed&quot;:&quot;0.058823529411765&quot;,&quot;title&quot;:&quot;&quot;,&quot;orientation&quot;:&quot;1&quot;}\" data-image-title=\"La mill\u00e9clat dor\u00e9e\" data-image-description=\"\" data-image-caption=\"\" data-large-file=\"https:\/\/i0.wp.com\/www.jojoenherbe.com\/wp-content\/uploads\/2022\/07\/La-milleclat-doree-scaled.jpg?fit=676%2C465&amp;ssl=1\" class=\"alignleft size-thumbnail wp-image-26641\" src=\"https:\/\/i0.wp.com\/www.jojoenherbe.com\/wp-content\/uploads\/2022\/07\/La-milleclat-doree.jpg?resize=150%2C150\" alt=\"\" width=\"150\" height=\"150\" srcset=\"https:\/\/i0.wp.com\/www.jojoenherbe.com\/wp-content\/uploads\/2022\/07\/La-milleclat-doree-scaled.jpg?resize=150%2C150&amp;ssl=1 150w, https:\/\/i0.wp.com\/www.jojoenherbe.com\/wp-content\/uploads\/2022\/07\/La-milleclat-doree-scaled.jpg?zoom=2&amp;resize=150%2C150 300w, https:\/\/i0.wp.com\/www.jojoenherbe.com\/wp-content\/uploads\/2022\/07\/La-milleclat-doree-scaled.jpg?zoom=3&amp;resize=150%2C150 450w\" sizes=\"auto, (max-width: 150px) 100vw, 150px\" \/><\/a>(Album jeunesse) <a href=\"https:\/\/www.jojoenherbe.com\/index.php\/2022\/07\/21\/au-fil-des-pages-avec-la-milleclat-doree\/\"><span style=\"text-decoration: underline;\">La mill\u00e9clat dor\u00e9e<\/span><\/a> de Benjamin Flow\u00a0 (\u00e9d. La Past\u00e8que, 2017), un album jeunesse aux tr\u00e8s jolies illustrations \u00e0 partir de 5 ans avec Renard, passionn\u00e9 de botanique qui part \u00e0 la recherche d&rsquo;une fleur rare des montagnes, la mill\u00e9clat dor\u00e9e.<\/em><\/li>\n<\/ul>\n<p style=\"text-align: justify;\"><em><span style=\"text-decoration: underline;\"><strong>Cat\u00e9gorie \u00ab\u00a0Les propri\u00e9t\u00e9s et jardins dissimul\u00e9s\u00a0\u00bb<\/strong><\/span> (secrets de familles, sagas familiales \u00e0 la campagne dans un cottage ou manoir)<\/em><\/p>\n<ul>\n<li style=\"text-align: justify;\"><em><a href=\"https:\/\/i0.wp.com\/www.jojoenherbe.com\/wp-content\/uploads\/2021\/07\/Le-jardin-secret-BD-T1-scaled.jpg\"><img data-recalc-dims=\"1\" loading=\"lazy\" decoding=\"async\" data-attachment-id=\"19611\" data-permalink=\"https:\/\/www.jojoenherbe.com\/index.php\/2021\/07\/02\/rat-contes-et-legendes-dinde-2021\/le-jardin-secret-bd-t1\/\" data-orig-file=\"https:\/\/i0.wp.com\/www.jojoenherbe.com\/wp-content\/uploads\/2021\/07\/Le-jardin-secret-BD-T1-scaled.jpg?fit=2560%2C1898&amp;ssl=1\" data-orig-size=\"2560,1898\" data-comments-opened=\"1\" data-image-meta=\"{&quot;aperture&quot;:&quot;1.8&quot;,&quot;credit&quot;:&quot;&quot;,&quot;camera&quot;:&quot;iPhone 7&quot;,&quot;caption&quot;:&quot;&quot;,&quot;created_timestamp&quot;:&quot;1625309562&quot;,&quot;copyright&quot;:&quot;&quot;,&quot;focal_length&quot;:&quot;3.99&quot;,&quot;iso&quot;:&quot;100&quot;,&quot;shutter_speed&quot;:&quot;0.16666666666667&quot;,&quot;title&quot;:&quot;&quot;,&quot;orientation&quot;:&quot;1&quot;}\" data-image-title=\"Le jardin secret BD T1\" data-image-description=\"\" data-image-caption=\"\" data-large-file=\"https:\/\/i0.wp.com\/www.jojoenherbe.com\/wp-content\/uploads\/2021\/07\/Le-jardin-secret-BD-T1-scaled.jpg?fit=676%2C501&amp;ssl=1\" class=\"size-thumbnail wp-image-19611 alignright\" src=\"https:\/\/i0.wp.com\/www.jojoenherbe.com\/wp-content\/uploads\/2021\/07\/Le-jardin-secret-BD-T1.jpg?resize=150%2C150\" alt=\"\" width=\"150\" height=\"150\" srcset=\"https:\/\/i0.wp.com\/www.jojoenherbe.com\/wp-content\/uploads\/2021\/07\/Le-jardin-secret-BD-T1-scaled.jpg?resize=150%2C150&amp;ssl=1 150w, https:\/\/i0.wp.com\/www.jojoenherbe.com\/wp-content\/uploads\/2021\/07\/Le-jardin-secret-BD-T1-scaled.jpg?zoom=2&amp;resize=150%2C150 300w, https:\/\/i0.wp.com\/www.jojoenherbe.com\/wp-content\/uploads\/2021\/07\/Le-jardin-secret-BD-T1-scaled.jpg?zoom=3&amp;resize=150%2C150 450w\" sizes=\"auto, (max-width: 150px) 100vw, 150px\" \/><\/a>(BD jeunesse) le tome 1 du <span style=\"text-decoration: underline;\">Jardin secret<\/span> de Maud Begon, d\u2019apr\u00e8s Frances H. Burnett (\u00e9d. Dargaud, 2021), une BD jeunesse adaptant le <a href=\"https:\/\/www.jojoenherbe.com\/index.php\/2020\/04\/19\/au-fil-des-pages-avec-le-jardin-secret\/\">roman \u00e9ponyme<\/a>, lu l&rsquo;ann\u00e9e derni\u00e8re et dont un second tome n&rsquo;est pas encore paru<\/em><\/li>\n<li style=\"text-align: justify;\"><em><a href=\"https:\/\/i0.wp.com\/www.jojoenherbe.com\/wp-content\/uploads\/2022\/03\/Le-jardin-secret-5-scaled.jpg\"><img data-recalc-dims=\"1\" loading=\"lazy\" decoding=\"async\" data-attachment-id=\"24918\" data-permalink=\"https:\/\/www.jojoenherbe.com\/index.php\/2022\/03\/28\/billet-de-suivi-challenge-cottagecore-2022\/le-jardin-secret-5\/\" data-orig-file=\"https:\/\/i0.wp.com\/www.jojoenherbe.com\/wp-content\/uploads\/2022\/03\/Le-jardin-secret-5-scaled.jpg?fit=2560%2C2064&amp;ssl=1\" data-orig-size=\"2560,2064\" data-comments-opened=\"1\" data-image-meta=\"{&quot;aperture&quot;:&quot;1.8&quot;,&quot;credit&quot;:&quot;&quot;,&quot;camera&quot;:&quot;iPhone 7&quot;,&quot;caption&quot;:&quot;&quot;,&quot;created_timestamp&quot;:&quot;1624355438&quot;,&quot;copyright&quot;:&quot;&quot;,&quot;focal_length&quot;:&quot;3.99&quot;,&quot;iso&quot;:&quot;100&quot;,&quot;shutter_speed&quot;:&quot;0.16666666666667&quot;,&quot;title&quot;:&quot;&quot;,&quot;orientation&quot;:&quot;1&quot;}\" data-image-title=\"Le jardin secret 5\" data-image-description=\"\" data-image-caption=\"\" data-large-file=\"https:\/\/i0.wp.com\/www.jojoenherbe.com\/wp-content\/uploads\/2022\/03\/Le-jardin-secret-5-scaled.jpg?fit=676%2C545&amp;ssl=1\" class=\"size-thumbnail wp-image-24918 alignleft\" src=\"https:\/\/i0.wp.com\/www.jojoenherbe.com\/wp-content\/uploads\/2022\/03\/Le-jardin-secret-5.jpg?resize=150%2C150\" alt=\"\" width=\"150\" height=\"150\" srcset=\"https:\/\/i0.wp.com\/www.jojoenherbe.com\/wp-content\/uploads\/2022\/03\/Le-jardin-secret-5-scaled.jpg?resize=150%2C150&amp;ssl=1 150w, https:\/\/i0.wp.com\/www.jojoenherbe.com\/wp-content\/uploads\/2022\/03\/Le-jardin-secret-5-scaled.jpg?zoom=2&amp;resize=150%2C150 300w, https:\/\/i0.wp.com\/www.jojoenherbe.com\/wp-content\/uploads\/2022\/03\/Le-jardin-secret-5-scaled.jpg?zoom=3&amp;resize=150%2C150 450w\" sizes=\"auto, (max-width: 150px) 100vw, 150px\" \/><\/a>(Album jeunesse) <span style=\"text-decoration: underline;\">Le jardin secret<\/span> de Brigitte Barrager, d\u2019apr\u00e8s Frances H. Burnett (\u00e9d. Deux Coqs d&rsquo;Or, 2019), un album jeunesse \u00e0\u00a0 partir de 3 ans et adaptant pour les plus jeunes lecteurs le roman \u00e9ponyme<\/em><\/li>\n<li style=\"text-align: justify;\"><em><a href=\"https:\/\/i0.wp.com\/www.jojoenherbe.com\/wp-content\/uploads\/2022\/03\/La-saison-des-roses.jpg\"><img data-recalc-dims=\"1\" loading=\"lazy\" decoding=\"async\" data-attachment-id=\"24980\" data-permalink=\"https:\/\/www.jojoenherbe.com\/index.php\/2022\/03\/28\/billet-de-suivi-challenge-cottagecore-2022\/la-saison-des-roses\/\" data-orig-file=\"https:\/\/i0.wp.com\/www.jojoenherbe.com\/wp-content\/uploads\/2022\/03\/La-saison-des-roses.jpg?fit=750%2C1334&amp;ssl=1\" data-orig-size=\"750,1334\" data-comments-opened=\"1\" data-image-meta=\"{&quot;aperture&quot;:&quot;0&quot;,&quot;credit&quot;:&quot;&quot;,&quot;camera&quot;:&quot;&quot;,&quot;caption&quot;:&quot;&quot;,&quot;created_timestamp&quot;:&quot;0&quot;,&quot;copyright&quot;:&quot;&quot;,&quot;focal_length&quot;:&quot;0&quot;,&quot;iso&quot;:&quot;0&quot;,&quot;shutter_speed&quot;:&quot;0&quot;,&quot;title&quot;:&quot;&quot;,&quot;orientation&quot;:&quot;0&quot;}\" data-image-title=\"La saison des roses\" data-image-description=\"\" data-image-caption=\"\" data-large-file=\"https:\/\/i0.wp.com\/www.jojoenherbe.com\/wp-content\/uploads\/2022\/03\/La-saison-des-roses.jpg?fit=576%2C1024&amp;ssl=1\" class=\"size-thumbnail wp-image-24980 alignright\" src=\"https:\/\/i0.wp.com\/www.jojoenherbe.com\/wp-content\/uploads\/2022\/03\/La-saison-des-roses.jpg?resize=150%2C150\" alt=\"\" width=\"150\" height=\"150\" srcset=\"https:\/\/i0.wp.com\/www.jojoenherbe.com\/wp-content\/uploads\/2022\/03\/La-saison-des-roses.jpg?resize=150%2C150&amp;ssl=1 150w, https:\/\/i0.wp.com\/www.jojoenherbe.com\/wp-content\/uploads\/2022\/03\/La-saison-des-roses.jpg?zoom=2&amp;resize=150%2C150 300w, https:\/\/i0.wp.com\/www.jojoenherbe.com\/wp-content\/uploads\/2022\/03\/La-saison-des-roses.jpg?zoom=3&amp;resize=150%2C150 450w\" sizes=\"auto, (max-width: 150px) 100vw, 150px\" \/><\/a>(Roman) <span style=\"text-decoration: underline;\">La saison des roses<\/span> de Victoria Connelly (\u00e9d. Amazoncrossing, 2017, 344 pages), un roman qui se d\u00e9roule quelques semaines apr\u00e8s le d\u00e9c\u00e8s de la m\u00e8re de trois s\u0153urs, C\u00e9leste, \u00c9velyne et Gertrude Hamilton. Elles ont h\u00e9rit\u00e9 de la roseraie familiale et du manoir en bien mauvais \u00e9tat. Un moment de lecture agr\u00e9able avant tout pour cette immersion dans la roseraie familiale et bien moins pour le c\u00f4t\u00e9 romance!<br \/>\n<\/em><\/li>\n<li style=\"text-align: justify;\"><em><a href=\"https:\/\/i0.wp.com\/www.jojoenherbe.com\/wp-content\/uploads\/2022\/04\/Fuki-no-to-scaled.jpg\"><img data-recalc-dims=\"1\" loading=\"lazy\" decoding=\"async\" data-attachment-id=\"25259\" data-permalink=\"https:\/\/www.jojoenherbe.com\/index.php\/2022\/04\/29\/point-lecture-hebdomadaire-38\/fuki-no-to\/\" data-orig-file=\"https:\/\/i0.wp.com\/www.jojoenherbe.com\/wp-content\/uploads\/2022\/04\/Fuki-no-to-scaled.jpg?fit=2560%2C2252&amp;ssl=1\" data-orig-size=\"2560,2252\" data-comments-opened=\"1\" data-image-meta=\"{&quot;aperture&quot;:&quot;1.8&quot;,&quot;credit&quot;:&quot;&quot;,&quot;camera&quot;:&quot;iPhone 7&quot;,&quot;caption&quot;:&quot;&quot;,&quot;created_timestamp&quot;:&quot;1650895105&quot;,&quot;copyright&quot;:&quot;&quot;,&quot;focal_length&quot;:&quot;3.99&quot;,&quot;iso&quot;:&quot;100&quot;,&quot;shutter_speed&quot;:&quot;0.076923076923077&quot;,&quot;title&quot;:&quot;&quot;,&quot;orientation&quot;:&quot;1&quot;}\" data-image-title=\"Fuki-no-t\u00f4\" data-image-description=\"\" data-image-caption=\"\" data-large-file=\"https:\/\/i0.wp.com\/www.jojoenherbe.com\/wp-content\/uploads\/2022\/04\/Fuki-no-to-scaled.jpg?fit=676%2C595&amp;ssl=1\" class=\"size-thumbnail wp-image-25259 alignleft\" src=\"https:\/\/i0.wp.com\/www.jojoenherbe.com\/wp-content\/uploads\/2022\/04\/Fuki-no-to.jpg?resize=150%2C150\" alt=\"\" width=\"150\" height=\"150\" srcset=\"https:\/\/i0.wp.com\/www.jojoenherbe.com\/wp-content\/uploads\/2022\/04\/Fuki-no-to-scaled.jpg?resize=150%2C150&amp;ssl=1 150w, https:\/\/i0.wp.com\/www.jojoenherbe.com\/wp-content\/uploads\/2022\/04\/Fuki-no-to-scaled.jpg?zoom=2&amp;resize=150%2C150 300w, https:\/\/i0.wp.com\/www.jojoenherbe.com\/wp-content\/uploads\/2022\/04\/Fuki-no-to-scaled.jpg?zoom=3&amp;resize=150%2C150 450w\" sizes=\"auto, (max-width: 150px) 100vw, 150px\" \/><\/a>(Roman adulte) le tome 4 du cycle 3, <span style=\"text-decoration: underline;\">L&rsquo;ombre du chardon, Fuki-no-t\u00f4<\/span> d&rsquo;Aki Shimazaki (\u00e9d. Actes Sud, 2018, 146 pages), un court roman dont le titre signifie P\u00e9tasite du Japon et qui se d\u00e9roule quelques ann\u00e9es apr\u00e8s les \u00e9v\u00e9nements du premier tome, <span style=\"text-decoration: underline;\">Azami<\/span>, la petite ferme biologique d&rsquo;<\/em><em>Atsuko Kawano d\u00e9sormais \u00e2g\u00e9e de 40 ans, ayant pris de l\u2019ampleur. <\/em><em><br \/>\n<\/em><\/li>\n<li style=\"text-align: justify;\"><em><a href=\"https:\/\/i0.wp.com\/www.jojoenherbe.com\/wp-content\/uploads\/2022\/06\/Les-Sept-Morts-dEvelyn-Hardcastle-scaled.jpg\"><img data-recalc-dims=\"1\" loading=\"lazy\" decoding=\"async\" data-attachment-id=\"25858\" data-permalink=\"https:\/\/www.jojoenherbe.com\/index.php\/2022\/06\/13\/point-lecture-hebdomadaire-45\/les-sept-morts-develyn-hardcastle\/\" data-orig-file=\"https:\/\/i0.wp.com\/www.jojoenherbe.com\/wp-content\/uploads\/2022\/06\/Les-Sept-Morts-dEvelyn-Hardcastle-scaled.jpg?fit=2560%2C2083&amp;ssl=1\" data-orig-size=\"2560,2083\" data-comments-opened=\"1\" data-image-meta=\"{&quot;aperture&quot;:&quot;1.8&quot;,&quot;credit&quot;:&quot;&quot;,&quot;camera&quot;:&quot;iPhone 7&quot;,&quot;caption&quot;:&quot;&quot;,&quot;created_timestamp&quot;:&quot;1655116583&quot;,&quot;copyright&quot;:&quot;&quot;,&quot;focal_length&quot;:&quot;3.99&quot;,&quot;iso&quot;:&quot;80&quot;,&quot;shutter_speed&quot;:&quot;0.14285714285714&quot;,&quot;title&quot;:&quot;&quot;,&quot;orientation&quot;:&quot;1&quot;}\" data-image-title=\"Les Sept Morts d&amp;rsquo;Evelyn Hardcastle\" data-image-description=\"\" data-image-caption=\"\" data-large-file=\"https:\/\/i0.wp.com\/www.jojoenherbe.com\/wp-content\/uploads\/2022\/06\/Les-Sept-Morts-dEvelyn-Hardcastle-scaled.jpg?fit=676%2C550&amp;ssl=1\" class=\"size-thumbnail wp-image-25858 alignright\" src=\"https:\/\/i0.wp.com\/www.jojoenherbe.com\/wp-content\/uploads\/2022\/06\/Les-Sept-Morts-dEvelyn-Hardcastle.jpg?resize=150%2C150\" alt=\"\" width=\"150\" height=\"150\" srcset=\"https:\/\/i0.wp.com\/www.jojoenherbe.com\/wp-content\/uploads\/2022\/06\/Les-Sept-Morts-dEvelyn-Hardcastle-scaled.jpg?resize=150%2C150&amp;ssl=1 150w, https:\/\/i0.wp.com\/www.jojoenherbe.com\/wp-content\/uploads\/2022\/06\/Les-Sept-Morts-dEvelyn-Hardcastle-scaled.jpg?zoom=2&amp;resize=150%2C150 300w, https:\/\/i0.wp.com\/www.jojoenherbe.com\/wp-content\/uploads\/2022\/06\/Les-Sept-Morts-dEvelyn-Hardcastle-scaled.jpg?zoom=3&amp;resize=150%2C150 450w\" sizes=\"auto, (max-width: 150px) 100vw, 150px\" \/><\/a>(Roman policier fantastique) <span class=\"_aacl _aaco _aacu _aacx _aad7 _aade\"><a href=\"https:\/\/www.jojoenherbe.com\/index.php\/2022\/07\/16\/au-fil-des-pages-avec-les-sept-morts-develyn-hardcastle\/\"><span style=\"text-decoration: underline;\">Les Sept Morts d&rsquo;Evelyn Hardcastle<\/span><\/a> de Stuart Turton (\u00e9d. Sonatine, 2019, 540 pages), un roman policier fantastique, un homme amn\u00e9sique tentant de d\u00e9couvrir l&rsquo;identit\u00e9 du meurtrier d&rsquo;Evelyn Hardclastle. Chaque jour, cet homme prend comme h\u00f4te un des r\u00e9sidents de la demeure des \u00e9poux Hardclastle afin de pouvoir quitter une boucle temporelle.<\/span><\/em><\/li>\n<\/ul>\n<p style=\"text-align: justify;\"><em><strong><span style=\"text-decoration: underline;\">Cat\u00e9gorie \u00ab\u00a0R\u00eaveries au bord de l&rsquo;eau\/M\u00e9fiez-vous de de l&rsquo;eau qui dort\u00a0\u00bb<\/span><\/strong> (des histoires qui se d\u00e9roulent au bord de la mer, d\u2019un \u00e9tang, marais tout en conservant une ambiance champ\u00eatre et romantique ou un peu plus sombre voire m\u00eame quelque peu gothique) <\/em><\/p>\n<ul>\n<li style=\"text-align: justify;\"><em><span style=\"text-decoration: underline;\"><a href=\"https:\/\/i0.wp.com\/www.jojoenherbe.com\/wp-content\/uploads\/2022\/04\/Lauberge-de-la-Jamaique-scaled.jpg\"><img data-recalc-dims=\"1\" loading=\"lazy\" decoding=\"async\" data-attachment-id=\"24492\" data-permalink=\"https:\/\/www.jojoenherbe.com\/index.php\/2022\/04\/04\/point-lecture-hebdomadaire-35\/lauberge-de-la-jamaique\/\" data-orig-file=\"https:\/\/i0.wp.com\/www.jojoenherbe.com\/wp-content\/uploads\/2022\/04\/Lauberge-de-la-Jamaique-scaled.jpg?fit=2560%2C1942&amp;ssl=1\" data-orig-size=\"2560,1942\" data-comments-opened=\"1\" data-image-meta=\"{&quot;aperture&quot;:&quot;1.8&quot;,&quot;credit&quot;:&quot;&quot;,&quot;camera&quot;:&quot;iPhone 7&quot;,&quot;caption&quot;:&quot;&quot;,&quot;created_timestamp&quot;:&quot;1649157069&quot;,&quot;copyright&quot;:&quot;&quot;,&quot;focal_length&quot;:&quot;3.99&quot;,&quot;iso&quot;:&quot;100&quot;,&quot;shutter_speed&quot;:&quot;0.1&quot;,&quot;title&quot;:&quot;&quot;,&quot;orientation&quot;:&quot;1&quot;}\" data-image-title=\"L&amp;rsquo;auberge de la Jama\u00efque\" data-image-description=\"\" data-image-caption=\"\" data-large-file=\"https:\/\/i0.wp.com\/www.jojoenherbe.com\/wp-content\/uploads\/2022\/04\/Lauberge-de-la-Jamaique-scaled.jpg?fit=676%2C513&amp;ssl=1\" class=\"size-thumbnail wp-image-24492 alignleft\" src=\"https:\/\/i0.wp.com\/www.jojoenherbe.com\/wp-content\/uploads\/2022\/04\/Lauberge-de-la-Jamaique.jpg?resize=150%2C150\" alt=\"\" width=\"150\" height=\"150\" srcset=\"https:\/\/i0.wp.com\/www.jojoenherbe.com\/wp-content\/uploads\/2022\/04\/Lauberge-de-la-Jamaique-scaled.jpg?resize=150%2C150&amp;ssl=1 150w, https:\/\/i0.wp.com\/www.jojoenherbe.com\/wp-content\/uploads\/2022\/04\/Lauberge-de-la-Jamaique-scaled.jpg?zoom=2&amp;resize=150%2C150 300w, https:\/\/i0.wp.com\/www.jojoenherbe.com\/wp-content\/uploads\/2022\/04\/Lauberge-de-la-Jamaique-scaled.jpg?zoom=3&amp;resize=150%2C150 450w\" sizes=\"auto, (max-width: 150px) 100vw, 150px\" \/><\/a><\/span>(Roman) <span style=\"text-decoration: underline;\">L&rsquo;auberge de la Jama\u00efque<\/span> de Daphn\u00e9 Du Maurier (\u00e9d. Le livre de poche, n\u00b077, 1941, r\u00e9\u00e9d. 2021, 318 pages), un roman que m&rsquo;avait offert l&rsquo;ann\u00e9e derni\u00e8re <a href=\"https:\/\/artdelire.org\/\">MissyCornish<\/a> apr\u00e8s ma participation \u00e0 son challenge Cottagecore<br \/>\n<\/em><\/li>\n<li style=\"text-align: justify;\"><em><span class=\"_7UhW9   xLCgt      MMzan   KV-D4           se6yk       T0kll \"><span style=\"text-decoration: underline;\"><a href=\"https:\/\/i0.wp.com\/www.jojoenherbe.com\/wp-content\/uploads\/2022\/04\/Lirresistible-histoire-du-Cafe-Myrtille-scaled.jpg\"><img data-recalc-dims=\"1\" loading=\"lazy\" decoding=\"async\" data-attachment-id=\"24700\" data-permalink=\"https:\/\/www.jojoenherbe.com\/index.php\/2022\/04\/11\/point-lecture-hebdomadaire-36\/lirresistible-histoire-du-cafe-myrtille\/\" data-orig-file=\"https:\/\/i0.wp.com\/www.jojoenherbe.com\/wp-content\/uploads\/2022\/04\/Lirresistible-histoire-du-Cafe-Myrtille-scaled.jpg?fit=2560%2C1920&amp;ssl=1\" data-orig-size=\"2560,1920\" data-comments-opened=\"1\" data-image-meta=\"{&quot;aperture&quot;:&quot;1.8&quot;,&quot;credit&quot;:&quot;&quot;,&quot;camera&quot;:&quot;iPhone 7&quot;,&quot;caption&quot;:&quot;&quot;,&quot;created_timestamp&quot;:&quot;1649669733&quot;,&quot;copyright&quot;:&quot;&quot;,&quot;focal_length&quot;:&quot;3.99&quot;,&quot;iso&quot;:&quot;80&quot;,&quot;shutter_speed&quot;:&quot;0.125&quot;,&quot;title&quot;:&quot;&quot;,&quot;orientation&quot;:&quot;1&quot;}\" data-image-title=\"L&amp;rsquo;irr\u00e9sistible histoire du Caf\u00e9 Myrtille\" data-image-description=\"\" data-image-caption=\"\" data-large-file=\"https:\/\/i0.wp.com\/www.jojoenherbe.com\/wp-content\/uploads\/2022\/04\/Lirresistible-histoire-du-Cafe-Myrtille-scaled.jpg?fit=676%2C507&amp;ssl=1\" class=\"size-thumbnail wp-image-24700 alignright\" src=\"https:\/\/i0.wp.com\/www.jojoenherbe.com\/wp-content\/uploads\/2022\/04\/Lirresistible-histoire-du-Cafe-Myrtille.jpg?resize=150%2C150\" alt=\"\" width=\"150\" height=\"150\" srcset=\"https:\/\/i0.wp.com\/www.jojoenherbe.com\/wp-content\/uploads\/2022\/04\/Lirresistible-histoire-du-Cafe-Myrtille-scaled.jpg?resize=150%2C150&amp;ssl=1 150w, https:\/\/i0.wp.com\/www.jojoenherbe.com\/wp-content\/uploads\/2022\/04\/Lirresistible-histoire-du-Cafe-Myrtille-scaled.jpg?zoom=2&amp;resize=150%2C150 300w, https:\/\/i0.wp.com\/www.jojoenherbe.com\/wp-content\/uploads\/2022\/04\/Lirresistible-histoire-du-Cafe-Myrtille-scaled.jpg?zoom=3&amp;resize=150%2C150 450w\" sizes=\"auto, (max-width: 150px) 100vw, 150px\" \/><\/a><\/span>(Romance feel-good) <span style=\"text-decoration: underline;\">L\u2019irr\u00e9sistible histoire du Caf\u00e9 Myrtille<\/span> de Mary Simses (\u00e9d. NiL, 2018, 422 pages), une romance feel-good et l\u00e9g\u00e8re se d\u00e9roulant dans un toute petite ville c\u00f4ti\u00e8re du Maine<\/span><\/em>. <em><span class=\"_7UhW9   xLCgt      MMzan   KV-D4           se6yk       T0kll \">Un bon moment de lecture avec des passages de gourmands comme les muffins aux myrtilles et qui fait la part belle \u00e0 la vie simple et paisible au bord de l\u2019eau!<\/span><\/em><\/li>\n<li style=\"text-align: justify;\"><em><a href=\"https:\/\/i0.wp.com\/www.jojoenherbe.com\/wp-content\/uploads\/2022\/08\/Letrange-mystere-du-lac-perdu-2-scaled.jpg\"><img data-recalc-dims=\"1\" loading=\"lazy\" decoding=\"async\" data-attachment-id=\"27220\" data-permalink=\"https:\/\/www.jojoenherbe.com\/index.php\/2022\/08\/21\/au-fil-des-pages-avec-letrange-mystere-du-lac-perdu\/letrange-mystere-du-lac-perdu-2\/\" data-orig-file=\"https:\/\/i0.wp.com\/www.jojoenherbe.com\/wp-content\/uploads\/2022\/08\/Letrange-mystere-du-lac-perdu-2-scaled.jpg?fit=2560%2C1970&amp;ssl=1\" data-orig-size=\"2560,1970\" data-comments-opened=\"1\" data-image-meta=\"{&quot;aperture&quot;:&quot;1.8&quot;,&quot;credit&quot;:&quot;&quot;,&quot;camera&quot;:&quot;iPhone 7&quot;,&quot;caption&quot;:&quot;&quot;,&quot;created_timestamp&quot;:&quot;1660920170&quot;,&quot;copyright&quot;:&quot;&quot;,&quot;focal_length&quot;:&quot;3.99&quot;,&quot;iso&quot;:&quot;100&quot;,&quot;shutter_speed&quot;:&quot;0.058823529411765&quot;,&quot;title&quot;:&quot;&quot;,&quot;orientation&quot;:&quot;1&quot;}\" data-image-title=\"L&amp;rsquo;\u00e9trange myst\u00e8re du lac perdu 2\" data-image-description=\"\" data-image-caption=\"\" data-large-file=\"https:\/\/i0.wp.com\/www.jojoenherbe.com\/wp-content\/uploads\/2022\/08\/Letrange-mystere-du-lac-perdu-2-scaled.jpg?fit=676%2C520&amp;ssl=1\" class=\"alignleft size-thumbnail wp-image-27220\" src=\"https:\/\/i0.wp.com\/www.jojoenherbe.com\/wp-content\/uploads\/2022\/08\/Letrange-mystere-du-lac-perdu-2.jpg?resize=150%2C150\" alt=\"\" width=\"150\" height=\"150\" srcset=\"https:\/\/i0.wp.com\/www.jojoenherbe.com\/wp-content\/uploads\/2022\/08\/Letrange-mystere-du-lac-perdu-2-scaled.jpg?resize=150%2C150&amp;ssl=1 150w, https:\/\/i0.wp.com\/www.jojoenherbe.com\/wp-content\/uploads\/2022\/08\/Letrange-mystere-du-lac-perdu-2-scaled.jpg?zoom=2&amp;resize=150%2C150 300w, https:\/\/i0.wp.com\/www.jojoenherbe.com\/wp-content\/uploads\/2022\/08\/Letrange-mystere-du-lac-perdu-2-scaled.jpg?zoom=3&amp;resize=150%2C150 450w\" sizes=\"auto, (max-width: 150px) 100vw, 150px\" \/><\/a>(Album jeunesse) <a href=\"https:\/\/www.jojoenherbe.com\/index.php\/2022\/08\/21\/au-fil-des-pages-avec-letrange-mystere-du-lac-perdu\/\"><span style=\"text-decoration: underline;\">L\u2019\u00e9trange myst\u00e8re du lac perdu<\/span><\/a> de Paddy Donnely (\u00e9d. Kimane, 2022), un album jeunesse joliment illustr\u00e9 et \u00e0 partir de 3 ans avec l&rsquo;histoire d&rsquo;Ella qui rend visite \u00e0 son grand-p\u00e8re et qui tente de percer le myst\u00e8re entourant le lac Loughareema, en Irlande du Nord. <\/em><\/li>\n<\/ul>\n<p style=\"text-align: justify;\"><em><strong><span style=\"text-decoration: underline;\">Cat\u00e9gorie \u00ab\u00a0La litt\u00e9rature Cottagecore fait son cin\u00e9ma\/soir\u00e9e cin\u00e9 popcorn\u00a0\u00bb<\/span><\/strong> (des films ou s\u00e9ries t\u00e9l\u00e9vis\u00e9es qui prennent pour cadre un d\u00e9cor particuli\u00e8rement champ\u00eatre avec pourquoi pas une demeure ancienne (ch\u00e2teau, cottage, manoir) typiquement anglo-saxons dans une petite bourgade perdue de campagne et des costumes d\u2019\u00e9poque)<\/em><\/p>\n<p style=\"text-align: justify;\"><em>Il y a \u00e9galement une cinqui\u00e8me cat\u00e9gorie: <strong>\u00ab\u00a0The cottagecorelifestyle\u00a0\u00bb<\/strong> (magazines, documentaires autour du jardinage, couture, cuisine, ambiances cocooning). <\/em><\/p>\n<div id=\"attachment_4427\" style=\"width: 128px\" class=\"wp-caption alignnone\"><img data-recalc-dims=\"1\" loading=\"lazy\" decoding=\"async\" aria-describedby=\"caption-attachment-4427\" data-attachment-id=\"4427\" data-permalink=\"https:\/\/www.jojoenherbe.com\/index.php\/2019\/01\/28\/un-apres-midi-au-parc-de-vaugrenier\/etang-de-vaugrenier-4\/\" data-orig-file=\"https:\/\/i0.wp.com\/www.jojoenherbe.com\/wp-content\/uploads\/2019\/01\/%C3%A9tang-de-Vaugrenier-4.jpg?fit=5184%2C3229&amp;ssl=1\" data-orig-size=\"5184,3229\" data-comments-opened=\"1\" data-image-meta=\"{&quot;aperture&quot;:&quot;3.2&quot;,&quot;credit&quot;:&quot;&quot;,&quot;camera&quot;:&quot;DSC-HX400V&quot;,&quot;caption&quot;:&quot;&quot;,&quot;created_timestamp&quot;:&quot;1548600562&quot;,&quot;copyright&quot;:&quot;&quot;,&quot;focal_length&quot;:&quot;4.3&quot;,&quot;iso&quot;:&quot;80&quot;,&quot;shutter_speed&quot;:&quot;0.004&quot;,&quot;title&quot;:&quot;&quot;,&quot;orientation&quot;:&quot;1&quot;}\" data-image-title=\"\u00e9tang de Vaugrenier 4\" data-image-description=\"\" data-image-caption=\"&lt;p&gt;\u00e9tang de Vaugrenier&lt;\/p&gt;\n\" data-large-file=\"https:\/\/i0.wp.com\/www.jojoenherbe.com\/wp-content\/uploads\/2019\/01\/%C3%A9tang-de-Vaugrenier-4.jpg?fit=676%2C421&amp;ssl=1\" class=\"wp-image-4427\" src=\"https:\/\/artdelire.files.wordpress.com\/2022\/03\/challenge-cottagecore-logo-4.png?w=289&#038;h=361&#038;fit=289%2C361&#038;resize=118%2C148\" sizes=\"auto, (max-width: 289px) 100vw, 289px\" srcset=\"https:\/\/artdelire.files.wordpress.com\/2022\/03\/challenge-cottagecore-logo-4.png?w=289&amp;h=361 289w, https:\/\/artdelire.files.wordpress.com\/2022\/03\/challenge-cottagecore-logo-4.png?w=578&amp;h=722 578w, https:\/\/artdelire.files.wordpress.com\/2022\/03\/challenge-cottagecore-logo-4.png?w=160&amp;h=200 160w, https:\/\/artdelire.files.wordpress.com\/2022\/03\/challenge-cottagecore-logo-4.png?w=240&amp;h=300 240w\" alt=\"\" width=\"118\" height=\"148\" data-attachment-id=\"4427\" data-permalink=\"https:\/\/artdelire.org\/2022\/03\/26\/challenge-cottagecore-2022-cest-parti-pour-une-nouvelle-saison\/challenge-cottagecore-logo-4\/\" data-orig-file=\"https:\/\/artdelire.files.wordpress.com\/2022\/03\/challenge-cottagecore-logo-4.png\" data-orig-size=\"1075,1344\" data-comments-opened=\"1\" data-image-meta=\"{&quot;aperture&quot;:&quot;0&quot;,&quot;credit&quot;:&quot;&quot;,&quot;camera&quot;:&quot;&quot;,&quot;caption&quot;:&quot;&quot;,&quot;created_timestamp&quot;:&quot;0&quot;,&quot;copyright&quot;:&quot;&quot;,&quot;focal_length&quot;:&quot;0&quot;,&quot;iso&quot;:&quot;0&quot;,&quot;shutter_speed&quot;:&quot;0&quot;,&quot;title&quot;:&quot;&quot;,&quot;orientation&quot;:&quot;0&quot;}\" data-image-title=\"challenge-cottagecore-logo-4\" data-image-description=\"\" data-image-caption=\"\" data-medium-file=\"https:\/\/artdelire.files.wordpress.com\/2022\/03\/challenge-cottagecore-logo-4.png?w=240\" data-large-file=\"https:\/\/artdelire.files.wordpress.com\/2022\/03\/challenge-cottagecore-logo-4.png?w=640\" \/><p id=\"caption-attachment-4427\" class=\"wp-caption-text\">Challenge Cottagecore 2022 de <a href=\"https:\/\/artdelire.org\/2022\/03\/26\/challenge-cottagecore-2022-cest-parti-pour-une-nouvelle-saison\/\">MissyCornish<\/a><\/p><\/div>\n","protected":false},"excerpt":{"rendered":"<p>MissyCornish organise pour la deuxi\u00e8me ann\u00e9e son Challenge Cottagecore qui aura lieu du 30 mars au 30 septembre 2022. Comme l&rsquo;ann\u00e9e derni\u00e8re, elle a pr\u00e9vu un programme facultatif que je vais essayer de suivre le plus possible, cinq cat\u00e9gories et des d\u00e9fis autour d\u2019histoires bucoliques et champ\u00eatres. Pour plus d\u2019infos, n\u2019h\u00e9sitez pas \u00e0 aller sur [&hellip;]<\/p>\n","protected":false},"author":1,"featured_media":24400,"comment_status":"open","ping_status":"open","sticky":false,"template":"","format":"standard","meta":{"jetpack_post_was_ever_published":false,"_jetpack_newsletter_access":"","_jetpack_dont_email_post_to_subs":false,"_jetpack_newsletter_tier_id":0,"_jetpack_memberships_contains_paywalled_content":false,"_jetpack_memberships_contains_paid_content":false,"footnotes":""},"categories":[873,363],"tags":[3037,2484,1085,367,543,2485],"class_list":["post-24398","post","type-post","status-publish","format-standard","has-post-thumbnail","hentry","category-mini-challenger","category-mini-lecteur","tag-challenge-cottagecore-2022","tag-cottagecore","tag-lecture-adulte","tag-lecture-jeunesse","tag-nature","tag-roman-champetre","post-preview"],"jetpack_featured_media_url":"https:\/\/i0.wp.com\/www.jojoenherbe.com\/wp-content\/uploads\/2022\/03\/Challenge-Cottagecore-2022.jpg?fit=747%2C637&ssl=1","jetpack_sharing_enabled":true,"jetpack_shortlink":"https:\/\/wp.me\/p9zhGx-6lw","jetpack_likes_enabled":true,"jetpack-related-posts":[{"id":18032,"url":"https:\/\/www.jojoenherbe.com\/index.php\/2021\/05\/02\/billet-de-suivi-challenge-cottagecore-2021\/","url_meta":{"origin":24398,"position":0},"title":"Billet de suivi: Challenge Cottagecore 2021","author":"Jojo","date":"2 mai 2021","format":false,"excerpt":"Du 1er mai au 30 septembre 2021, Missycornish propose un nouveau challenge sur une tendance actuelle depuis la pand\u00e9mie de Covid-19, le \u00ab cottagecore \u00bb, \u00e0 savoir un mode de vie slowlife dans une campagne id\u00e9alis\u00e9e et s\u2019inspirant de la campagne anglaise du XIXe si\u00e8cle. Pour ce challenge Cottagecore, Missycornish\u2026","rel":"","context":"Dans &quot;Mini challenger&quot;","block_context":{"text":"Mini challenger","link":"https:\/\/www.jojoenherbe.com\/index.php\/category\/mini-challenger\/"},"img":{"alt_text":"","src":"https:\/\/i0.wp.com\/www.jojoenherbe.com\/wp-content\/uploads\/2021\/05\/Nord-et-Sud-150x150.jpg?resize=350%2C200","width":350,"height":200},"classes":[]},{"id":23105,"url":"https:\/\/www.jojoenherbe.com\/index.php\/2022\/01\/01\/mes-challenges-livresques-2022\/","url_meta":{"origin":24398,"position":1},"title":"Mes challenges livresques 2022","author":"Jojo","date":"1 janvier 2022","format":false,"excerpt":"Avant de vous donner un avant-go\u00fbt de l'\u00e9dition 2022, je tiens \u00e0 vous souhaiter une tr\u00e8s belle ann\u00e9e et \u00e0 vous pr\u00e9senter mes meilleurs v\u0153ux. Appr\u00e9ciant beaucoup mes participations et \u00e9changes autour des challenges livresques depuis quelques ann\u00e9es, je continue encore en 2022, accompagn\u00e9e pour certains de mon mini lecteur.\u2026","rel":"","context":"Dans &quot;Mini challenger&quot;","block_context":{"text":"Mini challenger","link":"https:\/\/www.jojoenherbe.com\/index.php\/category\/mini-challenger\/"},"img":{"alt_text":"","src":"https:\/\/lh3.googleusercontent.com\/pw\/AM-JKLW-8Xy9BIRqinPzrRBz2J2pSlRnlFIwPEKmmv1zpAf3DZoC0nJGqVPx8b0ycvPVte06hr4gaDsphFfyIzipAAW1MPEwEpWUpvmIVdN6H4fs8knOaKBdlyDoMp3hCYeWKD_2Ax2fVRZYrtgs4qzmpYdYpQ=w285-h217-no?authuser=1","width":350,"height":200},"classes":[]},{"id":21156,"url":"https:\/\/www.jojoenherbe.com\/index.php\/2021\/10\/01\/notre-mois-bloguesque-de-septembre-2021\/","url_meta":{"origin":24398,"position":2},"title":"Notre mois bloguesque de septembre 2021","author":"Jojo","date":"1 octobre 2021","format":false,"excerpt":"C'est le d\u00e9but du mois d'octobre alors voici un petit retour bloguesque sur septembre 2021. Apr\u00e8s un mois d\u2019ao\u00fbt entre Nature et lectures, voici le temps de la rentr\u00e9e scolaire et un peu plus tard dans le mois de l\u2019automne. Nos (re)lectures estivales ont laisser place \u00e0 celles automnales. C\u00f4t\u00e9\u2026","rel":"","context":"Dans &quot;Mini blogueur&quot;","block_context":{"text":"Mini blogueur","link":"https:\/\/www.jojoenherbe.com\/index.php\/category\/mini-blogueur\/"},"img":{"alt_text":"","src":"https:\/\/i0.wp.com\/www.jojoenherbe.com\/wp-content\/uploads\/2021\/09\/Selection-septembre-2021-scaled.jpg?fit=1200%2C900&ssl=1&resize=350%2C200","width":350,"height":200,"srcset":"https:\/\/i0.wp.com\/www.jojoenherbe.com\/wp-content\/uploads\/2021\/09\/Selection-septembre-2021-scaled.jpg?fit=1200%2C900&ssl=1&resize=350%2C200 1x, https:\/\/i0.wp.com\/www.jojoenherbe.com\/wp-content\/uploads\/2021\/09\/Selection-septembre-2021-scaled.jpg?fit=1200%2C900&ssl=1&resize=525%2C300 1.5x, https:\/\/i0.wp.com\/www.jojoenherbe.com\/wp-content\/uploads\/2021\/09\/Selection-septembre-2021-scaled.jpg?fit=1200%2C900&ssl=1&resize=700%2C400 2x, https:\/\/i0.wp.com\/www.jojoenherbe.com\/wp-content\/uploads\/2021\/09\/Selection-septembre-2021-scaled.jpg?fit=1200%2C900&ssl=1&resize=1050%2C600 3x"},"classes":[]},{"id":25755,"url":"https:\/\/www.jojoenherbe.com\/index.php\/2022\/06\/01\/notre-mois-bloguesque-de-mai-2022\/","url_meta":{"origin":24398,"position":3},"title":"Notre mois bloguesque de mai 2022","author":"Jojo","date":"1 juin 2022","format":false,"excerpt":"C'est le premier du mois alors voici un petit retour bloguesque sur mai 2022. Comme en avril, nous avons continu\u00e9 en mai nos lectures pour Un mois au Japon 2022 de Hilde et Lou, le challenge Cottagecore de MissyCornish ainsi que nos lectures printani\u00e8res. J'ai d\u00e9j\u00e0 pioch\u00e9 dans la PAL\u2026","rel":"","context":"Dans &quot;Mini blogueur&quot;","block_context":{"text":"Mini blogueur","link":"https:\/\/www.jojoenherbe.com\/index.php\/category\/mini-blogueur\/"},"img":{"alt_text":"","src":"https:\/\/i0.wp.com\/www.jojoenherbe.com\/wp-content\/uploads\/2022\/05\/Selection-Mai-2022-scaled.jpg?fit=1200%2C750&ssl=1&resize=350%2C200","width":350,"height":200,"srcset":"https:\/\/i0.wp.com\/www.jojoenherbe.com\/wp-content\/uploads\/2022\/05\/Selection-Mai-2022-scaled.jpg?fit=1200%2C750&ssl=1&resize=350%2C200 1x, https:\/\/i0.wp.com\/www.jojoenherbe.com\/wp-content\/uploads\/2022\/05\/Selection-Mai-2022-scaled.jpg?fit=1200%2C750&ssl=1&resize=525%2C300 1.5x, https:\/\/i0.wp.com\/www.jojoenherbe.com\/wp-content\/uploads\/2022\/05\/Selection-Mai-2022-scaled.jpg?fit=1200%2C750&ssl=1&resize=700%2C400 2x, https:\/\/i0.wp.com\/www.jojoenherbe.com\/wp-content\/uploads\/2022\/05\/Selection-Mai-2022-scaled.jpg?fit=1200%2C750&ssl=1&resize=1050%2C600 3x"},"classes":[]},{"id":27914,"url":"https:\/\/www.jojoenherbe.com\/index.php\/2022\/10\/01\/notre-mois-bloguesque-de-septembre-2022\/","url_meta":{"origin":24398,"position":4},"title":"Notre mois bloguesque de septembre 2022","author":"Jojo","date":"1 octobre 2022","format":false,"excerpt":"C\u2019est le premier du mois alors voici un petit retour bloguesque sur septembre 2022, un mois marquant la fin de l'\u00e9t\u00e9 et la rentr\u00e9e des classes. Laissant derri\u00e8re nous nos lectures estivales, nous nous sommes tourn\u00e9s vers celles automnales. J'ai \u00e9galement pr\u00e9par\u00e9 doucement mais s\u00fbrement nos\u00a0 lectures pour le challenge\u2026","rel":"","context":"Dans &quot;Mini blogueur&quot;","block_context":{"text":"Mini blogueur","link":"https:\/\/www.jojoenherbe.com\/index.php\/category\/mini-blogueur\/"},"img":{"alt_text":"","src":"https:\/\/i0.wp.com\/www.jojoenherbe.com\/wp-content\/uploads\/2022\/09\/Selection-Septembre-2022-scaled.jpg?fit=1200%2C906&ssl=1&resize=350%2C200","width":350,"height":200,"srcset":"https:\/\/i0.wp.com\/www.jojoenherbe.com\/wp-content\/uploads\/2022\/09\/Selection-Septembre-2022-scaled.jpg?fit=1200%2C906&ssl=1&resize=350%2C200 1x, https:\/\/i0.wp.com\/www.jojoenherbe.com\/wp-content\/uploads\/2022\/09\/Selection-Septembre-2022-scaled.jpg?fit=1200%2C906&ssl=1&resize=525%2C300 1.5x, https:\/\/i0.wp.com\/www.jojoenherbe.com\/wp-content\/uploads\/2022\/09\/Selection-Septembre-2022-scaled.jpg?fit=1200%2C906&ssl=1&resize=700%2C400 2x, https:\/\/i0.wp.com\/www.jojoenherbe.com\/wp-content\/uploads\/2022\/09\/Selection-Septembre-2022-scaled.jpg?fit=1200%2C906&ssl=1&resize=1050%2C600 3x"},"classes":[]},{"id":24412,"url":"https:\/\/www.jojoenherbe.com\/index.php\/2022\/04\/01\/notre-mois-bloguesque-de-mars-2022\/","url_meta":{"origin":24398,"position":5},"title":"Notre mois bloguesque de mars 2022","author":"Jojo","date":"1 avril 2022","format":false,"excerpt":"Apr\u00e8s un mois de f\u00e9vrier qui s\u2019est termin\u00e9 avec un RAT gourmand et indien organis\u00e9 par Hilde, Blandine, Bidib et Fondant du 25 au 27 f\u00e9vrier 2022, c'\u00e9tait mars 2022, mois de transition entre la fin de l\u2019hiver et le d\u00e9but du printemps. Il y a ainsi eu le retour\u2026","rel":"","context":"Dans &quot;Mini blogueur&quot;","block_context":{"text":"Mini blogueur","link":"https:\/\/www.jojoenherbe.com\/index.php\/category\/mini-blogueur\/"},"img":{"alt_text":"","src":"https:\/\/i0.wp.com\/www.jojoenherbe.com\/wp-content\/uploads\/2022\/03\/Selection-mars-2022-scaled.jpg?fit=1200%2C775&ssl=1&resize=350%2C200","width":350,"height":200,"srcset":"https:\/\/i0.wp.com\/www.jojoenherbe.com\/wp-content\/uploads\/2022\/03\/Selection-mars-2022-scaled.jpg?fit=1200%2C775&ssl=1&resize=350%2C200 1x, https:\/\/i0.wp.com\/www.jojoenherbe.com\/wp-content\/uploads\/2022\/03\/Selection-mars-2022-scaled.jpg?fit=1200%2C775&ssl=1&resize=525%2C300 1.5x, https:\/\/i0.wp.com\/www.jojoenherbe.com\/wp-content\/uploads\/2022\/03\/Selection-mars-2022-scaled.jpg?fit=1200%2C775&ssl=1&resize=700%2C400 2x, https:\/\/i0.wp.com\/www.jojoenherbe.com\/wp-content\/uploads\/2022\/03\/Selection-mars-2022-scaled.jpg?fit=1200%2C775&ssl=1&resize=1050%2C600 3x"},"classes":[]}],"_links":{"self":[{"href":"https:\/\/www.jojoenherbe.com\/index.php\/wp-json\/wp\/v2\/posts\/24398","targetHints":{"allow":["GET"]}}],"collection":[{"href":"https:\/\/www.jojoenherbe.com\/index.php\/wp-json\/wp\/v2\/posts"}],"about":[{"href":"https:\/\/www.jojoenherbe.com\/index.php\/wp-json\/wp\/v2\/types\/post"}],"author":[{"embeddable":true,"href":"https:\/\/www.jojoenherbe.com\/index.php\/wp-json\/wp\/v2\/users\/1"}],"replies":[{"embeddable":true,"href":"https:\/\/www.jojoenherbe.com\/index.php\/wp-json\/wp\/v2\/comments?post=24398"}],"version-history":[{"count":17,"href":"https:\/\/www.jojoenherbe.com\/index.php\/wp-json\/wp\/v2\/posts\/24398\/revisions"}],"predecessor-version":[{"id":27251,"href":"https:\/\/www.jojoenherbe.com\/index.php\/wp-json\/wp\/v2\/posts\/24398\/revisions\/27251"}],"wp:featuredmedia":[{"embeddable":true,"href":"https:\/\/www.jojoenherbe.com\/index.php\/wp-json\/wp\/v2\/media\/24400"}],"wp:attachment":[{"href":"https:\/\/www.jojoenherbe.com\/index.php\/wp-json\/wp\/v2\/media?parent=24398"}],"wp:term":[{"taxonomy":"category","embeddable":true,"href":"https:\/\/www.jojoenherbe.com\/index.php\/wp-json\/wp\/v2\/categories?post=24398"},{"taxonomy":"post_tag","embeddable":true,"href":"https:\/\/www.jojoenherbe.com\/index.php\/wp-json\/wp\/v2\/tags?post=24398"}],"curies":[{"name":"wp","href":"https:\/\/api.w.org\/{rel}","templated":true}]}}