{"id":23936,"date":"2022-02-14T13:00:11","date_gmt":"2022-02-14T12:00:11","guid":{"rendered":"https:\/\/www.jojoenherbe.com\/?p=23936"},"modified":"2022-02-14T13:00:11","modified_gmt":"2022-02-14T12:00:11","slug":"au-fil-des-pages-avec-cest-un-secret","status":"publish","type":"post","link":"https:\/\/www.jojoenherbe.com\/index.php\/2022\/02\/14\/au-fil-des-pages-avec-cest-un-secret\/","title":{"rendered":"Au fil des pages avec C&rsquo;est un secret!"},"content":{"rendered":"<p style=\"text-align: justify;\"><em><a href=\"https:\/\/i0.wp.com\/www.jojoenherbe.com\/wp-content\/uploads\/2022\/02\/Cest-un-secret-3-scaled.jpg\"><img data-recalc-dims=\"1\" loading=\"lazy\" decoding=\"async\" data-attachment-id=\"23940\" data-permalink=\"https:\/\/www.jojoenherbe.com\/index.php\/2022\/02\/14\/au-fil-des-pages-avec-cest-un-secret\/cest-un-secret-3\/\" data-orig-file=\"https:\/\/i0.wp.com\/www.jojoenherbe.com\/wp-content\/uploads\/2022\/02\/Cest-un-secret-3-scaled.jpg?fit=2560%2C1560&amp;ssl=1\" data-orig-size=\"2560,1560\" data-comments-opened=\"1\" data-image-meta=\"{&quot;aperture&quot;:&quot;1.8&quot;,&quot;credit&quot;:&quot;&quot;,&quot;camera&quot;:&quot;iPhone 7&quot;,&quot;caption&quot;:&quot;&quot;,&quot;created_timestamp&quot;:&quot;1617195053&quot;,&quot;copyright&quot;:&quot;&quot;,&quot;focal_length&quot;:&quot;3.99&quot;,&quot;iso&quot;:&quot;100&quot;,&quot;shutter_speed&quot;:&quot;0.090909090909091&quot;,&quot;title&quot;:&quot;&quot;,&quot;orientation&quot;:&quot;1&quot;}\" data-image-title=\"C&amp;rsquo;est un secret! 3\" data-image-description=\"\" data-image-caption=\"\" data-large-file=\"https:\/\/i0.wp.com\/www.jojoenherbe.com\/wp-content\/uploads\/2022\/02\/Cest-un-secret-3-scaled.jpg?fit=676%2C412&amp;ssl=1\" class=\"alignleft size-thumbnail wp-image-23940\" src=\"https:\/\/i0.wp.com\/www.jojoenherbe.com\/wp-content\/uploads\/2022\/02\/Cest-un-secret-3.jpg?resize=150%2C150\" alt=\"\" width=\"150\" height=\"150\" srcset=\"https:\/\/i0.wp.com\/www.jojoenherbe.com\/wp-content\/uploads\/2022\/02\/Cest-un-secret-3-scaled.jpg?resize=150%2C150&amp;ssl=1 150w, https:\/\/i0.wp.com\/www.jojoenherbe.com\/wp-content\/uploads\/2022\/02\/Cest-un-secret-3-scaled.jpg?zoom=2&amp;resize=150%2C150 300w, https:\/\/i0.wp.com\/www.jojoenherbe.com\/wp-content\/uploads\/2022\/02\/Cest-un-secret-3-scaled.jpg?zoom=3&amp;resize=150%2C150 450w\" sizes=\"auto, (max-width: 150px) 100vw, 150px\" \/><\/a> <a href=\"https:\/\/i0.wp.com\/www.jojoenherbe.com\/wp-content\/uploads\/2022\/02\/Cest-un-secret-5-scaled.jpg\"><img data-recalc-dims=\"1\" loading=\"lazy\" decoding=\"async\" data-attachment-id=\"23942\" data-permalink=\"https:\/\/www.jojoenherbe.com\/index.php\/2022\/02\/14\/au-fil-des-pages-avec-cest-un-secret\/cest-un-secret-5\/\" data-orig-file=\"https:\/\/i0.wp.com\/www.jojoenherbe.com\/wp-content\/uploads\/2022\/02\/Cest-un-secret-5-scaled.jpg?fit=2560%2C1461&amp;ssl=1\" data-orig-size=\"2560,1461\" data-comments-opened=\"1\" data-image-meta=\"{&quot;aperture&quot;:&quot;1.8&quot;,&quot;credit&quot;:&quot;&quot;,&quot;camera&quot;:&quot;iPhone 7&quot;,&quot;caption&quot;:&quot;&quot;,&quot;created_timestamp&quot;:&quot;1617195098&quot;,&quot;copyright&quot;:&quot;&quot;,&quot;focal_length&quot;:&quot;3.99&quot;,&quot;iso&quot;:&quot;100&quot;,&quot;shutter_speed&quot;:&quot;0.11111111111111&quot;,&quot;title&quot;:&quot;&quot;,&quot;orientation&quot;:&quot;1&quot;}\" data-image-title=\"C&amp;rsquo;est un secret! 5\" data-image-description=\"\" data-image-caption=\"\" data-large-file=\"https:\/\/i0.wp.com\/www.jojoenherbe.com\/wp-content\/uploads\/2022\/02\/Cest-un-secret-5-scaled.jpg?fit=676%2C386&amp;ssl=1\" class=\"alignleft size-thumbnail wp-image-23942\" src=\"https:\/\/i0.wp.com\/www.jojoenherbe.com\/wp-content\/uploads\/2022\/02\/Cest-un-secret-5.jpg?resize=150%2C150\" alt=\"\" width=\"150\" height=\"150\" srcset=\"https:\/\/i0.wp.com\/www.jojoenherbe.com\/wp-content\/uploads\/2022\/02\/Cest-un-secret-5-scaled.jpg?resize=150%2C150&amp;ssl=1 150w, https:\/\/i0.wp.com\/www.jojoenherbe.com\/wp-content\/uploads\/2022\/02\/Cest-un-secret-5-scaled.jpg?zoom=2&amp;resize=150%2C150 300w, https:\/\/i0.wp.com\/www.jojoenherbe.com\/wp-content\/uploads\/2022\/02\/Cest-un-secret-5-scaled.jpg?zoom=3&amp;resize=150%2C150 450w\" sizes=\"auto, (max-width: 150px) 100vw, 150px\" \/><\/a> Nous avons lu <span style=\"text-decoration: underline;\">C&rsquo;est un secret!<\/span> de Ren\u00e9 Gouichoux et Marc Boutavant (\u00e9d. Nathan Jeunesse, 2012), un album jeunesse \u00e0 partir de 3\/4 ans. Canard est secr\u00e8tement amoureux de Canette. Il confie ce secret \u00e0 Oie. Mais bient\u00f4t, toute la basse-cour est au courant, m\u00eame Canette. Canard restera-t-il vex\u00e9 et honteux que cette derni\u00e8re ait d\u00e9couvert son secret?<\/em><\/p>\n<p style=\"text-align: justify;\"><em>L&rsquo;histoire est toute mignonne avec ce secret bien difficile \u00e0 garder, chaque animal ayant bien du mal \u00e0 tenir sa langue. Les illustrations de Marc Boutavant dont on reconna\u00eet le coup de crayon sont color\u00e9es et apportent une touche rigolote \u00e0 cette histoire qui fera \u00e9cho chez les jeunes lecteurs. Un bon moment de lecture avec cet album jeunesse joliment illustr\u00e9 dans un d\u00e9cor hivernal et qui pourra \u00eatre lu \u00e0 la Saint-Valentin!<\/em><\/p>\n<div style=\"width: 127px\" class=\"wp-caption alignleft\"><img loading=\"lazy\" decoding=\"async\" src=\"https:\/\/lh3.googleusercontent.com\/pw\/AM-JKLW-8Xy9BIRqinPzrRBz2J2pSlRnlFIwPEKmmv1zpAf3DZoC0nJGqVPx8b0ycvPVte06hr4gaDsphFfyIzipAAW1MPEwEpWUpvmIVdN6H4fs8knOaKBdlyDoMp3hCYeWKD_2Ax2fVRZYrtgs4qzmpYdYpQ=w285-h217-no?authuser=1\" alt=\"\" width=\"117\" height=\"89\" \/><p class=\"wp-caption-text\">Challenge Petit Bac d\u2019<a href=\"https:\/\/ennalit.wordpress.com\/2021\/12\/01\/challenge-petit-bac-2022-qui-veut-jouer\/\">Enna<\/a> #2 Cat\u00e9gorie Verbe: \u00ab est \u00bb<\/p><\/div>\n<div style=\"width: 134px\" class=\"wp-caption alignleft\"><img loading=\"lazy\" decoding=\"async\" src=\"https:\/\/i2.wp.com\/mapetitemediatheque.fr\/wp-content\/uploads\/2021\/11\/Inkedle-tour-du-monde-en-80-livres-2_LI.jpg?resize=168%2C127&amp;ssl=1\" alt=\"\" width=\"124\" height=\"94\" \/><p class=\"wp-caption-text\">Participation #11 Challenge Le tour du monde en 80 livres de <a href=\"https:\/\/mapetitemediatheque.fr\/2021\/12\/le-tour-du-monde-en-80-livres-le-challenge-qui-vous-fait-aimer-la-litterature-etrangere\/\">Bidib<\/a> #France<\/p><\/div>\n","protected":false},"excerpt":{"rendered":"<p>Nous avons lu C&rsquo;est un secret! de Ren\u00e9 Gouichoux et Marc Boutavant (\u00e9d. Nathan Jeunesse, 2012), un album jeunesse \u00e0 partir de 3\/4 ans. Canard est secr\u00e8tement amoureux de Canette. Il confie ce secret \u00e0 Oie. Mais bient\u00f4t, toute la basse-cour est au courant, m\u00eame Canette. Canard restera-t-il vex\u00e9 et honteux que cette derni\u00e8re ait [&hellip;]<\/p>\n","protected":false},"author":1,"featured_media":23944,"comment_status":"open","ping_status":"open","sticky":false,"template":"","format":"standard","meta":{"jetpack_post_was_ever_published":false,"_jetpack_newsletter_access":"","_jetpack_dont_email_post_to_subs":false,"_jetpack_newsletter_tier_id":0,"_jetpack_memberships_contains_paywalled_content":false,"_jetpack_memberships_contains_paid_content":false,"footnotes":""},"categories":[363],"tags":[785,409,777,478,3004,472,2915,1468,365,2918,367,1005,369,3003,1100],"class_list":["post-23936","post","type-post","status-publish","format-standard","has-post-thumbnail","hentry","category-mini-lecteur","tag-3-6-ans","tag-albums-jeunesse","tag-amour","tag-animaux-de-la-ferme","tag-basse-cour","tag-canard","tag-challenge-petit-bac-2022","tag-ferme","tag-hiver","tag-le-tour-du-monde-en-80-livres-2022","tag-lecture-jeunesse","tag-marc-boutavant","tag-neige","tag-rene-gouichoux","tag-secret","post-preview"],"jetpack_featured_media_url":"https:\/\/i0.wp.com\/www.jojoenherbe.com\/wp-content\/uploads\/2022\/02\/Cest-un-secret-scaled.jpg?fit=2560%2C2275&ssl=1","jetpack_sharing_enabled":true,"jetpack_shortlink":"https:\/\/wp.me\/p9zhGx-6e4","jetpack_likes_enabled":true,"jetpack-related-posts":[{"id":23503,"url":"https:\/\/www.jojoenherbe.com\/index.php\/2022\/01\/26\/pause-lecture-dis-ours\/","url_meta":{"origin":23936,"position":0},"title":"Pause lecture: Dis Ours","author":"Jojo","date":"26 janvier 2022","format":false,"excerpt":"Avec ce billet, j'ai envie de revenir sur une s\u00e9rie d'albums jeunesse que nous appr\u00e9cions beaucoup et que nous relisons tr\u00e8s r\u00e9guli\u00e8rement comme hier soir: les quatre histoires du duo rigolo de voisins, Ours et Canard imagin\u00e9 par Jory John et Benji Davies et qui se construisent sur le m\u00eame\u2026","rel":"","context":"Dans &quot;Mini lecteur&quot;","block_context":{"text":"Mini lecteur","link":"https:\/\/www.jojoenherbe.com\/index.php\/category\/mini-lecteur\/"},"img":{"alt_text":"","src":"https:\/\/i0.wp.com\/www.jojoenherbe.com\/wp-content\/uploads\/2019\/11\/Dis-Ours-scaled.jpg?fit=1200%2C911&ssl=1&resize=350%2C200","width":350,"height":200,"srcset":"https:\/\/i0.wp.com\/www.jojoenherbe.com\/wp-content\/uploads\/2019\/11\/Dis-Ours-scaled.jpg?fit=1200%2C911&ssl=1&resize=350%2C200 1x, https:\/\/i0.wp.com\/www.jojoenherbe.com\/wp-content\/uploads\/2019\/11\/Dis-Ours-scaled.jpg?fit=1200%2C911&ssl=1&resize=525%2C300 1.5x, https:\/\/i0.wp.com\/www.jojoenherbe.com\/wp-content\/uploads\/2019\/11\/Dis-Ours-scaled.jpg?fit=1200%2C911&ssl=1&resize=700%2C400 2x, https:\/\/i0.wp.com\/www.jojoenherbe.com\/wp-content\/uploads\/2019\/11\/Dis-Ours-scaled.jpg?fit=1200%2C911&ssl=1&resize=1050%2C600 3x"},"classes":[]},{"id":8569,"url":"https:\/\/www.jojoenherbe.com\/index.php\/2019\/11\/24\/au-fil-des-pages-avec-dis-ours-tu-sors\/","url_meta":{"origin":23936,"position":1},"title":"Au fil des pages avec Dis Ours, tu sors?","author":"Jojo","date":"24 novembre 2019","format":false,"excerpt":"Nous empruntons \u00e0 la biblioth\u00e8que Dis Ours, tu sors? de Jory John et Benji Davies (\u00e9d. Little Urban, 2019), un album jeunesse \u00e0 partir de 3 ans. Dans ce quatri\u00e8me tome des aventures de Canard et d'Ours, Canard est tout enthousiaste en d\u00e9couvrant que la neige est tomb\u00e9e. Il se\u2026","rel":"","context":"Dans &quot;Mini lecteur&quot;","block_context":{"text":"Mini lecteur","link":"https:\/\/www.jojoenherbe.com\/index.php\/category\/mini-lecteur\/"},"img":{"alt_text":"","src":"https:\/\/i0.wp.com\/www.jojoenherbe.com\/wp-content\/uploads\/2019\/11\/Dis-Ours-tu-sors-5-scaled.jpg?fit=1200%2C925&ssl=1&resize=350%2C200","width":350,"height":200,"srcset":"https:\/\/i0.wp.com\/www.jojoenherbe.com\/wp-content\/uploads\/2019\/11\/Dis-Ours-tu-sors-5-scaled.jpg?fit=1200%2C925&ssl=1&resize=350%2C200 1x, https:\/\/i0.wp.com\/www.jojoenherbe.com\/wp-content\/uploads\/2019\/11\/Dis-Ours-tu-sors-5-scaled.jpg?fit=1200%2C925&ssl=1&resize=525%2C300 1.5x, https:\/\/i0.wp.com\/www.jojoenherbe.com\/wp-content\/uploads\/2019\/11\/Dis-Ours-tu-sors-5-scaled.jpg?fit=1200%2C925&ssl=1&resize=700%2C400 2x, https:\/\/i0.wp.com\/www.jojoenherbe.com\/wp-content\/uploads\/2019\/11\/Dis-Ours-tu-sors-5-scaled.jpg?fit=1200%2C925&ssl=1&resize=1050%2C600 3x"},"classes":[]},{"id":13983,"url":"https:\/\/www.jojoenherbe.com\/index.php\/2020\/11\/19\/au-fil-des-pages-avec-edmond-et-ses-amis-la-piece-secrete\/","url_meta":{"origin":23936,"position":2},"title":"Au fil des pages avec Edmond et ses amis, La pi\u00e8ce secr\u00e8te","author":"Jojo","date":"19 novembre 2020","format":false,"excerpt":"Nous lisons et relisons en ce moment la derni\u00e8re histoire parue d'Edmond et ses amis, La pi\u00e8ce secr\u00e8te d\u2019Astrid Desbordes et Marc Boutavant (\u00e9d. Nathan, 2020), un album jeunesse \u00e0 partir de 4 ans. En plein pr\u00e9paratif du concert des oiseaux et alors que le vent souffle dehors, Edmond l\u2019\u00e9cureuil\u2026","rel":"","context":"Dans &quot;Mini lecteur&quot;","block_context":{"text":"Mini lecteur","link":"https:\/\/www.jojoenherbe.com\/index.php\/category\/mini-lecteur\/"},"img":{"alt_text":"","src":"https:\/\/i0.wp.com\/www.jojoenherbe.com\/wp-content\/uploads\/2020\/11\/Edmond-et-ses-amis-La-piece-secrete-4-scaled.jpg?fit=1200%2C900&ssl=1&resize=350%2C200","width":350,"height":200,"srcset":"https:\/\/i0.wp.com\/www.jojoenherbe.com\/wp-content\/uploads\/2020\/11\/Edmond-et-ses-amis-La-piece-secrete-4-scaled.jpg?fit=1200%2C900&ssl=1&resize=350%2C200 1x, https:\/\/i0.wp.com\/www.jojoenherbe.com\/wp-content\/uploads\/2020\/11\/Edmond-et-ses-amis-La-piece-secrete-4-scaled.jpg?fit=1200%2C900&ssl=1&resize=525%2C300 1.5x, https:\/\/i0.wp.com\/www.jojoenherbe.com\/wp-content\/uploads\/2020\/11\/Edmond-et-ses-amis-La-piece-secrete-4-scaled.jpg?fit=1200%2C900&ssl=1&resize=700%2C400 2x, https:\/\/i0.wp.com\/www.jojoenherbe.com\/wp-content\/uploads\/2020\/11\/Edmond-et-ses-amis-La-piece-secrete-4-scaled.jpg?fit=1200%2C900&ssl=1&resize=1050%2C600 3x"},"classes":[]},{"id":11124,"url":"https:\/\/www.jojoenherbe.com\/index.php\/2020\/06\/03\/au-fil-des-pages-avec-dis-ours-tu-dors\/","url_meta":{"origin":23936,"position":3},"title":"Au fil des pages avec Dis Ours, tu dors?","author":"Jojo","date":"3 juin 2020","format":false,"excerpt":"Nous relisons ce soir Dis Ours, tu dors? de Jory John et Benji Davies (\u00e9d. Little Urban, 2017, r\u00e9\u00e9d. 2019), un album jeunesse \u00e0 partir de 3 ans. Il s'agit d'une histoire hilarante et dynamique avec un de nos duos pr\u00e9f\u00e9r\u00e9s: Canard - surexcit\u00e9 voire un brin \u00e9nervant\/\u00e9puisant et Ours\u2026","rel":"","context":"Dans &quot;Mini lecteur&quot;","block_context":{"text":"Mini lecteur","link":"https:\/\/www.jojoenherbe.com\/index.php\/category\/mini-lecteur\/"},"img":{"alt_text":"","src":"https:\/\/i0.wp.com\/www.jojoenherbe.com\/wp-content\/uploads\/2020\/06\/Dis-Ours-tu-dors-scaled.jpg?fit=1048%2C1200&ssl=1&resize=350%2C200","width":350,"height":200,"srcset":"https:\/\/i0.wp.com\/www.jojoenherbe.com\/wp-content\/uploads\/2020\/06\/Dis-Ours-tu-dors-scaled.jpg?fit=1048%2C1200&ssl=1&resize=350%2C200 1x, https:\/\/i0.wp.com\/www.jojoenherbe.com\/wp-content\/uploads\/2020\/06\/Dis-Ours-tu-dors-scaled.jpg?fit=1048%2C1200&ssl=1&resize=525%2C300 1.5x, https:\/\/i0.wp.com\/www.jojoenherbe.com\/wp-content\/uploads\/2020\/06\/Dis-Ours-tu-dors-scaled.jpg?fit=1048%2C1200&ssl=1&resize=700%2C400 2x"},"classes":[]},{"id":30068,"url":"https:\/\/www.jojoenherbe.com\/index.php\/2023\/03\/03\/au-fil-des-pages-avec-je-ne-suis-pas-une-pieuvre\/","url_meta":{"origin":23936,"position":4},"title":"Au fil des pages avec Je ne suis pas une pieuvre","author":"Jojo","date":"3 mars 2023","format":false,"excerpt":"Nous lisons et relisons Je ne suis pas une pieuvre d\u2019Eoin McLaughlin et Marc Boutavant (\u00e9d. Nathan, 2022, 40 pages), un album jeunesse \u00e0 partir de 4 ans.\u00a0 Ayant peur de l'eau, Sacha est une pieuvre qui refuse de croire qu'il en est une. Mais il est pourtant d\u00e9cid\u00e9 \u00e0\u2026","rel":"","context":"Dans &quot;Mini lecteur&quot;","block_context":{"text":"Mini lecteur","link":"https:\/\/www.jojoenherbe.com\/index.php\/category\/mini-lecteur\/"},"img":{"alt_text":"","src":"https:\/\/i0.wp.com\/www.jojoenherbe.com\/wp-content\/uploads\/2023\/03\/Je-ne-suis-pas-une-pieuvre-scaled.jpg?fit=1200%2C1017&ssl=1&resize=350%2C200","width":350,"height":200,"srcset":"https:\/\/i0.wp.com\/www.jojoenherbe.com\/wp-content\/uploads\/2023\/03\/Je-ne-suis-pas-une-pieuvre-scaled.jpg?fit=1200%2C1017&ssl=1&resize=350%2C200 1x, https:\/\/i0.wp.com\/www.jojoenherbe.com\/wp-content\/uploads\/2023\/03\/Je-ne-suis-pas-une-pieuvre-scaled.jpg?fit=1200%2C1017&ssl=1&resize=525%2C300 1.5x, https:\/\/i0.wp.com\/www.jojoenherbe.com\/wp-content\/uploads\/2023\/03\/Je-ne-suis-pas-une-pieuvre-scaled.jpg?fit=1200%2C1017&ssl=1&resize=700%2C400 2x, https:\/\/i0.wp.com\/www.jojoenherbe.com\/wp-content\/uploads\/2023\/03\/Je-ne-suis-pas-une-pieuvre-scaled.jpg?fit=1200%2C1017&ssl=1&resize=1050%2C600 3x"},"classes":[]},{"id":19352,"url":"https:\/\/www.jojoenherbe.com\/index.php\/2021\/06\/24\/nos-lectures-estivales-2021\/","url_meta":{"origin":23936,"position":5},"title":"Nos lectures estivales 2021","author":"Jojo","date":"24 juin 2021","format":false,"excerpt":"En ce 21 juin 2021 qui dit F\u00eate de la Musique et aussi \u00c9t\u00e9, nous remettons en avant de nos biblioth\u00e8ques les lectures estivales. Il y a bien s\u00fbr des histoires d\u00e9j\u00e0 les ann\u00e9es pr\u00e9c\u00e9dentes, d'autres que nous avons d\u00e9couvertes \u00e0 la m\u00e9diath\u00e8que avant qu'elles rejoignent ou non nos biblioth\u00e8ques\u2026","rel":"","context":"Dans &quot;Mini lecteur&quot;","block_context":{"text":"Mini lecteur","link":"https:\/\/www.jojoenherbe.com\/index.php\/category\/mini-lecteur\/"},"img":{"alt_text":"","src":"https:\/\/i0.wp.com\/www.jojoenherbe.com\/wp-content\/uploads\/2021\/06\/lectures-Ete-scaled.jpg?fit=1200%2C854&ssl=1&resize=350%2C200","width":350,"height":200,"srcset":"https:\/\/i0.wp.com\/www.jojoenherbe.com\/wp-content\/uploads\/2021\/06\/lectures-Ete-scaled.jpg?fit=1200%2C854&ssl=1&resize=350%2C200 1x, https:\/\/i0.wp.com\/www.jojoenherbe.com\/wp-content\/uploads\/2021\/06\/lectures-Ete-scaled.jpg?fit=1200%2C854&ssl=1&resize=525%2C300 1.5x, https:\/\/i0.wp.com\/www.jojoenherbe.com\/wp-content\/uploads\/2021\/06\/lectures-Ete-scaled.jpg?fit=1200%2C854&ssl=1&resize=700%2C400 2x, https:\/\/i0.wp.com\/www.jojoenherbe.com\/wp-content\/uploads\/2021\/06\/lectures-Ete-scaled.jpg?fit=1200%2C854&ssl=1&resize=1050%2C600 3x"},"classes":[]}],"_links":{"self":[{"href":"https:\/\/www.jojoenherbe.com\/index.php\/wp-json\/wp\/v2\/posts\/23936","targetHints":{"allow":["GET"]}}],"collection":[{"href":"https:\/\/www.jojoenherbe.com\/index.php\/wp-json\/wp\/v2\/posts"}],"about":[{"href":"https:\/\/www.jojoenherbe.com\/index.php\/wp-json\/wp\/v2\/types\/post"}],"author":[{"embeddable":true,"href":"https:\/\/www.jojoenherbe.com\/index.php\/wp-json\/wp\/v2\/users\/1"}],"replies":[{"embeddable":true,"href":"https:\/\/www.jojoenherbe.com\/index.php\/wp-json\/wp\/v2\/comments?post=23936"}],"version-history":[{"count":0,"href":"https:\/\/www.jojoenherbe.com\/index.php\/wp-json\/wp\/v2\/posts\/23936\/revisions"}],"wp:featuredmedia":[{"embeddable":true,"href":"https:\/\/www.jojoenherbe.com\/index.php\/wp-json\/wp\/v2\/media\/23944"}],"wp:attachment":[{"href":"https:\/\/www.jojoenherbe.com\/index.php\/wp-json\/wp\/v2\/media?parent=23936"}],"wp:term":[{"taxonomy":"category","embeddable":true,"href":"https:\/\/www.jojoenherbe.com\/index.php\/wp-json\/wp\/v2\/categories?post=23936"},{"taxonomy":"post_tag","embeddable":true,"href":"https:\/\/www.jojoenherbe.com\/index.php\/wp-json\/wp\/v2\/tags?post=23936"}],"curies":[{"name":"wp","href":"https:\/\/api.w.org\/{rel}","templated":true}]}}