{"id":23884,"date":"2022-02-04T15:42:24","date_gmt":"2022-02-04T14:42:24","guid":{"rendered":"https:\/\/www.jojoenherbe.com\/?p=23884"},"modified":"2022-02-04T15:42:24","modified_gmt":"2022-02-04T14:42:24","slug":"au-fil-des-pages-avec-kiki-fait-des-crepes","status":"publish","type":"post","link":"https:\/\/www.jojoenherbe.com\/index.php\/2022\/02\/04\/au-fil-des-pages-avec-kiki-fait-des-crepes\/","title":{"rendered":"Au fil des pages avec Kiki fait des cr\u00eapes"},"content":{"rendered":"<p style=\"text-align: justify;\"><em><a href=\"https:\/\/i0.wp.com\/www.jojoenherbe.com\/wp-content\/uploads\/2022\/02\/Kiki-fait-des-crepes-2-scaled.jpg\"><img data-recalc-dims=\"1\" loading=\"lazy\" decoding=\"async\" data-attachment-id=\"23889\" data-permalink=\"https:\/\/www.jojoenherbe.com\/index.php\/2022\/02\/04\/au-fil-des-pages-avec-kiki-fait-des-crepes\/kiki-fait-des-crepes-2\/\" data-orig-file=\"https:\/\/i0.wp.com\/www.jojoenherbe.com\/wp-content\/uploads\/2022\/02\/Kiki-fait-des-crepes-2-scaled.jpg?fit=2560%2C1920&amp;ssl=1\" data-orig-size=\"2560,1920\" data-comments-opened=\"1\" data-image-meta=\"{&quot;aperture&quot;:&quot;1.8&quot;,&quot;credit&quot;:&quot;&quot;,&quot;camera&quot;:&quot;iPhone 7&quot;,&quot;caption&quot;:&quot;&quot;,&quot;created_timestamp&quot;:&quot;1643986938&quot;,&quot;copyright&quot;:&quot;&quot;,&quot;focal_length&quot;:&quot;3.99&quot;,&quot;iso&quot;:&quot;40&quot;,&quot;shutter_speed&quot;:&quot;0.04&quot;,&quot;title&quot;:&quot;&quot;,&quot;orientation&quot;:&quot;1&quot;}\" data-image-title=\"Kiki fait des cr\u00eapes 2\" data-image-description=\"\" data-image-caption=\"\" data-large-file=\"https:\/\/i0.wp.com\/www.jojoenherbe.com\/wp-content\/uploads\/2022\/02\/Kiki-fait-des-crepes-2-scaled.jpg?fit=676%2C507&amp;ssl=1\" class=\"alignleft size-thumbnail wp-image-23889\" src=\"https:\/\/i0.wp.com\/www.jojoenherbe.com\/wp-content\/uploads\/2022\/02\/Kiki-fait-des-crepes-2.jpg?resize=150%2C150\" alt=\"\" width=\"150\" height=\"150\" srcset=\"https:\/\/i0.wp.com\/www.jojoenherbe.com\/wp-content\/uploads\/2022\/02\/Kiki-fait-des-crepes-2-scaled.jpg?resize=150%2C150&amp;ssl=1 150w, https:\/\/i0.wp.com\/www.jojoenherbe.com\/wp-content\/uploads\/2022\/02\/Kiki-fait-des-crepes-2-scaled.jpg?zoom=2&amp;resize=150%2C150 300w, https:\/\/i0.wp.com\/www.jojoenherbe.com\/wp-content\/uploads\/2022\/02\/Kiki-fait-des-crepes-2-scaled.jpg?zoom=3&amp;resize=150%2C150 450w\" sizes=\"auto, (max-width: 150px) 100vw, 150px\" \/><\/a> <a href=\"https:\/\/i0.wp.com\/www.jojoenherbe.com\/wp-content\/uploads\/2022\/02\/Kiki-fait-des-crepes-3-scaled.jpg\"><img data-recalc-dims=\"1\" loading=\"lazy\" decoding=\"async\" data-attachment-id=\"23886\" data-permalink=\"https:\/\/www.jojoenherbe.com\/index.php\/2022\/02\/04\/au-fil-des-pages-avec-kiki-fait-des-crepes\/kiki-fait-des-crepes-3\/\" data-orig-file=\"https:\/\/i0.wp.com\/www.jojoenherbe.com\/wp-content\/uploads\/2022\/02\/Kiki-fait-des-crepes-3-scaled.jpg?fit=2560%2C1920&amp;ssl=1\" data-orig-size=\"2560,1920\" data-comments-opened=\"1\" data-image-meta=\"{&quot;aperture&quot;:&quot;1.8&quot;,&quot;credit&quot;:&quot;&quot;,&quot;camera&quot;:&quot;iPhone 7&quot;,&quot;caption&quot;:&quot;&quot;,&quot;created_timestamp&quot;:&quot;1643986955&quot;,&quot;copyright&quot;:&quot;&quot;,&quot;focal_length&quot;:&quot;3.99&quot;,&quot;iso&quot;:&quot;32&quot;,&quot;shutter_speed&quot;:&quot;0.05&quot;,&quot;title&quot;:&quot;&quot;,&quot;orientation&quot;:&quot;1&quot;}\" data-image-title=\"Kiki fait des cr\u00eapes 3\" data-image-description=\"\" data-image-caption=\"\" data-large-file=\"https:\/\/i0.wp.com\/www.jojoenherbe.com\/wp-content\/uploads\/2022\/02\/Kiki-fait-des-crepes-3-scaled.jpg?fit=676%2C507&amp;ssl=1\" class=\"alignleft size-thumbnail wp-image-23886\" src=\"https:\/\/i0.wp.com\/www.jojoenherbe.com\/wp-content\/uploads\/2022\/02\/Kiki-fait-des-crepes-3.jpg?resize=150%2C150\" alt=\"\" width=\"150\" height=\"150\" srcset=\"https:\/\/i0.wp.com\/www.jojoenherbe.com\/wp-content\/uploads\/2022\/02\/Kiki-fait-des-crepes-3-scaled.jpg?resize=150%2C150&amp;ssl=1 150w, https:\/\/i0.wp.com\/www.jojoenherbe.com\/wp-content\/uploads\/2022\/02\/Kiki-fait-des-crepes-3-scaled.jpg?zoom=2&amp;resize=150%2C150 300w, https:\/\/i0.wp.com\/www.jojoenherbe.com\/wp-content\/uploads\/2022\/02\/Kiki-fait-des-crepes-3-scaled.jpg?zoom=3&amp;resize=150%2C150 450w\" sizes=\"auto, (max-width: 150px) 100vw, 150px\" \/><\/a>Dans la s\u00e9rie livresque <span style=\"text-decoration: underline;\">Kiki, King de la banquise<\/span>, nous relisons cette ann\u00e9e pour la chandeleur <span style=\"text-decoration: underline;\">Kiki fait des cr\u00eapes<\/span> de Vincent Malone et Jean-Louis Cornalba (\u00e9d. Seuil Jeunesse, 2015), un album jeunesse \u00e0 partir de 3\/4 ans. Kiki organise une cr\u00eape party chez lui et a invit\u00e9 ses camarades de classe. Il pr\u00e9pare les cr\u00eapes avec sa m\u00e8re. Mais tout se complique au moment de les faire sauter. O\u00f9 disparaissent les cr\u00eapes?<\/em><\/p>\n<p style=\"text-align: justify;\"><em><a href=\"https:\/\/i0.wp.com\/www.jojoenherbe.com\/wp-content\/uploads\/2022\/02\/Kiki-fait-des-crepes-4-scaled.jpg\"><img data-recalc-dims=\"1\" loading=\"lazy\" decoding=\"async\" data-attachment-id=\"23887\" data-permalink=\"https:\/\/www.jojoenherbe.com\/index.php\/2022\/02\/04\/au-fil-des-pages-avec-kiki-fait-des-crepes\/kiki-fait-des-crepes-4\/\" data-orig-file=\"https:\/\/i0.wp.com\/www.jojoenherbe.com\/wp-content\/uploads\/2022\/02\/Kiki-fait-des-crepes-4-scaled.jpg?fit=2560%2C1873&amp;ssl=1\" data-orig-size=\"2560,1873\" data-comments-opened=\"1\" data-image-meta=\"{&quot;aperture&quot;:&quot;1.8&quot;,&quot;credit&quot;:&quot;&quot;,&quot;camera&quot;:&quot;iPhone 7&quot;,&quot;caption&quot;:&quot;&quot;,&quot;created_timestamp&quot;:&quot;1643986977&quot;,&quot;copyright&quot;:&quot;&quot;,&quot;focal_length&quot;:&quot;3.99&quot;,&quot;iso&quot;:&quot;40&quot;,&quot;shutter_speed&quot;:&quot;0.058823529411765&quot;,&quot;title&quot;:&quot;&quot;,&quot;orientation&quot;:&quot;1&quot;}\" data-image-title=\"Kiki fait des cr\u00eapes 4\" data-image-description=\"\" data-image-caption=\"\" data-large-file=\"https:\/\/i0.wp.com\/www.jojoenherbe.com\/wp-content\/uploads\/2022\/02\/Kiki-fait-des-crepes-4-scaled.jpg?fit=676%2C494&amp;ssl=1\" class=\"size-thumbnail wp-image-23887 alignright\" src=\"https:\/\/i0.wp.com\/www.jojoenherbe.com\/wp-content\/uploads\/2022\/02\/Kiki-fait-des-crepes-4.jpg?resize=150%2C150\" alt=\"\" width=\"150\" height=\"150\" srcset=\"https:\/\/i0.wp.com\/www.jojoenherbe.com\/wp-content\/uploads\/2022\/02\/Kiki-fait-des-crepes-4-scaled.jpg?resize=150%2C150&amp;ssl=1 150w, https:\/\/i0.wp.com\/www.jojoenherbe.com\/wp-content\/uploads\/2022\/02\/Kiki-fait-des-crepes-4-scaled.jpg?zoom=2&amp;resize=150%2C150 300w, https:\/\/i0.wp.com\/www.jojoenherbe.com\/wp-content\/uploads\/2022\/02\/Kiki-fait-des-crepes-4-scaled.jpg?zoom=3&amp;resize=150%2C150 450w\" sizes=\"auto, (max-width: 150px) 100vw, 150px\" \/><\/a>L&rsquo;histoire est rigolote, avec un double texte, celui &#8211; en haut &#8211; de Kiki et sa m\u00e8re et celui &#8211; en bas &#8211; des animaux sous-marins de la banquise. Un tr\u00e8s bon moment de lecture qui plaira sans doute plus aux parents qu&rsquo;aux jeunes enfants au vu de l&rsquo;humour compl\u00e8tement loufoque et d\u00e9jant\u00e9!<\/em><\/p>\n<div style=\"width: 143px\" class=\"wp-caption alignleft\"><img loading=\"lazy\" decoding=\"async\" src=\"https:\/\/i0.wp.com\/mapetitemediatheque.fr\/wp-content\/uploads\/2021\/12\/des-livres-en-cusine.png?resize=182%2C131&amp;ssl=1\" alt=\"\" data-recalc-dims=\"1\" width=\"133\" height=\"96\"><p class=\"wp-caption-text\">Participation #5 Challenge Des livres (et des \u00e9crans) en cuisine 2022 de <a href=\"https:\/\/mapetitemediatheque.fr\/2021\/12\/des-livres-et-des-ecrans-en-cuisine-2022\/\">Bidib<\/a> et <a href=\"http:\/\/croquerlespages.canalblog.com\/archives\/2021\/12\/21\/39242322.html\">Fondant<\/a> #Menu complet (Dessert (sucr\u00e9)\/Cr\u00eapes)<\/p><\/div>\n<div style=\"width: 129px\" class=\"wp-caption alignleft\"><img loading=\"lazy\" decoding=\"async\" class=\"\" src=\"https:\/\/lh3.googleusercontent.com\/pw\/AM-JKLW-8Xy9BIRqinPzrRBz2J2pSlRnlFIwPEKmmv1zpAf3DZoC0nJGqVPx8b0ycvPVte06hr4gaDsphFfyIzipAAW1MPEwEpWUpvmIVdN6H4fs8knOaKBdlyDoMp3hCYeWKD_2Ax2fVRZYrtgs4qzmpYdYpQ=w285-h217-no?authuser=1\" alt=\"\" width=\"119\" height=\"90\"><p class=\"wp-caption-text\">Challenge Petit Bac d\u2019<a href=\"https:\/\/ennalit.wordpress.com\/2021\/12\/01\/challenge-petit-bac-2022-qui-veut-jouer\/\">Enna<\/a> #1 Cat\u00e9gorie Verbe: \u00ab Fait \u00bb<\/p><\/div>\n<div style=\"width: 134px\" class=\"wp-caption alignleft\"><img loading=\"lazy\" decoding=\"async\" src=\"https:\/\/i2.wp.com\/mapetitemediatheque.fr\/wp-content\/uploads\/2021\/11\/Inkedle-tour-du-monde-en-80-livres-2_LI.jpg?resize=168%2C127&amp;ssl=1\" alt=\"\" width=\"124\" height=\"94\"><p class=\"wp-caption-text\">Participation #9 Challenge Le tour du monde en 80 livres de <a href=\"https:\/\/mapetitemediatheque.fr\/2021\/12\/le-tour-du-monde-en-80-livres-le-challenge-qui-vous-fait-aimer-la-litterature-etrangere\/\">Bidib<\/a> #France<\/p><\/div>\n","protected":false},"excerpt":{"rendered":"<p>Dans la s\u00e9rie livresque Kiki, King de la banquise, nous relisons cette ann\u00e9e pour la chandeleur Kiki fait des cr\u00eapes de Vincent Malone et Jean-Louis Cornalba (\u00e9d. Seuil Jeunesse, 2015), un album jeunesse \u00e0 partir de 3\/4 ans. Kiki organise une cr\u00eape party chez lui et a invit\u00e9 ses camarades de classe. Il pr\u00e9pare les [&hellip;]<\/p>\n","protected":false},"author":1,"featured_media":23888,"comment_status":"open","ping_status":"open","sticky":false,"template":"","format":"standard","meta":{"jetpack_post_was_ever_published":false,"_jetpack_newsletter_access":"","_jetpack_dont_email_post_to_subs":false,"_jetpack_newsletter_tier_id":0,"_jetpack_memberships_contains_paywalled_content":false,"_jetpack_memberships_contains_paid_content":false,"footnotes":""},"categories":[363],"tags":[785,409,898,387,1234,2915,397,2917,990,538,2997,2995,2918,346,2996],"class_list":["post-23884","post","type-post","status-publish","format-standard","has-post-thumbnail","hentry","category-mini-lecteur","tag-3-6-ans","tag-albums-jeunesse","tag-animaux-de-la-banquise","tag-banquise","tag-carnaval","tag-challenge-petit-bac-2022","tag-crepes","tag-des-livres-et-des-ecrans-en-cuisine-2022","tag-gouter","tag-humour","tag-jean-louis-cornalba","tag-kiki-king-de-la-banquise","tag-le-tour-du-monde-en-80-livres-2022","tag-pingouin","tag-vincent-malone","post-preview"],"jetpack_featured_media_url":"https:\/\/i0.wp.com\/www.jojoenherbe.com\/wp-content\/uploads\/2022\/02\/Kiki-fait-des-crepes-scaled.jpg?fit=2560%2C1944&ssl=1","jetpack_sharing_enabled":true,"jetpack_shortlink":"https:\/\/wp.me\/p9zhGx-6de","jetpack_likes_enabled":true,"jetpack-related-posts":[{"id":15631,"url":"https:\/\/www.jojoenherbe.com\/index.php\/2021\/02\/06\/semaine-5-du-projet-52-2021-pliages\/","url_meta":{"origin":23884,"position":0},"title":"Semaine 5 du Projet 52-2021: Pliage(s)","author":"Jojo","date":"6 f\u00e9vrier 2021","format":false,"excerpt":"Pour la semaine 5 du Projet 52-2021 de Du c\u00f4t\u00e9 de chez Ma', le th\u00e8me est \"Pliage(s)\". Voici une photo de nos activit\u00e9s \"cr\u00eapes party\", la Chandeleur ayant eu lieu ce mardi. C'est vrai qu'au d\u00e9part le th\u00e8me de la semaine m'a fait penser aux origamis mais j'en avais d\u00e9j\u00e0\u2026","rel":"","context":"Dans &quot;mini photographe&quot;","block_context":{"text":"mini photographe","link":"https:\/\/www.jojoenherbe.com\/index.php\/category\/mini-photographe\/"},"img":{"alt_text":"","src":"https:\/\/i0.wp.com\/www.jojoenherbe.com\/wp-content\/uploads\/2021\/02\/activites-crepes-scaled.jpg?fit=1200%2C773&ssl=1&resize=350%2C200","width":350,"height":200,"srcset":"https:\/\/i0.wp.com\/www.jojoenherbe.com\/wp-content\/uploads\/2021\/02\/activites-crepes-scaled.jpg?fit=1200%2C773&ssl=1&resize=350%2C200 1x, https:\/\/i0.wp.com\/www.jojoenherbe.com\/wp-content\/uploads\/2021\/02\/activites-crepes-scaled.jpg?fit=1200%2C773&ssl=1&resize=525%2C300 1.5x, https:\/\/i0.wp.com\/www.jojoenherbe.com\/wp-content\/uploads\/2021\/02\/activites-crepes-scaled.jpg?fit=1200%2C773&ssl=1&resize=700%2C400 2x, https:\/\/i0.wp.com\/www.jojoenherbe.com\/wp-content\/uploads\/2021\/02\/activites-crepes-scaled.jpg?fit=1200%2C773&ssl=1&resize=1050%2C600 3x"},"classes":[]},{"id":23603,"url":"https:\/\/www.jojoenherbe.com\/index.php\/2022\/01\/31\/billet-suivi-des-livres-et-des-ecrans-en-cuisine-2022\/","url_meta":{"origin":23884,"position":1},"title":"Billet suivi: Des livres (et des \u00e9crans) en cuisine 2022","author":"Jojo","date":"31 janvier 2022","format":false,"excerpt":"Pour cette nouvelle \u00e9dition du challenge Des livres (et des \u00e9crans) en cuisine, Bidib et Fondant ont pr\u00e9vu un d\u00e9fi gourmand \u00e0 savoir le Menu complet (un ap\u00e9ritif,un plat (sal\u00e9), un l\u00e9gume, un dessert (sucr\u00e9) et une boisson chaude). Pour accomplir la mission, il faut valider 5 titres diff\u00e9rents, un\u2026","rel":"","context":"Dans &quot;Mini challenger&quot;","block_context":{"text":"Mini challenger","link":"https:\/\/www.jojoenherbe.com\/index.php\/category\/mini-challenger\/"},"img":{"alt_text":"","src":"https:\/\/i0.wp.com\/mapetitemediatheque.fr\/wp-content\/uploads\/2021\/12\/logomenu-300x215.jpg?resize=350%2C200","width":350,"height":200},"classes":[]},{"id":30463,"url":"https:\/\/www.jojoenherbe.com\/index.php\/2023\/04\/01\/au-fil-des-pages-avec-avril-le-poisson-rouge\/","url_meta":{"origin":23884,"position":2},"title":"Au fil des pages avec Avril le poisson rouge","author":"Jojo","date":"1 avril 2023","format":false,"excerpt":"En ce 1er avril 2023, nous lisons Avril le poisson rouge de Marjolaine Leray (\u00e9d. Actes Sud Junior, 2013, 40 pages), un album jeunesse \u00e0 partir de 5 ans tr\u00e8s rigolo avec les \u00e9tats d\u2019\u00e2me et les pens\u00e9es philosophiques d\u2019Avril, un poisson rouge qui r\u00eave d\u2019\u00e9vasion et de rencontres, bien\u2026","rel":"","context":"Dans &quot;Mini lecteur&quot;","block_context":{"text":"Mini lecteur","link":"https:\/\/www.jojoenherbe.com\/index.php\/category\/mini-lecteur\/"},"img":{"alt_text":"","src":"https:\/\/i0.wp.com\/www.jojoenherbe.com\/wp-content\/uploads\/2023\/04\/Avril-le-poisson-rouge-scaled.jpg?fit=1200%2C942&ssl=1&resize=350%2C200","width":350,"height":200,"srcset":"https:\/\/i0.wp.com\/www.jojoenherbe.com\/wp-content\/uploads\/2023\/04\/Avril-le-poisson-rouge-scaled.jpg?fit=1200%2C942&ssl=1&resize=350%2C200 1x, https:\/\/i0.wp.com\/www.jojoenherbe.com\/wp-content\/uploads\/2023\/04\/Avril-le-poisson-rouge-scaled.jpg?fit=1200%2C942&ssl=1&resize=525%2C300 1.5x, https:\/\/i0.wp.com\/www.jojoenherbe.com\/wp-content\/uploads\/2023\/04\/Avril-le-poisson-rouge-scaled.jpg?fit=1200%2C942&ssl=1&resize=700%2C400 2x, https:\/\/i0.wp.com\/www.jojoenherbe.com\/wp-content\/uploads\/2023\/04\/Avril-le-poisson-rouge-scaled.jpg?fit=1200%2C942&ssl=1&resize=1050%2C600 3x"},"classes":[]},{"id":29309,"url":"https:\/\/www.jojoenherbe.com\/index.php\/2023\/01\/22\/au-fil-des-pages-avec-un-amour-de-petite-soeur\/","url_meta":{"origin":23884,"position":3},"title":"Au fil des pages avec Un amour de petite s\u0153ur","author":"Jojo","date":"22 janvier 2023","format":false,"excerpt":"Pendant les vacances de No\u00ebl, nous avons lu Un amour de petite s\u0153ur de Jean-Baptiste Baronian et Noris Kern (\u00e9d. Gallimard Jeunesse, 2005), un album jeunesse \u00e0 partir de 3 ans. En pleine hibernation, Valentine se r\u00e9veille pour poursuivre un oiseau, son grand fr\u00e8re Polo veillant sur elle. En chemin,\u2026","rel":"","context":"Dans &quot;Mini lecteur&quot;","block_context":{"text":"Mini lecteur","link":"https:\/\/www.jojoenherbe.com\/index.php\/category\/mini-lecteur\/"},"img":{"alt_text":"","src":"https:\/\/i0.wp.com\/www.jojoenherbe.com\/wp-content\/uploads\/2023\/01\/Un-amour-de-petite-soeur-scaled.jpg?fit=1200%2C904&ssl=1&resize=350%2C200","width":350,"height":200,"srcset":"https:\/\/i0.wp.com\/www.jojoenherbe.com\/wp-content\/uploads\/2023\/01\/Un-amour-de-petite-soeur-scaled.jpg?fit=1200%2C904&ssl=1&resize=350%2C200 1x, https:\/\/i0.wp.com\/www.jojoenherbe.com\/wp-content\/uploads\/2023\/01\/Un-amour-de-petite-soeur-scaled.jpg?fit=1200%2C904&ssl=1&resize=525%2C300 1.5x, https:\/\/i0.wp.com\/www.jojoenherbe.com\/wp-content\/uploads\/2023\/01\/Un-amour-de-petite-soeur-scaled.jpg?fit=1200%2C904&ssl=1&resize=700%2C400 2x, https:\/\/i0.wp.com\/www.jojoenherbe.com\/wp-content\/uploads\/2023\/01\/Un-amour-de-petite-soeur-scaled.jpg?fit=1200%2C904&ssl=1&resize=1050%2C600 3x"},"classes":[]},{"id":5369,"url":"https:\/\/www.jojoenherbe.com\/index.php\/2019\/04\/02\/au-fil-des-pages-avec-banquise-blues\/","url_meta":{"origin":23884,"position":4},"title":"Au fil des pages avec Banquise blues","author":"Jojo","date":"2 avril 2019","format":false,"excerpt":"Un vrai petit r\u00e9gal que Banquise Blues de Jory John et Lane Smith (\u00e9d. Gallimard Jeunesse, 2018), un album jeunesse \u00e0 partir de 3 ans et qui a fait partie de la s\u00e9lection CP du 31e Prix des Incos en 2020. Nous lisons cet album jeunesse avec beaucoup de rire\u2026","rel":"","context":"Dans &quot;Mini lecteur&quot;","block_context":{"text":"Mini lecteur","link":"https:\/\/www.jojoenherbe.com\/index.php\/category\/mini-lecteur\/"},"img":{"alt_text":"","src":"https:\/\/i0.wp.com\/www.jojoenherbe.com\/wp-content\/uploads\/2019\/04\/Banquise-Blues-1-scaled.jpg?fit=1200%2C900&ssl=1&resize=350%2C200","width":350,"height":200,"srcset":"https:\/\/i0.wp.com\/www.jojoenherbe.com\/wp-content\/uploads\/2019\/04\/Banquise-Blues-1-scaled.jpg?fit=1200%2C900&ssl=1&resize=350%2C200 1x, https:\/\/i0.wp.com\/www.jojoenherbe.com\/wp-content\/uploads\/2019\/04\/Banquise-Blues-1-scaled.jpg?fit=1200%2C900&ssl=1&resize=525%2C300 1.5x, https:\/\/i0.wp.com\/www.jojoenherbe.com\/wp-content\/uploads\/2019\/04\/Banquise-Blues-1-scaled.jpg?fit=1200%2C900&ssl=1&resize=700%2C400 2x, https:\/\/i0.wp.com\/www.jojoenherbe.com\/wp-content\/uploads\/2019\/04\/Banquise-Blues-1-scaled.jpg?fit=1200%2C900&ssl=1&resize=1050%2C600 3x"},"classes":[]},{"id":7956,"url":"https:\/\/www.jojoenherbe.com\/index.php\/2019\/10\/10\/au-fil-des-pages-avec-alors-ca-mord\/","url_meta":{"origin":23884,"position":5},"title":"Au fil des pages avec Alors, \u00e7a mord?","author":"Jojo","date":"10 octobre 2019","format":false,"excerpt":"Nous empruntons \u00e0 la biblioth\u00e8que Alors, \u00e7a mord? de Jean Gourounas (\u00e9d. L'atelier du poisson soluble, 2016), un album jeunesse \u00e0 partir de 3 ans totalement loufoque, surr\u00e9aliste et qui n'est surtout pas un manuel de p\u00eache. Il fait d'ailleurs partie d'une s\u00e9rie avec les m\u00eames personnages: Elle est bonne?\u2026","rel":"","context":"Dans &quot;Mini lecteur&quot;","block_context":{"text":"Mini lecteur","link":"https:\/\/www.jojoenherbe.com\/index.php\/category\/mini-lecteur\/"},"img":{"alt_text":"","src":"https:\/\/i0.wp.com\/www.jojoenherbe.com\/wp-content\/uploads\/2019\/10\/Alors-ca-mord-scaled.jpg?fit=1200%2C900&ssl=1&resize=350%2C200","width":350,"height":200,"srcset":"https:\/\/i0.wp.com\/www.jojoenherbe.com\/wp-content\/uploads\/2019\/10\/Alors-ca-mord-scaled.jpg?fit=1200%2C900&ssl=1&resize=350%2C200 1x, https:\/\/i0.wp.com\/www.jojoenherbe.com\/wp-content\/uploads\/2019\/10\/Alors-ca-mord-scaled.jpg?fit=1200%2C900&ssl=1&resize=525%2C300 1.5x, https:\/\/i0.wp.com\/www.jojoenherbe.com\/wp-content\/uploads\/2019\/10\/Alors-ca-mord-scaled.jpg?fit=1200%2C900&ssl=1&resize=700%2C400 2x, https:\/\/i0.wp.com\/www.jojoenherbe.com\/wp-content\/uploads\/2019\/10\/Alors-ca-mord-scaled.jpg?fit=1200%2C900&ssl=1&resize=1050%2C600 3x"},"classes":[]}],"_links":{"self":[{"href":"https:\/\/www.jojoenherbe.com\/index.php\/wp-json\/wp\/v2\/posts\/23884","targetHints":{"allow":["GET"]}}],"collection":[{"href":"https:\/\/www.jojoenherbe.com\/index.php\/wp-json\/wp\/v2\/posts"}],"about":[{"href":"https:\/\/www.jojoenherbe.com\/index.php\/wp-json\/wp\/v2\/types\/post"}],"author":[{"embeddable":true,"href":"https:\/\/www.jojoenherbe.com\/index.php\/wp-json\/wp\/v2\/users\/1"}],"replies":[{"embeddable":true,"href":"https:\/\/www.jojoenherbe.com\/index.php\/wp-json\/wp\/v2\/comments?post=23884"}],"version-history":[{"count":0,"href":"https:\/\/www.jojoenherbe.com\/index.php\/wp-json\/wp\/v2\/posts\/23884\/revisions"}],"wp:featuredmedia":[{"embeddable":true,"href":"https:\/\/www.jojoenherbe.com\/index.php\/wp-json\/wp\/v2\/media\/23888"}],"wp:attachment":[{"href":"https:\/\/www.jojoenherbe.com\/index.php\/wp-json\/wp\/v2\/media?parent=23884"}],"wp:term":[{"taxonomy":"category","embeddable":true,"href":"https:\/\/www.jojoenherbe.com\/index.php\/wp-json\/wp\/v2\/categories?post=23884"},{"taxonomy":"post_tag","embeddable":true,"href":"https:\/\/www.jojoenherbe.com\/index.php\/wp-json\/wp\/v2\/tags?post=23884"}],"curies":[{"name":"wp","href":"https:\/\/api.w.org\/{rel}","templated":true}]}}