{"id":23862,"date":"2022-02-10T14:06:09","date_gmt":"2022-02-10T13:06:09","guid":{"rendered":"https:\/\/www.jojoenherbe.com\/?p=23862"},"modified":"2022-02-10T14:06:09","modified_gmt":"2022-02-10T13:06:09","slug":"au-fil-des-pages-avec-justine-et-la-pierre-de-feu","status":"publish","type":"post","link":"https:\/\/www.jojoenherbe.com\/index.php\/2022\/02\/10\/au-fil-des-pages-avec-justine-et-la-pierre-de-feu\/","title":{"rendered":"Au fil des pages avec Justine et la pierre de feu"},"content":{"rendered":"<p style=\"text-align: justify;\"><em><a href=\"https:\/\/i0.wp.com\/www.jojoenherbe.com\/wp-content\/uploads\/2022\/02\/Justine-et-la-pierre-de-feu-2-scaled.jpg\"><img data-recalc-dims=\"1\" loading=\"lazy\" decoding=\"async\" data-attachment-id=\"23865\" data-permalink=\"https:\/\/www.jojoenherbe.com\/index.php\/2022\/02\/10\/au-fil-des-pages-avec-justine-et-la-pierre-de-feu\/justine-et-la-pierre-de-feu-2\/\" data-orig-file=\"https:\/\/i0.wp.com\/www.jojoenherbe.com\/wp-content\/uploads\/2022\/02\/Justine-et-la-pierre-de-feu-2-scaled.jpg?fit=2560%2C2261&amp;ssl=1\" data-orig-size=\"2560,2261\" data-comments-opened=\"1\" data-image-meta=\"{&quot;aperture&quot;:&quot;1.8&quot;,&quot;credit&quot;:&quot;&quot;,&quot;camera&quot;:&quot;iPhone 7&quot;,&quot;caption&quot;:&quot;&quot;,&quot;created_timestamp&quot;:&quot;1639653372&quot;,&quot;copyright&quot;:&quot;&quot;,&quot;focal_length&quot;:&quot;3.99&quot;,&quot;iso&quot;:&quot;50&quot;,&quot;shutter_speed&quot;:&quot;0.058823529411765&quot;,&quot;title&quot;:&quot;&quot;,&quot;orientation&quot;:&quot;1&quot;}\" data-image-title=\"Justine et la pierre de feu 2\" data-image-description=\"\" data-image-caption=\"\" data-large-file=\"https:\/\/i0.wp.com\/www.jojoenherbe.com\/wp-content\/uploads\/2022\/02\/Justine-et-la-pierre-de-feu-2-scaled.jpg?fit=676%2C597&amp;ssl=1\" class=\"alignleft size-thumbnail wp-image-23865\" src=\"https:\/\/i0.wp.com\/www.jojoenherbe.com\/wp-content\/uploads\/2022\/02\/Justine-et-la-pierre-de-feu-2.jpg?resize=150%2C150\" alt=\"\" width=\"150\" height=\"150\" srcset=\"https:\/\/i0.wp.com\/www.jojoenherbe.com\/wp-content\/uploads\/2022\/02\/Justine-et-la-pierre-de-feu-2-scaled.jpg?resize=150%2C150&amp;ssl=1 150w, https:\/\/i0.wp.com\/www.jojoenherbe.com\/wp-content\/uploads\/2022\/02\/Justine-et-la-pierre-de-feu-2-scaled.jpg?zoom=2&amp;resize=150%2C150 300w, https:\/\/i0.wp.com\/www.jojoenherbe.com\/wp-content\/uploads\/2022\/02\/Justine-et-la-pierre-de-feu-2-scaled.jpg?zoom=3&amp;resize=150%2C150 450w\" sizes=\"auto, (max-width: 150px) 100vw, 150px\" \/><\/a> <a href=\"https:\/\/i0.wp.com\/www.jojoenherbe.com\/wp-content\/uploads\/2022\/02\/Justine-et-la-pierre-de-feu-3-scaled.jpg\"><img data-recalc-dims=\"1\" loading=\"lazy\" decoding=\"async\" data-attachment-id=\"23866\" data-permalink=\"https:\/\/www.jojoenherbe.com\/index.php\/2022\/02\/10\/au-fil-des-pages-avec-justine-et-la-pierre-de-feu\/justine-et-la-pierre-de-feu-3\/\" data-orig-file=\"https:\/\/i0.wp.com\/www.jojoenherbe.com\/wp-content\/uploads\/2022\/02\/Justine-et-la-pierre-de-feu-3-scaled.jpg?fit=2560%2C1920&amp;ssl=1\" data-orig-size=\"2560,1920\" data-comments-opened=\"1\" data-image-meta=\"{&quot;aperture&quot;:&quot;1.8&quot;,&quot;credit&quot;:&quot;&quot;,&quot;camera&quot;:&quot;iPhone 7&quot;,&quot;caption&quot;:&quot;&quot;,&quot;created_timestamp&quot;:&quot;1639653376&quot;,&quot;copyright&quot;:&quot;&quot;,&quot;focal_length&quot;:&quot;3.99&quot;,&quot;iso&quot;:&quot;64&quot;,&quot;shutter_speed&quot;:&quot;0.058823529411765&quot;,&quot;title&quot;:&quot;&quot;,&quot;orientation&quot;:&quot;1&quot;}\" data-image-title=\"Justine et la pierre de feu 3\" data-image-description=\"\" data-image-caption=\"\" data-large-file=\"https:\/\/i0.wp.com\/www.jojoenherbe.com\/wp-content\/uploads\/2022\/02\/Justine-et-la-pierre-de-feu-3-scaled.jpg?fit=676%2C507&amp;ssl=1\" class=\"alignleft size-thumbnail wp-image-23866\" src=\"https:\/\/i0.wp.com\/www.jojoenherbe.com\/wp-content\/uploads\/2022\/02\/Justine-et-la-pierre-de-feu-3.jpg?resize=150%2C150\" alt=\"\" width=\"150\" height=\"150\" srcset=\"https:\/\/i0.wp.com\/www.jojoenherbe.com\/wp-content\/uploads\/2022\/02\/Justine-et-la-pierre-de-feu-3-scaled.jpg?resize=150%2C150&amp;ssl=1 150w, https:\/\/i0.wp.com\/www.jojoenherbe.com\/wp-content\/uploads\/2022\/02\/Justine-et-la-pierre-de-feu-3-scaled.jpg?zoom=2&amp;resize=150%2C150 300w, https:\/\/i0.wp.com\/www.jojoenherbe.com\/wp-content\/uploads\/2022\/02\/Justine-et-la-pierre-de-feu-3-scaled.jpg?zoom=3&amp;resize=150%2C150 450w\" sizes=\"auto, (max-width: 150px) 100vw, 150px\" \/><\/a>Nous avons lu <span style=\"text-decoration: underline;\">Justine et la pierre de feu<\/span> de Marcus Pfister (\u00e9d. Nord-Sud, 1998), un album jeunesse \u00e0 partir de 4 ans. Justine habite sur une \u00eele avec d&rsquo;autres souris. Un jour, elle d\u00e9couvre une \u00e9trange pierre lumineuse au fond d&rsquo;une crevasse. Les autres souris voudraient \u00e9galement avoir une telle pierre de feu. Quel comportement Justine et les autres souris devront-elles avoir pour continuer \u00e0 vivre sur leur \u00eele?<\/em><\/p>\n<p style=\"text-align: justify;\"><em><a href=\"https:\/\/i0.wp.com\/www.jojoenherbe.com\/wp-content\/uploads\/2022\/02\/Justine-et-la-pierre-de-feu-5-scaled.jpg\"><img data-recalc-dims=\"1\" loading=\"lazy\" decoding=\"async\" data-attachment-id=\"23868\" data-permalink=\"https:\/\/www.jojoenherbe.com\/index.php\/2022\/02\/10\/au-fil-des-pages-avec-justine-et-la-pierre-de-feu\/justine-et-la-pierre-de-feu-5\/\" data-orig-file=\"https:\/\/i0.wp.com\/www.jojoenherbe.com\/wp-content\/uploads\/2022\/02\/Justine-et-la-pierre-de-feu-5-scaled.jpg?fit=2560%2C1920&amp;ssl=1\" data-orig-size=\"2560,1920\" data-comments-opened=\"1\" data-image-meta=\"{&quot;aperture&quot;:&quot;1.8&quot;,&quot;credit&quot;:&quot;&quot;,&quot;camera&quot;:&quot;iPhone 7&quot;,&quot;caption&quot;:&quot;&quot;,&quot;created_timestamp&quot;:&quot;1639653462&quot;,&quot;copyright&quot;:&quot;&quot;,&quot;focal_length&quot;:&quot;3.99&quot;,&quot;iso&quot;:&quot;64&quot;,&quot;shutter_speed&quot;:&quot;0.058823529411765&quot;,&quot;title&quot;:&quot;&quot;,&quot;orientation&quot;:&quot;1&quot;}\" data-image-title=\"Justine et la pierre de feu 5\" data-image-description=\"\" data-image-caption=\"\" data-large-file=\"https:\/\/i0.wp.com\/www.jojoenherbe.com\/wp-content\/uploads\/2022\/02\/Justine-et-la-pierre-de-feu-5-scaled.jpg?fit=676%2C507&amp;ssl=1\" class=\"size-thumbnail wp-image-23868 alignright\" src=\"https:\/\/i0.wp.com\/www.jojoenherbe.com\/wp-content\/uploads\/2022\/02\/Justine-et-la-pierre-de-feu-5.jpg?resize=150%2C150\" alt=\"\" width=\"150\" height=\"150\" srcset=\"https:\/\/i0.wp.com\/www.jojoenherbe.com\/wp-content\/uploads\/2022\/02\/Justine-et-la-pierre-de-feu-5-scaled.jpg?resize=150%2C150&amp;ssl=1 150w, https:\/\/i0.wp.com\/www.jojoenherbe.com\/wp-content\/uploads\/2022\/02\/Justine-et-la-pierre-de-feu-5-scaled.jpg?zoom=2&amp;resize=150%2C150 300w, https:\/\/i0.wp.com\/www.jojoenherbe.com\/wp-content\/uploads\/2022\/02\/Justine-et-la-pierre-de-feu-5-scaled.jpg?zoom=3&amp;resize=150%2C150 450w\" sizes=\"auto, (max-width: 150px) 100vw, 150px\" \/><\/a> <a href=\"https:\/\/i0.wp.com\/www.jojoenherbe.com\/wp-content\/uploads\/2022\/02\/Justine-et-la-pierre-de-feu-4-scaled.jpg\"><img data-recalc-dims=\"1\" loading=\"lazy\" decoding=\"async\" data-attachment-id=\"23867\" data-permalink=\"https:\/\/www.jojoenherbe.com\/index.php\/2022\/02\/10\/au-fil-des-pages-avec-justine-et-la-pierre-de-feu\/justine-et-la-pierre-de-feu-4\/\" data-orig-file=\"https:\/\/i0.wp.com\/www.jojoenherbe.com\/wp-content\/uploads\/2022\/02\/Justine-et-la-pierre-de-feu-4-scaled.jpg?fit=2560%2C1920&amp;ssl=1\" data-orig-size=\"2560,1920\" data-comments-opened=\"1\" data-image-meta=\"{&quot;aperture&quot;:&quot;1.8&quot;,&quot;credit&quot;:&quot;&quot;,&quot;camera&quot;:&quot;iPhone 7&quot;,&quot;caption&quot;:&quot;&quot;,&quot;created_timestamp&quot;:&quot;1639653382&quot;,&quot;copyright&quot;:&quot;&quot;,&quot;focal_length&quot;:&quot;3.99&quot;,&quot;iso&quot;:&quot;64&quot;,&quot;shutter_speed&quot;:&quot;0.058823529411765&quot;,&quot;title&quot;:&quot;&quot;,&quot;orientation&quot;:&quot;1&quot;}\" data-image-title=\"Justine et la pierre de feu 4\" data-image-description=\"\" data-image-caption=\"\" data-large-file=\"https:\/\/i0.wp.com\/www.jojoenherbe.com\/wp-content\/uploads\/2022\/02\/Justine-et-la-pierre-de-feu-4-scaled.jpg?fit=676%2C507&amp;ssl=1\" class=\"size-thumbnail wp-image-23867 alignright\" src=\"https:\/\/i0.wp.com\/www.jojoenherbe.com\/wp-content\/uploads\/2022\/02\/Justine-et-la-pierre-de-feu-4.jpg?resize=150%2C150\" alt=\"\" width=\"150\" height=\"150\" srcset=\"https:\/\/i0.wp.com\/www.jojoenherbe.com\/wp-content\/uploads\/2022\/02\/Justine-et-la-pierre-de-feu-4-scaled.jpg?resize=150%2C150&amp;ssl=1 150w, https:\/\/i0.wp.com\/www.jojoenherbe.com\/wp-content\/uploads\/2022\/02\/Justine-et-la-pierre-de-feu-4-scaled.jpg?zoom=2&amp;resize=150%2C150 300w, https:\/\/i0.wp.com\/www.jojoenherbe.com\/wp-content\/uploads\/2022\/02\/Justine-et-la-pierre-de-feu-4-scaled.jpg?zoom=3&amp;resize=150%2C150 450w\" sizes=\"auto, (max-width: 150px) 100vw, 150px\" \/><\/a>L&rsquo;histoire permet d&rsquo;aborder, avec deux fins alternatives, la protection de l&rsquo;environnement et l&rsquo;\u00e9cologie: une fin heureuse avec l&rsquo;entraide et une consommation \u00e9quilibr\u00e9e des pierres de feu pour survivre plus agr\u00e9ablement \u00e0 l&rsquo;hiver ou au contraire une fin destructrice avec une colonie de souris prises dans la convoitise, la jalousie et l&rsquo;exploitation \u00e0 outrance des pierres de feu. Un bon moment de lecture qui fera r\u00e9fl\u00e9chir les plus jeunes sur l&rsquo;impact que leurs gestes citoyens peuvent avoir pour pr\u00e9server ou non la plan\u00e8te et plus largement de notre rapport \u00e0 la Nature! Nous avions d\u00e9j\u00e0 vu ces th\u00e8mes avec par exemple l&rsquo;histoire de <a href=\"https:\/\/www.jojoenherbe.com\/index.php\/2021\/05\/23\/au-fil-des-pages-avec-norig-et-lor-de-lile\/\"><span style=\"text-decoration: underline;\">Norig et l\u2019or de l\u2019\u00eele<\/span><\/a> de Ghislaine Roman et Sophie Lebot.<br \/>\n<\/em><\/p>\n<div style=\"width: 127px\" class=\"wp-caption alignleft\"><img loading=\"lazy\" decoding=\"async\" src=\"https:\/\/lh3.googleusercontent.com\/pw\/AM-JKLW-8Xy9BIRqinPzrRBz2J2pSlRnlFIwPEKmmv1zpAf3DZoC0nJGqVPx8b0ycvPVte06hr4gaDsphFfyIzipAAW1MPEwEpWUpvmIVdN6H4fs8knOaKBdlyDoMp3hCYeWKD_2Ax2fVRZYrtgs4qzmpYdYpQ=w285-h217-no?authuser=1\" alt=\"\" width=\"117\" height=\"89\" \/><p class=\"wp-caption-text\">Challenge Petit Bac d\u2019<a href=\"https:\/\/ennalit.wordpress.com\/2021\/12\/01\/challenge-petit-bac-2022-qui-veut-jouer\/\">Enna<\/a> #1 Cat\u00e9gorie Pr\u00e9nom: \u00ab Justine \u00bb<\/p><\/div>\n<div style=\"width: 134px\" class=\"wp-caption alignleft\"><img loading=\"lazy\" decoding=\"async\" src=\"https:\/\/i2.wp.com\/mapetitemediatheque.fr\/wp-content\/uploads\/2021\/11\/Inkedle-tour-du-monde-en-80-livres-2_LI.jpg?resize=168%2C127&amp;ssl=1\" alt=\"\" width=\"124\" height=\"94\" \/><p class=\"wp-caption-text\">Participation #10 Challenge Le tour du monde en 80 livres de <a href=\"https:\/\/mapetitemediatheque.fr\/2021\/12\/le-tour-du-monde-en-80-livres-le-challenge-qui-vous-fait-aimer-la-litterature-etrangere\/\">Bidib<\/a> #Suisse<\/p><\/div>\n","protected":false},"excerpt":{"rendered":"<p>Nous avons lu Justine et la pierre de feu de Marcus Pfister (\u00e9d. Nord-Sud, 1998), un album jeunesse \u00e0 partir de 4 ans. Justine habite sur une \u00eele avec d&rsquo;autres souris. Un jour, elle d\u00e9couvre une \u00e9trange pierre lumineuse au fond d&rsquo;une crevasse. Les autres souris voudraient \u00e9galement avoir une telle pierre de feu. Quel [&hellip;]<\/p>\n","protected":false},"author":1,"featured_media":23869,"comment_status":"open","ping_status":"open","sticky":false,"template":"","format":"standard","meta":{"jetpack_post_was_ever_published":false,"_jetpack_newsletter_access":"","_jetpack_dont_email_post_to_subs":false,"_jetpack_newsletter_tier_id":0,"_jetpack_memberships_contains_paywalled_content":false,"_jetpack_memberships_contains_paid_content":false,"footnotes":""},"categories":[363],"tags":[1031,409,2915,2994,1178,765,1676,2918,367,2332,543,495],"class_list":["post-23862","post","type-post","status-publish","format-standard","has-post-thumbnail","hentry","category-mini-lecteur","tag-4-7-ans","tag-albums-jeunesse","tag-challenge-petit-bac-2022","tag-convoitise","tag-ecologie","tag-environnement","tag-ile","tag-le-tour-du-monde-en-80-livres-2022","tag-lecture-jeunesse","tag-marcus-pfister","tag-nature","tag-souris","post-preview"],"jetpack_featured_media_url":"https:\/\/i0.wp.com\/www.jojoenherbe.com\/wp-content\/uploads\/2022\/02\/Justine-et-la-pierre-de-feu-scaled.jpg?fit=2560%2C2402&ssl=1","jetpack_sharing_enabled":true,"jetpack_shortlink":"https:\/\/wp.me\/p9zhGx-6cS","jetpack_likes_enabled":true,"jetpack-related-posts":[{"id":6248,"url":"https:\/\/www.jojoenherbe.com\/index.php\/2019\/06\/07\/des-papillons-en-peinture\/","url_meta":{"origin":23862,"position":0},"title":"Des papillons en peinture","author":"Jojo","date":"7 juin 2019","format":false,"excerpt":"Nous faisons ce matin de la peinture avec comme th\u00e8me des papillons, ce qui nous rappelle notre balade du week-end dernier au Fort de la Rev\u00e8re. Nous faisons des papillons bleues, jaunes, etc rappelant les azur\u00e9s ou les pi\u00e9rides du chou... Nous faisons \u00e9galement des papillons en sym\u00e9trie en ne\u2026","rel":"","context":"Dans &quot;Mini joueur&quot;","block_context":{"text":"Mini joueur","link":"https:\/\/www.jojoenherbe.com\/index.php\/category\/mini-decouvreur\/mini-joueur\/"},"img":{"alt_text":"","src":"https:\/\/i0.wp.com\/www.jojoenherbe.com\/wp-content\/uploads\/2019\/06\/Papillons-en-peinture-2.jpg?fit=1200%2C885&ssl=1&resize=350%2C200","width":350,"height":200,"srcset":"https:\/\/i0.wp.com\/www.jojoenherbe.com\/wp-content\/uploads\/2019\/06\/Papillons-en-peinture-2.jpg?fit=1200%2C885&ssl=1&resize=350%2C200 1x, https:\/\/i0.wp.com\/www.jojoenherbe.com\/wp-content\/uploads\/2019\/06\/Papillons-en-peinture-2.jpg?fit=1200%2C885&ssl=1&resize=525%2C300 1.5x, https:\/\/i0.wp.com\/www.jojoenherbe.com\/wp-content\/uploads\/2019\/06\/Papillons-en-peinture-2.jpg?fit=1200%2C885&ssl=1&resize=700%2C400 2x, https:\/\/i0.wp.com\/www.jojoenherbe.com\/wp-content\/uploads\/2019\/06\/Papillons-en-peinture-2.jpg?fit=1200%2C885&ssl=1&resize=1050%2C600 3x"},"classes":[]},{"id":40809,"url":"https:\/\/www.jojoenherbe.com\/index.php\/2025\/09\/30\/au-fil-des-pages-avec-grimelda-hauchecorne-la-souris-de-salem\/","url_meta":{"origin":23862,"position":1},"title":"Au fil des pages avec Grimelda Hauchecorne, La souris de Salem","author":"Jojo","date":"30 septembre 2025","format":false,"excerpt":"Achet\u00e9 apr\u00e8s avoir succomb\u00e9 \u00e0 l'illustration de couverture et lu \u00e0 sa parution en 2022, ce n'est que cette ann\u00e9e que j'ai relu avec mon mini sorcier Grimelda Hauchecorne, La souris de Salem de Cassandra O'Donnell et Jean-Mathias Xavier (\u00e9d. Flammarion Jeunesse, octobre 2022, 48 pages), un album jeunesse au\u2026","rel":"","context":"Dans &quot;Mini lecteur&quot;","block_context":{"text":"Mini lecteur","link":"https:\/\/www.jojoenherbe.com\/index.php\/category\/mini-lecteur\/"},"img":{"alt_text":"","src":"https:\/\/i0.wp.com\/www.jojoenherbe.com\/wp-content\/uploads\/2025\/09\/Grimelda-Hauchecorne-scaled.jpg?fit=1200%2C814&ssl=1&resize=350%2C200","width":350,"height":200,"srcset":"https:\/\/i0.wp.com\/www.jojoenherbe.com\/wp-content\/uploads\/2025\/09\/Grimelda-Hauchecorne-scaled.jpg?fit=1200%2C814&ssl=1&resize=350%2C200 1x, https:\/\/i0.wp.com\/www.jojoenherbe.com\/wp-content\/uploads\/2025\/09\/Grimelda-Hauchecorne-scaled.jpg?fit=1200%2C814&ssl=1&resize=525%2C300 1.5x, https:\/\/i0.wp.com\/www.jojoenherbe.com\/wp-content\/uploads\/2025\/09\/Grimelda-Hauchecorne-scaled.jpg?fit=1200%2C814&ssl=1&resize=700%2C400 2x, https:\/\/i0.wp.com\/www.jojoenherbe.com\/wp-content\/uploads\/2025\/09\/Grimelda-Hauchecorne-scaled.jpg?fit=1200%2C814&ssl=1&resize=1050%2C600 3x"},"classes":[]},{"id":10163,"url":"https:\/\/www.jojoenherbe.com\/index.php\/2020\/02\/23\/au-fil-des-pages-avec-les-souris-vont-a-la-peche\/","url_meta":{"origin":23862,"position":2},"title":"Au fil des pages avec Les souris vont \u00e0 la p\u00eache","author":"Jojo","date":"23 f\u00e9vrier 2020","format":false,"excerpt":"Apr\u00e8s avoir lu cet \u00e9t\u00e9 Les souris \u00e0 la plage, nous lisons une nouvelle histoire de cette famille Souris qui se d\u00e9roule cette fois en hiver: Les souris vont \u00e0 la p\u00eache de Haruo Yamashita et Kazuo Iwamura (\u00e9d. L'\u00e9cole des loisirs, r\u00e9\u00e9d. 2019), un album jeunesse \u00e0 partir de\u2026","rel":"","context":"Dans &quot;Mini lecteur&quot;","block_context":{"text":"Mini lecteur","link":"https:\/\/www.jojoenherbe.com\/index.php\/category\/mini-lecteur\/"},"img":{"alt_text":"","src":"https:\/\/i0.wp.com\/www.jojoenherbe.com\/wp-content\/uploads\/2020\/02\/Les-souris-vont-%C3%A0-la-p%C3%AAche-scaled.jpg?fit=1200%2C959&ssl=1&resize=350%2C200","width":350,"height":200,"srcset":"https:\/\/i0.wp.com\/www.jojoenherbe.com\/wp-content\/uploads\/2020\/02\/Les-souris-vont-%C3%A0-la-p%C3%AAche-scaled.jpg?fit=1200%2C959&ssl=1&resize=350%2C200 1x, https:\/\/i0.wp.com\/www.jojoenherbe.com\/wp-content\/uploads\/2020\/02\/Les-souris-vont-%C3%A0-la-p%C3%AAche-scaled.jpg?fit=1200%2C959&ssl=1&resize=525%2C300 1.5x, https:\/\/i0.wp.com\/www.jojoenherbe.com\/wp-content\/uploads\/2020\/02\/Les-souris-vont-%C3%A0-la-p%C3%AAche-scaled.jpg?fit=1200%2C959&ssl=1&resize=700%2C400 2x, https:\/\/i0.wp.com\/www.jojoenherbe.com\/wp-content\/uploads\/2020\/02\/Les-souris-vont-%C3%A0-la-p%C3%AAche-scaled.jpg?fit=1200%2C959&ssl=1&resize=1050%2C600 3x"},"classes":[]},{"id":29759,"url":"https:\/\/www.jojoenherbe.com\/index.php\/2023\/02\/14\/au-fil-des-pages-avec-quand-pierrot-cherchait-colombine\/","url_meta":{"origin":23862,"position":3},"title":"Au fil des pages avec Quand Pierrot cherchait Colombine","author":"Jojo","date":"14 f\u00e9vrier 2023","format":false,"excerpt":"Pendant les vacances de f\u00e9vrier 2021, j'avais lu Quand Pierrot cherchait Colombine de Jean-Pierre Spilmont et Capucine Mazille (\u00e9d. Les Portes du monde, 2003), un album jeunesse \u00e0 partir de 8 ans. En hiver \u00e0 Venise, Pierrot part \u00e0 travers la ville \u00e0 la recherche de Colombine dont il est\u2026","rel":"","context":"Dans &quot;Mini lecteur&quot;","block_context":{"text":"Mini lecteur","link":"https:\/\/www.jojoenherbe.com\/index.php\/category\/mini-lecteur\/"},"img":{"alt_text":"","src":"https:\/\/i0.wp.com\/www.jojoenherbe.com\/wp-content\/uploads\/2023\/02\/Quand-Pierrot-cherchait-Colombine-scaled.jpg?fit=1200%2C712&ssl=1&resize=350%2C200","width":350,"height":200,"srcset":"https:\/\/i0.wp.com\/www.jojoenherbe.com\/wp-content\/uploads\/2023\/02\/Quand-Pierrot-cherchait-Colombine-scaled.jpg?fit=1200%2C712&ssl=1&resize=350%2C200 1x, https:\/\/i0.wp.com\/www.jojoenherbe.com\/wp-content\/uploads\/2023\/02\/Quand-Pierrot-cherchait-Colombine-scaled.jpg?fit=1200%2C712&ssl=1&resize=525%2C300 1.5x, https:\/\/i0.wp.com\/www.jojoenherbe.com\/wp-content\/uploads\/2023\/02\/Quand-Pierrot-cherchait-Colombine-scaled.jpg?fit=1200%2C712&ssl=1&resize=700%2C400 2x, https:\/\/i0.wp.com\/www.jojoenherbe.com\/wp-content\/uploads\/2023\/02\/Quand-Pierrot-cherchait-Colombine-scaled.jpg?fit=1200%2C712&ssl=1&resize=1050%2C600 3x"},"classes":[]},{"id":17921,"url":"https:\/\/www.jojoenherbe.com\/index.php\/2021\/04\/27\/au-fil-des-pages-avec-lindbergh-la-fabuleuse-aventure-dune-souris-volante\/","url_meta":{"origin":23862,"position":4},"title":"Au fil des pages avec Lindbergh, La fabuleuse aventure d&rsquo;une souris volante","author":"Jojo","date":"27 avril 2021","format":false,"excerpt":"Nous lisons Lindbergh, La fabuleuse aventure d'une souris volante de Torben Kuhlmann (\u00e9d. NordSud, 2014), un album jeunesse \u00e0 partir de 5 ans et qui a \u00e9t\u00e9 Laur\u00e9at du Prix N\u00e9nuphar de l'Album jeunesse en 2016. Au d\u00e9but du XXe si\u00e8cle, \u00e0 Hambourg, une petite souris tente d'\u00e9chapper aux multiples\u2026","rel":"","context":"Dans &quot;Mini lecteur&quot;","block_context":{"text":"Mini lecteur","link":"https:\/\/www.jojoenherbe.com\/index.php\/category\/mini-lecteur\/"},"img":{"alt_text":"","src":"https:\/\/i0.wp.com\/www.jojoenherbe.com\/wp-content\/uploads\/2021\/04\/Lindbergh-scaled.jpg?fit=1200%2C945&ssl=1&resize=350%2C200","width":350,"height":200,"srcset":"https:\/\/i0.wp.com\/www.jojoenherbe.com\/wp-content\/uploads\/2021\/04\/Lindbergh-scaled.jpg?fit=1200%2C945&ssl=1&resize=350%2C200 1x, https:\/\/i0.wp.com\/www.jojoenherbe.com\/wp-content\/uploads\/2021\/04\/Lindbergh-scaled.jpg?fit=1200%2C945&ssl=1&resize=525%2C300 1.5x, https:\/\/i0.wp.com\/www.jojoenherbe.com\/wp-content\/uploads\/2021\/04\/Lindbergh-scaled.jpg?fit=1200%2C945&ssl=1&resize=700%2C400 2x, https:\/\/i0.wp.com\/www.jojoenherbe.com\/wp-content\/uploads\/2021\/04\/Lindbergh-scaled.jpg?fit=1200%2C945&ssl=1&resize=1050%2C600 3x"},"classes":[]},{"id":27464,"url":"https:\/\/www.jojoenherbe.com\/index.php\/2022\/09\/16\/au-fil-des-pages-avec-le-tome-1-de-lecole-des-souris\/","url_meta":{"origin":23862,"position":5},"title":"Au fil des pages avec le tome 1 de L\u2019\u00c9cole des Souris","author":"Jojo","date":"16 septembre 2022","format":false,"excerpt":"Nous relisons \u00e0 nouveau cette ann\u00e9e le tome 1 de L\u2019\u00c9cole des Souris, Une rentr\u00e9e en cano\u00eb d'Agn\u00e8s Mathieu-Daud\u00e9 et Marc Boutavant (\u00e9d. L'\u00e9cole des loisirs, coll. Mouche, 2018, 47 pages), un roman jeunesse pour les 6\/8 ans. Afin de profiter dans le calme de la compagnie des souris, Elvis\u2026","rel":"","context":"Dans &quot;Mini lecteur&quot;","block_context":{"text":"Mini lecteur","link":"https:\/\/www.jojoenherbe.com\/index.php\/category\/mini-lecteur\/"},"img":{"alt_text":"","src":"https:\/\/i0.wp.com\/www.jojoenherbe.com\/wp-content\/uploads\/2022\/09\/LEcole-des-Souris-T1-scaled.jpg?fit=1200%2C865&ssl=1&resize=350%2C200","width":350,"height":200,"srcset":"https:\/\/i0.wp.com\/www.jojoenherbe.com\/wp-content\/uploads\/2022\/09\/LEcole-des-Souris-T1-scaled.jpg?fit=1200%2C865&ssl=1&resize=350%2C200 1x, https:\/\/i0.wp.com\/www.jojoenherbe.com\/wp-content\/uploads\/2022\/09\/LEcole-des-Souris-T1-scaled.jpg?fit=1200%2C865&ssl=1&resize=525%2C300 1.5x, https:\/\/i0.wp.com\/www.jojoenherbe.com\/wp-content\/uploads\/2022\/09\/LEcole-des-Souris-T1-scaled.jpg?fit=1200%2C865&ssl=1&resize=700%2C400 2x, https:\/\/i0.wp.com\/www.jojoenherbe.com\/wp-content\/uploads\/2022\/09\/LEcole-des-Souris-T1-scaled.jpg?fit=1200%2C865&ssl=1&resize=1050%2C600 3x"},"classes":[]}],"_links":{"self":[{"href":"https:\/\/www.jojoenherbe.com\/index.php\/wp-json\/wp\/v2\/posts\/23862","targetHints":{"allow":["GET"]}}],"collection":[{"href":"https:\/\/www.jojoenherbe.com\/index.php\/wp-json\/wp\/v2\/posts"}],"about":[{"href":"https:\/\/www.jojoenherbe.com\/index.php\/wp-json\/wp\/v2\/types\/post"}],"author":[{"embeddable":true,"href":"https:\/\/www.jojoenherbe.com\/index.php\/wp-json\/wp\/v2\/users\/1"}],"replies":[{"embeddable":true,"href":"https:\/\/www.jojoenherbe.com\/index.php\/wp-json\/wp\/v2\/comments?post=23862"}],"version-history":[{"count":0,"href":"https:\/\/www.jojoenherbe.com\/index.php\/wp-json\/wp\/v2\/posts\/23862\/revisions"}],"wp:featuredmedia":[{"embeddable":true,"href":"https:\/\/www.jojoenherbe.com\/index.php\/wp-json\/wp\/v2\/media\/23869"}],"wp:attachment":[{"href":"https:\/\/www.jojoenherbe.com\/index.php\/wp-json\/wp\/v2\/media?parent=23862"}],"wp:term":[{"taxonomy":"category","embeddable":true,"href":"https:\/\/www.jojoenherbe.com\/index.php\/wp-json\/wp\/v2\/categories?post=23862"},{"taxonomy":"post_tag","embeddable":true,"href":"https:\/\/www.jojoenherbe.com\/index.php\/wp-json\/wp\/v2\/tags?post=23862"}],"curies":[{"name":"wp","href":"https:\/\/api.w.org\/{rel}","templated":true}]}}